{"id":665623,"date":"2026-04-26T15:22:54","date_gmt":"2026-04-26T13:22:54","guid":{"rendered":"https:\/\/dicodusport.fr\/blog\/?p=665623&#038;preview=true&#038;preview_id=665623"},"modified":"2026-04-26T16:26:29","modified_gmt":"2026-04-26T14:26:29","slug":"sebastien-ogier-decroche-sa-premiere-victoire-de-lannee-sur-le-rallye-wrc-des-iles-canaries","status":"publish","type":"post","link":"https:\/\/dicodusport.fr\/blog\/sebastien-ogier-decroche-sa-premiere-victoire-de-lannee-sur-le-rallye-wrc-des-iles-canaries\/","title":{"rendered":"S\u00e9bastien Ogier d\u00e9croche sa premi\u00e8re victoire de l&rsquo;ann\u00e9e sur le Rallye WRC des \u00celes Canaries"},"content":{"rendered":"<p style=\"text-align: justify;\"><strong><em>RALLYE WRC DES \u00ceLES CANARIES 2026 &#8211; S\u00e9bastien Ogier (Toyota) a pleinement profit\u00e9 de l&rsquo;abandon d&rsquo;Oliver Solberg (Toyota) pour faire le plein de points ce dimanche.<\/em><\/strong><\/p>\n<ul style=\"text-align: justify;\">\n<li><strong>\u00c0 lire aussi \u2013\u00a0<a href=\"https:\/\/dicodusport.fr\/blog\/rallye-des-iles-canaries-2026-programme-horaires-et-resultats-des-speciales\/\">Rallye des \u00celes Canaries 2026 : Programme, Horaires et R\u00e9sultats des sp\u00e9ciales<\/a><\/strong><em><br \/>\n<\/em><\/li>\n<\/ul>\n<p style=\"text-align: justify;\">Comme depuis le d\u00e9but de la saison, le <strong>WRC<\/strong> a d\u00e9livr\u00e9 un final inattendu ce dimanche au <strong>Rallye des \u00celes Canaries<\/strong>. Alors que depuis le d\u00e9but de l&rsquo;\u00e9preuve tous les pilotes du plateau avaient pu lutter avec leurs forces sans \u00eatre perturb\u00e9s, le classement a \u00e9t\u00e9 boulevers\u00e9.<\/p>\n<h2>Oliver Solberg part \u00e0 la faute, S\u00e9bastien Ogier fait le plein<\/h2>\n<p style=\"text-align: justify;\">En d\u00e9but de journ\u00e9e, le suspense pour la victoire \u00e9tait encore total, <strong>S\u00e9bastien Ogier<\/strong> (Toyota) poss\u00e9dant moins de 4 secondes d&rsquo;avance sur <strong>Oliver Solberg<\/strong> (Toyota). Ce duel au sommet s&rsquo;est m\u00eame resserr\u00e9 \u00e0 l&rsquo;issue des deux premi\u00e8res sp\u00e9ciales du jour, au bout desquelles le Su\u00e9dois \u00e9tait revenu \u00e0 2 petites secondes.<\/p>\n<p style=\"text-align: justify;\">Mais alors qu&rsquo;il \u00e9tait en capacit\u00e9 d&rsquo;aller chercher Ogier, il est retomb\u00e9 dans ses travers. Comme en Croatie, un virage pris avec trop d&rsquo;optimisme l&rsquo;a conduit \u00e0 frapper durement une barri\u00e8re. R\u00e9sultat, la roue avant droite arrach\u00e9e, et un<strong> abandon synonyme de 0 point\u00e9<\/strong> !<\/p>\n<p style=\"text-align: justify;\">Disposant d&rsquo;un boulevard, <strong>S\u00e9bastien Ogier<\/strong> a alors capitalis\u00e9 \u00e0 fond sur cet abandon qui lui a offert sur un plateau sa 68\u00e8me victoire en carri\u00e8re. Plus en retenue sur la Powerstage, il cumule malgr\u00e9 tout un total de <strong>32 points<\/strong> ce weekend.<\/p>\n<blockquote class=\"twitter-tweet\">\n<p dir=\"ltr\" lang=\"en\">WINNERS OF RALLY ISLAS CANARIAS! \ud83c\udfc6<a href=\"https:\/\/twitter.com\/SebOgier?ref_src=twsrc%5Etfw\">@SebOgier<\/a> and <a href=\"https:\/\/twitter.com\/vinzzlandais?ref_src=twsrc%5Etfw\">@vinzzlandais<\/a> take victory in a 1-2-3-4 finish after a thrilling intra-team battle \ud83d\udc4f<a href=\"https:\/\/twitter.com\/hashtag\/ToyotaGAZOORacing?src=hash&amp;ref_src=twsrc%5Etfw\">#ToyotaGAZOORacing<\/a> <a href=\"https:\/\/twitter.com\/hashtag\/GRYaris?src=hash&amp;ref_src=twsrc%5Etfw\">#GRYaris<\/a> <a href=\"https:\/\/twitter.com\/hashtag\/WRC?src=hash&amp;ref_src=twsrc%5Etfw\">#WRC<\/a> <a href=\"https:\/\/twitter.com\/hashtag\/RallyIslasCanarias?src=hash&amp;ref_src=twsrc%5Etfw\">#RallyIslasCanarias<\/a> \ud83c\uddee\ud83c\udde8 <a href=\"https:\/\/t.co\/tGkTohtseo\">pic.twitter.com\/tGkTohtseo<\/a><\/p>\n<p>\u2014 TOYOTA GAZOO Racing WRT (@TGR_WRC) <a href=\"https:\/\/twitter.com\/TGR_WRC\/status\/2048389277520740411?ref_src=twsrc%5Etfw\">April 26, 2026<\/a><\/p><\/blockquote>\n<p><script async src=\"https:\/\/platform.twitter.com\/widgets.js\" charset=\"utf-8\"><\/script><\/p>\n<h2 style=\"text-align: justify;\">4\u00e8me podium cons\u00e9cutif pour Pajari, Top 5 pour Fourmaux<\/h2>\n<p style=\"text-align: justify;\">De son c\u00f4t\u00e9, <strong>Elfyn Evans<\/strong> (Toyota) r\u00e9alise une bonne op\u00e9ration en accrochant la 2\u00e8me place, tout en empochant les 10 points du jour. Le Gallois reprend m\u00eame la t\u00eate du classement mondial pour deux petits points \u00e9tant donn\u00e9 que<strong> Takamoto Katsuta<\/strong> (Toyota) n&rsquo;a pu faire mieux que 4\u00e8me. D\u00e9j\u00e0 auteur de trois podiums cons\u00e9cutifs,<strong> Sami Pajari<\/strong> (Toyota) poursuit sa s\u00e9rie en h\u00e9ritant de la 3\u00e8me place.<\/p>\n<p style=\"text-align: justify;\">Ces r\u00e9sultats b\u00e9n\u00e9ficient ainsi \u00e0<strong> S\u00e9bastien Ogier<\/strong>, qui revient d\u00e9j\u00e0 \u00e0 <strong>43\u00a0points de la 1\u00e8re place<\/strong>, alors qu&rsquo;il en comptait 55 \u00e0 l&rsquo;aube du Rallye.<\/p>\n<ul style=\"text-align: justify;\">\n<li><strong>\u00c0 ce sujet \u2013\u00a0<a href=\"https:\/\/dicodusport.fr\/blog\/rallye-des-iles-canaries-2026-classement-general-en-direct\/\">Rallye des \u00celes Canaries 2026 \u2013 Classement g\u00e9n\u00e9ral en direct<\/a><\/strong><\/li>\n<\/ul>\n<p>Derri\u00e8re ce quatuor, <strong>Adrien Fourmaux<\/strong> (Hyundai) a capitalis\u00e9 sur sa confortable avance pour s\u00e9curiser une inesp\u00e9r\u00e9e 5\u00e8me place, devant ses co\u00e9quipiers <strong>Thierry Neuville <\/strong>et <strong>Dani Sordo<\/strong>. Si le Fran\u00e7ais n&rsquo;a pas pu viser mieux, il a tout de m\u00eame montr\u00e9 une belle habilet\u00e9 pour mener le trio Hyundai ce weekend.<\/p>\n<blockquote class=\"twitter-tweet\">\n<p dir=\"ltr\" lang=\"en\">Where it all went wrong for Solberg \ud83d\ude14 <a href=\"https:\/\/twitter.com\/hashtag\/WRC?src=hash&amp;ref_src=twsrc%5Etfw\">#WRC<\/a> | <a href=\"https:\/\/twitter.com\/hashtag\/RallyIslasCanarias?src=hash&amp;ref_src=twsrc%5Etfw\">#RallyIslasCanarias<\/a> \ud83c\uddea\ud83c\uddf8 <a href=\"https:\/\/t.co\/AdoJUFNiUN\">pic.twitter.com\/AdoJUFNiUN<\/a><\/p>\n<p>\u2014 FIA World Rally Championship (@OfficialWRC) <a href=\"https:\/\/twitter.com\/OfficialWRC\/status\/2048362960762937683?ref_src=twsrc%5Etfw\">April 26, 2026<\/a><\/p><\/blockquote>\n<p><script async src=\"https:\/\/platform.twitter.com\/widgets.js\" charset=\"utf-8\"><\/script><\/p>\n<h2 style=\"text-align: justify;\">Nouveau triomphe pour Yohan Rossel en WRC 2<\/h2>\n<p style=\"text-align: justify;\">En WRC 2, <strong>Yohan Rossel<\/strong> (Lancia) a s\u00e9curis\u00e9 sa victoire sans encombre. Le Fran\u00e7ais s&rsquo;offre donc le doubl\u00e9, 15 jours apr\u00e8s son succ\u00e8s en Croatie. Cette fois, il n&rsquo;y aura en revanche pas de doubl\u00e9 pour la fratrie <strong>Rossel<\/strong> puisque <strong>L\u00e9o<\/strong> (Citro\u00ebn) a perdu son duel avec <strong>Alejandro Cach\u00f3n<\/strong> (Toyota).<\/p>\n<p style=\"text-align: justify;\">Le cadet a souffert d&rsquo;un probl\u00e8me de transmission, au point de r\u00e9trograder au classement (5\u00e8me), et de laisser la 3\u00e8me place \u00e0 son compatriote <strong>\u00c9ric Camilli<\/strong> (Skoda). En cons\u00e9quence, les deux fr\u00e8res Rossel se partagent la 1\u00e8re place du championnat avec 52 points chacun !<\/p>\n<h3 style=\"text-align: justify;\">\u00c0 lire aussi<\/h3>\n<ul>\n<li><a href=\"https:\/\/dicodusport.fr\/blog\/rallye-wrc-2026-le-calendrier-complet\/\"><strong>Rallye WRC 2026 \u2013 Le calendrier complet<\/strong><\/a><\/li>\n<li><strong><a href=\"https:\/\/dicodusport.fr\/blog\/wrc-2026-classement-general-des-pilotes-mis-a-jour\/\">WRC 2026 : classement g\u00e9n\u00e9ral des pilotes mis \u00e0 jour<\/a><\/strong><\/li>\n<\/ul>\n<div id=\"gtx-trans\" style=\"position: absolute; left: -14px; top: 40.9091px;\">\n<div class=\"gtx-trans-icon\"><\/div>\n<\/div>\n","protected":false},"excerpt":{"rendered":"<p>RALLYE WRC DES \u00ceLES CANARIES 2026 &#8211; S\u00e9bastien Ogier (Toyota) a pleinement profit\u00e9 de l&rsquo;abandon d&rsquo;Oliver Solberg (Toyota) pour faire le plein de points ce dimanche.<\/p>\n","protected":false},"author":55,"featured_media":665670,"comment_status":"open","ping_status":"closed","sticky":false,"template":"","format":"standard","meta":{"_acf_changed":false,"_daextam_enable_autolinks":"1","footnotes":""},"categories":[47088],"tags":[16878,3861,2234,2235],"class_list":["post-665623","post","type-post","status-publish","format-standard","has-post-thumbnail","hentry","category-rallye-wrc","tag-breve","tag-rallye-wrc","tag-sebastien-ogier","tag-wrc"],"acf":[],"yoast_head":"<!-- This site is optimized with the Yoast SEO Premium plugin v26.7 (Yoast SEO v26.7) - https:\/\/yoast.com\/wordpress\/plugins\/seo\/ -->\n<title>S\u00e9bastien Ogier d\u00e9croche sa premi\u00e8re victoire de l&#039;ann\u00e9e sur le Rallye WRC des \u00celes Canaries<\/title>\n<meta name=\"description\" content=\"RALLYE WRC DES \u00ceLES CANARIES 2026 - S\u00e9bastien Ogier (Toyota) a pleinement profit\u00e9 de l&#039;abandon d&#039;Oliver Solberg (Toyota) pour faire le plein de points ce dimanche.\" \/>\n<meta name=\"robots\" content=\"index, follow, max-snippet:-1, max-image-preview:large, max-video-preview:-1\" \/>\n<link rel=\"canonical\" href=\"https:\/\/dicodusport.fr\/blog\/sebastien-ogier-decroche-sa-premiere-victoire-de-lannee-sur-le-rallye-wrc-des-iles-canaries\/\" \/>\n<meta property=\"og:locale\" content=\"fr_FR\" \/>\n<meta property=\"og:type\" content=\"article\" \/>\n<meta property=\"og:title\" content=\"S\u00e9bastien Ogier d\u00e9croche sa premi\u00e8re victoire de l&#039;ann\u00e9e sur le Rallye WRC des \u00celes Canaries\" \/>\n<meta property=\"og:description\" content=\"RALLYE WRC DES \u00ceLES CANARIES 2026 - S\u00e9bastien Ogier (Toyota) a pleinement profit\u00e9 de l&#039;abandon d&#039;Oliver Solberg (Toyota) pour faire le plein de points ce dimanche.\" \/>\n<meta property=\"og:url\" content=\"https:\/\/dicodusport.fr\/blog\/sebastien-ogier-decroche-sa-premiere-victoire-de-lannee-sur-le-rallye-wrc-des-iles-canaries\/\" \/>\n<meta property=\"og:site_name\" content=\"Dicodusport\" \/>\n<meta property=\"article:publisher\" content=\"https:\/\/www.facebook.com\/dicodusport\" \/>\n<meta property=\"article:published_time\" content=\"2026-04-26T13:22:54+00:00\" \/>\n<meta property=\"article:modified_time\" content=\"2026-04-26T14:26:29+00:00\" \/>\n<meta property=\"og:image\" content=\"https:\/\/dicodusport.fr\/blog\/wp-content\/uploads\/2026\/04\/Sebastien-Ogier-decroche-sa-premiere-victoire-de-lannee-sur-le-Rallye-WRC-des-Iles-Canaries.png\" \/>\n\t<meta property=\"og:image:width\" content=\"1200\" \/>\n\t<meta property=\"og:image:height\" content=\"674\" \/>\n\t<meta property=\"og:image:type\" content=\"image\/png\" \/>\n<meta name=\"author\" content=\"Maxime Cazenave\" \/>\n<meta name=\"twitter:card\" content=\"summary_large_image\" \/>\n<meta name=\"twitter:title\" content=\"S\u00e9bastien Ogier d\u00e9croche sa premi\u00e8re victoire de l&#039;ann\u00e9e sur le Rallye WRC des \u00celes Canaries\" \/>\n<meta name=\"twitter:creator\" content=\"@https:\/\/twitter.com\/Maxime_Caze\" \/>\n<meta name=\"twitter:site\" content=\"@dicodusport\" \/>\n<script type=\"application\/ld+json\" class=\"yoast-schema-graph\">{\"@context\":\"https:\/\/schema.org\",\"@graph\":[{\"@type\":\"NewsArticle\",\"@id\":\"https:\/\/dicodusport.fr\/blog\/sebastien-ogier-decroche-sa-premiere-victoire-de-lannee-sur-le-rallye-wrc-des-iles-canaries\/#article\",\"isPartOf\":{\"@id\":\"https:\/\/dicodusport.fr\/blog\/sebastien-ogier-decroche-sa-premiere-victoire-de-lannee-sur-le-rallye-wrc-des-iles-canaries\/\"},\"author\":{\"name\":\"Maxime Cazenave\",\"@id\":\"https:\/\/dicodusport.fr\/blog\/#\/schema\/person\/37def232098a7a5cbab3974a3690abb0\"},\"headline\":\"S\u00e9bastien Ogier d\u00e9croche sa premi\u00e8re victoire de l&rsquo;ann\u00e9e sur le Rallye WRC des \u00celes Canaries\",\"datePublished\":\"2026-04-26T13:22:54+00:00\",\"dateModified\":\"2026-04-26T14:26:29+00:00\",\"mainEntityOfPage\":{\"@id\":\"https:\/\/dicodusport.fr\/blog\/sebastien-ogier-decroche-sa-premiere-victoire-de-lannee-sur-le-rallye-wrc-des-iles-canaries\/\"},\"wordCount\":639,\"commentCount\":0,\"publisher\":{\"@id\":\"https:\/\/dicodusport.fr\/blog\/#organization\"},\"image\":{\"@id\":\"https:\/\/dicodusport.fr\/blog\/sebastien-ogier-decroche-sa-premiere-victoire-de-lannee-sur-le-rallye-wrc-des-iles-canaries\/#primaryimage\"},\"thumbnailUrl\":\"https:\/\/dicodusport.fr\/blog\/wp-content\/uploads\/2026\/04\/Sebastien-Ogier-decroche-sa-premiere-victoire-de-lannee-sur-le-Rallye-WRC-des-Iles-Canaries.png\",\"keywords\":[\"br\u00e8ve\",\"Rallye WRC\",\"S\u00e9bastien Ogier\",\"WRC\"],\"articleSection\":[\"Rallye WRC\"],\"inLanguage\":\"fr-FR\",\"potentialAction\":[{\"@type\":\"CommentAction\",\"name\":\"Comment\",\"target\":[\"https:\/\/dicodusport.fr\/blog\/sebastien-ogier-decroche-sa-premiere-victoire-de-lannee-sur-le-rallye-wrc-des-iles-canaries\/#respond\"]}],\"copyrightYear\":\"2026\",\"copyrightHolder\":{\"@id\":\"https:\/\/dicodusport.fr\/blog\/#organization\"}},{\"@type\":\"WebPage\",\"@id\":\"https:\/\/dicodusport.fr\/blog\/sebastien-ogier-decroche-sa-premiere-victoire-de-lannee-sur-le-rallye-wrc-des-iles-canaries\/\",\"url\":\"https:\/\/dicodusport.fr\/blog\/sebastien-ogier-decroche-sa-premiere-victoire-de-lannee-sur-le-rallye-wrc-des-iles-canaries\/\",\"name\":\"S\u00e9bastien Ogier d\u00e9croche sa premi\u00e8re victoire de l'ann\u00e9e sur le Rallye WRC des \u00celes Canaries\",\"isPartOf\":{\"@id\":\"https:\/\/dicodusport.fr\/blog\/#website\"},\"primaryImageOfPage\":{\"@id\":\"https:\/\/dicodusport.fr\/blog\/sebastien-ogier-decroche-sa-premiere-victoire-de-lannee-sur-le-rallye-wrc-des-iles-canaries\/#primaryimage\"},\"image\":{\"@id\":\"https:\/\/dicodusport.fr\/blog\/sebastien-ogier-decroche-sa-premiere-victoire-de-lannee-sur-le-rallye-wrc-des-iles-canaries\/#primaryimage\"},\"thumbnailUrl\":\"https:\/\/dicodusport.fr\/blog\/wp-content\/uploads\/2026\/04\/Sebastien-Ogier-decroche-sa-premiere-victoire-de-lannee-sur-le-Rallye-WRC-des-Iles-Canaries.png\",\"datePublished\":\"2026-04-26T13:22:54+00:00\",\"dateModified\":\"2026-04-26T14:26:29+00:00\",\"description\":\"RALLYE WRC DES \u00ceLES CANARIES 2026 - S\u00e9bastien Ogier (Toyota) a pleinement profit\u00e9 de l'abandon d'Oliver Solberg (Toyota) pour faire le plein de points ce dimanche.\",\"breadcrumb\":{\"@id\":\"https:\/\/dicodusport.fr\/blog\/sebastien-ogier-decroche-sa-premiere-victoire-de-lannee-sur-le-rallye-wrc-des-iles-canaries\/#breadcrumb\"},\"inLanguage\":\"fr-FR\",\"potentialAction\":[{\"@type\":\"ReadAction\",\"target\":[\"https:\/\/dicodusport.fr\/blog\/sebastien-ogier-decroche-sa-premiere-victoire-de-lannee-sur-le-rallye-wrc-des-iles-canaries\/\"]}]},{\"@type\":\"ImageObject\",\"inLanguage\":\"fr-FR\",\"@id\":\"https:\/\/dicodusport.fr\/blog\/sebastien-ogier-decroche-sa-premiere-victoire-de-lannee-sur-le-rallye-wrc-des-iles-canaries\/#primaryimage\",\"url\":\"https:\/\/dicodusport.fr\/blog\/wp-content\/uploads\/2026\/04\/Sebastien-Ogier-decroche-sa-premiere-victoire-de-lannee-sur-le-Rallye-WRC-des-Iles-Canaries.png\",\"contentUrl\":\"https:\/\/dicodusport.fr\/blog\/wp-content\/uploads\/2026\/04\/Sebastien-Ogier-decroche-sa-premiere-victoire-de-lannee-sur-le-Rallye-WRC-des-Iles-Canaries.png\",\"width\":1200,\"height\":674,\"caption\":\"S\u00e9bastien Ogier d\u00e9croche sa premi\u00e8re victoire de l'ann\u00e9e sur le Rallye WRC des \u00celes Canaries\"},{\"@type\":\"BreadcrumbList\",\"@id\":\"https:\/\/dicodusport.fr\/blog\/sebastien-ogier-decroche-sa-premiere-victoire-de-lannee-sur-le-rallye-wrc-des-iles-canaries\/#breadcrumb\",\"itemListElement\":[{\"@type\":\"ListItem\",\"position\":1,\"name\":\"Accueil\",\"item\":\"https:\/\/dicodusport.fr\/blog\/\"},{\"@type\":\"ListItem\",\"position\":2,\"name\":\"S\u00e9bastien Ogier d\u00e9croche sa premi\u00e8re victoire de l&rsquo;ann\u00e9e sur le Rallye WRC des \u00celes Canaries\"}]},{\"@type\":\"WebSite\",\"@id\":\"https:\/\/dicodusport.fr\/blog\/#website\",\"url\":\"https:\/\/dicodusport.fr\/blog\/\",\"name\":\"Dicodusport\",\"description\":\"L&#039;encyclop\u00e9die de l&#039;actualit\u00e9 sportive\",\"publisher\":{\"@id\":\"https:\/\/dicodusport.fr\/blog\/#organization\"},\"potentialAction\":[{\"@type\":\"SearchAction\",\"target\":{\"@type\":\"EntryPoint\",\"urlTemplate\":\"https:\/\/dicodusport.fr\/blog\/?s={search_term_string}\"},\"query-input\":{\"@type\":\"PropertyValueSpecification\",\"valueRequired\":true,\"valueName\":\"search_term_string\"}}],\"inLanguage\":\"fr-FR\"},{\"@type\":\"NewsMediaOrganization\",\"@id\":\"https:\/\/dicodusport.fr\/blog\/#organization\",\"name\":\"Dicodusport\",\"url\":\"https:\/\/dicodusport.fr\/blog\/\",\"logo\":{\"@type\":\"ImageObject\",\"inLanguage\":\"fr-FR\",\"@id\":\"https:\/\/dicodusport.fr\/blog\/#\/schema\/logo\/image\/\",\"url\":\"https:\/\/dicodusport.fr\/blog\/wp-content\/uploads\/2020\/06\/cropped-LOGO-DICODUSPORT-2020-SANS-FOND-SANS-TEXTE.png\",\"contentUrl\":\"https:\/\/dicodusport.fr\/blog\/wp-content\/uploads\/2020\/06\/cropped-LOGO-DICODUSPORT-2020-SANS-FOND-SANS-TEXTE.png\",\"width\":512,\"height\":512,\"caption\":\"Dicodusport\"},\"image\":{\"@id\":\"https:\/\/dicodusport.fr\/blog\/#\/schema\/logo\/image\/\"},\"sameAs\":[\"https:\/\/www.facebook.com\/dicodusport\",\"https:\/\/x.com\/dicodusport\",\"https:\/\/www.instagram.com\/dicodusport\/\",\"https:\/\/www.youtube.com\/channel\/UC7V2KZ5sd3htJivAbA4ZG3w\"],\"description\":\"Dicodusport est l'encyclop\u00e9die de l'actualit\u00e9 sportive.\",\"email\":\"bonjour@dicodusport.fr\",\"legalName\":\"DICODUSPORT\",\"foundingDate\":\"2018-01-14\",\"vatID\":\"FR71834470973\",\"taxID\":\"83447097300043\",\"numberOfEmployees\":{\"@type\":\"QuantitativeValue\",\"minValue\":\"1\",\"maxValue\":\"10\"}},{\"@type\":\"Person\",\"@id\":\"https:\/\/dicodusport.fr\/blog\/#\/schema\/person\/37def232098a7a5cbab3974a3690abb0\",\"name\":\"Maxime Cazenave\",\"image\":{\"@type\":\"ImageObject\",\"inLanguage\":\"fr-FR\",\"@id\":\"https:\/\/dicodusport.fr\/blog\/#\/schema\/person\/image\/\",\"url\":\"https:\/\/dicodusport.fr\/blog\/wp-content\/uploads\/2021\/05\/Maxime-Cazenave-150x150.jpg\",\"contentUrl\":\"https:\/\/dicodusport.fr\/blog\/wp-content\/uploads\/2021\/05\/Maxime-Cazenave-150x150.jpg\",\"caption\":\"Maxime Cazenave\"},\"description\":\"Journaliste\/R\u00e9dacteur depuis 2012 - Berc\u00e9 par l\u2019amour des Girondins de Bordeaux, les \u00e9checs de Christophe Moreau sur le Tour de France sous l'\u00e8re Lance Armstrong et le fade-away l\u00e9tal de Dirk Nowitzki, ma passion d\u00e9vorante pour le sport a toujours \u00e9t\u00e9 un pan incontournable de ma vie. Transmettre ma passion \u00e0 l\u2019\u00e9crit a \u00e9t\u00e9 une transition naturelle. Suiveur assidu de basket et de hockey sur glace, je garde toujours un peu de place pour suivre le cyclisme, le football et le maximum de performances fran\u00e7aises.\",\"sameAs\":[\"https:\/\/x.com\/https:\/\/twitter.com\/Maxime_Caze\"],\"url\":\"https:\/\/dicodusport.fr\/blog\/author\/maximec\/\"}]}<\/script>\n<!-- \/ Yoast SEO Premium plugin. -->","yoast_head_json":{"title":"S\u00e9bastien Ogier d\u00e9croche sa premi\u00e8re victoire de l'ann\u00e9e sur le Rallye WRC des \u00celes Canaries","description":"RALLYE WRC DES \u00ceLES CANARIES 2026 - S\u00e9bastien Ogier (Toyota) a pleinement profit\u00e9 de l'abandon d'Oliver Solberg (Toyota) pour faire le plein de points ce dimanche.","robots":{"index":"index","follow":"follow","max-snippet":"max-snippet:-1","max-image-preview":"max-image-preview:large","max-video-preview":"max-video-preview:-1"},"canonical":"https:\/\/dicodusport.fr\/blog\/sebastien-ogier-decroche-sa-premiere-victoire-de-lannee-sur-le-rallye-wrc-des-iles-canaries\/","og_locale":"fr_FR","og_type":"article","og_title":"S\u00e9bastien Ogier d\u00e9croche sa premi\u00e8re victoire de l'ann\u00e9e sur le Rallye WRC des \u00celes Canaries","og_description":"RALLYE WRC DES \u00ceLES CANARIES 2026 - S\u00e9bastien Ogier (Toyota) a pleinement profit\u00e9 de l'abandon d'Oliver Solberg (Toyota) pour faire le plein de points ce dimanche.","og_url":"https:\/\/dicodusport.fr\/blog\/sebastien-ogier-decroche-sa-premiere-victoire-de-lannee-sur-le-rallye-wrc-des-iles-canaries\/","og_site_name":"Dicodusport","article_publisher":"https:\/\/www.facebook.com\/dicodusport","article_published_time":"2026-04-26T13:22:54+00:00","article_modified_time":"2026-04-26T14:26:29+00:00","og_image":[{"width":1200,"height":674,"url":"https:\/\/dicodusport.fr\/blog\/wp-content\/uploads\/2026\/04\/Sebastien-Ogier-decroche-sa-premiere-victoire-de-lannee-sur-le-Rallye-WRC-des-Iles-Canaries.png","type":"image\/png"}],"author":"Maxime Cazenave","twitter_card":"summary_large_image","twitter_title":"S\u00e9bastien Ogier d\u00e9croche sa premi\u00e8re victoire de l'ann\u00e9e sur le Rallye WRC des \u00celes Canaries","twitter_creator":"@https:\/\/twitter.com\/Maxime_Caze","twitter_site":"@dicodusport","schema":{"@context":"https:\/\/schema.org","@graph":[{"@type":"NewsArticle","@id":"https:\/\/dicodusport.fr\/blog\/sebastien-ogier-decroche-sa-premiere-victoire-de-lannee-sur-le-rallye-wrc-des-iles-canaries\/#article","isPartOf":{"@id":"https:\/\/dicodusport.fr\/blog\/sebastien-ogier-decroche-sa-premiere-victoire-de-lannee-sur-le-rallye-wrc-des-iles-canaries\/"},"author":{"name":"Maxime Cazenave","@id":"https:\/\/dicodusport.fr\/blog\/#\/schema\/person\/37def232098a7a5cbab3974a3690abb0"},"headline":"S\u00e9bastien Ogier d\u00e9croche sa premi\u00e8re victoire de l&rsquo;ann\u00e9e sur le Rallye WRC des \u00celes Canaries","datePublished":"2026-04-26T13:22:54+00:00","dateModified":"2026-04-26T14:26:29+00:00","mainEntityOfPage":{"@id":"https:\/\/dicodusport.fr\/blog\/sebastien-ogier-decroche-sa-premiere-victoire-de-lannee-sur-le-rallye-wrc-des-iles-canaries\/"},"wordCount":639,"commentCount":0,"publisher":{"@id":"https:\/\/dicodusport.fr\/blog\/#organization"},"image":{"@id":"https:\/\/dicodusport.fr\/blog\/sebastien-ogier-decroche-sa-premiere-victoire-de-lannee-sur-le-rallye-wrc-des-iles-canaries\/#primaryimage"},"thumbnailUrl":"https:\/\/dicodusport.fr\/blog\/wp-content\/uploads\/2026\/04\/Sebastien-Ogier-decroche-sa-premiere-victoire-de-lannee-sur-le-Rallye-WRC-des-Iles-Canaries.png","keywords":["br\u00e8ve","Rallye WRC","S\u00e9bastien Ogier","WRC"],"articleSection":["Rallye WRC"],"inLanguage":"fr-FR","potentialAction":[{"@type":"CommentAction","name":"Comment","target":["https:\/\/dicodusport.fr\/blog\/sebastien-ogier-decroche-sa-premiere-victoire-de-lannee-sur-le-rallye-wrc-des-iles-canaries\/#respond"]}],"copyrightYear":"2026","copyrightHolder":{"@id":"https:\/\/dicodusport.fr\/blog\/#organization"}},{"@type":"WebPage","@id":"https:\/\/dicodusport.fr\/blog\/sebastien-ogier-decroche-sa-premiere-victoire-de-lannee-sur-le-rallye-wrc-des-iles-canaries\/","url":"https:\/\/dicodusport.fr\/blog\/sebastien-ogier-decroche-sa-premiere-victoire-de-lannee-sur-le-rallye-wrc-des-iles-canaries\/","name":"S\u00e9bastien Ogier d\u00e9croche sa premi\u00e8re victoire de l'ann\u00e9e sur le Rallye WRC des \u00celes Canaries","isPartOf":{"@id":"https:\/\/dicodusport.fr\/blog\/#website"},"primaryImageOfPage":{"@id":"https:\/\/dicodusport.fr\/blog\/sebastien-ogier-decroche-sa-premiere-victoire-de-lannee-sur-le-rallye-wrc-des-iles-canaries\/#primaryimage"},"image":{"@id":"https:\/\/dicodusport.fr\/blog\/sebastien-ogier-decroche-sa-premiere-victoire-de-lannee-sur-le-rallye-wrc-des-iles-canaries\/#primaryimage"},"thumbnailUrl":"https:\/\/dicodusport.fr\/blog\/wp-content\/uploads\/2026\/04\/Sebastien-Ogier-decroche-sa-premiere-victoire-de-lannee-sur-le-Rallye-WRC-des-Iles-Canaries.png","datePublished":"2026-04-26T13:22:54+00:00","dateModified":"2026-04-26T14:26:29+00:00","description":"RALLYE WRC DES \u00ceLES CANARIES 2026 - S\u00e9bastien Ogier (Toyota) a pleinement profit\u00e9 de l'abandon d'Oliver Solberg (Toyota) pour faire le plein de points ce dimanche.","breadcrumb":{"@id":"https:\/\/dicodusport.fr\/blog\/sebastien-ogier-decroche-sa-premiere-victoire-de-lannee-sur-le-rallye-wrc-des-iles-canaries\/#breadcrumb"},"inLanguage":"fr-FR","potentialAction":[{"@type":"ReadAction","target":["https:\/\/dicodusport.fr\/blog\/sebastien-ogier-decroche-sa-premiere-victoire-de-lannee-sur-le-rallye-wrc-des-iles-canaries\/"]}]},{"@type":"ImageObject","inLanguage":"fr-FR","@id":"https:\/\/dicodusport.fr\/blog\/sebastien-ogier-decroche-sa-premiere-victoire-de-lannee-sur-le-rallye-wrc-des-iles-canaries\/#primaryimage","url":"https:\/\/dicodusport.fr\/blog\/wp-content\/uploads\/2026\/04\/Sebastien-Ogier-decroche-sa-premiere-victoire-de-lannee-sur-le-Rallye-WRC-des-Iles-Canaries.png","contentUrl":"https:\/\/dicodusport.fr\/blog\/wp-content\/uploads\/2026\/04\/Sebastien-Ogier-decroche-sa-premiere-victoire-de-lannee-sur-le-Rallye-WRC-des-Iles-Canaries.png","width":1200,"height":674,"caption":"S\u00e9bastien Ogier d\u00e9croche sa premi\u00e8re victoire de l'ann\u00e9e sur le Rallye WRC des \u00celes Canaries"},{"@type":"BreadcrumbList","@id":"https:\/\/dicodusport.fr\/blog\/sebastien-ogier-decroche-sa-premiere-victoire-de-lannee-sur-le-rallye-wrc-des-iles-canaries\/#breadcrumb","itemListElement":[{"@type":"ListItem","position":1,"name":"Accueil","item":"https:\/\/dicodusport.fr\/blog\/"},{"@type":"ListItem","position":2,"name":"S\u00e9bastien Ogier d\u00e9croche sa premi\u00e8re victoire de l&rsquo;ann\u00e9e sur le Rallye WRC des \u00celes Canaries"}]},{"@type":"WebSite","@id":"https:\/\/dicodusport.fr\/blog\/#website","url":"https:\/\/dicodusport.fr\/blog\/","name":"Dicodusport","description":"L&#039;encyclop\u00e9die de l&#039;actualit\u00e9 sportive","publisher":{"@id":"https:\/\/dicodusport.fr\/blog\/#organization"},"potentialAction":[{"@type":"SearchAction","target":{"@type":"EntryPoint","urlTemplate":"https:\/\/dicodusport.fr\/blog\/?s={search_term_string}"},"query-input":{"@type":"PropertyValueSpecification","valueRequired":true,"valueName":"search_term_string"}}],"inLanguage":"fr-FR"},{"@type":"NewsMediaOrganization","@id":"https:\/\/dicodusport.fr\/blog\/#organization","name":"Dicodusport","url":"https:\/\/dicodusport.fr\/blog\/","logo":{"@type":"ImageObject","inLanguage":"fr-FR","@id":"https:\/\/dicodusport.fr\/blog\/#\/schema\/logo\/image\/","url":"https:\/\/dicodusport.fr\/blog\/wp-content\/uploads\/2020\/06\/cropped-LOGO-DICODUSPORT-2020-SANS-FOND-SANS-TEXTE.png","contentUrl":"https:\/\/dicodusport.fr\/blog\/wp-content\/uploads\/2020\/06\/cropped-LOGO-DICODUSPORT-2020-SANS-FOND-SANS-TEXTE.png","width":512,"height":512,"caption":"Dicodusport"},"image":{"@id":"https:\/\/dicodusport.fr\/blog\/#\/schema\/logo\/image\/"},"sameAs":["https:\/\/www.facebook.com\/dicodusport","https:\/\/x.com\/dicodusport","https:\/\/www.instagram.com\/dicodusport\/","https:\/\/www.youtube.com\/channel\/UC7V2KZ5sd3htJivAbA4ZG3w"],"description":"Dicodusport est l'encyclop\u00e9die de l'actualit\u00e9 sportive.","email":"bonjour@dicodusport.fr","legalName":"DICODUSPORT","foundingDate":"2018-01-14","vatID":"FR71834470973","taxID":"83447097300043","numberOfEmployees":{"@type":"QuantitativeValue","minValue":"1","maxValue":"10"}},{"@type":"Person","@id":"https:\/\/dicodusport.fr\/blog\/#\/schema\/person\/37def232098a7a5cbab3974a3690abb0","name":"Maxime Cazenave","image":{"@type":"ImageObject","inLanguage":"fr-FR","@id":"https:\/\/dicodusport.fr\/blog\/#\/schema\/person\/image\/","url":"https:\/\/dicodusport.fr\/blog\/wp-content\/uploads\/2021\/05\/Maxime-Cazenave-150x150.jpg","contentUrl":"https:\/\/dicodusport.fr\/blog\/wp-content\/uploads\/2021\/05\/Maxime-Cazenave-150x150.jpg","caption":"Maxime Cazenave"},"description":"Journaliste\/R\u00e9dacteur depuis 2012 - Berc\u00e9 par l\u2019amour des Girondins de Bordeaux, les \u00e9checs de Christophe Moreau sur le Tour de France sous l'\u00e8re Lance Armstrong et le fade-away l\u00e9tal de Dirk Nowitzki, ma passion d\u00e9vorante pour le sport a toujours \u00e9t\u00e9 un pan incontournable de ma vie. Transmettre ma passion \u00e0 l\u2019\u00e9crit a \u00e9t\u00e9 une transition naturelle. Suiveur assidu de basket et de hockey sur glace, je garde toujours un peu de place pour suivre le cyclisme, le football et le maximum de performances fran\u00e7aises.","sameAs":["https:\/\/x.com\/https:\/\/twitter.com\/Maxime_Caze"],"url":"https:\/\/dicodusport.fr\/blog\/author\/maximec\/"}]}},"_links":{"self":[{"href":"https:\/\/dicodusport.fr\/blog\/wp-json\/wp\/v2\/posts\/665623","targetHints":{"allow":["GET"]}}],"collection":[{"href":"https:\/\/dicodusport.fr\/blog\/wp-json\/wp\/v2\/posts"}],"about":[{"href":"https:\/\/dicodusport.fr\/blog\/wp-json\/wp\/v2\/types\/post"}],"author":[{"embeddable":true,"href":"https:\/\/dicodusport.fr\/blog\/wp-json\/wp\/v2\/users\/55"}],"replies":[{"embeddable":true,"href":"https:\/\/dicodusport.fr\/blog\/wp-json\/wp\/v2\/comments?post=665623"}],"version-history":[{"count":5,"href":"https:\/\/dicodusport.fr\/blog\/wp-json\/wp\/v2\/posts\/665623\/revisions"}],"predecessor-version":[{"id":665701,"href":"https:\/\/dicodusport.fr\/blog\/wp-json\/wp\/v2\/posts\/665623\/revisions\/665701"}],"wp:featuredmedia":[{"embeddable":true,"href":"https:\/\/dicodusport.fr\/blog\/wp-json\/wp\/v2\/media\/665670"}],"wp:attachment":[{"href":"https:\/\/dicodusport.fr\/blog\/wp-json\/wp\/v2\/media?parent=665623"}],"wp:term":[{"taxonomy":"category","embeddable":true,"href":"https:\/\/dicodusport.fr\/blog\/wp-json\/wp\/v2\/categories?post=665623"},{"taxonomy":"post_tag","embeddable":true,"href":"https:\/\/dicodusport.fr\/blog\/wp-json\/wp\/v2\/tags?post=665623"}],"curies":[{"name":"wp","href":"https:\/\/api.w.org\/{rel}","templated":true}]}}