{"id":666369,"date":"2026-05-01T15:36:33","date_gmt":"2026-05-01T13:36:33","guid":{"rendered":"https:\/\/dicodusport.fr\/blog\/?p=666369&#038;preview=true&#038;preview_id=666369"},"modified":"2026-05-01T15:36:55","modified_gmt":"2026-05-01T13:36:55","slug":"eschborn-francfort-2026-les-favoris-et-la-liste-des-engages","status":"publish","type":"post","link":"https:\/\/dicodusport.fr\/blog\/eschborn-francfort-2026-les-favoris-et-la-liste-des-engages\/","title":{"rendered":"Eschborn-Francfort 2026 : les favoris et la liste des engag\u00e9s"},"content":{"rendered":"<p style=\"text-align: justify;\"><strong><em>Eschborn-Francfort 2026 : d\u00e9couvrez les favoris et la liste des engag\u00e9s avec Tom Pidcock, Aranburu, Bilbao ou encore Andresen sur un parcours propice aux puncheurs.<\/em><\/strong><\/p>\n<ul>\n<li style=\"text-align: justify;\"><strong>\u00c0 ce sujet &#8211; <a href=\"https:\/\/dicodusport.fr\/blog\/actualites\/cyclisme\/\">L&rsquo;actualit\u00e9 du cyclisme<\/a><\/strong><\/li>\n<\/ul>\n<h2 style=\"text-align: justify;\">Un plateau relev\u00e9 autour de profils polyvalents<\/h2>\n<p style=\"text-align: justify;\">Disput\u00e9e ce 1er mai, <strong>Eschborn-Francfort 2026<\/strong> propose une nouvelle fois un peloton dense et homog\u00e8ne. Avec ses difficult\u00e9s r\u00e9currentes comme le <strong>Feldberg<\/strong> et le <strong>Mammolshain<\/strong>, la classique allemande favorise des profils complets, capables de passer les bosses tout en conservant de la vitesse pour le final. Cette ann\u00e9e, la liste des engag\u00e9s met clairement en avant une g\u00e9n\u00e9ration de coureurs explosifs et polyvalents.<\/p>\n<h2 style=\"text-align: justify;\">Tom Pidcock en t\u00eate d\u2019affiche<\/h2>\n<p style=\"text-align: justify;\">Parmi les grands favoris, <a href=\"https:\/\/dicodusport.fr\/blog\/tom-pidcock-frappe-fort-et-remporte-milan-turin-a-superga\/\">le vainqueur de Milan-Turin <strong>Tom Pidcock<\/strong><\/a> appara\u00eet comme l\u2019homme \u00e0 battre. Le Britannique poss\u00e8de toutes les qualit\u00e9s pour briller sur ce type de parcours : explosivit\u00e9, endurance et sens de la course. S\u2019il parvient \u00e0 durcir l\u2019\u00e9preuve dans les ascensions, il pourrait faire la diff\u00e9rence avant m\u00eame l\u2019arriv\u00e9e.<\/p>\n<p style=\"text-align: justify;\">\u00c0 ses c\u00f4t\u00e9s, <strong>Alex Aranburu<\/strong> et <strong>Ion Izagirre<\/strong> (Cofidis) incarnent des options tr\u00e8s solides c\u00f4t\u00e9 espagnol. Habitu\u00e9s aux courses vallonn\u00e9es, ils excellent dans les sc\u00e9narios offensifs. <strong>Pello Bilbao<\/strong>, toujours r\u00e9gulier, repr\u00e9sente lui aussi une valeur s\u00fbre sur un trac\u00e9 exigeant.<\/p>\n<div class=\"vlp-link-container vlp-layout-article\"><a href=\"https:\/\/dicodusport.fr\/blog\/eschborn-francfort-2026-le-parcours-detaille-et-le-profil-de-la-classique-allemande\/\" class=\"vlp-link\" title=\"Eschborn-Francfort 2026 : le parcours d\u00e9taill\u00e9 et le profil de la classique allemande\"><\/a><div class=\"vlp-layout-zone-side\"><div class=\"vlp-block-4 vlp-link-image\"><img loading=\"lazy\" decoding=\"async\" style=\"max-width: 792px;\" width=\"792\" height=\"445\" src=\"https:\/\/dicodusport.fr\/blog\/wp-content\/uploads\/2026\/04\/Eschborn-Francfort-2026-le-parcours-detaille-et-le-profil-de-la-classique-allemande.png\" class=\"attachment-800x445 size-800x445\" alt=\"Eschborn-Francfort 2026 le parcours d\u00e9taill\u00e9 et le profil de la classique allemande\" srcset=\"https:\/\/dicodusport.fr\/blog\/wp-content\/uploads\/2026\/04\/Eschborn-Francfort-2026-le-parcours-detaille-et-le-profil-de-la-classique-allemande.png 1200w, https:\/\/dicodusport.fr\/blog\/wp-content\/uploads\/2026\/04\/Eschborn-Francfort-2026-le-parcours-detaille-et-le-profil-de-la-classique-allemande-300x169.png 300w, https:\/\/dicodusport.fr\/blog\/wp-content\/uploads\/2026\/04\/Eschborn-Francfort-2026-le-parcours-detaille-et-le-profil-de-la-classique-allemande-1024x575.png 1024w, https:\/\/dicodusport.fr\/blog\/wp-content\/uploads\/2026\/04\/Eschborn-Francfort-2026-le-parcours-detaille-et-le-profil-de-la-classique-allemande-768x431.png 768w\" sizes=\"auto, (max-width: 792px) 100vw, 792px\" \/><\/div><\/div><div class=\"vlp-layout-zone-main\"><div class=\"vlp-block-0 vlp-link-title\">Eschborn-Francfort 2026 : le parcours d\u00e9taill\u00e9 et le profil de la classique allemande<\/div><div class=\"vlp-block-1 vlp-link-summary\">Eschborn-Frankfurt 2026 : d\u00e9couvrez le parcours d\u00e9taill\u00e9, le profil et les points cl\u00e9s de la classique allemande disput\u00e9e le 1er mai, entre sprinteurs et puncheurs.<\/div><div class=\"vlp-block-2 vlp-link-button\">Lire l'article<\/div><div class=\"vlp-block-3 vlp-link-url\">dicodusport.fr<\/div><\/div><\/div>\n<h2 style=\"text-align: justify;\">Des jeunes ambitieux et des profils rapides<\/h2>\n<p style=\"text-align: justify;\">Les hommes rapides seront \u00e9galement \u00e0 surveiller de pr\u00e8s. <strong>Tobias Lund Andresen<\/strong> et <strong>Corbin Strong<\/strong> disposent d\u2019une pointe de vitesse int\u00e9ressante tout en \u00e9tant capables de franchir les difficult\u00e9s. Dans ce registre, ils pourraient tirer profit d\u2019un sprint en petit comit\u00e9.<\/p>\n<p style=\"text-align: justify;\">C\u00f4t\u00e9 fran\u00e7ais, <strong>Paul Lapeira<\/strong> et <strong>\u00c9milien Jeanni\u00e8re<\/strong> auront des ambitions. Le premier, puncheur explosif, peut profiter d\u2019un final nerveux, tandis que le second pourrait se glisser dans un sprint si le peloton se regroupe. <strong>Cl\u00e9ment Venturini<\/strong>, exp\u00e9riment\u00e9, reste lui aussi un outsider cr\u00e9dible.<\/p>\n<ul>\n<li style=\"text-align: justify;\"><strong>\u00c0 ce sujet &#8211; <a href=\"https:\/\/dicodusport.fr\/blog\/eschborn-francfort-2026-a-quelle-heure-et-sur-quelle-chaine-tv-regarder-la-course-en-direct\/\">Eschborn-Francfort 2026 : \u00e0 quelle heure et sur quelle cha\u00eene TV regarder la course en direct ?<\/a><\/strong><\/li>\n<\/ul>\n<h2 style=\"text-align: justify;\">Des outsiders capables de surprendre<\/h2>\n<p style=\"text-align: justify;\">Enfin, <strong>Tibor Del Grosso<\/strong> compl\u00e8te la liste des coureurs \u00e0 suivre. Jeune et audacieux, il pourrait profiter d\u2019un sc\u00e9nario ouvert pour se r\u00e9v\u00e9ler au plus haut niveau. Dans une course aussi ind\u00e9cise, o\u00f9 les \u00e9quipes devront choisir entre contr\u00f4le et prise d\u2019initiative, ces profils polyvalents pourraient bien faire la diff\u00e9rence.<\/p>\n<h2>La liste des engag\u00e9s du Eschborn-Francfort 2026<\/h2>\n<a href=\"https:\/\/dicodusport.fr\/blog\/wp-content\/uploads\/2026\/04\/La-liste-des-engages-officielle-de-Eschborn-Francfort-2026.pdf\" class=\"pdfemb-viewer\" style=\"\" data-width=\"max\" data-height=\"max\"  data-toolbar=\"both\" data-toolbar-fixed=\"on\">La liste des engag\u00e9s officielle de Eschborn-Francfort 2026<br\/><\/a>\n<h2 style=\"text-align: justify;\">Le palmar\u00e8s r\u00e9cent du Eschborn-Francfort<\/h2>\n<p style=\"text-align: justify;\"><strong>2025 \u2013<\/strong> Michael Matthews &#8211; <a href=\"https:\/\/dicodusport.fr\/blog\/eschborn-francfort-2025-classement-et-resultats\/\"><em>Classement<\/em><\/a><\/p>\n<p style=\"text-align: justify;\"><strong>2024 \u2013<\/strong> Maxim Van Gils &#8211; <a href=\"https:\/\/dicodusport.fr\/blog\/classement-eschborn-francfort-2024\/\"><em>Classement<\/em><\/a><\/p>\n<p style=\"text-align: justify;\"><strong>2023 \u2013<\/strong> S\u00f8ren Kragh Andersen &#8211; <a href=\"https:\/\/dicodusport.fr\/blog\/classement-eschborn-francfort-2023\/\"><em>Classement<\/em><\/a><\/p>\n<p style=\"text-align: justify;\"><strong>2022 \u2013<\/strong> Sam Bennett &#8211; <a href=\"https:\/\/dicodusport.fr\/blog\/classement-eschborn-francfort-2022\/\"><em>Classement<\/em><\/a><\/p>\n<p style=\"text-align: justify;\"><strong>2021 \u2013<\/strong> Jasper Philipsen<\/p>\n<p style=\"text-align: justify;\"><strong>2019 \u2013<\/strong> Pascal Ackermann<\/p>\n<p style=\"text-align: justify;\"><strong>2018 \u2013<\/strong> Alexander Kristoff<\/p>\n<p style=\"text-align: justify;\"><strong>2017 \u2013<\/strong> Alexander Kristoff<\/p>\n<p style=\"text-align: justify;\"><strong>2016 \u2013<\/strong> Alexander Kristoff<\/p>\n<p style=\"text-align: justify;\"><strong>2014 \u2013<\/strong> Alexander Kristoff<\/p>\n<p style=\"text-align: justify;\"><strong>2013 \u2013<\/strong> Simon \u0160pilak<\/p>\n<p style=\"text-align: justify;\"><strong>2012 \u2013<\/strong> Moreno Moser<\/p>\n<p style=\"text-align: justify;\"><strong>2011 \u2013<\/strong> John Degenkolb<\/p>\n<h3 style=\"text-align: justify;\">\u00c0 lire aussi<\/h3>\n<div class=\"vlp-link-container vlp-layout-article\"><a href=\"https:\/\/dicodusport.fr\/blog\/mercato-cyclisme-2026-2027-le-tableau-des-transferts-mis-a-jour\/\" class=\"vlp-link\" title=\"Mercato Cyclisme 2026-2027 - Le tableau des transferts mis \u00e0 jour\"><\/a><div class=\"vlp-layout-zone-side\"><div class=\"vlp-block-4 vlp-link-image\"><img loading=\"lazy\" decoding=\"async\" style=\"max-width: 792px;\" width=\"792\" height=\"445\" src=\"https:\/\/dicodusport.fr\/blog\/wp-content\/uploads\/2026\/03\/Mercato-Cyclisme-2026-2027-Le-tableau-des-transferts-mis-a-jour.png\" class=\"attachment-800x445 size-800x445\" alt=\"Mercato Cyclisme 2026-2027 Le tableau des transferts mis \u00e0 jour\" srcset=\"https:\/\/dicodusport.fr\/blog\/wp-content\/uploads\/2026\/03\/Mercato-Cyclisme-2026-2027-Le-tableau-des-transferts-mis-a-jour.png 1200w, https:\/\/dicodusport.fr\/blog\/wp-content\/uploads\/2026\/03\/Mercato-Cyclisme-2026-2027-Le-tableau-des-transferts-mis-a-jour-300x169.png 300w, https:\/\/dicodusport.fr\/blog\/wp-content\/uploads\/2026\/03\/Mercato-Cyclisme-2026-2027-Le-tableau-des-transferts-mis-a-jour-1024x575.png 1024w, https:\/\/dicodusport.fr\/blog\/wp-content\/uploads\/2026\/03\/Mercato-Cyclisme-2026-2027-Le-tableau-des-transferts-mis-a-jour-768x431.png 768w\" sizes=\"auto, (max-width: 792px) 100vw, 792px\" \/><\/div><\/div><div class=\"vlp-layout-zone-main\"><div class=\"vlp-block-0 vlp-link-title\">Mercato Cyclisme 2026-2027 - Le tableau des transferts mis \u00e0 jour<\/div><div class=\"vlp-block-1 vlp-link-summary\">Mercato cyclisme 2026-2027 : retrouvez le tableau complet des transferts, prolongations et rumeurs du peloton. Tous les mouvements des \u00e9quipes WorldTeams et principales ProTeams en temps r\u00e9el.<\/div><div class=\"vlp-block-2 vlp-link-button\">Lire l'article<\/div><div class=\"vlp-block-3 vlp-link-url\">dicodusport.fr<\/div><\/div><\/div>\n","protected":false},"excerpt":{"rendered":"<p>Eschborn-Francfort 2026 : d\u00e9couvrez les favoris et la liste des engag\u00e9s avec Tom Pidcock, Aranburu, Bilbao ou encore Andresen sur un parcours propice aux puncheurs.<\/p>\n","protected":false},"author":4,"featured_media":666377,"comment_status":"open","ping_status":"closed","sticky":false,"template":"","format":"standard","meta":{"_acf_changed":false,"_daextam_enable_autolinks":"1","footnotes":""},"categories":[46994],"tags":[32415,16878,574,11197,19327],"class_list":["post-666369","post","type-post","status-publish","format-standard","has-post-thumbnail","hentry","category-cyclisme-sur-route","tag-actu","tag-breve","tag-cyclisme","tag-cyclisme-sur-route","tag-eschborn-francfort"],"acf":[],"yoast_head":"<!-- This site is optimized with the Yoast SEO Premium plugin v26.7 (Yoast SEO v26.7) - https:\/\/yoast.com\/wordpress\/plugins\/seo\/ -->\n<title>Eschborn-Francfort 2026 : les favoris et la liste des engag\u00e9s<\/title>\n<meta name=\"description\" content=\"Eschborn-Francfort 2026 : d\u00e9couvrez les favoris et la liste des engag\u00e9s avec Tom Pidcock, Aranburu, Bilbao ou encore Andresen sur un parcours propice aux puncheurs.\" \/>\n<meta name=\"robots\" content=\"index, follow, max-snippet:-1, max-image-preview:large, max-video-preview:-1\" \/>\n<link rel=\"canonical\" href=\"https:\/\/dicodusport.fr\/blog\/eschborn-francfort-2026-les-favoris-et-la-liste-des-engages\/\" \/>\n<meta property=\"og:locale\" content=\"fr_FR\" \/>\n<meta property=\"og:type\" content=\"article\" \/>\n<meta property=\"og:title\" content=\"Eschborn-Francfort 2026 : les favoris et la liste des engag\u00e9s\" \/>\n<meta property=\"og:description\" content=\"Eschborn-Francfort 2026 : d\u00e9couvrez les favoris et la liste des engag\u00e9s avec Tom Pidcock, Aranburu, Bilbao ou encore Andresen sur un parcours propice aux puncheurs.\" \/>\n<meta property=\"og:url\" content=\"https:\/\/dicodusport.fr\/blog\/eschborn-francfort-2026-les-favoris-et-la-liste-des-engages\/\" \/>\n<meta property=\"og:site_name\" content=\"Dicodusport\" \/>\n<meta property=\"article:publisher\" content=\"https:\/\/www.facebook.com\/dicodusport\" \/>\n<meta property=\"article:author\" content=\"https:\/\/www.facebook.com\/florent.ostermann\" \/>\n<meta property=\"article:published_time\" content=\"2026-05-01T13:36:33+00:00\" \/>\n<meta property=\"article:modified_time\" content=\"2026-05-01T13:36:55+00:00\" \/>\n<meta property=\"og:image\" content=\"https:\/\/dicodusport.fr\/blog\/wp-content\/uploads\/2026\/04\/Eschborn-Francfort-2026-les-favoris-et-la-liste-des-engages.png\" \/>\n\t<meta property=\"og:image:width\" content=\"1200\" \/>\n\t<meta property=\"og:image:height\" content=\"674\" \/>\n\t<meta property=\"og:image:type\" content=\"image\/png\" \/>\n<meta name=\"author\" content=\"Flo Ostermann\" \/>\n<meta name=\"twitter:card\" content=\"summary_large_image\" \/>\n<meta name=\"twitter:title\" content=\"Eschborn-Francfort 2026 : les favoris et la liste des engag\u00e9s\" \/>\n<meta name=\"twitter:creator\" content=\"@https:\/\/twitter.com\/FlOstermann\" \/>\n<meta name=\"twitter:site\" content=\"@dicodusport\" \/>\n<script type=\"application\/ld+json\" class=\"yoast-schema-graph\">{\"@context\":\"https:\/\/schema.org\",\"@graph\":[{\"@type\":\"NewsArticle\",\"@id\":\"https:\/\/dicodusport.fr\/blog\/eschborn-francfort-2026-les-favoris-et-la-liste-des-engages\/#article\",\"isPartOf\":{\"@id\":\"https:\/\/dicodusport.fr\/blog\/eschborn-francfort-2026-les-favoris-et-la-liste-des-engages\/\"},\"author\":{\"name\":\"Flo Ostermann\",\"@id\":\"https:\/\/dicodusport.fr\/blog\/#\/schema\/person\/cb02af4c173ce4a653b55e9baf388d4a\"},\"headline\":\"Eschborn-Francfort 2026 : les favoris et la liste des engag\u00e9s\",\"datePublished\":\"2026-05-01T13:36:33+00:00\",\"dateModified\":\"2026-05-01T13:36:55+00:00\",\"mainEntityOfPage\":{\"@id\":\"https:\/\/dicodusport.fr\/blog\/eschborn-francfort-2026-les-favoris-et-la-liste-des-engages\/\"},\"wordCount\":684,\"commentCount\":0,\"publisher\":{\"@id\":\"https:\/\/dicodusport.fr\/blog\/#organization\"},\"image\":{\"@id\":\"https:\/\/dicodusport.fr\/blog\/eschborn-francfort-2026-les-favoris-et-la-liste-des-engages\/#primaryimage\"},\"thumbnailUrl\":\"https:\/\/dicodusport.fr\/blog\/wp-content\/uploads\/2026\/04\/Eschborn-Francfort-2026-les-favoris-et-la-liste-des-engages.png\",\"keywords\":[\"actu\",\"br\u00e8ve\",\"Cyclisme\",\"Cyclisme sur route\",\"Eschborn-Francfort\"],\"articleSection\":[\"Cyclisme sur route\"],\"inLanguage\":\"fr-FR\",\"potentialAction\":[{\"@type\":\"CommentAction\",\"name\":\"Comment\",\"target\":[\"https:\/\/dicodusport.fr\/blog\/eschborn-francfort-2026-les-favoris-et-la-liste-des-engages\/#respond\"]}],\"copyrightYear\":\"2026\",\"copyrightHolder\":{\"@id\":\"https:\/\/dicodusport.fr\/blog\/#organization\"}},{\"@type\":\"WebPage\",\"@id\":\"https:\/\/dicodusport.fr\/blog\/eschborn-francfort-2026-les-favoris-et-la-liste-des-engages\/\",\"url\":\"https:\/\/dicodusport.fr\/blog\/eschborn-francfort-2026-les-favoris-et-la-liste-des-engages\/\",\"name\":\"Eschborn-Francfort 2026 : les favoris et la liste des engag\u00e9s\",\"isPartOf\":{\"@id\":\"https:\/\/dicodusport.fr\/blog\/#website\"},\"primaryImageOfPage\":{\"@id\":\"https:\/\/dicodusport.fr\/blog\/eschborn-francfort-2026-les-favoris-et-la-liste-des-engages\/#primaryimage\"},\"image\":{\"@id\":\"https:\/\/dicodusport.fr\/blog\/eschborn-francfort-2026-les-favoris-et-la-liste-des-engages\/#primaryimage\"},\"thumbnailUrl\":\"https:\/\/dicodusport.fr\/blog\/wp-content\/uploads\/2026\/04\/Eschborn-Francfort-2026-les-favoris-et-la-liste-des-engages.png\",\"datePublished\":\"2026-05-01T13:36:33+00:00\",\"dateModified\":\"2026-05-01T13:36:55+00:00\",\"description\":\"Eschborn-Francfort 2026 : d\u00e9couvrez les favoris et la liste des engag\u00e9s avec Tom Pidcock, Aranburu, Bilbao ou encore Andresen sur un parcours propice aux puncheurs.\",\"breadcrumb\":{\"@id\":\"https:\/\/dicodusport.fr\/blog\/eschborn-francfort-2026-les-favoris-et-la-liste-des-engages\/#breadcrumb\"},\"inLanguage\":\"fr-FR\",\"potentialAction\":[{\"@type\":\"ReadAction\",\"target\":[\"https:\/\/dicodusport.fr\/blog\/eschborn-francfort-2026-les-favoris-et-la-liste-des-engages\/\"]}]},{\"@type\":\"ImageObject\",\"inLanguage\":\"fr-FR\",\"@id\":\"https:\/\/dicodusport.fr\/blog\/eschborn-francfort-2026-les-favoris-et-la-liste-des-engages\/#primaryimage\",\"url\":\"https:\/\/dicodusport.fr\/blog\/wp-content\/uploads\/2026\/04\/Eschborn-Francfort-2026-les-favoris-et-la-liste-des-engages.png\",\"contentUrl\":\"https:\/\/dicodusport.fr\/blog\/wp-content\/uploads\/2026\/04\/Eschborn-Francfort-2026-les-favoris-et-la-liste-des-engages.png\",\"width\":1200,\"height\":674,\"caption\":\"Eschborn-Francfort 2026 les favoris et la liste des engag\u00e9s\"},{\"@type\":\"BreadcrumbList\",\"@id\":\"https:\/\/dicodusport.fr\/blog\/eschborn-francfort-2026-les-favoris-et-la-liste-des-engages\/#breadcrumb\",\"itemListElement\":[{\"@type\":\"ListItem\",\"position\":1,\"name\":\"Accueil\",\"item\":\"https:\/\/dicodusport.fr\/blog\/\"},{\"@type\":\"ListItem\",\"position\":2,\"name\":\"Eschborn-Francfort 2026 : les favoris et la liste des engag\u00e9s\"}]},{\"@type\":\"WebSite\",\"@id\":\"https:\/\/dicodusport.fr\/blog\/#website\",\"url\":\"https:\/\/dicodusport.fr\/blog\/\",\"name\":\"Dicodusport\",\"description\":\"L&#039;encyclop\u00e9die de l&#039;actualit\u00e9 sportive\",\"publisher\":{\"@id\":\"https:\/\/dicodusport.fr\/blog\/#organization\"},\"potentialAction\":[{\"@type\":\"SearchAction\",\"target\":{\"@type\":\"EntryPoint\",\"urlTemplate\":\"https:\/\/dicodusport.fr\/blog\/?s={search_term_string}\"},\"query-input\":{\"@type\":\"PropertyValueSpecification\",\"valueRequired\":true,\"valueName\":\"search_term_string\"}}],\"inLanguage\":\"fr-FR\"},{\"@type\":\"NewsMediaOrganization\",\"@id\":\"https:\/\/dicodusport.fr\/blog\/#organization\",\"name\":\"Dicodusport\",\"url\":\"https:\/\/dicodusport.fr\/blog\/\",\"logo\":{\"@type\":\"ImageObject\",\"inLanguage\":\"fr-FR\",\"@id\":\"https:\/\/dicodusport.fr\/blog\/#\/schema\/logo\/image\/\",\"url\":\"https:\/\/dicodusport.fr\/blog\/wp-content\/uploads\/2020\/06\/cropped-LOGO-DICODUSPORT-2020-SANS-FOND-SANS-TEXTE.png\",\"contentUrl\":\"https:\/\/dicodusport.fr\/blog\/wp-content\/uploads\/2020\/06\/cropped-LOGO-DICODUSPORT-2020-SANS-FOND-SANS-TEXTE.png\",\"width\":512,\"height\":512,\"caption\":\"Dicodusport\"},\"image\":{\"@id\":\"https:\/\/dicodusport.fr\/blog\/#\/schema\/logo\/image\/\"},\"sameAs\":[\"https:\/\/www.facebook.com\/dicodusport\",\"https:\/\/x.com\/dicodusport\",\"https:\/\/www.instagram.com\/dicodusport\/\",\"https:\/\/www.youtube.com\/channel\/UC7V2KZ5sd3htJivAbA4ZG3w\"],\"description\":\"Dicodusport est l'encyclop\u00e9die de l'actualit\u00e9 sportive.\",\"email\":\"bonjour@dicodusport.fr\",\"legalName\":\"DICODUSPORT\",\"foundingDate\":\"2018-01-14\",\"vatID\":\"FR71834470973\",\"taxID\":\"83447097300043\",\"numberOfEmployees\":{\"@type\":\"QuantitativeValue\",\"minValue\":\"1\",\"maxValue\":\"10\"}},{\"@type\":\"Person\",\"@id\":\"https:\/\/dicodusport.fr\/blog\/#\/schema\/person\/cb02af4c173ce4a653b55e9baf388d4a\",\"name\":\"Flo Ostermann\",\"image\":{\"@type\":\"ImageObject\",\"inLanguage\":\"fr-FR\",\"@id\":\"https:\/\/dicodusport.fr\/blog\/#\/schema\/person\/image\/\",\"url\":\"https:\/\/dicodusport.fr\/blog\/wp-content\/uploads\/2021\/05\/Flo-Ostermann-150x150.jpg\",\"contentUrl\":\"https:\/\/dicodusport.fr\/blog\/wp-content\/uploads\/2021\/05\/Flo-Ostermann-150x150.jpg\",\"caption\":\"Flo Ostermann\"},\"description\":\"Journaliste\/R\u00e9dacteur depuis septembre 2015 - Mes premiers souvenirs dans le sport ? Les envol\u00e9es du Stade Toulousain et les duels Villeneuve-Schumacher et H\u00e4kkinen-Schumacher \u00e0 la fin des ann\u00e9es 90, la Coupe du monde de football en 1998, l\u2019exploit du XV de France face aux All Blacks en 1999, mais aussi Richard C\u0153ur de Lion qui vole sur les montagnes du Tour de France. Bien parti pour devenir professeur d\u2019EPS, les \u00e9v\u00e9nements de la vie (et la flemme d\u2019animer des s\u00e9ances de 3x500 m\u00e8tres toute ma vie) m\u2019ont conduit \u00e0 revoir mes plans. Me voil\u00e0 depuis fin 2017 sur Dicodusport, m\u00e9dia gr\u00e2ce (et pour) lequel je partage ma passion : le sport dans tous ses \u00e9tats. Le tout accompagn\u00e9 par les fous furieux et folles furieuses cit\u00e9s sur cette page !\",\"sameAs\":[\"https:\/\/www.facebook.com\/florent.ostermann\",\"https:\/\/x.com\/https:\/\/twitter.com\/FlOstermann\",\"admin\"],\"url\":\"https:\/\/dicodusport.fr\/blog\/author\/flo\/\"}]}<\/script>\n<!-- \/ Yoast SEO Premium plugin. -->","yoast_head_json":{"title":"Eschborn-Francfort 2026 : les favoris et la liste des engag\u00e9s","description":"Eschborn-Francfort 2026 : d\u00e9couvrez les favoris et la liste des engag\u00e9s avec Tom Pidcock, Aranburu, Bilbao ou encore Andresen sur un parcours propice aux puncheurs.","robots":{"index":"index","follow":"follow","max-snippet":"max-snippet:-1","max-image-preview":"max-image-preview:large","max-video-preview":"max-video-preview:-1"},"canonical":"https:\/\/dicodusport.fr\/blog\/eschborn-francfort-2026-les-favoris-et-la-liste-des-engages\/","og_locale":"fr_FR","og_type":"article","og_title":"Eschborn-Francfort 2026 : les favoris et la liste des engag\u00e9s","og_description":"Eschborn-Francfort 2026 : d\u00e9couvrez les favoris et la liste des engag\u00e9s avec Tom Pidcock, Aranburu, Bilbao ou encore Andresen sur un parcours propice aux puncheurs.","og_url":"https:\/\/dicodusport.fr\/blog\/eschborn-francfort-2026-les-favoris-et-la-liste-des-engages\/","og_site_name":"Dicodusport","article_publisher":"https:\/\/www.facebook.com\/dicodusport","article_author":"https:\/\/www.facebook.com\/florent.ostermann","article_published_time":"2026-05-01T13:36:33+00:00","article_modified_time":"2026-05-01T13:36:55+00:00","og_image":[{"width":1200,"height":674,"url":"https:\/\/dicodusport.fr\/blog\/wp-content\/uploads\/2026\/04\/Eschborn-Francfort-2026-les-favoris-et-la-liste-des-engages.png","type":"image\/png"}],"author":"Flo Ostermann","twitter_card":"summary_large_image","twitter_title":"Eschborn-Francfort 2026 : les favoris et la liste des engag\u00e9s","twitter_creator":"@https:\/\/twitter.com\/FlOstermann","twitter_site":"@dicodusport","schema":{"@context":"https:\/\/schema.org","@graph":[{"@type":"NewsArticle","@id":"https:\/\/dicodusport.fr\/blog\/eschborn-francfort-2026-les-favoris-et-la-liste-des-engages\/#article","isPartOf":{"@id":"https:\/\/dicodusport.fr\/blog\/eschborn-francfort-2026-les-favoris-et-la-liste-des-engages\/"},"author":{"name":"Flo Ostermann","@id":"https:\/\/dicodusport.fr\/blog\/#\/schema\/person\/cb02af4c173ce4a653b55e9baf388d4a"},"headline":"Eschborn-Francfort 2026 : les favoris et la liste des engag\u00e9s","datePublished":"2026-05-01T13:36:33+00:00","dateModified":"2026-05-01T13:36:55+00:00","mainEntityOfPage":{"@id":"https:\/\/dicodusport.fr\/blog\/eschborn-francfort-2026-les-favoris-et-la-liste-des-engages\/"},"wordCount":684,"commentCount":0,"publisher":{"@id":"https:\/\/dicodusport.fr\/blog\/#organization"},"image":{"@id":"https:\/\/dicodusport.fr\/blog\/eschborn-francfort-2026-les-favoris-et-la-liste-des-engages\/#primaryimage"},"thumbnailUrl":"https:\/\/dicodusport.fr\/blog\/wp-content\/uploads\/2026\/04\/Eschborn-Francfort-2026-les-favoris-et-la-liste-des-engages.png","keywords":["actu","br\u00e8ve","Cyclisme","Cyclisme sur route","Eschborn-Francfort"],"articleSection":["Cyclisme sur route"],"inLanguage":"fr-FR","potentialAction":[{"@type":"CommentAction","name":"Comment","target":["https:\/\/dicodusport.fr\/blog\/eschborn-francfort-2026-les-favoris-et-la-liste-des-engages\/#respond"]}],"copyrightYear":"2026","copyrightHolder":{"@id":"https:\/\/dicodusport.fr\/blog\/#organization"}},{"@type":"WebPage","@id":"https:\/\/dicodusport.fr\/blog\/eschborn-francfort-2026-les-favoris-et-la-liste-des-engages\/","url":"https:\/\/dicodusport.fr\/blog\/eschborn-francfort-2026-les-favoris-et-la-liste-des-engages\/","name":"Eschborn-Francfort 2026 : les favoris et la liste des engag\u00e9s","isPartOf":{"@id":"https:\/\/dicodusport.fr\/blog\/#website"},"primaryImageOfPage":{"@id":"https:\/\/dicodusport.fr\/blog\/eschborn-francfort-2026-les-favoris-et-la-liste-des-engages\/#primaryimage"},"image":{"@id":"https:\/\/dicodusport.fr\/blog\/eschborn-francfort-2026-les-favoris-et-la-liste-des-engages\/#primaryimage"},"thumbnailUrl":"https:\/\/dicodusport.fr\/blog\/wp-content\/uploads\/2026\/04\/Eschborn-Francfort-2026-les-favoris-et-la-liste-des-engages.png","datePublished":"2026-05-01T13:36:33+00:00","dateModified":"2026-05-01T13:36:55+00:00","description":"Eschborn-Francfort 2026 : d\u00e9couvrez les favoris et la liste des engag\u00e9s avec Tom Pidcock, Aranburu, Bilbao ou encore Andresen sur un parcours propice aux puncheurs.","breadcrumb":{"@id":"https:\/\/dicodusport.fr\/blog\/eschborn-francfort-2026-les-favoris-et-la-liste-des-engages\/#breadcrumb"},"inLanguage":"fr-FR","potentialAction":[{"@type":"ReadAction","target":["https:\/\/dicodusport.fr\/blog\/eschborn-francfort-2026-les-favoris-et-la-liste-des-engages\/"]}]},{"@type":"ImageObject","inLanguage":"fr-FR","@id":"https:\/\/dicodusport.fr\/blog\/eschborn-francfort-2026-les-favoris-et-la-liste-des-engages\/#primaryimage","url":"https:\/\/dicodusport.fr\/blog\/wp-content\/uploads\/2026\/04\/Eschborn-Francfort-2026-les-favoris-et-la-liste-des-engages.png","contentUrl":"https:\/\/dicodusport.fr\/blog\/wp-content\/uploads\/2026\/04\/Eschborn-Francfort-2026-les-favoris-et-la-liste-des-engages.png","width":1200,"height":674,"caption":"Eschborn-Francfort 2026 les favoris et la liste des engag\u00e9s"},{"@type":"BreadcrumbList","@id":"https:\/\/dicodusport.fr\/blog\/eschborn-francfort-2026-les-favoris-et-la-liste-des-engages\/#breadcrumb","itemListElement":[{"@type":"ListItem","position":1,"name":"Accueil","item":"https:\/\/dicodusport.fr\/blog\/"},{"@type":"ListItem","position":2,"name":"Eschborn-Francfort 2026 : les favoris et la liste des engag\u00e9s"}]},{"@type":"WebSite","@id":"https:\/\/dicodusport.fr\/blog\/#website","url":"https:\/\/dicodusport.fr\/blog\/","name":"Dicodusport","description":"L&#039;encyclop\u00e9die de l&#039;actualit\u00e9 sportive","publisher":{"@id":"https:\/\/dicodusport.fr\/blog\/#organization"},"potentialAction":[{"@type":"SearchAction","target":{"@type":"EntryPoint","urlTemplate":"https:\/\/dicodusport.fr\/blog\/?s={search_term_string}"},"query-input":{"@type":"PropertyValueSpecification","valueRequired":true,"valueName":"search_term_string"}}],"inLanguage":"fr-FR"},{"@type":"NewsMediaOrganization","@id":"https:\/\/dicodusport.fr\/blog\/#organization","name":"Dicodusport","url":"https:\/\/dicodusport.fr\/blog\/","logo":{"@type":"ImageObject","inLanguage":"fr-FR","@id":"https:\/\/dicodusport.fr\/blog\/#\/schema\/logo\/image\/","url":"https:\/\/dicodusport.fr\/blog\/wp-content\/uploads\/2020\/06\/cropped-LOGO-DICODUSPORT-2020-SANS-FOND-SANS-TEXTE.png","contentUrl":"https:\/\/dicodusport.fr\/blog\/wp-content\/uploads\/2020\/06\/cropped-LOGO-DICODUSPORT-2020-SANS-FOND-SANS-TEXTE.png","width":512,"height":512,"caption":"Dicodusport"},"image":{"@id":"https:\/\/dicodusport.fr\/blog\/#\/schema\/logo\/image\/"},"sameAs":["https:\/\/www.facebook.com\/dicodusport","https:\/\/x.com\/dicodusport","https:\/\/www.instagram.com\/dicodusport\/","https:\/\/www.youtube.com\/channel\/UC7V2KZ5sd3htJivAbA4ZG3w"],"description":"Dicodusport est l'encyclop\u00e9die de l'actualit\u00e9 sportive.","email":"bonjour@dicodusport.fr","legalName":"DICODUSPORT","foundingDate":"2018-01-14","vatID":"FR71834470973","taxID":"83447097300043","numberOfEmployees":{"@type":"QuantitativeValue","minValue":"1","maxValue":"10"}},{"@type":"Person","@id":"https:\/\/dicodusport.fr\/blog\/#\/schema\/person\/cb02af4c173ce4a653b55e9baf388d4a","name":"Flo Ostermann","image":{"@type":"ImageObject","inLanguage":"fr-FR","@id":"https:\/\/dicodusport.fr\/blog\/#\/schema\/person\/image\/","url":"https:\/\/dicodusport.fr\/blog\/wp-content\/uploads\/2021\/05\/Flo-Ostermann-150x150.jpg","contentUrl":"https:\/\/dicodusport.fr\/blog\/wp-content\/uploads\/2021\/05\/Flo-Ostermann-150x150.jpg","caption":"Flo Ostermann"},"description":"Journaliste\/R\u00e9dacteur depuis septembre 2015 - Mes premiers souvenirs dans le sport ? Les envol\u00e9es du Stade Toulousain et les duels Villeneuve-Schumacher et H\u00e4kkinen-Schumacher \u00e0 la fin des ann\u00e9es 90, la Coupe du monde de football en 1998, l\u2019exploit du XV de France face aux All Blacks en 1999, mais aussi Richard C\u0153ur de Lion qui vole sur les montagnes du Tour de France. Bien parti pour devenir professeur d\u2019EPS, les \u00e9v\u00e9nements de la vie (et la flemme d\u2019animer des s\u00e9ances de 3x500 m\u00e8tres toute ma vie) m\u2019ont conduit \u00e0 revoir mes plans. Me voil\u00e0 depuis fin 2017 sur Dicodusport, m\u00e9dia gr\u00e2ce (et pour) lequel je partage ma passion : le sport dans tous ses \u00e9tats. Le tout accompagn\u00e9 par les fous furieux et folles furieuses cit\u00e9s sur cette page !","sameAs":["https:\/\/www.facebook.com\/florent.ostermann","https:\/\/x.com\/https:\/\/twitter.com\/FlOstermann","admin"],"url":"https:\/\/dicodusport.fr\/blog\/author\/flo\/"}]}},"_links":{"self":[{"href":"https:\/\/dicodusport.fr\/blog\/wp-json\/wp\/v2\/posts\/666369","targetHints":{"allow":["GET"]}}],"collection":[{"href":"https:\/\/dicodusport.fr\/blog\/wp-json\/wp\/v2\/posts"}],"about":[{"href":"https:\/\/dicodusport.fr\/blog\/wp-json\/wp\/v2\/types\/post"}],"author":[{"embeddable":true,"href":"https:\/\/dicodusport.fr\/blog\/wp-json\/wp\/v2\/users\/4"}],"replies":[{"embeddable":true,"href":"https:\/\/dicodusport.fr\/blog\/wp-json\/wp\/v2\/comments?post=666369"}],"version-history":[{"count":5,"href":"https:\/\/dicodusport.fr\/blog\/wp-json\/wp\/v2\/posts\/666369\/revisions"}],"predecessor-version":[{"id":666713,"href":"https:\/\/dicodusport.fr\/blog\/wp-json\/wp\/v2\/posts\/666369\/revisions\/666713"}],"wp:featuredmedia":[{"embeddable":true,"href":"https:\/\/dicodusport.fr\/blog\/wp-json\/wp\/v2\/media\/666377"}],"wp:attachment":[{"href":"https:\/\/dicodusport.fr\/blog\/wp-json\/wp\/v2\/media?parent=666369"}],"wp:term":[{"taxonomy":"category","embeddable":true,"href":"https:\/\/dicodusport.fr\/blog\/wp-json\/wp\/v2\/categories?post=666369"},{"taxonomy":"post_tag","embeddable":true,"href":"https:\/\/dicodusport.fr\/blog\/wp-json\/wp\/v2\/tags?post=666369"}],"curies":[{"name":"wp","href":"https:\/\/api.w.org\/{rel}","templated":true}]}}