{"id":666380,"date":"2026-05-01T15:17:23","date_gmt":"2026-05-01T13:17:23","guid":{"rendered":"https:\/\/dicodusport.fr\/blog\/?p=666380&#038;preview=true&#038;preview_id=666380"},"modified":"2026-05-01T15:18:01","modified_gmt":"2026-05-01T13:18:01","slug":"eschborn-francfort-2026-a-quelle-heure-et-sur-quelle-chaine-tv-regarder-la-course-en-direct","status":"publish","type":"post","link":"https:\/\/dicodusport.fr\/blog\/eschborn-francfort-2026-a-quelle-heure-et-sur-quelle-chaine-tv-regarder-la-course-en-direct\/","title":{"rendered":"Eschborn-Francfort 2026 : \u00e0 quelle heure et sur quelle cha\u00eene TV regarder la course en direct ?"},"content":{"rendered":"<p style=\"text-align: justify;\"><strong><em>Eschborn-Francfort 2026 : \u00e0 quelle heure et sur quelle cha\u00eene suivre la classique allemande en direct ? D\u00e9couvrez toutes les infos TV pour ne rien manquer de la course.<\/em><\/strong><\/p>\n<ul>\n<li style=\"text-align: justify;\"><strong>\u00c0 ce sujet &#8211; <a href=\"https:\/\/dicodusport.fr\/blog\/actualites\/cyclisme\/\">L&rsquo;actualit\u00e9 du cyclisme<\/a><\/strong><\/li>\n<\/ul>\n<p style=\"text-align: justify;\"><strong>Eschborn-Francfort 2026<\/strong> marque une nouvelle \u00e9tape du calendrier WorldTour avec une classique allemande toujours aussi ind\u00e9cise. Disput\u00e9e le 1er mai, cette course d\u2019un jour propose un profil atypique, capable de convenir \u00e0 plusieurs types de coureurs, entre sprinteurs r\u00e9sistants et puncheurs explosifs.<\/p>\n<h2 style=\"text-align: justify;\">Un parcours exigeant mais ouvert<\/h2>\n<p style=\"text-align: justify;\">Le trac\u00e9 autour de Francfort conserve ses ingr\u00e9dients habituels avec une premi\u00e8re partie relativement roulante avant un encha\u00eenement de difficult\u00e9s dans le final. Les ascensions du <strong>Feldberg<\/strong> et surtout du <strong>Mammolshain<\/strong> jouent un r\u00f4le cl\u00e9 dans la s\u00e9lection. Cette derni\u00e8re, courte mais tr\u00e8s pentue, est souvent le th\u00e9\u00e2tre d\u2019attaques d\u00e9cisives.<\/p>\n<p style=\"text-align: justify;\">Malgr\u00e9 ces obstacles, le sc\u00e9nario reste incertain. Si certaines \u00e9quipes choisissent de durcir la course pour \u00e9liminer les sprinteurs, un regroupement demeure possible avant l\u2019arriv\u00e9e. Le final, plus rapide, laisse alors place \u00e0 un sprint, souvent disput\u00e9 en comit\u00e9 r\u00e9duit.<\/p>\n<div class=\"vlp-link-container vlp-layout-article\"><a href=\"https:\/\/dicodusport.fr\/blog\/eschborn-francfort-2026-le-parcours-detaille-et-le-profil-de-la-classique-allemande\/\" class=\"vlp-link\" title=\"Eschborn-Francfort 2026 : le parcours d\u00e9taill\u00e9 et le profil de la classique allemande\"><\/a><div class=\"vlp-layout-zone-side\"><div class=\"vlp-block-4 vlp-link-image\"><img loading=\"lazy\" decoding=\"async\" style=\"max-width: 792px;\" width=\"792\" height=\"445\" src=\"https:\/\/dicodusport.fr\/blog\/wp-content\/uploads\/2026\/04\/Eschborn-Francfort-2026-le-parcours-detaille-et-le-profil-de-la-classique-allemande.png\" class=\"attachment-800x445 size-800x445\" alt=\"Eschborn-Francfort 2026 le parcours d\u00e9taill\u00e9 et le profil de la classique allemande\" srcset=\"https:\/\/dicodusport.fr\/blog\/wp-content\/uploads\/2026\/04\/Eschborn-Francfort-2026-le-parcours-detaille-et-le-profil-de-la-classique-allemande.png 1200w, https:\/\/dicodusport.fr\/blog\/wp-content\/uploads\/2026\/04\/Eschborn-Francfort-2026-le-parcours-detaille-et-le-profil-de-la-classique-allemande-300x169.png 300w, https:\/\/dicodusport.fr\/blog\/wp-content\/uploads\/2026\/04\/Eschborn-Francfort-2026-le-parcours-detaille-et-le-profil-de-la-classique-allemande-1024x575.png 1024w, https:\/\/dicodusport.fr\/blog\/wp-content\/uploads\/2026\/04\/Eschborn-Francfort-2026-le-parcours-detaille-et-le-profil-de-la-classique-allemande-768x431.png 768w\" sizes=\"auto, (max-width: 792px) 100vw, 792px\" \/><\/div><\/div><div class=\"vlp-layout-zone-main\"><div class=\"vlp-block-0 vlp-link-title\">Eschborn-Francfort 2026 : le parcours d\u00e9taill\u00e9 et le profil de la classique allemande<\/div><div class=\"vlp-block-1 vlp-link-summary\">Eschborn-Frankfurt 2026 : d\u00e9couvrez le parcours d\u00e9taill\u00e9, le profil et les points cl\u00e9s de la classique allemande disput\u00e9e le 1er mai, entre sprinteurs et puncheurs.<\/div><div class=\"vlp-block-2 vlp-link-button\">Lire l'article<\/div><div class=\"vlp-block-3 vlp-link-url\">dicodusport.fr<\/div><\/div><\/div>\n<h2 style=\"text-align: justify;\">Tom Pidcock et une concurrence dense<\/h2>\n<p style=\"text-align: justify;\">Parmi les favoris, <strong>Tom Pidcock<\/strong> attire logiquement l\u2019attention. Le Britannique poss\u00e8de le profil id\u00e9al pour s\u2019imposer sur ce type de parcours, capable d\u2019attaquer dans les bosses comme de faire la diff\u00e9rence sur une arriv\u00e9e nerveuse. Il devra toutefois composer avec une concurrence particuli\u00e8rement homog\u00e8ne.<\/p>\n<p style=\"text-align: justify;\"><strong>Alex Aranburu<\/strong> et <strong>Ion Izagirre<\/strong> figurent parmi les coureurs les plus \u00e0 l\u2019aise sur ce terrain vallonn\u00e9, tandis que <strong>Pello Bilbao<\/strong> apporte une garantie de r\u00e9gularit\u00e9. Dans un registre diff\u00e9rent, <strong>Tobias Lund Andresen<\/strong> et <strong>Corbin Strong<\/strong> pourraient tirer profit d\u2019un sprint en petit comit\u00e9.<\/p>\n<p style=\"text-align: justify;\">C\u00f4t\u00e9 fran\u00e7ais, <strong>Paul Lapeira<\/strong> et <strong>\u00c9milien Jeanni\u00e8re<\/strong> auront leur carte \u00e0 jouer, tout comme <strong>Cl\u00e9ment Venturini<\/strong>, toujours dangereux sur ce type d\u2019arriv\u00e9e. Enfin, <strong>Tibor Del Grosso<\/strong> compl\u00e8te la liste des outsiders capables de surprendre.<\/p>\n<div class=\"vlp-link-container vlp-layout-article\"><a href=\"https:\/\/dicodusport.fr\/blog\/eschborn-francfort-2026-les-favoris-et-la-liste-des-engages\/\" class=\"vlp-link\" title=\"Eschborn-Francfort 2026 : les favoris et la liste des engag\u00e9s\"><\/a><div class=\"vlp-layout-zone-side\"><div class=\"vlp-block-4 vlp-link-image\"><img loading=\"lazy\" decoding=\"async\" style=\"max-width: 792px;\" width=\"792\" height=\"445\" src=\"https:\/\/dicodusport.fr\/blog\/wp-content\/uploads\/2026\/04\/Eschborn-Francfort-2026-les-favoris-et-la-liste-des-engages.png\" class=\"attachment-800x445 size-800x445\" alt=\"Eschborn-Francfort 2026 les favoris et la liste des engag\u00e9s\" srcset=\"https:\/\/dicodusport.fr\/blog\/wp-content\/uploads\/2026\/04\/Eschborn-Francfort-2026-les-favoris-et-la-liste-des-engages.png 1200w, https:\/\/dicodusport.fr\/blog\/wp-content\/uploads\/2026\/04\/Eschborn-Francfort-2026-les-favoris-et-la-liste-des-engages-300x169.png 300w, https:\/\/dicodusport.fr\/blog\/wp-content\/uploads\/2026\/04\/Eschborn-Francfort-2026-les-favoris-et-la-liste-des-engages-1024x575.png 1024w, https:\/\/dicodusport.fr\/blog\/wp-content\/uploads\/2026\/04\/Eschborn-Francfort-2026-les-favoris-et-la-liste-des-engages-768x431.png 768w\" sizes=\"auto, (max-width: 792px) 100vw, 792px\" \/><\/div><\/div><div class=\"vlp-layout-zone-main\"><div class=\"vlp-block-0 vlp-link-title\">Eschborn-Francfort 2026 : les favoris et la liste des engag\u00e9s<\/div><div class=\"vlp-block-1 vlp-link-summary\">Eschborn-Francfort 2026 : d\u00e9couvrez les favoris et la liste des engag\u00e9s avec Tom Pidcock, Aranburu, Bilbao ou encore Andresen sur un parcours propice aux puncheurs.<\/div><div class=\"vlp-block-2 vlp-link-button\">Lire l'article<\/div><div class=\"vlp-block-3 vlp-link-url\">dicodusport.fr<\/div><\/div><\/div>\n<h2 style=\"text-align: justify;\">Une course propice aux sc\u00e9narios vari\u00e9s<\/h2>\n<p style=\"text-align: justify;\">Avec un tel plateau et un parcours aussi ouvert, <strong>Eschborn-Francfort 2026<\/strong> pourrait offrir une course anim\u00e9e et tactique. Entre offensives dans les bosses et lutte pour le placement dans le final, la victoire devrait se jouer entre des coureurs capables d\u2019allier endurance, explosivit\u00e9 et sens de la course.<\/p>\n<h2 style=\"text-align: justify;\">Quelle diffusion TV pour Eschborn-Francfort 2026 ?<\/h2>\n<p style=\"text-align: justify;\">Pour suivre <strong>Eschborn-Francfort 2026<\/strong> en direct, une seule option s\u2019offre aux amateurs de cyclisme. La classique allemande sera retransmise en exclusivit\u00e9 sur <strong>Eurosport Max<\/strong>, qui proposera une couverture compl\u00e8te de l\u2019\u00e9preuve.<\/p>\n<p style=\"text-align: justify;\">La prise d\u2019antenne est pr\u00e9vue \u00e0 partir de <strong>11h40<\/strong>, permettant de vivre la course en int\u00e9gralit\u00e9 jusqu\u2019\u00e0 l\u2019arriv\u00e9e. Un rendez-vous incontournable pour ne rien manquer des moments cl\u00e9s de cette manche du WorldTour.<\/p>\n<h2 style=\"text-align: justify;\">Le palmar\u00e8s r\u00e9cent du Eschborn-Francfort<\/h2>\n<p style=\"text-align: justify;\"><strong>2025 \u2013<\/strong> Michael Matthews &#8211; <a href=\"https:\/\/dicodusport.fr\/blog\/eschborn-francfort-2025-classement-et-resultats\/\"><em>Classement<\/em><\/a><\/p>\n<p style=\"text-align: justify;\"><strong>2024 \u2013<\/strong> Maxim Van Gils &#8211; <a href=\"https:\/\/dicodusport.fr\/blog\/classement-eschborn-francfort-2024\/\"><em>Classement<\/em><\/a><\/p>\n<p style=\"text-align: justify;\"><strong>2023 \u2013<\/strong> S\u00f8ren Kragh Andersen &#8211; <a href=\"https:\/\/dicodusport.fr\/blog\/classement-eschborn-francfort-2023\/\"><em>Classement<\/em><\/a><\/p>\n<p style=\"text-align: justify;\"><strong>2022 \u2013<\/strong> Sam Bennett &#8211; <a href=\"https:\/\/dicodusport.fr\/blog\/classement-eschborn-francfort-2022\/\"><em>Classement<\/em><\/a><\/p>\n<p style=\"text-align: justify;\"><strong>2021 \u2013<\/strong> Jasper Philipsen<\/p>\n<p style=\"text-align: justify;\"><strong>2019 \u2013<\/strong> Pascal Ackermann<\/p>\n<p style=\"text-align: justify;\"><strong>2018 \u2013<\/strong> Alexander Kristoff<\/p>\n<p style=\"text-align: justify;\"><strong>2017 \u2013<\/strong> Alexander Kristoff<\/p>\n<p style=\"text-align: justify;\"><strong>2016 \u2013<\/strong> Alexander Kristoff<\/p>\n<p style=\"text-align: justify;\"><strong>2014 \u2013<\/strong> Alexander Kristoff<\/p>\n<p style=\"text-align: justify;\"><strong>2013 \u2013<\/strong> Simon \u0160pilak<\/p>\n<p style=\"text-align: justify;\"><strong>2012 \u2013<\/strong> Moreno Moser<\/p>\n<p style=\"text-align: justify;\"><strong>2011 \u2013<\/strong> John Degenkolb<\/p>\n<h3 style=\"text-align: justify;\">\u00c0 lire aussi<\/h3>\n<div class=\"vlp-link-container vlp-layout-article\"><a href=\"https:\/\/dicodusport.fr\/blog\/mercato-cyclisme-2026-2027-le-tableau-des-transferts-mis-a-jour\/\" class=\"vlp-link\" title=\"Mercato Cyclisme 2026-2027 - Le tableau des transferts mis \u00e0 jour\"><\/a><div class=\"vlp-layout-zone-side\"><div class=\"vlp-block-4 vlp-link-image\"><img loading=\"lazy\" decoding=\"async\" style=\"max-width: 792px;\" width=\"792\" height=\"445\" src=\"https:\/\/dicodusport.fr\/blog\/wp-content\/uploads\/2026\/03\/Mercato-Cyclisme-2026-2027-Le-tableau-des-transferts-mis-a-jour.png\" class=\"attachment-800x445 size-800x445\" alt=\"Mercato Cyclisme 2026-2027 Le tableau des transferts mis \u00e0 jour\" srcset=\"https:\/\/dicodusport.fr\/blog\/wp-content\/uploads\/2026\/03\/Mercato-Cyclisme-2026-2027-Le-tableau-des-transferts-mis-a-jour.png 1200w, https:\/\/dicodusport.fr\/blog\/wp-content\/uploads\/2026\/03\/Mercato-Cyclisme-2026-2027-Le-tableau-des-transferts-mis-a-jour-300x169.png 300w, https:\/\/dicodusport.fr\/blog\/wp-content\/uploads\/2026\/03\/Mercato-Cyclisme-2026-2027-Le-tableau-des-transferts-mis-a-jour-1024x575.png 1024w, https:\/\/dicodusport.fr\/blog\/wp-content\/uploads\/2026\/03\/Mercato-Cyclisme-2026-2027-Le-tableau-des-transferts-mis-a-jour-768x431.png 768w\" sizes=\"auto, (max-width: 792px) 100vw, 792px\" \/><\/div><\/div><div class=\"vlp-layout-zone-main\"><div class=\"vlp-block-0 vlp-link-title\">Mercato Cyclisme 2026-2027 - Le tableau des transferts mis \u00e0 jour<\/div><div class=\"vlp-block-1 vlp-link-summary\">Mercato cyclisme 2026-2027 : retrouvez le tableau complet des transferts, prolongations et rumeurs du peloton. Tous les mouvements des \u00e9quipes WorldTeams et principales ProTeams en temps r\u00e9el.<\/div><div class=\"vlp-block-2 vlp-link-button\">Lire l'article<\/div><div class=\"vlp-block-3 vlp-link-url\">dicodusport.fr<\/div><\/div><\/div>\n","protected":false},"excerpt":{"rendered":"<p>Eschborn-Francfort 2026 : \u00e0 quelle heure et sur quelle cha\u00eene suivre la classique allemande en direct ? D\u00e9couvrez toutes les infos TV pour ne rien manquer de la course.<\/p>\n","protected":false},"author":4,"featured_media":666386,"comment_status":"open","ping_status":"closed","sticky":false,"template":"","format":"standard","meta":{"_acf_changed":false,"_daextam_enable_autolinks":"1","footnotes":""},"categories":[44295,46994],"tags":[32415,16878,574,11197,19327],"class_list":["post-666380","post","type-post","status-publish","format-standard","has-post-thumbnail","hentry","category-chaine-tv","category-cyclisme-sur-route","tag-actu","tag-breve","tag-cyclisme","tag-cyclisme-sur-route","tag-eschborn-francfort"],"acf":[],"yoast_head":"<!-- This site is optimized with the Yoast SEO Premium plugin v26.7 (Yoast SEO v26.7) - https:\/\/yoast.com\/wordpress\/plugins\/seo\/ -->\n<title>Eschborn-Francfort 2026 : \u00e0 quelle heure et sur quelle cha\u00eene TV regarder la course en direct ?<\/title>\n<meta name=\"description\" content=\"Eschborn-Francfort 2026 : \u00e0 quelle heure et sur quelle cha\u00eene suivre la classique allemande en direct ? D\u00e9couvrez toutes les infos TV pour ne rien manquer de la course.\" \/>\n<meta name=\"robots\" content=\"index, follow, max-snippet:-1, max-image-preview:large, max-video-preview:-1\" \/>\n<link rel=\"canonical\" href=\"https:\/\/dicodusport.fr\/blog\/eschborn-francfort-2026-a-quelle-heure-et-sur-quelle-chaine-tv-regarder-la-course-en-direct\/\" \/>\n<meta property=\"og:locale\" content=\"fr_FR\" \/>\n<meta property=\"og:type\" content=\"article\" \/>\n<meta property=\"og:title\" content=\"Eschborn-Francfort 2026 : \u00e0 quelle heure et sur quelle cha\u00eene TV regarder la course en direct ?\" \/>\n<meta property=\"og:description\" content=\"Eschborn-Francfort 2026 : \u00e0 quelle heure et sur quelle cha\u00eene suivre la classique allemande en direct ? D\u00e9couvrez toutes les infos TV pour ne rien manquer de la course.\" \/>\n<meta property=\"og:url\" content=\"https:\/\/dicodusport.fr\/blog\/eschborn-francfort-2026-a-quelle-heure-et-sur-quelle-chaine-tv-regarder-la-course-en-direct\/\" \/>\n<meta property=\"og:site_name\" content=\"Dicodusport\" \/>\n<meta property=\"article:publisher\" content=\"https:\/\/www.facebook.com\/dicodusport\" \/>\n<meta property=\"article:author\" content=\"https:\/\/www.facebook.com\/florent.ostermann\" \/>\n<meta property=\"article:published_time\" content=\"2026-05-01T13:17:23+00:00\" \/>\n<meta property=\"article:modified_time\" content=\"2026-05-01T13:18:01+00:00\" \/>\n<meta property=\"og:image\" content=\"https:\/\/dicodusport.fr\/blog\/wp-content\/uploads\/2026\/04\/Eschborn-Francfort-2026-a-quelle-heure-et-sur-quelle-chaine-TV-regarder-la-course-en-direct-.png\" \/>\n\t<meta property=\"og:image:width\" content=\"1200\" \/>\n\t<meta property=\"og:image:height\" content=\"674\" \/>\n\t<meta property=\"og:image:type\" content=\"image\/png\" \/>\n<meta name=\"author\" content=\"Flo Ostermann\" \/>\n<meta name=\"twitter:card\" content=\"summary_large_image\" \/>\n<meta name=\"twitter:title\" content=\"Eschborn-Francfort 2026 : \u00e0 quelle heure et sur quelle cha\u00eene TV regarder la course en direct ?\" \/>\n<meta name=\"twitter:creator\" content=\"@https:\/\/twitter.com\/FlOstermann\" \/>\n<meta name=\"twitter:site\" content=\"@dicodusport\" \/>\n<script type=\"application\/ld+json\" class=\"yoast-schema-graph\">{\"@context\":\"https:\/\/schema.org\",\"@graph\":[{\"@type\":\"NewsArticle\",\"@id\":\"https:\/\/dicodusport.fr\/blog\/eschborn-francfort-2026-a-quelle-heure-et-sur-quelle-chaine-tv-regarder-la-course-en-direct\/#article\",\"isPartOf\":{\"@id\":\"https:\/\/dicodusport.fr\/blog\/eschborn-francfort-2026-a-quelle-heure-et-sur-quelle-chaine-tv-regarder-la-course-en-direct\/\"},\"author\":{\"name\":\"Flo Ostermann\",\"@id\":\"https:\/\/dicodusport.fr\/blog\/#\/schema\/person\/cb02af4c173ce4a653b55e9baf388d4a\"},\"headline\":\"Eschborn-Francfort 2026 : \u00e0 quelle heure et sur quelle cha\u00eene TV regarder la course en direct ?\",\"datePublished\":\"2026-05-01T13:17:23+00:00\",\"dateModified\":\"2026-05-01T13:18:01+00:00\",\"mainEntityOfPage\":{\"@id\":\"https:\/\/dicodusport.fr\/blog\/eschborn-francfort-2026-a-quelle-heure-et-sur-quelle-chaine-tv-regarder-la-course-en-direct\/\"},\"wordCount\":806,\"commentCount\":0,\"publisher\":{\"@id\":\"https:\/\/dicodusport.fr\/blog\/#organization\"},\"image\":{\"@id\":\"https:\/\/dicodusport.fr\/blog\/eschborn-francfort-2026-a-quelle-heure-et-sur-quelle-chaine-tv-regarder-la-course-en-direct\/#primaryimage\"},\"thumbnailUrl\":\"https:\/\/dicodusport.fr\/blog\/wp-content\/uploads\/2026\/04\/Eschborn-Francfort-2026-a-quelle-heure-et-sur-quelle-chaine-TV-regarder-la-course-en-direct-.png\",\"keywords\":[\"actu\",\"br\u00e8ve\",\"Cyclisme\",\"Cyclisme sur route\",\"Eschborn-Francfort\"],\"articleSection\":[\"Cha\u00eene TV\",\"Cyclisme sur route\"],\"inLanguage\":\"fr-FR\",\"potentialAction\":[{\"@type\":\"CommentAction\",\"name\":\"Comment\",\"target\":[\"https:\/\/dicodusport.fr\/blog\/eschborn-francfort-2026-a-quelle-heure-et-sur-quelle-chaine-tv-regarder-la-course-en-direct\/#respond\"]}],\"copyrightYear\":\"2026\",\"copyrightHolder\":{\"@id\":\"https:\/\/dicodusport.fr\/blog\/#organization\"}},{\"@type\":\"WebPage\",\"@id\":\"https:\/\/dicodusport.fr\/blog\/eschborn-francfort-2026-a-quelle-heure-et-sur-quelle-chaine-tv-regarder-la-course-en-direct\/\",\"url\":\"https:\/\/dicodusport.fr\/blog\/eschborn-francfort-2026-a-quelle-heure-et-sur-quelle-chaine-tv-regarder-la-course-en-direct\/\",\"name\":\"Eschborn-Francfort 2026 : \u00e0 quelle heure et sur quelle cha\u00eene TV regarder la course en direct ?\",\"isPartOf\":{\"@id\":\"https:\/\/dicodusport.fr\/blog\/#website\"},\"primaryImageOfPage\":{\"@id\":\"https:\/\/dicodusport.fr\/blog\/eschborn-francfort-2026-a-quelle-heure-et-sur-quelle-chaine-tv-regarder-la-course-en-direct\/#primaryimage\"},\"image\":{\"@id\":\"https:\/\/dicodusport.fr\/blog\/eschborn-francfort-2026-a-quelle-heure-et-sur-quelle-chaine-tv-regarder-la-course-en-direct\/#primaryimage\"},\"thumbnailUrl\":\"https:\/\/dicodusport.fr\/blog\/wp-content\/uploads\/2026\/04\/Eschborn-Francfort-2026-a-quelle-heure-et-sur-quelle-chaine-TV-regarder-la-course-en-direct-.png\",\"datePublished\":\"2026-05-01T13:17:23+00:00\",\"dateModified\":\"2026-05-01T13:18:01+00:00\",\"description\":\"Eschborn-Francfort 2026 : \u00e0 quelle heure et sur quelle cha\u00eene suivre la classique allemande en direct ? D\u00e9couvrez toutes les infos TV pour ne rien manquer de la course.\",\"breadcrumb\":{\"@id\":\"https:\/\/dicodusport.fr\/blog\/eschborn-francfort-2026-a-quelle-heure-et-sur-quelle-chaine-tv-regarder-la-course-en-direct\/#breadcrumb\"},\"inLanguage\":\"fr-FR\",\"potentialAction\":[{\"@type\":\"ReadAction\",\"target\":[\"https:\/\/dicodusport.fr\/blog\/eschborn-francfort-2026-a-quelle-heure-et-sur-quelle-chaine-tv-regarder-la-course-en-direct\/\"]}]},{\"@type\":\"ImageObject\",\"inLanguage\":\"fr-FR\",\"@id\":\"https:\/\/dicodusport.fr\/blog\/eschborn-francfort-2026-a-quelle-heure-et-sur-quelle-chaine-tv-regarder-la-course-en-direct\/#primaryimage\",\"url\":\"https:\/\/dicodusport.fr\/blog\/wp-content\/uploads\/2026\/04\/Eschborn-Francfort-2026-a-quelle-heure-et-sur-quelle-chaine-TV-regarder-la-course-en-direct-.png\",\"contentUrl\":\"https:\/\/dicodusport.fr\/blog\/wp-content\/uploads\/2026\/04\/Eschborn-Francfort-2026-a-quelle-heure-et-sur-quelle-chaine-TV-regarder-la-course-en-direct-.png\",\"width\":1200,\"height\":674,\"caption\":\"Eschborn-Francfort 2026 \u00e0 quelle heure et sur quelle cha\u00eene TV regarder la course en direct\"},{\"@type\":\"BreadcrumbList\",\"@id\":\"https:\/\/dicodusport.fr\/blog\/eschborn-francfort-2026-a-quelle-heure-et-sur-quelle-chaine-tv-regarder-la-course-en-direct\/#breadcrumb\",\"itemListElement\":[{\"@type\":\"ListItem\",\"position\":1,\"name\":\"Accueil\",\"item\":\"https:\/\/dicodusport.fr\/blog\/\"},{\"@type\":\"ListItem\",\"position\":2,\"name\":\"Eschborn-Francfort 2026 : \u00e0 quelle heure et sur quelle cha\u00eene TV regarder la course en direct ?\"}]},{\"@type\":\"WebSite\",\"@id\":\"https:\/\/dicodusport.fr\/blog\/#website\",\"url\":\"https:\/\/dicodusport.fr\/blog\/\",\"name\":\"Dicodusport\",\"description\":\"L&#039;encyclop\u00e9die de l&#039;actualit\u00e9 sportive\",\"publisher\":{\"@id\":\"https:\/\/dicodusport.fr\/blog\/#organization\"},\"potentialAction\":[{\"@type\":\"SearchAction\",\"target\":{\"@type\":\"EntryPoint\",\"urlTemplate\":\"https:\/\/dicodusport.fr\/blog\/?s={search_term_string}\"},\"query-input\":{\"@type\":\"PropertyValueSpecification\",\"valueRequired\":true,\"valueName\":\"search_term_string\"}}],\"inLanguage\":\"fr-FR\"},{\"@type\":\"NewsMediaOrganization\",\"@id\":\"https:\/\/dicodusport.fr\/blog\/#organization\",\"name\":\"Dicodusport\",\"url\":\"https:\/\/dicodusport.fr\/blog\/\",\"logo\":{\"@type\":\"ImageObject\",\"inLanguage\":\"fr-FR\",\"@id\":\"https:\/\/dicodusport.fr\/blog\/#\/schema\/logo\/image\/\",\"url\":\"https:\/\/dicodusport.fr\/blog\/wp-content\/uploads\/2020\/06\/cropped-LOGO-DICODUSPORT-2020-SANS-FOND-SANS-TEXTE.png\",\"contentUrl\":\"https:\/\/dicodusport.fr\/blog\/wp-content\/uploads\/2020\/06\/cropped-LOGO-DICODUSPORT-2020-SANS-FOND-SANS-TEXTE.png\",\"width\":512,\"height\":512,\"caption\":\"Dicodusport\"},\"image\":{\"@id\":\"https:\/\/dicodusport.fr\/blog\/#\/schema\/logo\/image\/\"},\"sameAs\":[\"https:\/\/www.facebook.com\/dicodusport\",\"https:\/\/x.com\/dicodusport\",\"https:\/\/www.instagram.com\/dicodusport\/\",\"https:\/\/www.youtube.com\/channel\/UC7V2KZ5sd3htJivAbA4ZG3w\"],\"description\":\"Dicodusport est l'encyclop\u00e9die de l'actualit\u00e9 sportive.\",\"email\":\"bonjour@dicodusport.fr\",\"legalName\":\"DICODUSPORT\",\"foundingDate\":\"2018-01-14\",\"vatID\":\"FR71834470973\",\"taxID\":\"83447097300043\",\"numberOfEmployees\":{\"@type\":\"QuantitativeValue\",\"minValue\":\"1\",\"maxValue\":\"10\"}},{\"@type\":\"Person\",\"@id\":\"https:\/\/dicodusport.fr\/blog\/#\/schema\/person\/cb02af4c173ce4a653b55e9baf388d4a\",\"name\":\"Flo Ostermann\",\"image\":{\"@type\":\"ImageObject\",\"inLanguage\":\"fr-FR\",\"@id\":\"https:\/\/dicodusport.fr\/blog\/#\/schema\/person\/image\/\",\"url\":\"https:\/\/dicodusport.fr\/blog\/wp-content\/uploads\/2021\/05\/Flo-Ostermann-150x150.jpg\",\"contentUrl\":\"https:\/\/dicodusport.fr\/blog\/wp-content\/uploads\/2021\/05\/Flo-Ostermann-150x150.jpg\",\"caption\":\"Flo Ostermann\"},\"description\":\"Journaliste\/R\u00e9dacteur depuis septembre 2015 - Mes premiers souvenirs dans le sport ? Les envol\u00e9es du Stade Toulousain et les duels Villeneuve-Schumacher et H\u00e4kkinen-Schumacher \u00e0 la fin des ann\u00e9es 90, la Coupe du monde de football en 1998, l\u2019exploit du XV de France face aux All Blacks en 1999, mais aussi Richard C\u0153ur de Lion qui vole sur les montagnes du Tour de France. Bien parti pour devenir professeur d\u2019EPS, les \u00e9v\u00e9nements de la vie (et la flemme d\u2019animer des s\u00e9ances de 3x500 m\u00e8tres toute ma vie) m\u2019ont conduit \u00e0 revoir mes plans. Me voil\u00e0 depuis fin 2017 sur Dicodusport, m\u00e9dia gr\u00e2ce (et pour) lequel je partage ma passion : le sport dans tous ses \u00e9tats. Le tout accompagn\u00e9 par les fous furieux et folles furieuses cit\u00e9s sur cette page !\",\"sameAs\":[\"https:\/\/www.facebook.com\/florent.ostermann\",\"https:\/\/x.com\/https:\/\/twitter.com\/FlOstermann\",\"admin\"],\"url\":\"https:\/\/dicodusport.fr\/blog\/author\/flo\/\"}]}<\/script>\n<!-- \/ Yoast SEO Premium plugin. -->","yoast_head_json":{"title":"Eschborn-Francfort 2026 : \u00e0 quelle heure et sur quelle cha\u00eene TV regarder la course en direct ?","description":"Eschborn-Francfort 2026 : \u00e0 quelle heure et sur quelle cha\u00eene suivre la classique allemande en direct ? D\u00e9couvrez toutes les infos TV pour ne rien manquer de la course.","robots":{"index":"index","follow":"follow","max-snippet":"max-snippet:-1","max-image-preview":"max-image-preview:large","max-video-preview":"max-video-preview:-1"},"canonical":"https:\/\/dicodusport.fr\/blog\/eschborn-francfort-2026-a-quelle-heure-et-sur-quelle-chaine-tv-regarder-la-course-en-direct\/","og_locale":"fr_FR","og_type":"article","og_title":"Eschborn-Francfort 2026 : \u00e0 quelle heure et sur quelle cha\u00eene TV regarder la course en direct ?","og_description":"Eschborn-Francfort 2026 : \u00e0 quelle heure et sur quelle cha\u00eene suivre la classique allemande en direct ? D\u00e9couvrez toutes les infos TV pour ne rien manquer de la course.","og_url":"https:\/\/dicodusport.fr\/blog\/eschborn-francfort-2026-a-quelle-heure-et-sur-quelle-chaine-tv-regarder-la-course-en-direct\/","og_site_name":"Dicodusport","article_publisher":"https:\/\/www.facebook.com\/dicodusport","article_author":"https:\/\/www.facebook.com\/florent.ostermann","article_published_time":"2026-05-01T13:17:23+00:00","article_modified_time":"2026-05-01T13:18:01+00:00","og_image":[{"width":1200,"height":674,"url":"https:\/\/dicodusport.fr\/blog\/wp-content\/uploads\/2026\/04\/Eschborn-Francfort-2026-a-quelle-heure-et-sur-quelle-chaine-TV-regarder-la-course-en-direct-.png","type":"image\/png"}],"author":"Flo Ostermann","twitter_card":"summary_large_image","twitter_title":"Eschborn-Francfort 2026 : \u00e0 quelle heure et sur quelle cha\u00eene TV regarder la course en direct ?","twitter_creator":"@https:\/\/twitter.com\/FlOstermann","twitter_site":"@dicodusport","schema":{"@context":"https:\/\/schema.org","@graph":[{"@type":"NewsArticle","@id":"https:\/\/dicodusport.fr\/blog\/eschborn-francfort-2026-a-quelle-heure-et-sur-quelle-chaine-tv-regarder-la-course-en-direct\/#article","isPartOf":{"@id":"https:\/\/dicodusport.fr\/blog\/eschborn-francfort-2026-a-quelle-heure-et-sur-quelle-chaine-tv-regarder-la-course-en-direct\/"},"author":{"name":"Flo Ostermann","@id":"https:\/\/dicodusport.fr\/blog\/#\/schema\/person\/cb02af4c173ce4a653b55e9baf388d4a"},"headline":"Eschborn-Francfort 2026 : \u00e0 quelle heure et sur quelle cha\u00eene TV regarder la course en direct ?","datePublished":"2026-05-01T13:17:23+00:00","dateModified":"2026-05-01T13:18:01+00:00","mainEntityOfPage":{"@id":"https:\/\/dicodusport.fr\/blog\/eschborn-francfort-2026-a-quelle-heure-et-sur-quelle-chaine-tv-regarder-la-course-en-direct\/"},"wordCount":806,"commentCount":0,"publisher":{"@id":"https:\/\/dicodusport.fr\/blog\/#organization"},"image":{"@id":"https:\/\/dicodusport.fr\/blog\/eschborn-francfort-2026-a-quelle-heure-et-sur-quelle-chaine-tv-regarder-la-course-en-direct\/#primaryimage"},"thumbnailUrl":"https:\/\/dicodusport.fr\/blog\/wp-content\/uploads\/2026\/04\/Eschborn-Francfort-2026-a-quelle-heure-et-sur-quelle-chaine-TV-regarder-la-course-en-direct-.png","keywords":["actu","br\u00e8ve","Cyclisme","Cyclisme sur route","Eschborn-Francfort"],"articleSection":["Cha\u00eene TV","Cyclisme sur route"],"inLanguage":"fr-FR","potentialAction":[{"@type":"CommentAction","name":"Comment","target":["https:\/\/dicodusport.fr\/blog\/eschborn-francfort-2026-a-quelle-heure-et-sur-quelle-chaine-tv-regarder-la-course-en-direct\/#respond"]}],"copyrightYear":"2026","copyrightHolder":{"@id":"https:\/\/dicodusport.fr\/blog\/#organization"}},{"@type":"WebPage","@id":"https:\/\/dicodusport.fr\/blog\/eschborn-francfort-2026-a-quelle-heure-et-sur-quelle-chaine-tv-regarder-la-course-en-direct\/","url":"https:\/\/dicodusport.fr\/blog\/eschborn-francfort-2026-a-quelle-heure-et-sur-quelle-chaine-tv-regarder-la-course-en-direct\/","name":"Eschborn-Francfort 2026 : \u00e0 quelle heure et sur quelle cha\u00eene TV regarder la course en direct ?","isPartOf":{"@id":"https:\/\/dicodusport.fr\/blog\/#website"},"primaryImageOfPage":{"@id":"https:\/\/dicodusport.fr\/blog\/eschborn-francfort-2026-a-quelle-heure-et-sur-quelle-chaine-tv-regarder-la-course-en-direct\/#primaryimage"},"image":{"@id":"https:\/\/dicodusport.fr\/blog\/eschborn-francfort-2026-a-quelle-heure-et-sur-quelle-chaine-tv-regarder-la-course-en-direct\/#primaryimage"},"thumbnailUrl":"https:\/\/dicodusport.fr\/blog\/wp-content\/uploads\/2026\/04\/Eschborn-Francfort-2026-a-quelle-heure-et-sur-quelle-chaine-TV-regarder-la-course-en-direct-.png","datePublished":"2026-05-01T13:17:23+00:00","dateModified":"2026-05-01T13:18:01+00:00","description":"Eschborn-Francfort 2026 : \u00e0 quelle heure et sur quelle cha\u00eene suivre la classique allemande en direct ? D\u00e9couvrez toutes les infos TV pour ne rien manquer de la course.","breadcrumb":{"@id":"https:\/\/dicodusport.fr\/blog\/eschborn-francfort-2026-a-quelle-heure-et-sur-quelle-chaine-tv-regarder-la-course-en-direct\/#breadcrumb"},"inLanguage":"fr-FR","potentialAction":[{"@type":"ReadAction","target":["https:\/\/dicodusport.fr\/blog\/eschborn-francfort-2026-a-quelle-heure-et-sur-quelle-chaine-tv-regarder-la-course-en-direct\/"]}]},{"@type":"ImageObject","inLanguage":"fr-FR","@id":"https:\/\/dicodusport.fr\/blog\/eschborn-francfort-2026-a-quelle-heure-et-sur-quelle-chaine-tv-regarder-la-course-en-direct\/#primaryimage","url":"https:\/\/dicodusport.fr\/blog\/wp-content\/uploads\/2026\/04\/Eschborn-Francfort-2026-a-quelle-heure-et-sur-quelle-chaine-TV-regarder-la-course-en-direct-.png","contentUrl":"https:\/\/dicodusport.fr\/blog\/wp-content\/uploads\/2026\/04\/Eschborn-Francfort-2026-a-quelle-heure-et-sur-quelle-chaine-TV-regarder-la-course-en-direct-.png","width":1200,"height":674,"caption":"Eschborn-Francfort 2026 \u00e0 quelle heure et sur quelle cha\u00eene TV regarder la course en direct"},{"@type":"BreadcrumbList","@id":"https:\/\/dicodusport.fr\/blog\/eschborn-francfort-2026-a-quelle-heure-et-sur-quelle-chaine-tv-regarder-la-course-en-direct\/#breadcrumb","itemListElement":[{"@type":"ListItem","position":1,"name":"Accueil","item":"https:\/\/dicodusport.fr\/blog\/"},{"@type":"ListItem","position":2,"name":"Eschborn-Francfort 2026 : \u00e0 quelle heure et sur quelle cha\u00eene TV regarder la course en direct ?"}]},{"@type":"WebSite","@id":"https:\/\/dicodusport.fr\/blog\/#website","url":"https:\/\/dicodusport.fr\/blog\/","name":"Dicodusport","description":"L&#039;encyclop\u00e9die de l&#039;actualit\u00e9 sportive","publisher":{"@id":"https:\/\/dicodusport.fr\/blog\/#organization"},"potentialAction":[{"@type":"SearchAction","target":{"@type":"EntryPoint","urlTemplate":"https:\/\/dicodusport.fr\/blog\/?s={search_term_string}"},"query-input":{"@type":"PropertyValueSpecification","valueRequired":true,"valueName":"search_term_string"}}],"inLanguage":"fr-FR"},{"@type":"NewsMediaOrganization","@id":"https:\/\/dicodusport.fr\/blog\/#organization","name":"Dicodusport","url":"https:\/\/dicodusport.fr\/blog\/","logo":{"@type":"ImageObject","inLanguage":"fr-FR","@id":"https:\/\/dicodusport.fr\/blog\/#\/schema\/logo\/image\/","url":"https:\/\/dicodusport.fr\/blog\/wp-content\/uploads\/2020\/06\/cropped-LOGO-DICODUSPORT-2020-SANS-FOND-SANS-TEXTE.png","contentUrl":"https:\/\/dicodusport.fr\/blog\/wp-content\/uploads\/2020\/06\/cropped-LOGO-DICODUSPORT-2020-SANS-FOND-SANS-TEXTE.png","width":512,"height":512,"caption":"Dicodusport"},"image":{"@id":"https:\/\/dicodusport.fr\/blog\/#\/schema\/logo\/image\/"},"sameAs":["https:\/\/www.facebook.com\/dicodusport","https:\/\/x.com\/dicodusport","https:\/\/www.instagram.com\/dicodusport\/","https:\/\/www.youtube.com\/channel\/UC7V2KZ5sd3htJivAbA4ZG3w"],"description":"Dicodusport est l'encyclop\u00e9die de l'actualit\u00e9 sportive.","email":"bonjour@dicodusport.fr","legalName":"DICODUSPORT","foundingDate":"2018-01-14","vatID":"FR71834470973","taxID":"83447097300043","numberOfEmployees":{"@type":"QuantitativeValue","minValue":"1","maxValue":"10"}},{"@type":"Person","@id":"https:\/\/dicodusport.fr\/blog\/#\/schema\/person\/cb02af4c173ce4a653b55e9baf388d4a","name":"Flo Ostermann","image":{"@type":"ImageObject","inLanguage":"fr-FR","@id":"https:\/\/dicodusport.fr\/blog\/#\/schema\/person\/image\/","url":"https:\/\/dicodusport.fr\/blog\/wp-content\/uploads\/2021\/05\/Flo-Ostermann-150x150.jpg","contentUrl":"https:\/\/dicodusport.fr\/blog\/wp-content\/uploads\/2021\/05\/Flo-Ostermann-150x150.jpg","caption":"Flo Ostermann"},"description":"Journaliste\/R\u00e9dacteur depuis septembre 2015 - Mes premiers souvenirs dans le sport ? Les envol\u00e9es du Stade Toulousain et les duels Villeneuve-Schumacher et H\u00e4kkinen-Schumacher \u00e0 la fin des ann\u00e9es 90, la Coupe du monde de football en 1998, l\u2019exploit du XV de France face aux All Blacks en 1999, mais aussi Richard C\u0153ur de Lion qui vole sur les montagnes du Tour de France. Bien parti pour devenir professeur d\u2019EPS, les \u00e9v\u00e9nements de la vie (et la flemme d\u2019animer des s\u00e9ances de 3x500 m\u00e8tres toute ma vie) m\u2019ont conduit \u00e0 revoir mes plans. Me voil\u00e0 depuis fin 2017 sur Dicodusport, m\u00e9dia gr\u00e2ce (et pour) lequel je partage ma passion : le sport dans tous ses \u00e9tats. Le tout accompagn\u00e9 par les fous furieux et folles furieuses cit\u00e9s sur cette page !","sameAs":["https:\/\/www.facebook.com\/florent.ostermann","https:\/\/x.com\/https:\/\/twitter.com\/FlOstermann","admin"],"url":"https:\/\/dicodusport.fr\/blog\/author\/flo\/"}]}},"_links":{"self":[{"href":"https:\/\/dicodusport.fr\/blog\/wp-json\/wp\/v2\/posts\/666380","targetHints":{"allow":["GET"]}}],"collection":[{"href":"https:\/\/dicodusport.fr\/blog\/wp-json\/wp\/v2\/posts"}],"about":[{"href":"https:\/\/dicodusport.fr\/blog\/wp-json\/wp\/v2\/types\/post"}],"author":[{"embeddable":true,"href":"https:\/\/dicodusport.fr\/blog\/wp-json\/wp\/v2\/users\/4"}],"replies":[{"embeddable":true,"href":"https:\/\/dicodusport.fr\/blog\/wp-json\/wp\/v2\/comments?post=666380"}],"version-history":[{"count":2,"href":"https:\/\/dicodusport.fr\/blog\/wp-json\/wp\/v2\/posts\/666380\/revisions"}],"predecessor-version":[{"id":666389,"href":"https:\/\/dicodusport.fr\/blog\/wp-json\/wp\/v2\/posts\/666380\/revisions\/666389"}],"wp:featuredmedia":[{"embeddable":true,"href":"https:\/\/dicodusport.fr\/blog\/wp-json\/wp\/v2\/media\/666386"}],"wp:attachment":[{"href":"https:\/\/dicodusport.fr\/blog\/wp-json\/wp\/v2\/media?parent=666380"}],"wp:term":[{"taxonomy":"category","embeddable":true,"href":"https:\/\/dicodusport.fr\/blog\/wp-json\/wp\/v2\/categories?post=666380"},{"taxonomy":"post_tag","embeddable":true,"href":"https:\/\/dicodusport.fr\/blog\/wp-json\/wp\/v2\/tags?post=666380"}],"curies":[{"name":"wp","href":"https:\/\/api.w.org\/{rel}","templated":true}]}}