{"id":666530,"date":"2026-05-01T11:00:52","date_gmt":"2026-05-01T09:00:52","guid":{"rendered":"https:\/\/dicodusport.fr\/blog\/?p=666530&#038;preview=true&#038;preview_id=666530"},"modified":"2026-05-01T14:07:33","modified_gmt":"2026-05-01T12:07:33","slug":"coupe-du-monde-vtt-cross-country-2026-classement-general-femmes-actualise","status":"publish","type":"post","link":"https:\/\/dicodusport.fr\/blog\/coupe-du-monde-vtt-cross-country-2026-classement-general-femmes-actualise\/","title":{"rendered":"Coupe du monde VTT Cross-country 2026 \u2013 Classement G\u00e9n\u00e9ral Femmes actualis\u00e9"},"content":{"rendered":"<p style=\"text-align: justify;\"><strong><i>Coupe du monde VTT cross-country 2026 : classement g\u00e9n\u00e9ral femmes actualis\u00e9 et \u00e9volution de la hi\u00e9rarchie entre les favorites.<\/i><\/strong><\/p>\n<ul>\n<li style=\"text-align: justify;\"><strong>\u00c0 ce sujet &#8211; <a href=\"https:\/\/dicodusport.fr\/blog\/coupe-du-monde-de-vtt-cross-country-2026-calendrier-complet-et-resultats\/\">Coupe du monde de VTT cross-country 2026 \u2013 Calendrier complet et r\u00e9sultats<\/a><\/strong><\/li>\n<\/ul>\n<p style=\"text-align: justify;\"><strong>COUPE DU MONDE VTT CROSS-COUNTRY 2026 \u2013 <\/strong>Le classement g\u00e9n\u00e9ral femmes \u00e9volue au fil des manches et une hi\u00e9rarchie entre les grandes favorites du circuit mondial va rapidement se dessiner. Tour d\u2019horizon des pr\u00e9tendantes au g\u00e9n\u00e9ral.<\/p>\n<h2 style=\"text-align: justify;\">Un classement g\u00e9n\u00e9ral ouvert<\/h2>\n<p style=\"text-align: justify;\">La <strong>Coupe du monde de VTT cross-country 2026<\/strong> a d\u00e9but\u00e9 et le classement g\u00e9n\u00e9ral femmes va rapidement commencer \u00e0 prendre forme. Comme souvent en d\u00e9but de saison, les \u00e9carts restent encore serr\u00e9s, mais certaines leaders vont se d\u00e9tacher gr\u00e2ce \u00e0 leur r\u00e9gularit\u00e9 et leur capacit\u00e9 \u00e0 performer sur les formats XCC et XCO.<\/p>\n<p style=\"text-align: justify;\">Dans la continuit\u00e9 des saisons pr\u00e9c\u00e9dentes, la hi\u00e9rarchie mondiale reste domin\u00e9e par un noyau dur de pilotes capables d\u2019encha\u00eener les podiums. La dynamique observ\u00e9e en 2025, o\u00f9 plusieurs d\u2019entre elles se sont r\u00e9guli\u00e8rement disput\u00e9 les victoires, semble se confirmer en ce d\u00e9but d\u2019exercice.<\/p>\n<h2 style=\"text-align: justify;\">Rissveds en figure de r\u00e9f\u00e9rence<\/h2>\n<p style=\"text-align: justify;\">Parmi les grandes favorites, <strong>Jenny Rissveds<\/strong> appara\u00eet comme une r\u00e9f\u00e9rence incontournable. En l\u2019absence de la laur\u00e9ate sortante, la N\u00e9o-Z\u00e9landaise <strong>Samara Maxwell<\/strong>, la Su\u00e9doise, championne du monde et ultra-dominante sur la fin de saison pass\u00e9e, a d\u00e9montr\u00e9 une r\u00e9gularit\u00e9 impressionnante et une capacit\u00e9 \u00e0 \u00e9craser la concurrence sur certaines manches. Sa polyvalence entre short track et cross-country olympique en fait une pr\u00e9tendante naturelle au classement g\u00e9n\u00e9ral.<\/p>\n<h2 style=\"text-align: justify;\">Keller, Richards et Koller en embuscade<\/h2>\n<p style=\"text-align: justify;\">Face \u00e0 elle, la Suissesse <strong>Alessandra Keller<\/strong> reste une adversaire majeure. D\u00e9j\u00e0 victorieuse du classement g\u00e9n\u00e9ral par le pass\u00e9, elle poss\u00e8de l\u2019exp\u00e9rience et la constance n\u00e9cessaires pour jouer le titre sur la dur\u00e9e. \u00c0 ses c\u00f4t\u00e9s, sa compatriote <strong>Nicole Koller<\/strong> incarne une menace cr\u00e9dible, capable de s\u2019immiscer r\u00e9guli\u00e8rement dans le top 5 mondial.<\/p>\n<p style=\"text-align: justify;\">La Britannique <strong>Evie Richards<\/strong> compl\u00e8te ce quatuor de favorites. Championne du monde et sp\u00e9cialiste du XCC, elle reste une valeur s\u00fbre du circuit, capable de faire la diff\u00e9rence sur les formats courts et de peser sur le classement global.<\/p>\n<p style=\"text-align: justify;\"><strong>\u00c0 mesure que la saison avance, la lutte pour le classement g\u00e9n\u00e9ral femmes de la Coupe du monde de VTT 2026 s\u2019annonce particuli\u00e8rement ouverte, avec plusieurs pr\u00e9tendantes capables de viser le sommet.<\/strong><\/p>\n<h2 style=\"text-align: justify;\">Classement g\u00e9n\u00e9ral femmes de la Coupe du monde de VTT Cross-country 2026<\/h2>\n<p style=\"text-align: justify;\"><span style=\"font-size: 14px;\"><em><strong>Classement officiel mis \u00e0 jour apr\u00e8s le XCC de YongPyong (1\/20).<\/strong><\/em><\/span><\/p>\n<div class=\"su-table su-table-alternate\">\n<table style=\"width: 800px;border-collapse: collapse\" border=\"1\">\n<tbody>\n<tr style=\"height: 24px\">\n<td style=\"border-color: #ebebeb;height: 24px;text-align: center;width: 80px;vertical-align: middle\">\ud83c\udfc6<\/td>\n<td style=\"border-color: #ebebeb;height: 24px;text-align: center;width: 500px;vertical-align: middle\"><span style=\"font-size: 0.9em\"><strong>CYCLISTES<\/strong><\/span><\/td>\n<td style=\"border-color: #ebebeb;height: 24px;text-align: center;width: 220px;vertical-align: middle\"><span style=\"font-size: 0.9em\"><strong>POINTS<\/strong><\/span><\/td>\n<\/tr>\n<tr>\n<td style=\"border-color: #ebebeb;text-align: center;width: 80px;vertical-align: middle\"><strong><span class=\"su-label su-label-type-warning\">1.<\/span><\/strong><\/td>\n<td style=\"border-color: #ebebeb;text-align: center;width: 500px;vertical-align: middle\"><span style=\"font-size: 0.9em\"><b>\ud83c\udde8\ud83c\udded SINA FREI<\/b><\/span><\/td>\n<td style=\"border-color: #ebebeb;text-align: center;width: 220px;vertical-align: middle\"><span style=\"font-size: 0.9em\"><b>80<\/b><\/span><\/td>\n<\/tr>\n<tr>\n<td style=\"border-color: #ebebeb;text-align: center;width: 80px;vertical-align: middle\"><span style=\"font-size: 0.9em\">2.<\/span><\/td>\n<td style=\"border-color: #ebebeb;text-align: center;width: 500px;vertical-align: middle\"><span style=\"font-size: 0.9em\"><b>\ud83c\uddec\ud83c\udde7 EVIE RICHARDS<\/b><\/span><\/td>\n<td style=\"border-color: #ebebeb;text-align: center;width: 220px;vertical-align: middle\"><span style=\"font-size: 0.9em\"><b>65<\/b><\/span><\/td>\n<\/tr>\n<tr>\n<td style=\"border-color: #ebebeb;text-align: center;width: 80px;vertical-align: middle\"><span style=\"font-size: 0.9em\">3.<\/span><\/td>\n<td style=\"border-color: #ebebeb;text-align: center;width: 500px;vertical-align: middle\"><span style=\"font-size: 0.9em\"><b>\ud83c\uddee\ud83c\uddf9 MARTINA BERTA<\/b><\/span><\/td>\n<td style=\"border-color: #ebebeb;text-align: center;width: 220px;vertical-align: middle\"><span style=\"font-size: 0.9em\"><b>50<\/b><\/span><\/td>\n<\/tr>\n<tr style=\"height: 24px\">\n<td style=\"border-color: #ebebeb;height: 24px;text-align: center;width: 80px;vertical-align: middle\"><span style=\"font-size: 0.9em\">4.<\/span><\/td>\n<td style=\"border-color: #ebebeb;text-align: center;width: 500px;vertical-align: middle\"><span style=\"font-size: 0.9em\"><b>\ud83c\udde6\ud83c\uddf9 LAURA STIGGER<\/b><\/span><\/td>\n<td style=\"border-color: #ebebeb;text-align: center;width: 220px;vertical-align: middle\"><span style=\"font-size: 0.9em\"><b>40<\/b><\/span><\/td>\n<\/tr>\n<tr>\n<td style=\"border-color: #ebebeb;text-align: center;width: 80px;vertical-align: middle\"><span style=\"font-size: 0.9em\">5.<\/span><\/td>\n<td style=\"border-color: #ebebeb;text-align: center;width: 500px;vertical-align: middle\"><span style=\"font-size: 0.9em\"><b>\ud83c\uddf8\ud83c\uddea\u00a0JENNY RISSVEDS<\/b><\/span><\/td>\n<td style=\"border-color: #ebebeb;text-align: center;width: 220px;vertical-align: middle\"><span style=\"font-size: 0.9em\"><b>38<\/b><\/span><\/td>\n<\/tr>\n<tr>\n<td style=\"border-color: #ebebeb;text-align: center;width: 80px;vertical-align: middle\"><span style=\"font-size: 0.9em\">6<\/span><span style=\"font-size: 0.9em\">.<\/span><\/td>\n<td style=\"border-color: #ebebeb;text-align: center;width: 500px;vertical-align: middle\"><span style=\"font-size: 0.9em\"><b>\ud83c\uddfa\ud83c\uddf8 GWENDALYN GIBSON<\/b><\/span><\/td>\n<td style=\"border-color: #ebebeb;text-align: center;width: 220px;vertical-align: middle\"><span style=\"font-size: 0.9em\"><b>37<\/b><\/span><\/td>\n<\/tr>\n<tr>\n<td style=\"border-color: #ebebeb;text-align: center;width: 80px;vertical-align: middle\"><span style=\"font-size: 0.9em\">7.<\/span><\/td>\n<td style=\"border-color: #ebebeb;text-align: center;width: 500px;vertical-align: middle\"><span style=\"font-size: 0.9em\"><b>\ud83c\uddf3\ud83c\uddf1 ANNE TERPSTRA<\/b><\/span><\/td>\n<td style=\"border-color: #ebebeb;text-align: center;width: 220px;vertical-align: middle\"><span style=\"font-size: 0.9em\"><b>36<\/b><\/span><\/td>\n<\/tr>\n<tr style=\"height: 24px\">\n<td style=\"border-color: #ebebeb;height: 24px;text-align: center;width: 80px;vertical-align: middle\"><span style=\"font-size: 0.9em\">8.<\/span><\/td>\n<td style=\"border-color: #ebebeb;text-align: center;width: 500px;vertical-align: middle\"><span style=\"font-size: 0.9em\"><b>\ud83c\udde6\ud83c\uddf9 MONA MITTERWALLNER<\/b><\/span><\/td>\n<td style=\"border-color: #ebebeb;text-align: center;width: 220px;vertical-align: middle\"><span style=\"font-size: 0.9em\"><b>35<\/b><\/span><\/td>\n<\/tr>\n<tr>\n<td style=\"border-color: #ebebeb;text-align: center;width: 80px;vertical-align: middle\"><span style=\"font-size: 0.9em\">9.<\/span><\/td>\n<td style=\"border-color: #ebebeb;text-align: center;width: 500px;vertical-align: middle\"><strong><span style=\"font-size: 0.9em\">\ud83c\udde6\ud83c\uddfa REBECCA HENDERSON<\/span><\/strong><\/td>\n<td style=\"border-color: #ebebeb;text-align: center;width: 220px;vertical-align: middle\"><span style=\"font-size: 0.9em\"><b>34<\/b><\/span><\/td>\n<\/tr>\n<tr>\n<td style=\"border-color: #ebebeb;text-align: center;width: 80px;vertical-align: middle\"><span style=\"font-size: 0.9em\">10.<\/span><\/td>\n<td style=\"border-color: #ebebeb;text-align: center;width: 500px;vertical-align: middle\"><span style=\"font-size: 0.9em\"><b>\ud83c\udde9\ud83c\uddea KIRA B\u00d6HM<\/b><\/span><\/td>\n<td style=\"border-color: #ebebeb;text-align: center;width: 220px;vertical-align: middle\"><span style=\"font-size: 0.9em\"><b>33<\/b><\/span><\/td>\n<\/tr>\n<\/tbody>\n<\/table>\n<\/div>\n<h3 style=\"text-align: justify;\">\u00c0 ce sujet<\/h3>\n<ul>\n<li style=\"text-align: justify;\"><strong><a href=\"https:\/\/www.ucimtbworldseries.com\/standings\/2026\">Le classement g\u00e9n\u00e9ral complet<\/a><br \/>\n<\/strong><\/li>\n<\/ul>\n","protected":false},"excerpt":{"rendered":"<p>Coupe du monde VTT cross-country 2026 : classement g\u00e9n\u00e9ral femmes actualis\u00e9 et \u00e9volution de la hi\u00e9rarchie entre les favorites.<\/p>\n","protected":false},"author":4,"featured_media":666536,"comment_status":"open","ping_status":"closed","sticky":false,"template":"","format":"standard","meta":{"_acf_changed":false,"_daextam_enable_autolinks":"1","footnotes":""},"categories":[10279],"tags":[16878,11873,692],"class_list":["post-666530","post","type-post","status-publish","format-standard","has-post-thumbnail","hentry","category-vtt","tag-breve","tag-coupe-du-monde-de-vtt","tag-vtt"],"acf":[],"yoast_head":"<!-- This site is optimized with the Yoast SEO Premium plugin v26.7 (Yoast SEO v26.7) - https:\/\/yoast.com\/wordpress\/plugins\/seo\/ -->\n<title>Coupe du monde VTT Cross-country 2026 \u2013 Classement G\u00e9n\u00e9ral Femmes actualis\u00e9<\/title>\n<meta name=\"description\" content=\"Coupe du monde VTT cross-country 2026 : classement g\u00e9n\u00e9ral femmes actualis\u00e9 et \u00e9volution de la hi\u00e9rarchie entre les favorites.\" \/>\n<meta name=\"robots\" content=\"index, follow, max-snippet:-1, max-image-preview:large, max-video-preview:-1\" \/>\n<link rel=\"canonical\" href=\"https:\/\/dicodusport.fr\/blog\/coupe-du-monde-vtt-cross-country-2026-classement-general-femmes-actualise\/\" \/>\n<meta property=\"og:locale\" content=\"fr_FR\" \/>\n<meta property=\"og:type\" content=\"article\" \/>\n<meta property=\"og:title\" content=\"Coupe du monde VTT Cross-country 2026 \u2013 Classement G\u00e9n\u00e9ral Femmes actualis\u00e9\" \/>\n<meta property=\"og:description\" content=\"Coupe du monde VTT cross-country 2026 : classement g\u00e9n\u00e9ral femmes actualis\u00e9 et \u00e9volution de la hi\u00e9rarchie entre les favorites.\" \/>\n<meta property=\"og:url\" content=\"https:\/\/dicodusport.fr\/blog\/coupe-du-monde-vtt-cross-country-2026-classement-general-femmes-actualise\/\" \/>\n<meta property=\"og:site_name\" content=\"Dicodusport\" \/>\n<meta property=\"article:publisher\" content=\"https:\/\/www.facebook.com\/dicodusport\" \/>\n<meta property=\"article:author\" content=\"https:\/\/www.facebook.com\/florent.ostermann\" \/>\n<meta property=\"article:published_time\" content=\"2026-05-01T09:00:52+00:00\" \/>\n<meta property=\"article:modified_time\" content=\"2026-05-01T12:07:33+00:00\" \/>\n<meta property=\"og:image\" content=\"https:\/\/dicodusport.fr\/blog\/wp-content\/uploads\/2026\/04\/Coupe-du-monde-VTT-Cross-country-2026-\u2013-Classement-General-Femmes-actualise.png\" \/>\n\t<meta property=\"og:image:width\" content=\"1200\" \/>\n\t<meta property=\"og:image:height\" content=\"674\" \/>\n\t<meta property=\"og:image:type\" content=\"image\/png\" \/>\n<meta name=\"author\" content=\"Flo Ostermann\" \/>\n<meta name=\"twitter:card\" content=\"summary_large_image\" \/>\n<meta name=\"twitter:title\" content=\"Coupe du monde VTT Cross-country 2026 \u2013 Classement G\u00e9n\u00e9ral Femmes actualis\u00e9\" \/>\n<meta name=\"twitter:creator\" content=\"@https:\/\/twitter.com\/FlOstermann\" \/>\n<meta name=\"twitter:site\" content=\"@dicodusport\" \/>\n<script type=\"application\/ld+json\" class=\"yoast-schema-graph\">{\"@context\":\"https:\/\/schema.org\",\"@graph\":[{\"@type\":\"NewsArticle\",\"@id\":\"https:\/\/dicodusport.fr\/blog\/coupe-du-monde-vtt-cross-country-2026-classement-general-femmes-actualise\/#article\",\"isPartOf\":{\"@id\":\"https:\/\/dicodusport.fr\/blog\/coupe-du-monde-vtt-cross-country-2026-classement-general-femmes-actualise\/\"},\"author\":{\"name\":\"Flo Ostermann\",\"@id\":\"https:\/\/dicodusport.fr\/blog\/#\/schema\/person\/cb02af4c173ce4a653b55e9baf388d4a\"},\"headline\":\"Coupe du monde VTT Cross-country 2026 \u2013 Classement G\u00e9n\u00e9ral Femmes actualis\u00e9\",\"datePublished\":\"2026-05-01T09:00:52+00:00\",\"dateModified\":\"2026-05-01T12:07:33+00:00\",\"mainEntityOfPage\":{\"@id\":\"https:\/\/dicodusport.fr\/blog\/coupe-du-monde-vtt-cross-country-2026-classement-general-femmes-actualise\/\"},\"wordCount\":500,\"commentCount\":0,\"publisher\":{\"@id\":\"https:\/\/dicodusport.fr\/blog\/#organization\"},\"image\":{\"@id\":\"https:\/\/dicodusport.fr\/blog\/coupe-du-monde-vtt-cross-country-2026-classement-general-femmes-actualise\/#primaryimage\"},\"thumbnailUrl\":\"https:\/\/dicodusport.fr\/blog\/wp-content\/uploads\/2026\/04\/Coupe-du-monde-VTT-Cross-country-2026-\u2013-Classement-General-Femmes-actualise.png\",\"keywords\":[\"br\u00e8ve\",\"Coupe du monde de VTT\",\"VTT\"],\"articleSection\":[\"VTT\"],\"inLanguage\":\"fr-FR\",\"potentialAction\":[{\"@type\":\"CommentAction\",\"name\":\"Comment\",\"target\":[\"https:\/\/dicodusport.fr\/blog\/coupe-du-monde-vtt-cross-country-2026-classement-general-femmes-actualise\/#respond\"]}],\"copyrightYear\":\"2026\",\"copyrightHolder\":{\"@id\":\"https:\/\/dicodusport.fr\/blog\/#organization\"}},{\"@type\":\"WebPage\",\"@id\":\"https:\/\/dicodusport.fr\/blog\/coupe-du-monde-vtt-cross-country-2026-classement-general-femmes-actualise\/\",\"url\":\"https:\/\/dicodusport.fr\/blog\/coupe-du-monde-vtt-cross-country-2026-classement-general-femmes-actualise\/\",\"name\":\"Coupe du monde VTT Cross-country 2026 \u2013 Classement G\u00e9n\u00e9ral Femmes actualis\u00e9\",\"isPartOf\":{\"@id\":\"https:\/\/dicodusport.fr\/blog\/#website\"},\"primaryImageOfPage\":{\"@id\":\"https:\/\/dicodusport.fr\/blog\/coupe-du-monde-vtt-cross-country-2026-classement-general-femmes-actualise\/#primaryimage\"},\"image\":{\"@id\":\"https:\/\/dicodusport.fr\/blog\/coupe-du-monde-vtt-cross-country-2026-classement-general-femmes-actualise\/#primaryimage\"},\"thumbnailUrl\":\"https:\/\/dicodusport.fr\/blog\/wp-content\/uploads\/2026\/04\/Coupe-du-monde-VTT-Cross-country-2026-\u2013-Classement-General-Femmes-actualise.png\",\"datePublished\":\"2026-05-01T09:00:52+00:00\",\"dateModified\":\"2026-05-01T12:07:33+00:00\",\"description\":\"Coupe du monde VTT cross-country 2026 : classement g\u00e9n\u00e9ral femmes actualis\u00e9 et \u00e9volution de la hi\u00e9rarchie entre les favorites.\",\"breadcrumb\":{\"@id\":\"https:\/\/dicodusport.fr\/blog\/coupe-du-monde-vtt-cross-country-2026-classement-general-femmes-actualise\/#breadcrumb\"},\"inLanguage\":\"fr-FR\",\"potentialAction\":[{\"@type\":\"ReadAction\",\"target\":[\"https:\/\/dicodusport.fr\/blog\/coupe-du-monde-vtt-cross-country-2026-classement-general-femmes-actualise\/\"]}]},{\"@type\":\"ImageObject\",\"inLanguage\":\"fr-FR\",\"@id\":\"https:\/\/dicodusport.fr\/blog\/coupe-du-monde-vtt-cross-country-2026-classement-general-femmes-actualise\/#primaryimage\",\"url\":\"https:\/\/dicodusport.fr\/blog\/wp-content\/uploads\/2026\/04\/Coupe-du-monde-VTT-Cross-country-2026-\u2013-Classement-General-Femmes-actualise.png\",\"contentUrl\":\"https:\/\/dicodusport.fr\/blog\/wp-content\/uploads\/2026\/04\/Coupe-du-monde-VTT-Cross-country-2026-\u2013-Classement-General-Femmes-actualise.png\",\"width\":1200,\"height\":674,\"caption\":\"Coupe du monde VTT Cross-country 2026 \u2013 Classement G\u00e9n\u00e9ral Femmes actualis\u00e9\"},{\"@type\":\"BreadcrumbList\",\"@id\":\"https:\/\/dicodusport.fr\/blog\/coupe-du-monde-vtt-cross-country-2026-classement-general-femmes-actualise\/#breadcrumb\",\"itemListElement\":[{\"@type\":\"ListItem\",\"position\":1,\"name\":\"Accueil\",\"item\":\"https:\/\/dicodusport.fr\/blog\/\"},{\"@type\":\"ListItem\",\"position\":2,\"name\":\"Coupe du monde VTT Cross-country 2026 \u2013 Classement G\u00e9n\u00e9ral Femmes actualis\u00e9\"}]},{\"@type\":\"WebSite\",\"@id\":\"https:\/\/dicodusport.fr\/blog\/#website\",\"url\":\"https:\/\/dicodusport.fr\/blog\/\",\"name\":\"Dicodusport\",\"description\":\"L&#039;encyclop\u00e9die de l&#039;actualit\u00e9 sportive\",\"publisher\":{\"@id\":\"https:\/\/dicodusport.fr\/blog\/#organization\"},\"potentialAction\":[{\"@type\":\"SearchAction\",\"target\":{\"@type\":\"EntryPoint\",\"urlTemplate\":\"https:\/\/dicodusport.fr\/blog\/?s={search_term_string}\"},\"query-input\":{\"@type\":\"PropertyValueSpecification\",\"valueRequired\":true,\"valueName\":\"search_term_string\"}}],\"inLanguage\":\"fr-FR\"},{\"@type\":\"NewsMediaOrganization\",\"@id\":\"https:\/\/dicodusport.fr\/blog\/#organization\",\"name\":\"Dicodusport\",\"url\":\"https:\/\/dicodusport.fr\/blog\/\",\"logo\":{\"@type\":\"ImageObject\",\"inLanguage\":\"fr-FR\",\"@id\":\"https:\/\/dicodusport.fr\/blog\/#\/schema\/logo\/image\/\",\"url\":\"https:\/\/dicodusport.fr\/blog\/wp-content\/uploads\/2020\/06\/cropped-LOGO-DICODUSPORT-2020-SANS-FOND-SANS-TEXTE.png\",\"contentUrl\":\"https:\/\/dicodusport.fr\/blog\/wp-content\/uploads\/2020\/06\/cropped-LOGO-DICODUSPORT-2020-SANS-FOND-SANS-TEXTE.png\",\"width\":512,\"height\":512,\"caption\":\"Dicodusport\"},\"image\":{\"@id\":\"https:\/\/dicodusport.fr\/blog\/#\/schema\/logo\/image\/\"},\"sameAs\":[\"https:\/\/www.facebook.com\/dicodusport\",\"https:\/\/x.com\/dicodusport\",\"https:\/\/www.instagram.com\/dicodusport\/\",\"https:\/\/www.youtube.com\/channel\/UC7V2KZ5sd3htJivAbA4ZG3w\"],\"description\":\"Dicodusport est l'encyclop\u00e9die de l'actualit\u00e9 sportive.\",\"email\":\"bonjour@dicodusport.fr\",\"legalName\":\"DICODUSPORT\",\"foundingDate\":\"2018-01-14\",\"vatID\":\"FR71834470973\",\"taxID\":\"83447097300043\",\"numberOfEmployees\":{\"@type\":\"QuantitativeValue\",\"minValue\":\"1\",\"maxValue\":\"10\"}},{\"@type\":\"Person\",\"@id\":\"https:\/\/dicodusport.fr\/blog\/#\/schema\/person\/cb02af4c173ce4a653b55e9baf388d4a\",\"name\":\"Flo Ostermann\",\"image\":{\"@type\":\"ImageObject\",\"inLanguage\":\"fr-FR\",\"@id\":\"https:\/\/dicodusport.fr\/blog\/#\/schema\/person\/image\/\",\"url\":\"https:\/\/dicodusport.fr\/blog\/wp-content\/uploads\/2021\/05\/Flo-Ostermann-150x150.jpg\",\"contentUrl\":\"https:\/\/dicodusport.fr\/blog\/wp-content\/uploads\/2021\/05\/Flo-Ostermann-150x150.jpg\",\"caption\":\"Flo Ostermann\"},\"description\":\"Journaliste\/R\u00e9dacteur depuis septembre 2015 - Mes premiers souvenirs dans le sport ? Les envol\u00e9es du Stade Toulousain et les duels Villeneuve-Schumacher et H\u00e4kkinen-Schumacher \u00e0 la fin des ann\u00e9es 90, la Coupe du monde de football en 1998, l\u2019exploit du XV de France face aux All Blacks en 1999, mais aussi Richard C\u0153ur de Lion qui vole sur les montagnes du Tour de France. Bien parti pour devenir professeur d\u2019EPS, les \u00e9v\u00e9nements de la vie (et la flemme d\u2019animer des s\u00e9ances de 3x500 m\u00e8tres toute ma vie) m\u2019ont conduit \u00e0 revoir mes plans. Me voil\u00e0 depuis fin 2017 sur Dicodusport, m\u00e9dia gr\u00e2ce (et pour) lequel je partage ma passion : le sport dans tous ses \u00e9tats. Le tout accompagn\u00e9 par les fous furieux et folles furieuses cit\u00e9s sur cette page !\",\"sameAs\":[\"https:\/\/www.facebook.com\/florent.ostermann\",\"https:\/\/x.com\/https:\/\/twitter.com\/FlOstermann\",\"admin\"],\"url\":\"https:\/\/dicodusport.fr\/blog\/author\/flo\/\"}]}<\/script>\n<!-- \/ Yoast SEO Premium plugin. -->","yoast_head_json":{"title":"Coupe du monde VTT Cross-country 2026 \u2013 Classement G\u00e9n\u00e9ral Femmes actualis\u00e9","description":"Coupe du monde VTT cross-country 2026 : classement g\u00e9n\u00e9ral femmes actualis\u00e9 et \u00e9volution de la hi\u00e9rarchie entre les favorites.","robots":{"index":"index","follow":"follow","max-snippet":"max-snippet:-1","max-image-preview":"max-image-preview:large","max-video-preview":"max-video-preview:-1"},"canonical":"https:\/\/dicodusport.fr\/blog\/coupe-du-monde-vtt-cross-country-2026-classement-general-femmes-actualise\/","og_locale":"fr_FR","og_type":"article","og_title":"Coupe du monde VTT Cross-country 2026 \u2013 Classement G\u00e9n\u00e9ral Femmes actualis\u00e9","og_description":"Coupe du monde VTT cross-country 2026 : classement g\u00e9n\u00e9ral femmes actualis\u00e9 et \u00e9volution de la hi\u00e9rarchie entre les favorites.","og_url":"https:\/\/dicodusport.fr\/blog\/coupe-du-monde-vtt-cross-country-2026-classement-general-femmes-actualise\/","og_site_name":"Dicodusport","article_publisher":"https:\/\/www.facebook.com\/dicodusport","article_author":"https:\/\/www.facebook.com\/florent.ostermann","article_published_time":"2026-05-01T09:00:52+00:00","article_modified_time":"2026-05-01T12:07:33+00:00","og_image":[{"width":1200,"height":674,"url":"https:\/\/dicodusport.fr\/blog\/wp-content\/uploads\/2026\/04\/Coupe-du-monde-VTT-Cross-country-2026-\u2013-Classement-General-Femmes-actualise.png","type":"image\/png"}],"author":"Flo Ostermann","twitter_card":"summary_large_image","twitter_title":"Coupe du monde VTT Cross-country 2026 \u2013 Classement G\u00e9n\u00e9ral Femmes actualis\u00e9","twitter_creator":"@https:\/\/twitter.com\/FlOstermann","twitter_site":"@dicodusport","schema":{"@context":"https:\/\/schema.org","@graph":[{"@type":"NewsArticle","@id":"https:\/\/dicodusport.fr\/blog\/coupe-du-monde-vtt-cross-country-2026-classement-general-femmes-actualise\/#article","isPartOf":{"@id":"https:\/\/dicodusport.fr\/blog\/coupe-du-monde-vtt-cross-country-2026-classement-general-femmes-actualise\/"},"author":{"name":"Flo Ostermann","@id":"https:\/\/dicodusport.fr\/blog\/#\/schema\/person\/cb02af4c173ce4a653b55e9baf388d4a"},"headline":"Coupe du monde VTT Cross-country 2026 \u2013 Classement G\u00e9n\u00e9ral Femmes actualis\u00e9","datePublished":"2026-05-01T09:00:52+00:00","dateModified":"2026-05-01T12:07:33+00:00","mainEntityOfPage":{"@id":"https:\/\/dicodusport.fr\/blog\/coupe-du-monde-vtt-cross-country-2026-classement-general-femmes-actualise\/"},"wordCount":500,"commentCount":0,"publisher":{"@id":"https:\/\/dicodusport.fr\/blog\/#organization"},"image":{"@id":"https:\/\/dicodusport.fr\/blog\/coupe-du-monde-vtt-cross-country-2026-classement-general-femmes-actualise\/#primaryimage"},"thumbnailUrl":"https:\/\/dicodusport.fr\/blog\/wp-content\/uploads\/2026\/04\/Coupe-du-monde-VTT-Cross-country-2026-\u2013-Classement-General-Femmes-actualise.png","keywords":["br\u00e8ve","Coupe du monde de VTT","VTT"],"articleSection":["VTT"],"inLanguage":"fr-FR","potentialAction":[{"@type":"CommentAction","name":"Comment","target":["https:\/\/dicodusport.fr\/blog\/coupe-du-monde-vtt-cross-country-2026-classement-general-femmes-actualise\/#respond"]}],"copyrightYear":"2026","copyrightHolder":{"@id":"https:\/\/dicodusport.fr\/blog\/#organization"}},{"@type":"WebPage","@id":"https:\/\/dicodusport.fr\/blog\/coupe-du-monde-vtt-cross-country-2026-classement-general-femmes-actualise\/","url":"https:\/\/dicodusport.fr\/blog\/coupe-du-monde-vtt-cross-country-2026-classement-general-femmes-actualise\/","name":"Coupe du monde VTT Cross-country 2026 \u2013 Classement G\u00e9n\u00e9ral Femmes actualis\u00e9","isPartOf":{"@id":"https:\/\/dicodusport.fr\/blog\/#website"},"primaryImageOfPage":{"@id":"https:\/\/dicodusport.fr\/blog\/coupe-du-monde-vtt-cross-country-2026-classement-general-femmes-actualise\/#primaryimage"},"image":{"@id":"https:\/\/dicodusport.fr\/blog\/coupe-du-monde-vtt-cross-country-2026-classement-general-femmes-actualise\/#primaryimage"},"thumbnailUrl":"https:\/\/dicodusport.fr\/blog\/wp-content\/uploads\/2026\/04\/Coupe-du-monde-VTT-Cross-country-2026-\u2013-Classement-General-Femmes-actualise.png","datePublished":"2026-05-01T09:00:52+00:00","dateModified":"2026-05-01T12:07:33+00:00","description":"Coupe du monde VTT cross-country 2026 : classement g\u00e9n\u00e9ral femmes actualis\u00e9 et \u00e9volution de la hi\u00e9rarchie entre les favorites.","breadcrumb":{"@id":"https:\/\/dicodusport.fr\/blog\/coupe-du-monde-vtt-cross-country-2026-classement-general-femmes-actualise\/#breadcrumb"},"inLanguage":"fr-FR","potentialAction":[{"@type":"ReadAction","target":["https:\/\/dicodusport.fr\/blog\/coupe-du-monde-vtt-cross-country-2026-classement-general-femmes-actualise\/"]}]},{"@type":"ImageObject","inLanguage":"fr-FR","@id":"https:\/\/dicodusport.fr\/blog\/coupe-du-monde-vtt-cross-country-2026-classement-general-femmes-actualise\/#primaryimage","url":"https:\/\/dicodusport.fr\/blog\/wp-content\/uploads\/2026\/04\/Coupe-du-monde-VTT-Cross-country-2026-\u2013-Classement-General-Femmes-actualise.png","contentUrl":"https:\/\/dicodusport.fr\/blog\/wp-content\/uploads\/2026\/04\/Coupe-du-monde-VTT-Cross-country-2026-\u2013-Classement-General-Femmes-actualise.png","width":1200,"height":674,"caption":"Coupe du monde VTT Cross-country 2026 \u2013 Classement G\u00e9n\u00e9ral Femmes actualis\u00e9"},{"@type":"BreadcrumbList","@id":"https:\/\/dicodusport.fr\/blog\/coupe-du-monde-vtt-cross-country-2026-classement-general-femmes-actualise\/#breadcrumb","itemListElement":[{"@type":"ListItem","position":1,"name":"Accueil","item":"https:\/\/dicodusport.fr\/blog\/"},{"@type":"ListItem","position":2,"name":"Coupe du monde VTT Cross-country 2026 \u2013 Classement G\u00e9n\u00e9ral Femmes actualis\u00e9"}]},{"@type":"WebSite","@id":"https:\/\/dicodusport.fr\/blog\/#website","url":"https:\/\/dicodusport.fr\/blog\/","name":"Dicodusport","description":"L&#039;encyclop\u00e9die de l&#039;actualit\u00e9 sportive","publisher":{"@id":"https:\/\/dicodusport.fr\/blog\/#organization"},"potentialAction":[{"@type":"SearchAction","target":{"@type":"EntryPoint","urlTemplate":"https:\/\/dicodusport.fr\/blog\/?s={search_term_string}"},"query-input":{"@type":"PropertyValueSpecification","valueRequired":true,"valueName":"search_term_string"}}],"inLanguage":"fr-FR"},{"@type":"NewsMediaOrganization","@id":"https:\/\/dicodusport.fr\/blog\/#organization","name":"Dicodusport","url":"https:\/\/dicodusport.fr\/blog\/","logo":{"@type":"ImageObject","inLanguage":"fr-FR","@id":"https:\/\/dicodusport.fr\/blog\/#\/schema\/logo\/image\/","url":"https:\/\/dicodusport.fr\/blog\/wp-content\/uploads\/2020\/06\/cropped-LOGO-DICODUSPORT-2020-SANS-FOND-SANS-TEXTE.png","contentUrl":"https:\/\/dicodusport.fr\/blog\/wp-content\/uploads\/2020\/06\/cropped-LOGO-DICODUSPORT-2020-SANS-FOND-SANS-TEXTE.png","width":512,"height":512,"caption":"Dicodusport"},"image":{"@id":"https:\/\/dicodusport.fr\/blog\/#\/schema\/logo\/image\/"},"sameAs":["https:\/\/www.facebook.com\/dicodusport","https:\/\/x.com\/dicodusport","https:\/\/www.instagram.com\/dicodusport\/","https:\/\/www.youtube.com\/channel\/UC7V2KZ5sd3htJivAbA4ZG3w"],"description":"Dicodusport est l'encyclop\u00e9die de l'actualit\u00e9 sportive.","email":"bonjour@dicodusport.fr","legalName":"DICODUSPORT","foundingDate":"2018-01-14","vatID":"FR71834470973","taxID":"83447097300043","numberOfEmployees":{"@type":"QuantitativeValue","minValue":"1","maxValue":"10"}},{"@type":"Person","@id":"https:\/\/dicodusport.fr\/blog\/#\/schema\/person\/cb02af4c173ce4a653b55e9baf388d4a","name":"Flo Ostermann","image":{"@type":"ImageObject","inLanguage":"fr-FR","@id":"https:\/\/dicodusport.fr\/blog\/#\/schema\/person\/image\/","url":"https:\/\/dicodusport.fr\/blog\/wp-content\/uploads\/2021\/05\/Flo-Ostermann-150x150.jpg","contentUrl":"https:\/\/dicodusport.fr\/blog\/wp-content\/uploads\/2021\/05\/Flo-Ostermann-150x150.jpg","caption":"Flo Ostermann"},"description":"Journaliste\/R\u00e9dacteur depuis septembre 2015 - Mes premiers souvenirs dans le sport ? Les envol\u00e9es du Stade Toulousain et les duels Villeneuve-Schumacher et H\u00e4kkinen-Schumacher \u00e0 la fin des ann\u00e9es 90, la Coupe du monde de football en 1998, l\u2019exploit du XV de France face aux All Blacks en 1999, mais aussi Richard C\u0153ur de Lion qui vole sur les montagnes du Tour de France. Bien parti pour devenir professeur d\u2019EPS, les \u00e9v\u00e9nements de la vie (et la flemme d\u2019animer des s\u00e9ances de 3x500 m\u00e8tres toute ma vie) m\u2019ont conduit \u00e0 revoir mes plans. Me voil\u00e0 depuis fin 2017 sur Dicodusport, m\u00e9dia gr\u00e2ce (et pour) lequel je partage ma passion : le sport dans tous ses \u00e9tats. Le tout accompagn\u00e9 par les fous furieux et folles furieuses cit\u00e9s sur cette page !","sameAs":["https:\/\/www.facebook.com\/florent.ostermann","https:\/\/x.com\/https:\/\/twitter.com\/FlOstermann","admin"],"url":"https:\/\/dicodusport.fr\/blog\/author\/flo\/"}]}},"_links":{"self":[{"href":"https:\/\/dicodusport.fr\/blog\/wp-json\/wp\/v2\/posts\/666530","targetHints":{"allow":["GET"]}}],"collection":[{"href":"https:\/\/dicodusport.fr\/blog\/wp-json\/wp\/v2\/posts"}],"about":[{"href":"https:\/\/dicodusport.fr\/blog\/wp-json\/wp\/v2\/types\/post"}],"author":[{"embeddable":true,"href":"https:\/\/dicodusport.fr\/blog\/wp-json\/wp\/v2\/users\/4"}],"replies":[{"embeddable":true,"href":"https:\/\/dicodusport.fr\/blog\/wp-json\/wp\/v2\/comments?post=666530"}],"version-history":[{"count":5,"href":"https:\/\/dicodusport.fr\/blog\/wp-json\/wp\/v2\/posts\/666530\/revisions"}],"predecessor-version":[{"id":666666,"href":"https:\/\/dicodusport.fr\/blog\/wp-json\/wp\/v2\/posts\/666530\/revisions\/666666"}],"wp:featuredmedia":[{"embeddable":true,"href":"https:\/\/dicodusport.fr\/blog\/wp-json\/wp\/v2\/media\/666536"}],"wp:attachment":[{"href":"https:\/\/dicodusport.fr\/blog\/wp-json\/wp\/v2\/media?parent=666530"}],"wp:term":[{"taxonomy":"category","embeddable":true,"href":"https:\/\/dicodusport.fr\/blog\/wp-json\/wp\/v2\/categories?post=666530"},{"taxonomy":"post_tag","embeddable":true,"href":"https:\/\/dicodusport.fr\/blog\/wp-json\/wp\/v2\/tags?post=666530"}],"curies":[{"name":"wp","href":"https:\/\/api.w.org\/{rel}","templated":true}]}}