{"id":666578,"date":"2026-05-01T11:34:15","date_gmt":"2026-05-01T09:34:15","guid":{"rendered":"https:\/\/dicodusport.fr\/blog\/?p=666578&#038;preview=true&#038;preview_id=666578"},"modified":"2026-05-01T12:43:37","modified_gmt":"2026-05-01T10:43:37","slug":"mathis-azzaro-signe-la-premiere-victoire-en-coupe-du-monde-de-vtt-de-sa-carriere-sur-le-xcc-de-yongpyong","status":"publish","type":"post","link":"https:\/\/dicodusport.fr\/blog\/mathis-azzaro-signe-la-premiere-victoire-en-coupe-du-monde-de-vtt-de-sa-carriere-sur-le-xcc-de-yongpyong\/","title":{"rendered":"Mathis Azzaro signe la premi\u00e8re victoire en Coupe du monde de VTT de sa carri\u00e8re sur le XCC de YongPyong !"},"content":{"rendered":"<p style=\"text-align: justify;\"><strong><em>COUPE DU MONDE DE VTT 2026 &#8211; Le Fran\u00e7ais Mathis Azzaro est all\u00e9 chercher la victoire lors de l&rsquo;ouverture de la saison sur le XCC de YongPyong. La premi\u00e8re de sa jeune carri\u00e8re.<\/em><\/strong><\/p>\n<ul style=\"text-align: justify;\">\n<li><strong>\u00c0 ce sujet \u2013\u00a0<a href=\"https:\/\/dicodusport.fr\/blog\/coupe-du-monde-de-vtt-cross-country-2026-calendrier-complet-et-resultats\/\">Coupe du monde de VTT cross-country 2026 \u2013 Calendrier complet et r\u00e9sultats<\/a><\/strong><\/li>\n<\/ul>\n<p style=\"text-align: justify;\"><span style=\"font-weight: 400;\">Quelques instants apr\u00e8s le succ\u00e8s de <\/span><b>Sina Frei<\/b><span style=\"font-weight: 400;\">, c\u2019\u00e9tait au tour des hommes de d\u00e9couvrir le trac\u00e9 cor\u00e9en de YongPyong. Pour la premi\u00e8re fois depuis 20 ans, <\/span><b>Nino Schurter <\/b><span style=\"font-weight: 400;\">n\u2019\u00e9tait pas au d\u00e9part puisque la l\u00e9gende suisse a raccroch\u00e9 \u00e0 la fin de l\u2019\u00e9t\u00e9 2025. Ce dernier a laiss\u00e9 le VTT suisse dans un bon \u00e9tat, avec six hommes dans le top 10 du jour. <\/span><\/p>\n<p style=\"text-align: justify;\"><span style=\"font-weight: 400;\">Mais la victoire est bien tricolore, ce vendredi. Pour la premi\u00e8re fois de sa carri\u00e8re, <\/span><b>Mathis Azzaro <\/b><span style=\"font-weight: 400;\">s\u2019est impos\u00e9 en Coupe du monde de VTT. Un 10\u1d49 podium au total. <\/span><b>Joshua Dubau <\/b><span style=\"font-weight: 400;\">s\u2019\u00e9lancera de la 2\u1d49 ligne avec cette 14\u1d49 place. Une bonne entame du pilote de la Decathlon-Ford.<\/span><\/p>\n<h2 style=\"text-align: justify;\">Derni\u00e8re attaque parfaite d&rsquo;Azzaro<\/h2>\n<p style=\"text-align: justify;\"><span style=\"font-weight: 400;\">Les maillots bleu-blanc-rouge se sont mis en valeur d\u00e8s le lancement de ce short-track. Celui du Chili, d\u2019abord, avec un bon d\u00e9part de <\/span><b>Martin Vidaurre Kossmann, <\/b><span style=\"font-weight: 400;\">mais aussi celui de la France avec le Cannondale <\/span><b>Luca Martin. <\/b><span style=\"font-weight: 400;\">La premi\u00e8re partie de course n\u2019a pas offert un rythme impressionnant, avec des coureurs revenant de l\u2019arri\u00e8re gr\u00e2ce \u00e0 ce tempo pas encore tr\u00e8s \u00e9lev\u00e9.<\/span><\/p>\n<ul style=\"text-align: justify;\">\n<li style=\"text-align: justify;\"><strong>\u00c0 ce sujet \u2013 <a href=\"https:\/\/dicodusport.fr\/blog\/vtt-xcc-yongpyong-2026-classement-course-hommes\/\">VTT XCC YongPyong 2026 : Classement course hommes<\/a><\/strong><\/li>\n<\/ul>\n<p style=\"text-align: justify;\"><span style=\"font-weight: 400;\">Il a fallu attendre l\u2019acc\u00e9l\u00e9ration de <strong>Filippo Colombo<\/strong> au 7\u1d49 des 12 tours\u00a0pour voir le peloton se disloquer.\u00a0<b>Mathis Azzaro\u00a0<\/b>a notamment pris le bon wagon. Toujours bien plac\u00e9 dans les 20 premi\u00e8res minutes, <\/span><b>Luca Martin <\/b><span style=\"font-weight: 400;\">a jou\u00e9 de malchance avec une crevaison de la roue arri\u00e8re \u00e0 trois tours du but. Le Fran\u00e7ais a \u00e9t\u00e9 contraint \u00e0 l\u2019abandon. <\/span><\/p>\n<blockquote class=\"twitter-tweet\">\n<p dir=\"ltr\" lang=\"it\">Men Elite XCC Podium<\/p>\n<p>1\ufe0f\u20e3 \ud83c\uddeb\ud83c\uddf7 Mathis Azzaro<br \/>\n2\ufe0f\u20e3 \ud83c\uddee\ud83c\uddf9 Simone Avondetto<br \/>\n3\ufe0f\u20e3\ud83c\udde8\ud83c\udded Dario Lillo<a href=\"https:\/\/twitter.com\/hashtag\/MTBWorldCup?src=hash&amp;ref_src=twsrc%5Etfw\">#MTBWorldCup<\/a><\/p>\n<p>\u2014 UCI MTB (@UCI_MTB) <a href=\"https:\/\/twitter.com\/UCI_MTB\/status\/2050146771926495353?ref_src=twsrc%5Etfw\">May 1, 2026<\/a><\/p><\/blockquote>\n<p style=\"text-align: justify;\"><script async src=\"https:\/\/platform.twitter.com\/widgets.js\" charset=\"utf-8\"><\/script><br \/>\n<span style=\"font-weight: 400;\">Cette ouverture de saison a \u00e9t\u00e9 ind\u00e9cise jusqu\u2019au bout. Entour\u00e9 d&rsquo;H\u00e9lv\u00e8tes, <\/span><b>Azzaro <\/b><span style=\"font-weight: 400;\">a surgi au sommet de la seule mont\u00e9e du parcours pour prendre quelques m\u00e8tres d\u2019avance. Il ne sera pas revu. <\/span><b>Avondetto <\/b><span style=\"font-weight: 400;\">est son dauphin et <\/span><b>Dario Lillo<\/b><span style=\"font-weight: 400;\">, tr\u00e8s en jambes, empoche aussi un podium.<\/span><\/p>\n<ul style=\"text-align: justify;\">\n<li><strong>\u00c0 ce sujet \u2013\u00a0<\/strong><a href=\"https:\/\/dicodusport.fr\/blog\/coupe-du-monde-vtt-cross-country-2026-classement-general-hommes-mis-a-jour\/\"><strong>Coupe du monde VTT Cross-country 2026 : Classement G\u00e9n\u00e9ral Hommes<\/strong><\/a><\/li>\n<\/ul>\n<h3>\u00c0 ce sujet<\/h3>\n<div class=\"vlp-link-container vlp-layout-article\"><a href=\"https:\/\/dicodusport.fr\/blog\/sina-frei-empoche-le-xcc-de-yongpyong-premiere-course-de-coupe-du-monde-de-vtt-de-la-saison\/\" class=\"vlp-link\" title=\"Sina Frei empoche le XCC de YongPyong, premi\u00e8re course de Coupe du monde de VTT de la saison\"><\/a><div class=\"vlp-layout-zone-side\"><div class=\"vlp-block-4 vlp-link-image\"><img loading=\"lazy\" decoding=\"async\" style=\"max-width: 792px;\" width=\"792\" height=\"445\" src=\"https:\/\/dicodusport.fr\/blog\/wp-content\/uploads\/2026\/05\/Sina-Frei-empoche-le-XCC-de-YongPyong-premiere-course-de-Coupe-du-monde-de-VTT-de-la-saison.png\" class=\"attachment-800x445 size-800x445\" alt=\"Sina Frei empoche le XCC de YongPyong, premi\u00e8re course de Coupe du monde de VTT de la saison\" srcset=\"https:\/\/dicodusport.fr\/blog\/wp-content\/uploads\/2026\/05\/Sina-Frei-empoche-le-XCC-de-YongPyong-premiere-course-de-Coupe-du-monde-de-VTT-de-la-saison.png 1200w, https:\/\/dicodusport.fr\/blog\/wp-content\/uploads\/2026\/05\/Sina-Frei-empoche-le-XCC-de-YongPyong-premiere-course-de-Coupe-du-monde-de-VTT-de-la-saison-300x169.png 300w, https:\/\/dicodusport.fr\/blog\/wp-content\/uploads\/2026\/05\/Sina-Frei-empoche-le-XCC-de-YongPyong-premiere-course-de-Coupe-du-monde-de-VTT-de-la-saison-1024x575.png 1024w, https:\/\/dicodusport.fr\/blog\/wp-content\/uploads\/2026\/05\/Sina-Frei-empoche-le-XCC-de-YongPyong-premiere-course-de-Coupe-du-monde-de-VTT-de-la-saison-768x431.png 768w\" sizes=\"auto, (max-width: 792px) 100vw, 792px\" \/><\/div><\/div><div class=\"vlp-layout-zone-main\"><div class=\"vlp-block-0 vlp-link-title\">Sina Frei empoche le XCC de YongPyong, premi\u00e8re course de Coupe du monde de VTT de la saison<\/div><div class=\"vlp-block-1 vlp-link-summary\">COUPE DU MONDE DE VTT 2026 - La Suissesse Sina Frei s'est impos\u00e9e lors de la premi\u00e8re course de la saison, le XCC de YongPyong. Elle a devanc\u00e9 au sprint Evie Richards et Martina Berta.<\/div><div class=\"vlp-block-2 vlp-link-button\">Lire l'article<\/div><div class=\"vlp-block-3 vlp-link-url\">dicodusport.fr<\/div><\/div><\/div>\n<div id=\"gtx-trans\" style=\"position: absolute; left: -14px; top: 40.9091px;\">\n<div class=\"gtx-trans-icon\" style=\"text-align: justify;\"><\/div>\n<\/div>\n","protected":false},"excerpt":{"rendered":"<p>COUPE DU MONDE DE VTT 2026 &#8211; Le Fran\u00e7ais Mathis Azzaro est all\u00e9 chercher la victoire lors de l&rsquo;ouverture de la saison sur le XCC de YongPyong. La premi\u00e8re de sa jeune carri\u00e8re.<\/p>\n","protected":false},"author":61,"featured_media":666655,"comment_status":"open","ping_status":"closed","sticky":false,"template":"","format":"standard","meta":{"_acf_changed":false,"_daextam_enable_autolinks":"1","footnotes":""},"categories":[10279],"tags":[16878,39592,24,692,24673],"class_list":["post-666578","post","type-post","status-publish","format-standard","has-post-thumbnail","hentry","category-vtt","tag-breve","tag-mtb-world-series","tag-sport","tag-vtt","tag-vtt-xcc"],"acf":[],"yoast_head":"<!-- This site is optimized with the Yoast SEO Premium plugin v26.7 (Yoast SEO v26.7) - https:\/\/yoast.com\/wordpress\/plugins\/seo\/ -->\n<title>Mathis Azzaro signe la premi\u00e8re victoire en Coupe du monde de VTT de sa carri\u00e8re sur le XCC de YongPyong !<\/title>\n<meta name=\"description\" content=\"COUPE DU MONDE DE VTT 2026 - Le Fran\u00e7ais Mathis Azzaro est all\u00e9 chercher la victoire lors de l&#039;ouverture de la saison sur le XCC de YongPyong. La premi\u00e8re de sa jeune carri\u00e8re.\" \/>\n<meta name=\"robots\" content=\"index, follow, max-snippet:-1, max-image-preview:large, max-video-preview:-1\" \/>\n<link rel=\"canonical\" href=\"https:\/\/dicodusport.fr\/blog\/mathis-azzaro-signe-la-premiere-victoire-en-coupe-du-monde-de-vtt-de-sa-carriere-sur-le-xcc-de-yongpyong\/\" \/>\n<meta property=\"og:locale\" content=\"fr_FR\" \/>\n<meta property=\"og:type\" content=\"article\" \/>\n<meta property=\"og:title\" content=\"Mathis Azzaro signe la premi\u00e8re victoire en Coupe du monde de VTT de sa carri\u00e8re sur le XCC de YongPyong !\" \/>\n<meta property=\"og:description\" content=\"COUPE DU MONDE DE VTT 2026 - Le Fran\u00e7ais Mathis Azzaro est all\u00e9 chercher la victoire lors de l&#039;ouverture de la saison sur le XCC de YongPyong. La premi\u00e8re de sa jeune carri\u00e8re.\" \/>\n<meta property=\"og:url\" content=\"https:\/\/dicodusport.fr\/blog\/mathis-azzaro-signe-la-premiere-victoire-en-coupe-du-monde-de-vtt-de-sa-carriere-sur-le-xcc-de-yongpyong\/\" \/>\n<meta property=\"og:site_name\" content=\"Dicodusport\" \/>\n<meta property=\"article:publisher\" content=\"https:\/\/www.facebook.com\/dicodusport\" \/>\n<meta property=\"article:published_time\" content=\"2026-05-01T09:34:15+00:00\" \/>\n<meta property=\"article:modified_time\" content=\"2026-05-01T10:43:37+00:00\" \/>\n<meta property=\"og:image\" content=\"https:\/\/dicodusport.fr\/blog\/wp-content\/uploads\/2026\/05\/Mathis-Azzaro-signe-la-premiere-victoire-en-Coupe-du-monde-de-VTT-de-sa-carriere-sur-le-XCC-de-YongPyong-1-1.png\" \/>\n\t<meta property=\"og:image:width\" content=\"1200\" \/>\n\t<meta property=\"og:image:height\" content=\"674\" \/>\n\t<meta property=\"og:image:type\" content=\"image\/png\" \/>\n<meta name=\"author\" content=\"Pierre Gorce\" \/>\n<meta name=\"twitter:card\" content=\"summary_large_image\" \/>\n<meta name=\"twitter:title\" content=\"Mathis Azzaro signe la premi\u00e8re victoire en Coupe du monde de VTT de sa carri\u00e8re sur le XCC de YongPyong !\" \/>\n<meta name=\"twitter:creator\" content=\"@https:\/\/twitter.com\/pierregorce12\" \/>\n<meta name=\"twitter:site\" content=\"@dicodusport\" \/>\n<script type=\"application\/ld+json\" class=\"yoast-schema-graph\">{\"@context\":\"https:\/\/schema.org\",\"@graph\":[{\"@type\":\"NewsArticle\",\"@id\":\"https:\/\/dicodusport.fr\/blog\/mathis-azzaro-signe-la-premiere-victoire-en-coupe-du-monde-de-vtt-de-sa-carriere-sur-le-xcc-de-yongpyong\/#article\",\"isPartOf\":{\"@id\":\"https:\/\/dicodusport.fr\/blog\/mathis-azzaro-signe-la-premiere-victoire-en-coupe-du-monde-de-vtt-de-sa-carriere-sur-le-xcc-de-yongpyong\/\"},\"author\":{\"name\":\"Pierre Gorce\",\"@id\":\"https:\/\/dicodusport.fr\/blog\/#\/schema\/person\/0eaf70b33d703a1a66b1155ac1bda018\"},\"headline\":\"Mathis Azzaro signe la premi\u00e8re victoire en Coupe du monde de VTT de sa carri\u00e8re sur le XCC de YongPyong !\",\"datePublished\":\"2026-05-01T09:34:15+00:00\",\"dateModified\":\"2026-05-01T10:43:37+00:00\",\"mainEntityOfPage\":{\"@id\":\"https:\/\/dicodusport.fr\/blog\/mathis-azzaro-signe-la-premiere-victoire-en-coupe-du-monde-de-vtt-de-sa-carriere-sur-le-xcc-de-yongpyong\/\"},\"wordCount\":536,\"commentCount\":0,\"publisher\":{\"@id\":\"https:\/\/dicodusport.fr\/blog\/#organization\"},\"image\":{\"@id\":\"https:\/\/dicodusport.fr\/blog\/mathis-azzaro-signe-la-premiere-victoire-en-coupe-du-monde-de-vtt-de-sa-carriere-sur-le-xcc-de-yongpyong\/#primaryimage\"},\"thumbnailUrl\":\"https:\/\/dicodusport.fr\/blog\/wp-content\/uploads\/2026\/05\/Mathis-Azzaro-signe-la-premiere-victoire-en-Coupe-du-monde-de-VTT-de-sa-carriere-sur-le-XCC-de-YongPyong-1-1.png\",\"keywords\":[\"br\u00e8ve\",\"MTB World Series\",\"sport\",\"VTT\",\"VTT XCC\"],\"articleSection\":[\"VTT\"],\"inLanguage\":\"fr-FR\",\"potentialAction\":[{\"@type\":\"CommentAction\",\"name\":\"Comment\",\"target\":[\"https:\/\/dicodusport.fr\/blog\/mathis-azzaro-signe-la-premiere-victoire-en-coupe-du-monde-de-vtt-de-sa-carriere-sur-le-xcc-de-yongpyong\/#respond\"]}],\"copyrightYear\":\"2026\",\"copyrightHolder\":{\"@id\":\"https:\/\/dicodusport.fr\/blog\/#organization\"}},{\"@type\":\"WebPage\",\"@id\":\"https:\/\/dicodusport.fr\/blog\/mathis-azzaro-signe-la-premiere-victoire-en-coupe-du-monde-de-vtt-de-sa-carriere-sur-le-xcc-de-yongpyong\/\",\"url\":\"https:\/\/dicodusport.fr\/blog\/mathis-azzaro-signe-la-premiere-victoire-en-coupe-du-monde-de-vtt-de-sa-carriere-sur-le-xcc-de-yongpyong\/\",\"name\":\"Mathis Azzaro signe la premi\u00e8re victoire en Coupe du monde de VTT de sa carri\u00e8re sur le XCC de YongPyong !\",\"isPartOf\":{\"@id\":\"https:\/\/dicodusport.fr\/blog\/#website\"},\"primaryImageOfPage\":{\"@id\":\"https:\/\/dicodusport.fr\/blog\/mathis-azzaro-signe-la-premiere-victoire-en-coupe-du-monde-de-vtt-de-sa-carriere-sur-le-xcc-de-yongpyong\/#primaryimage\"},\"image\":{\"@id\":\"https:\/\/dicodusport.fr\/blog\/mathis-azzaro-signe-la-premiere-victoire-en-coupe-du-monde-de-vtt-de-sa-carriere-sur-le-xcc-de-yongpyong\/#primaryimage\"},\"thumbnailUrl\":\"https:\/\/dicodusport.fr\/blog\/wp-content\/uploads\/2026\/05\/Mathis-Azzaro-signe-la-premiere-victoire-en-Coupe-du-monde-de-VTT-de-sa-carriere-sur-le-XCC-de-YongPyong-1-1.png\",\"datePublished\":\"2026-05-01T09:34:15+00:00\",\"dateModified\":\"2026-05-01T10:43:37+00:00\",\"description\":\"COUPE DU MONDE DE VTT 2026 - Le Fran\u00e7ais Mathis Azzaro est all\u00e9 chercher la victoire lors de l'ouverture de la saison sur le XCC de YongPyong. La premi\u00e8re de sa jeune carri\u00e8re.\",\"breadcrumb\":{\"@id\":\"https:\/\/dicodusport.fr\/blog\/mathis-azzaro-signe-la-premiere-victoire-en-coupe-du-monde-de-vtt-de-sa-carriere-sur-le-xcc-de-yongpyong\/#breadcrumb\"},\"inLanguage\":\"fr-FR\",\"potentialAction\":[{\"@type\":\"ReadAction\",\"target\":[\"https:\/\/dicodusport.fr\/blog\/mathis-azzaro-signe-la-premiere-victoire-en-coupe-du-monde-de-vtt-de-sa-carriere-sur-le-xcc-de-yongpyong\/\"]}]},{\"@type\":\"ImageObject\",\"inLanguage\":\"fr-FR\",\"@id\":\"https:\/\/dicodusport.fr\/blog\/mathis-azzaro-signe-la-premiere-victoire-en-coupe-du-monde-de-vtt-de-sa-carriere-sur-le-xcc-de-yongpyong\/#primaryimage\",\"url\":\"https:\/\/dicodusport.fr\/blog\/wp-content\/uploads\/2026\/05\/Mathis-Azzaro-signe-la-premiere-victoire-en-Coupe-du-monde-de-VTT-de-sa-carriere-sur-le-XCC-de-YongPyong-1-1.png\",\"contentUrl\":\"https:\/\/dicodusport.fr\/blog\/wp-content\/uploads\/2026\/05\/Mathis-Azzaro-signe-la-premiere-victoire-en-Coupe-du-monde-de-VTT-de-sa-carriere-sur-le-XCC-de-YongPyong-1-1.png\",\"width\":1200,\"height\":674,\"caption\":\"Mathis Azzaro signe la premi\u00e8re victoire en Coupe du monde de VTT de sa carri\u00e8re sur le XCC de YongPyong !\"},{\"@type\":\"BreadcrumbList\",\"@id\":\"https:\/\/dicodusport.fr\/blog\/mathis-azzaro-signe-la-premiere-victoire-en-coupe-du-monde-de-vtt-de-sa-carriere-sur-le-xcc-de-yongpyong\/#breadcrumb\",\"itemListElement\":[{\"@type\":\"ListItem\",\"position\":1,\"name\":\"Accueil\",\"item\":\"https:\/\/dicodusport.fr\/blog\/\"},{\"@type\":\"ListItem\",\"position\":2,\"name\":\"Mathis Azzaro signe la premi\u00e8re victoire en Coupe du monde de VTT de sa carri\u00e8re sur le XCC de YongPyong !\"}]},{\"@type\":\"WebSite\",\"@id\":\"https:\/\/dicodusport.fr\/blog\/#website\",\"url\":\"https:\/\/dicodusport.fr\/blog\/\",\"name\":\"Dicodusport\",\"description\":\"L&#039;encyclop\u00e9die de l&#039;actualit\u00e9 sportive\",\"publisher\":{\"@id\":\"https:\/\/dicodusport.fr\/blog\/#organization\"},\"potentialAction\":[{\"@type\":\"SearchAction\",\"target\":{\"@type\":\"EntryPoint\",\"urlTemplate\":\"https:\/\/dicodusport.fr\/blog\/?s={search_term_string}\"},\"query-input\":{\"@type\":\"PropertyValueSpecification\",\"valueRequired\":true,\"valueName\":\"search_term_string\"}}],\"inLanguage\":\"fr-FR\"},{\"@type\":\"NewsMediaOrganization\",\"@id\":\"https:\/\/dicodusport.fr\/blog\/#organization\",\"name\":\"Dicodusport\",\"url\":\"https:\/\/dicodusport.fr\/blog\/\",\"logo\":{\"@type\":\"ImageObject\",\"inLanguage\":\"fr-FR\",\"@id\":\"https:\/\/dicodusport.fr\/blog\/#\/schema\/logo\/image\/\",\"url\":\"https:\/\/dicodusport.fr\/blog\/wp-content\/uploads\/2020\/06\/cropped-LOGO-DICODUSPORT-2020-SANS-FOND-SANS-TEXTE.png\",\"contentUrl\":\"https:\/\/dicodusport.fr\/blog\/wp-content\/uploads\/2020\/06\/cropped-LOGO-DICODUSPORT-2020-SANS-FOND-SANS-TEXTE.png\",\"width\":512,\"height\":512,\"caption\":\"Dicodusport\"},\"image\":{\"@id\":\"https:\/\/dicodusport.fr\/blog\/#\/schema\/logo\/image\/\"},\"sameAs\":[\"https:\/\/www.facebook.com\/dicodusport\",\"https:\/\/x.com\/dicodusport\",\"https:\/\/www.instagram.com\/dicodusport\/\",\"https:\/\/www.youtube.com\/channel\/UC7V2KZ5sd3htJivAbA4ZG3w\"],\"description\":\"Dicodusport est l'encyclop\u00e9die de l'actualit\u00e9 sportive.\",\"email\":\"bonjour@dicodusport.fr\",\"legalName\":\"DICODUSPORT\",\"foundingDate\":\"2018-01-14\",\"vatID\":\"FR71834470973\",\"taxID\":\"83447097300043\",\"numberOfEmployees\":{\"@type\":\"QuantitativeValue\",\"minValue\":\"1\",\"maxValue\":\"10\"}},{\"@type\":\"Person\",\"@id\":\"https:\/\/dicodusport.fr\/blog\/#\/schema\/person\/0eaf70b33d703a1a66b1155ac1bda018\",\"name\":\"Pierre Gorce\",\"image\":{\"@type\":\"ImageObject\",\"inLanguage\":\"fr-FR\",\"@id\":\"https:\/\/dicodusport.fr\/blog\/#\/schema\/person\/image\/\",\"url\":\"https:\/\/dicodusport.fr\/blog\/wp-content\/uploads\/2022\/03\/IMG_20211214_233053_722-150x150.jpg\",\"contentUrl\":\"https:\/\/dicodusport.fr\/blog\/wp-content\/uploads\/2022\/03\/IMG_20211214_233053_722-150x150.jpg\",\"caption\":\"Pierre Gorce\"},\"description\":\"Couteau suisse venant tout droit de Haute-Savoie. Habitu\u00e9 \u00e0 regarder du sport depuis petit, j'en ai maintenant fait mon m\u00e9tier. Des sports d'hiver au surf, en passant par le tennis, la F1, le handball et l'athl\u00e9tisme, j'essaie d'avoir mes yeux sur l'enti\u00e8ret\u00e9 de l'actualit\u00e9. Jeune homme berc\u00e9 par les exploits de Jean-Baptiste Grange, Sebastian Vettel et des Experts. Membre de la g\u00e9n\u00e9ration 1999 comme Luka Doncic, Sydney McLaughlin, Lando Norris et Loana Lecomte, mais avec beaucoup moins de talent qu'eux.\",\"sameAs\":[\"https:\/\/x.com\/https:\/\/twitter.com\/pierregorce12\"],\"birthDate\":\"1999-08-29\",\"url\":\"https:\/\/dicodusport.fr\/blog\/author\/pierreg\/\"}]}<\/script>\n<!-- \/ Yoast SEO Premium plugin. -->","yoast_head_json":{"title":"Mathis Azzaro signe la premi\u00e8re victoire en Coupe du monde de VTT de sa carri\u00e8re sur le XCC de YongPyong !","description":"COUPE DU MONDE DE VTT 2026 - Le Fran\u00e7ais Mathis Azzaro est all\u00e9 chercher la victoire lors de l'ouverture de la saison sur le XCC de YongPyong. La premi\u00e8re de sa jeune carri\u00e8re.","robots":{"index":"index","follow":"follow","max-snippet":"max-snippet:-1","max-image-preview":"max-image-preview:large","max-video-preview":"max-video-preview:-1"},"canonical":"https:\/\/dicodusport.fr\/blog\/mathis-azzaro-signe-la-premiere-victoire-en-coupe-du-monde-de-vtt-de-sa-carriere-sur-le-xcc-de-yongpyong\/","og_locale":"fr_FR","og_type":"article","og_title":"Mathis Azzaro signe la premi\u00e8re victoire en Coupe du monde de VTT de sa carri\u00e8re sur le XCC de YongPyong !","og_description":"COUPE DU MONDE DE VTT 2026 - Le Fran\u00e7ais Mathis Azzaro est all\u00e9 chercher la victoire lors de l'ouverture de la saison sur le XCC de YongPyong. La premi\u00e8re de sa jeune carri\u00e8re.","og_url":"https:\/\/dicodusport.fr\/blog\/mathis-azzaro-signe-la-premiere-victoire-en-coupe-du-monde-de-vtt-de-sa-carriere-sur-le-xcc-de-yongpyong\/","og_site_name":"Dicodusport","article_publisher":"https:\/\/www.facebook.com\/dicodusport","article_published_time":"2026-05-01T09:34:15+00:00","article_modified_time":"2026-05-01T10:43:37+00:00","og_image":[{"width":1200,"height":674,"url":"https:\/\/dicodusport.fr\/blog\/wp-content\/uploads\/2026\/05\/Mathis-Azzaro-signe-la-premiere-victoire-en-Coupe-du-monde-de-VTT-de-sa-carriere-sur-le-XCC-de-YongPyong-1-1.png","type":"image\/png"}],"author":"Pierre Gorce","twitter_card":"summary_large_image","twitter_title":"Mathis Azzaro signe la premi\u00e8re victoire en Coupe du monde de VTT de sa carri\u00e8re sur le XCC de YongPyong !","twitter_creator":"@https:\/\/twitter.com\/pierregorce12","twitter_site":"@dicodusport","schema":{"@context":"https:\/\/schema.org","@graph":[{"@type":"NewsArticle","@id":"https:\/\/dicodusport.fr\/blog\/mathis-azzaro-signe-la-premiere-victoire-en-coupe-du-monde-de-vtt-de-sa-carriere-sur-le-xcc-de-yongpyong\/#article","isPartOf":{"@id":"https:\/\/dicodusport.fr\/blog\/mathis-azzaro-signe-la-premiere-victoire-en-coupe-du-monde-de-vtt-de-sa-carriere-sur-le-xcc-de-yongpyong\/"},"author":{"name":"Pierre Gorce","@id":"https:\/\/dicodusport.fr\/blog\/#\/schema\/person\/0eaf70b33d703a1a66b1155ac1bda018"},"headline":"Mathis Azzaro signe la premi\u00e8re victoire en Coupe du monde de VTT de sa carri\u00e8re sur le XCC de YongPyong !","datePublished":"2026-05-01T09:34:15+00:00","dateModified":"2026-05-01T10:43:37+00:00","mainEntityOfPage":{"@id":"https:\/\/dicodusport.fr\/blog\/mathis-azzaro-signe-la-premiere-victoire-en-coupe-du-monde-de-vtt-de-sa-carriere-sur-le-xcc-de-yongpyong\/"},"wordCount":536,"commentCount":0,"publisher":{"@id":"https:\/\/dicodusport.fr\/blog\/#organization"},"image":{"@id":"https:\/\/dicodusport.fr\/blog\/mathis-azzaro-signe-la-premiere-victoire-en-coupe-du-monde-de-vtt-de-sa-carriere-sur-le-xcc-de-yongpyong\/#primaryimage"},"thumbnailUrl":"https:\/\/dicodusport.fr\/blog\/wp-content\/uploads\/2026\/05\/Mathis-Azzaro-signe-la-premiere-victoire-en-Coupe-du-monde-de-VTT-de-sa-carriere-sur-le-XCC-de-YongPyong-1-1.png","keywords":["br\u00e8ve","MTB World Series","sport","VTT","VTT XCC"],"articleSection":["VTT"],"inLanguage":"fr-FR","potentialAction":[{"@type":"CommentAction","name":"Comment","target":["https:\/\/dicodusport.fr\/blog\/mathis-azzaro-signe-la-premiere-victoire-en-coupe-du-monde-de-vtt-de-sa-carriere-sur-le-xcc-de-yongpyong\/#respond"]}],"copyrightYear":"2026","copyrightHolder":{"@id":"https:\/\/dicodusport.fr\/blog\/#organization"}},{"@type":"WebPage","@id":"https:\/\/dicodusport.fr\/blog\/mathis-azzaro-signe-la-premiere-victoire-en-coupe-du-monde-de-vtt-de-sa-carriere-sur-le-xcc-de-yongpyong\/","url":"https:\/\/dicodusport.fr\/blog\/mathis-azzaro-signe-la-premiere-victoire-en-coupe-du-monde-de-vtt-de-sa-carriere-sur-le-xcc-de-yongpyong\/","name":"Mathis Azzaro signe la premi\u00e8re victoire en Coupe du monde de VTT de sa carri\u00e8re sur le XCC de YongPyong !","isPartOf":{"@id":"https:\/\/dicodusport.fr\/blog\/#website"},"primaryImageOfPage":{"@id":"https:\/\/dicodusport.fr\/blog\/mathis-azzaro-signe-la-premiere-victoire-en-coupe-du-monde-de-vtt-de-sa-carriere-sur-le-xcc-de-yongpyong\/#primaryimage"},"image":{"@id":"https:\/\/dicodusport.fr\/blog\/mathis-azzaro-signe-la-premiere-victoire-en-coupe-du-monde-de-vtt-de-sa-carriere-sur-le-xcc-de-yongpyong\/#primaryimage"},"thumbnailUrl":"https:\/\/dicodusport.fr\/blog\/wp-content\/uploads\/2026\/05\/Mathis-Azzaro-signe-la-premiere-victoire-en-Coupe-du-monde-de-VTT-de-sa-carriere-sur-le-XCC-de-YongPyong-1-1.png","datePublished":"2026-05-01T09:34:15+00:00","dateModified":"2026-05-01T10:43:37+00:00","description":"COUPE DU MONDE DE VTT 2026 - Le Fran\u00e7ais Mathis Azzaro est all\u00e9 chercher la victoire lors de l'ouverture de la saison sur le XCC de YongPyong. La premi\u00e8re de sa jeune carri\u00e8re.","breadcrumb":{"@id":"https:\/\/dicodusport.fr\/blog\/mathis-azzaro-signe-la-premiere-victoire-en-coupe-du-monde-de-vtt-de-sa-carriere-sur-le-xcc-de-yongpyong\/#breadcrumb"},"inLanguage":"fr-FR","potentialAction":[{"@type":"ReadAction","target":["https:\/\/dicodusport.fr\/blog\/mathis-azzaro-signe-la-premiere-victoire-en-coupe-du-monde-de-vtt-de-sa-carriere-sur-le-xcc-de-yongpyong\/"]}]},{"@type":"ImageObject","inLanguage":"fr-FR","@id":"https:\/\/dicodusport.fr\/blog\/mathis-azzaro-signe-la-premiere-victoire-en-coupe-du-monde-de-vtt-de-sa-carriere-sur-le-xcc-de-yongpyong\/#primaryimage","url":"https:\/\/dicodusport.fr\/blog\/wp-content\/uploads\/2026\/05\/Mathis-Azzaro-signe-la-premiere-victoire-en-Coupe-du-monde-de-VTT-de-sa-carriere-sur-le-XCC-de-YongPyong-1-1.png","contentUrl":"https:\/\/dicodusport.fr\/blog\/wp-content\/uploads\/2026\/05\/Mathis-Azzaro-signe-la-premiere-victoire-en-Coupe-du-monde-de-VTT-de-sa-carriere-sur-le-XCC-de-YongPyong-1-1.png","width":1200,"height":674,"caption":"Mathis Azzaro signe la premi\u00e8re victoire en Coupe du monde de VTT de sa carri\u00e8re sur le XCC de YongPyong !"},{"@type":"BreadcrumbList","@id":"https:\/\/dicodusport.fr\/blog\/mathis-azzaro-signe-la-premiere-victoire-en-coupe-du-monde-de-vtt-de-sa-carriere-sur-le-xcc-de-yongpyong\/#breadcrumb","itemListElement":[{"@type":"ListItem","position":1,"name":"Accueil","item":"https:\/\/dicodusport.fr\/blog\/"},{"@type":"ListItem","position":2,"name":"Mathis Azzaro signe la premi\u00e8re victoire en Coupe du monde de VTT de sa carri\u00e8re sur le XCC de YongPyong !"}]},{"@type":"WebSite","@id":"https:\/\/dicodusport.fr\/blog\/#website","url":"https:\/\/dicodusport.fr\/blog\/","name":"Dicodusport","description":"L&#039;encyclop\u00e9die de l&#039;actualit\u00e9 sportive","publisher":{"@id":"https:\/\/dicodusport.fr\/blog\/#organization"},"potentialAction":[{"@type":"SearchAction","target":{"@type":"EntryPoint","urlTemplate":"https:\/\/dicodusport.fr\/blog\/?s={search_term_string}"},"query-input":{"@type":"PropertyValueSpecification","valueRequired":true,"valueName":"search_term_string"}}],"inLanguage":"fr-FR"},{"@type":"NewsMediaOrganization","@id":"https:\/\/dicodusport.fr\/blog\/#organization","name":"Dicodusport","url":"https:\/\/dicodusport.fr\/blog\/","logo":{"@type":"ImageObject","inLanguage":"fr-FR","@id":"https:\/\/dicodusport.fr\/blog\/#\/schema\/logo\/image\/","url":"https:\/\/dicodusport.fr\/blog\/wp-content\/uploads\/2020\/06\/cropped-LOGO-DICODUSPORT-2020-SANS-FOND-SANS-TEXTE.png","contentUrl":"https:\/\/dicodusport.fr\/blog\/wp-content\/uploads\/2020\/06\/cropped-LOGO-DICODUSPORT-2020-SANS-FOND-SANS-TEXTE.png","width":512,"height":512,"caption":"Dicodusport"},"image":{"@id":"https:\/\/dicodusport.fr\/blog\/#\/schema\/logo\/image\/"},"sameAs":["https:\/\/www.facebook.com\/dicodusport","https:\/\/x.com\/dicodusport","https:\/\/www.instagram.com\/dicodusport\/","https:\/\/www.youtube.com\/channel\/UC7V2KZ5sd3htJivAbA4ZG3w"],"description":"Dicodusport est l'encyclop\u00e9die de l'actualit\u00e9 sportive.","email":"bonjour@dicodusport.fr","legalName":"DICODUSPORT","foundingDate":"2018-01-14","vatID":"FR71834470973","taxID":"83447097300043","numberOfEmployees":{"@type":"QuantitativeValue","minValue":"1","maxValue":"10"}},{"@type":"Person","@id":"https:\/\/dicodusport.fr\/blog\/#\/schema\/person\/0eaf70b33d703a1a66b1155ac1bda018","name":"Pierre Gorce","image":{"@type":"ImageObject","inLanguage":"fr-FR","@id":"https:\/\/dicodusport.fr\/blog\/#\/schema\/person\/image\/","url":"https:\/\/dicodusport.fr\/blog\/wp-content\/uploads\/2022\/03\/IMG_20211214_233053_722-150x150.jpg","contentUrl":"https:\/\/dicodusport.fr\/blog\/wp-content\/uploads\/2022\/03\/IMG_20211214_233053_722-150x150.jpg","caption":"Pierre Gorce"},"description":"Couteau suisse venant tout droit de Haute-Savoie. Habitu\u00e9 \u00e0 regarder du sport depuis petit, j'en ai maintenant fait mon m\u00e9tier. Des sports d'hiver au surf, en passant par le tennis, la F1, le handball et l'athl\u00e9tisme, j'essaie d'avoir mes yeux sur l'enti\u00e8ret\u00e9 de l'actualit\u00e9. Jeune homme berc\u00e9 par les exploits de Jean-Baptiste Grange, Sebastian Vettel et des Experts. Membre de la g\u00e9n\u00e9ration 1999 comme Luka Doncic, Sydney McLaughlin, Lando Norris et Loana Lecomte, mais avec beaucoup moins de talent qu'eux.","sameAs":["https:\/\/x.com\/https:\/\/twitter.com\/pierregorce12"],"birthDate":"1999-08-29","url":"https:\/\/dicodusport.fr\/blog\/author\/pierreg\/"}]}},"_links":{"self":[{"href":"https:\/\/dicodusport.fr\/blog\/wp-json\/wp\/v2\/posts\/666578","targetHints":{"allow":["GET"]}}],"collection":[{"href":"https:\/\/dicodusport.fr\/blog\/wp-json\/wp\/v2\/posts"}],"about":[{"href":"https:\/\/dicodusport.fr\/blog\/wp-json\/wp\/v2\/types\/post"}],"author":[{"embeddable":true,"href":"https:\/\/dicodusport.fr\/blog\/wp-json\/wp\/v2\/users\/61"}],"replies":[{"embeddable":true,"href":"https:\/\/dicodusport.fr\/blog\/wp-json\/wp\/v2\/comments?post=666578"}],"version-history":[{"count":5,"href":"https:\/\/dicodusport.fr\/blog\/wp-json\/wp\/v2\/posts\/666578\/revisions"}],"predecessor-version":[{"id":666653,"href":"https:\/\/dicodusport.fr\/blog\/wp-json\/wp\/v2\/posts\/666578\/revisions\/666653"}],"wp:featuredmedia":[{"embeddable":true,"href":"https:\/\/dicodusport.fr\/blog\/wp-json\/wp\/v2\/media\/666655"}],"wp:attachment":[{"href":"https:\/\/dicodusport.fr\/blog\/wp-json\/wp\/v2\/media?parent=666578"}],"wp:term":[{"taxonomy":"category","embeddable":true,"href":"https:\/\/dicodusport.fr\/blog\/wp-json\/wp\/v2\/categories?post=666578"},{"taxonomy":"post_tag","embeddable":true,"href":"https:\/\/dicodusport.fr\/blog\/wp-json\/wp\/v2\/tags?post=666578"}],"curies":[{"name":"wp","href":"https:\/\/api.w.org\/{rel}","templated":true}]}}