{"id":666583,"date":"2026-05-01T10:43:17","date_gmt":"2026-05-01T08:43:17","guid":{"rendered":"https:\/\/dicodusport.fr\/blog\/?p=666583&#038;preview=true&#038;preview_id=666583"},"modified":"2026-05-01T12:48:32","modified_gmt":"2026-05-01T10:48:32","slug":"sina-frei-empoche-le-xcc-de-yongpyong-premiere-course-de-coupe-du-monde-de-vtt-de-la-saison","status":"publish","type":"post","link":"https:\/\/dicodusport.fr\/blog\/sina-frei-empoche-le-xcc-de-yongpyong-premiere-course-de-coupe-du-monde-de-vtt-de-la-saison\/","title":{"rendered":"Sina Frei empoche le XCC de YongPyong, premi\u00e8re course de Coupe du monde de VTT de la saison"},"content":{"rendered":"<p style=\"text-align: justify;\"><strong><em>COUPE DU MONDE DE VTT 2026 &#8211; La Suissesse Sina Frei s&rsquo;est impos\u00e9e lors de la premi\u00e8re course de la saison, le XCC de YongPyong. Elle a devanc\u00e9 au sprint Evie Richards et Martina Berta.<\/em><\/strong><\/p>\n<ul style=\"text-align: justify;\">\n<li style=\"text-align: justify;\"><strong>\u00c0 ce sujet \u2013\u00a0<a href=\"https:\/\/dicodusport.fr\/blog\/coupe-du-monde-de-vtt-cross-country-2026-calendrier-complet-et-resultats\/\">Coupe du monde de VTT cross-country 2026 \u2013 Calendrier complet et r\u00e9sultats<\/a><\/strong><\/li>\n<\/ul>\n<p style=\"text-align: justify;\"><span style=\"font-weight: 400;\">La saison est officiellement lanc\u00e9e ! La Coupe du monde de VTT a repris ses droits avec un XCC. Les dames ont inaugur\u00e9 le site de Mona YongPyong qui, en 2018, a accueilli les \u00e9preuves techniques de ski alpin lors des Jeux Olympiques cor\u00e9ens.<\/span><\/p>\n<p style=\"text-align: justify;\"><span style=\"font-weight: 400;\"> Pour cette premi\u00e8re historique du cross-country sur le sol asiatique, la premi\u00e8re championne du monde du format, <\/span><b>Sina Frei<\/b><span style=\"font-weight: 400;\">, a tout donn\u00e9 dans les derniers hectom\u00e8tres pour vaincre <\/span><b>Evie Richards<\/b><span style=\"font-weight: 400;\">, 2\u1d49. <\/span><b>Martina Berta <\/b><span style=\"font-weight: 400;\">compl\u00e8te le podium. La Suissesse n\u2019avait r\u00e9alis\u00e9 aucun top 3 la saison derni\u00e8re.<\/span><\/p>\n<ul style=\"text-align: justify;\">\n<li style=\"text-align: justify;\"><strong>\u00c0 ce sujet \u2013\u00a0<a href=\"https:\/\/dicodusport.fr\/blog\/vtt-xcc-yongpyong-2026-classement-course-femmes\/\">VTT XCC YongPyong 2026 : Classement course femmes<\/a><\/strong><\/li>\n<\/ul>\n<h2 style=\"text-align: justify;\">Frei presque au sol, puis gagnante<\/h2>\n<p style=\"text-align: justify;\"><span style=\"font-weight: 400;\">De nombreuses absences sont \u00e0 d\u00e9plorer pour cette \u00e9tape loin du continent europ\u00e9en. La championne du monde de la discipline <\/span><b>Alessandra Keller<\/b><span style=\"font-weight: 400;\">, l\u2019Autrichienne <\/span><b>Tamara Wiedmann<\/b><span style=\"font-weight: 400;\">, <\/span><b>Lena Gerault <\/b><span style=\"font-weight: 400;\">et <\/span><b>Linda Indergand <\/b><span style=\"font-weight: 400;\">\u00e9galement. Ce short-track proposait d\u00e9j\u00e0 un parcours difficile aux v\u00e9t\u00e9tistes. <\/span><\/p>\n<p style=\"text-align: justify;\"><span style=\"font-weight: 400;\">La mont\u00e9e inaugurale est s\u00e8che et a cr\u00e9\u00e9 directement des \u00e9carts. Le peloton a \u00e9clat\u00e9 d\u00e8s les premiers instants. Les Specialized se sont montr\u00e9es avec notamment <\/span><b>Sina Frei <\/b><span style=\"font-weight: 400;\">et <\/span><b>Haley Batten<\/b><span style=\"font-weight: 400;\">, <\/span><b>Jenny Rissveds <\/b><span style=\"font-weight: 400;\">et <\/span><b>Evie Richards<\/b><span style=\"font-weight: 400;\">, les patronnes \u00e9taient \u00e9galement l\u00e0. \u00c0 mi-course, elles \u00e9taient finalement pr\u00e8s de 20 dans le groupe de t\u00eate.<\/span><\/p>\n<p style=\"text-align: justify;\"><span style=\"font-weight: 400;\">Le tempo a largement baiss\u00e9 pour aborder le sprint final avec les batteries pleines. Ce n\u2019est que dans les deux derniers tours que le rythme est mont\u00e9 d\u2019un cran. Au d\u00e9but de cette premi\u00e8re mont\u00e9e, <\/span><b>Laura Stigger <\/b><span style=\"font-weight: 400;\">a r\u00e9alis\u00e9 une attaque tranchante, par surprise. <\/span><\/p>\n<p style=\"text-align: justify;\"><span style=\"font-weight: 400;\">L\u2019Autrichienne s\u2019est \u00e9chapp\u00e9e, mais sans doute un peu t\u00f4t. Un carambolage a failli se tenir \u00e0 l&rsquo;entame de la derni\u00e8re boucle avec cette vague de <\/span><b>Jenny Rissveds<\/b><span style=\"font-weight: 400;\">, proche de faire tomber <\/span><b>Frei<\/b><span style=\"font-weight: 400;\">. Les pulsations ont d\u00fb grimper rapidement et c\u2019est \u00e0 ce moment que la pilote de Specialized a fait son effort. <\/span><\/p>\n<blockquote class=\"twitter-tweet\">\n<p dir=\"ltr\" lang=\"fi\">Women Elite XCC Podium<\/p>\n<p>1\ufe0f\u20e3\ud83c\udde8\ud83c\udded Sina Frei<br \/>\n2\ufe0f\u20e3\ud83c\uddec\ud83c\udde7 Evie Richards<br \/>\n3\ufe0f\u20e3\ud83c\uddee\ud83c\uddf9 Martina Berta<a href=\"https:\/\/twitter.com\/hashtag\/MTBWorldCup?src=hash&amp;ref_src=twsrc%5Etfw\">#MTBWorldCup<\/a><\/p>\n<p>\u2014 UCI MTB (@UCI_MTB) <a href=\"https:\/\/twitter.com\/UCI_MTB\/status\/2050134151655788617?ref_src=twsrc%5Etfw\">May 1, 2026<\/a><\/p><\/blockquote>\n<p><script async src=\"https:\/\/platform.twitter.com\/widgets.js\" charset=\"utf-8\"><\/script><\/p>\n<p style=\"text-align: justify;\"><span style=\"font-weight: 400;\">Il en a fallu de peu, mais elle a bien r\u00e9sist\u00e9 au retour d\u2019<\/span><b>Evie Richards. Line Burquier<\/b><span style=\"font-weight: 400;\">, entr\u00e9e de justesse dans la course, s\u2019\u00e9lancera dimanche sur la 3\u1d49 ligne gr\u00e2ce \u00e0 sa 21\u1d49 place. En d\u00e9licatesse depuis l\u2019\u00e9t\u00e9 dernier, <\/span><b>Loana Lecomte <\/b><span style=\"font-weight: 400;\">prend la 29e position.<\/span><\/p>\n<ul style=\"text-align: justify;\">\n<li><strong>\u00c0 ce sujet \u2013\u00a0<\/strong><strong><a href=\"https:\/\/dicodusport.fr\/blog\/coupe-du-monde-vtt-cross-country-2026-classement-general-femmes-actualise\/\">Coupe du monde VTT Cross-country 2026 : Classement G\u00e9n\u00e9ral Femmes<\/a> <\/strong><\/li>\n<\/ul>\n<h3>\u00c0 ce sujet<\/h3>\n<div class=\"vlp-link-container vlp-layout-article\"><a href=\"https:\/\/dicodusport.fr\/blog\/mathis-azzaro-signe-la-premiere-victoire-en-coupe-du-monde-de-vtt-de-sa-carriere-sur-le-xcc-de-yongpyong\/\" class=\"vlp-link\" title=\"Mathis Azzaro signe la premi\u00e8re victoire en Coupe du monde de VTT de sa carri\u00e8re sur le XCC de YongPyong !\"><\/a><div class=\"vlp-layout-zone-side\"><div class=\"vlp-block-4 vlp-link-image\"><img loading=\"lazy\" decoding=\"async\" style=\"max-width: 792px;\" width=\"792\" height=\"445\" src=\"https:\/\/dicodusport.fr\/blog\/wp-content\/uploads\/2026\/05\/Mathis-Azzaro-signe-la-premiere-victoire-en-Coupe-du-monde-de-VTT-de-sa-carriere-sur-le-XCC-de-YongPyong-.png\" class=\"attachment-800x445 size-800x445\" alt=\"Mathis Azzaro signe la premi\u00e8re victoire en Coupe du monde de VTT de sa carri\u00e8re sur le XCC de YongPyong !\" srcset=\"https:\/\/dicodusport.fr\/blog\/wp-content\/uploads\/2026\/05\/Mathis-Azzaro-signe-la-premiere-victoire-en-Coupe-du-monde-de-VTT-de-sa-carriere-sur-le-XCC-de-YongPyong-.png 1200w, https:\/\/dicodusport.fr\/blog\/wp-content\/uploads\/2026\/05\/Mathis-Azzaro-signe-la-premiere-victoire-en-Coupe-du-monde-de-VTT-de-sa-carriere-sur-le-XCC-de-YongPyong--300x169.png 300w, https:\/\/dicodusport.fr\/blog\/wp-content\/uploads\/2026\/05\/Mathis-Azzaro-signe-la-premiere-victoire-en-Coupe-du-monde-de-VTT-de-sa-carriere-sur-le-XCC-de-YongPyong--1024x575.png 1024w, https:\/\/dicodusport.fr\/blog\/wp-content\/uploads\/2026\/05\/Mathis-Azzaro-signe-la-premiere-victoire-en-Coupe-du-monde-de-VTT-de-sa-carriere-sur-le-XCC-de-YongPyong--768x431.png 768w\" sizes=\"auto, (max-width: 792px) 100vw, 792px\" \/><\/div><\/div><div class=\"vlp-layout-zone-main\"><div class=\"vlp-block-0 vlp-link-title\">Mathis Azzaro signe la premi\u00e8re victoire en Coupe du monde de VTT de sa carri\u00e8re sur le XCC de YongPyong !<\/div><div class=\"vlp-block-1 vlp-link-summary\">COUPE DU MONDE DE VTT 2026 - Le Fran\u00e7ais Mathis Azzaro est all\u00e9 chercher la victoire lors de l'ouverture de la saison sur le XCC de YongPyong. La premi\u00e8re de sa jeune carri\u00e8re.<\/div><div class=\"vlp-block-2 vlp-link-button\">Lire l'article<\/div><div class=\"vlp-block-3 vlp-link-url\">dicodusport.fr<\/div><\/div><\/div>\n<div id=\"gtx-trans\" style=\"position: absolute; left: -14px; top: 40.9091px;\">\n<div class=\"gtx-trans-icon\" style=\"text-align: justify;\"><\/div>\n<\/div>\n","protected":false},"excerpt":{"rendered":"<p>COUPE DU MONDE DE VTT 2026 &#8211; La Suissesse Sina Frei s&rsquo;est impos\u00e9e lors de la premi\u00e8re course de la saison, le XCC de YongPyong. Elle a devanc\u00e9 au sprint Evie Richards et Martina Berta.<\/p>\n","protected":false},"author":61,"featured_media":666656,"comment_status":"open","ping_status":"closed","sticky":false,"template":"","format":"standard","meta":{"_acf_changed":false,"_daextam_enable_autolinks":"1","footnotes":""},"categories":[10279],"tags":[16878,39592,692,24673],"class_list":["post-666583","post","type-post","status-publish","format-standard","has-post-thumbnail","hentry","category-vtt","tag-breve","tag-mtb-world-series","tag-vtt","tag-vtt-xcc"],"acf":[],"yoast_head":"<!-- This site is optimized with the Yoast SEO Premium plugin v26.7 (Yoast SEO v26.7) - https:\/\/yoast.com\/wordpress\/plugins\/seo\/ -->\n<title>Sina Frei empoche le XCC de YongPyong, premi\u00e8re course de Coupe du monde de VTT de la saison<\/title>\n<meta name=\"description\" content=\"COUPE DU MONDE DE VTT 2026 - La Suissesse Sina Frei s&#039;est impos\u00e9e lors de la premi\u00e8re course de la saison, le XCC de YongPyong.\" \/>\n<meta name=\"robots\" content=\"index, follow, max-snippet:-1, max-image-preview:large, max-video-preview:-1\" \/>\n<link rel=\"canonical\" href=\"https:\/\/dicodusport.fr\/blog\/sina-frei-empoche-le-xcc-de-yongpyong-premiere-course-de-coupe-du-monde-de-vtt-de-la-saison\/\" \/>\n<meta property=\"og:locale\" content=\"fr_FR\" \/>\n<meta property=\"og:type\" content=\"article\" \/>\n<meta property=\"og:title\" content=\"Sina Frei empoche le XCC de YongPyong, premi\u00e8re course de Coupe du monde de VTT de la saison\" \/>\n<meta property=\"og:description\" content=\"COUPE DU MONDE DE VTT 2026 - La Suissesse Sina Frei s&#039;est impos\u00e9e lors de la premi\u00e8re course de la saison, le XCC de YongPyong.\" \/>\n<meta property=\"og:url\" content=\"https:\/\/dicodusport.fr\/blog\/sina-frei-empoche-le-xcc-de-yongpyong-premiere-course-de-coupe-du-monde-de-vtt-de-la-saison\/\" \/>\n<meta property=\"og:site_name\" content=\"Dicodusport\" \/>\n<meta property=\"article:publisher\" content=\"https:\/\/www.facebook.com\/dicodusport\" \/>\n<meta property=\"article:published_time\" content=\"2026-05-01T08:43:17+00:00\" \/>\n<meta property=\"article:modified_time\" content=\"2026-05-01T10:48:32+00:00\" \/>\n<meta property=\"og:image\" content=\"https:\/\/dicodusport.fr\/blog\/wp-content\/uploads\/2026\/05\/Sina-Frei-empoche-le-XCC-de-YongPyong-premiere-course-de-Coupe-du-monde-de-VTT-de-la-saison-1.png\" \/>\n\t<meta property=\"og:image:width\" content=\"1200\" \/>\n\t<meta property=\"og:image:height\" content=\"674\" \/>\n\t<meta property=\"og:image:type\" content=\"image\/png\" \/>\n<meta name=\"author\" content=\"Pierre Gorce\" \/>\n<meta name=\"twitter:card\" content=\"summary_large_image\" \/>\n<meta name=\"twitter:title\" content=\"Sina Frei empoche le XCC de YongPyong, premi\u00e8re course de Coupe du monde de VTT de la saison\" \/>\n<meta name=\"twitter:creator\" content=\"@https:\/\/twitter.com\/pierregorce12\" \/>\n<meta name=\"twitter:site\" content=\"@dicodusport\" \/>\n<script type=\"application\/ld+json\" class=\"yoast-schema-graph\">{\"@context\":\"https:\/\/schema.org\",\"@graph\":[{\"@type\":\"NewsArticle\",\"@id\":\"https:\/\/dicodusport.fr\/blog\/sina-frei-empoche-le-xcc-de-yongpyong-premiere-course-de-coupe-du-monde-de-vtt-de-la-saison\/#article\",\"isPartOf\":{\"@id\":\"https:\/\/dicodusport.fr\/blog\/sina-frei-empoche-le-xcc-de-yongpyong-premiere-course-de-coupe-du-monde-de-vtt-de-la-saison\/\"},\"author\":{\"name\":\"Pierre Gorce\",\"@id\":\"https:\/\/dicodusport.fr\/blog\/#\/schema\/person\/0eaf70b33d703a1a66b1155ac1bda018\"},\"headline\":\"Sina Frei empoche le XCC de YongPyong, premi\u00e8re course de Coupe du monde de VTT de la saison\",\"datePublished\":\"2026-05-01T08:43:17+00:00\",\"dateModified\":\"2026-05-01T10:48:32+00:00\",\"mainEntityOfPage\":{\"@id\":\"https:\/\/dicodusport.fr\/blog\/sina-frei-empoche-le-xcc-de-yongpyong-premiere-course-de-coupe-du-monde-de-vtt-de-la-saison\/\"},\"wordCount\":563,\"commentCount\":0,\"publisher\":{\"@id\":\"https:\/\/dicodusport.fr\/blog\/#organization\"},\"image\":{\"@id\":\"https:\/\/dicodusport.fr\/blog\/sina-frei-empoche-le-xcc-de-yongpyong-premiere-course-de-coupe-du-monde-de-vtt-de-la-saison\/#primaryimage\"},\"thumbnailUrl\":\"https:\/\/dicodusport.fr\/blog\/wp-content\/uploads\/2026\/05\/Sina-Frei-empoche-le-XCC-de-YongPyong-premiere-course-de-Coupe-du-monde-de-VTT-de-la-saison-1.png\",\"keywords\":[\"br\u00e8ve\",\"MTB World Series\",\"VTT\",\"VTT XCC\"],\"articleSection\":[\"VTT\"],\"inLanguage\":\"fr-FR\",\"potentialAction\":[{\"@type\":\"CommentAction\",\"name\":\"Comment\",\"target\":[\"https:\/\/dicodusport.fr\/blog\/sina-frei-empoche-le-xcc-de-yongpyong-premiere-course-de-coupe-du-monde-de-vtt-de-la-saison\/#respond\"]}],\"copyrightYear\":\"2026\",\"copyrightHolder\":{\"@id\":\"https:\/\/dicodusport.fr\/blog\/#organization\"}},{\"@type\":\"WebPage\",\"@id\":\"https:\/\/dicodusport.fr\/blog\/sina-frei-empoche-le-xcc-de-yongpyong-premiere-course-de-coupe-du-monde-de-vtt-de-la-saison\/\",\"url\":\"https:\/\/dicodusport.fr\/blog\/sina-frei-empoche-le-xcc-de-yongpyong-premiere-course-de-coupe-du-monde-de-vtt-de-la-saison\/\",\"name\":\"Sina Frei empoche le XCC de YongPyong, premi\u00e8re course de Coupe du monde de VTT de la saison\",\"isPartOf\":{\"@id\":\"https:\/\/dicodusport.fr\/blog\/#website\"},\"primaryImageOfPage\":{\"@id\":\"https:\/\/dicodusport.fr\/blog\/sina-frei-empoche-le-xcc-de-yongpyong-premiere-course-de-coupe-du-monde-de-vtt-de-la-saison\/#primaryimage\"},\"image\":{\"@id\":\"https:\/\/dicodusport.fr\/blog\/sina-frei-empoche-le-xcc-de-yongpyong-premiere-course-de-coupe-du-monde-de-vtt-de-la-saison\/#primaryimage\"},\"thumbnailUrl\":\"https:\/\/dicodusport.fr\/blog\/wp-content\/uploads\/2026\/05\/Sina-Frei-empoche-le-XCC-de-YongPyong-premiere-course-de-Coupe-du-monde-de-VTT-de-la-saison-1.png\",\"datePublished\":\"2026-05-01T08:43:17+00:00\",\"dateModified\":\"2026-05-01T10:48:32+00:00\",\"description\":\"COUPE DU MONDE DE VTT 2026 - La Suissesse Sina Frei s'est impos\u00e9e lors de la premi\u00e8re course de la saison, le XCC de YongPyong.\",\"breadcrumb\":{\"@id\":\"https:\/\/dicodusport.fr\/blog\/sina-frei-empoche-le-xcc-de-yongpyong-premiere-course-de-coupe-du-monde-de-vtt-de-la-saison\/#breadcrumb\"},\"inLanguage\":\"fr-FR\",\"potentialAction\":[{\"@type\":\"ReadAction\",\"target\":[\"https:\/\/dicodusport.fr\/blog\/sina-frei-empoche-le-xcc-de-yongpyong-premiere-course-de-coupe-du-monde-de-vtt-de-la-saison\/\"]}]},{\"@type\":\"ImageObject\",\"inLanguage\":\"fr-FR\",\"@id\":\"https:\/\/dicodusport.fr\/blog\/sina-frei-empoche-le-xcc-de-yongpyong-premiere-course-de-coupe-du-monde-de-vtt-de-la-saison\/#primaryimage\",\"url\":\"https:\/\/dicodusport.fr\/blog\/wp-content\/uploads\/2026\/05\/Sina-Frei-empoche-le-XCC-de-YongPyong-premiere-course-de-Coupe-du-monde-de-VTT-de-la-saison-1.png\",\"contentUrl\":\"https:\/\/dicodusport.fr\/blog\/wp-content\/uploads\/2026\/05\/Sina-Frei-empoche-le-XCC-de-YongPyong-premiere-course-de-Coupe-du-monde-de-VTT-de-la-saison-1.png\",\"width\":1200,\"height\":674,\"caption\":\"Sina Frei empoche le XCC de YongPyong, premi\u00e8re course de Coupe du monde de VTT de la saison\"},{\"@type\":\"BreadcrumbList\",\"@id\":\"https:\/\/dicodusport.fr\/blog\/sina-frei-empoche-le-xcc-de-yongpyong-premiere-course-de-coupe-du-monde-de-vtt-de-la-saison\/#breadcrumb\",\"itemListElement\":[{\"@type\":\"ListItem\",\"position\":1,\"name\":\"Accueil\",\"item\":\"https:\/\/dicodusport.fr\/blog\/\"},{\"@type\":\"ListItem\",\"position\":2,\"name\":\"Sina Frei empoche le XCC de YongPyong, premi\u00e8re course de Coupe du monde de VTT de la saison\"}]},{\"@type\":\"WebSite\",\"@id\":\"https:\/\/dicodusport.fr\/blog\/#website\",\"url\":\"https:\/\/dicodusport.fr\/blog\/\",\"name\":\"Dicodusport\",\"description\":\"L&#039;encyclop\u00e9die de l&#039;actualit\u00e9 sportive\",\"publisher\":{\"@id\":\"https:\/\/dicodusport.fr\/blog\/#organization\"},\"potentialAction\":[{\"@type\":\"SearchAction\",\"target\":{\"@type\":\"EntryPoint\",\"urlTemplate\":\"https:\/\/dicodusport.fr\/blog\/?s={search_term_string}\"},\"query-input\":{\"@type\":\"PropertyValueSpecification\",\"valueRequired\":true,\"valueName\":\"search_term_string\"}}],\"inLanguage\":\"fr-FR\"},{\"@type\":\"NewsMediaOrganization\",\"@id\":\"https:\/\/dicodusport.fr\/blog\/#organization\",\"name\":\"Dicodusport\",\"url\":\"https:\/\/dicodusport.fr\/blog\/\",\"logo\":{\"@type\":\"ImageObject\",\"inLanguage\":\"fr-FR\",\"@id\":\"https:\/\/dicodusport.fr\/blog\/#\/schema\/logo\/image\/\",\"url\":\"https:\/\/dicodusport.fr\/blog\/wp-content\/uploads\/2020\/06\/cropped-LOGO-DICODUSPORT-2020-SANS-FOND-SANS-TEXTE.png\",\"contentUrl\":\"https:\/\/dicodusport.fr\/blog\/wp-content\/uploads\/2020\/06\/cropped-LOGO-DICODUSPORT-2020-SANS-FOND-SANS-TEXTE.png\",\"width\":512,\"height\":512,\"caption\":\"Dicodusport\"},\"image\":{\"@id\":\"https:\/\/dicodusport.fr\/blog\/#\/schema\/logo\/image\/\"},\"sameAs\":[\"https:\/\/www.facebook.com\/dicodusport\",\"https:\/\/x.com\/dicodusport\",\"https:\/\/www.instagram.com\/dicodusport\/\",\"https:\/\/www.youtube.com\/channel\/UC7V2KZ5sd3htJivAbA4ZG3w\"],\"description\":\"Dicodusport est l'encyclop\u00e9die de l'actualit\u00e9 sportive.\",\"email\":\"bonjour@dicodusport.fr\",\"legalName\":\"DICODUSPORT\",\"foundingDate\":\"2018-01-14\",\"vatID\":\"FR71834470973\",\"taxID\":\"83447097300043\",\"numberOfEmployees\":{\"@type\":\"QuantitativeValue\",\"minValue\":\"1\",\"maxValue\":\"10\"}},{\"@type\":\"Person\",\"@id\":\"https:\/\/dicodusport.fr\/blog\/#\/schema\/person\/0eaf70b33d703a1a66b1155ac1bda018\",\"name\":\"Pierre Gorce\",\"image\":{\"@type\":\"ImageObject\",\"inLanguage\":\"fr-FR\",\"@id\":\"https:\/\/dicodusport.fr\/blog\/#\/schema\/person\/image\/\",\"url\":\"https:\/\/dicodusport.fr\/blog\/wp-content\/uploads\/2022\/03\/IMG_20211214_233053_722-150x150.jpg\",\"contentUrl\":\"https:\/\/dicodusport.fr\/blog\/wp-content\/uploads\/2022\/03\/IMG_20211214_233053_722-150x150.jpg\",\"caption\":\"Pierre Gorce\"},\"description\":\"Couteau suisse venant tout droit de Haute-Savoie. Habitu\u00e9 \u00e0 regarder du sport depuis petit, j'en ai maintenant fait mon m\u00e9tier. Des sports d'hiver au surf, en passant par le tennis, la F1, le handball et l'athl\u00e9tisme, j'essaie d'avoir mes yeux sur l'enti\u00e8ret\u00e9 de l'actualit\u00e9. Jeune homme berc\u00e9 par les exploits de Jean-Baptiste Grange, Sebastian Vettel et des Experts. Membre de la g\u00e9n\u00e9ration 1999 comme Luka Doncic, Sydney McLaughlin, Lando Norris et Loana Lecomte, mais avec beaucoup moins de talent qu'eux.\",\"sameAs\":[\"https:\/\/x.com\/https:\/\/twitter.com\/pierregorce12\"],\"birthDate\":\"1999-08-29\",\"url\":\"https:\/\/dicodusport.fr\/blog\/author\/pierreg\/\"}]}<\/script>\n<!-- \/ Yoast SEO Premium plugin. -->","yoast_head_json":{"title":"Sina Frei empoche le XCC de YongPyong, premi\u00e8re course de Coupe du monde de VTT de la saison","description":"COUPE DU MONDE DE VTT 2026 - La Suissesse Sina Frei s'est impos\u00e9e lors de la premi\u00e8re course de la saison, le XCC de YongPyong.","robots":{"index":"index","follow":"follow","max-snippet":"max-snippet:-1","max-image-preview":"max-image-preview:large","max-video-preview":"max-video-preview:-1"},"canonical":"https:\/\/dicodusport.fr\/blog\/sina-frei-empoche-le-xcc-de-yongpyong-premiere-course-de-coupe-du-monde-de-vtt-de-la-saison\/","og_locale":"fr_FR","og_type":"article","og_title":"Sina Frei empoche le XCC de YongPyong, premi\u00e8re course de Coupe du monde de VTT de la saison","og_description":"COUPE DU MONDE DE VTT 2026 - La Suissesse Sina Frei s'est impos\u00e9e lors de la premi\u00e8re course de la saison, le XCC de YongPyong.","og_url":"https:\/\/dicodusport.fr\/blog\/sina-frei-empoche-le-xcc-de-yongpyong-premiere-course-de-coupe-du-monde-de-vtt-de-la-saison\/","og_site_name":"Dicodusport","article_publisher":"https:\/\/www.facebook.com\/dicodusport","article_published_time":"2026-05-01T08:43:17+00:00","article_modified_time":"2026-05-01T10:48:32+00:00","og_image":[{"width":1200,"height":674,"url":"https:\/\/dicodusport.fr\/blog\/wp-content\/uploads\/2026\/05\/Sina-Frei-empoche-le-XCC-de-YongPyong-premiere-course-de-Coupe-du-monde-de-VTT-de-la-saison-1.png","type":"image\/png"}],"author":"Pierre Gorce","twitter_card":"summary_large_image","twitter_title":"Sina Frei empoche le XCC de YongPyong, premi\u00e8re course de Coupe du monde de VTT de la saison","twitter_creator":"@https:\/\/twitter.com\/pierregorce12","twitter_site":"@dicodusport","schema":{"@context":"https:\/\/schema.org","@graph":[{"@type":"NewsArticle","@id":"https:\/\/dicodusport.fr\/blog\/sina-frei-empoche-le-xcc-de-yongpyong-premiere-course-de-coupe-du-monde-de-vtt-de-la-saison\/#article","isPartOf":{"@id":"https:\/\/dicodusport.fr\/blog\/sina-frei-empoche-le-xcc-de-yongpyong-premiere-course-de-coupe-du-monde-de-vtt-de-la-saison\/"},"author":{"name":"Pierre Gorce","@id":"https:\/\/dicodusport.fr\/blog\/#\/schema\/person\/0eaf70b33d703a1a66b1155ac1bda018"},"headline":"Sina Frei empoche le XCC de YongPyong, premi\u00e8re course de Coupe du monde de VTT de la saison","datePublished":"2026-05-01T08:43:17+00:00","dateModified":"2026-05-01T10:48:32+00:00","mainEntityOfPage":{"@id":"https:\/\/dicodusport.fr\/blog\/sina-frei-empoche-le-xcc-de-yongpyong-premiere-course-de-coupe-du-monde-de-vtt-de-la-saison\/"},"wordCount":563,"commentCount":0,"publisher":{"@id":"https:\/\/dicodusport.fr\/blog\/#organization"},"image":{"@id":"https:\/\/dicodusport.fr\/blog\/sina-frei-empoche-le-xcc-de-yongpyong-premiere-course-de-coupe-du-monde-de-vtt-de-la-saison\/#primaryimage"},"thumbnailUrl":"https:\/\/dicodusport.fr\/blog\/wp-content\/uploads\/2026\/05\/Sina-Frei-empoche-le-XCC-de-YongPyong-premiere-course-de-Coupe-du-monde-de-VTT-de-la-saison-1.png","keywords":["br\u00e8ve","MTB World Series","VTT","VTT XCC"],"articleSection":["VTT"],"inLanguage":"fr-FR","potentialAction":[{"@type":"CommentAction","name":"Comment","target":["https:\/\/dicodusport.fr\/blog\/sina-frei-empoche-le-xcc-de-yongpyong-premiere-course-de-coupe-du-monde-de-vtt-de-la-saison\/#respond"]}],"copyrightYear":"2026","copyrightHolder":{"@id":"https:\/\/dicodusport.fr\/blog\/#organization"}},{"@type":"WebPage","@id":"https:\/\/dicodusport.fr\/blog\/sina-frei-empoche-le-xcc-de-yongpyong-premiere-course-de-coupe-du-monde-de-vtt-de-la-saison\/","url":"https:\/\/dicodusport.fr\/blog\/sina-frei-empoche-le-xcc-de-yongpyong-premiere-course-de-coupe-du-monde-de-vtt-de-la-saison\/","name":"Sina Frei empoche le XCC de YongPyong, premi\u00e8re course de Coupe du monde de VTT de la saison","isPartOf":{"@id":"https:\/\/dicodusport.fr\/blog\/#website"},"primaryImageOfPage":{"@id":"https:\/\/dicodusport.fr\/blog\/sina-frei-empoche-le-xcc-de-yongpyong-premiere-course-de-coupe-du-monde-de-vtt-de-la-saison\/#primaryimage"},"image":{"@id":"https:\/\/dicodusport.fr\/blog\/sina-frei-empoche-le-xcc-de-yongpyong-premiere-course-de-coupe-du-monde-de-vtt-de-la-saison\/#primaryimage"},"thumbnailUrl":"https:\/\/dicodusport.fr\/blog\/wp-content\/uploads\/2026\/05\/Sina-Frei-empoche-le-XCC-de-YongPyong-premiere-course-de-Coupe-du-monde-de-VTT-de-la-saison-1.png","datePublished":"2026-05-01T08:43:17+00:00","dateModified":"2026-05-01T10:48:32+00:00","description":"COUPE DU MONDE DE VTT 2026 - La Suissesse Sina Frei s'est impos\u00e9e lors de la premi\u00e8re course de la saison, le XCC de YongPyong.","breadcrumb":{"@id":"https:\/\/dicodusport.fr\/blog\/sina-frei-empoche-le-xcc-de-yongpyong-premiere-course-de-coupe-du-monde-de-vtt-de-la-saison\/#breadcrumb"},"inLanguage":"fr-FR","potentialAction":[{"@type":"ReadAction","target":["https:\/\/dicodusport.fr\/blog\/sina-frei-empoche-le-xcc-de-yongpyong-premiere-course-de-coupe-du-monde-de-vtt-de-la-saison\/"]}]},{"@type":"ImageObject","inLanguage":"fr-FR","@id":"https:\/\/dicodusport.fr\/blog\/sina-frei-empoche-le-xcc-de-yongpyong-premiere-course-de-coupe-du-monde-de-vtt-de-la-saison\/#primaryimage","url":"https:\/\/dicodusport.fr\/blog\/wp-content\/uploads\/2026\/05\/Sina-Frei-empoche-le-XCC-de-YongPyong-premiere-course-de-Coupe-du-monde-de-VTT-de-la-saison-1.png","contentUrl":"https:\/\/dicodusport.fr\/blog\/wp-content\/uploads\/2026\/05\/Sina-Frei-empoche-le-XCC-de-YongPyong-premiere-course-de-Coupe-du-monde-de-VTT-de-la-saison-1.png","width":1200,"height":674,"caption":"Sina Frei empoche le XCC de YongPyong, premi\u00e8re course de Coupe du monde de VTT de la saison"},{"@type":"BreadcrumbList","@id":"https:\/\/dicodusport.fr\/blog\/sina-frei-empoche-le-xcc-de-yongpyong-premiere-course-de-coupe-du-monde-de-vtt-de-la-saison\/#breadcrumb","itemListElement":[{"@type":"ListItem","position":1,"name":"Accueil","item":"https:\/\/dicodusport.fr\/blog\/"},{"@type":"ListItem","position":2,"name":"Sina Frei empoche le XCC de YongPyong, premi\u00e8re course de Coupe du monde de VTT de la saison"}]},{"@type":"WebSite","@id":"https:\/\/dicodusport.fr\/blog\/#website","url":"https:\/\/dicodusport.fr\/blog\/","name":"Dicodusport","description":"L&#039;encyclop\u00e9die de l&#039;actualit\u00e9 sportive","publisher":{"@id":"https:\/\/dicodusport.fr\/blog\/#organization"},"potentialAction":[{"@type":"SearchAction","target":{"@type":"EntryPoint","urlTemplate":"https:\/\/dicodusport.fr\/blog\/?s={search_term_string}"},"query-input":{"@type":"PropertyValueSpecification","valueRequired":true,"valueName":"search_term_string"}}],"inLanguage":"fr-FR"},{"@type":"NewsMediaOrganization","@id":"https:\/\/dicodusport.fr\/blog\/#organization","name":"Dicodusport","url":"https:\/\/dicodusport.fr\/blog\/","logo":{"@type":"ImageObject","inLanguage":"fr-FR","@id":"https:\/\/dicodusport.fr\/blog\/#\/schema\/logo\/image\/","url":"https:\/\/dicodusport.fr\/blog\/wp-content\/uploads\/2020\/06\/cropped-LOGO-DICODUSPORT-2020-SANS-FOND-SANS-TEXTE.png","contentUrl":"https:\/\/dicodusport.fr\/blog\/wp-content\/uploads\/2020\/06\/cropped-LOGO-DICODUSPORT-2020-SANS-FOND-SANS-TEXTE.png","width":512,"height":512,"caption":"Dicodusport"},"image":{"@id":"https:\/\/dicodusport.fr\/blog\/#\/schema\/logo\/image\/"},"sameAs":["https:\/\/www.facebook.com\/dicodusport","https:\/\/x.com\/dicodusport","https:\/\/www.instagram.com\/dicodusport\/","https:\/\/www.youtube.com\/channel\/UC7V2KZ5sd3htJivAbA4ZG3w"],"description":"Dicodusport est l'encyclop\u00e9die de l'actualit\u00e9 sportive.","email":"bonjour@dicodusport.fr","legalName":"DICODUSPORT","foundingDate":"2018-01-14","vatID":"FR71834470973","taxID":"83447097300043","numberOfEmployees":{"@type":"QuantitativeValue","minValue":"1","maxValue":"10"}},{"@type":"Person","@id":"https:\/\/dicodusport.fr\/blog\/#\/schema\/person\/0eaf70b33d703a1a66b1155ac1bda018","name":"Pierre Gorce","image":{"@type":"ImageObject","inLanguage":"fr-FR","@id":"https:\/\/dicodusport.fr\/blog\/#\/schema\/person\/image\/","url":"https:\/\/dicodusport.fr\/blog\/wp-content\/uploads\/2022\/03\/IMG_20211214_233053_722-150x150.jpg","contentUrl":"https:\/\/dicodusport.fr\/blog\/wp-content\/uploads\/2022\/03\/IMG_20211214_233053_722-150x150.jpg","caption":"Pierre Gorce"},"description":"Couteau suisse venant tout droit de Haute-Savoie. Habitu\u00e9 \u00e0 regarder du sport depuis petit, j'en ai maintenant fait mon m\u00e9tier. Des sports d'hiver au surf, en passant par le tennis, la F1, le handball et l'athl\u00e9tisme, j'essaie d'avoir mes yeux sur l'enti\u00e8ret\u00e9 de l'actualit\u00e9. Jeune homme berc\u00e9 par les exploits de Jean-Baptiste Grange, Sebastian Vettel et des Experts. Membre de la g\u00e9n\u00e9ration 1999 comme Luka Doncic, Sydney McLaughlin, Lando Norris et Loana Lecomte, mais avec beaucoup moins de talent qu'eux.","sameAs":["https:\/\/x.com\/https:\/\/twitter.com\/pierregorce12"],"birthDate":"1999-08-29","url":"https:\/\/dicodusport.fr\/blog\/author\/pierreg\/"}]}},"_links":{"self":[{"href":"https:\/\/dicodusport.fr\/blog\/wp-json\/wp\/v2\/posts\/666583","targetHints":{"allow":["GET"]}}],"collection":[{"href":"https:\/\/dicodusport.fr\/blog\/wp-json\/wp\/v2\/posts"}],"about":[{"href":"https:\/\/dicodusport.fr\/blog\/wp-json\/wp\/v2\/types\/post"}],"author":[{"embeddable":true,"href":"https:\/\/dicodusport.fr\/blog\/wp-json\/wp\/v2\/users\/61"}],"replies":[{"embeddable":true,"href":"https:\/\/dicodusport.fr\/blog\/wp-json\/wp\/v2\/comments?post=666583"}],"version-history":[{"count":5,"href":"https:\/\/dicodusport.fr\/blog\/wp-json\/wp\/v2\/posts\/666583\/revisions"}],"predecessor-version":[{"id":666652,"href":"https:\/\/dicodusport.fr\/blog\/wp-json\/wp\/v2\/posts\/666583\/revisions\/666652"}],"wp:featuredmedia":[{"embeddable":true,"href":"https:\/\/dicodusport.fr\/blog\/wp-json\/wp\/v2\/media\/666656"}],"wp:attachment":[{"href":"https:\/\/dicodusport.fr\/blog\/wp-json\/wp\/v2\/media?parent=666583"}],"wp:term":[{"taxonomy":"category","embeddable":true,"href":"https:\/\/dicodusport.fr\/blog\/wp-json\/wp\/v2\/categories?post=666583"},{"taxonomy":"post_tag","embeddable":true,"href":"https:\/\/dicodusport.fr\/blog\/wp-json\/wp\/v2\/tags?post=666583"}],"curies":[{"name":"wp","href":"https:\/\/api.w.org\/{rel}","templated":true}]}}