{"id":666677,"date":"2026-05-01T18:20:09","date_gmt":"2026-05-01T16:20:09","guid":{"rendered":"https:\/\/dicodusport.fr\/blog\/?p=666677&#038;preview=true&#038;preview_id=666677"},"modified":"2026-05-01T18:23:39","modified_gmt":"2026-05-01T16:23:39","slug":"les-bleus-du-squash-decoivent-contre-la-suisse-et-niront-pas-en-finale-de-leuro-par-equipes","status":"publish","type":"post","link":"https:\/\/dicodusport.fr\/blog\/les-bleus-du-squash-decoivent-contre-la-suisse-et-niront-pas-en-finale-de-leuro-par-equipes\/","title":{"rendered":"Les Bleus du squash d\u00e9\u00e7oivent contre la Suisse et n&rsquo;iront pas en finale de l&rsquo;Euro par \u00e9quipes"},"content":{"rendered":"<p style=\"text-align: justify;\"><strong><em>EURO PAR \u00c9QUIPES DE SQUASH 2026 &#8211; Stupeur pour l&rsquo;\u00e9quipe de France, qui voit sa s\u00e9rie de finales s&rsquo;interrompre des mains de la Suisse.<\/em><\/strong><\/p>\n<ul style=\"text-align: justify;\">\n<li style=\"text-align: justify;\"><strong>\u00c0 ce sujet &#8211; <a href=\"https:\/\/dicodusport.fr\/blog\/championnats-deurope-par-equipes-de-squash-2026-programme-calendrier-et-resultats\/\">Championnats d\u2019Europe par \u00e9quipes de squash 2026 : Programme, calendrier et r\u00e9sultats<\/a><\/strong><\/li>\n<\/ul>\n<p style=\"text-align: justify;\">Apr\u00e8s l&rsquo;exploit des filles, place \u00e0 l&rsquo;\u00e9quipe de France hommes de squash. Mais pour les Bleus, c&rsquo;est un statut de favori qui \u00e9tait logique en demi-finale des championnats d&rsquo;Europe par \u00e9quipes. Finalistes des quatre derni\u00e8res \u00e9ditions, les Tricolores devaient passer \u00e0 cinq d&rsquo;affil\u00e9e, mais il fallait clairement se m\u00e9fier de la Suisse, bourr\u00e9e de joueurs de qualit\u00e9.<\/p>\n<div class=\"vlp-link-container vlp-layout-article\"><a href=\"https:\/\/dicodusport.fr\/blog\/direction-le-dernier-carre-pour-les-bleus-du-squash-a-leuro-par-equipes-2026\/\" class=\"vlp-link\" title=\"Direction le dernier carr\u00e9 pour les Bleus du squash \u00e0 l&#039;Euro par \u00e9quipes\"><\/a><div class=\"vlp-layout-zone-side\"><div class=\"vlp-block-4 vlp-link-image\"><img loading=\"lazy\" decoding=\"async\" style=\"max-width: 792px;\" width=\"792\" height=\"445\" src=\"https:\/\/dicodusport.fr\/blog\/wp-content\/uploads\/2026\/04\/Direction-le-dernier-carre-pour-les-Bleus-du-squash-a-lEuro-par-equipes.png\" class=\"attachment-800x445 size-800x445\" alt=\"Direction le dernier carr\u00e9 pour les Bleus du squash \u00e0 l&#039;Euro par \u00e9quipes\" srcset=\"https:\/\/dicodusport.fr\/blog\/wp-content\/uploads\/2026\/04\/Direction-le-dernier-carre-pour-les-Bleus-du-squash-a-lEuro-par-equipes.png 1200w, https:\/\/dicodusport.fr\/blog\/wp-content\/uploads\/2026\/04\/Direction-le-dernier-carre-pour-les-Bleus-du-squash-a-lEuro-par-equipes-300x169.png 300w, https:\/\/dicodusport.fr\/blog\/wp-content\/uploads\/2026\/04\/Direction-le-dernier-carre-pour-les-Bleus-du-squash-a-lEuro-par-equipes-1024x575.png 1024w, https:\/\/dicodusport.fr\/blog\/wp-content\/uploads\/2026\/04\/Direction-le-dernier-carre-pour-les-Bleus-du-squash-a-lEuro-par-equipes-768x431.png 768w\" sizes=\"auto, (max-width: 792px) 100vw, 792px\" \/><\/div><\/div><div class=\"vlp-layout-zone-main\"><div class=\"vlp-block-0 vlp-link-title\">Direction le dernier carr\u00e9 pour les Bleus du squash \u00e0 l'Euro par \u00e9quipes<\/div><div class=\"vlp-block-1 vlp-link-summary\">EURO PAR \u00c9QUIPES DE SQUASH 2026 - Quart de finale accroch\u00e9 mais victorieux pour les Bleus, en route pour la m\u00e9daille aux Pays-Bas.\u00a0<\/div><div class=\"vlp-block-2 vlp-link-button\">Lire l'article<\/div><div class=\"vlp-block-3 vlp-link-url\">dicodusport.fr<\/div><\/div><\/div>\n<h2 style=\"text-align: justify;\">D\u00e9sillusion ou sabordage ?<\/h2>\n<p style=\"text-align: justify;\">En premier lieu <strong>Nicolas Mueller<\/strong>, <a href=\"https:\/\/dicodusport.fr\/blog\/squash-victor-crouin-battu-en-finale-des-championnats-deurope\/\">champion d&rsquo;Europe 2022<\/a>, pour un duel vintage contre <strong>Gr\u00e9goire Marche<\/strong>. Le Fran\u00e7ais partait vite, sans doute trop vite, car il paraissait rapidement dans le rouge. S&rsquo;il arrachait quand m\u00eame le premier jeu, il se d\u00e9litait progressivement et le Suisse devenait alors le patron sur le court, remportant une victoire indiscutable. <strong>Victor Crouin<\/strong> avait alors la pression face \u00e0 <strong>Dimitri Steinmann<\/strong>, contre qui il n&rsquo;avait toutefois jamais perdu en carri\u00e8re.<\/p>\n<p style=\"text-align: justify;\">Ce match \u00e9tait un de ceux dont on savait d\u00e8s le d\u00e9part qu&rsquo;il serait accroch\u00e9. Trois longs jeux faits de contacts, de complaintes incessantes envers l&rsquo;arbitrage, de rallyes peu entra\u00eenants\u2026 et conclus par un point de p\u00e9nalit\u00e9 \u00e0 l&rsquo;encontre du Suisse. Le genre de match qu&rsquo;il faut gagner peu importe les circonstances, ce qu&rsquo;a fait le Fran\u00e7ais, bien qu&rsquo;il ait gaspill\u00e9 six balles de match. Peu en vue depuis le d\u00e9but de l&rsquo;Euro, <strong>Baptiste Masotti<\/strong> devait enfoncer le clou contre <strong>Yannick Wilhelmi<\/strong>, mais ce match restera celui des occasions manqu\u00e9es.<\/p>\n<blockquote class=\"instagram-media\" style=\"background: #FFF; border: 0; border-radius: 3px; box-shadow: 0 0 1px 0 rgba(0,0,0,0.5),0 1px 10px 0 rgba(0,0,0,0.15); margin: 1px; max-width: 540px; min-width: 326px; padding: 0; width: calc(100% - 2px);\" data-instgrm-captioned=\"\" data-instgrm-permalink=\"https:\/\/www.instagram.com\/reel\/DXzP5dUIyST\/?utm_source=ig_embed&amp;utm_campaign=loading\" data-instgrm-version=\"14\">\n<div style=\"padding: 16px;\">\n<p>&nbsp;<\/p>\n<div style=\"display: flex; flex-direction: row; align-items: center;\">\n<div style=\"background-color: #f4f4f4; border-radius: 50%; flex-grow: 0; height: 40px; margin-right: 14px; width: 40px;\"><\/div>\n<div style=\"display: flex; flex-direction: column; flex-grow: 1; justify-content: center;\">\n<div style=\"background-color: #f4f4f4; border-radius: 4px; flex-grow: 0; height: 14px; margin-bottom: 6px; width: 100px;\"><\/div>\n<div style=\"background-color: #f4f4f4; border-radius: 4px; flex-grow: 0; height: 14px; width: 60px;\"><\/div>\n<\/div>\n<\/div>\n<div style=\"padding: 19% 0;\"><\/div>\n<div style=\"display: block; height: 50px; margin: 0 auto 12px; width: 50px;\"><\/div>\n<div style=\"padding-top: 8px;\">\n<div style=\"color: #3897f0; font-family: Arial,sans-serif; font-size: 14px; font-style: normal; font-weight: 550; line-height: 18px;\">Voir cette publication sur Instagram<\/div>\n<\/div>\n<div style=\"padding: 12.5% 0;\"><\/div>\n<div style=\"display: flex; flex-direction: row; margin-bottom: 14px; align-items: center;\">\n<div>\n<div style=\"background-color: #f4f4f4; border-radius: 50%; height: 12.5px; width: 12.5px; transform: translateX(0px) translateY(7px);\"><\/div>\n<div style=\"background-color: #f4f4f4; height: 12.5px; transform: rotate(-45deg) translateX(3px) translateY(1px); width: 12.5px; flex-grow: 0; margin-right: 14px; margin-left: 2px;\"><\/div>\n<div style=\"background-color: #f4f4f4; border-radius: 50%; height: 12.5px; width: 12.5px; transform: translateX(9px) translateY(-18px);\"><\/div>\n<\/div>\n<div style=\"margin-left: 8px;\">\n<div style=\"background-color: #f4f4f4; border-radius: 50%; flex-grow: 0; height: 20px; width: 20px;\"><\/div>\n<div style=\"width: 0; height: 0; border-top: 2px solid transparent; border-left: 6px solid #f4f4f4; border-bottom: 2px solid transparent; transform: translateX(16px) translateY(-4px) rotate(30deg);\"><\/div>\n<\/div>\n<div style=\"margin-left: auto;\">\n<div style=\"width: 0px; border-top: 8px solid #F4F4F4; border-right: 8px solid transparent; transform: translateY(16px);\"><\/div>\n<div style=\"background-color: #f4f4f4; flex-grow: 0; height: 12px; width: 16px; transform: translateY(-4px);\"><\/div>\n<div style=\"width: 0; height: 0; border-top: 8px solid #F4F4F4; border-left: 8px solid transparent; transform: translateY(-4px) translateX(8px);\"><\/div>\n<\/div>\n<\/div>\n<div style=\"display: flex; flex-direction: column; flex-grow: 1; justify-content: center; margin-bottom: 24px;\">\n<div style=\"background-color: #f4f4f4; border-radius: 4px; flex-grow: 0; height: 14px; margin-bottom: 6px; width: 224px;\"><\/div>\n<div style=\"background-color: #f4f4f4; border-radius: 4px; flex-grow: 0; height: 14px; width: 144px;\"><\/div>\n<\/div>\n<p>&nbsp;<\/p>\n<p style=\"color: #c9c8cd; font-family: Arial,sans-serif; font-size: 14px; line-height: 17px; margin-bottom: 0; margin-top: 8px; overflow: hidden; padding: 8px 0 7px; text-align: center; text-overflow: ellipsis; white-space: nowrap;\"><a style=\"color: #c9c8cd; font-family: Arial,sans-serif; font-size: 14px; font-style: normal; font-weight: normal; line-height: 17px; text-decoration: none;\" href=\"https:\/\/www.instagram.com\/reel\/DXzP5dUIyST\/?utm_source=ig_embed&amp;utm_campaign=loading\" target=\"_blank\" rel=\"noopener\">Une publication partag\u00e9e par European Squash Federation (@esf_squash)<\/a><\/p>\n<\/div>\n<\/blockquote>\n<p><script async src=\"\/\/www.instagram.com\/embed.js\"><\/script><\/p>\n<p style=\"text-align: justify;\">Vainqueur du premier jeu, largement en t\u00eate dans les deux suivants, le Fran\u00e7ais a fini par \u00ab\u00a0fondre les plombs\u00a0\u00bb et balancer le quatri\u00e8me jeu. Pas le genre de chose qu&rsquo;il faut faire par \u00e9quipes. <strong>Melvil Scianimanico<\/strong> devait gagner, si possible sans conc\u00e9der plus d&rsquo;un jeu, pour faire durer l&rsquo;aventure. Mais son match allait \u00eatre \u00e0 l&rsquo;image de toute la rencontre : long, heurt\u00e9, peu engageant, d\u00e9cevant au niveau de l&rsquo;attitude, et lui aussi allait baisser pavillon contre <strong>David Bernat<\/strong>. D\u00e9faite 3-1, et pour la premi\u00e8re fois depuis longtemps, les Bleus ne seront pas en finale de l&rsquo;Euro par \u00e9quipes. Presque un sabordage&#8230;<\/p>\n<h3 style=\"text-align: justify;\">\u00c0 ce sujet<\/h3>\n<div class=\"vlp-link-container vlp-layout-article\"><a href=\"https:\/\/dicodusport.fr\/blog\/les-bleues-du-squash-soffrent-la-belgique-et-une-premiere-finale-europeenne-depuis-2019\/\" class=\"vlp-link\" title=\"Les Bleues du squash s&#039;offrent la Belgique et une premi\u00e8re finale europ\u00e9enne depuis 2019 !\"><\/a><div class=\"vlp-layout-zone-side\"><div class=\"vlp-block-4 vlp-link-image\"><img loading=\"lazy\" decoding=\"async\" style=\"max-width: 792px;\" width=\"792\" height=\"445\" src=\"https:\/\/dicodusport.fr\/blog\/wp-content\/uploads\/2026\/05\/Les-Bleues-du-squash-soffrent-la-Belgique-et-une-premiere-finale-europeenne-depuis-2019-.png\" class=\"attachment-800x445 size-800x445\" alt=\"Les Bleues du squash s&#039;offrent la Belgique et une premi\u00e8re finale europ\u00e9enne depuis 2019 !\" srcset=\"https:\/\/dicodusport.fr\/blog\/wp-content\/uploads\/2026\/05\/Les-Bleues-du-squash-soffrent-la-Belgique-et-une-premiere-finale-europeenne-depuis-2019-.png 1200w, https:\/\/dicodusport.fr\/blog\/wp-content\/uploads\/2026\/05\/Les-Bleues-du-squash-soffrent-la-Belgique-et-une-premiere-finale-europeenne-depuis-2019--300x169.png 300w, https:\/\/dicodusport.fr\/blog\/wp-content\/uploads\/2026\/05\/Les-Bleues-du-squash-soffrent-la-Belgique-et-une-premiere-finale-europeenne-depuis-2019--1024x575.png 1024w, https:\/\/dicodusport.fr\/blog\/wp-content\/uploads\/2026\/05\/Les-Bleues-du-squash-soffrent-la-Belgique-et-une-premiere-finale-europeenne-depuis-2019--768x431.png 768w\" sizes=\"auto, (max-width: 792px) 100vw, 792px\" \/><\/div><\/div><div class=\"vlp-layout-zone-main\"><div class=\"vlp-block-0 vlp-link-title\">Les Bleues du squash s'offrent la Belgique et une premi\u00e8re finale europ\u00e9enne depuis 2019 !<\/div><div class=\"vlp-block-1 vlp-link-summary\">EURO PAR \u00c9QUIPES DE SQUASH 2026 - Gr\u00e2ce \u00e0 l'exploit de Lauren Baltayan, les Bleus sortent la Belgique et retournent en finale six ans apr\u00e8s !<\/div><div class=\"vlp-block-2 vlp-link-button\">Lire l'article<\/div><div class=\"vlp-block-3 vlp-link-url\">dicodusport.fr<\/div><\/div><\/div>\n","protected":false},"excerpt":{"rendered":"<p>EURO PAR \u00c9QUIPES DE SQUASH 2026 &#8211; Stupeur pour l&rsquo;\u00e9quipe de France, qui voit sa s\u00e9rie de finales s&rsquo;interrompre des mains de la Suisse.<\/p>\n","protected":false},"author":59,"featured_media":666761,"comment_status":"open","ping_status":"closed","sticky":false,"template":"","format":"standard","meta":{"_acf_changed":false,"_daextam_enable_autolinks":"1","footnotes":""},"categories":[9608],"tags":[16878,23112],"class_list":["post-666677","post","type-post","status-publish","format-standard","has-post-thumbnail","hentry","category-squash","tag-breve","tag-championnats-deurope-par-equipe-de-squash"],"acf":[],"yoast_head":"<!-- This site is optimized with the Yoast SEO Premium plugin v26.7 (Yoast SEO v26.7) - https:\/\/yoast.com\/wordpress\/plugins\/seo\/ -->\n<title>Les Bleus du squash d\u00e9\u00e7oivent contre la Suisse et n&#039;iront pas en finale de l&#039;Euro par \u00e9quipes<\/title>\n<meta name=\"description\" content=\"EURO PAR \u00c9QUIPES DE SQUASH 2026 - Stupeur pour l&#039;\u00e9quipe de France, qui voit sa s\u00e9rie de finales s&#039;interrompre des mains de la Suisse.\" \/>\n<meta name=\"robots\" content=\"index, follow, max-snippet:-1, max-image-preview:large, max-video-preview:-1\" \/>\n<link rel=\"canonical\" href=\"https:\/\/dicodusport.fr\/blog\/les-bleus-du-squash-decoivent-contre-la-suisse-et-niront-pas-en-finale-de-leuro-par-equipes\/\" \/>\n<meta property=\"og:locale\" content=\"fr_FR\" \/>\n<meta property=\"og:type\" content=\"article\" \/>\n<meta property=\"og:title\" content=\"Les Bleus du squash d\u00e9\u00e7oivent contre la Suisse et n&#039;iront pas en finale de l&#039;Euro par \u00e9quipes\" \/>\n<meta property=\"og:description\" content=\"EURO PAR \u00c9QUIPES DE SQUASH 2026 - Stupeur pour l&#039;\u00e9quipe de France, qui voit sa s\u00e9rie de finales s&#039;interrompre des mains de la Suisse.\" \/>\n<meta property=\"og:url\" content=\"https:\/\/dicodusport.fr\/blog\/les-bleus-du-squash-decoivent-contre-la-suisse-et-niront-pas-en-finale-de-leuro-par-equipes\/\" \/>\n<meta property=\"og:site_name\" content=\"Dicodusport\" \/>\n<meta property=\"article:publisher\" content=\"https:\/\/www.facebook.com\/dicodusport\" \/>\n<meta property=\"article:author\" content=\"https:\/\/www.facebook.com\/sebastien.gente\/\" \/>\n<meta property=\"article:published_time\" content=\"2026-05-01T16:20:09+00:00\" \/>\n<meta property=\"article:modified_time\" content=\"2026-05-01T16:23:39+00:00\" \/>\n<meta property=\"og:image\" content=\"https:\/\/dicodusport.fr\/blog\/wp-content\/uploads\/2026\/05\/Les-Bleus-du-squash-decoivent-contre-la-Suisse-et-niront-pas-en-finale-de-lEuro-par-equipes.png\" \/>\n\t<meta property=\"og:image:width\" content=\"1200\" \/>\n\t<meta property=\"og:image:height\" content=\"674\" \/>\n\t<meta property=\"og:image:type\" content=\"image\/png\" \/>\n<meta name=\"author\" content=\"S\u00e9bastien Gente\" \/>\n<meta name=\"twitter:card\" content=\"summary_large_image\" \/>\n<meta name=\"twitter:title\" content=\"Les Bleus du squash d\u00e9\u00e7oivent contre la Suisse et n&#039;iront pas en finale de l&#039;Euro par \u00e9quipes\" \/>\n<meta name=\"twitter:creator\" content=\"@https:\/\/twitter.com\/globulo24\" \/>\n<meta name=\"twitter:site\" content=\"@dicodusport\" \/>\n<script type=\"application\/ld+json\" class=\"yoast-schema-graph\">{\"@context\":\"https:\/\/schema.org\",\"@graph\":[{\"@type\":\"NewsArticle\",\"@id\":\"https:\/\/dicodusport.fr\/blog\/les-bleus-du-squash-decoivent-contre-la-suisse-et-niront-pas-en-finale-de-leuro-par-equipes\/#article\",\"isPartOf\":{\"@id\":\"https:\/\/dicodusport.fr\/blog\/les-bleus-du-squash-decoivent-contre-la-suisse-et-niront-pas-en-finale-de-leuro-par-equipes\/\"},\"author\":{\"name\":\"S\u00e9bastien Gente\",\"@id\":\"https:\/\/dicodusport.fr\/blog\/#\/schema\/person\/627966a6cde45dbd8c5e36ac85d783da\"},\"headline\":\"Les Bleus du squash d\u00e9\u00e7oivent contre la Suisse et n&rsquo;iront pas en finale de l&rsquo;Euro par \u00e9quipes\",\"datePublished\":\"2026-05-01T16:20:09+00:00\",\"dateModified\":\"2026-05-01T16:23:39+00:00\",\"mainEntityOfPage\":{\"@id\":\"https:\/\/dicodusport.fr\/blog\/les-bleus-du-squash-decoivent-contre-la-suisse-et-niront-pas-en-finale-de-leuro-par-equipes\/\"},\"wordCount\":617,\"commentCount\":0,\"publisher\":{\"@id\":\"https:\/\/dicodusport.fr\/blog\/#organization\"},\"image\":{\"@id\":\"https:\/\/dicodusport.fr\/blog\/les-bleus-du-squash-decoivent-contre-la-suisse-et-niront-pas-en-finale-de-leuro-par-equipes\/#primaryimage\"},\"thumbnailUrl\":\"https:\/\/dicodusport.fr\/blog\/wp-content\/uploads\/2026\/05\/Les-Bleus-du-squash-decoivent-contre-la-Suisse-et-niront-pas-en-finale-de-lEuro-par-equipes.png\",\"keywords\":[\"br\u00e8ve\",\"Championnats d'Europe par \u00e9quipe de squash\"],\"articleSection\":[\"Squash\"],\"inLanguage\":\"fr-FR\",\"potentialAction\":[{\"@type\":\"CommentAction\",\"name\":\"Comment\",\"target\":[\"https:\/\/dicodusport.fr\/blog\/les-bleus-du-squash-decoivent-contre-la-suisse-et-niront-pas-en-finale-de-leuro-par-equipes\/#respond\"]}],\"copyrightYear\":\"2026\",\"copyrightHolder\":{\"@id\":\"https:\/\/dicodusport.fr\/blog\/#organization\"}},{\"@type\":\"WebPage\",\"@id\":\"https:\/\/dicodusport.fr\/blog\/les-bleus-du-squash-decoivent-contre-la-suisse-et-niront-pas-en-finale-de-leuro-par-equipes\/\",\"url\":\"https:\/\/dicodusport.fr\/blog\/les-bleus-du-squash-decoivent-contre-la-suisse-et-niront-pas-en-finale-de-leuro-par-equipes\/\",\"name\":\"Les Bleus du squash d\u00e9\u00e7oivent contre la Suisse et n'iront pas en finale de l'Euro par \u00e9quipes\",\"isPartOf\":{\"@id\":\"https:\/\/dicodusport.fr\/blog\/#website\"},\"primaryImageOfPage\":{\"@id\":\"https:\/\/dicodusport.fr\/blog\/les-bleus-du-squash-decoivent-contre-la-suisse-et-niront-pas-en-finale-de-leuro-par-equipes\/#primaryimage\"},\"image\":{\"@id\":\"https:\/\/dicodusport.fr\/blog\/les-bleus-du-squash-decoivent-contre-la-suisse-et-niront-pas-en-finale-de-leuro-par-equipes\/#primaryimage\"},\"thumbnailUrl\":\"https:\/\/dicodusport.fr\/blog\/wp-content\/uploads\/2026\/05\/Les-Bleus-du-squash-decoivent-contre-la-Suisse-et-niront-pas-en-finale-de-lEuro-par-equipes.png\",\"datePublished\":\"2026-05-01T16:20:09+00:00\",\"dateModified\":\"2026-05-01T16:23:39+00:00\",\"description\":\"EURO PAR \u00c9QUIPES DE SQUASH 2026 - Stupeur pour l'\u00e9quipe de France, qui voit sa s\u00e9rie de finales s'interrompre des mains de la Suisse.\",\"breadcrumb\":{\"@id\":\"https:\/\/dicodusport.fr\/blog\/les-bleus-du-squash-decoivent-contre-la-suisse-et-niront-pas-en-finale-de-leuro-par-equipes\/#breadcrumb\"},\"inLanguage\":\"fr-FR\",\"potentialAction\":[{\"@type\":\"ReadAction\",\"target\":[\"https:\/\/dicodusport.fr\/blog\/les-bleus-du-squash-decoivent-contre-la-suisse-et-niront-pas-en-finale-de-leuro-par-equipes\/\"]}]},{\"@type\":\"ImageObject\",\"inLanguage\":\"fr-FR\",\"@id\":\"https:\/\/dicodusport.fr\/blog\/les-bleus-du-squash-decoivent-contre-la-suisse-et-niront-pas-en-finale-de-leuro-par-equipes\/#primaryimage\",\"url\":\"https:\/\/dicodusport.fr\/blog\/wp-content\/uploads\/2026\/05\/Les-Bleus-du-squash-decoivent-contre-la-Suisse-et-niront-pas-en-finale-de-lEuro-par-equipes.png\",\"contentUrl\":\"https:\/\/dicodusport.fr\/blog\/wp-content\/uploads\/2026\/05\/Les-Bleus-du-squash-decoivent-contre-la-Suisse-et-niront-pas-en-finale-de-lEuro-par-equipes.png\",\"width\":1200,\"height\":674,\"caption\":\"Les Bleus du squash d\u00e9\u00e7oivent contre la Suisse et n'iront pas en finale de l'Euro par \u00e9quipes\"},{\"@type\":\"BreadcrumbList\",\"@id\":\"https:\/\/dicodusport.fr\/blog\/les-bleus-du-squash-decoivent-contre-la-suisse-et-niront-pas-en-finale-de-leuro-par-equipes\/#breadcrumb\",\"itemListElement\":[{\"@type\":\"ListItem\",\"position\":1,\"name\":\"Accueil\",\"item\":\"https:\/\/dicodusport.fr\/blog\/\"},{\"@type\":\"ListItem\",\"position\":2,\"name\":\"Les Bleus du squash d\u00e9\u00e7oivent contre la Suisse et n&rsquo;iront pas en finale de l&rsquo;Euro par \u00e9quipes\"}]},{\"@type\":\"WebSite\",\"@id\":\"https:\/\/dicodusport.fr\/blog\/#website\",\"url\":\"https:\/\/dicodusport.fr\/blog\/\",\"name\":\"Dicodusport\",\"description\":\"L&#039;encyclop\u00e9die de l&#039;actualit\u00e9 sportive\",\"publisher\":{\"@id\":\"https:\/\/dicodusport.fr\/blog\/#organization\"},\"potentialAction\":[{\"@type\":\"SearchAction\",\"target\":{\"@type\":\"EntryPoint\",\"urlTemplate\":\"https:\/\/dicodusport.fr\/blog\/?s={search_term_string}\"},\"query-input\":{\"@type\":\"PropertyValueSpecification\",\"valueRequired\":true,\"valueName\":\"search_term_string\"}}],\"inLanguage\":\"fr-FR\"},{\"@type\":\"NewsMediaOrganization\",\"@id\":\"https:\/\/dicodusport.fr\/blog\/#organization\",\"name\":\"Dicodusport\",\"url\":\"https:\/\/dicodusport.fr\/blog\/\",\"logo\":{\"@type\":\"ImageObject\",\"inLanguage\":\"fr-FR\",\"@id\":\"https:\/\/dicodusport.fr\/blog\/#\/schema\/logo\/image\/\",\"url\":\"https:\/\/dicodusport.fr\/blog\/wp-content\/uploads\/2020\/06\/cropped-LOGO-DICODUSPORT-2020-SANS-FOND-SANS-TEXTE.png\",\"contentUrl\":\"https:\/\/dicodusport.fr\/blog\/wp-content\/uploads\/2020\/06\/cropped-LOGO-DICODUSPORT-2020-SANS-FOND-SANS-TEXTE.png\",\"width\":512,\"height\":512,\"caption\":\"Dicodusport\"},\"image\":{\"@id\":\"https:\/\/dicodusport.fr\/blog\/#\/schema\/logo\/image\/\"},\"sameAs\":[\"https:\/\/www.facebook.com\/dicodusport\",\"https:\/\/x.com\/dicodusport\",\"https:\/\/www.instagram.com\/dicodusport\/\",\"https:\/\/www.youtube.com\/channel\/UC7V2KZ5sd3htJivAbA4ZG3w\"],\"description\":\"Dicodusport est l'encyclop\u00e9die de l'actualit\u00e9 sportive.\",\"email\":\"bonjour@dicodusport.fr\",\"legalName\":\"DICODUSPORT\",\"foundingDate\":\"2018-01-14\",\"vatID\":\"FR71834470973\",\"taxID\":\"83447097300043\",\"numberOfEmployees\":{\"@type\":\"QuantitativeValue\",\"minValue\":\"1\",\"maxValue\":\"10\"}},{\"@type\":\"Person\",\"@id\":\"https:\/\/dicodusport.fr\/blog\/#\/schema\/person\/627966a6cde45dbd8c5e36ac85d783da\",\"name\":\"S\u00e9bastien Gente\",\"image\":{\"@type\":\"ImageObject\",\"inLanguage\":\"fr-FR\",\"@id\":\"https:\/\/dicodusport.fr\/blog\/#\/schema\/person\/image\/\",\"url\":\"https:\/\/dicodusport.fr\/blog\/wp-content\/uploads\/2021\/09\/1510990_10205810251400683_4124423575079401707_n-150x150.jpg\",\"contentUrl\":\"https:\/\/dicodusport.fr\/blog\/wp-content\/uploads\/2021\/09\/1510990_10205810251400683_4124423575079401707_n-150x150.jpg\",\"caption\":\"S\u00e9bastien Gente\"},\"description\":\"John Stockton, Gianni Bugno, Zinedine Zidane, Steffi Graf, Frode Andresen, St\u00e9phane Stoecklin, Davis Kamoga, Primoz Peterka, Werner Schlager et Aur\u00e9lien Rougerie. Point commun entre ces sportifs? Ils m'ont fait r\u00eaver et ont berc\u00e9 mon adolescence. Je suis un fondu de sports et j'essaie de retranscrire ma passion \u00e0 travers mes articles. Originaire du P\u00e9rigord, ma passion pour les Girondins, les Jaunards et les Jazzmen transpire dans mes \u00e9crits. \u00c0 Dicodusport depuis 2021, je d\u00e9niche les sports m\u00e9connus dans lesquels la France brille, et il y en a !\",\"sameAs\":[\"https:\/\/www.facebook.com\/sebastien.gente\/\",\"https:\/\/www.instagram.com\/sebgente\/\",\"https:\/\/www.linkedin.com\/in\/sbastien-gente-a29583169\/\",\"https:\/\/x.com\/https:\/\/twitter.com\/globulo24\",\"SebastienGente\"],\"worksFor\":\"S\u00e9bastien GENTE\",\"url\":\"https:\/\/dicodusport.fr\/blog\/author\/sebastiengente\/\"}]}<\/script>\n<!-- \/ Yoast SEO Premium plugin. -->","yoast_head_json":{"title":"Les Bleus du squash d\u00e9\u00e7oivent contre la Suisse et n'iront pas en finale de l'Euro par \u00e9quipes","description":"EURO PAR \u00c9QUIPES DE SQUASH 2026 - Stupeur pour l'\u00e9quipe de France, qui voit sa s\u00e9rie de finales s'interrompre des mains de la Suisse.","robots":{"index":"index","follow":"follow","max-snippet":"max-snippet:-1","max-image-preview":"max-image-preview:large","max-video-preview":"max-video-preview:-1"},"canonical":"https:\/\/dicodusport.fr\/blog\/les-bleus-du-squash-decoivent-contre-la-suisse-et-niront-pas-en-finale-de-leuro-par-equipes\/","og_locale":"fr_FR","og_type":"article","og_title":"Les Bleus du squash d\u00e9\u00e7oivent contre la Suisse et n'iront pas en finale de l'Euro par \u00e9quipes","og_description":"EURO PAR \u00c9QUIPES DE SQUASH 2026 - Stupeur pour l'\u00e9quipe de France, qui voit sa s\u00e9rie de finales s'interrompre des mains de la Suisse.","og_url":"https:\/\/dicodusport.fr\/blog\/les-bleus-du-squash-decoivent-contre-la-suisse-et-niront-pas-en-finale-de-leuro-par-equipes\/","og_site_name":"Dicodusport","article_publisher":"https:\/\/www.facebook.com\/dicodusport","article_author":"https:\/\/www.facebook.com\/sebastien.gente\/","article_published_time":"2026-05-01T16:20:09+00:00","article_modified_time":"2026-05-01T16:23:39+00:00","og_image":[{"width":1200,"height":674,"url":"https:\/\/dicodusport.fr\/blog\/wp-content\/uploads\/2026\/05\/Les-Bleus-du-squash-decoivent-contre-la-Suisse-et-niront-pas-en-finale-de-lEuro-par-equipes.png","type":"image\/png"}],"author":"S\u00e9bastien Gente","twitter_card":"summary_large_image","twitter_title":"Les Bleus du squash d\u00e9\u00e7oivent contre la Suisse et n'iront pas en finale de l'Euro par \u00e9quipes","twitter_creator":"@https:\/\/twitter.com\/globulo24","twitter_site":"@dicodusport","schema":{"@context":"https:\/\/schema.org","@graph":[{"@type":"NewsArticle","@id":"https:\/\/dicodusport.fr\/blog\/les-bleus-du-squash-decoivent-contre-la-suisse-et-niront-pas-en-finale-de-leuro-par-equipes\/#article","isPartOf":{"@id":"https:\/\/dicodusport.fr\/blog\/les-bleus-du-squash-decoivent-contre-la-suisse-et-niront-pas-en-finale-de-leuro-par-equipes\/"},"author":{"name":"S\u00e9bastien Gente","@id":"https:\/\/dicodusport.fr\/blog\/#\/schema\/person\/627966a6cde45dbd8c5e36ac85d783da"},"headline":"Les Bleus du squash d\u00e9\u00e7oivent contre la Suisse et n&rsquo;iront pas en finale de l&rsquo;Euro par \u00e9quipes","datePublished":"2026-05-01T16:20:09+00:00","dateModified":"2026-05-01T16:23:39+00:00","mainEntityOfPage":{"@id":"https:\/\/dicodusport.fr\/blog\/les-bleus-du-squash-decoivent-contre-la-suisse-et-niront-pas-en-finale-de-leuro-par-equipes\/"},"wordCount":617,"commentCount":0,"publisher":{"@id":"https:\/\/dicodusport.fr\/blog\/#organization"},"image":{"@id":"https:\/\/dicodusport.fr\/blog\/les-bleus-du-squash-decoivent-contre-la-suisse-et-niront-pas-en-finale-de-leuro-par-equipes\/#primaryimage"},"thumbnailUrl":"https:\/\/dicodusport.fr\/blog\/wp-content\/uploads\/2026\/05\/Les-Bleus-du-squash-decoivent-contre-la-Suisse-et-niront-pas-en-finale-de-lEuro-par-equipes.png","keywords":["br\u00e8ve","Championnats d'Europe par \u00e9quipe de squash"],"articleSection":["Squash"],"inLanguage":"fr-FR","potentialAction":[{"@type":"CommentAction","name":"Comment","target":["https:\/\/dicodusport.fr\/blog\/les-bleus-du-squash-decoivent-contre-la-suisse-et-niront-pas-en-finale-de-leuro-par-equipes\/#respond"]}],"copyrightYear":"2026","copyrightHolder":{"@id":"https:\/\/dicodusport.fr\/blog\/#organization"}},{"@type":"WebPage","@id":"https:\/\/dicodusport.fr\/blog\/les-bleus-du-squash-decoivent-contre-la-suisse-et-niront-pas-en-finale-de-leuro-par-equipes\/","url":"https:\/\/dicodusport.fr\/blog\/les-bleus-du-squash-decoivent-contre-la-suisse-et-niront-pas-en-finale-de-leuro-par-equipes\/","name":"Les Bleus du squash d\u00e9\u00e7oivent contre la Suisse et n'iront pas en finale de l'Euro par \u00e9quipes","isPartOf":{"@id":"https:\/\/dicodusport.fr\/blog\/#website"},"primaryImageOfPage":{"@id":"https:\/\/dicodusport.fr\/blog\/les-bleus-du-squash-decoivent-contre-la-suisse-et-niront-pas-en-finale-de-leuro-par-equipes\/#primaryimage"},"image":{"@id":"https:\/\/dicodusport.fr\/blog\/les-bleus-du-squash-decoivent-contre-la-suisse-et-niront-pas-en-finale-de-leuro-par-equipes\/#primaryimage"},"thumbnailUrl":"https:\/\/dicodusport.fr\/blog\/wp-content\/uploads\/2026\/05\/Les-Bleus-du-squash-decoivent-contre-la-Suisse-et-niront-pas-en-finale-de-lEuro-par-equipes.png","datePublished":"2026-05-01T16:20:09+00:00","dateModified":"2026-05-01T16:23:39+00:00","description":"EURO PAR \u00c9QUIPES DE SQUASH 2026 - Stupeur pour l'\u00e9quipe de France, qui voit sa s\u00e9rie de finales s'interrompre des mains de la Suisse.","breadcrumb":{"@id":"https:\/\/dicodusport.fr\/blog\/les-bleus-du-squash-decoivent-contre-la-suisse-et-niront-pas-en-finale-de-leuro-par-equipes\/#breadcrumb"},"inLanguage":"fr-FR","potentialAction":[{"@type":"ReadAction","target":["https:\/\/dicodusport.fr\/blog\/les-bleus-du-squash-decoivent-contre-la-suisse-et-niront-pas-en-finale-de-leuro-par-equipes\/"]}]},{"@type":"ImageObject","inLanguage":"fr-FR","@id":"https:\/\/dicodusport.fr\/blog\/les-bleus-du-squash-decoivent-contre-la-suisse-et-niront-pas-en-finale-de-leuro-par-equipes\/#primaryimage","url":"https:\/\/dicodusport.fr\/blog\/wp-content\/uploads\/2026\/05\/Les-Bleus-du-squash-decoivent-contre-la-Suisse-et-niront-pas-en-finale-de-lEuro-par-equipes.png","contentUrl":"https:\/\/dicodusport.fr\/blog\/wp-content\/uploads\/2026\/05\/Les-Bleus-du-squash-decoivent-contre-la-Suisse-et-niront-pas-en-finale-de-lEuro-par-equipes.png","width":1200,"height":674,"caption":"Les Bleus du squash d\u00e9\u00e7oivent contre la Suisse et n'iront pas en finale de l'Euro par \u00e9quipes"},{"@type":"BreadcrumbList","@id":"https:\/\/dicodusport.fr\/blog\/les-bleus-du-squash-decoivent-contre-la-suisse-et-niront-pas-en-finale-de-leuro-par-equipes\/#breadcrumb","itemListElement":[{"@type":"ListItem","position":1,"name":"Accueil","item":"https:\/\/dicodusport.fr\/blog\/"},{"@type":"ListItem","position":2,"name":"Les Bleus du squash d\u00e9\u00e7oivent contre la Suisse et n&rsquo;iront pas en finale de l&rsquo;Euro par \u00e9quipes"}]},{"@type":"WebSite","@id":"https:\/\/dicodusport.fr\/blog\/#website","url":"https:\/\/dicodusport.fr\/blog\/","name":"Dicodusport","description":"L&#039;encyclop\u00e9die de l&#039;actualit\u00e9 sportive","publisher":{"@id":"https:\/\/dicodusport.fr\/blog\/#organization"},"potentialAction":[{"@type":"SearchAction","target":{"@type":"EntryPoint","urlTemplate":"https:\/\/dicodusport.fr\/blog\/?s={search_term_string}"},"query-input":{"@type":"PropertyValueSpecification","valueRequired":true,"valueName":"search_term_string"}}],"inLanguage":"fr-FR"},{"@type":"NewsMediaOrganization","@id":"https:\/\/dicodusport.fr\/blog\/#organization","name":"Dicodusport","url":"https:\/\/dicodusport.fr\/blog\/","logo":{"@type":"ImageObject","inLanguage":"fr-FR","@id":"https:\/\/dicodusport.fr\/blog\/#\/schema\/logo\/image\/","url":"https:\/\/dicodusport.fr\/blog\/wp-content\/uploads\/2020\/06\/cropped-LOGO-DICODUSPORT-2020-SANS-FOND-SANS-TEXTE.png","contentUrl":"https:\/\/dicodusport.fr\/blog\/wp-content\/uploads\/2020\/06\/cropped-LOGO-DICODUSPORT-2020-SANS-FOND-SANS-TEXTE.png","width":512,"height":512,"caption":"Dicodusport"},"image":{"@id":"https:\/\/dicodusport.fr\/blog\/#\/schema\/logo\/image\/"},"sameAs":["https:\/\/www.facebook.com\/dicodusport","https:\/\/x.com\/dicodusport","https:\/\/www.instagram.com\/dicodusport\/","https:\/\/www.youtube.com\/channel\/UC7V2KZ5sd3htJivAbA4ZG3w"],"description":"Dicodusport est l'encyclop\u00e9die de l'actualit\u00e9 sportive.","email":"bonjour@dicodusport.fr","legalName":"DICODUSPORT","foundingDate":"2018-01-14","vatID":"FR71834470973","taxID":"83447097300043","numberOfEmployees":{"@type":"QuantitativeValue","minValue":"1","maxValue":"10"}},{"@type":"Person","@id":"https:\/\/dicodusport.fr\/blog\/#\/schema\/person\/627966a6cde45dbd8c5e36ac85d783da","name":"S\u00e9bastien Gente","image":{"@type":"ImageObject","inLanguage":"fr-FR","@id":"https:\/\/dicodusport.fr\/blog\/#\/schema\/person\/image\/","url":"https:\/\/dicodusport.fr\/blog\/wp-content\/uploads\/2021\/09\/1510990_10205810251400683_4124423575079401707_n-150x150.jpg","contentUrl":"https:\/\/dicodusport.fr\/blog\/wp-content\/uploads\/2021\/09\/1510990_10205810251400683_4124423575079401707_n-150x150.jpg","caption":"S\u00e9bastien Gente"},"description":"John Stockton, Gianni Bugno, Zinedine Zidane, Steffi Graf, Frode Andresen, St\u00e9phane Stoecklin, Davis Kamoga, Primoz Peterka, Werner Schlager et Aur\u00e9lien Rougerie. Point commun entre ces sportifs? Ils m'ont fait r\u00eaver et ont berc\u00e9 mon adolescence. Je suis un fondu de sports et j'essaie de retranscrire ma passion \u00e0 travers mes articles. Originaire du P\u00e9rigord, ma passion pour les Girondins, les Jaunards et les Jazzmen transpire dans mes \u00e9crits. \u00c0 Dicodusport depuis 2021, je d\u00e9niche les sports m\u00e9connus dans lesquels la France brille, et il y en a !","sameAs":["https:\/\/www.facebook.com\/sebastien.gente\/","https:\/\/www.instagram.com\/sebgente\/","https:\/\/www.linkedin.com\/in\/sbastien-gente-a29583169\/","https:\/\/x.com\/https:\/\/twitter.com\/globulo24","SebastienGente"],"worksFor":"S\u00e9bastien GENTE","url":"https:\/\/dicodusport.fr\/blog\/author\/sebastiengente\/"}]}},"_links":{"self":[{"href":"https:\/\/dicodusport.fr\/blog\/wp-json\/wp\/v2\/posts\/666677","targetHints":{"allow":["GET"]}}],"collection":[{"href":"https:\/\/dicodusport.fr\/blog\/wp-json\/wp\/v2\/posts"}],"about":[{"href":"https:\/\/dicodusport.fr\/blog\/wp-json\/wp\/v2\/types\/post"}],"author":[{"embeddable":true,"href":"https:\/\/dicodusport.fr\/blog\/wp-json\/wp\/v2\/users\/59"}],"replies":[{"embeddable":true,"href":"https:\/\/dicodusport.fr\/blog\/wp-json\/wp\/v2\/comments?post=666677"}],"version-history":[{"count":3,"href":"https:\/\/dicodusport.fr\/blog\/wp-json\/wp\/v2\/posts\/666677\/revisions"}],"predecessor-version":[{"id":666766,"href":"https:\/\/dicodusport.fr\/blog\/wp-json\/wp\/v2\/posts\/666677\/revisions\/666766"}],"wp:featuredmedia":[{"embeddable":true,"href":"https:\/\/dicodusport.fr\/blog\/wp-json\/wp\/v2\/media\/666761"}],"wp:attachment":[{"href":"https:\/\/dicodusport.fr\/blog\/wp-json\/wp\/v2\/media?parent=666677"}],"wp:term":[{"taxonomy":"category","embeddable":true,"href":"https:\/\/dicodusport.fr\/blog\/wp-json\/wp\/v2\/categories?post=666677"},{"taxonomy":"post_tag","embeddable":true,"href":"https:\/\/dicodusport.fr\/blog\/wp-json\/wp\/v2\/tags?post=666677"}],"curies":[{"name":"wp","href":"https:\/\/api.w.org\/{rel}","templated":true}]}}