{"id":666722,"date":"2026-05-01T17:05:24","date_gmt":"2026-05-01T15:05:24","guid":{"rendered":"https:\/\/dicodusport.fr\/blog\/?p=666722&#038;preview=true&#038;preview_id=666722"},"modified":"2026-05-01T17:32:35","modified_gmt":"2026-05-01T15:32:35","slug":"georg-zimmermann-leve-les-bras-a-domicile-sur-eschborn-francfort-apres-un-final-anime","status":"publish","type":"post","link":"https:\/\/dicodusport.fr\/blog\/georg-zimmermann-leve-les-bras-a-domicile-sur-eschborn-francfort-apres-un-final-anime\/","title":{"rendered":"Georg Zimmermann l\u00e8ve les bras \u00e0 domicile sur Eschborn-Francfort apr\u00e8s un final anim\u00e9"},"content":{"rendered":"<p style=\"text-align: justify;\"><strong><em>ESCHBORN-FRANCFORT 2026 &#8211; Georg Zimmermann (Lotto Intermarch\u00e9) a remport\u00e9 la classique allemande ce vendredi 1er mai.<\/em><\/strong><\/p>\n<ul style=\"text-align: justify;\">\n<li style=\"text-align: justify;\"><strong>\u00c0 ce sujet \u2013 <a href=\"https:\/\/dicodusport.fr\/blog\/actualites\/cyclisme\/\">L&rsquo;actualit\u00e9 du cyclisme<\/a><\/strong><\/li>\n<\/ul>\n<p style=\"text-align: justify;\">Disput\u00e9e ce <strong>1er mai<\/strong>, <strong>Eschborn-Francfort 2026<\/strong> est l&rsquo;une des derni\u00e8res grandes courses d&rsquo;un jour de ce printemps avec un parcours exigeant entre <strong>Eschborn<\/strong> et <strong>Francfort<\/strong>. Longue de <strong>211 kilom\u00e8tres <\/strong>et plus de <strong>3000 m\u00e8tres de d\u00e9nivel\u00e9 positif<\/strong>, l\u2019\u00e9preuve a propos\u00e9 un profil vallonn\u00e9, marqu\u00e9 par plusieurs passages dans les <strong>monts du Taunus,<\/strong>\u00a0dont le <strong>Feldberg<\/strong> et le redout\u00e9 <strong>Mammolshain<\/strong>, gravi deux fois dans le final.<\/p>\n<p style=\"text-align: justify;\">D&rsquo;abord, cinq coureurs ont profit\u00e9 des premiers reliefs pour former l&rsquo;\u00e9chapp\u00e9e matinale : <strong>Thomas Gachignard, Samuel Leroux<\/strong> (TotalEnergies), <strong>Jonas Rutsch<\/strong> (Lotto Intermarch\u00e9), <strong>Maty\u00e1\u0161 Kopeck\u00fd<\/strong> (Unibet Rose Rockets), <strong>Aivaras Mikutis<\/strong> (Tudor Pro Cycling). Le peloton a laiss\u00e9 plus de 7 minutes aux fuyards.<\/p>\n<p style=\"text-align: justify;\">Puis, trois coureurs sont sortis du peloton, \u00e0 80 kilom\u00e8tres de l&rsquo;arriv\u00e9e, <strong>Tim Wellens<\/strong> (UAE Team Emirates &#8211; XRG), <strong>Emiel Verstrynge<\/strong> (Alpecin-Premier Tech) et <strong>Jamie Meehan<\/strong> (Cofidis). Ce trio a mis une vingtaine de kilom\u00e8tres pour faire la jonction avec les rescap\u00e9s de l&rsquo;\u00e9chapp\u00e9e matinale,\u00a0 en profitant des nombreuses petites c\u00f4tes. Par la suite, <strong>Tim Wellens<\/strong> et <strong>Emiel Verstrynge<\/strong> sont rapidement sortis de ce groupe avant que le champion de Belgique se soit isol\u00e9 \u00e0 moins de 40 kilom\u00e8tres du terme. Mais, il a \u00e9t\u00e9 repris par le peloton avant la derni\u00e8re ascension du jour.<\/p>\n<h2 style=\"text-align: justify;\">Zimmermann roi \u00e0 domicile<\/h2>\n<p style=\"text-align: justify;\">Ensuite, 12 coureurs ont fait la diff\u00e9rence dans la derni\u00e8re ascension du Mammolshain : <strong>Natnael Tesfatsion<\/strong> (Movistar), <strong>Felix Engelhardt<\/strong> (Jayco AlUla), <strong>Adri\u00e0 Pericas<\/strong> (UAE Team Emirates \u2013 XRG), <strong>Tom Pidcock<\/strong> (Pinarello Q36.5 Pro Cycling), <strong>Michael Valgren, Alex Baudin<\/strong> (EF Education \u2013 EasyPost), <strong>Ben Tulett<\/strong> (Visma | Lease a Bike), <strong>Pello Bilbao<\/strong> (Bahrain \u2013 Victorious), <strong>Simone Gualdi, Georg Zimmermann<\/strong> (Lotto Intermarch\u00e9), <strong>Ion Izagirre<\/strong> (Cofidis) et <strong>Florian Stork<\/strong> (Tudor Pro Cycling).<\/p>\n<ul style=\"text-align: justify;\">\n<li><strong>\u00c0 ce sujet &#8211;\u00a0<a href=\"https:\/\/dicodusport.fr\/blog\/resultats-eschborn-francfort-2026-classement-de-la-course\/\">R\u00e9sultats Eschborn-Francfort 2026 : classement de la course<\/a><\/strong><\/li>\n<\/ul>\n<p style=\"text-align: justify;\">Derri\u00e8re, un peloton d\u2019une cinquantaine de coureurs a men\u00e9 la poursuite dans un final tout plat avec un circuit urbain dans les rues de Francfort. Finalement, ce peloton a \u00e9chou\u00e9 sur les talons du groupe de t\u00eate. Enfin, <strong>Georg Zimmermann<\/strong> a parfaitement man\u0153uvr\u00e9 dans le sprint final en restant dans les derni\u00e8res positions, \u00e0 l\u2019entame de l\u2019ultime ligne droite de 350 m\u00e8tres, avant de sortir en survitesse dans les derniers m\u00e8tres. Il a devanc\u00e9 <strong>Tom Pidcock<\/strong> et Ben <strong>Tulett<\/strong> pour signer sa cinqui\u00e8me victoire professionnelle. <strong>Alex Baudin<\/strong> a pris la huiti\u00e8me place.<\/p>\n<blockquote class=\"twitter-tweet\">\n<p dir=\"ltr\" lang=\"es\">\ud83e\udde8 FIESTA ALEMANA EN FRANKFURT<\/p>\n<p>\ud83d\udd25 Georg Zimmermann, campe\u00f3n alem\u00e1n, gana en casa tras un esprint totamente ag\u00f3nico; Tom Pidcock fue 2\u00ba en un final con Pello Bilbao protagonista<\/p>\n<p>\ud83c\udde9\ud83c\uddea Lo has vivido en <a href=\"https:\/\/twitter.com\/StreamMaxES?ref_src=twsrc%5Etfw\">@StreamMaxES<\/a>. <a href=\"https:\/\/twitter.com\/hashtag\/Radklassiker?src=hash&amp;ref_src=twsrc%5Etfw\">#Radklassiker<\/a> <a href=\"https:\/\/t.co\/PpNp93qLRf\">pic.twitter.com\/PpNp93qLRf<\/a><\/p>\n<p>\u2014 Eurosport.es (@Eurosport_ES) <a href=\"https:\/\/twitter.com\/Eurosport_ES\/status\/2050230049383539006?ref_src=twsrc%5Etfw\">May 1, 2026<\/a><\/p><\/blockquote>\n<p style=\"text-align: justify;\"><script async src=\"https:\/\/platform.twitter.com\/widgets.js\" charset=\"utf-8\"><\/script><\/p>\n<h3 style=\"text-align: justify;\">\u00c0 lire aussi<\/h3>\n<div class=\"vlp-link-container vlp-layout-article\"><a href=\"https:\/\/dicodusport.fr\/blog\/mercato-cyclisme-2026-2027-le-tableau-des-transferts-mis-a-jour\/\" class=\"vlp-link\" title=\"Mercato Cyclisme 2026-2027 - Le tableau des transferts mis \u00e0 jour\"><\/a><div class=\"vlp-layout-zone-side\"><div class=\"vlp-block-4 vlp-link-image\"><img loading=\"lazy\" decoding=\"async\" style=\"max-width: 792px;\" width=\"792\" height=\"445\" src=\"https:\/\/dicodusport.fr\/blog\/wp-content\/uploads\/2026\/03\/Mercato-Cyclisme-2026-2027-Le-tableau-des-transferts-mis-a-jour.png\" class=\"attachment-800x445 size-800x445\" alt=\"Mercato Cyclisme 2026-2027 Le tableau des transferts mis \u00e0 jour\" srcset=\"https:\/\/dicodusport.fr\/blog\/wp-content\/uploads\/2026\/03\/Mercato-Cyclisme-2026-2027-Le-tableau-des-transferts-mis-a-jour.png 1200w, https:\/\/dicodusport.fr\/blog\/wp-content\/uploads\/2026\/03\/Mercato-Cyclisme-2026-2027-Le-tableau-des-transferts-mis-a-jour-300x169.png 300w, https:\/\/dicodusport.fr\/blog\/wp-content\/uploads\/2026\/03\/Mercato-Cyclisme-2026-2027-Le-tableau-des-transferts-mis-a-jour-1024x575.png 1024w, https:\/\/dicodusport.fr\/blog\/wp-content\/uploads\/2026\/03\/Mercato-Cyclisme-2026-2027-Le-tableau-des-transferts-mis-a-jour-768x431.png 768w\" sizes=\"auto, (max-width: 792px) 100vw, 792px\" \/><\/div><\/div><div class=\"vlp-layout-zone-main\"><div class=\"vlp-block-0 vlp-link-title\">Mercato Cyclisme 2026-2027 - Le tableau des transferts mis \u00e0 jour<\/div><div class=\"vlp-block-1 vlp-link-summary\">Mercato cyclisme 2026-2027 : retrouvez le tableau complet des transferts, prolongations et rumeurs du peloton. Tous les mouvements des \u00e9quipes WorldTeams et principales ProTeams en temps r\u00e9el.<\/div><div class=\"vlp-block-2 vlp-link-button\">Lire l'article<\/div><div class=\"vlp-block-3 vlp-link-url\">dicodusport.fr<\/div><\/div><\/div>\n","protected":false},"excerpt":{"rendered":"<p>ESCHBORN-FRANCFORT 2026 &#8211; Georg Zimmermann (Lotto Intermarch\u00e9) a remport\u00e9 la classique allemande ce vendredi 1er mai.<\/p>\n","protected":false},"author":48,"featured_media":666734,"comment_status":"open","ping_status":"closed","sticky":false,"template":"","format":"standard","meta":{"_acf_changed":false,"_daextam_enable_autolinks":"1","footnotes":""},"categories":[46994],"tags":[16878,574,11197,19327],"class_list":["post-666722","post","type-post","status-publish","format-standard","has-post-thumbnail","hentry","category-cyclisme-sur-route","tag-breve","tag-cyclisme","tag-cyclisme-sur-route","tag-eschborn-francfort"],"acf":[],"yoast_head":"<!-- This site is optimized with the Yoast SEO Premium plugin v26.7 (Yoast SEO v26.7) - https:\/\/yoast.com\/wordpress\/plugins\/seo\/ -->\n<title>Georg Zimmermann l\u00e8ve les bras \u00e0 domicile sur Eschborn-Francfort apr\u00e8s un final anim\u00e9<\/title>\n<meta name=\"description\" content=\"ESCHBORN-FRANCFORT 2026 - Georg Zimmermann (Lotto Intermarch\u00e9) a remport\u00e9 la classique allemande ce vendredi 1er mai.\" \/>\n<meta name=\"robots\" content=\"index, follow, max-snippet:-1, max-image-preview:large, max-video-preview:-1\" \/>\n<link rel=\"canonical\" href=\"https:\/\/dicodusport.fr\/blog\/georg-zimmermann-leve-les-bras-a-domicile-sur-eschborn-francfort-apres-un-final-anime\/\" \/>\n<meta property=\"og:locale\" content=\"fr_FR\" \/>\n<meta property=\"og:type\" content=\"article\" \/>\n<meta property=\"og:title\" content=\"Eschborn-Francfort 2026 : Qui a gagn\u00e9 la course ? Classement et r\u00e9sultats\" \/>\n<meta property=\"og:description\" content=\"ESCHBORN-FRANCFORT 2026 - Georg Zimmermann (Lotto Intermarch\u00e9) a remport\u00e9 la classique allemande ce vendredi 1er mai.\" \/>\n<meta property=\"og:url\" content=\"https:\/\/dicodusport.fr\/blog\/georg-zimmermann-leve-les-bras-a-domicile-sur-eschborn-francfort-apres-un-final-anime\/\" \/>\n<meta property=\"og:site_name\" content=\"Dicodusport\" \/>\n<meta property=\"article:publisher\" content=\"https:\/\/www.facebook.com\/dicodusport\" \/>\n<meta property=\"article:author\" content=\"https:\/\/www.facebook.com\/groups\/LesRoisDuPeloton\" \/>\n<meta property=\"article:published_time\" content=\"2026-05-01T15:05:24+00:00\" \/>\n<meta property=\"article:modified_time\" content=\"2026-05-01T15:32:35+00:00\" \/>\n<meta property=\"og:image\" content=\"https:\/\/dicodusport.fr\/blog\/wp-content\/uploads\/2026\/05\/Georg-Zimmermann-leve-les-bras-a-domicile-sur-Eschborn-Francfort-apres-un-final-anime-1.png\" \/>\n\t<meta property=\"og:image:width\" content=\"1200\" \/>\n\t<meta property=\"og:image:height\" content=\"674\" \/>\n\t<meta property=\"og:image:type\" content=\"image\/png\" \/>\n<meta name=\"author\" content=\"Emilien Descampiaux\" \/>\n<meta name=\"twitter:card\" content=\"summary_large_image\" \/>\n<meta name=\"twitter:title\" content=\"Eschborn-Francfort 2026 : Qui a gagn\u00e9 la course ? Classement et r\u00e9sultats\" \/>\n<meta name=\"twitter:creator\" content=\"@https:\/\/twitter.com\/LRoisDuPeloton\" \/>\n<meta name=\"twitter:site\" content=\"@dicodusport\" \/>\n<script type=\"application\/ld+json\" class=\"yoast-schema-graph\">{\"@context\":\"https:\/\/schema.org\",\"@graph\":[{\"@type\":\"NewsArticle\",\"@id\":\"https:\/\/dicodusport.fr\/blog\/georg-zimmermann-leve-les-bras-a-domicile-sur-eschborn-francfort-apres-un-final-anime\/#article\",\"isPartOf\":{\"@id\":\"https:\/\/dicodusport.fr\/blog\/georg-zimmermann-leve-les-bras-a-domicile-sur-eschborn-francfort-apres-un-final-anime\/\"},\"author\":{\"name\":\"Emilien Descampiaux\",\"@id\":\"https:\/\/dicodusport.fr\/blog\/#\/schema\/person\/6db4bae06b171592211be385b32876a7\"},\"headline\":\"Georg Zimmermann l\u00e8ve les bras \u00e0 domicile sur Eschborn-Francfort apr\u00e8s un final anim\u00e9\",\"datePublished\":\"2026-05-01T15:05:24+00:00\",\"dateModified\":\"2026-05-01T15:32:35+00:00\",\"mainEntityOfPage\":{\"@id\":\"https:\/\/dicodusport.fr\/blog\/georg-zimmermann-leve-les-bras-a-domicile-sur-eschborn-francfort-apres-un-final-anime\/\"},\"wordCount\":577,\"commentCount\":0,\"publisher\":{\"@id\":\"https:\/\/dicodusport.fr\/blog\/#organization\"},\"image\":{\"@id\":\"https:\/\/dicodusport.fr\/blog\/georg-zimmermann-leve-les-bras-a-domicile-sur-eschborn-francfort-apres-un-final-anime\/#primaryimage\"},\"thumbnailUrl\":\"https:\/\/dicodusport.fr\/blog\/wp-content\/uploads\/2026\/05\/Georg-Zimmermann-leve-les-bras-a-domicile-sur-Eschborn-Francfort-apres-un-final-anime-1.png\",\"keywords\":[\"br\u00e8ve\",\"Cyclisme\",\"Cyclisme sur route\",\"Eschborn-Francfort\"],\"articleSection\":[\"Cyclisme sur route\"],\"inLanguage\":\"fr-FR\",\"potentialAction\":[{\"@type\":\"CommentAction\",\"name\":\"Comment\",\"target\":[\"https:\/\/dicodusport.fr\/blog\/georg-zimmermann-leve-les-bras-a-domicile-sur-eschborn-francfort-apres-un-final-anime\/#respond\"]}],\"copyrightYear\":\"2026\",\"copyrightHolder\":{\"@id\":\"https:\/\/dicodusport.fr\/blog\/#organization\"}},{\"@type\":\"WebPage\",\"@id\":\"https:\/\/dicodusport.fr\/blog\/georg-zimmermann-leve-les-bras-a-domicile-sur-eschborn-francfort-apres-un-final-anime\/\",\"url\":\"https:\/\/dicodusport.fr\/blog\/georg-zimmermann-leve-les-bras-a-domicile-sur-eschborn-francfort-apres-un-final-anime\/\",\"name\":\"Georg Zimmermann l\u00e8ve les bras \u00e0 domicile sur Eschborn-Francfort apr\u00e8s un final anim\u00e9\",\"isPartOf\":{\"@id\":\"https:\/\/dicodusport.fr\/blog\/#website\"},\"primaryImageOfPage\":{\"@id\":\"https:\/\/dicodusport.fr\/blog\/georg-zimmermann-leve-les-bras-a-domicile-sur-eschborn-francfort-apres-un-final-anime\/#primaryimage\"},\"image\":{\"@id\":\"https:\/\/dicodusport.fr\/blog\/georg-zimmermann-leve-les-bras-a-domicile-sur-eschborn-francfort-apres-un-final-anime\/#primaryimage\"},\"thumbnailUrl\":\"https:\/\/dicodusport.fr\/blog\/wp-content\/uploads\/2026\/05\/Georg-Zimmermann-leve-les-bras-a-domicile-sur-Eschborn-Francfort-apres-un-final-anime-1.png\",\"datePublished\":\"2026-05-01T15:05:24+00:00\",\"dateModified\":\"2026-05-01T15:32:35+00:00\",\"description\":\"ESCHBORN-FRANCFORT 2026 - Georg Zimmermann (Lotto Intermarch\u00e9) a remport\u00e9 la classique allemande ce vendredi 1er mai.\",\"breadcrumb\":{\"@id\":\"https:\/\/dicodusport.fr\/blog\/georg-zimmermann-leve-les-bras-a-domicile-sur-eschborn-francfort-apres-un-final-anime\/#breadcrumb\"},\"inLanguage\":\"fr-FR\",\"potentialAction\":[{\"@type\":\"ReadAction\",\"target\":[\"https:\/\/dicodusport.fr\/blog\/georg-zimmermann-leve-les-bras-a-domicile-sur-eschborn-francfort-apres-un-final-anime\/\"]}]},{\"@type\":\"ImageObject\",\"inLanguage\":\"fr-FR\",\"@id\":\"https:\/\/dicodusport.fr\/blog\/georg-zimmermann-leve-les-bras-a-domicile-sur-eschborn-francfort-apres-un-final-anime\/#primaryimage\",\"url\":\"https:\/\/dicodusport.fr\/blog\/wp-content\/uploads\/2026\/05\/Georg-Zimmermann-leve-les-bras-a-domicile-sur-Eschborn-Francfort-apres-un-final-anime-1.png\",\"contentUrl\":\"https:\/\/dicodusport.fr\/blog\/wp-content\/uploads\/2026\/05\/Georg-Zimmermann-leve-les-bras-a-domicile-sur-Eschborn-Francfort-apres-un-final-anime-1.png\",\"width\":1200,\"height\":674,\"caption\":\"Georg Zimmermann l\u00e8ve les bras \u00e0 domicile sur Eschborn-Francfort apr\u00e8s un final anim\u00e9\"},{\"@type\":\"BreadcrumbList\",\"@id\":\"https:\/\/dicodusport.fr\/blog\/georg-zimmermann-leve-les-bras-a-domicile-sur-eschborn-francfort-apres-un-final-anime\/#breadcrumb\",\"itemListElement\":[{\"@type\":\"ListItem\",\"position\":1,\"name\":\"Accueil\",\"item\":\"https:\/\/dicodusport.fr\/blog\/\"},{\"@type\":\"ListItem\",\"position\":2,\"name\":\"Georg Zimmermann l\u00e8ve les bras \u00e0 domicile sur Eschborn-Francfort apr\u00e8s un final anim\u00e9\"}]},{\"@type\":\"WebSite\",\"@id\":\"https:\/\/dicodusport.fr\/blog\/#website\",\"url\":\"https:\/\/dicodusport.fr\/blog\/\",\"name\":\"Dicodusport\",\"description\":\"L&#039;encyclop\u00e9die de l&#039;actualit\u00e9 sportive\",\"publisher\":{\"@id\":\"https:\/\/dicodusport.fr\/blog\/#organization\"},\"potentialAction\":[{\"@type\":\"SearchAction\",\"target\":{\"@type\":\"EntryPoint\",\"urlTemplate\":\"https:\/\/dicodusport.fr\/blog\/?s={search_term_string}\"},\"query-input\":{\"@type\":\"PropertyValueSpecification\",\"valueRequired\":true,\"valueName\":\"search_term_string\"}}],\"inLanguage\":\"fr-FR\"},{\"@type\":\"NewsMediaOrganization\",\"@id\":\"https:\/\/dicodusport.fr\/blog\/#organization\",\"name\":\"Dicodusport\",\"url\":\"https:\/\/dicodusport.fr\/blog\/\",\"logo\":{\"@type\":\"ImageObject\",\"inLanguage\":\"fr-FR\",\"@id\":\"https:\/\/dicodusport.fr\/blog\/#\/schema\/logo\/image\/\",\"url\":\"https:\/\/dicodusport.fr\/blog\/wp-content\/uploads\/2020\/06\/cropped-LOGO-DICODUSPORT-2020-SANS-FOND-SANS-TEXTE.png\",\"contentUrl\":\"https:\/\/dicodusport.fr\/blog\/wp-content\/uploads\/2020\/06\/cropped-LOGO-DICODUSPORT-2020-SANS-FOND-SANS-TEXTE.png\",\"width\":512,\"height\":512,\"caption\":\"Dicodusport\"},\"image\":{\"@id\":\"https:\/\/dicodusport.fr\/blog\/#\/schema\/logo\/image\/\"},\"sameAs\":[\"https:\/\/www.facebook.com\/dicodusport\",\"https:\/\/x.com\/dicodusport\",\"https:\/\/www.instagram.com\/dicodusport\/\",\"https:\/\/www.youtube.com\/channel\/UC7V2KZ5sd3htJivAbA4ZG3w\"],\"description\":\"Dicodusport est l'encyclop\u00e9die de l'actualit\u00e9 sportive.\",\"email\":\"bonjour@dicodusport.fr\",\"legalName\":\"DICODUSPORT\",\"foundingDate\":\"2018-01-14\",\"vatID\":\"FR71834470973\",\"taxID\":\"83447097300043\",\"numberOfEmployees\":{\"@type\":\"QuantitativeValue\",\"minValue\":\"1\",\"maxValue\":\"10\"}},{\"@type\":\"Person\",\"@id\":\"https:\/\/dicodusport.fr\/blog\/#\/schema\/person\/6db4bae06b171592211be385b32876a7\",\"name\":\"Emilien Descampiaux\",\"image\":{\"@type\":\"ImageObject\",\"inLanguage\":\"fr-FR\",\"@id\":\"https:\/\/dicodusport.fr\/blog\/#\/schema\/person\/image\/\",\"url\":\"https:\/\/dicodusport.fr\/blog\/wp-content\/uploads\/2021\/05\/Emilien-Descampiaux-150x150.jpg\",\"contentUrl\":\"https:\/\/dicodusport.fr\/blog\/wp-content\/uploads\/2021\/05\/Emilien-Descampiaux-150x150.jpg\",\"caption\":\"Emilien Descampiaux\"},\"description\":\"Journaliste\/r\u00e9dacteur depuis 2014 - Fan de la classe de Frank Vandenbroucke, je vis cyclisme (et de ses paysages) depuis plus de 20 ans. Je suis tr\u00e8s impliqu\u00e9 sur mes diff\u00e9rents r\u00e9seaux sociaux pour partager ma passion sur le monde et l'Histoire de la bicyclette avec ma voix sur les images en noir et blanc du succ\u00e8s de Rik Van Steenbergen lors du Ronde sur le V\u00e9lodrome de Gand.\",\"sameAs\":[\"https:\/\/www.facebook.com\/groups\/LesRoisDuPeloton\",\"https:\/\/x.com\/https:\/\/twitter.com\/LRoisDuPeloton\"],\"url\":\"https:\/\/dicodusport.fr\/blog\/author\/emiliend\/\"}]}<\/script>\n<!-- \/ Yoast SEO Premium plugin. -->","yoast_head_json":{"title":"Georg Zimmermann l\u00e8ve les bras \u00e0 domicile sur Eschborn-Francfort apr\u00e8s un final anim\u00e9","description":"ESCHBORN-FRANCFORT 2026 - Georg Zimmermann (Lotto Intermarch\u00e9) a remport\u00e9 la classique allemande ce vendredi 1er mai.","robots":{"index":"index","follow":"follow","max-snippet":"max-snippet:-1","max-image-preview":"max-image-preview:large","max-video-preview":"max-video-preview:-1"},"canonical":"https:\/\/dicodusport.fr\/blog\/georg-zimmermann-leve-les-bras-a-domicile-sur-eschborn-francfort-apres-un-final-anime\/","og_locale":"fr_FR","og_type":"article","og_title":"Eschborn-Francfort 2026 : Qui a gagn\u00e9 la course ? Classement et r\u00e9sultats","og_description":"ESCHBORN-FRANCFORT 2026 - Georg Zimmermann (Lotto Intermarch\u00e9) a remport\u00e9 la classique allemande ce vendredi 1er mai.","og_url":"https:\/\/dicodusport.fr\/blog\/georg-zimmermann-leve-les-bras-a-domicile-sur-eschborn-francfort-apres-un-final-anime\/","og_site_name":"Dicodusport","article_publisher":"https:\/\/www.facebook.com\/dicodusport","article_author":"https:\/\/www.facebook.com\/groups\/LesRoisDuPeloton","article_published_time":"2026-05-01T15:05:24+00:00","article_modified_time":"2026-05-01T15:32:35+00:00","og_image":[{"width":1200,"height":674,"url":"https:\/\/dicodusport.fr\/blog\/wp-content\/uploads\/2026\/05\/Georg-Zimmermann-leve-les-bras-a-domicile-sur-Eschborn-Francfort-apres-un-final-anime-1.png","type":"image\/png"}],"author":"Emilien Descampiaux","twitter_card":"summary_large_image","twitter_title":"Eschborn-Francfort 2026 : Qui a gagn\u00e9 la course ? Classement et r\u00e9sultats","twitter_creator":"@https:\/\/twitter.com\/LRoisDuPeloton","twitter_site":"@dicodusport","schema":{"@context":"https:\/\/schema.org","@graph":[{"@type":"NewsArticle","@id":"https:\/\/dicodusport.fr\/blog\/georg-zimmermann-leve-les-bras-a-domicile-sur-eschborn-francfort-apres-un-final-anime\/#article","isPartOf":{"@id":"https:\/\/dicodusport.fr\/blog\/georg-zimmermann-leve-les-bras-a-domicile-sur-eschborn-francfort-apres-un-final-anime\/"},"author":{"name":"Emilien Descampiaux","@id":"https:\/\/dicodusport.fr\/blog\/#\/schema\/person\/6db4bae06b171592211be385b32876a7"},"headline":"Georg Zimmermann l\u00e8ve les bras \u00e0 domicile sur Eschborn-Francfort apr\u00e8s un final anim\u00e9","datePublished":"2026-05-01T15:05:24+00:00","dateModified":"2026-05-01T15:32:35+00:00","mainEntityOfPage":{"@id":"https:\/\/dicodusport.fr\/blog\/georg-zimmermann-leve-les-bras-a-domicile-sur-eschborn-francfort-apres-un-final-anime\/"},"wordCount":577,"commentCount":0,"publisher":{"@id":"https:\/\/dicodusport.fr\/blog\/#organization"},"image":{"@id":"https:\/\/dicodusport.fr\/blog\/georg-zimmermann-leve-les-bras-a-domicile-sur-eschborn-francfort-apres-un-final-anime\/#primaryimage"},"thumbnailUrl":"https:\/\/dicodusport.fr\/blog\/wp-content\/uploads\/2026\/05\/Georg-Zimmermann-leve-les-bras-a-domicile-sur-Eschborn-Francfort-apres-un-final-anime-1.png","keywords":["br\u00e8ve","Cyclisme","Cyclisme sur route","Eschborn-Francfort"],"articleSection":["Cyclisme sur route"],"inLanguage":"fr-FR","potentialAction":[{"@type":"CommentAction","name":"Comment","target":["https:\/\/dicodusport.fr\/blog\/georg-zimmermann-leve-les-bras-a-domicile-sur-eschborn-francfort-apres-un-final-anime\/#respond"]}],"copyrightYear":"2026","copyrightHolder":{"@id":"https:\/\/dicodusport.fr\/blog\/#organization"}},{"@type":"WebPage","@id":"https:\/\/dicodusport.fr\/blog\/georg-zimmermann-leve-les-bras-a-domicile-sur-eschborn-francfort-apres-un-final-anime\/","url":"https:\/\/dicodusport.fr\/blog\/georg-zimmermann-leve-les-bras-a-domicile-sur-eschborn-francfort-apres-un-final-anime\/","name":"Georg Zimmermann l\u00e8ve les bras \u00e0 domicile sur Eschborn-Francfort apr\u00e8s un final anim\u00e9","isPartOf":{"@id":"https:\/\/dicodusport.fr\/blog\/#website"},"primaryImageOfPage":{"@id":"https:\/\/dicodusport.fr\/blog\/georg-zimmermann-leve-les-bras-a-domicile-sur-eschborn-francfort-apres-un-final-anime\/#primaryimage"},"image":{"@id":"https:\/\/dicodusport.fr\/blog\/georg-zimmermann-leve-les-bras-a-domicile-sur-eschborn-francfort-apres-un-final-anime\/#primaryimage"},"thumbnailUrl":"https:\/\/dicodusport.fr\/blog\/wp-content\/uploads\/2026\/05\/Georg-Zimmermann-leve-les-bras-a-domicile-sur-Eschborn-Francfort-apres-un-final-anime-1.png","datePublished":"2026-05-01T15:05:24+00:00","dateModified":"2026-05-01T15:32:35+00:00","description":"ESCHBORN-FRANCFORT 2026 - Georg Zimmermann (Lotto Intermarch\u00e9) a remport\u00e9 la classique allemande ce vendredi 1er mai.","breadcrumb":{"@id":"https:\/\/dicodusport.fr\/blog\/georg-zimmermann-leve-les-bras-a-domicile-sur-eschborn-francfort-apres-un-final-anime\/#breadcrumb"},"inLanguage":"fr-FR","potentialAction":[{"@type":"ReadAction","target":["https:\/\/dicodusport.fr\/blog\/georg-zimmermann-leve-les-bras-a-domicile-sur-eschborn-francfort-apres-un-final-anime\/"]}]},{"@type":"ImageObject","inLanguage":"fr-FR","@id":"https:\/\/dicodusport.fr\/blog\/georg-zimmermann-leve-les-bras-a-domicile-sur-eschborn-francfort-apres-un-final-anime\/#primaryimage","url":"https:\/\/dicodusport.fr\/blog\/wp-content\/uploads\/2026\/05\/Georg-Zimmermann-leve-les-bras-a-domicile-sur-Eschborn-Francfort-apres-un-final-anime-1.png","contentUrl":"https:\/\/dicodusport.fr\/blog\/wp-content\/uploads\/2026\/05\/Georg-Zimmermann-leve-les-bras-a-domicile-sur-Eschborn-Francfort-apres-un-final-anime-1.png","width":1200,"height":674,"caption":"Georg Zimmermann l\u00e8ve les bras \u00e0 domicile sur Eschborn-Francfort apr\u00e8s un final anim\u00e9"},{"@type":"BreadcrumbList","@id":"https:\/\/dicodusport.fr\/blog\/georg-zimmermann-leve-les-bras-a-domicile-sur-eschborn-francfort-apres-un-final-anime\/#breadcrumb","itemListElement":[{"@type":"ListItem","position":1,"name":"Accueil","item":"https:\/\/dicodusport.fr\/blog\/"},{"@type":"ListItem","position":2,"name":"Georg Zimmermann l\u00e8ve les bras \u00e0 domicile sur Eschborn-Francfort apr\u00e8s un final anim\u00e9"}]},{"@type":"WebSite","@id":"https:\/\/dicodusport.fr\/blog\/#website","url":"https:\/\/dicodusport.fr\/blog\/","name":"Dicodusport","description":"L&#039;encyclop\u00e9die de l&#039;actualit\u00e9 sportive","publisher":{"@id":"https:\/\/dicodusport.fr\/blog\/#organization"},"potentialAction":[{"@type":"SearchAction","target":{"@type":"EntryPoint","urlTemplate":"https:\/\/dicodusport.fr\/blog\/?s={search_term_string}"},"query-input":{"@type":"PropertyValueSpecification","valueRequired":true,"valueName":"search_term_string"}}],"inLanguage":"fr-FR"},{"@type":"NewsMediaOrganization","@id":"https:\/\/dicodusport.fr\/blog\/#organization","name":"Dicodusport","url":"https:\/\/dicodusport.fr\/blog\/","logo":{"@type":"ImageObject","inLanguage":"fr-FR","@id":"https:\/\/dicodusport.fr\/blog\/#\/schema\/logo\/image\/","url":"https:\/\/dicodusport.fr\/blog\/wp-content\/uploads\/2020\/06\/cropped-LOGO-DICODUSPORT-2020-SANS-FOND-SANS-TEXTE.png","contentUrl":"https:\/\/dicodusport.fr\/blog\/wp-content\/uploads\/2020\/06\/cropped-LOGO-DICODUSPORT-2020-SANS-FOND-SANS-TEXTE.png","width":512,"height":512,"caption":"Dicodusport"},"image":{"@id":"https:\/\/dicodusport.fr\/blog\/#\/schema\/logo\/image\/"},"sameAs":["https:\/\/www.facebook.com\/dicodusport","https:\/\/x.com\/dicodusport","https:\/\/www.instagram.com\/dicodusport\/","https:\/\/www.youtube.com\/channel\/UC7V2KZ5sd3htJivAbA4ZG3w"],"description":"Dicodusport est l'encyclop\u00e9die de l'actualit\u00e9 sportive.","email":"bonjour@dicodusport.fr","legalName":"DICODUSPORT","foundingDate":"2018-01-14","vatID":"FR71834470973","taxID":"83447097300043","numberOfEmployees":{"@type":"QuantitativeValue","minValue":"1","maxValue":"10"}},{"@type":"Person","@id":"https:\/\/dicodusport.fr\/blog\/#\/schema\/person\/6db4bae06b171592211be385b32876a7","name":"Emilien Descampiaux","image":{"@type":"ImageObject","inLanguage":"fr-FR","@id":"https:\/\/dicodusport.fr\/blog\/#\/schema\/person\/image\/","url":"https:\/\/dicodusport.fr\/blog\/wp-content\/uploads\/2021\/05\/Emilien-Descampiaux-150x150.jpg","contentUrl":"https:\/\/dicodusport.fr\/blog\/wp-content\/uploads\/2021\/05\/Emilien-Descampiaux-150x150.jpg","caption":"Emilien Descampiaux"},"description":"Journaliste\/r\u00e9dacteur depuis 2014 - Fan de la classe de Frank Vandenbroucke, je vis cyclisme (et de ses paysages) depuis plus de 20 ans. Je suis tr\u00e8s impliqu\u00e9 sur mes diff\u00e9rents r\u00e9seaux sociaux pour partager ma passion sur le monde et l'Histoire de la bicyclette avec ma voix sur les images en noir et blanc du succ\u00e8s de Rik Van Steenbergen lors du Ronde sur le V\u00e9lodrome de Gand.","sameAs":["https:\/\/www.facebook.com\/groups\/LesRoisDuPeloton","https:\/\/x.com\/https:\/\/twitter.com\/LRoisDuPeloton"],"url":"https:\/\/dicodusport.fr\/blog\/author\/emiliend\/"}]}},"_links":{"self":[{"href":"https:\/\/dicodusport.fr\/blog\/wp-json\/wp\/v2\/posts\/666722","targetHints":{"allow":["GET"]}}],"collection":[{"href":"https:\/\/dicodusport.fr\/blog\/wp-json\/wp\/v2\/posts"}],"about":[{"href":"https:\/\/dicodusport.fr\/blog\/wp-json\/wp\/v2\/types\/post"}],"author":[{"embeddable":true,"href":"https:\/\/dicodusport.fr\/blog\/wp-json\/wp\/v2\/users\/48"}],"replies":[{"embeddable":true,"href":"https:\/\/dicodusport.fr\/blog\/wp-json\/wp\/v2\/comments?post=666722"}],"version-history":[{"count":5,"href":"https:\/\/dicodusport.fr\/blog\/wp-json\/wp\/v2\/posts\/666722\/revisions"}],"predecessor-version":[{"id":666736,"href":"https:\/\/dicodusport.fr\/blog\/wp-json\/wp\/v2\/posts\/666722\/revisions\/666736"}],"wp:featuredmedia":[{"embeddable":true,"href":"https:\/\/dicodusport.fr\/blog\/wp-json\/wp\/v2\/media\/666734"}],"wp:attachment":[{"href":"https:\/\/dicodusport.fr\/blog\/wp-json\/wp\/v2\/media?parent=666722"}],"wp:term":[{"taxonomy":"category","embeddable":true,"href":"https:\/\/dicodusport.fr\/blog\/wp-json\/wp\/v2\/categories?post=666722"},{"taxonomy":"post_tag","embeddable":true,"href":"https:\/\/dicodusport.fr\/blog\/wp-json\/wp\/v2\/tags?post=666722"}],"curies":[{"name":"wp","href":"https:\/\/api.w.org\/{rel}","templated":true}]}}