{"id":666726,"date":"2026-05-01T17:46:33","date_gmt":"2026-05-01T15:46:33","guid":{"rendered":"https:\/\/dicodusport.fr\/blog\/?p=666726&#038;preview=true&#038;preview_id=666726"},"modified":"2026-05-01T18:05:42","modified_gmt":"2026-05-01T16:05:42","slug":"un-dorian-godon-revanchard-simpose-au-sprint-sur-la-3e-etape-du-tour-de-romandie-2026","status":"publish","type":"post","link":"https:\/\/dicodusport.fr\/blog\/un-dorian-godon-revanchard-simpose-au-sprint-sur-la-3e-etape-du-tour-de-romandie-2026\/","title":{"rendered":"Un Dorian Godon revanchard s&rsquo;impose au sprint sur la 3e \u00e9tape du Tour de Romandie"},"content":{"rendered":"<p style=\"text-align: justify;\"><strong><em>TOUR DE ROMANDIE 2026 &#8211; Dorian Godon (Ineos Grenadiers) remporte au sprint la troisi\u00e8me \u00e9tape et prend sa revanche sur Tadej Poga\u010dar.<\/em><\/strong><\/p>\n<ul style=\"text-align: justify;\">\n<li style=\"text-align: justify;\"><strong>\u00c0 ce sujet \u2013 <a href=\"https:\/\/dicodusport.fr\/blog\/tour-de-romandie-2026-le-parcours-complet-et-le-profil-des-6-etapes-prologue-compris\/\">Tour de Romandie 2026 : le parcours complet et le profil des 6 \u00e9tapes, prologue compris<\/a><\/strong><\/li>\n<\/ul>\n<p style=\"text-align: justify;\">Deux bouquets sur Paris-Nice, deux autres en Catalogne et maintenant deux en Suisse romande. La saison de <strong>Dorian Godon<\/strong> est absolument ph\u00e9nom\u00e9nale. Depuis son arriv\u00e9e chez Ineos Grenadiers, le champion de France en titre semble avoir pass\u00e9 un nouveau palier. De plus en plus r\u00e9gulier, sa puissance et sa pointe de vitesse lui permettent de r\u00e9gler au sprint des groupes r\u00e9duits et de faire mouche tr\u00e8s souvent. Il se paye le scalp de <strong>Tadej Poga\u010dar<\/strong> (UAE Team Emirates) qui l&rsquo;avait surpris hier \u00e0 Vucherens.<\/p>\n<blockquote class=\"twitter-tweet\">\n<p dir=\"ltr\" lang=\"fr\">La vengeance de Dorian Godon \ud83c\uddeb\ud83c\uddf7 face \u00e0 Pogacar : le champion de France s&rsquo;offre la 3e \u00e9tape du Tour de Romandie, sa deuxi\u00e8me victoire de la semaine \ud83e\udd29<a href=\"https:\/\/twitter.com\/hashtag\/LesRP?src=hash&amp;ref_src=twsrc%5Etfw\">#LesRP<\/a> <a href=\"https:\/\/t.co\/awaTyCM3qK\">pic.twitter.com\/awaTyCM3qK<\/a><\/p>\n<p>\u2014 Eurosport France (@Eurosport_FR) <a href=\"https:\/\/twitter.com\/Eurosport_FR\/status\/2050241550148362625?ref_src=twsrc%5Etfw\">May 1, 2026<\/a><\/p><\/blockquote>\n<p style=\"text-align: justify;\"><script async src=\"https:\/\/platform.twitter.com\/widgets.js\" charset=\"utf-8\"><\/script><\/p>\n<h2 style=\"text-align: justify;\">Sept hommes s&rsquo;envolent sur le plat<\/h2>\n<p style=\"text-align: justify;\">Tout d&rsquo;abord, un groupe s&rsquo;est vite d\u00e9tach\u00e9 du peloton d\u00e8s le d\u00e9but de l&rsquo;\u00e9tape. Sur le plat, <strong>Sam Oomen<\/strong> (Lidl-Trek), <strong>Georg Steinhauser<\/strong> (EF Education &#8211; EasyPost), <strong>Damiano Caruso<\/strong> (Bahrain-Victorious), <strong>Lorenzo Germani<\/strong>, <strong>Josh Kench<\/strong> et <strong>R\u00e9my Rochas<\/strong> (Groupama-FDJ United) et <strong>Steff Cras<\/strong> (Soudal Quick-Step) se sont d\u00e9gag\u00e9s sans contestation du peloton et ont vite compt\u00e9 trois minutes d&rsquo;avance. Pendant les 120 km pr\u00e9c\u00e9dant l&rsquo;ascension du juge de paix de l&rsquo;\u00e9tape, le Col du Mollendruz (9 km \u00e0 6,3%), les hommes de t\u00eate se sont plut\u00f4t bien entendus pour maintenir l&rsquo;\u00e9cart avec un peloton dans lequel la Red Bull-Bora-Hansgrohe assurait l&rsquo;essentiel du travail.<\/p>\n<h2 style=\"text-align: justify;\">Damiano Caruso tente de faire la diff\u00e9rence<\/h2>\n<p style=\"text-align: justify;\">Ensuite, le v\u00e9t\u00e9ran italien<strong> Damiano Caruso<\/strong> a rapidement fait la diff\u00e9rence d\u00e8s les premiers contreforts de la mont\u00e9e du Mollendruz. Le coureur de 39 ans, qui dispute sa derni\u00e8re saison professionnelle, semblait avoir de beaux restes et basculait au sommet, \u00e0 30 km de l&rsquo;arriv\u00e9e, avec une petite minute d&rsquo;avance sur un peloton tr\u00e8s amoindri. En effet, toujours sous l&rsquo;impulsion des Red Bull, semblant travailler pour <strong>Finn Fisher-Black<\/strong>, on ne comptait plus qu&rsquo;une trentaine d&rsquo;unit\u00e9s dans le groupe <strong>Pogacar<\/strong>. <strong>Dorian Godon<\/strong> (Ineos Grenadiers), notamment, ne pouvait s&rsquo;accrocher dans un premier temps. <strong>Primoz Roglic<\/strong> a notamment contribu\u00e9 \u00e0 la chasse avant de se relever totalement de mani\u00e8re curieuse.<\/p>\n<ul style=\"text-align: justify;\">\n<li><strong>\u00c0 ce sujet &#8211;\u00a0<a href=\"https:\/\/dicodusport.fr\/blog\/3e-etape-tour-de-romandie-2026-classement-et-resultats\/\">3e \u00e9tape Tour de Romandie 2026 : Classement et r\u00e9sultats<\/a><\/strong><\/li>\n<\/ul>\n<p style=\"text-align: justify;\">Puis, dans la descente tr\u00e8s roulante, <strong>Georg Steinhauser<\/strong> et <strong>Steff Cras,<\/strong> encore intercal\u00e9s, ont rejoint l&rsquo;Italien, ne semblant pas lui reprocher son manque de relais et le laissant m\u00eame recommencer ce comportement \u00e9trange. Des faits de course finalement sans incidence puisque le trio \u00e9tait revu par le peloton, ce qui allait donner une nouvelle explication group\u00e9e, avec un <strong>Godon<\/strong> revenu de l&rsquo;arri\u00e8re. Le Fran\u00e7ais devan\u00e7ait finalement <strong>Fisher-Black<\/strong> et un \u00e9tonnant <strong>Valentin Paret-Peintre<\/strong> (Soudal Quick-Step) pour le podium du jour.<\/p>\n<p style=\"text-align: justify;\">Au classement g\u00e9n\u00e9ral, <strong>Tadej Poga\u010dar<\/strong> n&rsquo;\u00e9tait pas inqui\u00e9t\u00e9. L&rsquo;\u00e9tape de demain devrait toutefois bouger quelques lignes avec la mont\u00e9e de Jaunpass (8,1 km \u00e0 8,3%) dont le sommet se situe \u00e0 15 km de l&rsquo;arriv\u00e9e. De quoi confirmer la supr\u00e9matie du Slov\u00e8ne ?<\/p>\n<ul style=\"text-align: justify;\">\n<li style=\"text-align: justify;\"><strong>\u00c0 ce sujet \u2013\u00a0<a href=\"https:\/\/dicodusport.fr\/blog\/classement-general-tour-de-romandie-2026-mis-a-jour\/\">Classement g\u00e9n\u00e9ral Tour de Romandie 2026 mis \u00e0 jour<\/a><\/strong><\/li>\n<\/ul>\n<div id=\"gtx-trans\" style=\"position: absolute; left: -14px; top: 40.9091px;\">\n<div class=\"gtx-trans-icon\" style=\"text-align: justify;\"><\/div>\n<\/div>\n","protected":false},"excerpt":{"rendered":"<p>TOUR DE ROMANDIE 2026 &#8211; Dorian Godon (Ineos Grenadiers) remporte au sprint la troisi\u00e8me \u00e9tape et prend sa revanche sur Tadej Poga\u010dar.<\/p>\n","protected":false},"author":92,"featured_media":666758,"comment_status":"open","ping_status":"closed","sticky":false,"template":"","format":"standard","meta":{"_acf_changed":false,"_daextam_enable_autolinks":"1","footnotes":""},"categories":[46994],"tags":[16878,574,11197,47138,24,7747],"class_list":["post-666726","post","type-post","status-publish","format-standard","has-post-thumbnail","hentry","category-cyclisme-sur-route","tag-breve","tag-cyclisme","tag-cyclisme-sur-route","tag-dorian-godon","tag-sport","tag-tour-de-romandie"],"acf":[],"yoast_head":"<!-- This site is optimized with the Yoast SEO Premium plugin v26.7 (Yoast SEO v26.7) - https:\/\/yoast.com\/wordpress\/plugins\/seo\/ -->\n<title>Un Dorian Godon revanchard s&#039;impose au sprint sur la 3e \u00e9tape du Tour de Romandie<\/title>\n<meta name=\"description\" content=\"TOUR DE ROMANDIE 2026 - Dorian Godon (Ineos Grenadiers) remporte au sprint la troisi\u00e8me \u00e9tape et prend sa revanche sur Tadej Poga\u010dar.\" \/>\n<meta name=\"robots\" content=\"index, follow, max-snippet:-1, max-image-preview:large, max-video-preview:-1\" \/>\n<link rel=\"canonical\" href=\"https:\/\/dicodusport.fr\/blog\/un-dorian-godon-revanchard-simpose-au-sprint-sur-la-3e-etape-du-tour-de-romandie-2026\/\" \/>\n<meta property=\"og:locale\" content=\"fr_FR\" \/>\n<meta property=\"og:type\" content=\"article\" \/>\n<meta property=\"og:title\" content=\"Un Dorian Godon revanchard s&#039;impose au sprint sur la 3e \u00e9tape du Tour de Romandie\" \/>\n<meta property=\"og:description\" content=\"TOUR DE ROMANDIE 2026 - Dorian Godon (Ineos Grenadiers) remporte au sprint la troisi\u00e8me \u00e9tape et prend sa revanche sur Tadej Poga\u010dar.\" \/>\n<meta property=\"og:url\" content=\"https:\/\/dicodusport.fr\/blog\/un-dorian-godon-revanchard-simpose-au-sprint-sur-la-3e-etape-du-tour-de-romandie-2026\/\" \/>\n<meta property=\"og:site_name\" content=\"Dicodusport\" \/>\n<meta property=\"article:publisher\" content=\"https:\/\/www.facebook.com\/dicodusport\" \/>\n<meta property=\"article:published_time\" content=\"2026-05-01T15:46:33+00:00\" \/>\n<meta property=\"article:modified_time\" content=\"2026-05-01T16:05:42+00:00\" \/>\n<meta property=\"og:image\" content=\"https:\/\/dicodusport.fr\/blog\/wp-content\/uploads\/2026\/05\/Un-Dorian-Godon-revanchard-simpose-au-sprint-sur-la-3e-etape-du-Tour-de-Romandie-1.png\" \/>\n\t<meta property=\"og:image:width\" content=\"1200\" \/>\n\t<meta property=\"og:image:height\" content=\"674\" \/>\n\t<meta property=\"og:image:type\" content=\"image\/png\" \/>\n<meta name=\"author\" content=\"Olivier Dobiezynski\" \/>\n<meta name=\"twitter:card\" content=\"summary_large_image\" \/>\n<meta name=\"twitter:title\" content=\"Un Dorian Godon revanchard s&#039;impose au sprint sur la 3e \u00e9tape du Tour de Romandie\" \/>\n<meta name=\"twitter:creator\" content=\"@https:\/\/x.com\/Olivier_Matros\" \/>\n<meta name=\"twitter:site\" content=\"@dicodusport\" \/>\n<script type=\"application\/ld+json\" class=\"yoast-schema-graph\">{\"@context\":\"https:\/\/schema.org\",\"@graph\":[{\"@type\":\"NewsArticle\",\"@id\":\"https:\/\/dicodusport.fr\/blog\/un-dorian-godon-revanchard-simpose-au-sprint-sur-la-3e-etape-du-tour-de-romandie-2026\/#article\",\"isPartOf\":{\"@id\":\"https:\/\/dicodusport.fr\/blog\/un-dorian-godon-revanchard-simpose-au-sprint-sur-la-3e-etape-du-tour-de-romandie-2026\/\"},\"author\":{\"name\":\"Olivier Dobiezynski\",\"@id\":\"https:\/\/dicodusport.fr\/blog\/#\/schema\/person\/fe500246414ca17ddf0c0312d7a792cc\"},\"headline\":\"Un Dorian Godon revanchard s&rsquo;impose au sprint sur la 3e \u00e9tape du Tour de Romandie\",\"datePublished\":\"2026-05-01T15:46:33+00:00\",\"dateModified\":\"2026-05-01T16:05:42+00:00\",\"mainEntityOfPage\":{\"@id\":\"https:\/\/dicodusport.fr\/blog\/un-dorian-godon-revanchard-simpose-au-sprint-sur-la-3e-etape-du-tour-de-romandie-2026\/\"},\"wordCount\":592,\"commentCount\":1,\"publisher\":{\"@id\":\"https:\/\/dicodusport.fr\/blog\/#organization\"},\"image\":{\"@id\":\"https:\/\/dicodusport.fr\/blog\/un-dorian-godon-revanchard-simpose-au-sprint-sur-la-3e-etape-du-tour-de-romandie-2026\/#primaryimage\"},\"thumbnailUrl\":\"https:\/\/dicodusport.fr\/blog\/wp-content\/uploads\/2026\/05\/Un-Dorian-Godon-revanchard-simpose-au-sprint-sur-la-3e-etape-du-Tour-de-Romandie-1.png\",\"keywords\":[\"br\u00e8ve\",\"Cyclisme\",\"Cyclisme sur route\",\"Dorian Godon\",\"sport\",\"Tour de Romandie\"],\"articleSection\":[\"Cyclisme sur route\"],\"inLanguage\":\"fr-FR\",\"potentialAction\":[{\"@type\":\"CommentAction\",\"name\":\"Comment\",\"target\":[\"https:\/\/dicodusport.fr\/blog\/un-dorian-godon-revanchard-simpose-au-sprint-sur-la-3e-etape-du-tour-de-romandie-2026\/#respond\"]}],\"copyrightYear\":\"2026\",\"copyrightHolder\":{\"@id\":\"https:\/\/dicodusport.fr\/blog\/#organization\"}},{\"@type\":\"WebPage\",\"@id\":\"https:\/\/dicodusport.fr\/blog\/un-dorian-godon-revanchard-simpose-au-sprint-sur-la-3e-etape-du-tour-de-romandie-2026\/\",\"url\":\"https:\/\/dicodusport.fr\/blog\/un-dorian-godon-revanchard-simpose-au-sprint-sur-la-3e-etape-du-tour-de-romandie-2026\/\",\"name\":\"Un Dorian Godon revanchard s'impose au sprint sur la 3e \u00e9tape du Tour de Romandie\",\"isPartOf\":{\"@id\":\"https:\/\/dicodusport.fr\/blog\/#website\"},\"primaryImageOfPage\":{\"@id\":\"https:\/\/dicodusport.fr\/blog\/un-dorian-godon-revanchard-simpose-au-sprint-sur-la-3e-etape-du-tour-de-romandie-2026\/#primaryimage\"},\"image\":{\"@id\":\"https:\/\/dicodusport.fr\/blog\/un-dorian-godon-revanchard-simpose-au-sprint-sur-la-3e-etape-du-tour-de-romandie-2026\/#primaryimage\"},\"thumbnailUrl\":\"https:\/\/dicodusport.fr\/blog\/wp-content\/uploads\/2026\/05\/Un-Dorian-Godon-revanchard-simpose-au-sprint-sur-la-3e-etape-du-Tour-de-Romandie-1.png\",\"datePublished\":\"2026-05-01T15:46:33+00:00\",\"dateModified\":\"2026-05-01T16:05:42+00:00\",\"description\":\"TOUR DE ROMANDIE 2026 - Dorian Godon (Ineos Grenadiers) remporte au sprint la troisi\u00e8me \u00e9tape et prend sa revanche sur Tadej Poga\u010dar.\",\"breadcrumb\":{\"@id\":\"https:\/\/dicodusport.fr\/blog\/un-dorian-godon-revanchard-simpose-au-sprint-sur-la-3e-etape-du-tour-de-romandie-2026\/#breadcrumb\"},\"inLanguage\":\"fr-FR\",\"potentialAction\":[{\"@type\":\"ReadAction\",\"target\":[\"https:\/\/dicodusport.fr\/blog\/un-dorian-godon-revanchard-simpose-au-sprint-sur-la-3e-etape-du-tour-de-romandie-2026\/\"]}]},{\"@type\":\"ImageObject\",\"inLanguage\":\"fr-FR\",\"@id\":\"https:\/\/dicodusport.fr\/blog\/un-dorian-godon-revanchard-simpose-au-sprint-sur-la-3e-etape-du-tour-de-romandie-2026\/#primaryimage\",\"url\":\"https:\/\/dicodusport.fr\/blog\/wp-content\/uploads\/2026\/05\/Un-Dorian-Godon-revanchard-simpose-au-sprint-sur-la-3e-etape-du-Tour-de-Romandie-1.png\",\"contentUrl\":\"https:\/\/dicodusport.fr\/blog\/wp-content\/uploads\/2026\/05\/Un-Dorian-Godon-revanchard-simpose-au-sprint-sur-la-3e-etape-du-Tour-de-Romandie-1.png\",\"width\":1200,\"height\":674,\"caption\":\"Un Dorian Godon revanchard s'impose au sprint sur la 3e \u00e9tape du Tour de Romandie\"},{\"@type\":\"BreadcrumbList\",\"@id\":\"https:\/\/dicodusport.fr\/blog\/un-dorian-godon-revanchard-simpose-au-sprint-sur-la-3e-etape-du-tour-de-romandie-2026\/#breadcrumb\",\"itemListElement\":[{\"@type\":\"ListItem\",\"position\":1,\"name\":\"Accueil\",\"item\":\"https:\/\/dicodusport.fr\/blog\/\"},{\"@type\":\"ListItem\",\"position\":2,\"name\":\"Un Dorian Godon revanchard s&rsquo;impose au sprint sur la 3e \u00e9tape du Tour de Romandie\"}]},{\"@type\":\"WebSite\",\"@id\":\"https:\/\/dicodusport.fr\/blog\/#website\",\"url\":\"https:\/\/dicodusport.fr\/blog\/\",\"name\":\"Dicodusport\",\"description\":\"L&#039;encyclop\u00e9die de l&#039;actualit\u00e9 sportive\",\"publisher\":{\"@id\":\"https:\/\/dicodusport.fr\/blog\/#organization\"},\"potentialAction\":[{\"@type\":\"SearchAction\",\"target\":{\"@type\":\"EntryPoint\",\"urlTemplate\":\"https:\/\/dicodusport.fr\/blog\/?s={search_term_string}\"},\"query-input\":{\"@type\":\"PropertyValueSpecification\",\"valueRequired\":true,\"valueName\":\"search_term_string\"}}],\"inLanguage\":\"fr-FR\"},{\"@type\":\"NewsMediaOrganization\",\"@id\":\"https:\/\/dicodusport.fr\/blog\/#organization\",\"name\":\"Dicodusport\",\"url\":\"https:\/\/dicodusport.fr\/blog\/\",\"logo\":{\"@type\":\"ImageObject\",\"inLanguage\":\"fr-FR\",\"@id\":\"https:\/\/dicodusport.fr\/blog\/#\/schema\/logo\/image\/\",\"url\":\"https:\/\/dicodusport.fr\/blog\/wp-content\/uploads\/2020\/06\/cropped-LOGO-DICODUSPORT-2020-SANS-FOND-SANS-TEXTE.png\",\"contentUrl\":\"https:\/\/dicodusport.fr\/blog\/wp-content\/uploads\/2020\/06\/cropped-LOGO-DICODUSPORT-2020-SANS-FOND-SANS-TEXTE.png\",\"width\":512,\"height\":512,\"caption\":\"Dicodusport\"},\"image\":{\"@id\":\"https:\/\/dicodusport.fr\/blog\/#\/schema\/logo\/image\/\"},\"sameAs\":[\"https:\/\/www.facebook.com\/dicodusport\",\"https:\/\/x.com\/dicodusport\",\"https:\/\/www.instagram.com\/dicodusport\/\",\"https:\/\/www.youtube.com\/channel\/UC7V2KZ5sd3htJivAbA4ZG3w\"],\"description\":\"Dicodusport est l'encyclop\u00e9die de l'actualit\u00e9 sportive.\",\"email\":\"bonjour@dicodusport.fr\",\"legalName\":\"DICODUSPORT\",\"foundingDate\":\"2018-01-14\",\"vatID\":\"FR71834470973\",\"taxID\":\"83447097300043\",\"numberOfEmployees\":{\"@type\":\"QuantitativeValue\",\"minValue\":\"1\",\"maxValue\":\"10\"}},{\"@type\":\"Person\",\"@id\":\"https:\/\/dicodusport.fr\/blog\/#\/schema\/person\/fe500246414ca17ddf0c0312d7a792cc\",\"name\":\"Olivier Dobiezynski\",\"image\":{\"@type\":\"ImageObject\",\"inLanguage\":\"fr-FR\",\"@id\":\"https:\/\/dicodusport.fr\/blog\/#\/schema\/person\/image\/\",\"url\":\"https:\/\/dicodusport.fr\/blog\/wp-content\/uploads\/2024\/09\/5be8fe8d-9962-4f1e-ad06-d6f9dee30e6d-150x150.jpg\",\"contentUrl\":\"https:\/\/dicodusport.fr\/blog\/wp-content\/uploads\/2024\/09\/5be8fe8d-9962-4f1e-ad06-d6f9dee30e6d-150x150.jpg\",\"caption\":\"Olivier Dobiezynski\"},\"description\":\"Depuis le milieu des ann\u00e9es 90, la passion du cyclisme m'anime. Mes h\u00e9ros s'appellent Luc Leblanc, Piotr Ugrumov, Paolo Savoldelli, Peter Sagan et bien \u00e9videmment Romain Bardet. R\u00e9dacteur depuis 2023, je suis ici pour partager cet amour de la Petite Reine. Vous pourrez me lire \u00e9galement sur du trail, du ski de fond et tout autre sujet susceptible d'\u00e9veiller ma curiosit\u00e9 sportive.\",\"sameAs\":[\"https:\/\/x.com\/https:\/\/x.com\/Olivier_Matros\"],\"url\":\"https:\/\/dicodusport.fr\/blog\/author\/olivier-gh\/\"}]}<\/script>\n<!-- \/ Yoast SEO Premium plugin. -->","yoast_head_json":{"title":"Un Dorian Godon revanchard s'impose au sprint sur la 3e \u00e9tape du Tour de Romandie","description":"TOUR DE ROMANDIE 2026 - Dorian Godon (Ineos Grenadiers) remporte au sprint la troisi\u00e8me \u00e9tape et prend sa revanche sur Tadej Poga\u010dar.","robots":{"index":"index","follow":"follow","max-snippet":"max-snippet:-1","max-image-preview":"max-image-preview:large","max-video-preview":"max-video-preview:-1"},"canonical":"https:\/\/dicodusport.fr\/blog\/un-dorian-godon-revanchard-simpose-au-sprint-sur-la-3e-etape-du-tour-de-romandie-2026\/","og_locale":"fr_FR","og_type":"article","og_title":"Un Dorian Godon revanchard s'impose au sprint sur la 3e \u00e9tape du Tour de Romandie","og_description":"TOUR DE ROMANDIE 2026 - Dorian Godon (Ineos Grenadiers) remporte au sprint la troisi\u00e8me \u00e9tape et prend sa revanche sur Tadej Poga\u010dar.","og_url":"https:\/\/dicodusport.fr\/blog\/un-dorian-godon-revanchard-simpose-au-sprint-sur-la-3e-etape-du-tour-de-romandie-2026\/","og_site_name":"Dicodusport","article_publisher":"https:\/\/www.facebook.com\/dicodusport","article_published_time":"2026-05-01T15:46:33+00:00","article_modified_time":"2026-05-01T16:05:42+00:00","og_image":[{"width":1200,"height":674,"url":"https:\/\/dicodusport.fr\/blog\/wp-content\/uploads\/2026\/05\/Un-Dorian-Godon-revanchard-simpose-au-sprint-sur-la-3e-etape-du-Tour-de-Romandie-1.png","type":"image\/png"}],"author":"Olivier Dobiezynski","twitter_card":"summary_large_image","twitter_title":"Un Dorian Godon revanchard s'impose au sprint sur la 3e \u00e9tape du Tour de Romandie","twitter_creator":"@https:\/\/x.com\/Olivier_Matros","twitter_site":"@dicodusport","schema":{"@context":"https:\/\/schema.org","@graph":[{"@type":"NewsArticle","@id":"https:\/\/dicodusport.fr\/blog\/un-dorian-godon-revanchard-simpose-au-sprint-sur-la-3e-etape-du-tour-de-romandie-2026\/#article","isPartOf":{"@id":"https:\/\/dicodusport.fr\/blog\/un-dorian-godon-revanchard-simpose-au-sprint-sur-la-3e-etape-du-tour-de-romandie-2026\/"},"author":{"name":"Olivier Dobiezynski","@id":"https:\/\/dicodusport.fr\/blog\/#\/schema\/person\/fe500246414ca17ddf0c0312d7a792cc"},"headline":"Un Dorian Godon revanchard s&rsquo;impose au sprint sur la 3e \u00e9tape du Tour de Romandie","datePublished":"2026-05-01T15:46:33+00:00","dateModified":"2026-05-01T16:05:42+00:00","mainEntityOfPage":{"@id":"https:\/\/dicodusport.fr\/blog\/un-dorian-godon-revanchard-simpose-au-sprint-sur-la-3e-etape-du-tour-de-romandie-2026\/"},"wordCount":592,"commentCount":1,"publisher":{"@id":"https:\/\/dicodusport.fr\/blog\/#organization"},"image":{"@id":"https:\/\/dicodusport.fr\/blog\/un-dorian-godon-revanchard-simpose-au-sprint-sur-la-3e-etape-du-tour-de-romandie-2026\/#primaryimage"},"thumbnailUrl":"https:\/\/dicodusport.fr\/blog\/wp-content\/uploads\/2026\/05\/Un-Dorian-Godon-revanchard-simpose-au-sprint-sur-la-3e-etape-du-Tour-de-Romandie-1.png","keywords":["br\u00e8ve","Cyclisme","Cyclisme sur route","Dorian Godon","sport","Tour de Romandie"],"articleSection":["Cyclisme sur route"],"inLanguage":"fr-FR","potentialAction":[{"@type":"CommentAction","name":"Comment","target":["https:\/\/dicodusport.fr\/blog\/un-dorian-godon-revanchard-simpose-au-sprint-sur-la-3e-etape-du-tour-de-romandie-2026\/#respond"]}],"copyrightYear":"2026","copyrightHolder":{"@id":"https:\/\/dicodusport.fr\/blog\/#organization"}},{"@type":"WebPage","@id":"https:\/\/dicodusport.fr\/blog\/un-dorian-godon-revanchard-simpose-au-sprint-sur-la-3e-etape-du-tour-de-romandie-2026\/","url":"https:\/\/dicodusport.fr\/blog\/un-dorian-godon-revanchard-simpose-au-sprint-sur-la-3e-etape-du-tour-de-romandie-2026\/","name":"Un Dorian Godon revanchard s'impose au sprint sur la 3e \u00e9tape du Tour de Romandie","isPartOf":{"@id":"https:\/\/dicodusport.fr\/blog\/#website"},"primaryImageOfPage":{"@id":"https:\/\/dicodusport.fr\/blog\/un-dorian-godon-revanchard-simpose-au-sprint-sur-la-3e-etape-du-tour-de-romandie-2026\/#primaryimage"},"image":{"@id":"https:\/\/dicodusport.fr\/blog\/un-dorian-godon-revanchard-simpose-au-sprint-sur-la-3e-etape-du-tour-de-romandie-2026\/#primaryimage"},"thumbnailUrl":"https:\/\/dicodusport.fr\/blog\/wp-content\/uploads\/2026\/05\/Un-Dorian-Godon-revanchard-simpose-au-sprint-sur-la-3e-etape-du-Tour-de-Romandie-1.png","datePublished":"2026-05-01T15:46:33+00:00","dateModified":"2026-05-01T16:05:42+00:00","description":"TOUR DE ROMANDIE 2026 - Dorian Godon (Ineos Grenadiers) remporte au sprint la troisi\u00e8me \u00e9tape et prend sa revanche sur Tadej Poga\u010dar.","breadcrumb":{"@id":"https:\/\/dicodusport.fr\/blog\/un-dorian-godon-revanchard-simpose-au-sprint-sur-la-3e-etape-du-tour-de-romandie-2026\/#breadcrumb"},"inLanguage":"fr-FR","potentialAction":[{"@type":"ReadAction","target":["https:\/\/dicodusport.fr\/blog\/un-dorian-godon-revanchard-simpose-au-sprint-sur-la-3e-etape-du-tour-de-romandie-2026\/"]}]},{"@type":"ImageObject","inLanguage":"fr-FR","@id":"https:\/\/dicodusport.fr\/blog\/un-dorian-godon-revanchard-simpose-au-sprint-sur-la-3e-etape-du-tour-de-romandie-2026\/#primaryimage","url":"https:\/\/dicodusport.fr\/blog\/wp-content\/uploads\/2026\/05\/Un-Dorian-Godon-revanchard-simpose-au-sprint-sur-la-3e-etape-du-Tour-de-Romandie-1.png","contentUrl":"https:\/\/dicodusport.fr\/blog\/wp-content\/uploads\/2026\/05\/Un-Dorian-Godon-revanchard-simpose-au-sprint-sur-la-3e-etape-du-Tour-de-Romandie-1.png","width":1200,"height":674,"caption":"Un Dorian Godon revanchard s'impose au sprint sur la 3e \u00e9tape du Tour de Romandie"},{"@type":"BreadcrumbList","@id":"https:\/\/dicodusport.fr\/blog\/un-dorian-godon-revanchard-simpose-au-sprint-sur-la-3e-etape-du-tour-de-romandie-2026\/#breadcrumb","itemListElement":[{"@type":"ListItem","position":1,"name":"Accueil","item":"https:\/\/dicodusport.fr\/blog\/"},{"@type":"ListItem","position":2,"name":"Un Dorian Godon revanchard s&rsquo;impose au sprint sur la 3e \u00e9tape du Tour de Romandie"}]},{"@type":"WebSite","@id":"https:\/\/dicodusport.fr\/blog\/#website","url":"https:\/\/dicodusport.fr\/blog\/","name":"Dicodusport","description":"L&#039;encyclop\u00e9die de l&#039;actualit\u00e9 sportive","publisher":{"@id":"https:\/\/dicodusport.fr\/blog\/#organization"},"potentialAction":[{"@type":"SearchAction","target":{"@type":"EntryPoint","urlTemplate":"https:\/\/dicodusport.fr\/blog\/?s={search_term_string}"},"query-input":{"@type":"PropertyValueSpecification","valueRequired":true,"valueName":"search_term_string"}}],"inLanguage":"fr-FR"},{"@type":"NewsMediaOrganization","@id":"https:\/\/dicodusport.fr\/blog\/#organization","name":"Dicodusport","url":"https:\/\/dicodusport.fr\/blog\/","logo":{"@type":"ImageObject","inLanguage":"fr-FR","@id":"https:\/\/dicodusport.fr\/blog\/#\/schema\/logo\/image\/","url":"https:\/\/dicodusport.fr\/blog\/wp-content\/uploads\/2020\/06\/cropped-LOGO-DICODUSPORT-2020-SANS-FOND-SANS-TEXTE.png","contentUrl":"https:\/\/dicodusport.fr\/blog\/wp-content\/uploads\/2020\/06\/cropped-LOGO-DICODUSPORT-2020-SANS-FOND-SANS-TEXTE.png","width":512,"height":512,"caption":"Dicodusport"},"image":{"@id":"https:\/\/dicodusport.fr\/blog\/#\/schema\/logo\/image\/"},"sameAs":["https:\/\/www.facebook.com\/dicodusport","https:\/\/x.com\/dicodusport","https:\/\/www.instagram.com\/dicodusport\/","https:\/\/www.youtube.com\/channel\/UC7V2KZ5sd3htJivAbA4ZG3w"],"description":"Dicodusport est l'encyclop\u00e9die de l'actualit\u00e9 sportive.","email":"bonjour@dicodusport.fr","legalName":"DICODUSPORT","foundingDate":"2018-01-14","vatID":"FR71834470973","taxID":"83447097300043","numberOfEmployees":{"@type":"QuantitativeValue","minValue":"1","maxValue":"10"}},{"@type":"Person","@id":"https:\/\/dicodusport.fr\/blog\/#\/schema\/person\/fe500246414ca17ddf0c0312d7a792cc","name":"Olivier Dobiezynski","image":{"@type":"ImageObject","inLanguage":"fr-FR","@id":"https:\/\/dicodusport.fr\/blog\/#\/schema\/person\/image\/","url":"https:\/\/dicodusport.fr\/blog\/wp-content\/uploads\/2024\/09\/5be8fe8d-9962-4f1e-ad06-d6f9dee30e6d-150x150.jpg","contentUrl":"https:\/\/dicodusport.fr\/blog\/wp-content\/uploads\/2024\/09\/5be8fe8d-9962-4f1e-ad06-d6f9dee30e6d-150x150.jpg","caption":"Olivier Dobiezynski"},"description":"Depuis le milieu des ann\u00e9es 90, la passion du cyclisme m'anime. Mes h\u00e9ros s'appellent Luc Leblanc, Piotr Ugrumov, Paolo Savoldelli, Peter Sagan et bien \u00e9videmment Romain Bardet. R\u00e9dacteur depuis 2023, je suis ici pour partager cet amour de la Petite Reine. Vous pourrez me lire \u00e9galement sur du trail, du ski de fond et tout autre sujet susceptible d'\u00e9veiller ma curiosit\u00e9 sportive.","sameAs":["https:\/\/x.com\/https:\/\/x.com\/Olivier_Matros"],"url":"https:\/\/dicodusport.fr\/blog\/author\/olivier-gh\/"}]}},"_links":{"self":[{"href":"https:\/\/dicodusport.fr\/blog\/wp-json\/wp\/v2\/posts\/666726","targetHints":{"allow":["GET"]}}],"collection":[{"href":"https:\/\/dicodusport.fr\/blog\/wp-json\/wp\/v2\/posts"}],"about":[{"href":"https:\/\/dicodusport.fr\/blog\/wp-json\/wp\/v2\/types\/post"}],"author":[{"embeddable":true,"href":"https:\/\/dicodusport.fr\/blog\/wp-json\/wp\/v2\/users\/92"}],"replies":[{"embeddable":true,"href":"https:\/\/dicodusport.fr\/blog\/wp-json\/wp\/v2\/comments?post=666726"}],"version-history":[{"count":5,"href":"https:\/\/dicodusport.fr\/blog\/wp-json\/wp\/v2\/posts\/666726\/revisions"}],"predecessor-version":[{"id":666759,"href":"https:\/\/dicodusport.fr\/blog\/wp-json\/wp\/v2\/posts\/666726\/revisions\/666759"}],"wp:featuredmedia":[{"embeddable":true,"href":"https:\/\/dicodusport.fr\/blog\/wp-json\/wp\/v2\/media\/666758"}],"wp:attachment":[{"href":"https:\/\/dicodusport.fr\/blog\/wp-json\/wp\/v2\/media?parent=666726"}],"wp:term":[{"taxonomy":"category","embeddable":true,"href":"https:\/\/dicodusport.fr\/blog\/wp-json\/wp\/v2\/categories?post=666726"},{"taxonomy":"post_tag","embeddable":true,"href":"https:\/\/dicodusport.fr\/blog\/wp-json\/wp\/v2\/tags?post=666726"}],"curies":[{"name":"wp","href":"https:\/\/api.w.org\/{rel}","templated":true}]}}