{"id":666732,"date":"2026-05-01T21:30:07","date_gmt":"2026-05-01T19:30:07","guid":{"rendered":"https:\/\/dicodusport.fr\/blog\/?p=666732&#038;preview=true&#038;preview_id=666732"},"modified":"2026-05-01T21:30:07","modified_gmt":"2026-05-01T19:30:07","slug":"les-bleus-du-badminton-soffrent-une-premiere-demi-finale-et-une-medaille-historiques-en-thomas-cup","status":"publish","type":"post","link":"https:\/\/dicodusport.fr\/blog\/les-bleus-du-badminton-soffrent-une-premiere-demi-finale-et-une-medaille-historiques-en-thomas-cup\/","title":{"rendered":"Les Bleus du badminton s&rsquo;offrent une premi\u00e8re demi-finale et une m\u00e9daille historiques en Thomas Cup !"},"content":{"rendered":"<p style=\"text-align: justify;\"><strong><em>THOMAS CUP DE BADMINTON 2026 &#8211; Incroyable performance des Bleus, qui seront pour la premi\u00e8re fois m\u00e9daill\u00e9s mondiaux par \u00e9quipes.\u00a0<\/em><\/strong><\/p>\n<p style=\"text-align: justify;\">La Thomas Cup, soit les championnats du monde par \u00e9quipes, n&rsquo;a jamais r\u00e9ussi \u00e0 la France : pas une seule demi-finale depuis sa cr\u00e9ation en 1949 ! C&rsquo;est dire l&rsquo;enjeu historique de la rencontre du jour. Les Bleus, apr\u00e8s leur hom\u00e9rique qualification face \u00e0 l&rsquo;Indon\u00e9sie, affrontaient le Japon pour potentiellement arracher une premi\u00e8re m\u00e9daille dans cette comp\u00e9tition.<\/p>\n<div class=\"vlp-link-container vlp-layout-article\"><a href=\"https:\/\/dicodusport.fr\/blog\/les-bleus-du-badminton-soffrent-lindonesie-et-rallient-les-quarts-de-la-thomas-cup\/\" class=\"vlp-link\" title=\"Les Bleus du badminton s&#039;offrent l&#039;Indon\u00e9sie et rallient les quarts de la Thomas Cup !\"><\/a><div class=\"vlp-layout-zone-side\"><div class=\"vlp-block-4 vlp-link-image\"><img loading=\"lazy\" decoding=\"async\" style=\"max-width: 792px;\" width=\"792\" height=\"445\" src=\"https:\/\/dicodusport.fr\/blog\/wp-content\/uploads\/2026\/04\/Les-Bleus-du-badminton-soffrent-lIndonesie-et-rallient-les-quarts-de-la-Thomas-Cup-.png\" class=\"attachment-800x445 size-800x445\" alt=\"Les Bleus du badminton s&#039;offrent l&#039;Indon\u00e9sie et rallient les quarts de la Thomas Cup !\" srcset=\"https:\/\/dicodusport.fr\/blog\/wp-content\/uploads\/2026\/04\/Les-Bleus-du-badminton-soffrent-lIndonesie-et-rallient-les-quarts-de-la-Thomas-Cup-.png 1200w, https:\/\/dicodusport.fr\/blog\/wp-content\/uploads\/2026\/04\/Les-Bleus-du-badminton-soffrent-lIndonesie-et-rallient-les-quarts-de-la-Thomas-Cup--300x169.png 300w, https:\/\/dicodusport.fr\/blog\/wp-content\/uploads\/2026\/04\/Les-Bleus-du-badminton-soffrent-lIndonesie-et-rallient-les-quarts-de-la-Thomas-Cup--1024x575.png 1024w, https:\/\/dicodusport.fr\/blog\/wp-content\/uploads\/2026\/04\/Les-Bleus-du-badminton-soffrent-lIndonesie-et-rallient-les-quarts-de-la-Thomas-Cup--768x431.png 768w\" sizes=\"auto, (max-width: 792px) 100vw, 792px\" \/><\/div><\/div><div class=\"vlp-layout-zone-main\"><div class=\"vlp-block-0 vlp-link-title\">Les Bleus du badminton s'offrent l'Indon\u00e9sie et rallient les quarts de la Thomas Cup !<\/div><div class=\"vlp-block-1 vlp-link-summary\">THOMAS CUP DE BADMINTON 2026 - En feu, les Bleus ont fait carton plein contre les Indon\u00e9siens, et arrachent un billet pour les quarts de finale.<\/div><div class=\"vlp-block-2 vlp-link-button\">Lire l'article<\/div><div class=\"vlp-block-3 vlp-link-url\">dicodusport.fr<\/div><\/div><\/div>\n<h2 style=\"text-align: justify;\">Dans l&rsquo;histoire<\/h2>\n<p style=\"text-align: justify;\"><strong>Christo Popov<\/strong> ouvrait comme toujours les d\u00e9bats, avec face \u00e0 lui <strong>Kodai Naraoka<\/strong>, vice-champion du monde en 2023. Un d\u00e9fi de plus pour le <a href=\"https:\/\/dicodusport.fr\/blog\/christo-popov-terrasse-anders-antonsen-et-devient-champion-deurope-de-badminton\/\">champion d&rsquo;Europe<\/a>, face \u00e0 un adversaire dot\u00e9 d&rsquo;une belle main et tr\u00e8s inventif en attaque. Mais le cadet de la fratrie \u00e9volue \u00e0 un niveau incroyable depuis son sacre historique aux <a href=\"https:\/\/dicodusport.fr\/blog\/christo-popov-terrasse-le-champion-du-monde-et-remporte-les-bwf-world-tour-finals\/\">BWF World Tour Finals<\/a> fin 2025. Une rencontre de patron, dans laquelle il a \u00e0 chaque fois acc\u00e9l\u00e9r\u00e9 en milieu de set, faisant cavaler son rival avant de porter l&rsquo;estocade \u00e0 grand renfort de smashs surpuissants. Un succ\u00e8s en deux sets imp\u00e9rial pour lancer les siens.<\/p>\n<blockquote class=\"twitter-tweet\">\n<p dir=\"ltr\" lang=\"fr\">Christo Popov l&#8217;emporte sur K\u014ddai Naraoka et permet \u00e0 la France de mener 1-0 dans son quart de finale des Championnats du monde par \u00e9quipes masculines contre le Japon <a href=\"https:\/\/twitter.com\/hashtag\/lequipeBADMINTON?src=hash&amp;ref_src=twsrc%5Etfw\">#lequipeBADMINTON<\/a><\/p>\n<p>Suivez les rencontres suivantes en direct par ici \u27a1\ufe0f <a href=\"https:\/\/t.co\/ejCAlDkSw3\">https:\/\/t.co\/ejCAlDkSw3<\/a> <a href=\"https:\/\/t.co\/wSfzLvzvse\">pic.twitter.com\/wSfzLvzvse<\/a><\/p>\n<p>\u2014 L&rsquo;\u00c9quipe (@lequipe) <a href=\"https:\/\/twitter.com\/lequipe\/status\/2050264428919030211?ref_src=twsrc%5Etfw\">May 1, 2026<\/a><\/p><\/blockquote>\n<p style=\"text-align: justify;\"><script async src=\"https:\/\/platform.twitter.com\/widgets.js\" charset=\"utf-8\"><\/script><br \/>\nD&rsquo;autant qu&rsquo;<strong>Alex Lanier<\/strong> \u00e9tait favori contre <strong>Yushi Tanaka<\/strong>. Ragaillardi par sa victoire sur<strong> Alwi Farhan<\/strong> mardi, apr\u00e8s une p\u00e9riode compliqu\u00e9e et la perte de <a href=\"https:\/\/dicodusport.fr\/blog\/badminton-championnats-deurope-2025-alex-lanier-domine-toma-junior-popov-et-rafle-le-titre-en-simple\/\">son titre europ\u00e9en<\/a>, le Tricolore a d\u00e9livr\u00e9 une partition sans r\u00e9elle faille. Tout juste une l\u00e9g\u00e8re tremblote en fin de match, an\u00e9antie par un pi\u00e8tre jugement de son rival sur un point crucial. <strong>Toma Junior Popov<\/strong> pouvait ainsi d\u00e9j\u00e0 conclure contre <strong>Koki Watanabe<\/strong>, un adversaire qu&rsquo;il n&rsquo;avait toutefois jamais battu.<\/p>\n<p style=\"text-align: justify;\">Mais c&rsquo;\u00e9tait d\u00e9finitivement une soir\u00e9e de premi\u00e8res. Rien n&rsquo;aura \u00e9t\u00e9 facile, puisqu&rsquo;il semblait avoir fait la diff\u00e9rence dans chaque set, mais il lui aura fallu endiguer deux fois le retour du Japonais, et sauver deux volants de troisi\u00e8me set avant d&rsquo;enfin exulter avec toute l&rsquo;\u00e9quipe.\u00a0L&rsquo;\u00e9quipe de France s&rsquo;impose donc <strong>3-0<\/strong> et rallie le dernier carr\u00e9. Un morceau d&rsquo;histoire de plus, puisque jamais, dans la Thomas Cup (hommes), la Uber Cup (femmes) et la Sudirman Cup (mixte), une \u00e9quipe de France n&rsquo;avait r\u00e9ussi \u00e0 d\u00e9crocher une m\u00e9daille : c&rsquo;est chose faite. Et ce n&rsquo;est peut-\u00eatre pas fini, car demain, contre l&rsquo;Inde, les Bleus auront toutes les chances d&rsquo;aller en finale.<\/p>\n<h3 style=\"text-align: justify;\">France Japon<\/h3>\n<p style=\"text-align: justify;\"><strong>Christo Popov <\/strong>21-17, 21-17 Kodai Naraoka<\/p>\n<p style=\"text-align: justify;\"><strong>Alex Lanier<\/strong> 21-15, 21-17 Yushi Tanaka<\/p>\n<p style=\"text-align: justify;\"><strong>Toma Junior Popov\u00a0<\/strong>21-19, 23-21 Koki Watanabe<\/p>\n","protected":false},"excerpt":{"rendered":"<p>THOMAS CUP DE BADMINTON 2026 &#8211; Incroyable performance des Bleus, qui seront pour la premi\u00e8re fois m\u00e9daill\u00e9s mondiaux par \u00e9quipes.\u00a0<\/p>\n","protected":false},"author":59,"featured_media":666782,"comment_status":"open","ping_status":"closed","sticky":false,"template":"","format":"standard","meta":{"_acf_changed":false,"_daextam_enable_autolinks":"1","footnotes":""},"categories":[13604],"tags":[26089,26088,16878,47216,22703,24,20080],"class_list":["post-666732","post","type-post","status-publish","format-standard","has-post-thumbnail","hentry","category-badminton","tag-alex-lanier","tag-badminton-francais","tag-breve","tag-championnats-du-monde-badminton","tag-christo-popov","tag-sport","tag-toma-junior-popov"],"acf":[],"yoast_head":"<!-- This site is optimized with the Yoast SEO Premium plugin v26.7 (Yoast SEO v26.7) - https:\/\/yoast.com\/wordpress\/plugins\/seo\/ -->\n<title>Les Bleus du badminton s&#039;offrent une premi\u00e8re demi-finale et une m\u00e9daille historiques en Thomas Cup !<\/title>\n<meta name=\"description\" content=\"THOMAS CUP DE BADMINTON 2026 - Incroyable performance des Bleus, qui seront pour la premi\u00e8re fois m\u00e9daill\u00e9s mondiaux par \u00e9quipes.\u00a0\" \/>\n<meta name=\"robots\" content=\"index, follow, max-snippet:-1, max-image-preview:large, max-video-preview:-1\" \/>\n<link rel=\"canonical\" href=\"https:\/\/dicodusport.fr\/blog\/les-bleus-du-badminton-soffrent-une-premiere-demi-finale-et-une-medaille-historiques-en-thomas-cup\/\" \/>\n<meta property=\"og:locale\" content=\"fr_FR\" \/>\n<meta property=\"og:type\" content=\"article\" \/>\n<meta property=\"og:title\" content=\"Les Bleus du badminton s&#039;offrent une premi\u00e8re demi-finale et une m\u00e9daille historiques en Thomas Cup !\" \/>\n<meta property=\"og:description\" content=\"THOMAS CUP DE BADMINTON 2026 - Incroyable performance des Bleus, qui seront pour la premi\u00e8re fois m\u00e9daill\u00e9s mondiaux par \u00e9quipes.\u00a0\" \/>\n<meta property=\"og:url\" content=\"https:\/\/dicodusport.fr\/blog\/les-bleus-du-badminton-soffrent-une-premiere-demi-finale-et-une-medaille-historiques-en-thomas-cup\/\" \/>\n<meta property=\"og:site_name\" content=\"Dicodusport\" \/>\n<meta property=\"article:publisher\" content=\"https:\/\/www.facebook.com\/dicodusport\" \/>\n<meta property=\"article:author\" content=\"https:\/\/www.facebook.com\/sebastien.gente\/\" \/>\n<meta property=\"article:published_time\" content=\"2026-05-01T19:30:07+00:00\" \/>\n<meta property=\"og:image\" content=\"https:\/\/dicodusport.fr\/blog\/wp-content\/uploads\/2026\/05\/Les-Bleus-du-badminton-soffrent-une-premiere-demi-finale-et-une-medaille-historiques-en-Thomas-Cup-.png\" \/>\n\t<meta property=\"og:image:width\" content=\"1200\" \/>\n\t<meta property=\"og:image:height\" content=\"674\" \/>\n\t<meta property=\"og:image:type\" content=\"image\/png\" \/>\n<meta name=\"author\" content=\"S\u00e9bastien Gente\" \/>\n<meta name=\"twitter:card\" content=\"summary_large_image\" \/>\n<meta name=\"twitter:title\" content=\"Les Bleus du badminton s&#039;offrent une premi\u00e8re demi-finale et une m\u00e9daille historiques en Thomas Cup !\" \/>\n<meta name=\"twitter:creator\" content=\"@https:\/\/twitter.com\/globulo24\" \/>\n<meta name=\"twitter:site\" content=\"@dicodusport\" \/>\n<script type=\"application\/ld+json\" class=\"yoast-schema-graph\">{\"@context\":\"https:\/\/schema.org\",\"@graph\":[{\"@type\":\"NewsArticle\",\"@id\":\"https:\/\/dicodusport.fr\/blog\/les-bleus-du-badminton-soffrent-une-premiere-demi-finale-et-une-medaille-historiques-en-thomas-cup\/#article\",\"isPartOf\":{\"@id\":\"https:\/\/dicodusport.fr\/blog\/les-bleus-du-badminton-soffrent-une-premiere-demi-finale-et-une-medaille-historiques-en-thomas-cup\/\"},\"author\":{\"name\":\"S\u00e9bastien Gente\",\"@id\":\"https:\/\/dicodusport.fr\/blog\/#\/schema\/person\/627966a6cde45dbd8c5e36ac85d783da\"},\"headline\":\"Les Bleus du badminton s&rsquo;offrent une premi\u00e8re demi-finale et une m\u00e9daille historiques en Thomas Cup !\",\"datePublished\":\"2026-05-01T19:30:07+00:00\",\"mainEntityOfPage\":{\"@id\":\"https:\/\/dicodusport.fr\/blog\/les-bleus-du-badminton-soffrent-une-premiere-demi-finale-et-une-medaille-historiques-en-thomas-cup\/\"},\"wordCount\":586,\"commentCount\":0,\"publisher\":{\"@id\":\"https:\/\/dicodusport.fr\/blog\/#organization\"},\"image\":{\"@id\":\"https:\/\/dicodusport.fr\/blog\/les-bleus-du-badminton-soffrent-une-premiere-demi-finale-et-une-medaille-historiques-en-thomas-cup\/#primaryimage\"},\"thumbnailUrl\":\"https:\/\/dicodusport.fr\/blog\/wp-content\/uploads\/2026\/05\/Les-Bleus-du-badminton-soffrent-une-premiere-demi-finale-et-une-medaille-historiques-en-Thomas-Cup-.png\",\"keywords\":[\"Alex Lanier\",\"badminton fran\u00e7ais\",\"br\u00e8ve\",\"championnats du monde badminton\",\"Christo Popov\",\"sport\",\"Toma Junior Popov\"],\"articleSection\":[\"Badminton\"],\"inLanguage\":\"fr-FR\",\"potentialAction\":[{\"@type\":\"CommentAction\",\"name\":\"Comment\",\"target\":[\"https:\/\/dicodusport.fr\/blog\/les-bleus-du-badminton-soffrent-une-premiere-demi-finale-et-une-medaille-historiques-en-thomas-cup\/#respond\"]}],\"copyrightYear\":\"2026\",\"copyrightHolder\":{\"@id\":\"https:\/\/dicodusport.fr\/blog\/#organization\"}},{\"@type\":\"WebPage\",\"@id\":\"https:\/\/dicodusport.fr\/blog\/les-bleus-du-badminton-soffrent-une-premiere-demi-finale-et-une-medaille-historiques-en-thomas-cup\/\",\"url\":\"https:\/\/dicodusport.fr\/blog\/les-bleus-du-badminton-soffrent-une-premiere-demi-finale-et-une-medaille-historiques-en-thomas-cup\/\",\"name\":\"Les Bleus du badminton s'offrent une premi\u00e8re demi-finale et une m\u00e9daille historiques en Thomas Cup !\",\"isPartOf\":{\"@id\":\"https:\/\/dicodusport.fr\/blog\/#website\"},\"primaryImageOfPage\":{\"@id\":\"https:\/\/dicodusport.fr\/blog\/les-bleus-du-badminton-soffrent-une-premiere-demi-finale-et-une-medaille-historiques-en-thomas-cup\/#primaryimage\"},\"image\":{\"@id\":\"https:\/\/dicodusport.fr\/blog\/les-bleus-du-badminton-soffrent-une-premiere-demi-finale-et-une-medaille-historiques-en-thomas-cup\/#primaryimage\"},\"thumbnailUrl\":\"https:\/\/dicodusport.fr\/blog\/wp-content\/uploads\/2026\/05\/Les-Bleus-du-badminton-soffrent-une-premiere-demi-finale-et-une-medaille-historiques-en-Thomas-Cup-.png\",\"datePublished\":\"2026-05-01T19:30:07+00:00\",\"description\":\"THOMAS CUP DE BADMINTON 2026 - Incroyable performance des Bleus, qui seront pour la premi\u00e8re fois m\u00e9daill\u00e9s mondiaux par \u00e9quipes.\u00a0\",\"breadcrumb\":{\"@id\":\"https:\/\/dicodusport.fr\/blog\/les-bleus-du-badminton-soffrent-une-premiere-demi-finale-et-une-medaille-historiques-en-thomas-cup\/#breadcrumb\"},\"inLanguage\":\"fr-FR\",\"potentialAction\":[{\"@type\":\"ReadAction\",\"target\":[\"https:\/\/dicodusport.fr\/blog\/les-bleus-du-badminton-soffrent-une-premiere-demi-finale-et-une-medaille-historiques-en-thomas-cup\/\"]}]},{\"@type\":\"ImageObject\",\"inLanguage\":\"fr-FR\",\"@id\":\"https:\/\/dicodusport.fr\/blog\/les-bleus-du-badminton-soffrent-une-premiere-demi-finale-et-une-medaille-historiques-en-thomas-cup\/#primaryimage\",\"url\":\"https:\/\/dicodusport.fr\/blog\/wp-content\/uploads\/2026\/05\/Les-Bleus-du-badminton-soffrent-une-premiere-demi-finale-et-une-medaille-historiques-en-Thomas-Cup-.png\",\"contentUrl\":\"https:\/\/dicodusport.fr\/blog\/wp-content\/uploads\/2026\/05\/Les-Bleus-du-badminton-soffrent-une-premiere-demi-finale-et-une-medaille-historiques-en-Thomas-Cup-.png\",\"width\":1200,\"height\":674,\"caption\":\"Les Bleus du badminton s'offrent une premi\u00e8re demi-finale et une m\u00e9daille historiques en Thomas Cup !\"},{\"@type\":\"BreadcrumbList\",\"@id\":\"https:\/\/dicodusport.fr\/blog\/les-bleus-du-badminton-soffrent-une-premiere-demi-finale-et-une-medaille-historiques-en-thomas-cup\/#breadcrumb\",\"itemListElement\":[{\"@type\":\"ListItem\",\"position\":1,\"name\":\"Accueil\",\"item\":\"https:\/\/dicodusport.fr\/blog\/\"},{\"@type\":\"ListItem\",\"position\":2,\"name\":\"Les Bleus du badminton s&rsquo;offrent une premi\u00e8re demi-finale et une m\u00e9daille historiques en Thomas Cup !\"}]},{\"@type\":\"WebSite\",\"@id\":\"https:\/\/dicodusport.fr\/blog\/#website\",\"url\":\"https:\/\/dicodusport.fr\/blog\/\",\"name\":\"Dicodusport\",\"description\":\"L&#039;encyclop\u00e9die de l&#039;actualit\u00e9 sportive\",\"publisher\":{\"@id\":\"https:\/\/dicodusport.fr\/blog\/#organization\"},\"potentialAction\":[{\"@type\":\"SearchAction\",\"target\":{\"@type\":\"EntryPoint\",\"urlTemplate\":\"https:\/\/dicodusport.fr\/blog\/?s={search_term_string}\"},\"query-input\":{\"@type\":\"PropertyValueSpecification\",\"valueRequired\":true,\"valueName\":\"search_term_string\"}}],\"inLanguage\":\"fr-FR\"},{\"@type\":\"NewsMediaOrganization\",\"@id\":\"https:\/\/dicodusport.fr\/blog\/#organization\",\"name\":\"Dicodusport\",\"url\":\"https:\/\/dicodusport.fr\/blog\/\",\"logo\":{\"@type\":\"ImageObject\",\"inLanguage\":\"fr-FR\",\"@id\":\"https:\/\/dicodusport.fr\/blog\/#\/schema\/logo\/image\/\",\"url\":\"https:\/\/dicodusport.fr\/blog\/wp-content\/uploads\/2020\/06\/cropped-LOGO-DICODUSPORT-2020-SANS-FOND-SANS-TEXTE.png\",\"contentUrl\":\"https:\/\/dicodusport.fr\/blog\/wp-content\/uploads\/2020\/06\/cropped-LOGO-DICODUSPORT-2020-SANS-FOND-SANS-TEXTE.png\",\"width\":512,\"height\":512,\"caption\":\"Dicodusport\"},\"image\":{\"@id\":\"https:\/\/dicodusport.fr\/blog\/#\/schema\/logo\/image\/\"},\"sameAs\":[\"https:\/\/www.facebook.com\/dicodusport\",\"https:\/\/x.com\/dicodusport\",\"https:\/\/www.instagram.com\/dicodusport\/\",\"https:\/\/www.youtube.com\/channel\/UC7V2KZ5sd3htJivAbA4ZG3w\"],\"description\":\"Dicodusport est l'encyclop\u00e9die de l'actualit\u00e9 sportive.\",\"email\":\"bonjour@dicodusport.fr\",\"legalName\":\"DICODUSPORT\",\"foundingDate\":\"2018-01-14\",\"vatID\":\"FR71834470973\",\"taxID\":\"83447097300043\",\"numberOfEmployees\":{\"@type\":\"QuantitativeValue\",\"minValue\":\"1\",\"maxValue\":\"10\"}},{\"@type\":\"Person\",\"@id\":\"https:\/\/dicodusport.fr\/blog\/#\/schema\/person\/627966a6cde45dbd8c5e36ac85d783da\",\"name\":\"S\u00e9bastien Gente\",\"image\":{\"@type\":\"ImageObject\",\"inLanguage\":\"fr-FR\",\"@id\":\"https:\/\/dicodusport.fr\/blog\/#\/schema\/person\/image\/\",\"url\":\"https:\/\/dicodusport.fr\/blog\/wp-content\/uploads\/2021\/09\/1510990_10205810251400683_4124423575079401707_n-150x150.jpg\",\"contentUrl\":\"https:\/\/dicodusport.fr\/blog\/wp-content\/uploads\/2021\/09\/1510990_10205810251400683_4124423575079401707_n-150x150.jpg\",\"caption\":\"S\u00e9bastien Gente\"},\"description\":\"John Stockton, Gianni Bugno, Zinedine Zidane, Steffi Graf, Frode Andresen, St\u00e9phane Stoecklin, Davis Kamoga, Primoz Peterka, Werner Schlager et Aur\u00e9lien Rougerie. Point commun entre ces sportifs? Ils m'ont fait r\u00eaver et ont berc\u00e9 mon adolescence. Je suis un fondu de sports et j'essaie de retranscrire ma passion \u00e0 travers mes articles. Originaire du P\u00e9rigord, ma passion pour les Girondins, les Jaunards et les Jazzmen transpire dans mes \u00e9crits. \u00c0 Dicodusport depuis 2021, je d\u00e9niche les sports m\u00e9connus dans lesquels la France brille, et il y en a !\",\"sameAs\":[\"https:\/\/www.facebook.com\/sebastien.gente\/\",\"https:\/\/www.instagram.com\/sebgente\/\",\"https:\/\/www.linkedin.com\/in\/sbastien-gente-a29583169\/\",\"https:\/\/x.com\/https:\/\/twitter.com\/globulo24\",\"SebastienGente\"],\"worksFor\":\"S\u00e9bastien GENTE\",\"url\":\"https:\/\/dicodusport.fr\/blog\/author\/sebastiengente\/\"}]}<\/script>\n<!-- \/ Yoast SEO Premium plugin. -->","yoast_head_json":{"title":"Les Bleus du badminton s'offrent une premi\u00e8re demi-finale et une m\u00e9daille historiques en Thomas Cup !","description":"THOMAS CUP DE BADMINTON 2026 - Incroyable performance des Bleus, qui seront pour la premi\u00e8re fois m\u00e9daill\u00e9s mondiaux par \u00e9quipes.\u00a0","robots":{"index":"index","follow":"follow","max-snippet":"max-snippet:-1","max-image-preview":"max-image-preview:large","max-video-preview":"max-video-preview:-1"},"canonical":"https:\/\/dicodusport.fr\/blog\/les-bleus-du-badminton-soffrent-une-premiere-demi-finale-et-une-medaille-historiques-en-thomas-cup\/","og_locale":"fr_FR","og_type":"article","og_title":"Les Bleus du badminton s'offrent une premi\u00e8re demi-finale et une m\u00e9daille historiques en Thomas Cup !","og_description":"THOMAS CUP DE BADMINTON 2026 - Incroyable performance des Bleus, qui seront pour la premi\u00e8re fois m\u00e9daill\u00e9s mondiaux par \u00e9quipes.\u00a0","og_url":"https:\/\/dicodusport.fr\/blog\/les-bleus-du-badminton-soffrent-une-premiere-demi-finale-et-une-medaille-historiques-en-thomas-cup\/","og_site_name":"Dicodusport","article_publisher":"https:\/\/www.facebook.com\/dicodusport","article_author":"https:\/\/www.facebook.com\/sebastien.gente\/","article_published_time":"2026-05-01T19:30:07+00:00","og_image":[{"width":1200,"height":674,"url":"https:\/\/dicodusport.fr\/blog\/wp-content\/uploads\/2026\/05\/Les-Bleus-du-badminton-soffrent-une-premiere-demi-finale-et-une-medaille-historiques-en-Thomas-Cup-.png","type":"image\/png"}],"author":"S\u00e9bastien Gente","twitter_card":"summary_large_image","twitter_title":"Les Bleus du badminton s'offrent une premi\u00e8re demi-finale et une m\u00e9daille historiques en Thomas Cup !","twitter_creator":"@https:\/\/twitter.com\/globulo24","twitter_site":"@dicodusport","schema":{"@context":"https:\/\/schema.org","@graph":[{"@type":"NewsArticle","@id":"https:\/\/dicodusport.fr\/blog\/les-bleus-du-badminton-soffrent-une-premiere-demi-finale-et-une-medaille-historiques-en-thomas-cup\/#article","isPartOf":{"@id":"https:\/\/dicodusport.fr\/blog\/les-bleus-du-badminton-soffrent-une-premiere-demi-finale-et-une-medaille-historiques-en-thomas-cup\/"},"author":{"name":"S\u00e9bastien Gente","@id":"https:\/\/dicodusport.fr\/blog\/#\/schema\/person\/627966a6cde45dbd8c5e36ac85d783da"},"headline":"Les Bleus du badminton s&rsquo;offrent une premi\u00e8re demi-finale et une m\u00e9daille historiques en Thomas Cup !","datePublished":"2026-05-01T19:30:07+00:00","mainEntityOfPage":{"@id":"https:\/\/dicodusport.fr\/blog\/les-bleus-du-badminton-soffrent-une-premiere-demi-finale-et-une-medaille-historiques-en-thomas-cup\/"},"wordCount":586,"commentCount":0,"publisher":{"@id":"https:\/\/dicodusport.fr\/blog\/#organization"},"image":{"@id":"https:\/\/dicodusport.fr\/blog\/les-bleus-du-badminton-soffrent-une-premiere-demi-finale-et-une-medaille-historiques-en-thomas-cup\/#primaryimage"},"thumbnailUrl":"https:\/\/dicodusport.fr\/blog\/wp-content\/uploads\/2026\/05\/Les-Bleus-du-badminton-soffrent-une-premiere-demi-finale-et-une-medaille-historiques-en-Thomas-Cup-.png","keywords":["Alex Lanier","badminton fran\u00e7ais","br\u00e8ve","championnats du monde badminton","Christo Popov","sport","Toma Junior Popov"],"articleSection":["Badminton"],"inLanguage":"fr-FR","potentialAction":[{"@type":"CommentAction","name":"Comment","target":["https:\/\/dicodusport.fr\/blog\/les-bleus-du-badminton-soffrent-une-premiere-demi-finale-et-une-medaille-historiques-en-thomas-cup\/#respond"]}],"copyrightYear":"2026","copyrightHolder":{"@id":"https:\/\/dicodusport.fr\/blog\/#organization"}},{"@type":"WebPage","@id":"https:\/\/dicodusport.fr\/blog\/les-bleus-du-badminton-soffrent-une-premiere-demi-finale-et-une-medaille-historiques-en-thomas-cup\/","url":"https:\/\/dicodusport.fr\/blog\/les-bleus-du-badminton-soffrent-une-premiere-demi-finale-et-une-medaille-historiques-en-thomas-cup\/","name":"Les Bleus du badminton s'offrent une premi\u00e8re demi-finale et une m\u00e9daille historiques en Thomas Cup !","isPartOf":{"@id":"https:\/\/dicodusport.fr\/blog\/#website"},"primaryImageOfPage":{"@id":"https:\/\/dicodusport.fr\/blog\/les-bleus-du-badminton-soffrent-une-premiere-demi-finale-et-une-medaille-historiques-en-thomas-cup\/#primaryimage"},"image":{"@id":"https:\/\/dicodusport.fr\/blog\/les-bleus-du-badminton-soffrent-une-premiere-demi-finale-et-une-medaille-historiques-en-thomas-cup\/#primaryimage"},"thumbnailUrl":"https:\/\/dicodusport.fr\/blog\/wp-content\/uploads\/2026\/05\/Les-Bleus-du-badminton-soffrent-une-premiere-demi-finale-et-une-medaille-historiques-en-Thomas-Cup-.png","datePublished":"2026-05-01T19:30:07+00:00","description":"THOMAS CUP DE BADMINTON 2026 - Incroyable performance des Bleus, qui seront pour la premi\u00e8re fois m\u00e9daill\u00e9s mondiaux par \u00e9quipes.\u00a0","breadcrumb":{"@id":"https:\/\/dicodusport.fr\/blog\/les-bleus-du-badminton-soffrent-une-premiere-demi-finale-et-une-medaille-historiques-en-thomas-cup\/#breadcrumb"},"inLanguage":"fr-FR","potentialAction":[{"@type":"ReadAction","target":["https:\/\/dicodusport.fr\/blog\/les-bleus-du-badminton-soffrent-une-premiere-demi-finale-et-une-medaille-historiques-en-thomas-cup\/"]}]},{"@type":"ImageObject","inLanguage":"fr-FR","@id":"https:\/\/dicodusport.fr\/blog\/les-bleus-du-badminton-soffrent-une-premiere-demi-finale-et-une-medaille-historiques-en-thomas-cup\/#primaryimage","url":"https:\/\/dicodusport.fr\/blog\/wp-content\/uploads\/2026\/05\/Les-Bleus-du-badminton-soffrent-une-premiere-demi-finale-et-une-medaille-historiques-en-Thomas-Cup-.png","contentUrl":"https:\/\/dicodusport.fr\/blog\/wp-content\/uploads\/2026\/05\/Les-Bleus-du-badminton-soffrent-une-premiere-demi-finale-et-une-medaille-historiques-en-Thomas-Cup-.png","width":1200,"height":674,"caption":"Les Bleus du badminton s'offrent une premi\u00e8re demi-finale et une m\u00e9daille historiques en Thomas Cup !"},{"@type":"BreadcrumbList","@id":"https:\/\/dicodusport.fr\/blog\/les-bleus-du-badminton-soffrent-une-premiere-demi-finale-et-une-medaille-historiques-en-thomas-cup\/#breadcrumb","itemListElement":[{"@type":"ListItem","position":1,"name":"Accueil","item":"https:\/\/dicodusport.fr\/blog\/"},{"@type":"ListItem","position":2,"name":"Les Bleus du badminton s&rsquo;offrent une premi\u00e8re demi-finale et une m\u00e9daille historiques en Thomas Cup !"}]},{"@type":"WebSite","@id":"https:\/\/dicodusport.fr\/blog\/#website","url":"https:\/\/dicodusport.fr\/blog\/","name":"Dicodusport","description":"L&#039;encyclop\u00e9die de l&#039;actualit\u00e9 sportive","publisher":{"@id":"https:\/\/dicodusport.fr\/blog\/#organization"},"potentialAction":[{"@type":"SearchAction","target":{"@type":"EntryPoint","urlTemplate":"https:\/\/dicodusport.fr\/blog\/?s={search_term_string}"},"query-input":{"@type":"PropertyValueSpecification","valueRequired":true,"valueName":"search_term_string"}}],"inLanguage":"fr-FR"},{"@type":"NewsMediaOrganization","@id":"https:\/\/dicodusport.fr\/blog\/#organization","name":"Dicodusport","url":"https:\/\/dicodusport.fr\/blog\/","logo":{"@type":"ImageObject","inLanguage":"fr-FR","@id":"https:\/\/dicodusport.fr\/blog\/#\/schema\/logo\/image\/","url":"https:\/\/dicodusport.fr\/blog\/wp-content\/uploads\/2020\/06\/cropped-LOGO-DICODUSPORT-2020-SANS-FOND-SANS-TEXTE.png","contentUrl":"https:\/\/dicodusport.fr\/blog\/wp-content\/uploads\/2020\/06\/cropped-LOGO-DICODUSPORT-2020-SANS-FOND-SANS-TEXTE.png","width":512,"height":512,"caption":"Dicodusport"},"image":{"@id":"https:\/\/dicodusport.fr\/blog\/#\/schema\/logo\/image\/"},"sameAs":["https:\/\/www.facebook.com\/dicodusport","https:\/\/x.com\/dicodusport","https:\/\/www.instagram.com\/dicodusport\/","https:\/\/www.youtube.com\/channel\/UC7V2KZ5sd3htJivAbA4ZG3w"],"description":"Dicodusport est l'encyclop\u00e9die de l'actualit\u00e9 sportive.","email":"bonjour@dicodusport.fr","legalName":"DICODUSPORT","foundingDate":"2018-01-14","vatID":"FR71834470973","taxID":"83447097300043","numberOfEmployees":{"@type":"QuantitativeValue","minValue":"1","maxValue":"10"}},{"@type":"Person","@id":"https:\/\/dicodusport.fr\/blog\/#\/schema\/person\/627966a6cde45dbd8c5e36ac85d783da","name":"S\u00e9bastien Gente","image":{"@type":"ImageObject","inLanguage":"fr-FR","@id":"https:\/\/dicodusport.fr\/blog\/#\/schema\/person\/image\/","url":"https:\/\/dicodusport.fr\/blog\/wp-content\/uploads\/2021\/09\/1510990_10205810251400683_4124423575079401707_n-150x150.jpg","contentUrl":"https:\/\/dicodusport.fr\/blog\/wp-content\/uploads\/2021\/09\/1510990_10205810251400683_4124423575079401707_n-150x150.jpg","caption":"S\u00e9bastien Gente"},"description":"John Stockton, Gianni Bugno, Zinedine Zidane, Steffi Graf, Frode Andresen, St\u00e9phane Stoecklin, Davis Kamoga, Primoz Peterka, Werner Schlager et Aur\u00e9lien Rougerie. Point commun entre ces sportifs? Ils m'ont fait r\u00eaver et ont berc\u00e9 mon adolescence. Je suis un fondu de sports et j'essaie de retranscrire ma passion \u00e0 travers mes articles. Originaire du P\u00e9rigord, ma passion pour les Girondins, les Jaunards et les Jazzmen transpire dans mes \u00e9crits. \u00c0 Dicodusport depuis 2021, je d\u00e9niche les sports m\u00e9connus dans lesquels la France brille, et il y en a !","sameAs":["https:\/\/www.facebook.com\/sebastien.gente\/","https:\/\/www.instagram.com\/sebgente\/","https:\/\/www.linkedin.com\/in\/sbastien-gente-a29583169\/","https:\/\/x.com\/https:\/\/twitter.com\/globulo24","SebastienGente"],"worksFor":"S\u00e9bastien GENTE","url":"https:\/\/dicodusport.fr\/blog\/author\/sebastiengente\/"}]}},"_links":{"self":[{"href":"https:\/\/dicodusport.fr\/blog\/wp-json\/wp\/v2\/posts\/666732","targetHints":{"allow":["GET"]}}],"collection":[{"href":"https:\/\/dicodusport.fr\/blog\/wp-json\/wp\/v2\/posts"}],"about":[{"href":"https:\/\/dicodusport.fr\/blog\/wp-json\/wp\/v2\/types\/post"}],"author":[{"embeddable":true,"href":"https:\/\/dicodusport.fr\/blog\/wp-json\/wp\/v2\/users\/59"}],"replies":[{"embeddable":true,"href":"https:\/\/dicodusport.fr\/blog\/wp-json\/wp\/v2\/comments?post=666732"}],"version-history":[{"count":1,"href":"https:\/\/dicodusport.fr\/blog\/wp-json\/wp\/v2\/posts\/666732\/revisions"}],"predecessor-version":[{"id":666783,"href":"https:\/\/dicodusport.fr\/blog\/wp-json\/wp\/v2\/posts\/666732\/revisions\/666783"}],"wp:featuredmedia":[{"embeddable":true,"href":"https:\/\/dicodusport.fr\/blog\/wp-json\/wp\/v2\/media\/666782"}],"wp:attachment":[{"href":"https:\/\/dicodusport.fr\/blog\/wp-json\/wp\/v2\/media?parent=666732"}],"wp:term":[{"taxonomy":"category","embeddable":true,"href":"https:\/\/dicodusport.fr\/blog\/wp-json\/wp\/v2\/categories?post=666732"},{"taxonomy":"post_tag","embeddable":true,"href":"https:\/\/dicodusport.fr\/blog\/wp-json\/wp\/v2\/tags?post=666732"}],"curies":[{"name":"wp","href":"https:\/\/api.w.org\/{rel}","templated":true}]}}