{"id":666848,"date":"2026-05-02T18:49:08","date_gmt":"2026-05-02T16:49:08","guid":{"rendered":"https:\/\/dicodusport.fr\/blog\/?p=666848&#038;preview=true&#038;preview_id=666848"},"modified":"2026-05-02T18:57:52","modified_gmt":"2026-05-02T16:57:52","slug":"guillaume-toucoullet-sacre-champion-deurope-en-para-tir-a-larc-3-medailles-pour-les-bleus","status":"publish","type":"post","link":"https:\/\/dicodusport.fr\/blog\/guillaume-toucoullet-sacre-champion-deurope-en-para-tir-a-larc-3-medailles-pour-les-bleus\/","title":{"rendered":"Guillaume Toucoullet sacr\u00e9 champion d&rsquo;Europe en para tir \u00e0 l&rsquo;arc, 3 m\u00e9dailles pour les Bleus"},"content":{"rendered":"<p style=\"text-align: justify;\"><strong><em>CHAMPIONNATS D&rsquo;EUROPE DE PARA TIR \u00c0 L&rsquo;ARC 2026 &#8211; En cumulant 3 m\u00e9dailles, dont l&rsquo;or pour Guillaume Toucoullet, les Bleus ont r\u00e9ussi leur comp\u00e9tition \u00e0 Rome.<\/em><\/strong><\/p>\n<p style=\"text-align: justify;\">Cette semaine, l&rsquo;<strong>\u00e9quipe de France<\/strong> de <strong>para tir \u00e0 l&rsquo;arc<\/strong> \u0153uvrait \u00e0 Rome dans le cadre des <strong>championnats d&rsquo;Europe<\/strong>. Disposant d&rsquo;une d\u00e9l\u00e9gation de six \u00e9l\u00e9ments, dont deux n\u00e9ophytes \u00e0 ce niveau (J\u00e9r\u00e9my Chardigny et St\u00e9phane Vaudier), les Bleus ont r\u00e9pondu pr\u00e9sents en terres italiennes en accrochant un total de trois podiums.<\/p>\n<h2 style=\"text-align: justify;\">Guillaume Toucoullet sacr\u00e9, Maxime Gu\u00e9rin se contente de l&rsquo;argent<\/h2>\n<p style=\"text-align: justify;\">D\u00e8s le vendredi, <strong>Thierry Joussaume <\/strong>et <strong>Maxime Gu\u00e9rin<\/strong> ont ouvert le palmar\u00e8s en remportant leur finale pour le <strong>bronze<\/strong> en <strong>arc \u00e0 poulies par \u00e9quipes<\/strong>. Une belle performance, d&rsquo;autant plus qu&rsquo;il s&rsquo;agit de la seule m\u00e9daille par \u00e9quipes remport\u00e9e par les Bleus cette semaine. En individuel, <strong>Julie Rigault-Chupin<\/strong> a \u00e9t\u00e9 la premi\u00e8re \u00e0 disposer d&rsquo;une opportunit\u00e9. Mais contrairement \u00e0 ses co\u00e9quipiers masculins, la Fran\u00e7aise a \u00e9chou\u00e9 au pied du podium, toujours en arc \u00e0 poulies.<\/p>\n<p style=\"text-align: justify;\">En revanche, le jour de gloire est arriv\u00e9 samedi. Faisant partie des incontournables du clan tricolore depuis plusieurs ann\u00e9es, <strong>Guillaume Toucoullet<\/strong> a atteint le Graal. M\u00e9daill\u00e9 d&rsquo;argent \u00e0 la fois sur la sc\u00e8ne europ\u00e9enne et continentale en <strong>arc classique<\/strong>, l&rsquo;archer a enfin mis la main sur<strong> l&rsquo;or<\/strong> en battant en finale l&rsquo;Ukrainien Ruslan Tsymbaliuk. De quoi offrir le seul titre fran\u00e7ais de la comp\u00e9tition.<\/p>\n<p style=\"text-align: justify;\">\u00c9galement engag\u00e9 en finale individuelle en arc \u00e0 poulies, <strong>Maxime Gu\u00e9rin<\/strong> s&rsquo;est lui inclin\u00e9 cet apr\u00e8s-midi face au Finlandais Jere Forsbeg. L&rsquo;archer charentais devra donc patienter pour s&rsquo;offrir un deuxi\u00e8me titre, mais il d\u00e9croche l\u00e0 une belle <strong>m\u00e9daille d<\/strong>&lsquo;<strong>argent<\/strong> europ\u00e9enne, <strong>sa 5\u00e8me breloque en carri\u00e8re<\/strong>. L&rsquo;\u00e9quipe de France repart donc avec les trois m\u00e9taux de ces championnats d&rsquo;Europe. Une belle r\u00e9colte pour cette \u00e9quipe m\u00e9langeant habitu\u00e9s et n\u00e9ophytes \u00e0 ce niveau.<\/p>\n<p>\u00a0<iframe loading=\"lazy\" style=\"border: none; overflow: hidden;\" src=\"https:\/\/www.facebook.com\/plugins\/video.php?height=476&amp;href=https%3A%2F%2Fwww.facebook.com%2Freel%2F2179306526166904%2F&amp;show_text=true&amp;width=476&amp;t=0\" width=\"476\" height=\"591\" frameborder=\"0\" scrolling=\"no\" allowfullscreen=\"allowfullscreen\"><\/iframe><\/p>\n<div id=\"gtx-trans\" style=\"position: absolute; left: -14px; top: 40.9091px;\">\n<div class=\"gtx-trans-icon\"><\/div>\n<\/div>\n","protected":false},"excerpt":{"rendered":"<p>CHAMPIONNATS D&rsquo;EUROPE DE PARA TIR \u00c0 L&rsquo;ARC 2026 &#8211; En cumulant 3 m\u00e9dailles, dont l&rsquo;or pour Guillaume Toucoullet, les Bleus ont r\u00e9ussi leur comp\u00e9tition \u00e0 Rome.<\/p>\n","protected":false},"author":55,"featured_media":667061,"comment_status":"open","ping_status":"closed","sticky":false,"template":"","format":"standard","meta":{"_acf_changed":false,"_daextam_enable_autolinks":"1","footnotes":""},"categories":[5753,12731],"tags":[16878,4799,47493],"class_list":["post-666848","post","type-post","status-publish","format-standard","has-post-thumbnail","hentry","category-handisport","category-tir-a-l-arc","tag-breve","tag-championnats-deurope","tag-para-tir-a-larc"],"acf":[],"yoast_head":"<!-- This site is optimized with the Yoast SEO Premium plugin v26.7 (Yoast SEO v26.7) - https:\/\/yoast.com\/wordpress\/plugins\/seo\/ -->\n<title>Guillaume Toucoullet sacr\u00e9 champion d&#039;Europe en para tir \u00e0 l&#039;arc, 3 m\u00e9dailles pour les Bleus<\/title>\n<meta name=\"description\" content=\"CHAMPIONNATS D&#039;EUROPE DE PARA TIR \u00c0 L&#039;ARC 2026 - En cumulant 3 m\u00e9dailles, dont l&#039;or pour Guillaume Toucoullet, les Bleus ont r\u00e9ussi leur comp\u00e9tition \u00e0 Rome.\" \/>\n<meta name=\"robots\" content=\"index, follow, max-snippet:-1, max-image-preview:large, max-video-preview:-1\" \/>\n<link rel=\"canonical\" href=\"https:\/\/dicodusport.fr\/blog\/guillaume-toucoullet-sacre-champion-deurope-en-para-tir-a-larc-3-medailles-pour-les-bleus\/\" \/>\n<meta property=\"og:locale\" content=\"fr_FR\" \/>\n<meta property=\"og:type\" content=\"article\" \/>\n<meta property=\"og:title\" content=\"Guillaume Toucoullet sacr\u00e9 champion d&#039;Europe en para tir \u00e0 l&#039;arc, 3 m\u00e9dailles pour les Bleus\" \/>\n<meta property=\"og:description\" content=\"CHAMPIONNATS D&#039;EUROPE DE PARA TIR \u00c0 L&#039;ARC 2026 - En cumulant 3 m\u00e9dailles, dont l&#039;or pour Guillaume Toucoullet, les Bleus ont r\u00e9ussi leur comp\u00e9tition \u00e0 Rome.\" \/>\n<meta property=\"og:url\" content=\"https:\/\/dicodusport.fr\/blog\/guillaume-toucoullet-sacre-champion-deurope-en-para-tir-a-larc-3-medailles-pour-les-bleus\/\" \/>\n<meta property=\"og:site_name\" content=\"Dicodusport\" \/>\n<meta property=\"article:publisher\" content=\"https:\/\/www.facebook.com\/dicodusport\" \/>\n<meta property=\"article:published_time\" content=\"2026-05-02T16:49:08+00:00\" \/>\n<meta property=\"article:modified_time\" content=\"2026-05-02T16:57:52+00:00\" \/>\n<meta property=\"og:image\" content=\"https:\/\/dicodusport.fr\/blog\/wp-content\/uploads\/2026\/05\/Guillaume-Toucoullet-sacre-champion-dEurope-en-para-tir-a-larc-3-medailles-pour-les-Bleus.png\" \/>\n\t<meta property=\"og:image:width\" content=\"1200\" \/>\n\t<meta property=\"og:image:height\" content=\"674\" \/>\n\t<meta property=\"og:image:type\" content=\"image\/png\" \/>\n<meta name=\"author\" content=\"Maxime Cazenave\" \/>\n<meta name=\"twitter:card\" content=\"summary_large_image\" \/>\n<meta name=\"twitter:title\" content=\"Guillaume Toucoullet sacr\u00e9 champion d&#039;Europe en para tir \u00e0 l&#039;arc, 3 m\u00e9dailles pour les Bleus\" \/>\n<meta name=\"twitter:creator\" content=\"@https:\/\/twitter.com\/Maxime_Caze\" \/>\n<meta name=\"twitter:site\" content=\"@dicodusport\" \/>\n<script type=\"application\/ld+json\" class=\"yoast-schema-graph\">{\"@context\":\"https:\/\/schema.org\",\"@graph\":[{\"@type\":\"NewsArticle\",\"@id\":\"https:\/\/dicodusport.fr\/blog\/guillaume-toucoullet-sacre-champion-deurope-en-para-tir-a-larc-3-medailles-pour-les-bleus\/#article\",\"isPartOf\":{\"@id\":\"https:\/\/dicodusport.fr\/blog\/guillaume-toucoullet-sacre-champion-deurope-en-para-tir-a-larc-3-medailles-pour-les-bleus\/\"},\"author\":{\"name\":\"Maxime Cazenave\",\"@id\":\"https:\/\/dicodusport.fr\/blog\/#\/schema\/person\/37def232098a7a5cbab3974a3690abb0\"},\"headline\":\"Guillaume Toucoullet sacr\u00e9 champion d&rsquo;Europe en para tir \u00e0 l&rsquo;arc, 3 m\u00e9dailles pour les Bleus\",\"datePublished\":\"2026-05-02T16:49:08+00:00\",\"dateModified\":\"2026-05-02T16:57:52+00:00\",\"mainEntityOfPage\":{\"@id\":\"https:\/\/dicodusport.fr\/blog\/guillaume-toucoullet-sacre-champion-deurope-en-para-tir-a-larc-3-medailles-pour-les-bleus\/\"},\"wordCount\":359,\"commentCount\":0,\"publisher\":{\"@id\":\"https:\/\/dicodusport.fr\/blog\/#organization\"},\"image\":{\"@id\":\"https:\/\/dicodusport.fr\/blog\/guillaume-toucoullet-sacre-champion-deurope-en-para-tir-a-larc-3-medailles-pour-les-bleus\/#primaryimage\"},\"thumbnailUrl\":\"https:\/\/dicodusport.fr\/blog\/wp-content\/uploads\/2026\/05\/Guillaume-Toucoullet-sacre-champion-dEurope-en-para-tir-a-larc-3-medailles-pour-les-Bleus.png\",\"keywords\":[\"br\u00e8ve\",\"Championnats d'Europe\",\"para tir \u00e0 l'arc\"],\"articleSection\":[\"Handisport\",\"Tir \u00e0 l'arc\"],\"inLanguage\":\"fr-FR\",\"potentialAction\":[{\"@type\":\"CommentAction\",\"name\":\"Comment\",\"target\":[\"https:\/\/dicodusport.fr\/blog\/guillaume-toucoullet-sacre-champion-deurope-en-para-tir-a-larc-3-medailles-pour-les-bleus\/#respond\"]}],\"copyrightYear\":\"2026\",\"copyrightHolder\":{\"@id\":\"https:\/\/dicodusport.fr\/blog\/#organization\"}},{\"@type\":\"WebPage\",\"@id\":\"https:\/\/dicodusport.fr\/blog\/guillaume-toucoullet-sacre-champion-deurope-en-para-tir-a-larc-3-medailles-pour-les-bleus\/\",\"url\":\"https:\/\/dicodusport.fr\/blog\/guillaume-toucoullet-sacre-champion-deurope-en-para-tir-a-larc-3-medailles-pour-les-bleus\/\",\"name\":\"Guillaume Toucoullet sacr\u00e9 champion d'Europe en para tir \u00e0 l'arc, 3 m\u00e9dailles pour les Bleus\",\"isPartOf\":{\"@id\":\"https:\/\/dicodusport.fr\/blog\/#website\"},\"primaryImageOfPage\":{\"@id\":\"https:\/\/dicodusport.fr\/blog\/guillaume-toucoullet-sacre-champion-deurope-en-para-tir-a-larc-3-medailles-pour-les-bleus\/#primaryimage\"},\"image\":{\"@id\":\"https:\/\/dicodusport.fr\/blog\/guillaume-toucoullet-sacre-champion-deurope-en-para-tir-a-larc-3-medailles-pour-les-bleus\/#primaryimage\"},\"thumbnailUrl\":\"https:\/\/dicodusport.fr\/blog\/wp-content\/uploads\/2026\/05\/Guillaume-Toucoullet-sacre-champion-dEurope-en-para-tir-a-larc-3-medailles-pour-les-Bleus.png\",\"datePublished\":\"2026-05-02T16:49:08+00:00\",\"dateModified\":\"2026-05-02T16:57:52+00:00\",\"description\":\"CHAMPIONNATS D'EUROPE DE PARA TIR \u00c0 L'ARC 2026 - En cumulant 3 m\u00e9dailles, dont l'or pour Guillaume Toucoullet, les Bleus ont r\u00e9ussi leur comp\u00e9tition \u00e0 Rome.\",\"breadcrumb\":{\"@id\":\"https:\/\/dicodusport.fr\/blog\/guillaume-toucoullet-sacre-champion-deurope-en-para-tir-a-larc-3-medailles-pour-les-bleus\/#breadcrumb\"},\"inLanguage\":\"fr-FR\",\"potentialAction\":[{\"@type\":\"ReadAction\",\"target\":[\"https:\/\/dicodusport.fr\/blog\/guillaume-toucoullet-sacre-champion-deurope-en-para-tir-a-larc-3-medailles-pour-les-bleus\/\"]}]},{\"@type\":\"ImageObject\",\"inLanguage\":\"fr-FR\",\"@id\":\"https:\/\/dicodusport.fr\/blog\/guillaume-toucoullet-sacre-champion-deurope-en-para-tir-a-larc-3-medailles-pour-les-bleus\/#primaryimage\",\"url\":\"https:\/\/dicodusport.fr\/blog\/wp-content\/uploads\/2026\/05\/Guillaume-Toucoullet-sacre-champion-dEurope-en-para-tir-a-larc-3-medailles-pour-les-Bleus.png\",\"contentUrl\":\"https:\/\/dicodusport.fr\/blog\/wp-content\/uploads\/2026\/05\/Guillaume-Toucoullet-sacre-champion-dEurope-en-para-tir-a-larc-3-medailles-pour-les-Bleus.png\",\"width\":1200,\"height\":674,\"caption\":\"Guillaume Toucoullet sacr\u00e9 champion d'Europe en para tir \u00e0 l'arc, 3 m\u00e9dailles pour les Bleus\"},{\"@type\":\"BreadcrumbList\",\"@id\":\"https:\/\/dicodusport.fr\/blog\/guillaume-toucoullet-sacre-champion-deurope-en-para-tir-a-larc-3-medailles-pour-les-bleus\/#breadcrumb\",\"itemListElement\":[{\"@type\":\"ListItem\",\"position\":1,\"name\":\"Accueil\",\"item\":\"https:\/\/dicodusport.fr\/blog\/\"},{\"@type\":\"ListItem\",\"position\":2,\"name\":\"Guillaume Toucoullet sacr\u00e9 champion d&rsquo;Europe en para tir \u00e0 l&rsquo;arc, 3 m\u00e9dailles pour les Bleus\"}]},{\"@type\":\"WebSite\",\"@id\":\"https:\/\/dicodusport.fr\/blog\/#website\",\"url\":\"https:\/\/dicodusport.fr\/blog\/\",\"name\":\"Dicodusport\",\"description\":\"L&#039;encyclop\u00e9die de l&#039;actualit\u00e9 sportive\",\"publisher\":{\"@id\":\"https:\/\/dicodusport.fr\/blog\/#organization\"},\"potentialAction\":[{\"@type\":\"SearchAction\",\"target\":{\"@type\":\"EntryPoint\",\"urlTemplate\":\"https:\/\/dicodusport.fr\/blog\/?s={search_term_string}\"},\"query-input\":{\"@type\":\"PropertyValueSpecification\",\"valueRequired\":true,\"valueName\":\"search_term_string\"}}],\"inLanguage\":\"fr-FR\"},{\"@type\":\"NewsMediaOrganization\",\"@id\":\"https:\/\/dicodusport.fr\/blog\/#organization\",\"name\":\"Dicodusport\",\"url\":\"https:\/\/dicodusport.fr\/blog\/\",\"logo\":{\"@type\":\"ImageObject\",\"inLanguage\":\"fr-FR\",\"@id\":\"https:\/\/dicodusport.fr\/blog\/#\/schema\/logo\/image\/\",\"url\":\"https:\/\/dicodusport.fr\/blog\/wp-content\/uploads\/2020\/06\/cropped-LOGO-DICODUSPORT-2020-SANS-FOND-SANS-TEXTE.png\",\"contentUrl\":\"https:\/\/dicodusport.fr\/blog\/wp-content\/uploads\/2020\/06\/cropped-LOGO-DICODUSPORT-2020-SANS-FOND-SANS-TEXTE.png\",\"width\":512,\"height\":512,\"caption\":\"Dicodusport\"},\"image\":{\"@id\":\"https:\/\/dicodusport.fr\/blog\/#\/schema\/logo\/image\/\"},\"sameAs\":[\"https:\/\/www.facebook.com\/dicodusport\",\"https:\/\/x.com\/dicodusport\",\"https:\/\/www.instagram.com\/dicodusport\/\",\"https:\/\/www.youtube.com\/channel\/UC7V2KZ5sd3htJivAbA4ZG3w\"],\"description\":\"Dicodusport est l'encyclop\u00e9die de l'actualit\u00e9 sportive.\",\"email\":\"bonjour@dicodusport.fr\",\"legalName\":\"DICODUSPORT\",\"foundingDate\":\"2018-01-14\",\"vatID\":\"FR71834470973\",\"taxID\":\"83447097300043\",\"numberOfEmployees\":{\"@type\":\"QuantitativeValue\",\"minValue\":\"1\",\"maxValue\":\"10\"}},{\"@type\":\"Person\",\"@id\":\"https:\/\/dicodusport.fr\/blog\/#\/schema\/person\/37def232098a7a5cbab3974a3690abb0\",\"name\":\"Maxime Cazenave\",\"image\":{\"@type\":\"ImageObject\",\"inLanguage\":\"fr-FR\",\"@id\":\"https:\/\/dicodusport.fr\/blog\/#\/schema\/person\/image\/\",\"url\":\"https:\/\/dicodusport.fr\/blog\/wp-content\/uploads\/2021\/05\/Maxime-Cazenave-150x150.jpg\",\"contentUrl\":\"https:\/\/dicodusport.fr\/blog\/wp-content\/uploads\/2021\/05\/Maxime-Cazenave-150x150.jpg\",\"caption\":\"Maxime Cazenave\"},\"description\":\"Journaliste\/R\u00e9dacteur depuis 2012 - Berc\u00e9 par l\u2019amour des Girondins de Bordeaux, les \u00e9checs de Christophe Moreau sur le Tour de France sous l'\u00e8re Lance Armstrong et le fade-away l\u00e9tal de Dirk Nowitzki, ma passion d\u00e9vorante pour le sport a toujours \u00e9t\u00e9 un pan incontournable de ma vie. Transmettre ma passion \u00e0 l\u2019\u00e9crit a \u00e9t\u00e9 une transition naturelle. Suiveur assidu de basket et de hockey sur glace, je garde toujours un peu de place pour suivre le cyclisme, le football et le maximum de performances fran\u00e7aises.\",\"sameAs\":[\"https:\/\/x.com\/https:\/\/twitter.com\/Maxime_Caze\"],\"url\":\"https:\/\/dicodusport.fr\/blog\/author\/maximec\/\"}]}<\/script>\n<!-- \/ Yoast SEO Premium plugin. -->","yoast_head_json":{"title":"Guillaume Toucoullet sacr\u00e9 champion d'Europe en para tir \u00e0 l'arc, 3 m\u00e9dailles pour les Bleus","description":"CHAMPIONNATS D'EUROPE DE PARA TIR \u00c0 L'ARC 2026 - En cumulant 3 m\u00e9dailles, dont l'or pour Guillaume Toucoullet, les Bleus ont r\u00e9ussi leur comp\u00e9tition \u00e0 Rome.","robots":{"index":"index","follow":"follow","max-snippet":"max-snippet:-1","max-image-preview":"max-image-preview:large","max-video-preview":"max-video-preview:-1"},"canonical":"https:\/\/dicodusport.fr\/blog\/guillaume-toucoullet-sacre-champion-deurope-en-para-tir-a-larc-3-medailles-pour-les-bleus\/","og_locale":"fr_FR","og_type":"article","og_title":"Guillaume Toucoullet sacr\u00e9 champion d'Europe en para tir \u00e0 l'arc, 3 m\u00e9dailles pour les Bleus","og_description":"CHAMPIONNATS D'EUROPE DE PARA TIR \u00c0 L'ARC 2026 - En cumulant 3 m\u00e9dailles, dont l'or pour Guillaume Toucoullet, les Bleus ont r\u00e9ussi leur comp\u00e9tition \u00e0 Rome.","og_url":"https:\/\/dicodusport.fr\/blog\/guillaume-toucoullet-sacre-champion-deurope-en-para-tir-a-larc-3-medailles-pour-les-bleus\/","og_site_name":"Dicodusport","article_publisher":"https:\/\/www.facebook.com\/dicodusport","article_published_time":"2026-05-02T16:49:08+00:00","article_modified_time":"2026-05-02T16:57:52+00:00","og_image":[{"width":1200,"height":674,"url":"https:\/\/dicodusport.fr\/blog\/wp-content\/uploads\/2026\/05\/Guillaume-Toucoullet-sacre-champion-dEurope-en-para-tir-a-larc-3-medailles-pour-les-Bleus.png","type":"image\/png"}],"author":"Maxime Cazenave","twitter_card":"summary_large_image","twitter_title":"Guillaume Toucoullet sacr\u00e9 champion d'Europe en para tir \u00e0 l'arc, 3 m\u00e9dailles pour les Bleus","twitter_creator":"@https:\/\/twitter.com\/Maxime_Caze","twitter_site":"@dicodusport","schema":{"@context":"https:\/\/schema.org","@graph":[{"@type":"NewsArticle","@id":"https:\/\/dicodusport.fr\/blog\/guillaume-toucoullet-sacre-champion-deurope-en-para-tir-a-larc-3-medailles-pour-les-bleus\/#article","isPartOf":{"@id":"https:\/\/dicodusport.fr\/blog\/guillaume-toucoullet-sacre-champion-deurope-en-para-tir-a-larc-3-medailles-pour-les-bleus\/"},"author":{"name":"Maxime Cazenave","@id":"https:\/\/dicodusport.fr\/blog\/#\/schema\/person\/37def232098a7a5cbab3974a3690abb0"},"headline":"Guillaume Toucoullet sacr\u00e9 champion d&rsquo;Europe en para tir \u00e0 l&rsquo;arc, 3 m\u00e9dailles pour les Bleus","datePublished":"2026-05-02T16:49:08+00:00","dateModified":"2026-05-02T16:57:52+00:00","mainEntityOfPage":{"@id":"https:\/\/dicodusport.fr\/blog\/guillaume-toucoullet-sacre-champion-deurope-en-para-tir-a-larc-3-medailles-pour-les-bleus\/"},"wordCount":359,"commentCount":0,"publisher":{"@id":"https:\/\/dicodusport.fr\/blog\/#organization"},"image":{"@id":"https:\/\/dicodusport.fr\/blog\/guillaume-toucoullet-sacre-champion-deurope-en-para-tir-a-larc-3-medailles-pour-les-bleus\/#primaryimage"},"thumbnailUrl":"https:\/\/dicodusport.fr\/blog\/wp-content\/uploads\/2026\/05\/Guillaume-Toucoullet-sacre-champion-dEurope-en-para-tir-a-larc-3-medailles-pour-les-Bleus.png","keywords":["br\u00e8ve","Championnats d'Europe","para tir \u00e0 l'arc"],"articleSection":["Handisport","Tir \u00e0 l'arc"],"inLanguage":"fr-FR","potentialAction":[{"@type":"CommentAction","name":"Comment","target":["https:\/\/dicodusport.fr\/blog\/guillaume-toucoullet-sacre-champion-deurope-en-para-tir-a-larc-3-medailles-pour-les-bleus\/#respond"]}],"copyrightYear":"2026","copyrightHolder":{"@id":"https:\/\/dicodusport.fr\/blog\/#organization"}},{"@type":"WebPage","@id":"https:\/\/dicodusport.fr\/blog\/guillaume-toucoullet-sacre-champion-deurope-en-para-tir-a-larc-3-medailles-pour-les-bleus\/","url":"https:\/\/dicodusport.fr\/blog\/guillaume-toucoullet-sacre-champion-deurope-en-para-tir-a-larc-3-medailles-pour-les-bleus\/","name":"Guillaume Toucoullet sacr\u00e9 champion d'Europe en para tir \u00e0 l'arc, 3 m\u00e9dailles pour les Bleus","isPartOf":{"@id":"https:\/\/dicodusport.fr\/blog\/#website"},"primaryImageOfPage":{"@id":"https:\/\/dicodusport.fr\/blog\/guillaume-toucoullet-sacre-champion-deurope-en-para-tir-a-larc-3-medailles-pour-les-bleus\/#primaryimage"},"image":{"@id":"https:\/\/dicodusport.fr\/blog\/guillaume-toucoullet-sacre-champion-deurope-en-para-tir-a-larc-3-medailles-pour-les-bleus\/#primaryimage"},"thumbnailUrl":"https:\/\/dicodusport.fr\/blog\/wp-content\/uploads\/2026\/05\/Guillaume-Toucoullet-sacre-champion-dEurope-en-para-tir-a-larc-3-medailles-pour-les-Bleus.png","datePublished":"2026-05-02T16:49:08+00:00","dateModified":"2026-05-02T16:57:52+00:00","description":"CHAMPIONNATS D'EUROPE DE PARA TIR \u00c0 L'ARC 2026 - En cumulant 3 m\u00e9dailles, dont l'or pour Guillaume Toucoullet, les Bleus ont r\u00e9ussi leur comp\u00e9tition \u00e0 Rome.","breadcrumb":{"@id":"https:\/\/dicodusport.fr\/blog\/guillaume-toucoullet-sacre-champion-deurope-en-para-tir-a-larc-3-medailles-pour-les-bleus\/#breadcrumb"},"inLanguage":"fr-FR","potentialAction":[{"@type":"ReadAction","target":["https:\/\/dicodusport.fr\/blog\/guillaume-toucoullet-sacre-champion-deurope-en-para-tir-a-larc-3-medailles-pour-les-bleus\/"]}]},{"@type":"ImageObject","inLanguage":"fr-FR","@id":"https:\/\/dicodusport.fr\/blog\/guillaume-toucoullet-sacre-champion-deurope-en-para-tir-a-larc-3-medailles-pour-les-bleus\/#primaryimage","url":"https:\/\/dicodusport.fr\/blog\/wp-content\/uploads\/2026\/05\/Guillaume-Toucoullet-sacre-champion-dEurope-en-para-tir-a-larc-3-medailles-pour-les-Bleus.png","contentUrl":"https:\/\/dicodusport.fr\/blog\/wp-content\/uploads\/2026\/05\/Guillaume-Toucoullet-sacre-champion-dEurope-en-para-tir-a-larc-3-medailles-pour-les-Bleus.png","width":1200,"height":674,"caption":"Guillaume Toucoullet sacr\u00e9 champion d'Europe en para tir \u00e0 l'arc, 3 m\u00e9dailles pour les Bleus"},{"@type":"BreadcrumbList","@id":"https:\/\/dicodusport.fr\/blog\/guillaume-toucoullet-sacre-champion-deurope-en-para-tir-a-larc-3-medailles-pour-les-bleus\/#breadcrumb","itemListElement":[{"@type":"ListItem","position":1,"name":"Accueil","item":"https:\/\/dicodusport.fr\/blog\/"},{"@type":"ListItem","position":2,"name":"Guillaume Toucoullet sacr\u00e9 champion d&rsquo;Europe en para tir \u00e0 l&rsquo;arc, 3 m\u00e9dailles pour les Bleus"}]},{"@type":"WebSite","@id":"https:\/\/dicodusport.fr\/blog\/#website","url":"https:\/\/dicodusport.fr\/blog\/","name":"Dicodusport","description":"L&#039;encyclop\u00e9die de l&#039;actualit\u00e9 sportive","publisher":{"@id":"https:\/\/dicodusport.fr\/blog\/#organization"},"potentialAction":[{"@type":"SearchAction","target":{"@type":"EntryPoint","urlTemplate":"https:\/\/dicodusport.fr\/blog\/?s={search_term_string}"},"query-input":{"@type":"PropertyValueSpecification","valueRequired":true,"valueName":"search_term_string"}}],"inLanguage":"fr-FR"},{"@type":"NewsMediaOrganization","@id":"https:\/\/dicodusport.fr\/blog\/#organization","name":"Dicodusport","url":"https:\/\/dicodusport.fr\/blog\/","logo":{"@type":"ImageObject","inLanguage":"fr-FR","@id":"https:\/\/dicodusport.fr\/blog\/#\/schema\/logo\/image\/","url":"https:\/\/dicodusport.fr\/blog\/wp-content\/uploads\/2020\/06\/cropped-LOGO-DICODUSPORT-2020-SANS-FOND-SANS-TEXTE.png","contentUrl":"https:\/\/dicodusport.fr\/blog\/wp-content\/uploads\/2020\/06\/cropped-LOGO-DICODUSPORT-2020-SANS-FOND-SANS-TEXTE.png","width":512,"height":512,"caption":"Dicodusport"},"image":{"@id":"https:\/\/dicodusport.fr\/blog\/#\/schema\/logo\/image\/"},"sameAs":["https:\/\/www.facebook.com\/dicodusport","https:\/\/x.com\/dicodusport","https:\/\/www.instagram.com\/dicodusport\/","https:\/\/www.youtube.com\/channel\/UC7V2KZ5sd3htJivAbA4ZG3w"],"description":"Dicodusport est l'encyclop\u00e9die de l'actualit\u00e9 sportive.","email":"bonjour@dicodusport.fr","legalName":"DICODUSPORT","foundingDate":"2018-01-14","vatID":"FR71834470973","taxID":"83447097300043","numberOfEmployees":{"@type":"QuantitativeValue","minValue":"1","maxValue":"10"}},{"@type":"Person","@id":"https:\/\/dicodusport.fr\/blog\/#\/schema\/person\/37def232098a7a5cbab3974a3690abb0","name":"Maxime Cazenave","image":{"@type":"ImageObject","inLanguage":"fr-FR","@id":"https:\/\/dicodusport.fr\/blog\/#\/schema\/person\/image\/","url":"https:\/\/dicodusport.fr\/blog\/wp-content\/uploads\/2021\/05\/Maxime-Cazenave-150x150.jpg","contentUrl":"https:\/\/dicodusport.fr\/blog\/wp-content\/uploads\/2021\/05\/Maxime-Cazenave-150x150.jpg","caption":"Maxime Cazenave"},"description":"Journaliste\/R\u00e9dacteur depuis 2012 - Berc\u00e9 par l\u2019amour des Girondins de Bordeaux, les \u00e9checs de Christophe Moreau sur le Tour de France sous l'\u00e8re Lance Armstrong et le fade-away l\u00e9tal de Dirk Nowitzki, ma passion d\u00e9vorante pour le sport a toujours \u00e9t\u00e9 un pan incontournable de ma vie. Transmettre ma passion \u00e0 l\u2019\u00e9crit a \u00e9t\u00e9 une transition naturelle. Suiveur assidu de basket et de hockey sur glace, je garde toujours un peu de place pour suivre le cyclisme, le football et le maximum de performances fran\u00e7aises.","sameAs":["https:\/\/x.com\/https:\/\/twitter.com\/Maxime_Caze"],"url":"https:\/\/dicodusport.fr\/blog\/author\/maximec\/"}]}},"_links":{"self":[{"href":"https:\/\/dicodusport.fr\/blog\/wp-json\/wp\/v2\/posts\/666848","targetHints":{"allow":["GET"]}}],"collection":[{"href":"https:\/\/dicodusport.fr\/blog\/wp-json\/wp\/v2\/posts"}],"about":[{"href":"https:\/\/dicodusport.fr\/blog\/wp-json\/wp\/v2\/types\/post"}],"author":[{"embeddable":true,"href":"https:\/\/dicodusport.fr\/blog\/wp-json\/wp\/v2\/users\/55"}],"replies":[{"embeddable":true,"href":"https:\/\/dicodusport.fr\/blog\/wp-json\/wp\/v2\/comments?post=666848"}],"version-history":[{"count":4,"href":"https:\/\/dicodusport.fr\/blog\/wp-json\/wp\/v2\/posts\/666848\/revisions"}],"predecessor-version":[{"id":667084,"href":"https:\/\/dicodusport.fr\/blog\/wp-json\/wp\/v2\/posts\/666848\/revisions\/667084"}],"wp:featuredmedia":[{"embeddable":true,"href":"https:\/\/dicodusport.fr\/blog\/wp-json\/wp\/v2\/media\/667061"}],"wp:attachment":[{"href":"https:\/\/dicodusport.fr\/blog\/wp-json\/wp\/v2\/media?parent=666848"}],"wp:term":[{"taxonomy":"category","embeddable":true,"href":"https:\/\/dicodusport.fr\/blog\/wp-json\/wp\/v2\/categories?post=666848"},{"taxonomy":"post_tag","embeddable":true,"href":"https:\/\/dicodusport.fr\/blog\/wp-json\/wp\/v2\/tags?post=666848"}],"curies":[{"name":"wp","href":"https:\/\/api.w.org\/{rel}","templated":true}]}}