{"id":66692,"date":"2020-05-13T14:52:53","date_gmt":"2020-05-13T12:52:53","guid":{"rendered":"http:\/\/dicodusport.fr\/blog\/?p=66692&#038;preview=true&#038;preview_id=66692"},"modified":"2020-05-13T15:34:01","modified_gmt":"2020-05-13T13:34:01","slug":"carlos-sainz-jr-bien-parti-pour-rejoindre-ferrari","status":"publish","type":"post","link":"https:\/\/dicodusport.fr\/blog\/carlos-sainz-jr-bien-parti-pour-rejoindre-ferrari\/","title":{"rendered":"Carlos Sainz Jr bien parti pour rejoindre Ferrari"},"content":{"rendered":"<p style=\"text-align: justify;\"><strong><em>FORMULE 1 &#8211; Selon plusieurs sources en Italie, Carlos Sainz Jr (McLaren) devrait selon toute vraisemblance remplacer Sebastian Vettel chez Ferrari, en 2021. Son arriv\u00e9e devrait m\u00eame \u00eatre officialis\u00e9e d&rsquo;ici vendredi.<\/em><\/strong><\/p>\n<p style=\"text-align: justify;\"><strong>Carlos Sainz Jr<\/strong> pour remplacer <strong>Sebastian Vettel<\/strong> chez Ferrari, ce serait fait. Le pilote espagnol de 25 ans, pilote <strong>McLaren<\/strong> depuis 2019, aurait \u00e9t\u00e9 choisi par la Scuderia. Pass\u00e9 chez <strong>Toro Rosso<\/strong> et <strong>Renault<\/strong>, le Madril\u00e8ne \u00e9paulerait ainsi <strong>Charles Leclerc<\/strong>. Le Mon\u00e9gasque est quant \u00e0 lui li\u00e9 \u00e0 Ferrari jusqu&rsquo;en 2024.<\/p>\n<p style=\"text-align: justify;\">Pour rappel, mardi, <a href=\"https:\/\/dicodusport.fr\/blog\/formule-1-sebastian-vettel-va-quitter-ferrari\/\" target=\"_blank\" rel=\"noopener noreferrer\"><strong>Sebastian Vettel<\/strong> et l&rsquo;\u00e9curie italienne ont officialis\u00e9 leur divorce<\/a>. Arriv\u00e9 \u00e0 Maranello en 2015, l&rsquo;Allemand a remport\u00e9 14 Grands Prix avec la Scuderia, sans jamais parvenir \u00e0 d\u00e9crocher le titre mondial.<\/p>\n<p><strong><em>Dicodusport<br \/>\n<a href=\"https:\/\/www.facebook.com\/dicodusport\/\" target=\"_blank\" rel=\"noopener noreferrer\"><img loading=\"lazy\" decoding=\"async\" class=\"alignnone wp-image-2909\" src=\"http:\/\/dicodusport.fr\/blog\/wp-content\/uploads\/2017\/07\/logo-facebook-150x150.png\" alt=\"\" width=\"40\" height=\"40\" \/><\/a><a href=\"https:\/\/twitter.com\/dicodusport\" target=\"_blank\" rel=\"noopener noreferrer\"><img loading=\"lazy\" decoding=\"async\" class=\"alignnone wp-image-2908\" src=\"http:\/\/dicodusport.fr\/blog\/wp-content\/uploads\/2017\/07\/logo-twitter-150x150.png\" alt=\"\" width=\"39\" height=\"39\" \/><\/a><\/em><\/strong><\/p>\n","protected":false},"excerpt":{"rendered":"<p>FORMULE 1 &#8211; Selon plusieurs sources en Italie, Carlos Sainz Jr (McLaren) devrait selon toute vraisemblance remplacer Sebastian Vettel chez Ferrari, en 2021.\u00a0<\/p>\n","protected":false},"author":4,"featured_media":66693,"comment_status":"open","ping_status":"closed","sticky":false,"template":"","format":"standard","meta":{"_acf_changed":false,"_daextam_enable_autolinks":"","footnotes":""},"categories":[8653],"tags":[9604,5927,2065],"class_list":["post-66692","post","type-post","status-publish","format-standard","has-post-thumbnail","hentry","category-formule-1","tag-carlos-sainz","tag-ferrari","tag-formule-1"],"acf":[],"yoast_head":"<!-- This site is optimized with the Yoast SEO Premium plugin v26.7 (Yoast SEO v26.7) - https:\/\/yoast.com\/wordpress\/plugins\/seo\/ -->\n<title>Carlos Sainz Jr bien parti pour rejoindre Ferrari<\/title>\n<meta name=\"description\" content=\"FORMULE 1 - Selon plusieurs sources en Italie, Carlos Sainz Jr (McLaren) devrait selon toute vraisemblance remplacer Sebastian Vettel chez Ferrari, en 2021.\u00a0\" \/>\n<meta name=\"robots\" content=\"index, follow, max-snippet:-1, max-image-preview:large, max-video-preview:-1\" \/>\n<link rel=\"canonical\" href=\"https:\/\/dicodusport.fr\/blog\/carlos-sainz-jr-bien-parti-pour-rejoindre-ferrari\/\" \/>\n<meta property=\"og:locale\" content=\"fr_FR\" \/>\n<meta property=\"og:type\" content=\"article\" \/>\n<meta property=\"og:title\" content=\"Carlos Sainz Jr bien parti pour rejoindre Ferrari\" \/>\n<meta property=\"og:description\" content=\"FORMULE 1 - Selon plusieurs sources en Italie, Carlos Sainz Jr (McLaren) devrait selon toute vraisemblance remplacer Sebastian Vettel chez Ferrari, en 2021.\u00a0\" \/>\n<meta property=\"og:url\" content=\"https:\/\/dicodusport.fr\/blog\/carlos-sainz-jr-bien-parti-pour-rejoindre-ferrari\/\" \/>\n<meta property=\"og:site_name\" content=\"Dicodusport\" \/>\n<meta property=\"article:publisher\" content=\"https:\/\/www.facebook.com\/dicodusport\" \/>\n<meta property=\"article:author\" content=\"https:\/\/www.facebook.com\/florent.ostermann\" \/>\n<meta property=\"article:published_time\" content=\"2020-05-13T12:52:53+00:00\" \/>\n<meta property=\"article:modified_time\" content=\"2020-05-13T13:34:01+00:00\" \/>\n<meta property=\"og:image\" content=\"https:\/\/dicodusport.fr\/blog\/wp-content\/uploads\/2020\/05\/Carlos-Sainz-Jr-bien-parti-pour-rejoindre-Ferrari.png\" \/>\n\t<meta property=\"og:image:width\" content=\"800\" \/>\n\t<meta property=\"og:image:height\" content=\"445\" \/>\n\t<meta property=\"og:image:type\" content=\"image\/png\" \/>\n<meta name=\"author\" content=\"Flo Ostermann\" \/>\n<meta name=\"twitter:card\" content=\"summary_large_image\" \/>\n<meta name=\"twitter:title\" content=\"Carlos Sainz Jr bien parti pour rejoindre Ferrari\" \/>\n<meta name=\"twitter:creator\" content=\"@https:\/\/twitter.com\/FlOstermann\" \/>\n<meta name=\"twitter:site\" content=\"@dicodusport\" \/>\n<script type=\"application\/ld+json\" class=\"yoast-schema-graph\">{\"@context\":\"https:\/\/schema.org\",\"@graph\":[{\"@type\":\"NewsArticle\",\"@id\":\"https:\/\/dicodusport.fr\/blog\/carlos-sainz-jr-bien-parti-pour-rejoindre-ferrari\/#article\",\"isPartOf\":{\"@id\":\"https:\/\/dicodusport.fr\/blog\/carlos-sainz-jr-bien-parti-pour-rejoindre-ferrari\/\"},\"author\":{\"name\":\"Flo Ostermann\",\"@id\":\"https:\/\/dicodusport.fr\/blog\/#\/schema\/person\/cb02af4c173ce4a653b55e9baf388d4a\"},\"headline\":\"Carlos Sainz Jr bien parti pour rejoindre Ferrari\",\"datePublished\":\"2020-05-13T12:52:53+00:00\",\"dateModified\":\"2020-05-13T13:34:01+00:00\",\"mainEntityOfPage\":{\"@id\":\"https:\/\/dicodusport.fr\/blog\/carlos-sainz-jr-bien-parti-pour-rejoindre-ferrari\/\"},\"wordCount\":124,\"commentCount\":0,\"publisher\":{\"@id\":\"https:\/\/dicodusport.fr\/blog\/#organization\"},\"image\":{\"@id\":\"https:\/\/dicodusport.fr\/blog\/carlos-sainz-jr-bien-parti-pour-rejoindre-ferrari\/#primaryimage\"},\"thumbnailUrl\":\"https:\/\/dicodusport.fr\/blog\/wp-content\/uploads\/2020\/05\/Carlos-Sainz-Jr-bien-parti-pour-rejoindre-Ferrari.png\",\"keywords\":[\"Carlos Sainz\",\"Ferrari\",\"Formule 1\"],\"articleSection\":[\"Formule 1\"],\"inLanguage\":\"fr-FR\",\"potentialAction\":[{\"@type\":\"CommentAction\",\"name\":\"Comment\",\"target\":[\"https:\/\/dicodusport.fr\/blog\/carlos-sainz-jr-bien-parti-pour-rejoindre-ferrari\/#respond\"]}],\"copyrightYear\":\"2020\",\"copyrightHolder\":{\"@id\":\"https:\/\/dicodusport.fr\/blog\/#organization\"}},{\"@type\":\"WebPage\",\"@id\":\"https:\/\/dicodusport.fr\/blog\/carlos-sainz-jr-bien-parti-pour-rejoindre-ferrari\/\",\"url\":\"https:\/\/dicodusport.fr\/blog\/carlos-sainz-jr-bien-parti-pour-rejoindre-ferrari\/\",\"name\":\"Carlos Sainz Jr bien parti pour rejoindre Ferrari\",\"isPartOf\":{\"@id\":\"https:\/\/dicodusport.fr\/blog\/#website\"},\"primaryImageOfPage\":{\"@id\":\"https:\/\/dicodusport.fr\/blog\/carlos-sainz-jr-bien-parti-pour-rejoindre-ferrari\/#primaryimage\"},\"image\":{\"@id\":\"https:\/\/dicodusport.fr\/blog\/carlos-sainz-jr-bien-parti-pour-rejoindre-ferrari\/#primaryimage\"},\"thumbnailUrl\":\"https:\/\/dicodusport.fr\/blog\/wp-content\/uploads\/2020\/05\/Carlos-Sainz-Jr-bien-parti-pour-rejoindre-Ferrari.png\",\"datePublished\":\"2020-05-13T12:52:53+00:00\",\"dateModified\":\"2020-05-13T13:34:01+00:00\",\"description\":\"FORMULE 1 - Selon plusieurs sources en Italie, Carlos Sainz Jr (McLaren) devrait selon toute vraisemblance remplacer Sebastian Vettel chez Ferrari, en 2021.\u00a0\",\"breadcrumb\":{\"@id\":\"https:\/\/dicodusport.fr\/blog\/carlos-sainz-jr-bien-parti-pour-rejoindre-ferrari\/#breadcrumb\"},\"inLanguage\":\"fr-FR\",\"potentialAction\":[{\"@type\":\"ReadAction\",\"target\":[\"https:\/\/dicodusport.fr\/blog\/carlos-sainz-jr-bien-parti-pour-rejoindre-ferrari\/\"]}]},{\"@type\":\"ImageObject\",\"inLanguage\":\"fr-FR\",\"@id\":\"https:\/\/dicodusport.fr\/blog\/carlos-sainz-jr-bien-parti-pour-rejoindre-ferrari\/#primaryimage\",\"url\":\"https:\/\/dicodusport.fr\/blog\/wp-content\/uploads\/2020\/05\/Carlos-Sainz-Jr-bien-parti-pour-rejoindre-Ferrari.png\",\"contentUrl\":\"https:\/\/dicodusport.fr\/blog\/wp-content\/uploads\/2020\/05\/Carlos-Sainz-Jr-bien-parti-pour-rejoindre-Ferrari.png\",\"width\":800,\"height\":445,\"caption\":\"Carlos Sainz Jr bien parti pour rejoindre Ferrari\"},{\"@type\":\"BreadcrumbList\",\"@id\":\"https:\/\/dicodusport.fr\/blog\/carlos-sainz-jr-bien-parti-pour-rejoindre-ferrari\/#breadcrumb\",\"itemListElement\":[{\"@type\":\"ListItem\",\"position\":1,\"name\":\"Accueil\",\"item\":\"https:\/\/dicodusport.fr\/blog\/\"},{\"@type\":\"ListItem\",\"position\":2,\"name\":\"Carlos Sainz Jr bien parti pour rejoindre Ferrari\"}]},{\"@type\":\"WebSite\",\"@id\":\"https:\/\/dicodusport.fr\/blog\/#website\",\"url\":\"https:\/\/dicodusport.fr\/blog\/\",\"name\":\"Dicodusport\",\"description\":\"L&#039;encyclop\u00e9die de l&#039;actualit\u00e9 sportive\",\"publisher\":{\"@id\":\"https:\/\/dicodusport.fr\/blog\/#organization\"},\"potentialAction\":[{\"@type\":\"SearchAction\",\"target\":{\"@type\":\"EntryPoint\",\"urlTemplate\":\"https:\/\/dicodusport.fr\/blog\/?s={search_term_string}\"},\"query-input\":{\"@type\":\"PropertyValueSpecification\",\"valueRequired\":true,\"valueName\":\"search_term_string\"}}],\"inLanguage\":\"fr-FR\"},{\"@type\":\"NewsMediaOrganization\",\"@id\":\"https:\/\/dicodusport.fr\/blog\/#organization\",\"name\":\"Dicodusport\",\"url\":\"https:\/\/dicodusport.fr\/blog\/\",\"logo\":{\"@type\":\"ImageObject\",\"inLanguage\":\"fr-FR\",\"@id\":\"https:\/\/dicodusport.fr\/blog\/#\/schema\/logo\/image\/\",\"url\":\"https:\/\/dicodusport.fr\/blog\/wp-content\/uploads\/2020\/06\/cropped-LOGO-DICODUSPORT-2020-SANS-FOND-SANS-TEXTE.png\",\"contentUrl\":\"https:\/\/dicodusport.fr\/blog\/wp-content\/uploads\/2020\/06\/cropped-LOGO-DICODUSPORT-2020-SANS-FOND-SANS-TEXTE.png\",\"width\":512,\"height\":512,\"caption\":\"Dicodusport\"},\"image\":{\"@id\":\"https:\/\/dicodusport.fr\/blog\/#\/schema\/logo\/image\/\"},\"sameAs\":[\"https:\/\/www.facebook.com\/dicodusport\",\"https:\/\/x.com\/dicodusport\",\"https:\/\/www.instagram.com\/dicodusport\/\",\"https:\/\/www.youtube.com\/channel\/UC7V2KZ5sd3htJivAbA4ZG3w\"],\"description\":\"Dicodusport est l'encyclop\u00e9die de l'actualit\u00e9 sportive.\",\"email\":\"bonjour@dicodusport.fr\",\"legalName\":\"DICODUSPORT\",\"foundingDate\":\"2018-01-14\",\"vatID\":\"FR71834470973\",\"taxID\":\"83447097300043\",\"numberOfEmployees\":{\"@type\":\"QuantitativeValue\",\"minValue\":\"1\",\"maxValue\":\"10\"}},{\"@type\":\"Person\",\"@id\":\"https:\/\/dicodusport.fr\/blog\/#\/schema\/person\/cb02af4c173ce4a653b55e9baf388d4a\",\"name\":\"Flo Ostermann\",\"image\":{\"@type\":\"ImageObject\",\"inLanguage\":\"fr-FR\",\"@id\":\"https:\/\/dicodusport.fr\/blog\/#\/schema\/person\/image\/\",\"url\":\"https:\/\/dicodusport.fr\/blog\/wp-content\/uploads\/2021\/05\/Flo-Ostermann-150x150.jpg\",\"contentUrl\":\"https:\/\/dicodusport.fr\/blog\/wp-content\/uploads\/2021\/05\/Flo-Ostermann-150x150.jpg\",\"caption\":\"Flo Ostermann\"},\"description\":\"Journaliste\/R\u00e9dacteur depuis septembre 2015 - Mes premiers souvenirs dans le sport ? Les envol\u00e9es du Stade Toulousain et les duels Villeneuve-Schumacher et H\u00e4kkinen-Schumacher \u00e0 la fin des ann\u00e9es 90, la Coupe du monde de football en 1998, l\u2019exploit du XV de France face aux All Blacks en 1999, mais aussi Richard C\u0153ur de Lion qui vole sur les montagnes du Tour de France. Bien parti pour devenir professeur d\u2019EPS, les \u00e9v\u00e9nements de la vie (et la flemme d\u2019animer des s\u00e9ances de 3x500 m\u00e8tres toute ma vie) m\u2019ont conduit \u00e0 revoir mes plans. Me voil\u00e0 depuis fin 2017 sur Dicodusport, m\u00e9dia gr\u00e2ce (et pour) lequel je partage ma passion : le sport dans tous ses \u00e9tats. Le tout accompagn\u00e9 par les fous furieux et folles furieuses cit\u00e9s sur cette page !\",\"sameAs\":[\"https:\/\/www.facebook.com\/florent.ostermann\",\"https:\/\/x.com\/https:\/\/twitter.com\/FlOstermann\",\"admin\"],\"url\":\"https:\/\/dicodusport.fr\/blog\/author\/flo\/\"}]}<\/script>\n<!-- \/ Yoast SEO Premium plugin. -->","yoast_head_json":{"title":"Carlos Sainz Jr bien parti pour rejoindre Ferrari","description":"FORMULE 1 - Selon plusieurs sources en Italie, Carlos Sainz Jr (McLaren) devrait selon toute vraisemblance remplacer Sebastian Vettel chez Ferrari, en 2021.\u00a0","robots":{"index":"index","follow":"follow","max-snippet":"max-snippet:-1","max-image-preview":"max-image-preview:large","max-video-preview":"max-video-preview:-1"},"canonical":"https:\/\/dicodusport.fr\/blog\/carlos-sainz-jr-bien-parti-pour-rejoindre-ferrari\/","og_locale":"fr_FR","og_type":"article","og_title":"Carlos Sainz Jr bien parti pour rejoindre Ferrari","og_description":"FORMULE 1 - Selon plusieurs sources en Italie, Carlos Sainz Jr (McLaren) devrait selon toute vraisemblance remplacer Sebastian Vettel chez Ferrari, en 2021.\u00a0","og_url":"https:\/\/dicodusport.fr\/blog\/carlos-sainz-jr-bien-parti-pour-rejoindre-ferrari\/","og_site_name":"Dicodusport","article_publisher":"https:\/\/www.facebook.com\/dicodusport","article_author":"https:\/\/www.facebook.com\/florent.ostermann","article_published_time":"2020-05-13T12:52:53+00:00","article_modified_time":"2020-05-13T13:34:01+00:00","og_image":[{"width":800,"height":445,"url":"https:\/\/dicodusport.fr\/blog\/wp-content\/uploads\/2020\/05\/Carlos-Sainz-Jr-bien-parti-pour-rejoindre-Ferrari.png","type":"image\/png"}],"author":"Flo Ostermann","twitter_card":"summary_large_image","twitter_title":"Carlos Sainz Jr bien parti pour rejoindre Ferrari","twitter_creator":"@https:\/\/twitter.com\/FlOstermann","twitter_site":"@dicodusport","schema":{"@context":"https:\/\/schema.org","@graph":[{"@type":"NewsArticle","@id":"https:\/\/dicodusport.fr\/blog\/carlos-sainz-jr-bien-parti-pour-rejoindre-ferrari\/#article","isPartOf":{"@id":"https:\/\/dicodusport.fr\/blog\/carlos-sainz-jr-bien-parti-pour-rejoindre-ferrari\/"},"author":{"name":"Flo Ostermann","@id":"https:\/\/dicodusport.fr\/blog\/#\/schema\/person\/cb02af4c173ce4a653b55e9baf388d4a"},"headline":"Carlos Sainz Jr bien parti pour rejoindre Ferrari","datePublished":"2020-05-13T12:52:53+00:00","dateModified":"2020-05-13T13:34:01+00:00","mainEntityOfPage":{"@id":"https:\/\/dicodusport.fr\/blog\/carlos-sainz-jr-bien-parti-pour-rejoindre-ferrari\/"},"wordCount":124,"commentCount":0,"publisher":{"@id":"https:\/\/dicodusport.fr\/blog\/#organization"},"image":{"@id":"https:\/\/dicodusport.fr\/blog\/carlos-sainz-jr-bien-parti-pour-rejoindre-ferrari\/#primaryimage"},"thumbnailUrl":"https:\/\/dicodusport.fr\/blog\/wp-content\/uploads\/2020\/05\/Carlos-Sainz-Jr-bien-parti-pour-rejoindre-Ferrari.png","keywords":["Carlos Sainz","Ferrari","Formule 1"],"articleSection":["Formule 1"],"inLanguage":"fr-FR","potentialAction":[{"@type":"CommentAction","name":"Comment","target":["https:\/\/dicodusport.fr\/blog\/carlos-sainz-jr-bien-parti-pour-rejoindre-ferrari\/#respond"]}],"copyrightYear":"2020","copyrightHolder":{"@id":"https:\/\/dicodusport.fr\/blog\/#organization"}},{"@type":"WebPage","@id":"https:\/\/dicodusport.fr\/blog\/carlos-sainz-jr-bien-parti-pour-rejoindre-ferrari\/","url":"https:\/\/dicodusport.fr\/blog\/carlos-sainz-jr-bien-parti-pour-rejoindre-ferrari\/","name":"Carlos Sainz Jr bien parti pour rejoindre Ferrari","isPartOf":{"@id":"https:\/\/dicodusport.fr\/blog\/#website"},"primaryImageOfPage":{"@id":"https:\/\/dicodusport.fr\/blog\/carlos-sainz-jr-bien-parti-pour-rejoindre-ferrari\/#primaryimage"},"image":{"@id":"https:\/\/dicodusport.fr\/blog\/carlos-sainz-jr-bien-parti-pour-rejoindre-ferrari\/#primaryimage"},"thumbnailUrl":"https:\/\/dicodusport.fr\/blog\/wp-content\/uploads\/2020\/05\/Carlos-Sainz-Jr-bien-parti-pour-rejoindre-Ferrari.png","datePublished":"2020-05-13T12:52:53+00:00","dateModified":"2020-05-13T13:34:01+00:00","description":"FORMULE 1 - Selon plusieurs sources en Italie, Carlos Sainz Jr (McLaren) devrait selon toute vraisemblance remplacer Sebastian Vettel chez Ferrari, en 2021.\u00a0","breadcrumb":{"@id":"https:\/\/dicodusport.fr\/blog\/carlos-sainz-jr-bien-parti-pour-rejoindre-ferrari\/#breadcrumb"},"inLanguage":"fr-FR","potentialAction":[{"@type":"ReadAction","target":["https:\/\/dicodusport.fr\/blog\/carlos-sainz-jr-bien-parti-pour-rejoindre-ferrari\/"]}]},{"@type":"ImageObject","inLanguage":"fr-FR","@id":"https:\/\/dicodusport.fr\/blog\/carlos-sainz-jr-bien-parti-pour-rejoindre-ferrari\/#primaryimage","url":"https:\/\/dicodusport.fr\/blog\/wp-content\/uploads\/2020\/05\/Carlos-Sainz-Jr-bien-parti-pour-rejoindre-Ferrari.png","contentUrl":"https:\/\/dicodusport.fr\/blog\/wp-content\/uploads\/2020\/05\/Carlos-Sainz-Jr-bien-parti-pour-rejoindre-Ferrari.png","width":800,"height":445,"caption":"Carlos Sainz Jr bien parti pour rejoindre Ferrari"},{"@type":"BreadcrumbList","@id":"https:\/\/dicodusport.fr\/blog\/carlos-sainz-jr-bien-parti-pour-rejoindre-ferrari\/#breadcrumb","itemListElement":[{"@type":"ListItem","position":1,"name":"Accueil","item":"https:\/\/dicodusport.fr\/blog\/"},{"@type":"ListItem","position":2,"name":"Carlos Sainz Jr bien parti pour rejoindre Ferrari"}]},{"@type":"WebSite","@id":"https:\/\/dicodusport.fr\/blog\/#website","url":"https:\/\/dicodusport.fr\/blog\/","name":"Dicodusport","description":"L&#039;encyclop\u00e9die de l&#039;actualit\u00e9 sportive","publisher":{"@id":"https:\/\/dicodusport.fr\/blog\/#organization"},"potentialAction":[{"@type":"SearchAction","target":{"@type":"EntryPoint","urlTemplate":"https:\/\/dicodusport.fr\/blog\/?s={search_term_string}"},"query-input":{"@type":"PropertyValueSpecification","valueRequired":true,"valueName":"search_term_string"}}],"inLanguage":"fr-FR"},{"@type":"NewsMediaOrganization","@id":"https:\/\/dicodusport.fr\/blog\/#organization","name":"Dicodusport","url":"https:\/\/dicodusport.fr\/blog\/","logo":{"@type":"ImageObject","inLanguage":"fr-FR","@id":"https:\/\/dicodusport.fr\/blog\/#\/schema\/logo\/image\/","url":"https:\/\/dicodusport.fr\/blog\/wp-content\/uploads\/2020\/06\/cropped-LOGO-DICODUSPORT-2020-SANS-FOND-SANS-TEXTE.png","contentUrl":"https:\/\/dicodusport.fr\/blog\/wp-content\/uploads\/2020\/06\/cropped-LOGO-DICODUSPORT-2020-SANS-FOND-SANS-TEXTE.png","width":512,"height":512,"caption":"Dicodusport"},"image":{"@id":"https:\/\/dicodusport.fr\/blog\/#\/schema\/logo\/image\/"},"sameAs":["https:\/\/www.facebook.com\/dicodusport","https:\/\/x.com\/dicodusport","https:\/\/www.instagram.com\/dicodusport\/","https:\/\/www.youtube.com\/channel\/UC7V2KZ5sd3htJivAbA4ZG3w"],"description":"Dicodusport est l'encyclop\u00e9die de l'actualit\u00e9 sportive.","email":"bonjour@dicodusport.fr","legalName":"DICODUSPORT","foundingDate":"2018-01-14","vatID":"FR71834470973","taxID":"83447097300043","numberOfEmployees":{"@type":"QuantitativeValue","minValue":"1","maxValue":"10"}},{"@type":"Person","@id":"https:\/\/dicodusport.fr\/blog\/#\/schema\/person\/cb02af4c173ce4a653b55e9baf388d4a","name":"Flo Ostermann","image":{"@type":"ImageObject","inLanguage":"fr-FR","@id":"https:\/\/dicodusport.fr\/blog\/#\/schema\/person\/image\/","url":"https:\/\/dicodusport.fr\/blog\/wp-content\/uploads\/2021\/05\/Flo-Ostermann-150x150.jpg","contentUrl":"https:\/\/dicodusport.fr\/blog\/wp-content\/uploads\/2021\/05\/Flo-Ostermann-150x150.jpg","caption":"Flo Ostermann"},"description":"Journaliste\/R\u00e9dacteur depuis septembre 2015 - Mes premiers souvenirs dans le sport ? Les envol\u00e9es du Stade Toulousain et les duels Villeneuve-Schumacher et H\u00e4kkinen-Schumacher \u00e0 la fin des ann\u00e9es 90, la Coupe du monde de football en 1998, l\u2019exploit du XV de France face aux All Blacks en 1999, mais aussi Richard C\u0153ur de Lion qui vole sur les montagnes du Tour de France. Bien parti pour devenir professeur d\u2019EPS, les \u00e9v\u00e9nements de la vie (et la flemme d\u2019animer des s\u00e9ances de 3x500 m\u00e8tres toute ma vie) m\u2019ont conduit \u00e0 revoir mes plans. Me voil\u00e0 depuis fin 2017 sur Dicodusport, m\u00e9dia gr\u00e2ce (et pour) lequel je partage ma passion : le sport dans tous ses \u00e9tats. Le tout accompagn\u00e9 par les fous furieux et folles furieuses cit\u00e9s sur cette page !","sameAs":["https:\/\/www.facebook.com\/florent.ostermann","https:\/\/x.com\/https:\/\/twitter.com\/FlOstermann","admin"],"url":"https:\/\/dicodusport.fr\/blog\/author\/flo\/"}]}},"_links":{"self":[{"href":"https:\/\/dicodusport.fr\/blog\/wp-json\/wp\/v2\/posts\/66692","targetHints":{"allow":["GET"]}}],"collection":[{"href":"https:\/\/dicodusport.fr\/blog\/wp-json\/wp\/v2\/posts"}],"about":[{"href":"https:\/\/dicodusport.fr\/blog\/wp-json\/wp\/v2\/types\/post"}],"author":[{"embeddable":true,"href":"https:\/\/dicodusport.fr\/blog\/wp-json\/wp\/v2\/users\/4"}],"replies":[{"embeddable":true,"href":"https:\/\/dicodusport.fr\/blog\/wp-json\/wp\/v2\/comments?post=66692"}],"version-history":[{"count":0,"href":"https:\/\/dicodusport.fr\/blog\/wp-json\/wp\/v2\/posts\/66692\/revisions"}],"wp:featuredmedia":[{"embeddable":true,"href":"https:\/\/dicodusport.fr\/blog\/wp-json\/wp\/v2\/media\/66693"}],"wp:attachment":[{"href":"https:\/\/dicodusport.fr\/blog\/wp-json\/wp\/v2\/media?parent=66692"}],"wp:term":[{"taxonomy":"category","embeddable":true,"href":"https:\/\/dicodusport.fr\/blog\/wp-json\/wp\/v2\/categories?post=66692"},{"taxonomy":"post_tag","embeddable":true,"href":"https:\/\/dicodusport.fr\/blog\/wp-json\/wp\/v2\/tags?post=66692"}],"curies":[{"name":"wp","href":"https:\/\/api.w.org\/{rel}","templated":true}]}}