{"id":66723,"date":"2020-05-14T17:46:23","date_gmt":"2020-05-14T15:46:23","guid":{"rendered":"http:\/\/dicodusport.fr\/blog\/?p=66723&#038;preview=true&#038;preview_id=66723"},"modified":"2020-05-14T20:14:55","modified_gmt":"2020-05-14T18:14:55","slug":"quentin-fillon-maillet-les-objectifs-seront-les-memes","status":"publish","type":"post","link":"https:\/\/dicodusport.fr\/blog\/quentin-fillon-maillet-les-objectifs-seront-les-memes\/","title":{"rendered":"Quentin Fillon Maillet : \u00ab Les objectifs seront les m\u00eames \u00bb"},"content":{"rendered":"<p style=\"text-align: justify;\"><strong><em>BIATHLON &#8211; Troisi\u00e8me de la Coupe du monde 2019-2020 et champion du monde avec le relais masculin \u00e0 Antholz, Quentin Fillon Maillet a r\u00e9pondu aux journalistes lors d&rsquo;un point presse en visioconf\u00e9rence, organis\u00e9 ce jeudi.\u00a0<\/em><\/strong><\/p>\n<p style=\"text-align: justify;\">Sorti du confinement dans son Jura natal, <a href=\"https:\/\/dicodusport.fr\/blog\/tag\/quentin-fillon-maillet\/\" target=\"_blank\" rel=\"noopener noreferrer\"><strong>Quentin Fillon Maillet<\/strong><\/a> voit, comme l&rsquo;ensemble de l&rsquo;\u00e9quipe de France de biathlon, le bout du tunnel. Le nouveau chef de file des Bleus a repris la course \u00e0 pied et le ski roues, avant de reprendre le tir lundi prochain. Le natif de Champagnole est d&rsquo;abord revenu sur la saison pass\u00e9e, avec du bon et du moins bon, selon le principal int\u00e9ress\u00e9. <em>\u00ab Il y a eu de bons r\u00e9sultats, mais avec une petite part de d\u00e9ception car j&rsquo;\u00e9tais proche de mes gros objectifs. Cela laisse un petit go\u00fbt d&rsquo;inachev\u00e9 \u00bb, <\/em>d\u00e9clare-t-il dans un \u00e9tat d&rsquo;esprit conqu\u00e9rant pour la saison 2020-2021. <em>\u00ab Les objectifs seront les m\u00eames \u00bb<\/em>, pr\u00e9vient-il.<\/p>\n<p style=\"text-align: justify;\">En pleine r\u00e9flexion sur sa strat\u00e9gie de pr\u00e9paration en vue de la prochaine Coupe du monde, <strong>QFM<\/strong> est revenu sur son confinement. <em>\u00ab Je ne suis pas du tout quelqu&rsquo;un qui va se morfondre \u00bb<\/em> assume-t-il. <em>\u00ab Il y a toujours du positif, quoiqu&rsquo;il se passe. Il faut juste savoir s&rsquo;adapter et cela permet de voir les choses autrement. [&#8230;] Personnellement, en temps normal, je passe plus de temps avec mes co\u00e9quipiers de l&rsquo;\u00e9quipe de France qu&rsquo;avec ma copine. L\u00e0, j&rsquo;ai pass\u00e9 deux mois complets avec elle, elle s&rsquo;en est r\u00e9jouie \u00bb<\/em>. Un mal pour un bien en somme.<\/p>\n<h2 style=\"text-align: justify;\">La retraite de Johannes Boe en 2026<\/h2>\n<p style=\"text-align: justify;\">Interrog\u00e9 par nos confr\u00e8res sur l&rsquo;annonce de <strong>Johannes Boe<\/strong> concernant <a href=\"https:\/\/dicodusport.fr\/blog\/biathlon-johannes-boe-pense-arreter-en-2026\/#boe\" target=\"_blank\" rel=\"noopener noreferrer\">sa probable retraite \u00e0 l&rsquo;issue des <strong>JO de 2026<\/strong><\/a>, <strong>Quentin Fillon Maillet<\/strong> n&rsquo;a pas manqu\u00e9 de r\u00e9agir avec humour. Le biathl\u00e8te de 27 ans pr\u00e9vient n\u00e9anmoins qu&rsquo;il faut \u00eatre vigilant sur le sens de la d\u00e9claration du Norv\u00e9gien.<\/p>\n<blockquote>\n<p style=\"text-align: justify;\">C&rsquo;est s\u00fbr que Johannes Boe est un adversaire de taille. Apr\u00e8s, \u00e7a me fait un peu rire ce genre d&rsquo;annonce. Il annonce qu&rsquo;il sera l\u00e0 jusqu&rsquo;en 2026 si tout se passe bien. Mais si la saison prochaine il n&rsquo;a plus les m\u00eames r\u00e9sultats ou qu&rsquo;une quelconque raison le pousse \u00e0 arr\u00eater, peut-\u00eatre qu&rsquo;il n&rsquo;arrivera pas jusqu&rsquo;en 2026. \u00c0 mon avis, le sens, ce n&rsquo;est pas \u00ab\u00a0je vais jusqu&rsquo;en 2026\u00a0\u00bb, c&rsquo;est plut\u00f4t \u00ab\u00a0j&rsquo;ai envie d&rsquo;aller jusqu&rsquo;en 2026\u00a0\u00bb.<\/p>\n<\/blockquote>\n<p style=\"text-align: justify;\"><strong>Quentin Fillon Maillet<\/strong>, lui, ne se fixe pas de date pour sa fin de carri\u00e8re. Toujours concernant le double vainqueur en titre du gros globe de cristal, ce dernier a r\u00e9cemment d\u00e9clar\u00e9 qu&rsquo;il n&rsquo;irait probablement pas \u00e0 P\u00e9kin pour l&rsquo;\u00e9tape pr\u00e9-olympique (26\/02 au 1\/03\/21). Le Fran\u00e7ais semble sur la m\u00eame longueur d&rsquo;ondes. <em>\u00ab Strat\u00e9giquement, par rapport \u00e0 la fatigue engrang\u00e9e sur toute une saison, s&rsquo;il y a une \u00e9tape \u00e0 \u00e9viter, c&rsquo;est \u00e0 mon sens la pr\u00e9-olympique \u00bb<\/em> affirme-t-il.<\/p>\n<p style=\"text-align: justify;\"><em>\u00ab Je prends l&rsquo;exemple d&rsquo;Emil Svendsen qui n&rsquo;a fait aucune \u00e9tape pr\u00e9-olympique et qui pour le coup, n&rsquo;est pas revenu sans m\u00e9daille l&rsquo;ann\u00e9e suivante. \u00bb\u00a0<\/em>Quand on sait que cette \u00e9tape chinoise aura lieu cinq jours apr\u00e8s la fin des <strong>Mondiaux de Pokljuka<\/strong>, il est facile d&rsquo;imaginer que beaucoup de biathl\u00e8tes ne feront pas le d\u00e9placement. N\u00e9anmoins, le Tricolore pr\u00e9vient. <em>\u00ab Je d\u00e9ciderai en temps voulu. Si je suis bien plac\u00e9 au g\u00e9n\u00e9ral, j&rsquo;irai sur toutes les \u00e9tapes. \u00bb <\/em>Voil\u00e0 qui est dit.<\/p>\n<div id=\"attachment_58040\" style=\"width: 810px\" class=\"wp-caption aligncenter\"><a href=\"http:\/\/dicodusport.fr\/blog\/wp-content\/uploads\/2020\/01\/Biathlon-Pokljuka-Quentin-Fillon-Maillet-remporte-la-mass-start-.png\"><img loading=\"lazy\" decoding=\"async\" aria-describedby=\"caption-attachment-58040\" class=\"size-full wp-image-58040\" src=\"http:\/\/dicodusport.fr\/blog\/wp-content\/uploads\/2020\/01\/Biathlon-Pokljuka-Quentin-Fillon-Maillet-remporte-la-mass-start-.png\" alt=\"Biathlon - Pokljuka - Quentin Fillon Maillet remporte la mass start\" width=\"800\" height=\"445\" srcset=\"https:\/\/dicodusport.fr\/blog\/wp-content\/uploads\/2020\/01\/Biathlon-Pokljuka-Quentin-Fillon-Maillet-remporte-la-mass-start-.png 800w, https:\/\/dicodusport.fr\/blog\/wp-content\/uploads\/2020\/01\/Biathlon-Pokljuka-Quentin-Fillon-Maillet-remporte-la-mass-start--300x167.png 300w, https:\/\/dicodusport.fr\/blog\/wp-content\/uploads\/2020\/01\/Biathlon-Pokljuka-Quentin-Fillon-Maillet-remporte-la-mass-start--768x427.png 768w\" sizes=\"auto, (max-width: 800px) 100vw, 800px\" \/><\/a><p id=\"caption-attachment-58040\" class=\"wp-caption-text\">Quentin Fillon Maillet lors du relais masculin de Ruhpolding, en janvier dernier &#8211; AFP<\/p><\/div>\n<h2 style=\"text-align: justify;\">L&rsquo;arriv\u00e9e du super-sprint en Coupe du monde<\/h2>\n<p style=\"text-align: justify;\">Durant le point presse, nous avons interrog\u00e9 <strong>Quentin Fillon Maillet<\/strong> sur l&rsquo;arriv\u00e9e du super-sprint au calendrier. <a href=\"https:\/\/biathlonlive.com\/coupe-du-monde\/la-presence-du-super-sprint-en-fin-de-saison-fait-debat\/\" target=\"_blank\" rel=\"noopener noreferrer\">Comme <strong>Johannes Boe<\/strong> il y a peu<\/a>, l&rsquo;homme aux 26 podiums individuels en Coupe du monde semble plut\u00f4t dubitatif. Et pour cause.<\/p>\n<blockquote>\n<p style=\"text-align: justify;\">C&rsquo;est une \u00e9preuve sur laquelle je n&rsquo;ai pas encore couru. J&rsquo;ai juste eu les retours d&rsquo;Antonin (Guigonnat) et Fabien (Claude) qui eux ont couru sur ce format en IBU Cup. Personnellement, je ne suis pas sp\u00e9cialement pour. Les premiers retours, justement, ne sont pas exceptionnels, le tir prenant une place trop importante avec le ski d\u00e9laiss\u00e9. Je pense qu&rsquo;il faut un compromis entre ski et tir. Apr\u00e8s, j&rsquo;ai envie de me faire mon propre avis.<\/p>\n<\/blockquote>\n<h2 style=\"text-align: justify;\">Le leadership en \u00e9quipe de France<\/h2>\n<p style=\"text-align: justify;\">Enfin, <strong>Quentin Fillon Maillet<\/strong> a abord\u00e9 ce nouveau r\u00f4le avec les Bleus, suite au d\u00e9part \u00e0 la retraite de <a href=\"https:\/\/dicodusport.fr\/blog\/tag\/martin-fourcade\/\" target=\"_blank\" rel=\"noopener noreferrer\"><strong>Martin Fourcade<\/strong><\/a>. Troisi\u00e8me du g\u00e9n\u00e9ral lors des deux derni\u00e8res saisons et impressionnant de r\u00e9gularit\u00e9, le champion du monde du relais masculin \u00e0 Antholz se sait attendu. Sans pour autant en faire une fixation, bien au contraire.<\/p>\n<blockquote>\n<p style=\"text-align: justify;\">Il y a un leadership sportif sur lequel je souhaite m&rsquo;imposer en tant que meilleur fran\u00e7ais l&rsquo;hiver prochain. Apr\u00e8s, il n&rsquo;y a pas sp\u00e9cialement de capitaine dans l&rsquo;\u00e9quipe. Il y a un aspect de coh\u00e9sion d&rsquo;\u00e9quipe qui est important. Par exemple, j&rsquo;essaye de donner le maximum d&rsquo;informations aux plus jeunes et eux peuvent aussi me donner certaines pistes de travail. Cet aspect du leadership, il ne se ressent pas sp\u00e9cialement en \u00e9quipe de France, je ne souhaite pas instaurer une \u00e9tiquette de capitaine.<\/p>\n<\/blockquote>\n<p style=\"text-align: justify;\">D\u00e9sormais, <strong>Quentin Fillon Maillet<\/strong> va monter en puissance dans sa pr\u00e9paration. Avant de retrouver d\u00e9but juin, \u00e0 Pr\u00e9manon (Jura), le reste de l&rsquo;\u00e9quipe de France pour le premier stage de la saison.<\/p>\n<ul>\n<li style=\"text-align: justify;\"><strong>\u00c0 lire aussi &#8211; <a href=\"https:\/\/dicodusport.fr\/blog\/fillon-maillet-fourcade-du-mal-me-dire-dehors-groupe\/\" target=\"_blank\" rel=\"noopener noreferrer\">Quentin Fillon Maillet \u00e0 propos de Fourcade : \u00ab J\u2019ai du mal \u00e0 me dire qu\u2019il est en dehors du groupe \u00bb<\/a><\/strong><\/li>\n<\/ul>\n<p><strong><em>Dicodusport<br \/>\n<a href=\"https:\/\/www.facebook.com\/dicodusport\/\" target=\"_blank\" rel=\"noopener noreferrer\"><img loading=\"lazy\" decoding=\"async\" class=\"alignnone wp-image-2909\" src=\"http:\/\/dicodusport.fr\/blog\/wp-content\/uploads\/2017\/07\/logo-facebook-150x150.png\" alt=\"\" width=\"40\" height=\"40\" \/><\/a><a href=\"https:\/\/twitter.com\/dicodusport\" target=\"_blank\" rel=\"noopener noreferrer\"><img loading=\"lazy\" decoding=\"async\" class=\"alignnone wp-image-2908\" src=\"http:\/\/dicodusport.fr\/blog\/wp-content\/uploads\/2017\/07\/logo-twitter-150x150.png\" alt=\"\" width=\"39\" height=\"39\" \/><\/a><\/em><\/strong><\/p>\n","protected":false},"excerpt":{"rendered":"<p>BIATHLON &#8211; Troisi\u00e8me de la Coupe du monde 2019-2020 et champion du monde avec le relais masculin \u00e0 Antholz, Quentin Fillon Maillet a r\u00e9pondu aux journalistes lors d&rsquo;un point presse en visioconf\u00e9rence, organis\u00e9 ce jeudi.\u00a0<\/p>\n","protected":false},"author":4,"featured_media":66792,"comment_status":"open","ping_status":"closed","sticky":false,"template":"","format":"standard","meta":{"_acf_changed":false,"_daextam_enable_autolinks":"","footnotes":""},"categories":[2426],"tags":[2427,3745,24],"class_list":["post-66723","post","type-post","status-publish","format-standard","has-post-thumbnail","hentry","category-biathlon","tag-biathlon","tag-quentin-fillon-maillet","tag-sport"],"acf":[],"yoast_head":"<!-- This site is optimized with the Yoast SEO Premium plugin v26.7 (Yoast SEO v26.7) - https:\/\/yoast.com\/wordpress\/plugins\/seo\/ -->\n<title>Quentin Fillon Maillet : \u00ab Les objectifs seront les m\u00eames \u00bb<\/title>\n<meta name=\"description\" content=\"BIATHLON - Troisi\u00e8me de la Coupe du monde 2019-2020 et champion du monde avec le relais masculin \u00e0 Antholz, Quentin Fillon Maillet a r\u00e9pondu aux journalistes lors d&#039;un point presse en visioconf\u00e9rence, organis\u00e9 ce jeudi.\u00a0\" \/>\n<meta name=\"robots\" content=\"index, follow, max-snippet:-1, max-image-preview:large, max-video-preview:-1\" \/>\n<link rel=\"canonical\" href=\"https:\/\/dicodusport.fr\/blog\/quentin-fillon-maillet-les-objectifs-seront-les-memes\/\" \/>\n<meta property=\"og:locale\" content=\"fr_FR\" \/>\n<meta property=\"og:type\" content=\"article\" \/>\n<meta property=\"og:title\" content=\"Quentin Fillon Maillet : \u00ab Les objectifs seront les m\u00eames \u00bb\" \/>\n<meta property=\"og:description\" content=\"BIATHLON - Troisi\u00e8me de la Coupe du monde 2019-2020 et champion du monde avec le relais masculin \u00e0 Antholz, Quentin Fillon Maillet a r\u00e9pondu aux journalistes lors d&#039;un point presse en visioconf\u00e9rence, organis\u00e9 ce jeudi.\u00a0\" \/>\n<meta property=\"og:url\" content=\"https:\/\/dicodusport.fr\/blog\/quentin-fillon-maillet-les-objectifs-seront-les-memes\/\" \/>\n<meta property=\"og:site_name\" content=\"Dicodusport\" \/>\n<meta property=\"article:publisher\" content=\"https:\/\/www.facebook.com\/dicodusport\" \/>\n<meta property=\"article:author\" content=\"https:\/\/www.facebook.com\/florent.ostermann\" \/>\n<meta property=\"article:published_time\" content=\"2020-05-14T15:46:23+00:00\" \/>\n<meta property=\"article:modified_time\" content=\"2020-05-14T18:14:55+00:00\" \/>\n<meta property=\"og:image\" content=\"https:\/\/dicodusport.fr\/blog\/wp-content\/uploads\/2020\/05\/Quentin-Fillon-Maillet-_-Les-objectifs-seront-les-m\u00eames.png\" \/>\n\t<meta property=\"og:image:width\" content=\"800\" \/>\n\t<meta property=\"og:image:height\" content=\"445\" \/>\n\t<meta property=\"og:image:type\" content=\"image\/png\" \/>\n<meta name=\"author\" content=\"Flo Ostermann\" \/>\n<meta name=\"twitter:card\" content=\"summary_large_image\" \/>\n<meta name=\"twitter:title\" content=\"Quentin Fillon Maillet : \u00ab Les objectifs seront les m\u00eames \u00bb\" \/>\n<meta name=\"twitter:creator\" content=\"@https:\/\/twitter.com\/FlOstermann\" \/>\n<meta name=\"twitter:site\" content=\"@dicodusport\" \/>\n<script type=\"application\/ld+json\" class=\"yoast-schema-graph\">{\"@context\":\"https:\/\/schema.org\",\"@graph\":[{\"@type\":\"NewsArticle\",\"@id\":\"https:\/\/dicodusport.fr\/blog\/quentin-fillon-maillet-les-objectifs-seront-les-memes\/#article\",\"isPartOf\":{\"@id\":\"https:\/\/dicodusport.fr\/blog\/quentin-fillon-maillet-les-objectifs-seront-les-memes\/\"},\"author\":{\"name\":\"Flo Ostermann\",\"@id\":\"https:\/\/dicodusport.fr\/blog\/#\/schema\/person\/cb02af4c173ce4a653b55e9baf388d4a\"},\"headline\":\"Quentin Fillon Maillet : \u00ab Les objectifs seront les m\u00eames \u00bb\",\"datePublished\":\"2020-05-14T15:46:23+00:00\",\"dateModified\":\"2020-05-14T18:14:55+00:00\",\"mainEntityOfPage\":{\"@id\":\"https:\/\/dicodusport.fr\/blog\/quentin-fillon-maillet-les-objectifs-seront-les-memes\/\"},\"wordCount\":992,\"commentCount\":0,\"publisher\":{\"@id\":\"https:\/\/dicodusport.fr\/blog\/#organization\"},\"image\":{\"@id\":\"https:\/\/dicodusport.fr\/blog\/quentin-fillon-maillet-les-objectifs-seront-les-memes\/#primaryimage\"},\"thumbnailUrl\":\"https:\/\/dicodusport.fr\/blog\/wp-content\/uploads\/2020\/05\/Quentin-Fillon-Maillet-_-Les-objectifs-seront-les-m\u00eames.png\",\"keywords\":[\"Biathlon\",\"Quentin Fillon Maillet\",\"sport\"],\"articleSection\":[\"Biathlon\"],\"inLanguage\":\"fr-FR\",\"potentialAction\":[{\"@type\":\"CommentAction\",\"name\":\"Comment\",\"target\":[\"https:\/\/dicodusport.fr\/blog\/quentin-fillon-maillet-les-objectifs-seront-les-memes\/#respond\"]}],\"copyrightYear\":\"2020\",\"copyrightHolder\":{\"@id\":\"https:\/\/dicodusport.fr\/blog\/#organization\"}},{\"@type\":\"WebPage\",\"@id\":\"https:\/\/dicodusport.fr\/blog\/quentin-fillon-maillet-les-objectifs-seront-les-memes\/\",\"url\":\"https:\/\/dicodusport.fr\/blog\/quentin-fillon-maillet-les-objectifs-seront-les-memes\/\",\"name\":\"Quentin Fillon Maillet : \u00ab Les objectifs seront les m\u00eames \u00bb\",\"isPartOf\":{\"@id\":\"https:\/\/dicodusport.fr\/blog\/#website\"},\"primaryImageOfPage\":{\"@id\":\"https:\/\/dicodusport.fr\/blog\/quentin-fillon-maillet-les-objectifs-seront-les-memes\/#primaryimage\"},\"image\":{\"@id\":\"https:\/\/dicodusport.fr\/blog\/quentin-fillon-maillet-les-objectifs-seront-les-memes\/#primaryimage\"},\"thumbnailUrl\":\"https:\/\/dicodusport.fr\/blog\/wp-content\/uploads\/2020\/05\/Quentin-Fillon-Maillet-_-Les-objectifs-seront-les-m\u00eames.png\",\"datePublished\":\"2020-05-14T15:46:23+00:00\",\"dateModified\":\"2020-05-14T18:14:55+00:00\",\"description\":\"BIATHLON - Troisi\u00e8me de la Coupe du monde 2019-2020 et champion du monde avec le relais masculin \u00e0 Antholz, Quentin Fillon Maillet a r\u00e9pondu aux journalistes lors d'un point presse en visioconf\u00e9rence, organis\u00e9 ce jeudi.\u00a0\",\"breadcrumb\":{\"@id\":\"https:\/\/dicodusport.fr\/blog\/quentin-fillon-maillet-les-objectifs-seront-les-memes\/#breadcrumb\"},\"inLanguage\":\"fr-FR\",\"potentialAction\":[{\"@type\":\"ReadAction\",\"target\":[\"https:\/\/dicodusport.fr\/blog\/quentin-fillon-maillet-les-objectifs-seront-les-memes\/\"]}]},{\"@type\":\"ImageObject\",\"inLanguage\":\"fr-FR\",\"@id\":\"https:\/\/dicodusport.fr\/blog\/quentin-fillon-maillet-les-objectifs-seront-les-memes\/#primaryimage\",\"url\":\"https:\/\/dicodusport.fr\/blog\/wp-content\/uploads\/2020\/05\/Quentin-Fillon-Maillet-_-Les-objectifs-seront-les-m\u00eames.png\",\"contentUrl\":\"https:\/\/dicodusport.fr\/blog\/wp-content\/uploads\/2020\/05\/Quentin-Fillon-Maillet-_-Les-objectifs-seront-les-m\u00eames.png\",\"width\":800,\"height\":445,\"caption\":\"Quentin Fillon Maillet : \u00ab Les objectifs seront les m\u00eames \u00bb\"},{\"@type\":\"BreadcrumbList\",\"@id\":\"https:\/\/dicodusport.fr\/blog\/quentin-fillon-maillet-les-objectifs-seront-les-memes\/#breadcrumb\",\"itemListElement\":[{\"@type\":\"ListItem\",\"position\":1,\"name\":\"Accueil\",\"item\":\"https:\/\/dicodusport.fr\/blog\/\"},{\"@type\":\"ListItem\",\"position\":2,\"name\":\"Quentin Fillon Maillet : \u00ab Les objectifs seront les m\u00eames \u00bb\"}]},{\"@type\":\"WebSite\",\"@id\":\"https:\/\/dicodusport.fr\/blog\/#website\",\"url\":\"https:\/\/dicodusport.fr\/blog\/\",\"name\":\"Dicodusport\",\"description\":\"L&#039;encyclop\u00e9die de l&#039;actualit\u00e9 sportive\",\"publisher\":{\"@id\":\"https:\/\/dicodusport.fr\/blog\/#organization\"},\"potentialAction\":[{\"@type\":\"SearchAction\",\"target\":{\"@type\":\"EntryPoint\",\"urlTemplate\":\"https:\/\/dicodusport.fr\/blog\/?s={search_term_string}\"},\"query-input\":{\"@type\":\"PropertyValueSpecification\",\"valueRequired\":true,\"valueName\":\"search_term_string\"}}],\"inLanguage\":\"fr-FR\"},{\"@type\":\"NewsMediaOrganization\",\"@id\":\"https:\/\/dicodusport.fr\/blog\/#organization\",\"name\":\"Dicodusport\",\"url\":\"https:\/\/dicodusport.fr\/blog\/\",\"logo\":{\"@type\":\"ImageObject\",\"inLanguage\":\"fr-FR\",\"@id\":\"https:\/\/dicodusport.fr\/blog\/#\/schema\/logo\/image\/\",\"url\":\"https:\/\/dicodusport.fr\/blog\/wp-content\/uploads\/2020\/06\/cropped-LOGO-DICODUSPORT-2020-SANS-FOND-SANS-TEXTE.png\",\"contentUrl\":\"https:\/\/dicodusport.fr\/blog\/wp-content\/uploads\/2020\/06\/cropped-LOGO-DICODUSPORT-2020-SANS-FOND-SANS-TEXTE.png\",\"width\":512,\"height\":512,\"caption\":\"Dicodusport\"},\"image\":{\"@id\":\"https:\/\/dicodusport.fr\/blog\/#\/schema\/logo\/image\/\"},\"sameAs\":[\"https:\/\/www.facebook.com\/dicodusport\",\"https:\/\/x.com\/dicodusport\",\"https:\/\/www.instagram.com\/dicodusport\/\",\"https:\/\/www.youtube.com\/channel\/UC7V2KZ5sd3htJivAbA4ZG3w\"],\"description\":\"Dicodusport est l'encyclop\u00e9die de l'actualit\u00e9 sportive.\",\"email\":\"bonjour@dicodusport.fr\",\"legalName\":\"DICODUSPORT\",\"foundingDate\":\"2018-01-14\",\"vatID\":\"FR71834470973\",\"taxID\":\"83447097300043\",\"numberOfEmployees\":{\"@type\":\"QuantitativeValue\",\"minValue\":\"1\",\"maxValue\":\"10\"}},{\"@type\":\"Person\",\"@id\":\"https:\/\/dicodusport.fr\/blog\/#\/schema\/person\/cb02af4c173ce4a653b55e9baf388d4a\",\"name\":\"Flo Ostermann\",\"image\":{\"@type\":\"ImageObject\",\"inLanguage\":\"fr-FR\",\"@id\":\"https:\/\/dicodusport.fr\/blog\/#\/schema\/person\/image\/\",\"url\":\"https:\/\/dicodusport.fr\/blog\/wp-content\/uploads\/2021\/05\/Flo-Ostermann-150x150.jpg\",\"contentUrl\":\"https:\/\/dicodusport.fr\/blog\/wp-content\/uploads\/2021\/05\/Flo-Ostermann-150x150.jpg\",\"caption\":\"Flo Ostermann\"},\"description\":\"Journaliste\/R\u00e9dacteur depuis septembre 2015 - Mes premiers souvenirs dans le sport ? Les envol\u00e9es du Stade Toulousain et les duels Villeneuve-Schumacher et H\u00e4kkinen-Schumacher \u00e0 la fin des ann\u00e9es 90, la Coupe du monde de football en 1998, l\u2019exploit du XV de France face aux All Blacks en 1999, mais aussi Richard C\u0153ur de Lion qui vole sur les montagnes du Tour de France. Bien parti pour devenir professeur d\u2019EPS, les \u00e9v\u00e9nements de la vie (et la flemme d\u2019animer des s\u00e9ances de 3x500 m\u00e8tres toute ma vie) m\u2019ont conduit \u00e0 revoir mes plans. Me voil\u00e0 depuis fin 2017 sur Dicodusport, m\u00e9dia gr\u00e2ce (et pour) lequel je partage ma passion : le sport dans tous ses \u00e9tats. Le tout accompagn\u00e9 par les fous furieux et folles furieuses cit\u00e9s sur cette page !\",\"sameAs\":[\"https:\/\/www.facebook.com\/florent.ostermann\",\"https:\/\/x.com\/https:\/\/twitter.com\/FlOstermann\",\"admin\"],\"url\":\"https:\/\/dicodusport.fr\/blog\/author\/flo\/\"}]}<\/script>\n<!-- \/ Yoast SEO Premium plugin. -->","yoast_head_json":{"title":"Quentin Fillon Maillet : \u00ab Les objectifs seront les m\u00eames \u00bb","description":"BIATHLON - Troisi\u00e8me de la Coupe du monde 2019-2020 et champion du monde avec le relais masculin \u00e0 Antholz, Quentin Fillon Maillet a r\u00e9pondu aux journalistes lors d'un point presse en visioconf\u00e9rence, organis\u00e9 ce jeudi.\u00a0","robots":{"index":"index","follow":"follow","max-snippet":"max-snippet:-1","max-image-preview":"max-image-preview:large","max-video-preview":"max-video-preview:-1"},"canonical":"https:\/\/dicodusport.fr\/blog\/quentin-fillon-maillet-les-objectifs-seront-les-memes\/","og_locale":"fr_FR","og_type":"article","og_title":"Quentin Fillon Maillet : \u00ab Les objectifs seront les m\u00eames \u00bb","og_description":"BIATHLON - Troisi\u00e8me de la Coupe du monde 2019-2020 et champion du monde avec le relais masculin \u00e0 Antholz, Quentin Fillon Maillet a r\u00e9pondu aux journalistes lors d'un point presse en visioconf\u00e9rence, organis\u00e9 ce jeudi.\u00a0","og_url":"https:\/\/dicodusport.fr\/blog\/quentin-fillon-maillet-les-objectifs-seront-les-memes\/","og_site_name":"Dicodusport","article_publisher":"https:\/\/www.facebook.com\/dicodusport","article_author":"https:\/\/www.facebook.com\/florent.ostermann","article_published_time":"2020-05-14T15:46:23+00:00","article_modified_time":"2020-05-14T18:14:55+00:00","og_image":[{"width":800,"height":445,"url":"https:\/\/dicodusport.fr\/blog\/wp-content\/uploads\/2020\/05\/Quentin-Fillon-Maillet-_-Les-objectifs-seront-les-m\u00eames.png","type":"image\/png"}],"author":"Flo Ostermann","twitter_card":"summary_large_image","twitter_title":"Quentin Fillon Maillet : \u00ab Les objectifs seront les m\u00eames \u00bb","twitter_creator":"@https:\/\/twitter.com\/FlOstermann","twitter_site":"@dicodusport","schema":{"@context":"https:\/\/schema.org","@graph":[{"@type":"NewsArticle","@id":"https:\/\/dicodusport.fr\/blog\/quentin-fillon-maillet-les-objectifs-seront-les-memes\/#article","isPartOf":{"@id":"https:\/\/dicodusport.fr\/blog\/quentin-fillon-maillet-les-objectifs-seront-les-memes\/"},"author":{"name":"Flo Ostermann","@id":"https:\/\/dicodusport.fr\/blog\/#\/schema\/person\/cb02af4c173ce4a653b55e9baf388d4a"},"headline":"Quentin Fillon Maillet : \u00ab Les objectifs seront les m\u00eames \u00bb","datePublished":"2020-05-14T15:46:23+00:00","dateModified":"2020-05-14T18:14:55+00:00","mainEntityOfPage":{"@id":"https:\/\/dicodusport.fr\/blog\/quentin-fillon-maillet-les-objectifs-seront-les-memes\/"},"wordCount":992,"commentCount":0,"publisher":{"@id":"https:\/\/dicodusport.fr\/blog\/#organization"},"image":{"@id":"https:\/\/dicodusport.fr\/blog\/quentin-fillon-maillet-les-objectifs-seront-les-memes\/#primaryimage"},"thumbnailUrl":"https:\/\/dicodusport.fr\/blog\/wp-content\/uploads\/2020\/05\/Quentin-Fillon-Maillet-_-Les-objectifs-seront-les-m\u00eames.png","keywords":["Biathlon","Quentin Fillon Maillet","sport"],"articleSection":["Biathlon"],"inLanguage":"fr-FR","potentialAction":[{"@type":"CommentAction","name":"Comment","target":["https:\/\/dicodusport.fr\/blog\/quentin-fillon-maillet-les-objectifs-seront-les-memes\/#respond"]}],"copyrightYear":"2020","copyrightHolder":{"@id":"https:\/\/dicodusport.fr\/blog\/#organization"}},{"@type":"WebPage","@id":"https:\/\/dicodusport.fr\/blog\/quentin-fillon-maillet-les-objectifs-seront-les-memes\/","url":"https:\/\/dicodusport.fr\/blog\/quentin-fillon-maillet-les-objectifs-seront-les-memes\/","name":"Quentin Fillon Maillet : \u00ab Les objectifs seront les m\u00eames \u00bb","isPartOf":{"@id":"https:\/\/dicodusport.fr\/blog\/#website"},"primaryImageOfPage":{"@id":"https:\/\/dicodusport.fr\/blog\/quentin-fillon-maillet-les-objectifs-seront-les-memes\/#primaryimage"},"image":{"@id":"https:\/\/dicodusport.fr\/blog\/quentin-fillon-maillet-les-objectifs-seront-les-memes\/#primaryimage"},"thumbnailUrl":"https:\/\/dicodusport.fr\/blog\/wp-content\/uploads\/2020\/05\/Quentin-Fillon-Maillet-_-Les-objectifs-seront-les-m\u00eames.png","datePublished":"2020-05-14T15:46:23+00:00","dateModified":"2020-05-14T18:14:55+00:00","description":"BIATHLON - Troisi\u00e8me de la Coupe du monde 2019-2020 et champion du monde avec le relais masculin \u00e0 Antholz, Quentin Fillon Maillet a r\u00e9pondu aux journalistes lors d'un point presse en visioconf\u00e9rence, organis\u00e9 ce jeudi.\u00a0","breadcrumb":{"@id":"https:\/\/dicodusport.fr\/blog\/quentin-fillon-maillet-les-objectifs-seront-les-memes\/#breadcrumb"},"inLanguage":"fr-FR","potentialAction":[{"@type":"ReadAction","target":["https:\/\/dicodusport.fr\/blog\/quentin-fillon-maillet-les-objectifs-seront-les-memes\/"]}]},{"@type":"ImageObject","inLanguage":"fr-FR","@id":"https:\/\/dicodusport.fr\/blog\/quentin-fillon-maillet-les-objectifs-seront-les-memes\/#primaryimage","url":"https:\/\/dicodusport.fr\/blog\/wp-content\/uploads\/2020\/05\/Quentin-Fillon-Maillet-_-Les-objectifs-seront-les-m\u00eames.png","contentUrl":"https:\/\/dicodusport.fr\/blog\/wp-content\/uploads\/2020\/05\/Quentin-Fillon-Maillet-_-Les-objectifs-seront-les-m\u00eames.png","width":800,"height":445,"caption":"Quentin Fillon Maillet : \u00ab Les objectifs seront les m\u00eames \u00bb"},{"@type":"BreadcrumbList","@id":"https:\/\/dicodusport.fr\/blog\/quentin-fillon-maillet-les-objectifs-seront-les-memes\/#breadcrumb","itemListElement":[{"@type":"ListItem","position":1,"name":"Accueil","item":"https:\/\/dicodusport.fr\/blog\/"},{"@type":"ListItem","position":2,"name":"Quentin Fillon Maillet : \u00ab Les objectifs seront les m\u00eames \u00bb"}]},{"@type":"WebSite","@id":"https:\/\/dicodusport.fr\/blog\/#website","url":"https:\/\/dicodusport.fr\/blog\/","name":"Dicodusport","description":"L&#039;encyclop\u00e9die de l&#039;actualit\u00e9 sportive","publisher":{"@id":"https:\/\/dicodusport.fr\/blog\/#organization"},"potentialAction":[{"@type":"SearchAction","target":{"@type":"EntryPoint","urlTemplate":"https:\/\/dicodusport.fr\/blog\/?s={search_term_string}"},"query-input":{"@type":"PropertyValueSpecification","valueRequired":true,"valueName":"search_term_string"}}],"inLanguage":"fr-FR"},{"@type":"NewsMediaOrganization","@id":"https:\/\/dicodusport.fr\/blog\/#organization","name":"Dicodusport","url":"https:\/\/dicodusport.fr\/blog\/","logo":{"@type":"ImageObject","inLanguage":"fr-FR","@id":"https:\/\/dicodusport.fr\/blog\/#\/schema\/logo\/image\/","url":"https:\/\/dicodusport.fr\/blog\/wp-content\/uploads\/2020\/06\/cropped-LOGO-DICODUSPORT-2020-SANS-FOND-SANS-TEXTE.png","contentUrl":"https:\/\/dicodusport.fr\/blog\/wp-content\/uploads\/2020\/06\/cropped-LOGO-DICODUSPORT-2020-SANS-FOND-SANS-TEXTE.png","width":512,"height":512,"caption":"Dicodusport"},"image":{"@id":"https:\/\/dicodusport.fr\/blog\/#\/schema\/logo\/image\/"},"sameAs":["https:\/\/www.facebook.com\/dicodusport","https:\/\/x.com\/dicodusport","https:\/\/www.instagram.com\/dicodusport\/","https:\/\/www.youtube.com\/channel\/UC7V2KZ5sd3htJivAbA4ZG3w"],"description":"Dicodusport est l'encyclop\u00e9die de l'actualit\u00e9 sportive.","email":"bonjour@dicodusport.fr","legalName":"DICODUSPORT","foundingDate":"2018-01-14","vatID":"FR71834470973","taxID":"83447097300043","numberOfEmployees":{"@type":"QuantitativeValue","minValue":"1","maxValue":"10"}},{"@type":"Person","@id":"https:\/\/dicodusport.fr\/blog\/#\/schema\/person\/cb02af4c173ce4a653b55e9baf388d4a","name":"Flo Ostermann","image":{"@type":"ImageObject","inLanguage":"fr-FR","@id":"https:\/\/dicodusport.fr\/blog\/#\/schema\/person\/image\/","url":"https:\/\/dicodusport.fr\/blog\/wp-content\/uploads\/2021\/05\/Flo-Ostermann-150x150.jpg","contentUrl":"https:\/\/dicodusport.fr\/blog\/wp-content\/uploads\/2021\/05\/Flo-Ostermann-150x150.jpg","caption":"Flo Ostermann"},"description":"Journaliste\/R\u00e9dacteur depuis septembre 2015 - Mes premiers souvenirs dans le sport ? Les envol\u00e9es du Stade Toulousain et les duels Villeneuve-Schumacher et H\u00e4kkinen-Schumacher \u00e0 la fin des ann\u00e9es 90, la Coupe du monde de football en 1998, l\u2019exploit du XV de France face aux All Blacks en 1999, mais aussi Richard C\u0153ur de Lion qui vole sur les montagnes du Tour de France. Bien parti pour devenir professeur d\u2019EPS, les \u00e9v\u00e9nements de la vie (et la flemme d\u2019animer des s\u00e9ances de 3x500 m\u00e8tres toute ma vie) m\u2019ont conduit \u00e0 revoir mes plans. Me voil\u00e0 depuis fin 2017 sur Dicodusport, m\u00e9dia gr\u00e2ce (et pour) lequel je partage ma passion : le sport dans tous ses \u00e9tats. Le tout accompagn\u00e9 par les fous furieux et folles furieuses cit\u00e9s sur cette page !","sameAs":["https:\/\/www.facebook.com\/florent.ostermann","https:\/\/x.com\/https:\/\/twitter.com\/FlOstermann","admin"],"url":"https:\/\/dicodusport.fr\/blog\/author\/flo\/"}]}},"_links":{"self":[{"href":"https:\/\/dicodusport.fr\/blog\/wp-json\/wp\/v2\/posts\/66723","targetHints":{"allow":["GET"]}}],"collection":[{"href":"https:\/\/dicodusport.fr\/blog\/wp-json\/wp\/v2\/posts"}],"about":[{"href":"https:\/\/dicodusport.fr\/blog\/wp-json\/wp\/v2\/types\/post"}],"author":[{"embeddable":true,"href":"https:\/\/dicodusport.fr\/blog\/wp-json\/wp\/v2\/users\/4"}],"replies":[{"embeddable":true,"href":"https:\/\/dicodusport.fr\/blog\/wp-json\/wp\/v2\/comments?post=66723"}],"version-history":[{"count":0,"href":"https:\/\/dicodusport.fr\/blog\/wp-json\/wp\/v2\/posts\/66723\/revisions"}],"wp:featuredmedia":[{"embeddable":true,"href":"https:\/\/dicodusport.fr\/blog\/wp-json\/wp\/v2\/media\/66792"}],"wp:attachment":[{"href":"https:\/\/dicodusport.fr\/blog\/wp-json\/wp\/v2\/media?parent=66723"}],"wp:term":[{"taxonomy":"category","embeddable":true,"href":"https:\/\/dicodusport.fr\/blog\/wp-json\/wp\/v2\/categories?post=66723"},{"taxonomy":"post_tag","embeddable":true,"href":"https:\/\/dicodusport.fr\/blog\/wp-json\/wp\/v2\/tags?post=66723"}],"curies":[{"name":"wp","href":"https:\/\/api.w.org\/{rel}","templated":true}]}}