{"id":66783,"date":"2020-05-14T17:17:31","date_gmt":"2020-05-14T15:17:31","guid":{"rendered":"http:\/\/dicodusport.fr\/blog\/?p=66783&#038;preview=true&#038;preview_id=66783"},"modified":"2020-05-14T17:24:37","modified_gmt":"2020-05-14T15:24:37","slug":"et-si-chris-froome-quittait-ineos-avant-tour-de-france","status":"publish","type":"post","link":"https:\/\/dicodusport.fr\/blog\/et-si-chris-froome-quittait-ineos-avant-tour-de-france\/","title":{"rendered":"Et si Chris Froome quittait Ineos avant le Tour de France ?"},"content":{"rendered":"<p style=\"text-align: justify;\"><strong><em>CYCLISME &#8211; Selon nos confr\u00e8res de <a href=\"https:\/\/www.cyclingnews.com\/news\/chris-froome-in-discussions-over-a-mid-season-transfer\/\" target=\"_blank\" rel=\"noopener noreferrer\">CyclingNews<\/a>, Chris Froome devrait quitter Ineos dans les prochains mois. Mais cela pourrait m\u00eame intervenir avant le <a href=\"https:\/\/dicodusport.fr\/blog\/officiel-tour-de-france-2020-reporte-29-aout-au-20-septembre\/\" target=\"_blank\" rel=\"noopener noreferrer\">Tour de France 2020<\/a>.<\/em><\/strong><\/p>\n<p style=\"text-align: justify;\">Le champion britannique <a href=\"https:\/\/dicodusport.fr\/blog\/tag\/chris-froome\/\" target=\"_blank\" rel=\"noopener noreferrer\"><strong>Chris Froome<\/strong><\/a> sera en fin de contrat dans quelques mois. Ainsi, \u00e0 34 ans, son avenir ne semble plus s&rsquo;\u00e9crire chez <strong>Ineos<\/strong>, o\u00f9 <strong>Egan Bernal<\/strong> voire <strong>Geraint Thomas<\/strong> pourraient avoir les faveurs de Dave Brailsford dans l&rsquo;optique du <strong>Tour de France <\/strong>et des saisons prochaines.<\/p>\n<p style=\"text-align: justify;\">Deux \u00e9quipes auraient d\u00e9j\u00e0 contact\u00e9 le quadruple vainqueur de la Grande Boucle. Ces derni\u00e8res seraient m\u00eame pr\u00eates \u00e0 l&rsquo;engager d\u00e8s cette ann\u00e9e si <strong>Ineos<\/strong> acceptait de mettre un terme au contrat de <strong>Froome<\/strong> avec anticipation.\u00a0 Parmi les \u00e9curies \u00e9voqu\u00e9es, la Bahrain-McLaren serait int\u00e9ress\u00e9e. Cependant, pas s\u00fbr que la formation britannique prenne le risque d&rsquo;affronter le <em>K\u00e9nyan Blanc<\/em> sur le Tour. Ce dernier doit faire son retour sur les routes fran\u00e7aises apr\u00e8s avoir \u00e9t\u00e9 gravement bless\u00e9 en juin 2019, lors de la reconnaissance du chrono du <strong>Dauphin\u00e9<\/strong>.<\/p>\n<blockquote class=\"twitter-tweet\">\n<p dir=\"ltr\" lang=\"en\">Chris Froome in discussions over a mid-season transfer<\/p>\n<p>Four-time Tour de France champion weighing up his options away from Team Ineos<a href=\"https:\/\/t.co\/w2WKgpBU17\">https:\/\/t.co\/w2WKgpBU17<\/a> <a href=\"https:\/\/t.co\/0CoR9Ua9Q1\">pic.twitter.com\/0CoR9Ua9Q1<\/a><\/p>\n<p>\u2014 Cyclingnews.com (@Cyclingnewsfeed) <a href=\"https:\/\/twitter.com\/Cyclingnewsfeed\/status\/1260897669452566528?ref_src=twsrc%5Etfw\">May 14, 2020<\/a><\/p><\/blockquote>\n<p><script async src=\"https:\/\/platform.twitter.com\/widgets.js\" charset=\"utf-8\"><\/script><\/p>\n<ul>\n<li style=\"text-align: justify;\"><strong>\u00c0 lire aussi &#8211; <a href=\"https:\/\/dicodusport.fr\/blog\/quand-chris-froome-se-transformait-mutant-mont-ventoux\/\" target=\"_blank\" rel=\"noopener noreferrer\">[Vid\u00e9o] Quand Chris Froome se transformait en mutant dans le Mont Ventoux<\/a><\/strong><\/li>\n<\/ul>\n<p><strong><em>Dicodusport<br \/>\n<a href=\"https:\/\/www.facebook.com\/dicodusport\/\" target=\"_blank\" rel=\"noopener noreferrer\"><img loading=\"lazy\" decoding=\"async\" class=\"alignnone wp-image-2909\" src=\"http:\/\/dicodusport.fr\/blog\/wp-content\/uploads\/2017\/07\/logo-facebook-150x150.png\" alt=\"\" width=\"40\" height=\"40\" \/><\/a><a href=\"https:\/\/twitter.com\/dicodusport\" target=\"_blank\" rel=\"noopener noreferrer\"><img loading=\"lazy\" decoding=\"async\" class=\"alignnone wp-image-2908\" src=\"http:\/\/dicodusport.fr\/blog\/wp-content\/uploads\/2017\/07\/logo-twitter-150x150.png\" alt=\"\" width=\"39\" height=\"39\" \/><\/a><\/em><\/strong><\/p>\n","protected":false},"excerpt":{"rendered":"<p>CYCLISME &#8211; Selon nos confr\u00e8res de CyclingNews, Chris Froome devrait quitter Ineos dans les prochains mois. Mais cela pourrait m\u00eame intervenir avant le Tour de France 2020.<\/p>\n","protected":false},"author":1,"featured_media":66787,"comment_status":"open","ping_status":"closed","sticky":false,"template":"","format":"standard","meta":{"_acf_changed":false,"_daextam_enable_autolinks":"","footnotes":""},"categories":[2307],"tags":[2833,1448,7579,1262],"class_list":["post-66783","post","type-post","status-publish","format-standard","has-post-thumbnail","hentry","category-cyclisme","tag-chris-froome","tag-froome","tag-ineos","tag-tour-de-france"],"acf":[],"yoast_head":"<!-- This site is optimized with the Yoast SEO Premium plugin v26.7 (Yoast SEO v26.7) - https:\/\/yoast.com\/wordpress\/plugins\/seo\/ -->\n<title>Et si Chris Froome quittait Ineos avant le Tour de France ?<\/title>\n<meta name=\"description\" content=\"CYCLISME - Selon nos confr\u00e8res de CyclingNews, Chris Froome devrait quitter Ineos dans les prochains mois. Mais cela pourrait m\u00eame intervenir avant le Tour de France 2020.\" \/>\n<meta name=\"robots\" content=\"index, follow, max-snippet:-1, max-image-preview:large, max-video-preview:-1\" \/>\n<link rel=\"canonical\" href=\"https:\/\/dicodusport.fr\/blog\/et-si-chris-froome-quittait-ineos-avant-tour-de-france\/\" \/>\n<meta property=\"og:locale\" content=\"fr_FR\" \/>\n<meta property=\"og:type\" content=\"article\" \/>\n<meta property=\"og:title\" content=\"Et si Chris Froome quittait Ineos avant le Tour de France ?\" \/>\n<meta property=\"og:description\" content=\"CYCLISME - Selon nos confr\u00e8res de CyclingNews, Chris Froome devrait quitter Ineos dans les prochains mois. Mais cela pourrait m\u00eame intervenir avant le Tour de France 2020.\" \/>\n<meta property=\"og:url\" content=\"https:\/\/dicodusport.fr\/blog\/et-si-chris-froome-quittait-ineos-avant-tour-de-france\/\" \/>\n<meta property=\"og:site_name\" content=\"Dicodusport\" \/>\n<meta property=\"article:publisher\" content=\"https:\/\/www.facebook.com\/dicodusport\" \/>\n<meta property=\"article:author\" content=\"https:\/\/www.facebook.com\/dicodusport\" \/>\n<meta property=\"article:published_time\" content=\"2020-05-14T15:17:31+00:00\" \/>\n<meta property=\"article:modified_time\" content=\"2020-05-14T15:24:37+00:00\" \/>\n<meta property=\"og:image\" content=\"https:\/\/dicodusport.fr\/blog\/wp-content\/uploads\/2020\/05\/Et-si-Chris-Froome-quittait-Ineos-avant-le-Tour-de-France.png\" \/>\n\t<meta property=\"og:image:width\" content=\"800\" \/>\n\t<meta property=\"og:image:height\" content=\"445\" \/>\n\t<meta property=\"og:image:type\" content=\"image\/png\" \/>\n<meta name=\"author\" content=\"Nicolas Jacquemard\" \/>\n<meta name=\"twitter:card\" content=\"summary_large_image\" \/>\n<meta name=\"twitter:title\" content=\"Et si Chris Froome quittait Ineos avant le Tour de France ?\" \/>\n<meta name=\"twitter:creator\" content=\"@https:\/\/twitter.com\/Nico_Jacquemard\" \/>\n<meta name=\"twitter:site\" content=\"@dicodusport\" \/>\n<script type=\"application\/ld+json\" class=\"yoast-schema-graph\">{\"@context\":\"https:\/\/schema.org\",\"@graph\":[{\"@type\":\"NewsArticle\",\"@id\":\"https:\/\/dicodusport.fr\/blog\/et-si-chris-froome-quittait-ineos-avant-tour-de-france\/#article\",\"isPartOf\":{\"@id\":\"https:\/\/dicodusport.fr\/blog\/et-si-chris-froome-quittait-ineos-avant-tour-de-france\/\"},\"author\":{\"name\":\"Nicolas Jacquemard\",\"@id\":\"https:\/\/dicodusport.fr\/blog\/#\/schema\/person\/55dcb50ad410894e431ed812bbb70191\"},\"headline\":\"Et si Chris Froome quittait Ineos avant le Tour de France ?\",\"datePublished\":\"2020-05-14T15:17:31+00:00\",\"dateModified\":\"2020-05-14T15:24:37+00:00\",\"mainEntityOfPage\":{\"@id\":\"https:\/\/dicodusport.fr\/blog\/et-si-chris-froome-quittait-ineos-avant-tour-de-france\/\"},\"wordCount\":238,\"commentCount\":0,\"publisher\":{\"@id\":\"https:\/\/dicodusport.fr\/blog\/#organization\"},\"image\":{\"@id\":\"https:\/\/dicodusport.fr\/blog\/et-si-chris-froome-quittait-ineos-avant-tour-de-france\/#primaryimage\"},\"thumbnailUrl\":\"https:\/\/dicodusport.fr\/blog\/wp-content\/uploads\/2020\/05\/Et-si-Chris-Froome-quittait-Ineos-avant-le-Tour-de-France.png\",\"keywords\":[\"Chris froome\",\"froome\",\"Ineos\",\"Tour de France\"],\"articleSection\":[\"Cyclisme\"],\"inLanguage\":\"fr-FR\",\"potentialAction\":[{\"@type\":\"CommentAction\",\"name\":\"Comment\",\"target\":[\"https:\/\/dicodusport.fr\/blog\/et-si-chris-froome-quittait-ineos-avant-tour-de-france\/#respond\"]}],\"copyrightYear\":\"2020\",\"copyrightHolder\":{\"@id\":\"https:\/\/dicodusport.fr\/blog\/#organization\"}},{\"@type\":\"WebPage\",\"@id\":\"https:\/\/dicodusport.fr\/blog\/et-si-chris-froome-quittait-ineos-avant-tour-de-france\/\",\"url\":\"https:\/\/dicodusport.fr\/blog\/et-si-chris-froome-quittait-ineos-avant-tour-de-france\/\",\"name\":\"Et si Chris Froome quittait Ineos avant le Tour de France ?\",\"isPartOf\":{\"@id\":\"https:\/\/dicodusport.fr\/blog\/#website\"},\"primaryImageOfPage\":{\"@id\":\"https:\/\/dicodusport.fr\/blog\/et-si-chris-froome-quittait-ineos-avant-tour-de-france\/#primaryimage\"},\"image\":{\"@id\":\"https:\/\/dicodusport.fr\/blog\/et-si-chris-froome-quittait-ineos-avant-tour-de-france\/#primaryimage\"},\"thumbnailUrl\":\"https:\/\/dicodusport.fr\/blog\/wp-content\/uploads\/2020\/05\/Et-si-Chris-Froome-quittait-Ineos-avant-le-Tour-de-France.png\",\"datePublished\":\"2020-05-14T15:17:31+00:00\",\"dateModified\":\"2020-05-14T15:24:37+00:00\",\"description\":\"CYCLISME - Selon nos confr\u00e8res de CyclingNews, Chris Froome devrait quitter Ineos dans les prochains mois. Mais cela pourrait m\u00eame intervenir avant le Tour de France 2020.\",\"breadcrumb\":{\"@id\":\"https:\/\/dicodusport.fr\/blog\/et-si-chris-froome-quittait-ineos-avant-tour-de-france\/#breadcrumb\"},\"inLanguage\":\"fr-FR\",\"potentialAction\":[{\"@type\":\"ReadAction\",\"target\":[\"https:\/\/dicodusport.fr\/blog\/et-si-chris-froome-quittait-ineos-avant-tour-de-france\/\"]}]},{\"@type\":\"ImageObject\",\"inLanguage\":\"fr-FR\",\"@id\":\"https:\/\/dicodusport.fr\/blog\/et-si-chris-froome-quittait-ineos-avant-tour-de-france\/#primaryimage\",\"url\":\"https:\/\/dicodusport.fr\/blog\/wp-content\/uploads\/2020\/05\/Et-si-Chris-Froome-quittait-Ineos-avant-le-Tour-de-France.png\",\"contentUrl\":\"https:\/\/dicodusport.fr\/blog\/wp-content\/uploads\/2020\/05\/Et-si-Chris-Froome-quittait-Ineos-avant-le-Tour-de-France.png\",\"width\":800,\"height\":445,\"caption\":\"Chris Froome - Anne-Christine Poujoulat \/ AFP\"},{\"@type\":\"BreadcrumbList\",\"@id\":\"https:\/\/dicodusport.fr\/blog\/et-si-chris-froome-quittait-ineos-avant-tour-de-france\/#breadcrumb\",\"itemListElement\":[{\"@type\":\"ListItem\",\"position\":1,\"name\":\"Accueil\",\"item\":\"https:\/\/dicodusport.fr\/blog\/\"},{\"@type\":\"ListItem\",\"position\":2,\"name\":\"Et si Chris Froome quittait Ineos avant le Tour de France ?\"}]},{\"@type\":\"WebSite\",\"@id\":\"https:\/\/dicodusport.fr\/blog\/#website\",\"url\":\"https:\/\/dicodusport.fr\/blog\/\",\"name\":\"Dicodusport\",\"description\":\"L&#039;encyclop\u00e9die de l&#039;actualit\u00e9 sportive\",\"publisher\":{\"@id\":\"https:\/\/dicodusport.fr\/blog\/#organization\"},\"potentialAction\":[{\"@type\":\"SearchAction\",\"target\":{\"@type\":\"EntryPoint\",\"urlTemplate\":\"https:\/\/dicodusport.fr\/blog\/?s={search_term_string}\"},\"query-input\":{\"@type\":\"PropertyValueSpecification\",\"valueRequired\":true,\"valueName\":\"search_term_string\"}}],\"inLanguage\":\"fr-FR\"},{\"@type\":\"NewsMediaOrganization\",\"@id\":\"https:\/\/dicodusport.fr\/blog\/#organization\",\"name\":\"Dicodusport\",\"url\":\"https:\/\/dicodusport.fr\/blog\/\",\"logo\":{\"@type\":\"ImageObject\",\"inLanguage\":\"fr-FR\",\"@id\":\"https:\/\/dicodusport.fr\/blog\/#\/schema\/logo\/image\/\",\"url\":\"https:\/\/dicodusport.fr\/blog\/wp-content\/uploads\/2020\/06\/cropped-LOGO-DICODUSPORT-2020-SANS-FOND-SANS-TEXTE.png\",\"contentUrl\":\"https:\/\/dicodusport.fr\/blog\/wp-content\/uploads\/2020\/06\/cropped-LOGO-DICODUSPORT-2020-SANS-FOND-SANS-TEXTE.png\",\"width\":512,\"height\":512,\"caption\":\"Dicodusport\"},\"image\":{\"@id\":\"https:\/\/dicodusport.fr\/blog\/#\/schema\/logo\/image\/\"},\"sameAs\":[\"https:\/\/www.facebook.com\/dicodusport\",\"https:\/\/x.com\/dicodusport\",\"https:\/\/www.instagram.com\/dicodusport\/\",\"https:\/\/www.youtube.com\/channel\/UC7V2KZ5sd3htJivAbA4ZG3w\"],\"description\":\"Dicodusport est l'encyclop\u00e9die de l'actualit\u00e9 sportive.\",\"email\":\"bonjour@dicodusport.fr\",\"legalName\":\"DICODUSPORT\",\"foundingDate\":\"2018-01-14\",\"vatID\":\"FR71834470973\",\"taxID\":\"83447097300043\",\"numberOfEmployees\":{\"@type\":\"QuantitativeValue\",\"minValue\":\"1\",\"maxValue\":\"10\"}},{\"@type\":\"Person\",\"@id\":\"https:\/\/dicodusport.fr\/blog\/#\/schema\/person\/55dcb50ad410894e431ed812bbb70191\",\"name\":\"Nicolas Jacquemard\",\"image\":{\"@type\":\"ImageObject\",\"inLanguage\":\"fr-FR\",\"@id\":\"https:\/\/dicodusport.fr\/blog\/#\/schema\/person\/image\/\",\"url\":\"https:\/\/dicodusport.fr\/blog\/wp-content\/uploads\/2021\/05\/Nicolas-Jacquemard-150x150.jpeg\",\"contentUrl\":\"https:\/\/dicodusport.fr\/blog\/wp-content\/uploads\/2021\/05\/Nicolas-Jacquemard-150x150.jpeg\",\"caption\":\"Nicolas Jacquemard\"},\"description\":\"Passionn\u00e9 de sport et entrepreneur depuis mes 18 ans, la cr\u00e9ation de Dicodusport m'a sembl\u00e9 \u00e9vidente pour participer \u00e0 la m\u00e9diatisation d'un plus grand nombre de sports. Le chemin est long mais avec une \u00e9quipe des plus motiv\u00e9es et les Jeux Olympiques de Paris 2024 en point de mire, nous y arriverons ! Journaliste dans le monde du sport depuis plus de 5 ans, je traite aussi bien de football, de rugby, de biathlon que de cyclisme.\",\"sameAs\":[\"https:\/\/www.facebook.com\/dicodusport\",\"https:\/\/x.com\/https:\/\/twitter.com\/Nico_Jacquemard\"],\"url\":\"https:\/\/dicodusport.fr\/blog\/author\/dicodusport\/\"}]}<\/script>\n<!-- \/ Yoast SEO Premium plugin. -->","yoast_head_json":{"title":"Et si Chris Froome quittait Ineos avant le Tour de France ?","description":"CYCLISME - Selon nos confr\u00e8res de CyclingNews, Chris Froome devrait quitter Ineos dans les prochains mois. Mais cela pourrait m\u00eame intervenir avant le Tour de France 2020.","robots":{"index":"index","follow":"follow","max-snippet":"max-snippet:-1","max-image-preview":"max-image-preview:large","max-video-preview":"max-video-preview:-1"},"canonical":"https:\/\/dicodusport.fr\/blog\/et-si-chris-froome-quittait-ineos-avant-tour-de-france\/","og_locale":"fr_FR","og_type":"article","og_title":"Et si Chris Froome quittait Ineos avant le Tour de France ?","og_description":"CYCLISME - Selon nos confr\u00e8res de CyclingNews, Chris Froome devrait quitter Ineos dans les prochains mois. Mais cela pourrait m\u00eame intervenir avant le Tour de France 2020.","og_url":"https:\/\/dicodusport.fr\/blog\/et-si-chris-froome-quittait-ineos-avant-tour-de-france\/","og_site_name":"Dicodusport","article_publisher":"https:\/\/www.facebook.com\/dicodusport","article_author":"https:\/\/www.facebook.com\/dicodusport","article_published_time":"2020-05-14T15:17:31+00:00","article_modified_time":"2020-05-14T15:24:37+00:00","og_image":[{"width":800,"height":445,"url":"https:\/\/dicodusport.fr\/blog\/wp-content\/uploads\/2020\/05\/Et-si-Chris-Froome-quittait-Ineos-avant-le-Tour-de-France.png","type":"image\/png"}],"author":"Nicolas Jacquemard","twitter_card":"summary_large_image","twitter_title":"Et si Chris Froome quittait Ineos avant le Tour de France ?","twitter_creator":"@https:\/\/twitter.com\/Nico_Jacquemard","twitter_site":"@dicodusport","schema":{"@context":"https:\/\/schema.org","@graph":[{"@type":"NewsArticle","@id":"https:\/\/dicodusport.fr\/blog\/et-si-chris-froome-quittait-ineos-avant-tour-de-france\/#article","isPartOf":{"@id":"https:\/\/dicodusport.fr\/blog\/et-si-chris-froome-quittait-ineos-avant-tour-de-france\/"},"author":{"name":"Nicolas Jacquemard","@id":"https:\/\/dicodusport.fr\/blog\/#\/schema\/person\/55dcb50ad410894e431ed812bbb70191"},"headline":"Et si Chris Froome quittait Ineos avant le Tour de France ?","datePublished":"2020-05-14T15:17:31+00:00","dateModified":"2020-05-14T15:24:37+00:00","mainEntityOfPage":{"@id":"https:\/\/dicodusport.fr\/blog\/et-si-chris-froome-quittait-ineos-avant-tour-de-france\/"},"wordCount":238,"commentCount":0,"publisher":{"@id":"https:\/\/dicodusport.fr\/blog\/#organization"},"image":{"@id":"https:\/\/dicodusport.fr\/blog\/et-si-chris-froome-quittait-ineos-avant-tour-de-france\/#primaryimage"},"thumbnailUrl":"https:\/\/dicodusport.fr\/blog\/wp-content\/uploads\/2020\/05\/Et-si-Chris-Froome-quittait-Ineos-avant-le-Tour-de-France.png","keywords":["Chris froome","froome","Ineos","Tour de France"],"articleSection":["Cyclisme"],"inLanguage":"fr-FR","potentialAction":[{"@type":"CommentAction","name":"Comment","target":["https:\/\/dicodusport.fr\/blog\/et-si-chris-froome-quittait-ineos-avant-tour-de-france\/#respond"]}],"copyrightYear":"2020","copyrightHolder":{"@id":"https:\/\/dicodusport.fr\/blog\/#organization"}},{"@type":"WebPage","@id":"https:\/\/dicodusport.fr\/blog\/et-si-chris-froome-quittait-ineos-avant-tour-de-france\/","url":"https:\/\/dicodusport.fr\/blog\/et-si-chris-froome-quittait-ineos-avant-tour-de-france\/","name":"Et si Chris Froome quittait Ineos avant le Tour de France ?","isPartOf":{"@id":"https:\/\/dicodusport.fr\/blog\/#website"},"primaryImageOfPage":{"@id":"https:\/\/dicodusport.fr\/blog\/et-si-chris-froome-quittait-ineos-avant-tour-de-france\/#primaryimage"},"image":{"@id":"https:\/\/dicodusport.fr\/blog\/et-si-chris-froome-quittait-ineos-avant-tour-de-france\/#primaryimage"},"thumbnailUrl":"https:\/\/dicodusport.fr\/blog\/wp-content\/uploads\/2020\/05\/Et-si-Chris-Froome-quittait-Ineos-avant-le-Tour-de-France.png","datePublished":"2020-05-14T15:17:31+00:00","dateModified":"2020-05-14T15:24:37+00:00","description":"CYCLISME - Selon nos confr\u00e8res de CyclingNews, Chris Froome devrait quitter Ineos dans les prochains mois. Mais cela pourrait m\u00eame intervenir avant le Tour de France 2020.","breadcrumb":{"@id":"https:\/\/dicodusport.fr\/blog\/et-si-chris-froome-quittait-ineos-avant-tour-de-france\/#breadcrumb"},"inLanguage":"fr-FR","potentialAction":[{"@type":"ReadAction","target":["https:\/\/dicodusport.fr\/blog\/et-si-chris-froome-quittait-ineos-avant-tour-de-france\/"]}]},{"@type":"ImageObject","inLanguage":"fr-FR","@id":"https:\/\/dicodusport.fr\/blog\/et-si-chris-froome-quittait-ineos-avant-tour-de-france\/#primaryimage","url":"https:\/\/dicodusport.fr\/blog\/wp-content\/uploads\/2020\/05\/Et-si-Chris-Froome-quittait-Ineos-avant-le-Tour-de-France.png","contentUrl":"https:\/\/dicodusport.fr\/blog\/wp-content\/uploads\/2020\/05\/Et-si-Chris-Froome-quittait-Ineos-avant-le-Tour-de-France.png","width":800,"height":445,"caption":"Chris Froome - Anne-Christine Poujoulat \/ AFP"},{"@type":"BreadcrumbList","@id":"https:\/\/dicodusport.fr\/blog\/et-si-chris-froome-quittait-ineos-avant-tour-de-france\/#breadcrumb","itemListElement":[{"@type":"ListItem","position":1,"name":"Accueil","item":"https:\/\/dicodusport.fr\/blog\/"},{"@type":"ListItem","position":2,"name":"Et si Chris Froome quittait Ineos avant le Tour de France ?"}]},{"@type":"WebSite","@id":"https:\/\/dicodusport.fr\/blog\/#website","url":"https:\/\/dicodusport.fr\/blog\/","name":"Dicodusport","description":"L&#039;encyclop\u00e9die de l&#039;actualit\u00e9 sportive","publisher":{"@id":"https:\/\/dicodusport.fr\/blog\/#organization"},"potentialAction":[{"@type":"SearchAction","target":{"@type":"EntryPoint","urlTemplate":"https:\/\/dicodusport.fr\/blog\/?s={search_term_string}"},"query-input":{"@type":"PropertyValueSpecification","valueRequired":true,"valueName":"search_term_string"}}],"inLanguage":"fr-FR"},{"@type":"NewsMediaOrganization","@id":"https:\/\/dicodusport.fr\/blog\/#organization","name":"Dicodusport","url":"https:\/\/dicodusport.fr\/blog\/","logo":{"@type":"ImageObject","inLanguage":"fr-FR","@id":"https:\/\/dicodusport.fr\/blog\/#\/schema\/logo\/image\/","url":"https:\/\/dicodusport.fr\/blog\/wp-content\/uploads\/2020\/06\/cropped-LOGO-DICODUSPORT-2020-SANS-FOND-SANS-TEXTE.png","contentUrl":"https:\/\/dicodusport.fr\/blog\/wp-content\/uploads\/2020\/06\/cropped-LOGO-DICODUSPORT-2020-SANS-FOND-SANS-TEXTE.png","width":512,"height":512,"caption":"Dicodusport"},"image":{"@id":"https:\/\/dicodusport.fr\/blog\/#\/schema\/logo\/image\/"},"sameAs":["https:\/\/www.facebook.com\/dicodusport","https:\/\/x.com\/dicodusport","https:\/\/www.instagram.com\/dicodusport\/","https:\/\/www.youtube.com\/channel\/UC7V2KZ5sd3htJivAbA4ZG3w"],"description":"Dicodusport est l'encyclop\u00e9die de l'actualit\u00e9 sportive.","email":"bonjour@dicodusport.fr","legalName":"DICODUSPORT","foundingDate":"2018-01-14","vatID":"FR71834470973","taxID":"83447097300043","numberOfEmployees":{"@type":"QuantitativeValue","minValue":"1","maxValue":"10"}},{"@type":"Person","@id":"https:\/\/dicodusport.fr\/blog\/#\/schema\/person\/55dcb50ad410894e431ed812bbb70191","name":"Nicolas Jacquemard","image":{"@type":"ImageObject","inLanguage":"fr-FR","@id":"https:\/\/dicodusport.fr\/blog\/#\/schema\/person\/image\/","url":"https:\/\/dicodusport.fr\/blog\/wp-content\/uploads\/2021\/05\/Nicolas-Jacquemard-150x150.jpeg","contentUrl":"https:\/\/dicodusport.fr\/blog\/wp-content\/uploads\/2021\/05\/Nicolas-Jacquemard-150x150.jpeg","caption":"Nicolas Jacquemard"},"description":"Passionn\u00e9 de sport et entrepreneur depuis mes 18 ans, la cr\u00e9ation de Dicodusport m'a sembl\u00e9 \u00e9vidente pour participer \u00e0 la m\u00e9diatisation d'un plus grand nombre de sports. Le chemin est long mais avec une \u00e9quipe des plus motiv\u00e9es et les Jeux Olympiques de Paris 2024 en point de mire, nous y arriverons ! Journaliste dans le monde du sport depuis plus de 5 ans, je traite aussi bien de football, de rugby, de biathlon que de cyclisme.","sameAs":["https:\/\/www.facebook.com\/dicodusport","https:\/\/x.com\/https:\/\/twitter.com\/Nico_Jacquemard"],"url":"https:\/\/dicodusport.fr\/blog\/author\/dicodusport\/"}]}},"_links":{"self":[{"href":"https:\/\/dicodusport.fr\/blog\/wp-json\/wp\/v2\/posts\/66783","targetHints":{"allow":["GET"]}}],"collection":[{"href":"https:\/\/dicodusport.fr\/blog\/wp-json\/wp\/v2\/posts"}],"about":[{"href":"https:\/\/dicodusport.fr\/blog\/wp-json\/wp\/v2\/types\/post"}],"author":[{"embeddable":true,"href":"https:\/\/dicodusport.fr\/blog\/wp-json\/wp\/v2\/users\/1"}],"replies":[{"embeddable":true,"href":"https:\/\/dicodusport.fr\/blog\/wp-json\/wp\/v2\/comments?post=66783"}],"version-history":[{"count":0,"href":"https:\/\/dicodusport.fr\/blog\/wp-json\/wp\/v2\/posts\/66783\/revisions"}],"wp:featuredmedia":[{"embeddable":true,"href":"https:\/\/dicodusport.fr\/blog\/wp-json\/wp\/v2\/media\/66787"}],"wp:attachment":[{"href":"https:\/\/dicodusport.fr\/blog\/wp-json\/wp\/v2\/media?parent=66783"}],"wp:term":[{"taxonomy":"category","embeddable":true,"href":"https:\/\/dicodusport.fr\/blog\/wp-json\/wp\/v2\/categories?post=66783"},{"taxonomy":"post_tag","embeddable":true,"href":"https:\/\/dicodusport.fr\/blog\/wp-json\/wp\/v2\/tags?post=66783"}],"curies":[{"name":"wp","href":"https:\/\/api.w.org\/{rel}","templated":true}]}}