{"id":66926,"date":"2020-05-16T08:35:05","date_gmt":"2020-05-16T06:35:05","guid":{"rendered":"http:\/\/dicodusport.fr\/blog\/?p=66926&#038;preview=true&#038;preview_id=66926"},"modified":"2020-05-16T08:48:38","modified_gmt":"2020-05-16T06:48:38","slug":"pauline-ferrand-prevot-envisage-retraite-apres-paris-2024","status":"publish","type":"post","link":"https:\/\/dicodusport.fr\/blog\/pauline-ferrand-prevot-envisage-retraite-apres-paris-2024\/","title":{"rendered":"Pauline Ferrand-Pr\u00e9vot envisage sa retraite apr\u00e8s Paris 2024"},"content":{"rendered":"<p style=\"text-align: justify;\"><strong><em>CYCLISME &#8211; Lors d&rsquo;un live Instagram organis\u00e9 par nos confr\u00e8res de la RTBF, Pauline Ferrand-Pr\u00e9vot a \u00e9voqu\u00e9 sa retraite sportive, mais aussi son r\u00eave olympique, plus fort que jamais.<\/em><\/strong><\/p>\n<p style=\"text-align: justify;\">\u00c0 28 ans, <a href=\"https:\/\/dicodusport.fr\/blog\/tag\/pauline-ferrand-prevot\/\" target=\"_blank\" rel=\"noopener noreferrer\"><strong>Pauline Ferrand-Pr\u00e9vot<\/strong><\/a> poss\u00e8de l&rsquo;un des plus grands palmar\u00e8s du cyclisme f\u00e9minin, mais aussi du sport fran\u00e7ais. Championne du monde \u00e0 deux reprises en <strong>VTT cross-country<\/strong>, mais \u00e9galement titr\u00e9e en <a href=\"https:\/\/dicodusport.fr\/blog\/quand-pauline-ferrand-prevot-devenait-championne-monde-cyclo-cross\/\" target=\"_blank\" rel=\"noopener noreferrer\"><strong>cyclo-cross<\/strong><\/a> et <a href=\"https:\/\/dicodusport.fr\/blog\/video-le-jour-ou-pauline-ferrand-prevot-est-devenue-championne-du-monde-sur-route\/\" target=\"_blank\" rel=\"noopener noreferrer\"><strong>sur route<\/strong><\/a>, la R\u00e9moise s&rsquo;est confi\u00e9e ce vendredi lors d&rsquo;un live Instagram, organis\u00e9 par nos confr\u00e8res de la <a href=\"https:\/\/www.rtbf.be\/sport\/cyclisme\/detail_pauline-ferrand-prevot-invitee-de-l-insta-live-rtbf-sport-18h?id=10501943\" target=\"_blank\" rel=\"noopener noreferrer\"><em>RTBF<\/em><\/a>.<\/p>\n<h2 style=\"text-align: justify;\">Les JO, un objectif en or<\/h2>\n<p style=\"text-align: justify;\">Durant ce rendez-vous, <em>PFP<\/em> s&rsquo;est exprim\u00e9e sur son r\u00eave olympique. Pr\u00e9sente \u00e0 Londres en 2012 puis \u00e0 Rio en 2016, la Champenoise esp\u00e8re cette fois-ci jouer les premiers r\u00f4les. Afin de d\u00e9crocher le seul titre majeur manquant \u00e0 son palmar\u00e8s.<\/p>\n<blockquote>\n<p style=\"text-align: justify;\">C&rsquo;est vrai que je me focalise l\u00e0-dessus. C&rsquo;est un peu le r\u00eave de ma carri\u00e8re. Si je termine le v\u00e9lo sans m\u00e9daille olympique j&rsquo;aurais l&rsquo;impression d&rsquo;avoir une carri\u00e8re inachev\u00e9e.<\/p>\n<\/blockquote>\n<p style=\"text-align: justify;\">La championne fran\u00e7aise confirme aussi qu&rsquo;elle se donnerait \u00e0 fond pour le VTT, dans l&rsquo;optique des <strong>JO de Tokyo<\/strong>, en 2021. Avec l&rsquo;envie de ne plus revivre les d\u00e9ceptions de Londres et Rio.<\/p>\n<blockquote>\n<p style=\"text-align: justify;\">\u00c0 Londres et \u00e0 Rio j&rsquo;ai voulu faire les deux. J&rsquo;ai \u00e9t\u00e9 super d\u00e9\u00e7ue les deux fois. Je ne veux plus commettre les erreurs du pass\u00e9. Maintenant je vais me concentrer sur une discipline et donc mettre le paquet sur le VTT.<\/p>\n<\/blockquote>\n<h2 style=\"text-align: justify;\">\u00ab J\u2019aimerais rouler jusqu\u2019\u00e0 Paris en 2024 \u00bb<\/h2>\n<p style=\"text-align: justify;\">Toujours \u00e0 propos des Jeux Olympiques, <strong>Pauline Ferrand-Pr\u00e9vot<\/strong> a \u00e9galement parl\u00e9 de sa future retraite. Avec une id\u00e9e derri\u00e8re la t\u00eate, celle d&rsquo;arr\u00eater apr\u00e8s les <strong>JO de Paris<\/strong>, en 2024, pour une fin en apoth\u00e9ose.<\/p>\n<blockquote>\n<p style=\"text-align: justify;\">J\u2019aimerais rouler jusqu&rsquo;\u00e0 Paris en 2024. J&rsquo;aurai 32 ans c\u2019est encore jeune. J&rsquo;aimerais ensuite avoir une vie de famille plus calme. Puis avoir des enfants, donc Paris ce serait une belle fin de carri\u00e8re.<\/p>\n<\/blockquote>\n<h2 style=\"text-align: justify;\">Le live en int\u00e9gralit\u00e9<\/h2>\n<blockquote class=\"instagram-media\" style=\"background: #FFF; border: 0; border-radius: 3px; box-shadow: 0 0 1px 0 rgba(0,0,0,0.5),0 1px 10px 0 rgba(0,0,0,0.15); margin: 1px; max-width: 540px; min-width: 326px; padding: 0; width: calc(100% - 2px);\" data-instgrm-captioned=\"\" data-instgrm-permalink=\"https:\/\/www.instagram.com\/tv\/CANyD6knGHP\/?utm_source=ig_embed&amp;utm_campaign=loading\" data-instgrm-version=\"12\">\n<div style=\"padding: 16px;\">\n<p>&nbsp;<\/p>\n<div style=\"display: flex; flex-direction: row; align-items: center;\">\n<div style=\"background-color: #f4f4f4; border-radius: 50%; flex-grow: 0; height: 40px; margin-right: 14px; width: 40px;\"><\/div>\n<div style=\"display: flex; flex-direction: column; flex-grow: 1; justify-content: center;\">\n<div style=\"background-color: #f4f4f4; border-radius: 4px; flex-grow: 0; height: 14px; margin-bottom: 6px; width: 100px;\"><\/div>\n<div style=\"background-color: #f4f4f4; border-radius: 4px; flex-grow: 0; height: 14px; width: 60px;\"><\/div>\n<\/div>\n<\/div>\n<div style=\"padding: 19% 0;\"><\/div>\n<div style=\"display: block; height: 50px; margin: 0 auto 12px; width: 50px;\"><\/div>\n<div style=\"padding-top: 8px;\">\n<div style=\"color: #3897f0; font-family: Arial,sans-serif; font-size: 14px; font-style: normal; font-weight: 550; line-height: 18px;\">Voir cette publication sur Instagram<\/div>\n<\/div>\n<div style=\"padding: 12.5% 0;\"><\/div>\n<div style=\"display: flex; flex-direction: row; margin-bottom: 14px; align-items: center;\">\n<div>\n<div style=\"background-color: #f4f4f4; border-radius: 50%; height: 12.5px; width: 12.5px; transform: translateX(0px) translateY(7px);\"><\/div>\n<div style=\"background-color: #f4f4f4; height: 12.5px; transform: rotate(-45deg) translateX(3px) translateY(1px); width: 12.5px; flex-grow: 0; margin-right: 14px; margin-left: 2px;\"><\/div>\n<div style=\"background-color: #f4f4f4; border-radius: 50%; height: 12.5px; width: 12.5px; transform: translateX(9px) translateY(-18px);\"><\/div>\n<\/div>\n<div style=\"margin-left: 8px;\">\n<div style=\"background-color: #f4f4f4; border-radius: 50%; flex-grow: 0; height: 20px; width: 20px;\"><\/div>\n<div style=\"width: 0; height: 0; border-top: 2px solid transparent; border-left: 6px solid #f4f4f4; border-bottom: 2px solid transparent; transform: translateX(16px) translateY(-4px) rotate(30deg);\"><\/div>\n<\/div>\n<div style=\"margin-left: auto;\">\n<div style=\"width: 0px; border-top: 8px solid #F4F4F4; border-right: 8px solid transparent; transform: translateY(16px);\"><\/div>\n<div style=\"background-color: #f4f4f4; flex-grow: 0; height: 12px; width: 16px; transform: translateY(-4px);\"><\/div>\n<div style=\"width: 0; height: 0; border-top: 8px solid #F4F4F4; border-left: 8px solid transparent; transform: translateY(-4px) translateX(8px);\"><\/div>\n<\/div>\n<\/div>\n<p>&nbsp;<\/p>\n<p style=\"margin: 8px 0 0 0; padding: 0 4px;\"><a style=\"color: #000; font-family: Arial,sans-serif; font-size: 14px; font-style: normal; font-weight: normal; line-height: 17px; text-decoration: none; word-wrap: break-word;\" href=\"https:\/\/www.instagram.com\/tv\/CANyD6knGHP\/?utm_source=ig_embed&amp;utm_campaign=loading\" target=\"_blank\" rel=\"noopener noreferrer\">REPLAY &#x1f504; \u00ab Live Insta &#8211; La Prolongation \u00bb avec @paulineferrandprevot &#x1f1eb;&#x1f1f7;&#x1f6b4;&#x200d;&#x2640;&#xfe0f; !<\/a><\/p>\n<p style=\"color: #c9c8cd; font-family: Arial,sans-serif; font-size: 14px; line-height: 17px; margin-bottom: 0; margin-top: 8px; overflow: hidden; padding: 8px 0 7px; text-align: center; text-overflow: ellipsis; white-space: nowrap;\">Une publication partag\u00e9e par <a style=\"color: #c9c8cd; font-family: Arial,sans-serif; font-size: 14px; font-style: normal; font-weight: normal; line-height: 17px;\" href=\"https:\/\/www.instagram.com\/rtbfsport\/?utm_source=ig_embed&amp;utm_campaign=loading\" target=\"_blank\" rel=\"noopener noreferrer\"> RTBF Sport<\/a> (@rtbfsport) le <time style=\"font-family: Arial,sans-serif; font-size: 14px; line-height: 17px;\" datetime=\"2020-05-15T16:33:21+00:00\">15 Mai 2020 \u00e0 9 :33 PDT<\/time><\/p>\n<\/div>\n<\/blockquote>\n<p><script async src=\"\/\/www.instagram.com\/embed.js\"><\/script><\/p>\n<ul>\n<li style=\"text-align: justify;\"><strong>\u00c0 faire &#8211; <a href=\"https:\/\/dicodusport.fr\/blog\/quiz-etes-vous-incollable-sur-pauline-ferrand-prevot\/\" target=\"_blank\" rel=\"noopener noreferrer\">Quiz : \u00eates-vous incollable sur Pauline Ferrand-Pr\u00e9vot ?<\/a><\/strong><\/li>\n<\/ul>\n<p style=\"text-align: justify;\"><strong>Propos rapport\u00e9s par la RTBF<\/strong><\/p>\n<p><strong><em>Dicodusport<br \/>\n<a href=\"https:\/\/www.facebook.com\/dicodusport\/\" target=\"_blank\" rel=\"noopener noreferrer\"><img loading=\"lazy\" decoding=\"async\" class=\"alignnone wp-image-2909\" src=\"http:\/\/dicodusport.fr\/blog\/wp-content\/uploads\/2017\/07\/logo-facebook-150x150.png\" alt=\"\" width=\"40\" height=\"40\" \/><\/a><a href=\"https:\/\/twitter.com\/dicodusport\" target=\"_blank\" rel=\"noopener noreferrer\"><img loading=\"lazy\" decoding=\"async\" class=\"alignnone wp-image-2908\" src=\"http:\/\/dicodusport.fr\/blog\/wp-content\/uploads\/2017\/07\/logo-twitter-150x150.png\" alt=\"\" width=\"39\" height=\"39\" \/><\/a><\/em><\/strong><\/p>\n","protected":false},"excerpt":{"rendered":"<p>CYCLISME &#8211; Lors d&rsquo;un live Instagram organis\u00e9 par nos confr\u00e8res de la RTBF, Pauline Ferrand-Pr\u00e9vot a \u00e9voqu\u00e9 sa retraite sportive, mais aussi son r\u00eave olympique, plus fort que jamais.<\/p>\n","protected":false},"author":4,"featured_media":66927,"comment_status":"open","ping_status":"closed","sticky":false,"template":"","format":"standard","meta":{"_acf_changed":false,"_daextam_enable_autolinks":"","footnotes":""},"categories":[10279],"tags":[1340,4110,692],"class_list":["post-66926","post","type-post","status-publish","format-standard","has-post-thumbnail","hentry","category-vtt","tag-pauline-ferrand-prevot","tag-pfp","tag-vtt"],"acf":[],"yoast_head":"<!-- This site is optimized with the Yoast SEO Premium plugin v26.7 (Yoast SEO v26.7) - https:\/\/yoast.com\/wordpress\/plugins\/seo\/ -->\n<title>Pauline Ferrand-Pr\u00e9vot envisage sa retraite apr\u00e8s Paris 2024<\/title>\n<meta name=\"description\" content=\"CYCLISME - Lors d&#039;un live Instagram organis\u00e9 par nos confr\u00e8res de la RTBF, Pauline Ferrand-Pr\u00e9vot a \u00e9voqu\u00e9 sa retraite sportive.\" \/>\n<meta name=\"robots\" content=\"index, follow, max-snippet:-1, max-image-preview:large, max-video-preview:-1\" \/>\n<link rel=\"canonical\" href=\"https:\/\/dicodusport.fr\/blog\/pauline-ferrand-prevot-envisage-retraite-apres-paris-2024\/\" \/>\n<meta property=\"og:locale\" content=\"fr_FR\" \/>\n<meta property=\"og:type\" content=\"article\" \/>\n<meta property=\"og:title\" content=\"Pauline Ferrand-Pr\u00e9vot envisage sa retraite apr\u00e8s Paris 2024\" \/>\n<meta property=\"og:description\" content=\"CYCLISME - Lors d&#039;un live Instagram organis\u00e9 par nos confr\u00e8res de la RTBF, Pauline Ferrand-Pr\u00e9vot a \u00e9voqu\u00e9 sa retraite sportive.\" \/>\n<meta property=\"og:url\" content=\"https:\/\/dicodusport.fr\/blog\/pauline-ferrand-prevot-envisage-retraite-apres-paris-2024\/\" \/>\n<meta property=\"og:site_name\" content=\"Dicodusport\" \/>\n<meta property=\"article:publisher\" content=\"https:\/\/www.facebook.com\/dicodusport\" \/>\n<meta property=\"article:author\" content=\"https:\/\/www.facebook.com\/florent.ostermann\" \/>\n<meta property=\"article:published_time\" content=\"2020-05-16T06:35:05+00:00\" \/>\n<meta property=\"article:modified_time\" content=\"2020-05-16T06:48:38+00:00\" \/>\n<meta property=\"og:image\" content=\"https:\/\/dicodusport.fr\/blog\/wp-content\/uploads\/2020\/05\/Pauline-Ferrand-Pr\u00e9vot-envisage-sa-retraite-apr\u00e8s-Paris-2024.png\" \/>\n\t<meta property=\"og:image:width\" content=\"800\" \/>\n\t<meta property=\"og:image:height\" content=\"445\" \/>\n\t<meta property=\"og:image:type\" content=\"image\/png\" \/>\n<meta name=\"author\" content=\"Flo Ostermann\" \/>\n<meta name=\"twitter:card\" content=\"summary_large_image\" \/>\n<meta name=\"twitter:title\" content=\"Pauline Ferrand-Pr\u00e9vot envisage sa retraite apr\u00e8s Paris 2024\" \/>\n<meta name=\"twitter:creator\" content=\"@https:\/\/twitter.com\/FlOstermann\" \/>\n<meta name=\"twitter:site\" content=\"@dicodusport\" \/>\n<script type=\"application\/ld+json\" class=\"yoast-schema-graph\">{\"@context\":\"https:\/\/schema.org\",\"@graph\":[{\"@type\":\"NewsArticle\",\"@id\":\"https:\/\/dicodusport.fr\/blog\/pauline-ferrand-prevot-envisage-retraite-apres-paris-2024\/#article\",\"isPartOf\":{\"@id\":\"https:\/\/dicodusport.fr\/blog\/pauline-ferrand-prevot-envisage-retraite-apres-paris-2024\/\"},\"author\":{\"name\":\"Flo Ostermann\",\"@id\":\"https:\/\/dicodusport.fr\/blog\/#\/schema\/person\/cb02af4c173ce4a653b55e9baf388d4a\"},\"headline\":\"Pauline Ferrand-Pr\u00e9vot envisage sa retraite apr\u00e8s Paris 2024\",\"datePublished\":\"2020-05-16T06:35:05+00:00\",\"dateModified\":\"2020-05-16T06:48:38+00:00\",\"mainEntityOfPage\":{\"@id\":\"https:\/\/dicodusport.fr\/blog\/pauline-ferrand-prevot-envisage-retraite-apres-paris-2024\/\"},\"wordCount\":420,\"commentCount\":0,\"publisher\":{\"@id\":\"https:\/\/dicodusport.fr\/blog\/#organization\"},\"image\":{\"@id\":\"https:\/\/dicodusport.fr\/blog\/pauline-ferrand-prevot-envisage-retraite-apres-paris-2024\/#primaryimage\"},\"thumbnailUrl\":\"https:\/\/dicodusport.fr\/blog\/wp-content\/uploads\/2020\/05\/Pauline-Ferrand-Pr\u00e9vot-envisage-sa-retraite-apr\u00e8s-Paris-2024.png\",\"keywords\":[\"Pauline Ferrand-Pr\u00e9vot\",\"PFP\",\"VTT\"],\"articleSection\":[\"VTT\"],\"inLanguage\":\"fr-FR\",\"potentialAction\":[{\"@type\":\"CommentAction\",\"name\":\"Comment\",\"target\":[\"https:\/\/dicodusport.fr\/blog\/pauline-ferrand-prevot-envisage-retraite-apres-paris-2024\/#respond\"]}],\"copyrightYear\":\"2020\",\"copyrightHolder\":{\"@id\":\"https:\/\/dicodusport.fr\/blog\/#organization\"}},{\"@type\":\"WebPage\",\"@id\":\"https:\/\/dicodusport.fr\/blog\/pauline-ferrand-prevot-envisage-retraite-apres-paris-2024\/\",\"url\":\"https:\/\/dicodusport.fr\/blog\/pauline-ferrand-prevot-envisage-retraite-apres-paris-2024\/\",\"name\":\"Pauline Ferrand-Pr\u00e9vot envisage sa retraite apr\u00e8s Paris 2024\",\"isPartOf\":{\"@id\":\"https:\/\/dicodusport.fr\/blog\/#website\"},\"primaryImageOfPage\":{\"@id\":\"https:\/\/dicodusport.fr\/blog\/pauline-ferrand-prevot-envisage-retraite-apres-paris-2024\/#primaryimage\"},\"image\":{\"@id\":\"https:\/\/dicodusport.fr\/blog\/pauline-ferrand-prevot-envisage-retraite-apres-paris-2024\/#primaryimage\"},\"thumbnailUrl\":\"https:\/\/dicodusport.fr\/blog\/wp-content\/uploads\/2020\/05\/Pauline-Ferrand-Pr\u00e9vot-envisage-sa-retraite-apr\u00e8s-Paris-2024.png\",\"datePublished\":\"2020-05-16T06:35:05+00:00\",\"dateModified\":\"2020-05-16T06:48:38+00:00\",\"description\":\"CYCLISME - Lors d'un live Instagram organis\u00e9 par nos confr\u00e8res de la RTBF, Pauline Ferrand-Pr\u00e9vot a \u00e9voqu\u00e9 sa retraite sportive.\",\"breadcrumb\":{\"@id\":\"https:\/\/dicodusport.fr\/blog\/pauline-ferrand-prevot-envisage-retraite-apres-paris-2024\/#breadcrumb\"},\"inLanguage\":\"fr-FR\",\"potentialAction\":[{\"@type\":\"ReadAction\",\"target\":[\"https:\/\/dicodusport.fr\/blog\/pauline-ferrand-prevot-envisage-retraite-apres-paris-2024\/\"]}]},{\"@type\":\"ImageObject\",\"inLanguage\":\"fr-FR\",\"@id\":\"https:\/\/dicodusport.fr\/blog\/pauline-ferrand-prevot-envisage-retraite-apres-paris-2024\/#primaryimage\",\"url\":\"https:\/\/dicodusport.fr\/blog\/wp-content\/uploads\/2020\/05\/Pauline-Ferrand-Pr\u00e9vot-envisage-sa-retraite-apr\u00e8s-Paris-2024.png\",\"contentUrl\":\"https:\/\/dicodusport.fr\/blog\/wp-content\/uploads\/2020\/05\/Pauline-Ferrand-Pr\u00e9vot-envisage-sa-retraite-apr\u00e8s-Paris-2024.png\",\"width\":800,\"height\":445,\"caption\":\"Pauline Ferrand-Pr\u00e9vot envisage sa retraite apr\u00e8s Paris 2024\"},{\"@type\":\"BreadcrumbList\",\"@id\":\"https:\/\/dicodusport.fr\/blog\/pauline-ferrand-prevot-envisage-retraite-apres-paris-2024\/#breadcrumb\",\"itemListElement\":[{\"@type\":\"ListItem\",\"position\":1,\"name\":\"Accueil\",\"item\":\"https:\/\/dicodusport.fr\/blog\/\"},{\"@type\":\"ListItem\",\"position\":2,\"name\":\"Pauline Ferrand-Pr\u00e9vot envisage sa retraite apr\u00e8s Paris 2024\"}]},{\"@type\":\"WebSite\",\"@id\":\"https:\/\/dicodusport.fr\/blog\/#website\",\"url\":\"https:\/\/dicodusport.fr\/blog\/\",\"name\":\"Dicodusport\",\"description\":\"L&#039;encyclop\u00e9die de l&#039;actualit\u00e9 sportive\",\"publisher\":{\"@id\":\"https:\/\/dicodusport.fr\/blog\/#organization\"},\"potentialAction\":[{\"@type\":\"SearchAction\",\"target\":{\"@type\":\"EntryPoint\",\"urlTemplate\":\"https:\/\/dicodusport.fr\/blog\/?s={search_term_string}\"},\"query-input\":{\"@type\":\"PropertyValueSpecification\",\"valueRequired\":true,\"valueName\":\"search_term_string\"}}],\"inLanguage\":\"fr-FR\"},{\"@type\":\"NewsMediaOrganization\",\"@id\":\"https:\/\/dicodusport.fr\/blog\/#organization\",\"name\":\"Dicodusport\",\"url\":\"https:\/\/dicodusport.fr\/blog\/\",\"logo\":{\"@type\":\"ImageObject\",\"inLanguage\":\"fr-FR\",\"@id\":\"https:\/\/dicodusport.fr\/blog\/#\/schema\/logo\/image\/\",\"url\":\"https:\/\/dicodusport.fr\/blog\/wp-content\/uploads\/2020\/06\/cropped-LOGO-DICODUSPORT-2020-SANS-FOND-SANS-TEXTE.png\",\"contentUrl\":\"https:\/\/dicodusport.fr\/blog\/wp-content\/uploads\/2020\/06\/cropped-LOGO-DICODUSPORT-2020-SANS-FOND-SANS-TEXTE.png\",\"width\":512,\"height\":512,\"caption\":\"Dicodusport\"},\"image\":{\"@id\":\"https:\/\/dicodusport.fr\/blog\/#\/schema\/logo\/image\/\"},\"sameAs\":[\"https:\/\/www.facebook.com\/dicodusport\",\"https:\/\/x.com\/dicodusport\",\"https:\/\/www.instagram.com\/dicodusport\/\",\"https:\/\/www.youtube.com\/channel\/UC7V2KZ5sd3htJivAbA4ZG3w\"],\"description\":\"Dicodusport est l'encyclop\u00e9die de l'actualit\u00e9 sportive.\",\"email\":\"bonjour@dicodusport.fr\",\"legalName\":\"DICODUSPORT\",\"foundingDate\":\"2018-01-14\",\"vatID\":\"FR71834470973\",\"taxID\":\"83447097300043\",\"numberOfEmployees\":{\"@type\":\"QuantitativeValue\",\"minValue\":\"1\",\"maxValue\":\"10\"}},{\"@type\":\"Person\",\"@id\":\"https:\/\/dicodusport.fr\/blog\/#\/schema\/person\/cb02af4c173ce4a653b55e9baf388d4a\",\"name\":\"Flo Ostermann\",\"image\":{\"@type\":\"ImageObject\",\"inLanguage\":\"fr-FR\",\"@id\":\"https:\/\/dicodusport.fr\/blog\/#\/schema\/person\/image\/\",\"url\":\"https:\/\/dicodusport.fr\/blog\/wp-content\/uploads\/2021\/05\/Flo-Ostermann-150x150.jpg\",\"contentUrl\":\"https:\/\/dicodusport.fr\/blog\/wp-content\/uploads\/2021\/05\/Flo-Ostermann-150x150.jpg\",\"caption\":\"Flo Ostermann\"},\"description\":\"Journaliste\/R\u00e9dacteur depuis septembre 2015 - Mes premiers souvenirs dans le sport ? Les envol\u00e9es du Stade Toulousain et les duels Villeneuve-Schumacher et H\u00e4kkinen-Schumacher \u00e0 la fin des ann\u00e9es 90, la Coupe du monde de football en 1998, l\u2019exploit du XV de France face aux All Blacks en 1999, mais aussi Richard C\u0153ur de Lion qui vole sur les montagnes du Tour de France. Bien parti pour devenir professeur d\u2019EPS, les \u00e9v\u00e9nements de la vie (et la flemme d\u2019animer des s\u00e9ances de 3x500 m\u00e8tres toute ma vie) m\u2019ont conduit \u00e0 revoir mes plans. Me voil\u00e0 depuis fin 2017 sur Dicodusport, m\u00e9dia gr\u00e2ce (et pour) lequel je partage ma passion : le sport dans tous ses \u00e9tats. Le tout accompagn\u00e9 par les fous furieux et folles furieuses cit\u00e9s sur cette page !\",\"sameAs\":[\"https:\/\/www.facebook.com\/florent.ostermann\",\"https:\/\/x.com\/https:\/\/twitter.com\/FlOstermann\",\"admin\"],\"url\":\"https:\/\/dicodusport.fr\/blog\/author\/flo\/\"}]}<\/script>\n<!-- \/ Yoast SEO Premium plugin. -->","yoast_head_json":{"title":"Pauline Ferrand-Pr\u00e9vot envisage sa retraite apr\u00e8s Paris 2024","description":"CYCLISME - Lors d'un live Instagram organis\u00e9 par nos confr\u00e8res de la RTBF, Pauline Ferrand-Pr\u00e9vot a \u00e9voqu\u00e9 sa retraite sportive.","robots":{"index":"index","follow":"follow","max-snippet":"max-snippet:-1","max-image-preview":"max-image-preview:large","max-video-preview":"max-video-preview:-1"},"canonical":"https:\/\/dicodusport.fr\/blog\/pauline-ferrand-prevot-envisage-retraite-apres-paris-2024\/","og_locale":"fr_FR","og_type":"article","og_title":"Pauline Ferrand-Pr\u00e9vot envisage sa retraite apr\u00e8s Paris 2024","og_description":"CYCLISME - Lors d'un live Instagram organis\u00e9 par nos confr\u00e8res de la RTBF, Pauline Ferrand-Pr\u00e9vot a \u00e9voqu\u00e9 sa retraite sportive.","og_url":"https:\/\/dicodusport.fr\/blog\/pauline-ferrand-prevot-envisage-retraite-apres-paris-2024\/","og_site_name":"Dicodusport","article_publisher":"https:\/\/www.facebook.com\/dicodusport","article_author":"https:\/\/www.facebook.com\/florent.ostermann","article_published_time":"2020-05-16T06:35:05+00:00","article_modified_time":"2020-05-16T06:48:38+00:00","og_image":[{"width":800,"height":445,"url":"https:\/\/dicodusport.fr\/blog\/wp-content\/uploads\/2020\/05\/Pauline-Ferrand-Pr\u00e9vot-envisage-sa-retraite-apr\u00e8s-Paris-2024.png","type":"image\/png"}],"author":"Flo Ostermann","twitter_card":"summary_large_image","twitter_title":"Pauline Ferrand-Pr\u00e9vot envisage sa retraite apr\u00e8s Paris 2024","twitter_creator":"@https:\/\/twitter.com\/FlOstermann","twitter_site":"@dicodusport","schema":{"@context":"https:\/\/schema.org","@graph":[{"@type":"NewsArticle","@id":"https:\/\/dicodusport.fr\/blog\/pauline-ferrand-prevot-envisage-retraite-apres-paris-2024\/#article","isPartOf":{"@id":"https:\/\/dicodusport.fr\/blog\/pauline-ferrand-prevot-envisage-retraite-apres-paris-2024\/"},"author":{"name":"Flo Ostermann","@id":"https:\/\/dicodusport.fr\/blog\/#\/schema\/person\/cb02af4c173ce4a653b55e9baf388d4a"},"headline":"Pauline Ferrand-Pr\u00e9vot envisage sa retraite apr\u00e8s Paris 2024","datePublished":"2020-05-16T06:35:05+00:00","dateModified":"2020-05-16T06:48:38+00:00","mainEntityOfPage":{"@id":"https:\/\/dicodusport.fr\/blog\/pauline-ferrand-prevot-envisage-retraite-apres-paris-2024\/"},"wordCount":420,"commentCount":0,"publisher":{"@id":"https:\/\/dicodusport.fr\/blog\/#organization"},"image":{"@id":"https:\/\/dicodusport.fr\/blog\/pauline-ferrand-prevot-envisage-retraite-apres-paris-2024\/#primaryimage"},"thumbnailUrl":"https:\/\/dicodusport.fr\/blog\/wp-content\/uploads\/2020\/05\/Pauline-Ferrand-Pr\u00e9vot-envisage-sa-retraite-apr\u00e8s-Paris-2024.png","keywords":["Pauline Ferrand-Pr\u00e9vot","PFP","VTT"],"articleSection":["VTT"],"inLanguage":"fr-FR","potentialAction":[{"@type":"CommentAction","name":"Comment","target":["https:\/\/dicodusport.fr\/blog\/pauline-ferrand-prevot-envisage-retraite-apres-paris-2024\/#respond"]}],"copyrightYear":"2020","copyrightHolder":{"@id":"https:\/\/dicodusport.fr\/blog\/#organization"}},{"@type":"WebPage","@id":"https:\/\/dicodusport.fr\/blog\/pauline-ferrand-prevot-envisage-retraite-apres-paris-2024\/","url":"https:\/\/dicodusport.fr\/blog\/pauline-ferrand-prevot-envisage-retraite-apres-paris-2024\/","name":"Pauline Ferrand-Pr\u00e9vot envisage sa retraite apr\u00e8s Paris 2024","isPartOf":{"@id":"https:\/\/dicodusport.fr\/blog\/#website"},"primaryImageOfPage":{"@id":"https:\/\/dicodusport.fr\/blog\/pauline-ferrand-prevot-envisage-retraite-apres-paris-2024\/#primaryimage"},"image":{"@id":"https:\/\/dicodusport.fr\/blog\/pauline-ferrand-prevot-envisage-retraite-apres-paris-2024\/#primaryimage"},"thumbnailUrl":"https:\/\/dicodusport.fr\/blog\/wp-content\/uploads\/2020\/05\/Pauline-Ferrand-Pr\u00e9vot-envisage-sa-retraite-apr\u00e8s-Paris-2024.png","datePublished":"2020-05-16T06:35:05+00:00","dateModified":"2020-05-16T06:48:38+00:00","description":"CYCLISME - Lors d'un live Instagram organis\u00e9 par nos confr\u00e8res de la RTBF, Pauline Ferrand-Pr\u00e9vot a \u00e9voqu\u00e9 sa retraite sportive.","breadcrumb":{"@id":"https:\/\/dicodusport.fr\/blog\/pauline-ferrand-prevot-envisage-retraite-apres-paris-2024\/#breadcrumb"},"inLanguage":"fr-FR","potentialAction":[{"@type":"ReadAction","target":["https:\/\/dicodusport.fr\/blog\/pauline-ferrand-prevot-envisage-retraite-apres-paris-2024\/"]}]},{"@type":"ImageObject","inLanguage":"fr-FR","@id":"https:\/\/dicodusport.fr\/blog\/pauline-ferrand-prevot-envisage-retraite-apres-paris-2024\/#primaryimage","url":"https:\/\/dicodusport.fr\/blog\/wp-content\/uploads\/2020\/05\/Pauline-Ferrand-Pr\u00e9vot-envisage-sa-retraite-apr\u00e8s-Paris-2024.png","contentUrl":"https:\/\/dicodusport.fr\/blog\/wp-content\/uploads\/2020\/05\/Pauline-Ferrand-Pr\u00e9vot-envisage-sa-retraite-apr\u00e8s-Paris-2024.png","width":800,"height":445,"caption":"Pauline Ferrand-Pr\u00e9vot envisage sa retraite apr\u00e8s Paris 2024"},{"@type":"BreadcrumbList","@id":"https:\/\/dicodusport.fr\/blog\/pauline-ferrand-prevot-envisage-retraite-apres-paris-2024\/#breadcrumb","itemListElement":[{"@type":"ListItem","position":1,"name":"Accueil","item":"https:\/\/dicodusport.fr\/blog\/"},{"@type":"ListItem","position":2,"name":"Pauline Ferrand-Pr\u00e9vot envisage sa retraite apr\u00e8s Paris 2024"}]},{"@type":"WebSite","@id":"https:\/\/dicodusport.fr\/blog\/#website","url":"https:\/\/dicodusport.fr\/blog\/","name":"Dicodusport","description":"L&#039;encyclop\u00e9die de l&#039;actualit\u00e9 sportive","publisher":{"@id":"https:\/\/dicodusport.fr\/blog\/#organization"},"potentialAction":[{"@type":"SearchAction","target":{"@type":"EntryPoint","urlTemplate":"https:\/\/dicodusport.fr\/blog\/?s={search_term_string}"},"query-input":{"@type":"PropertyValueSpecification","valueRequired":true,"valueName":"search_term_string"}}],"inLanguage":"fr-FR"},{"@type":"NewsMediaOrganization","@id":"https:\/\/dicodusport.fr\/blog\/#organization","name":"Dicodusport","url":"https:\/\/dicodusport.fr\/blog\/","logo":{"@type":"ImageObject","inLanguage":"fr-FR","@id":"https:\/\/dicodusport.fr\/blog\/#\/schema\/logo\/image\/","url":"https:\/\/dicodusport.fr\/blog\/wp-content\/uploads\/2020\/06\/cropped-LOGO-DICODUSPORT-2020-SANS-FOND-SANS-TEXTE.png","contentUrl":"https:\/\/dicodusport.fr\/blog\/wp-content\/uploads\/2020\/06\/cropped-LOGO-DICODUSPORT-2020-SANS-FOND-SANS-TEXTE.png","width":512,"height":512,"caption":"Dicodusport"},"image":{"@id":"https:\/\/dicodusport.fr\/blog\/#\/schema\/logo\/image\/"},"sameAs":["https:\/\/www.facebook.com\/dicodusport","https:\/\/x.com\/dicodusport","https:\/\/www.instagram.com\/dicodusport\/","https:\/\/www.youtube.com\/channel\/UC7V2KZ5sd3htJivAbA4ZG3w"],"description":"Dicodusport est l'encyclop\u00e9die de l'actualit\u00e9 sportive.","email":"bonjour@dicodusport.fr","legalName":"DICODUSPORT","foundingDate":"2018-01-14","vatID":"FR71834470973","taxID":"83447097300043","numberOfEmployees":{"@type":"QuantitativeValue","minValue":"1","maxValue":"10"}},{"@type":"Person","@id":"https:\/\/dicodusport.fr\/blog\/#\/schema\/person\/cb02af4c173ce4a653b55e9baf388d4a","name":"Flo Ostermann","image":{"@type":"ImageObject","inLanguage":"fr-FR","@id":"https:\/\/dicodusport.fr\/blog\/#\/schema\/person\/image\/","url":"https:\/\/dicodusport.fr\/blog\/wp-content\/uploads\/2021\/05\/Flo-Ostermann-150x150.jpg","contentUrl":"https:\/\/dicodusport.fr\/blog\/wp-content\/uploads\/2021\/05\/Flo-Ostermann-150x150.jpg","caption":"Flo Ostermann"},"description":"Journaliste\/R\u00e9dacteur depuis septembre 2015 - Mes premiers souvenirs dans le sport ? Les envol\u00e9es du Stade Toulousain et les duels Villeneuve-Schumacher et H\u00e4kkinen-Schumacher \u00e0 la fin des ann\u00e9es 90, la Coupe du monde de football en 1998, l\u2019exploit du XV de France face aux All Blacks en 1999, mais aussi Richard C\u0153ur de Lion qui vole sur les montagnes du Tour de France. Bien parti pour devenir professeur d\u2019EPS, les \u00e9v\u00e9nements de la vie (et la flemme d\u2019animer des s\u00e9ances de 3x500 m\u00e8tres toute ma vie) m\u2019ont conduit \u00e0 revoir mes plans. Me voil\u00e0 depuis fin 2017 sur Dicodusport, m\u00e9dia gr\u00e2ce (et pour) lequel je partage ma passion : le sport dans tous ses \u00e9tats. Le tout accompagn\u00e9 par les fous furieux et folles furieuses cit\u00e9s sur cette page !","sameAs":["https:\/\/www.facebook.com\/florent.ostermann","https:\/\/x.com\/https:\/\/twitter.com\/FlOstermann","admin"],"url":"https:\/\/dicodusport.fr\/blog\/author\/flo\/"}]}},"_links":{"self":[{"href":"https:\/\/dicodusport.fr\/blog\/wp-json\/wp\/v2\/posts\/66926","targetHints":{"allow":["GET"]}}],"collection":[{"href":"https:\/\/dicodusport.fr\/blog\/wp-json\/wp\/v2\/posts"}],"about":[{"href":"https:\/\/dicodusport.fr\/blog\/wp-json\/wp\/v2\/types\/post"}],"author":[{"embeddable":true,"href":"https:\/\/dicodusport.fr\/blog\/wp-json\/wp\/v2\/users\/4"}],"replies":[{"embeddable":true,"href":"https:\/\/dicodusport.fr\/blog\/wp-json\/wp\/v2\/comments?post=66926"}],"version-history":[{"count":0,"href":"https:\/\/dicodusport.fr\/blog\/wp-json\/wp\/v2\/posts\/66926\/revisions"}],"wp:featuredmedia":[{"embeddable":true,"href":"https:\/\/dicodusport.fr\/blog\/wp-json\/wp\/v2\/media\/66927"}],"wp:attachment":[{"href":"https:\/\/dicodusport.fr\/blog\/wp-json\/wp\/v2\/media?parent=66926"}],"wp:term":[{"taxonomy":"category","embeddable":true,"href":"https:\/\/dicodusport.fr\/blog\/wp-json\/wp\/v2\/categories?post=66926"},{"taxonomy":"post_tag","embeddable":true,"href":"https:\/\/dicodusport.fr\/blog\/wp-json\/wp\/v2\/tags?post=66926"}],"curies":[{"name":"wp","href":"https:\/\/api.w.org\/{rel}","templated":true}]}}