{"id":671652,"date":"2026-05-20T18:08:33","date_gmt":"2026-05-20T16:08:33","guid":{"rendered":"https:\/\/dicodusport.fr\/blog\/?p=671652&#038;preview=true&#038;preview_id=671652"},"modified":"2026-05-20T18:11:29","modified_gmt":"2026-05-20T16:11:29","slug":"au-tour-de-leo-banos-de-voir-son-avenir-scelle-au-stade-toulousain","status":"publish","type":"post","link":"https:\/\/dicodusport.fr\/blog\/au-tour-de-leo-banos-de-voir-son-avenir-scelle-au-stade-toulousain\/","title":{"rendered":"Au tour de L\u00e9o Banos de voir son avenir scell\u00e9 au Stade Toulousain"},"content":{"rendered":"<p style=\"text-align: justify;\"><strong><em>TRANSFERTS RUGBY &#8211; La vague de prolongations continue au Stade Toulousain, et c&rsquo;est au tour de L\u00e9o Banos de rempiler avec le champion de France.<\/em><\/strong><\/p>\n<ul style=\"text-align: justify;\">\n<li style=\"text-align: justify;\"><strong>\u00c0 ce sujet &#8211; <a href=\"https:\/\/dicodusport.fr\/blog\/transferts-stade-toulousain-2026-recrues-departs-et-prolongations\/\">Transferts Stade Toulousain 2026 : Recrues, d\u00e9parts et prolongations<\/a><\/strong><\/li>\n<\/ul>\n<p style=\"text-align: justify;\">Le<strong> Stade Toulousain<\/strong> fait l&rsquo;actualit\u00e9 depuis le d\u00e9but de la semaine. Les prolongations s&rsquo;encha\u00eenent pour le champion de France, d\u00e9sireux de conserver ses meilleurs \u00e9l\u00e9ments. En fin de semaine derni\u00e8re, <strong>Joshua Brennan<\/strong> et <strong>Juan Cruz Mall\u00eda<\/strong> rempilaient. Hier, c&rsquo;\u00e9tait au tour du deuxi\u00e8me ligne international <strong>Thibaud Flament<\/strong> de signer un nouveau bail dans la ville rose.<\/p>\n<ul style=\"text-align: justify;\">\n<li style=\"text-align: justify;\"><strong>\u00c0 ce sujet &#8211; <a href=\"https:\/\/dicodusport.fr\/blog\/le-stade-toulousain-a-tranche-pour-lavenir-de-juan-cruz-mallia\/\">Le Stade Toulousain a tranch\u00e9 pour l\u2019avenir de Juan Cruz Mall\u00eda<\/a><\/strong><\/li>\n<\/ul>\n<h2 style=\"text-align: justify;\">Banos en progression constante<\/h2>\n<p style=\"text-align: justify;\">Cette fois, c&rsquo;est <strong>L\u00e9o Banos<\/strong> qui prolonge \u00e0 Toulouse. Un choix logique, tant le troisi\u00e8me ligne commence \u00e0 prendre de l&rsquo;ampleur dans un effectif pourtant fourni \u00e0 ce poste. Cette saison, il a disput\u00e9 pas moins de 24 matchs, dont 16 comme titulaire. S&rsquo;il n&rsquo;a pas d\u00e9marr\u00e9 certains matchs d&rsquo;importance, comme le quart de finale de Champions Cup contre l&rsquo;Union Bordeaux-B\u00e8gles, il est d\u00e9sormais parfaitement int\u00e9gr\u00e9 au collectif Rouge et Noir.<\/p>\n<ul style=\"text-align: justify;\">\n<li style=\"text-align: justify;\"><strong>\u00c0 ce sujet &#8211; <a href=\"https:\/\/dicodusport.fr\/blog\/stade-toulousain-joshua-brennan-fixe-sur-son-avenir\/\">Stade Toulousain : Joshua Brennan fix\u00e9 sur son avenir<\/a><\/strong><\/li>\n<\/ul>\n<p style=\"text-align: justify;\"><strong>Toulouse<\/strong> a pris son temps avec ce joueur, qu&rsquo;il a recrut\u00e9 en 2023 \u00e0 <strong>Mont-de-Marsan<\/strong>. Mais le Stade l&rsquo;avait laiss\u00e9 en couveuse une saison dans son club d&rsquo;origine, l&rsquo;int\u00e9grant durant la Coupe du monde pour pallier au d\u00e9part de ses internationaux. Arriv\u00e9 pour de bon chez le champion de France \u00e0 l&rsquo;intersaison 2024, il avait commenc\u00e9 \u00e0 prendre de l&rsquo;ampleur, au point d&rsquo;\u00eatre sur la feuille de match lors de <a href=\"https:\/\/dicodusport.fr\/blog\/finale-top-14-le-stade-toulousain-decroche-un-24eme-bouclier-de-brennus-apres-sa-victoire-en-prolongations-face-a-lubb\/\">la finale du Top 14 remport\u00e9e contre l&rsquo;UBB<\/a>.<\/p>\n<blockquote class=\"twitter-tweet\">\n<p dir=\"ltr\" lang=\"fr\">L\u00e9o Banos \u23e9\ufe0f 2028 \ud83d\udd34\u26ab\ufe0f<\/p>\n<p>Notre 3\u00e8me ligne poursuit l\u2019aventure toulousaine \ud83d\ude4c <a href=\"https:\/\/t.co\/KlpR01xGGA\">pic.twitter.com\/KlpR01xGGA<\/a><\/p>\n<p>\u2014 Stade Toulousain (@StadeToulousain) <a href=\"https:\/\/twitter.com\/StadeToulousain\/status\/2057126271751016661?ref_src=twsrc%5Etfw\">May 20, 2026<\/a><\/p><\/blockquote>\n<p style=\"text-align: justify;\"><script async src=\"https:\/\/platform.twitter.com\/widgets.js\" charset=\"utf-8\"><\/script><\/p>\n<p style=\"text-align: justify;\">International chez les U20, <strong>L\u00e9o Banos<\/strong> avait \u00e9t\u00e9 \u00e9lu dans l&rsquo;\u00e9quipe type du Tournoi des 6 Nations U20 2022. Alors qu&rsquo;il \u00e9voluait encore dans les Landes, il avait \u00e9t\u00e9 convoqu\u00e9 lors d&rsquo;un rassemblement du XV de France, ce qui avait surpris \u00e0 l&rsquo;\u00e9poque. Pour l&rsquo;instant, il n&rsquo;a pas encore \u00e9t\u00e9 s\u00e9lectionn\u00e9 par <strong>Fabien Galthi\u00e9<\/strong>, mais s&rsquo;il continue sa progression lin\u00e9aire, il frappera sans doute prochainement \u00e0 la porte des Bleus. En attendant, c&rsquo;est Toulouse qui profitera de son talent.<\/p>\n<h3 style=\"text-align: justify;\">\u00c0 ce sujet<\/h3>\n<div class=\"vlp-link-container vlp-layout-article\"><a href=\"https:\/\/dicodusport.fr\/blog\/thibaud-flament-deuxieme-ligne-du-stade-toulousain-scelle-son-avenir\/\" class=\"vlp-link\" title=\"Thibaud Flament, deuxi\u00e8me ligne du Stade Toulousain, scelle son avenir\"><\/a><div class=\"vlp-layout-zone-side\"><div class=\"vlp-block-4 vlp-link-image\"><img loading=\"lazy\" decoding=\"async\" style=\"max-width: 785px;\" width=\"785\" height=\"445\" src=\"https:\/\/dicodusport.fr\/blog\/wp-content\/uploads\/2026\/05\/Thibaud-Flament-deuxieme-ligne-du-Stade-Toulousain-scelle-son-avenir.png\" class=\"attachment-800x445 size-800x445\" alt=\"Thibaud Flament, deuxi\u00e8me ligne du Stade Toulousain, scelle son avenir\" srcset=\"https:\/\/dicodusport.fr\/blog\/wp-content\/uploads\/2026\/05\/Thibaud-Flament-deuxieme-ligne-du-Stade-Toulousain-scelle-son-avenir.png 1200w, https:\/\/dicodusport.fr\/blog\/wp-content\/uploads\/2026\/05\/Thibaud-Flament-deuxieme-ligne-du-Stade-Toulousain-scelle-son-avenir-300x170.png 300w, https:\/\/dicodusport.fr\/blog\/wp-content\/uploads\/2026\/05\/Thibaud-Flament-deuxieme-ligne-du-Stade-Toulousain-scelle-son-avenir-1024x580.png 1024w, https:\/\/dicodusport.fr\/blog\/wp-content\/uploads\/2026\/05\/Thibaud-Flament-deuxieme-ligne-du-Stade-Toulousain-scelle-son-avenir-768x435.png 768w\" sizes=\"auto, (max-width: 785px) 100vw, 785px\" \/><\/div><\/div><div class=\"vlp-layout-zone-main\"><div class=\"vlp-block-0 vlp-link-title\">Thibaud Flament, deuxi\u00e8me ligne du Stade Toulousain, scelle son avenir<\/div><div class=\"vlp-block-1 vlp-link-summary\">TRANSFERTS RUGBY - Le deuxi\u00e8me ligne international Thibaud Flament (29 ans) prolonge son contrat jusqu'en 2029 avec le Stade Toulousain.<\/div><div class=\"vlp-block-2 vlp-link-button\">Lire l'article<\/div><div class=\"vlp-block-3 vlp-link-url\">dicodusport.fr<\/div><\/div><\/div>\n<div id=\"gtx-trans\" style=\"position: absolute; left: -14px; top: 40.9091px;\">\n<div class=\"gtx-trans-icon\" style=\"text-align: justify;\"><\/div>\n<\/div>\n","protected":false},"excerpt":{"rendered":"<p>TRANSFERTS RUGBY &#8211; La vague de prolongations continue au Stade Toulousain, et c&rsquo;est au tour de L\u00e9o Banos de rempiler avec le champion de France.<\/p>\n","protected":false},"author":59,"featured_media":671653,"comment_status":"open","ping_status":"closed","sticky":false,"template":"","format":"standard","meta":{"_acf_changed":false,"_daextam_enable_autolinks":"1","footnotes":"","_members_access_role":[],"_members_access_error":""},"categories":[47050],"tags":[32415,16878,4008,29105],"class_list":["post-671652","post","type-post","status-publish","format-standard","has-post-thumbnail","hentry","category-top-14","tag-actu","tag-breve","tag-stade-toulousain","tag-transferts-rugby"],"acf":[],"yoast_head":"<!-- This site is optimized with the Yoast SEO Premium plugin v28.3 (Yoast SEO v28.3) - https:\/\/yoast.com\/product\/yoast-seo-premium-wordpress\/ -->\n<title>Au tour de L\u00e9o Banos de voir son avenir scell\u00e9 au Stade Toulousain<\/title>\n<meta name=\"description\" content=\"TRANSFERTS RUGBY - La vague de prolongations continue au Stade Toulousain, et c&#039;est au tour de L\u00e9o Banos de rempiler avec le champion de France.\" \/>\n<meta name=\"robots\" content=\"index, follow, max-snippet:-1, max-image-preview:large, max-video-preview:-1\" \/>\n<link rel=\"canonical\" href=\"https:\/\/dicodusport.fr\/blog\/au-tour-de-leo-banos-de-voir-son-avenir-scelle-au-stade-toulousain\/\" \/>\n<meta property=\"og:locale\" content=\"fr_FR\" \/>\n<meta property=\"og:type\" content=\"article\" \/>\n<meta property=\"og:title\" content=\"Au tour de L\u00e9o Banos de voir son avenir scell\u00e9 au Stade Toulousain\" \/>\n<meta property=\"og:description\" content=\"TRANSFERTS RUGBY - La vague de prolongations continue au Stade Toulousain, et c&#039;est au tour de L\u00e9o Banos de rempiler avec le champion de France.\" \/>\n<meta property=\"og:url\" content=\"https:\/\/dicodusport.fr\/blog\/au-tour-de-leo-banos-de-voir-son-avenir-scelle-au-stade-toulousain\/\" \/>\n<meta property=\"og:site_name\" content=\"Dicodusport\" \/>\n<meta property=\"article:publisher\" content=\"https:\/\/www.facebook.com\/dicodusport\" \/>\n<meta property=\"article:author\" content=\"https:\/\/www.facebook.com\/sebastien.gente\/\" \/>\n<meta property=\"article:published_time\" content=\"2026-05-20T16:08:33+00:00\" \/>\n<meta property=\"article:modified_time\" content=\"2026-05-20T16:11:29+00:00\" \/>\n<meta property=\"og:image\" content=\"https:\/\/dicodusport.fr\/blog\/wp-content\/uploads\/2026\/05\/Au-tour-de-Leo-Banos-de-voir-son-avenir-scelle-au-Stade-Toulousain.png\" \/>\n\t<meta property=\"og:image:width\" content=\"1200\" \/>\n\t<meta property=\"og:image:height\" content=\"674\" \/>\n\t<meta property=\"og:image:type\" content=\"image\/png\" \/>\n<meta name=\"author\" content=\"S\u00e9bastien Gente\" \/>\n<meta name=\"twitter:card\" content=\"summary_large_image\" \/>\n<meta name=\"twitter:title\" content=\"Au tour de L\u00e9o Banos de voir son avenir scell\u00e9 au Stade Toulousain\" \/>\n<meta name=\"twitter:creator\" content=\"@https:\/\/twitter.com\/globulo24\" \/>\n<meta name=\"twitter:site\" content=\"@dicodusport\" \/>\n<script type=\"application\/ld+json\" class=\"yoast-schema-graph\">{\"@context\":\"https:\\\/\\\/schema.org\",\"@graph\":[{\"@type\":\"NewsArticle\",\"@id\":\"https:\\\/\\\/dicodusport.fr\\\/blog\\\/au-tour-de-leo-banos-de-voir-son-avenir-scelle-au-stade-toulousain\\\/#article\",\"isPartOf\":{\"@id\":\"https:\\\/\\\/dicodusport.fr\\\/blog\\\/au-tour-de-leo-banos-de-voir-son-avenir-scelle-au-stade-toulousain\\\/\"},\"author\":{\"name\":\"S\u00e9bastien Gente\",\"@id\":\"https:\\\/\\\/dicodusport.fr\\\/blog\\\/#\\\/schema\\\/person\\\/627966a6cde45dbd8c5e36ac85d783da\"},\"headline\":\"Au tour de L\u00e9o Banos de voir son avenir scell\u00e9 au Stade Toulousain\",\"datePublished\":\"2026-05-20T16:08:33+00:00\",\"dateModified\":\"2026-05-20T16:11:29+00:00\",\"mainEntityOfPage\":{\"@id\":\"https:\\\/\\\/dicodusport.fr\\\/blog\\\/au-tour-de-leo-banos-de-voir-son-avenir-scelle-au-stade-toulousain\\\/\"},\"wordCount\":505,\"commentCount\":0,\"publisher\":{\"@id\":\"https:\\\/\\\/dicodusport.fr\\\/blog\\\/#organization\"},\"image\":{\"@id\":\"https:\\\/\\\/dicodusport.fr\\\/blog\\\/au-tour-de-leo-banos-de-voir-son-avenir-scelle-au-stade-toulousain\\\/#primaryimage\"},\"thumbnailUrl\":\"https:\\\/\\\/dicodusport.fr\\\/blog\\\/wp-content\\\/uploads\\\/2026\\\/05\\\/Au-tour-de-Leo-Banos-de-voir-son-avenir-scelle-au-Stade-Toulousain.png\",\"keywords\":[\"actu\",\"br\u00e8ve\",\"Stade Toulousain\",\"Transferts rugby\"],\"articleSection\":[\"Top 14\"],\"inLanguage\":\"fr-FR\",\"potentialAction\":[{\"@type\":\"CommentAction\",\"name\":\"Comment\",\"target\":[\"https:\\\/\\\/dicodusport.fr\\\/blog\\\/au-tour-de-leo-banos-de-voir-son-avenir-scelle-au-stade-toulousain\\\/#respond\"]}],\"copyrightYear\":\"2026\",\"copyrightHolder\":{\"@id\":\"https:\\\/\\\/dicodusport.fr\\\/blog\\\/#organization\"}},{\"@type\":\"WebPage\",\"@id\":\"https:\\\/\\\/dicodusport.fr\\\/blog\\\/au-tour-de-leo-banos-de-voir-son-avenir-scelle-au-stade-toulousain\\\/\",\"url\":\"https:\\\/\\\/dicodusport.fr\\\/blog\\\/au-tour-de-leo-banos-de-voir-son-avenir-scelle-au-stade-toulousain\\\/\",\"name\":\"Au tour de L\u00e9o Banos de voir son avenir scell\u00e9 au Stade Toulousain\",\"isPartOf\":{\"@id\":\"https:\\\/\\\/dicodusport.fr\\\/blog\\\/#website\"},\"primaryImageOfPage\":{\"@id\":\"https:\\\/\\\/dicodusport.fr\\\/blog\\\/au-tour-de-leo-banos-de-voir-son-avenir-scelle-au-stade-toulousain\\\/#primaryimage\"},\"image\":{\"@id\":\"https:\\\/\\\/dicodusport.fr\\\/blog\\\/au-tour-de-leo-banos-de-voir-son-avenir-scelle-au-stade-toulousain\\\/#primaryimage\"},\"thumbnailUrl\":\"https:\\\/\\\/dicodusport.fr\\\/blog\\\/wp-content\\\/uploads\\\/2026\\\/05\\\/Au-tour-de-Leo-Banos-de-voir-son-avenir-scelle-au-Stade-Toulousain.png\",\"datePublished\":\"2026-05-20T16:08:33+00:00\",\"dateModified\":\"2026-05-20T16:11:29+00:00\",\"description\":\"TRANSFERTS RUGBY - La vague de prolongations continue au Stade Toulousain, et c'est au tour de L\u00e9o Banos de rempiler avec le champion de France.\",\"breadcrumb\":{\"@id\":\"https:\\\/\\\/dicodusport.fr\\\/blog\\\/au-tour-de-leo-banos-de-voir-son-avenir-scelle-au-stade-toulousain\\\/#breadcrumb\"},\"inLanguage\":\"fr-FR\",\"potentialAction\":[{\"@type\":\"ReadAction\",\"target\":[\"https:\\\/\\\/dicodusport.fr\\\/blog\\\/au-tour-de-leo-banos-de-voir-son-avenir-scelle-au-stade-toulousain\\\/\"]}]},{\"@type\":\"ImageObject\",\"inLanguage\":\"fr-FR\",\"@id\":\"https:\\\/\\\/dicodusport.fr\\\/blog\\\/au-tour-de-leo-banos-de-voir-son-avenir-scelle-au-stade-toulousain\\\/#primaryimage\",\"url\":\"https:\\\/\\\/dicodusport.fr\\\/blog\\\/wp-content\\\/uploads\\\/2026\\\/05\\\/Au-tour-de-Leo-Banos-de-voir-son-avenir-scelle-au-Stade-Toulousain.png\",\"contentUrl\":\"https:\\\/\\\/dicodusport.fr\\\/blog\\\/wp-content\\\/uploads\\\/2026\\\/05\\\/Au-tour-de-Leo-Banos-de-voir-son-avenir-scelle-au-Stade-Toulousain.png\",\"width\":1200,\"height\":674,\"caption\":\"Au tour de L\u00e9o Banos de voir son avenir scell\u00e9 au Stade Toulousain\"},{\"@type\":\"BreadcrumbList\",\"@id\":\"https:\\\/\\\/dicodusport.fr\\\/blog\\\/au-tour-de-leo-banos-de-voir-son-avenir-scelle-au-stade-toulousain\\\/#breadcrumb\",\"itemListElement\":[{\"@type\":\"ListItem\",\"position\":1,\"name\":\"Accueil\",\"item\":\"https:\\\/\\\/dicodusport.fr\\\/blog\\\/\"},{\"@type\":\"ListItem\",\"position\":2,\"name\":\"Au tour de L\u00e9o Banos de voir son avenir scell\u00e9 au Stade Toulousain\"}]},{\"@type\":\"WebSite\",\"@id\":\"https:\\\/\\\/dicodusport.fr\\\/blog\\\/#website\",\"url\":\"https:\\\/\\\/dicodusport.fr\\\/blog\\\/\",\"name\":\"Dicodusport\",\"description\":\"L&#039;encyclop\u00e9die de l&#039;actualit\u00e9 sportive\",\"publisher\":{\"@id\":\"https:\\\/\\\/dicodusport.fr\\\/blog\\\/#organization\"},\"potentialAction\":[{\"@type\":\"SearchAction\",\"target\":{\"@type\":\"EntryPoint\",\"urlTemplate\":\"https:\\\/\\\/dicodusport.fr\\\/blog\\\/?s={search_term_string}\"},\"query-input\":{\"@type\":\"PropertyValueSpecification\",\"valueRequired\":true,\"valueName\":\"search_term_string\"}}],\"inLanguage\":\"fr-FR\"},{\"@type\":\"NewsMediaOrganization\",\"@id\":\"https:\\\/\\\/dicodusport.fr\\\/blog\\\/#organization\",\"name\":\"Dicodusport\",\"url\":\"https:\\\/\\\/dicodusport.fr\\\/blog\\\/\",\"logo\":{\"@type\":\"ImageObject\",\"inLanguage\":\"fr-FR\",\"@id\":\"https:\\\/\\\/dicodusport.fr\\\/blog\\\/#\\\/schema\\\/logo\\\/image\\\/\",\"url\":\"https:\\\/\\\/dicodusport.fr\\\/blog\\\/wp-content\\\/uploads\\\/2020\\\/06\\\/cropped-LOGO-DICODUSPORT-2020-SANS-FOND-SANS-TEXTE.png\",\"contentUrl\":\"https:\\\/\\\/dicodusport.fr\\\/blog\\\/wp-content\\\/uploads\\\/2020\\\/06\\\/cropped-LOGO-DICODUSPORT-2020-SANS-FOND-SANS-TEXTE.png\",\"width\":512,\"height\":512,\"caption\":\"Dicodusport\"},\"image\":{\"@id\":\"https:\\\/\\\/dicodusport.fr\\\/blog\\\/#\\\/schema\\\/logo\\\/image\\\/\"},\"sameAs\":[\"https:\\\/\\\/www.facebook.com\\\/dicodusport\",\"https:\\\/\\\/x.com\\\/dicodusport\",\"https:\\\/\\\/www.instagram.com\\\/dicodusport\\\/\",\"https:\\\/\\\/www.youtube.com\\\/channel\\\/UC7V2KZ5sd3htJivAbA4ZG3w\"],\"description\":\"Dicodusport est l'encyclop\u00e9die de l'actualit\u00e9 sportive.\",\"email\":\"bonjour@dicodusport.fr\",\"legalName\":\"DICODUSPORT\",\"foundingDate\":\"2018-01-14\",\"vatID\":\"FR71834470973\",\"taxID\":\"83447097300043\",\"numberOfEmployees\":{\"@type\":\"QuantitativeValue\",\"minValue\":\"1\",\"maxValue\":\"10\"}},{\"@type\":\"Person\",\"@id\":\"https:\\\/\\\/dicodusport.fr\\\/blog\\\/#\\\/schema\\\/person\\\/627966a6cde45dbd8c5e36ac85d783da\",\"name\":\"S\u00e9bastien Gente\",\"image\":{\"@type\":\"ImageObject\",\"inLanguage\":\"fr-FR\",\"@id\":\"https:\\\/\\\/dicodusport.fr\\\/blog\\\/wp-content\\\/uploads\\\/2021\\\/09\\\/1510990_10205810251400683_4124423575079401707_n-150x150.jpg\",\"url\":\"https:\\\/\\\/dicodusport.fr\\\/blog\\\/wp-content\\\/uploads\\\/2021\\\/09\\\/1510990_10205810251400683_4124423575079401707_n-150x150.jpg\",\"contentUrl\":\"https:\\\/\\\/dicodusport.fr\\\/blog\\\/wp-content\\\/uploads\\\/2021\\\/09\\\/1510990_10205810251400683_4124423575079401707_n-150x150.jpg\",\"caption\":\"S\u00e9bastien Gente\"},\"description\":\"John Stockton, Gianni Bugno, Zinedine Zidane, Steffi Graf, Frode Andresen, St\u00e9phane Stoecklin, Davis Kamoga, Primoz Peterka, Werner Schlager et Aur\u00e9lien Rougerie. Point commun entre ces sportifs? Ils m'ont fait r\u00eaver et ont berc\u00e9 mon adolescence. Je suis un fondu de sports et j'essaie de retranscrire ma passion \u00e0 travers mes articles. Originaire du P\u00e9rigord, ma passion pour les Girondins, les Jaunards et les Jazzmen transpire dans mes \u00e9crits. \u00c0 Dicodusport depuis 2021, je d\u00e9niche les sports m\u00e9connus dans lesquels la France brille, et il y en a !\",\"sameAs\":[\"https:\\\/\\\/www.facebook.com\\\/sebastien.gente\\\/\",\"https:\\\/\\\/www.instagram.com\\\/sebgente\\\/\",\"https:\\\/\\\/www.linkedin.com\\\/in\\\/sbastien-gente-a29583169\\\/\",\"https:\\\/\\\/x.com\\\/https:\\\/\\\/twitter.com\\\/globulo24\",\"SebastienGente\"],\"worksFor\":\"S\u00e9bastien GENTE\",\"url\":\"https:\\\/\\\/dicodusport.fr\\\/blog\\\/author\\\/sebastiengente\\\/\"}]}<\/script>\n<!-- \/ Yoast SEO Premium plugin. -->","yoast_head_json":{"title":"Au tour de L\u00e9o Banos de voir son avenir scell\u00e9 au Stade Toulousain","description":"TRANSFERTS RUGBY - La vague de prolongations continue au Stade Toulousain, et c'est au tour de L\u00e9o Banos de rempiler avec le champion de France.","robots":{"index":"index","follow":"follow","max-snippet":"max-snippet:-1","max-image-preview":"max-image-preview:large","max-video-preview":"max-video-preview:-1"},"canonical":"https:\/\/dicodusport.fr\/blog\/au-tour-de-leo-banos-de-voir-son-avenir-scelle-au-stade-toulousain\/","og_locale":"fr_FR","og_type":"article","og_title":"Au tour de L\u00e9o Banos de voir son avenir scell\u00e9 au Stade Toulousain","og_description":"TRANSFERTS RUGBY - La vague de prolongations continue au Stade Toulousain, et c'est au tour de L\u00e9o Banos de rempiler avec le champion de France.","og_url":"https:\/\/dicodusport.fr\/blog\/au-tour-de-leo-banos-de-voir-son-avenir-scelle-au-stade-toulousain\/","og_site_name":"Dicodusport","article_publisher":"https:\/\/www.facebook.com\/dicodusport","article_author":"https:\/\/www.facebook.com\/sebastien.gente\/","article_published_time":"2026-05-20T16:08:33+00:00","article_modified_time":"2026-05-20T16:11:29+00:00","og_image":[{"width":1200,"height":674,"url":"https:\/\/dicodusport.fr\/blog\/wp-content\/uploads\/2026\/05\/Au-tour-de-Leo-Banos-de-voir-son-avenir-scelle-au-Stade-Toulousain.png","type":"image\/png"}],"author":"S\u00e9bastien Gente","twitter_card":"summary_large_image","twitter_title":"Au tour de L\u00e9o Banos de voir son avenir scell\u00e9 au Stade Toulousain","twitter_creator":"@https:\/\/twitter.com\/globulo24","twitter_site":"@dicodusport","schema":{"@context":"https:\/\/schema.org","@graph":[{"@type":"NewsArticle","@id":"https:\/\/dicodusport.fr\/blog\/au-tour-de-leo-banos-de-voir-son-avenir-scelle-au-stade-toulousain\/#article","isPartOf":{"@id":"https:\/\/dicodusport.fr\/blog\/au-tour-de-leo-banos-de-voir-son-avenir-scelle-au-stade-toulousain\/"},"author":{"name":"S\u00e9bastien Gente","@id":"https:\/\/dicodusport.fr\/blog\/#\/schema\/person\/627966a6cde45dbd8c5e36ac85d783da"},"headline":"Au tour de L\u00e9o Banos de voir son avenir scell\u00e9 au Stade Toulousain","datePublished":"2026-05-20T16:08:33+00:00","dateModified":"2026-05-20T16:11:29+00:00","mainEntityOfPage":{"@id":"https:\/\/dicodusport.fr\/blog\/au-tour-de-leo-banos-de-voir-son-avenir-scelle-au-stade-toulousain\/"},"wordCount":505,"commentCount":0,"publisher":{"@id":"https:\/\/dicodusport.fr\/blog\/#organization"},"image":{"@id":"https:\/\/dicodusport.fr\/blog\/au-tour-de-leo-banos-de-voir-son-avenir-scelle-au-stade-toulousain\/#primaryimage"},"thumbnailUrl":"https:\/\/dicodusport.fr\/blog\/wp-content\/uploads\/2026\/05\/Au-tour-de-Leo-Banos-de-voir-son-avenir-scelle-au-Stade-Toulousain.png","keywords":["actu","br\u00e8ve","Stade Toulousain","Transferts rugby"],"articleSection":["Top 14"],"inLanguage":"fr-FR","potentialAction":[{"@type":"CommentAction","name":"Comment","target":["https:\/\/dicodusport.fr\/blog\/au-tour-de-leo-banos-de-voir-son-avenir-scelle-au-stade-toulousain\/#respond"]}],"copyrightYear":"2026","copyrightHolder":{"@id":"https:\/\/dicodusport.fr\/blog\/#organization"}},{"@type":"WebPage","@id":"https:\/\/dicodusport.fr\/blog\/au-tour-de-leo-banos-de-voir-son-avenir-scelle-au-stade-toulousain\/","url":"https:\/\/dicodusport.fr\/blog\/au-tour-de-leo-banos-de-voir-son-avenir-scelle-au-stade-toulousain\/","name":"Au tour de L\u00e9o Banos de voir son avenir scell\u00e9 au Stade Toulousain","isPartOf":{"@id":"https:\/\/dicodusport.fr\/blog\/#website"},"primaryImageOfPage":{"@id":"https:\/\/dicodusport.fr\/blog\/au-tour-de-leo-banos-de-voir-son-avenir-scelle-au-stade-toulousain\/#primaryimage"},"image":{"@id":"https:\/\/dicodusport.fr\/blog\/au-tour-de-leo-banos-de-voir-son-avenir-scelle-au-stade-toulousain\/#primaryimage"},"thumbnailUrl":"https:\/\/dicodusport.fr\/blog\/wp-content\/uploads\/2026\/05\/Au-tour-de-Leo-Banos-de-voir-son-avenir-scelle-au-Stade-Toulousain.png","datePublished":"2026-05-20T16:08:33+00:00","dateModified":"2026-05-20T16:11:29+00:00","description":"TRANSFERTS RUGBY - La vague de prolongations continue au Stade Toulousain, et c'est au tour de L\u00e9o Banos de rempiler avec le champion de France.","breadcrumb":{"@id":"https:\/\/dicodusport.fr\/blog\/au-tour-de-leo-banos-de-voir-son-avenir-scelle-au-stade-toulousain\/#breadcrumb"},"inLanguage":"fr-FR","potentialAction":[{"@type":"ReadAction","target":["https:\/\/dicodusport.fr\/blog\/au-tour-de-leo-banos-de-voir-son-avenir-scelle-au-stade-toulousain\/"]}]},{"@type":"ImageObject","inLanguage":"fr-FR","@id":"https:\/\/dicodusport.fr\/blog\/au-tour-de-leo-banos-de-voir-son-avenir-scelle-au-stade-toulousain\/#primaryimage","url":"https:\/\/dicodusport.fr\/blog\/wp-content\/uploads\/2026\/05\/Au-tour-de-Leo-Banos-de-voir-son-avenir-scelle-au-Stade-Toulousain.png","contentUrl":"https:\/\/dicodusport.fr\/blog\/wp-content\/uploads\/2026\/05\/Au-tour-de-Leo-Banos-de-voir-son-avenir-scelle-au-Stade-Toulousain.png","width":1200,"height":674,"caption":"Au tour de L\u00e9o Banos de voir son avenir scell\u00e9 au Stade Toulousain"},{"@type":"BreadcrumbList","@id":"https:\/\/dicodusport.fr\/blog\/au-tour-de-leo-banos-de-voir-son-avenir-scelle-au-stade-toulousain\/#breadcrumb","itemListElement":[{"@type":"ListItem","position":1,"name":"Accueil","item":"https:\/\/dicodusport.fr\/blog\/"},{"@type":"ListItem","position":2,"name":"Au tour de L\u00e9o Banos de voir son avenir scell\u00e9 au Stade Toulousain"}]},{"@type":"WebSite","@id":"https:\/\/dicodusport.fr\/blog\/#website","url":"https:\/\/dicodusport.fr\/blog\/","name":"Dicodusport","description":"L&#039;encyclop\u00e9die de l&#039;actualit\u00e9 sportive","publisher":{"@id":"https:\/\/dicodusport.fr\/blog\/#organization"},"potentialAction":[{"@type":"SearchAction","target":{"@type":"EntryPoint","urlTemplate":"https:\/\/dicodusport.fr\/blog\/?s={search_term_string}"},"query-input":{"@type":"PropertyValueSpecification","valueRequired":true,"valueName":"search_term_string"}}],"inLanguage":"fr-FR"},{"@type":"NewsMediaOrganization","@id":"https:\/\/dicodusport.fr\/blog\/#organization","name":"Dicodusport","url":"https:\/\/dicodusport.fr\/blog\/","logo":{"@type":"ImageObject","inLanguage":"fr-FR","@id":"https:\/\/dicodusport.fr\/blog\/#\/schema\/logo\/image\/","url":"https:\/\/dicodusport.fr\/blog\/wp-content\/uploads\/2020\/06\/cropped-LOGO-DICODUSPORT-2020-SANS-FOND-SANS-TEXTE.png","contentUrl":"https:\/\/dicodusport.fr\/blog\/wp-content\/uploads\/2020\/06\/cropped-LOGO-DICODUSPORT-2020-SANS-FOND-SANS-TEXTE.png","width":512,"height":512,"caption":"Dicodusport"},"image":{"@id":"https:\/\/dicodusport.fr\/blog\/#\/schema\/logo\/image\/"},"sameAs":["https:\/\/www.facebook.com\/dicodusport","https:\/\/x.com\/dicodusport","https:\/\/www.instagram.com\/dicodusport\/","https:\/\/www.youtube.com\/channel\/UC7V2KZ5sd3htJivAbA4ZG3w"],"description":"Dicodusport est l'encyclop\u00e9die de l'actualit\u00e9 sportive.","email":"bonjour@dicodusport.fr","legalName":"DICODUSPORT","foundingDate":"2018-01-14","vatID":"FR71834470973","taxID":"83447097300043","numberOfEmployees":{"@type":"QuantitativeValue","minValue":"1","maxValue":"10"}},{"@type":"Person","@id":"https:\/\/dicodusport.fr\/blog\/#\/schema\/person\/627966a6cde45dbd8c5e36ac85d783da","name":"S\u00e9bastien Gente","image":{"@type":"ImageObject","inLanguage":"fr-FR","@id":"https:\/\/dicodusport.fr\/blog\/wp-content\/uploads\/2021\/09\/1510990_10205810251400683_4124423575079401707_n-150x150.jpg","url":"https:\/\/dicodusport.fr\/blog\/wp-content\/uploads\/2021\/09\/1510990_10205810251400683_4124423575079401707_n-150x150.jpg","contentUrl":"https:\/\/dicodusport.fr\/blog\/wp-content\/uploads\/2021\/09\/1510990_10205810251400683_4124423575079401707_n-150x150.jpg","caption":"S\u00e9bastien Gente"},"description":"John Stockton, Gianni Bugno, Zinedine Zidane, Steffi Graf, Frode Andresen, St\u00e9phane Stoecklin, Davis Kamoga, Primoz Peterka, Werner Schlager et Aur\u00e9lien Rougerie. Point commun entre ces sportifs? Ils m'ont fait r\u00eaver et ont berc\u00e9 mon adolescence. Je suis un fondu de sports et j'essaie de retranscrire ma passion \u00e0 travers mes articles. Originaire du P\u00e9rigord, ma passion pour les Girondins, les Jaunards et les Jazzmen transpire dans mes \u00e9crits. \u00c0 Dicodusport depuis 2021, je d\u00e9niche les sports m\u00e9connus dans lesquels la France brille, et il y en a !","sameAs":["https:\/\/www.facebook.com\/sebastien.gente\/","https:\/\/www.instagram.com\/sebgente\/","https:\/\/www.linkedin.com\/in\/sbastien-gente-a29583169\/","https:\/\/x.com\/https:\/\/twitter.com\/globulo24","SebastienGente"],"worksFor":"S\u00e9bastien GENTE","url":"https:\/\/dicodusport.fr\/blog\/author\/sebastiengente\/"}]}},"_links":{"self":[{"href":"https:\/\/dicodusport.fr\/blog\/wp-json\/wp\/v2\/posts\/671652","targetHints":{"allow":["GET"]}}],"collection":[{"href":"https:\/\/dicodusport.fr\/blog\/wp-json\/wp\/v2\/posts"}],"about":[{"href":"https:\/\/dicodusport.fr\/blog\/wp-json\/wp\/v2\/types\/post"}],"author":[{"embeddable":true,"href":"https:\/\/dicodusport.fr\/blog\/wp-json\/wp\/v2\/users\/59"}],"replies":[{"embeddable":true,"href":"https:\/\/dicodusport.fr\/blog\/wp-json\/wp\/v2\/comments?post=671652"}],"version-history":[{"count":3,"href":"https:\/\/dicodusport.fr\/blog\/wp-json\/wp\/v2\/posts\/671652\/revisions"}],"predecessor-version":[{"id":671656,"href":"https:\/\/dicodusport.fr\/blog\/wp-json\/wp\/v2\/posts\/671652\/revisions\/671656"}],"wp:featuredmedia":[{"embeddable":true,"href":"https:\/\/dicodusport.fr\/blog\/wp-json\/wp\/v2\/media\/671653"}],"wp:attachment":[{"href":"https:\/\/dicodusport.fr\/blog\/wp-json\/wp\/v2\/media?parent=671652"}],"wp:term":[{"taxonomy":"category","embeddable":true,"href":"https:\/\/dicodusport.fr\/blog\/wp-json\/wp\/v2\/categories?post=671652"},{"taxonomy":"post_tag","embeddable":true,"href":"https:\/\/dicodusport.fr\/blog\/wp-json\/wp\/v2\/tags?post=671652"}],"curies":[{"name":"wp","href":"https:\/\/api.w.org\/{rel}","templated":true}]}}