{"id":67287,"date":"2020-05-22T12:25:19","date_gmt":"2020-05-22T10:25:19","guid":{"rendered":"http:\/\/dicodusport.fr\/blog\/?p=67287&#038;preview=true&#038;preview_id=67287"},"modified":"2020-05-24T13:35:14","modified_gmt":"2020-05-24T11:35:14","slug":"6-nations-rugby-championship-meme-periode-ca-se-precise","status":"publish","type":"post","link":"https:\/\/dicodusport.fr\/blog\/6-nations-rugby-championship-meme-periode-ca-se-precise\/","title":{"rendered":"Le 6 Nations et le Rugby Championship sur une m\u00eame p\u00e9riode, \u00e7a se pr\u00e9cise"},"content":{"rendered":"<p style=\"text-align: justify;\"><strong><em>RUGBY &#8211; Le 6 Nations et le Rugby Championship en m\u00eame temps ? C&rsquo;est une hypoth\u00e8se qui prend de l&rsquo;\u00e9paisseur ce vendredi. Via un communiqu\u00e9 commun, les Six Nations et la SANZAAR ont confirm\u00e9 travailler ensemble sur le projet d&rsquo;un calendrier harmonis\u00e9.<\/em><\/strong><\/p>\n<p style=\"text-align: justify;\">Le projet \u00e9tait d\u00e9j\u00e0 \u00e9voqu\u00e9 il y a trois semaines par le tr\u00e8s s\u00e9rieux <strong><em>The Rugby Paper<\/em><\/strong>. Le journal britannique faisait alors \u00e9tat d&rsquo;<a href=\"https:\/\/dicodusport.fr\/blog\/calendrier-dingue-propose-world-rugby-saison-2020-2021\/\" target=\"_blank\" rel=\"noopener noreferrer\">un possible calendrier harmonis\u00e9, encadr\u00e9 par World Rugby<\/a>. Avec d\u00e9j\u00e0, la perspective de voir le <strong>6 Nations<\/strong> et le <strong>Rugby Championship<\/strong> (Nouvelle-Z\u00e9lande, Australie, Afrique du Sud et Argentine) se d\u00e9rouler sur la m\u00eame p\u00e9riode.<\/p>\n<h2 style=\"text-align: justify;\">Un communiqu\u00e9 commun et des discussions avanc\u00e9es<\/h2>\n<p style=\"text-align: justify;\">Ce vendredi, ce projet de calendrier global commun a pris de l&rsquo;\u00e9paisseur. Les <strong>Six Nations<\/strong> ainsi que la <strong>SANZAAR<\/strong> (South Africa New Zealand Australia and Argentina Rugby) ont communiqu\u00e9 conjointement sur les discussions en cours. Parmi les sujets sur lesquels les deux instances ont planch\u00e9, la tenue du <strong>Tournoi des 6 Nations<\/strong> et du <strong>Rugby Championship<\/strong> sur une m\u00eame p\u00e9riode, soit en mars-avril. Autre possible r\u00e9volution, les matchs des tourn\u00e9es d&rsquo;\u00e9t\u00e9 et d&rsquo;automne regroup\u00e9s sur un seul cr\u00e9neau. \u00c0 savoir en septembre-octobre ou en octobre-novembre.<\/p>\n<p style=\"text-align: justify;\">Outre ces am\u00e9nagements, <strong>Six Nations<\/strong> et <strong>SANZAAR<\/strong> ont \u00e9galement invit\u00e9 les clubs \u00e0 rejoindre la table des discussions. L&rsquo;objectif \u00e9tant de favoriser le d\u00e9veloppement du rugby. Ce dernier est en effet frein\u00e9 depuis de nombreuses ann\u00e9es par le manque de clart\u00e9 dans les diff\u00e9rents calendriers.<\/p>\n<ul>\n<li style=\"text-align: justify;\"><strong>\u00c0 lire aussi &#8211; <a href=\"https:\/\/dicodusport.fr\/blog\/tournoi-4-nations-sans-france-automne\/\" target=\"_blank\" rel=\"noopener noreferrer\">Un Tournoi des 4 Nations sans la France \u00e0 l\u2019automne ?<\/a><\/strong><\/li>\n<\/ul>\n<h2 style=\"text-align: justify;\">Le communiqu\u00e9 des Six Nations et de la SANZAAR<\/h2>\n<blockquote>\n<p style=\"text-align: justify;\">Les Six Nations et la SANZAAR ont travaill\u00e9 en \u00e9troite collaboration durant le confinement pour \u00e9tablir une s\u00e9rie de principes cl\u00e9s entre les parties, d\u00e9velopper et se mettre d&rsquo;accord sur des propositions pour un calendrier global. M\u00eame s&rsquo;il y a des pr\u00e9f\u00e9rences diff\u00e9rentes, les Nations ont adopt\u00e9 un \u00e9tat d&rsquo;esprit qui a cherch\u00e9 \u00e0 \u00e9liminer les int\u00e9r\u00eats personnels. [&#8230;] Le processus de discussions, en totale transparence avec les f\u00e9d\u00e9rations, les clubs et les joueurs continuera pour aboutir \u00e0 un calendrier mondial align\u00e9, clair et coh\u00e9rent. &#8211; <strong>Propos rapport\u00e9s \u00e0 <a href=\"https:\/\/www.lequipe.fr\/Rugby\/Actualites\/Les-six-nations-et-le-sanzaar-confirment-travailler-ensemble-a-un-calendrier-global\/1136651\" target=\"_blank\" rel=\"noopener noreferrer\">L&rsquo;\u00c9quipe<\/a><\/strong><\/p>\n<\/blockquote>\n<p><strong><em>Dicodusport<br \/>\n<a href=\"https:\/\/www.facebook.com\/dicodusport\/\" target=\"_blank\" rel=\"noopener noreferrer\"><img loading=\"lazy\" decoding=\"async\" class=\"alignnone wp-image-2909\" src=\"http:\/\/dicodusport.fr\/blog\/wp-content\/uploads\/2017\/07\/logo-facebook-150x150.png\" alt=\"\" width=\"40\" height=\"40\" \/><\/a><a href=\"https:\/\/twitter.com\/dicodusport\" target=\"_blank\" rel=\"noopener noreferrer\"><img loading=\"lazy\" decoding=\"async\" class=\"alignnone wp-image-2908\" src=\"http:\/\/dicodusport.fr\/blog\/wp-content\/uploads\/2017\/07\/logo-twitter-150x150.png\" alt=\"\" width=\"39\" height=\"39\" \/><\/a><\/em><\/strong><\/p>\n","protected":false},"excerpt":{"rendered":"<p>RUGBY &#8211; Le 6 Nations et le Rugby Championship en m\u00eame temps ? C&rsquo;est une hypoth\u00e8se qui prend de l&rsquo;\u00e9paisseur ce vendredi. Via un communiqu\u00e9 commun, les Six Nations et la SANZAAR ont confirm\u00e9 travailler ensemble sur le projet d&rsquo;un calendrier harmonis\u00e9, entre les nations du nord, et celles du sud.<\/p>\n","protected":false},"author":4,"featured_media":67289,"comment_status":"open","ping_status":"closed","sticky":false,"template":"","format":"standard","meta":{"_acf_changed":false,"_daextam_enable_autolinks":"","footnotes":""},"categories":[9129],"tags":[3085,13,5994,9734],"class_list":["post-67287","post","type-post","status-publish","format-standard","has-post-thumbnail","hentry","category-rugby-a-xv","tag-6-nations","tag-rugby","tag-rugby-championship","tag-tournoi-des-6-nations"],"acf":[],"yoast_head":"<!-- This site is optimized with the Yoast SEO Premium plugin v26.7 (Yoast SEO v26.7) - https:\/\/yoast.com\/wordpress\/plugins\/seo\/ -->\n<title>Le 6 Nations et le Rugby Championship sur une m\u00eame p\u00e9riode, \u00e7a se pr\u00e9cise<\/title>\n<meta name=\"description\" content=\"RUGBY - Le 6 Nations et le Rugby Championship en m\u00eame temps ? C&#039;est une hypoth\u00e8se qui prend de l&#039;\u00e9paisseur ce vendredi, apr\u00e8s une comminiqu\u00e9 commun des Six Nations et de la SANZAAR.\" \/>\n<meta name=\"robots\" content=\"index, follow, max-snippet:-1, max-image-preview:large, max-video-preview:-1\" \/>\n<link rel=\"canonical\" href=\"https:\/\/dicodusport.fr\/blog\/6-nations-rugby-championship-meme-periode-ca-se-precise\/\" \/>\n<meta property=\"og:locale\" content=\"fr_FR\" \/>\n<meta property=\"og:type\" content=\"article\" \/>\n<meta property=\"og:title\" content=\"Le 6 Nations et le Rugby Championship sur une m\u00eame p\u00e9riode, \u00e7a se pr\u00e9cise\" \/>\n<meta property=\"og:description\" content=\"RUGBY - Le 6 Nations et le Rugby Championship en m\u00eame temps ? C&#039;est une hypoth\u00e8se qui prend de l&#039;\u00e9paisseur ce vendredi, apr\u00e8s une comminiqu\u00e9 commun des Six Nations et de la SANZAAR.\" \/>\n<meta property=\"og:url\" content=\"https:\/\/dicodusport.fr\/blog\/6-nations-rugby-championship-meme-periode-ca-se-precise\/\" \/>\n<meta property=\"og:site_name\" content=\"Dicodusport\" \/>\n<meta property=\"article:publisher\" content=\"https:\/\/www.facebook.com\/dicodusport\" \/>\n<meta property=\"article:author\" content=\"https:\/\/www.facebook.com\/florent.ostermann\" \/>\n<meta property=\"article:published_time\" content=\"2020-05-22T10:25:19+00:00\" \/>\n<meta property=\"article:modified_time\" content=\"2020-05-24T11:35:14+00:00\" \/>\n<meta property=\"og:image\" content=\"https:\/\/dicodusport.fr\/blog\/wp-content\/uploads\/2020\/05\/Le-6-Nations-et-le-Rugby-Championship-sur-une-m\u00eame-p\u00e9riode-\u00e7a-se-pr\u00e9cise.png\" \/>\n\t<meta property=\"og:image:width\" content=\"800\" \/>\n\t<meta property=\"og:image:height\" content=\"445\" \/>\n\t<meta property=\"og:image:type\" content=\"image\/png\" \/>\n<meta name=\"author\" content=\"Flo Ostermann\" \/>\n<meta name=\"twitter:card\" content=\"summary_large_image\" \/>\n<meta name=\"twitter:title\" content=\"Le 6 Nations et le Rugby Championship sur une m\u00eame p\u00e9riode, \u00e7a se pr\u00e9cise\" \/>\n<meta name=\"twitter:creator\" content=\"@https:\/\/twitter.com\/FlOstermann\" \/>\n<meta name=\"twitter:site\" content=\"@dicodusport\" \/>\n<script type=\"application\/ld+json\" class=\"yoast-schema-graph\">{\"@context\":\"https:\/\/schema.org\",\"@graph\":[{\"@type\":\"NewsArticle\",\"@id\":\"https:\/\/dicodusport.fr\/blog\/6-nations-rugby-championship-meme-periode-ca-se-precise\/#article\",\"isPartOf\":{\"@id\":\"https:\/\/dicodusport.fr\/blog\/6-nations-rugby-championship-meme-periode-ca-se-precise\/\"},\"author\":{\"name\":\"Flo Ostermann\",\"@id\":\"https:\/\/dicodusport.fr\/blog\/#\/schema\/person\/cb02af4c173ce4a653b55e9baf388d4a\"},\"headline\":\"Le 6 Nations et le Rugby Championship sur une m\u00eame p\u00e9riode, \u00e7a se pr\u00e9cise\",\"datePublished\":\"2020-05-22T10:25:19+00:00\",\"dateModified\":\"2020-05-24T11:35:14+00:00\",\"mainEntityOfPage\":{\"@id\":\"https:\/\/dicodusport.fr\/blog\/6-nations-rugby-championship-meme-periode-ca-se-precise\/\"},\"wordCount\":400,\"commentCount\":0,\"publisher\":{\"@id\":\"https:\/\/dicodusport.fr\/blog\/#organization\"},\"image\":{\"@id\":\"https:\/\/dicodusport.fr\/blog\/6-nations-rugby-championship-meme-periode-ca-se-precise\/#primaryimage\"},\"thumbnailUrl\":\"https:\/\/dicodusport.fr\/blog\/wp-content\/uploads\/2020\/05\/Le-6-Nations-et-le-Rugby-Championship-sur-une-m\u00eame-p\u00e9riode-\u00e7a-se-pr\u00e9cise.png\",\"keywords\":[\"6 nations\",\"Rugby\",\"Rugby Championship\",\"Tournoi des 6 Nations\"],\"articleSection\":[\"Rugby \u00e0 XV\"],\"inLanguage\":\"fr-FR\",\"potentialAction\":[{\"@type\":\"CommentAction\",\"name\":\"Comment\",\"target\":[\"https:\/\/dicodusport.fr\/blog\/6-nations-rugby-championship-meme-periode-ca-se-precise\/#respond\"]}],\"copyrightYear\":\"2020\",\"copyrightHolder\":{\"@id\":\"https:\/\/dicodusport.fr\/blog\/#organization\"}},{\"@type\":\"WebPage\",\"@id\":\"https:\/\/dicodusport.fr\/blog\/6-nations-rugby-championship-meme-periode-ca-se-precise\/\",\"url\":\"https:\/\/dicodusport.fr\/blog\/6-nations-rugby-championship-meme-periode-ca-se-precise\/\",\"name\":\"Le 6 Nations et le Rugby Championship sur une m\u00eame p\u00e9riode, \u00e7a se pr\u00e9cise\",\"isPartOf\":{\"@id\":\"https:\/\/dicodusport.fr\/blog\/#website\"},\"primaryImageOfPage\":{\"@id\":\"https:\/\/dicodusport.fr\/blog\/6-nations-rugby-championship-meme-periode-ca-se-precise\/#primaryimage\"},\"image\":{\"@id\":\"https:\/\/dicodusport.fr\/blog\/6-nations-rugby-championship-meme-periode-ca-se-precise\/#primaryimage\"},\"thumbnailUrl\":\"https:\/\/dicodusport.fr\/blog\/wp-content\/uploads\/2020\/05\/Le-6-Nations-et-le-Rugby-Championship-sur-une-m\u00eame-p\u00e9riode-\u00e7a-se-pr\u00e9cise.png\",\"datePublished\":\"2020-05-22T10:25:19+00:00\",\"dateModified\":\"2020-05-24T11:35:14+00:00\",\"description\":\"RUGBY - Le 6 Nations et le Rugby Championship en m\u00eame temps ? C'est une hypoth\u00e8se qui prend de l'\u00e9paisseur ce vendredi, apr\u00e8s une comminiqu\u00e9 commun des Six Nations et de la SANZAAR.\",\"breadcrumb\":{\"@id\":\"https:\/\/dicodusport.fr\/blog\/6-nations-rugby-championship-meme-periode-ca-se-precise\/#breadcrumb\"},\"inLanguage\":\"fr-FR\",\"potentialAction\":[{\"@type\":\"ReadAction\",\"target\":[\"https:\/\/dicodusport.fr\/blog\/6-nations-rugby-championship-meme-periode-ca-se-precise\/\"]}]},{\"@type\":\"ImageObject\",\"inLanguage\":\"fr-FR\",\"@id\":\"https:\/\/dicodusport.fr\/blog\/6-nations-rugby-championship-meme-periode-ca-se-precise\/#primaryimage\",\"url\":\"https:\/\/dicodusport.fr\/blog\/wp-content\/uploads\/2020\/05\/Le-6-Nations-et-le-Rugby-Championship-sur-une-m\u00eame-p\u00e9riode-\u00e7a-se-pr\u00e9cise.png\",\"contentUrl\":\"https:\/\/dicodusport.fr\/blog\/wp-content\/uploads\/2020\/05\/Le-6-Nations-et-le-Rugby-Championship-sur-une-m\u00eame-p\u00e9riode-\u00e7a-se-pr\u00e9cise.png\",\"width\":800,\"height\":445,\"caption\":\"Le 6 Nations et le Rugby Championship sur une m\u00eame p\u00e9riode, \u00e7a se pr\u00e9cise\"},{\"@type\":\"BreadcrumbList\",\"@id\":\"https:\/\/dicodusport.fr\/blog\/6-nations-rugby-championship-meme-periode-ca-se-precise\/#breadcrumb\",\"itemListElement\":[{\"@type\":\"ListItem\",\"position\":1,\"name\":\"Accueil\",\"item\":\"https:\/\/dicodusport.fr\/blog\/\"},{\"@type\":\"ListItem\",\"position\":2,\"name\":\"Le 6 Nations et le Rugby Championship sur une m\u00eame p\u00e9riode, \u00e7a se pr\u00e9cise\"}]},{\"@type\":\"WebSite\",\"@id\":\"https:\/\/dicodusport.fr\/blog\/#website\",\"url\":\"https:\/\/dicodusport.fr\/blog\/\",\"name\":\"Dicodusport\",\"description\":\"L&#039;encyclop\u00e9die de l&#039;actualit\u00e9 sportive\",\"publisher\":{\"@id\":\"https:\/\/dicodusport.fr\/blog\/#organization\"},\"potentialAction\":[{\"@type\":\"SearchAction\",\"target\":{\"@type\":\"EntryPoint\",\"urlTemplate\":\"https:\/\/dicodusport.fr\/blog\/?s={search_term_string}\"},\"query-input\":{\"@type\":\"PropertyValueSpecification\",\"valueRequired\":true,\"valueName\":\"search_term_string\"}}],\"inLanguage\":\"fr-FR\"},{\"@type\":\"NewsMediaOrganization\",\"@id\":\"https:\/\/dicodusport.fr\/blog\/#organization\",\"name\":\"Dicodusport\",\"url\":\"https:\/\/dicodusport.fr\/blog\/\",\"logo\":{\"@type\":\"ImageObject\",\"inLanguage\":\"fr-FR\",\"@id\":\"https:\/\/dicodusport.fr\/blog\/#\/schema\/logo\/image\/\",\"url\":\"https:\/\/dicodusport.fr\/blog\/wp-content\/uploads\/2020\/06\/cropped-LOGO-DICODUSPORT-2020-SANS-FOND-SANS-TEXTE.png\",\"contentUrl\":\"https:\/\/dicodusport.fr\/blog\/wp-content\/uploads\/2020\/06\/cropped-LOGO-DICODUSPORT-2020-SANS-FOND-SANS-TEXTE.png\",\"width\":512,\"height\":512,\"caption\":\"Dicodusport\"},\"image\":{\"@id\":\"https:\/\/dicodusport.fr\/blog\/#\/schema\/logo\/image\/\"},\"sameAs\":[\"https:\/\/www.facebook.com\/dicodusport\",\"https:\/\/x.com\/dicodusport\",\"https:\/\/www.instagram.com\/dicodusport\/\",\"https:\/\/www.youtube.com\/channel\/UC7V2KZ5sd3htJivAbA4ZG3w\"],\"description\":\"Dicodusport est l'encyclop\u00e9die de l'actualit\u00e9 sportive.\",\"email\":\"bonjour@dicodusport.fr\",\"legalName\":\"DICODUSPORT\",\"foundingDate\":\"2018-01-14\",\"vatID\":\"FR71834470973\",\"taxID\":\"83447097300043\",\"numberOfEmployees\":{\"@type\":\"QuantitativeValue\",\"minValue\":\"1\",\"maxValue\":\"10\"}},{\"@type\":\"Person\",\"@id\":\"https:\/\/dicodusport.fr\/blog\/#\/schema\/person\/cb02af4c173ce4a653b55e9baf388d4a\",\"name\":\"Flo Ostermann\",\"image\":{\"@type\":\"ImageObject\",\"inLanguage\":\"fr-FR\",\"@id\":\"https:\/\/dicodusport.fr\/blog\/#\/schema\/person\/image\/\",\"url\":\"https:\/\/dicodusport.fr\/blog\/wp-content\/uploads\/2021\/05\/Flo-Ostermann-150x150.jpg\",\"contentUrl\":\"https:\/\/dicodusport.fr\/blog\/wp-content\/uploads\/2021\/05\/Flo-Ostermann-150x150.jpg\",\"caption\":\"Flo Ostermann\"},\"description\":\"Journaliste\/R\u00e9dacteur depuis septembre 2015 - Mes premiers souvenirs dans le sport ? Les envol\u00e9es du Stade Toulousain et les duels Villeneuve-Schumacher et H\u00e4kkinen-Schumacher \u00e0 la fin des ann\u00e9es 90, la Coupe du monde de football en 1998, l\u2019exploit du XV de France face aux All Blacks en 1999, mais aussi Richard C\u0153ur de Lion qui vole sur les montagnes du Tour de France. Bien parti pour devenir professeur d\u2019EPS, les \u00e9v\u00e9nements de la vie (et la flemme d\u2019animer des s\u00e9ances de 3x500 m\u00e8tres toute ma vie) m\u2019ont conduit \u00e0 revoir mes plans. Me voil\u00e0 depuis fin 2017 sur Dicodusport, m\u00e9dia gr\u00e2ce (et pour) lequel je partage ma passion : le sport dans tous ses \u00e9tats. Le tout accompagn\u00e9 par les fous furieux et folles furieuses cit\u00e9s sur cette page !\",\"sameAs\":[\"https:\/\/www.facebook.com\/florent.ostermann\",\"https:\/\/x.com\/https:\/\/twitter.com\/FlOstermann\",\"admin\"],\"url\":\"https:\/\/dicodusport.fr\/blog\/author\/flo\/\"}]}<\/script>\n<!-- \/ Yoast SEO Premium plugin. -->","yoast_head_json":{"title":"Le 6 Nations et le Rugby Championship sur une m\u00eame p\u00e9riode, \u00e7a se pr\u00e9cise","description":"RUGBY - Le 6 Nations et le Rugby Championship en m\u00eame temps ? C'est une hypoth\u00e8se qui prend de l'\u00e9paisseur ce vendredi, apr\u00e8s une comminiqu\u00e9 commun des Six Nations et de la SANZAAR.","robots":{"index":"index","follow":"follow","max-snippet":"max-snippet:-1","max-image-preview":"max-image-preview:large","max-video-preview":"max-video-preview:-1"},"canonical":"https:\/\/dicodusport.fr\/blog\/6-nations-rugby-championship-meme-periode-ca-se-precise\/","og_locale":"fr_FR","og_type":"article","og_title":"Le 6 Nations et le Rugby Championship sur une m\u00eame p\u00e9riode, \u00e7a se pr\u00e9cise","og_description":"RUGBY - Le 6 Nations et le Rugby Championship en m\u00eame temps ? C'est une hypoth\u00e8se qui prend de l'\u00e9paisseur ce vendredi, apr\u00e8s une comminiqu\u00e9 commun des Six Nations et de la SANZAAR.","og_url":"https:\/\/dicodusport.fr\/blog\/6-nations-rugby-championship-meme-periode-ca-se-precise\/","og_site_name":"Dicodusport","article_publisher":"https:\/\/www.facebook.com\/dicodusport","article_author":"https:\/\/www.facebook.com\/florent.ostermann","article_published_time":"2020-05-22T10:25:19+00:00","article_modified_time":"2020-05-24T11:35:14+00:00","og_image":[{"width":800,"height":445,"url":"https:\/\/dicodusport.fr\/blog\/wp-content\/uploads\/2020\/05\/Le-6-Nations-et-le-Rugby-Championship-sur-une-m\u00eame-p\u00e9riode-\u00e7a-se-pr\u00e9cise.png","type":"image\/png"}],"author":"Flo Ostermann","twitter_card":"summary_large_image","twitter_title":"Le 6 Nations et le Rugby Championship sur une m\u00eame p\u00e9riode, \u00e7a se pr\u00e9cise","twitter_creator":"@https:\/\/twitter.com\/FlOstermann","twitter_site":"@dicodusport","schema":{"@context":"https:\/\/schema.org","@graph":[{"@type":"NewsArticle","@id":"https:\/\/dicodusport.fr\/blog\/6-nations-rugby-championship-meme-periode-ca-se-precise\/#article","isPartOf":{"@id":"https:\/\/dicodusport.fr\/blog\/6-nations-rugby-championship-meme-periode-ca-se-precise\/"},"author":{"name":"Flo Ostermann","@id":"https:\/\/dicodusport.fr\/blog\/#\/schema\/person\/cb02af4c173ce4a653b55e9baf388d4a"},"headline":"Le 6 Nations et le Rugby Championship sur une m\u00eame p\u00e9riode, \u00e7a se pr\u00e9cise","datePublished":"2020-05-22T10:25:19+00:00","dateModified":"2020-05-24T11:35:14+00:00","mainEntityOfPage":{"@id":"https:\/\/dicodusport.fr\/blog\/6-nations-rugby-championship-meme-periode-ca-se-precise\/"},"wordCount":400,"commentCount":0,"publisher":{"@id":"https:\/\/dicodusport.fr\/blog\/#organization"},"image":{"@id":"https:\/\/dicodusport.fr\/blog\/6-nations-rugby-championship-meme-periode-ca-se-precise\/#primaryimage"},"thumbnailUrl":"https:\/\/dicodusport.fr\/blog\/wp-content\/uploads\/2020\/05\/Le-6-Nations-et-le-Rugby-Championship-sur-une-m\u00eame-p\u00e9riode-\u00e7a-se-pr\u00e9cise.png","keywords":["6 nations","Rugby","Rugby Championship","Tournoi des 6 Nations"],"articleSection":["Rugby \u00e0 XV"],"inLanguage":"fr-FR","potentialAction":[{"@type":"CommentAction","name":"Comment","target":["https:\/\/dicodusport.fr\/blog\/6-nations-rugby-championship-meme-periode-ca-se-precise\/#respond"]}],"copyrightYear":"2020","copyrightHolder":{"@id":"https:\/\/dicodusport.fr\/blog\/#organization"}},{"@type":"WebPage","@id":"https:\/\/dicodusport.fr\/blog\/6-nations-rugby-championship-meme-periode-ca-se-precise\/","url":"https:\/\/dicodusport.fr\/blog\/6-nations-rugby-championship-meme-periode-ca-se-precise\/","name":"Le 6 Nations et le Rugby Championship sur une m\u00eame p\u00e9riode, \u00e7a se pr\u00e9cise","isPartOf":{"@id":"https:\/\/dicodusport.fr\/blog\/#website"},"primaryImageOfPage":{"@id":"https:\/\/dicodusport.fr\/blog\/6-nations-rugby-championship-meme-periode-ca-se-precise\/#primaryimage"},"image":{"@id":"https:\/\/dicodusport.fr\/blog\/6-nations-rugby-championship-meme-periode-ca-se-precise\/#primaryimage"},"thumbnailUrl":"https:\/\/dicodusport.fr\/blog\/wp-content\/uploads\/2020\/05\/Le-6-Nations-et-le-Rugby-Championship-sur-une-m\u00eame-p\u00e9riode-\u00e7a-se-pr\u00e9cise.png","datePublished":"2020-05-22T10:25:19+00:00","dateModified":"2020-05-24T11:35:14+00:00","description":"RUGBY - Le 6 Nations et le Rugby Championship en m\u00eame temps ? C'est une hypoth\u00e8se qui prend de l'\u00e9paisseur ce vendredi, apr\u00e8s une comminiqu\u00e9 commun des Six Nations et de la SANZAAR.","breadcrumb":{"@id":"https:\/\/dicodusport.fr\/blog\/6-nations-rugby-championship-meme-periode-ca-se-precise\/#breadcrumb"},"inLanguage":"fr-FR","potentialAction":[{"@type":"ReadAction","target":["https:\/\/dicodusport.fr\/blog\/6-nations-rugby-championship-meme-periode-ca-se-precise\/"]}]},{"@type":"ImageObject","inLanguage":"fr-FR","@id":"https:\/\/dicodusport.fr\/blog\/6-nations-rugby-championship-meme-periode-ca-se-precise\/#primaryimage","url":"https:\/\/dicodusport.fr\/blog\/wp-content\/uploads\/2020\/05\/Le-6-Nations-et-le-Rugby-Championship-sur-une-m\u00eame-p\u00e9riode-\u00e7a-se-pr\u00e9cise.png","contentUrl":"https:\/\/dicodusport.fr\/blog\/wp-content\/uploads\/2020\/05\/Le-6-Nations-et-le-Rugby-Championship-sur-une-m\u00eame-p\u00e9riode-\u00e7a-se-pr\u00e9cise.png","width":800,"height":445,"caption":"Le 6 Nations et le Rugby Championship sur une m\u00eame p\u00e9riode, \u00e7a se pr\u00e9cise"},{"@type":"BreadcrumbList","@id":"https:\/\/dicodusport.fr\/blog\/6-nations-rugby-championship-meme-periode-ca-se-precise\/#breadcrumb","itemListElement":[{"@type":"ListItem","position":1,"name":"Accueil","item":"https:\/\/dicodusport.fr\/blog\/"},{"@type":"ListItem","position":2,"name":"Le 6 Nations et le Rugby Championship sur une m\u00eame p\u00e9riode, \u00e7a se pr\u00e9cise"}]},{"@type":"WebSite","@id":"https:\/\/dicodusport.fr\/blog\/#website","url":"https:\/\/dicodusport.fr\/blog\/","name":"Dicodusport","description":"L&#039;encyclop\u00e9die de l&#039;actualit\u00e9 sportive","publisher":{"@id":"https:\/\/dicodusport.fr\/blog\/#organization"},"potentialAction":[{"@type":"SearchAction","target":{"@type":"EntryPoint","urlTemplate":"https:\/\/dicodusport.fr\/blog\/?s={search_term_string}"},"query-input":{"@type":"PropertyValueSpecification","valueRequired":true,"valueName":"search_term_string"}}],"inLanguage":"fr-FR"},{"@type":"NewsMediaOrganization","@id":"https:\/\/dicodusport.fr\/blog\/#organization","name":"Dicodusport","url":"https:\/\/dicodusport.fr\/blog\/","logo":{"@type":"ImageObject","inLanguage":"fr-FR","@id":"https:\/\/dicodusport.fr\/blog\/#\/schema\/logo\/image\/","url":"https:\/\/dicodusport.fr\/blog\/wp-content\/uploads\/2020\/06\/cropped-LOGO-DICODUSPORT-2020-SANS-FOND-SANS-TEXTE.png","contentUrl":"https:\/\/dicodusport.fr\/blog\/wp-content\/uploads\/2020\/06\/cropped-LOGO-DICODUSPORT-2020-SANS-FOND-SANS-TEXTE.png","width":512,"height":512,"caption":"Dicodusport"},"image":{"@id":"https:\/\/dicodusport.fr\/blog\/#\/schema\/logo\/image\/"},"sameAs":["https:\/\/www.facebook.com\/dicodusport","https:\/\/x.com\/dicodusport","https:\/\/www.instagram.com\/dicodusport\/","https:\/\/www.youtube.com\/channel\/UC7V2KZ5sd3htJivAbA4ZG3w"],"description":"Dicodusport est l'encyclop\u00e9die de l'actualit\u00e9 sportive.","email":"bonjour@dicodusport.fr","legalName":"DICODUSPORT","foundingDate":"2018-01-14","vatID":"FR71834470973","taxID":"83447097300043","numberOfEmployees":{"@type":"QuantitativeValue","minValue":"1","maxValue":"10"}},{"@type":"Person","@id":"https:\/\/dicodusport.fr\/blog\/#\/schema\/person\/cb02af4c173ce4a653b55e9baf388d4a","name":"Flo Ostermann","image":{"@type":"ImageObject","inLanguage":"fr-FR","@id":"https:\/\/dicodusport.fr\/blog\/#\/schema\/person\/image\/","url":"https:\/\/dicodusport.fr\/blog\/wp-content\/uploads\/2021\/05\/Flo-Ostermann-150x150.jpg","contentUrl":"https:\/\/dicodusport.fr\/blog\/wp-content\/uploads\/2021\/05\/Flo-Ostermann-150x150.jpg","caption":"Flo Ostermann"},"description":"Journaliste\/R\u00e9dacteur depuis septembre 2015 - Mes premiers souvenirs dans le sport ? Les envol\u00e9es du Stade Toulousain et les duels Villeneuve-Schumacher et H\u00e4kkinen-Schumacher \u00e0 la fin des ann\u00e9es 90, la Coupe du monde de football en 1998, l\u2019exploit du XV de France face aux All Blacks en 1999, mais aussi Richard C\u0153ur de Lion qui vole sur les montagnes du Tour de France. Bien parti pour devenir professeur d\u2019EPS, les \u00e9v\u00e9nements de la vie (et la flemme d\u2019animer des s\u00e9ances de 3x500 m\u00e8tres toute ma vie) m\u2019ont conduit \u00e0 revoir mes plans. Me voil\u00e0 depuis fin 2017 sur Dicodusport, m\u00e9dia gr\u00e2ce (et pour) lequel je partage ma passion : le sport dans tous ses \u00e9tats. Le tout accompagn\u00e9 par les fous furieux et folles furieuses cit\u00e9s sur cette page !","sameAs":["https:\/\/www.facebook.com\/florent.ostermann","https:\/\/x.com\/https:\/\/twitter.com\/FlOstermann","admin"],"url":"https:\/\/dicodusport.fr\/blog\/author\/flo\/"}]}},"_links":{"self":[{"href":"https:\/\/dicodusport.fr\/blog\/wp-json\/wp\/v2\/posts\/67287","targetHints":{"allow":["GET"]}}],"collection":[{"href":"https:\/\/dicodusport.fr\/blog\/wp-json\/wp\/v2\/posts"}],"about":[{"href":"https:\/\/dicodusport.fr\/blog\/wp-json\/wp\/v2\/types\/post"}],"author":[{"embeddable":true,"href":"https:\/\/dicodusport.fr\/blog\/wp-json\/wp\/v2\/users\/4"}],"replies":[{"embeddable":true,"href":"https:\/\/dicodusport.fr\/blog\/wp-json\/wp\/v2\/comments?post=67287"}],"version-history":[{"count":0,"href":"https:\/\/dicodusport.fr\/blog\/wp-json\/wp\/v2\/posts\/67287\/revisions"}],"wp:featuredmedia":[{"embeddable":true,"href":"https:\/\/dicodusport.fr\/blog\/wp-json\/wp\/v2\/media\/67289"}],"wp:attachment":[{"href":"https:\/\/dicodusport.fr\/blog\/wp-json\/wp\/v2\/media?parent=67287"}],"wp:term":[{"taxonomy":"category","embeddable":true,"href":"https:\/\/dicodusport.fr\/blog\/wp-json\/wp\/v2\/categories?post=67287"},{"taxonomy":"post_tag","embeddable":true,"href":"https:\/\/dicodusport.fr\/blog\/wp-json\/wp\/v2\/tags?post=67287"}],"curies":[{"name":"wp","href":"https:\/\/api.w.org\/{rel}","templated":true}]}}