{"id":67392,"date":"2020-05-24T10:09:23","date_gmt":"2020-05-24T08:09:23","guid":{"rendered":"http:\/\/dicodusport.fr\/blog\/?p=67392&#038;preview=true&#038;preview_id=67392"},"modified":"2020-05-24T10:09:23","modified_gmt":"2020-05-24T08:09:23","slug":"cyclisme-les-championnats-deurope-2020-en-france","status":"publish","type":"post","link":"https:\/\/dicodusport.fr\/blog\/cyclisme-les-championnats-deurope-2020-en-france\/","title":{"rendered":"Cyclisme : Les championnats d&rsquo;Europe 2020 en France ?"},"content":{"rendered":"<p style=\"text-align: justify;\"><strong><em>CYCLISME &#8211; Alors que le calendrier cycliste pour la fin de saison 2020 se redessine un peu plus chaque jour, les championnats d&rsquo;Europe pourraient avoir lieu en France, \u00e0 Plouay.\u00a0<\/em><\/strong><\/p>\n<p style=\"text-align: justify;\">Pr\u00e9vus dans le Trentin (Italie), les <strong>championnats d&rsquo;Europe<\/strong> ne pourront pas se tenir en Italie cette ann\u00e9e et sont report\u00e9s \u00e0 l&rsquo;ann\u00e9e prochaine. Pour 2020, l&rsquo;<strong>UCI<\/strong> et l&rsquo;<strong>UEC<\/strong> se sont finalement mis d&rsquo;accord sur le cr\u00e9neau, soit entre le 24 et le 28 ao\u00fbt, sans d\u00e9voiler pour le moment la ville h\u00f4te.<\/p>\n<h2 style=\"text-align: justify;\">Plouay en lice<\/h2>\n<p style=\"text-align: justify;\">C&rsquo;est ainsi que le site de Plouay (Morbihan) a \u00e9t\u00e9 sond\u00e9 et semble une option cr\u00e9dible. La ville du Morbihan doit d\u00e9j\u00e0 accueillir les 25 et 26 ao\u00fbt la <strong>Bretagne Classic<\/strong> hommes et le <strong>Grand Prix de Plouay-Lorient<\/strong> f\u00e9minin. Une organisation possible, mais \u00e0 quelques conditions. Jean-Yves Tranvaux, organisateur de la <strong>Bretagne Classic<\/strong>, s&rsquo;est exprim\u00e9 dans les colonnes de l&rsquo;\u00c9quipe.<\/p>\n<blockquote>\n<p style=\"text-align: justify;\">Il y a un peu plus de deux semaines, le maire de Plouay est venu nous voir pour nous proposer d&rsquo;organiser les Championnats d&rsquo;Europe et nous avons ensuite \u00e9t\u00e9 mis en contact avec les gens de l&rsquo;UEC. Nous sommes pr\u00eats \u00e0 organiser l&rsquo;\u00e9v\u00e9nement, tout en r\u00e9am\u00e9nageant le programme et les dates pour maintenir la Bretagne Classic hommes et le Grand Prix de Plouay-Lorient agglom\u00e9ration femmes<\/p>\n<\/blockquote>\n<blockquote class=\"twitter-tweet\">\n<p dir=\"ltr\" lang=\"fr\">Plouay en lice pour accueillir les Championnats d&rsquo;Europe &#8211; Cyclisme <a href=\"https:\/\/t.co\/vB3TGybIDc\">https:\/\/t.co\/vB3TGybIDc<\/a> via <a href=\"https:\/\/twitter.com\/lequipe?ref_src=twsrc%5Etfw\">@lequipe<\/a><\/p>\n<p>\u2014 Mor-Bihan56 (@MBihan56) <a href=\"https:\/\/twitter.com\/MBihan56\/status\/1264274470920912896?ref_src=twsrc%5Etfw\">May 23, 2020<\/a><\/p><\/blockquote>\n<p><script async src=\"https:\/\/platform.twitter.com\/widgets.js\" charset=\"utf-8\"><\/script><\/p>\n<ul>\n<li style=\"text-align: justify;\"><strong>\u00c0 lire aussi &#8211; <a href=\"https:\/\/dicodusport.fr\/blog\/cyclisme-nouveau-calendrier-uci-saison-2020\/\" target=\"_blank\" rel=\"noopener noreferrer\">Le nouveau calendrier UCI pour la saison 2020<\/a><\/strong><\/li>\n<\/ul>\n<p><strong><em>Dicodusport<br \/>\n<a href=\"https:\/\/www.facebook.com\/dicodusport\/\" target=\"_blank\" rel=\"noopener noreferrer\"><img loading=\"lazy\" decoding=\"async\" class=\"alignnone wp-image-2909\" src=\"http:\/\/dicodusport.fr\/blog\/wp-content\/uploads\/2017\/07\/logo-facebook-150x150.png\" alt=\"\" width=\"40\" height=\"40\" \/><\/a><a href=\"https:\/\/twitter.com\/dicodusport\" target=\"_blank\" rel=\"noopener noreferrer\"><img loading=\"lazy\" decoding=\"async\" class=\"alignnone wp-image-2908\" src=\"http:\/\/dicodusport.fr\/blog\/wp-content\/uploads\/2017\/07\/logo-twitter-150x150.png\" alt=\"\" width=\"39\" height=\"39\" \/><\/a><\/em><\/strong><\/p>\n","protected":false},"excerpt":{"rendered":"<p>CYCLISME &#8211; Alors que le calendrier cycliste pour la fin de saison 2020 se redessine un peu plus chaque jour, les championnats d&rsquo;Europe pourraient avoir lieu en France, \u00e0 Plouay.\u00a0<\/p>\n","protected":false},"author":1,"featured_media":67400,"comment_status":"open","ping_status":"closed","sticky":false,"template":"","format":"standard","meta":{"_acf_changed":false,"_daextam_enable_autolinks":"","footnotes":""},"categories":[2307],"tags":[10789,574],"class_list":["post-67392","post","type-post","status-publish","format-standard","has-post-thumbnail","hentry","category-cyclisme","tag-championnats-deurope-de-cyclisme","tag-cyclisme"],"acf":[],"yoast_head":"<!-- This site is optimized with the Yoast SEO Premium plugin v26.7 (Yoast SEO v26.7) - https:\/\/yoast.com\/wordpress\/plugins\/seo\/ -->\n<title>Cyclisme : Les championnats d&#039;Europe 2020 en France ?<\/title>\n<meta name=\"description\" content=\"CYCLISME - Alors que le calendrier cycliste pour la fin de saison 2020 se redessine un peu plus chaque jour, les championnats d&#039;Europe pourraient avoir lieu en France, \u00e0 Plouay.\u00a0\" \/>\n<meta name=\"robots\" content=\"index, follow, max-snippet:-1, max-image-preview:large, max-video-preview:-1\" \/>\n<link rel=\"canonical\" href=\"https:\/\/dicodusport.fr\/blog\/cyclisme-les-championnats-deurope-2020-en-france\/\" \/>\n<meta property=\"og:locale\" content=\"fr_FR\" \/>\n<meta property=\"og:type\" content=\"article\" \/>\n<meta property=\"og:title\" content=\"Cyclisme : Les championnats d&#039;Europe 2020 en France ?\" \/>\n<meta property=\"og:description\" content=\"CYCLISME - Alors que le calendrier cycliste pour la fin de saison 2020 se redessine un peu plus chaque jour, les championnats d&#039;Europe pourraient avoir lieu en France, \u00e0 Plouay.\u00a0\" \/>\n<meta property=\"og:url\" content=\"https:\/\/dicodusport.fr\/blog\/cyclisme-les-championnats-deurope-2020-en-france\/\" \/>\n<meta property=\"og:site_name\" content=\"Dicodusport\" \/>\n<meta property=\"article:publisher\" content=\"https:\/\/www.facebook.com\/dicodusport\" \/>\n<meta property=\"article:author\" content=\"https:\/\/www.facebook.com\/dicodusport\" \/>\n<meta property=\"article:published_time\" content=\"2020-05-24T08:09:23+00:00\" \/>\n<meta property=\"og:image\" content=\"https:\/\/dicodusport.fr\/blog\/wp-content\/uploads\/2020\/05\/Cyclisme-Les-championnats-dEurope-2020-en-France.png\" \/>\n\t<meta property=\"og:image:width\" content=\"800\" \/>\n\t<meta property=\"og:image:height\" content=\"445\" \/>\n\t<meta property=\"og:image:type\" content=\"image\/png\" \/>\n<meta name=\"author\" content=\"Nicolas Jacquemard\" \/>\n<meta name=\"twitter:card\" content=\"summary_large_image\" \/>\n<meta name=\"twitter:title\" content=\"Cyclisme : Les championnats d&#039;Europe 2020 en France ?\" \/>\n<meta name=\"twitter:creator\" content=\"@https:\/\/twitter.com\/Nico_Jacquemard\" \/>\n<meta name=\"twitter:site\" content=\"@dicodusport\" \/>\n<script type=\"application\/ld+json\" class=\"yoast-schema-graph\">{\"@context\":\"https:\/\/schema.org\",\"@graph\":[{\"@type\":\"NewsArticle\",\"@id\":\"https:\/\/dicodusport.fr\/blog\/cyclisme-les-championnats-deurope-2020-en-france\/#article\",\"isPartOf\":{\"@id\":\"https:\/\/dicodusport.fr\/blog\/cyclisme-les-championnats-deurope-2020-en-france\/\"},\"author\":{\"name\":\"Nicolas Jacquemard\",\"@id\":\"https:\/\/dicodusport.fr\/blog\/#\/schema\/person\/55dcb50ad410894e431ed812bbb70191\"},\"headline\":\"Cyclisme : Les championnats d&rsquo;Europe 2020 en France ?\",\"datePublished\":\"2020-05-24T08:09:23+00:00\",\"mainEntityOfPage\":{\"@id\":\"https:\/\/dicodusport.fr\/blog\/cyclisme-les-championnats-deurope-2020-en-france\/\"},\"wordCount\":269,\"commentCount\":0,\"publisher\":{\"@id\":\"https:\/\/dicodusport.fr\/blog\/#organization\"},\"image\":{\"@id\":\"https:\/\/dicodusport.fr\/blog\/cyclisme-les-championnats-deurope-2020-en-france\/#primaryimage\"},\"thumbnailUrl\":\"https:\/\/dicodusport.fr\/blog\/wp-content\/uploads\/2020\/05\/Cyclisme-Les-championnats-dEurope-2020-en-France.png\",\"keywords\":[\"Championnats d'europe de cyclisme\",\"Cyclisme\"],\"articleSection\":[\"Cyclisme\"],\"inLanguage\":\"fr-FR\",\"potentialAction\":[{\"@type\":\"CommentAction\",\"name\":\"Comment\",\"target\":[\"https:\/\/dicodusport.fr\/blog\/cyclisme-les-championnats-deurope-2020-en-france\/#respond\"]}],\"copyrightYear\":\"2020\",\"copyrightHolder\":{\"@id\":\"https:\/\/dicodusport.fr\/blog\/#organization\"}},{\"@type\":\"WebPage\",\"@id\":\"https:\/\/dicodusport.fr\/blog\/cyclisme-les-championnats-deurope-2020-en-france\/\",\"url\":\"https:\/\/dicodusport.fr\/blog\/cyclisme-les-championnats-deurope-2020-en-france\/\",\"name\":\"Cyclisme : Les championnats d'Europe 2020 en France ?\",\"isPartOf\":{\"@id\":\"https:\/\/dicodusport.fr\/blog\/#website\"},\"primaryImageOfPage\":{\"@id\":\"https:\/\/dicodusport.fr\/blog\/cyclisme-les-championnats-deurope-2020-en-france\/#primaryimage\"},\"image\":{\"@id\":\"https:\/\/dicodusport.fr\/blog\/cyclisme-les-championnats-deurope-2020-en-france\/#primaryimage\"},\"thumbnailUrl\":\"https:\/\/dicodusport.fr\/blog\/wp-content\/uploads\/2020\/05\/Cyclisme-Les-championnats-dEurope-2020-en-France.png\",\"datePublished\":\"2020-05-24T08:09:23+00:00\",\"description\":\"CYCLISME - Alors que le calendrier cycliste pour la fin de saison 2020 se redessine un peu plus chaque jour, les championnats d'Europe pourraient avoir lieu en France, \u00e0 Plouay.\u00a0\",\"breadcrumb\":{\"@id\":\"https:\/\/dicodusport.fr\/blog\/cyclisme-les-championnats-deurope-2020-en-france\/#breadcrumb\"},\"inLanguage\":\"fr-FR\",\"potentialAction\":[{\"@type\":\"ReadAction\",\"target\":[\"https:\/\/dicodusport.fr\/blog\/cyclisme-les-championnats-deurope-2020-en-france\/\"]}]},{\"@type\":\"ImageObject\",\"inLanguage\":\"fr-FR\",\"@id\":\"https:\/\/dicodusport.fr\/blog\/cyclisme-les-championnats-deurope-2020-en-france\/#primaryimage\",\"url\":\"https:\/\/dicodusport.fr\/blog\/wp-content\/uploads\/2020\/05\/Cyclisme-Les-championnats-dEurope-2020-en-France.png\",\"contentUrl\":\"https:\/\/dicodusport.fr\/blog\/wp-content\/uploads\/2020\/05\/Cyclisme-Les-championnats-dEurope-2020-en-France.png\",\"width\":800,\"height\":445,\"caption\":\"Cyclisme - Les championnats d'Europe 2020 en France\"},{\"@type\":\"BreadcrumbList\",\"@id\":\"https:\/\/dicodusport.fr\/blog\/cyclisme-les-championnats-deurope-2020-en-france\/#breadcrumb\",\"itemListElement\":[{\"@type\":\"ListItem\",\"position\":1,\"name\":\"Accueil\",\"item\":\"https:\/\/dicodusport.fr\/blog\/\"},{\"@type\":\"ListItem\",\"position\":2,\"name\":\"Cyclisme : Les championnats d&rsquo;Europe 2020 en France ?\"}]},{\"@type\":\"WebSite\",\"@id\":\"https:\/\/dicodusport.fr\/blog\/#website\",\"url\":\"https:\/\/dicodusport.fr\/blog\/\",\"name\":\"Dicodusport\",\"description\":\"L&#039;encyclop\u00e9die de l&#039;actualit\u00e9 sportive\",\"publisher\":{\"@id\":\"https:\/\/dicodusport.fr\/blog\/#organization\"},\"potentialAction\":[{\"@type\":\"SearchAction\",\"target\":{\"@type\":\"EntryPoint\",\"urlTemplate\":\"https:\/\/dicodusport.fr\/blog\/?s={search_term_string}\"},\"query-input\":{\"@type\":\"PropertyValueSpecification\",\"valueRequired\":true,\"valueName\":\"search_term_string\"}}],\"inLanguage\":\"fr-FR\"},{\"@type\":\"NewsMediaOrganization\",\"@id\":\"https:\/\/dicodusport.fr\/blog\/#organization\",\"name\":\"Dicodusport\",\"url\":\"https:\/\/dicodusport.fr\/blog\/\",\"logo\":{\"@type\":\"ImageObject\",\"inLanguage\":\"fr-FR\",\"@id\":\"https:\/\/dicodusport.fr\/blog\/#\/schema\/logo\/image\/\",\"url\":\"https:\/\/dicodusport.fr\/blog\/wp-content\/uploads\/2020\/06\/cropped-LOGO-DICODUSPORT-2020-SANS-FOND-SANS-TEXTE.png\",\"contentUrl\":\"https:\/\/dicodusport.fr\/blog\/wp-content\/uploads\/2020\/06\/cropped-LOGO-DICODUSPORT-2020-SANS-FOND-SANS-TEXTE.png\",\"width\":512,\"height\":512,\"caption\":\"Dicodusport\"},\"image\":{\"@id\":\"https:\/\/dicodusport.fr\/blog\/#\/schema\/logo\/image\/\"},\"sameAs\":[\"https:\/\/www.facebook.com\/dicodusport\",\"https:\/\/x.com\/dicodusport\",\"https:\/\/www.instagram.com\/dicodusport\/\",\"https:\/\/www.youtube.com\/channel\/UC7V2KZ5sd3htJivAbA4ZG3w\"],\"description\":\"Dicodusport est l'encyclop\u00e9die de l'actualit\u00e9 sportive.\",\"email\":\"bonjour@dicodusport.fr\",\"legalName\":\"DICODUSPORT\",\"foundingDate\":\"2018-01-14\",\"vatID\":\"FR71834470973\",\"taxID\":\"83447097300043\",\"numberOfEmployees\":{\"@type\":\"QuantitativeValue\",\"minValue\":\"1\",\"maxValue\":\"10\"}},{\"@type\":\"Person\",\"@id\":\"https:\/\/dicodusport.fr\/blog\/#\/schema\/person\/55dcb50ad410894e431ed812bbb70191\",\"name\":\"Nicolas Jacquemard\",\"image\":{\"@type\":\"ImageObject\",\"inLanguage\":\"fr-FR\",\"@id\":\"https:\/\/dicodusport.fr\/blog\/#\/schema\/person\/image\/\",\"url\":\"https:\/\/dicodusport.fr\/blog\/wp-content\/uploads\/2021\/05\/Nicolas-Jacquemard-150x150.jpeg\",\"contentUrl\":\"https:\/\/dicodusport.fr\/blog\/wp-content\/uploads\/2021\/05\/Nicolas-Jacquemard-150x150.jpeg\",\"caption\":\"Nicolas Jacquemard\"},\"description\":\"Passionn\u00e9 de sport et entrepreneur depuis mes 18 ans, la cr\u00e9ation de Dicodusport m'a sembl\u00e9 \u00e9vidente pour participer \u00e0 la m\u00e9diatisation d'un plus grand nombre de sports. Le chemin est long mais avec une \u00e9quipe des plus motiv\u00e9es et les Jeux Olympiques de Paris 2024 en point de mire, nous y arriverons ! Journaliste dans le monde du sport depuis plus de 5 ans, je traite aussi bien de football, de rugby, de biathlon que de cyclisme.\",\"sameAs\":[\"https:\/\/www.facebook.com\/dicodusport\",\"https:\/\/x.com\/https:\/\/twitter.com\/Nico_Jacquemard\"],\"url\":\"https:\/\/dicodusport.fr\/blog\/author\/dicodusport\/\"}]}<\/script>\n<!-- \/ Yoast SEO Premium plugin. -->","yoast_head_json":{"title":"Cyclisme : Les championnats d'Europe 2020 en France ?","description":"CYCLISME - Alors que le calendrier cycliste pour la fin de saison 2020 se redessine un peu plus chaque jour, les championnats d'Europe pourraient avoir lieu en France, \u00e0 Plouay.\u00a0","robots":{"index":"index","follow":"follow","max-snippet":"max-snippet:-1","max-image-preview":"max-image-preview:large","max-video-preview":"max-video-preview:-1"},"canonical":"https:\/\/dicodusport.fr\/blog\/cyclisme-les-championnats-deurope-2020-en-france\/","og_locale":"fr_FR","og_type":"article","og_title":"Cyclisme : Les championnats d'Europe 2020 en France ?","og_description":"CYCLISME - Alors que le calendrier cycliste pour la fin de saison 2020 se redessine un peu plus chaque jour, les championnats d'Europe pourraient avoir lieu en France, \u00e0 Plouay.\u00a0","og_url":"https:\/\/dicodusport.fr\/blog\/cyclisme-les-championnats-deurope-2020-en-france\/","og_site_name":"Dicodusport","article_publisher":"https:\/\/www.facebook.com\/dicodusport","article_author":"https:\/\/www.facebook.com\/dicodusport","article_published_time":"2020-05-24T08:09:23+00:00","og_image":[{"width":800,"height":445,"url":"https:\/\/dicodusport.fr\/blog\/wp-content\/uploads\/2020\/05\/Cyclisme-Les-championnats-dEurope-2020-en-France.png","type":"image\/png"}],"author":"Nicolas Jacquemard","twitter_card":"summary_large_image","twitter_title":"Cyclisme : Les championnats d'Europe 2020 en France ?","twitter_creator":"@https:\/\/twitter.com\/Nico_Jacquemard","twitter_site":"@dicodusport","schema":{"@context":"https:\/\/schema.org","@graph":[{"@type":"NewsArticle","@id":"https:\/\/dicodusport.fr\/blog\/cyclisme-les-championnats-deurope-2020-en-france\/#article","isPartOf":{"@id":"https:\/\/dicodusport.fr\/blog\/cyclisme-les-championnats-deurope-2020-en-france\/"},"author":{"name":"Nicolas Jacquemard","@id":"https:\/\/dicodusport.fr\/blog\/#\/schema\/person\/55dcb50ad410894e431ed812bbb70191"},"headline":"Cyclisme : Les championnats d&rsquo;Europe 2020 en France ?","datePublished":"2020-05-24T08:09:23+00:00","mainEntityOfPage":{"@id":"https:\/\/dicodusport.fr\/blog\/cyclisme-les-championnats-deurope-2020-en-france\/"},"wordCount":269,"commentCount":0,"publisher":{"@id":"https:\/\/dicodusport.fr\/blog\/#organization"},"image":{"@id":"https:\/\/dicodusport.fr\/blog\/cyclisme-les-championnats-deurope-2020-en-france\/#primaryimage"},"thumbnailUrl":"https:\/\/dicodusport.fr\/blog\/wp-content\/uploads\/2020\/05\/Cyclisme-Les-championnats-dEurope-2020-en-France.png","keywords":["Championnats d'europe de cyclisme","Cyclisme"],"articleSection":["Cyclisme"],"inLanguage":"fr-FR","potentialAction":[{"@type":"CommentAction","name":"Comment","target":["https:\/\/dicodusport.fr\/blog\/cyclisme-les-championnats-deurope-2020-en-france\/#respond"]}],"copyrightYear":"2020","copyrightHolder":{"@id":"https:\/\/dicodusport.fr\/blog\/#organization"}},{"@type":"WebPage","@id":"https:\/\/dicodusport.fr\/blog\/cyclisme-les-championnats-deurope-2020-en-france\/","url":"https:\/\/dicodusport.fr\/blog\/cyclisme-les-championnats-deurope-2020-en-france\/","name":"Cyclisme : Les championnats d'Europe 2020 en France ?","isPartOf":{"@id":"https:\/\/dicodusport.fr\/blog\/#website"},"primaryImageOfPage":{"@id":"https:\/\/dicodusport.fr\/blog\/cyclisme-les-championnats-deurope-2020-en-france\/#primaryimage"},"image":{"@id":"https:\/\/dicodusport.fr\/blog\/cyclisme-les-championnats-deurope-2020-en-france\/#primaryimage"},"thumbnailUrl":"https:\/\/dicodusport.fr\/blog\/wp-content\/uploads\/2020\/05\/Cyclisme-Les-championnats-dEurope-2020-en-France.png","datePublished":"2020-05-24T08:09:23+00:00","description":"CYCLISME - Alors que le calendrier cycliste pour la fin de saison 2020 se redessine un peu plus chaque jour, les championnats d'Europe pourraient avoir lieu en France, \u00e0 Plouay.\u00a0","breadcrumb":{"@id":"https:\/\/dicodusport.fr\/blog\/cyclisme-les-championnats-deurope-2020-en-france\/#breadcrumb"},"inLanguage":"fr-FR","potentialAction":[{"@type":"ReadAction","target":["https:\/\/dicodusport.fr\/blog\/cyclisme-les-championnats-deurope-2020-en-france\/"]}]},{"@type":"ImageObject","inLanguage":"fr-FR","@id":"https:\/\/dicodusport.fr\/blog\/cyclisme-les-championnats-deurope-2020-en-france\/#primaryimage","url":"https:\/\/dicodusport.fr\/blog\/wp-content\/uploads\/2020\/05\/Cyclisme-Les-championnats-dEurope-2020-en-France.png","contentUrl":"https:\/\/dicodusport.fr\/blog\/wp-content\/uploads\/2020\/05\/Cyclisme-Les-championnats-dEurope-2020-en-France.png","width":800,"height":445,"caption":"Cyclisme - Les championnats d'Europe 2020 en France"},{"@type":"BreadcrumbList","@id":"https:\/\/dicodusport.fr\/blog\/cyclisme-les-championnats-deurope-2020-en-france\/#breadcrumb","itemListElement":[{"@type":"ListItem","position":1,"name":"Accueil","item":"https:\/\/dicodusport.fr\/blog\/"},{"@type":"ListItem","position":2,"name":"Cyclisme : Les championnats d&rsquo;Europe 2020 en France ?"}]},{"@type":"WebSite","@id":"https:\/\/dicodusport.fr\/blog\/#website","url":"https:\/\/dicodusport.fr\/blog\/","name":"Dicodusport","description":"L&#039;encyclop\u00e9die de l&#039;actualit\u00e9 sportive","publisher":{"@id":"https:\/\/dicodusport.fr\/blog\/#organization"},"potentialAction":[{"@type":"SearchAction","target":{"@type":"EntryPoint","urlTemplate":"https:\/\/dicodusport.fr\/blog\/?s={search_term_string}"},"query-input":{"@type":"PropertyValueSpecification","valueRequired":true,"valueName":"search_term_string"}}],"inLanguage":"fr-FR"},{"@type":"NewsMediaOrganization","@id":"https:\/\/dicodusport.fr\/blog\/#organization","name":"Dicodusport","url":"https:\/\/dicodusport.fr\/blog\/","logo":{"@type":"ImageObject","inLanguage":"fr-FR","@id":"https:\/\/dicodusport.fr\/blog\/#\/schema\/logo\/image\/","url":"https:\/\/dicodusport.fr\/blog\/wp-content\/uploads\/2020\/06\/cropped-LOGO-DICODUSPORT-2020-SANS-FOND-SANS-TEXTE.png","contentUrl":"https:\/\/dicodusport.fr\/blog\/wp-content\/uploads\/2020\/06\/cropped-LOGO-DICODUSPORT-2020-SANS-FOND-SANS-TEXTE.png","width":512,"height":512,"caption":"Dicodusport"},"image":{"@id":"https:\/\/dicodusport.fr\/blog\/#\/schema\/logo\/image\/"},"sameAs":["https:\/\/www.facebook.com\/dicodusport","https:\/\/x.com\/dicodusport","https:\/\/www.instagram.com\/dicodusport\/","https:\/\/www.youtube.com\/channel\/UC7V2KZ5sd3htJivAbA4ZG3w"],"description":"Dicodusport est l'encyclop\u00e9die de l'actualit\u00e9 sportive.","email":"bonjour@dicodusport.fr","legalName":"DICODUSPORT","foundingDate":"2018-01-14","vatID":"FR71834470973","taxID":"83447097300043","numberOfEmployees":{"@type":"QuantitativeValue","minValue":"1","maxValue":"10"}},{"@type":"Person","@id":"https:\/\/dicodusport.fr\/blog\/#\/schema\/person\/55dcb50ad410894e431ed812bbb70191","name":"Nicolas Jacquemard","image":{"@type":"ImageObject","inLanguage":"fr-FR","@id":"https:\/\/dicodusport.fr\/blog\/#\/schema\/person\/image\/","url":"https:\/\/dicodusport.fr\/blog\/wp-content\/uploads\/2021\/05\/Nicolas-Jacquemard-150x150.jpeg","contentUrl":"https:\/\/dicodusport.fr\/blog\/wp-content\/uploads\/2021\/05\/Nicolas-Jacquemard-150x150.jpeg","caption":"Nicolas Jacquemard"},"description":"Passionn\u00e9 de sport et entrepreneur depuis mes 18 ans, la cr\u00e9ation de Dicodusport m'a sembl\u00e9 \u00e9vidente pour participer \u00e0 la m\u00e9diatisation d'un plus grand nombre de sports. Le chemin est long mais avec une \u00e9quipe des plus motiv\u00e9es et les Jeux Olympiques de Paris 2024 en point de mire, nous y arriverons ! Journaliste dans le monde du sport depuis plus de 5 ans, je traite aussi bien de football, de rugby, de biathlon que de cyclisme.","sameAs":["https:\/\/www.facebook.com\/dicodusport","https:\/\/x.com\/https:\/\/twitter.com\/Nico_Jacquemard"],"url":"https:\/\/dicodusport.fr\/blog\/author\/dicodusport\/"}]}},"_links":{"self":[{"href":"https:\/\/dicodusport.fr\/blog\/wp-json\/wp\/v2\/posts\/67392","targetHints":{"allow":["GET"]}}],"collection":[{"href":"https:\/\/dicodusport.fr\/blog\/wp-json\/wp\/v2\/posts"}],"about":[{"href":"https:\/\/dicodusport.fr\/blog\/wp-json\/wp\/v2\/types\/post"}],"author":[{"embeddable":true,"href":"https:\/\/dicodusport.fr\/blog\/wp-json\/wp\/v2\/users\/1"}],"replies":[{"embeddable":true,"href":"https:\/\/dicodusport.fr\/blog\/wp-json\/wp\/v2\/comments?post=67392"}],"version-history":[{"count":0,"href":"https:\/\/dicodusport.fr\/blog\/wp-json\/wp\/v2\/posts\/67392\/revisions"}],"wp:featuredmedia":[{"embeddable":true,"href":"https:\/\/dicodusport.fr\/blog\/wp-json\/wp\/v2\/media\/67400"}],"wp:attachment":[{"href":"https:\/\/dicodusport.fr\/blog\/wp-json\/wp\/v2\/media?parent=67392"}],"wp:term":[{"taxonomy":"category","embeddable":true,"href":"https:\/\/dicodusport.fr\/blog\/wp-json\/wp\/v2\/categories?post=67392"},{"taxonomy":"post_tag","embeddable":true,"href":"https:\/\/dicodusport.fr\/blog\/wp-json\/wp\/v2\/tags?post=67392"}],"curies":[{"name":"wp","href":"https:\/\/api.w.org\/{rel}","templated":true}]}}