{"id":67401,"date":"2020-05-24T13:07:48","date_gmt":"2020-05-24T11:07:48","guid":{"rendered":"http:\/\/dicodusport.fr\/blog\/?p=67401&#038;preview=true&#038;preview_id=67401"},"modified":"2020-05-24T13:07:48","modified_gmt":"2020-05-24T11:07:48","slug":"video-en-2019-loic-bruni-remportait-4eme-titre-de-champion-du-monde-de-vtt-descente","status":"publish","type":"post","link":"https:\/\/dicodusport.fr\/blog\/video-en-2019-loic-bruni-remportait-4eme-titre-de-champion-du-monde-de-vtt-descente\/","title":{"rendered":"[Vid\u00e9o] En 2019, Lo\u00efc Bruni remportait son 4\u00e8me titre de champion du monde de VTT descente"},"content":{"rendered":"<p style=\"text-align: justify;\"><em><strong>VTT &#8211; Le 1er septembre 2019, Lo\u00efc Bruni remportait son quatri\u00e8me titre de champion du monde de descente \u00e0 Mont-Sainte-Anne (Canada).<\/strong><\/em><\/p>\n<p style=\"text-align: justify;\">\u00c0 25 ans, le Ni\u00e7ois <a href=\"https:\/\/dicodusport.fr\/blog\/champion-francais-2019-loic-bruni-6eme-descente-paradis\/\" target=\"_blank\" rel=\"noopener noreferrer\"><strong>Lo\u00efc Bruni<\/strong><\/a> devenait ainsi le deuxi\u00e8me rider le plus titr\u00e9 aux championnats du monde de descente avec quatre titres (2015, 2017, 2018 et donc 2019). Une quatri\u00e8me couronne mondiale qui lui permet de se rapprocher un peu plus de la l\u00e9gende de la discipline, son compatriote <strong>Nicolas Vouilloz<\/strong>. Ce dernier fut champion du monde \u00e0 sept reprises, entre 1995 et 2002.<\/p>\n<p><span class=\"g8CdXtsP3xjIYMDrUKv1Wa0J6lLHmA2ySBekzEZifqQw4G97\"><iframe loading=\"lazy\" title=\"Lo\u00efc Bruni World Champs 2019\" width=\"740\" height=\"416\" src=\"https:\/\/www.youtube.com\/embed\/u2UI67-DqoY?feature=oembed\" frameborder=\"0\" allow=\"accelerometer; autoplay; clipboard-write; encrypted-media; gyroscope; picture-in-picture; web-share\" allowfullscreen><\/iframe><\/span><\/p>\n<p><strong><em>Dicodusport<br \/>\n<a href=\"https:\/\/www.facebook.com\/dicodusport\/\" target=\"_blank\" rel=\"noopener noreferrer\"><img loading=\"lazy\" decoding=\"async\" class=\"alignnone wp-image-2909\" src=\"http:\/\/dicodusport.fr\/blog\/wp-content\/uploads\/2017\/07\/logo-facebook-150x150.png\" alt=\"\" width=\"40\" height=\"40\" \/><\/a><a href=\"https:\/\/twitter.com\/dicodusport\" target=\"_blank\" rel=\"noopener noreferrer\"><img loading=\"lazy\" decoding=\"async\" class=\"alignnone wp-image-2908\" src=\"http:\/\/dicodusport.fr\/blog\/wp-content\/uploads\/2017\/07\/logo-twitter-150x150.png\" alt=\"\" width=\"39\" height=\"39\" \/><\/a><\/em><\/strong><\/p>\n","protected":false},"excerpt":{"rendered":"<p>VTT &#8211; Le 1er septembre 2019, Lo\u00efc Bruni remportait son quatri\u00e8me titre de champion du monde de descente \u00e0 Mont Sainte-Anne (Canada).<\/p>\n","protected":false},"author":1,"featured_media":67410,"comment_status":"open","ping_status":"closed","sticky":false,"template":"","format":"standard","meta":{"_acf_changed":false,"_daextam_enable_autolinks":"","footnotes":""},"categories":[10279],"tags":[1829,7768],"class_list":["post-67401","post","type-post","status-publish","format-standard","has-post-thumbnail","hentry","category-vtt","tag-loic-bruni","tag-vtt-descente"],"acf":[],"yoast_head":"<!-- This site is optimized with the Yoast SEO Premium plugin v26.7 (Yoast SEO v26.7) - https:\/\/yoast.com\/wordpress\/plugins\/seo\/ -->\n<title>[Vid\u00e9o] En 2019, Lo\u00efc Bruni remportait son 4\u00e8me titre de champion du monde de VTT descente<\/title>\n<meta name=\"description\" content=\"VTT - Le 1er septembre 2019, Lo\u00efc Bruni remportait son quatri\u00e8me titre de champion du monde de descente \u00e0 Mont Sainte-Anne (Canada).\" \/>\n<meta name=\"robots\" content=\"index, follow, max-snippet:-1, max-image-preview:large, max-video-preview:-1\" \/>\n<link rel=\"canonical\" href=\"https:\/\/dicodusport.fr\/blog\/video-en-2019-loic-bruni-remportait-4eme-titre-de-champion-du-monde-de-vtt-descente\/\" \/>\n<meta property=\"og:locale\" content=\"fr_FR\" \/>\n<meta property=\"og:type\" content=\"article\" \/>\n<meta property=\"og:title\" content=\"[Vid\u00e9o] VTT : En 2019, Lo\u00efc Bruni remportait son 4\u00e8me titre mondial en descente\" \/>\n<meta property=\"og:description\" content=\"VTT - Le 1er septembre 2019, Lo\u00efc Bruni remportait son quatri\u00e8me titre de champion du monde de descente \u00e0 Mont Sainte-Anne (Canada).\" \/>\n<meta property=\"og:url\" content=\"https:\/\/dicodusport.fr\/blog\/video-en-2019-loic-bruni-remportait-4eme-titre-de-champion-du-monde-de-vtt-descente\/\" \/>\n<meta property=\"og:site_name\" content=\"Dicodusport\" \/>\n<meta property=\"article:publisher\" content=\"https:\/\/www.facebook.com\/dicodusport\" \/>\n<meta property=\"article:author\" content=\"https:\/\/www.facebook.com\/dicodusport\" \/>\n<meta property=\"article:published_time\" content=\"2020-05-24T11:07:48+00:00\" \/>\n<meta property=\"og:image\" content=\"https:\/\/dicodusport.fr\/blog\/wp-content\/uploads\/2020\/05\/Vid\u00e9o-En-2019-Lo\u00efc-Bruni-remportait-son-4\u00e8me-titre-de-champion-du-monde-de-VTT-de-descente.png\" \/>\n\t<meta property=\"og:image:width\" content=\"800\" \/>\n\t<meta property=\"og:image:height\" content=\"445\" \/>\n\t<meta property=\"og:image:type\" content=\"image\/png\" \/>\n<meta name=\"author\" content=\"Nicolas Jacquemard\" \/>\n<meta name=\"twitter:card\" content=\"summary_large_image\" \/>\n<meta name=\"twitter:title\" content=\"[Vid\u00e9o] VTT : En 2019, Lo\u00efc Bruni remportait son 4\u00e8me titre mondial en descente\" \/>\n<meta name=\"twitter:creator\" content=\"@https:\/\/twitter.com\/Nico_Jacquemard\" \/>\n<meta name=\"twitter:site\" content=\"@dicodusport\" \/>\n<script type=\"application\/ld+json\" class=\"yoast-schema-graph\">{\"@context\":\"https:\/\/schema.org\",\"@graph\":[{\"@type\":\"NewsArticle\",\"@id\":\"https:\/\/dicodusport.fr\/blog\/video-en-2019-loic-bruni-remportait-4eme-titre-de-champion-du-monde-de-vtt-descente\/#article\",\"isPartOf\":{\"@id\":\"https:\/\/dicodusport.fr\/blog\/video-en-2019-loic-bruni-remportait-4eme-titre-de-champion-du-monde-de-vtt-descente\/\"},\"author\":{\"name\":\"Nicolas Jacquemard\",\"@id\":\"https:\/\/dicodusport.fr\/blog\/#\/schema\/person\/55dcb50ad410894e431ed812bbb70191\"},\"headline\":\"[Vid\u00e9o] En 2019, Lo\u00efc Bruni remportait son 4\u00e8me titre de champion du monde de VTT descente\",\"datePublished\":\"2020-05-24T11:07:48+00:00\",\"mainEntityOfPage\":{\"@id\":\"https:\/\/dicodusport.fr\/blog\/video-en-2019-loic-bruni-remportait-4eme-titre-de-champion-du-monde-de-vtt-descente\/\"},\"wordCount\":107,\"commentCount\":0,\"publisher\":{\"@id\":\"https:\/\/dicodusport.fr\/blog\/#organization\"},\"image\":{\"@id\":\"https:\/\/dicodusport.fr\/blog\/video-en-2019-loic-bruni-remportait-4eme-titre-de-champion-du-monde-de-vtt-descente\/#primaryimage\"},\"thumbnailUrl\":\"https:\/\/dicodusport.fr\/blog\/wp-content\/uploads\/2020\/05\/Vid\u00e9o-En-2019-Lo\u00efc-Bruni-remportait-son-4\u00e8me-titre-de-champion-du-monde-de-VTT-de-descente.png\",\"keywords\":[\"Loic Bruni\",\"VTT Descente\"],\"articleSection\":[\"VTT\"],\"inLanguage\":\"fr-FR\",\"potentialAction\":[{\"@type\":\"CommentAction\",\"name\":\"Comment\",\"target\":[\"https:\/\/dicodusport.fr\/blog\/video-en-2019-loic-bruni-remportait-4eme-titre-de-champion-du-monde-de-vtt-descente\/#respond\"]}],\"copyrightYear\":\"2020\",\"copyrightHolder\":{\"@id\":\"https:\/\/dicodusport.fr\/blog\/#organization\"}},{\"@type\":\"WebPage\",\"@id\":\"https:\/\/dicodusport.fr\/blog\/video-en-2019-loic-bruni-remportait-4eme-titre-de-champion-du-monde-de-vtt-descente\/\",\"url\":\"https:\/\/dicodusport.fr\/blog\/video-en-2019-loic-bruni-remportait-4eme-titre-de-champion-du-monde-de-vtt-descente\/\",\"name\":\"[Vid\u00e9o] En 2019, Lo\u00efc Bruni remportait son 4\u00e8me titre de champion du monde de VTT descente\",\"isPartOf\":{\"@id\":\"https:\/\/dicodusport.fr\/blog\/#website\"},\"primaryImageOfPage\":{\"@id\":\"https:\/\/dicodusport.fr\/blog\/video-en-2019-loic-bruni-remportait-4eme-titre-de-champion-du-monde-de-vtt-descente\/#primaryimage\"},\"image\":{\"@id\":\"https:\/\/dicodusport.fr\/blog\/video-en-2019-loic-bruni-remportait-4eme-titre-de-champion-du-monde-de-vtt-descente\/#primaryimage\"},\"thumbnailUrl\":\"https:\/\/dicodusport.fr\/blog\/wp-content\/uploads\/2020\/05\/Vid\u00e9o-En-2019-Lo\u00efc-Bruni-remportait-son-4\u00e8me-titre-de-champion-du-monde-de-VTT-de-descente.png\",\"datePublished\":\"2020-05-24T11:07:48+00:00\",\"description\":\"VTT - Le 1er septembre 2019, Lo\u00efc Bruni remportait son quatri\u00e8me titre de champion du monde de descente \u00e0 Mont Sainte-Anne (Canada).\",\"breadcrumb\":{\"@id\":\"https:\/\/dicodusport.fr\/blog\/video-en-2019-loic-bruni-remportait-4eme-titre-de-champion-du-monde-de-vtt-descente\/#breadcrumb\"},\"inLanguage\":\"fr-FR\",\"potentialAction\":[{\"@type\":\"ReadAction\",\"target\":[\"https:\/\/dicodusport.fr\/blog\/video-en-2019-loic-bruni-remportait-4eme-titre-de-champion-du-monde-de-vtt-descente\/\"]}]},{\"@type\":\"ImageObject\",\"inLanguage\":\"fr-FR\",\"@id\":\"https:\/\/dicodusport.fr\/blog\/video-en-2019-loic-bruni-remportait-4eme-titre-de-champion-du-monde-de-vtt-descente\/#primaryimage\",\"url\":\"https:\/\/dicodusport.fr\/blog\/wp-content\/uploads\/2020\/05\/Vid\u00e9o-En-2019-Lo\u00efc-Bruni-remportait-son-4\u00e8me-titre-de-champion-du-monde-de-VTT-de-descente.png\",\"contentUrl\":\"https:\/\/dicodusport.fr\/blog\/wp-content\/uploads\/2020\/05\/Vid\u00e9o-En-2019-Lo\u00efc-Bruni-remportait-son-4\u00e8me-titre-de-champion-du-monde-de-VTT-de-descente.png\",\"width\":800,\"height\":445,\"caption\":\"[Vid\u00e9o] En 2019, Lo\u00efc Bruni remportait son 4\u00e8me titre de champion du monde de VTT de descente\"},{\"@type\":\"BreadcrumbList\",\"@id\":\"https:\/\/dicodusport.fr\/blog\/video-en-2019-loic-bruni-remportait-4eme-titre-de-champion-du-monde-de-vtt-descente\/#breadcrumb\",\"itemListElement\":[{\"@type\":\"ListItem\",\"position\":1,\"name\":\"Accueil\",\"item\":\"https:\/\/dicodusport.fr\/blog\/\"},{\"@type\":\"ListItem\",\"position\":2,\"name\":\"[Vid\u00e9o] En 2019, Lo\u00efc Bruni remportait son 4\u00e8me titre de champion du monde de VTT descente\"}]},{\"@type\":\"WebSite\",\"@id\":\"https:\/\/dicodusport.fr\/blog\/#website\",\"url\":\"https:\/\/dicodusport.fr\/blog\/\",\"name\":\"Dicodusport\",\"description\":\"L&#039;encyclop\u00e9die de l&#039;actualit\u00e9 sportive\",\"publisher\":{\"@id\":\"https:\/\/dicodusport.fr\/blog\/#organization\"},\"potentialAction\":[{\"@type\":\"SearchAction\",\"target\":{\"@type\":\"EntryPoint\",\"urlTemplate\":\"https:\/\/dicodusport.fr\/blog\/?s={search_term_string}\"},\"query-input\":{\"@type\":\"PropertyValueSpecification\",\"valueRequired\":true,\"valueName\":\"search_term_string\"}}],\"inLanguage\":\"fr-FR\"},{\"@type\":\"NewsMediaOrganization\",\"@id\":\"https:\/\/dicodusport.fr\/blog\/#organization\",\"name\":\"Dicodusport\",\"url\":\"https:\/\/dicodusport.fr\/blog\/\",\"logo\":{\"@type\":\"ImageObject\",\"inLanguage\":\"fr-FR\",\"@id\":\"https:\/\/dicodusport.fr\/blog\/#\/schema\/logo\/image\/\",\"url\":\"https:\/\/dicodusport.fr\/blog\/wp-content\/uploads\/2020\/06\/cropped-LOGO-DICODUSPORT-2020-SANS-FOND-SANS-TEXTE.png\",\"contentUrl\":\"https:\/\/dicodusport.fr\/blog\/wp-content\/uploads\/2020\/06\/cropped-LOGO-DICODUSPORT-2020-SANS-FOND-SANS-TEXTE.png\",\"width\":512,\"height\":512,\"caption\":\"Dicodusport\"},\"image\":{\"@id\":\"https:\/\/dicodusport.fr\/blog\/#\/schema\/logo\/image\/\"},\"sameAs\":[\"https:\/\/www.facebook.com\/dicodusport\",\"https:\/\/x.com\/dicodusport\",\"https:\/\/www.instagram.com\/dicodusport\/\",\"https:\/\/www.youtube.com\/channel\/UC7V2KZ5sd3htJivAbA4ZG3w\"],\"description\":\"Dicodusport est l'encyclop\u00e9die de l'actualit\u00e9 sportive.\",\"email\":\"bonjour@dicodusport.fr\",\"legalName\":\"DICODUSPORT\",\"foundingDate\":\"2018-01-14\",\"vatID\":\"FR71834470973\",\"taxID\":\"83447097300043\",\"numberOfEmployees\":{\"@type\":\"QuantitativeValue\",\"minValue\":\"1\",\"maxValue\":\"10\"}},{\"@type\":\"Person\",\"@id\":\"https:\/\/dicodusport.fr\/blog\/#\/schema\/person\/55dcb50ad410894e431ed812bbb70191\",\"name\":\"Nicolas Jacquemard\",\"image\":{\"@type\":\"ImageObject\",\"inLanguage\":\"fr-FR\",\"@id\":\"https:\/\/dicodusport.fr\/blog\/#\/schema\/person\/image\/\",\"url\":\"https:\/\/dicodusport.fr\/blog\/wp-content\/uploads\/2021\/05\/Nicolas-Jacquemard-150x150.jpeg\",\"contentUrl\":\"https:\/\/dicodusport.fr\/blog\/wp-content\/uploads\/2021\/05\/Nicolas-Jacquemard-150x150.jpeg\",\"caption\":\"Nicolas Jacquemard\"},\"description\":\"Passionn\u00e9 de sport et entrepreneur depuis mes 18 ans, la cr\u00e9ation de Dicodusport m'a sembl\u00e9 \u00e9vidente pour participer \u00e0 la m\u00e9diatisation d'un plus grand nombre de sports. Le chemin est long mais avec une \u00e9quipe des plus motiv\u00e9es et les Jeux Olympiques de Paris 2024 en point de mire, nous y arriverons ! Journaliste dans le monde du sport depuis plus de 5 ans, je traite aussi bien de football, de rugby, de biathlon que de cyclisme.\",\"sameAs\":[\"https:\/\/www.facebook.com\/dicodusport\",\"https:\/\/x.com\/https:\/\/twitter.com\/Nico_Jacquemard\"],\"url\":\"https:\/\/dicodusport.fr\/blog\/author\/dicodusport\/\"}]}<\/script>\n<!-- \/ Yoast SEO Premium plugin. -->","yoast_head_json":{"title":"[Vid\u00e9o] En 2019, Lo\u00efc Bruni remportait son 4\u00e8me titre de champion du monde de VTT descente","description":"VTT - Le 1er septembre 2019, Lo\u00efc Bruni remportait son quatri\u00e8me titre de champion du monde de descente \u00e0 Mont Sainte-Anne (Canada).","robots":{"index":"index","follow":"follow","max-snippet":"max-snippet:-1","max-image-preview":"max-image-preview:large","max-video-preview":"max-video-preview:-1"},"canonical":"https:\/\/dicodusport.fr\/blog\/video-en-2019-loic-bruni-remportait-4eme-titre-de-champion-du-monde-de-vtt-descente\/","og_locale":"fr_FR","og_type":"article","og_title":"[Vid\u00e9o] VTT : En 2019, Lo\u00efc Bruni remportait son 4\u00e8me titre mondial en descente","og_description":"VTT - Le 1er septembre 2019, Lo\u00efc Bruni remportait son quatri\u00e8me titre de champion du monde de descente \u00e0 Mont Sainte-Anne (Canada).","og_url":"https:\/\/dicodusport.fr\/blog\/video-en-2019-loic-bruni-remportait-4eme-titre-de-champion-du-monde-de-vtt-descente\/","og_site_name":"Dicodusport","article_publisher":"https:\/\/www.facebook.com\/dicodusport","article_author":"https:\/\/www.facebook.com\/dicodusport","article_published_time":"2020-05-24T11:07:48+00:00","og_image":[{"width":800,"height":445,"url":"https:\/\/dicodusport.fr\/blog\/wp-content\/uploads\/2020\/05\/Vid\u00e9o-En-2019-Lo\u00efc-Bruni-remportait-son-4\u00e8me-titre-de-champion-du-monde-de-VTT-de-descente.png","type":"image\/png"}],"author":"Nicolas Jacquemard","twitter_card":"summary_large_image","twitter_title":"[Vid\u00e9o] VTT : En 2019, Lo\u00efc Bruni remportait son 4\u00e8me titre mondial en descente","twitter_creator":"@https:\/\/twitter.com\/Nico_Jacquemard","twitter_site":"@dicodusport","schema":{"@context":"https:\/\/schema.org","@graph":[{"@type":"NewsArticle","@id":"https:\/\/dicodusport.fr\/blog\/video-en-2019-loic-bruni-remportait-4eme-titre-de-champion-du-monde-de-vtt-descente\/#article","isPartOf":{"@id":"https:\/\/dicodusport.fr\/blog\/video-en-2019-loic-bruni-remportait-4eme-titre-de-champion-du-monde-de-vtt-descente\/"},"author":{"name":"Nicolas Jacquemard","@id":"https:\/\/dicodusport.fr\/blog\/#\/schema\/person\/55dcb50ad410894e431ed812bbb70191"},"headline":"[Vid\u00e9o] En 2019, Lo\u00efc Bruni remportait son 4\u00e8me titre de champion du monde de VTT descente","datePublished":"2020-05-24T11:07:48+00:00","mainEntityOfPage":{"@id":"https:\/\/dicodusport.fr\/blog\/video-en-2019-loic-bruni-remportait-4eme-titre-de-champion-du-monde-de-vtt-descente\/"},"wordCount":107,"commentCount":0,"publisher":{"@id":"https:\/\/dicodusport.fr\/blog\/#organization"},"image":{"@id":"https:\/\/dicodusport.fr\/blog\/video-en-2019-loic-bruni-remportait-4eme-titre-de-champion-du-monde-de-vtt-descente\/#primaryimage"},"thumbnailUrl":"https:\/\/dicodusport.fr\/blog\/wp-content\/uploads\/2020\/05\/Vid\u00e9o-En-2019-Lo\u00efc-Bruni-remportait-son-4\u00e8me-titre-de-champion-du-monde-de-VTT-de-descente.png","keywords":["Loic Bruni","VTT Descente"],"articleSection":["VTT"],"inLanguage":"fr-FR","potentialAction":[{"@type":"CommentAction","name":"Comment","target":["https:\/\/dicodusport.fr\/blog\/video-en-2019-loic-bruni-remportait-4eme-titre-de-champion-du-monde-de-vtt-descente\/#respond"]}],"copyrightYear":"2020","copyrightHolder":{"@id":"https:\/\/dicodusport.fr\/blog\/#organization"}},{"@type":"WebPage","@id":"https:\/\/dicodusport.fr\/blog\/video-en-2019-loic-bruni-remportait-4eme-titre-de-champion-du-monde-de-vtt-descente\/","url":"https:\/\/dicodusport.fr\/blog\/video-en-2019-loic-bruni-remportait-4eme-titre-de-champion-du-monde-de-vtt-descente\/","name":"[Vid\u00e9o] En 2019, Lo\u00efc Bruni remportait son 4\u00e8me titre de champion du monde de VTT descente","isPartOf":{"@id":"https:\/\/dicodusport.fr\/blog\/#website"},"primaryImageOfPage":{"@id":"https:\/\/dicodusport.fr\/blog\/video-en-2019-loic-bruni-remportait-4eme-titre-de-champion-du-monde-de-vtt-descente\/#primaryimage"},"image":{"@id":"https:\/\/dicodusport.fr\/blog\/video-en-2019-loic-bruni-remportait-4eme-titre-de-champion-du-monde-de-vtt-descente\/#primaryimage"},"thumbnailUrl":"https:\/\/dicodusport.fr\/blog\/wp-content\/uploads\/2020\/05\/Vid\u00e9o-En-2019-Lo\u00efc-Bruni-remportait-son-4\u00e8me-titre-de-champion-du-monde-de-VTT-de-descente.png","datePublished":"2020-05-24T11:07:48+00:00","description":"VTT - Le 1er septembre 2019, Lo\u00efc Bruni remportait son quatri\u00e8me titre de champion du monde de descente \u00e0 Mont Sainte-Anne (Canada).","breadcrumb":{"@id":"https:\/\/dicodusport.fr\/blog\/video-en-2019-loic-bruni-remportait-4eme-titre-de-champion-du-monde-de-vtt-descente\/#breadcrumb"},"inLanguage":"fr-FR","potentialAction":[{"@type":"ReadAction","target":["https:\/\/dicodusport.fr\/blog\/video-en-2019-loic-bruni-remportait-4eme-titre-de-champion-du-monde-de-vtt-descente\/"]}]},{"@type":"ImageObject","inLanguage":"fr-FR","@id":"https:\/\/dicodusport.fr\/blog\/video-en-2019-loic-bruni-remportait-4eme-titre-de-champion-du-monde-de-vtt-descente\/#primaryimage","url":"https:\/\/dicodusport.fr\/blog\/wp-content\/uploads\/2020\/05\/Vid\u00e9o-En-2019-Lo\u00efc-Bruni-remportait-son-4\u00e8me-titre-de-champion-du-monde-de-VTT-de-descente.png","contentUrl":"https:\/\/dicodusport.fr\/blog\/wp-content\/uploads\/2020\/05\/Vid\u00e9o-En-2019-Lo\u00efc-Bruni-remportait-son-4\u00e8me-titre-de-champion-du-monde-de-VTT-de-descente.png","width":800,"height":445,"caption":"[Vid\u00e9o] En 2019, Lo\u00efc Bruni remportait son 4\u00e8me titre de champion du monde de VTT de descente"},{"@type":"BreadcrumbList","@id":"https:\/\/dicodusport.fr\/blog\/video-en-2019-loic-bruni-remportait-4eme-titre-de-champion-du-monde-de-vtt-descente\/#breadcrumb","itemListElement":[{"@type":"ListItem","position":1,"name":"Accueil","item":"https:\/\/dicodusport.fr\/blog\/"},{"@type":"ListItem","position":2,"name":"[Vid\u00e9o] En 2019, Lo\u00efc Bruni remportait son 4\u00e8me titre de champion du monde de VTT descente"}]},{"@type":"WebSite","@id":"https:\/\/dicodusport.fr\/blog\/#website","url":"https:\/\/dicodusport.fr\/blog\/","name":"Dicodusport","description":"L&#039;encyclop\u00e9die de l&#039;actualit\u00e9 sportive","publisher":{"@id":"https:\/\/dicodusport.fr\/blog\/#organization"},"potentialAction":[{"@type":"SearchAction","target":{"@type":"EntryPoint","urlTemplate":"https:\/\/dicodusport.fr\/blog\/?s={search_term_string}"},"query-input":{"@type":"PropertyValueSpecification","valueRequired":true,"valueName":"search_term_string"}}],"inLanguage":"fr-FR"},{"@type":"NewsMediaOrganization","@id":"https:\/\/dicodusport.fr\/blog\/#organization","name":"Dicodusport","url":"https:\/\/dicodusport.fr\/blog\/","logo":{"@type":"ImageObject","inLanguage":"fr-FR","@id":"https:\/\/dicodusport.fr\/blog\/#\/schema\/logo\/image\/","url":"https:\/\/dicodusport.fr\/blog\/wp-content\/uploads\/2020\/06\/cropped-LOGO-DICODUSPORT-2020-SANS-FOND-SANS-TEXTE.png","contentUrl":"https:\/\/dicodusport.fr\/blog\/wp-content\/uploads\/2020\/06\/cropped-LOGO-DICODUSPORT-2020-SANS-FOND-SANS-TEXTE.png","width":512,"height":512,"caption":"Dicodusport"},"image":{"@id":"https:\/\/dicodusport.fr\/blog\/#\/schema\/logo\/image\/"},"sameAs":["https:\/\/www.facebook.com\/dicodusport","https:\/\/x.com\/dicodusport","https:\/\/www.instagram.com\/dicodusport\/","https:\/\/www.youtube.com\/channel\/UC7V2KZ5sd3htJivAbA4ZG3w"],"description":"Dicodusport est l'encyclop\u00e9die de l'actualit\u00e9 sportive.","email":"bonjour@dicodusport.fr","legalName":"DICODUSPORT","foundingDate":"2018-01-14","vatID":"FR71834470973","taxID":"83447097300043","numberOfEmployees":{"@type":"QuantitativeValue","minValue":"1","maxValue":"10"}},{"@type":"Person","@id":"https:\/\/dicodusport.fr\/blog\/#\/schema\/person\/55dcb50ad410894e431ed812bbb70191","name":"Nicolas Jacquemard","image":{"@type":"ImageObject","inLanguage":"fr-FR","@id":"https:\/\/dicodusport.fr\/blog\/#\/schema\/person\/image\/","url":"https:\/\/dicodusport.fr\/blog\/wp-content\/uploads\/2021\/05\/Nicolas-Jacquemard-150x150.jpeg","contentUrl":"https:\/\/dicodusport.fr\/blog\/wp-content\/uploads\/2021\/05\/Nicolas-Jacquemard-150x150.jpeg","caption":"Nicolas Jacquemard"},"description":"Passionn\u00e9 de sport et entrepreneur depuis mes 18 ans, la cr\u00e9ation de Dicodusport m'a sembl\u00e9 \u00e9vidente pour participer \u00e0 la m\u00e9diatisation d'un plus grand nombre de sports. Le chemin est long mais avec une \u00e9quipe des plus motiv\u00e9es et les Jeux Olympiques de Paris 2024 en point de mire, nous y arriverons ! Journaliste dans le monde du sport depuis plus de 5 ans, je traite aussi bien de football, de rugby, de biathlon que de cyclisme.","sameAs":["https:\/\/www.facebook.com\/dicodusport","https:\/\/x.com\/https:\/\/twitter.com\/Nico_Jacquemard"],"url":"https:\/\/dicodusport.fr\/blog\/author\/dicodusport\/"}]}},"_links":{"self":[{"href":"https:\/\/dicodusport.fr\/blog\/wp-json\/wp\/v2\/posts\/67401","targetHints":{"allow":["GET"]}}],"collection":[{"href":"https:\/\/dicodusport.fr\/blog\/wp-json\/wp\/v2\/posts"}],"about":[{"href":"https:\/\/dicodusport.fr\/blog\/wp-json\/wp\/v2\/types\/post"}],"author":[{"embeddable":true,"href":"https:\/\/dicodusport.fr\/blog\/wp-json\/wp\/v2\/users\/1"}],"replies":[{"embeddable":true,"href":"https:\/\/dicodusport.fr\/blog\/wp-json\/wp\/v2\/comments?post=67401"}],"version-history":[{"count":0,"href":"https:\/\/dicodusport.fr\/blog\/wp-json\/wp\/v2\/posts\/67401\/revisions"}],"wp:featuredmedia":[{"embeddable":true,"href":"https:\/\/dicodusport.fr\/blog\/wp-json\/wp\/v2\/media\/67410"}],"wp:attachment":[{"href":"https:\/\/dicodusport.fr\/blog\/wp-json\/wp\/v2\/media?parent=67401"}],"wp:term":[{"taxonomy":"category","embeddable":true,"href":"https:\/\/dicodusport.fr\/blog\/wp-json\/wp\/v2\/categories?post=67401"},{"taxonomy":"post_tag","embeddable":true,"href":"https:\/\/dicodusport.fr\/blog\/wp-json\/wp\/v2\/tags?post=67401"}],"curies":[{"name":"wp","href":"https:\/\/api.w.org\/{rel}","templated":true}]}}