{"id":67481,"date":"2020-05-25T14:04:03","date_gmt":"2020-05-25T12:04:03","guid":{"rendered":"http:\/\/dicodusport.fr\/blog\/?p=67481&#038;preview=true&#038;preview_id=67481"},"modified":"2020-05-26T19:28:32","modified_gmt":"2020-05-26T17:28:32","slug":"video-double-francais-vincent-luis-pierre-le-corre-super-league","status":"publish","type":"post","link":"https:\/\/dicodusport.fr\/blog\/video-double-francais-vincent-luis-pierre-le-corre-super-league\/","title":{"rendered":"[Vid\u00e9o] Le doubl\u00e9 fran\u00e7ais avec Vincent Luis et Pierre Le Corre lors de la Super League de Jersey"},"content":{"rendered":"<p style=\"text-align: justify;\"><strong><em>TRIATHLON &#8211; Le 29 septembre 2019, Vincent Luis et Pierre Le Corre r\u00e9alisaient un doubl\u00e9 tricolore \u00e0 Jersey, lors de la 1\u00e8re \u00e9tape de la Super League 2019-2020.<\/em><\/strong><\/p>\n<p style=\"text-align: justify;\">\u00c0 peine un mois apr\u00e8s avoir d\u00e9croch\u00e9 <a href=\"https:\/\/dicodusport.fr\/blog\/wts-cinquieme-a-lausanne-vincent-luis-est-sacre-champion-du-monde\/\" target=\"_blank\" rel=\"noopener noreferrer\">le titre mondial<\/a>, le premier sous l&rsquo;\u00e8re <strong>WTS<\/strong> pour un Fran\u00e7ais, <a href=\"https:\/\/dicodusport.fr\/blog\/tag\/vincent-luis\/\" target=\"_blank\" rel=\"noopener noreferrer\"><strong>Vincent Luis<\/strong> <\/a>remettait \u00e7a \u00e0 Jersey. Lors de la 1\u00e8re \u00e9tape de la <strong>Super League<\/strong>, le natif de Vesoul s&rsquo;impose en patron, devant un autre Fran\u00e7ais, <strong>Pierre Le Corre<\/strong>, <a href=\"https:\/\/dicodusport.fr\/blog\/championnats-europe-triathlon-pierre-le-corre-en-or\/\" target=\"_blank\" rel=\"noopener noreferrer\">champion d&rsquo;Europe en 2018<\/a>. Le triathlon tricolore va bien, merci pour lui.<\/p>\n<blockquote class=\"twitter-tweet\">\n<p dir=\"ltr\" lang=\"en\">Two Frenchman are having an amazing duel up front &#x1f3c3;&#x200d;&#x2642;&#x1f525; <a href=\"https:\/\/twitter.com\/PRLECORRE?ref_src=twsrc%5Etfw\">@PRLECORRE<\/a> and <a href=\"https:\/\/twitter.com\/vincentluistri?ref_src=twsrc%5Etfw\">@vincentluistri<\/a> Who will triumph?!<a href=\"https:\/\/twitter.com\/hashtag\/SLTReloaded?src=hash&amp;ref_src=twsrc%5Etfw\">#SLTReloaded<\/a> <a href=\"https:\/\/t.co\/JbFm9uxmmQ\">pic.twitter.com\/JbFm9uxmmQ<\/a><\/p>\n<p>\u2014 Super League Triathlon (@SuperLeagueTri) <a href=\"https:\/\/twitter.com\/SuperLeagueTri\/status\/1264526753524924417?ref_src=twsrc%5Etfw\">May 24, 2020<\/a><\/p><\/blockquote>\n<p><script async src=\"https:\/\/platform.twitter.com\/widgets.js\" charset=\"utf-8\"><\/script><\/p>\n<p><strong><em>Dicodusport<br \/>\n<a href=\"https:\/\/www.facebook.com\/dicodusport\/\" target=\"_blank\" rel=\"noopener noreferrer\"><img loading=\"lazy\" decoding=\"async\" class=\"alignnone wp-image-2909\" src=\"http:\/\/dicodusport.fr\/blog\/wp-content\/uploads\/2017\/07\/logo-facebook-150x150.png\" alt=\"\" width=\"40\" height=\"40\" \/><\/a><a href=\"https:\/\/twitter.com\/dicodusport\" target=\"_blank\" rel=\"noopener noreferrer\"><img loading=\"lazy\" decoding=\"async\" class=\"alignnone wp-image-2908\" src=\"http:\/\/dicodusport.fr\/blog\/wp-content\/uploads\/2017\/07\/logo-twitter-150x150.png\" alt=\"\" width=\"39\" height=\"39\" \/><\/a><\/em><\/strong><\/p>\n","protected":false},"excerpt":{"rendered":"<p>TRIATHLON &#8211; Le 29 septembre 2019, Vincent Luis et Pierre Le Corre r\u00e9alisaient un doubl\u00e9 tricolore \u00e0 Jersey, lors de la 1\u00e8re \u00e9tape de la Super League 2019-2020.<\/p>\n","protected":false},"author":4,"featured_media":67482,"comment_status":"open","ping_status":"closed","sticky":false,"template":"","format":"standard","meta":{"_acf_changed":false,"_daextam_enable_autolinks":"","footnotes":""},"categories":[8303],"tags":[3620,3795,589,1874],"class_list":["post-67481","post","type-post","status-publish","format-standard","has-post-thumbnail","hentry","category-triathlon","tag-pierre-le-corre","tag-super-league","tag-triathlon","tag-vincent-luis"],"acf":[],"yoast_head":"<!-- This site is optimized with the Yoast SEO Premium plugin v26.7 (Yoast SEO v26.7) - https:\/\/yoast.com\/wordpress\/plugins\/seo\/ -->\n<title>[Vid\u00e9o] Le doubl\u00e9 fran\u00e7ais avec Vincent Luis et Pierre Le Corre lors de la Super League de Jersey<\/title>\n<meta name=\"description\" content=\"TRIATHLON - Le 29 septembre 2019, Vincent Luis et Pierre Le Corre r\u00e9alisaient un doubl\u00e9 tricolore \u00e0 Jersey, lors de la 1\u00e8re \u00e9tape de la Super League 2019-2020.\" \/>\n<meta name=\"robots\" content=\"index, follow, max-snippet:-1, max-image-preview:large, max-video-preview:-1\" \/>\n<link rel=\"canonical\" href=\"https:\/\/dicodusport.fr\/blog\/video-double-francais-vincent-luis-pierre-le-corre-super-league\/\" \/>\n<meta property=\"og:locale\" content=\"fr_FR\" \/>\n<meta property=\"og:type\" content=\"article\" \/>\n<meta property=\"og:title\" content=\"[Vid\u00e9o] Le doubl\u00e9 bleu de Luis et Le Corre lors de la Super League de Jersey\" \/>\n<meta property=\"og:description\" content=\"TRIATHLON - Le 29 septembre 2019, Vincent Luis et Pierre Le Corre r\u00e9alisaient un doubl\u00e9 tricolore \u00e0 Jersey, lors de la 1\u00e8re \u00e9tape de la Super League 2019-2020.\" \/>\n<meta property=\"og:url\" content=\"https:\/\/dicodusport.fr\/blog\/video-double-francais-vincent-luis-pierre-le-corre-super-league\/\" \/>\n<meta property=\"og:site_name\" content=\"Dicodusport\" \/>\n<meta property=\"article:publisher\" content=\"https:\/\/www.facebook.com\/dicodusport\" \/>\n<meta property=\"article:author\" content=\"https:\/\/www.facebook.com\/florent.ostermann\" \/>\n<meta property=\"article:published_time\" content=\"2020-05-25T12:04:03+00:00\" \/>\n<meta property=\"article:modified_time\" content=\"2020-05-26T17:28:32+00:00\" \/>\n<meta property=\"og:image\" content=\"https:\/\/dicodusport.fr\/blog\/wp-content\/uploads\/2020\/05\/Vid\u00e9o-Le-doubl\u00e9-fran\u00e7ais-avec-Vincent-Luis-et-Pierre-Le-Corre-lors-de-la-Super-League-de-Jersey.png\" \/>\n\t<meta property=\"og:image:width\" content=\"800\" \/>\n\t<meta property=\"og:image:height\" content=\"445\" \/>\n\t<meta property=\"og:image:type\" content=\"image\/png\" \/>\n<meta name=\"author\" content=\"Flo Ostermann\" \/>\n<meta name=\"twitter:card\" content=\"summary_large_image\" \/>\n<meta name=\"twitter:title\" content=\"[Vid\u00e9o] Le doubl\u00e9 bleu de Luis et Le Corre lors de la Super League de Jersey\" \/>\n<meta name=\"twitter:creator\" content=\"@https:\/\/twitter.com\/FlOstermann\" \/>\n<meta name=\"twitter:site\" content=\"@dicodusport\" \/>\n<script type=\"application\/ld+json\" class=\"yoast-schema-graph\">{\"@context\":\"https:\/\/schema.org\",\"@graph\":[{\"@type\":\"NewsArticle\",\"@id\":\"https:\/\/dicodusport.fr\/blog\/video-double-francais-vincent-luis-pierre-le-corre-super-league\/#article\",\"isPartOf\":{\"@id\":\"https:\/\/dicodusport.fr\/blog\/video-double-francais-vincent-luis-pierre-le-corre-super-league\/\"},\"author\":{\"name\":\"Flo Ostermann\",\"@id\":\"https:\/\/dicodusport.fr\/blog\/#\/schema\/person\/cb02af4c173ce4a653b55e9baf388d4a\"},\"headline\":\"[Vid\u00e9o] Le doubl\u00e9 fran\u00e7ais avec Vincent Luis et Pierre Le Corre lors de la Super League de Jersey\",\"datePublished\":\"2020-05-25T12:04:03+00:00\",\"dateModified\":\"2020-05-26T17:28:32+00:00\",\"mainEntityOfPage\":{\"@id\":\"https:\/\/dicodusport.fr\/blog\/video-double-francais-vincent-luis-pierre-le-corre-super-league\/\"},\"wordCount\":144,\"commentCount\":0,\"publisher\":{\"@id\":\"https:\/\/dicodusport.fr\/blog\/#organization\"},\"image\":{\"@id\":\"https:\/\/dicodusport.fr\/blog\/video-double-francais-vincent-luis-pierre-le-corre-super-league\/#primaryimage\"},\"thumbnailUrl\":\"https:\/\/dicodusport.fr\/blog\/wp-content\/uploads\/2020\/05\/Vid\u00e9o-Le-doubl\u00e9-fran\u00e7ais-avec-Vincent-Luis-et-Pierre-Le-Corre-lors-de-la-Super-League-de-Jersey.png\",\"keywords\":[\"Pierre Le Corre\",\"Super League\",\"triathlon\",\"Vincent Luis\"],\"articleSection\":[\"Triathlon\"],\"inLanguage\":\"fr-FR\",\"potentialAction\":[{\"@type\":\"CommentAction\",\"name\":\"Comment\",\"target\":[\"https:\/\/dicodusport.fr\/blog\/video-double-francais-vincent-luis-pierre-le-corre-super-league\/#respond\"]}],\"copyrightYear\":\"2020\",\"copyrightHolder\":{\"@id\":\"https:\/\/dicodusport.fr\/blog\/#organization\"}},{\"@type\":\"WebPage\",\"@id\":\"https:\/\/dicodusport.fr\/blog\/video-double-francais-vincent-luis-pierre-le-corre-super-league\/\",\"url\":\"https:\/\/dicodusport.fr\/blog\/video-double-francais-vincent-luis-pierre-le-corre-super-league\/\",\"name\":\"[Vid\u00e9o] Le doubl\u00e9 fran\u00e7ais avec Vincent Luis et Pierre Le Corre lors de la Super League de Jersey\",\"isPartOf\":{\"@id\":\"https:\/\/dicodusport.fr\/blog\/#website\"},\"primaryImageOfPage\":{\"@id\":\"https:\/\/dicodusport.fr\/blog\/video-double-francais-vincent-luis-pierre-le-corre-super-league\/#primaryimage\"},\"image\":{\"@id\":\"https:\/\/dicodusport.fr\/blog\/video-double-francais-vincent-luis-pierre-le-corre-super-league\/#primaryimage\"},\"thumbnailUrl\":\"https:\/\/dicodusport.fr\/blog\/wp-content\/uploads\/2020\/05\/Vid\u00e9o-Le-doubl\u00e9-fran\u00e7ais-avec-Vincent-Luis-et-Pierre-Le-Corre-lors-de-la-Super-League-de-Jersey.png\",\"datePublished\":\"2020-05-25T12:04:03+00:00\",\"dateModified\":\"2020-05-26T17:28:32+00:00\",\"description\":\"TRIATHLON - Le 29 septembre 2019, Vincent Luis et Pierre Le Corre r\u00e9alisaient un doubl\u00e9 tricolore \u00e0 Jersey, lors de la 1\u00e8re \u00e9tape de la Super League 2019-2020.\",\"breadcrumb\":{\"@id\":\"https:\/\/dicodusport.fr\/blog\/video-double-francais-vincent-luis-pierre-le-corre-super-league\/#breadcrumb\"},\"inLanguage\":\"fr-FR\",\"potentialAction\":[{\"@type\":\"ReadAction\",\"target\":[\"https:\/\/dicodusport.fr\/blog\/video-double-francais-vincent-luis-pierre-le-corre-super-league\/\"]}]},{\"@type\":\"ImageObject\",\"inLanguage\":\"fr-FR\",\"@id\":\"https:\/\/dicodusport.fr\/blog\/video-double-francais-vincent-luis-pierre-le-corre-super-league\/#primaryimage\",\"url\":\"https:\/\/dicodusport.fr\/blog\/wp-content\/uploads\/2020\/05\/Vid\u00e9o-Le-doubl\u00e9-fran\u00e7ais-avec-Vincent-Luis-et-Pierre-Le-Corre-lors-de-la-Super-League-de-Jersey.png\",\"contentUrl\":\"https:\/\/dicodusport.fr\/blog\/wp-content\/uploads\/2020\/05\/Vid\u00e9o-Le-doubl\u00e9-fran\u00e7ais-avec-Vincent-Luis-et-Pierre-Le-Corre-lors-de-la-Super-League-de-Jersey.png\",\"width\":800,\"height\":445,\"caption\":\"[Vid\u00e9o] Le doubl\u00e9 fran\u00e7ais avec Vincent Luis et Pierre Le Corre lors de la Super League de Jersey\"},{\"@type\":\"BreadcrumbList\",\"@id\":\"https:\/\/dicodusport.fr\/blog\/video-double-francais-vincent-luis-pierre-le-corre-super-league\/#breadcrumb\",\"itemListElement\":[{\"@type\":\"ListItem\",\"position\":1,\"name\":\"Accueil\",\"item\":\"https:\/\/dicodusport.fr\/blog\/\"},{\"@type\":\"ListItem\",\"position\":2,\"name\":\"[Vid\u00e9o] Le doubl\u00e9 fran\u00e7ais avec Vincent Luis et Pierre Le Corre lors de la Super League de Jersey\"}]},{\"@type\":\"WebSite\",\"@id\":\"https:\/\/dicodusport.fr\/blog\/#website\",\"url\":\"https:\/\/dicodusport.fr\/blog\/\",\"name\":\"Dicodusport\",\"description\":\"L&#039;encyclop\u00e9die de l&#039;actualit\u00e9 sportive\",\"publisher\":{\"@id\":\"https:\/\/dicodusport.fr\/blog\/#organization\"},\"potentialAction\":[{\"@type\":\"SearchAction\",\"target\":{\"@type\":\"EntryPoint\",\"urlTemplate\":\"https:\/\/dicodusport.fr\/blog\/?s={search_term_string}\"},\"query-input\":{\"@type\":\"PropertyValueSpecification\",\"valueRequired\":true,\"valueName\":\"search_term_string\"}}],\"inLanguage\":\"fr-FR\"},{\"@type\":\"NewsMediaOrganization\",\"@id\":\"https:\/\/dicodusport.fr\/blog\/#organization\",\"name\":\"Dicodusport\",\"url\":\"https:\/\/dicodusport.fr\/blog\/\",\"logo\":{\"@type\":\"ImageObject\",\"inLanguage\":\"fr-FR\",\"@id\":\"https:\/\/dicodusport.fr\/blog\/#\/schema\/logo\/image\/\",\"url\":\"https:\/\/dicodusport.fr\/blog\/wp-content\/uploads\/2020\/06\/cropped-LOGO-DICODUSPORT-2020-SANS-FOND-SANS-TEXTE.png\",\"contentUrl\":\"https:\/\/dicodusport.fr\/blog\/wp-content\/uploads\/2020\/06\/cropped-LOGO-DICODUSPORT-2020-SANS-FOND-SANS-TEXTE.png\",\"width\":512,\"height\":512,\"caption\":\"Dicodusport\"},\"image\":{\"@id\":\"https:\/\/dicodusport.fr\/blog\/#\/schema\/logo\/image\/\"},\"sameAs\":[\"https:\/\/www.facebook.com\/dicodusport\",\"https:\/\/x.com\/dicodusport\",\"https:\/\/www.instagram.com\/dicodusport\/\",\"https:\/\/www.youtube.com\/channel\/UC7V2KZ5sd3htJivAbA4ZG3w\"],\"description\":\"Dicodusport est l'encyclop\u00e9die de l'actualit\u00e9 sportive.\",\"email\":\"bonjour@dicodusport.fr\",\"legalName\":\"DICODUSPORT\",\"foundingDate\":\"2018-01-14\",\"vatID\":\"FR71834470973\",\"taxID\":\"83447097300043\",\"numberOfEmployees\":{\"@type\":\"QuantitativeValue\",\"minValue\":\"1\",\"maxValue\":\"10\"}},{\"@type\":\"Person\",\"@id\":\"https:\/\/dicodusport.fr\/blog\/#\/schema\/person\/cb02af4c173ce4a653b55e9baf388d4a\",\"name\":\"Flo Ostermann\",\"image\":{\"@type\":\"ImageObject\",\"inLanguage\":\"fr-FR\",\"@id\":\"https:\/\/dicodusport.fr\/blog\/#\/schema\/person\/image\/\",\"url\":\"https:\/\/dicodusport.fr\/blog\/wp-content\/uploads\/2021\/05\/Flo-Ostermann-150x150.jpg\",\"contentUrl\":\"https:\/\/dicodusport.fr\/blog\/wp-content\/uploads\/2021\/05\/Flo-Ostermann-150x150.jpg\",\"caption\":\"Flo Ostermann\"},\"description\":\"Journaliste\/R\u00e9dacteur depuis septembre 2015 - Mes premiers souvenirs dans le sport ? Les envol\u00e9es du Stade Toulousain et les duels Villeneuve-Schumacher et H\u00e4kkinen-Schumacher \u00e0 la fin des ann\u00e9es 90, la Coupe du monde de football en 1998, l\u2019exploit du XV de France face aux All Blacks en 1999, mais aussi Richard C\u0153ur de Lion qui vole sur les montagnes du Tour de France. Bien parti pour devenir professeur d\u2019EPS, les \u00e9v\u00e9nements de la vie (et la flemme d\u2019animer des s\u00e9ances de 3x500 m\u00e8tres toute ma vie) m\u2019ont conduit \u00e0 revoir mes plans. Me voil\u00e0 depuis fin 2017 sur Dicodusport, m\u00e9dia gr\u00e2ce (et pour) lequel je partage ma passion : le sport dans tous ses \u00e9tats. Le tout accompagn\u00e9 par les fous furieux et folles furieuses cit\u00e9s sur cette page !\",\"sameAs\":[\"https:\/\/www.facebook.com\/florent.ostermann\",\"https:\/\/x.com\/https:\/\/twitter.com\/FlOstermann\",\"admin\"],\"url\":\"https:\/\/dicodusport.fr\/blog\/author\/flo\/\"}]}<\/script>\n<!-- \/ Yoast SEO Premium plugin. -->","yoast_head_json":{"title":"[Vid\u00e9o] Le doubl\u00e9 fran\u00e7ais avec Vincent Luis et Pierre Le Corre lors de la Super League de Jersey","description":"TRIATHLON - Le 29 septembre 2019, Vincent Luis et Pierre Le Corre r\u00e9alisaient un doubl\u00e9 tricolore \u00e0 Jersey, lors de la 1\u00e8re \u00e9tape de la Super League 2019-2020.","robots":{"index":"index","follow":"follow","max-snippet":"max-snippet:-1","max-image-preview":"max-image-preview:large","max-video-preview":"max-video-preview:-1"},"canonical":"https:\/\/dicodusport.fr\/blog\/video-double-francais-vincent-luis-pierre-le-corre-super-league\/","og_locale":"fr_FR","og_type":"article","og_title":"[Vid\u00e9o] Le doubl\u00e9 bleu de Luis et Le Corre lors de la Super League de Jersey","og_description":"TRIATHLON - Le 29 septembre 2019, Vincent Luis et Pierre Le Corre r\u00e9alisaient un doubl\u00e9 tricolore \u00e0 Jersey, lors de la 1\u00e8re \u00e9tape de la Super League 2019-2020.","og_url":"https:\/\/dicodusport.fr\/blog\/video-double-francais-vincent-luis-pierre-le-corre-super-league\/","og_site_name":"Dicodusport","article_publisher":"https:\/\/www.facebook.com\/dicodusport","article_author":"https:\/\/www.facebook.com\/florent.ostermann","article_published_time":"2020-05-25T12:04:03+00:00","article_modified_time":"2020-05-26T17:28:32+00:00","og_image":[{"width":800,"height":445,"url":"https:\/\/dicodusport.fr\/blog\/wp-content\/uploads\/2020\/05\/Vid\u00e9o-Le-doubl\u00e9-fran\u00e7ais-avec-Vincent-Luis-et-Pierre-Le-Corre-lors-de-la-Super-League-de-Jersey.png","type":"image\/png"}],"author":"Flo Ostermann","twitter_card":"summary_large_image","twitter_title":"[Vid\u00e9o] Le doubl\u00e9 bleu de Luis et Le Corre lors de la Super League de Jersey","twitter_creator":"@https:\/\/twitter.com\/FlOstermann","twitter_site":"@dicodusport","schema":{"@context":"https:\/\/schema.org","@graph":[{"@type":"NewsArticle","@id":"https:\/\/dicodusport.fr\/blog\/video-double-francais-vincent-luis-pierre-le-corre-super-league\/#article","isPartOf":{"@id":"https:\/\/dicodusport.fr\/blog\/video-double-francais-vincent-luis-pierre-le-corre-super-league\/"},"author":{"name":"Flo Ostermann","@id":"https:\/\/dicodusport.fr\/blog\/#\/schema\/person\/cb02af4c173ce4a653b55e9baf388d4a"},"headline":"[Vid\u00e9o] Le doubl\u00e9 fran\u00e7ais avec Vincent Luis et Pierre Le Corre lors de la Super League de Jersey","datePublished":"2020-05-25T12:04:03+00:00","dateModified":"2020-05-26T17:28:32+00:00","mainEntityOfPage":{"@id":"https:\/\/dicodusport.fr\/blog\/video-double-francais-vincent-luis-pierre-le-corre-super-league\/"},"wordCount":144,"commentCount":0,"publisher":{"@id":"https:\/\/dicodusport.fr\/blog\/#organization"},"image":{"@id":"https:\/\/dicodusport.fr\/blog\/video-double-francais-vincent-luis-pierre-le-corre-super-league\/#primaryimage"},"thumbnailUrl":"https:\/\/dicodusport.fr\/blog\/wp-content\/uploads\/2020\/05\/Vid\u00e9o-Le-doubl\u00e9-fran\u00e7ais-avec-Vincent-Luis-et-Pierre-Le-Corre-lors-de-la-Super-League-de-Jersey.png","keywords":["Pierre Le Corre","Super League","triathlon","Vincent Luis"],"articleSection":["Triathlon"],"inLanguage":"fr-FR","potentialAction":[{"@type":"CommentAction","name":"Comment","target":["https:\/\/dicodusport.fr\/blog\/video-double-francais-vincent-luis-pierre-le-corre-super-league\/#respond"]}],"copyrightYear":"2020","copyrightHolder":{"@id":"https:\/\/dicodusport.fr\/blog\/#organization"}},{"@type":"WebPage","@id":"https:\/\/dicodusport.fr\/blog\/video-double-francais-vincent-luis-pierre-le-corre-super-league\/","url":"https:\/\/dicodusport.fr\/blog\/video-double-francais-vincent-luis-pierre-le-corre-super-league\/","name":"[Vid\u00e9o] Le doubl\u00e9 fran\u00e7ais avec Vincent Luis et Pierre Le Corre lors de la Super League de Jersey","isPartOf":{"@id":"https:\/\/dicodusport.fr\/blog\/#website"},"primaryImageOfPage":{"@id":"https:\/\/dicodusport.fr\/blog\/video-double-francais-vincent-luis-pierre-le-corre-super-league\/#primaryimage"},"image":{"@id":"https:\/\/dicodusport.fr\/blog\/video-double-francais-vincent-luis-pierre-le-corre-super-league\/#primaryimage"},"thumbnailUrl":"https:\/\/dicodusport.fr\/blog\/wp-content\/uploads\/2020\/05\/Vid\u00e9o-Le-doubl\u00e9-fran\u00e7ais-avec-Vincent-Luis-et-Pierre-Le-Corre-lors-de-la-Super-League-de-Jersey.png","datePublished":"2020-05-25T12:04:03+00:00","dateModified":"2020-05-26T17:28:32+00:00","description":"TRIATHLON - Le 29 septembre 2019, Vincent Luis et Pierre Le Corre r\u00e9alisaient un doubl\u00e9 tricolore \u00e0 Jersey, lors de la 1\u00e8re \u00e9tape de la Super League 2019-2020.","breadcrumb":{"@id":"https:\/\/dicodusport.fr\/blog\/video-double-francais-vincent-luis-pierre-le-corre-super-league\/#breadcrumb"},"inLanguage":"fr-FR","potentialAction":[{"@type":"ReadAction","target":["https:\/\/dicodusport.fr\/blog\/video-double-francais-vincent-luis-pierre-le-corre-super-league\/"]}]},{"@type":"ImageObject","inLanguage":"fr-FR","@id":"https:\/\/dicodusport.fr\/blog\/video-double-francais-vincent-luis-pierre-le-corre-super-league\/#primaryimage","url":"https:\/\/dicodusport.fr\/blog\/wp-content\/uploads\/2020\/05\/Vid\u00e9o-Le-doubl\u00e9-fran\u00e7ais-avec-Vincent-Luis-et-Pierre-Le-Corre-lors-de-la-Super-League-de-Jersey.png","contentUrl":"https:\/\/dicodusport.fr\/blog\/wp-content\/uploads\/2020\/05\/Vid\u00e9o-Le-doubl\u00e9-fran\u00e7ais-avec-Vincent-Luis-et-Pierre-Le-Corre-lors-de-la-Super-League-de-Jersey.png","width":800,"height":445,"caption":"[Vid\u00e9o] Le doubl\u00e9 fran\u00e7ais avec Vincent Luis et Pierre Le Corre lors de la Super League de Jersey"},{"@type":"BreadcrumbList","@id":"https:\/\/dicodusport.fr\/blog\/video-double-francais-vincent-luis-pierre-le-corre-super-league\/#breadcrumb","itemListElement":[{"@type":"ListItem","position":1,"name":"Accueil","item":"https:\/\/dicodusport.fr\/blog\/"},{"@type":"ListItem","position":2,"name":"[Vid\u00e9o] Le doubl\u00e9 fran\u00e7ais avec Vincent Luis et Pierre Le Corre lors de la Super League de Jersey"}]},{"@type":"WebSite","@id":"https:\/\/dicodusport.fr\/blog\/#website","url":"https:\/\/dicodusport.fr\/blog\/","name":"Dicodusport","description":"L&#039;encyclop\u00e9die de l&#039;actualit\u00e9 sportive","publisher":{"@id":"https:\/\/dicodusport.fr\/blog\/#organization"},"potentialAction":[{"@type":"SearchAction","target":{"@type":"EntryPoint","urlTemplate":"https:\/\/dicodusport.fr\/blog\/?s={search_term_string}"},"query-input":{"@type":"PropertyValueSpecification","valueRequired":true,"valueName":"search_term_string"}}],"inLanguage":"fr-FR"},{"@type":"NewsMediaOrganization","@id":"https:\/\/dicodusport.fr\/blog\/#organization","name":"Dicodusport","url":"https:\/\/dicodusport.fr\/blog\/","logo":{"@type":"ImageObject","inLanguage":"fr-FR","@id":"https:\/\/dicodusport.fr\/blog\/#\/schema\/logo\/image\/","url":"https:\/\/dicodusport.fr\/blog\/wp-content\/uploads\/2020\/06\/cropped-LOGO-DICODUSPORT-2020-SANS-FOND-SANS-TEXTE.png","contentUrl":"https:\/\/dicodusport.fr\/blog\/wp-content\/uploads\/2020\/06\/cropped-LOGO-DICODUSPORT-2020-SANS-FOND-SANS-TEXTE.png","width":512,"height":512,"caption":"Dicodusport"},"image":{"@id":"https:\/\/dicodusport.fr\/blog\/#\/schema\/logo\/image\/"},"sameAs":["https:\/\/www.facebook.com\/dicodusport","https:\/\/x.com\/dicodusport","https:\/\/www.instagram.com\/dicodusport\/","https:\/\/www.youtube.com\/channel\/UC7V2KZ5sd3htJivAbA4ZG3w"],"description":"Dicodusport est l'encyclop\u00e9die de l'actualit\u00e9 sportive.","email":"bonjour@dicodusport.fr","legalName":"DICODUSPORT","foundingDate":"2018-01-14","vatID":"FR71834470973","taxID":"83447097300043","numberOfEmployees":{"@type":"QuantitativeValue","minValue":"1","maxValue":"10"}},{"@type":"Person","@id":"https:\/\/dicodusport.fr\/blog\/#\/schema\/person\/cb02af4c173ce4a653b55e9baf388d4a","name":"Flo Ostermann","image":{"@type":"ImageObject","inLanguage":"fr-FR","@id":"https:\/\/dicodusport.fr\/blog\/#\/schema\/person\/image\/","url":"https:\/\/dicodusport.fr\/blog\/wp-content\/uploads\/2021\/05\/Flo-Ostermann-150x150.jpg","contentUrl":"https:\/\/dicodusport.fr\/blog\/wp-content\/uploads\/2021\/05\/Flo-Ostermann-150x150.jpg","caption":"Flo Ostermann"},"description":"Journaliste\/R\u00e9dacteur depuis septembre 2015 - Mes premiers souvenirs dans le sport ? Les envol\u00e9es du Stade Toulousain et les duels Villeneuve-Schumacher et H\u00e4kkinen-Schumacher \u00e0 la fin des ann\u00e9es 90, la Coupe du monde de football en 1998, l\u2019exploit du XV de France face aux All Blacks en 1999, mais aussi Richard C\u0153ur de Lion qui vole sur les montagnes du Tour de France. Bien parti pour devenir professeur d\u2019EPS, les \u00e9v\u00e9nements de la vie (et la flemme d\u2019animer des s\u00e9ances de 3x500 m\u00e8tres toute ma vie) m\u2019ont conduit \u00e0 revoir mes plans. Me voil\u00e0 depuis fin 2017 sur Dicodusport, m\u00e9dia gr\u00e2ce (et pour) lequel je partage ma passion : le sport dans tous ses \u00e9tats. Le tout accompagn\u00e9 par les fous furieux et folles furieuses cit\u00e9s sur cette page !","sameAs":["https:\/\/www.facebook.com\/florent.ostermann","https:\/\/x.com\/https:\/\/twitter.com\/FlOstermann","admin"],"url":"https:\/\/dicodusport.fr\/blog\/author\/flo\/"}]}},"_links":{"self":[{"href":"https:\/\/dicodusport.fr\/blog\/wp-json\/wp\/v2\/posts\/67481","targetHints":{"allow":["GET"]}}],"collection":[{"href":"https:\/\/dicodusport.fr\/blog\/wp-json\/wp\/v2\/posts"}],"about":[{"href":"https:\/\/dicodusport.fr\/blog\/wp-json\/wp\/v2\/types\/post"}],"author":[{"embeddable":true,"href":"https:\/\/dicodusport.fr\/blog\/wp-json\/wp\/v2\/users\/4"}],"replies":[{"embeddable":true,"href":"https:\/\/dicodusport.fr\/blog\/wp-json\/wp\/v2\/comments?post=67481"}],"version-history":[{"count":0,"href":"https:\/\/dicodusport.fr\/blog\/wp-json\/wp\/v2\/posts\/67481\/revisions"}],"wp:featuredmedia":[{"embeddable":true,"href":"https:\/\/dicodusport.fr\/blog\/wp-json\/wp\/v2\/media\/67482"}],"wp:attachment":[{"href":"https:\/\/dicodusport.fr\/blog\/wp-json\/wp\/v2\/media?parent=67481"}],"wp:term":[{"taxonomy":"category","embeddable":true,"href":"https:\/\/dicodusport.fr\/blog\/wp-json\/wp\/v2\/categories?post=67481"},{"taxonomy":"post_tag","embeddable":true,"href":"https:\/\/dicodusport.fr\/blog\/wp-json\/wp\/v2\/tags?post=67481"}],"curies":[{"name":"wp","href":"https:\/\/api.w.org\/{rel}","templated":true}]}}