{"id":67511,"date":"2020-05-25T18:19:55","date_gmt":"2020-05-25T16:19:55","guid":{"rendered":"http:\/\/dicodusport.fr\/blog\/?p=67511&#038;preview=true&#038;preview_id=67511"},"modified":"2020-05-26T20:00:10","modified_gmt":"2020-05-26T18:00:10","slug":"oliver-naesen-prolonga-avec-ag2r-la-mondiale","status":"publish","type":"post","link":"https:\/\/dicodusport.fr\/blog\/oliver-naesen-prolonga-avec-ag2r-la-mondiale\/","title":{"rendered":"Oliver Naesen prolonge avec AG2R La Mondiale"},"content":{"rendered":"<p style=\"text-align: justify;\"><strong><em>CYCLISME &#8211; Le Belge Oliver Naesen (29 ans) a prolong\u00e9 son contrat de trois saisons avec la formation AG2R La Mondiale. Le natif d&rsquo;Ostende a rejoint les Terre &amp; Ciel en 2017 et sera une nouvelle fois leur leader sur les classiques flandriennes en 2020.<\/em><\/strong><\/p>\n<p style=\"text-align: justify;\">Ce lundi, la formation <strong>AG2R La Mondiale<\/strong> a annonc\u00e9 la prolongation de l&rsquo;un de ses capitaines de route, le Belge <strong>Oliver Naesen<\/strong>. \u00c0 29 ans, le sp\u00e9cialiste des Flandriennes sera un coureur de la formation savoyarde jusqu&rsquo;en 2023. Au sein de l&rsquo;\u00e9quipe dirig\u00e9e par <strong>Vincent Lavenu<\/strong>, <strong>Naesen<\/strong> a notamment remport\u00e9 la <strong>Bretagne Classic<\/strong> en 2018, et le titre de champion de Belgique en 2017.<\/p>\n<p style=\"text-align: justify;\">Sur les Flandriennes, l&rsquo;ancien coureur de l&rsquo;\u00e9quipe <strong>IAM<\/strong> a toujours fait preuve de r\u00e9gularit\u00e9, avec de nombreuses places d&rsquo;honneur \u00e0 son actif, dont un podium sur <strong>Gand-Wevelgem<\/strong> en 2019. Quelques semaines plus t\u00f4t, il avait \u00e9galement pris <a href=\"https:\/\/dicodusport.fr\/blog\/milan-san-remo-julian-alaphilippe-triomphe-sur-la-primavera\/\" target=\"_blank\" rel=\"noopener noreferrer\">la deuxi\u00e8me place de <strong>Milan-San Remo<\/strong><\/a>, derri\u00e8re <strong>Julian Alaphilippe<\/strong>.<\/p>\n<h2 style=\"text-align: justify;\">La d\u00e9claration d&rsquo;Oliver Naesen<\/h2>\n<blockquote>\n<p style=\"text-align: justify;\">Je suis tr\u00e8s heureux, c&rsquo;est une belle marque de confiance. L&rsquo;\u00e9quipe ne cesse de progresser, que ce soit sportivement ou dans sa structure et sa d\u00e9marche. Pourquoi aller chercher ailleurs ce qui fonctionne tr\u00e8s bien ici ? Je suis tr\u00e8s ambitieux pour les saisons \u00e0 venir. Je suis impatient de reprendre la saison au 1er ao\u00fbt apr\u00e8s ces moments si particuliers pour tout le monde. Avec le Tour de France avant les classiques, c\u2019est id\u00e9al pour un coureur comme moi. Le calendrier est charg\u00e9 mais pas surcharg\u00e9 et tout sera r\u00e9uni pour que je r\u00e9ussisse une belle ann\u00e9e.<\/p>\n<\/blockquote>\n<blockquote class=\"twitter-tweet\">\n<p dir=\"ltr\" lang=\"en\">&#x1f1e7;&#x1f1ea; <a href=\"https:\/\/twitter.com\/OliverNaesen?ref_src=twsrc%5Etfw\">@OliverNaesen<\/a> &#x27a1; 2&#x20e3;0&#x20e3;2&#x20e3;3&#x20e3;<\/p>\n<p>Nous sommes fiers d&rsquo;annoncer qu&rsquo;<a href=\"https:\/\/twitter.com\/OliverNaesen?ref_src=twsrc%5Etfw\">@OliverNaesen<\/a> portera nos couleurs pour 3 ann\u00e9es suppl\u00e9mentaires.<\/p>\n<p>We are proud to announce that <a href=\"https:\/\/twitter.com\/OliverNaesen?ref_src=twsrc%5Etfw\">@OliverNaesen<\/a> will race in our colors for 3 more years. <a href=\"https:\/\/twitter.com\/hashtag\/allezALM?src=hash&amp;ref_src=twsrc%5Etfw\">#allezALM<\/a> <a href=\"https:\/\/t.co\/PJ2V5mcxcc\">pic.twitter.com\/PJ2V5mcxcc<\/a><\/p>\n<p>\u2014 AG2RLM Pro Cycling Team (@AG2RLMCyclisme) <a href=\"https:\/\/twitter.com\/AG2RLMCyclisme\/status\/1264913272937070592?ref_src=twsrc%5Etfw\">May 25, 2020<\/a><\/p><\/blockquote>\n<p><script async src=\"https:\/\/platform.twitter.com\/widgets.js\" charset=\"utf-8\"><\/script><\/p>\n<p><strong><em>Dicodusport<br \/>\n<a href=\"https:\/\/www.facebook.com\/dicodusport\/\" target=\"_blank\" rel=\"noopener noreferrer\"><img loading=\"lazy\" decoding=\"async\" class=\"alignnone wp-image-2909\" src=\"http:\/\/dicodusport.fr\/blog\/wp-content\/uploads\/2017\/07\/logo-facebook-150x150.png\" alt=\"\" width=\"40\" height=\"40\" \/><\/a><a href=\"https:\/\/twitter.com\/dicodusport\" target=\"_blank\" rel=\"noopener noreferrer\"><img loading=\"lazy\" decoding=\"async\" class=\"alignnone wp-image-2908\" src=\"http:\/\/dicodusport.fr\/blog\/wp-content\/uploads\/2017\/07\/logo-twitter-150x150.png\" alt=\"\" width=\"39\" height=\"39\" \/><\/a><\/em><\/strong><\/p>\n","protected":false},"excerpt":{"rendered":"<p>CYCLISME &#8211; Le Belge Oliver Naesen (29 ans) a prolong\u00e9 son contrat de trois saisons avec la formation AG2R La Mondiale. Le natif d&rsquo;Ostende a rejoint les Terre &#038; Ciel en 2017 et sera une nouvelle fois le leader sur les classiques flandriennes en 2020.<\/p>\n","protected":false},"author":4,"featured_media":67514,"comment_status":"open","ping_status":"closed","sticky":false,"template":"","format":"standard","meta":{"_acf_changed":false,"_daextam_enable_autolinks":"","footnotes":""},"categories":[2307],"tags":[3644,574],"class_list":["post-67511","post","type-post","status-publish","format-standard","has-post-thumbnail","hentry","category-cyclisme","tag-ag2r-la-mondiale","tag-cyclisme"],"acf":[],"yoast_head":"<!-- This site is optimized with the Yoast SEO Premium plugin v26.7 (Yoast SEO v26.7) - https:\/\/yoast.com\/wordpress\/plugins\/seo\/ -->\n<title>Oliver Naesen prolonge avec AG2R La Mondiale<\/title>\n<meta name=\"description\" content=\"CYCLISME - Le Belge Oliver Naesen (29 ans) a prolong\u00e9 son contrat de trois saisons avec la formation savoyarde AG2R La Mondiale.\" \/>\n<meta name=\"robots\" content=\"index, follow, max-snippet:-1, max-image-preview:large, max-video-preview:-1\" \/>\n<link rel=\"canonical\" href=\"https:\/\/dicodusport.fr\/blog\/oliver-naesen-prolonga-avec-ag2r-la-mondiale\/\" \/>\n<meta property=\"og:locale\" content=\"fr_FR\" \/>\n<meta property=\"og:type\" content=\"article\" \/>\n<meta property=\"og:title\" content=\"Oliver Naesen prolonge avec AG2R La Mondiale\" \/>\n<meta property=\"og:description\" content=\"CYCLISME - Le Belge Oliver Naesen (29 ans) a prolong\u00e9 son contrat de trois saisons avec la formation savoyarde AG2R La Mondiale.\" \/>\n<meta property=\"og:url\" content=\"https:\/\/dicodusport.fr\/blog\/oliver-naesen-prolonga-avec-ag2r-la-mondiale\/\" \/>\n<meta property=\"og:site_name\" content=\"Dicodusport\" \/>\n<meta property=\"article:publisher\" content=\"https:\/\/www.facebook.com\/dicodusport\" \/>\n<meta property=\"article:author\" content=\"https:\/\/www.facebook.com\/florent.ostermann\" \/>\n<meta property=\"article:published_time\" content=\"2020-05-25T16:19:55+00:00\" \/>\n<meta property=\"article:modified_time\" content=\"2020-05-26T18:00:10+00:00\" \/>\n<meta property=\"og:image\" content=\"https:\/\/dicodusport.fr\/blog\/wp-content\/uploads\/2020\/05\/Oliver-Naesen-prolonge-avec-AG2R-La-Mondiale.png\" \/>\n\t<meta property=\"og:image:width\" content=\"800\" \/>\n\t<meta property=\"og:image:height\" content=\"445\" \/>\n\t<meta property=\"og:image:type\" content=\"image\/png\" \/>\n<meta name=\"author\" content=\"Flo Ostermann\" \/>\n<meta name=\"twitter:card\" content=\"summary_large_image\" \/>\n<meta name=\"twitter:title\" content=\"Oliver Naesen prolonge avec AG2R La Mondiale\" \/>\n<meta name=\"twitter:creator\" content=\"@https:\/\/twitter.com\/FlOstermann\" \/>\n<meta name=\"twitter:site\" content=\"@dicodusport\" \/>\n<script type=\"application\/ld+json\" class=\"yoast-schema-graph\">{\"@context\":\"https:\/\/schema.org\",\"@graph\":[{\"@type\":\"NewsArticle\",\"@id\":\"https:\/\/dicodusport.fr\/blog\/oliver-naesen-prolonga-avec-ag2r-la-mondiale\/#article\",\"isPartOf\":{\"@id\":\"https:\/\/dicodusport.fr\/blog\/oliver-naesen-prolonga-avec-ag2r-la-mondiale\/\"},\"author\":{\"name\":\"Flo Ostermann\",\"@id\":\"https:\/\/dicodusport.fr\/blog\/#\/schema\/person\/cb02af4c173ce4a653b55e9baf388d4a\"},\"headline\":\"Oliver Naesen prolonge avec AG2R La Mondiale\",\"datePublished\":\"2020-05-25T16:19:55+00:00\",\"dateModified\":\"2020-05-26T18:00:10+00:00\",\"mainEntityOfPage\":{\"@id\":\"https:\/\/dicodusport.fr\/blog\/oliver-naesen-prolonga-avec-ag2r-la-mondiale\/\"},\"wordCount\":346,\"commentCount\":0,\"publisher\":{\"@id\":\"https:\/\/dicodusport.fr\/blog\/#organization\"},\"image\":{\"@id\":\"https:\/\/dicodusport.fr\/blog\/oliver-naesen-prolonga-avec-ag2r-la-mondiale\/#primaryimage\"},\"thumbnailUrl\":\"https:\/\/dicodusport.fr\/blog\/wp-content\/uploads\/2020\/05\/Oliver-Naesen-prolonge-avec-AG2R-La-Mondiale.png\",\"keywords\":[\"AG2R La Mondiale\",\"Cyclisme\"],\"articleSection\":[\"Cyclisme\"],\"inLanguage\":\"fr-FR\",\"potentialAction\":[{\"@type\":\"CommentAction\",\"name\":\"Comment\",\"target\":[\"https:\/\/dicodusport.fr\/blog\/oliver-naesen-prolonga-avec-ag2r-la-mondiale\/#respond\"]}],\"copyrightYear\":\"2020\",\"copyrightHolder\":{\"@id\":\"https:\/\/dicodusport.fr\/blog\/#organization\"}},{\"@type\":\"WebPage\",\"@id\":\"https:\/\/dicodusport.fr\/blog\/oliver-naesen-prolonga-avec-ag2r-la-mondiale\/\",\"url\":\"https:\/\/dicodusport.fr\/blog\/oliver-naesen-prolonga-avec-ag2r-la-mondiale\/\",\"name\":\"Oliver Naesen prolonge avec AG2R La Mondiale\",\"isPartOf\":{\"@id\":\"https:\/\/dicodusport.fr\/blog\/#website\"},\"primaryImageOfPage\":{\"@id\":\"https:\/\/dicodusport.fr\/blog\/oliver-naesen-prolonga-avec-ag2r-la-mondiale\/#primaryimage\"},\"image\":{\"@id\":\"https:\/\/dicodusport.fr\/blog\/oliver-naesen-prolonga-avec-ag2r-la-mondiale\/#primaryimage\"},\"thumbnailUrl\":\"https:\/\/dicodusport.fr\/blog\/wp-content\/uploads\/2020\/05\/Oliver-Naesen-prolonge-avec-AG2R-La-Mondiale.png\",\"datePublished\":\"2020-05-25T16:19:55+00:00\",\"dateModified\":\"2020-05-26T18:00:10+00:00\",\"description\":\"CYCLISME - Le Belge Oliver Naesen (29 ans) a prolong\u00e9 son contrat de trois saisons avec la formation savoyarde AG2R La Mondiale.\",\"breadcrumb\":{\"@id\":\"https:\/\/dicodusport.fr\/blog\/oliver-naesen-prolonga-avec-ag2r-la-mondiale\/#breadcrumb\"},\"inLanguage\":\"fr-FR\",\"potentialAction\":[{\"@type\":\"ReadAction\",\"target\":[\"https:\/\/dicodusport.fr\/blog\/oliver-naesen-prolonga-avec-ag2r-la-mondiale\/\"]}]},{\"@type\":\"ImageObject\",\"inLanguage\":\"fr-FR\",\"@id\":\"https:\/\/dicodusport.fr\/blog\/oliver-naesen-prolonga-avec-ag2r-la-mondiale\/#primaryimage\",\"url\":\"https:\/\/dicodusport.fr\/blog\/wp-content\/uploads\/2020\/05\/Oliver-Naesen-prolonge-avec-AG2R-La-Mondiale.png\",\"contentUrl\":\"https:\/\/dicodusport.fr\/blog\/wp-content\/uploads\/2020\/05\/Oliver-Naesen-prolonge-avec-AG2R-La-Mondiale.png\",\"width\":800,\"height\":445,\"caption\":\"Oliver Naesen prolonge avec AG2R La Mondiale\"},{\"@type\":\"BreadcrumbList\",\"@id\":\"https:\/\/dicodusport.fr\/blog\/oliver-naesen-prolonga-avec-ag2r-la-mondiale\/#breadcrumb\",\"itemListElement\":[{\"@type\":\"ListItem\",\"position\":1,\"name\":\"Accueil\",\"item\":\"https:\/\/dicodusport.fr\/blog\/\"},{\"@type\":\"ListItem\",\"position\":2,\"name\":\"Oliver Naesen prolonge avec AG2R La Mondiale\"}]},{\"@type\":\"WebSite\",\"@id\":\"https:\/\/dicodusport.fr\/blog\/#website\",\"url\":\"https:\/\/dicodusport.fr\/blog\/\",\"name\":\"Dicodusport\",\"description\":\"L&#039;encyclop\u00e9die de l&#039;actualit\u00e9 sportive\",\"publisher\":{\"@id\":\"https:\/\/dicodusport.fr\/blog\/#organization\"},\"potentialAction\":[{\"@type\":\"SearchAction\",\"target\":{\"@type\":\"EntryPoint\",\"urlTemplate\":\"https:\/\/dicodusport.fr\/blog\/?s={search_term_string}\"},\"query-input\":{\"@type\":\"PropertyValueSpecification\",\"valueRequired\":true,\"valueName\":\"search_term_string\"}}],\"inLanguage\":\"fr-FR\"},{\"@type\":\"NewsMediaOrganization\",\"@id\":\"https:\/\/dicodusport.fr\/blog\/#organization\",\"name\":\"Dicodusport\",\"url\":\"https:\/\/dicodusport.fr\/blog\/\",\"logo\":{\"@type\":\"ImageObject\",\"inLanguage\":\"fr-FR\",\"@id\":\"https:\/\/dicodusport.fr\/blog\/#\/schema\/logo\/image\/\",\"url\":\"https:\/\/dicodusport.fr\/blog\/wp-content\/uploads\/2020\/06\/cropped-LOGO-DICODUSPORT-2020-SANS-FOND-SANS-TEXTE.png\",\"contentUrl\":\"https:\/\/dicodusport.fr\/blog\/wp-content\/uploads\/2020\/06\/cropped-LOGO-DICODUSPORT-2020-SANS-FOND-SANS-TEXTE.png\",\"width\":512,\"height\":512,\"caption\":\"Dicodusport\"},\"image\":{\"@id\":\"https:\/\/dicodusport.fr\/blog\/#\/schema\/logo\/image\/\"},\"sameAs\":[\"https:\/\/www.facebook.com\/dicodusport\",\"https:\/\/x.com\/dicodusport\",\"https:\/\/www.instagram.com\/dicodusport\/\",\"https:\/\/www.youtube.com\/channel\/UC7V2KZ5sd3htJivAbA4ZG3w\"],\"description\":\"Dicodusport est l'encyclop\u00e9die de l'actualit\u00e9 sportive.\",\"email\":\"bonjour@dicodusport.fr\",\"legalName\":\"DICODUSPORT\",\"foundingDate\":\"2018-01-14\",\"vatID\":\"FR71834470973\",\"taxID\":\"83447097300043\",\"numberOfEmployees\":{\"@type\":\"QuantitativeValue\",\"minValue\":\"1\",\"maxValue\":\"10\"}},{\"@type\":\"Person\",\"@id\":\"https:\/\/dicodusport.fr\/blog\/#\/schema\/person\/cb02af4c173ce4a653b55e9baf388d4a\",\"name\":\"Flo Ostermann\",\"image\":{\"@type\":\"ImageObject\",\"inLanguage\":\"fr-FR\",\"@id\":\"https:\/\/dicodusport.fr\/blog\/#\/schema\/person\/image\/\",\"url\":\"https:\/\/dicodusport.fr\/blog\/wp-content\/uploads\/2021\/05\/Flo-Ostermann-150x150.jpg\",\"contentUrl\":\"https:\/\/dicodusport.fr\/blog\/wp-content\/uploads\/2021\/05\/Flo-Ostermann-150x150.jpg\",\"caption\":\"Flo Ostermann\"},\"description\":\"Journaliste\/R\u00e9dacteur depuis septembre 2015 - Mes premiers souvenirs dans le sport ? Les envol\u00e9es du Stade Toulousain et les duels Villeneuve-Schumacher et H\u00e4kkinen-Schumacher \u00e0 la fin des ann\u00e9es 90, la Coupe du monde de football en 1998, l\u2019exploit du XV de France face aux All Blacks en 1999, mais aussi Richard C\u0153ur de Lion qui vole sur les montagnes du Tour de France. Bien parti pour devenir professeur d\u2019EPS, les \u00e9v\u00e9nements de la vie (et la flemme d\u2019animer des s\u00e9ances de 3x500 m\u00e8tres toute ma vie) m\u2019ont conduit \u00e0 revoir mes plans. Me voil\u00e0 depuis fin 2017 sur Dicodusport, m\u00e9dia gr\u00e2ce (et pour) lequel je partage ma passion : le sport dans tous ses \u00e9tats. Le tout accompagn\u00e9 par les fous furieux et folles furieuses cit\u00e9s sur cette page !\",\"sameAs\":[\"https:\/\/www.facebook.com\/florent.ostermann\",\"https:\/\/x.com\/https:\/\/twitter.com\/FlOstermann\",\"admin\"],\"url\":\"https:\/\/dicodusport.fr\/blog\/author\/flo\/\"}]}<\/script>\n<!-- \/ Yoast SEO Premium plugin. -->","yoast_head_json":{"title":"Oliver Naesen prolonge avec AG2R La Mondiale","description":"CYCLISME - Le Belge Oliver Naesen (29 ans) a prolong\u00e9 son contrat de trois saisons avec la formation savoyarde AG2R La Mondiale.","robots":{"index":"index","follow":"follow","max-snippet":"max-snippet:-1","max-image-preview":"max-image-preview:large","max-video-preview":"max-video-preview:-1"},"canonical":"https:\/\/dicodusport.fr\/blog\/oliver-naesen-prolonga-avec-ag2r-la-mondiale\/","og_locale":"fr_FR","og_type":"article","og_title":"Oliver Naesen prolonge avec AG2R La Mondiale","og_description":"CYCLISME - Le Belge Oliver Naesen (29 ans) a prolong\u00e9 son contrat de trois saisons avec la formation savoyarde AG2R La Mondiale.","og_url":"https:\/\/dicodusport.fr\/blog\/oliver-naesen-prolonga-avec-ag2r-la-mondiale\/","og_site_name":"Dicodusport","article_publisher":"https:\/\/www.facebook.com\/dicodusport","article_author":"https:\/\/www.facebook.com\/florent.ostermann","article_published_time":"2020-05-25T16:19:55+00:00","article_modified_time":"2020-05-26T18:00:10+00:00","og_image":[{"width":800,"height":445,"url":"https:\/\/dicodusport.fr\/blog\/wp-content\/uploads\/2020\/05\/Oliver-Naesen-prolonge-avec-AG2R-La-Mondiale.png","type":"image\/png"}],"author":"Flo Ostermann","twitter_card":"summary_large_image","twitter_title":"Oliver Naesen prolonge avec AG2R La Mondiale","twitter_creator":"@https:\/\/twitter.com\/FlOstermann","twitter_site":"@dicodusport","schema":{"@context":"https:\/\/schema.org","@graph":[{"@type":"NewsArticle","@id":"https:\/\/dicodusport.fr\/blog\/oliver-naesen-prolonga-avec-ag2r-la-mondiale\/#article","isPartOf":{"@id":"https:\/\/dicodusport.fr\/blog\/oliver-naesen-prolonga-avec-ag2r-la-mondiale\/"},"author":{"name":"Flo Ostermann","@id":"https:\/\/dicodusport.fr\/blog\/#\/schema\/person\/cb02af4c173ce4a653b55e9baf388d4a"},"headline":"Oliver Naesen prolonge avec AG2R La Mondiale","datePublished":"2020-05-25T16:19:55+00:00","dateModified":"2020-05-26T18:00:10+00:00","mainEntityOfPage":{"@id":"https:\/\/dicodusport.fr\/blog\/oliver-naesen-prolonga-avec-ag2r-la-mondiale\/"},"wordCount":346,"commentCount":0,"publisher":{"@id":"https:\/\/dicodusport.fr\/blog\/#organization"},"image":{"@id":"https:\/\/dicodusport.fr\/blog\/oliver-naesen-prolonga-avec-ag2r-la-mondiale\/#primaryimage"},"thumbnailUrl":"https:\/\/dicodusport.fr\/blog\/wp-content\/uploads\/2020\/05\/Oliver-Naesen-prolonge-avec-AG2R-La-Mondiale.png","keywords":["AG2R La Mondiale","Cyclisme"],"articleSection":["Cyclisme"],"inLanguage":"fr-FR","potentialAction":[{"@type":"CommentAction","name":"Comment","target":["https:\/\/dicodusport.fr\/blog\/oliver-naesen-prolonga-avec-ag2r-la-mondiale\/#respond"]}],"copyrightYear":"2020","copyrightHolder":{"@id":"https:\/\/dicodusport.fr\/blog\/#organization"}},{"@type":"WebPage","@id":"https:\/\/dicodusport.fr\/blog\/oliver-naesen-prolonga-avec-ag2r-la-mondiale\/","url":"https:\/\/dicodusport.fr\/blog\/oliver-naesen-prolonga-avec-ag2r-la-mondiale\/","name":"Oliver Naesen prolonge avec AG2R La Mondiale","isPartOf":{"@id":"https:\/\/dicodusport.fr\/blog\/#website"},"primaryImageOfPage":{"@id":"https:\/\/dicodusport.fr\/blog\/oliver-naesen-prolonga-avec-ag2r-la-mondiale\/#primaryimage"},"image":{"@id":"https:\/\/dicodusport.fr\/blog\/oliver-naesen-prolonga-avec-ag2r-la-mondiale\/#primaryimage"},"thumbnailUrl":"https:\/\/dicodusport.fr\/blog\/wp-content\/uploads\/2020\/05\/Oliver-Naesen-prolonge-avec-AG2R-La-Mondiale.png","datePublished":"2020-05-25T16:19:55+00:00","dateModified":"2020-05-26T18:00:10+00:00","description":"CYCLISME - Le Belge Oliver Naesen (29 ans) a prolong\u00e9 son contrat de trois saisons avec la formation savoyarde AG2R La Mondiale.","breadcrumb":{"@id":"https:\/\/dicodusport.fr\/blog\/oliver-naesen-prolonga-avec-ag2r-la-mondiale\/#breadcrumb"},"inLanguage":"fr-FR","potentialAction":[{"@type":"ReadAction","target":["https:\/\/dicodusport.fr\/blog\/oliver-naesen-prolonga-avec-ag2r-la-mondiale\/"]}]},{"@type":"ImageObject","inLanguage":"fr-FR","@id":"https:\/\/dicodusport.fr\/blog\/oliver-naesen-prolonga-avec-ag2r-la-mondiale\/#primaryimage","url":"https:\/\/dicodusport.fr\/blog\/wp-content\/uploads\/2020\/05\/Oliver-Naesen-prolonge-avec-AG2R-La-Mondiale.png","contentUrl":"https:\/\/dicodusport.fr\/blog\/wp-content\/uploads\/2020\/05\/Oliver-Naesen-prolonge-avec-AG2R-La-Mondiale.png","width":800,"height":445,"caption":"Oliver Naesen prolonge avec AG2R La Mondiale"},{"@type":"BreadcrumbList","@id":"https:\/\/dicodusport.fr\/blog\/oliver-naesen-prolonga-avec-ag2r-la-mondiale\/#breadcrumb","itemListElement":[{"@type":"ListItem","position":1,"name":"Accueil","item":"https:\/\/dicodusport.fr\/blog\/"},{"@type":"ListItem","position":2,"name":"Oliver Naesen prolonge avec AG2R La Mondiale"}]},{"@type":"WebSite","@id":"https:\/\/dicodusport.fr\/blog\/#website","url":"https:\/\/dicodusport.fr\/blog\/","name":"Dicodusport","description":"L&#039;encyclop\u00e9die de l&#039;actualit\u00e9 sportive","publisher":{"@id":"https:\/\/dicodusport.fr\/blog\/#organization"},"potentialAction":[{"@type":"SearchAction","target":{"@type":"EntryPoint","urlTemplate":"https:\/\/dicodusport.fr\/blog\/?s={search_term_string}"},"query-input":{"@type":"PropertyValueSpecification","valueRequired":true,"valueName":"search_term_string"}}],"inLanguage":"fr-FR"},{"@type":"NewsMediaOrganization","@id":"https:\/\/dicodusport.fr\/blog\/#organization","name":"Dicodusport","url":"https:\/\/dicodusport.fr\/blog\/","logo":{"@type":"ImageObject","inLanguage":"fr-FR","@id":"https:\/\/dicodusport.fr\/blog\/#\/schema\/logo\/image\/","url":"https:\/\/dicodusport.fr\/blog\/wp-content\/uploads\/2020\/06\/cropped-LOGO-DICODUSPORT-2020-SANS-FOND-SANS-TEXTE.png","contentUrl":"https:\/\/dicodusport.fr\/blog\/wp-content\/uploads\/2020\/06\/cropped-LOGO-DICODUSPORT-2020-SANS-FOND-SANS-TEXTE.png","width":512,"height":512,"caption":"Dicodusport"},"image":{"@id":"https:\/\/dicodusport.fr\/blog\/#\/schema\/logo\/image\/"},"sameAs":["https:\/\/www.facebook.com\/dicodusport","https:\/\/x.com\/dicodusport","https:\/\/www.instagram.com\/dicodusport\/","https:\/\/www.youtube.com\/channel\/UC7V2KZ5sd3htJivAbA4ZG3w"],"description":"Dicodusport est l'encyclop\u00e9die de l'actualit\u00e9 sportive.","email":"bonjour@dicodusport.fr","legalName":"DICODUSPORT","foundingDate":"2018-01-14","vatID":"FR71834470973","taxID":"83447097300043","numberOfEmployees":{"@type":"QuantitativeValue","minValue":"1","maxValue":"10"}},{"@type":"Person","@id":"https:\/\/dicodusport.fr\/blog\/#\/schema\/person\/cb02af4c173ce4a653b55e9baf388d4a","name":"Flo Ostermann","image":{"@type":"ImageObject","inLanguage":"fr-FR","@id":"https:\/\/dicodusport.fr\/blog\/#\/schema\/person\/image\/","url":"https:\/\/dicodusport.fr\/blog\/wp-content\/uploads\/2021\/05\/Flo-Ostermann-150x150.jpg","contentUrl":"https:\/\/dicodusport.fr\/blog\/wp-content\/uploads\/2021\/05\/Flo-Ostermann-150x150.jpg","caption":"Flo Ostermann"},"description":"Journaliste\/R\u00e9dacteur depuis septembre 2015 - Mes premiers souvenirs dans le sport ? Les envol\u00e9es du Stade Toulousain et les duels Villeneuve-Schumacher et H\u00e4kkinen-Schumacher \u00e0 la fin des ann\u00e9es 90, la Coupe du monde de football en 1998, l\u2019exploit du XV de France face aux All Blacks en 1999, mais aussi Richard C\u0153ur de Lion qui vole sur les montagnes du Tour de France. Bien parti pour devenir professeur d\u2019EPS, les \u00e9v\u00e9nements de la vie (et la flemme d\u2019animer des s\u00e9ances de 3x500 m\u00e8tres toute ma vie) m\u2019ont conduit \u00e0 revoir mes plans. Me voil\u00e0 depuis fin 2017 sur Dicodusport, m\u00e9dia gr\u00e2ce (et pour) lequel je partage ma passion : le sport dans tous ses \u00e9tats. Le tout accompagn\u00e9 par les fous furieux et folles furieuses cit\u00e9s sur cette page !","sameAs":["https:\/\/www.facebook.com\/florent.ostermann","https:\/\/x.com\/https:\/\/twitter.com\/FlOstermann","admin"],"url":"https:\/\/dicodusport.fr\/blog\/author\/flo\/"}]}},"_links":{"self":[{"href":"https:\/\/dicodusport.fr\/blog\/wp-json\/wp\/v2\/posts\/67511","targetHints":{"allow":["GET"]}}],"collection":[{"href":"https:\/\/dicodusport.fr\/blog\/wp-json\/wp\/v2\/posts"}],"about":[{"href":"https:\/\/dicodusport.fr\/blog\/wp-json\/wp\/v2\/types\/post"}],"author":[{"embeddable":true,"href":"https:\/\/dicodusport.fr\/blog\/wp-json\/wp\/v2\/users\/4"}],"replies":[{"embeddable":true,"href":"https:\/\/dicodusport.fr\/blog\/wp-json\/wp\/v2\/comments?post=67511"}],"version-history":[{"count":0,"href":"https:\/\/dicodusport.fr\/blog\/wp-json\/wp\/v2\/posts\/67511\/revisions"}],"wp:featuredmedia":[{"embeddable":true,"href":"https:\/\/dicodusport.fr\/blog\/wp-json\/wp\/v2\/media\/67514"}],"wp:attachment":[{"href":"https:\/\/dicodusport.fr\/blog\/wp-json\/wp\/v2\/media?parent=67511"}],"wp:term":[{"taxonomy":"category","embeddable":true,"href":"https:\/\/dicodusport.fr\/blog\/wp-json\/wp\/v2\/categories?post=67511"},{"taxonomy":"post_tag","embeddable":true,"href":"https:\/\/dicodusport.fr\/blog\/wp-json\/wp\/v2\/tags?post=67511"}],"curies":[{"name":"wp","href":"https:\/\/api.w.org\/{rel}","templated":true}]}}