{"id":67515,"date":"2020-05-25T18:51:45","date_gmt":"2020-05-25T16:51:45","guid":{"rendered":"http:\/\/dicodusport.fr\/blog\/?p=67515&#038;preview=true&#038;preview_id=67515"},"modified":"2020-05-27T09:04:02","modified_gmt":"2020-05-27T07:04:02","slug":"basket-ball-euroleague-2019-2020-ne-reprendra-pas","status":"publish","type":"post","link":"https:\/\/dicodusport.fr\/blog\/basket-ball-euroleague-2019-2020-ne-reprendra-pas\/","title":{"rendered":"L&rsquo;Euroligue 2019-2020 ne reprendra pas"},"content":{"rendered":"<p style=\"text-align: justify;\"><em><b>BASKET &#8211; Alors que la rumeur enflait ces derniers jours, la d\u00e9cision a \u00e9t\u00e9 ent\u00e9rin\u00e9e ce lundi. L&rsquo;Euroligue 2019-2020 est termin\u00e9e et il n&rsquo;y aura donc aucun vainqueur.\u00a0<\/b><\/em><\/p>\n<p style=\"text-align: justify;\">Le <strong>CSKA Moscou<\/strong> sera le vainqueur en titre une saison de plus. Les organisateurs de la comp\u00e9tition europ\u00e9enne de basket-ball ont en effet pris la d\u00e9cision de mettre un terme \u00e0 l&rsquo;\u00e9dition 2019-2020, \u00e0 cause de la crise du <a href=\"https:\/\/dicodusport.fr\/blog\/actualites\/coronavirus\/\" target=\"_blank\" rel=\"noopener noreferrer\"><strong>Coronavirus<\/strong><\/a>. <strong>Jordi Batomeu<\/strong>, patron de l&rsquo;<strong>Euroligue<\/strong> s&rsquo;est expliqu\u00e9 dans un communiqu\u00e9.<\/p>\n<blockquote>\n<p style=\"text-align: justify;\">C&rsquo;est sans doute la d\u00e9cision la plus difficile que nous avons d\u00fb prendre en 20 ans d&rsquo;existence. Pour des raisons qui \u00e9chappent \u00e0 notre contr\u00f4le, nous avons \u00e9t\u00e9 contraints d&rsquo;arr\u00eater la comp\u00e9tition la plus passionnante de l&rsquo;histoire du basket europ\u00e9en.<\/p>\n<\/blockquote>\n<blockquote class=\"twitter-tweet\">\n<p dir=\"ltr\" lang=\"en\">Having explored every possible option, the Executive Board has made the decision to cancel the 2019-20 Turkish Airlines EuroLeague and 7DAYS EuroCup, as well as the Euroleague Basketball Adidas Next Generation Tournament and EuroLeague Academy.<a href=\"https:\/\/twitter.com\/hashtag\/EUROLEAGUEUNITED?src=hash&amp;ref_src=twsrc%5Etfw\">#EUROLEAGUEUNITED<\/a><\/p>\n<p>\u2014 Turkish Airlines EuroLeague (&#x1f3e0;) (@EuroLeague) <a href=\"https:\/\/twitter.com\/EuroLeague\/status\/1264877929265352704?ref_src=twsrc%5Etfw\">May 25, 2020<\/a><\/p><\/blockquote>\n<p style=\"text-align: justify;\"><script async src=\"https:\/\/platform.twitter.com\/widgets.js\" charset=\"utf-8\"><\/script><\/p>\n<p style=\"text-align: justify;\"><strong><em>Dicodusport<br \/>\n<a href=\"https:\/\/www.facebook.com\/dicodusport\/\" target=\"_blank\" rel=\"noopener noreferrer\"><img loading=\"lazy\" decoding=\"async\" class=\"alignnone wp-image-2909\" src=\"http:\/\/dicodusport.fr\/blog\/wp-content\/uploads\/2017\/07\/logo-facebook-150x150.png\" alt=\"\" width=\"40\" height=\"40\" \/><\/a><a href=\"https:\/\/twitter.com\/dicodusport\" target=\"_blank\" rel=\"noopener noreferrer\"><img loading=\"lazy\" decoding=\"async\" class=\"alignnone wp-image-2908\" src=\"http:\/\/dicodusport.fr\/blog\/wp-content\/uploads\/2017\/07\/logo-twitter-150x150.png\" alt=\"\" width=\"39\" height=\"39\" \/><\/a><\/em><\/strong><\/p>\n","protected":false},"excerpt":{"rendered":"<p>BASKET &#8211; Alors que la rumeur enflait ces derniers jours, la d\u00e9cision a \u00e9t\u00e9 ent\u00e9rin\u00e9e ce lundi. L&rsquo;Euroligue 2019-2020 est termin\u00e9e et il n&rsquo;y aura donc aucun vainqueur.\u00a0<\/p>\n","protected":false},"author":1,"featured_media":67524,"comment_status":"open","ping_status":"closed","sticky":false,"template":"","format":"standard","meta":{"_acf_changed":false,"_daextam_enable_autolinks":"","footnotes":""},"categories":[2305,10646],"tags":[174,181],"class_list":["post-67515","post","type-post","status-publish","format-standard","has-post-thumbnail","hentry","category-basket-ball","category-coronavirus","tag-basket","tag-euroligue"],"acf":[],"yoast_head":"<!-- This site is optimized with the Yoast SEO Premium plugin v26.7 (Yoast SEO v26.7) - https:\/\/yoast.com\/wordpress\/plugins\/seo\/ -->\n<title>L&#039;Euroligue 2019-2020 ne reprendra pas<\/title>\n<meta name=\"description\" content=\"BASKET - Alors que la rumeur enflait ces derniers jours, la d\u00e9cision a \u00e9t\u00e9 ent\u00e9rin\u00e9e ce lundi. L&#039;Euroligue 2019-2020 est termin\u00e9e et il n&#039;y aura donc aucun vainqueur.\u00a0\" \/>\n<meta name=\"robots\" content=\"index, follow, max-snippet:-1, max-image-preview:large, max-video-preview:-1\" \/>\n<link rel=\"canonical\" href=\"https:\/\/dicodusport.fr\/blog\/basket-ball-euroleague-2019-2020-ne-reprendra-pas\/\" \/>\n<meta property=\"og:locale\" content=\"fr_FR\" \/>\n<meta property=\"og:type\" content=\"article\" \/>\n<meta property=\"og:title\" content=\"L&#039;Euroligue 2019-2020 ne reprendra pas\" \/>\n<meta property=\"og:description\" content=\"BASKET - Alors que la rumeur enflait ces derniers jours, la d\u00e9cision a \u00e9t\u00e9 ent\u00e9rin\u00e9e ce lundi. L&#039;Euroligue 2019-2020 est termin\u00e9e et il n&#039;y aura donc aucun vainqueur.\u00a0\" \/>\n<meta property=\"og:url\" content=\"https:\/\/dicodusport.fr\/blog\/basket-ball-euroleague-2019-2020-ne-reprendra-pas\/\" \/>\n<meta property=\"og:site_name\" content=\"Dicodusport\" \/>\n<meta property=\"article:publisher\" content=\"https:\/\/www.facebook.com\/dicodusport\" \/>\n<meta property=\"article:author\" content=\"https:\/\/www.facebook.com\/dicodusport\" \/>\n<meta property=\"article:published_time\" content=\"2020-05-25T16:51:45+00:00\" \/>\n<meta property=\"article:modified_time\" content=\"2020-05-27T07:04:02+00:00\" \/>\n<meta property=\"og:image\" content=\"https:\/\/dicodusport.fr\/blog\/wp-content\/uploads\/2020\/05\/LEuroligue-2019-2020-ne-reprendra-pas.png\" \/>\n\t<meta property=\"og:image:width\" content=\"800\" \/>\n\t<meta property=\"og:image:height\" content=\"445\" \/>\n\t<meta property=\"og:image:type\" content=\"image\/png\" \/>\n<meta name=\"author\" content=\"Nicolas Jacquemard\" \/>\n<meta name=\"twitter:card\" content=\"summary_large_image\" \/>\n<meta name=\"twitter:title\" content=\"L&#039;Euroligue 2019-2020 ne reprendra pas\" \/>\n<meta name=\"twitter:creator\" content=\"@https:\/\/twitter.com\/Nico_Jacquemard\" \/>\n<meta name=\"twitter:site\" content=\"@dicodusport\" \/>\n<script type=\"application\/ld+json\" class=\"yoast-schema-graph\">{\"@context\":\"https:\/\/schema.org\",\"@graph\":[{\"@type\":\"NewsArticle\",\"@id\":\"https:\/\/dicodusport.fr\/blog\/basket-ball-euroleague-2019-2020-ne-reprendra-pas\/#article\",\"isPartOf\":{\"@id\":\"https:\/\/dicodusport.fr\/blog\/basket-ball-euroleague-2019-2020-ne-reprendra-pas\/\"},\"author\":{\"name\":\"Nicolas Jacquemard\",\"@id\":\"https:\/\/dicodusport.fr\/blog\/#\/schema\/person\/55dcb50ad410894e431ed812bbb70191\"},\"headline\":\"L&rsquo;Euroligue 2019-2020 ne reprendra pas\",\"datePublished\":\"2020-05-25T16:51:45+00:00\",\"dateModified\":\"2020-05-27T07:04:02+00:00\",\"mainEntityOfPage\":{\"@id\":\"https:\/\/dicodusport.fr\/blog\/basket-ball-euroleague-2019-2020-ne-reprendra-pas\/\"},\"wordCount\":186,\"commentCount\":0,\"publisher\":{\"@id\":\"https:\/\/dicodusport.fr\/blog\/#organization\"},\"image\":{\"@id\":\"https:\/\/dicodusport.fr\/blog\/basket-ball-euroleague-2019-2020-ne-reprendra-pas\/#primaryimage\"},\"thumbnailUrl\":\"https:\/\/dicodusport.fr\/blog\/wp-content\/uploads\/2020\/05\/LEuroligue-2019-2020-ne-reprendra-pas.png\",\"keywords\":[\"basket\",\"Euroligue\"],\"articleSection\":[\"Basket-ball\",\"Coronavirus\"],\"inLanguage\":\"fr-FR\",\"potentialAction\":[{\"@type\":\"CommentAction\",\"name\":\"Comment\",\"target\":[\"https:\/\/dicodusport.fr\/blog\/basket-ball-euroleague-2019-2020-ne-reprendra-pas\/#respond\"]}],\"copyrightYear\":\"2020\",\"copyrightHolder\":{\"@id\":\"https:\/\/dicodusport.fr\/blog\/#organization\"}},{\"@type\":\"WebPage\",\"@id\":\"https:\/\/dicodusport.fr\/blog\/basket-ball-euroleague-2019-2020-ne-reprendra-pas\/\",\"url\":\"https:\/\/dicodusport.fr\/blog\/basket-ball-euroleague-2019-2020-ne-reprendra-pas\/\",\"name\":\"L'Euroligue 2019-2020 ne reprendra pas\",\"isPartOf\":{\"@id\":\"https:\/\/dicodusport.fr\/blog\/#website\"},\"primaryImageOfPage\":{\"@id\":\"https:\/\/dicodusport.fr\/blog\/basket-ball-euroleague-2019-2020-ne-reprendra-pas\/#primaryimage\"},\"image\":{\"@id\":\"https:\/\/dicodusport.fr\/blog\/basket-ball-euroleague-2019-2020-ne-reprendra-pas\/#primaryimage\"},\"thumbnailUrl\":\"https:\/\/dicodusport.fr\/blog\/wp-content\/uploads\/2020\/05\/LEuroligue-2019-2020-ne-reprendra-pas.png\",\"datePublished\":\"2020-05-25T16:51:45+00:00\",\"dateModified\":\"2020-05-27T07:04:02+00:00\",\"description\":\"BASKET - Alors que la rumeur enflait ces derniers jours, la d\u00e9cision a \u00e9t\u00e9 ent\u00e9rin\u00e9e ce lundi. L'Euroligue 2019-2020 est termin\u00e9e et il n'y aura donc aucun vainqueur.\u00a0\",\"breadcrumb\":{\"@id\":\"https:\/\/dicodusport.fr\/blog\/basket-ball-euroleague-2019-2020-ne-reprendra-pas\/#breadcrumb\"},\"inLanguage\":\"fr-FR\",\"potentialAction\":[{\"@type\":\"ReadAction\",\"target\":[\"https:\/\/dicodusport.fr\/blog\/basket-ball-euroleague-2019-2020-ne-reprendra-pas\/\"]}]},{\"@type\":\"ImageObject\",\"inLanguage\":\"fr-FR\",\"@id\":\"https:\/\/dicodusport.fr\/blog\/basket-ball-euroleague-2019-2020-ne-reprendra-pas\/#primaryimage\",\"url\":\"https:\/\/dicodusport.fr\/blog\/wp-content\/uploads\/2020\/05\/LEuroligue-2019-2020-ne-reprendra-pas.png\",\"contentUrl\":\"https:\/\/dicodusport.fr\/blog\/wp-content\/uploads\/2020\/05\/LEuroligue-2019-2020-ne-reprendra-pas.png\",\"width\":800,\"height\":445},{\"@type\":\"BreadcrumbList\",\"@id\":\"https:\/\/dicodusport.fr\/blog\/basket-ball-euroleague-2019-2020-ne-reprendra-pas\/#breadcrumb\",\"itemListElement\":[{\"@type\":\"ListItem\",\"position\":1,\"name\":\"Accueil\",\"item\":\"https:\/\/dicodusport.fr\/blog\/\"},{\"@type\":\"ListItem\",\"position\":2,\"name\":\"L&rsquo;Euroligue 2019-2020 ne reprendra pas\"}]},{\"@type\":\"WebSite\",\"@id\":\"https:\/\/dicodusport.fr\/blog\/#website\",\"url\":\"https:\/\/dicodusport.fr\/blog\/\",\"name\":\"Dicodusport\",\"description\":\"L&#039;encyclop\u00e9die de l&#039;actualit\u00e9 sportive\",\"publisher\":{\"@id\":\"https:\/\/dicodusport.fr\/blog\/#organization\"},\"potentialAction\":[{\"@type\":\"SearchAction\",\"target\":{\"@type\":\"EntryPoint\",\"urlTemplate\":\"https:\/\/dicodusport.fr\/blog\/?s={search_term_string}\"},\"query-input\":{\"@type\":\"PropertyValueSpecification\",\"valueRequired\":true,\"valueName\":\"search_term_string\"}}],\"inLanguage\":\"fr-FR\"},{\"@type\":\"NewsMediaOrganization\",\"@id\":\"https:\/\/dicodusport.fr\/blog\/#organization\",\"name\":\"Dicodusport\",\"url\":\"https:\/\/dicodusport.fr\/blog\/\",\"logo\":{\"@type\":\"ImageObject\",\"inLanguage\":\"fr-FR\",\"@id\":\"https:\/\/dicodusport.fr\/blog\/#\/schema\/logo\/image\/\",\"url\":\"https:\/\/dicodusport.fr\/blog\/wp-content\/uploads\/2020\/06\/cropped-LOGO-DICODUSPORT-2020-SANS-FOND-SANS-TEXTE.png\",\"contentUrl\":\"https:\/\/dicodusport.fr\/blog\/wp-content\/uploads\/2020\/06\/cropped-LOGO-DICODUSPORT-2020-SANS-FOND-SANS-TEXTE.png\",\"width\":512,\"height\":512,\"caption\":\"Dicodusport\"},\"image\":{\"@id\":\"https:\/\/dicodusport.fr\/blog\/#\/schema\/logo\/image\/\"},\"sameAs\":[\"https:\/\/www.facebook.com\/dicodusport\",\"https:\/\/x.com\/dicodusport\",\"https:\/\/www.instagram.com\/dicodusport\/\",\"https:\/\/www.youtube.com\/channel\/UC7V2KZ5sd3htJivAbA4ZG3w\"],\"description\":\"Dicodusport est l'encyclop\u00e9die de l'actualit\u00e9 sportive.\",\"email\":\"bonjour@dicodusport.fr\",\"legalName\":\"DICODUSPORT\",\"foundingDate\":\"2018-01-14\",\"vatID\":\"FR71834470973\",\"taxID\":\"83447097300043\",\"numberOfEmployees\":{\"@type\":\"QuantitativeValue\",\"minValue\":\"1\",\"maxValue\":\"10\"}},{\"@type\":\"Person\",\"@id\":\"https:\/\/dicodusport.fr\/blog\/#\/schema\/person\/55dcb50ad410894e431ed812bbb70191\",\"name\":\"Nicolas Jacquemard\",\"image\":{\"@type\":\"ImageObject\",\"inLanguage\":\"fr-FR\",\"@id\":\"https:\/\/dicodusport.fr\/blog\/#\/schema\/person\/image\/\",\"url\":\"https:\/\/dicodusport.fr\/blog\/wp-content\/uploads\/2021\/05\/Nicolas-Jacquemard-150x150.jpeg\",\"contentUrl\":\"https:\/\/dicodusport.fr\/blog\/wp-content\/uploads\/2021\/05\/Nicolas-Jacquemard-150x150.jpeg\",\"caption\":\"Nicolas Jacquemard\"},\"description\":\"Passionn\u00e9 de sport et entrepreneur depuis mes 18 ans, la cr\u00e9ation de Dicodusport m'a sembl\u00e9 \u00e9vidente pour participer \u00e0 la m\u00e9diatisation d'un plus grand nombre de sports. Le chemin est long mais avec une \u00e9quipe des plus motiv\u00e9es et les Jeux Olympiques de Paris 2024 en point de mire, nous y arriverons ! Journaliste dans le monde du sport depuis plus de 5 ans, je traite aussi bien de football, de rugby, de biathlon que de cyclisme.\",\"sameAs\":[\"https:\/\/www.facebook.com\/dicodusport\",\"https:\/\/x.com\/https:\/\/twitter.com\/Nico_Jacquemard\"],\"url\":\"https:\/\/dicodusport.fr\/blog\/author\/dicodusport\/\"}]}<\/script>\n<!-- \/ Yoast SEO Premium plugin. -->","yoast_head_json":{"title":"L'Euroligue 2019-2020 ne reprendra pas","description":"BASKET - Alors que la rumeur enflait ces derniers jours, la d\u00e9cision a \u00e9t\u00e9 ent\u00e9rin\u00e9e ce lundi. L'Euroligue 2019-2020 est termin\u00e9e et il n'y aura donc aucun vainqueur.\u00a0","robots":{"index":"index","follow":"follow","max-snippet":"max-snippet:-1","max-image-preview":"max-image-preview:large","max-video-preview":"max-video-preview:-1"},"canonical":"https:\/\/dicodusport.fr\/blog\/basket-ball-euroleague-2019-2020-ne-reprendra-pas\/","og_locale":"fr_FR","og_type":"article","og_title":"L'Euroligue 2019-2020 ne reprendra pas","og_description":"BASKET - Alors que la rumeur enflait ces derniers jours, la d\u00e9cision a \u00e9t\u00e9 ent\u00e9rin\u00e9e ce lundi. L'Euroligue 2019-2020 est termin\u00e9e et il n'y aura donc aucun vainqueur.\u00a0","og_url":"https:\/\/dicodusport.fr\/blog\/basket-ball-euroleague-2019-2020-ne-reprendra-pas\/","og_site_name":"Dicodusport","article_publisher":"https:\/\/www.facebook.com\/dicodusport","article_author":"https:\/\/www.facebook.com\/dicodusport","article_published_time":"2020-05-25T16:51:45+00:00","article_modified_time":"2020-05-27T07:04:02+00:00","og_image":[{"width":800,"height":445,"url":"https:\/\/dicodusport.fr\/blog\/wp-content\/uploads\/2020\/05\/LEuroligue-2019-2020-ne-reprendra-pas.png","type":"image\/png"}],"author":"Nicolas Jacquemard","twitter_card":"summary_large_image","twitter_title":"L'Euroligue 2019-2020 ne reprendra pas","twitter_creator":"@https:\/\/twitter.com\/Nico_Jacquemard","twitter_site":"@dicodusport","schema":{"@context":"https:\/\/schema.org","@graph":[{"@type":"NewsArticle","@id":"https:\/\/dicodusport.fr\/blog\/basket-ball-euroleague-2019-2020-ne-reprendra-pas\/#article","isPartOf":{"@id":"https:\/\/dicodusport.fr\/blog\/basket-ball-euroleague-2019-2020-ne-reprendra-pas\/"},"author":{"name":"Nicolas Jacquemard","@id":"https:\/\/dicodusport.fr\/blog\/#\/schema\/person\/55dcb50ad410894e431ed812bbb70191"},"headline":"L&rsquo;Euroligue 2019-2020 ne reprendra pas","datePublished":"2020-05-25T16:51:45+00:00","dateModified":"2020-05-27T07:04:02+00:00","mainEntityOfPage":{"@id":"https:\/\/dicodusport.fr\/blog\/basket-ball-euroleague-2019-2020-ne-reprendra-pas\/"},"wordCount":186,"commentCount":0,"publisher":{"@id":"https:\/\/dicodusport.fr\/blog\/#organization"},"image":{"@id":"https:\/\/dicodusport.fr\/blog\/basket-ball-euroleague-2019-2020-ne-reprendra-pas\/#primaryimage"},"thumbnailUrl":"https:\/\/dicodusport.fr\/blog\/wp-content\/uploads\/2020\/05\/LEuroligue-2019-2020-ne-reprendra-pas.png","keywords":["basket","Euroligue"],"articleSection":["Basket-ball","Coronavirus"],"inLanguage":"fr-FR","potentialAction":[{"@type":"CommentAction","name":"Comment","target":["https:\/\/dicodusport.fr\/blog\/basket-ball-euroleague-2019-2020-ne-reprendra-pas\/#respond"]}],"copyrightYear":"2020","copyrightHolder":{"@id":"https:\/\/dicodusport.fr\/blog\/#organization"}},{"@type":"WebPage","@id":"https:\/\/dicodusport.fr\/blog\/basket-ball-euroleague-2019-2020-ne-reprendra-pas\/","url":"https:\/\/dicodusport.fr\/blog\/basket-ball-euroleague-2019-2020-ne-reprendra-pas\/","name":"L'Euroligue 2019-2020 ne reprendra pas","isPartOf":{"@id":"https:\/\/dicodusport.fr\/blog\/#website"},"primaryImageOfPage":{"@id":"https:\/\/dicodusport.fr\/blog\/basket-ball-euroleague-2019-2020-ne-reprendra-pas\/#primaryimage"},"image":{"@id":"https:\/\/dicodusport.fr\/blog\/basket-ball-euroleague-2019-2020-ne-reprendra-pas\/#primaryimage"},"thumbnailUrl":"https:\/\/dicodusport.fr\/blog\/wp-content\/uploads\/2020\/05\/LEuroligue-2019-2020-ne-reprendra-pas.png","datePublished":"2020-05-25T16:51:45+00:00","dateModified":"2020-05-27T07:04:02+00:00","description":"BASKET - Alors que la rumeur enflait ces derniers jours, la d\u00e9cision a \u00e9t\u00e9 ent\u00e9rin\u00e9e ce lundi. L'Euroligue 2019-2020 est termin\u00e9e et il n'y aura donc aucun vainqueur.\u00a0","breadcrumb":{"@id":"https:\/\/dicodusport.fr\/blog\/basket-ball-euroleague-2019-2020-ne-reprendra-pas\/#breadcrumb"},"inLanguage":"fr-FR","potentialAction":[{"@type":"ReadAction","target":["https:\/\/dicodusport.fr\/blog\/basket-ball-euroleague-2019-2020-ne-reprendra-pas\/"]}]},{"@type":"ImageObject","inLanguage":"fr-FR","@id":"https:\/\/dicodusport.fr\/blog\/basket-ball-euroleague-2019-2020-ne-reprendra-pas\/#primaryimage","url":"https:\/\/dicodusport.fr\/blog\/wp-content\/uploads\/2020\/05\/LEuroligue-2019-2020-ne-reprendra-pas.png","contentUrl":"https:\/\/dicodusport.fr\/blog\/wp-content\/uploads\/2020\/05\/LEuroligue-2019-2020-ne-reprendra-pas.png","width":800,"height":445},{"@type":"BreadcrumbList","@id":"https:\/\/dicodusport.fr\/blog\/basket-ball-euroleague-2019-2020-ne-reprendra-pas\/#breadcrumb","itemListElement":[{"@type":"ListItem","position":1,"name":"Accueil","item":"https:\/\/dicodusport.fr\/blog\/"},{"@type":"ListItem","position":2,"name":"L&rsquo;Euroligue 2019-2020 ne reprendra pas"}]},{"@type":"WebSite","@id":"https:\/\/dicodusport.fr\/blog\/#website","url":"https:\/\/dicodusport.fr\/blog\/","name":"Dicodusport","description":"L&#039;encyclop\u00e9die de l&#039;actualit\u00e9 sportive","publisher":{"@id":"https:\/\/dicodusport.fr\/blog\/#organization"},"potentialAction":[{"@type":"SearchAction","target":{"@type":"EntryPoint","urlTemplate":"https:\/\/dicodusport.fr\/blog\/?s={search_term_string}"},"query-input":{"@type":"PropertyValueSpecification","valueRequired":true,"valueName":"search_term_string"}}],"inLanguage":"fr-FR"},{"@type":"NewsMediaOrganization","@id":"https:\/\/dicodusport.fr\/blog\/#organization","name":"Dicodusport","url":"https:\/\/dicodusport.fr\/blog\/","logo":{"@type":"ImageObject","inLanguage":"fr-FR","@id":"https:\/\/dicodusport.fr\/blog\/#\/schema\/logo\/image\/","url":"https:\/\/dicodusport.fr\/blog\/wp-content\/uploads\/2020\/06\/cropped-LOGO-DICODUSPORT-2020-SANS-FOND-SANS-TEXTE.png","contentUrl":"https:\/\/dicodusport.fr\/blog\/wp-content\/uploads\/2020\/06\/cropped-LOGO-DICODUSPORT-2020-SANS-FOND-SANS-TEXTE.png","width":512,"height":512,"caption":"Dicodusport"},"image":{"@id":"https:\/\/dicodusport.fr\/blog\/#\/schema\/logo\/image\/"},"sameAs":["https:\/\/www.facebook.com\/dicodusport","https:\/\/x.com\/dicodusport","https:\/\/www.instagram.com\/dicodusport\/","https:\/\/www.youtube.com\/channel\/UC7V2KZ5sd3htJivAbA4ZG3w"],"description":"Dicodusport est l'encyclop\u00e9die de l'actualit\u00e9 sportive.","email":"bonjour@dicodusport.fr","legalName":"DICODUSPORT","foundingDate":"2018-01-14","vatID":"FR71834470973","taxID":"83447097300043","numberOfEmployees":{"@type":"QuantitativeValue","minValue":"1","maxValue":"10"}},{"@type":"Person","@id":"https:\/\/dicodusport.fr\/blog\/#\/schema\/person\/55dcb50ad410894e431ed812bbb70191","name":"Nicolas Jacquemard","image":{"@type":"ImageObject","inLanguage":"fr-FR","@id":"https:\/\/dicodusport.fr\/blog\/#\/schema\/person\/image\/","url":"https:\/\/dicodusport.fr\/blog\/wp-content\/uploads\/2021\/05\/Nicolas-Jacquemard-150x150.jpeg","contentUrl":"https:\/\/dicodusport.fr\/blog\/wp-content\/uploads\/2021\/05\/Nicolas-Jacquemard-150x150.jpeg","caption":"Nicolas Jacquemard"},"description":"Passionn\u00e9 de sport et entrepreneur depuis mes 18 ans, la cr\u00e9ation de Dicodusport m'a sembl\u00e9 \u00e9vidente pour participer \u00e0 la m\u00e9diatisation d'un plus grand nombre de sports. Le chemin est long mais avec une \u00e9quipe des plus motiv\u00e9es et les Jeux Olympiques de Paris 2024 en point de mire, nous y arriverons ! Journaliste dans le monde du sport depuis plus de 5 ans, je traite aussi bien de football, de rugby, de biathlon que de cyclisme.","sameAs":["https:\/\/www.facebook.com\/dicodusport","https:\/\/x.com\/https:\/\/twitter.com\/Nico_Jacquemard"],"url":"https:\/\/dicodusport.fr\/blog\/author\/dicodusport\/"}]}},"_links":{"self":[{"href":"https:\/\/dicodusport.fr\/blog\/wp-json\/wp\/v2\/posts\/67515","targetHints":{"allow":["GET"]}}],"collection":[{"href":"https:\/\/dicodusport.fr\/blog\/wp-json\/wp\/v2\/posts"}],"about":[{"href":"https:\/\/dicodusport.fr\/blog\/wp-json\/wp\/v2\/types\/post"}],"author":[{"embeddable":true,"href":"https:\/\/dicodusport.fr\/blog\/wp-json\/wp\/v2\/users\/1"}],"replies":[{"embeddable":true,"href":"https:\/\/dicodusport.fr\/blog\/wp-json\/wp\/v2\/comments?post=67515"}],"version-history":[{"count":0,"href":"https:\/\/dicodusport.fr\/blog\/wp-json\/wp\/v2\/posts\/67515\/revisions"}],"wp:featuredmedia":[{"embeddable":true,"href":"https:\/\/dicodusport.fr\/blog\/wp-json\/wp\/v2\/media\/67524"}],"wp:attachment":[{"href":"https:\/\/dicodusport.fr\/blog\/wp-json\/wp\/v2\/media?parent=67515"}],"wp:term":[{"taxonomy":"category","embeddable":true,"href":"https:\/\/dicodusport.fr\/blog\/wp-json\/wp\/v2\/categories?post=67515"},{"taxonomy":"post_tag","embeddable":true,"href":"https:\/\/dicodusport.fr\/blog\/wp-json\/wp\/v2\/tags?post=67515"}],"curies":[{"name":"wp","href":"https:\/\/api.w.org\/{rel}","templated":true}]}}