{"id":67552,"date":"2020-05-26T16:38:16","date_gmt":"2020-05-26T14:38:16","guid":{"rendered":"http:\/\/dicodusport.fr\/blog\/?p=67552&#038;preview=true&#038;preview_id=67552"},"modified":"2020-05-26T20:48:48","modified_gmt":"2020-05-26T18:48:48","slug":"en-2009-rafael-nadal-etait-malade-lors-de-sa-defaite-a-roland-garros-face-a-robin-soderling","status":"publish","type":"post","link":"https:\/\/dicodusport.fr\/blog\/en-2009-rafael-nadal-etait-malade-lors-de-sa-defaite-a-roland-garros-face-a-robin-soderling\/","title":{"rendered":"En 2009, Rafael Nadal \u00e9tait malade lors de sa d\u00e9faite \u00e0 Roland-Garros face \u00e0 Robin S\u00f6derling"},"content":{"rendered":"<p style=\"text-align: justify;\"><em><b>TENNIS &#8211; Mardi apr\u00e8s-midi, Ga\u00ebl Monfils et Jo-Wilfried Tsonga sont revenus sur des grands moments de Roland-Garros. Ils ont notamment \u00e9voqu\u00e9 la d\u00e9faite de Rafael Nadal face \u00e0 Robin Soderling en 2009.\u00a0<\/b><\/em><\/p>\n<p style=\"text-align: justify;\"><strong>Jo-Wilfried Tsonga<\/strong> \u00e9tait l&rsquo;invit\u00e9 de <strong>Ga\u00ebl Monfils<\/strong> sur Twitch ce mardi. Le Manceau a confirm\u00e9 que <strong>Rafael Nadal<\/strong> n&rsquo;admettra jamais que lors du huiti\u00e8me de finale perdu face au Su\u00e9dois <strong>Robin S\u00f6derling<\/strong> en 2009, l&rsquo;Espagnol \u00e9tait tr\u00e8s loin d&rsquo;\u00eatre \u00e0 100%, diminu\u00e9 par une grosse angine. Si cela n&rsquo;enl\u00e8ve rien \u00e0 la performance de son adversaire, cela explique un peu cette anomalie de 2019. <strong>Nadal<\/strong>, alors quadruple tenant du titre, avait laiss\u00e9 filer un troph\u00e9e qu&rsquo;il n&rsquo;a pas remport\u00e9 que trois fois depuis 2005. En 2009 donc et la victoire finale de <strong>Roger Federer<\/strong> sur <strong>Robin S\u00f6derling<\/strong>, son bourreau, puis en 2015 apr\u00e8s une large d\u00e9faite contre <strong>Novak Djokovic<\/strong> et enfin en 2016, apr\u00e8s avoir d\u00e9clar\u00e9 forfait au 3\u00e8me tour.<\/p>\n<p style=\"text-align: justify;\"><strong>Ga\u00ebl Monfils<\/strong> et <strong>Jo-Wilfried Tsonga<\/strong> ont aussi insist\u00e9 sur les qualit\u00e9s physiques et d&rsquo;endurance de <strong>Rafael Nadal<\/strong>. Ces derni\u00e8res sont bien sup\u00e9rieures \u00e0 la moyenne. Les deux Fran\u00e7ais militent m\u00eame pour qu&rsquo;au moins une tribune du court central de Roland-Garros porte son nom, une fois l&rsquo;Espagnol \u00e0 la retraite.<\/p>\n<p><iframe style=\"width: 100%; height: 400px;\" src=\"https:\/\/clips.twitch.tv\/embed?clip=SnappyToughChowderKippa&amp;parent=www.example.com\"><\/iframe><\/p>\n<p style=\"text-align: justify;\"><strong><em>Dicodusport<br \/>\n<a href=\"https:\/\/www.facebook.com\/dicodusport\/\" target=\"_blank\" rel=\"noopener noreferrer\"><img loading=\"lazy\" decoding=\"async\" class=\"alignnone wp-image-2909\" src=\"http:\/\/dicodusport.fr\/blog\/wp-content\/uploads\/2017\/07\/logo-facebook-150x150.png\" alt=\"\" width=\"40\" height=\"40\" \/><\/a><a href=\"https:\/\/twitter.com\/dicodusport\" target=\"_blank\" rel=\"noopener noreferrer\"><img loading=\"lazy\" decoding=\"async\" class=\"alignnone wp-image-2908\" src=\"http:\/\/dicodusport.fr\/blog\/wp-content\/uploads\/2017\/07\/logo-twitter-150x150.png\" alt=\"\" width=\"39\" height=\"39\" \/><\/a><\/em><\/strong><\/p>\n","protected":false},"excerpt":{"rendered":"<p>TENNIS &#8211; Mardi apr\u00e8s-midi, Ga\u00ebl Monfils et Jo-Wilfried Tsonga sont revenus sur des grands moments de Roland-Garros. Ils ont notamment \u00e9voqu\u00e9 la d\u00e9faite de Rafael Nadal face \u00e0 Robin Soderling en 2009.\u00a0<\/p>\n","protected":false},"author":1,"featured_media":67577,"comment_status":"open","ping_status":"closed","sticky":false,"template":"","format":"standard","meta":{"_acf_changed":false,"_daextam_enable_autolinks":"","footnotes":""},"categories":[2302],"tags":[2804,2543,3223,159,136],"class_list":["post-67552","post","type-post","status-publish","format-standard","has-post-thumbnail","hentry","category-tennis","tag-gael-monfils","tag-jo-wilfried-tsonga","tag-rafael-nadal","tag-roland-garros","tag-tennis"],"acf":[],"yoast_head":"<!-- This site is optimized with the Yoast SEO Premium plugin v26.7 (Yoast SEO v26.7) - https:\/\/yoast.com\/wordpress\/plugins\/seo\/ -->\n<title>En 2009, Rafael Nadal \u00e9tait malade lors de sa d\u00e9faite \u00e0 Roland-Garros face \u00e0 Robin S\u00f6derling<\/title>\n<meta name=\"description\" content=\"TENNIS - Mardi apr\u00e8s-midi, Ga\u00ebl Monfils et Jo-Wilfried Tsonga sont revenus sur des grands moments de Roland-Garros. Ils ont notamment \u00e9voqu\u00e9 la d\u00e9faite de Rafael Nadal face \u00e0 Robin Soderling en 2009.\u00a0\" \/>\n<meta name=\"robots\" content=\"index, follow, max-snippet:-1, max-image-preview:large, max-video-preview:-1\" \/>\n<link rel=\"canonical\" href=\"https:\/\/dicodusport.fr\/blog\/en-2009-rafael-nadal-etait-malade-lors-de-sa-defaite-a-roland-garros-face-a-robin-soderling\/\" \/>\n<meta property=\"og:locale\" content=\"fr_FR\" \/>\n<meta property=\"og:type\" content=\"article\" \/>\n<meta property=\"og:title\" content=\"En 2009, Nadal \u00e9tait malade lors de sa d\u00e9faite \u00e0 Roland-Garros face \u00e0 S\u00f6derling\" \/>\n<meta property=\"og:description\" content=\"TENNIS - Mardi apr\u00e8s-midi, Ga\u00ebl Monfils et Jo-Wilfried Tsonga sont revenus sur des grands moments de Roland-Garros. Ils ont notamment \u00e9voqu\u00e9 la d\u00e9faite de Rafael Nadal face \u00e0 Robin Soderling en 2009.\u00a0\" \/>\n<meta property=\"og:url\" content=\"https:\/\/dicodusport.fr\/blog\/en-2009-rafael-nadal-etait-malade-lors-de-sa-defaite-a-roland-garros-face-a-robin-soderling\/\" \/>\n<meta property=\"og:site_name\" content=\"Dicodusport\" \/>\n<meta property=\"article:publisher\" content=\"https:\/\/www.facebook.com\/dicodusport\" \/>\n<meta property=\"article:author\" content=\"https:\/\/www.facebook.com\/dicodusport\" \/>\n<meta property=\"article:published_time\" content=\"2020-05-26T14:38:16+00:00\" \/>\n<meta property=\"article:modified_time\" content=\"2020-05-26T18:48:48+00:00\" \/>\n<meta property=\"og:image\" content=\"https:\/\/dicodusport.fr\/blog\/wp-content\/uploads\/2020\/05\/En-2009-Rafael-Nadal-\u00e9tait-malade-lors-de-sa-d\u00e9faite-\u00e0-Roland-Garros-face-\u00e0-Robin-Soderling.png\" \/>\n\t<meta property=\"og:image:width\" content=\"800\" \/>\n\t<meta property=\"og:image:height\" content=\"445\" \/>\n\t<meta property=\"og:image:type\" content=\"image\/png\" \/>\n<meta name=\"author\" content=\"Nicolas Jacquemard\" \/>\n<meta name=\"twitter:card\" content=\"summary_large_image\" \/>\n<meta name=\"twitter:title\" content=\"En 2009, Nadal \u00e9tait malade lors de sa d\u00e9faite \u00e0 Roland-Garros face \u00e0 S\u00f6derling\" \/>\n<meta name=\"twitter:creator\" content=\"@https:\/\/twitter.com\/Nico_Jacquemard\" \/>\n<meta name=\"twitter:site\" content=\"@dicodusport\" \/>\n<script type=\"application\/ld+json\" class=\"yoast-schema-graph\">{\"@context\":\"https:\/\/schema.org\",\"@graph\":[{\"@type\":\"NewsArticle\",\"@id\":\"https:\/\/dicodusport.fr\/blog\/en-2009-rafael-nadal-etait-malade-lors-de-sa-defaite-a-roland-garros-face-a-robin-soderling\/#article\",\"isPartOf\":{\"@id\":\"https:\/\/dicodusport.fr\/blog\/en-2009-rafael-nadal-etait-malade-lors-de-sa-defaite-a-roland-garros-face-a-robin-soderling\/\"},\"author\":{\"name\":\"Nicolas Jacquemard\",\"@id\":\"https:\/\/dicodusport.fr\/blog\/#\/schema\/person\/55dcb50ad410894e431ed812bbb70191\"},\"headline\":\"En 2009, Rafael Nadal \u00e9tait malade lors de sa d\u00e9faite \u00e0 Roland-Garros face \u00e0 Robin S\u00f6derling\",\"datePublished\":\"2020-05-26T14:38:16+00:00\",\"dateModified\":\"2020-05-26T18:48:48+00:00\",\"mainEntityOfPage\":{\"@id\":\"https:\/\/dicodusport.fr\/blog\/en-2009-rafael-nadal-etait-malade-lors-de-sa-defaite-a-roland-garros-face-a-robin-soderling\/\"},\"wordCount\":235,\"commentCount\":0,\"publisher\":{\"@id\":\"https:\/\/dicodusport.fr\/blog\/#organization\"},\"image\":{\"@id\":\"https:\/\/dicodusport.fr\/blog\/en-2009-rafael-nadal-etait-malade-lors-de-sa-defaite-a-roland-garros-face-a-robin-soderling\/#primaryimage\"},\"thumbnailUrl\":\"https:\/\/dicodusport.fr\/blog\/wp-content\/uploads\/2020\/05\/En-2009-Rafael-Nadal-\u00e9tait-malade-lors-de-sa-d\u00e9faite-\u00e0-Roland-Garros-face-\u00e0-Robin-Soderling.png\",\"keywords\":[\"Ga\u00ebl Monfils\",\"Jo-Wilfried Tsonga\",\"Rafael Nadal\",\"Roland-Garros\",\"Tennis\"],\"articleSection\":[\"Tennis\"],\"inLanguage\":\"fr-FR\",\"potentialAction\":[{\"@type\":\"CommentAction\",\"name\":\"Comment\",\"target\":[\"https:\/\/dicodusport.fr\/blog\/en-2009-rafael-nadal-etait-malade-lors-de-sa-defaite-a-roland-garros-face-a-robin-soderling\/#respond\"]}],\"copyrightYear\":\"2020\",\"copyrightHolder\":{\"@id\":\"https:\/\/dicodusport.fr\/blog\/#organization\"}},{\"@type\":\"WebPage\",\"@id\":\"https:\/\/dicodusport.fr\/blog\/en-2009-rafael-nadal-etait-malade-lors-de-sa-defaite-a-roland-garros-face-a-robin-soderling\/\",\"url\":\"https:\/\/dicodusport.fr\/blog\/en-2009-rafael-nadal-etait-malade-lors-de-sa-defaite-a-roland-garros-face-a-robin-soderling\/\",\"name\":\"En 2009, Rafael Nadal \u00e9tait malade lors de sa d\u00e9faite \u00e0 Roland-Garros face \u00e0 Robin S\u00f6derling\",\"isPartOf\":{\"@id\":\"https:\/\/dicodusport.fr\/blog\/#website\"},\"primaryImageOfPage\":{\"@id\":\"https:\/\/dicodusport.fr\/blog\/en-2009-rafael-nadal-etait-malade-lors-de-sa-defaite-a-roland-garros-face-a-robin-soderling\/#primaryimage\"},\"image\":{\"@id\":\"https:\/\/dicodusport.fr\/blog\/en-2009-rafael-nadal-etait-malade-lors-de-sa-defaite-a-roland-garros-face-a-robin-soderling\/#primaryimage\"},\"thumbnailUrl\":\"https:\/\/dicodusport.fr\/blog\/wp-content\/uploads\/2020\/05\/En-2009-Rafael-Nadal-\u00e9tait-malade-lors-de-sa-d\u00e9faite-\u00e0-Roland-Garros-face-\u00e0-Robin-Soderling.png\",\"datePublished\":\"2020-05-26T14:38:16+00:00\",\"dateModified\":\"2020-05-26T18:48:48+00:00\",\"description\":\"TENNIS - Mardi apr\u00e8s-midi, Ga\u00ebl Monfils et Jo-Wilfried Tsonga sont revenus sur des grands moments de Roland-Garros. Ils ont notamment \u00e9voqu\u00e9 la d\u00e9faite de Rafael Nadal face \u00e0 Robin Soderling en 2009.\u00a0\",\"breadcrumb\":{\"@id\":\"https:\/\/dicodusport.fr\/blog\/en-2009-rafael-nadal-etait-malade-lors-de-sa-defaite-a-roland-garros-face-a-robin-soderling\/#breadcrumb\"},\"inLanguage\":\"fr-FR\",\"potentialAction\":[{\"@type\":\"ReadAction\",\"target\":[\"https:\/\/dicodusport.fr\/blog\/en-2009-rafael-nadal-etait-malade-lors-de-sa-defaite-a-roland-garros-face-a-robin-soderling\/\"]}]},{\"@type\":\"ImageObject\",\"inLanguage\":\"fr-FR\",\"@id\":\"https:\/\/dicodusport.fr\/blog\/en-2009-rafael-nadal-etait-malade-lors-de-sa-defaite-a-roland-garros-face-a-robin-soderling\/#primaryimage\",\"url\":\"https:\/\/dicodusport.fr\/blog\/wp-content\/uploads\/2020\/05\/En-2009-Rafael-Nadal-\u00e9tait-malade-lors-de-sa-d\u00e9faite-\u00e0-Roland-Garros-face-\u00e0-Robin-Soderling.png\",\"contentUrl\":\"https:\/\/dicodusport.fr\/blog\/wp-content\/uploads\/2020\/05\/En-2009-Rafael-Nadal-\u00e9tait-malade-lors-de-sa-d\u00e9faite-\u00e0-Roland-Garros-face-\u00e0-Robin-Soderling.png\",\"width\":800,\"height\":445,\"caption\":\"En 2009, Rafael Nadal \u00e9tait malade lors de sa d\u00e9faite \u00e0 Roland-Garros face \u00e0 Robin S\u00f6derling\"},{\"@type\":\"BreadcrumbList\",\"@id\":\"https:\/\/dicodusport.fr\/blog\/en-2009-rafael-nadal-etait-malade-lors-de-sa-defaite-a-roland-garros-face-a-robin-soderling\/#breadcrumb\",\"itemListElement\":[{\"@type\":\"ListItem\",\"position\":1,\"name\":\"Accueil\",\"item\":\"https:\/\/dicodusport.fr\/blog\/\"},{\"@type\":\"ListItem\",\"position\":2,\"name\":\"En 2009, Rafael Nadal \u00e9tait malade lors de sa d\u00e9faite \u00e0 Roland-Garros face \u00e0 Robin S\u00f6derling\"}]},{\"@type\":\"WebSite\",\"@id\":\"https:\/\/dicodusport.fr\/blog\/#website\",\"url\":\"https:\/\/dicodusport.fr\/blog\/\",\"name\":\"Dicodusport\",\"description\":\"L&#039;encyclop\u00e9die de l&#039;actualit\u00e9 sportive\",\"publisher\":{\"@id\":\"https:\/\/dicodusport.fr\/blog\/#organization\"},\"potentialAction\":[{\"@type\":\"SearchAction\",\"target\":{\"@type\":\"EntryPoint\",\"urlTemplate\":\"https:\/\/dicodusport.fr\/blog\/?s={search_term_string}\"},\"query-input\":{\"@type\":\"PropertyValueSpecification\",\"valueRequired\":true,\"valueName\":\"search_term_string\"}}],\"inLanguage\":\"fr-FR\"},{\"@type\":\"NewsMediaOrganization\",\"@id\":\"https:\/\/dicodusport.fr\/blog\/#organization\",\"name\":\"Dicodusport\",\"url\":\"https:\/\/dicodusport.fr\/blog\/\",\"logo\":{\"@type\":\"ImageObject\",\"inLanguage\":\"fr-FR\",\"@id\":\"https:\/\/dicodusport.fr\/blog\/#\/schema\/logo\/image\/\",\"url\":\"https:\/\/dicodusport.fr\/blog\/wp-content\/uploads\/2020\/06\/cropped-LOGO-DICODUSPORT-2020-SANS-FOND-SANS-TEXTE.png\",\"contentUrl\":\"https:\/\/dicodusport.fr\/blog\/wp-content\/uploads\/2020\/06\/cropped-LOGO-DICODUSPORT-2020-SANS-FOND-SANS-TEXTE.png\",\"width\":512,\"height\":512,\"caption\":\"Dicodusport\"},\"image\":{\"@id\":\"https:\/\/dicodusport.fr\/blog\/#\/schema\/logo\/image\/\"},\"sameAs\":[\"https:\/\/www.facebook.com\/dicodusport\",\"https:\/\/x.com\/dicodusport\",\"https:\/\/www.instagram.com\/dicodusport\/\",\"https:\/\/www.youtube.com\/channel\/UC7V2KZ5sd3htJivAbA4ZG3w\"],\"description\":\"Dicodusport est l'encyclop\u00e9die de l'actualit\u00e9 sportive.\",\"email\":\"bonjour@dicodusport.fr\",\"legalName\":\"DICODUSPORT\",\"foundingDate\":\"2018-01-14\",\"vatID\":\"FR71834470973\",\"taxID\":\"83447097300043\",\"numberOfEmployees\":{\"@type\":\"QuantitativeValue\",\"minValue\":\"1\",\"maxValue\":\"10\"}},{\"@type\":\"Person\",\"@id\":\"https:\/\/dicodusport.fr\/blog\/#\/schema\/person\/55dcb50ad410894e431ed812bbb70191\",\"name\":\"Nicolas Jacquemard\",\"image\":{\"@type\":\"ImageObject\",\"inLanguage\":\"fr-FR\",\"@id\":\"https:\/\/dicodusport.fr\/blog\/#\/schema\/person\/image\/\",\"url\":\"https:\/\/dicodusport.fr\/blog\/wp-content\/uploads\/2021\/05\/Nicolas-Jacquemard-150x150.jpeg\",\"contentUrl\":\"https:\/\/dicodusport.fr\/blog\/wp-content\/uploads\/2021\/05\/Nicolas-Jacquemard-150x150.jpeg\",\"caption\":\"Nicolas Jacquemard\"},\"description\":\"Passionn\u00e9 de sport et entrepreneur depuis mes 18 ans, la cr\u00e9ation de Dicodusport m'a sembl\u00e9 \u00e9vidente pour participer \u00e0 la m\u00e9diatisation d'un plus grand nombre de sports. Le chemin est long mais avec une \u00e9quipe des plus motiv\u00e9es et les Jeux Olympiques de Paris 2024 en point de mire, nous y arriverons ! Journaliste dans le monde du sport depuis plus de 5 ans, je traite aussi bien de football, de rugby, de biathlon que de cyclisme.\",\"sameAs\":[\"https:\/\/www.facebook.com\/dicodusport\",\"https:\/\/x.com\/https:\/\/twitter.com\/Nico_Jacquemard\"],\"url\":\"https:\/\/dicodusport.fr\/blog\/author\/dicodusport\/\"}]}<\/script>\n<!-- \/ Yoast SEO Premium plugin. -->","yoast_head_json":{"title":"En 2009, Rafael Nadal \u00e9tait malade lors de sa d\u00e9faite \u00e0 Roland-Garros face \u00e0 Robin S\u00f6derling","description":"TENNIS - Mardi apr\u00e8s-midi, Ga\u00ebl Monfils et Jo-Wilfried Tsonga sont revenus sur des grands moments de Roland-Garros. Ils ont notamment \u00e9voqu\u00e9 la d\u00e9faite de Rafael Nadal face \u00e0 Robin Soderling en 2009.\u00a0","robots":{"index":"index","follow":"follow","max-snippet":"max-snippet:-1","max-image-preview":"max-image-preview:large","max-video-preview":"max-video-preview:-1"},"canonical":"https:\/\/dicodusport.fr\/blog\/en-2009-rafael-nadal-etait-malade-lors-de-sa-defaite-a-roland-garros-face-a-robin-soderling\/","og_locale":"fr_FR","og_type":"article","og_title":"En 2009, Nadal \u00e9tait malade lors de sa d\u00e9faite \u00e0 Roland-Garros face \u00e0 S\u00f6derling","og_description":"TENNIS - Mardi apr\u00e8s-midi, Ga\u00ebl Monfils et Jo-Wilfried Tsonga sont revenus sur des grands moments de Roland-Garros. Ils ont notamment \u00e9voqu\u00e9 la d\u00e9faite de Rafael Nadal face \u00e0 Robin Soderling en 2009.\u00a0","og_url":"https:\/\/dicodusport.fr\/blog\/en-2009-rafael-nadal-etait-malade-lors-de-sa-defaite-a-roland-garros-face-a-robin-soderling\/","og_site_name":"Dicodusport","article_publisher":"https:\/\/www.facebook.com\/dicodusport","article_author":"https:\/\/www.facebook.com\/dicodusport","article_published_time":"2020-05-26T14:38:16+00:00","article_modified_time":"2020-05-26T18:48:48+00:00","og_image":[{"width":800,"height":445,"url":"https:\/\/dicodusport.fr\/blog\/wp-content\/uploads\/2020\/05\/En-2009-Rafael-Nadal-\u00e9tait-malade-lors-de-sa-d\u00e9faite-\u00e0-Roland-Garros-face-\u00e0-Robin-Soderling.png","type":"image\/png"}],"author":"Nicolas Jacquemard","twitter_card":"summary_large_image","twitter_title":"En 2009, Nadal \u00e9tait malade lors de sa d\u00e9faite \u00e0 Roland-Garros face \u00e0 S\u00f6derling","twitter_creator":"@https:\/\/twitter.com\/Nico_Jacquemard","twitter_site":"@dicodusport","schema":{"@context":"https:\/\/schema.org","@graph":[{"@type":"NewsArticle","@id":"https:\/\/dicodusport.fr\/blog\/en-2009-rafael-nadal-etait-malade-lors-de-sa-defaite-a-roland-garros-face-a-robin-soderling\/#article","isPartOf":{"@id":"https:\/\/dicodusport.fr\/blog\/en-2009-rafael-nadal-etait-malade-lors-de-sa-defaite-a-roland-garros-face-a-robin-soderling\/"},"author":{"name":"Nicolas Jacquemard","@id":"https:\/\/dicodusport.fr\/blog\/#\/schema\/person\/55dcb50ad410894e431ed812bbb70191"},"headline":"En 2009, Rafael Nadal \u00e9tait malade lors de sa d\u00e9faite \u00e0 Roland-Garros face \u00e0 Robin S\u00f6derling","datePublished":"2020-05-26T14:38:16+00:00","dateModified":"2020-05-26T18:48:48+00:00","mainEntityOfPage":{"@id":"https:\/\/dicodusport.fr\/blog\/en-2009-rafael-nadal-etait-malade-lors-de-sa-defaite-a-roland-garros-face-a-robin-soderling\/"},"wordCount":235,"commentCount":0,"publisher":{"@id":"https:\/\/dicodusport.fr\/blog\/#organization"},"image":{"@id":"https:\/\/dicodusport.fr\/blog\/en-2009-rafael-nadal-etait-malade-lors-de-sa-defaite-a-roland-garros-face-a-robin-soderling\/#primaryimage"},"thumbnailUrl":"https:\/\/dicodusport.fr\/blog\/wp-content\/uploads\/2020\/05\/En-2009-Rafael-Nadal-\u00e9tait-malade-lors-de-sa-d\u00e9faite-\u00e0-Roland-Garros-face-\u00e0-Robin-Soderling.png","keywords":["Ga\u00ebl Monfils","Jo-Wilfried Tsonga","Rafael Nadal","Roland-Garros","Tennis"],"articleSection":["Tennis"],"inLanguage":"fr-FR","potentialAction":[{"@type":"CommentAction","name":"Comment","target":["https:\/\/dicodusport.fr\/blog\/en-2009-rafael-nadal-etait-malade-lors-de-sa-defaite-a-roland-garros-face-a-robin-soderling\/#respond"]}],"copyrightYear":"2020","copyrightHolder":{"@id":"https:\/\/dicodusport.fr\/blog\/#organization"}},{"@type":"WebPage","@id":"https:\/\/dicodusport.fr\/blog\/en-2009-rafael-nadal-etait-malade-lors-de-sa-defaite-a-roland-garros-face-a-robin-soderling\/","url":"https:\/\/dicodusport.fr\/blog\/en-2009-rafael-nadal-etait-malade-lors-de-sa-defaite-a-roland-garros-face-a-robin-soderling\/","name":"En 2009, Rafael Nadal \u00e9tait malade lors de sa d\u00e9faite \u00e0 Roland-Garros face \u00e0 Robin S\u00f6derling","isPartOf":{"@id":"https:\/\/dicodusport.fr\/blog\/#website"},"primaryImageOfPage":{"@id":"https:\/\/dicodusport.fr\/blog\/en-2009-rafael-nadal-etait-malade-lors-de-sa-defaite-a-roland-garros-face-a-robin-soderling\/#primaryimage"},"image":{"@id":"https:\/\/dicodusport.fr\/blog\/en-2009-rafael-nadal-etait-malade-lors-de-sa-defaite-a-roland-garros-face-a-robin-soderling\/#primaryimage"},"thumbnailUrl":"https:\/\/dicodusport.fr\/blog\/wp-content\/uploads\/2020\/05\/En-2009-Rafael-Nadal-\u00e9tait-malade-lors-de-sa-d\u00e9faite-\u00e0-Roland-Garros-face-\u00e0-Robin-Soderling.png","datePublished":"2020-05-26T14:38:16+00:00","dateModified":"2020-05-26T18:48:48+00:00","description":"TENNIS - Mardi apr\u00e8s-midi, Ga\u00ebl Monfils et Jo-Wilfried Tsonga sont revenus sur des grands moments de Roland-Garros. Ils ont notamment \u00e9voqu\u00e9 la d\u00e9faite de Rafael Nadal face \u00e0 Robin Soderling en 2009.\u00a0","breadcrumb":{"@id":"https:\/\/dicodusport.fr\/blog\/en-2009-rafael-nadal-etait-malade-lors-de-sa-defaite-a-roland-garros-face-a-robin-soderling\/#breadcrumb"},"inLanguage":"fr-FR","potentialAction":[{"@type":"ReadAction","target":["https:\/\/dicodusport.fr\/blog\/en-2009-rafael-nadal-etait-malade-lors-de-sa-defaite-a-roland-garros-face-a-robin-soderling\/"]}]},{"@type":"ImageObject","inLanguage":"fr-FR","@id":"https:\/\/dicodusport.fr\/blog\/en-2009-rafael-nadal-etait-malade-lors-de-sa-defaite-a-roland-garros-face-a-robin-soderling\/#primaryimage","url":"https:\/\/dicodusport.fr\/blog\/wp-content\/uploads\/2020\/05\/En-2009-Rafael-Nadal-\u00e9tait-malade-lors-de-sa-d\u00e9faite-\u00e0-Roland-Garros-face-\u00e0-Robin-Soderling.png","contentUrl":"https:\/\/dicodusport.fr\/blog\/wp-content\/uploads\/2020\/05\/En-2009-Rafael-Nadal-\u00e9tait-malade-lors-de-sa-d\u00e9faite-\u00e0-Roland-Garros-face-\u00e0-Robin-Soderling.png","width":800,"height":445,"caption":"En 2009, Rafael Nadal \u00e9tait malade lors de sa d\u00e9faite \u00e0 Roland-Garros face \u00e0 Robin S\u00f6derling"},{"@type":"BreadcrumbList","@id":"https:\/\/dicodusport.fr\/blog\/en-2009-rafael-nadal-etait-malade-lors-de-sa-defaite-a-roland-garros-face-a-robin-soderling\/#breadcrumb","itemListElement":[{"@type":"ListItem","position":1,"name":"Accueil","item":"https:\/\/dicodusport.fr\/blog\/"},{"@type":"ListItem","position":2,"name":"En 2009, Rafael Nadal \u00e9tait malade lors de sa d\u00e9faite \u00e0 Roland-Garros face \u00e0 Robin S\u00f6derling"}]},{"@type":"WebSite","@id":"https:\/\/dicodusport.fr\/blog\/#website","url":"https:\/\/dicodusport.fr\/blog\/","name":"Dicodusport","description":"L&#039;encyclop\u00e9die de l&#039;actualit\u00e9 sportive","publisher":{"@id":"https:\/\/dicodusport.fr\/blog\/#organization"},"potentialAction":[{"@type":"SearchAction","target":{"@type":"EntryPoint","urlTemplate":"https:\/\/dicodusport.fr\/blog\/?s={search_term_string}"},"query-input":{"@type":"PropertyValueSpecification","valueRequired":true,"valueName":"search_term_string"}}],"inLanguage":"fr-FR"},{"@type":"NewsMediaOrganization","@id":"https:\/\/dicodusport.fr\/blog\/#organization","name":"Dicodusport","url":"https:\/\/dicodusport.fr\/blog\/","logo":{"@type":"ImageObject","inLanguage":"fr-FR","@id":"https:\/\/dicodusport.fr\/blog\/#\/schema\/logo\/image\/","url":"https:\/\/dicodusport.fr\/blog\/wp-content\/uploads\/2020\/06\/cropped-LOGO-DICODUSPORT-2020-SANS-FOND-SANS-TEXTE.png","contentUrl":"https:\/\/dicodusport.fr\/blog\/wp-content\/uploads\/2020\/06\/cropped-LOGO-DICODUSPORT-2020-SANS-FOND-SANS-TEXTE.png","width":512,"height":512,"caption":"Dicodusport"},"image":{"@id":"https:\/\/dicodusport.fr\/blog\/#\/schema\/logo\/image\/"},"sameAs":["https:\/\/www.facebook.com\/dicodusport","https:\/\/x.com\/dicodusport","https:\/\/www.instagram.com\/dicodusport\/","https:\/\/www.youtube.com\/channel\/UC7V2KZ5sd3htJivAbA4ZG3w"],"description":"Dicodusport est l'encyclop\u00e9die de l'actualit\u00e9 sportive.","email":"bonjour@dicodusport.fr","legalName":"DICODUSPORT","foundingDate":"2018-01-14","vatID":"FR71834470973","taxID":"83447097300043","numberOfEmployees":{"@type":"QuantitativeValue","minValue":"1","maxValue":"10"}},{"@type":"Person","@id":"https:\/\/dicodusport.fr\/blog\/#\/schema\/person\/55dcb50ad410894e431ed812bbb70191","name":"Nicolas Jacquemard","image":{"@type":"ImageObject","inLanguage":"fr-FR","@id":"https:\/\/dicodusport.fr\/blog\/#\/schema\/person\/image\/","url":"https:\/\/dicodusport.fr\/blog\/wp-content\/uploads\/2021\/05\/Nicolas-Jacquemard-150x150.jpeg","contentUrl":"https:\/\/dicodusport.fr\/blog\/wp-content\/uploads\/2021\/05\/Nicolas-Jacquemard-150x150.jpeg","caption":"Nicolas Jacquemard"},"description":"Passionn\u00e9 de sport et entrepreneur depuis mes 18 ans, la cr\u00e9ation de Dicodusport m'a sembl\u00e9 \u00e9vidente pour participer \u00e0 la m\u00e9diatisation d'un plus grand nombre de sports. Le chemin est long mais avec une \u00e9quipe des plus motiv\u00e9es et les Jeux Olympiques de Paris 2024 en point de mire, nous y arriverons ! Journaliste dans le monde du sport depuis plus de 5 ans, je traite aussi bien de football, de rugby, de biathlon que de cyclisme.","sameAs":["https:\/\/www.facebook.com\/dicodusport","https:\/\/x.com\/https:\/\/twitter.com\/Nico_Jacquemard"],"url":"https:\/\/dicodusport.fr\/blog\/author\/dicodusport\/"}]}},"_links":{"self":[{"href":"https:\/\/dicodusport.fr\/blog\/wp-json\/wp\/v2\/posts\/67552","targetHints":{"allow":["GET"]}}],"collection":[{"href":"https:\/\/dicodusport.fr\/blog\/wp-json\/wp\/v2\/posts"}],"about":[{"href":"https:\/\/dicodusport.fr\/blog\/wp-json\/wp\/v2\/types\/post"}],"author":[{"embeddable":true,"href":"https:\/\/dicodusport.fr\/blog\/wp-json\/wp\/v2\/users\/1"}],"replies":[{"embeddable":true,"href":"https:\/\/dicodusport.fr\/blog\/wp-json\/wp\/v2\/comments?post=67552"}],"version-history":[{"count":0,"href":"https:\/\/dicodusport.fr\/blog\/wp-json\/wp\/v2\/posts\/67552\/revisions"}],"wp:featuredmedia":[{"embeddable":true,"href":"https:\/\/dicodusport.fr\/blog\/wp-json\/wp\/v2\/media\/67577"}],"wp:attachment":[{"href":"https:\/\/dicodusport.fr\/blog\/wp-json\/wp\/v2\/media?parent=67552"}],"wp:term":[{"taxonomy":"category","embeddable":true,"href":"https:\/\/dicodusport.fr\/blog\/wp-json\/wp\/v2\/categories?post=67552"},{"taxonomy":"post_tag","embeddable":true,"href":"https:\/\/dicodusport.fr\/blog\/wp-json\/wp\/v2\/tags?post=67552"}],"curies":[{"name":"wp","href":"https:\/\/api.w.org\/{rel}","templated":true}]}}