{"id":67719,"date":"2020-05-28T14:35:31","date_gmt":"2020-05-28T12:35:31","guid":{"rendered":"http:\/\/dicodusport.fr\/blog\/?p=67719&#038;preview=true&#038;preview_id=67719"},"modified":"2020-05-29T08:47:27","modified_gmt":"2020-05-29T06:47:27","slug":"violences-policieres-sport-us-vent-debout-apres-mort-george-floyd","status":"publish","type":"post","link":"https:\/\/dicodusport.fr\/blog\/violences-policieres-sport-us-vent-debout-apres-mort-george-floyd\/","title":{"rendered":"Violences polici\u00e8res : le sport US vent debout apr\u00e8s la mort de George Floyd"},"content":{"rendered":"<p style=\"text-align: justify;\"><strong><em>SPORT US &#8211; Les \u00c9tats-Unis sont sous le choc apr\u00e8s le d\u00e9c\u00e8s \u00e0 Minneapolis de George Floyd, un Afro-Am\u00e9ricain de 46 ans, suite \u00e0 une arrestation violente. Sur place, les sportifs r\u00e9agissent apr\u00e8s cette \u00e9ni\u00e8me violence polici\u00e8re sur la communaut\u00e9 afro-am\u00e9ricaine.<\/em><\/strong><\/p>\n<p style=\"text-align: justify;\">Le d\u00e9c\u00e8s de <strong>George Floyd<\/strong> provoque l&rsquo;\u00e9moi aux USA. Cet Afro-Am\u00e9ricain de 46 ans est d\u00e9c\u00e9d\u00e9 \u00e0 Minneapolis, apr\u00e8s une arrestation des plus brutales de la part de policiers am\u00e9ricains. L&rsquo;un d&rsquo;entre eux, genou sur le cou de la victime durant de longues minutes, symbolise \u00e0 lui seul les bavures polici\u00e8res bien trop r\u00e9currentes outre-Atlantique.<\/p>\n<h2 style=\"text-align: justify;\">Les sportifs montent au cr\u00e9neau<\/h2>\n<p style=\"text-align: justify;\">La mort de <strong>Floyd<\/strong> a provoqu\u00e9 une vague de r\u00e9actions sur les r\u00e9seaux sociaux, et notamment celle de <a href=\"https:\/\/dicodusport.fr\/blog\/tag\/lebron-james\/\" target=\"_blank\" rel=\"noopener noreferrer\"><strong>LeBron James<\/strong><\/a>. Le joueur des <strong>Lakers<\/strong> a notamment publi\u00e9 un montage sur Instagram. D&rsquo;un c\u00f4t\u00e9, le policier am\u00e9ricain sur le cou de <strong>George Floyd<\/strong>. De l&rsquo;autre c\u00f4t\u00e9, <strong>Colin Kaepernick<\/strong>, ex quaterback des <strong>49ers de San Francisco<\/strong>, l&rsquo;une des plus grandes franchises de la <strong>NFL<\/strong>. <strong>Kaepernick<\/strong> avait, \u00e0 l&rsquo;\u00e9poque, mis un genou \u00e0 terre lors de l&rsquo;hymne am\u00e9ricain, refusant de mettre la main sur le c\u0153ur, en signe de protestation contre les violences polici\u00e8res \u00e0 l&rsquo;encontre des Noirs.<\/p>\n<p style=\"text-align: justify;\">Toujours d&rsquo;actualit\u00e9 donc, cette image a inspir\u00e9 <strong>LeBron James<\/strong>. Au-dessus du montage, un bout de phrase : <em>\u00ab This\u2026 \u2026is why \u00bb<\/em> (voil\u00e0\u2026 \u2026pourquoi). En-dessous, la col\u00e8re du <em>King<\/em> : <em>\u00ab Est-ce que vous comprenez maintenant !! ?? !! ?? Ou est-ce encore flou ? \u00bb<\/em>. Tout un symbole.<\/p>\n<blockquote class=\"instagram-media\" style=\"background: #FFF; border: 0; border-radius: 3px; box-shadow: 0 0 1px 0 rgba(0,0,0,0.5),0 1px 10px 0 rgba(0,0,0,0.15); margin: 1px; max-width: 540px; min-width: 326px; padding: 0; width: calc(100% - 2px);\" data-instgrm-captioned=\"\" data-instgrm-permalink=\"https:\/\/www.instagram.com\/p\/CAq3fpCgyve\/?utm_source=ig_embed&amp;utm_campaign=loading\" data-instgrm-version=\"12\">\n<div style=\"padding: 16px;\">\n<p>&nbsp;<\/p>\n<div style=\"display: flex; flex-direction: row; align-items: center;\">\n<div style=\"background-color: #f4f4f4; border-radius: 50%; flex-grow: 0; height: 40px; margin-right: 14px; width: 40px;\"><\/div>\n<div style=\"display: flex; flex-direction: column; flex-grow: 1; justify-content: center;\">\n<div style=\"background-color: #f4f4f4; border-radius: 4px; flex-grow: 0; height: 14px; margin-bottom: 6px; width: 100px;\"><\/div>\n<div style=\"background-color: #f4f4f4; border-radius: 4px; flex-grow: 0; height: 14px; width: 60px;\"><\/div>\n<\/div>\n<\/div>\n<div style=\"padding: 19% 0;\"><\/div>\n<div style=\"display: block; height: 50px; margin: 0 auto 12px; width: 50px;\"><\/div>\n<div style=\"padding-top: 8px;\">\n<div style=\"color: #3897f0; font-family: Arial,sans-serif; font-size: 14px; font-style: normal; font-weight: 550; line-height: 18px;\">Voir cette publication sur Instagram<\/div>\n<\/div>\n<div style=\"padding: 12.5% 0;\"><\/div>\n<div style=\"display: flex; flex-direction: row; margin-bottom: 14px; align-items: center;\">\n<div>\n<div style=\"background-color: #f4f4f4; border-radius: 50%; height: 12.5px; width: 12.5px; transform: translateX(0px) translateY(7px);\"><\/div>\n<div style=\"background-color: #f4f4f4; height: 12.5px; transform: rotate(-45deg) translateX(3px) translateY(1px); width: 12.5px; flex-grow: 0; margin-right: 14px; margin-left: 2px;\"><\/div>\n<div style=\"background-color: #f4f4f4; border-radius: 50%; height: 12.5px; width: 12.5px; transform: translateX(9px) translateY(-18px);\"><\/div>\n<\/div>\n<div style=\"margin-left: 8px;\">\n<div style=\"background-color: #f4f4f4; border-radius: 50%; flex-grow: 0; height: 20px; width: 20px;\"><\/div>\n<div style=\"width: 0; height: 0; border-top: 2px solid transparent; border-left: 6px solid #f4f4f4; border-bottom: 2px solid transparent; transform: translateX(16px) translateY(-4px) rotate(30deg);\"><\/div>\n<\/div>\n<div style=\"margin-left: auto;\">\n<div style=\"width: 0px; border-top: 8px solid #F4F4F4; border-right: 8px solid transparent; transform: translateY(16px);\"><\/div>\n<div style=\"background-color: #f4f4f4; flex-grow: 0; height: 12px; width: 16px; transform: translateY(-4px);\"><\/div>\n<div style=\"width: 0; height: 0; border-top: 8px solid #F4F4F4; border-left: 8px solid transparent; transform: translateY(-4px) translateX(8px);\"><\/div>\n<\/div>\n<\/div>\n<p>&nbsp;<\/p>\n<p style=\"margin: 8px 0 0 0; padding: 0 4px;\"><a style=\"color: #000; font-family: Arial,sans-serif; font-size: 14px; font-style: normal; font-weight: normal; line-height: 17px; text-decoration: none; word-wrap: break-word;\" href=\"https:\/\/www.instagram.com\/p\/CAq3fpCgyve\/?utm_source=ig_embed&amp;utm_campaign=loading\" target=\"_blank\" rel=\"noopener noreferrer\">Do you understand NOW!!??!!?? Or is it still blurred to you?? &#x1f926;&#x1f3fe;&#x200d;&#x2642;&#xfe0f; #StayWoke&#x1f441;<\/a><\/p>\n<p style=\"color: #c9c8cd; font-family: Arial,sans-serif; font-size: 14px; line-height: 17px; margin-bottom: 0; margin-top: 8px; overflow: hidden; padding: 8px 0 7px; text-align: center; text-overflow: ellipsis; white-space: nowrap;\">Une publication partag\u00e9e par <a style=\"color: #c9c8cd; font-family: Arial,sans-serif; font-size: 14px; font-style: normal; font-weight: normal; line-height: 17px;\" href=\"https:\/\/www.instagram.com\/kingjames\/?utm_source=ig_embed&amp;utm_campaign=loading\" target=\"_blank\" rel=\"noopener noreferrer\"> LeBron James<\/a> (@kingjames) le <time style=\"font-family: Arial,sans-serif; font-size: 14px; line-height: 17px;\" datetime=\"2020-05-26T23:38:29+00:00\">26 Mai 2020 \u00e0 4 :38 PDT<\/time><\/p>\n<\/div>\n<\/blockquote>\n<p><script async src=\"\/\/www.instagram.com\/embed.js\"><\/script><\/p>\n<h2 style=\"text-align: justify;\">\u00ab C&rsquo;est un meurtre. \u00c9coeurant. S\u00e9rieusement, qu&rsquo;est-ce qui ne va pas avec nous ? \u00bb<\/h2>\n<p style=\"text-align: justify;\">Autre personnalit\u00e9 du sport US \u00e0 montrer son d\u00e9go\u00fbt, <strong>Steve Kerr<\/strong>, le boss des <strong>Warriors de Golden State<\/strong>. L&rsquo;octuple vainqueur de la <a href=\"https:\/\/dicodusport.fr\/blog\/actualites\/basket-ball\/nba\/\" target=\"_blank\" rel=\"noopener noreferrer\"><strong>NBA<\/strong><\/a> a fait part de son incompr\u00e9hension sur Twitter. <em>\u00ab C&rsquo;est un meurtre. \u00c9coeurant. S\u00e9rieusement, qu&rsquo;est-ce qui ne va pas avec nous ? \u00bb<\/em>, a-t-il d\u00e9clar\u00e9.<\/p>\n<blockquote class=\"twitter-tweet\">\n<p dir=\"ltr\" lang=\"en\">This is murder. Disgusting. Seriously, what the hell is wrong with US???? <a href=\"https:\/\/t.co\/wesEwd4Bb2\">https:\/\/t.co\/wesEwd4Bb2<\/a><\/p>\n<p>\u2014 Steve Kerr (@SteveKerr) <a href=\"https:\/\/twitter.com\/SteveKerr\/status\/1265314750776217603?ref_src=twsrc%5Etfw\">May 26, 2020<\/a><\/p><\/blockquote>\n<p><script async src=\"https:\/\/platform.twitter.com\/widgets.js\" charset=\"utf-8\"><\/script><\/p>\n<p style=\"text-align: justify;\">Mais outre la col\u00e8re et l&rsquo;incompr\u00e9hension, la douleur est \u00e9galement pr\u00e9sente dans les r\u00e9actions aux \u00c9tats-Unis. En t\u00eate, celle de <strong>Stephen Jackson<\/strong>, proche de la victime. Retrait\u00e9 depuis 2014, l&rsquo;ancien joueurs des <strong>Warriors<\/strong>, des <strong>Spurs<\/strong> et des <strong>Cavaliers<\/strong> a r\u00e9agi sur Instagram. <i>Floyd \u00e9tait mon fr\u00e8re. On s&rsquo;appelait &lsquo;les jumeaux&rsquo;. Mon fr\u00e8re \u00e9tait au Minnesota parce qu&rsquo;il changeait de vie, il conduisait des camions (&#8230;) et vous l&rsquo;avez tu\u00e9. Je suis en route pour le Minnesota. Justice sera faite<\/i> a-t-il dit. Aujourd&rsquo;hui et plus que jamais, les violences polici\u00e8res sur les Afro-Am\u00e9ricains persistent. Sans que rien ne soit fait par les autorit\u00e9s pour enrayer cette brutalit\u00e9. Et ce n&rsquo;est sans doute pas sous le mandat de <strong>Donald Trump<\/strong> que les lignes ont boug\u00e9.<\/p>\n<p><strong><em>Dicodusport<br \/>\n<a href=\"https:\/\/www.facebook.com\/dicodusport\/\" target=\"_blank\" rel=\"noopener noreferrer\"><img loading=\"lazy\" decoding=\"async\" class=\"alignnone wp-image-2909\" src=\"http:\/\/dicodusport.fr\/blog\/wp-content\/uploads\/2017\/07\/logo-facebook-150x150.png\" alt=\"\" width=\"40\" height=\"40\" \/><\/a><a href=\"https:\/\/twitter.com\/dicodusport\" target=\"_blank\" rel=\"noopener noreferrer\"><img loading=\"lazy\" decoding=\"async\" class=\"alignnone wp-image-2908\" src=\"http:\/\/dicodusport.fr\/blog\/wp-content\/uploads\/2017\/07\/logo-twitter-150x150.png\" alt=\"\" width=\"39\" height=\"39\" \/><\/a><\/em><\/strong><\/p>\n","protected":false},"excerpt":{"rendered":"<p>SPORT US &#8211; Les \u00c9tats-Unis sont sous le choc apr\u00e8s le d\u00e9c\u00e8s \u00e0 Minneapolis de George Floyd, un Afro-Am\u00e9ricain de 46 ans, suite \u00e0 une arrestation violente. Sur place, les sportifs r\u00e9agissent apr\u00e8s cette \u00e9ni\u00e8me violence polici\u00e8re sur une personne de couleur.<\/p>\n","protected":false},"author":4,"featured_media":67726,"comment_status":"open","ping_status":"closed","sticky":false,"template":"","format":"standard","meta":{"_acf_changed":false,"_daextam_enable_autolinks":"","footnotes":""},"categories":[10533,2317],"tags":[3192],"class_list":["post-67719","post","type-post","status-publish","format-standard","has-post-thumbnail","hentry","category-nba","category-sports-us","tag-lebron-james"],"acf":[],"yoast_head":"<!-- This site is optimized with the Yoast SEO Premium plugin v26.7 (Yoast SEO v26.7) - https:\/\/yoast.com\/wordpress\/plugins\/seo\/ -->\n<title>Violences polici\u00e8res : le sport US vent debout apr\u00e8s la mort de George Floyd<\/title>\n<meta name=\"description\" content=\"SPORT US - Les \u00c9tats-Unis sont sous le choc apr\u00e8s le d\u00e9c\u00e8s \u00e0 Minneapolis de George Floyd, un Afro-Am\u00e9ricain de 46 ans, suite \u00e0 une arrestation violente. Sur place, les sportifs r\u00e9agissent apr\u00e8s cette \u00e9ni\u00e8me violence polici\u00e8re sur une personne de couleur.\" \/>\n<meta name=\"robots\" content=\"index, follow, max-snippet:-1, max-image-preview:large, max-video-preview:-1\" \/>\n<link rel=\"canonical\" href=\"https:\/\/dicodusport.fr\/blog\/violences-policieres-sport-us-vent-debout-apres-mort-george-floyd\/\" \/>\n<meta property=\"og:locale\" content=\"fr_FR\" \/>\n<meta property=\"og:type\" content=\"article\" \/>\n<meta property=\"og:title\" content=\"Violences polici\u00e8res : le sport US vent debout apr\u00e8s la mort de George Floyd\" \/>\n<meta property=\"og:description\" content=\"SPORT US - Les \u00c9tats-Unis sont sous le choc apr\u00e8s le d\u00e9c\u00e8s \u00e0 Minneapolis de George Floyd, un Afro-Am\u00e9ricain de 46 ans, suite \u00e0 une arrestation violente. Sur place, les sportifs r\u00e9agissent apr\u00e8s cette \u00e9ni\u00e8me violence polici\u00e8re sur une personne de couleur.\" \/>\n<meta property=\"og:url\" content=\"https:\/\/dicodusport.fr\/blog\/violences-policieres-sport-us-vent-debout-apres-mort-george-floyd\/\" \/>\n<meta property=\"og:site_name\" content=\"Dicodusport\" \/>\n<meta property=\"article:publisher\" content=\"https:\/\/www.facebook.com\/dicodusport\" \/>\n<meta property=\"article:author\" content=\"https:\/\/www.facebook.com\/florent.ostermann\" \/>\n<meta property=\"article:published_time\" content=\"2020-05-28T12:35:31+00:00\" \/>\n<meta property=\"article:modified_time\" content=\"2020-05-29T06:47:27+00:00\" \/>\n<meta property=\"og:image\" content=\"https:\/\/dicodusport.fr\/blog\/wp-content\/uploads\/2020\/05\/Violences-polici\u00e8res-Le-sport-US-vent-debout-apr\u00e8s-la-mort-de-George-Floyd.png\" \/>\n\t<meta property=\"og:image:width\" content=\"800\" \/>\n\t<meta property=\"og:image:height\" content=\"445\" \/>\n\t<meta property=\"og:image:type\" content=\"image\/png\" \/>\n<meta name=\"author\" content=\"Flo Ostermann\" \/>\n<meta name=\"twitter:card\" content=\"summary_large_image\" \/>\n<meta name=\"twitter:title\" content=\"Violences polici\u00e8res : le sport US vent debout apr\u00e8s la mort de George Floyd\" \/>\n<meta name=\"twitter:creator\" content=\"@https:\/\/twitter.com\/FlOstermann\" \/>\n<meta name=\"twitter:site\" content=\"@dicodusport\" \/>\n<script type=\"application\/ld+json\" class=\"yoast-schema-graph\">{\"@context\":\"https:\/\/schema.org\",\"@graph\":[{\"@type\":\"NewsArticle\",\"@id\":\"https:\/\/dicodusport.fr\/blog\/violences-policieres-sport-us-vent-debout-apres-mort-george-floyd\/#article\",\"isPartOf\":{\"@id\":\"https:\/\/dicodusport.fr\/blog\/violences-policieres-sport-us-vent-debout-apres-mort-george-floyd\/\"},\"author\":{\"name\":\"Flo Ostermann\",\"@id\":\"https:\/\/dicodusport.fr\/blog\/#\/schema\/person\/cb02af4c173ce4a653b55e9baf388d4a\"},\"headline\":\"Violences polici\u00e8res : le sport US vent debout apr\u00e8s la mort de George Floyd\",\"datePublished\":\"2020-05-28T12:35:31+00:00\",\"dateModified\":\"2020-05-29T06:47:27+00:00\",\"mainEntityOfPage\":{\"@id\":\"https:\/\/dicodusport.fr\/blog\/violences-policieres-sport-us-vent-debout-apres-mort-george-floyd\/\"},\"wordCount\":548,\"commentCount\":0,\"publisher\":{\"@id\":\"https:\/\/dicodusport.fr\/blog\/#organization\"},\"image\":{\"@id\":\"https:\/\/dicodusport.fr\/blog\/violences-policieres-sport-us-vent-debout-apres-mort-george-floyd\/#primaryimage\"},\"thumbnailUrl\":\"https:\/\/dicodusport.fr\/blog\/wp-content\/uploads\/2020\/05\/Violences-polici\u00e8res-Le-sport-US-vent-debout-apr\u00e8s-la-mort-de-George-Floyd.png\",\"keywords\":[\"LeBron James\"],\"articleSection\":[\"NBA\",\"Sports US\"],\"inLanguage\":\"fr-FR\",\"potentialAction\":[{\"@type\":\"CommentAction\",\"name\":\"Comment\",\"target\":[\"https:\/\/dicodusport.fr\/blog\/violences-policieres-sport-us-vent-debout-apres-mort-george-floyd\/#respond\"]}],\"copyrightYear\":\"2020\",\"copyrightHolder\":{\"@id\":\"https:\/\/dicodusport.fr\/blog\/#organization\"}},{\"@type\":\"WebPage\",\"@id\":\"https:\/\/dicodusport.fr\/blog\/violences-policieres-sport-us-vent-debout-apres-mort-george-floyd\/\",\"url\":\"https:\/\/dicodusport.fr\/blog\/violences-policieres-sport-us-vent-debout-apres-mort-george-floyd\/\",\"name\":\"Violences polici\u00e8res : le sport US vent debout apr\u00e8s la mort de George Floyd\",\"isPartOf\":{\"@id\":\"https:\/\/dicodusport.fr\/blog\/#website\"},\"primaryImageOfPage\":{\"@id\":\"https:\/\/dicodusport.fr\/blog\/violences-policieres-sport-us-vent-debout-apres-mort-george-floyd\/#primaryimage\"},\"image\":{\"@id\":\"https:\/\/dicodusport.fr\/blog\/violences-policieres-sport-us-vent-debout-apres-mort-george-floyd\/#primaryimage\"},\"thumbnailUrl\":\"https:\/\/dicodusport.fr\/blog\/wp-content\/uploads\/2020\/05\/Violences-polici\u00e8res-Le-sport-US-vent-debout-apr\u00e8s-la-mort-de-George-Floyd.png\",\"datePublished\":\"2020-05-28T12:35:31+00:00\",\"dateModified\":\"2020-05-29T06:47:27+00:00\",\"description\":\"SPORT US - Les \u00c9tats-Unis sont sous le choc apr\u00e8s le d\u00e9c\u00e8s \u00e0 Minneapolis de George Floyd, un Afro-Am\u00e9ricain de 46 ans, suite \u00e0 une arrestation violente. Sur place, les sportifs r\u00e9agissent apr\u00e8s cette \u00e9ni\u00e8me violence polici\u00e8re sur une personne de couleur.\",\"breadcrumb\":{\"@id\":\"https:\/\/dicodusport.fr\/blog\/violences-policieres-sport-us-vent-debout-apres-mort-george-floyd\/#breadcrumb\"},\"inLanguage\":\"fr-FR\",\"potentialAction\":[{\"@type\":\"ReadAction\",\"target\":[\"https:\/\/dicodusport.fr\/blog\/violences-policieres-sport-us-vent-debout-apres-mort-george-floyd\/\"]}]},{\"@type\":\"ImageObject\",\"inLanguage\":\"fr-FR\",\"@id\":\"https:\/\/dicodusport.fr\/blog\/violences-policieres-sport-us-vent-debout-apres-mort-george-floyd\/#primaryimage\",\"url\":\"https:\/\/dicodusport.fr\/blog\/wp-content\/uploads\/2020\/05\/Violences-polici\u00e8res-Le-sport-US-vent-debout-apr\u00e8s-la-mort-de-George-Floyd.png\",\"contentUrl\":\"https:\/\/dicodusport.fr\/blog\/wp-content\/uploads\/2020\/05\/Violences-polici\u00e8res-Le-sport-US-vent-debout-apr\u00e8s-la-mort-de-George-Floyd.png\",\"width\":800,\"height\":445,\"caption\":\"MediaNews Group\/Los Angeles Dail\"},{\"@type\":\"BreadcrumbList\",\"@id\":\"https:\/\/dicodusport.fr\/blog\/violences-policieres-sport-us-vent-debout-apres-mort-george-floyd\/#breadcrumb\",\"itemListElement\":[{\"@type\":\"ListItem\",\"position\":1,\"name\":\"Accueil\",\"item\":\"https:\/\/dicodusport.fr\/blog\/\"},{\"@type\":\"ListItem\",\"position\":2,\"name\":\"Violences polici\u00e8res : le sport US vent debout apr\u00e8s la mort de George Floyd\"}]},{\"@type\":\"WebSite\",\"@id\":\"https:\/\/dicodusport.fr\/blog\/#website\",\"url\":\"https:\/\/dicodusport.fr\/blog\/\",\"name\":\"Dicodusport\",\"description\":\"L&#039;encyclop\u00e9die de l&#039;actualit\u00e9 sportive\",\"publisher\":{\"@id\":\"https:\/\/dicodusport.fr\/blog\/#organization\"},\"potentialAction\":[{\"@type\":\"SearchAction\",\"target\":{\"@type\":\"EntryPoint\",\"urlTemplate\":\"https:\/\/dicodusport.fr\/blog\/?s={search_term_string}\"},\"query-input\":{\"@type\":\"PropertyValueSpecification\",\"valueRequired\":true,\"valueName\":\"search_term_string\"}}],\"inLanguage\":\"fr-FR\"},{\"@type\":\"NewsMediaOrganization\",\"@id\":\"https:\/\/dicodusport.fr\/blog\/#organization\",\"name\":\"Dicodusport\",\"url\":\"https:\/\/dicodusport.fr\/blog\/\",\"logo\":{\"@type\":\"ImageObject\",\"inLanguage\":\"fr-FR\",\"@id\":\"https:\/\/dicodusport.fr\/blog\/#\/schema\/logo\/image\/\",\"url\":\"https:\/\/dicodusport.fr\/blog\/wp-content\/uploads\/2020\/06\/cropped-LOGO-DICODUSPORT-2020-SANS-FOND-SANS-TEXTE.png\",\"contentUrl\":\"https:\/\/dicodusport.fr\/blog\/wp-content\/uploads\/2020\/06\/cropped-LOGO-DICODUSPORT-2020-SANS-FOND-SANS-TEXTE.png\",\"width\":512,\"height\":512,\"caption\":\"Dicodusport\"},\"image\":{\"@id\":\"https:\/\/dicodusport.fr\/blog\/#\/schema\/logo\/image\/\"},\"sameAs\":[\"https:\/\/www.facebook.com\/dicodusport\",\"https:\/\/x.com\/dicodusport\",\"https:\/\/www.instagram.com\/dicodusport\/\",\"https:\/\/www.youtube.com\/channel\/UC7V2KZ5sd3htJivAbA4ZG3w\"],\"description\":\"Dicodusport est l'encyclop\u00e9die de l'actualit\u00e9 sportive.\",\"email\":\"bonjour@dicodusport.fr\",\"legalName\":\"DICODUSPORT\",\"foundingDate\":\"2018-01-14\",\"vatID\":\"FR71834470973\",\"taxID\":\"83447097300043\",\"numberOfEmployees\":{\"@type\":\"QuantitativeValue\",\"minValue\":\"1\",\"maxValue\":\"10\"}},{\"@type\":\"Person\",\"@id\":\"https:\/\/dicodusport.fr\/blog\/#\/schema\/person\/cb02af4c173ce4a653b55e9baf388d4a\",\"name\":\"Flo Ostermann\",\"image\":{\"@type\":\"ImageObject\",\"inLanguage\":\"fr-FR\",\"@id\":\"https:\/\/dicodusport.fr\/blog\/#\/schema\/person\/image\/\",\"url\":\"https:\/\/dicodusport.fr\/blog\/wp-content\/uploads\/2021\/05\/Flo-Ostermann-150x150.jpg\",\"contentUrl\":\"https:\/\/dicodusport.fr\/blog\/wp-content\/uploads\/2021\/05\/Flo-Ostermann-150x150.jpg\",\"caption\":\"Flo Ostermann\"},\"description\":\"Journaliste\/R\u00e9dacteur depuis septembre 2015 - Mes premiers souvenirs dans le sport ? Les envol\u00e9es du Stade Toulousain et les duels Villeneuve-Schumacher et H\u00e4kkinen-Schumacher \u00e0 la fin des ann\u00e9es 90, la Coupe du monde de football en 1998, l\u2019exploit du XV de France face aux All Blacks en 1999, mais aussi Richard C\u0153ur de Lion qui vole sur les montagnes du Tour de France. Bien parti pour devenir professeur d\u2019EPS, les \u00e9v\u00e9nements de la vie (et la flemme d\u2019animer des s\u00e9ances de 3x500 m\u00e8tres toute ma vie) m\u2019ont conduit \u00e0 revoir mes plans. Me voil\u00e0 depuis fin 2017 sur Dicodusport, m\u00e9dia gr\u00e2ce (et pour) lequel je partage ma passion : le sport dans tous ses \u00e9tats. Le tout accompagn\u00e9 par les fous furieux et folles furieuses cit\u00e9s sur cette page !\",\"sameAs\":[\"https:\/\/www.facebook.com\/florent.ostermann\",\"https:\/\/x.com\/https:\/\/twitter.com\/FlOstermann\",\"admin\"],\"url\":\"https:\/\/dicodusport.fr\/blog\/author\/flo\/\"}]}<\/script>\n<!-- \/ Yoast SEO Premium plugin. -->","yoast_head_json":{"title":"Violences polici\u00e8res : le sport US vent debout apr\u00e8s la mort de George Floyd","description":"SPORT US - Les \u00c9tats-Unis sont sous le choc apr\u00e8s le d\u00e9c\u00e8s \u00e0 Minneapolis de George Floyd, un Afro-Am\u00e9ricain de 46 ans, suite \u00e0 une arrestation violente. Sur place, les sportifs r\u00e9agissent apr\u00e8s cette \u00e9ni\u00e8me violence polici\u00e8re sur une personne de couleur.","robots":{"index":"index","follow":"follow","max-snippet":"max-snippet:-1","max-image-preview":"max-image-preview:large","max-video-preview":"max-video-preview:-1"},"canonical":"https:\/\/dicodusport.fr\/blog\/violences-policieres-sport-us-vent-debout-apres-mort-george-floyd\/","og_locale":"fr_FR","og_type":"article","og_title":"Violences polici\u00e8res : le sport US vent debout apr\u00e8s la mort de George Floyd","og_description":"SPORT US - Les \u00c9tats-Unis sont sous le choc apr\u00e8s le d\u00e9c\u00e8s \u00e0 Minneapolis de George Floyd, un Afro-Am\u00e9ricain de 46 ans, suite \u00e0 une arrestation violente. Sur place, les sportifs r\u00e9agissent apr\u00e8s cette \u00e9ni\u00e8me violence polici\u00e8re sur une personne de couleur.","og_url":"https:\/\/dicodusport.fr\/blog\/violences-policieres-sport-us-vent-debout-apres-mort-george-floyd\/","og_site_name":"Dicodusport","article_publisher":"https:\/\/www.facebook.com\/dicodusport","article_author":"https:\/\/www.facebook.com\/florent.ostermann","article_published_time":"2020-05-28T12:35:31+00:00","article_modified_time":"2020-05-29T06:47:27+00:00","og_image":[{"width":800,"height":445,"url":"https:\/\/dicodusport.fr\/blog\/wp-content\/uploads\/2020\/05\/Violences-polici\u00e8res-Le-sport-US-vent-debout-apr\u00e8s-la-mort-de-George-Floyd.png","type":"image\/png"}],"author":"Flo Ostermann","twitter_card":"summary_large_image","twitter_title":"Violences polici\u00e8res : le sport US vent debout apr\u00e8s la mort de George Floyd","twitter_creator":"@https:\/\/twitter.com\/FlOstermann","twitter_site":"@dicodusport","schema":{"@context":"https:\/\/schema.org","@graph":[{"@type":"NewsArticle","@id":"https:\/\/dicodusport.fr\/blog\/violences-policieres-sport-us-vent-debout-apres-mort-george-floyd\/#article","isPartOf":{"@id":"https:\/\/dicodusport.fr\/blog\/violences-policieres-sport-us-vent-debout-apres-mort-george-floyd\/"},"author":{"name":"Flo Ostermann","@id":"https:\/\/dicodusport.fr\/blog\/#\/schema\/person\/cb02af4c173ce4a653b55e9baf388d4a"},"headline":"Violences polici\u00e8res : le sport US vent debout apr\u00e8s la mort de George Floyd","datePublished":"2020-05-28T12:35:31+00:00","dateModified":"2020-05-29T06:47:27+00:00","mainEntityOfPage":{"@id":"https:\/\/dicodusport.fr\/blog\/violences-policieres-sport-us-vent-debout-apres-mort-george-floyd\/"},"wordCount":548,"commentCount":0,"publisher":{"@id":"https:\/\/dicodusport.fr\/blog\/#organization"},"image":{"@id":"https:\/\/dicodusport.fr\/blog\/violences-policieres-sport-us-vent-debout-apres-mort-george-floyd\/#primaryimage"},"thumbnailUrl":"https:\/\/dicodusport.fr\/blog\/wp-content\/uploads\/2020\/05\/Violences-polici\u00e8res-Le-sport-US-vent-debout-apr\u00e8s-la-mort-de-George-Floyd.png","keywords":["LeBron James"],"articleSection":["NBA","Sports US"],"inLanguage":"fr-FR","potentialAction":[{"@type":"CommentAction","name":"Comment","target":["https:\/\/dicodusport.fr\/blog\/violences-policieres-sport-us-vent-debout-apres-mort-george-floyd\/#respond"]}],"copyrightYear":"2020","copyrightHolder":{"@id":"https:\/\/dicodusport.fr\/blog\/#organization"}},{"@type":"WebPage","@id":"https:\/\/dicodusport.fr\/blog\/violences-policieres-sport-us-vent-debout-apres-mort-george-floyd\/","url":"https:\/\/dicodusport.fr\/blog\/violences-policieres-sport-us-vent-debout-apres-mort-george-floyd\/","name":"Violences polici\u00e8res : le sport US vent debout apr\u00e8s la mort de George Floyd","isPartOf":{"@id":"https:\/\/dicodusport.fr\/blog\/#website"},"primaryImageOfPage":{"@id":"https:\/\/dicodusport.fr\/blog\/violences-policieres-sport-us-vent-debout-apres-mort-george-floyd\/#primaryimage"},"image":{"@id":"https:\/\/dicodusport.fr\/blog\/violences-policieres-sport-us-vent-debout-apres-mort-george-floyd\/#primaryimage"},"thumbnailUrl":"https:\/\/dicodusport.fr\/blog\/wp-content\/uploads\/2020\/05\/Violences-polici\u00e8res-Le-sport-US-vent-debout-apr\u00e8s-la-mort-de-George-Floyd.png","datePublished":"2020-05-28T12:35:31+00:00","dateModified":"2020-05-29T06:47:27+00:00","description":"SPORT US - Les \u00c9tats-Unis sont sous le choc apr\u00e8s le d\u00e9c\u00e8s \u00e0 Minneapolis de George Floyd, un Afro-Am\u00e9ricain de 46 ans, suite \u00e0 une arrestation violente. Sur place, les sportifs r\u00e9agissent apr\u00e8s cette \u00e9ni\u00e8me violence polici\u00e8re sur une personne de couleur.","breadcrumb":{"@id":"https:\/\/dicodusport.fr\/blog\/violences-policieres-sport-us-vent-debout-apres-mort-george-floyd\/#breadcrumb"},"inLanguage":"fr-FR","potentialAction":[{"@type":"ReadAction","target":["https:\/\/dicodusport.fr\/blog\/violences-policieres-sport-us-vent-debout-apres-mort-george-floyd\/"]}]},{"@type":"ImageObject","inLanguage":"fr-FR","@id":"https:\/\/dicodusport.fr\/blog\/violences-policieres-sport-us-vent-debout-apres-mort-george-floyd\/#primaryimage","url":"https:\/\/dicodusport.fr\/blog\/wp-content\/uploads\/2020\/05\/Violences-polici\u00e8res-Le-sport-US-vent-debout-apr\u00e8s-la-mort-de-George-Floyd.png","contentUrl":"https:\/\/dicodusport.fr\/blog\/wp-content\/uploads\/2020\/05\/Violences-polici\u00e8res-Le-sport-US-vent-debout-apr\u00e8s-la-mort-de-George-Floyd.png","width":800,"height":445,"caption":"MediaNews Group\/Los Angeles Dail"},{"@type":"BreadcrumbList","@id":"https:\/\/dicodusport.fr\/blog\/violences-policieres-sport-us-vent-debout-apres-mort-george-floyd\/#breadcrumb","itemListElement":[{"@type":"ListItem","position":1,"name":"Accueil","item":"https:\/\/dicodusport.fr\/blog\/"},{"@type":"ListItem","position":2,"name":"Violences polici\u00e8res : le sport US vent debout apr\u00e8s la mort de George Floyd"}]},{"@type":"WebSite","@id":"https:\/\/dicodusport.fr\/blog\/#website","url":"https:\/\/dicodusport.fr\/blog\/","name":"Dicodusport","description":"L&#039;encyclop\u00e9die de l&#039;actualit\u00e9 sportive","publisher":{"@id":"https:\/\/dicodusport.fr\/blog\/#organization"},"potentialAction":[{"@type":"SearchAction","target":{"@type":"EntryPoint","urlTemplate":"https:\/\/dicodusport.fr\/blog\/?s={search_term_string}"},"query-input":{"@type":"PropertyValueSpecification","valueRequired":true,"valueName":"search_term_string"}}],"inLanguage":"fr-FR"},{"@type":"NewsMediaOrganization","@id":"https:\/\/dicodusport.fr\/blog\/#organization","name":"Dicodusport","url":"https:\/\/dicodusport.fr\/blog\/","logo":{"@type":"ImageObject","inLanguage":"fr-FR","@id":"https:\/\/dicodusport.fr\/blog\/#\/schema\/logo\/image\/","url":"https:\/\/dicodusport.fr\/blog\/wp-content\/uploads\/2020\/06\/cropped-LOGO-DICODUSPORT-2020-SANS-FOND-SANS-TEXTE.png","contentUrl":"https:\/\/dicodusport.fr\/blog\/wp-content\/uploads\/2020\/06\/cropped-LOGO-DICODUSPORT-2020-SANS-FOND-SANS-TEXTE.png","width":512,"height":512,"caption":"Dicodusport"},"image":{"@id":"https:\/\/dicodusport.fr\/blog\/#\/schema\/logo\/image\/"},"sameAs":["https:\/\/www.facebook.com\/dicodusport","https:\/\/x.com\/dicodusport","https:\/\/www.instagram.com\/dicodusport\/","https:\/\/www.youtube.com\/channel\/UC7V2KZ5sd3htJivAbA4ZG3w"],"description":"Dicodusport est l'encyclop\u00e9die de l'actualit\u00e9 sportive.","email":"bonjour@dicodusport.fr","legalName":"DICODUSPORT","foundingDate":"2018-01-14","vatID":"FR71834470973","taxID":"83447097300043","numberOfEmployees":{"@type":"QuantitativeValue","minValue":"1","maxValue":"10"}},{"@type":"Person","@id":"https:\/\/dicodusport.fr\/blog\/#\/schema\/person\/cb02af4c173ce4a653b55e9baf388d4a","name":"Flo Ostermann","image":{"@type":"ImageObject","inLanguage":"fr-FR","@id":"https:\/\/dicodusport.fr\/blog\/#\/schema\/person\/image\/","url":"https:\/\/dicodusport.fr\/blog\/wp-content\/uploads\/2021\/05\/Flo-Ostermann-150x150.jpg","contentUrl":"https:\/\/dicodusport.fr\/blog\/wp-content\/uploads\/2021\/05\/Flo-Ostermann-150x150.jpg","caption":"Flo Ostermann"},"description":"Journaliste\/R\u00e9dacteur depuis septembre 2015 - Mes premiers souvenirs dans le sport ? Les envol\u00e9es du Stade Toulousain et les duels Villeneuve-Schumacher et H\u00e4kkinen-Schumacher \u00e0 la fin des ann\u00e9es 90, la Coupe du monde de football en 1998, l\u2019exploit du XV de France face aux All Blacks en 1999, mais aussi Richard C\u0153ur de Lion qui vole sur les montagnes du Tour de France. Bien parti pour devenir professeur d\u2019EPS, les \u00e9v\u00e9nements de la vie (et la flemme d\u2019animer des s\u00e9ances de 3x500 m\u00e8tres toute ma vie) m\u2019ont conduit \u00e0 revoir mes plans. Me voil\u00e0 depuis fin 2017 sur Dicodusport, m\u00e9dia gr\u00e2ce (et pour) lequel je partage ma passion : le sport dans tous ses \u00e9tats. Le tout accompagn\u00e9 par les fous furieux et folles furieuses cit\u00e9s sur cette page !","sameAs":["https:\/\/www.facebook.com\/florent.ostermann","https:\/\/x.com\/https:\/\/twitter.com\/FlOstermann","admin"],"url":"https:\/\/dicodusport.fr\/blog\/author\/flo\/"}]}},"_links":{"self":[{"href":"https:\/\/dicodusport.fr\/blog\/wp-json\/wp\/v2\/posts\/67719","targetHints":{"allow":["GET"]}}],"collection":[{"href":"https:\/\/dicodusport.fr\/blog\/wp-json\/wp\/v2\/posts"}],"about":[{"href":"https:\/\/dicodusport.fr\/blog\/wp-json\/wp\/v2\/types\/post"}],"author":[{"embeddable":true,"href":"https:\/\/dicodusport.fr\/blog\/wp-json\/wp\/v2\/users\/4"}],"replies":[{"embeddable":true,"href":"https:\/\/dicodusport.fr\/blog\/wp-json\/wp\/v2\/comments?post=67719"}],"version-history":[{"count":0,"href":"https:\/\/dicodusport.fr\/blog\/wp-json\/wp\/v2\/posts\/67719\/revisions"}],"wp:featuredmedia":[{"embeddable":true,"href":"https:\/\/dicodusport.fr\/blog\/wp-json\/wp\/v2\/media\/67726"}],"wp:attachment":[{"href":"https:\/\/dicodusport.fr\/blog\/wp-json\/wp\/v2\/media?parent=67719"}],"wp:term":[{"taxonomy":"category","embeddable":true,"href":"https:\/\/dicodusport.fr\/blog\/wp-json\/wp\/v2\/categories?post=67719"},{"taxonomy":"post_tag","embeddable":true,"href":"https:\/\/dicodusport.fr\/blog\/wp-json\/wp\/v2\/tags?post=67719"}],"curies":[{"name":"wp","href":"https:\/\/api.w.org\/{rel}","templated":true}]}}