{"id":67829,"date":"2020-05-30T08:41:50","date_gmt":"2020-05-30T06:41:50","guid":{"rendered":"http:\/\/dicodusport.fr\/blog\/?p=67829&#038;preview=true&#038;preview_id=67829"},"modified":"2020-06-01T15:35:40","modified_gmt":"2020-06-01T13:35:40","slug":"paul-goze-a-presente-projet-revolutionnaire-presidents-top-14","status":"publish","type":"post","link":"https:\/\/dicodusport.fr\/blog\/paul-goze-a-presente-projet-revolutionnaire-presidents-top-14\/","title":{"rendered":"Paul Goze a pr\u00e9sent\u00e9 un projet r\u00e9volutionnaire aux pr\u00e9sidents du Top 14"},"content":{"rendered":"<p style=\"text-align: justify;\"><strong><em>TOP 14 &#8211; Attention, r\u00e9volution en vue ! Selon les informations de Midi Olympique, Paul Goze a pr\u00e9sent\u00e9 ce vendredi, aux pr\u00e9sidents du Top 14, un projet de calendrier r\u00e9volutionnaire (et confidentiel). Avec deux grandes options au programme.<\/em><\/strong><\/p>\n<p style=\"text-align: justify;\">R\u00e9unis en urgence ce vendredi apr\u00e8s-midi par le pr\u00e9sident de la <strong>LNR<\/strong>, <strong>Paul Goze<\/strong>, les pr\u00e9sidents du <strong>Top 14<\/strong> ont certainement vu flou l&rsquo;espace de quelques instants. Selon <a href=\"https:\/\/www.rugbyrama.fr\/rugby\/top-14\/2018-2019\/top-14-et-goze-lacha-le-scoop_sto7761888\/story.shtml\" target=\"_blank\" rel=\"noopener noreferrer\">les informations de <strong><em>Midi Olympique<\/em><\/strong><\/a>, un calendrier r\u00e9volutionnaire aurait \u00e9t\u00e9 remis \u00e0 <strong>Paul Goze<\/strong> par un membre de l&rsquo;<strong>EPCR<\/strong>, via un repr\u00e9sentant britannique participant aux discussions entre les <a href=\"https:\/\/dicodusport.fr\/blog\/tournoi-des-6-nations-2020-calendrier-resultats-classement\/\" target=\"_blank\" rel=\"noopener noreferrer\"><strong>6 Nations<\/strong><\/a> et la <strong>SANZAAR<\/strong>. Et ce projet, fou, pr\u00e9sente deux grandes options, avec \u00e0 chaque fois, une ann\u00e9e 2020 totalement blanche.<\/p>\n<h2 style=\"text-align: justify;\">1\u00e8re option : 6 Nations et Rugby Championship sur la m\u00eame p\u00e9riode<\/h2>\n<p style=\"text-align: justify;\"><span style=\"text-decoration: underline;\"><strong>1\u00e8re piste :<\/strong><\/span> Au c\u0153ur des discussions entre les <strong>6 Nations<\/strong> et la <strong>SANZAAR<\/strong>, l&rsquo;alignement des calendriers des deux h\u00e9misph\u00e8res ferait grandement partie des deux pistes de la 1\u00e8re grande option. Ici, <a href=\"https:\/\/dicodusport.fr\/blog\/6-nations-rugby-championship-meme-periode-ca-se-precise\/\" target=\"_blank\" rel=\"noopener noreferrer\"><strong>6 Nations<\/strong> et <strong>Rugby Championship<\/strong> se disputeraient donc sur la m\u00eame p\u00e9riode (mars et avril 2021)<\/a>, comme annonc\u00e9 depuis plusieurs jours. Les tests-matchs seraient regroup\u00e9s sur une seule et m\u00eame p\u00e9riode, \u00e0 l&rsquo;automne 2021. Les championnats domestiques, eux, d\u00e9marreraient en janvier 2021, pour un bloc de deux mois, avant une coupure pour le <strong>6 Nations<\/strong> et le <strong>Rugby Championship<\/strong>. Dans ce cas pr\u00e9cis, la saison s\u2019ach\u00e8verait en septembre 2021, avant une intersaison de six mois.<\/p>\n<p style=\"text-align: justify;\"><span style=\"text-decoration: underline;\"><strong>2\u00e8me piste :<\/strong><\/span> Celle-ci concerne la saison 2021-2022. Ici, il ne serait plus question de 6 mois d&rsquo;intersaison \u00e0 l&rsquo;issue de la saison 2021, mais de 3 mois. En effet, les championnats reprendraient en d\u00e9cembre 2021, \u00e0 l&rsquo;issue des tests internationaux de l&rsquo;automne. La saison se terminerait en juillet 2022, au beau milieu de l&rsquo;\u00e9t\u00e9. Viendrait alors une pause de 4 mois. \u00c7a va, vous suivez ?<\/p>\n<h2 style=\"text-align: justify;\">2\u00e8me option : Pas d&rsquo;alignement entre les deux h\u00e9misph\u00e8res<\/h2>\n<p style=\"text-align: justify;\"><span style=\"text-decoration: underline;\"><strong>1\u00e8re piste :<\/strong><\/span> Cette fois, <strong>6 Nations<\/strong> et <strong>Rugby Championship<\/strong> garderaient leur fonctionnement habituel, avec un tournoi disput\u00e9 entre f\u00e9vrier et mars pour le premier cit\u00e9, et une comp\u00e9tition \u00e0 l&rsquo;\u00e9t\u00e9 pour le second mentionn\u00e9. Ici, les championnats europ\u00e9ens seraient lanc\u00e9s fin mars, \u00e0 l&rsquo;issue du <strong>6 Nations<\/strong>, pour s&rsquo;achever en septembre, avec une intersaison de 6 mois.<\/p>\n<p style=\"text-align: justify;\"><span style=\"text-decoration: underline;\"><strong>2\u00e8me piste :<\/strong><\/span> Tout comme la deuxi\u00e8me piste de la 1\u00e8re grande option, le second volet de la seconde option concerne la saison 2021-2022. L\u00e0 aussi, l&rsquo;intersaison apr\u00e8s l&rsquo;exercice 2021 aurait une dur\u00e9e de 3 mois, et non 6, pour des championnats qui s&rsquo;\u00e9taleraient \u00e9galement sur la p\u00e9riode d\u00e9cembre 2021 &#8211; juillet 2022, avant une intersaison de 4 mois.<\/p>\n<h2 style=\"text-align: justify;\">Comment les clubs ont-ils accueilli ce projet ?<\/h2>\n<p style=\"text-align: justify;\">Calendriers align\u00e9s ou non, les pr\u00e9sidents des clubs seraient rest\u00e9s \u00ab interloqu\u00e9s \u00bb selon les informations de <em>Midi Olympique<\/em>. Entre l&rsquo;absence de passerelle entre la <strong>F\u00e9d\u00e9rale 1<\/strong> et la <strong>Pro D2<\/strong> (quid de la <a href=\"https:\/\/dicodusport.fr\/blog\/bernard-laporte-relance-idee-pro-d3\/\" target=\"_blank\" rel=\"noopener noreferrer\">Pro D3<\/a> ?) et le manque de temps pour mettre un place un tel projet, les interrogations sont nombreuses. Car il est vrai qu&rsquo;un tel calendrier pourrait d\u00e9boucher sur un v\u00e9ritable tremblement de terre au niveau du fonctionnement des championnats professionnels, avec la perspective de voir des ligues ferm\u00e9es sortir de terre.<\/p>\n<p style=\"text-align: justify;\">Le 15 juin, dans les locaux de <strong>World Rugby<\/strong> \u00e0 Dublin, une r\u00e9union entre les trois grands championnats domestiques europ\u00e9ens (<strong>Top 14<\/strong>, <strong>Premiership<\/strong>, <strong>Ligue Celte<\/strong>), le <strong>6 Nations<\/strong> et la <strong>SANZAAR<\/strong> doit avoir lieu. Sur la table, certainement ce projet fou mais ambitieux. La r\u00e9volution est-elle en marche ?<\/p>\n<p><strong><em>Dicodusport<br \/>\n<a href=\"https:\/\/www.facebook.com\/dicodusport\/\" target=\"_blank\" rel=\"noopener noreferrer\"><img loading=\"lazy\" decoding=\"async\" class=\"alignnone wp-image-2909\" src=\"http:\/\/dicodusport.fr\/blog\/wp-content\/uploads\/2017\/07\/logo-facebook-150x150.png\" alt=\"\" width=\"40\" height=\"40\" \/><\/a><a href=\"https:\/\/twitter.com\/dicodusport\" target=\"_blank\" rel=\"noopener noreferrer\"><img loading=\"lazy\" decoding=\"async\" class=\"alignnone wp-image-2908\" src=\"http:\/\/dicodusport.fr\/blog\/wp-content\/uploads\/2017\/07\/logo-twitter-150x150.png\" alt=\"\" width=\"39\" height=\"39\" \/><\/a><\/em><\/strong><\/p>\n","protected":false},"excerpt":{"rendered":"<p>TOP 14 &#8211; Attention, r\u00e9volution en vue ! Selon les informations de Midi Olympique, Paul Goze a pr\u00e9sent\u00e9 ce vendredi, aux pr\u00e9sidents du Top 14, un projet de calendrier r\u00e9volutionnaire (et confidentiel). Avec deux grandes options au programme.<\/p>\n","protected":false},"author":4,"featured_media":67830,"comment_status":"open","ping_status":"closed","sticky":false,"template":"","format":"standard","meta":{"_acf_changed":false,"_daextam_enable_autolinks":"","footnotes":""},"categories":[9129],"tags":[10830,13,111],"class_list":["post-67829","post","type-post","status-publish","format-standard","has-post-thumbnail","hentry","category-rugby-a-xv","tag-paul-goze","tag-rugby","tag-top-14"],"acf":[],"yoast_head":"<!-- This site is optimized with the Yoast SEO Premium plugin v26.7 (Yoast SEO v26.7) - https:\/\/yoast.com\/wordpress\/plugins\/seo\/ -->\n<title>Paul Goze a pr\u00e9sent\u00e9 un projet r\u00e9volutionnaire aux pr\u00e9sidents du Top 14<\/title>\n<meta name=\"description\" content=\"TOP 14 - Attention, r\u00e9volution en vue ! Selon les informations de Midi Olympique, Paul Goze a pr\u00e9sent\u00e9 ce vendredi, aux pr\u00e9sidents du Top 14, un projet de calendrier r\u00e9volutionnaire (et confidentiel). Avec deux grandes options au programme.\" \/>\n<meta name=\"robots\" content=\"index, follow, max-snippet:-1, max-image-preview:large, max-video-preview:-1\" \/>\n<link rel=\"canonical\" href=\"https:\/\/dicodusport.fr\/blog\/paul-goze-a-presente-projet-revolutionnaire-presidents-top-14\/\" \/>\n<meta property=\"og:locale\" content=\"fr_FR\" \/>\n<meta property=\"og:type\" content=\"article\" \/>\n<meta property=\"og:title\" content=\"Paul Goze a pr\u00e9sent\u00e9 un projet r\u00e9volutionnaire aux pr\u00e9sidents du Top 14\" \/>\n<meta property=\"og:description\" content=\"TOP 14 - Attention, r\u00e9volution en vue ! Selon les informations de Midi Olympique, Paul Goze a pr\u00e9sent\u00e9 ce vendredi, aux pr\u00e9sidents du Top 14, un projet de calendrier r\u00e9volutionnaire (et confidentiel). Avec deux grandes options au programme.\" \/>\n<meta property=\"og:url\" content=\"https:\/\/dicodusport.fr\/blog\/paul-goze-a-presente-projet-revolutionnaire-presidents-top-14\/\" \/>\n<meta property=\"og:site_name\" content=\"Dicodusport\" \/>\n<meta property=\"article:publisher\" content=\"https:\/\/www.facebook.com\/dicodusport\" \/>\n<meta property=\"article:author\" content=\"https:\/\/www.facebook.com\/florent.ostermann\" \/>\n<meta property=\"article:published_time\" content=\"2020-05-30T06:41:50+00:00\" \/>\n<meta property=\"article:modified_time\" content=\"2020-06-01T13:35:40+00:00\" \/>\n<meta property=\"og:image\" content=\"https:\/\/dicodusport.fr\/blog\/wp-content\/uploads\/2020\/05\/Paul-Goze-a-pr\u00e9sent\u00e9-un-projet-r\u00e9volutionnaire-aux-pr\u00e9sidents-du-Top-14.png\" \/>\n\t<meta property=\"og:image:width\" content=\"800\" \/>\n\t<meta property=\"og:image:height\" content=\"445\" \/>\n\t<meta property=\"og:image:type\" content=\"image\/png\" \/>\n<meta name=\"author\" content=\"Flo Ostermann\" \/>\n<meta name=\"twitter:card\" content=\"summary_large_image\" \/>\n<meta name=\"twitter:title\" content=\"Paul Goze a pr\u00e9sent\u00e9 un projet r\u00e9volutionnaire aux pr\u00e9sidents du Top 14\" \/>\n<meta name=\"twitter:creator\" content=\"@https:\/\/twitter.com\/FlOstermann\" \/>\n<meta name=\"twitter:site\" content=\"@dicodusport\" \/>\n<script type=\"application\/ld+json\" class=\"yoast-schema-graph\">{\"@context\":\"https:\/\/schema.org\",\"@graph\":[{\"@type\":\"NewsArticle\",\"@id\":\"https:\/\/dicodusport.fr\/blog\/paul-goze-a-presente-projet-revolutionnaire-presidents-top-14\/#article\",\"isPartOf\":{\"@id\":\"https:\/\/dicodusport.fr\/blog\/paul-goze-a-presente-projet-revolutionnaire-presidents-top-14\/\"},\"author\":{\"name\":\"Flo Ostermann\",\"@id\":\"https:\/\/dicodusport.fr\/blog\/#\/schema\/person\/cb02af4c173ce4a653b55e9baf388d4a\"},\"headline\":\"Paul Goze a pr\u00e9sent\u00e9 un projet r\u00e9volutionnaire aux pr\u00e9sidents du Top 14\",\"datePublished\":\"2020-05-30T06:41:50+00:00\",\"dateModified\":\"2020-06-01T13:35:40+00:00\",\"mainEntityOfPage\":{\"@id\":\"https:\/\/dicodusport.fr\/blog\/paul-goze-a-presente-projet-revolutionnaire-presidents-top-14\/\"},\"wordCount\":601,\"commentCount\":0,\"publisher\":{\"@id\":\"https:\/\/dicodusport.fr\/blog\/#organization\"},\"image\":{\"@id\":\"https:\/\/dicodusport.fr\/blog\/paul-goze-a-presente-projet-revolutionnaire-presidents-top-14\/#primaryimage\"},\"thumbnailUrl\":\"https:\/\/dicodusport.fr\/blog\/wp-content\/uploads\/2020\/05\/Paul-Goze-a-pr\u00e9sent\u00e9-un-projet-r\u00e9volutionnaire-aux-pr\u00e9sidents-du-Top-14.png\",\"keywords\":[\"Paul Goze\",\"Rugby\",\"Top 14\"],\"articleSection\":[\"Rugby \u00e0 XV\"],\"inLanguage\":\"fr-FR\",\"potentialAction\":[{\"@type\":\"CommentAction\",\"name\":\"Comment\",\"target\":[\"https:\/\/dicodusport.fr\/blog\/paul-goze-a-presente-projet-revolutionnaire-presidents-top-14\/#respond\"]}],\"copyrightYear\":\"2020\",\"copyrightHolder\":{\"@id\":\"https:\/\/dicodusport.fr\/blog\/#organization\"}},{\"@type\":\"WebPage\",\"@id\":\"https:\/\/dicodusport.fr\/blog\/paul-goze-a-presente-projet-revolutionnaire-presidents-top-14\/\",\"url\":\"https:\/\/dicodusport.fr\/blog\/paul-goze-a-presente-projet-revolutionnaire-presidents-top-14\/\",\"name\":\"Paul Goze a pr\u00e9sent\u00e9 un projet r\u00e9volutionnaire aux pr\u00e9sidents du Top 14\",\"isPartOf\":{\"@id\":\"https:\/\/dicodusport.fr\/blog\/#website\"},\"primaryImageOfPage\":{\"@id\":\"https:\/\/dicodusport.fr\/blog\/paul-goze-a-presente-projet-revolutionnaire-presidents-top-14\/#primaryimage\"},\"image\":{\"@id\":\"https:\/\/dicodusport.fr\/blog\/paul-goze-a-presente-projet-revolutionnaire-presidents-top-14\/#primaryimage\"},\"thumbnailUrl\":\"https:\/\/dicodusport.fr\/blog\/wp-content\/uploads\/2020\/05\/Paul-Goze-a-pr\u00e9sent\u00e9-un-projet-r\u00e9volutionnaire-aux-pr\u00e9sidents-du-Top-14.png\",\"datePublished\":\"2020-05-30T06:41:50+00:00\",\"dateModified\":\"2020-06-01T13:35:40+00:00\",\"description\":\"TOP 14 - Attention, r\u00e9volution en vue ! Selon les informations de Midi Olympique, Paul Goze a pr\u00e9sent\u00e9 ce vendredi, aux pr\u00e9sidents du Top 14, un projet de calendrier r\u00e9volutionnaire (et confidentiel). Avec deux grandes options au programme.\",\"breadcrumb\":{\"@id\":\"https:\/\/dicodusport.fr\/blog\/paul-goze-a-presente-projet-revolutionnaire-presidents-top-14\/#breadcrumb\"},\"inLanguage\":\"fr-FR\",\"potentialAction\":[{\"@type\":\"ReadAction\",\"target\":[\"https:\/\/dicodusport.fr\/blog\/paul-goze-a-presente-projet-revolutionnaire-presidents-top-14\/\"]}]},{\"@type\":\"ImageObject\",\"inLanguage\":\"fr-FR\",\"@id\":\"https:\/\/dicodusport.fr\/blog\/paul-goze-a-presente-projet-revolutionnaire-presidents-top-14\/#primaryimage\",\"url\":\"https:\/\/dicodusport.fr\/blog\/wp-content\/uploads\/2020\/05\/Paul-Goze-a-pr\u00e9sent\u00e9-un-projet-r\u00e9volutionnaire-aux-pr\u00e9sidents-du-Top-14.png\",\"contentUrl\":\"https:\/\/dicodusport.fr\/blog\/wp-content\/uploads\/2020\/05\/Paul-Goze-a-pr\u00e9sent\u00e9-un-projet-r\u00e9volutionnaire-aux-pr\u00e9sidents-du-Top-14.png\",\"width\":800,\"height\":445,\"caption\":\"Paul Goze a pr\u00e9sent\u00e9 un projet r\u00e9volutionnaire aux pr\u00e9sidents du Top 14\"},{\"@type\":\"BreadcrumbList\",\"@id\":\"https:\/\/dicodusport.fr\/blog\/paul-goze-a-presente-projet-revolutionnaire-presidents-top-14\/#breadcrumb\",\"itemListElement\":[{\"@type\":\"ListItem\",\"position\":1,\"name\":\"Accueil\",\"item\":\"https:\/\/dicodusport.fr\/blog\/\"},{\"@type\":\"ListItem\",\"position\":2,\"name\":\"Paul Goze a pr\u00e9sent\u00e9 un projet r\u00e9volutionnaire aux pr\u00e9sidents du Top 14\"}]},{\"@type\":\"WebSite\",\"@id\":\"https:\/\/dicodusport.fr\/blog\/#website\",\"url\":\"https:\/\/dicodusport.fr\/blog\/\",\"name\":\"Dicodusport\",\"description\":\"L&#039;encyclop\u00e9die de l&#039;actualit\u00e9 sportive\",\"publisher\":{\"@id\":\"https:\/\/dicodusport.fr\/blog\/#organization\"},\"potentialAction\":[{\"@type\":\"SearchAction\",\"target\":{\"@type\":\"EntryPoint\",\"urlTemplate\":\"https:\/\/dicodusport.fr\/blog\/?s={search_term_string}\"},\"query-input\":{\"@type\":\"PropertyValueSpecification\",\"valueRequired\":true,\"valueName\":\"search_term_string\"}}],\"inLanguage\":\"fr-FR\"},{\"@type\":\"NewsMediaOrganization\",\"@id\":\"https:\/\/dicodusport.fr\/blog\/#organization\",\"name\":\"Dicodusport\",\"url\":\"https:\/\/dicodusport.fr\/blog\/\",\"logo\":{\"@type\":\"ImageObject\",\"inLanguage\":\"fr-FR\",\"@id\":\"https:\/\/dicodusport.fr\/blog\/#\/schema\/logo\/image\/\",\"url\":\"https:\/\/dicodusport.fr\/blog\/wp-content\/uploads\/2020\/06\/cropped-LOGO-DICODUSPORT-2020-SANS-FOND-SANS-TEXTE.png\",\"contentUrl\":\"https:\/\/dicodusport.fr\/blog\/wp-content\/uploads\/2020\/06\/cropped-LOGO-DICODUSPORT-2020-SANS-FOND-SANS-TEXTE.png\",\"width\":512,\"height\":512,\"caption\":\"Dicodusport\"},\"image\":{\"@id\":\"https:\/\/dicodusport.fr\/blog\/#\/schema\/logo\/image\/\"},\"sameAs\":[\"https:\/\/www.facebook.com\/dicodusport\",\"https:\/\/x.com\/dicodusport\",\"https:\/\/www.instagram.com\/dicodusport\/\",\"https:\/\/www.youtube.com\/channel\/UC7V2KZ5sd3htJivAbA4ZG3w\"],\"description\":\"Dicodusport est l'encyclop\u00e9die de l'actualit\u00e9 sportive.\",\"email\":\"bonjour@dicodusport.fr\",\"legalName\":\"DICODUSPORT\",\"foundingDate\":\"2018-01-14\",\"vatID\":\"FR71834470973\",\"taxID\":\"83447097300043\",\"numberOfEmployees\":{\"@type\":\"QuantitativeValue\",\"minValue\":\"1\",\"maxValue\":\"10\"}},{\"@type\":\"Person\",\"@id\":\"https:\/\/dicodusport.fr\/blog\/#\/schema\/person\/cb02af4c173ce4a653b55e9baf388d4a\",\"name\":\"Flo Ostermann\",\"image\":{\"@type\":\"ImageObject\",\"inLanguage\":\"fr-FR\",\"@id\":\"https:\/\/dicodusport.fr\/blog\/#\/schema\/person\/image\/\",\"url\":\"https:\/\/dicodusport.fr\/blog\/wp-content\/uploads\/2021\/05\/Flo-Ostermann-150x150.jpg\",\"contentUrl\":\"https:\/\/dicodusport.fr\/blog\/wp-content\/uploads\/2021\/05\/Flo-Ostermann-150x150.jpg\",\"caption\":\"Flo Ostermann\"},\"description\":\"Journaliste\/R\u00e9dacteur depuis septembre 2015 - Mes premiers souvenirs dans le sport ? Les envol\u00e9es du Stade Toulousain et les duels Villeneuve-Schumacher et H\u00e4kkinen-Schumacher \u00e0 la fin des ann\u00e9es 90, la Coupe du monde de football en 1998, l\u2019exploit du XV de France face aux All Blacks en 1999, mais aussi Richard C\u0153ur de Lion qui vole sur les montagnes du Tour de France. Bien parti pour devenir professeur d\u2019EPS, les \u00e9v\u00e9nements de la vie (et la flemme d\u2019animer des s\u00e9ances de 3x500 m\u00e8tres toute ma vie) m\u2019ont conduit \u00e0 revoir mes plans. Me voil\u00e0 depuis fin 2017 sur Dicodusport, m\u00e9dia gr\u00e2ce (et pour) lequel je partage ma passion : le sport dans tous ses \u00e9tats. Le tout accompagn\u00e9 par les fous furieux et folles furieuses cit\u00e9s sur cette page !\",\"sameAs\":[\"https:\/\/www.facebook.com\/florent.ostermann\",\"https:\/\/x.com\/https:\/\/twitter.com\/FlOstermann\",\"admin\"],\"url\":\"https:\/\/dicodusport.fr\/blog\/author\/flo\/\"}]}<\/script>\n<!-- \/ Yoast SEO Premium plugin. -->","yoast_head_json":{"title":"Paul Goze a pr\u00e9sent\u00e9 un projet r\u00e9volutionnaire aux pr\u00e9sidents du Top 14","description":"TOP 14 - Attention, r\u00e9volution en vue ! Selon les informations de Midi Olympique, Paul Goze a pr\u00e9sent\u00e9 ce vendredi, aux pr\u00e9sidents du Top 14, un projet de calendrier r\u00e9volutionnaire (et confidentiel). Avec deux grandes options au programme.","robots":{"index":"index","follow":"follow","max-snippet":"max-snippet:-1","max-image-preview":"max-image-preview:large","max-video-preview":"max-video-preview:-1"},"canonical":"https:\/\/dicodusport.fr\/blog\/paul-goze-a-presente-projet-revolutionnaire-presidents-top-14\/","og_locale":"fr_FR","og_type":"article","og_title":"Paul Goze a pr\u00e9sent\u00e9 un projet r\u00e9volutionnaire aux pr\u00e9sidents du Top 14","og_description":"TOP 14 - Attention, r\u00e9volution en vue ! Selon les informations de Midi Olympique, Paul Goze a pr\u00e9sent\u00e9 ce vendredi, aux pr\u00e9sidents du Top 14, un projet de calendrier r\u00e9volutionnaire (et confidentiel). Avec deux grandes options au programme.","og_url":"https:\/\/dicodusport.fr\/blog\/paul-goze-a-presente-projet-revolutionnaire-presidents-top-14\/","og_site_name":"Dicodusport","article_publisher":"https:\/\/www.facebook.com\/dicodusport","article_author":"https:\/\/www.facebook.com\/florent.ostermann","article_published_time":"2020-05-30T06:41:50+00:00","article_modified_time":"2020-06-01T13:35:40+00:00","og_image":[{"width":800,"height":445,"url":"https:\/\/dicodusport.fr\/blog\/wp-content\/uploads\/2020\/05\/Paul-Goze-a-pr\u00e9sent\u00e9-un-projet-r\u00e9volutionnaire-aux-pr\u00e9sidents-du-Top-14.png","type":"image\/png"}],"author":"Flo Ostermann","twitter_card":"summary_large_image","twitter_title":"Paul Goze a pr\u00e9sent\u00e9 un projet r\u00e9volutionnaire aux pr\u00e9sidents du Top 14","twitter_creator":"@https:\/\/twitter.com\/FlOstermann","twitter_site":"@dicodusport","schema":{"@context":"https:\/\/schema.org","@graph":[{"@type":"NewsArticle","@id":"https:\/\/dicodusport.fr\/blog\/paul-goze-a-presente-projet-revolutionnaire-presidents-top-14\/#article","isPartOf":{"@id":"https:\/\/dicodusport.fr\/blog\/paul-goze-a-presente-projet-revolutionnaire-presidents-top-14\/"},"author":{"name":"Flo Ostermann","@id":"https:\/\/dicodusport.fr\/blog\/#\/schema\/person\/cb02af4c173ce4a653b55e9baf388d4a"},"headline":"Paul Goze a pr\u00e9sent\u00e9 un projet r\u00e9volutionnaire aux pr\u00e9sidents du Top 14","datePublished":"2020-05-30T06:41:50+00:00","dateModified":"2020-06-01T13:35:40+00:00","mainEntityOfPage":{"@id":"https:\/\/dicodusport.fr\/blog\/paul-goze-a-presente-projet-revolutionnaire-presidents-top-14\/"},"wordCount":601,"commentCount":0,"publisher":{"@id":"https:\/\/dicodusport.fr\/blog\/#organization"},"image":{"@id":"https:\/\/dicodusport.fr\/blog\/paul-goze-a-presente-projet-revolutionnaire-presidents-top-14\/#primaryimage"},"thumbnailUrl":"https:\/\/dicodusport.fr\/blog\/wp-content\/uploads\/2020\/05\/Paul-Goze-a-pr\u00e9sent\u00e9-un-projet-r\u00e9volutionnaire-aux-pr\u00e9sidents-du-Top-14.png","keywords":["Paul Goze","Rugby","Top 14"],"articleSection":["Rugby \u00e0 XV"],"inLanguage":"fr-FR","potentialAction":[{"@type":"CommentAction","name":"Comment","target":["https:\/\/dicodusport.fr\/blog\/paul-goze-a-presente-projet-revolutionnaire-presidents-top-14\/#respond"]}],"copyrightYear":"2020","copyrightHolder":{"@id":"https:\/\/dicodusport.fr\/blog\/#organization"}},{"@type":"WebPage","@id":"https:\/\/dicodusport.fr\/blog\/paul-goze-a-presente-projet-revolutionnaire-presidents-top-14\/","url":"https:\/\/dicodusport.fr\/blog\/paul-goze-a-presente-projet-revolutionnaire-presidents-top-14\/","name":"Paul Goze a pr\u00e9sent\u00e9 un projet r\u00e9volutionnaire aux pr\u00e9sidents du Top 14","isPartOf":{"@id":"https:\/\/dicodusport.fr\/blog\/#website"},"primaryImageOfPage":{"@id":"https:\/\/dicodusport.fr\/blog\/paul-goze-a-presente-projet-revolutionnaire-presidents-top-14\/#primaryimage"},"image":{"@id":"https:\/\/dicodusport.fr\/blog\/paul-goze-a-presente-projet-revolutionnaire-presidents-top-14\/#primaryimage"},"thumbnailUrl":"https:\/\/dicodusport.fr\/blog\/wp-content\/uploads\/2020\/05\/Paul-Goze-a-pr\u00e9sent\u00e9-un-projet-r\u00e9volutionnaire-aux-pr\u00e9sidents-du-Top-14.png","datePublished":"2020-05-30T06:41:50+00:00","dateModified":"2020-06-01T13:35:40+00:00","description":"TOP 14 - Attention, r\u00e9volution en vue ! Selon les informations de Midi Olympique, Paul Goze a pr\u00e9sent\u00e9 ce vendredi, aux pr\u00e9sidents du Top 14, un projet de calendrier r\u00e9volutionnaire (et confidentiel). Avec deux grandes options au programme.","breadcrumb":{"@id":"https:\/\/dicodusport.fr\/blog\/paul-goze-a-presente-projet-revolutionnaire-presidents-top-14\/#breadcrumb"},"inLanguage":"fr-FR","potentialAction":[{"@type":"ReadAction","target":["https:\/\/dicodusport.fr\/blog\/paul-goze-a-presente-projet-revolutionnaire-presidents-top-14\/"]}]},{"@type":"ImageObject","inLanguage":"fr-FR","@id":"https:\/\/dicodusport.fr\/blog\/paul-goze-a-presente-projet-revolutionnaire-presidents-top-14\/#primaryimage","url":"https:\/\/dicodusport.fr\/blog\/wp-content\/uploads\/2020\/05\/Paul-Goze-a-pr\u00e9sent\u00e9-un-projet-r\u00e9volutionnaire-aux-pr\u00e9sidents-du-Top-14.png","contentUrl":"https:\/\/dicodusport.fr\/blog\/wp-content\/uploads\/2020\/05\/Paul-Goze-a-pr\u00e9sent\u00e9-un-projet-r\u00e9volutionnaire-aux-pr\u00e9sidents-du-Top-14.png","width":800,"height":445,"caption":"Paul Goze a pr\u00e9sent\u00e9 un projet r\u00e9volutionnaire aux pr\u00e9sidents du Top 14"},{"@type":"BreadcrumbList","@id":"https:\/\/dicodusport.fr\/blog\/paul-goze-a-presente-projet-revolutionnaire-presidents-top-14\/#breadcrumb","itemListElement":[{"@type":"ListItem","position":1,"name":"Accueil","item":"https:\/\/dicodusport.fr\/blog\/"},{"@type":"ListItem","position":2,"name":"Paul Goze a pr\u00e9sent\u00e9 un projet r\u00e9volutionnaire aux pr\u00e9sidents du Top 14"}]},{"@type":"WebSite","@id":"https:\/\/dicodusport.fr\/blog\/#website","url":"https:\/\/dicodusport.fr\/blog\/","name":"Dicodusport","description":"L&#039;encyclop\u00e9die de l&#039;actualit\u00e9 sportive","publisher":{"@id":"https:\/\/dicodusport.fr\/blog\/#organization"},"potentialAction":[{"@type":"SearchAction","target":{"@type":"EntryPoint","urlTemplate":"https:\/\/dicodusport.fr\/blog\/?s={search_term_string}"},"query-input":{"@type":"PropertyValueSpecification","valueRequired":true,"valueName":"search_term_string"}}],"inLanguage":"fr-FR"},{"@type":"NewsMediaOrganization","@id":"https:\/\/dicodusport.fr\/blog\/#organization","name":"Dicodusport","url":"https:\/\/dicodusport.fr\/blog\/","logo":{"@type":"ImageObject","inLanguage":"fr-FR","@id":"https:\/\/dicodusport.fr\/blog\/#\/schema\/logo\/image\/","url":"https:\/\/dicodusport.fr\/blog\/wp-content\/uploads\/2020\/06\/cropped-LOGO-DICODUSPORT-2020-SANS-FOND-SANS-TEXTE.png","contentUrl":"https:\/\/dicodusport.fr\/blog\/wp-content\/uploads\/2020\/06\/cropped-LOGO-DICODUSPORT-2020-SANS-FOND-SANS-TEXTE.png","width":512,"height":512,"caption":"Dicodusport"},"image":{"@id":"https:\/\/dicodusport.fr\/blog\/#\/schema\/logo\/image\/"},"sameAs":["https:\/\/www.facebook.com\/dicodusport","https:\/\/x.com\/dicodusport","https:\/\/www.instagram.com\/dicodusport\/","https:\/\/www.youtube.com\/channel\/UC7V2KZ5sd3htJivAbA4ZG3w"],"description":"Dicodusport est l'encyclop\u00e9die de l'actualit\u00e9 sportive.","email":"bonjour@dicodusport.fr","legalName":"DICODUSPORT","foundingDate":"2018-01-14","vatID":"FR71834470973","taxID":"83447097300043","numberOfEmployees":{"@type":"QuantitativeValue","minValue":"1","maxValue":"10"}},{"@type":"Person","@id":"https:\/\/dicodusport.fr\/blog\/#\/schema\/person\/cb02af4c173ce4a653b55e9baf388d4a","name":"Flo Ostermann","image":{"@type":"ImageObject","inLanguage":"fr-FR","@id":"https:\/\/dicodusport.fr\/blog\/#\/schema\/person\/image\/","url":"https:\/\/dicodusport.fr\/blog\/wp-content\/uploads\/2021\/05\/Flo-Ostermann-150x150.jpg","contentUrl":"https:\/\/dicodusport.fr\/blog\/wp-content\/uploads\/2021\/05\/Flo-Ostermann-150x150.jpg","caption":"Flo Ostermann"},"description":"Journaliste\/R\u00e9dacteur depuis septembre 2015 - Mes premiers souvenirs dans le sport ? Les envol\u00e9es du Stade Toulousain et les duels Villeneuve-Schumacher et H\u00e4kkinen-Schumacher \u00e0 la fin des ann\u00e9es 90, la Coupe du monde de football en 1998, l\u2019exploit du XV de France face aux All Blacks en 1999, mais aussi Richard C\u0153ur de Lion qui vole sur les montagnes du Tour de France. Bien parti pour devenir professeur d\u2019EPS, les \u00e9v\u00e9nements de la vie (et la flemme d\u2019animer des s\u00e9ances de 3x500 m\u00e8tres toute ma vie) m\u2019ont conduit \u00e0 revoir mes plans. Me voil\u00e0 depuis fin 2017 sur Dicodusport, m\u00e9dia gr\u00e2ce (et pour) lequel je partage ma passion : le sport dans tous ses \u00e9tats. Le tout accompagn\u00e9 par les fous furieux et folles furieuses cit\u00e9s sur cette page !","sameAs":["https:\/\/www.facebook.com\/florent.ostermann","https:\/\/x.com\/https:\/\/twitter.com\/FlOstermann","admin"],"url":"https:\/\/dicodusport.fr\/blog\/author\/flo\/"}]}},"_links":{"self":[{"href":"https:\/\/dicodusport.fr\/blog\/wp-json\/wp\/v2\/posts\/67829","targetHints":{"allow":["GET"]}}],"collection":[{"href":"https:\/\/dicodusport.fr\/blog\/wp-json\/wp\/v2\/posts"}],"about":[{"href":"https:\/\/dicodusport.fr\/blog\/wp-json\/wp\/v2\/types\/post"}],"author":[{"embeddable":true,"href":"https:\/\/dicodusport.fr\/blog\/wp-json\/wp\/v2\/users\/4"}],"replies":[{"embeddable":true,"href":"https:\/\/dicodusport.fr\/blog\/wp-json\/wp\/v2\/comments?post=67829"}],"version-history":[{"count":0,"href":"https:\/\/dicodusport.fr\/blog\/wp-json\/wp\/v2\/posts\/67829\/revisions"}],"wp:featuredmedia":[{"embeddable":true,"href":"https:\/\/dicodusport.fr\/blog\/wp-json\/wp\/v2\/media\/67830"}],"wp:attachment":[{"href":"https:\/\/dicodusport.fr\/blog\/wp-json\/wp\/v2\/media?parent=67829"}],"wp:term":[{"taxonomy":"category","embeddable":true,"href":"https:\/\/dicodusport.fr\/blog\/wp-json\/wp\/v2\/categories?post=67829"},{"taxonomy":"post_tag","embeddable":true,"href":"https:\/\/dicodusport.fr\/blog\/wp-json\/wp\/v2\/tags?post=67829"}],"curies":[{"name":"wp","href":"https:\/\/api.w.org\/{rel}","templated":true}]}}