{"id":67914,"date":"2020-12-08T15:23:19","date_gmt":"2020-12-08T14:23:19","guid":{"rendered":"http:\/\/dicodusport.fr\/blog\/?p=67914&#038;preview=true&#038;preview_id=67914"},"modified":"2020-12-08T15:23:31","modified_gmt":"2020-12-08T14:23:31","slug":"cyclisme-transferts-2020-2021-tableau-du-mercato","status":"publish","type":"post","link":"https:\/\/dicodusport.fr\/blog\/cyclisme-transferts-2020-2021-tableau-du-mercato\/","title":{"rendered":"Cyclisme &#8211; Transferts 2020\/2021 : le tableau du mercato"},"content":{"rendered":"<p style=\"text-align: justify;\"><strong><em>Cyclisme 2020\/2021 &#8211; Retrouvez toutes les rumeurs ainsi que les transferts du mercato des \u00e9quipes UCI WorldTeam, mais aussi des \u00e9quipes fran\u00e7aises en UCI ProTeam.<\/em><\/strong><\/p>\n<p style=\"text-align: justify;\"><strong>En gras : Officiel<\/strong><br \/>\nEn \u00e9criture normale : Rumeur<\/p>\n<div class=\"su-table su-table-alternate\">\n<table style=\"height: x;width: 100%;border-collapse: collapse\" border=\"1\">\n<tbody>\n<tr style=\"height: 22px\">\n<td style=\"width: 15.8859%;border-color: #e8e8e8;height: 23px;text-align: center;vertical-align: middle\"><span style=\"color: #000000\"><strong><span style=\"font-size: 14px\">&#x1f455; EQUIPES<\/span><\/strong><\/span><\/td>\n<td style=\"width: 28.5132%;height: 23px;border-color: #e8e8e8;text-align: center\"><span style=\"font-size: 14px\"><span style=\"color: #000000\"><strong><span style=\"color: #008000\">\u25bc<\/span> <\/strong><\/span><strong><span style=\"color: #000000\">ARRIV\u00c9ES<\/span><\/strong><\/span><\/td>\n<td style=\"width: 27.9022%;height: 23px;border-color: #e8e8e8;text-align: center\"><span style=\"font-size: 14px\"><span style=\"color: #000000\"><strong><span style=\"color: #ff0000\">\u25b2<\/span> <\/strong><\/span><strong><span style=\"color: #000000\">D\u00c9PARTS<\/span><\/strong><\/span><\/td>\n<td style=\"width: 27.5967%;height: 23px;border-color: #e8e8e8;text-align: center\"><span style=\"color: #000000;font-size: 14px\"><strong>&#x1f4dd; PROLONGATIONS <\/strong><\/span><\/td>\n<\/tr>\n<tr style=\"height: 22px\">\n<td style=\"width: 15.8859%;border-color: #e8e8e8;height: 46px;text-align: center;vertical-align: middle\"><span style=\"font-size: 14px\"><a style=\"font-size: 14px;font-weight: bold\" href=\"http:\/\/dicodusport.fr\/blog\/wp-content\/uploads\/2020\/05\/Maillot-AG2R-La-Mondiale-2020.jpg\"><img loading=\"lazy\" decoding=\"async\" class=\"aligncenter wp-image-67916 \" src=\"http:\/\/dicodusport.fr\/blog\/wp-content\/uploads\/2020\/05\/Maillot-AG2R-La-Mondiale-2020.jpg\" alt=\"\" width=\"101\" height=\"101\" srcset=\"https:\/\/dicodusport.fr\/blog\/wp-content\/uploads\/2020\/05\/Maillot-AG2R-La-Mondiale-2020.jpg 600w, https:\/\/dicodusport.fr\/blog\/wp-content\/uploads\/2020\/05\/Maillot-AG2R-La-Mondiale-2020-300x300.jpg 300w, https:\/\/dicodusport.fr\/blog\/wp-content\/uploads\/2020\/05\/Maillot-AG2R-La-Mondiale-2020-150x150.jpg 150w, https:\/\/dicodusport.fr\/blog\/wp-content\/uploads\/2020\/05\/Maillot-AG2R-La-Mondiale-2020-80x80.jpg 80w\" sizes=\"auto, (max-width: 101px) 100vw, 101px\" \/><\/a><b style=\"font-size: 14px\">AG2R LA MONDIALE<\/b><br \/>\n<b style=\"font-size: 14px\">(AG2R <\/b><span style=\"font-size: 14px\"><b>Citro\u00ebn<\/b><\/span><b style=\"font-size: 14px\"> Team en 2021)<\/b><\/span><\/td>\n<td style=\"width: 28.5132%;height: 46px;border-color: #e8e8e8;text-align: left;vertical-align: middle\"><span style=\"font-size: 14px\"><strong><a href=\"https:\/\/dicodusport.fr\/blog\/officiel-lilian-calmejane-rejoindra-ag2r-citroen-en-2021\/\" target=\"_blank\" rel=\"noopener noreferrer\">&#8211; L. Calmejane \u2192 Total Direct \u00c9nergie<\/a><br \/>\n&#8211; S. Dewulf \u2192 Lotto-Soudal<br \/>\n&#8211; A. Jullien \u2192 Chamb\u00e9ry Cyclisme Formation<br \/>\n&#8211; B. Jungels \u2192 Deceuninck &#8211; Quick-Step<br \/>\n&#8211; B. O&rsquo;Connor \u2192 NTT<br \/>\n&#8211; N. Prodhomme \u2192 Chamb\u00e9ry Cyclisme Formation<br \/>\n&#8211; M. Sarreau \u2192 Groupama-FDJ<br \/>\n&#8211; M. Sch\u00e4r \u2192 CCC Team<br \/>\n&#8211; D. Touz\u00e9 \u2192 Cofidis<br \/>\n&#8211; G. Van Avermaet \u2192 CCC Team<\/strong><br \/>\n<strong>&#8211; G. Van Hoecke \u2192 CCC Team<\/strong><\/span><span style=\"font-size: 14px\"><br \/>\n<\/span><\/td>\n<td style=\"width: 27.9022%;height: 46px;border-color: #e8e8e8;text-align: left;vertical-align: middle\"><span style=\"font-size: 14px\"><a href=\"https:\/\/dicodusport.fr\/blog\/officiel-romain-bardet-rejoint-sunweb\/\" target=\"_blank\" rel=\"noopener noreferrer\"><strong>&#8211; R. Bardet \u2192 Sunweb<\/strong><\/a><br \/>\n<strong>&#8211; S. Dillier \u2192 Alpecin-Fenix<br \/>\n&#8211; A. Geniez \u2192 Total Direct \u00c9nergie<br \/>\n&#8211; Q. Jauregui \u2192 B&amp;B Hotels-Vital Concept p\/b KTM<br \/>\n<\/strong><\/span><span style=\"font-size: 14px\"><strong>&#8211; P. Latour \u2192 Total Direct \u00c9nergie<br \/>\n&#8211; H. Tanfield \u2192 <span class=\"st\">Team Qhubeka ASSOS\u00a0<\/span><br \/>\n&#8211; A. Vuillermoz \u2192 Total Direct Energie<br \/>\n&#8211; C. Chevrier \u2192 Retraite<br \/>\n&#8211; A. Domont \u2192 Retraite<\/strong><br \/>\n&#8211; S. Vandenbergh \u2192 Retraite<br \/>\n<\/span><span style=\"font-size: 14px;font-family: inherit\"><br \/>\n<\/span><\/td>\n<td style=\"width: 27.5967%;height: 46px;text-align: left;border-color: #e8e8e8;vertical-align: middle\">&nbsp;<\/p>\n<p><span style=\"font-size: 14px\"><strong>&#8211; M. Frank \u2192 1 an &#8211; 2021<br \/>\n&#8211; B. Gastauer \u2192 1 an &#8211; 2021<\/strong><\/span><span style=\"font-size: 14px\"><strong><br \/>\n&#8211; G. Bouchard \u2192 2 ans &#8211; 2022<br \/>\n&#8211; M. Cherel \u2192 2 ans &#8211; 2022<br \/>\n&#8211; D. Godon \u2192 2 ans &#8211; 2022<br \/>\n&#8211; A. Paret-Peintre \u2192 2 ans &#8211; 2022<br \/>\n&#8211; N. Peters \u2192 2 ans &#8211; 2022<br \/>\n&#8211; L. Warbasse \u2192 2 ans &#8211; 2022<br \/>\n&#8211; B. Cosnefroy \u2192 3 ans &#8211; 2023<br \/>\n<\/strong><\/span><span style=\"font-size: 14px\"><strong><a href=\"https:\/\/dicodusport.fr\/blog\/oliver-naesen-prolonga-avec-ag2r-la-mondiale\/\" target=\"_blank\" rel=\"noopener noreferrer\">&#8211; O. Naesen \u2192 3 ans &#8211; 2023<\/a><br \/>\n&#8211; A. Vendrame \u2192 3 ans &#8211; 2023<br \/>\n&#8211; J. Hanninen \u2192 4 ans &#8211; 2024<br \/>\n<\/strong><\/span><\/p>\n<p>&nbsp;<\/td>\n<\/tr>\n<tr style=\"height: 22px\">\n<td style=\"width: 15.8859%;border-color: #e8e8e8;text-align: center;vertical-align: middle;height: 69px\"><span style=\"font-size: 14px\"><strong><a href=\"http:\/\/dicodusport.fr\/blog\/wp-content\/uploads\/2020\/05\/Maillot-Astana-2020.jpg\"><img loading=\"lazy\" decoding=\"async\" class=\"aligncenter wp-image-67917 \" src=\"http:\/\/dicodusport.fr\/blog\/wp-content\/uploads\/2020\/05\/Maillot-Astana-2020.jpg\" alt=\"\" width=\"100\" height=\"100\" srcset=\"https:\/\/dicodusport.fr\/blog\/wp-content\/uploads\/2020\/05\/Maillot-Astana-2020.jpg 600w, https:\/\/dicodusport.fr\/blog\/wp-content\/uploads\/2020\/05\/Maillot-Astana-2020-300x300.jpg 300w, https:\/\/dicodusport.fr\/blog\/wp-content\/uploads\/2020\/05\/Maillot-Astana-2020-150x150.jpg 150w, https:\/\/dicodusport.fr\/blog\/wp-content\/uploads\/2020\/05\/Maillot-Astana-2020-80x80.jpg 80w\" sizes=\"auto, (max-width: 100px) 100vw, 100px\" \/><\/a>ASTANA PRO TEAM<\/strong><\/span><\/td>\n<td style=\"width: 28.5132%;height: 69px;border-color: #e8e8e8;text-align: left;vertical-align: middle\">&nbsp;<\/p>\n<p><span style=\"font-size: 14px\"><strong><span class=\"st\">&#8211; S. Battistella \u2192 NTT<br \/>\n&#8211; G. Brussenskiy\u00a0\u2192 Vino-Astana Motors<br \/>\n&#8211; S. de Bod \u2192 NTT<br \/>\n&#8211; Y. Fedorov<\/span><span class=\"st\"> \u2192 Vino-Astana Motors<br \/>\n&#8211; B. Perry \u2192 Israel Cycling Academy<br \/>\n&#8211; A. Piccolo \u2192 Team Colpack Ballan<br \/>\n&#8211; J. Romo \u2192 Baqu\u00e9 BH<br \/>\n&#8211; M. Sobrero \u2192 NTT<\/span><\/strong><br \/>\n&#8211; D. Arroyave \u2192 UAE Colombia<\/span><span style=\"font-size: 14px\"><br \/>\n<\/span><\/p>\n<p>&nbsp;<\/td>\n<td style=\"width: 27.9022%;height: 69px;border-color: #e8e8e8;text-align: left;vertical-align: middle\"><span style=\"font-size: 14px\"><strong>&#8211; M.A. Lopez \u2192 Movistar<\/strong><br \/>\n&#8211; J. Fuglsang \u2192 Movistar<\/span><span style=\"font-size: 14px\"><br \/>\n&#8211; A. Vlasov \u2192 Ineos<strong><br \/>\n<\/strong><\/span><\/td>\n<td style=\"width: 27.5967%;height: 69px;text-align: left;border-color: #e8e8e8;vertical-align: middle\"><span style=\"font-size: 14px\"><strong>&#8211; M. Boaro \u2192 1 an &#8211; 2021<br \/>\n&#8211; R. Contreras \u2192 1 an &#8211; 2021<br \/>\n&#8211; Y. Gidich \u2192 1 an &#8211; 2021<br \/>\n&#8211; J. Gregaard \u2192 1 an &#8211; 2021<br \/>\n&#8211; D. Gruzdev \u2192 1 an &#8211; 2021<br \/>\n&#8211; G. Izagirre \u2192 1 an &#8211; 2021<br \/>\n&#8211; I. Izagirre \u2192 1 an &#8211; 2021<br \/>\n&#8211; A. Lutsenko \u2192 1 an &#8211; 2021<br \/>\n&#8211; D. Martinelli \u2192 1 an &#8211; 2021<br \/>\n&#8211; Y. Natarov \u2192 1 an &#8211; 2021<\/strong><\/span><br \/>\n<span style=\"font-size: 14px\"><strong>&#8211; V. Pronskiy \u2192 1 an &#8211; 2021<br \/>\n&#8211; L.L Sanchez \u2192 1 an &#8211; 2021<br \/>\n&#8211; N. Stalnov \u2192 1 an &#8211; 2021<br \/>\n&#8211; A. Zakharov \u2192 1 an &#8211; 2021<\/strong><\/span><\/td>\n<\/tr>\n<tr style=\"height: 22px\">\n<td style=\"width: 15.8859%;border-color: #e8e8e8;text-align: center;vertical-align: middle;height: 161px\"><span style=\"font-size: 14px\"><strong><a href=\"http:\/\/dicodusport.fr\/blog\/wp-content\/uploads\/2020\/05\/Maillot-Bahrain-McLaren-2020.png\"><img loading=\"lazy\" decoding=\"async\" class=\"aligncenter wp-image-67927 \" src=\"http:\/\/dicodusport.fr\/blog\/wp-content\/uploads\/2020\/05\/Maillot-Bahrain-McLaren-2020.png\" alt=\"\" width=\"101\" height=\"101\" srcset=\"https:\/\/dicodusport.fr\/blog\/wp-content\/uploads\/2020\/05\/Maillot-Bahrain-McLaren-2020.png 200w, https:\/\/dicodusport.fr\/blog\/wp-content\/uploads\/2020\/05\/Maillot-Bahrain-McLaren-2020-150x150.png 150w, https:\/\/dicodusport.fr\/blog\/wp-content\/uploads\/2020\/05\/Maillot-Bahrain-McLaren-2020-80x80.png 80w\" sizes=\"auto, (max-width: 101px) 100vw, 101px\" \/><\/a>BAHRAIN MCLAREN<\/strong><\/span><\/td>\n<td style=\"width: 28.5132%;height: 161px;border-color: #e8e8e8;text-align: left;vertical-align: middle\"><span style=\"font-size: 14px\"><strong><span class=\"st\">&#8211; J. Haig \u2192 Mitchelton-Scott<br \/>\n<\/span><\/strong><span class=\"st\">&#8211; G. M\u00e4der \u2192 NTT<\/span><strong><span class=\"st\"><br \/>\n<\/span><\/strong><span class=\"st\">&#8211; J. Milan \u2192 Friuli<\/span><br \/>\n&#8211; K. Rivera \u2192 Androni<br \/>\n<\/span><\/td>\n<td style=\"width: 27.9022%;height: 161px;border-color: #e8e8e8;text-align: left;vertical-align: middle\">&nbsp;<\/p>\n<p><span style=\"font-size: 14px\"><span class=\"st\"><strong>&#8211; E. Battaglin \u2192 Bardiani CSF Faizan\u00e8<br \/>\n&#8211; M. Cavendish \u2192 Deceuninck &#8211; Quick-Step<br \/>\n&#8211; I. Garcia Cortina \u2192 Movistar<\/strong><br \/>\n&#8211; S. Colbrelli \u2192 Gazprom<br \/>\n<\/span><\/span><\/p>\n<p>&nbsp;<\/td>\n<td style=\"width: 27.5967%;height: 161px;text-align: left;border-color: #e8e8e8;vertical-align: middle\"><span style=\"font-size: 14px\"><strong>&#8211; Y. Arashiro \u2192 1 an &#8211; 2021<br \/>\n&#8211; P. Bauhaus \u2192 1 an &#8211; 2021<br \/>\n&#8211; C-K. Feng \u2192 1 an &#8211; 2021<br \/>\n&#8211; H. Haussler \u2192 1 an &#8211; 2021<br \/>\n&#8211; M. Padun \u2192 1 an &#8211; 2021<br \/>\n&#8211; H. Pernsteiner \u2192 1 an &#8211; 2021<br \/>\n&#8211; M. Sieberg \u2192 1 an &#8211; 2021<br \/>\n&#8211; J. Tratnik \u2192 1 an &#8211; 2021<br \/>\n&#8211; S. Williams \u2192 1 an &#8211; 2021<br \/>\n<\/strong><\/span><span style=\"font-size: 14px\"><strong>&#8211; D. Teuns \u2192 2 ans &#8211; 2022<\/strong><\/span><\/td>\n<\/tr>\n<tr style=\"height: 22px\">\n<td style=\"width: 15.8859%;border-color: #e8e8e8;text-align: center;vertical-align: middle;height: 175px\"><span style=\"font-size: 14px\"><strong><a href=\"http:\/\/dicodusport.fr\/blog\/wp-content\/uploads\/2020\/05\/Maillot-Bora-Hansgrohe-2020.jpg\"><img loading=\"lazy\" decoding=\"async\" class=\"aligncenter wp-image-67918 \" src=\"http:\/\/dicodusport.fr\/blog\/wp-content\/uploads\/2020\/05\/Maillot-Bora-Hansgrohe-2020.jpg\" alt=\"\" width=\"100\" height=\"100\" srcset=\"https:\/\/dicodusport.fr\/blog\/wp-content\/uploads\/2020\/05\/Maillot-Bora-Hansgrohe-2020.jpg 600w, https:\/\/dicodusport.fr\/blog\/wp-content\/uploads\/2020\/05\/Maillot-Bora-Hansgrohe-2020-300x300.jpg 300w, https:\/\/dicodusport.fr\/blog\/wp-content\/uploads\/2020\/05\/Maillot-Bora-Hansgrohe-2020-150x150.jpg 150w, https:\/\/dicodusport.fr\/blog\/wp-content\/uploads\/2020\/05\/Maillot-Bora-Hansgrohe-2020-80x80.jpg 80w\" sizes=\"auto, (max-width: 100px) 100vw, 100px\" \/><\/a>BORA-HANSGROHE<\/strong><\/span><\/td>\n<td style=\"width: 28.5132%;height: 175px;border-color: #e8e8e8;text-align: left;vertical-align: middle\"><span style=\"font-size: 14px;font-family: inherit\"><br \/>\n<span style=\"font-size: 14px\"><span class=\"st\"><strong>&#8211; G. Aleotti \u2192 Friuli<br \/>\n&#8211; W. Kelderman \u2192 Sunweb<br \/>\n&#8211; J. Meeus \u2192 SEG Racing Team<br \/>\n&#8211; N. Politt \u2192 Israel Start-Up Nation<br \/>\n&#8211; M. Walls \u2192 Great Britain Cycling Team<br \/>\n&#8211; F. Wandahl \u2192 ColoQuick<br \/>\n&#8211; B. Zwiehoff \u2192 MTB<\/strong><\/span><\/span><br \/>\n&#8211; M.A. Lopez \u2192 Astana<\/span><span style=\"font-size: 14px\"><strong><br \/>\n<\/strong><br \/>\n<\/span><\/td>\n<td style=\"width: 27.9022%;height: 175px;border-color: #e8e8e8;text-align: left;vertical-align: middle\"><span style=\"font-size: 14px\"><strong><strong style=\"font-family: inherit\">&#8211; J. Drucker \u2192 Cofidis<\/strong><br \/>\n&#8211; R. Majka \u2192 UAE Team Emirates<br \/>\n&#8211; G. M\u00fchlberger \u2192 Movistar<br \/>\n&#8211; O. Gatto \u2192 Retraite<\/strong><br \/>\n&#8211; P. Sagan \u2192 UAE Team Emirates<\/span><span style=\"font-size: 14px\"><br \/>\n<\/span><\/td>\n<td style=\"width: 27.5967%;height: 175px;text-align: left;border-color: #e8e8e8;vertical-align: middle\"><span style=\"font-size: 14px\"><strong>&#8211; M. Fabbro \u2192 1 an &#8211; 2021<br \/>\n&#8211; P. Konrad \u2192 1 an &#8211; 2021<br \/>\n&#8211; M. Laas \u2192 1 an &#8211; 2021<br \/>\n&#8211; C. Benedetti \u2192 2 ans &#8211; 2022<br \/>\n&#8211; F. Grossschartner \u2192 2 ans &#8211; 2022<br \/>\n&#8211; L. P\u00f6stlberger \u2192 2 ans &#8211; 2022<br \/>\n<\/strong><\/span><span style=\"font-size: 14px\"><strong>&#8211; M. Schachmann \u2192 4 ans &#8211; 2024<\/strong><\/span><\/td>\n<\/tr>\n<tr style=\"height: 22px\">\n<td style=\"width: 15.8859%;border-color: #e8e8e8;text-align: center;vertical-align: middle;height: 23px\"><span style=\"font-size: 14px\"><strong><a href=\"http:\/\/dicodusport.fr\/blog\/wp-content\/uploads\/2020\/05\/Maillot-CCC-Team-2020.jpg\"><img loading=\"lazy\" decoding=\"async\" class=\"aligncenter wp-image-67930 \" src=\"http:\/\/dicodusport.fr\/blog\/wp-content\/uploads\/2020\/05\/Maillot-CCC-Team-2020.jpg\" alt=\"\" width=\"100\" height=\"100\" srcset=\"https:\/\/dicodusport.fr\/blog\/wp-content\/uploads\/2020\/05\/Maillot-CCC-Team-2020.jpg 610w, https:\/\/dicodusport.fr\/blog\/wp-content\/uploads\/2020\/05\/Maillot-CCC-Team-2020-300x300.jpg 300w, https:\/\/dicodusport.fr\/blog\/wp-content\/uploads\/2020\/05\/Maillot-CCC-Team-2020-150x150.jpg 150w, https:\/\/dicodusport.fr\/blog\/wp-content\/uploads\/2020\/05\/Maillot-CCC-Team-2020-80x80.jpg 80w\" sizes=\"auto, (max-width: 100px) 100vw, 100px\" \/><\/a>CCC Team<br \/>\n<\/strong><\/span><\/td>\n<td style=\"width: 28.5132%;height: 23px;border-color: #e8e8e8;text-align: left;vertical-align: middle\"><\/td>\n<td style=\"width: 27.9022%;height: 23px;border-color: #e8e8e8;text-align: left;vertical-align: middle\"><span style=\"font-size: 14px\"><strong>&#8211; S. Aniolkowski \u2192 Bingoal-Wallonie Bruxelles<br \/>\n<span class=\"st\">&#8211; W. Barta \u2192 EF Pro Cycling<\/span><br \/>\n&#8211; P. Bevin \u2192 Israel Start-Up Nation<br \/>\n&#8211; J. Cerny \u2192 Deceuninck &#8211; Quick-Step<br \/>\n<span class=\"st\">&#8211; V. de la Parte \u2192 Total Direct Energie<\/span><br \/>\n<span class=\"st\">&#8211; A. De Marchi \u2192 Israel Start-Up Nation<br \/>\n&#8211; S. Geschke \u2192 Cofidis<br \/>\n&#8211; K. Gradek \u2192 Vini Zab\u00f9-KTM<br \/>\n&#8211; P. Kochetkov \u2192 Gazprom<br \/>\n<\/span><\/strong><\/span><span style=\"font-size: 14px\"><strong><span class=\"st\">&#8211; K. Malecki \u2192 Lotto-Soudal<br \/>\n&#8211; J. Mareczko \u2192 Vini Zab\u00f9-KTM<\/span><br \/>\n<span class=\"st\">&#8211; F. Masnada \u2192 Deceuninck &#8211; Quick-Step<br \/>\n&#8211; J. Rosskopf \u2192 Rally<br \/>\n&#8211; S. Sajnok \u2192 Cofidis<\/span><br \/>\n&#8211; M. Sch\u00e4r \u2192 AG2R La Mondiale<br \/>\n<span class=\"st\">&#8211; M. Trentin \u2192 UAE Team Emirates<br \/>\n&#8211; A. Valter \u2192 Groupama-FDJ<\/span><br \/>\n&#8211; G. Van Avermaet \u2192 AG2R La Mondiale<br \/>\n<\/strong><\/span><span style=\"font-size: 14px\"><strong>&#8211; G. Van Hoecke \u2192 AG2R La Mondiale<br \/>\n<span class=\"st\">&#8211; N. Van Hooydonck \u2192 Jumbo-Visma<br \/>\n&#8211; L. Wisniowski \u2192 Team Qhubeka ASSOS\u00a0<\/span><\/strong><span class=\"st\"><br \/>\n<strong>&#8211; I. Zakarin \u2192 Gazprom<br \/>\n&#8211; S. Pauwels \u2192 Retraite<\/strong><\/span><br \/>\n<\/span><\/td>\n<td style=\"width: 27.5967%;height: 23px;text-align: left;border-color: #e8e8e8;vertical-align: middle\"><\/td>\n<\/tr>\n<tr style=\"height: 22px\">\n<td style=\"width: 15.8859%;border-color: #e8e8e8;text-align: center;vertical-align: middle;height: 161px\"><span style=\"font-size: 14px\"><strong><a href=\"http:\/\/dicodusport.fr\/blog\/wp-content\/uploads\/2020\/05\/Maillot-Cofidis-2020.jpg\"><img loading=\"lazy\" decoding=\"async\" class=\"aligncenter wp-image-67919 \" src=\"http:\/\/dicodusport.fr\/blog\/wp-content\/uploads\/2020\/05\/Maillot-Cofidis-2020.jpg\" alt=\"\" width=\"100\" height=\"100\" srcset=\"https:\/\/dicodusport.fr\/blog\/wp-content\/uploads\/2020\/05\/Maillot-Cofidis-2020.jpg 600w, https:\/\/dicodusport.fr\/blog\/wp-content\/uploads\/2020\/05\/Maillot-Cofidis-2020-300x300.jpg 300w, https:\/\/dicodusport.fr\/blog\/wp-content\/uploads\/2020\/05\/Maillot-Cofidis-2020-150x150.jpg 150w, https:\/\/dicodusport.fr\/blog\/wp-content\/uploads\/2020\/05\/Maillot-Cofidis-2020-80x80.jpg 80w\" sizes=\"auto, (max-width: 100px) 100vw, 100px\" \/><\/a>COFIDIS<\/strong><strong><br \/>\n<\/strong><\/span><\/td>\n<td style=\"width: 28.5132%;height: 161px;border-color: #e8e8e8;text-align: left;vertical-align: middle\"><span style=\"font-size: 14px\"><strong>&#8211; T. Bohli <\/strong><strong style=\"font-family: inherit\">\u2192 UAE Team Emirates<br \/>\n&#8211; A. Carvalho \u2192 Hagens Berman Axeon<br \/>\n<strong>&#8211; T. Champion \u2192 Bourg-en-Bresse Ain Cyclisme<br \/>\n&#8211; J. Drucker \u2192 Bora-Hansgrohe<\/strong><\/strong><strong><br \/>\n&#8211; R. Fernandez \u2192 Euskaltel &#8211; Euskadi<br \/>\n&#8211; S. Geschke \u2192 CCC Team<br \/>\n&#8211; R. Rochas \u2192 Nippo Delko One Provence<br \/>\n&#8211; S. Sajnok \u2192 CCC Team<br \/>\n&#8211; H. Toumire \u2192 Chamb\u00e9ry Cyclisme Formation<br \/>\n&#8211; J. Wallays \u2192 Lotto-Soudal<\/strong><br \/>\n<\/span><\/td>\n<td style=\"width: 27.9022%;height: 161px;border-color: #e8e8e8;text-align: left;vertical-align: middle\">&nbsp;<\/p>\n<p><strong><span style=\"font-size: 14px\"><span class=\"st\">&#8211; D. Claeys \u2192 Team Qhubeka ASSOS\u00a0<\/span><br \/>\n&#8211; C. Lemoine \u2192 B&amp;B Hotels-Vital Concept p\/b KTM<br \/>\n&#8211; L.A Mat\u00e9 \u2192 Euskaltel-Euskadi<br \/>\n&#8211; D. Touz\u00e9 \u2192 AG2R La Mondiale<br \/>\n<\/span><\/strong><strong><span style=\"font-size: 14px\"><br \/>\n<\/span><\/strong><strong><span style=\"font-size: 14px\"><br \/>\n<\/span><\/strong><\/p>\n<p>&nbsp;<\/td>\n<td style=\"width: 27.5967%;height: 161px;text-align: left;border-color: #e8e8e8;vertical-align: middle\"><span style=\"font-size: 14px\"><strong>&#8211; V. Lafay \u2192 1 an &#8211; 2021<br \/>\n&#8211; E. Morin \u2192 1 an &#8211; 2021<br \/>\n&#8211; P-L. P\u00e9richon \u2192 1 an &#8211; 2021<br \/>\n&#8211; A. Perez \u2192 2 ans &#8211; 2022<\/strong><\/span><\/td>\n<\/tr>\n<tr style=\"height: 22px\">\n<td style=\"width: 15.8859%;border-color: #e8e8e8;text-align: center;vertical-align: middle;height: 69px\"><span style=\"font-size: 14px\"><strong><a href=\"http:\/\/dicodusport.fr\/blog\/wp-content\/uploads\/2020\/05\/Maillot-Deceuninck-Quick-Step-2020.jpg\"><img loading=\"lazy\" decoding=\"async\" class=\"aligncenter wp-image-67920\" src=\"http:\/\/dicodusport.fr\/blog\/wp-content\/uploads\/2020\/05\/Maillot-Deceuninck-Quick-Step-2020.jpg\" alt=\"\" width=\"100\" height=\"100\" srcset=\"https:\/\/dicodusport.fr\/blog\/wp-content\/uploads\/2020\/05\/Maillot-Deceuninck-Quick-Step-2020.jpg 600w, https:\/\/dicodusport.fr\/blog\/wp-content\/uploads\/2020\/05\/Maillot-Deceuninck-Quick-Step-2020-300x300.jpg 300w, https:\/\/dicodusport.fr\/blog\/wp-content\/uploads\/2020\/05\/Maillot-Deceuninck-Quick-Step-2020-150x150.jpg 150w, https:\/\/dicodusport.fr\/blog\/wp-content\/uploads\/2020\/05\/Maillot-Deceuninck-Quick-Step-2020-80x80.jpg 80w\" sizes=\"auto, (max-width: 100px) 100vw, 100px\" \/><\/a>DECEUNINCK &#8211; QUICK-STEP<\/strong><strong><br \/>\n<\/strong><\/span><\/td>\n<td style=\"width: 28.5132%;height: 69px;border-color: #e8e8e8;text-align: left;vertical-align: middle\"><span style=\"font-size: 14px\"><strong><span class=\"st\">&#8211; M. Cavendish \u2192 Bahrain McLaren<br \/>\n&#8211; J. Cerny \u2192 CCC Team<br \/>\n&#8211; F. Masnada \u2192 CCC Team<\/span><br \/>\n&#8211; M. Vansevenant \u2192 EFC-L&amp;R-Vulsteke<\/strong><\/span><span style=\"font-size: 14px\"><strong><span class=\"st\"><br \/>\n<\/span><\/strong>&#8211; C. Uijtdebroeks \u2192 Acrog-Torman Balen BC Junior<br \/>\n<\/span><\/td>\n<td style=\"width: 27.9022%;height: 69px;border-color: #e8e8e8;text-align: left;vertical-align: middle\"><strong><span style=\"font-size: 14px\">&#8211; B. Jungels \u2192 AG2R La Mondiale<\/span><\/strong><\/td>\n<td style=\"width: 27.5967%;height: 69px;text-align: left;border-color: #e8e8e8;vertical-align: middle\"><span style=\"font-size: 14px\"><strong>&#8211; D. Devenyns \u2192 1 an &#8211; 2021<br \/>\n&#8211; M. Honor\u00e9 \u2192 1 an &#8211; 2021<br \/>\n&#8211; I. Keisse \u2192 1 an &#8211; 2021<br \/>\n<\/strong><\/span><span style=\"font-size: 14px\"><strong>&#8211; Y. Lampaert \u2192 2 ans &#8211; 2022<\/strong><\/span><\/td>\n<\/tr>\n<tr style=\"height: 22px\">\n<td style=\"width: 15.8859%;border-color: #e8e8e8;text-align: center;vertical-align: middle;height: 46px\"><span style=\"font-size: 14px\"><strong><a href=\"http:\/\/dicodusport.fr\/blog\/wp-content\/uploads\/2020\/05\/Maillot-EF-Education-First-2020.png\"><img loading=\"lazy\" decoding=\"async\" class=\"aligncenter wp-image-67931 \" src=\"http:\/\/dicodusport.fr\/blog\/wp-content\/uploads\/2020\/05\/Maillot-EF-Education-First-2020.png\" alt=\"\" width=\"78\" height=\"100\" srcset=\"https:\/\/dicodusport.fr\/blog\/wp-content\/uploads\/2020\/05\/Maillot-EF-Education-First-2020.png 351w, https:\/\/dicodusport.fr\/blog\/wp-content\/uploads\/2020\/05\/Maillot-EF-Education-First-2020-235x300.png 235w\" sizes=\"auto, (max-width: 78px) 100vw, 78px\" \/><\/a>EF PRO CYCLING<\/strong><strong><br \/>\n<\/strong><\/span><\/td>\n<td style=\"width: 28.5132%;height: 46px;border-color: #e8e8e8;text-align: left;vertical-align: middle\"><span style=\"font-size: 14px\"><strong><span class=\"st\">&#8211; D. Arroyave \u2192 UAE Colombia<br \/>\n&#8211; W. Barta \u2192 CCC Team<br \/>\n&#8211; D. Camargo \u2192 Colombia Tierra De Atletas<br \/>\n&#8211; H. Nakane \u2192 Nippo Delko One Provence<br \/>\n<\/span><span class=\"st\">&#8211; M. Valgren \u2192 NTT<\/span><\/strong><strong><span class=\"st\"><br \/>\n<\/span><\/strong><\/span><\/td>\n<td style=\"width: 27.9022%;height: 46px;border-color: #e8e8e8;text-align: left;vertical-align: middle\"><span style=\"font-size: 14px\"><strong><span class=\"st\">&#8211; S. Bennett \u2192 Team Qhubeka ASSOS<br \/>\n&#8211; S. Clarke \u2192 Team Qhubeka ASSOS<br \/>\n&#8211; K. Halvorsen \u2192 Uno-X<br \/>\n&#8211; T. Kangert \u2192 Mitchelton-Scott<br \/>\n&#8211; D. Martinez \u2192 Ineos<br \/>\n&#8211; S. Vanmarcke \u2192 Israel Start-Up Nations<br \/>\n&#8211; M. Woods<\/span><\/strong><span class=\"st\"><strong> \u2192 Israel Start-Up Nation<\/strong><\/span><\/span><span style=\"font-size: 14px\"><br \/>\n<\/span><\/td>\n<td style=\"width: 27.5967%;height: 46px;text-align: left;border-color: #e8e8e8;vertical-align: middle\"><span style=\"font-size: 14px\"><span style=\"font-size: 14px\"><strong>&#8211; A. Bettiol \u2192 1 an &#8211; 2021<br \/>\n&#8211; M. Hofland \u2192 1 an &#8211; 2021<br \/>\n&#8211; S. Langeveld \u2192 1 an &#8211; 2021<br \/>\n&#8211; L. Morton \u2192 1 an &#8211; 2021<br \/>\n&#8211; T. Scully \u2192 1 an &#8211; 2021<br \/>\n&#8211; J. Van den Berg \u2192 1 an &#8211; 2021<br \/>\n&#8211; T. Van Garderen \u2192 1 an &#8211; 2021<br \/>\n&#8211; R. Uran \u2192 2 ans &#8211; 2022<\/strong><br \/>\n<\/span><\/span><\/td>\n<\/tr>\n<tr style=\"height: 22px\">\n<td style=\"width: 15.8859%;border-color: #e8e8e8;text-align: center;vertical-align: middle;height: 92px\"><span style=\"font-size: 14px\"><strong><a href=\"http:\/\/dicodusport.fr\/blog\/wp-content\/uploads\/2020\/05\/Maillot-Groupama-FDJ-2020.jpg\"><img loading=\"lazy\" decoding=\"async\" class=\"aligncenter wp-image-67921 \" src=\"http:\/\/dicodusport.fr\/blog\/wp-content\/uploads\/2020\/05\/Maillot-Groupama-FDJ-2020.jpg\" alt=\"\" width=\"100\" height=\"100\" srcset=\"https:\/\/dicodusport.fr\/blog\/wp-content\/uploads\/2020\/05\/Maillot-Groupama-FDJ-2020.jpg 600w, https:\/\/dicodusport.fr\/blog\/wp-content\/uploads\/2020\/05\/Maillot-Groupama-FDJ-2020-300x300.jpg 300w, https:\/\/dicodusport.fr\/blog\/wp-content\/uploads\/2020\/05\/Maillot-Groupama-FDJ-2020-150x150.jpg 150w, https:\/\/dicodusport.fr\/blog\/wp-content\/uploads\/2020\/05\/Maillot-Groupama-FDJ-2020-80x80.jpg 80w\" sizes=\"auto, (max-width: 100px) 100vw, 100px\" \/><\/a>GROUPAMA-FDJ<\/strong><strong><br \/>\n<\/strong><\/span><\/td>\n<td style=\"width: 28.5132%;height: 92px;border-color: #e8e8e8;text-align: left;vertical-align: middle\"><span style=\"font-size: 14px\"><span class=\"st\"><strong>&#8211; M. Badilatti \u2192 Israel Start-Up Nation<br \/>\n&#8211; C. Davy \u2192 Groupama-FDJ Conti<br \/>\n&#8211; J. Stewart \u2192 Groupama-FDJ Conti<br \/>\n&#8211; A. Valter \u2192 CCC Team<br \/>\n&#8211; L. Van den Berg \u2192 Groupama-FDJ Conti<\/strong><\/span><\/span><span style=\"font-size: 14px\"><br \/>\n<\/span><\/td>\n<td style=\"width: 27.9022%;height: 92px;border-color: #e8e8e8;text-align: left;vertical-align: middle\">&nbsp;<\/p>\n<p><strong><span style=\"font-size: 14px\">&#8211; K. Frankiny \u2192 <span class=\"st\">Team Qhubeka ASSOS\u00a0<\/span><br \/>\n&#8211; M. Sarreau \u2192 AG2R La Mondiale<br \/>\n&#8211; L. Vincent \u2192 CC \u00c9tupes<br \/>\n<\/span><\/strong><\/p>\n<p>&nbsp;<\/td>\n<td style=\"width: 27.5967%;height: 92px;text-align: left;border-color: #e8e8e8;vertical-align: middle\"><span style=\"font-size: 14px\"><strong>&#8211; W. Bonnet \u2192 1 an &#8211; 2021<br \/>\n&#8211; I. Konovalovas \u2192 1 an &#8211; 2021<br \/>\n&#8211; A. Roux \u2192 1 an &#8211; 2021<\/strong><br \/>\n&#8211;<strong> M. Scotson \u2192 1 an &#8211; 2021<br \/>\n&#8211; A. Duchesne \u2192 2 ans &#8211; 2022<br \/>\n&#8211; K. Geniets \u2192 2 ans &#8211; 2022<br \/>\n&#8211; J. Guarnieri \u2192 2 ans &#8211; 2022<br \/>\n&#8211; O. Le Gac \u2192 2 ans &#8211; 2022<br \/>\n&#8211; M. Ladagnous \u2192 2 ans &#8211; 2022<br \/>\n&#8211; T. Ludvigsson \u2192 2 ans &#8211; 2022<br \/>\n&#8211; S. Reichenbach \u2192 2 ans &#8211; 2022<br \/>\n<\/strong><\/span><span style=\"font-size: 14px\"><strong>&#8211; A. D\u00e9mare \u2192 3 ans &#8211; 2023<br \/>\n&#8211; D. Gaudu \u2192 3 ans &#8211; 2023<br \/>\n&#8211; S. K\u00fcng \u2192 3 ans &#8211; 2023<br \/>\n<a href=\"https:\/\/dicodusport.fr\/blog\/thibaut-pinot-prolonge-chez-groupama-fdj\/\" target=\"_blank\" rel=\"noopener noreferrer\">&#8211; T. Pinot \u2192 3 ans &#8211; 2023<\/a><br \/>\n&#8211; R. Molard \u2192 4 ans &#8211; 2024<br \/>\n<\/strong><\/span><\/td>\n<\/tr>\n<tr style=\"height: 22px\">\n<td style=\"width: 15.8859%;border-color: #e8e8e8;text-align: center;vertical-align: middle;height: 69px\"><span style=\"font-size: 14px\"><strong><a href=\"http:\/\/dicodusport.fr\/blog\/wp-content\/uploads\/2020\/05\/Maillot-Ineos-2020.jpg\"><img loading=\"lazy\" decoding=\"async\" class=\"aligncenter wp-image-67922 \" src=\"http:\/\/dicodusport.fr\/blog\/wp-content\/uploads\/2020\/05\/Maillot-Ineos-2020.jpg\" alt=\"\" width=\"100\" height=\"100\" srcset=\"https:\/\/dicodusport.fr\/blog\/wp-content\/uploads\/2020\/05\/Maillot-Ineos-2020.jpg 600w, https:\/\/dicodusport.fr\/blog\/wp-content\/uploads\/2020\/05\/Maillot-Ineos-2020-300x300.jpg 300w, https:\/\/dicodusport.fr\/blog\/wp-content\/uploads\/2020\/05\/Maillot-Ineos-2020-150x150.jpg 150w, https:\/\/dicodusport.fr\/blog\/wp-content\/uploads\/2020\/05\/Maillot-Ineos-2020-80x80.jpg 80w\" sizes=\"auto, (max-width: 100px) 100vw, 100px\" \/><\/a>INEOS<\/strong><strong><br \/>\n<\/strong><\/span><\/td>\n<td style=\"width: 28.5132%;height: 69px;border-color: #e8e8e8;text-align: left;vertical-align: middle\"><span class=\"st\"><span style=\"font-size: 14px\"><strong>&#8211; L. De Plus \u2192 Jumbo-Visma<br \/>\n&#8211; D. Martinez \u2192 EF Pro Cycling<br \/>\n&#8211; T. Pidcock \u2192 TP Racing<br \/>\n&#8211; R. Porte \u2192 Trek-Segafredo<br \/>\n&#8211; A. Yates \u2192 Mitchelton-Scott<br \/>\n<\/strong>&#8211; E.B. Hagen\u2192 NTT<br \/>\n&#8211; M. Valgren \u2192 NTT<strong><br \/>\n<\/strong><\/span><\/span><span class=\"st\"><span style=\"font-size: 14px\">&#8211; A. Vlasov \u2192 Astana<br \/>\n<\/span><\/span><\/td>\n<td style=\"width: 27.9022%;height: 69px;border-color: #e8e8e8;text-align: left;vertical-align: middle\"><strong><span class=\"st\"><span style=\"font-size: 14px\">&#8211; C. Froome \u2192 Israel Start-Up Nation<br \/>\n&#8211; C. Lawless \u2192 Total Direct Energie<br \/>\n&#8211; I. Stannard \u2192 Retraite<\/span><\/span><\/strong><strong><span class=\"st\"><span style=\"font-size: 14px\"><br \/>\n<\/span><\/span><\/strong><\/td>\n<td style=\"width: 27.5967%;height: 69px;text-align: left;border-color: #e8e8e8;vertical-align: middle\"><span style=\"font-size: 14px\"><strong>&#8211; T. Geoghegan Hart \u2192 1 an &#8211; 2021<br \/>\n&#8211; M. Golas \u2192 1 an &#8211; 2021<br \/>\n&#8211; G. Moscon \u2192 1 an &#8211; 2021<br \/>\n&#8211; F. Ganna \u2192 3 ans &#8211; 2023<br \/>\n&#8211; M. Kwiatkowski \u2192 3 ans &#8211; 2023<br \/>\n&#8211; P. Sivakov \u2192 3 ans &#8211; 2023<\/strong><\/span><\/td>\n<\/tr>\n<tr style=\"height: 22px\">\n<td style=\"width: 15.8859%;border-color: #e8e8e8;text-align: center;vertical-align: middle;height: 23px\"><span style=\"font-size: 14px\"><strong><a href=\"http:\/\/dicodusport.fr\/blog\/wp-content\/uploads\/2020\/05\/Maillot-Israel-Start-Up-Nation-2020.jpg\"><img loading=\"lazy\" decoding=\"async\" class=\"aligncenter wp-image-67932 \" src=\"http:\/\/dicodusport.fr\/blog\/wp-content\/uploads\/2020\/05\/Maillot-Israel-Start-Up-Nation-2020.jpg\" alt=\"\" width=\"100\" height=\"100\" srcset=\"https:\/\/dicodusport.fr\/blog\/wp-content\/uploads\/2020\/05\/Maillot-Israel-Start-Up-Nation-2020.jpg 600w, https:\/\/dicodusport.fr\/blog\/wp-content\/uploads\/2020\/05\/Maillot-Israel-Start-Up-Nation-2020-300x300.jpg 300w, https:\/\/dicodusport.fr\/blog\/wp-content\/uploads\/2020\/05\/Maillot-Israel-Start-Up-Nation-2020-150x150.jpg 150w, https:\/\/dicodusport.fr\/blog\/wp-content\/uploads\/2020\/05\/Maillot-Israel-Start-Up-Nation-2020-80x80.jpg 80w\" sizes=\"auto, (max-width: 100px) 100vw, 100px\" \/><\/a><\/strong><strong>ISRAEL START-UP NATION<\/strong><\/span><\/td>\n<td style=\"width: 28.5132%;height: 23px;border-color: #e8e8e8;text-align: left;vertical-align: middle\"><span style=\"font-size: 14px\"><strong>&#8211; S. Berwick \u2192 St George Continental Cycling<br \/>\n<\/strong><\/span><span style=\"font-size: 14px\"><strong>&#8211; P. Bevin \u2192 CCC Team<br \/>\n<span class=\"st\">&#8211; A. De Marchi \u2192 CCC Team<\/span><br \/>\n<\/strong><\/span><span class=\"st\"><span style=\"font-size: 14px\"><a href=\"https:\/\/dicodusport.fr\/blog\/chris-froome-israel-start-up-nation-2021\/\" target=\"_blank\" rel=\"noopener noreferrer\"><strong>&#8211; C. Froome \u2192 INEOS Grenadiers<\/strong><\/a><br \/>\n<\/span><\/span><span class=\"st\"><span style=\"font-size: 14px\"><strong>&#8211; C.F Hagen \u2192 Lotto-Soudal<br \/>\n&#8211; D. Impey \u2192 Mitchelton-Scott<br \/>\n&#8211; T. Jones \u2192 ACA Pro Racing Sunshine Coast<br \/>\n&#8211; S. Vanmarcke \u2192 EF Pro Cycling<br \/>\n&#8211; M. Woods \u2192 EF Pro Cycling<\/strong><br \/>\n<\/span><\/span><\/td>\n<td style=\"width: 27.9022%;height: 23px;border-color: #e8e8e8;text-align: left;vertical-align: middle\"><strong><span style=\"font-size: 14px\"><span class=\"st\">&#8211; M. Badilatti \u2192 Groupama-FDJ<br \/>\n&#8211; N. Politt \u2192 Bora-Hansgrohe<br \/>\n&#8211; T. McCabe \u2192 Retraite<\/span><\/span><\/strong><span style=\"font-size: 14px\"><br \/>\n<\/span><\/td>\n<td style=\"width: 27.5967%;height: 23px;text-align: left;border-color: #e8e8e8;vertical-align: middle\"><span style=\"font-size: 14px\"><strong>&#8211; G. Boivin \u2192 1 an &#8211; 2021<br \/>\n&#8211; O. Goldstein \u2192 1 an &#8211; 2021<br \/>\n&#8211; R. Hollenstein \u2192 1 an &#8211; 2021<br \/>\n&#8211; G. Niv \u2192 1 an &#8211; 2021<br \/>\n&#8211; G. Sagiv \u2192 1 an &#8211; 2021<br \/>\n&#8211; R. Barbier \u2192 2 ans &#8211; 2022<br \/>\n&#8211; J. Biermans \u2192 2 ans &#8211; 2022<br \/>\n&#8211; M. Brandle \u2192 2 ans &#8211; 2022<br \/>\n&#8211; A. Cataford \u2192 2 ans &#8211; 2022<br \/>\n&#8211; A. Dowsett \u2192 2 ans &#8211; 2022<br \/>\n<\/strong><\/span><span style=\"font-size: 14px\"><strong>&#8211; A. Greipel \u2192 2 ans &#8211; 2022<br \/>\n&#8211; J. Piccoli \u2192 2 ans &#8211; 2022<br \/>\n&#8211; M. W\u00fcrtz \u2192 2 ans &#8211; 2022<br \/>\n&#8211; R. Zabel \u2192 2 ans &#8211; 2022<br \/>\n<\/strong><\/span><\/td>\n<\/tr>\n<tr style=\"height: 22px\">\n<td style=\"width: 15.8859%;border-color: #e8e8e8;text-align: center;vertical-align: middle;height: 46px\"><span style=\"font-size: 14px\"><strong><a href=\"http:\/\/dicodusport.fr\/blog\/wp-content\/uploads\/2020\/05\/Maillot-Jumbo-Visma-2020.jpg\"><img loading=\"lazy\" decoding=\"async\" class=\"aligncenter wp-image-67923 \" src=\"http:\/\/dicodusport.fr\/blog\/wp-content\/uploads\/2020\/05\/Maillot-Jumbo-Visma-2020.jpg\" alt=\"\" width=\"100\" height=\"100\" srcset=\"https:\/\/dicodusport.fr\/blog\/wp-content\/uploads\/2020\/05\/Maillot-Jumbo-Visma-2020.jpg 600w, https:\/\/dicodusport.fr\/blog\/wp-content\/uploads\/2020\/05\/Maillot-Jumbo-Visma-2020-300x300.jpg 300w, https:\/\/dicodusport.fr\/blog\/wp-content\/uploads\/2020\/05\/Maillot-Jumbo-Visma-2020-150x150.jpg 150w, https:\/\/dicodusport.fr\/blog\/wp-content\/uploads\/2020\/05\/Maillot-Jumbo-Visma-2020-80x80.jpg 80w\" sizes=\"auto, (max-width: 100px) 100vw, 100px\" \/><\/a><\/strong><strong>JUMBO-VISMA<\/strong><\/span><\/td>\n<td style=\"width: 28.5132%;height: 46px;border-color: #e8e8e8;text-align: left;vertical-align: middle\"><span style=\"font-size: 14px\"><span class=\"st\"><strong>&#8211; E. Affini \u2192 Mitchelton-Scott<br \/>\n&#8211; D. Dekker \u2192 SEG Racing Team<br \/>\n&#8211; O. Kooij \u2192 Jumbo Development Team (d\u00e8s mi-2021)<br \/>\n&#8211; G. Leemreize \u2192 Jumbo Development Team<br \/>\n&#8211; S. Oomen \u2192 Sunweb<br \/>\n&#8211; N. Van Hooydonck \u2192 CCC Team<\/strong><\/span><\/span><span class=\"st\"><span style=\"font-size: 14px\"><br \/>\n&#8211; C. Uijtdebroeks \u2192 Acrog-Torman Balen BC Junior<br \/>\n<\/span><\/span><\/td>\n<td style=\"width: 27.9022%;height: 46px;border-color: #e8e8e8;text-align: left;vertical-align: middle\">&nbsp;<\/p>\n<p><span class=\"st\"><span style=\"font-size: 14px\"><strong>&#8211; L. De Plus \u2192 Ineos<br \/>\n&#8211; A. Gr\u00f8ndahl Jansen \u2192 Mitchelton-Scott<br \/>\n<strong style=\"font-family: inherit\">&#8211; B-J Lindeman \u2192 Team Qhubeka ASSOS\u00a0<\/strong><br \/>\n&#8211; T. Leezer \u2192 Retraite<br \/>\n&#8211; P. Martens \u2192 Retraite (\u00e9t\u00e9 2021)<br \/>\n&#8211; M. Wynants \u2192 Retraite (apr\u00e8s Paris-Roubaix 2021)<\/strong><br \/>\n&#8211; S. Kruijswijk \u2192 Sunweb<\/span><\/span><strong><span class=\"st\"><span style=\"font-size: 14px\"><br \/>\n<\/span><\/span><\/strong><\/p>\n<p>&nbsp;<\/td>\n<td style=\"width: 27.5967%;height: 46px;text-align: left;border-color: #e8e8e8;vertical-align: middle\"><span style=\"font-size: 14px\"><strong>&#8211; C. Pfingsten \u2192 1 an &#8211; 2021<br \/>\n&#8211; P. Eenkhoorn \u2192 2 ans &#8211; 2022<br \/>\n&#8211; L. Hofstede \u2192 2 ans &#8211; 2022<br \/>\n&#8211; T. Martin \u2192 2 ans &#8211; 2022<br \/>\n&#8211; T. Roosen \u2192 2 ans &#8211; 2022<\/strong><\/span><\/td>\n<\/tr>\n<tr style=\"height: 22px\">\n<td style=\"width: 15.8859%;border-color: #e8e8e8;text-align: center;vertical-align: middle;height: 23px\"><span style=\"font-size: 14px\"><strong><a href=\"http:\/\/dicodusport.fr\/blog\/wp-content\/uploads\/2020\/05\/Maillot-Lotto-Soudal-2020.jpg\"><img loading=\"lazy\" decoding=\"async\" class=\"aligncenter wp-image-67924 \" src=\"http:\/\/dicodusport.fr\/blog\/wp-content\/uploads\/2020\/05\/Maillot-Lotto-Soudal-2020.jpg\" alt=\"\" width=\"100\" height=\"100\" srcset=\"https:\/\/dicodusport.fr\/blog\/wp-content\/uploads\/2020\/05\/Maillot-Lotto-Soudal-2020.jpg 600w, https:\/\/dicodusport.fr\/blog\/wp-content\/uploads\/2020\/05\/Maillot-Lotto-Soudal-2020-300x300.jpg 300w, https:\/\/dicodusport.fr\/blog\/wp-content\/uploads\/2020\/05\/Maillot-Lotto-Soudal-2020-150x150.jpg 150w, https:\/\/dicodusport.fr\/blog\/wp-content\/uploads\/2020\/05\/Maillot-Lotto-Soudal-2020-80x80.jpg 80w\" sizes=\"auto, (max-width: 100px) 100vw, 100px\" \/><\/a>LOTTO-SOUDAL<\/strong><strong><br \/>\n<\/strong><\/span><\/td>\n<td style=\"width: 28.5132%;height: 23px;border-color: #e8e8e8;text-align: left;vertical-align: middle\"><strong><span style=\"font-size: 14px\">&#8211; F. Conca \u2192 Biesse Arvedi<br \/>\n&#8211; S. Grignard \u2192 Lotto-Soudal U23<br \/>\n<span class=\"st\">&#8211; R.B. Iversen \u2192 Herning CK Elite<\/span><br \/>\n&#8211; A. Kron \u2192 Riwal Securitas<br \/>\n&#8211; K. Malecki \u2192 CCC Team<br \/>\n<span class=\"st\">&#8211; S. Moniquet \u2192 Groupama-FDJ Conti<\/span><br \/>\n&#8211; H. Sweeny \u2192 Lotto-Soudal U23<br \/>\n&#8211; M. Van Gils \u2192 Lotto-Soudal U23<br \/>\n<\/span><\/strong><strong><span style=\"font-size: 14px\">&#8211; V. Verschaeve \u2192 Lotto-Soudal U23<br \/>\n&#8211; X. Vervloesem \u2192 Lotto-Soudal U23<\/span><\/strong><strong><span style=\"font-size: 14px\"><br \/>\n<\/span><\/strong><\/td>\n<td style=\"width: 27.9022%;height: 23px;border-color: #e8e8e8;text-align: left;vertical-align: middle\">&nbsp;<\/p>\n<p><strong><span style=\"font-size: 14px\"><br \/>\n<span class=\"st\">&#8211; S. Arm\u00e9e \u2192 Team Qhubeka ASSOS\u00a0<\/span><br \/>\n&#8211; S. Dewulf \u2192 AG2R La Mondiale<br \/>\n<\/span><\/strong><span class=\"st\"><span style=\"font-size: 14px\"><strong>&#8211; C.F Hagen \u2192 Israel Start-Up Nations<br \/>\n&#8211; R. Mertz \u2192 Bingoal-Wallonie Bruxelles<br \/>\n&#8211; N. Maes \u2192 Retraite<br \/>\n<\/strong>&#8211; J. Wallays \u2192 Cofidis<strong><br \/>\n<\/strong><\/span><\/span><\/p>\n<p>&nbsp;<\/td>\n<td style=\"width: 27.5967%;height: 23px;text-align: left;border-color: #e8e8e8;vertical-align: middle\"><span style=\"font-size: 14px\"><strong>&#8211; T. Marczynski \u2192 1 an &#8211; 2021<br \/>\n&#8211; T. Van der Sande \u2192 1 an &#8211; 2021<br \/>\n&#8211; T. De Gendt \u2192 2 ans &#8211; 2022<br \/>\n&#8211; H. Vanhoucke \u2192 2 ans &#8211; 2022<br \/>\n&#8211; T. Wellens \u2192 2 ans &#8211; 2022<\/strong><strong><br \/>\n<\/strong><\/span><\/td>\n<\/tr>\n<tr style=\"height: 22px\">\n<td style=\"width: 15.8859%;border-color: #e8e8e8;text-align: center;vertical-align: middle;height: 46px\"><span style=\"font-size: 14px\"><strong><a href=\"http:\/\/dicodusport.fr\/blog\/wp-content\/uploads\/2020\/05\/Maillot-Mitchelton-Scott-2020.jpg\"><img loading=\"lazy\" decoding=\"async\" class=\"aligncenter wp-image-67933 \" src=\"http:\/\/dicodusport.fr\/blog\/wp-content\/uploads\/2020\/05\/Maillot-Mitchelton-Scott-2020.jpg\" alt=\"\" width=\"98\" height=\"104\" srcset=\"https:\/\/dicodusport.fr\/blog\/wp-content\/uploads\/2020\/05\/Maillot-Mitchelton-Scott-2020.jpg 488w, https:\/\/dicodusport.fr\/blog\/wp-content\/uploads\/2020\/05\/Maillot-Mitchelton-Scott-2020-282x300.jpg 282w\" sizes=\"auto, (max-width: 98px) 100vw, 98px\" \/><\/a>MITCHELTON-SCOTT<\/strong><strong><br \/>\n<\/strong><\/span><\/td>\n<td style=\"width: 28.5132%;height: 46px;border-color: #e8e8e8;text-align: left;vertical-align: middle\"><span style=\"font-size: 14px\"><span class=\"st\"><strong>&#8211; K. Colleani \u2192 Biesse Arvedi<br \/>\n&#8211; A. Gr\u00f8ndahl Jansen \u2192 Jumbo-Visma<br \/>\n&#8211; T. Kangert \u2192 EF Pro Cycling<br \/>\n&#8211; M. Matthews \u2192 Sunweb<\/strong><\/span><br \/>\n<\/span><\/td>\n<td style=\"width: 27.9022%;height: 46px;border-color: #e8e8e8;text-align: left;vertical-align: middle\"><strong><span style=\"font-size: 14px\"><span class=\"st\">&#8211; E. Affini \u2192 Jumbo-Visma<br \/>\n&#8211; J. Haig \u2192 Bahrain McLaren<br \/>\n<\/span><\/span><\/strong><strong><span style=\"font-size: 14px\"><span class=\"st\">&#8211; D. Impey \u2192 Israel Start-Up Nation<br \/>\n&#8211; A. Yates \u2192 Ineos<\/span><br \/>\n&#8211; M. Albasini \u2192 Retraite<\/span><\/strong><strong><span style=\"font-size: 14px\"><br \/>\n<\/span><\/strong><\/td>\n<td style=\"width: 27.5967%;height: 46px;text-align: left;border-color: #e8e8e8;vertical-align: middle\"><span style=\"font-size: 14px\"><strong>&#8211; B. Bookwalter \u2192 1 an &#8211; 2021<br \/>\n&#8211; T. Grmay \u2192 1 an &#8211; 2021<br \/>\n&#8211; J. Bauer \u2192 2 ans &#8211; 2022<br \/>\n&#8211; S. Bewley \u2192 2 ans &#8211; 2022<br \/>\n&#8211; L. Durbridge \u2192 2 ans &#8211; 2022<br \/>\n&#8211; A. Edmondson \u2192 2 ans &#8211; 2022<br \/>\n&#8211; D. Howson \u2192 2 ans &#8211; 2022<br \/>\n&#8211; C. Meyer \u2192 2 ans &#8211; 2022<br \/>\n&#8211; L. Mezgec \u2192 2 ans &#8211; 2022<br \/>\n&#8211; N. Schultz \u2192 2 ans &#8211; 2022<br \/>\n&#8211; C. Scotson \u2192 2 ans &#8211; 2022<br \/>\n&#8211; D. Smith \u2192 2 ans &#8211; 2022<br \/>\n&#8211; S. Yates \u2192 2 ans &#8211; 2022<br \/>\n<\/strong><\/span><\/td>\n<\/tr>\n<tr style=\"height: 22px\">\n<td style=\"width: 15.8859%;border-color: #e8e8e8;text-align: center;vertical-align: middle\"><strong style=\"font-size: 14px\"><a href=\"http:\/\/dicodusport.fr\/blog\/wp-content\/uploads\/2020\/05\/Maillot-Movistar-2020.jpg\"><img loading=\"lazy\" decoding=\"async\" class=\"aligncenter wp-image-67925 \" src=\"http:\/\/dicodusport.fr\/blog\/wp-content\/uploads\/2020\/05\/Maillot-Movistar-2020.jpg\" alt=\"\" width=\"100\" height=\"100\" srcset=\"https:\/\/dicodusport.fr\/blog\/wp-content\/uploads\/2020\/05\/Maillot-Movistar-2020.jpg 600w, https:\/\/dicodusport.fr\/blog\/wp-content\/uploads\/2020\/05\/Maillot-Movistar-2020-300x300.jpg 300w, https:\/\/dicodusport.fr\/blog\/wp-content\/uploads\/2020\/05\/Maillot-Movistar-2020-150x150.jpg 150w, https:\/\/dicodusport.fr\/blog\/wp-content\/uploads\/2020\/05\/Maillot-Movistar-2020-80x80.jpg 80w\" sizes=\"auto, (max-width: 100px) 100vw, 100px\" \/><\/a>MOVISTAR<br \/>\n<\/strong><\/td>\n<td style=\"width: 28.5132%;border-color: #e8e8e8;text-align: left;vertical-align: middle\">&nbsp;<\/p>\n<p><strong><span style=\"font-size: 14px\"><span class=\"st\">&#8211; I. Garcia Cortina \u2192 Bahrain McLaren<br \/>\n&#8211; A. Gonzalez Rivera \u2192 Telcom-On Clima-Os\u00e9s<br \/>\n&#8211; M.A. Lopez \u2192 Astana<br \/>\n&#8211; G. M\u00fchlberger \u2192 Bora-Hansgrohe<br \/>\n&#8211; G. Serrano \u2192 Caja Rural-Seguros RGA<br \/>\n<\/span><\/span><\/strong><span style=\"font-size: 14px\"><span class=\"st\">&#8211; J. Fuglsang \u2192 Astana<\/span><\/span><strong><span style=\"font-size: 14px\"><span class=\"st\"><br \/>\n<\/span><\/span><\/strong><\/p>\n<p>&nbsp;<\/td>\n<td style=\"width: 27.9022%;border-color: #e8e8e8;text-align: left;vertical-align: middle\"><span style=\"font-size: 14px\"><span class=\"st\"><strong>&#8211; E. Prades \u2192 Nippo Delko One Provence<br \/>\n&#8211; E. Sepulveda \u2192 Androni<br \/>\n&#8211; J. Roelandts \u2192 Retraite<\/strong><\/span><br \/>\n<\/span><\/td>\n<td style=\"width: 27.5967%;border-color: #e8e8e8;text-align: left;vertical-align: middle\"><span style=\"font-size: 14px\"><strong>&#8211; S. Mora \u2192 1 an &#8211; 2021<br \/>\n&#8211; A. Torres \u2192 1 an &#8211; 2021<br \/>\n&#8211; J. Jacobs \u2192 3 ans &#8211; 2023<br \/>\n&#8211; M. Jorgenson \u2192 3 ans &#8211; 2023<\/strong><br \/>\n<\/span><\/td>\n<\/tr>\n<tr style=\"height: 22px\">\n<td style=\"width: 15.8859%;border-color: #e8e8e8;text-align: center;vertical-align: middle;height: 115px\"><span style=\"font-size: 14px\"><strong><a href=\"http:\/\/dicodusport.fr\/blog\/wp-content\/uploads\/2020\/05\/Maillot-NTT-2020.jpg\"><img loading=\"lazy\" decoding=\"async\" class=\"aligncenter wp-image-67935 \" src=\"http:\/\/dicodusport.fr\/blog\/wp-content\/uploads\/2020\/05\/Maillot-NTT-2020.jpg\" alt=\"\" width=\"83\" height=\"100\" srcset=\"https:\/\/dicodusport.fr\/blog\/wp-content\/uploads\/2020\/05\/Maillot-NTT-2020.jpg 383w, https:\/\/dicodusport.fr\/blog\/wp-content\/uploads\/2020\/05\/Maillot-NTT-2020-250x300.jpg 250w\" sizes=\"auto, (max-width: 83px) 100vw, 83px\" \/><\/a>NTT<br \/>\n(Team Qhubeka ASSOS en 2021)<\/strong><\/span><\/td>\n<td style=\"width: 28.5132%;height: 115px;border-color: #e8e8e8;text-align: left;vertical-align: middle\"><span style=\"font-size: 14px\"><span style=\"font-size: 14px\"><span class=\"st\"><strong>&#8211; S. Arm\u00e9e \u2192 Lotto-Soudal<br \/>\n&#8211; F. Aru \u2192 UAE Team Emirates<br \/>\n&#8211; S. Bennett \u2192 EF Pro Cycling<br \/>\n&#8211; C. Brown \u2192 NTT Continental<br \/>\n&#8211; D. Claeys \u2192 Cofidis<\/strong><br \/>\n<strong>&#8211; S. Clarke \u2192 EF Pro Cycling<br \/>\n&#8211; K. Frankiny \u2192 Groupama-FDJ<br \/>\n<strong style=\"font-family: inherit\">&#8211; S. Henao \u2192 UAE Team Emirates<br \/>\n&#8211; B-J Lindeman \u2192 Jumbo-Visma<\/strong><br \/>\n&#8211; M. Pelucchi \u2192 Bardiani CSF Faizan\u00e8<br \/>\n&#8211; R. Power \u2192 Sunweb<br \/>\n&#8211; M. Schmid \u2192 Leopard Pro Cycling<br \/>\n&#8211; H. Tanfield \u2192 AG2R La Mondiale<br \/>\n&#8211; K. Vacek \u2192 Team Colpack Balla<br \/>\n&#8211; E. Vinjebo \u2192 Riwal Securitas<br \/>\n&#8211; L. Wisniowski \u2192 CCC<\/strong><br \/>\n<\/span><\/span><\/span><\/td>\n<td style=\"width: 27.9022%;height: 115px;border-color: #e8e8e8;text-align: left;vertical-align: middle\"><span style=\"font-size: 14px\"><span class=\"st\"><strong>&#8211; S. Battistella \u2192 Astana<br \/>\n&#8211; S. de Bod \u2192 Astana<br \/>\n&#8211; A. Ghebreigzabhier \u2192 Trek &#8211; Segafredo<br \/>\n&#8211; R. Gibbons \u2192 UAE Team Emirates<br \/>\n&#8211; E.B. Hagen \u2192 Total Direct Energie<br \/>\n&#8211; B. King \u2192 Rally<br \/>\n&#8211; R. Kreuziger \u2192 Gazprom<br \/>\n&#8211; L. Meintjes \u2192 Circus &#8211; Wanty Gobert<br \/>\n&#8211; B. O&rsquo;Connor \u2192 AG2R La Mondiale<br \/>\n&#8211; M. Sobrero \u2192 Astana<br \/>\n&#8211; M. Valgren \u2192 EF Pro Cycling<br \/>\n&#8211; M. Carbel \u2192 Retraite<br \/>\n&#8211; E. Gasparotto \u2192 Retraite<br \/>\n&#8211; J. Thomson \u2192 Retraite<\/strong><\/span><span class=\"st\"><br \/>\n&#8211; G. M\u00e4der \u2192 Bahrain-McLaren<\/span><\/span><span style=\"font-size: 14px\"><br \/>\n<\/span><\/td>\n<td style=\"width: 27.5967%;height: 115px;text-align: left;border-color: #e8e8e8;vertical-align: middle\"><strong><span style=\"font-size: 14px\"><span class=\"st\">&#8211; C. Barbero \u2192 1 an &#8211; 2021<br \/>\n&#8211; N. Dlamini \u2192 1 an &#8211; 2021<br \/>\n&#8211; G. Nizzolo \u2192 1 an &#8211; 2021<br \/>\n&#8211; R. Janse van Rensburg \u2192 1 an &#8211; 2021<\/span><\/span><\/strong><strong><br \/>\n<\/strong><\/td>\n<\/tr>\n<tr style=\"height: 22px\">\n<td style=\"width: 15.8859%;border-color: #e8e8e8;text-align: center;vertical-align: middle;height: 69px\"><span style=\"font-size: 14px\"><strong><a href=\"http:\/\/dicodusport.fr\/blog\/wp-content\/uploads\/2020\/05\/Maillot-Sunweb-2020.jpg\"><img loading=\"lazy\" decoding=\"async\" class=\"aligncenter wp-image-67936 \" src=\"http:\/\/dicodusport.fr\/blog\/wp-content\/uploads\/2020\/05\/Maillot-Sunweb-2020.jpg\" alt=\"\" width=\"100\" height=\"100\" srcset=\"https:\/\/dicodusport.fr\/blog\/wp-content\/uploads\/2020\/05\/Maillot-Sunweb-2020.jpg 217w, https:\/\/dicodusport.fr\/blog\/wp-content\/uploads\/2020\/05\/Maillot-Sunweb-2020-150x150.jpg 150w, https:\/\/dicodusport.fr\/blog\/wp-content\/uploads\/2020\/05\/Maillot-Sunweb-2020-80x80.jpg 80w\" sizes=\"auto, (max-width: 100px) 100vw, 100px\" \/><\/a>SUNWEB<\/strong><strong><br \/>\n<\/strong><\/span><\/td>\n<td style=\"width: 28.5132%;height: 69px;border-color: #e8e8e8;text-align: left;vertical-align: middle\"><strong><span style=\"font-size: 14px\">&#8211; R. Bardet \u2192 AG2R La Mondiale<br \/>\n&#8211; M. Brenner \u2192 RSG Ansbach<br \/>\n&#8211; R. Combaud \u2192 Nippo Delko One Provence<br \/>\n&#8211; N. Markle \u2192 Sunweb Development<br \/>\n&#8211; H. Vandenabeele \u2192 Lotto-Soudal U23 (d\u00e8s 2022)<br \/>\n&#8211; K. Vermaerke \u2192 Hagens Berman Axeon<br \/>\n<\/span><\/strong><span style=\"font-size: 14px\"><span class=\"st\">&#8211; S. Kruijswijk \u2192 Jumbo-Visma<\/span><\/span><strong><span style=\"font-size: 14px\"><br \/>\n<\/span><\/strong><\/td>\n<td style=\"width: 27.9022%;height: 69px;border-color: #e8e8e8;text-align: left;vertical-align: middle\"><span style=\"font-size: 14px\"><strong>&#8211; W. Kelderman \u2192 Bora-Hansgrohe<br \/>\n&#8211; M. Matthews \u2192 Mitchelton-Scott<br \/>\n&#8211; S. Oomen \u2192 Jumbo-Visma<br \/>\n<span class=\"st\">&#8211; R. Power \u2192 Team Qhubeka ASSOS<\/span><\/strong><br \/>\n<\/span><\/td>\n<td style=\"width: 27.5967%;height: 69px;text-align: left;border-color: #e8e8e8;vertical-align: middle\">&nbsp;<\/p>\n<p><span style=\"font-size: 14px\"><strong>&#8211; N. Arndt \u2192 2 ans &#8211; 2022<br \/>\n&#8211; T. Benoot \u2192 2 ans &#8211; 2022<br \/>\n&#8211; C. Bol \u2192 2 ans &#8211; 2022<br \/>\n&#8211; N. Eekhoff \u2192 2 ans &#8211; 2022<br \/>\n&#8211; F. Stork \u2192 2 ans &#8211; 2022<br \/>\n&#8211; A. Dainese \u2192 3 ans &#8211; 2023<br \/>\n<\/strong><\/span><\/p>\n<p><span style=\"font-size: 14px\">\u00a0<\/span><\/td>\n<\/tr>\n<tr style=\"height: 22px\">\n<td style=\"width: 15.8859%;border-color: #e8e8e8;text-align: center;vertical-align: middle;height: 22px\"><strong style=\"font-size: 14px\"><a href=\"http:\/\/dicodusport.fr\/blog\/wp-content\/uploads\/2020\/05\/Maillot-Trek-Segafredo-2020.jpg\"><img loading=\"lazy\" decoding=\"async\" class=\"aligncenter wp-image-67915 \" src=\"http:\/\/dicodusport.fr\/blog\/wp-content\/uploads\/2020\/05\/Maillot-Trek-Segafredo-2020.jpg\" alt=\"\" width=\"100\" height=\"100\" srcset=\"https:\/\/dicodusport.fr\/blog\/wp-content\/uploads\/2020\/05\/Maillot-Trek-Segafredo-2020.jpg 600w, https:\/\/dicodusport.fr\/blog\/wp-content\/uploads\/2020\/05\/Maillot-Trek-Segafredo-2020-300x300.jpg 300w, https:\/\/dicodusport.fr\/blog\/wp-content\/uploads\/2020\/05\/Maillot-Trek-Segafredo-2020-150x150.jpg 150w, https:\/\/dicodusport.fr\/blog\/wp-content\/uploads\/2020\/05\/Maillot-Trek-Segafredo-2020-80x80.jpg 80w\" sizes=\"auto, (max-width: 100px) 100vw, 100px\" \/><\/a>TREK-SEGAFREDO<\/strong><\/td>\n<td style=\"width: 28.5132%;height: 22px;border-color: #e8e8e8;text-align: left;vertical-align: middle\"><span class=\"st\"><span style=\"font-size: 14px\"><strong>&#8211; J. Egholm \u2192 <strong style=\"font-family: inherit\">Hagens Berman Axeon<\/strong><br \/>\n&#8211; A. Ghebreigzabhier \u2192 NTT<br \/>\n&#8211; M. Skjelmose Jensen \u2192 Leopard Pro Cycling<br \/>\n&#8211; A. Tiberi \u2192 Team Colpack Ballan<\/strong><\/span><\/span><strong><span class=\"st\"><span style=\"font-size: 14px\"><br \/>\n<\/span><\/span><\/strong><\/td>\n<td style=\"width: 27.9022%;height: 22px;border-color: #e8e8e8;text-align: left;vertical-align: middle\"><strong><span style=\"font-size: 14px\"><span class=\"st\">&#8211; R. Porte \u2192 Ineos<\/span><\/span><\/strong><span style=\"font-size: 14px\"><br \/>\n<\/span><\/td>\n<td style=\"width: 27.5967%;height: 22px;text-align: left;border-color: #e8e8e8;vertical-align: middle\"><span style=\"font-size: 14px\"><strong>&#8211; G. Brambilla \u2192 2 ans &#8211; 2022<br \/>\n&#8211; K. de Kort \u2192 2 ans &#8211; 2022<br \/>\n&#8211; B. Mollema \u2192 2 ans &#8211; 2022<br \/>\n&#8211; J. Mosca \u2192 2 ans &#8211; 2022<br \/>\n&#8211; M. Moschetti \u2192 2 ans &#8211; 2022<br \/>\n&#8211; T. Skujins \u2192 2 ans &#8211; 2022<br \/>\n&#8211; J. Stuyven \u2192 2 ans &#8211; 2022<br \/>\n<\/strong><\/span><\/td>\n<\/tr>\n<tr style=\"height: 22px\">\n<td style=\"width: 15.8859%;border-color: #e8e8e8;text-align: center;vertical-align: middle;height: 69px\"><span style=\"font-size: 14px\"><strong><a href=\"http:\/\/dicodusport.fr\/blog\/wp-content\/uploads\/2020\/05\/Maillot-UAE-Team-Emirates-2020.jpg\"><img loading=\"lazy\" decoding=\"async\" class=\"aligncenter wp-image-67937 \" src=\"http:\/\/dicodusport.fr\/blog\/wp-content\/uploads\/2020\/05\/Maillot-UAE-Team-Emirates-2020.jpg\" alt=\"\" width=\"100\" height=\"100\" srcset=\"https:\/\/dicodusport.fr\/blog\/wp-content\/uploads\/2020\/05\/Maillot-UAE-Team-Emirates-2020.jpg 225w, https:\/\/dicodusport.fr\/blog\/wp-content\/uploads\/2020\/05\/Maillot-UAE-Team-Emirates-2020-150x150.jpg 150w, https:\/\/dicodusport.fr\/blog\/wp-content\/uploads\/2020\/05\/Maillot-UAE-Team-Emirates-2020-80x80.jpg 80w\" sizes=\"auto, (max-width: 100px) 100vw, 100px\" \/><\/a><\/strong><strong>UAE TEAM EMIRATES<\/strong><\/span><\/td>\n<td style=\"width: 28.5132%;height: 69px;border-color: #e8e8e8;text-align: left;vertical-align: middle\"><strong><span style=\"font-size: 14px\">&#8211; J. Ayuso \u2192 Bathco<br \/>\n&#8211; R. Gibbons \u2192 NTT<br \/>\n<span class=\"st\">&#8211; R. Majka \u2192 Bora-Hansgrohe<\/span><br \/>\n<span class=\"st\">&#8211; M. Trentin \u2192 CCC Team<br \/>\n<\/span><\/span><\/strong><span style=\"font-size: 14px\">&#8211; P. Sagan \u2192 Bora-Hansgrohe<\/span><strong><span style=\"font-size: 14px\"><br \/>\n<\/span><\/strong><\/td>\n<td style=\"width: 27.9022%;height: 69px;border-color: #e8e8e8;text-align: left;vertical-align: middle\"><span style=\"font-size: 14px\"><strong><span class=\"st\">&#8211; F. Aru \u2192 Team Qhubeka ASSOS<br \/>\n&#8211; T. Bohli <strong style=\"font-family: inherit\">\u2192 Cofidis<br \/>\n&#8211; S. Henao \u2192 Team Qhubeka ASSOS<\/strong><br \/>\n&#8211; J. Philipsen \u2192 Alpecin-Fenix<\/span><\/strong><span class=\"st\">\u00a0<\/span><\/span><span style=\"font-size: 14px\"><br \/>\n<\/span><\/td>\n<td style=\"width: 27.5967%;height: 69px;text-align: left;border-color: #e8e8e8;vertical-align: middle\"><span style=\"font-size: 14px\"><strong>&#8211; C. Munoz \u2192 1 an &#8211; 2021<br \/>\n&#8211; A. Riabushenko \u2192 1 an &#8211; 2021<br \/>\n&#8211; D. Ulissi \u2192 3 ans &#8211; 2023<br \/>\n&#8211; T. Pogacar \u2192 1 an &#8211; 2024<\/strong><\/span><\/td>\n<\/tr>\n<tr style=\"height: 22px\">\n<td style=\"width: 15.8859%;border-color: #e8e8e8;text-align: center;vertical-align: middle;height: 46px\"><span style=\"font-size: 14px\"><strong><a href=\"http:\/\/dicodusport.fr\/blog\/wp-content\/uploads\/2020\/05\/Maillot-Ark\u00e9a-Samsic-2020.png\"><img loading=\"lazy\" decoding=\"async\" class=\"aligncenter wp-image-67928 \" src=\"http:\/\/dicodusport.fr\/blog\/wp-content\/uploads\/2020\/05\/Maillot-Ark\u00e9a-Samsic-2020.png\" alt=\"\" width=\"88\" height=\"102\" srcset=\"https:\/\/dicodusport.fr\/blog\/wp-content\/uploads\/2020\/05\/Maillot-Ark\u00e9a-Samsic-2020.png 301w, https:\/\/dicodusport.fr\/blog\/wp-content\/uploads\/2020\/05\/Maillot-Ark\u00e9a-Samsic-2020-259x300.png 259w\" sizes=\"auto, (max-width: 88px) 100vw, 88px\" \/><\/a>ARK\u00c9A-SAMSIC<\/strong><strong><br \/>\n<\/strong><\/span><\/td>\n<td style=\"width: 28.5132%;height: 46px;border-color: #e8e8e8;text-align: left;vertical-align: middle\"><span style=\"font-size: 14px\"><strong>&#8211; A. Capiot \u2192 SportVlaanderen &#8211; Baloise<br \/>\n&#8211; M. Pajur \u2192 Tartu 2024-Balticchaincycling.com<\/strong><br \/>\n&#8211; M.E Florez \u2192 Androni<\/span><span style=\"font-size: 14px\"><br \/>\n<\/span><\/td>\n<td style=\"width: 27.9022%;height: 46px;border-color: #e8e8e8;text-align: left;vertical-align: middle\"><strong><span style=\"font-size: 14px\">&#8211; F. Bonnamour \u2192 B&amp;B Hotels-Vital Concept p\/b KTM<br \/>\n&#8211; B. Jarrier \u2192 Retraite<br \/>\n&#8211; F. Vachon \u2192 Retraite<\/span><\/strong><\/td>\n<td style=\"width: 27.5967%;height: 46px;text-align: left;border-color: #e8e8e8;vertical-align: middle\"><span style=\"font-size: 14px\"><strong>&#8211; M. Bouet \u2192 1 an &#8211; 2021<br \/>\n&#8211; B. Declercq \u2192 1 an &#8211; 2021<br \/>\n&#8211; R. Hardy \u2192 1 an &#8211; 2021<br \/>\n&#8211; A. Delaplace \u2192 1 an &#8211; 2021<br \/>\n<\/strong><\/span><span style=\"font-size: 14px\"><strong>&#8211; L. Pichon \u2192 1 an &#8211; 2021<br \/>\n&#8211; A. Riou \u2192 1 an &#8211; 2021<br \/>\n&#8211; B. Welten \u2192 1 an &#8211; 2021<br \/>\n&#8211; D. McLay \u2192 2 ans &#8211; 2022<br \/>\n<\/strong><\/span><span style=\"font-size: 14px\"><strong>&#8211; C. Swift \u2192 2 ans &#8211; 2022<\/strong><br \/>\n<\/span><\/td>\n<\/tr>\n<tr style=\"height: 22px\">\n<td style=\"width: 15.8859%;border-color: #e8e8e8;text-align: center;vertical-align: middle;height: 46px\"><span style=\"font-size: 14px\"><strong><a href=\"http:\/\/dicodusport.fr\/blog\/wp-content\/uploads\/2020\/05\/Maillot-BB-Hotels-Vital-Concept-2020.png\"><img loading=\"lazy\" decoding=\"async\" class=\"aligncenter wp-image-67929 \" src=\"http:\/\/dicodusport.fr\/blog\/wp-content\/uploads\/2020\/05\/Maillot-BB-Hotels-Vital-Concept-2020.png\" alt=\"\" width=\"103\" height=\"95\" srcset=\"https:\/\/dicodusport.fr\/blog\/wp-content\/uploads\/2020\/05\/Maillot-BB-Hotels-Vital-Concept-2020.png 451w, https:\/\/dicodusport.fr\/blog\/wp-content\/uploads\/2020\/05\/Maillot-BB-Hotels-Vital-Concept-2020-300x277.png 300w\" sizes=\"auto, (max-width: 103px) 100vw, 103px\" \/><\/a><\/strong><strong>B&amp;B HOTELS-VITAL CONCEPT P\/B KTM<\/strong><\/span><\/td>\n<td style=\"width: 28.5132%;height: 46px;border-color: #e8e8e8;text-align: left;vertical-align: middle\"><span style=\"font-size: 14px\"><strong>&#8211; N. Bagioli \u2192 Androni<br \/>\n&#8211; A. Boileau \u2192 VCP Loud\u00e9ac<br \/>\n&#8211; F. Bonnamour \u2192 Ark\u00e9a-Samsic<br \/>\n&#8211; T. Ferasse \u2192 Natura4Ever-Roubaix-Lille M\u00e9tropole<br \/>\n&#8211; J. Hivert \u2192 Total Direct Energie<br \/>\n&#8211; Q. Jauregui \u2192 AG2R La Mondiale<br \/>\n&#8211; C. Lemoine \u2192 Cofidis<br \/>\n&#8211; E. Lietaer \u2192 Bingoal-Wallonie Bruxelles<\/strong><\/span><span style=\"font-size: 14px\"><br \/>\n<\/span><\/td>\n<td style=\"width: 27.9022%;height: 46px;border-color: #e8e8e8;text-align: left;vertical-align: middle\"><strong><span style=\"font-size: 14px\">&#8211; A. Garel \u2192 Sojasun Espoirs-ACNC<br \/>\n&#8211; J. Mottier \u2192 Laval Cyclisme 53<br \/>\n&#8211; A. Courteille \u2192 Retraite<br \/>\n&#8211; T-J. Slagter \u2192 Retraite<br \/>\n&#8211; A. Vichot \u2192 Retraite<br \/>\n<\/span><\/strong><\/td>\n<td style=\"width: 27.5967%;height: 46px;text-align: left;border-color: #e8e8e8;vertical-align: middle\">&nbsp;<\/p>\n<p><span style=\"font-size: 14px\"><strong>&#8211; B. De Backer \u2192\u00a0 1 an &#8211; 2021<br \/>\n&#8211; J. Lecroq \u2192\u00a0 1 an &#8211; 2021<br \/>\n&#8211; C. Gautier \u2192 2 ans &#8211; 2022<br \/>\n&#8211; L. Mozzato \u2192 2 ans &#8211; 2022<br \/>\n&#8211; P. Rolland \u2192 2 ans &#8211; 2022<\/strong><\/span><\/p>\n<p>&nbsp;<\/td>\n<\/tr>\n<tr style=\"height: 22px\">\n<td style=\"width: 15.8859%;border-color: #e8e8e8;text-align: center;vertical-align: middle;height: 23px\"><span style=\"font-size: 14px\"><strong><a href=\"http:\/\/dicodusport.fr\/blog\/wp-content\/uploads\/2020\/05\/Maillot-Nippo-Delko-One-Provence-2020.jpg\"><img loading=\"lazy\" decoding=\"async\" class=\"aligncenter wp-image-67934 \" src=\"http:\/\/dicodusport.fr\/blog\/wp-content\/uploads\/2020\/05\/Maillot-Nippo-Delko-One-Provence-2020.jpg\" alt=\"\" width=\"99\" height=\"99\" srcset=\"https:\/\/dicodusport.fr\/blog\/wp-content\/uploads\/2020\/05\/Maillot-Nippo-Delko-One-Provence-2020.jpg 225w, https:\/\/dicodusport.fr\/blog\/wp-content\/uploads\/2020\/05\/Maillot-Nippo-Delko-One-Provence-2020-150x150.jpg 150w, https:\/\/dicodusport.fr\/blog\/wp-content\/uploads\/2020\/05\/Maillot-Nippo-Delko-One-Provence-2020-80x80.jpg 80w\" sizes=\"auto, (max-width: 99px) 100vw, 99px\" \/><\/a>NIPPO DELKO ONE PROVENCE<\/strong><\/span><\/td>\n<td style=\"width: 28.5132%;height: 23px;border-color: #e8e8e8;text-align: left;vertical-align: middle\"><strong><span style=\"font-size: 14px\">&#8211; Y. Debesay \u2192 <span class=\"st\">Groupama-FDJ Conti<\/span><br \/>\n&#8211; A. Delettre \u2192 VC Villefranche<br \/>\n<span class=\"st\">&#8211; E. Prades \u2192 Movistar<\/span><br \/>\n&#8211; A. Zingle \u2192 CC \u00c9tupes<br \/>\n<\/span><\/strong><\/td>\n<td style=\"width: 27.9022%;height: 23px;border-color: #e8e8e8;text-align: left;vertical-align: middle\"><strong><span style=\"font-size: 14px\"><span class=\"st\">&#8211; C. Berthet \u2192 VTT<\/span><br \/>\n&#8211; R. Combaud \u2192 Sunweb<br \/>\n<span class=\"st\">&#8211; H. Nakane \u2192 EF Pro Cycling<br \/>\n&#8211; R. Navardauskas \u2192 Retraite<\/span><br \/>\n<\/span><\/strong><\/td>\n<td style=\"width: 27.5967%;height: 23px;text-align: left;border-color: #e8e8e8;vertical-align: middle\"><span style=\"font-size: 14px\"><strong>&#8211; A. Fedeli \u2192 2 ans &#8211; 2022<\/strong><\/span><\/td>\n<\/tr>\n<tr>\n<td style=\"width: 15.8859%;border-color: #e8e8e8;text-align: center;vertical-align: middle\"><a href=\"http:\/\/dicodusport.fr\/blog\/wp-content\/uploads\/2020\/05\/Maillot-Team-Total-Direct-\u00c9nergie-2020.jpg\"><img loading=\"lazy\" decoding=\"async\" class=\"aligncenter wp-image-67926\" src=\"http:\/\/dicodusport.fr\/blog\/wp-content\/uploads\/2020\/05\/Maillot-Team-Total-Direct-\u00c9nergie-2020.jpg\" alt=\"\" width=\"100\" height=\"100\" srcset=\"https:\/\/dicodusport.fr\/blog\/wp-content\/uploads\/2020\/05\/Maillot-Team-Total-Direct-\u00c9nergie-2020.jpg 600w, https:\/\/dicodusport.fr\/blog\/wp-content\/uploads\/2020\/05\/Maillot-Team-Total-Direct-\u00c9nergie-2020-300x300.jpg 300w, https:\/\/dicodusport.fr\/blog\/wp-content\/uploads\/2020\/05\/Maillot-Team-Total-Direct-\u00c9nergie-2020-150x150.jpg 150w, https:\/\/dicodusport.fr\/blog\/wp-content\/uploads\/2020\/05\/Maillot-Team-Total-Direct-\u00c9nergie-2020-80x80.jpg 80w\" sizes=\"auto, (max-width: 100px) 100vw, 100px\" \/><\/a><span style=\"font-size: 14px\"><strong>TEAM TOTAL DIRECT \u00c9NERGIE<\/strong><\/span><\/td>\n<td style=\"width: 28.5132%;border-color: #e8e8e8;text-align: left;vertical-align: middle\"><span style=\"font-size: 14px\"><strong><span class=\"st\">&#8211; V. de la Parte \u2192 CCC Team<\/span><br \/>\n&#8211; F. Doubey \u2192 Circus &#8211; Wanty Gobert<br \/>\n&#8211; A. Geniez \u2192 AG2R La Mondiale<br \/>\n<span class=\"st\">&#8211; E.B. Hagen \u2192 NTT<\/span><br \/>\n<\/strong><\/span><span style=\"font-size: 14px\"><strong>&#8211; P. Latour \u2192 AG2R La Mondiale<br \/>\n&#8211; C. Lawless \u2192 INEOS Grenadiers<br \/>\n&#8211; C. Rodriguez \u2192 <span class=\"st\">Caja Rural-Seguros RGA<\/span><br \/>\n&#8211; A. Vuillermoz \u2192 AG2R La Mondiale<\/strong><strong><br \/>\n<\/strong><\/span><\/td>\n<td style=\"width: 27.9022%;border-color: #e8e8e8;text-align: left;vertical-align: middle\"><span style=\"font-size: 14px\"><strong> &#8211; L. Calmejane \u2192 AG2R La Mondiale<br \/>\n&#8211; R. Cardis \u2192 Saint Michel-Auber 93<br \/>\n&#8211; J. Hivert \u2192 B&amp;B Hotels-Vital Concept p\/b KTM<br \/>\n&#8211; R. Taaram\u00e4e \u2192 Circus Wanty-Gobert<br \/>\n&#8211; S. Sellier \u2192 Retraite<\/strong><br \/>\n<\/span><\/td>\n<td style=\"width: 27.5967%;text-align: left;border-color: #e8e8e8;vertical-align: middle\"><strong><span style=\"font-size: 14px\"> &#8211; N. Terpstra \u2192 1 an &#8211; 2021<br \/>\n&#8211; N. Bonifazio \u2192 2 ans &#8211; 2022<br \/>\n&#8211; M. Burgaudeau \u2192 2 ans &#8211; 2022<br \/>\n&#8211; G. Soupe \u2192 2 ans &#8211; 2022<br \/>\n&#8211; A. Turgis \u2192 2 ans &#8211; 2022<\/span><\/strong><\/td>\n<\/tr>\n<\/tbody>\n<\/table>\n<\/div>\n<p style=\"text-align: justify;\"><strong>Sources :<\/strong> <a href=\"https:\/\/www.velo-club.net\/post\/transferts-2017-2018-le-point-sur-le-mercato\" target=\"_blank\" rel=\"noopener noreferrer\">V\u00e9lo-Club.net<\/a>, <a href=\"http:\/\/legruppetto.fr\/forum\/viewtopic.php?t=180\" target=\"_blank\" rel=\"noopener noreferrer\">Le Gruppetto<\/a><\/p>\n<p><strong><em>Dicodusport<br \/>\n<a href=\"https:\/\/www.facebook.com\/dicodusport\/\" target=\"_blank\" rel=\"noopener noreferrer\"><img loading=\"lazy\" decoding=\"async\" class=\"alignnone wp-image-2909\" src=\"http:\/\/dicodusport.fr\/blog\/wp-content\/uploads\/2017\/07\/logo-facebook-150x150.png\" alt=\"\" width=\"40\" height=\"40\" \/><\/a><a href=\"https:\/\/twitter.com\/dicodusport\" target=\"_blank\" rel=\"noopener noreferrer\"><img loading=\"lazy\" decoding=\"async\" class=\"alignnone wp-image-2908\" src=\"http:\/\/dicodusport.fr\/blog\/wp-content\/uploads\/2017\/07\/logo-twitter-150x150.png\" alt=\"\" width=\"39\" height=\"39\" \/><\/a><\/em><\/strong><\/p>\n","protected":false},"excerpt":{"rendered":"<p>Cyclisme 2020\/2021 &#8211; Retrouvez toutes les rumeurs ainsi que les transferts du mercato des \u00e9quipes UCI WorldTeam, mais aussi des \u00e9quipes fran\u00e7aises en UCI ProTeam.<\/p>\n","protected":false},"author":4,"featured_media":68230,"comment_status":"open","ping_status":"closed","sticky":false,"template":"","format":"standard","meta":{"_acf_changed":false,"_daextam_enable_autolinks":"","footnotes":""},"categories":[2307],"tags":[574,8386,8388,10856,10855,5773],"class_list":["post-67914","post","type-post","status-publish","format-standard","has-post-thumbnail","hentry","category-cyclisme","tag-cyclisme","tag-mercato-cyclisme","tag-transferts-cyclisme","tag-uci-proteam","tag-uci-worldteam","tag-world-tour"],"acf":[],"yoast_head":"<!-- This site is optimized with the Yoast SEO Premium plugin v26.7 (Yoast SEO v26.7) - https:\/\/yoast.com\/wordpress\/plugins\/seo\/ -->\n<title>Cyclisme - Transferts 2020\/2021 : le tableau du mercato<\/title>\n<meta name=\"description\" content=\"Transferts Cyclisme 2020\/2021 - Retrouvez les rumeurs et les transferts du mercato des \u00e9quipes UCI WorldTeam, mais aussi des \u00e9quipes fran\u00e7aises UCI ProTeam.\" \/>\n<meta name=\"robots\" content=\"index, follow, max-snippet:-1, max-image-preview:large, max-video-preview:-1\" \/>\n<link rel=\"canonical\" href=\"https:\/\/dicodusport.fr\/blog\/cyclisme-transferts-2020-2021-tableau-du-mercato\/\" \/>\n<meta property=\"og:locale\" content=\"fr_FR\" \/>\n<meta property=\"og:type\" content=\"article\" \/>\n<meta property=\"og:title\" content=\"Cyclisme - Transferts 2020\/2021 : le tableau du mercato\" \/>\n<meta property=\"og:description\" content=\"Transferts Cyclisme 2020\/2021 - Retrouvez les rumeurs et les transferts du mercato des \u00e9quipes UCI WorldTeam, mais aussi des \u00e9quipes fran\u00e7aises UCI ProTeam.\" \/>\n<meta property=\"og:url\" content=\"https:\/\/dicodusport.fr\/blog\/cyclisme-transferts-2020-2021-tableau-du-mercato\/\" \/>\n<meta property=\"og:site_name\" content=\"Dicodusport\" \/>\n<meta property=\"article:publisher\" content=\"https:\/\/www.facebook.com\/dicodusport\" \/>\n<meta property=\"article:author\" content=\"https:\/\/www.facebook.com\/florent.ostermann\" \/>\n<meta property=\"article:published_time\" content=\"2020-12-08T14:23:19+00:00\" \/>\n<meta property=\"article:modified_time\" content=\"2020-12-08T14:23:31+00:00\" \/>\n<meta property=\"og:image\" content=\"https:\/\/dicodusport.fr\/blog\/wp-content\/uploads\/2020\/06\/Cyclisme-Transferts-2020-2021-Le-tableau-du-mercato.png\" \/>\n\t<meta property=\"og:image:width\" content=\"1200\" \/>\n\t<meta property=\"og:image:height\" content=\"670\" \/>\n\t<meta property=\"og:image:type\" content=\"image\/png\" \/>\n<meta name=\"author\" content=\"Flo Ostermann\" \/>\n<meta name=\"twitter:card\" content=\"summary_large_image\" \/>\n<meta name=\"twitter:title\" content=\"Cyclisme - Transferts 2020\/2021 : le tableau du mercato\" \/>\n<meta name=\"twitter:creator\" content=\"@https:\/\/twitter.com\/FlOstermann\" \/>\n<meta name=\"twitter:site\" content=\"@dicodusport\" \/>\n<script type=\"application\/ld+json\" class=\"yoast-schema-graph\">{\"@context\":\"https:\/\/schema.org\",\"@graph\":[{\"@type\":\"NewsArticle\",\"@id\":\"https:\/\/dicodusport.fr\/blog\/cyclisme-transferts-2020-2021-tableau-du-mercato\/#article\",\"isPartOf\":{\"@id\":\"https:\/\/dicodusport.fr\/blog\/cyclisme-transferts-2020-2021-tableau-du-mercato\/\"},\"author\":{\"name\":\"Flo Ostermann\",\"@id\":\"https:\/\/dicodusport.fr\/blog\/#\/schema\/person\/cb02af4c173ce4a653b55e9baf388d4a\"},\"headline\":\"Cyclisme &#8211; Transferts 2020\/2021 : le tableau du mercato\",\"datePublished\":\"2020-12-08T14:23:19+00:00\",\"dateModified\":\"2020-12-08T14:23:31+00:00\",\"mainEntityOfPage\":{\"@id\":\"https:\/\/dicodusport.fr\/blog\/cyclisme-transferts-2020-2021-tableau-du-mercato\/\"},\"wordCount\":2498,\"commentCount\":4,\"publisher\":{\"@id\":\"https:\/\/dicodusport.fr\/blog\/#organization\"},\"image\":{\"@id\":\"https:\/\/dicodusport.fr\/blog\/cyclisme-transferts-2020-2021-tableau-du-mercato\/#primaryimage\"},\"thumbnailUrl\":\"https:\/\/dicodusport.fr\/blog\/wp-content\/uploads\/2020\/06\/Cyclisme-Transferts-2020-2021-Le-tableau-du-mercato.png\",\"keywords\":[\"Cyclisme\",\"Mercato Cyclisme\",\"Transferts Cyclisme\",\"UCI ProTeam\",\"UCI WorldTeam\",\"World Tour\"],\"articleSection\":[\"Cyclisme\"],\"inLanguage\":\"fr-FR\",\"potentialAction\":[{\"@type\":\"CommentAction\",\"name\":\"Comment\",\"target\":[\"https:\/\/dicodusport.fr\/blog\/cyclisme-transferts-2020-2021-tableau-du-mercato\/#respond\"]}],\"copyrightYear\":\"2020\",\"copyrightHolder\":{\"@id\":\"https:\/\/dicodusport.fr\/blog\/#organization\"}},{\"@type\":\"WebPage\",\"@id\":\"https:\/\/dicodusport.fr\/blog\/cyclisme-transferts-2020-2021-tableau-du-mercato\/\",\"url\":\"https:\/\/dicodusport.fr\/blog\/cyclisme-transferts-2020-2021-tableau-du-mercato\/\",\"name\":\"Cyclisme - Transferts 2020\/2021 : le tableau du mercato\",\"isPartOf\":{\"@id\":\"https:\/\/dicodusport.fr\/blog\/#website\"},\"primaryImageOfPage\":{\"@id\":\"https:\/\/dicodusport.fr\/blog\/cyclisme-transferts-2020-2021-tableau-du-mercato\/#primaryimage\"},\"image\":{\"@id\":\"https:\/\/dicodusport.fr\/blog\/cyclisme-transferts-2020-2021-tableau-du-mercato\/#primaryimage\"},\"thumbnailUrl\":\"https:\/\/dicodusport.fr\/blog\/wp-content\/uploads\/2020\/06\/Cyclisme-Transferts-2020-2021-Le-tableau-du-mercato.png\",\"datePublished\":\"2020-12-08T14:23:19+00:00\",\"dateModified\":\"2020-12-08T14:23:31+00:00\",\"description\":\"Transferts Cyclisme 2020\/2021 - Retrouvez les rumeurs et les transferts du mercato des \u00e9quipes UCI WorldTeam, mais aussi des \u00e9quipes fran\u00e7aises UCI ProTeam.\",\"breadcrumb\":{\"@id\":\"https:\/\/dicodusport.fr\/blog\/cyclisme-transferts-2020-2021-tableau-du-mercato\/#breadcrumb\"},\"inLanguage\":\"fr-FR\",\"potentialAction\":[{\"@type\":\"ReadAction\",\"target\":[\"https:\/\/dicodusport.fr\/blog\/cyclisme-transferts-2020-2021-tableau-du-mercato\/\"]}]},{\"@type\":\"ImageObject\",\"inLanguage\":\"fr-FR\",\"@id\":\"https:\/\/dicodusport.fr\/blog\/cyclisme-transferts-2020-2021-tableau-du-mercato\/#primaryimage\",\"url\":\"https:\/\/dicodusport.fr\/blog\/wp-content\/uploads\/2020\/06\/Cyclisme-Transferts-2020-2021-Le-tableau-du-mercato.png\",\"contentUrl\":\"https:\/\/dicodusport.fr\/blog\/wp-content\/uploads\/2020\/06\/Cyclisme-Transferts-2020-2021-Le-tableau-du-mercato.png\",\"width\":1200,\"height\":670,\"caption\":\"Cyclisme - Transferts 2020\/2021 : le tableau du mercato\"},{\"@type\":\"BreadcrumbList\",\"@id\":\"https:\/\/dicodusport.fr\/blog\/cyclisme-transferts-2020-2021-tableau-du-mercato\/#breadcrumb\",\"itemListElement\":[{\"@type\":\"ListItem\",\"position\":1,\"name\":\"Accueil\",\"item\":\"https:\/\/dicodusport.fr\/blog\/\"},{\"@type\":\"ListItem\",\"position\":2,\"name\":\"Cyclisme &#8211; Transferts 2020\/2021 : le tableau du mercato\"}]},{\"@type\":\"WebSite\",\"@id\":\"https:\/\/dicodusport.fr\/blog\/#website\",\"url\":\"https:\/\/dicodusport.fr\/blog\/\",\"name\":\"Dicodusport\",\"description\":\"L&#039;encyclop\u00e9die de l&#039;actualit\u00e9 sportive\",\"publisher\":{\"@id\":\"https:\/\/dicodusport.fr\/blog\/#organization\"},\"potentialAction\":[{\"@type\":\"SearchAction\",\"target\":{\"@type\":\"EntryPoint\",\"urlTemplate\":\"https:\/\/dicodusport.fr\/blog\/?s={search_term_string}\"},\"query-input\":{\"@type\":\"PropertyValueSpecification\",\"valueRequired\":true,\"valueName\":\"search_term_string\"}}],\"inLanguage\":\"fr-FR\"},{\"@type\":\"NewsMediaOrganization\",\"@id\":\"https:\/\/dicodusport.fr\/blog\/#organization\",\"name\":\"Dicodusport\",\"url\":\"https:\/\/dicodusport.fr\/blog\/\",\"logo\":{\"@type\":\"ImageObject\",\"inLanguage\":\"fr-FR\",\"@id\":\"https:\/\/dicodusport.fr\/blog\/#\/schema\/logo\/image\/\",\"url\":\"https:\/\/dicodusport.fr\/blog\/wp-content\/uploads\/2020\/06\/cropped-LOGO-DICODUSPORT-2020-SANS-FOND-SANS-TEXTE.png\",\"contentUrl\":\"https:\/\/dicodusport.fr\/blog\/wp-content\/uploads\/2020\/06\/cropped-LOGO-DICODUSPORT-2020-SANS-FOND-SANS-TEXTE.png\",\"width\":512,\"height\":512,\"caption\":\"Dicodusport\"},\"image\":{\"@id\":\"https:\/\/dicodusport.fr\/blog\/#\/schema\/logo\/image\/\"},\"sameAs\":[\"https:\/\/www.facebook.com\/dicodusport\",\"https:\/\/x.com\/dicodusport\",\"https:\/\/www.instagram.com\/dicodusport\/\",\"https:\/\/www.youtube.com\/channel\/UC7V2KZ5sd3htJivAbA4ZG3w\"],\"description\":\"Dicodusport est l'encyclop\u00e9die de l'actualit\u00e9 sportive.\",\"email\":\"bonjour@dicodusport.fr\",\"legalName\":\"DICODUSPORT\",\"foundingDate\":\"2018-01-14\",\"vatID\":\"FR71834470973\",\"taxID\":\"83447097300043\",\"numberOfEmployees\":{\"@type\":\"QuantitativeValue\",\"minValue\":\"1\",\"maxValue\":\"10\"}},{\"@type\":\"Person\",\"@id\":\"https:\/\/dicodusport.fr\/blog\/#\/schema\/person\/cb02af4c173ce4a653b55e9baf388d4a\",\"name\":\"Flo Ostermann\",\"image\":{\"@type\":\"ImageObject\",\"inLanguage\":\"fr-FR\",\"@id\":\"https:\/\/dicodusport.fr\/blog\/#\/schema\/person\/image\/\",\"url\":\"https:\/\/dicodusport.fr\/blog\/wp-content\/uploads\/2021\/05\/Flo-Ostermann-150x150.jpg\",\"contentUrl\":\"https:\/\/dicodusport.fr\/blog\/wp-content\/uploads\/2021\/05\/Flo-Ostermann-150x150.jpg\",\"caption\":\"Flo Ostermann\"},\"description\":\"Journaliste\/R\u00e9dacteur depuis septembre 2015 - Mes premiers souvenirs dans le sport ? Les envol\u00e9es du Stade Toulousain et les duels Villeneuve-Schumacher et H\u00e4kkinen-Schumacher \u00e0 la fin des ann\u00e9es 90, la Coupe du monde de football en 1998, l\u2019exploit du XV de France face aux All Blacks en 1999, mais aussi Richard C\u0153ur de Lion qui vole sur les montagnes du Tour de France. Bien parti pour devenir professeur d\u2019EPS, les \u00e9v\u00e9nements de la vie (et la flemme d\u2019animer des s\u00e9ances de 3x500 m\u00e8tres toute ma vie) m\u2019ont conduit \u00e0 revoir mes plans. Me voil\u00e0 depuis fin 2017 sur Dicodusport, m\u00e9dia gr\u00e2ce (et pour) lequel je partage ma passion : le sport dans tous ses \u00e9tats. Le tout accompagn\u00e9 par les fous furieux et folles furieuses cit\u00e9s sur cette page !\",\"sameAs\":[\"https:\/\/www.facebook.com\/florent.ostermann\",\"https:\/\/x.com\/https:\/\/twitter.com\/FlOstermann\",\"admin\"],\"url\":\"https:\/\/dicodusport.fr\/blog\/author\/flo\/\"}]}<\/script>\n<!-- \/ Yoast SEO Premium plugin. -->","yoast_head_json":{"title":"Cyclisme - Transferts 2020\/2021 : le tableau du mercato","description":"Transferts Cyclisme 2020\/2021 - Retrouvez les rumeurs et les transferts du mercato des \u00e9quipes UCI WorldTeam, mais aussi des \u00e9quipes fran\u00e7aises UCI ProTeam.","robots":{"index":"index","follow":"follow","max-snippet":"max-snippet:-1","max-image-preview":"max-image-preview:large","max-video-preview":"max-video-preview:-1"},"canonical":"https:\/\/dicodusport.fr\/blog\/cyclisme-transferts-2020-2021-tableau-du-mercato\/","og_locale":"fr_FR","og_type":"article","og_title":"Cyclisme - Transferts 2020\/2021 : le tableau du mercato","og_description":"Transferts Cyclisme 2020\/2021 - Retrouvez les rumeurs et les transferts du mercato des \u00e9quipes UCI WorldTeam, mais aussi des \u00e9quipes fran\u00e7aises UCI ProTeam.","og_url":"https:\/\/dicodusport.fr\/blog\/cyclisme-transferts-2020-2021-tableau-du-mercato\/","og_site_name":"Dicodusport","article_publisher":"https:\/\/www.facebook.com\/dicodusport","article_author":"https:\/\/www.facebook.com\/florent.ostermann","article_published_time":"2020-12-08T14:23:19+00:00","article_modified_time":"2020-12-08T14:23:31+00:00","og_image":[{"width":1200,"height":670,"url":"https:\/\/dicodusport.fr\/blog\/wp-content\/uploads\/2020\/06\/Cyclisme-Transferts-2020-2021-Le-tableau-du-mercato.png","type":"image\/png"}],"author":"Flo Ostermann","twitter_card":"summary_large_image","twitter_title":"Cyclisme - Transferts 2020\/2021 : le tableau du mercato","twitter_creator":"@https:\/\/twitter.com\/FlOstermann","twitter_site":"@dicodusport","schema":{"@context":"https:\/\/schema.org","@graph":[{"@type":"NewsArticle","@id":"https:\/\/dicodusport.fr\/blog\/cyclisme-transferts-2020-2021-tableau-du-mercato\/#article","isPartOf":{"@id":"https:\/\/dicodusport.fr\/blog\/cyclisme-transferts-2020-2021-tableau-du-mercato\/"},"author":{"name":"Flo Ostermann","@id":"https:\/\/dicodusport.fr\/blog\/#\/schema\/person\/cb02af4c173ce4a653b55e9baf388d4a"},"headline":"Cyclisme &#8211; Transferts 2020\/2021 : le tableau du mercato","datePublished":"2020-12-08T14:23:19+00:00","dateModified":"2020-12-08T14:23:31+00:00","mainEntityOfPage":{"@id":"https:\/\/dicodusport.fr\/blog\/cyclisme-transferts-2020-2021-tableau-du-mercato\/"},"wordCount":2498,"commentCount":4,"publisher":{"@id":"https:\/\/dicodusport.fr\/blog\/#organization"},"image":{"@id":"https:\/\/dicodusport.fr\/blog\/cyclisme-transferts-2020-2021-tableau-du-mercato\/#primaryimage"},"thumbnailUrl":"https:\/\/dicodusport.fr\/blog\/wp-content\/uploads\/2020\/06\/Cyclisme-Transferts-2020-2021-Le-tableau-du-mercato.png","keywords":["Cyclisme","Mercato Cyclisme","Transferts Cyclisme","UCI ProTeam","UCI WorldTeam","World Tour"],"articleSection":["Cyclisme"],"inLanguage":"fr-FR","potentialAction":[{"@type":"CommentAction","name":"Comment","target":["https:\/\/dicodusport.fr\/blog\/cyclisme-transferts-2020-2021-tableau-du-mercato\/#respond"]}],"copyrightYear":"2020","copyrightHolder":{"@id":"https:\/\/dicodusport.fr\/blog\/#organization"}},{"@type":"WebPage","@id":"https:\/\/dicodusport.fr\/blog\/cyclisme-transferts-2020-2021-tableau-du-mercato\/","url":"https:\/\/dicodusport.fr\/blog\/cyclisme-transferts-2020-2021-tableau-du-mercato\/","name":"Cyclisme - Transferts 2020\/2021 : le tableau du mercato","isPartOf":{"@id":"https:\/\/dicodusport.fr\/blog\/#website"},"primaryImageOfPage":{"@id":"https:\/\/dicodusport.fr\/blog\/cyclisme-transferts-2020-2021-tableau-du-mercato\/#primaryimage"},"image":{"@id":"https:\/\/dicodusport.fr\/blog\/cyclisme-transferts-2020-2021-tableau-du-mercato\/#primaryimage"},"thumbnailUrl":"https:\/\/dicodusport.fr\/blog\/wp-content\/uploads\/2020\/06\/Cyclisme-Transferts-2020-2021-Le-tableau-du-mercato.png","datePublished":"2020-12-08T14:23:19+00:00","dateModified":"2020-12-08T14:23:31+00:00","description":"Transferts Cyclisme 2020\/2021 - Retrouvez les rumeurs et les transferts du mercato des \u00e9quipes UCI WorldTeam, mais aussi des \u00e9quipes fran\u00e7aises UCI ProTeam.","breadcrumb":{"@id":"https:\/\/dicodusport.fr\/blog\/cyclisme-transferts-2020-2021-tableau-du-mercato\/#breadcrumb"},"inLanguage":"fr-FR","potentialAction":[{"@type":"ReadAction","target":["https:\/\/dicodusport.fr\/blog\/cyclisme-transferts-2020-2021-tableau-du-mercato\/"]}]},{"@type":"ImageObject","inLanguage":"fr-FR","@id":"https:\/\/dicodusport.fr\/blog\/cyclisme-transferts-2020-2021-tableau-du-mercato\/#primaryimage","url":"https:\/\/dicodusport.fr\/blog\/wp-content\/uploads\/2020\/06\/Cyclisme-Transferts-2020-2021-Le-tableau-du-mercato.png","contentUrl":"https:\/\/dicodusport.fr\/blog\/wp-content\/uploads\/2020\/06\/Cyclisme-Transferts-2020-2021-Le-tableau-du-mercato.png","width":1200,"height":670,"caption":"Cyclisme - Transferts 2020\/2021 : le tableau du mercato"},{"@type":"BreadcrumbList","@id":"https:\/\/dicodusport.fr\/blog\/cyclisme-transferts-2020-2021-tableau-du-mercato\/#breadcrumb","itemListElement":[{"@type":"ListItem","position":1,"name":"Accueil","item":"https:\/\/dicodusport.fr\/blog\/"},{"@type":"ListItem","position":2,"name":"Cyclisme &#8211; Transferts 2020\/2021 : le tableau du mercato"}]},{"@type":"WebSite","@id":"https:\/\/dicodusport.fr\/blog\/#website","url":"https:\/\/dicodusport.fr\/blog\/","name":"Dicodusport","description":"L&#039;encyclop\u00e9die de l&#039;actualit\u00e9 sportive","publisher":{"@id":"https:\/\/dicodusport.fr\/blog\/#organization"},"potentialAction":[{"@type":"SearchAction","target":{"@type":"EntryPoint","urlTemplate":"https:\/\/dicodusport.fr\/blog\/?s={search_term_string}"},"query-input":{"@type":"PropertyValueSpecification","valueRequired":true,"valueName":"search_term_string"}}],"inLanguage":"fr-FR"},{"@type":"NewsMediaOrganization","@id":"https:\/\/dicodusport.fr\/blog\/#organization","name":"Dicodusport","url":"https:\/\/dicodusport.fr\/blog\/","logo":{"@type":"ImageObject","inLanguage":"fr-FR","@id":"https:\/\/dicodusport.fr\/blog\/#\/schema\/logo\/image\/","url":"https:\/\/dicodusport.fr\/blog\/wp-content\/uploads\/2020\/06\/cropped-LOGO-DICODUSPORT-2020-SANS-FOND-SANS-TEXTE.png","contentUrl":"https:\/\/dicodusport.fr\/blog\/wp-content\/uploads\/2020\/06\/cropped-LOGO-DICODUSPORT-2020-SANS-FOND-SANS-TEXTE.png","width":512,"height":512,"caption":"Dicodusport"},"image":{"@id":"https:\/\/dicodusport.fr\/blog\/#\/schema\/logo\/image\/"},"sameAs":["https:\/\/www.facebook.com\/dicodusport","https:\/\/x.com\/dicodusport","https:\/\/www.instagram.com\/dicodusport\/","https:\/\/www.youtube.com\/channel\/UC7V2KZ5sd3htJivAbA4ZG3w"],"description":"Dicodusport est l'encyclop\u00e9die de l'actualit\u00e9 sportive.","email":"bonjour@dicodusport.fr","legalName":"DICODUSPORT","foundingDate":"2018-01-14","vatID":"FR71834470973","taxID":"83447097300043","numberOfEmployees":{"@type":"QuantitativeValue","minValue":"1","maxValue":"10"}},{"@type":"Person","@id":"https:\/\/dicodusport.fr\/blog\/#\/schema\/person\/cb02af4c173ce4a653b55e9baf388d4a","name":"Flo Ostermann","image":{"@type":"ImageObject","inLanguage":"fr-FR","@id":"https:\/\/dicodusport.fr\/blog\/#\/schema\/person\/image\/","url":"https:\/\/dicodusport.fr\/blog\/wp-content\/uploads\/2021\/05\/Flo-Ostermann-150x150.jpg","contentUrl":"https:\/\/dicodusport.fr\/blog\/wp-content\/uploads\/2021\/05\/Flo-Ostermann-150x150.jpg","caption":"Flo Ostermann"},"description":"Journaliste\/R\u00e9dacteur depuis septembre 2015 - Mes premiers souvenirs dans le sport ? Les envol\u00e9es du Stade Toulousain et les duels Villeneuve-Schumacher et H\u00e4kkinen-Schumacher \u00e0 la fin des ann\u00e9es 90, la Coupe du monde de football en 1998, l\u2019exploit du XV de France face aux All Blacks en 1999, mais aussi Richard C\u0153ur de Lion qui vole sur les montagnes du Tour de France. Bien parti pour devenir professeur d\u2019EPS, les \u00e9v\u00e9nements de la vie (et la flemme d\u2019animer des s\u00e9ances de 3x500 m\u00e8tres toute ma vie) m\u2019ont conduit \u00e0 revoir mes plans. Me voil\u00e0 depuis fin 2017 sur Dicodusport, m\u00e9dia gr\u00e2ce (et pour) lequel je partage ma passion : le sport dans tous ses \u00e9tats. Le tout accompagn\u00e9 par les fous furieux et folles furieuses cit\u00e9s sur cette page !","sameAs":["https:\/\/www.facebook.com\/florent.ostermann","https:\/\/x.com\/https:\/\/twitter.com\/FlOstermann","admin"],"url":"https:\/\/dicodusport.fr\/blog\/author\/flo\/"}]}},"_links":{"self":[{"href":"https:\/\/dicodusport.fr\/blog\/wp-json\/wp\/v2\/posts\/67914","targetHints":{"allow":["GET"]}}],"collection":[{"href":"https:\/\/dicodusport.fr\/blog\/wp-json\/wp\/v2\/posts"}],"about":[{"href":"https:\/\/dicodusport.fr\/blog\/wp-json\/wp\/v2\/types\/post"}],"author":[{"embeddable":true,"href":"https:\/\/dicodusport.fr\/blog\/wp-json\/wp\/v2\/users\/4"}],"replies":[{"embeddable":true,"href":"https:\/\/dicodusport.fr\/blog\/wp-json\/wp\/v2\/comments?post=67914"}],"version-history":[{"count":0,"href":"https:\/\/dicodusport.fr\/blog\/wp-json\/wp\/v2\/posts\/67914\/revisions"}],"wp:featuredmedia":[{"embeddable":true,"href":"https:\/\/dicodusport.fr\/blog\/wp-json\/wp\/v2\/media\/68230"}],"wp:attachment":[{"href":"https:\/\/dicodusport.fr\/blog\/wp-json\/wp\/v2\/media?parent=67914"}],"wp:term":[{"taxonomy":"category","embeddable":true,"href":"https:\/\/dicodusport.fr\/blog\/wp-json\/wp\/v2\/categories?post=67914"},{"taxonomy":"post_tag","embeddable":true,"href":"https:\/\/dicodusport.fr\/blog\/wp-json\/wp\/v2\/tags?post=67914"}],"curies":[{"name":"wp","href":"https:\/\/api.w.org\/{rel}","templated":true}]}}