{"id":6810,"date":"2017-11-13T14:52:20","date_gmt":"2017-11-13T13:52:20","guid":{"rendered":"http:\/\/dicodusport.fr\/blog\/?p=6810"},"modified":"2017-12-21T14:11:29","modified_gmt":"2017-12-21T13:11:29","slug":"pierre-julien-deloche-presque-content","status":"publish","type":"post","link":"https:\/\/dicodusport.fr\/blog\/pierre-julien-deloche-presque-content\/","title":{"rendered":"Pierre-Julien Deloche, presque content !"},"content":{"rendered":"<p style=\"text-align: justify;\"><em><strong>Quelques mois et une saison plus tard, nous faisons le point avec Pierre-Julien Deloche, archer de l&rsquo;\u00e9quipe de France ! Une saison bien remplie pour le fran\u00e7ais qui s&rsquo;est finie par une quatri\u00e8me place aux championnats du Monde \u00e0 Mexico.\u00a0<\/strong><\/em><\/p>\n<h5 style=\"text-align: justify;\">Pierre-Julien, comment vas-tu ?<\/h5>\n<p style=\"text-align: justify;\">Vite mais bien !<\/p>\n<h5 style=\"text-align: justify;\">Nous t\u2019avions laiss\u00e9 avant l\u2019\u00e9preuve de Shanghai en mai dernier, au final cela s\u2019est tr\u00e8s bien pass\u00e9 non ?<\/h5>\n<p style=\"text-align: justify;\">Oui, apr\u00e8s ma victoire lors des championnats de France de tir en salle, j\u2019avais bien repris le rythme de la comp\u00e9tition et des matchs. Le volume de fl\u00e8ches \u00e9tait physiquement plus solide, et la technique avait repris de la fluidit\u00e9. Le passage en ext\u00e9rieur \u00e0 50 m\u00e8tres \u00e9tait alors assez simple. A Shanghai, c\u2019\u00e9tait le retour en international apr\u00e8s des \u00e9pisodes de vie tr\u00e8s douloureux, le plaisir dominait. Tout \u00e9tait en place, pas vraiment confortable, toutefois performant en ayant su faire quelques ajustements mat\u00e9riels et techniques pour m\u2019acclimater au pays.<\/p>\n<h5 style=\"text-align: justify;\">Qu\u2019est-ce qu&rsquo;il t\u2019a manqu\u00e9 ce jour-l\u00e0 pour gagner la comp\u00e9tition ?<\/h5>\n<p style=\"text-align: justify;\">La comp\u00e9tition s\u2019est en fait tr\u00e8s bien d\u00e9roul\u00e9e tout au long de la semaine. Il y a toujours une coupure entre la fin des \u00e9liminations et le d\u00e9but des finales. Ces derni\u00e8res sont tir\u00e9es en fin de semaine sur un terrain diff\u00e9rent, et sur un rythme diff\u00e9rent. Nous avons deux fois moins de temps pour tirer nos fl\u00e8ches, et le tir est altern\u00e9. Ce rythme est la raison pour laquelle je change de technique progressivement pour devenir plus rapide, en restant aussi pr\u00e9cis. Simple \u00e0 \u00e9crire, mais c\u2019est en situation que nous pouvons v\u00e9rifier si cette strat\u00e9gie est la bonne ou non. Ma technique n\u2019\u00e9tait pas suffisamment aboutie pour aller chercher mon adversaire num\u00e9ro 1 mondial. Alors, ce n\u2019est pas son rang qui le laisse passer devant, je l\u2019ai \u00e9t\u00e9 moi aussi et je peux le redevenir, mais disons que ce gars est en pleine performance en ce moment, alors pour le battre il faut \u00eatre capable de taper le score parfait en transpirant de la confiance pour qu\u2019il l\u00e2che. Et \u00e7a, je n\u2019ai pas su le faire \u00e0 ce moment de la saison, \u00e0 ce moment de ma vie.<\/p>\n<h5 style=\"text-align: justify;\">Tu as ensuite enchain\u00e9 avec Antalya, o\u00f9 tu as \u00e9t\u00e9 un peu moins bien sur le plan individuel. Mais peut-on dire que cela a \u00e9t\u00e9 compens\u00e9 par la m\u00e9daille par \u00e9quipes ?<\/h5>\n<p style=\"text-align: justify;\">Antalya \u00e9tait bon aussi sur le plan individuel. Sur le papier si on parle de classement final, c\u2019est s\u00fbr que je termine moins bien avec une neuvi\u00e8me place. Par contre en terme de score sur 150 points, je m\u2019incline 148 \u00e0 149. Le niveau de performance est tr\u00e8s haut, il est parfois question de cordons qui prennent ou pas tellement nous jouons au millim\u00e8tre. Perdre d\u2019un petit point en fr\u00f4lant le score parfait ne peut pas \u00eatre un regret. Cette toute petite amertume m\u2019indiquait de bonnes choses sur ma pr\u00e9paration, et \u00e9tait vite compens\u00e9e par notre m\u00e9daille de bronze par \u00e9quipes. Nous avons vraiment pass\u00e9 un bon moment et cela faisait longtemps que je n\u2019avais pas remport\u00e9 de m\u00e9daille par \u00e9quipes. J\u2019\u00e9tais vraiment content.<\/p>\n<p style=\"text-align: justify;\"><img loading=\"lazy\" decoding=\"async\" class=\"alignnone wp-image-6813\" src=\"http:\/\/dicodusport.fr\/blog\/wp-content\/uploads\/2017\/11\/Pierre-Julien-Deloche-2.jpg\" alt=\"Pierre Julien Deloche 2\" width=\"1200\" height=\"800\" srcset=\"https:\/\/dicodusport.fr\/blog\/wp-content\/uploads\/2017\/11\/Pierre-Julien-Deloche-2.jpg 1990w, https:\/\/dicodusport.fr\/blog\/wp-content\/uploads\/2017\/11\/Pierre-Julien-Deloche-2-300x200.jpg 300w, https:\/\/dicodusport.fr\/blog\/wp-content\/uploads\/2017\/11\/Pierre-Julien-Deloche-2-768x512.jpg 768w, https:\/\/dicodusport.fr\/blog\/wp-content\/uploads\/2017\/11\/Pierre-Julien-Deloche-2-1024x683.jpg 1024w\" sizes=\"auto, (max-width: 1200px) 100vw, 1200px\" \/><\/p>\n<h5 style=\"text-align: justify;\">Salt Lake et Berlin ont \u00e9t\u00e9 plus compliqu\u00e9s, mais par rapport \u00e0 ton ann\u00e9e blanche et au fait que les comp\u00e9titions se soient bien enchain\u00e9es, n\u2019est-ce pas un peu logique ?<\/h5>\n<p style=\"text-align: justify;\">A Salt Lake, il faisait si chaud et si sec\u2026 Ce temps \u00e9tait vraiment fatiguant, d\u2019autant que nous n\u2019avions eu que cinq jours \u00e0 la maison pour rempackter nos bagages. Pareil qu\u2019Antalya, je perds avec un des meilleurs scores du terrain, un peu comme si j\u2019\u00e9tais le meilleur des perdants apr\u00e8s avoir rencontr\u00e9 le mauvais adversaire au mauvais moment si tu veux. L\u00e0, je perds au barrage sur un beau match \u00e0 147 dans le vent, et avec un 10 un peu moins beau que celui de mon adversaire. C\u2019est dommage, mais toujours pas d\u2019indicateur n\u00e9gatif sur le c\u00f4t\u00e9 technique ou strat\u00e9gique. Le tir par \u00e9quipes l\u2019a d\u2019ailleurs r\u00e9v\u00e9l\u00e9 avec d\u2019excellentes performances, dont un 80 sur 80 points sur notre match pour la m\u00e9daille de bronze, que nous avons remport\u00e9. Cette comp\u00e9tition \u00e9tait tout de m\u00eame un bon moment.<\/p>\n<p style=\"text-align: justify;\">Berlin en revanche, je n\u2019ai pas aim\u00e9, ni l\u2019organisation, ni la ville, ni le temps, ni mon tir. Une heure avant de partir vers l\u2019a\u00e9roport, je tr\u00e9buchais sur mon arc num\u00e9ro 1. Cela n\u2019aidait pas vraiment la confiance et je me rabattais vers l\u2019arc 2. Ce n\u2019\u00e9tait pas si mal sur les qualifications mais quand m\u00eame bien en-dessous de ce que je peux produire. Par \u00e9quipes, nous perdions avant le carr\u00e9 final, sauf en mixte o\u00f9 ma partenaire et moi atteignions la petite finale, perdue contre le Danemark tr\u00e8s fort.<\/p>\n<p style=\"text-align: justify;\">Par rapport \u00e0 mon ann\u00e9e blanche et \u00e0 mon retour, je n\u2019aime pas l\u2019id\u00e9e de logique. Je n\u2019ai pas l\u2019excuse du retour en t\u00eate, et d\u2019un manque de pr\u00e9paration. Berlin a \u00e9t\u00e9 une mauvaise comp\u00e9tition sur deux fl\u00e8ches mal n\u00e9goci\u00e9es lors de mon match individuel. Le reste \u00e9tait correct \u00e0 bon. Ce n\u2019\u00e9tait vraiment que sur le papier que les choses paraissaient m\u00e9diocres. J\u2019en ai tir\u00e9 des le\u00e7ons imm\u00e9diates et je reprenais l\u2019arc pour la grande finale de la coupe du Rome, qualifi\u00e9 in-extremis.<\/p>\n<h5 style=\"text-align: justify;\">Tu es qualifi\u00e9 pour la finale \u00e0 Rome malgr\u00e9 tout, pensais-tu y arriver avant d\u2019attaquer la saison ?<\/h5>\n<p style=\"text-align: justify;\">Non, bien \u00e9videmment. La densit\u00e9 de ma cat\u00e9gorie m\u2019aura permis d\u2019y participer. Des archers tr\u00e8s forts ont pris un max de points, et les autres n\u2019en ont pris que peu. J\u2019\u00e9tais dans la moyenne et la m\u00e9daille d\u2019argent de Chine m\u2019a offert Rome. La grande finale, c\u2019est quand m\u00eame exceptionnel, un terrain et une mise en sc\u00e8ne magnifique, un voyage et des semaines de pr\u00e9paration sp\u00e9cifique pour peut-\u00eatre seulement dix-huit minutes de match ! Quelle autre comp\u00e9tition du monde propose cela ? C\u2019est un format exclusif o\u00f9 il nous accepter de perdre, avant de vouloir gagner.<\/p>\n<h5 style=\"text-align: justify;\">Comment analyserais-tu ta performance \u00e0 Rome ?<\/h5>\n<p style=\"text-align: justify;\">J\u2019\u00e9tais dans le bon \u00e9tat d\u2019esprit, mon classement m\u2019a fait rencontr\u00e9 Braden pour la troisi\u00e8me fois. Il est fort sur sa fin de saison, il est pr\u00e9cis et fluide. Je le suis aussi, les entra\u00eenements se sont bien pass\u00e9s sur place. Par contre, nous avions beaucoup de vent sur le terrain de chauffe. Estimer un r\u00e9glage viseur pour commencer au centre sur le terrain officiel n\u2019\u00e9tait pas facile. Un peu comme un pari donc. J\u2019ai mal attaqu\u00e9, un impact \u00e0 gauche, corrig\u00e9 au viseur de suite, suivi d\u2019un cordon litigieux qui ne prend pas. Vraiment dommage ce 28 sur 30 pour commencer. Ma r\u00e9action \u00e9tait excellente, avec 89 sur 90 sur les trois vol\u00e9es suivantes. Rien \u00e0 dire. Et j\u2019\u00e9tais revenu \u00e0 l\u2019\u00e9galit\u00e9 ! Nous avions du vent mais par rafales sur ce terrain, c\u2019\u00e9tait tr\u00e8s changeant, les drapeaux n\u2019indiquaient pas vraiment quelque chose de fiable, la lecture \u00e9tait hasardeuse. Alors, c\u2019\u00e9tait \u00e0 nouveau un pari. Au moment de jeter les d\u00e9s, je visais droite pour taper 9 gauche, puis visais gauche pour taper 9 droite. Trop tard, mon adversaire avait plus de chance. Ces deux fl\u00e8ches importantes ont \u00e9t\u00e9 tir\u00e9es avec la mani\u00e8re, la bonne attitude et une lucidit\u00e9 que j\u2019ai aim\u00e9. Je n\u2019ai pas subit la pression, je n\u2019ai pas offert la victoire \u00e0 mon adversaire. Le r\u00e9sultat est une chose que parfois les archers ne ma\u00eetrisent pas toujours, et ce m\u00eame si le tir a \u00e9t\u00e9 de qualit\u00e9, la fl\u00e8che une fois sortie de l\u2019arc est seule, hors de contr\u00f4le. On doit l\u2019accepter, et se focaliser sur l\u2019\u00e9ternelle question : l\u2019ai-je vraiment bien tir\u00e9 ?<\/p>\n<h5 style=\"text-align: justify;\">Et puis les championnats du monde \u00e0 Mexico, on peut imaginer un m\u00e9lange de satisfaction d\u2019\u00eatre \u00e0 ce niveau-l\u00e0 mais aussi de d\u00e9ception d\u2019\u00e9chouer au pied du podium ?<\/h5>\n<p style=\"text-align: justify;\">La d\u00e9ception a \u00e9t\u00e9 immense. C\u2019est la deuxi\u00e8me fois que le titre mondial m\u2019\u00e9chappe. La premi\u00e8re fois je ne comprenais pas tout en 2013 et je prenais l\u2019argent. A Mexico, je partais pr\u00eat, en annon\u00e7ant que ma pr\u00e9paration \u00e9tait aboutie. Pr\u00e9cis, fluide, c\u2019\u00e9tait facile, mais aussi pr\u00eat \u00e0 en d\u00e9coudre m\u00eame si les choses se corsaient. D\u2019accord mais \u00e0 ce point l\u00e0, je ne l\u2019imaginais pas. J\u2019ai chopp\u00e9 une cr\u00e8ve carabin\u00e9e d\u00e8s le d\u00e9but de la semaine. Je commen\u00e7ais des qualifications \u00e0 la hauteur de mes objectifs \u00e0 358 sur 360 et premier. J\u2019encha\u00eenais avec 352, grelotant et claquant des dents\u2026 Le programme nous laissait deux jours sans comp\u00e9tition pour les archers qualifi\u00e9s d\u2019office en seizi\u00e8me de finale. J\u2019ai eu le temps de dormir, et de dormir. Je me mouchais aussi, beaucoup. Mais quelle gal\u00e8re qu\u2019en j\u2019y repense ! Cram\u00e9, je tentais de tirer un peu chaque jour en prenant une attention toute particuli\u00e8re \u00e0 ne pas me d\u00e9former. Quand on est fatigu\u00e9, malade, on prend tr\u00e8s vite de mauvaises habitudes. Sont arriv\u00e9s les matchs, qui ont bien d\u00e9marr\u00e9. Ensuite tout est parti en vrille \u00e0 compter des quarts de finale. Je perdais ma pr\u00e9cision, les fl\u00e8ches volaient mal et pourtant, je restais stable. J\u2019ai pu v\u00e9rifier mon \u00e9quipement pour constater que mon point d\u2019encochage avait boug\u00e9. C\u2019est un point important de l\u2019arc qui a des cons\u00e9quences sur le vol de fl\u00e8che, la pr\u00e9cision, la posture. Clairement, il avait boug\u00e9, j\u2019ai r\u00e9par\u00e9 vite fait mais sans pouvoir trouver quelque chose de bien. A ce moment-l\u00e0, l\u2019euphorie dominait en \u00e9quipe de France, deux fran\u00e7ais allaient se rencontrer en demie. Donc un des deux allait en finale. J\u2019ai perdu avec un score merdique, qu\u2019on se le dise. Je ne comprenais plus, m\u00eame avec la plus grande dext\u00e9rit\u00e9 pour trouver de la pr\u00e9cision et toucher le 10, le tir \u00e9tait devenu quantique. Si ce point matos n\u2019a pas aid\u00e9, la cr\u00e8ve non plus. J\u2019\u00e9tais encore bien malade, cram\u00e9, d\u00e9form\u00e9. Sur une comp\u00e9tition d\u2019un jour, cela peut tenir, sur une semaine, j\u2019ai s\u00fbrement perdu beaucoup d\u2019\u00e9nergie. La fin de semaine sur le terrain de finale \u00e9tait \u00e0 l\u2019image de ces quelques jours, m\u00eame avec toute la meilleure volont\u00e9, j\u2019ai tenu t\u00eate haute, mais je savais parfaitement que le moment que j\u2019allais vivre allait \u00eatre particuli\u00e8rement amer.<\/p>\n<p style=\"text-align: justify;\"><img loading=\"lazy\" decoding=\"async\" class=\"alignnone wp-image-6814\" src=\"http:\/\/dicodusport.fr\/blog\/wp-content\/uploads\/2017\/11\/Pierre-Julien-Deloche-3.jpg\" alt=\"Pierre Julien Deloche 3\" width=\"1200\" height=\"800\" srcset=\"https:\/\/dicodusport.fr\/blog\/wp-content\/uploads\/2017\/11\/Pierre-Julien-Deloche-3.jpg 1990w, https:\/\/dicodusport.fr\/blog\/wp-content\/uploads\/2017\/11\/Pierre-Julien-Deloche-3-300x200.jpg 300w, https:\/\/dicodusport.fr\/blog\/wp-content\/uploads\/2017\/11\/Pierre-Julien-Deloche-3-768x512.jpg 768w, https:\/\/dicodusport.fr\/blog\/wp-content\/uploads\/2017\/11\/Pierre-Julien-Deloche-3-1024x683.jpg 1024w\" sizes=\"auto, (max-width: 1200px) 100vw, 1200px\" \/><\/p>\n<h5 style=\"text-align: justify;\">Tu avais pour objectif de revenir dans le top 10 mondial, on peut dire que l\u2019objectif est atteint voire mieux ?<\/h5>\n<p style=\"text-align: justify;\">Oui, top 10, c\u2019est fait. Je passe du n\u00b074 au n\u00b06 mondial. Ceci est un bon indicateur de r\u00e9gularit\u00e9. J\u2019ai tap\u00e9 de gros scores en deuxi\u00e8me partie de saison, malgr\u00e9 la fatigue accumul\u00e9e et les changements techniques. Ces changements sont cens\u00e9s m\u2019apporter du positif, donc ils ne peuvent pas \u00eatre une excuse, seulement des exp\u00e9rimentations que je dois m\u00e9moriser pour continuer ma progression. Je suis perfectionniste, c\u2019est ainsi et c\u2019est mon point fort. Je vais le d\u00e9velopper au lieu de tenter de passer par dessus. Il fait de moi un rageux. Je d\u00e9teste \u00eatre pris en d\u00e9faut alors je bosse pour faire du beau tir \u00e0 l\u2019arc, celui qui me rend zen et peinard. A la base, si je me souviens bien du pourquoi je pratique ce sport, c\u2019est vraiment pour \u00eatre plus cool dans mes baskets, poursuivons donc !<\/p>\n<h5 style=\"text-align: justify;\">La saison touche \u00e0 sa fin, si tu devais la r\u00e9sumer en 3 mots ?<\/h5>\n<p style=\"text-align: justify;\">Bordel de merde !<\/p>\n<h5 style=\"text-align: justify;\">Pour finir, quels vont \u00eatre tes objectifs pour 2018 ?<\/h5>\n<p style=\"text-align: justify;\">D\u2019abord, je vais tenter de cl\u00f4turer les dommages collat\u00e9raux des ann\u00e9es 2016 et 2017\u2026 Parce que ceux-l\u00e0, dans ce qu\u2019il reste de ma famille, ils nous ont encore bien parasit\u00e9 cette ann\u00e9e. Ensuite je vais changer de coin pour aller sur Clermont-Ferrand. L\u00e0-bas, j\u2019ai mon boulot avec Arc Syst\u00e8me, mon partenaire majeur dont je suis l\u2019associ\u00e9. Nous allons ensemble d\u00e9velopper de nouveaux jouets, ceux qui animent d\u2019autant plus ma passion pour ce sport qui me rend parfois \u00e9pidermique \ud83d\ude09 Puis, je participerai au tournoi Kings Of Archery en Hollande fin novembre. Je ne serai pas pr\u00eat encore car je ne sais pas d\u00e9m\u00e9nager et tirer en m\u00eame temps. Donc j\u2019organise un environnement favorable \u00e0 la performance, ensuite, viendra la perf\u2019. Je ne ferai pas les manches de coupe du monde en salle au d\u00e9but, je commencerai \u00e0 N\u00eemes en janvier avec quelques comp\u00e9titions de pr\u00e9paration avant comme Bondy par exemple en r\u00e9gion parisienne. Il y aura Vegas et le championnat du monde \u00e0 Yankton dans la foul\u00e9e si tout se passe bien. Ca c\u2019est le programme, mais c\u00f4t\u00e9 performance, j\u2019ai pass\u00e9 des ann\u00e9es \u00e0 tutoyer l\u2019excellence avec des scores \u00e0 598-599 sur 600, sans jamais pouvoir lui taper la bise. Cette ann\u00e9e, on va reprendre du poil de la b\u00eate et mon objectif sera de retrouver un rythme de croisi\u00e8re dans ces scores et peut-\u00eatre qu\u2019un jour sera le bon pour atteindre la perfection. Pour ce qui est de l\u2019ext\u00e9rieur 2018, et bien, je compte sur toi pour revenir me poser la question d\u2019ici l\u00e0 !<\/p>\n<p style=\"text-align: justify;\"><em><strong>Nicolas Jacquemard<\/strong><br \/>\n<\/em><a style=\"color: #000000;\" href=\"https:\/\/twitter.com\/Nico_Jacquemard\" target=\"_blank\" rel=\"noopener noreferrer\"><img loading=\"lazy\" decoding=\"async\" class=\"alignnone wp-image-2908\" src=\"http:\/\/dicodusport.fr\/blog\/wp-content\/uploads\/2017\/07\/logo-twitter-150x150.png\" alt=\"\" width=\"39\" height=\"39\" \/><\/a><a style=\"color: #000000;\" href=\"https:\/\/www.facebook.com\/dicodusport\/\" target=\"_blank\" rel=\"noopener noreferrer\"><img loading=\"lazy\" decoding=\"async\" class=\"alignnone wp-image-2909\" src=\"http:\/\/dicodusport.fr\/blog\/wp-content\/uploads\/2017\/07\/logo-facebook-150x150.png\" alt=\"\" width=\"40\" height=\"40\" \/><\/a><\/p>\n","protected":false},"excerpt":{"rendered":"<p>Quelques mois et une saison plus tard, nous faisons le point avec Pierre-Julien Deloche, archer de l&rsquo;\u00e9quipe de France ! Une saison bien remplie pour le fran\u00e7ais qui s&rsquo;est finie par une quatri\u00e8me place aux championnats du Monde \u00e0 Mexico.\u00a0 Pierre-Julien, comment vas-tu ? Vite mais bien ! Nous t\u2019avions laiss\u00e9 avant l\u2019\u00e9preuve de Shanghai [&hellip;]<\/p>\n","protected":false},"author":1,"featured_media":6812,"comment_status":"open","ping_status":"closed","sticky":false,"template":"","format":"standard","meta":{"_acf_changed":false,"_daextam_enable_autolinks":"","footnotes":""},"categories":[2,2316],"tags":[3040,1038],"class_list":["post-6810","post","type-post","status-publish","format-standard","has-post-thumbnail","hentry","category-actualites","category-tous-les-sports","tag-championnats-du-monde","tag-tir-a-larc"],"acf":[],"yoast_head":"<!-- This site is optimized with the Yoast SEO Premium plugin v26.7 (Yoast SEO v26.7) - https:\/\/yoast.com\/wordpress\/plugins\/seo\/ -->\n<title>Pierre-Julien Deloche, presque content !<\/title>\n<meta name=\"description\" content=\"Quelques mois et une saison plus tard, nous faisons le point avec Pierre-Julien Deloche, archer de l&#039;\u00e9quipe de France !\" \/>\n<meta name=\"robots\" content=\"index, follow, max-snippet:-1, max-image-preview:large, max-video-preview:-1\" \/>\n<link rel=\"canonical\" href=\"https:\/\/dicodusport.fr\/blog\/pierre-julien-deloche-presque-content\/\" \/>\n<meta property=\"og:locale\" content=\"fr_FR\" \/>\n<meta property=\"og:type\" content=\"article\" \/>\n<meta property=\"og:title\" content=\"Pierre-Julien Deloche, presque content !\" \/>\n<meta property=\"og:description\" content=\"Quelques mois et une saison plus tard, nous faisons le point avec Pierre-Julien Deloche, archer de l&#039;\u00e9quipe de France !\" \/>\n<meta property=\"og:url\" content=\"https:\/\/dicodusport.fr\/blog\/pierre-julien-deloche-presque-content\/\" \/>\n<meta property=\"og:site_name\" content=\"Dicodusport\" \/>\n<meta property=\"article:publisher\" content=\"https:\/\/www.facebook.com\/dicodusport\" \/>\n<meta property=\"article:author\" content=\"https:\/\/www.facebook.com\/dicodusport\" \/>\n<meta property=\"article:published_time\" content=\"2017-11-13T13:52:20+00:00\" \/>\n<meta property=\"article:modified_time\" content=\"2017-12-21T13:11:29+00:00\" \/>\n<meta property=\"og:image\" content=\"https:\/\/dicodusport.fr\/blog\/wp-content\/uploads\/2017\/11\/Pierre-Julien-Deloche.png\" \/>\n\t<meta property=\"og:image:width\" content=\"1200\" \/>\n\t<meta property=\"og:image:height\" content=\"670\" \/>\n\t<meta property=\"og:image:type\" content=\"image\/png\" \/>\n<meta name=\"author\" content=\"Nicolas Jacquemard\" \/>\n<meta name=\"twitter:card\" content=\"summary_large_image\" \/>\n<meta name=\"twitter:creator\" content=\"@https:\/\/twitter.com\/Nico_Jacquemard\" \/>\n<meta name=\"twitter:site\" content=\"@dicodusport\" \/>\n<script type=\"application\/ld+json\" class=\"yoast-schema-graph\">{\"@context\":\"https:\/\/schema.org\",\"@graph\":[{\"@type\":\"NewsArticle\",\"@id\":\"https:\/\/dicodusport.fr\/blog\/pierre-julien-deloche-presque-content\/#article\",\"isPartOf\":{\"@id\":\"https:\/\/dicodusport.fr\/blog\/pierre-julien-deloche-presque-content\/\"},\"author\":{\"name\":\"Nicolas Jacquemard\",\"@id\":\"https:\/\/dicodusport.fr\/blog\/#\/schema\/person\/55dcb50ad410894e431ed812bbb70191\"},\"headline\":\"Pierre-Julien Deloche, presque content !\",\"datePublished\":\"2017-11-13T13:52:20+00:00\",\"dateModified\":\"2017-12-21T13:11:29+00:00\",\"mainEntityOfPage\":{\"@id\":\"https:\/\/dicodusport.fr\/blog\/pierre-julien-deloche-presque-content\/\"},\"wordCount\":2319,\"commentCount\":0,\"publisher\":{\"@id\":\"https:\/\/dicodusport.fr\/blog\/#organization\"},\"image\":{\"@id\":\"https:\/\/dicodusport.fr\/blog\/pierre-julien-deloche-presque-content\/#primaryimage\"},\"thumbnailUrl\":\"https:\/\/dicodusport.fr\/blog\/wp-content\/uploads\/2017\/11\/Pierre-Julien-Deloche.png\",\"keywords\":[\"Championnats du Monde\",\"tir \u00e0 l'arc\"],\"articleSection\":[\"Actualit\u00e9s\",\"Sports\"],\"inLanguage\":\"fr-FR\",\"potentialAction\":[{\"@type\":\"CommentAction\",\"name\":\"Comment\",\"target\":[\"https:\/\/dicodusport.fr\/blog\/pierre-julien-deloche-presque-content\/#respond\"]}],\"copyrightYear\":\"2017\",\"copyrightHolder\":{\"@id\":\"https:\/\/dicodusport.fr\/blog\/#organization\"}},{\"@type\":\"WebPage\",\"@id\":\"https:\/\/dicodusport.fr\/blog\/pierre-julien-deloche-presque-content\/\",\"url\":\"https:\/\/dicodusport.fr\/blog\/pierre-julien-deloche-presque-content\/\",\"name\":\"Pierre-Julien Deloche, presque content !\",\"isPartOf\":{\"@id\":\"https:\/\/dicodusport.fr\/blog\/#website\"},\"primaryImageOfPage\":{\"@id\":\"https:\/\/dicodusport.fr\/blog\/pierre-julien-deloche-presque-content\/#primaryimage\"},\"image\":{\"@id\":\"https:\/\/dicodusport.fr\/blog\/pierre-julien-deloche-presque-content\/#primaryimage\"},\"thumbnailUrl\":\"https:\/\/dicodusport.fr\/blog\/wp-content\/uploads\/2017\/11\/Pierre-Julien-Deloche.png\",\"datePublished\":\"2017-11-13T13:52:20+00:00\",\"dateModified\":\"2017-12-21T13:11:29+00:00\",\"description\":\"Quelques mois et une saison plus tard, nous faisons le point avec Pierre-Julien Deloche, archer de l'\u00e9quipe de France !\",\"breadcrumb\":{\"@id\":\"https:\/\/dicodusport.fr\/blog\/pierre-julien-deloche-presque-content\/#breadcrumb\"},\"inLanguage\":\"fr-FR\",\"potentialAction\":[{\"@type\":\"ReadAction\",\"target\":[\"https:\/\/dicodusport.fr\/blog\/pierre-julien-deloche-presque-content\/\"]}]},{\"@type\":\"ImageObject\",\"inLanguage\":\"fr-FR\",\"@id\":\"https:\/\/dicodusport.fr\/blog\/pierre-julien-deloche-presque-content\/#primaryimage\",\"url\":\"https:\/\/dicodusport.fr\/blog\/wp-content\/uploads\/2017\/11\/Pierre-Julien-Deloche.png\",\"contentUrl\":\"https:\/\/dicodusport.fr\/blog\/wp-content\/uploads\/2017\/11\/Pierre-Julien-Deloche.png\",\"width\":1200,\"height\":670,\"caption\":\"Pierre Julien Deloche\"},{\"@type\":\"BreadcrumbList\",\"@id\":\"https:\/\/dicodusport.fr\/blog\/pierre-julien-deloche-presque-content\/#breadcrumb\",\"itemListElement\":[{\"@type\":\"ListItem\",\"position\":1,\"name\":\"Accueil\",\"item\":\"https:\/\/dicodusport.fr\/blog\/\"},{\"@type\":\"ListItem\",\"position\":2,\"name\":\"Pierre-Julien Deloche, presque content !\"}]},{\"@type\":\"WebSite\",\"@id\":\"https:\/\/dicodusport.fr\/blog\/#website\",\"url\":\"https:\/\/dicodusport.fr\/blog\/\",\"name\":\"Dicodusport\",\"description\":\"L&#039;encyclop\u00e9die de l&#039;actualit\u00e9 sportive\",\"publisher\":{\"@id\":\"https:\/\/dicodusport.fr\/blog\/#organization\"},\"potentialAction\":[{\"@type\":\"SearchAction\",\"target\":{\"@type\":\"EntryPoint\",\"urlTemplate\":\"https:\/\/dicodusport.fr\/blog\/?s={search_term_string}\"},\"query-input\":{\"@type\":\"PropertyValueSpecification\",\"valueRequired\":true,\"valueName\":\"search_term_string\"}}],\"inLanguage\":\"fr-FR\"},{\"@type\":\"NewsMediaOrganization\",\"@id\":\"https:\/\/dicodusport.fr\/blog\/#organization\",\"name\":\"Dicodusport\",\"url\":\"https:\/\/dicodusport.fr\/blog\/\",\"logo\":{\"@type\":\"ImageObject\",\"inLanguage\":\"fr-FR\",\"@id\":\"https:\/\/dicodusport.fr\/blog\/#\/schema\/logo\/image\/\",\"url\":\"https:\/\/dicodusport.fr\/blog\/wp-content\/uploads\/2020\/06\/cropped-LOGO-DICODUSPORT-2020-SANS-FOND-SANS-TEXTE.png\",\"contentUrl\":\"https:\/\/dicodusport.fr\/blog\/wp-content\/uploads\/2020\/06\/cropped-LOGO-DICODUSPORT-2020-SANS-FOND-SANS-TEXTE.png\",\"width\":512,\"height\":512,\"caption\":\"Dicodusport\"},\"image\":{\"@id\":\"https:\/\/dicodusport.fr\/blog\/#\/schema\/logo\/image\/\"},\"sameAs\":[\"https:\/\/www.facebook.com\/dicodusport\",\"https:\/\/x.com\/dicodusport\",\"https:\/\/www.instagram.com\/dicodusport\/\",\"https:\/\/www.youtube.com\/channel\/UC7V2KZ5sd3htJivAbA4ZG3w\"],\"description\":\"Dicodusport est l'encyclop\u00e9die de l'actualit\u00e9 sportive.\",\"email\":\"bonjour@dicodusport.fr\",\"legalName\":\"DICODUSPORT\",\"foundingDate\":\"2018-01-14\",\"vatID\":\"FR71834470973\",\"taxID\":\"83447097300043\",\"numberOfEmployees\":{\"@type\":\"QuantitativeValue\",\"minValue\":\"1\",\"maxValue\":\"10\"}},{\"@type\":\"Person\",\"@id\":\"https:\/\/dicodusport.fr\/blog\/#\/schema\/person\/55dcb50ad410894e431ed812bbb70191\",\"name\":\"Nicolas Jacquemard\",\"image\":{\"@type\":\"ImageObject\",\"inLanguage\":\"fr-FR\",\"@id\":\"https:\/\/dicodusport.fr\/blog\/#\/schema\/person\/image\/\",\"url\":\"https:\/\/dicodusport.fr\/blog\/wp-content\/uploads\/2021\/05\/Nicolas-Jacquemard-150x150.jpeg\",\"contentUrl\":\"https:\/\/dicodusport.fr\/blog\/wp-content\/uploads\/2021\/05\/Nicolas-Jacquemard-150x150.jpeg\",\"caption\":\"Nicolas Jacquemard\"},\"description\":\"Passionn\u00e9 de sport et entrepreneur depuis mes 18 ans, la cr\u00e9ation de Dicodusport m'a sembl\u00e9 \u00e9vidente pour participer \u00e0 la m\u00e9diatisation d'un plus grand nombre de sports. Le chemin est long mais avec une \u00e9quipe des plus motiv\u00e9es et les Jeux Olympiques de Paris 2024 en point de mire, nous y arriverons ! Journaliste dans le monde du sport depuis plus de 5 ans, je traite aussi bien de football, de rugby, de biathlon que de cyclisme.\",\"sameAs\":[\"https:\/\/www.facebook.com\/dicodusport\",\"https:\/\/x.com\/https:\/\/twitter.com\/Nico_Jacquemard\"],\"url\":\"https:\/\/dicodusport.fr\/blog\/author\/dicodusport\/\"}]}<\/script>\n<!-- \/ Yoast SEO Premium plugin. -->","yoast_head_json":{"title":"Pierre-Julien Deloche, presque content !","description":"Quelques mois et une saison plus tard, nous faisons le point avec Pierre-Julien Deloche, archer de l'\u00e9quipe de France !","robots":{"index":"index","follow":"follow","max-snippet":"max-snippet:-1","max-image-preview":"max-image-preview:large","max-video-preview":"max-video-preview:-1"},"canonical":"https:\/\/dicodusport.fr\/blog\/pierre-julien-deloche-presque-content\/","og_locale":"fr_FR","og_type":"article","og_title":"Pierre-Julien Deloche, presque content !","og_description":"Quelques mois et une saison plus tard, nous faisons le point avec Pierre-Julien Deloche, archer de l'\u00e9quipe de France !","og_url":"https:\/\/dicodusport.fr\/blog\/pierre-julien-deloche-presque-content\/","og_site_name":"Dicodusport","article_publisher":"https:\/\/www.facebook.com\/dicodusport","article_author":"https:\/\/www.facebook.com\/dicodusport","article_published_time":"2017-11-13T13:52:20+00:00","article_modified_time":"2017-12-21T13:11:29+00:00","og_image":[{"width":1200,"height":670,"url":"https:\/\/dicodusport.fr\/blog\/wp-content\/uploads\/2017\/11\/Pierre-Julien-Deloche.png","type":"image\/png"}],"author":"Nicolas Jacquemard","twitter_card":"summary_large_image","twitter_creator":"@https:\/\/twitter.com\/Nico_Jacquemard","twitter_site":"@dicodusport","schema":{"@context":"https:\/\/schema.org","@graph":[{"@type":"NewsArticle","@id":"https:\/\/dicodusport.fr\/blog\/pierre-julien-deloche-presque-content\/#article","isPartOf":{"@id":"https:\/\/dicodusport.fr\/blog\/pierre-julien-deloche-presque-content\/"},"author":{"name":"Nicolas Jacquemard","@id":"https:\/\/dicodusport.fr\/blog\/#\/schema\/person\/55dcb50ad410894e431ed812bbb70191"},"headline":"Pierre-Julien Deloche, presque content !","datePublished":"2017-11-13T13:52:20+00:00","dateModified":"2017-12-21T13:11:29+00:00","mainEntityOfPage":{"@id":"https:\/\/dicodusport.fr\/blog\/pierre-julien-deloche-presque-content\/"},"wordCount":2319,"commentCount":0,"publisher":{"@id":"https:\/\/dicodusport.fr\/blog\/#organization"},"image":{"@id":"https:\/\/dicodusport.fr\/blog\/pierre-julien-deloche-presque-content\/#primaryimage"},"thumbnailUrl":"https:\/\/dicodusport.fr\/blog\/wp-content\/uploads\/2017\/11\/Pierre-Julien-Deloche.png","keywords":["Championnats du Monde","tir \u00e0 l'arc"],"articleSection":["Actualit\u00e9s","Sports"],"inLanguage":"fr-FR","potentialAction":[{"@type":"CommentAction","name":"Comment","target":["https:\/\/dicodusport.fr\/blog\/pierre-julien-deloche-presque-content\/#respond"]}],"copyrightYear":"2017","copyrightHolder":{"@id":"https:\/\/dicodusport.fr\/blog\/#organization"}},{"@type":"WebPage","@id":"https:\/\/dicodusport.fr\/blog\/pierre-julien-deloche-presque-content\/","url":"https:\/\/dicodusport.fr\/blog\/pierre-julien-deloche-presque-content\/","name":"Pierre-Julien Deloche, presque content !","isPartOf":{"@id":"https:\/\/dicodusport.fr\/blog\/#website"},"primaryImageOfPage":{"@id":"https:\/\/dicodusport.fr\/blog\/pierre-julien-deloche-presque-content\/#primaryimage"},"image":{"@id":"https:\/\/dicodusport.fr\/blog\/pierre-julien-deloche-presque-content\/#primaryimage"},"thumbnailUrl":"https:\/\/dicodusport.fr\/blog\/wp-content\/uploads\/2017\/11\/Pierre-Julien-Deloche.png","datePublished":"2017-11-13T13:52:20+00:00","dateModified":"2017-12-21T13:11:29+00:00","description":"Quelques mois et une saison plus tard, nous faisons le point avec Pierre-Julien Deloche, archer de l'\u00e9quipe de France !","breadcrumb":{"@id":"https:\/\/dicodusport.fr\/blog\/pierre-julien-deloche-presque-content\/#breadcrumb"},"inLanguage":"fr-FR","potentialAction":[{"@type":"ReadAction","target":["https:\/\/dicodusport.fr\/blog\/pierre-julien-deloche-presque-content\/"]}]},{"@type":"ImageObject","inLanguage":"fr-FR","@id":"https:\/\/dicodusport.fr\/blog\/pierre-julien-deloche-presque-content\/#primaryimage","url":"https:\/\/dicodusport.fr\/blog\/wp-content\/uploads\/2017\/11\/Pierre-Julien-Deloche.png","contentUrl":"https:\/\/dicodusport.fr\/blog\/wp-content\/uploads\/2017\/11\/Pierre-Julien-Deloche.png","width":1200,"height":670,"caption":"Pierre Julien Deloche"},{"@type":"BreadcrumbList","@id":"https:\/\/dicodusport.fr\/blog\/pierre-julien-deloche-presque-content\/#breadcrumb","itemListElement":[{"@type":"ListItem","position":1,"name":"Accueil","item":"https:\/\/dicodusport.fr\/blog\/"},{"@type":"ListItem","position":2,"name":"Pierre-Julien Deloche, presque content !"}]},{"@type":"WebSite","@id":"https:\/\/dicodusport.fr\/blog\/#website","url":"https:\/\/dicodusport.fr\/blog\/","name":"Dicodusport","description":"L&#039;encyclop\u00e9die de l&#039;actualit\u00e9 sportive","publisher":{"@id":"https:\/\/dicodusport.fr\/blog\/#organization"},"potentialAction":[{"@type":"SearchAction","target":{"@type":"EntryPoint","urlTemplate":"https:\/\/dicodusport.fr\/blog\/?s={search_term_string}"},"query-input":{"@type":"PropertyValueSpecification","valueRequired":true,"valueName":"search_term_string"}}],"inLanguage":"fr-FR"},{"@type":"NewsMediaOrganization","@id":"https:\/\/dicodusport.fr\/blog\/#organization","name":"Dicodusport","url":"https:\/\/dicodusport.fr\/blog\/","logo":{"@type":"ImageObject","inLanguage":"fr-FR","@id":"https:\/\/dicodusport.fr\/blog\/#\/schema\/logo\/image\/","url":"https:\/\/dicodusport.fr\/blog\/wp-content\/uploads\/2020\/06\/cropped-LOGO-DICODUSPORT-2020-SANS-FOND-SANS-TEXTE.png","contentUrl":"https:\/\/dicodusport.fr\/blog\/wp-content\/uploads\/2020\/06\/cropped-LOGO-DICODUSPORT-2020-SANS-FOND-SANS-TEXTE.png","width":512,"height":512,"caption":"Dicodusport"},"image":{"@id":"https:\/\/dicodusport.fr\/blog\/#\/schema\/logo\/image\/"},"sameAs":["https:\/\/www.facebook.com\/dicodusport","https:\/\/x.com\/dicodusport","https:\/\/www.instagram.com\/dicodusport\/","https:\/\/www.youtube.com\/channel\/UC7V2KZ5sd3htJivAbA4ZG3w"],"description":"Dicodusport est l'encyclop\u00e9die de l'actualit\u00e9 sportive.","email":"bonjour@dicodusport.fr","legalName":"DICODUSPORT","foundingDate":"2018-01-14","vatID":"FR71834470973","taxID":"83447097300043","numberOfEmployees":{"@type":"QuantitativeValue","minValue":"1","maxValue":"10"}},{"@type":"Person","@id":"https:\/\/dicodusport.fr\/blog\/#\/schema\/person\/55dcb50ad410894e431ed812bbb70191","name":"Nicolas Jacquemard","image":{"@type":"ImageObject","inLanguage":"fr-FR","@id":"https:\/\/dicodusport.fr\/blog\/#\/schema\/person\/image\/","url":"https:\/\/dicodusport.fr\/blog\/wp-content\/uploads\/2021\/05\/Nicolas-Jacquemard-150x150.jpeg","contentUrl":"https:\/\/dicodusport.fr\/blog\/wp-content\/uploads\/2021\/05\/Nicolas-Jacquemard-150x150.jpeg","caption":"Nicolas Jacquemard"},"description":"Passionn\u00e9 de sport et entrepreneur depuis mes 18 ans, la cr\u00e9ation de Dicodusport m'a sembl\u00e9 \u00e9vidente pour participer \u00e0 la m\u00e9diatisation d'un plus grand nombre de sports. Le chemin est long mais avec une \u00e9quipe des plus motiv\u00e9es et les Jeux Olympiques de Paris 2024 en point de mire, nous y arriverons ! Journaliste dans le monde du sport depuis plus de 5 ans, je traite aussi bien de football, de rugby, de biathlon que de cyclisme.","sameAs":["https:\/\/www.facebook.com\/dicodusport","https:\/\/x.com\/https:\/\/twitter.com\/Nico_Jacquemard"],"url":"https:\/\/dicodusport.fr\/blog\/author\/dicodusport\/"}]}},"_links":{"self":[{"href":"https:\/\/dicodusport.fr\/blog\/wp-json\/wp\/v2\/posts\/6810","targetHints":{"allow":["GET"]}}],"collection":[{"href":"https:\/\/dicodusport.fr\/blog\/wp-json\/wp\/v2\/posts"}],"about":[{"href":"https:\/\/dicodusport.fr\/blog\/wp-json\/wp\/v2\/types\/post"}],"author":[{"embeddable":true,"href":"https:\/\/dicodusport.fr\/blog\/wp-json\/wp\/v2\/users\/1"}],"replies":[{"embeddable":true,"href":"https:\/\/dicodusport.fr\/blog\/wp-json\/wp\/v2\/comments?post=6810"}],"version-history":[{"count":0,"href":"https:\/\/dicodusport.fr\/blog\/wp-json\/wp\/v2\/posts\/6810\/revisions"}],"wp:featuredmedia":[{"embeddable":true,"href":"https:\/\/dicodusport.fr\/blog\/wp-json\/wp\/v2\/media\/6812"}],"wp:attachment":[{"href":"https:\/\/dicodusport.fr\/blog\/wp-json\/wp\/v2\/media?parent=6810"}],"wp:term":[{"taxonomy":"category","embeddable":true,"href":"https:\/\/dicodusport.fr\/blog\/wp-json\/wp\/v2\/categories?post=6810"},{"taxonomy":"post_tag","embeddable":true,"href":"https:\/\/dicodusport.fr\/blog\/wp-json\/wp\/v2\/tags?post=6810"}],"curies":[{"name":"wp","href":"https:\/\/api.w.org\/{rel}","templated":true}]}}