{"id":68210,"date":"2020-06-04T10:43:18","date_gmt":"2020-06-04T08:43:18","guid":{"rendered":"http:\/\/dicodusport.fr\/blog\/?p=68210&#038;preview=true&#038;preview_id=68210"},"modified":"2020-06-04T12:05:37","modified_gmt":"2020-06-04T10:05:37","slug":"thibaut-pinot-prolonge-chez-groupama-fdj","status":"publish","type":"post","link":"https:\/\/dicodusport.fr\/blog\/thibaut-pinot-prolonge-chez-groupama-fdj\/","title":{"rendered":"Thibaut Pinot prolonge chez Groupama-FDJ"},"content":{"rendered":"<p style=\"text-align: justify;\"><strong><em>CYCLISME &#8211; \u00c0 30 ans, Thibaut Pinot vient d&rsquo;annoncer qu&rsquo;il prolongeait son contrat de trois saisons chez Groupama-FDJ. Le coureur de M\u00e9lisey est membre de la formation de Marc Madiot depuis 2010.<\/em><\/strong><\/p>\n<p style=\"text-align: justify;\">En fin de contrat avec la <strong>Groupama-FDJ<\/strong>, <a href=\"https:\/\/dicodusport.fr\/blog\/tag\/thibaut-pinot\/\" target=\"_blank\" rel=\"noopener noreferrer\"><strong>Thibaut Pinot<\/strong><\/a> prolonge. Dans un entretien accord\u00e9 \u00e0 nos confr\u00e8res du <a href=\"https:\/\/www.leparisien.fr\/sports\/cyclisme-je-veux-aller-au-bout-de-mon-histoire-confie-thibaut-pinot-04-06-2020-8329593.php\" target=\"_blank\" rel=\"noopener noreferrer\">Parisien<\/a>, le coureur franc-comtois annonce qu&rsquo;il sera le leader de la formation de <strong>Marc Madiot<\/strong> pour trois saisons de plus, soit jusqu&rsquo;en 2023. Une annonce officialis\u00e9e dans la foul\u00e9e pour la formation tricolore. H\u00e9ros malheureux du Tour de France 2019, <strong>Thibaut Pinot<\/strong> veut aller <em>\u00ab au bout de son histoire \u00bb<\/em> avec l&rsquo;\u00e9quipe fran\u00e7aise pour laquelle il court depuis 2010. Le vainqueur du <a href=\"https:\/\/dicodusport.fr\/blog\/video-tour-de-lombardie-2018-jour-thibaut-pinot-surclasse-vincenzo-nibali\/\" target=\"_blank\" rel=\"noopener noreferrer\"><strong>Tour de Lombardie<\/strong> <strong>en 2018<\/strong><\/a> affiche ses ambitions, <em>\u00ab Je veux gagner les plus belles courses \u00bb<\/em> d\u00e9clare-t-il.<\/p>\n<ul>\n<li style=\"text-align: justify;\"><strong>\u00c0 faire &#8211; <a href=\"https:\/\/dicodusport.fr\/blog\/quiz-cyclisme-etes-vous-incollable-carriere-thibaut-pinot\/\" target=\"_blank\" rel=\"noopener noreferrer\">Quiz cyclisme : \u00cates-vous incollable sur la carri\u00e8re de Thibaut Pinot ?<\/a><\/strong><\/li>\n<\/ul>\n<h2 style=\"text-align: justify;\">Gaudu, K\u00fcng et D\u00e9mare rempilent aussi<\/h2>\n<p style=\"text-align: justify;\">La formation <strong>Groupama-FDJ<\/strong> en a \u00e9galement profit\u00e9 pour s\u00e9curiser trois autres coureurs importantissimes dans le dispositif de Marc Madiot. <strong>David Gaudu<\/strong>, <strong>Stefan K\u00fcng<\/strong> et <strong>Arnaud D\u00e9mare<\/strong> prolongent \u00e9galement jusqu&rsquo;en 2023. En conservant son ossature, <em>GFDJ\u00a0<\/em>s&rsquo;assure un avenir int\u00e9ressant sur le plan sportif, dans un contexte \u00e9conomique d\u00e9licat en raison de la crise li\u00e9e au <strong>COVID-19<\/strong>.<\/p>\n<blockquote class=\"twitter-tweet\">\n<p dir=\"ltr\" lang=\"fr\">Le meilleur reste \u00e0 venir. <a href=\"https:\/\/t.co\/4tWqQmUCBC\">pic.twitter.com\/4tWqQmUCBC<\/a><\/p>\n<p>\u2014 \u00c9quipe Cycliste Groupama-FDJ (@GroupamaFDJ) <a href=\"https:\/\/twitter.com\/GroupamaFDJ\/status\/1268459978764898306?ref_src=twsrc%5Etfw\">June 4, 2020<\/a><\/p><\/blockquote>\n<p><script async src=\"https:\/\/platform.twitter.com\/widgets.js\" charset=\"utf-8\"><\/script><\/p>\n<p><strong><em>Dicodusport<br \/>\n<a href=\"https:\/\/www.facebook.com\/dicodusport\/\" target=\"_blank\" rel=\"noopener noreferrer\"><img loading=\"lazy\" decoding=\"async\" class=\"alignnone wp-image-2909\" src=\"http:\/\/dicodusport.fr\/blog\/wp-content\/uploads\/2017\/07\/logo-facebook-150x150.png\" alt=\"\" width=\"40\" height=\"40\" \/><\/a><a href=\"https:\/\/twitter.com\/dicodusport\" target=\"_blank\" rel=\"noopener noreferrer\"><img loading=\"lazy\" decoding=\"async\" class=\"alignnone wp-image-2908\" src=\"http:\/\/dicodusport.fr\/blog\/wp-content\/uploads\/2017\/07\/logo-twitter-150x150.png\" alt=\"\" width=\"39\" height=\"39\" \/><\/a><\/em><\/strong><\/p>\n","protected":false},"excerpt":{"rendered":"<p>CYCLISME &#8211; \u00c0 30 ans, Thibaut Pinot vient d&rsquo;annoncer qu&rsquo;il prolongeait son contrat de trois saisons chez Groupama-FDJ. Le coureur de M\u00e9lisey est membre de la formation de Marc Madiot depuis 2010.<\/p>\n","protected":false},"author":4,"featured_media":68211,"comment_status":"open","ping_status":"closed","sticky":false,"template":"","format":"standard","meta":{"_acf_changed":false,"_daextam_enable_autolinks":"","footnotes":""},"categories":[2307],"tags":[574,8386,4839],"class_list":["post-68210","post","type-post","status-publish","format-standard","has-post-thumbnail","hentry","category-cyclisme","tag-cyclisme","tag-mercato-cyclisme","tag-thibaut-pinot"],"acf":[],"yoast_head":"<!-- This site is optimized with the Yoast SEO Premium plugin v26.7 (Yoast SEO v26.7) - https:\/\/yoast.com\/wordpress\/plugins\/seo\/ -->\n<title>Thibaut Pinot prolonge chez Groupama-FDJ<\/title>\n<meta name=\"description\" content=\"CYCLISME - \u00c0 30 ans, Thibaut Pinot vient d&#039;annoncer qu&#039;il prolongeait son contrat de trois saisons chez Groupama-FDJ, soit jusqu&#039;en 2023.\" \/>\n<meta name=\"robots\" content=\"index, follow, max-snippet:-1, max-image-preview:large, max-video-preview:-1\" \/>\n<link rel=\"canonical\" href=\"https:\/\/dicodusport.fr\/blog\/thibaut-pinot-prolonge-chez-groupama-fdj\/\" \/>\n<meta property=\"og:locale\" content=\"fr_FR\" \/>\n<meta property=\"og:type\" content=\"article\" \/>\n<meta property=\"og:title\" content=\"Thibaut Pinot prolonge chez Groupama-FDJ\" \/>\n<meta property=\"og:description\" content=\"CYCLISME - \u00c0 30 ans, Thibaut Pinot vient d&#039;annoncer qu&#039;il prolongeait son contrat de trois saisons chez Groupama-FDJ, soit jusqu&#039;en 2023.\" \/>\n<meta property=\"og:url\" content=\"https:\/\/dicodusport.fr\/blog\/thibaut-pinot-prolonge-chez-groupama-fdj\/\" \/>\n<meta property=\"og:site_name\" content=\"Dicodusport\" \/>\n<meta property=\"article:publisher\" content=\"https:\/\/www.facebook.com\/dicodusport\" \/>\n<meta property=\"article:author\" content=\"https:\/\/www.facebook.com\/florent.ostermann\" \/>\n<meta property=\"article:published_time\" content=\"2020-06-04T08:43:18+00:00\" \/>\n<meta property=\"article:modified_time\" content=\"2020-06-04T10:05:37+00:00\" \/>\n<meta property=\"og:image\" content=\"https:\/\/dicodusport.fr\/blog\/wp-content\/uploads\/2020\/06\/Thibaut-Pinot-prolonge-chez-Groupama-FDJ.png\" \/>\n\t<meta property=\"og:image:width\" content=\"800\" \/>\n\t<meta property=\"og:image:height\" content=\"445\" \/>\n\t<meta property=\"og:image:type\" content=\"image\/png\" \/>\n<meta name=\"author\" content=\"Flo Ostermann\" \/>\n<meta name=\"twitter:card\" content=\"summary_large_image\" \/>\n<meta name=\"twitter:title\" content=\"Thibaut Pinot prolonge chez Groupama-FDJ\" \/>\n<meta name=\"twitter:creator\" content=\"@https:\/\/twitter.com\/FlOstermann\" \/>\n<meta name=\"twitter:site\" content=\"@dicodusport\" \/>\n<script type=\"application\/ld+json\" class=\"yoast-schema-graph\">{\"@context\":\"https:\/\/schema.org\",\"@graph\":[{\"@type\":\"NewsArticle\",\"@id\":\"https:\/\/dicodusport.fr\/blog\/thibaut-pinot-prolonge-chez-groupama-fdj\/#article\",\"isPartOf\":{\"@id\":\"https:\/\/dicodusport.fr\/blog\/thibaut-pinot-prolonge-chez-groupama-fdj\/\"},\"author\":{\"name\":\"Flo Ostermann\",\"@id\":\"https:\/\/dicodusport.fr\/blog\/#\/schema\/person\/cb02af4c173ce4a653b55e9baf388d4a\"},\"headline\":\"Thibaut Pinot prolonge chez Groupama-FDJ\",\"datePublished\":\"2020-06-04T08:43:18+00:00\",\"dateModified\":\"2020-06-04T10:05:37+00:00\",\"mainEntityOfPage\":{\"@id\":\"https:\/\/dicodusport.fr\/blog\/thibaut-pinot-prolonge-chez-groupama-fdj\/\"},\"wordCount\":234,\"commentCount\":0,\"publisher\":{\"@id\":\"https:\/\/dicodusport.fr\/blog\/#organization\"},\"image\":{\"@id\":\"https:\/\/dicodusport.fr\/blog\/thibaut-pinot-prolonge-chez-groupama-fdj\/#primaryimage\"},\"thumbnailUrl\":\"https:\/\/dicodusport.fr\/blog\/wp-content\/uploads\/2020\/06\/Thibaut-Pinot-prolonge-chez-Groupama-FDJ.png\",\"keywords\":[\"Cyclisme\",\"Mercato Cyclisme\",\"Thibaut Pinot\"],\"articleSection\":[\"Cyclisme\"],\"inLanguage\":\"fr-FR\",\"potentialAction\":[{\"@type\":\"CommentAction\",\"name\":\"Comment\",\"target\":[\"https:\/\/dicodusport.fr\/blog\/thibaut-pinot-prolonge-chez-groupama-fdj\/#respond\"]}],\"copyrightYear\":\"2020\",\"copyrightHolder\":{\"@id\":\"https:\/\/dicodusport.fr\/blog\/#organization\"}},{\"@type\":\"WebPage\",\"@id\":\"https:\/\/dicodusport.fr\/blog\/thibaut-pinot-prolonge-chez-groupama-fdj\/\",\"url\":\"https:\/\/dicodusport.fr\/blog\/thibaut-pinot-prolonge-chez-groupama-fdj\/\",\"name\":\"Thibaut Pinot prolonge chez Groupama-FDJ\",\"isPartOf\":{\"@id\":\"https:\/\/dicodusport.fr\/blog\/#website\"},\"primaryImageOfPage\":{\"@id\":\"https:\/\/dicodusport.fr\/blog\/thibaut-pinot-prolonge-chez-groupama-fdj\/#primaryimage\"},\"image\":{\"@id\":\"https:\/\/dicodusport.fr\/blog\/thibaut-pinot-prolonge-chez-groupama-fdj\/#primaryimage\"},\"thumbnailUrl\":\"https:\/\/dicodusport.fr\/blog\/wp-content\/uploads\/2020\/06\/Thibaut-Pinot-prolonge-chez-Groupama-FDJ.png\",\"datePublished\":\"2020-06-04T08:43:18+00:00\",\"dateModified\":\"2020-06-04T10:05:37+00:00\",\"description\":\"CYCLISME - \u00c0 30 ans, Thibaut Pinot vient d'annoncer qu'il prolongeait son contrat de trois saisons chez Groupama-FDJ, soit jusqu'en 2023.\",\"breadcrumb\":{\"@id\":\"https:\/\/dicodusport.fr\/blog\/thibaut-pinot-prolonge-chez-groupama-fdj\/#breadcrumb\"},\"inLanguage\":\"fr-FR\",\"potentialAction\":[{\"@type\":\"ReadAction\",\"target\":[\"https:\/\/dicodusport.fr\/blog\/thibaut-pinot-prolonge-chez-groupama-fdj\/\"]}]},{\"@type\":\"ImageObject\",\"inLanguage\":\"fr-FR\",\"@id\":\"https:\/\/dicodusport.fr\/blog\/thibaut-pinot-prolonge-chez-groupama-fdj\/#primaryimage\",\"url\":\"https:\/\/dicodusport.fr\/blog\/wp-content\/uploads\/2020\/06\/Thibaut-Pinot-prolonge-chez-Groupama-FDJ.png\",\"contentUrl\":\"https:\/\/dicodusport.fr\/blog\/wp-content\/uploads\/2020\/06\/Thibaut-Pinot-prolonge-chez-Groupama-FDJ.png\",\"width\":800,\"height\":445,\"caption\":\"Thibaut Pinot prolonge chez Groupama-FDJ\"},{\"@type\":\"BreadcrumbList\",\"@id\":\"https:\/\/dicodusport.fr\/blog\/thibaut-pinot-prolonge-chez-groupama-fdj\/#breadcrumb\",\"itemListElement\":[{\"@type\":\"ListItem\",\"position\":1,\"name\":\"Accueil\",\"item\":\"https:\/\/dicodusport.fr\/blog\/\"},{\"@type\":\"ListItem\",\"position\":2,\"name\":\"Thibaut Pinot prolonge chez Groupama-FDJ\"}]},{\"@type\":\"WebSite\",\"@id\":\"https:\/\/dicodusport.fr\/blog\/#website\",\"url\":\"https:\/\/dicodusport.fr\/blog\/\",\"name\":\"Dicodusport\",\"description\":\"L&#039;encyclop\u00e9die de l&#039;actualit\u00e9 sportive\",\"publisher\":{\"@id\":\"https:\/\/dicodusport.fr\/blog\/#organization\"},\"potentialAction\":[{\"@type\":\"SearchAction\",\"target\":{\"@type\":\"EntryPoint\",\"urlTemplate\":\"https:\/\/dicodusport.fr\/blog\/?s={search_term_string}\"},\"query-input\":{\"@type\":\"PropertyValueSpecification\",\"valueRequired\":true,\"valueName\":\"search_term_string\"}}],\"inLanguage\":\"fr-FR\"},{\"@type\":\"NewsMediaOrganization\",\"@id\":\"https:\/\/dicodusport.fr\/blog\/#organization\",\"name\":\"Dicodusport\",\"url\":\"https:\/\/dicodusport.fr\/blog\/\",\"logo\":{\"@type\":\"ImageObject\",\"inLanguage\":\"fr-FR\",\"@id\":\"https:\/\/dicodusport.fr\/blog\/#\/schema\/logo\/image\/\",\"url\":\"https:\/\/dicodusport.fr\/blog\/wp-content\/uploads\/2020\/06\/cropped-LOGO-DICODUSPORT-2020-SANS-FOND-SANS-TEXTE.png\",\"contentUrl\":\"https:\/\/dicodusport.fr\/blog\/wp-content\/uploads\/2020\/06\/cropped-LOGO-DICODUSPORT-2020-SANS-FOND-SANS-TEXTE.png\",\"width\":512,\"height\":512,\"caption\":\"Dicodusport\"},\"image\":{\"@id\":\"https:\/\/dicodusport.fr\/blog\/#\/schema\/logo\/image\/\"},\"sameAs\":[\"https:\/\/www.facebook.com\/dicodusport\",\"https:\/\/x.com\/dicodusport\",\"https:\/\/www.instagram.com\/dicodusport\/\",\"https:\/\/www.youtube.com\/channel\/UC7V2KZ5sd3htJivAbA4ZG3w\"],\"description\":\"Dicodusport est l'encyclop\u00e9die de l'actualit\u00e9 sportive.\",\"email\":\"bonjour@dicodusport.fr\",\"legalName\":\"DICODUSPORT\",\"foundingDate\":\"2018-01-14\",\"vatID\":\"FR71834470973\",\"taxID\":\"83447097300043\",\"numberOfEmployees\":{\"@type\":\"QuantitativeValue\",\"minValue\":\"1\",\"maxValue\":\"10\"}},{\"@type\":\"Person\",\"@id\":\"https:\/\/dicodusport.fr\/blog\/#\/schema\/person\/cb02af4c173ce4a653b55e9baf388d4a\",\"name\":\"Flo Ostermann\",\"image\":{\"@type\":\"ImageObject\",\"inLanguage\":\"fr-FR\",\"@id\":\"https:\/\/dicodusport.fr\/blog\/#\/schema\/person\/image\/\",\"url\":\"https:\/\/dicodusport.fr\/blog\/wp-content\/uploads\/2021\/05\/Flo-Ostermann-150x150.jpg\",\"contentUrl\":\"https:\/\/dicodusport.fr\/blog\/wp-content\/uploads\/2021\/05\/Flo-Ostermann-150x150.jpg\",\"caption\":\"Flo Ostermann\"},\"description\":\"Journaliste\/R\u00e9dacteur depuis septembre 2015 - Mes premiers souvenirs dans le sport ? Les envol\u00e9es du Stade Toulousain et les duels Villeneuve-Schumacher et H\u00e4kkinen-Schumacher \u00e0 la fin des ann\u00e9es 90, la Coupe du monde de football en 1998, l\u2019exploit du XV de France face aux All Blacks en 1999, mais aussi Richard C\u0153ur de Lion qui vole sur les montagnes du Tour de France. Bien parti pour devenir professeur d\u2019EPS, les \u00e9v\u00e9nements de la vie (et la flemme d\u2019animer des s\u00e9ances de 3x500 m\u00e8tres toute ma vie) m\u2019ont conduit \u00e0 revoir mes plans. Me voil\u00e0 depuis fin 2017 sur Dicodusport, m\u00e9dia gr\u00e2ce (et pour) lequel je partage ma passion : le sport dans tous ses \u00e9tats. Le tout accompagn\u00e9 par les fous furieux et folles furieuses cit\u00e9s sur cette page !\",\"sameAs\":[\"https:\/\/www.facebook.com\/florent.ostermann\",\"https:\/\/x.com\/https:\/\/twitter.com\/FlOstermann\",\"admin\"],\"url\":\"https:\/\/dicodusport.fr\/blog\/author\/flo\/\"}]}<\/script>\n<!-- \/ Yoast SEO Premium plugin. -->","yoast_head_json":{"title":"Thibaut Pinot prolonge chez Groupama-FDJ","description":"CYCLISME - \u00c0 30 ans, Thibaut Pinot vient d'annoncer qu'il prolongeait son contrat de trois saisons chez Groupama-FDJ, soit jusqu'en 2023.","robots":{"index":"index","follow":"follow","max-snippet":"max-snippet:-1","max-image-preview":"max-image-preview:large","max-video-preview":"max-video-preview:-1"},"canonical":"https:\/\/dicodusport.fr\/blog\/thibaut-pinot-prolonge-chez-groupama-fdj\/","og_locale":"fr_FR","og_type":"article","og_title":"Thibaut Pinot prolonge chez Groupama-FDJ","og_description":"CYCLISME - \u00c0 30 ans, Thibaut Pinot vient d'annoncer qu'il prolongeait son contrat de trois saisons chez Groupama-FDJ, soit jusqu'en 2023.","og_url":"https:\/\/dicodusport.fr\/blog\/thibaut-pinot-prolonge-chez-groupama-fdj\/","og_site_name":"Dicodusport","article_publisher":"https:\/\/www.facebook.com\/dicodusport","article_author":"https:\/\/www.facebook.com\/florent.ostermann","article_published_time":"2020-06-04T08:43:18+00:00","article_modified_time":"2020-06-04T10:05:37+00:00","og_image":[{"width":800,"height":445,"url":"https:\/\/dicodusport.fr\/blog\/wp-content\/uploads\/2020\/06\/Thibaut-Pinot-prolonge-chez-Groupama-FDJ.png","type":"image\/png"}],"author":"Flo Ostermann","twitter_card":"summary_large_image","twitter_title":"Thibaut Pinot prolonge chez Groupama-FDJ","twitter_creator":"@https:\/\/twitter.com\/FlOstermann","twitter_site":"@dicodusport","schema":{"@context":"https:\/\/schema.org","@graph":[{"@type":"NewsArticle","@id":"https:\/\/dicodusport.fr\/blog\/thibaut-pinot-prolonge-chez-groupama-fdj\/#article","isPartOf":{"@id":"https:\/\/dicodusport.fr\/blog\/thibaut-pinot-prolonge-chez-groupama-fdj\/"},"author":{"name":"Flo Ostermann","@id":"https:\/\/dicodusport.fr\/blog\/#\/schema\/person\/cb02af4c173ce4a653b55e9baf388d4a"},"headline":"Thibaut Pinot prolonge chez Groupama-FDJ","datePublished":"2020-06-04T08:43:18+00:00","dateModified":"2020-06-04T10:05:37+00:00","mainEntityOfPage":{"@id":"https:\/\/dicodusport.fr\/blog\/thibaut-pinot-prolonge-chez-groupama-fdj\/"},"wordCount":234,"commentCount":0,"publisher":{"@id":"https:\/\/dicodusport.fr\/blog\/#organization"},"image":{"@id":"https:\/\/dicodusport.fr\/blog\/thibaut-pinot-prolonge-chez-groupama-fdj\/#primaryimage"},"thumbnailUrl":"https:\/\/dicodusport.fr\/blog\/wp-content\/uploads\/2020\/06\/Thibaut-Pinot-prolonge-chez-Groupama-FDJ.png","keywords":["Cyclisme","Mercato Cyclisme","Thibaut Pinot"],"articleSection":["Cyclisme"],"inLanguage":"fr-FR","potentialAction":[{"@type":"CommentAction","name":"Comment","target":["https:\/\/dicodusport.fr\/blog\/thibaut-pinot-prolonge-chez-groupama-fdj\/#respond"]}],"copyrightYear":"2020","copyrightHolder":{"@id":"https:\/\/dicodusport.fr\/blog\/#organization"}},{"@type":"WebPage","@id":"https:\/\/dicodusport.fr\/blog\/thibaut-pinot-prolonge-chez-groupama-fdj\/","url":"https:\/\/dicodusport.fr\/blog\/thibaut-pinot-prolonge-chez-groupama-fdj\/","name":"Thibaut Pinot prolonge chez Groupama-FDJ","isPartOf":{"@id":"https:\/\/dicodusport.fr\/blog\/#website"},"primaryImageOfPage":{"@id":"https:\/\/dicodusport.fr\/blog\/thibaut-pinot-prolonge-chez-groupama-fdj\/#primaryimage"},"image":{"@id":"https:\/\/dicodusport.fr\/blog\/thibaut-pinot-prolonge-chez-groupama-fdj\/#primaryimage"},"thumbnailUrl":"https:\/\/dicodusport.fr\/blog\/wp-content\/uploads\/2020\/06\/Thibaut-Pinot-prolonge-chez-Groupama-FDJ.png","datePublished":"2020-06-04T08:43:18+00:00","dateModified":"2020-06-04T10:05:37+00:00","description":"CYCLISME - \u00c0 30 ans, Thibaut Pinot vient d'annoncer qu'il prolongeait son contrat de trois saisons chez Groupama-FDJ, soit jusqu'en 2023.","breadcrumb":{"@id":"https:\/\/dicodusport.fr\/blog\/thibaut-pinot-prolonge-chez-groupama-fdj\/#breadcrumb"},"inLanguage":"fr-FR","potentialAction":[{"@type":"ReadAction","target":["https:\/\/dicodusport.fr\/blog\/thibaut-pinot-prolonge-chez-groupama-fdj\/"]}]},{"@type":"ImageObject","inLanguage":"fr-FR","@id":"https:\/\/dicodusport.fr\/blog\/thibaut-pinot-prolonge-chez-groupama-fdj\/#primaryimage","url":"https:\/\/dicodusport.fr\/blog\/wp-content\/uploads\/2020\/06\/Thibaut-Pinot-prolonge-chez-Groupama-FDJ.png","contentUrl":"https:\/\/dicodusport.fr\/blog\/wp-content\/uploads\/2020\/06\/Thibaut-Pinot-prolonge-chez-Groupama-FDJ.png","width":800,"height":445,"caption":"Thibaut Pinot prolonge chez Groupama-FDJ"},{"@type":"BreadcrumbList","@id":"https:\/\/dicodusport.fr\/blog\/thibaut-pinot-prolonge-chez-groupama-fdj\/#breadcrumb","itemListElement":[{"@type":"ListItem","position":1,"name":"Accueil","item":"https:\/\/dicodusport.fr\/blog\/"},{"@type":"ListItem","position":2,"name":"Thibaut Pinot prolonge chez Groupama-FDJ"}]},{"@type":"WebSite","@id":"https:\/\/dicodusport.fr\/blog\/#website","url":"https:\/\/dicodusport.fr\/blog\/","name":"Dicodusport","description":"L&#039;encyclop\u00e9die de l&#039;actualit\u00e9 sportive","publisher":{"@id":"https:\/\/dicodusport.fr\/blog\/#organization"},"potentialAction":[{"@type":"SearchAction","target":{"@type":"EntryPoint","urlTemplate":"https:\/\/dicodusport.fr\/blog\/?s={search_term_string}"},"query-input":{"@type":"PropertyValueSpecification","valueRequired":true,"valueName":"search_term_string"}}],"inLanguage":"fr-FR"},{"@type":"NewsMediaOrganization","@id":"https:\/\/dicodusport.fr\/blog\/#organization","name":"Dicodusport","url":"https:\/\/dicodusport.fr\/blog\/","logo":{"@type":"ImageObject","inLanguage":"fr-FR","@id":"https:\/\/dicodusport.fr\/blog\/#\/schema\/logo\/image\/","url":"https:\/\/dicodusport.fr\/blog\/wp-content\/uploads\/2020\/06\/cropped-LOGO-DICODUSPORT-2020-SANS-FOND-SANS-TEXTE.png","contentUrl":"https:\/\/dicodusport.fr\/blog\/wp-content\/uploads\/2020\/06\/cropped-LOGO-DICODUSPORT-2020-SANS-FOND-SANS-TEXTE.png","width":512,"height":512,"caption":"Dicodusport"},"image":{"@id":"https:\/\/dicodusport.fr\/blog\/#\/schema\/logo\/image\/"},"sameAs":["https:\/\/www.facebook.com\/dicodusport","https:\/\/x.com\/dicodusport","https:\/\/www.instagram.com\/dicodusport\/","https:\/\/www.youtube.com\/channel\/UC7V2KZ5sd3htJivAbA4ZG3w"],"description":"Dicodusport est l'encyclop\u00e9die de l'actualit\u00e9 sportive.","email":"bonjour@dicodusport.fr","legalName":"DICODUSPORT","foundingDate":"2018-01-14","vatID":"FR71834470973","taxID":"83447097300043","numberOfEmployees":{"@type":"QuantitativeValue","minValue":"1","maxValue":"10"}},{"@type":"Person","@id":"https:\/\/dicodusport.fr\/blog\/#\/schema\/person\/cb02af4c173ce4a653b55e9baf388d4a","name":"Flo Ostermann","image":{"@type":"ImageObject","inLanguage":"fr-FR","@id":"https:\/\/dicodusport.fr\/blog\/#\/schema\/person\/image\/","url":"https:\/\/dicodusport.fr\/blog\/wp-content\/uploads\/2021\/05\/Flo-Ostermann-150x150.jpg","contentUrl":"https:\/\/dicodusport.fr\/blog\/wp-content\/uploads\/2021\/05\/Flo-Ostermann-150x150.jpg","caption":"Flo Ostermann"},"description":"Journaliste\/R\u00e9dacteur depuis septembre 2015 - Mes premiers souvenirs dans le sport ? Les envol\u00e9es du Stade Toulousain et les duels Villeneuve-Schumacher et H\u00e4kkinen-Schumacher \u00e0 la fin des ann\u00e9es 90, la Coupe du monde de football en 1998, l\u2019exploit du XV de France face aux All Blacks en 1999, mais aussi Richard C\u0153ur de Lion qui vole sur les montagnes du Tour de France. Bien parti pour devenir professeur d\u2019EPS, les \u00e9v\u00e9nements de la vie (et la flemme d\u2019animer des s\u00e9ances de 3x500 m\u00e8tres toute ma vie) m\u2019ont conduit \u00e0 revoir mes plans. Me voil\u00e0 depuis fin 2017 sur Dicodusport, m\u00e9dia gr\u00e2ce (et pour) lequel je partage ma passion : le sport dans tous ses \u00e9tats. Le tout accompagn\u00e9 par les fous furieux et folles furieuses cit\u00e9s sur cette page !","sameAs":["https:\/\/www.facebook.com\/florent.ostermann","https:\/\/x.com\/https:\/\/twitter.com\/FlOstermann","admin"],"url":"https:\/\/dicodusport.fr\/blog\/author\/flo\/"}]}},"_links":{"self":[{"href":"https:\/\/dicodusport.fr\/blog\/wp-json\/wp\/v2\/posts\/68210","targetHints":{"allow":["GET"]}}],"collection":[{"href":"https:\/\/dicodusport.fr\/blog\/wp-json\/wp\/v2\/posts"}],"about":[{"href":"https:\/\/dicodusport.fr\/blog\/wp-json\/wp\/v2\/types\/post"}],"author":[{"embeddable":true,"href":"https:\/\/dicodusport.fr\/blog\/wp-json\/wp\/v2\/users\/4"}],"replies":[{"embeddable":true,"href":"https:\/\/dicodusport.fr\/blog\/wp-json\/wp\/v2\/comments?post=68210"}],"version-history":[{"count":0,"href":"https:\/\/dicodusport.fr\/blog\/wp-json\/wp\/v2\/posts\/68210\/revisions"}],"wp:featuredmedia":[{"embeddable":true,"href":"https:\/\/dicodusport.fr\/blog\/wp-json\/wp\/v2\/media\/68211"}],"wp:attachment":[{"href":"https:\/\/dicodusport.fr\/blog\/wp-json\/wp\/v2\/media?parent=68210"}],"wp:term":[{"taxonomy":"category","embeddable":true,"href":"https:\/\/dicodusport.fr\/blog\/wp-json\/wp\/v2\/categories?post=68210"},{"taxonomy":"post_tag","embeddable":true,"href":"https:\/\/dicodusport.fr\/blog\/wp-json\/wp\/v2\/tags?post=68210"}],"curies":[{"name":"wp","href":"https:\/\/api.w.org\/{rel}","templated":true}]}}