{"id":68474,"date":"2020-06-09T11:36:50","date_gmt":"2020-06-09T09:36:50","guid":{"rendered":"http:\/\/dicodusport.fr\/blog\/?p=68474"},"modified":"2020-06-09T15:59:34","modified_gmt":"2020-06-09T13:59:34","slug":"les-faits-divers-du-sport-andres-escobar-capitaine-fracasse","status":"publish","type":"post","link":"https:\/\/dicodusport.fr\/blog\/les-faits-divers-du-sport-andres-escobar-capitaine-fracasse\/","title":{"rendered":"Les faits divers du sport : Andr\u00e9s Escobar, Capitaine fracass\u00e9"},"content":{"rendered":"<p style=\"text-align: justify;\"><em><strong>Drogue, meurtres, prostitution\u2026 Ce n\u2019est pas le lancement d\u2019Enqu\u00eates Exclusives, c\u2019est le programme des \u00ab faits divers du sport \u00bb. Dans cette s\u00e9rie d\u2019articles, nous vous proposons de plonger dans les liens intimes que tissent police, justice et sports. Aujourd\u2019hui, l&rsquo;assassinat d&rsquo;Andr\u00e9s Escobar.\u00a0<\/strong><\/em><\/p>\n<h2 style=\"text-align: justify;\">Escobars<\/h2>\n<p style=\"text-align: justify;\">La trag\u00e9die, c&rsquo;est l&rsquo;irr\u00e9m\u00e9diable qui advient. La mort, la s\u00e9paration, rien ne pourra emp\u00eacher que le pire survienne, et il survient toujours. Qu&rsquo;<strong>Andr\u00e9s Escobar<\/strong>, capitaine de l&rsquo;\u00e9quipe de football de Colombie ait \u00e9t\u00e9 le 21 juillet 1994 rel\u00e8ve de cela. But contre son camp ou pas, \u00e9limination au premier tour ou non. <strong>Andr\u00e9s Escobar<\/strong> aurait \u00e9t\u00e9 l&rsquo;homme \u00e0 abattre.<\/p>\n<p style=\"text-align: justify;\">Il faut dire, aux oublieux, que la Colombie au milieu des ann\u00e9es 1990 \u00e9tait ce qu&rsquo;on pouvait faire de pire en mati\u00e8re de r\u00e8glement de compte en tout genre. En particulier \u00e0 Medell\u00edn, fief natal, professionnel et fatal d&rsquo;<strong>Andr\u00e9s Escobar<\/strong>, o\u00f9 son homonyme Pablo r\u00e9gnait en ma\u00eetre. En faisant passer le trafic de coca\u00efne \u00e0 un niveau industriel, <strong>Pablo Escobar<\/strong> a transform\u00e9 la Colombie en une gu\u00e9rilla urbaine g\u00e9ante. Les morts se comptent en milliers, les fonctionnaires sont promis \u00e0 la corruption ou la mort et <strong>Pablo Escobar<\/strong>, en 1989, n&rsquo;h\u00e9site pas \u00e0 faire tuer trois des cinq candidats \u00e0 l&rsquo;\u00e9lection pr\u00e9sidentielle. Quand il est tu\u00e9 en d\u00e9cembre 1993, la quasi-guerre civile est doubl\u00e9e d&rsquo;une guerre entre les cartels. Le lion est mort, les chacals se disputent l&#8217;empire comme dirait l&rsquo;autre et c&rsquo;est dans cette red\u00e9finition du narcotrafic qu&rsquo;<strong>Andr\u00e9s Escobar<\/strong> va mourir.<\/p>\n<h2 style=\"text-align: justify;\">Toqu\u00e9s du toque<\/h2>\n<p style=\"text-align: justify;\">Dans la nuit du 21 Juillet 1994, <strong>Andr\u00e9s Escobar<\/strong> sort pour la premi\u00e8re fois depuis que son \u00e9quipe a \u00e9t\u00e9 \u00e9limin\u00e9e au premier tour de la Coupe du monde aux \u00c9tats-Unis. Outsider redout\u00e9, le jeu de la <a href=\"https:\/\/dicodusport.fr\/blog\/coupe-du-monde-groupe-h-la-colombie-reprendrait-bien-un-quart\/\">Colombie<\/a> men\u00e9e par <strong>Pacho Maturana<\/strong> fait l&rsquo;admiration de beaucoup. De <strong>Gomez<\/strong> \u00e0 <strong>Asprilla<\/strong> ou de <strong>Valderrama<\/strong> \u00e0 <strong>Escobar<\/strong>, le toque colombien en impose. En \u00e9liminatoires, elle a pass\u00e9 5 pions \u00e0 l&rsquo;Argentine \u00e0 Buenos Aires. On imagine le groupe de poules \u00e0 la port\u00e9e de l&rsquo;\u00e9quipe sudam qui a re\u00e7u l&rsquo;honneur d&rsquo;\u00eatre la favorite de <strong>Pel\u00e9<\/strong> pour la victoire finale. La Roumanie, les \u00c9tats-Unis et la Suisse, du menu fretin pour le jeu de possession et de passes courtes des <em>Jaune et Rouge<\/em>.<\/p>\n<p style=\"text-align: justify;\">L&rsquo;entr\u00e9e en mati\u00e8re est poussive et la Roumanie du Maradona des Carpates aka <strong>Gheorge Hagi<\/strong> ram\u00e8ne la Colombie sur terre. 3-1. Personne n&rsquo;est cependant tellement inquiet. On savait que ce match serait une finale de groupe. Les \u00c9tats-Unis h\u00f4tes et la Suisse tendre ne devraient pas poser autant de probl\u00e8me et la Colombie de se qualifier.<\/p>\n<h2 style=\"text-align: justify;\">Californication<\/h2>\n<p style=\"text-align: justify;\">22 juin 1994, Rose Bowl, Pasadena (Californie). 34\u00e8me minute de jeu, les Am\u00e9ricains solides ne s&rsquo;en laissent pas conter par des Colombiens gripp\u00e9s. Il faut dire qu&rsquo;il y a de quoi \u00eatre tendu. Le s\u00e9lectionneur <strong>Maturana<\/strong> a re\u00e7u entre les deux matchs des menaces de mort pour ne pas faire jouer <strong>Gabriel Gomez<\/strong>. L&rsquo;attaquant star <strong>Faustino Asprilla<\/strong> lui aussi est menac\u00e9. Ambiance.<\/p>\n<p style=\"text-align: justify;\">Les 93 000 spectateurs du Rose Bowl voient d\u00e9bouler, \u00e0 la 34\u00e8me minute donc, <strong>John Harkes<\/strong> sur le flanc gauche. Le capitaine \u00e9tats-unien centre vers <strong>Earnie Stewart<\/strong>. <strong>Andr\u00e9s Escobar<\/strong> veut couper la passe, tacle. Il trompe son gardien et marque contre son camp. \u00c9tats-Unis 1 Colombie 0. Les <em>Cafeteros<\/em> ne s&rsquo;en sortent pas, les USA enfoncent le clou. Score finale 2-1. Outsider deux semaines auparavant, la Colombie est \u00e9limin\u00e9e au premier tour. Qu&rsquo;importe qu&rsquo;elle gagne 2-0 contre la Suisse et que son capitaine <strong>Escobar<\/strong> soit ce jour-l\u00e0 l&rsquo;homme du match.<\/p>\n<h2 style=\"text-align: justify;\">Chevalier des terrains<\/h2>\n<p style=\"text-align: justify;\">La 21 juillet 1994, donc, <strong>Andr\u00e9s Escobar<\/strong> sort malgr\u00e9 les conseils contraires qu&rsquo;il avait pu prodiguer \u00e0 certains de ses co\u00e9quipiers. Rentr\u00e9 tr\u00e8s vite \u00e0 Medell\u00edn apr\u00e8s la comp\u00e9tition, il avait d\u00e9clar\u00e9 en interview : <em>\u00ab<\/em> <em>Dans le football, au contraire des combats de b\u00eates sauvages, la mort n&rsquo;existe pas. Personne ne meurt, personne ne se fait tuer. Il n&rsquo;y a que le plaisir \u00bb<\/em>. Pense-t-il que sa r\u00e9putation de chevalier des terrains plaidera pour lui ? Pas s\u00fbr, <strong>Andr\u00e9s Escobar<\/strong> croit en ce qu&rsquo;il dit, tout le monde \u00e0 l&rsquo;\u00e9poque le suit. Peut-on imaginer qu&rsquo;on tue un footballeur pour un CSC ? Encore moins un grand seigneur qui n&rsquo;h\u00e9site pas \u00e0 faire le bien autour de lui, \u00e0 distribuer nourriture et jouets, \u00e0 \u00eatre le garant d&rsquo;une forme d&rsquo;int\u00e9grit\u00e9 morale.<\/p>\n<p style=\"text-align: justify;\">Pourtant, quand il arrive au bar El Indio \u00e0 Medell\u00edn, les chosent tournent rapidement au vinaigre entre <strong>Escobar<\/strong> et des clients d\u00e9j\u00e0 attabl\u00e9s. Les fr\u00e8res Gallon, propri\u00e9taires d&rsquo;une entreprise de transports connus pour entretenir des liens avec le narcotrafic, invectivent de loin celui qui aurait d\u00fb devenir joueur de l&rsquo;AC Milan la saison suivante : <em>\u00ab Tra\u00eetre, Andr\u00e8s, tra\u00eetre ! \u00bb<\/em>. La soir\u00e9e commence avec un pneu crev\u00e9. <strong>Escobar<\/strong> laisse couler. Accompagn\u00e9 de Galeano, la compagne de celui-ci et de la Docteur Pamela Cascardo, appel\u00e9e \u00e0 devenir la sienne, le capitaine cafetero ne veut pas d&rsquo;esclandre. Quand il sort et trouve sur le parking les deux fr\u00e8res, il d\u00e9cide d&rsquo;aller leur apprendre les bonnes mani\u00e8res. A la m\u00e9thode de <strong>Don Andr\u00e9s<\/strong>, c&rsquo;est-\u00e0-dire par la parole et leur demandant de le respecter. Les deux hommes r\u00e9pondent : <em>\u00ab Tu ne sais pas \u00e0 qui tu parles ! \u00bb<\/em>.<\/p>\n<h2 style=\"text-align: justify;\">\u00ab\u00a0Gol !\u00a0\u00bb<\/h2>\n<p style=\"text-align: justify;\">Entendant qu&rsquo;on s&rsquo;explique, <strong>Humberto Mu\u00f1oz<\/strong>, chauffeur des Gallon, sort de la camionnette dans laquelle il attendait. Il s&rsquo;approche d&rsquo;<strong>Andr\u00e9s Escobar<\/strong> et lui tire dans le cr\u00e2ne. A chaque coup de feu, Mu\u00f1oz crie <em>\u00ab\u00a0Gol !\u00a0\u00bb<\/em>. Il y en aura 6. On arr\u00eate l&rsquo;homme le lendemain, l&rsquo;\u00e9moi national est immense, 80 000 personnes d\u00e9filent. L&rsquo;\u00e9cho international est \u00e0 l&rsquo;avenant. Jug\u00e9 en juin 1995, <strong>Humberto Mu\u00f1oz<\/strong> est condamn\u00e9 \u00e0 43 ans de prison. Il sort en 2005 pour bonne conduite.<\/p>\n<p style=\"text-align: justify;\">Lors de son proc\u00e8s et durant toute l&rsquo;enqu\u00eate polici\u00e8re qui a pr\u00e9c\u00e9d\u00e9, le tueur a jur\u00e9 ne pas savoir sur qui il tirait. Les <em>\u00ab\u00a0Gol !\u00a0\u00bb<\/em> ne devaient \u00eatre qu&rsquo;un gimmick. Ses patrons, eux, font jouer leurs relations et s&rsquo;en tireront sans mal. Aujourd&rsquo;hui, on sait gr\u00e2ce \u00e0 l&rsquo;enqu\u00eate de la police colombienne qu&rsquo;<strong>Andr\u00e9s Escobar<\/strong> n&rsquo;est pas mort \u00e0 cause d&rsquo;un contrat mis sur sa t\u00eate. M\u00eame si \u00e7a n&rsquo;aurait \u00e9t\u00e9 qu&rsquo;une question de temps. <strong>Mu\u00f1oz<\/strong> n&rsquo;a fait qu&rsquo;acc\u00e9l\u00e9rer le processus et parachever la provocation de ses patrons.<\/p>\n<p style=\"text-align: justify;\">Dans <a href=\"https:\/\/www.elespectador.com\/noticias\/judicial\/el-estremecedor-relato-del-fiscal-del-caso-de-andres-es-articulo-499808\">une interview<\/a> donn\u00e9e \u00e0 <strong><em>El Espectador<\/em><\/strong>, Le Monde colombien, le procureur <strong>Jesus Albeiro Yepes<\/strong> en charge de l&rsquo;affaire r\u00e9v\u00e9lait en 2014 que des cartels concurrents avaient mis\u00e9 gros sur le parcours de la Colombie \u00e0 la Coupe du monde 1994. Celui qui pour qui bossaient les Gallon avait pari\u00e9 que les <em>Cafeteros<\/em> atteindraient la phase \u00e0 \u00e9limination directe. D&rsquo;autres que la Colombie sortirait rapidement.<\/p>\n<p style=\"text-align: justify;\"><strong>Dans les deux cas, Andr\u00e9s Escobar \u00e9tait un homme mort. O\u00f9 la trag\u00e9die va-t-elle se nicher&#8230;<\/strong><\/p>\n<p><strong><em>JMPPMJ<br \/>\n<a href=\"https:\/\/twitter.com\/jmp_pmj\" target=\"_blank\" rel=\"noopener noreferrer\"><img loading=\"lazy\" decoding=\"async\" class=\"alignnone wp-image-2908\" src=\"http:\/\/dicodusport.fr\/blog\/wp-content\/uploads\/2017\/07\/logo-twitter-150x150.png\" alt=\"\" width=\"39\" height=\"39\" \/><\/a><\/em><\/strong><\/p>\n","protected":false},"excerpt":{"rendered":"<p>Drogue, meurtres, prostitution\u2026 Ce n\u2019est pas le lancement d\u2019Enqu\u00eates Exclusives, c\u2019est le programme des \u00ab faits divers du sport \u00bb. Dans cette s\u00e9rie d\u2019articles, nous vous proposons de plonger dans les liens intimes que tissent police, justice et sports. Aujourd\u2019hui, l&rsquo;assassinat d&rsquo;Andr\u00e8s Escobar.\u00a0<\/p>\n","protected":false},"author":40,"featured_media":68528,"comment_status":"open","ping_status":"closed","sticky":false,"template":"","format":"standard","meta":{"_acf_changed":false,"_daextam_enable_autolinks":"","footnotes":""},"categories":[2301],"tags":[4242,75],"class_list":["post-68474","post","type-post","status-publish","format-standard","has-post-thumbnail","hentry","category-football","tag-colombie","tag-football"],"acf":[],"yoast_head":"<!-- This site is optimized with the Yoast SEO Premium plugin v26.7 (Yoast SEO v26.7) - https:\/\/yoast.com\/wordpress\/plugins\/seo\/ -->\n<title>Les faits divers du sport : Andr\u00e9s Escobar, Capitaine fracass\u00e9<\/title>\n<meta name=\"description\" content=\"Cette s\u00e9rie d\u2019articles propose de plonger dans les liens intimes que tissent police, justice et sports. Aujourd\u2019hui, l&#039;assassinat d&#039;Andr\u00e8s Escobar.\u00a0\" \/>\n<meta name=\"robots\" content=\"index, follow, max-snippet:-1, max-image-preview:large, max-video-preview:-1\" \/>\n<link rel=\"canonical\" href=\"https:\/\/dicodusport.fr\/blog\/les-faits-divers-du-sport-andres-escobar-capitaine-fracasse\/\" \/>\n<meta property=\"og:locale\" content=\"fr_FR\" \/>\n<meta property=\"og:type\" content=\"article\" \/>\n<meta property=\"og:title\" content=\"Les faits divers du sport : Andr\u00e9s Escobar, Capitaine fracass\u00e9\" \/>\n<meta property=\"og:description\" content=\"Cette s\u00e9rie d\u2019articles propose de plonger dans les liens intimes que tissent police, justice et sports. Aujourd\u2019hui, l&#039;assassinat d&#039;Andr\u00e8s Escobar.\u00a0\" \/>\n<meta property=\"og:url\" content=\"https:\/\/dicodusport.fr\/blog\/les-faits-divers-du-sport-andres-escobar-capitaine-fracasse\/\" \/>\n<meta property=\"og:site_name\" content=\"Dicodusport\" \/>\n<meta property=\"article:publisher\" content=\"https:\/\/www.facebook.com\/dicodusport\" \/>\n<meta property=\"article:published_time\" content=\"2020-06-09T09:36:50+00:00\" \/>\n<meta property=\"article:modified_time\" content=\"2020-06-09T13:59:34+00:00\" \/>\n<meta property=\"og:image\" content=\"https:\/\/dicodusport.fr\/blog\/wp-content\/uploads\/2020\/06\/Les-faits-divers-du-sport-Andr\u00e8s-Escobar-Capitaine-fracass\u00e9.png\" \/>\n\t<meta property=\"og:image:width\" content=\"800\" \/>\n\t<meta property=\"og:image:height\" content=\"445\" \/>\n\t<meta property=\"og:image:type\" content=\"image\/png\" \/>\n<meta name=\"author\" content=\"Jordane Mougenot-Pelletier\" \/>\n<meta name=\"twitter:card\" content=\"summary_large_image\" \/>\n<meta name=\"twitter:title\" content=\"Les faits divers du sport : Andr\u00e9s Escobar, Capitaine fracass\u00e9\" \/>\n<meta name=\"twitter:creator\" content=\"@https:\/\/twitter.com\/jmp_pmj\" \/>\n<meta name=\"twitter:site\" content=\"@dicodusport\" \/>\n<script type=\"application\/ld+json\" class=\"yoast-schema-graph\">{\"@context\":\"https:\/\/schema.org\",\"@graph\":[{\"@type\":\"NewsArticle\",\"@id\":\"https:\/\/dicodusport.fr\/blog\/les-faits-divers-du-sport-andres-escobar-capitaine-fracasse\/#article\",\"isPartOf\":{\"@id\":\"https:\/\/dicodusport.fr\/blog\/les-faits-divers-du-sport-andres-escobar-capitaine-fracasse\/\"},\"author\":{\"name\":\"Jordane Mougenot-Pelletier\",\"@id\":\"https:\/\/dicodusport.fr\/blog\/#\/schema\/person\/20a73cde459581e727623fffec174040\"},\"headline\":\"Les faits divers du sport : Andr\u00e9s Escobar, Capitaine fracass\u00e9\",\"datePublished\":\"2020-06-09T09:36:50+00:00\",\"dateModified\":\"2020-06-09T13:59:34+00:00\",\"mainEntityOfPage\":{\"@id\":\"https:\/\/dicodusport.fr\/blog\/les-faits-divers-du-sport-andres-escobar-capitaine-fracasse\/\"},\"wordCount\":1220,\"commentCount\":0,\"publisher\":{\"@id\":\"https:\/\/dicodusport.fr\/blog\/#organization\"},\"image\":{\"@id\":\"https:\/\/dicodusport.fr\/blog\/les-faits-divers-du-sport-andres-escobar-capitaine-fracasse\/#primaryimage\"},\"thumbnailUrl\":\"https:\/\/dicodusport.fr\/blog\/wp-content\/uploads\/2020\/06\/Les-faits-divers-du-sport-Andr\u00e8s-Escobar-Capitaine-fracass\u00e9.png\",\"keywords\":[\"Colombie\",\"Football\"],\"articleSection\":[\"Football\"],\"inLanguage\":\"fr-FR\",\"potentialAction\":[{\"@type\":\"CommentAction\",\"name\":\"Comment\",\"target\":[\"https:\/\/dicodusport.fr\/blog\/les-faits-divers-du-sport-andres-escobar-capitaine-fracasse\/#respond\"]}],\"copyrightYear\":\"2020\",\"copyrightHolder\":{\"@id\":\"https:\/\/dicodusport.fr\/blog\/#organization\"}},{\"@type\":\"WebPage\",\"@id\":\"https:\/\/dicodusport.fr\/blog\/les-faits-divers-du-sport-andres-escobar-capitaine-fracasse\/\",\"url\":\"https:\/\/dicodusport.fr\/blog\/les-faits-divers-du-sport-andres-escobar-capitaine-fracasse\/\",\"name\":\"Les faits divers du sport : Andr\u00e9s Escobar, Capitaine fracass\u00e9\",\"isPartOf\":{\"@id\":\"https:\/\/dicodusport.fr\/blog\/#website\"},\"primaryImageOfPage\":{\"@id\":\"https:\/\/dicodusport.fr\/blog\/les-faits-divers-du-sport-andres-escobar-capitaine-fracasse\/#primaryimage\"},\"image\":{\"@id\":\"https:\/\/dicodusport.fr\/blog\/les-faits-divers-du-sport-andres-escobar-capitaine-fracasse\/#primaryimage\"},\"thumbnailUrl\":\"https:\/\/dicodusport.fr\/blog\/wp-content\/uploads\/2020\/06\/Les-faits-divers-du-sport-Andr\u00e8s-Escobar-Capitaine-fracass\u00e9.png\",\"datePublished\":\"2020-06-09T09:36:50+00:00\",\"dateModified\":\"2020-06-09T13:59:34+00:00\",\"description\":\"Cette s\u00e9rie d\u2019articles propose de plonger dans les liens intimes que tissent police, justice et sports. Aujourd\u2019hui, l'assassinat d'Andr\u00e8s Escobar.\u00a0\",\"breadcrumb\":{\"@id\":\"https:\/\/dicodusport.fr\/blog\/les-faits-divers-du-sport-andres-escobar-capitaine-fracasse\/#breadcrumb\"},\"inLanguage\":\"fr-FR\",\"potentialAction\":[{\"@type\":\"ReadAction\",\"target\":[\"https:\/\/dicodusport.fr\/blog\/les-faits-divers-du-sport-andres-escobar-capitaine-fracasse\/\"]}]},{\"@type\":\"ImageObject\",\"inLanguage\":\"fr-FR\",\"@id\":\"https:\/\/dicodusport.fr\/blog\/les-faits-divers-du-sport-andres-escobar-capitaine-fracasse\/#primaryimage\",\"url\":\"https:\/\/dicodusport.fr\/blog\/wp-content\/uploads\/2020\/06\/Les-faits-divers-du-sport-Andr\u00e8s-Escobar-Capitaine-fracass\u00e9.png\",\"contentUrl\":\"https:\/\/dicodusport.fr\/blog\/wp-content\/uploads\/2020\/06\/Les-faits-divers-du-sport-Andr\u00e8s-Escobar-Capitaine-fracass\u00e9.png\",\"width\":800,\"height\":445,\"caption\":\"Les faits divers du sport : Andr\u00e8s Escobar, Capitaine fracass\u00e9\"},{\"@type\":\"BreadcrumbList\",\"@id\":\"https:\/\/dicodusport.fr\/blog\/les-faits-divers-du-sport-andres-escobar-capitaine-fracasse\/#breadcrumb\",\"itemListElement\":[{\"@type\":\"ListItem\",\"position\":1,\"name\":\"Accueil\",\"item\":\"https:\/\/dicodusport.fr\/blog\/\"},{\"@type\":\"ListItem\",\"position\":2,\"name\":\"Les faits divers du sport : Andr\u00e9s Escobar, Capitaine fracass\u00e9\"}]},{\"@type\":\"WebSite\",\"@id\":\"https:\/\/dicodusport.fr\/blog\/#website\",\"url\":\"https:\/\/dicodusport.fr\/blog\/\",\"name\":\"Dicodusport\",\"description\":\"L&#039;encyclop\u00e9die de l&#039;actualit\u00e9 sportive\",\"publisher\":{\"@id\":\"https:\/\/dicodusport.fr\/blog\/#organization\"},\"potentialAction\":[{\"@type\":\"SearchAction\",\"target\":{\"@type\":\"EntryPoint\",\"urlTemplate\":\"https:\/\/dicodusport.fr\/blog\/?s={search_term_string}\"},\"query-input\":{\"@type\":\"PropertyValueSpecification\",\"valueRequired\":true,\"valueName\":\"search_term_string\"}}],\"inLanguage\":\"fr-FR\"},{\"@type\":\"NewsMediaOrganization\",\"@id\":\"https:\/\/dicodusport.fr\/blog\/#organization\",\"name\":\"Dicodusport\",\"url\":\"https:\/\/dicodusport.fr\/blog\/\",\"logo\":{\"@type\":\"ImageObject\",\"inLanguage\":\"fr-FR\",\"@id\":\"https:\/\/dicodusport.fr\/blog\/#\/schema\/logo\/image\/\",\"url\":\"https:\/\/dicodusport.fr\/blog\/wp-content\/uploads\/2020\/06\/cropped-LOGO-DICODUSPORT-2020-SANS-FOND-SANS-TEXTE.png\",\"contentUrl\":\"https:\/\/dicodusport.fr\/blog\/wp-content\/uploads\/2020\/06\/cropped-LOGO-DICODUSPORT-2020-SANS-FOND-SANS-TEXTE.png\",\"width\":512,\"height\":512,\"caption\":\"Dicodusport\"},\"image\":{\"@id\":\"https:\/\/dicodusport.fr\/blog\/#\/schema\/logo\/image\/\"},\"sameAs\":[\"https:\/\/www.facebook.com\/dicodusport\",\"https:\/\/x.com\/dicodusport\",\"https:\/\/www.instagram.com\/dicodusport\/\",\"https:\/\/www.youtube.com\/channel\/UC7V2KZ5sd3htJivAbA4ZG3w\"],\"description\":\"Dicodusport est l'encyclop\u00e9die de l'actualit\u00e9 sportive.\",\"email\":\"bonjour@dicodusport.fr\",\"legalName\":\"DICODUSPORT\",\"foundingDate\":\"2018-01-14\",\"vatID\":\"FR71834470973\",\"taxID\":\"83447097300043\",\"numberOfEmployees\":{\"@type\":\"QuantitativeValue\",\"minValue\":\"1\",\"maxValue\":\"10\"}},{\"@type\":\"Person\",\"@id\":\"https:\/\/dicodusport.fr\/blog\/#\/schema\/person\/20a73cde459581e727623fffec174040\",\"name\":\"Jordane Mougenot-Pelletier\",\"image\":{\"@type\":\"ImageObject\",\"inLanguage\":\"fr-FR\",\"@id\":\"https:\/\/dicodusport.fr\/blog\/#\/schema\/person\/image\/\",\"url\":\"https:\/\/dicodusport.fr\/blog\/wp-content\/uploads\/2021\/05\/Jordane-MP-150x150.jpg\",\"contentUrl\":\"https:\/\/dicodusport.fr\/blog\/wp-content\/uploads\/2021\/05\/Jordane-MP-150x150.jpg\",\"caption\":\"Jordane Mougenot-Pelletier\"},\"description\":\"Journaliste\/r\u00e9dacteur depuis mai 2018 - Dans mon sang coule \u00e0 la fois le feu des penne \u00e0 l'arrabiata et la glace du Grand Colombier. Amoureux des belles lettres et des Talking Heads, je supporte un club olympique. Int\u00e9ress\u00e9 par les relations qu'entretient le sport avec la soci\u00e9t\u00e9, je m'int\u00e9resse autant \u00e0 Marc C\u00e9cillon qu'\u00e0 Pep Guardiola, \u00e0 Tonya Harding qu'\u00e0 Philipp Roth. Enfant des 90's, on ne me fera pas croire qu'il y a eu plus beau \u00e0 voir depuis Zin\u00e9dine Zidane, Marco Pantani et Pete Sampras. La b\u00e9chamel est une invention du diable, la Super Ligue aussi.\",\"sameAs\":[\"https:\/\/x.com\/https:\/\/twitter.com\/jmp_pmj\"],\"url\":\"https:\/\/dicodusport.fr\/blog\/author\/jordane\/\"}]}<\/script>\n<!-- \/ Yoast SEO Premium plugin. -->","yoast_head_json":{"title":"Les faits divers du sport : Andr\u00e9s Escobar, Capitaine fracass\u00e9","description":"Cette s\u00e9rie d\u2019articles propose de plonger dans les liens intimes que tissent police, justice et sports. Aujourd\u2019hui, l'assassinat d'Andr\u00e8s Escobar.\u00a0","robots":{"index":"index","follow":"follow","max-snippet":"max-snippet:-1","max-image-preview":"max-image-preview:large","max-video-preview":"max-video-preview:-1"},"canonical":"https:\/\/dicodusport.fr\/blog\/les-faits-divers-du-sport-andres-escobar-capitaine-fracasse\/","og_locale":"fr_FR","og_type":"article","og_title":"Les faits divers du sport : Andr\u00e9s Escobar, Capitaine fracass\u00e9","og_description":"Cette s\u00e9rie d\u2019articles propose de plonger dans les liens intimes que tissent police, justice et sports. Aujourd\u2019hui, l'assassinat d'Andr\u00e8s Escobar.\u00a0","og_url":"https:\/\/dicodusport.fr\/blog\/les-faits-divers-du-sport-andres-escobar-capitaine-fracasse\/","og_site_name":"Dicodusport","article_publisher":"https:\/\/www.facebook.com\/dicodusport","article_published_time":"2020-06-09T09:36:50+00:00","article_modified_time":"2020-06-09T13:59:34+00:00","og_image":[{"width":800,"height":445,"url":"https:\/\/dicodusport.fr\/blog\/wp-content\/uploads\/2020\/06\/Les-faits-divers-du-sport-Andr\u00e8s-Escobar-Capitaine-fracass\u00e9.png","type":"image\/png"}],"author":"Jordane Mougenot-Pelletier","twitter_card":"summary_large_image","twitter_title":"Les faits divers du sport : Andr\u00e9s Escobar, Capitaine fracass\u00e9","twitter_creator":"@https:\/\/twitter.com\/jmp_pmj","twitter_site":"@dicodusport","schema":{"@context":"https:\/\/schema.org","@graph":[{"@type":"NewsArticle","@id":"https:\/\/dicodusport.fr\/blog\/les-faits-divers-du-sport-andres-escobar-capitaine-fracasse\/#article","isPartOf":{"@id":"https:\/\/dicodusport.fr\/blog\/les-faits-divers-du-sport-andres-escobar-capitaine-fracasse\/"},"author":{"name":"Jordane Mougenot-Pelletier","@id":"https:\/\/dicodusport.fr\/blog\/#\/schema\/person\/20a73cde459581e727623fffec174040"},"headline":"Les faits divers du sport : Andr\u00e9s Escobar, Capitaine fracass\u00e9","datePublished":"2020-06-09T09:36:50+00:00","dateModified":"2020-06-09T13:59:34+00:00","mainEntityOfPage":{"@id":"https:\/\/dicodusport.fr\/blog\/les-faits-divers-du-sport-andres-escobar-capitaine-fracasse\/"},"wordCount":1220,"commentCount":0,"publisher":{"@id":"https:\/\/dicodusport.fr\/blog\/#organization"},"image":{"@id":"https:\/\/dicodusport.fr\/blog\/les-faits-divers-du-sport-andres-escobar-capitaine-fracasse\/#primaryimage"},"thumbnailUrl":"https:\/\/dicodusport.fr\/blog\/wp-content\/uploads\/2020\/06\/Les-faits-divers-du-sport-Andr\u00e8s-Escobar-Capitaine-fracass\u00e9.png","keywords":["Colombie","Football"],"articleSection":["Football"],"inLanguage":"fr-FR","potentialAction":[{"@type":"CommentAction","name":"Comment","target":["https:\/\/dicodusport.fr\/blog\/les-faits-divers-du-sport-andres-escobar-capitaine-fracasse\/#respond"]}],"copyrightYear":"2020","copyrightHolder":{"@id":"https:\/\/dicodusport.fr\/blog\/#organization"}},{"@type":"WebPage","@id":"https:\/\/dicodusport.fr\/blog\/les-faits-divers-du-sport-andres-escobar-capitaine-fracasse\/","url":"https:\/\/dicodusport.fr\/blog\/les-faits-divers-du-sport-andres-escobar-capitaine-fracasse\/","name":"Les faits divers du sport : Andr\u00e9s Escobar, Capitaine fracass\u00e9","isPartOf":{"@id":"https:\/\/dicodusport.fr\/blog\/#website"},"primaryImageOfPage":{"@id":"https:\/\/dicodusport.fr\/blog\/les-faits-divers-du-sport-andres-escobar-capitaine-fracasse\/#primaryimage"},"image":{"@id":"https:\/\/dicodusport.fr\/blog\/les-faits-divers-du-sport-andres-escobar-capitaine-fracasse\/#primaryimage"},"thumbnailUrl":"https:\/\/dicodusport.fr\/blog\/wp-content\/uploads\/2020\/06\/Les-faits-divers-du-sport-Andr\u00e8s-Escobar-Capitaine-fracass\u00e9.png","datePublished":"2020-06-09T09:36:50+00:00","dateModified":"2020-06-09T13:59:34+00:00","description":"Cette s\u00e9rie d\u2019articles propose de plonger dans les liens intimes que tissent police, justice et sports. Aujourd\u2019hui, l'assassinat d'Andr\u00e8s Escobar.\u00a0","breadcrumb":{"@id":"https:\/\/dicodusport.fr\/blog\/les-faits-divers-du-sport-andres-escobar-capitaine-fracasse\/#breadcrumb"},"inLanguage":"fr-FR","potentialAction":[{"@type":"ReadAction","target":["https:\/\/dicodusport.fr\/blog\/les-faits-divers-du-sport-andres-escobar-capitaine-fracasse\/"]}]},{"@type":"ImageObject","inLanguage":"fr-FR","@id":"https:\/\/dicodusport.fr\/blog\/les-faits-divers-du-sport-andres-escobar-capitaine-fracasse\/#primaryimage","url":"https:\/\/dicodusport.fr\/blog\/wp-content\/uploads\/2020\/06\/Les-faits-divers-du-sport-Andr\u00e8s-Escobar-Capitaine-fracass\u00e9.png","contentUrl":"https:\/\/dicodusport.fr\/blog\/wp-content\/uploads\/2020\/06\/Les-faits-divers-du-sport-Andr\u00e8s-Escobar-Capitaine-fracass\u00e9.png","width":800,"height":445,"caption":"Les faits divers du sport : Andr\u00e8s Escobar, Capitaine fracass\u00e9"},{"@type":"BreadcrumbList","@id":"https:\/\/dicodusport.fr\/blog\/les-faits-divers-du-sport-andres-escobar-capitaine-fracasse\/#breadcrumb","itemListElement":[{"@type":"ListItem","position":1,"name":"Accueil","item":"https:\/\/dicodusport.fr\/blog\/"},{"@type":"ListItem","position":2,"name":"Les faits divers du sport : Andr\u00e9s Escobar, Capitaine fracass\u00e9"}]},{"@type":"WebSite","@id":"https:\/\/dicodusport.fr\/blog\/#website","url":"https:\/\/dicodusport.fr\/blog\/","name":"Dicodusport","description":"L&#039;encyclop\u00e9die de l&#039;actualit\u00e9 sportive","publisher":{"@id":"https:\/\/dicodusport.fr\/blog\/#organization"},"potentialAction":[{"@type":"SearchAction","target":{"@type":"EntryPoint","urlTemplate":"https:\/\/dicodusport.fr\/blog\/?s={search_term_string}"},"query-input":{"@type":"PropertyValueSpecification","valueRequired":true,"valueName":"search_term_string"}}],"inLanguage":"fr-FR"},{"@type":"NewsMediaOrganization","@id":"https:\/\/dicodusport.fr\/blog\/#organization","name":"Dicodusport","url":"https:\/\/dicodusport.fr\/blog\/","logo":{"@type":"ImageObject","inLanguage":"fr-FR","@id":"https:\/\/dicodusport.fr\/blog\/#\/schema\/logo\/image\/","url":"https:\/\/dicodusport.fr\/blog\/wp-content\/uploads\/2020\/06\/cropped-LOGO-DICODUSPORT-2020-SANS-FOND-SANS-TEXTE.png","contentUrl":"https:\/\/dicodusport.fr\/blog\/wp-content\/uploads\/2020\/06\/cropped-LOGO-DICODUSPORT-2020-SANS-FOND-SANS-TEXTE.png","width":512,"height":512,"caption":"Dicodusport"},"image":{"@id":"https:\/\/dicodusport.fr\/blog\/#\/schema\/logo\/image\/"},"sameAs":["https:\/\/www.facebook.com\/dicodusport","https:\/\/x.com\/dicodusport","https:\/\/www.instagram.com\/dicodusport\/","https:\/\/www.youtube.com\/channel\/UC7V2KZ5sd3htJivAbA4ZG3w"],"description":"Dicodusport est l'encyclop\u00e9die de l'actualit\u00e9 sportive.","email":"bonjour@dicodusport.fr","legalName":"DICODUSPORT","foundingDate":"2018-01-14","vatID":"FR71834470973","taxID":"83447097300043","numberOfEmployees":{"@type":"QuantitativeValue","minValue":"1","maxValue":"10"}},{"@type":"Person","@id":"https:\/\/dicodusport.fr\/blog\/#\/schema\/person\/20a73cde459581e727623fffec174040","name":"Jordane Mougenot-Pelletier","image":{"@type":"ImageObject","inLanguage":"fr-FR","@id":"https:\/\/dicodusport.fr\/blog\/#\/schema\/person\/image\/","url":"https:\/\/dicodusport.fr\/blog\/wp-content\/uploads\/2021\/05\/Jordane-MP-150x150.jpg","contentUrl":"https:\/\/dicodusport.fr\/blog\/wp-content\/uploads\/2021\/05\/Jordane-MP-150x150.jpg","caption":"Jordane Mougenot-Pelletier"},"description":"Journaliste\/r\u00e9dacteur depuis mai 2018 - Dans mon sang coule \u00e0 la fois le feu des penne \u00e0 l'arrabiata et la glace du Grand Colombier. Amoureux des belles lettres et des Talking Heads, je supporte un club olympique. Int\u00e9ress\u00e9 par les relations qu'entretient le sport avec la soci\u00e9t\u00e9, je m'int\u00e9resse autant \u00e0 Marc C\u00e9cillon qu'\u00e0 Pep Guardiola, \u00e0 Tonya Harding qu'\u00e0 Philipp Roth. Enfant des 90's, on ne me fera pas croire qu'il y a eu plus beau \u00e0 voir depuis Zin\u00e9dine Zidane, Marco Pantani et Pete Sampras. La b\u00e9chamel est une invention du diable, la Super Ligue aussi.","sameAs":["https:\/\/x.com\/https:\/\/twitter.com\/jmp_pmj"],"url":"https:\/\/dicodusport.fr\/blog\/author\/jordane\/"}]}},"_links":{"self":[{"href":"https:\/\/dicodusport.fr\/blog\/wp-json\/wp\/v2\/posts\/68474","targetHints":{"allow":["GET"]}}],"collection":[{"href":"https:\/\/dicodusport.fr\/blog\/wp-json\/wp\/v2\/posts"}],"about":[{"href":"https:\/\/dicodusport.fr\/blog\/wp-json\/wp\/v2\/types\/post"}],"author":[{"embeddable":true,"href":"https:\/\/dicodusport.fr\/blog\/wp-json\/wp\/v2\/users\/40"}],"replies":[{"embeddable":true,"href":"https:\/\/dicodusport.fr\/blog\/wp-json\/wp\/v2\/comments?post=68474"}],"version-history":[{"count":0,"href":"https:\/\/dicodusport.fr\/blog\/wp-json\/wp\/v2\/posts\/68474\/revisions"}],"wp:featuredmedia":[{"embeddable":true,"href":"https:\/\/dicodusport.fr\/blog\/wp-json\/wp\/v2\/media\/68528"}],"wp:attachment":[{"href":"https:\/\/dicodusport.fr\/blog\/wp-json\/wp\/v2\/media?parent=68474"}],"wp:term":[{"taxonomy":"category","embeddable":true,"href":"https:\/\/dicodusport.fr\/blog\/wp-json\/wp\/v2\/categories?post=68474"},{"taxonomy":"post_tag","embeddable":true,"href":"https:\/\/dicodusport.fr\/blog\/wp-json\/wp\/v2\/tags?post=68474"}],"curies":[{"name":"wp","href":"https:\/\/api.w.org\/{rel}","templated":true}]}}