{"id":68582,"date":"2020-06-09T17:56:35","date_gmt":"2020-06-09T15:56:35","guid":{"rendered":"http:\/\/dicodusport.fr\/blog\/?p=68582&#038;preview=true&#038;preview_id=68582"},"modified":"2020-06-09T18:16:03","modified_gmt":"2020-06-09T16:16:03","slug":"ligue-1-les-relegations-de-toulouse-et-amiens-suspendues-les-deux-clubs-pas-encore-maintenus","status":"publish","type":"post","link":"https:\/\/dicodusport.fr\/blog\/ligue-1-les-relegations-de-toulouse-et-amiens-suspendues-les-deux-clubs-pas-encore-maintenus\/","title":{"rendered":"Ligue 1 : Les rel\u00e9gations de Toulouse et Amiens suspendues, les deux clubs pas encore maintenus"},"content":{"rendered":"<p style=\"text-align: justify;\"><em><b>FOOTBALL &#8211; Le Conseil d&rsquo;\u00c9tat a rendu son verdict apr\u00e8s les diff\u00e9rents recours d\u00e9pos\u00e9s. Le championnat de Ligue 1 est bien termin\u00e9, le classement ent\u00e9rin\u00e9 et les rel\u00e9gations d&rsquo;Amiens et Toulouse sont suspendues.\u00a0<\/b><\/em><\/p>\n<p style=\"text-align: justify;\">Les deux clubs se sont empress\u00e9s de publier un message sur les r\u00e9seaux sociaux pour confirmer leur maintien. Un emballement qui a provoqu\u00e9 beaucoup de confusion autour de cette d\u00e9cision. Non, <strong>Toulouse<\/strong> et <strong>Amiens<\/strong> ne sont pas encore maintenus.<\/p>\n<blockquote class=\"twitter-tweet\">\n<p dir=\"ltr\" lang=\"fr\">Amiens en Ligue 1 ! &#x26ab;&#xfe0f;&#x26aa;&#xfe0f;<br \/>\nPlace au sport ! &#x1f4aa; <a href=\"https:\/\/t.co\/Djtr9j4O53\">pic.twitter.com\/Djtr9j4O53<\/a><\/p>\n<p>\u2014 Amiens SC (@AmiensSC) <a href=\"https:\/\/twitter.com\/AmiensSC\/status\/1270367215624298504?ref_src=twsrc%5Etfw\">June 9, 2020<\/a><\/p><\/blockquote>\n<p><script async src=\"https:\/\/platform.twitter.com\/widgets.js\" charset=\"utf-8\"><\/script><\/p>\n<blockquote class=\"twitter-tweet\">\n<p dir=\"ltr\" lang=\"fr\"><a href=\"https:\/\/twitter.com\/hashtag\/Communiqu%C3%A9?src=hash&amp;ref_src=twsrc%5Etfw\">#Communiqu\u00e9<\/a><br \/>\nMaintien du Toulouse Football Club en <a href=\"https:\/\/twitter.com\/Ligue1Conforama?ref_src=twsrc%5Etfw\">@Ligue1Conforama<\/a> pour la saison 2020-2021.<\/p>\n<p>\u2192 <a href=\"https:\/\/t.co\/UIMj1rHhEE\">https:\/\/t.co\/UIMj1rHhEE<\/a> <a href=\"https:\/\/t.co\/FwNR3fEZMq\">pic.twitter.com\/FwNR3fEZMq<\/a><\/p>\n<p>\u2014 Toulouse FC (@ToulouseFC) <a href=\"https:\/\/twitter.com\/ToulouseFC\/status\/1270363621302960130?ref_src=twsrc%5Etfw\">June 9, 2020<\/a><\/p><\/blockquote>\n<p><script async src=\"https:\/\/platform.twitter.com\/widgets.js\" charset=\"utf-8\"><\/script><\/p>\n<p style=\"text-align: justify;\">Les posts des deux clubs (ci-dessus) sont un moyen de mettre la pression sur la Ligue de Football Professionnel, mais en aucun cas une v\u00e9rit\u00e9.<\/p>\n<h2 style=\"text-align: justify;\">Qu&rsquo;est-ce que le Conseil d&rsquo;\u00c9tat a donc ent\u00e9rin\u00e9 ?<\/h2>\n<p style=\"text-align: justify;\">S&rsquo;il a valid\u00e9 la fin du championnat et le calcul du classement au quotient d&rsquo;un point de vue l\u00e9gal, le <strong>Conseil d&rsquo;\u00c9tat<\/strong> a\u00a0 cependant suspendu les rel\u00e9gations de <strong>Toulouse<\/strong> et <strong>Amiens<\/strong>, toujours d&rsquo;un point de vue l\u00e9gal. En aucun cas, il ne se prononce sur la l\u00e9gitimit\u00e9 des rel\u00e9gations des deux clubs, mais simplement sur la l\u00e9galit\u00e9. Ce qui en ressort, c&rsquo;est que la <strong>LFP<\/strong> a justifi\u00e9 le fait de ne pas partir sur une <a href=\"https:\/\/dicodusport.fr\/blog\/tag\/ligue-1-conforama\/\" target=\"_blank\" rel=\"noopener noreferrer\"><strong>Ligue 1<\/strong><\/a> \u00e0 22 \u00e9quipes, en se basant sur la convention collective qui la lie \u00e0 la FFF. Le probl\u00e8me soulev\u00e9 par le <strong>Conseil d&rsquo;\u00c9tat <\/strong>est que cette convention prend fin au 30 juin 2020, et ne concerne donc pas la saison 2020-2021. Le juge des r\u00e9f\u00e9r\u00e9s estime donc que d&rsquo;un point de vue l\u00e9gal, les rel\u00e9gations ne peuvent pas \u00eatre prononc\u00e9es ainsi.<\/p>\n<h2 style=\"text-align: justify;\">Qu&rsquo;est-ce qui peut se passer maintenant ?<\/h2>\n<p style=\"text-align: justify;\">La <strong>LFP<\/strong> et la <strong>FFF<\/strong> peuvent \u00e9videmment accepter tout simplement de jouer une <strong>Ligue 1<\/strong> \u00e0 22, en ent\u00e9rinant cette d\u00e9cision dans un nouveau comit\u00e9 directeur. La suspension des rel\u00e9gations se transformeraient ainsi en annulation et les deux clubs seraient ainsi maintenus. Il y a toutefois peu de chance que les instances du foot fran\u00e7ais, et surtout la <strong>FFF<\/strong>, c\u00e8dent aussi rapidement puisque si les rel\u00e9gations \u00e9taient annul\u00e9es en <strong>Ligue 1<\/strong>, les rel\u00e9gu\u00e9s des autres niveaux pourraient d\u00e9poser des recours en se basant sur cette d\u00e9cision qui ferait jurisprudence.<\/p>\n<p style=\"text-align: justify;\">Les autres options de la Ligue et de la F\u00e9d\u00e9ration sont de justifier les rel\u00e9gations en se basant sur un autre point que celui de la convention se terminant dans les prochains jours, ou, \u00e9ventuellement, de refaire voter une nouvelle convention pour les ann\u00e9es \u00e0 venir en maintenant la limite de 20 clubs maximum en <strong>Ligue 1<\/strong>. Les instances du football fran\u00e7ais devraient rapidement communiquer sur le sujet, vraisemblablement dans les heures \u00e0 venir.<\/p>\n<blockquote class=\"twitter-tweet\">\n<p dir=\"ltr\" lang=\"fr\">Ligue 1 de football : le juge des r\u00e9f\u00e9r\u00e9s du Conseil d\u2019\u00c9tat valide la fin de la saison et le classement mais suspend les rel\u00e9gations &gt;&gt; <a href=\"https:\/\/t.co\/pXhs9v2OnG\">https:\/\/t.co\/pXhs9v2OnG<\/a> <a href=\"https:\/\/t.co\/bNMTFzxZqQ\">pic.twitter.com\/bNMTFzxZqQ<\/a><\/p>\n<p>\u2014 Conseil d&rsquo;\u00c9tat (@Conseil_Etat) <a href=\"https:\/\/twitter.com\/Conseil_Etat\/status\/1270358935883612160?ref_src=twsrc%5Etfw\">June 9, 2020<\/a><\/p><\/blockquote>\n<p style=\"text-align: justify;\"><script async src=\"https:\/\/platform.twitter.com\/widgets.js\" charset=\"utf-8\"><\/script><\/p>\n<p style=\"text-align: justify;\"><strong><em>Dicodusport<br \/>\n<a href=\"https:\/\/www.facebook.com\/dicodusport\/\" target=\"_blank\" rel=\"noopener noreferrer\"><img loading=\"lazy\" decoding=\"async\" class=\"alignnone wp-image-2909\" src=\"http:\/\/dicodusport.fr\/blog\/wp-content\/uploads\/2017\/07\/logo-facebook-150x150.png\" alt=\"\" width=\"40\" height=\"40\" \/><\/a><a href=\"https:\/\/twitter.com\/dicodusport\" target=\"_blank\" rel=\"noopener noreferrer\"><img loading=\"lazy\" decoding=\"async\" class=\"alignnone wp-image-2908\" src=\"http:\/\/dicodusport.fr\/blog\/wp-content\/uploads\/2017\/07\/logo-twitter-150x150.png\" alt=\"\" width=\"39\" height=\"39\" \/><\/a><\/em><\/strong><\/p>\n","protected":false},"excerpt":{"rendered":"<p>FOOTBALL &#8211; Le Conseil d&rsquo;\u00c9tat a rendu son verdict apr\u00e8s les diff\u00e9rents recours d\u00e9pos\u00e9s. Le championnat de Ligue 1 est bien termin\u00e9, le classement ent\u00e9rin\u00e9 et les rel\u00e9gations d&rsquo;Amiens et Toulouse sont suspendues.\u00a0<\/p>\n","protected":false},"author":1,"featured_media":68586,"comment_status":"open","ping_status":"closed","sticky":false,"template":"","format":"standard","meta":{"_acf_changed":false,"_daextam_enable_autolinks":"","footnotes":""},"categories":[2301],"tags":[1731,75,1554,463],"class_list":["post-68582","post","type-post","status-publish","format-standard","has-post-thumbnail","hentry","category-football","tag-amiens","tag-football","tag-ligue-1","tag-toulouse"],"acf":[],"yoast_head":"<!-- This site is optimized with the Yoast SEO Premium plugin v26.7 (Yoast SEO v26.7) - https:\/\/yoast.com\/wordpress\/plugins\/seo\/ -->\n<title>Ligue 1 : Les rel\u00e9gations de Toulouse et Amiens suspendues, les deux clubs pas encore maintenus<\/title>\n<meta name=\"description\" content=\"FOOTBALL - Le Conseil d&#039;\u00c9tat a rendu son verdict apr\u00e8s les diff\u00e9rents recours d\u00e9pos\u00e9s. Le championnat de Ligue 1 est bien termin\u00e9, le classement ent\u00e9rin\u00e9 et les rel\u00e9gations d&#039;Amiens et Toulouse sont suspendues.\u00a0\" \/>\n<meta name=\"robots\" content=\"index, follow, max-snippet:-1, max-image-preview:large, max-video-preview:-1\" \/>\n<link rel=\"canonical\" href=\"https:\/\/dicodusport.fr\/blog\/ligue-1-les-relegations-de-toulouse-et-amiens-suspendues-les-deux-clubs-pas-encore-maintenus\/\" \/>\n<meta property=\"og:locale\" content=\"fr_FR\" \/>\n<meta property=\"og:type\" content=\"article\" \/>\n<meta property=\"og:title\" content=\"Ligue 1 : Les rel\u00e9gations de Toulouse et Amiens suspendues\" \/>\n<meta property=\"og:description\" content=\"FOOTBALL - Le Conseil d&#039;\u00c9tat a rendu son verdict apr\u00e8s les diff\u00e9rents recours d\u00e9pos\u00e9s. Le championnat de Ligue 1 est bien termin\u00e9, le classement ent\u00e9rin\u00e9 et les rel\u00e9gations d&#039;Amiens et Toulouse sont suspendues.\u00a0\" \/>\n<meta property=\"og:url\" content=\"https:\/\/dicodusport.fr\/blog\/ligue-1-les-relegations-de-toulouse-et-amiens-suspendues-les-deux-clubs-pas-encore-maintenus\/\" \/>\n<meta property=\"og:site_name\" content=\"Dicodusport\" \/>\n<meta property=\"article:publisher\" content=\"https:\/\/www.facebook.com\/dicodusport\" \/>\n<meta property=\"article:author\" content=\"https:\/\/www.facebook.com\/dicodusport\" \/>\n<meta property=\"article:published_time\" content=\"2020-06-09T15:56:35+00:00\" \/>\n<meta property=\"article:modified_time\" content=\"2020-06-09T16:16:03+00:00\" \/>\n<meta property=\"og:image\" content=\"https:\/\/dicodusport.fr\/blog\/wp-content\/uploads\/2020\/06\/Ligue-1-Les-rel\u00e9gations-de-Toulouse-et-Amiens-suspendues-les-deux-clubs-pas-encore-maintenus.png\" \/>\n\t<meta property=\"og:image:width\" content=\"800\" \/>\n\t<meta property=\"og:image:height\" content=\"445\" \/>\n\t<meta property=\"og:image:type\" content=\"image\/png\" \/>\n<meta name=\"author\" content=\"Nicolas Jacquemard\" \/>\n<meta name=\"twitter:card\" content=\"summary_large_image\" \/>\n<meta name=\"twitter:title\" content=\"Ligue 1 : Les rel\u00e9gations de Toulouse et Amiens suspendues\" \/>\n<meta name=\"twitter:creator\" content=\"@https:\/\/twitter.com\/Nico_Jacquemard\" \/>\n<meta name=\"twitter:site\" content=\"@dicodusport\" \/>\n<script type=\"application\/ld+json\" class=\"yoast-schema-graph\">{\"@context\":\"https:\/\/schema.org\",\"@graph\":[{\"@type\":\"NewsArticle\",\"@id\":\"https:\/\/dicodusport.fr\/blog\/ligue-1-les-relegations-de-toulouse-et-amiens-suspendues-les-deux-clubs-pas-encore-maintenus\/#article\",\"isPartOf\":{\"@id\":\"https:\/\/dicodusport.fr\/blog\/ligue-1-les-relegations-de-toulouse-et-amiens-suspendues-les-deux-clubs-pas-encore-maintenus\/\"},\"author\":{\"name\":\"Nicolas Jacquemard\",\"@id\":\"https:\/\/dicodusport.fr\/blog\/#\/schema\/person\/55dcb50ad410894e431ed812bbb70191\"},\"headline\":\"Ligue 1 : Les rel\u00e9gations de Toulouse et Amiens suspendues, les deux clubs pas encore maintenus\",\"datePublished\":\"2020-06-09T15:56:35+00:00\",\"dateModified\":\"2020-06-09T16:16:03+00:00\",\"mainEntityOfPage\":{\"@id\":\"https:\/\/dicodusport.fr\/blog\/ligue-1-les-relegations-de-toulouse-et-amiens-suspendues-les-deux-clubs-pas-encore-maintenus\/\"},\"wordCount\":565,\"commentCount\":0,\"publisher\":{\"@id\":\"https:\/\/dicodusport.fr\/blog\/#organization\"},\"image\":{\"@id\":\"https:\/\/dicodusport.fr\/blog\/ligue-1-les-relegations-de-toulouse-et-amiens-suspendues-les-deux-clubs-pas-encore-maintenus\/#primaryimage\"},\"thumbnailUrl\":\"https:\/\/dicodusport.fr\/blog\/wp-content\/uploads\/2020\/06\/Ligue-1-Les-rel\u00e9gations-de-Toulouse-et-Amiens-suspendues-les-deux-clubs-pas-encore-maintenus.png\",\"keywords\":[\"Amiens\",\"Football\",\"Ligue 1\",\"Toulouse\"],\"articleSection\":[\"Football\"],\"inLanguage\":\"fr-FR\",\"potentialAction\":[{\"@type\":\"CommentAction\",\"name\":\"Comment\",\"target\":[\"https:\/\/dicodusport.fr\/blog\/ligue-1-les-relegations-de-toulouse-et-amiens-suspendues-les-deux-clubs-pas-encore-maintenus\/#respond\"]}],\"copyrightYear\":\"2020\",\"copyrightHolder\":{\"@id\":\"https:\/\/dicodusport.fr\/blog\/#organization\"}},{\"@type\":\"WebPage\",\"@id\":\"https:\/\/dicodusport.fr\/blog\/ligue-1-les-relegations-de-toulouse-et-amiens-suspendues-les-deux-clubs-pas-encore-maintenus\/\",\"url\":\"https:\/\/dicodusport.fr\/blog\/ligue-1-les-relegations-de-toulouse-et-amiens-suspendues-les-deux-clubs-pas-encore-maintenus\/\",\"name\":\"Ligue 1 : Les rel\u00e9gations de Toulouse et Amiens suspendues, les deux clubs pas encore maintenus\",\"isPartOf\":{\"@id\":\"https:\/\/dicodusport.fr\/blog\/#website\"},\"primaryImageOfPage\":{\"@id\":\"https:\/\/dicodusport.fr\/blog\/ligue-1-les-relegations-de-toulouse-et-amiens-suspendues-les-deux-clubs-pas-encore-maintenus\/#primaryimage\"},\"image\":{\"@id\":\"https:\/\/dicodusport.fr\/blog\/ligue-1-les-relegations-de-toulouse-et-amiens-suspendues-les-deux-clubs-pas-encore-maintenus\/#primaryimage\"},\"thumbnailUrl\":\"https:\/\/dicodusport.fr\/blog\/wp-content\/uploads\/2020\/06\/Ligue-1-Les-rel\u00e9gations-de-Toulouse-et-Amiens-suspendues-les-deux-clubs-pas-encore-maintenus.png\",\"datePublished\":\"2020-06-09T15:56:35+00:00\",\"dateModified\":\"2020-06-09T16:16:03+00:00\",\"description\":\"FOOTBALL - Le Conseil d'\u00c9tat a rendu son verdict apr\u00e8s les diff\u00e9rents recours d\u00e9pos\u00e9s. Le championnat de Ligue 1 est bien termin\u00e9, le classement ent\u00e9rin\u00e9 et les rel\u00e9gations d'Amiens et Toulouse sont suspendues.\u00a0\",\"breadcrumb\":{\"@id\":\"https:\/\/dicodusport.fr\/blog\/ligue-1-les-relegations-de-toulouse-et-amiens-suspendues-les-deux-clubs-pas-encore-maintenus\/#breadcrumb\"},\"inLanguage\":\"fr-FR\",\"potentialAction\":[{\"@type\":\"ReadAction\",\"target\":[\"https:\/\/dicodusport.fr\/blog\/ligue-1-les-relegations-de-toulouse-et-amiens-suspendues-les-deux-clubs-pas-encore-maintenus\/\"]}]},{\"@type\":\"ImageObject\",\"inLanguage\":\"fr-FR\",\"@id\":\"https:\/\/dicodusport.fr\/blog\/ligue-1-les-relegations-de-toulouse-et-amiens-suspendues-les-deux-clubs-pas-encore-maintenus\/#primaryimage\",\"url\":\"https:\/\/dicodusport.fr\/blog\/wp-content\/uploads\/2020\/06\/Ligue-1-Les-rel\u00e9gations-de-Toulouse-et-Amiens-suspendues-les-deux-clubs-pas-encore-maintenus.png\",\"contentUrl\":\"https:\/\/dicodusport.fr\/blog\/wp-content\/uploads\/2020\/06\/Ligue-1-Les-rel\u00e9gations-de-Toulouse-et-Amiens-suspendues-les-deux-clubs-pas-encore-maintenus.png\",\"width\":800,\"height\":445,\"caption\":\"Ligue 1 : Les rel\u00e9gations de Toulouse et Amiens suspendues, les deux clubs pas encore maintenus\"},{\"@type\":\"BreadcrumbList\",\"@id\":\"https:\/\/dicodusport.fr\/blog\/ligue-1-les-relegations-de-toulouse-et-amiens-suspendues-les-deux-clubs-pas-encore-maintenus\/#breadcrumb\",\"itemListElement\":[{\"@type\":\"ListItem\",\"position\":1,\"name\":\"Accueil\",\"item\":\"https:\/\/dicodusport.fr\/blog\/\"},{\"@type\":\"ListItem\",\"position\":2,\"name\":\"Ligue 1 : Les rel\u00e9gations de Toulouse et Amiens suspendues, les deux clubs pas encore maintenus\"}]},{\"@type\":\"WebSite\",\"@id\":\"https:\/\/dicodusport.fr\/blog\/#website\",\"url\":\"https:\/\/dicodusport.fr\/blog\/\",\"name\":\"Dicodusport\",\"description\":\"L&#039;encyclop\u00e9die de l&#039;actualit\u00e9 sportive\",\"publisher\":{\"@id\":\"https:\/\/dicodusport.fr\/blog\/#organization\"},\"potentialAction\":[{\"@type\":\"SearchAction\",\"target\":{\"@type\":\"EntryPoint\",\"urlTemplate\":\"https:\/\/dicodusport.fr\/blog\/?s={search_term_string}\"},\"query-input\":{\"@type\":\"PropertyValueSpecification\",\"valueRequired\":true,\"valueName\":\"search_term_string\"}}],\"inLanguage\":\"fr-FR\"},{\"@type\":\"NewsMediaOrganization\",\"@id\":\"https:\/\/dicodusport.fr\/blog\/#organization\",\"name\":\"Dicodusport\",\"url\":\"https:\/\/dicodusport.fr\/blog\/\",\"logo\":{\"@type\":\"ImageObject\",\"inLanguage\":\"fr-FR\",\"@id\":\"https:\/\/dicodusport.fr\/blog\/#\/schema\/logo\/image\/\",\"url\":\"https:\/\/dicodusport.fr\/blog\/wp-content\/uploads\/2020\/06\/cropped-LOGO-DICODUSPORT-2020-SANS-FOND-SANS-TEXTE.png\",\"contentUrl\":\"https:\/\/dicodusport.fr\/blog\/wp-content\/uploads\/2020\/06\/cropped-LOGO-DICODUSPORT-2020-SANS-FOND-SANS-TEXTE.png\",\"width\":512,\"height\":512,\"caption\":\"Dicodusport\"},\"image\":{\"@id\":\"https:\/\/dicodusport.fr\/blog\/#\/schema\/logo\/image\/\"},\"sameAs\":[\"https:\/\/www.facebook.com\/dicodusport\",\"https:\/\/x.com\/dicodusport\",\"https:\/\/www.instagram.com\/dicodusport\/\",\"https:\/\/www.youtube.com\/channel\/UC7V2KZ5sd3htJivAbA4ZG3w\"],\"description\":\"Dicodusport est l'encyclop\u00e9die de l'actualit\u00e9 sportive.\",\"email\":\"bonjour@dicodusport.fr\",\"legalName\":\"DICODUSPORT\",\"foundingDate\":\"2018-01-14\",\"vatID\":\"FR71834470973\",\"taxID\":\"83447097300043\",\"numberOfEmployees\":{\"@type\":\"QuantitativeValue\",\"minValue\":\"1\",\"maxValue\":\"10\"}},{\"@type\":\"Person\",\"@id\":\"https:\/\/dicodusport.fr\/blog\/#\/schema\/person\/55dcb50ad410894e431ed812bbb70191\",\"name\":\"Nicolas Jacquemard\",\"image\":{\"@type\":\"ImageObject\",\"inLanguage\":\"fr-FR\",\"@id\":\"https:\/\/dicodusport.fr\/blog\/#\/schema\/person\/image\/\",\"url\":\"https:\/\/dicodusport.fr\/blog\/wp-content\/uploads\/2021\/05\/Nicolas-Jacquemard-150x150.jpeg\",\"contentUrl\":\"https:\/\/dicodusport.fr\/blog\/wp-content\/uploads\/2021\/05\/Nicolas-Jacquemard-150x150.jpeg\",\"caption\":\"Nicolas Jacquemard\"},\"description\":\"Passionn\u00e9 de sport et entrepreneur depuis mes 18 ans, la cr\u00e9ation de Dicodusport m'a sembl\u00e9 \u00e9vidente pour participer \u00e0 la m\u00e9diatisation d'un plus grand nombre de sports. Le chemin est long mais avec une \u00e9quipe des plus motiv\u00e9es et les Jeux Olympiques de Paris 2024 en point de mire, nous y arriverons ! Journaliste dans le monde du sport depuis plus de 5 ans, je traite aussi bien de football, de rugby, de biathlon que de cyclisme.\",\"sameAs\":[\"https:\/\/www.facebook.com\/dicodusport\",\"https:\/\/x.com\/https:\/\/twitter.com\/Nico_Jacquemard\"],\"url\":\"https:\/\/dicodusport.fr\/blog\/author\/dicodusport\/\"}]}<\/script>\n<!-- \/ Yoast SEO Premium plugin. -->","yoast_head_json":{"title":"Ligue 1 : Les rel\u00e9gations de Toulouse et Amiens suspendues, les deux clubs pas encore maintenus","description":"FOOTBALL - Le Conseil d'\u00c9tat a rendu son verdict apr\u00e8s les diff\u00e9rents recours d\u00e9pos\u00e9s. Le championnat de Ligue 1 est bien termin\u00e9, le classement ent\u00e9rin\u00e9 et les rel\u00e9gations d'Amiens et Toulouse sont suspendues.\u00a0","robots":{"index":"index","follow":"follow","max-snippet":"max-snippet:-1","max-image-preview":"max-image-preview:large","max-video-preview":"max-video-preview:-1"},"canonical":"https:\/\/dicodusport.fr\/blog\/ligue-1-les-relegations-de-toulouse-et-amiens-suspendues-les-deux-clubs-pas-encore-maintenus\/","og_locale":"fr_FR","og_type":"article","og_title":"Ligue 1 : Les rel\u00e9gations de Toulouse et Amiens suspendues","og_description":"FOOTBALL - Le Conseil d'\u00c9tat a rendu son verdict apr\u00e8s les diff\u00e9rents recours d\u00e9pos\u00e9s. Le championnat de Ligue 1 est bien termin\u00e9, le classement ent\u00e9rin\u00e9 et les rel\u00e9gations d'Amiens et Toulouse sont suspendues.\u00a0","og_url":"https:\/\/dicodusport.fr\/blog\/ligue-1-les-relegations-de-toulouse-et-amiens-suspendues-les-deux-clubs-pas-encore-maintenus\/","og_site_name":"Dicodusport","article_publisher":"https:\/\/www.facebook.com\/dicodusport","article_author":"https:\/\/www.facebook.com\/dicodusport","article_published_time":"2020-06-09T15:56:35+00:00","article_modified_time":"2020-06-09T16:16:03+00:00","og_image":[{"width":800,"height":445,"url":"https:\/\/dicodusport.fr\/blog\/wp-content\/uploads\/2020\/06\/Ligue-1-Les-rel\u00e9gations-de-Toulouse-et-Amiens-suspendues-les-deux-clubs-pas-encore-maintenus.png","type":"image\/png"}],"author":"Nicolas Jacquemard","twitter_card":"summary_large_image","twitter_title":"Ligue 1 : Les rel\u00e9gations de Toulouse et Amiens suspendues","twitter_creator":"@https:\/\/twitter.com\/Nico_Jacquemard","twitter_site":"@dicodusport","schema":{"@context":"https:\/\/schema.org","@graph":[{"@type":"NewsArticle","@id":"https:\/\/dicodusport.fr\/blog\/ligue-1-les-relegations-de-toulouse-et-amiens-suspendues-les-deux-clubs-pas-encore-maintenus\/#article","isPartOf":{"@id":"https:\/\/dicodusport.fr\/blog\/ligue-1-les-relegations-de-toulouse-et-amiens-suspendues-les-deux-clubs-pas-encore-maintenus\/"},"author":{"name":"Nicolas Jacquemard","@id":"https:\/\/dicodusport.fr\/blog\/#\/schema\/person\/55dcb50ad410894e431ed812bbb70191"},"headline":"Ligue 1 : Les rel\u00e9gations de Toulouse et Amiens suspendues, les deux clubs pas encore maintenus","datePublished":"2020-06-09T15:56:35+00:00","dateModified":"2020-06-09T16:16:03+00:00","mainEntityOfPage":{"@id":"https:\/\/dicodusport.fr\/blog\/ligue-1-les-relegations-de-toulouse-et-amiens-suspendues-les-deux-clubs-pas-encore-maintenus\/"},"wordCount":565,"commentCount":0,"publisher":{"@id":"https:\/\/dicodusport.fr\/blog\/#organization"},"image":{"@id":"https:\/\/dicodusport.fr\/blog\/ligue-1-les-relegations-de-toulouse-et-amiens-suspendues-les-deux-clubs-pas-encore-maintenus\/#primaryimage"},"thumbnailUrl":"https:\/\/dicodusport.fr\/blog\/wp-content\/uploads\/2020\/06\/Ligue-1-Les-rel\u00e9gations-de-Toulouse-et-Amiens-suspendues-les-deux-clubs-pas-encore-maintenus.png","keywords":["Amiens","Football","Ligue 1","Toulouse"],"articleSection":["Football"],"inLanguage":"fr-FR","potentialAction":[{"@type":"CommentAction","name":"Comment","target":["https:\/\/dicodusport.fr\/blog\/ligue-1-les-relegations-de-toulouse-et-amiens-suspendues-les-deux-clubs-pas-encore-maintenus\/#respond"]}],"copyrightYear":"2020","copyrightHolder":{"@id":"https:\/\/dicodusport.fr\/blog\/#organization"}},{"@type":"WebPage","@id":"https:\/\/dicodusport.fr\/blog\/ligue-1-les-relegations-de-toulouse-et-amiens-suspendues-les-deux-clubs-pas-encore-maintenus\/","url":"https:\/\/dicodusport.fr\/blog\/ligue-1-les-relegations-de-toulouse-et-amiens-suspendues-les-deux-clubs-pas-encore-maintenus\/","name":"Ligue 1 : Les rel\u00e9gations de Toulouse et Amiens suspendues, les deux clubs pas encore maintenus","isPartOf":{"@id":"https:\/\/dicodusport.fr\/blog\/#website"},"primaryImageOfPage":{"@id":"https:\/\/dicodusport.fr\/blog\/ligue-1-les-relegations-de-toulouse-et-amiens-suspendues-les-deux-clubs-pas-encore-maintenus\/#primaryimage"},"image":{"@id":"https:\/\/dicodusport.fr\/blog\/ligue-1-les-relegations-de-toulouse-et-amiens-suspendues-les-deux-clubs-pas-encore-maintenus\/#primaryimage"},"thumbnailUrl":"https:\/\/dicodusport.fr\/blog\/wp-content\/uploads\/2020\/06\/Ligue-1-Les-rel\u00e9gations-de-Toulouse-et-Amiens-suspendues-les-deux-clubs-pas-encore-maintenus.png","datePublished":"2020-06-09T15:56:35+00:00","dateModified":"2020-06-09T16:16:03+00:00","description":"FOOTBALL - Le Conseil d'\u00c9tat a rendu son verdict apr\u00e8s les diff\u00e9rents recours d\u00e9pos\u00e9s. Le championnat de Ligue 1 est bien termin\u00e9, le classement ent\u00e9rin\u00e9 et les rel\u00e9gations d'Amiens et Toulouse sont suspendues.\u00a0","breadcrumb":{"@id":"https:\/\/dicodusport.fr\/blog\/ligue-1-les-relegations-de-toulouse-et-amiens-suspendues-les-deux-clubs-pas-encore-maintenus\/#breadcrumb"},"inLanguage":"fr-FR","potentialAction":[{"@type":"ReadAction","target":["https:\/\/dicodusport.fr\/blog\/ligue-1-les-relegations-de-toulouse-et-amiens-suspendues-les-deux-clubs-pas-encore-maintenus\/"]}]},{"@type":"ImageObject","inLanguage":"fr-FR","@id":"https:\/\/dicodusport.fr\/blog\/ligue-1-les-relegations-de-toulouse-et-amiens-suspendues-les-deux-clubs-pas-encore-maintenus\/#primaryimage","url":"https:\/\/dicodusport.fr\/blog\/wp-content\/uploads\/2020\/06\/Ligue-1-Les-rel\u00e9gations-de-Toulouse-et-Amiens-suspendues-les-deux-clubs-pas-encore-maintenus.png","contentUrl":"https:\/\/dicodusport.fr\/blog\/wp-content\/uploads\/2020\/06\/Ligue-1-Les-rel\u00e9gations-de-Toulouse-et-Amiens-suspendues-les-deux-clubs-pas-encore-maintenus.png","width":800,"height":445,"caption":"Ligue 1 : Les rel\u00e9gations de Toulouse et Amiens suspendues, les deux clubs pas encore maintenus"},{"@type":"BreadcrumbList","@id":"https:\/\/dicodusport.fr\/blog\/ligue-1-les-relegations-de-toulouse-et-amiens-suspendues-les-deux-clubs-pas-encore-maintenus\/#breadcrumb","itemListElement":[{"@type":"ListItem","position":1,"name":"Accueil","item":"https:\/\/dicodusport.fr\/blog\/"},{"@type":"ListItem","position":2,"name":"Ligue 1 : Les rel\u00e9gations de Toulouse et Amiens suspendues, les deux clubs pas encore maintenus"}]},{"@type":"WebSite","@id":"https:\/\/dicodusport.fr\/blog\/#website","url":"https:\/\/dicodusport.fr\/blog\/","name":"Dicodusport","description":"L&#039;encyclop\u00e9die de l&#039;actualit\u00e9 sportive","publisher":{"@id":"https:\/\/dicodusport.fr\/blog\/#organization"},"potentialAction":[{"@type":"SearchAction","target":{"@type":"EntryPoint","urlTemplate":"https:\/\/dicodusport.fr\/blog\/?s={search_term_string}"},"query-input":{"@type":"PropertyValueSpecification","valueRequired":true,"valueName":"search_term_string"}}],"inLanguage":"fr-FR"},{"@type":"NewsMediaOrganization","@id":"https:\/\/dicodusport.fr\/blog\/#organization","name":"Dicodusport","url":"https:\/\/dicodusport.fr\/blog\/","logo":{"@type":"ImageObject","inLanguage":"fr-FR","@id":"https:\/\/dicodusport.fr\/blog\/#\/schema\/logo\/image\/","url":"https:\/\/dicodusport.fr\/blog\/wp-content\/uploads\/2020\/06\/cropped-LOGO-DICODUSPORT-2020-SANS-FOND-SANS-TEXTE.png","contentUrl":"https:\/\/dicodusport.fr\/blog\/wp-content\/uploads\/2020\/06\/cropped-LOGO-DICODUSPORT-2020-SANS-FOND-SANS-TEXTE.png","width":512,"height":512,"caption":"Dicodusport"},"image":{"@id":"https:\/\/dicodusport.fr\/blog\/#\/schema\/logo\/image\/"},"sameAs":["https:\/\/www.facebook.com\/dicodusport","https:\/\/x.com\/dicodusport","https:\/\/www.instagram.com\/dicodusport\/","https:\/\/www.youtube.com\/channel\/UC7V2KZ5sd3htJivAbA4ZG3w"],"description":"Dicodusport est l'encyclop\u00e9die de l'actualit\u00e9 sportive.","email":"bonjour@dicodusport.fr","legalName":"DICODUSPORT","foundingDate":"2018-01-14","vatID":"FR71834470973","taxID":"83447097300043","numberOfEmployees":{"@type":"QuantitativeValue","minValue":"1","maxValue":"10"}},{"@type":"Person","@id":"https:\/\/dicodusport.fr\/blog\/#\/schema\/person\/55dcb50ad410894e431ed812bbb70191","name":"Nicolas Jacquemard","image":{"@type":"ImageObject","inLanguage":"fr-FR","@id":"https:\/\/dicodusport.fr\/blog\/#\/schema\/person\/image\/","url":"https:\/\/dicodusport.fr\/blog\/wp-content\/uploads\/2021\/05\/Nicolas-Jacquemard-150x150.jpeg","contentUrl":"https:\/\/dicodusport.fr\/blog\/wp-content\/uploads\/2021\/05\/Nicolas-Jacquemard-150x150.jpeg","caption":"Nicolas Jacquemard"},"description":"Passionn\u00e9 de sport et entrepreneur depuis mes 18 ans, la cr\u00e9ation de Dicodusport m'a sembl\u00e9 \u00e9vidente pour participer \u00e0 la m\u00e9diatisation d'un plus grand nombre de sports. Le chemin est long mais avec une \u00e9quipe des plus motiv\u00e9es et les Jeux Olympiques de Paris 2024 en point de mire, nous y arriverons ! Journaliste dans le monde du sport depuis plus de 5 ans, je traite aussi bien de football, de rugby, de biathlon que de cyclisme.","sameAs":["https:\/\/www.facebook.com\/dicodusport","https:\/\/x.com\/https:\/\/twitter.com\/Nico_Jacquemard"],"url":"https:\/\/dicodusport.fr\/blog\/author\/dicodusport\/"}]}},"_links":{"self":[{"href":"https:\/\/dicodusport.fr\/blog\/wp-json\/wp\/v2\/posts\/68582","targetHints":{"allow":["GET"]}}],"collection":[{"href":"https:\/\/dicodusport.fr\/blog\/wp-json\/wp\/v2\/posts"}],"about":[{"href":"https:\/\/dicodusport.fr\/blog\/wp-json\/wp\/v2\/types\/post"}],"author":[{"embeddable":true,"href":"https:\/\/dicodusport.fr\/blog\/wp-json\/wp\/v2\/users\/1"}],"replies":[{"embeddable":true,"href":"https:\/\/dicodusport.fr\/blog\/wp-json\/wp\/v2\/comments?post=68582"}],"version-history":[{"count":0,"href":"https:\/\/dicodusport.fr\/blog\/wp-json\/wp\/v2\/posts\/68582\/revisions"}],"wp:featuredmedia":[{"embeddable":true,"href":"https:\/\/dicodusport.fr\/blog\/wp-json\/wp\/v2\/media\/68586"}],"wp:attachment":[{"href":"https:\/\/dicodusport.fr\/blog\/wp-json\/wp\/v2\/media?parent=68582"}],"wp:term":[{"taxonomy":"category","embeddable":true,"href":"https:\/\/dicodusport.fr\/blog\/wp-json\/wp\/v2\/categories?post=68582"},{"taxonomy":"post_tag","embeddable":true,"href":"https:\/\/dicodusport.fr\/blog\/wp-json\/wp\/v2\/tags?post=68582"}],"curies":[{"name":"wp","href":"https:\/\/api.w.org\/{rel}","templated":true}]}}