{"id":68623,"date":"2020-06-11T15:00:00","date_gmt":"2020-06-11T13:00:00","guid":{"rendered":"http:\/\/dicodusport.fr\/blog\/?p=68623&#038;preview=true&#038;preview_id=68623"},"modified":"2020-06-11T13:31:11","modified_gmt":"2020-06-11T11:31:11","slug":"solidarity-challenge-les-stars-se-mobilisent-tout-le-week-end","status":"publish","type":"post","link":"https:\/\/dicodusport.fr\/blog\/solidarity-challenge-les-stars-se-mobilisent-tout-le-week-end\/","title":{"rendered":"Solidarity Challenge : les stars se mobilisent tout le week-end"},"content":{"rendered":"<p style=\"text-align: justify;\"><strong><em>Qu&rsquo;ont en commun Mo Farah, Antoine Griezmann, Amandine Henry, Louis Saha ou encore Mathieu Bastareaud ? Ce week-end, ils vont participer \u00e0 un tournoi PES 2020 mondial.<\/em><\/strong><\/p>\n<p style=\"text-align: justify;\">Les fonds collect\u00e9s seront revers\u00e9s au <strong>fonds de riposte \u00e0 la COVID-19 de l&rsquo;Organisation Mondiale de la Sant\u00e9<\/strong>. Les dons recueillis permettront de suivre et de comprendre la propagation du virus, de s&rsquo;assurer que les patients re\u00e7oivent les soins dont ils ont besoin et que les travailleurs de premi\u00e8re ligne re\u00e7oivent les fournitures et les informations essentielles. Les dons contribueront \u00e9galement \u00e0 acc\u00e9l\u00e9rer la recherche et le d\u00e9veloppement d&rsquo;un vaccin et de traitements pour tous ceux qui en ont besoin. Cette initiative a \u00e9t\u00e9 lanc\u00e9e par l&rsquo;agence de marketing ORSEN SA qui s&rsquo;est associ\u00e9e \u00e0 Konami Digital Entertainment B.V. pour organiser ce tournoi.<\/p>\n<p style=\"text-align: justify;\"><strong>16 stars<\/strong> du sport s&rsquo;affronteront de chez elles les <strong>12, 13 et 14 juin<\/strong>.<\/p>\n<p style=\"text-align: justify;\">Ce E-tournoi sera retransmis dans plus de 60 pays et diffus\u00e9 en streaming sur Youtube. En France, la comp\u00e9tition sera retransmise sur Eurosport 1 samedi 13 juin \u00e0 partir de 23h30 et dimanche 14 juin \u00e0 11h30 et 22h. Sur Eurosport player, la diffusion est \u00e0 22h samedi 13 et dimanche 14 juin et \u00e0 11h30 dimanche.<\/p>\n<h2 style=\"text-align: justify;\">Les participants<\/h2>\n<p>Mathieu Bastareaud (rugby)<br \/>\nDanny Care (rugby)<br \/>\nGiorgio Chiellini (football)<br \/>\nLiv Cooke (football freestyle)<br \/>\nMo Farah (athl\u00e9tisme)<br \/>\nTommy Fleetwood (golf)<br \/>\nLudovic Giuly (entra\u00eeneur adjoint r\u00e9serve Monaco)<br \/>\nAntoine Griezmann (football)<br \/>\nAmandine Henry (football)<br \/>\nJermaine Jenas (commentateur BT Sport)<br \/>\nBlaise Matuidi (football)<br \/>\nSteve McManaman (commentateur BT Sport)<br \/>\nScott McTominay (football)<br \/>\nRobert Pires (consultant Canal+)<br \/>\nLouis Saha (co-fondateur Axis Stars)<br \/>\nYaya Tour\u00e9 (football)<\/p>\n<p><a href=\"http:\/\/dicodusport.fr\/blog\/wp-content\/uploads\/2020\/06\/Tableau.png\"><img loading=\"lazy\" decoding=\"async\" class=\"aligncenter wp-image-68662 size-full\" src=\"http:\/\/dicodusport.fr\/blog\/wp-content\/uploads\/2020\/06\/Tableau.png\" alt=\"\" width=\"1080\" height=\"1348\" srcset=\"https:\/\/dicodusport.fr\/blog\/wp-content\/uploads\/2020\/06\/Tableau.png 1080w, https:\/\/dicodusport.fr\/blog\/wp-content\/uploads\/2020\/06\/Tableau-240x300.png 240w, https:\/\/dicodusport.fr\/blog\/wp-content\/uploads\/2020\/06\/Tableau-820x1024.png 820w, https:\/\/dicodusport.fr\/blog\/wp-content\/uploads\/2020\/06\/Tableau-768x959.png 768w\" sizes=\"auto, (max-width: 1080px) 100vw, 1080px\" \/><\/a><\/p>\n<p>Plus d&rsquo;informations : <a href=\"http:\/\/www.solidaritychallenge.org\" target=\"_blank\" rel=\"noopener noreferrer\">www.solidaritychallenge.org<\/a><\/p>\n<p><strong><em>Dicodusport<br \/>\n<a href=\"https:\/\/www.facebook.com\/dicodusport\/\" target=\"_blank\" rel=\"noopener noreferrer\"><img loading=\"lazy\" decoding=\"async\" class=\"alignnone wp-image-2909\" src=\"http:\/\/dicodusport.fr\/blog\/wp-content\/uploads\/2017\/07\/logo-facebook-150x150.png\" alt=\"\" width=\"40\" height=\"40\" \/><\/a><a href=\"https:\/\/twitter.com\/dicodusport\" target=\"_blank\" rel=\"noopener noreferrer\"><img loading=\"lazy\" decoding=\"async\" class=\"alignnone wp-image-2908\" src=\"http:\/\/dicodusport.fr\/blog\/wp-content\/uploads\/2017\/07\/logo-twitter-150x150.png\" alt=\"\" width=\"39\" height=\"39\" \/><\/a><\/em><\/strong><\/p>\n","protected":false},"excerpt":{"rendered":"<p>Ce week-end Mo Farah, Antoine Griezmann, Amandine Henry, Louis Saha ou encore Mathieu Bastareaud vont participer \u00e0 un tournoi PES 2020 mondial.<\/p>\n","protected":false},"author":12,"featured_media":68648,"comment_status":"open","ping_status":"closed","sticky":false,"template":"","format":"standard","meta":{"_acf_changed":false,"_daextam_enable_autolinks":"","footnotes":""},"categories":[10646,2301],"tags":[340,75],"class_list":["post-68623","post","type-post","status-publish","format-standard","has-post-thumbnail","hentry","category-coronavirus","category-football","tag-antoine-griezmann","tag-football"],"acf":[],"yoast_head":"<!-- This site is optimized with the Yoast SEO Premium plugin v26.7 (Yoast SEO v26.7) - https:\/\/yoast.com\/wordpress\/plugins\/seo\/ -->\n<title>Solidarity Challenge : les stars se mobilisent tout le week-end<\/title>\n<meta name=\"description\" content=\"Lors du Solidarity Challenge, Mo Farah, Antoine Griezmann, Amandine Henry, Louis Saha ou encore Mathieu Bastareaud vont participer \u00e0 un tournoi PES 2020.\" \/>\n<meta name=\"robots\" content=\"index, follow, max-snippet:-1, max-image-preview:large, max-video-preview:-1\" \/>\n<link rel=\"canonical\" href=\"https:\/\/dicodusport.fr\/blog\/solidarity-challenge-les-stars-se-mobilisent-tout-le-week-end\/\" \/>\n<meta property=\"og:locale\" content=\"fr_FR\" \/>\n<meta property=\"og:type\" content=\"article\" \/>\n<meta property=\"og:title\" content=\"Solidarity Challenge : les stars se mobilisent tout le week-end\" \/>\n<meta property=\"og:description\" content=\"Lors du Solidarity Challenge, Mo Farah, Antoine Griezmann, Amandine Henry, Louis Saha ou encore Mathieu Bastareaud vont participer \u00e0 un tournoi PES 2020.\" \/>\n<meta property=\"og:url\" content=\"https:\/\/dicodusport.fr\/blog\/solidarity-challenge-les-stars-se-mobilisent-tout-le-week-end\/\" \/>\n<meta property=\"og:site_name\" content=\"Dicodusport\" \/>\n<meta property=\"article:publisher\" content=\"https:\/\/www.facebook.com\/dicodusport\" \/>\n<meta property=\"article:published_time\" content=\"2020-06-11T13:00:00+00:00\" \/>\n<meta property=\"og:image\" content=\"https:\/\/dicodusport.fr\/blog\/wp-content\/uploads\/2020\/06\/pes-solidarity-challenge.png.jpg\" \/>\n\t<meta property=\"og:image:width\" content=\"800\" \/>\n\t<meta property=\"og:image:height\" content=\"440\" \/>\n\t<meta property=\"og:image:type\" content=\"image\/jpeg\" \/>\n<meta name=\"author\" content=\"Arlette Yeye\" \/>\n<meta name=\"twitter:card\" content=\"summary_large_image\" \/>\n<meta name=\"twitter:title\" content=\"Solidarity Challenge : les stars se mobilisent tout le week-end\" \/>\n<meta name=\"twitter:creator\" content=\"@https:\/\/twitter.com\/Shiclette94\" \/>\n<meta name=\"twitter:site\" content=\"@dicodusport\" \/>\n<script type=\"application\/ld+json\" class=\"yoast-schema-graph\">{\"@context\":\"https:\/\/schema.org\",\"@graph\":[{\"@type\":\"NewsArticle\",\"@id\":\"https:\/\/dicodusport.fr\/blog\/solidarity-challenge-les-stars-se-mobilisent-tout-le-week-end\/#article\",\"isPartOf\":{\"@id\":\"https:\/\/dicodusport.fr\/blog\/solidarity-challenge-les-stars-se-mobilisent-tout-le-week-end\/\"},\"author\":{\"name\":\"Arlette Yeye\",\"@id\":\"https:\/\/dicodusport.fr\/blog\/#\/schema\/person\/cce96fa88785bd8573e3d43078ac8c79\"},\"headline\":\"Solidarity Challenge : les stars se mobilisent tout le week-end\",\"datePublished\":\"2020-06-11T13:00:00+00:00\",\"mainEntityOfPage\":{\"@id\":\"https:\/\/dicodusport.fr\/blog\/solidarity-challenge-les-stars-se-mobilisent-tout-le-week-end\/\"},\"wordCount\":280,\"commentCount\":0,\"publisher\":{\"@id\":\"https:\/\/dicodusport.fr\/blog\/#organization\"},\"image\":{\"@id\":\"https:\/\/dicodusport.fr\/blog\/solidarity-challenge-les-stars-se-mobilisent-tout-le-week-end\/#primaryimage\"},\"thumbnailUrl\":\"https:\/\/dicodusport.fr\/blog\/wp-content\/uploads\/2020\/06\/pes-solidarity-challenge.png.jpg\",\"keywords\":[\"Antoine Griezmann\",\"Football\"],\"articleSection\":[\"Coronavirus\",\"Football\"],\"inLanguage\":\"fr-FR\",\"potentialAction\":[{\"@type\":\"CommentAction\",\"name\":\"Comment\",\"target\":[\"https:\/\/dicodusport.fr\/blog\/solidarity-challenge-les-stars-se-mobilisent-tout-le-week-end\/#respond\"]}],\"copyrightYear\":\"2020\",\"copyrightHolder\":{\"@id\":\"https:\/\/dicodusport.fr\/blog\/#organization\"}},{\"@type\":\"WebPage\",\"@id\":\"https:\/\/dicodusport.fr\/blog\/solidarity-challenge-les-stars-se-mobilisent-tout-le-week-end\/\",\"url\":\"https:\/\/dicodusport.fr\/blog\/solidarity-challenge-les-stars-se-mobilisent-tout-le-week-end\/\",\"name\":\"Solidarity Challenge : les stars se mobilisent tout le week-end\",\"isPartOf\":{\"@id\":\"https:\/\/dicodusport.fr\/blog\/#website\"},\"primaryImageOfPage\":{\"@id\":\"https:\/\/dicodusport.fr\/blog\/solidarity-challenge-les-stars-se-mobilisent-tout-le-week-end\/#primaryimage\"},\"image\":{\"@id\":\"https:\/\/dicodusport.fr\/blog\/solidarity-challenge-les-stars-se-mobilisent-tout-le-week-end\/#primaryimage\"},\"thumbnailUrl\":\"https:\/\/dicodusport.fr\/blog\/wp-content\/uploads\/2020\/06\/pes-solidarity-challenge.png.jpg\",\"datePublished\":\"2020-06-11T13:00:00+00:00\",\"description\":\"Lors du Solidarity Challenge, Mo Farah, Antoine Griezmann, Amandine Henry, Louis Saha ou encore Mathieu Bastareaud vont participer \u00e0 un tournoi PES 2020.\",\"breadcrumb\":{\"@id\":\"https:\/\/dicodusport.fr\/blog\/solidarity-challenge-les-stars-se-mobilisent-tout-le-week-end\/#breadcrumb\"},\"inLanguage\":\"fr-FR\",\"potentialAction\":[{\"@type\":\"ReadAction\",\"target\":[\"https:\/\/dicodusport.fr\/blog\/solidarity-challenge-les-stars-se-mobilisent-tout-le-week-end\/\"]}]},{\"@type\":\"ImageObject\",\"inLanguage\":\"fr-FR\",\"@id\":\"https:\/\/dicodusport.fr\/blog\/solidarity-challenge-les-stars-se-mobilisent-tout-le-week-end\/#primaryimage\",\"url\":\"https:\/\/dicodusport.fr\/blog\/wp-content\/uploads\/2020\/06\/pes-solidarity-challenge.png.jpg\",\"contentUrl\":\"https:\/\/dicodusport.fr\/blog\/wp-content\/uploads\/2020\/06\/pes-solidarity-challenge.png.jpg\",\"width\":800,\"height\":440},{\"@type\":\"BreadcrumbList\",\"@id\":\"https:\/\/dicodusport.fr\/blog\/solidarity-challenge-les-stars-se-mobilisent-tout-le-week-end\/#breadcrumb\",\"itemListElement\":[{\"@type\":\"ListItem\",\"position\":1,\"name\":\"Accueil\",\"item\":\"https:\/\/dicodusport.fr\/blog\/\"},{\"@type\":\"ListItem\",\"position\":2,\"name\":\"Solidarity Challenge : les stars se mobilisent tout le week-end\"}]},{\"@type\":\"WebSite\",\"@id\":\"https:\/\/dicodusport.fr\/blog\/#website\",\"url\":\"https:\/\/dicodusport.fr\/blog\/\",\"name\":\"Dicodusport\",\"description\":\"L&#039;encyclop\u00e9die de l&#039;actualit\u00e9 sportive\",\"publisher\":{\"@id\":\"https:\/\/dicodusport.fr\/blog\/#organization\"},\"potentialAction\":[{\"@type\":\"SearchAction\",\"target\":{\"@type\":\"EntryPoint\",\"urlTemplate\":\"https:\/\/dicodusport.fr\/blog\/?s={search_term_string}\"},\"query-input\":{\"@type\":\"PropertyValueSpecification\",\"valueRequired\":true,\"valueName\":\"search_term_string\"}}],\"inLanguage\":\"fr-FR\"},{\"@type\":\"NewsMediaOrganization\",\"@id\":\"https:\/\/dicodusport.fr\/blog\/#organization\",\"name\":\"Dicodusport\",\"url\":\"https:\/\/dicodusport.fr\/blog\/\",\"logo\":{\"@type\":\"ImageObject\",\"inLanguage\":\"fr-FR\",\"@id\":\"https:\/\/dicodusport.fr\/blog\/#\/schema\/logo\/image\/\",\"url\":\"https:\/\/dicodusport.fr\/blog\/wp-content\/uploads\/2020\/06\/cropped-LOGO-DICODUSPORT-2020-SANS-FOND-SANS-TEXTE.png\",\"contentUrl\":\"https:\/\/dicodusport.fr\/blog\/wp-content\/uploads\/2020\/06\/cropped-LOGO-DICODUSPORT-2020-SANS-FOND-SANS-TEXTE.png\",\"width\":512,\"height\":512,\"caption\":\"Dicodusport\"},\"image\":{\"@id\":\"https:\/\/dicodusport.fr\/blog\/#\/schema\/logo\/image\/\"},\"sameAs\":[\"https:\/\/www.facebook.com\/dicodusport\",\"https:\/\/x.com\/dicodusport\",\"https:\/\/www.instagram.com\/dicodusport\/\",\"https:\/\/www.youtube.com\/channel\/UC7V2KZ5sd3htJivAbA4ZG3w\"],\"description\":\"Dicodusport est l'encyclop\u00e9die de l'actualit\u00e9 sportive.\",\"email\":\"bonjour@dicodusport.fr\",\"legalName\":\"DICODUSPORT\",\"foundingDate\":\"2018-01-14\",\"vatID\":\"FR71834470973\",\"taxID\":\"83447097300043\",\"numberOfEmployees\":{\"@type\":\"QuantitativeValue\",\"minValue\":\"1\",\"maxValue\":\"10\"}},{\"@type\":\"Person\",\"@id\":\"https:\/\/dicodusport.fr\/blog\/#\/schema\/person\/cce96fa88785bd8573e3d43078ac8c79\",\"name\":\"Arlette Yeye\",\"image\":{\"@type\":\"ImageObject\",\"inLanguage\":\"fr-FR\",\"@id\":\"https:\/\/dicodusport.fr\/blog\/#\/schema\/person\/image\/\",\"url\":\"https:\/\/secure.gravatar.com\/avatar\/dca4a6239e6d708e46c45d60e160de6c?s=96&d=wp_user_avatar&r=g\",\"contentUrl\":\"https:\/\/secure.gravatar.com\/avatar\/dca4a6239e6d708e46c45d60e160de6c?s=96&d=wp_user_avatar&r=g\",\"caption\":\"Arlette Yeye\"},\"description\":\"Journaliste\/r\u00e9dactrice depuis septembre 2015 - Supportrice de Chelsea, j'ai pour sports de pr\u00e9dilection le handball, l'athl\u00e9tisme et le tennis. Si je tweete plus vite que mon ombre, vous pouvez aussi me retrouver les week-ends sur les playgrounds de Bruxelles pour un petit foot ou basket entre potes. Parcourir la France, l'Europe et plus si affinit\u00e9s pour suivre mes sportifs pr\u00e9f\u00e9r\u00e9s ? Mon kif ! Et c'est avec plaisir que je partage les r\u00e9sultats des sports populaires mais \u00e9galement plus confidentiels pour Dicodusport.\",\"sameAs\":[\"https:\/\/x.com\/https:\/\/twitter.com\/Shiclette94\"],\"url\":\"https:\/\/dicodusport.fr\/blog\/author\/arlette\/\"}]}<\/script>\n<!-- \/ Yoast SEO Premium plugin. -->","yoast_head_json":{"title":"Solidarity Challenge : les stars se mobilisent tout le week-end","description":"Lors du Solidarity Challenge, Mo Farah, Antoine Griezmann, Amandine Henry, Louis Saha ou encore Mathieu Bastareaud vont participer \u00e0 un tournoi PES 2020.","robots":{"index":"index","follow":"follow","max-snippet":"max-snippet:-1","max-image-preview":"max-image-preview:large","max-video-preview":"max-video-preview:-1"},"canonical":"https:\/\/dicodusport.fr\/blog\/solidarity-challenge-les-stars-se-mobilisent-tout-le-week-end\/","og_locale":"fr_FR","og_type":"article","og_title":"Solidarity Challenge : les stars se mobilisent tout le week-end","og_description":"Lors du Solidarity Challenge, Mo Farah, Antoine Griezmann, Amandine Henry, Louis Saha ou encore Mathieu Bastareaud vont participer \u00e0 un tournoi PES 2020.","og_url":"https:\/\/dicodusport.fr\/blog\/solidarity-challenge-les-stars-se-mobilisent-tout-le-week-end\/","og_site_name":"Dicodusport","article_publisher":"https:\/\/www.facebook.com\/dicodusport","article_published_time":"2020-06-11T13:00:00+00:00","og_image":[{"width":800,"height":440,"url":"https:\/\/dicodusport.fr\/blog\/wp-content\/uploads\/2020\/06\/pes-solidarity-challenge.png.jpg","type":"image\/jpeg"}],"author":"Arlette Yeye","twitter_card":"summary_large_image","twitter_title":"Solidarity Challenge : les stars se mobilisent tout le week-end","twitter_creator":"@https:\/\/twitter.com\/Shiclette94","twitter_site":"@dicodusport","schema":{"@context":"https:\/\/schema.org","@graph":[{"@type":"NewsArticle","@id":"https:\/\/dicodusport.fr\/blog\/solidarity-challenge-les-stars-se-mobilisent-tout-le-week-end\/#article","isPartOf":{"@id":"https:\/\/dicodusport.fr\/blog\/solidarity-challenge-les-stars-se-mobilisent-tout-le-week-end\/"},"author":{"name":"Arlette Yeye","@id":"https:\/\/dicodusport.fr\/blog\/#\/schema\/person\/cce96fa88785bd8573e3d43078ac8c79"},"headline":"Solidarity Challenge : les stars se mobilisent tout le week-end","datePublished":"2020-06-11T13:00:00+00:00","mainEntityOfPage":{"@id":"https:\/\/dicodusport.fr\/blog\/solidarity-challenge-les-stars-se-mobilisent-tout-le-week-end\/"},"wordCount":280,"commentCount":0,"publisher":{"@id":"https:\/\/dicodusport.fr\/blog\/#organization"},"image":{"@id":"https:\/\/dicodusport.fr\/blog\/solidarity-challenge-les-stars-se-mobilisent-tout-le-week-end\/#primaryimage"},"thumbnailUrl":"https:\/\/dicodusport.fr\/blog\/wp-content\/uploads\/2020\/06\/pes-solidarity-challenge.png.jpg","keywords":["Antoine Griezmann","Football"],"articleSection":["Coronavirus","Football"],"inLanguage":"fr-FR","potentialAction":[{"@type":"CommentAction","name":"Comment","target":["https:\/\/dicodusport.fr\/blog\/solidarity-challenge-les-stars-se-mobilisent-tout-le-week-end\/#respond"]}],"copyrightYear":"2020","copyrightHolder":{"@id":"https:\/\/dicodusport.fr\/blog\/#organization"}},{"@type":"WebPage","@id":"https:\/\/dicodusport.fr\/blog\/solidarity-challenge-les-stars-se-mobilisent-tout-le-week-end\/","url":"https:\/\/dicodusport.fr\/blog\/solidarity-challenge-les-stars-se-mobilisent-tout-le-week-end\/","name":"Solidarity Challenge : les stars se mobilisent tout le week-end","isPartOf":{"@id":"https:\/\/dicodusport.fr\/blog\/#website"},"primaryImageOfPage":{"@id":"https:\/\/dicodusport.fr\/blog\/solidarity-challenge-les-stars-se-mobilisent-tout-le-week-end\/#primaryimage"},"image":{"@id":"https:\/\/dicodusport.fr\/blog\/solidarity-challenge-les-stars-se-mobilisent-tout-le-week-end\/#primaryimage"},"thumbnailUrl":"https:\/\/dicodusport.fr\/blog\/wp-content\/uploads\/2020\/06\/pes-solidarity-challenge.png.jpg","datePublished":"2020-06-11T13:00:00+00:00","description":"Lors du Solidarity Challenge, Mo Farah, Antoine Griezmann, Amandine Henry, Louis Saha ou encore Mathieu Bastareaud vont participer \u00e0 un tournoi PES 2020.","breadcrumb":{"@id":"https:\/\/dicodusport.fr\/blog\/solidarity-challenge-les-stars-se-mobilisent-tout-le-week-end\/#breadcrumb"},"inLanguage":"fr-FR","potentialAction":[{"@type":"ReadAction","target":["https:\/\/dicodusport.fr\/blog\/solidarity-challenge-les-stars-se-mobilisent-tout-le-week-end\/"]}]},{"@type":"ImageObject","inLanguage":"fr-FR","@id":"https:\/\/dicodusport.fr\/blog\/solidarity-challenge-les-stars-se-mobilisent-tout-le-week-end\/#primaryimage","url":"https:\/\/dicodusport.fr\/blog\/wp-content\/uploads\/2020\/06\/pes-solidarity-challenge.png.jpg","contentUrl":"https:\/\/dicodusport.fr\/blog\/wp-content\/uploads\/2020\/06\/pes-solidarity-challenge.png.jpg","width":800,"height":440},{"@type":"BreadcrumbList","@id":"https:\/\/dicodusport.fr\/blog\/solidarity-challenge-les-stars-se-mobilisent-tout-le-week-end\/#breadcrumb","itemListElement":[{"@type":"ListItem","position":1,"name":"Accueil","item":"https:\/\/dicodusport.fr\/blog\/"},{"@type":"ListItem","position":2,"name":"Solidarity Challenge : les stars se mobilisent tout le week-end"}]},{"@type":"WebSite","@id":"https:\/\/dicodusport.fr\/blog\/#website","url":"https:\/\/dicodusport.fr\/blog\/","name":"Dicodusport","description":"L&#039;encyclop\u00e9die de l&#039;actualit\u00e9 sportive","publisher":{"@id":"https:\/\/dicodusport.fr\/blog\/#organization"},"potentialAction":[{"@type":"SearchAction","target":{"@type":"EntryPoint","urlTemplate":"https:\/\/dicodusport.fr\/blog\/?s={search_term_string}"},"query-input":{"@type":"PropertyValueSpecification","valueRequired":true,"valueName":"search_term_string"}}],"inLanguage":"fr-FR"},{"@type":"NewsMediaOrganization","@id":"https:\/\/dicodusport.fr\/blog\/#organization","name":"Dicodusport","url":"https:\/\/dicodusport.fr\/blog\/","logo":{"@type":"ImageObject","inLanguage":"fr-FR","@id":"https:\/\/dicodusport.fr\/blog\/#\/schema\/logo\/image\/","url":"https:\/\/dicodusport.fr\/blog\/wp-content\/uploads\/2020\/06\/cropped-LOGO-DICODUSPORT-2020-SANS-FOND-SANS-TEXTE.png","contentUrl":"https:\/\/dicodusport.fr\/blog\/wp-content\/uploads\/2020\/06\/cropped-LOGO-DICODUSPORT-2020-SANS-FOND-SANS-TEXTE.png","width":512,"height":512,"caption":"Dicodusport"},"image":{"@id":"https:\/\/dicodusport.fr\/blog\/#\/schema\/logo\/image\/"},"sameAs":["https:\/\/www.facebook.com\/dicodusport","https:\/\/x.com\/dicodusport","https:\/\/www.instagram.com\/dicodusport\/","https:\/\/www.youtube.com\/channel\/UC7V2KZ5sd3htJivAbA4ZG3w"],"description":"Dicodusport est l'encyclop\u00e9die de l'actualit\u00e9 sportive.","email":"bonjour@dicodusport.fr","legalName":"DICODUSPORT","foundingDate":"2018-01-14","vatID":"FR71834470973","taxID":"83447097300043","numberOfEmployees":{"@type":"QuantitativeValue","minValue":"1","maxValue":"10"}},{"@type":"Person","@id":"https:\/\/dicodusport.fr\/blog\/#\/schema\/person\/cce96fa88785bd8573e3d43078ac8c79","name":"Arlette Yeye","image":{"@type":"ImageObject","inLanguage":"fr-FR","@id":"https:\/\/dicodusport.fr\/blog\/#\/schema\/person\/image\/","url":"https:\/\/secure.gravatar.com\/avatar\/dca4a6239e6d708e46c45d60e160de6c?s=96&d=wp_user_avatar&r=g","contentUrl":"https:\/\/secure.gravatar.com\/avatar\/dca4a6239e6d708e46c45d60e160de6c?s=96&d=wp_user_avatar&r=g","caption":"Arlette Yeye"},"description":"Journaliste\/r\u00e9dactrice depuis septembre 2015 - Supportrice de Chelsea, j'ai pour sports de pr\u00e9dilection le handball, l'athl\u00e9tisme et le tennis. Si je tweete plus vite que mon ombre, vous pouvez aussi me retrouver les week-ends sur les playgrounds de Bruxelles pour un petit foot ou basket entre potes. Parcourir la France, l'Europe et plus si affinit\u00e9s pour suivre mes sportifs pr\u00e9f\u00e9r\u00e9s ? Mon kif ! Et c'est avec plaisir que je partage les r\u00e9sultats des sports populaires mais \u00e9galement plus confidentiels pour Dicodusport.","sameAs":["https:\/\/x.com\/https:\/\/twitter.com\/Shiclette94"],"url":"https:\/\/dicodusport.fr\/blog\/author\/arlette\/"}]}},"_links":{"self":[{"href":"https:\/\/dicodusport.fr\/blog\/wp-json\/wp\/v2\/posts\/68623","targetHints":{"allow":["GET"]}}],"collection":[{"href":"https:\/\/dicodusport.fr\/blog\/wp-json\/wp\/v2\/posts"}],"about":[{"href":"https:\/\/dicodusport.fr\/blog\/wp-json\/wp\/v2\/types\/post"}],"author":[{"embeddable":true,"href":"https:\/\/dicodusport.fr\/blog\/wp-json\/wp\/v2\/users\/12"}],"replies":[{"embeddable":true,"href":"https:\/\/dicodusport.fr\/blog\/wp-json\/wp\/v2\/comments?post=68623"}],"version-history":[{"count":0,"href":"https:\/\/dicodusport.fr\/blog\/wp-json\/wp\/v2\/posts\/68623\/revisions"}],"wp:featuredmedia":[{"embeddable":true,"href":"https:\/\/dicodusport.fr\/blog\/wp-json\/wp\/v2\/media\/68648"}],"wp:attachment":[{"href":"https:\/\/dicodusport.fr\/blog\/wp-json\/wp\/v2\/media?parent=68623"}],"wp:term":[{"taxonomy":"category","embeddable":true,"href":"https:\/\/dicodusport.fr\/blog\/wp-json\/wp\/v2\/categories?post=68623"},{"taxonomy":"post_tag","embeddable":true,"href":"https:\/\/dicodusport.fr\/blog\/wp-json\/wp\/v2\/tags?post=68623"}],"curies":[{"name":"wp","href":"https:\/\/api.w.org\/{rel}","templated":true}]}}