{"id":6863,"date":"2017-11-13T12:00:14","date_gmt":"2017-11-13T11:00:14","guid":{"rendered":"http:\/\/dicodusport.fr\/blog\/?p=6863"},"modified":"2022-10-13T10:00:24","modified_gmt":"2022-10-13T08:00:24","slug":"la-teddycima-et-des-promesses","status":"publish","type":"post","link":"https:\/\/dicodusport.fr\/blog\/la-teddycima-et-des-promesses\/","title":{"rendered":"La \u00ab\u00a0Teddycima\u00a0\u00bb et des promesses"},"content":{"rendered":"<p style=\"text-align: justify;\"><strong><em>Teddy Riner repart de Marrakech avec un dixi\u00e8me titre de champion du monde dans ses valises. Romane Dicko et Anne Fatou M\u2019Bairo \u00e9chouent de peu au pied du podium. Prometteur.<\/em><\/strong><\/p>\n<h4 style=\"text-align: justify;\"><strong>La Decima pour Teddy Riner<\/strong><\/h4>\n<p style=\"text-align: justify;\">Le retour des championnats du Monde toutes cat\u00e9gories rimait avec nouveau challenge pour Teddy Riner. D\u00e9j\u00e0 vainqueur chez lui \u00e0 Levallois en 2011, lors de la premi\u00e8re \u00e9dition \u00ab\u00a0Open\u00a0\u00bb, le Fran\u00e7ais devait r\u00e9cup\u00e9rer sa couronne.<\/p>\n<p style=\"text-align: justify;\">Le soci\u00e9taire du PSG Judo \u00e9tait une nouvelle fois l\u2019homme \u00e0 abattre, ou plut\u00f4t \u00e0 battre. Apr\u00e8s deux rounds d\u2019\u00e9chauffement, le Fran\u00e7ais commen\u00e7ait son festival contre le Mongol Battulga. Un sublime uchi-mata lui permettait d\u2019acc\u00e9der aux demi-finales. Le Cubain Andy Granda n\u2019a rien pu faire. Ecras\u00e9 par la garde haute de Teddy, ce qui lui valait 2 shido passant tout proche de la disqualification \u00e0 cause de son judo n\u00e9gatif, ce dernier s\u2019inclinait sur un nouvel uchi-mata lors de l\u2019avantage d\u00e9cisif.<\/p>\n<p style=\"text-align: justify;\">En finale, le Belge Nikiforov tentait tout pour bousculer Teddy Riner. Mais il se heurte \u00e0 une l\u00e9gende. Deux waza-ari plus tard, le Fran\u00e7ais est sacr\u00e9 champion du Monde toutes cat\u00e9gories. Un dixi\u00e8me titre mondial malgr\u00e9 une douleur au genou tout au long de la comp\u00e9tition.<\/p>\n<p style=\"text-align: justify;\">Cyrille Maret, bat l\u2019Isra\u00e9lien Or Sasson au second tour, mais s\u2019incline dans la foul\u00e9e. Le Dijonnais n\u2019est pas rep\u00each\u00e9.<\/p>\n<h4 style=\"text-align: justify;\"><strong>Dicko 5<sup>\u00e8me<\/sup>\u00a0 M&rsquo;<\/strong><strong>Bairo 7<sup>\u00e8me<\/sup><\/strong><strong>, la jeunesse ne passe pas loin<\/strong><\/h4>\n<div id=\"attachment_6865\" style=\"width: 1553px\" class=\"wp-caption aligncenter\"><img loading=\"lazy\" decoding=\"async\" aria-describedby=\"caption-attachment-6865\" class=\"wp-image-6865 size-full\" src=\"http:\/\/dicodusport.fr\/blog\/wp-content\/uploads\/2017\/11\/Dicko-IJF.jpg\" alt=\"\" width=\"1543\" height=\"1080\" srcset=\"https:\/\/dicodusport.fr\/blog\/wp-content\/uploads\/2017\/11\/Dicko-IJF.jpg 1543w, https:\/\/dicodusport.fr\/blog\/wp-content\/uploads\/2017\/11\/Dicko-IJF-300x210.jpg 300w, https:\/\/dicodusport.fr\/blog\/wp-content\/uploads\/2017\/11\/Dicko-IJF-768x538.jpg 768w, https:\/\/dicodusport.fr\/blog\/wp-content\/uploads\/2017\/11\/Dicko-IJF-1024x717.jpg 1024w, https:\/\/dicodusport.fr\/blog\/wp-content\/uploads\/2017\/11\/Dicko-IJF-130x90.jpg 130w\" sizes=\"auto, (max-width: 1543px) 100vw, 1543px\" \/><p id=\"caption-attachment-6865\" class=\"wp-caption-text\">Romane Dicko, la nouvelle p\u00e9pite du judo fran\u00e7ais &#8211; Cr\u00e9dits IJF<\/p><\/div>\n<p style=\"text-align: justify;\">Chez les japonais, le titre en toutes cat\u00e9gories est tr\u00e8s convoit\u00e9. Si les gar\u00e7ons n\u2019ont pas pu s\u2019exprimer, une f\u00e9minine en a d\u00e9cid\u00e9 autrement. L\u2019\u00e9toile montante nipponne Sarah Ashinah n\u2019a laiss\u00e9 que les miettes \u00e0 ses adversaires.<\/p>\n<p style=\"text-align: justify;\">C\u00f4t\u00e9 tricolore, les fran\u00e7aises se sont montr\u00e9es. Anne Fatoumata M\u2019Bairo (24 ans) s\u2019inclinait en quarts contre la future championne du Monde. Pig\u00e9e en rep\u00eachages par la Tunisienne Cheikh Rouhou, apr\u00e8s avoir men\u00e9 d\u2019un waza-ari, la Toulonnaise d\u2019origine doit se contenter de la 7<sup>\u00e8me<\/sup> place.<\/p>\n<p style=\"text-align: justify;\">La r\u00e9v\u00e9lation de ces championnats se nomme Romane Dicko. A seulement 18 ans, la \u00ab\u00a0junior\u00a0\u00bb de l\u2019\u00e9quipe de France r\u00e9alise un tr\u00e8s beau parcours. Apr\u00e8s avoir remont\u00e9 les rep\u00eachages, elle s\u2019inclinait face \u00e0 une l\u00e9gende de la cat\u00e9gorie des +78kg, la Cubaine Ortiz. Du haut de son m\u00e8tre quatre-vingt, la judokate du club de Villeneuve-le-Roi a d\u00e9j\u00e0 battu Emilie And\u00e9ol l\u2019an dernier. Apr\u00e8s avoir confirm\u00e9 sur ce championnat, elle se place en bonne posture pour devenir la num\u00e9ro 1 chez les lourdes depuis la retraite de la championne olympique. Une cat\u00e9gorie qui promet avec deux athl\u00e8tes qui sont d\u00e9j\u00e0 proches des sommets.<\/p>\n<p style=\"text-align: justify;\"><em><span style=\"color: #000000;\"><strong>Alexandre Raynaud<\/strong><\/span><\/em><em><br \/>\n<\/em><a href=\"https:\/\/twitter.com\/alexandre_rnd\" target=\"_blank\" rel=\"noopener noreferrer\"><img loading=\"lazy\" decoding=\"async\" class=\"alignnone wp-image-2908\" src=\"http:\/\/dicodusport.fr\/blog\/wp-content\/uploads\/2017\/07\/logo-twitter-150x150.png\" alt=\"\" width=\"39\" height=\"39\" \/><\/a><\/p>\n","protected":false},"excerpt":{"rendered":"<p>Teddy Riner repart de Marrakech avec un dixi\u00e8me titre de champion du monde dans ses valises. Romane Dicko et Anne Fatou M\u2019Bairo \u00e9chouent de peu au pied du podium. Prometteur. La Decima pour Teddy Riner Le retour des championnats du Monde toutes cat\u00e9gories rimait avec nouveau challenge pour Teddy Riner. D\u00e9j\u00e0 vainqueur chez lui \u00e0 [&hellip;]<\/p>\n","protected":false},"author":22,"featured_media":6864,"comment_status":"open","ping_status":"closed","sticky":false,"template":"","format":"standard","meta":{"_acf_changed":false,"_daextam_enable_autolinks":"","footnotes":""},"categories":[2,2310],"tags":[68,2379,1787],"class_list":["post-6863","post","type-post","status-publish","format-standard","has-post-thumbnail","hentry","category-actualites","category-sports-de-combat","tag-judo","tag-romane-dicko","tag-teddy-riner"],"acf":[],"yoast_head":"<!-- This site is optimized with the Yoast SEO Premium plugin v26.7 (Yoast SEO v26.7) - https:\/\/yoast.com\/wordpress\/plugins\/seo\/ -->\n<title>La \u00ab\u00a0Teddycima\u00a0\u00bb et des promesses<\/title>\n<meta name=\"description\" content=\"Teddy Riner repart de Marrakech avec un dixi\u00e8me titre de champion du monde dans ses valises. Romane Dicko et Anne Fatou M\u2019Bairo \u00e9chouent de peu.\" \/>\n<meta name=\"robots\" content=\"index, follow, max-snippet:-1, max-image-preview:large, max-video-preview:-1\" \/>\n<link rel=\"canonical\" href=\"https:\/\/dicodusport.fr\/blog\/la-teddycima-et-des-promesses\/\" \/>\n<meta property=\"og:locale\" content=\"fr_FR\" \/>\n<meta property=\"og:type\" content=\"article\" \/>\n<meta property=\"og:title\" content=\"La \u00ab\u00a0Teddycima\u00a0\u00bb et des promesses\" \/>\n<meta property=\"og:description\" content=\"Teddy Riner repart de Marrakech avec un dixi\u00e8me titre de champion du monde dans ses valises. Romane Dicko et Anne Fatou M\u2019Bairo \u00e9chouent de peu.\" \/>\n<meta property=\"og:url\" content=\"https:\/\/dicodusport.fr\/blog\/la-teddycima-et-des-promesses\/\" \/>\n<meta property=\"og:site_name\" content=\"Dicodusport\" \/>\n<meta property=\"article:publisher\" content=\"https:\/\/www.facebook.com\/dicodusport\" \/>\n<meta property=\"article:published_time\" content=\"2017-11-13T11:00:14+00:00\" \/>\n<meta property=\"article:modified_time\" content=\"2022-10-13T08:00:24+00:00\" \/>\n<meta property=\"og:image\" content=\"https:\/\/dicodusport.fr\/blog\/wp-content\/uploads\/2017\/11\/La-decima-de-Teddy-Riner.png\" \/>\n\t<meta property=\"og:image:width\" content=\"1200\" \/>\n\t<meta property=\"og:image:height\" content=\"670\" \/>\n\t<meta property=\"og:image:type\" content=\"image\/png\" \/>\n<meta name=\"author\" content=\"Alexandre\" \/>\n<meta name=\"twitter:card\" content=\"summary_large_image\" \/>\n<meta name=\"twitter:creator\" content=\"@dicodusport\" \/>\n<meta name=\"twitter:site\" content=\"@dicodusport\" \/>\n<script type=\"application\/ld+json\" class=\"yoast-schema-graph\">{\"@context\":\"https:\/\/schema.org\",\"@graph\":[{\"@type\":\"NewsArticle\",\"@id\":\"https:\/\/dicodusport.fr\/blog\/la-teddycima-et-des-promesses\/#article\",\"isPartOf\":{\"@id\":\"https:\/\/dicodusport.fr\/blog\/la-teddycima-et-des-promesses\/\"},\"author\":{\"name\":\"Alexandre\",\"@id\":\"https:\/\/dicodusport.fr\/blog\/#\/schema\/person\/6de852e415462ad80b667104f37537b6\"},\"headline\":\"La \u00ab\u00a0Teddycima\u00a0\u00bb et des promesses\",\"datePublished\":\"2017-11-13T11:00:14+00:00\",\"dateModified\":\"2022-10-13T08:00:24+00:00\",\"mainEntityOfPage\":{\"@id\":\"https:\/\/dicodusport.fr\/blog\/la-teddycima-et-des-promesses\/\"},\"wordCount\":497,\"commentCount\":0,\"publisher\":{\"@id\":\"https:\/\/dicodusport.fr\/blog\/#organization\"},\"image\":{\"@id\":\"https:\/\/dicodusport.fr\/blog\/la-teddycima-et-des-promesses\/#primaryimage\"},\"thumbnailUrl\":\"https:\/\/dicodusport.fr\/blog\/wp-content\/uploads\/2017\/11\/La-decima-de-Teddy-Riner.png\",\"keywords\":[\"Judo\",\"Romane Dicko\",\"Teddy Riner\"],\"articleSection\":[\"Actualit\u00e9s\",\"Sports de combat\"],\"inLanguage\":\"fr-FR\",\"potentialAction\":[{\"@type\":\"CommentAction\",\"name\":\"Comment\",\"target\":[\"https:\/\/dicodusport.fr\/blog\/la-teddycima-et-des-promesses\/#respond\"]}],\"copyrightYear\":\"2017\",\"copyrightHolder\":{\"@id\":\"https:\/\/dicodusport.fr\/blog\/#organization\"}},{\"@type\":\"WebPage\",\"@id\":\"https:\/\/dicodusport.fr\/blog\/la-teddycima-et-des-promesses\/\",\"url\":\"https:\/\/dicodusport.fr\/blog\/la-teddycima-et-des-promesses\/\",\"name\":\"La \u00ab\u00a0Teddycima\u00a0\u00bb et des promesses\",\"isPartOf\":{\"@id\":\"https:\/\/dicodusport.fr\/blog\/#website\"},\"primaryImageOfPage\":{\"@id\":\"https:\/\/dicodusport.fr\/blog\/la-teddycima-et-des-promesses\/#primaryimage\"},\"image\":{\"@id\":\"https:\/\/dicodusport.fr\/blog\/la-teddycima-et-des-promesses\/#primaryimage\"},\"thumbnailUrl\":\"https:\/\/dicodusport.fr\/blog\/wp-content\/uploads\/2017\/11\/La-decima-de-Teddy-Riner.png\",\"datePublished\":\"2017-11-13T11:00:14+00:00\",\"dateModified\":\"2022-10-13T08:00:24+00:00\",\"description\":\"Teddy Riner repart de Marrakech avec un dixi\u00e8me titre de champion du monde dans ses valises. Romane Dicko et Anne Fatou M\u2019Bairo \u00e9chouent de peu.\",\"breadcrumb\":{\"@id\":\"https:\/\/dicodusport.fr\/blog\/la-teddycima-et-des-promesses\/#breadcrumb\"},\"inLanguage\":\"fr-FR\",\"potentialAction\":[{\"@type\":\"ReadAction\",\"target\":[\"https:\/\/dicodusport.fr\/blog\/la-teddycima-et-des-promesses\/\"]}]},{\"@type\":\"ImageObject\",\"inLanguage\":\"fr-FR\",\"@id\":\"https:\/\/dicodusport.fr\/blog\/la-teddycima-et-des-promesses\/#primaryimage\",\"url\":\"https:\/\/dicodusport.fr\/blog\/wp-content\/uploads\/2017\/11\/La-decima-de-Teddy-Riner.png\",\"contentUrl\":\"https:\/\/dicodusport.fr\/blog\/wp-content\/uploads\/2017\/11\/La-decima-de-Teddy-Riner.png\",\"width\":1200,\"height\":670,\"caption\":\"Cr\u00e9dits IJF\"},{\"@type\":\"BreadcrumbList\",\"@id\":\"https:\/\/dicodusport.fr\/blog\/la-teddycima-et-des-promesses\/#breadcrumb\",\"itemListElement\":[{\"@type\":\"ListItem\",\"position\":1,\"name\":\"Accueil\",\"item\":\"https:\/\/dicodusport.fr\/blog\/\"},{\"@type\":\"ListItem\",\"position\":2,\"name\":\"La \u00ab\u00a0Teddycima\u00a0\u00bb et des promesses\"}]},{\"@type\":\"WebSite\",\"@id\":\"https:\/\/dicodusport.fr\/blog\/#website\",\"url\":\"https:\/\/dicodusport.fr\/blog\/\",\"name\":\"Dicodusport\",\"description\":\"L&#039;encyclop\u00e9die de l&#039;actualit\u00e9 sportive\",\"publisher\":{\"@id\":\"https:\/\/dicodusport.fr\/blog\/#organization\"},\"potentialAction\":[{\"@type\":\"SearchAction\",\"target\":{\"@type\":\"EntryPoint\",\"urlTemplate\":\"https:\/\/dicodusport.fr\/blog\/?s={search_term_string}\"},\"query-input\":{\"@type\":\"PropertyValueSpecification\",\"valueRequired\":true,\"valueName\":\"search_term_string\"}}],\"inLanguage\":\"fr-FR\"},{\"@type\":\"NewsMediaOrganization\",\"@id\":\"https:\/\/dicodusport.fr\/blog\/#organization\",\"name\":\"Dicodusport\",\"url\":\"https:\/\/dicodusport.fr\/blog\/\",\"logo\":{\"@type\":\"ImageObject\",\"inLanguage\":\"fr-FR\",\"@id\":\"https:\/\/dicodusport.fr\/blog\/#\/schema\/logo\/image\/\",\"url\":\"https:\/\/dicodusport.fr\/blog\/wp-content\/uploads\/2020\/06\/cropped-LOGO-DICODUSPORT-2020-SANS-FOND-SANS-TEXTE.png\",\"contentUrl\":\"https:\/\/dicodusport.fr\/blog\/wp-content\/uploads\/2020\/06\/cropped-LOGO-DICODUSPORT-2020-SANS-FOND-SANS-TEXTE.png\",\"width\":512,\"height\":512,\"caption\":\"Dicodusport\"},\"image\":{\"@id\":\"https:\/\/dicodusport.fr\/blog\/#\/schema\/logo\/image\/\"},\"sameAs\":[\"https:\/\/www.facebook.com\/dicodusport\",\"https:\/\/x.com\/dicodusport\",\"https:\/\/www.instagram.com\/dicodusport\/\",\"https:\/\/www.youtube.com\/channel\/UC7V2KZ5sd3htJivAbA4ZG3w\"],\"description\":\"Dicodusport est l'encyclop\u00e9die de l'actualit\u00e9 sportive.\",\"email\":\"bonjour@dicodusport.fr\",\"legalName\":\"DICODUSPORT\",\"foundingDate\":\"2018-01-14\",\"vatID\":\"FR71834470973\",\"taxID\":\"83447097300043\",\"numberOfEmployees\":{\"@type\":\"QuantitativeValue\",\"minValue\":\"1\",\"maxValue\":\"10\"}},{\"@type\":\"Person\",\"@id\":\"https:\/\/dicodusport.fr\/blog\/#\/schema\/person\/6de852e415462ad80b667104f37537b6\",\"name\":\"Alexandre\",\"image\":{\"@type\":\"ImageObject\",\"inLanguage\":\"fr-FR\",\"@id\":\"https:\/\/dicodusport.fr\/blog\/#\/schema\/person\/image\/\",\"url\":\"https:\/\/dicodusport.fr\/blog\/wp-content\/uploads\/2018\/06\/User-blue-icon-150x150.png\",\"contentUrl\":\"https:\/\/dicodusport.fr\/blog\/wp-content\/uploads\/2018\/06\/User-blue-icon-150x150.png\",\"caption\":\"Alexandre\"},\"url\":\"https:\/\/dicodusport.fr\/blog\/author\/alexandre\/\"}]}<\/script>\n<!-- \/ Yoast SEO Premium plugin. -->","yoast_head_json":{"title":"La \u00ab\u00a0Teddycima\u00a0\u00bb et des promesses","description":"Teddy Riner repart de Marrakech avec un dixi\u00e8me titre de champion du monde dans ses valises. Romane Dicko et Anne Fatou M\u2019Bairo \u00e9chouent de peu.","robots":{"index":"index","follow":"follow","max-snippet":"max-snippet:-1","max-image-preview":"max-image-preview:large","max-video-preview":"max-video-preview:-1"},"canonical":"https:\/\/dicodusport.fr\/blog\/la-teddycima-et-des-promesses\/","og_locale":"fr_FR","og_type":"article","og_title":"La \u00ab\u00a0Teddycima\u00a0\u00bb et des promesses","og_description":"Teddy Riner repart de Marrakech avec un dixi\u00e8me titre de champion du monde dans ses valises. Romane Dicko et Anne Fatou M\u2019Bairo \u00e9chouent de peu.","og_url":"https:\/\/dicodusport.fr\/blog\/la-teddycima-et-des-promesses\/","og_site_name":"Dicodusport","article_publisher":"https:\/\/www.facebook.com\/dicodusport","article_published_time":"2017-11-13T11:00:14+00:00","article_modified_time":"2022-10-13T08:00:24+00:00","og_image":[{"width":1200,"height":670,"url":"https:\/\/dicodusport.fr\/blog\/wp-content\/uploads\/2017\/11\/La-decima-de-Teddy-Riner.png","type":"image\/png"}],"author":"Alexandre","twitter_card":"summary_large_image","twitter_creator":"@dicodusport","twitter_site":"@dicodusport","schema":{"@context":"https:\/\/schema.org","@graph":[{"@type":"NewsArticle","@id":"https:\/\/dicodusport.fr\/blog\/la-teddycima-et-des-promesses\/#article","isPartOf":{"@id":"https:\/\/dicodusport.fr\/blog\/la-teddycima-et-des-promesses\/"},"author":{"name":"Alexandre","@id":"https:\/\/dicodusport.fr\/blog\/#\/schema\/person\/6de852e415462ad80b667104f37537b6"},"headline":"La \u00ab\u00a0Teddycima\u00a0\u00bb et des promesses","datePublished":"2017-11-13T11:00:14+00:00","dateModified":"2022-10-13T08:00:24+00:00","mainEntityOfPage":{"@id":"https:\/\/dicodusport.fr\/blog\/la-teddycima-et-des-promesses\/"},"wordCount":497,"commentCount":0,"publisher":{"@id":"https:\/\/dicodusport.fr\/blog\/#organization"},"image":{"@id":"https:\/\/dicodusport.fr\/blog\/la-teddycima-et-des-promesses\/#primaryimage"},"thumbnailUrl":"https:\/\/dicodusport.fr\/blog\/wp-content\/uploads\/2017\/11\/La-decima-de-Teddy-Riner.png","keywords":["Judo","Romane Dicko","Teddy Riner"],"articleSection":["Actualit\u00e9s","Sports de combat"],"inLanguage":"fr-FR","potentialAction":[{"@type":"CommentAction","name":"Comment","target":["https:\/\/dicodusport.fr\/blog\/la-teddycima-et-des-promesses\/#respond"]}],"copyrightYear":"2017","copyrightHolder":{"@id":"https:\/\/dicodusport.fr\/blog\/#organization"}},{"@type":"WebPage","@id":"https:\/\/dicodusport.fr\/blog\/la-teddycima-et-des-promesses\/","url":"https:\/\/dicodusport.fr\/blog\/la-teddycima-et-des-promesses\/","name":"La \u00ab\u00a0Teddycima\u00a0\u00bb et des promesses","isPartOf":{"@id":"https:\/\/dicodusport.fr\/blog\/#website"},"primaryImageOfPage":{"@id":"https:\/\/dicodusport.fr\/blog\/la-teddycima-et-des-promesses\/#primaryimage"},"image":{"@id":"https:\/\/dicodusport.fr\/blog\/la-teddycima-et-des-promesses\/#primaryimage"},"thumbnailUrl":"https:\/\/dicodusport.fr\/blog\/wp-content\/uploads\/2017\/11\/La-decima-de-Teddy-Riner.png","datePublished":"2017-11-13T11:00:14+00:00","dateModified":"2022-10-13T08:00:24+00:00","description":"Teddy Riner repart de Marrakech avec un dixi\u00e8me titre de champion du monde dans ses valises. Romane Dicko et Anne Fatou M\u2019Bairo \u00e9chouent de peu.","breadcrumb":{"@id":"https:\/\/dicodusport.fr\/blog\/la-teddycima-et-des-promesses\/#breadcrumb"},"inLanguage":"fr-FR","potentialAction":[{"@type":"ReadAction","target":["https:\/\/dicodusport.fr\/blog\/la-teddycima-et-des-promesses\/"]}]},{"@type":"ImageObject","inLanguage":"fr-FR","@id":"https:\/\/dicodusport.fr\/blog\/la-teddycima-et-des-promesses\/#primaryimage","url":"https:\/\/dicodusport.fr\/blog\/wp-content\/uploads\/2017\/11\/La-decima-de-Teddy-Riner.png","contentUrl":"https:\/\/dicodusport.fr\/blog\/wp-content\/uploads\/2017\/11\/La-decima-de-Teddy-Riner.png","width":1200,"height":670,"caption":"Cr\u00e9dits IJF"},{"@type":"BreadcrumbList","@id":"https:\/\/dicodusport.fr\/blog\/la-teddycima-et-des-promesses\/#breadcrumb","itemListElement":[{"@type":"ListItem","position":1,"name":"Accueil","item":"https:\/\/dicodusport.fr\/blog\/"},{"@type":"ListItem","position":2,"name":"La \u00ab\u00a0Teddycima\u00a0\u00bb et des promesses"}]},{"@type":"WebSite","@id":"https:\/\/dicodusport.fr\/blog\/#website","url":"https:\/\/dicodusport.fr\/blog\/","name":"Dicodusport","description":"L&#039;encyclop\u00e9die de l&#039;actualit\u00e9 sportive","publisher":{"@id":"https:\/\/dicodusport.fr\/blog\/#organization"},"potentialAction":[{"@type":"SearchAction","target":{"@type":"EntryPoint","urlTemplate":"https:\/\/dicodusport.fr\/blog\/?s={search_term_string}"},"query-input":{"@type":"PropertyValueSpecification","valueRequired":true,"valueName":"search_term_string"}}],"inLanguage":"fr-FR"},{"@type":"NewsMediaOrganization","@id":"https:\/\/dicodusport.fr\/blog\/#organization","name":"Dicodusport","url":"https:\/\/dicodusport.fr\/blog\/","logo":{"@type":"ImageObject","inLanguage":"fr-FR","@id":"https:\/\/dicodusport.fr\/blog\/#\/schema\/logo\/image\/","url":"https:\/\/dicodusport.fr\/blog\/wp-content\/uploads\/2020\/06\/cropped-LOGO-DICODUSPORT-2020-SANS-FOND-SANS-TEXTE.png","contentUrl":"https:\/\/dicodusport.fr\/blog\/wp-content\/uploads\/2020\/06\/cropped-LOGO-DICODUSPORT-2020-SANS-FOND-SANS-TEXTE.png","width":512,"height":512,"caption":"Dicodusport"},"image":{"@id":"https:\/\/dicodusport.fr\/blog\/#\/schema\/logo\/image\/"},"sameAs":["https:\/\/www.facebook.com\/dicodusport","https:\/\/x.com\/dicodusport","https:\/\/www.instagram.com\/dicodusport\/","https:\/\/www.youtube.com\/channel\/UC7V2KZ5sd3htJivAbA4ZG3w"],"description":"Dicodusport est l'encyclop\u00e9die de l'actualit\u00e9 sportive.","email":"bonjour@dicodusport.fr","legalName":"DICODUSPORT","foundingDate":"2018-01-14","vatID":"FR71834470973","taxID":"83447097300043","numberOfEmployees":{"@type":"QuantitativeValue","minValue":"1","maxValue":"10"}},{"@type":"Person","@id":"https:\/\/dicodusport.fr\/blog\/#\/schema\/person\/6de852e415462ad80b667104f37537b6","name":"Alexandre","image":{"@type":"ImageObject","inLanguage":"fr-FR","@id":"https:\/\/dicodusport.fr\/blog\/#\/schema\/person\/image\/","url":"https:\/\/dicodusport.fr\/blog\/wp-content\/uploads\/2018\/06\/User-blue-icon-150x150.png","contentUrl":"https:\/\/dicodusport.fr\/blog\/wp-content\/uploads\/2018\/06\/User-blue-icon-150x150.png","caption":"Alexandre"},"url":"https:\/\/dicodusport.fr\/blog\/author\/alexandre\/"}]}},"_links":{"self":[{"href":"https:\/\/dicodusport.fr\/blog\/wp-json\/wp\/v2\/posts\/6863","targetHints":{"allow":["GET"]}}],"collection":[{"href":"https:\/\/dicodusport.fr\/blog\/wp-json\/wp\/v2\/posts"}],"about":[{"href":"https:\/\/dicodusport.fr\/blog\/wp-json\/wp\/v2\/types\/post"}],"author":[{"embeddable":true,"href":"https:\/\/dicodusport.fr\/blog\/wp-json\/wp\/v2\/users\/22"}],"replies":[{"embeddable":true,"href":"https:\/\/dicodusport.fr\/blog\/wp-json\/wp\/v2\/comments?post=6863"}],"version-history":[{"count":0,"href":"https:\/\/dicodusport.fr\/blog\/wp-json\/wp\/v2\/posts\/6863\/revisions"}],"wp:featuredmedia":[{"embeddable":true,"href":"https:\/\/dicodusport.fr\/blog\/wp-json\/wp\/v2\/media\/6864"}],"wp:attachment":[{"href":"https:\/\/dicodusport.fr\/blog\/wp-json\/wp\/v2\/media?parent=6863"}],"wp:term":[{"taxonomy":"category","embeddable":true,"href":"https:\/\/dicodusport.fr\/blog\/wp-json\/wp\/v2\/categories?post=6863"},{"taxonomy":"post_tag","embeddable":true,"href":"https:\/\/dicodusport.fr\/blog\/wp-json\/wp\/v2\/tags?post=6863"}],"curies":[{"name":"wp","href":"https:\/\/api.w.org\/{rel}","templated":true}]}}