{"id":68631,"date":"2020-06-10T17:03:15","date_gmt":"2020-06-10T15:03:15","guid":{"rendered":"http:\/\/dicodusport.fr\/blog\/?p=68631&#038;preview=true&#038;preview_id=68631"},"modified":"2020-06-11T09:37:36","modified_gmt":"2020-06-11T07:37:36","slug":"a-37-ans-et-fin-de-contrat-annemiek-van-vleuten-encore-faim","status":"publish","type":"post","link":"https:\/\/dicodusport.fr\/blog\/a-37-ans-et-fin-de-contrat-annemiek-van-vleuten-encore-faim\/","title":{"rendered":"\u00c0 37 ans et en fin de contrat, Annemiek van Vleuten a encore faim"},"content":{"rendered":"<p style=\"text-align: justify;\"><strong><em>CYCLISME &#8211; <a href=\"https:\/\/dicodusport.fr\/blog\/championnats-du-monde-annemiek-van-vleuten-sacree-apres-un-grand-numero\/\" target=\"_blank\" rel=\"noopener noreferrer\">Championne du monde en titre apr\u00e8s son num\u00e9ro dans le Yorkshire<\/a>, Annemiek van Vleuten arrive en fin de contrat au sein de la formation Mitchelton-Scott. Mais \u00e0 37 ans, la championne n\u00e9erlandaise n&rsquo;est pas rassasi\u00e9e.<\/em><\/strong><\/p>\n<p style=\"text-align: justify;\">Invit\u00e9e sur le podcast <a href=\"https:\/\/podcasts.apple.com\/nl\/podcast\/de-twaalfde-annemiek-van-vleuten\/id1458669608?i=1000477251810&amp;irgwc=1&amp;aosid=p239&amp;cid=aos-us-aff-ir&amp;irchannel=13631&amp;irpid=221109&amp;clickid=yJFSbPWIJxyOUPTwUx0Mo3EUUki3D6QJNVKCw80&amp;ircid=7613\" target=\"_blank\" rel=\"noopener noreferrer\"><strong><em>Crotcast<\/em><\/strong><\/a>, <strong>Annemiek van Vleuten<\/strong> persiste. La championne du monde sur route en titre, auteure d&rsquo;une saison 2019 incroyable (laur\u00e9ate du <strong>Tour d&rsquo;Italie<\/strong>, des <a href=\"https:\/\/dicodusport.fr\/blog\/strade-bianche-f-annemiek-van-vleuten-s-impose-en-solitare\/\" target=\"_blank\" rel=\"noopener noreferrer\"><strong>Strade Bianche<\/strong><\/a> et de <strong>Li\u00e8ge-Bastogne-Li\u00e8ge<\/strong>), veut poursuivre sa carri\u00e8re en 2021. Mais la N\u00e9erlandaise arrive en fin de contrat chez <strong>Mitchelton-Scott<\/strong>, structure pour laquelle elle court depuis 2016, \u00e0 l&rsquo;\u00e9poque d&rsquo;<strong>Orica<\/strong>. Pas de quoi d\u00e9courager la Batave de 37 ans, vainqueur du <strong>Het Nieuwsblad<\/strong> en d\u00e9but d&rsquo;ann\u00e9e.<\/p>\n<blockquote>\n<p style=\"text-align: justify;\">Je pense que tout le monde devrait arr\u00eater au moment propice. Mon contrat se termine \u00e0 la fin de l&rsquo;ann\u00e9e. J&rsquo;ai \u00e9t\u00e9 approch\u00e9e par d&rsquo;autres \u00e9quipes. Je suis s\u00fbre de continuer deux ans de plus, parce que je ne veux pas finir lors d&rsquo;une ann\u00e9e olympique. J&rsquo;aimerais donc signer quelque part pour deux ans. Je me sens bien dans mon \u00e9quipe actuelle, mais j&rsquo;envisage les options o\u00f9 je pourrais prendre le plus de plaisir.<\/p>\n<\/blockquote>\n<p><strong><em>Dicodusport<br \/>\n<a href=\"https:\/\/www.facebook.com\/dicodusport\/\" target=\"_blank\" rel=\"noopener noreferrer\"><img loading=\"lazy\" decoding=\"async\" class=\"alignnone wp-image-2909\" src=\"http:\/\/dicodusport.fr\/blog\/wp-content\/uploads\/2017\/07\/logo-facebook-150x150.png\" alt=\"\" width=\"40\" height=\"40\" \/><\/a><a href=\"https:\/\/twitter.com\/dicodusport\" target=\"_blank\" rel=\"noopener noreferrer\"><img loading=\"lazy\" decoding=\"async\" class=\"alignnone wp-image-2908\" src=\"http:\/\/dicodusport.fr\/blog\/wp-content\/uploads\/2017\/07\/logo-twitter-150x150.png\" alt=\"\" width=\"39\" height=\"39\" \/><\/a><\/em><\/strong><\/p>\n","protected":false},"excerpt":{"rendered":"<p>CYCLISME &#8211; Championne du monde en titre, Annemiek van Vleuten arrive en fin de contrat au sein de la formation Mitchelton-Scott. Mais \u00e0 37 ans, la championne n\u00e9erlandaise n&rsquo;est pas rassasi\u00e9e.<\/p>\n","protected":false},"author":4,"featured_media":68632,"comment_status":"open","ping_status":"closed","sticky":false,"template":"","format":"standard","meta":{"_acf_changed":false,"_daextam_enable_autolinks":"","footnotes":""},"categories":[2307],"tags":[6120,574],"class_list":["post-68631","post","type-post","status-publish","format-standard","has-post-thumbnail","hentry","category-cyclisme","tag-annemiek-van-vleuten","tag-cyclisme"],"acf":[],"yoast_head":"<!-- This site is optimized with the Yoast SEO Premium plugin v26.7 (Yoast SEO v26.7) - https:\/\/yoast.com\/wordpress\/plugins\/seo\/ -->\n<title>\u00c0 37 ans et en fin de contrat, Annemiek van Vleuten a encore faim<\/title>\n<meta name=\"description\" content=\"CYCLISME - Championne du monde en titre, Annemiek van Vleuten arrive en fin de contrat au sein de la formation Mitchelton-Scott.\" \/>\n<meta name=\"robots\" content=\"index, follow, max-snippet:-1, max-image-preview:large, max-video-preview:-1\" \/>\n<link rel=\"canonical\" href=\"https:\/\/dicodusport.fr\/blog\/a-37-ans-et-fin-de-contrat-annemiek-van-vleuten-encore-faim\/\" \/>\n<meta property=\"og:locale\" content=\"fr_FR\" \/>\n<meta property=\"og:type\" content=\"article\" \/>\n<meta property=\"og:title\" content=\"\u00c0 37 ans et en fin de contrat, Annemiek van Vleuten a encore faim\" \/>\n<meta property=\"og:description\" content=\"CYCLISME - Championne du monde en titre, Annemiek van Vleuten arrive en fin de contrat au sein de la formation Mitchelton-Scott.\" \/>\n<meta property=\"og:url\" content=\"https:\/\/dicodusport.fr\/blog\/a-37-ans-et-fin-de-contrat-annemiek-van-vleuten-encore-faim\/\" \/>\n<meta property=\"og:site_name\" content=\"Dicodusport\" \/>\n<meta property=\"article:publisher\" content=\"https:\/\/www.facebook.com\/dicodusport\" \/>\n<meta property=\"article:author\" content=\"https:\/\/www.facebook.com\/florent.ostermann\" \/>\n<meta property=\"article:published_time\" content=\"2020-06-10T15:03:15+00:00\" \/>\n<meta property=\"article:modified_time\" content=\"2020-06-11T07:37:36+00:00\" \/>\n<meta property=\"og:image\" content=\"https:\/\/dicodusport.fr\/blog\/wp-content\/uploads\/2020\/06\/\u00c0-37-ans-et-en-fin-de-contrat-Annemiek-van-Vleuten-a-encore-faim.png\" \/>\n\t<meta property=\"og:image:width\" content=\"800\" \/>\n\t<meta property=\"og:image:height\" content=\"445\" \/>\n\t<meta property=\"og:image:type\" content=\"image\/png\" \/>\n<meta name=\"author\" content=\"Flo Ostermann\" \/>\n<meta name=\"twitter:card\" content=\"summary_large_image\" \/>\n<meta name=\"twitter:title\" content=\"\u00c0 37 ans et en fin de contrat, Annemiek van Vleuten a encore faim\" \/>\n<meta name=\"twitter:creator\" content=\"@https:\/\/twitter.com\/FlOstermann\" \/>\n<meta name=\"twitter:site\" content=\"@dicodusport\" \/>\n<script type=\"application\/ld+json\" class=\"yoast-schema-graph\">{\"@context\":\"https:\/\/schema.org\",\"@graph\":[{\"@type\":\"NewsArticle\",\"@id\":\"https:\/\/dicodusport.fr\/blog\/a-37-ans-et-fin-de-contrat-annemiek-van-vleuten-encore-faim\/#article\",\"isPartOf\":{\"@id\":\"https:\/\/dicodusport.fr\/blog\/a-37-ans-et-fin-de-contrat-annemiek-van-vleuten-encore-faim\/\"},\"author\":{\"name\":\"Flo Ostermann\",\"@id\":\"https:\/\/dicodusport.fr\/blog\/#\/schema\/person\/cb02af4c173ce4a653b55e9baf388d4a\"},\"headline\":\"\u00c0 37 ans et en fin de contrat, Annemiek van Vleuten a encore faim\",\"datePublished\":\"2020-06-10T15:03:15+00:00\",\"dateModified\":\"2020-06-11T07:37:36+00:00\",\"mainEntityOfPage\":{\"@id\":\"https:\/\/dicodusport.fr\/blog\/a-37-ans-et-fin-de-contrat-annemiek-van-vleuten-encore-faim\/\"},\"wordCount\":220,\"commentCount\":0,\"publisher\":{\"@id\":\"https:\/\/dicodusport.fr\/blog\/#organization\"},\"image\":{\"@id\":\"https:\/\/dicodusport.fr\/blog\/a-37-ans-et-fin-de-contrat-annemiek-van-vleuten-encore-faim\/#primaryimage\"},\"thumbnailUrl\":\"https:\/\/dicodusport.fr\/blog\/wp-content\/uploads\/2020\/06\/\u00c0-37-ans-et-en-fin-de-contrat-Annemiek-van-Vleuten-a-encore-faim.png\",\"keywords\":[\"Annemiek Van Vleuten\",\"Cyclisme\"],\"articleSection\":[\"Cyclisme\"],\"inLanguage\":\"fr-FR\",\"potentialAction\":[{\"@type\":\"CommentAction\",\"name\":\"Comment\",\"target\":[\"https:\/\/dicodusport.fr\/blog\/a-37-ans-et-fin-de-contrat-annemiek-van-vleuten-encore-faim\/#respond\"]}],\"copyrightYear\":\"2020\",\"copyrightHolder\":{\"@id\":\"https:\/\/dicodusport.fr\/blog\/#organization\"}},{\"@type\":\"WebPage\",\"@id\":\"https:\/\/dicodusport.fr\/blog\/a-37-ans-et-fin-de-contrat-annemiek-van-vleuten-encore-faim\/\",\"url\":\"https:\/\/dicodusport.fr\/blog\/a-37-ans-et-fin-de-contrat-annemiek-van-vleuten-encore-faim\/\",\"name\":\"\u00c0 37 ans et en fin de contrat, Annemiek van Vleuten a encore faim\",\"isPartOf\":{\"@id\":\"https:\/\/dicodusport.fr\/blog\/#website\"},\"primaryImageOfPage\":{\"@id\":\"https:\/\/dicodusport.fr\/blog\/a-37-ans-et-fin-de-contrat-annemiek-van-vleuten-encore-faim\/#primaryimage\"},\"image\":{\"@id\":\"https:\/\/dicodusport.fr\/blog\/a-37-ans-et-fin-de-contrat-annemiek-van-vleuten-encore-faim\/#primaryimage\"},\"thumbnailUrl\":\"https:\/\/dicodusport.fr\/blog\/wp-content\/uploads\/2020\/06\/\u00c0-37-ans-et-en-fin-de-contrat-Annemiek-van-Vleuten-a-encore-faim.png\",\"datePublished\":\"2020-06-10T15:03:15+00:00\",\"dateModified\":\"2020-06-11T07:37:36+00:00\",\"description\":\"CYCLISME - Championne du monde en titre, Annemiek van Vleuten arrive en fin de contrat au sein de la formation Mitchelton-Scott.\",\"breadcrumb\":{\"@id\":\"https:\/\/dicodusport.fr\/blog\/a-37-ans-et-fin-de-contrat-annemiek-van-vleuten-encore-faim\/#breadcrumb\"},\"inLanguage\":\"fr-FR\",\"potentialAction\":[{\"@type\":\"ReadAction\",\"target\":[\"https:\/\/dicodusport.fr\/blog\/a-37-ans-et-fin-de-contrat-annemiek-van-vleuten-encore-faim\/\"]}]},{\"@type\":\"ImageObject\",\"inLanguage\":\"fr-FR\",\"@id\":\"https:\/\/dicodusport.fr\/blog\/a-37-ans-et-fin-de-contrat-annemiek-van-vleuten-encore-faim\/#primaryimage\",\"url\":\"https:\/\/dicodusport.fr\/blog\/wp-content\/uploads\/2020\/06\/\u00c0-37-ans-et-en-fin-de-contrat-Annemiek-van-Vleuten-a-encore-faim.png\",\"contentUrl\":\"https:\/\/dicodusport.fr\/blog\/wp-content\/uploads\/2020\/06\/\u00c0-37-ans-et-en-fin-de-contrat-Annemiek-van-Vleuten-a-encore-faim.png\",\"width\":800,\"height\":445,\"caption\":\"\u00c0 37 ans et en fin de contrat, Annemiek van Vleuten a encore faim\"},{\"@type\":\"BreadcrumbList\",\"@id\":\"https:\/\/dicodusport.fr\/blog\/a-37-ans-et-fin-de-contrat-annemiek-van-vleuten-encore-faim\/#breadcrumb\",\"itemListElement\":[{\"@type\":\"ListItem\",\"position\":1,\"name\":\"Accueil\",\"item\":\"https:\/\/dicodusport.fr\/blog\/\"},{\"@type\":\"ListItem\",\"position\":2,\"name\":\"\u00c0 37 ans et en fin de contrat, Annemiek van Vleuten a encore faim\"}]},{\"@type\":\"WebSite\",\"@id\":\"https:\/\/dicodusport.fr\/blog\/#website\",\"url\":\"https:\/\/dicodusport.fr\/blog\/\",\"name\":\"Dicodusport\",\"description\":\"L&#039;encyclop\u00e9die de l&#039;actualit\u00e9 sportive\",\"publisher\":{\"@id\":\"https:\/\/dicodusport.fr\/blog\/#organization\"},\"potentialAction\":[{\"@type\":\"SearchAction\",\"target\":{\"@type\":\"EntryPoint\",\"urlTemplate\":\"https:\/\/dicodusport.fr\/blog\/?s={search_term_string}\"},\"query-input\":{\"@type\":\"PropertyValueSpecification\",\"valueRequired\":true,\"valueName\":\"search_term_string\"}}],\"inLanguage\":\"fr-FR\"},{\"@type\":\"NewsMediaOrganization\",\"@id\":\"https:\/\/dicodusport.fr\/blog\/#organization\",\"name\":\"Dicodusport\",\"url\":\"https:\/\/dicodusport.fr\/blog\/\",\"logo\":{\"@type\":\"ImageObject\",\"inLanguage\":\"fr-FR\",\"@id\":\"https:\/\/dicodusport.fr\/blog\/#\/schema\/logo\/image\/\",\"url\":\"https:\/\/dicodusport.fr\/blog\/wp-content\/uploads\/2020\/06\/cropped-LOGO-DICODUSPORT-2020-SANS-FOND-SANS-TEXTE.png\",\"contentUrl\":\"https:\/\/dicodusport.fr\/blog\/wp-content\/uploads\/2020\/06\/cropped-LOGO-DICODUSPORT-2020-SANS-FOND-SANS-TEXTE.png\",\"width\":512,\"height\":512,\"caption\":\"Dicodusport\"},\"image\":{\"@id\":\"https:\/\/dicodusport.fr\/blog\/#\/schema\/logo\/image\/\"},\"sameAs\":[\"https:\/\/www.facebook.com\/dicodusport\",\"https:\/\/x.com\/dicodusport\",\"https:\/\/www.instagram.com\/dicodusport\/\",\"https:\/\/www.youtube.com\/channel\/UC7V2KZ5sd3htJivAbA4ZG3w\"],\"description\":\"Dicodusport est l'encyclop\u00e9die de l'actualit\u00e9 sportive.\",\"email\":\"bonjour@dicodusport.fr\",\"legalName\":\"DICODUSPORT\",\"foundingDate\":\"2018-01-14\",\"vatID\":\"FR71834470973\",\"taxID\":\"83447097300043\",\"numberOfEmployees\":{\"@type\":\"QuantitativeValue\",\"minValue\":\"1\",\"maxValue\":\"10\"}},{\"@type\":\"Person\",\"@id\":\"https:\/\/dicodusport.fr\/blog\/#\/schema\/person\/cb02af4c173ce4a653b55e9baf388d4a\",\"name\":\"Flo Ostermann\",\"image\":{\"@type\":\"ImageObject\",\"inLanguage\":\"fr-FR\",\"@id\":\"https:\/\/dicodusport.fr\/blog\/#\/schema\/person\/image\/\",\"url\":\"https:\/\/dicodusport.fr\/blog\/wp-content\/uploads\/2021\/05\/Flo-Ostermann-150x150.jpg\",\"contentUrl\":\"https:\/\/dicodusport.fr\/blog\/wp-content\/uploads\/2021\/05\/Flo-Ostermann-150x150.jpg\",\"caption\":\"Flo Ostermann\"},\"description\":\"Journaliste\/R\u00e9dacteur depuis septembre 2015 - Mes premiers souvenirs dans le sport ? Les envol\u00e9es du Stade Toulousain et les duels Villeneuve-Schumacher et H\u00e4kkinen-Schumacher \u00e0 la fin des ann\u00e9es 90, la Coupe du monde de football en 1998, l\u2019exploit du XV de France face aux All Blacks en 1999, mais aussi Richard C\u0153ur de Lion qui vole sur les montagnes du Tour de France. Bien parti pour devenir professeur d\u2019EPS, les \u00e9v\u00e9nements de la vie (et la flemme d\u2019animer des s\u00e9ances de 3x500 m\u00e8tres toute ma vie) m\u2019ont conduit \u00e0 revoir mes plans. Me voil\u00e0 depuis fin 2017 sur Dicodusport, m\u00e9dia gr\u00e2ce (et pour) lequel je partage ma passion : le sport dans tous ses \u00e9tats. Le tout accompagn\u00e9 par les fous furieux et folles furieuses cit\u00e9s sur cette page !\",\"sameAs\":[\"https:\/\/www.facebook.com\/florent.ostermann\",\"https:\/\/x.com\/https:\/\/twitter.com\/FlOstermann\",\"admin\"],\"url\":\"https:\/\/dicodusport.fr\/blog\/author\/flo\/\"}]}<\/script>\n<!-- \/ Yoast SEO Premium plugin. -->","yoast_head_json":{"title":"\u00c0 37 ans et en fin de contrat, Annemiek van Vleuten a encore faim","description":"CYCLISME - Championne du monde en titre, Annemiek van Vleuten arrive en fin de contrat au sein de la formation Mitchelton-Scott.","robots":{"index":"index","follow":"follow","max-snippet":"max-snippet:-1","max-image-preview":"max-image-preview:large","max-video-preview":"max-video-preview:-1"},"canonical":"https:\/\/dicodusport.fr\/blog\/a-37-ans-et-fin-de-contrat-annemiek-van-vleuten-encore-faim\/","og_locale":"fr_FR","og_type":"article","og_title":"\u00c0 37 ans et en fin de contrat, Annemiek van Vleuten a encore faim","og_description":"CYCLISME - Championne du monde en titre, Annemiek van Vleuten arrive en fin de contrat au sein de la formation Mitchelton-Scott.","og_url":"https:\/\/dicodusport.fr\/blog\/a-37-ans-et-fin-de-contrat-annemiek-van-vleuten-encore-faim\/","og_site_name":"Dicodusport","article_publisher":"https:\/\/www.facebook.com\/dicodusport","article_author":"https:\/\/www.facebook.com\/florent.ostermann","article_published_time":"2020-06-10T15:03:15+00:00","article_modified_time":"2020-06-11T07:37:36+00:00","og_image":[{"width":800,"height":445,"url":"https:\/\/dicodusport.fr\/blog\/wp-content\/uploads\/2020\/06\/\u00c0-37-ans-et-en-fin-de-contrat-Annemiek-van-Vleuten-a-encore-faim.png","type":"image\/png"}],"author":"Flo Ostermann","twitter_card":"summary_large_image","twitter_title":"\u00c0 37 ans et en fin de contrat, Annemiek van Vleuten a encore faim","twitter_creator":"@https:\/\/twitter.com\/FlOstermann","twitter_site":"@dicodusport","schema":{"@context":"https:\/\/schema.org","@graph":[{"@type":"NewsArticle","@id":"https:\/\/dicodusport.fr\/blog\/a-37-ans-et-fin-de-contrat-annemiek-van-vleuten-encore-faim\/#article","isPartOf":{"@id":"https:\/\/dicodusport.fr\/blog\/a-37-ans-et-fin-de-contrat-annemiek-van-vleuten-encore-faim\/"},"author":{"name":"Flo Ostermann","@id":"https:\/\/dicodusport.fr\/blog\/#\/schema\/person\/cb02af4c173ce4a653b55e9baf388d4a"},"headline":"\u00c0 37 ans et en fin de contrat, Annemiek van Vleuten a encore faim","datePublished":"2020-06-10T15:03:15+00:00","dateModified":"2020-06-11T07:37:36+00:00","mainEntityOfPage":{"@id":"https:\/\/dicodusport.fr\/blog\/a-37-ans-et-fin-de-contrat-annemiek-van-vleuten-encore-faim\/"},"wordCount":220,"commentCount":0,"publisher":{"@id":"https:\/\/dicodusport.fr\/blog\/#organization"},"image":{"@id":"https:\/\/dicodusport.fr\/blog\/a-37-ans-et-fin-de-contrat-annemiek-van-vleuten-encore-faim\/#primaryimage"},"thumbnailUrl":"https:\/\/dicodusport.fr\/blog\/wp-content\/uploads\/2020\/06\/\u00c0-37-ans-et-en-fin-de-contrat-Annemiek-van-Vleuten-a-encore-faim.png","keywords":["Annemiek Van Vleuten","Cyclisme"],"articleSection":["Cyclisme"],"inLanguage":"fr-FR","potentialAction":[{"@type":"CommentAction","name":"Comment","target":["https:\/\/dicodusport.fr\/blog\/a-37-ans-et-fin-de-contrat-annemiek-van-vleuten-encore-faim\/#respond"]}],"copyrightYear":"2020","copyrightHolder":{"@id":"https:\/\/dicodusport.fr\/blog\/#organization"}},{"@type":"WebPage","@id":"https:\/\/dicodusport.fr\/blog\/a-37-ans-et-fin-de-contrat-annemiek-van-vleuten-encore-faim\/","url":"https:\/\/dicodusport.fr\/blog\/a-37-ans-et-fin-de-contrat-annemiek-van-vleuten-encore-faim\/","name":"\u00c0 37 ans et en fin de contrat, Annemiek van Vleuten a encore faim","isPartOf":{"@id":"https:\/\/dicodusport.fr\/blog\/#website"},"primaryImageOfPage":{"@id":"https:\/\/dicodusport.fr\/blog\/a-37-ans-et-fin-de-contrat-annemiek-van-vleuten-encore-faim\/#primaryimage"},"image":{"@id":"https:\/\/dicodusport.fr\/blog\/a-37-ans-et-fin-de-contrat-annemiek-van-vleuten-encore-faim\/#primaryimage"},"thumbnailUrl":"https:\/\/dicodusport.fr\/blog\/wp-content\/uploads\/2020\/06\/\u00c0-37-ans-et-en-fin-de-contrat-Annemiek-van-Vleuten-a-encore-faim.png","datePublished":"2020-06-10T15:03:15+00:00","dateModified":"2020-06-11T07:37:36+00:00","description":"CYCLISME - Championne du monde en titre, Annemiek van Vleuten arrive en fin de contrat au sein de la formation Mitchelton-Scott.","breadcrumb":{"@id":"https:\/\/dicodusport.fr\/blog\/a-37-ans-et-fin-de-contrat-annemiek-van-vleuten-encore-faim\/#breadcrumb"},"inLanguage":"fr-FR","potentialAction":[{"@type":"ReadAction","target":["https:\/\/dicodusport.fr\/blog\/a-37-ans-et-fin-de-contrat-annemiek-van-vleuten-encore-faim\/"]}]},{"@type":"ImageObject","inLanguage":"fr-FR","@id":"https:\/\/dicodusport.fr\/blog\/a-37-ans-et-fin-de-contrat-annemiek-van-vleuten-encore-faim\/#primaryimage","url":"https:\/\/dicodusport.fr\/blog\/wp-content\/uploads\/2020\/06\/\u00c0-37-ans-et-en-fin-de-contrat-Annemiek-van-Vleuten-a-encore-faim.png","contentUrl":"https:\/\/dicodusport.fr\/blog\/wp-content\/uploads\/2020\/06\/\u00c0-37-ans-et-en-fin-de-contrat-Annemiek-van-Vleuten-a-encore-faim.png","width":800,"height":445,"caption":"\u00c0 37 ans et en fin de contrat, Annemiek van Vleuten a encore faim"},{"@type":"BreadcrumbList","@id":"https:\/\/dicodusport.fr\/blog\/a-37-ans-et-fin-de-contrat-annemiek-van-vleuten-encore-faim\/#breadcrumb","itemListElement":[{"@type":"ListItem","position":1,"name":"Accueil","item":"https:\/\/dicodusport.fr\/blog\/"},{"@type":"ListItem","position":2,"name":"\u00c0 37 ans et en fin de contrat, Annemiek van Vleuten a encore faim"}]},{"@type":"WebSite","@id":"https:\/\/dicodusport.fr\/blog\/#website","url":"https:\/\/dicodusport.fr\/blog\/","name":"Dicodusport","description":"L&#039;encyclop\u00e9die de l&#039;actualit\u00e9 sportive","publisher":{"@id":"https:\/\/dicodusport.fr\/blog\/#organization"},"potentialAction":[{"@type":"SearchAction","target":{"@type":"EntryPoint","urlTemplate":"https:\/\/dicodusport.fr\/blog\/?s={search_term_string}"},"query-input":{"@type":"PropertyValueSpecification","valueRequired":true,"valueName":"search_term_string"}}],"inLanguage":"fr-FR"},{"@type":"NewsMediaOrganization","@id":"https:\/\/dicodusport.fr\/blog\/#organization","name":"Dicodusport","url":"https:\/\/dicodusport.fr\/blog\/","logo":{"@type":"ImageObject","inLanguage":"fr-FR","@id":"https:\/\/dicodusport.fr\/blog\/#\/schema\/logo\/image\/","url":"https:\/\/dicodusport.fr\/blog\/wp-content\/uploads\/2020\/06\/cropped-LOGO-DICODUSPORT-2020-SANS-FOND-SANS-TEXTE.png","contentUrl":"https:\/\/dicodusport.fr\/blog\/wp-content\/uploads\/2020\/06\/cropped-LOGO-DICODUSPORT-2020-SANS-FOND-SANS-TEXTE.png","width":512,"height":512,"caption":"Dicodusport"},"image":{"@id":"https:\/\/dicodusport.fr\/blog\/#\/schema\/logo\/image\/"},"sameAs":["https:\/\/www.facebook.com\/dicodusport","https:\/\/x.com\/dicodusport","https:\/\/www.instagram.com\/dicodusport\/","https:\/\/www.youtube.com\/channel\/UC7V2KZ5sd3htJivAbA4ZG3w"],"description":"Dicodusport est l'encyclop\u00e9die de l'actualit\u00e9 sportive.","email":"bonjour@dicodusport.fr","legalName":"DICODUSPORT","foundingDate":"2018-01-14","vatID":"FR71834470973","taxID":"83447097300043","numberOfEmployees":{"@type":"QuantitativeValue","minValue":"1","maxValue":"10"}},{"@type":"Person","@id":"https:\/\/dicodusport.fr\/blog\/#\/schema\/person\/cb02af4c173ce4a653b55e9baf388d4a","name":"Flo Ostermann","image":{"@type":"ImageObject","inLanguage":"fr-FR","@id":"https:\/\/dicodusport.fr\/blog\/#\/schema\/person\/image\/","url":"https:\/\/dicodusport.fr\/blog\/wp-content\/uploads\/2021\/05\/Flo-Ostermann-150x150.jpg","contentUrl":"https:\/\/dicodusport.fr\/blog\/wp-content\/uploads\/2021\/05\/Flo-Ostermann-150x150.jpg","caption":"Flo Ostermann"},"description":"Journaliste\/R\u00e9dacteur depuis septembre 2015 - Mes premiers souvenirs dans le sport ? Les envol\u00e9es du Stade Toulousain et les duels Villeneuve-Schumacher et H\u00e4kkinen-Schumacher \u00e0 la fin des ann\u00e9es 90, la Coupe du monde de football en 1998, l\u2019exploit du XV de France face aux All Blacks en 1999, mais aussi Richard C\u0153ur de Lion qui vole sur les montagnes du Tour de France. Bien parti pour devenir professeur d\u2019EPS, les \u00e9v\u00e9nements de la vie (et la flemme d\u2019animer des s\u00e9ances de 3x500 m\u00e8tres toute ma vie) m\u2019ont conduit \u00e0 revoir mes plans. Me voil\u00e0 depuis fin 2017 sur Dicodusport, m\u00e9dia gr\u00e2ce (et pour) lequel je partage ma passion : le sport dans tous ses \u00e9tats. Le tout accompagn\u00e9 par les fous furieux et folles furieuses cit\u00e9s sur cette page !","sameAs":["https:\/\/www.facebook.com\/florent.ostermann","https:\/\/x.com\/https:\/\/twitter.com\/FlOstermann","admin"],"url":"https:\/\/dicodusport.fr\/blog\/author\/flo\/"}]}},"_links":{"self":[{"href":"https:\/\/dicodusport.fr\/blog\/wp-json\/wp\/v2\/posts\/68631","targetHints":{"allow":["GET"]}}],"collection":[{"href":"https:\/\/dicodusport.fr\/blog\/wp-json\/wp\/v2\/posts"}],"about":[{"href":"https:\/\/dicodusport.fr\/blog\/wp-json\/wp\/v2\/types\/post"}],"author":[{"embeddable":true,"href":"https:\/\/dicodusport.fr\/blog\/wp-json\/wp\/v2\/users\/4"}],"replies":[{"embeddable":true,"href":"https:\/\/dicodusport.fr\/blog\/wp-json\/wp\/v2\/comments?post=68631"}],"version-history":[{"count":0,"href":"https:\/\/dicodusport.fr\/blog\/wp-json\/wp\/v2\/posts\/68631\/revisions"}],"wp:featuredmedia":[{"embeddable":true,"href":"https:\/\/dicodusport.fr\/blog\/wp-json\/wp\/v2\/media\/68632"}],"wp:attachment":[{"href":"https:\/\/dicodusport.fr\/blog\/wp-json\/wp\/v2\/media?parent=68631"}],"wp:term":[{"taxonomy":"category","embeddable":true,"href":"https:\/\/dicodusport.fr\/blog\/wp-json\/wp\/v2\/categories?post=68631"},{"taxonomy":"post_tag","embeddable":true,"href":"https:\/\/dicodusport.fr\/blog\/wp-json\/wp\/v2\/tags?post=68631"}],"curies":[{"name":"wp","href":"https:\/\/api.w.org\/{rel}","templated":true}]}}