{"id":69008,"date":"2020-06-16T13:27:14","date_gmt":"2020-06-16T11:27:14","guid":{"rendered":"http:\/\/dicodusport.fr\/blog\/?p=69008&#038;preview=true&#038;preview_id=69008"},"modified":"2020-06-16T19:30:54","modified_gmt":"2020-06-16T17:30:54","slug":"cyclisme-championnats-france-route-pas-lieu-plumelec","status":"publish","type":"post","link":"https:\/\/dicodusport.fr\/blog\/cyclisme-championnats-france-route-pas-lieu-plumelec\/","title":{"rendered":"Les championnats de France sur route n&rsquo;auront pas lieu \u00e0 Plumelec"},"content":{"rendered":"<p style=\"text-align: justify;\"><strong><em>CYCLISME &#8211; Surprise ! Alors que tout allait dans le sens d&rsquo;une organisation des championnats de France \u00e0 Plumelec, la ville du Morbihan a finalement jet\u00e9 l&rsquo;\u00e9ponge selon les informations de <a href=\"https:\/\/www.ouest-france.fr\/sport\/cyclisme\/cyclisme-championnats-de-france-en-aout-plumelec-jette-l-eponge-6870723\" target=\"_blank\" rel=\"noopener noreferrer\">Ouest-France<\/a>.<\/em><\/strong><\/p>\n<p style=\"text-align: justify;\">Reprogramm\u00e9s du 20 au 23 ao\u00fbt, les <strong>championnats de France de cyclisme sur route<\/strong> n&rsquo;auront pas lieu \u00e0 <strong>Plumelec<\/strong>. La ville du Morbihan s&rsquo;est finalement r\u00e9tract\u00e9e, suite \u00e0 un vote r\u00e9alis\u00e9 ce lundi soir lors du Conseil Municipal. Des difficult\u00e9s li\u00e9es \u00e0 la logistique et aux mesures sanitaires sont ainsi \u00e9voqu\u00e9es dans les colonnes de <em><strong>Ouest-France<\/strong><\/em>.<\/p>\n<p style=\"text-align: justify;\">Les France, qui devaient donc se d\u00e9rouler juste avant <a href=\"https:\/\/dicodusport.fr\/blog\/cyclisme-les-championnats-deurope-2020-en-france\/\" target=\"_blank\" rel=\"noopener noreferrer\">les <strong>championnats d&rsquo;Europe<\/strong>, vraisemblablement pr\u00e9vus \u00e0 Plouay\u00a0 (Morbihan) du 24 au 28 ao\u00fbt<\/a>, restent donc incertains. Du c\u00f4t\u00e9 de la <strong>F\u00e9d\u00e9ration Fran\u00e7aise de Cyclisme<\/strong>, un plan B serait actuellement \u00e0 l&rsquo;\u00e9tude, et une autre commune du d\u00e9partement serait privil\u00e9gi\u00e9e. Une d\u00e9cision surprenante car depuis d\u00e9but juin, la tendance \u00e9tait \u00e0 l&rsquo;optimisme pour le tenue des championnats \u00e0 Plumelec.<\/p>\n<blockquote class=\"twitter-tweet\">\n<p dir=\"ltr\" lang=\"fr\">Ouest-France annonce qu&rsquo;il n&rsquo;y aura pas de championnats de France \u00e0 Plumelec cette ann\u00e9e. <a href=\"https:\/\/t.co\/bPKHLeH585\">https:\/\/t.co\/bPKHLeH585<\/a><\/p>\n<p>\u2014 Mathilde L&rsquo;Azou (@MathildeLAzou) <a href=\"https:\/\/twitter.com\/MathildeLAzou\/status\/1272850210432180224?ref_src=twsrc%5Etfw\">June 16, 2020<\/a><\/p><\/blockquote>\n<p><script async src=\"https:\/\/platform.twitter.com\/widgets.js\" charset=\"utf-8\"><\/script><\/p>\n<p><strong><em>Dicodusport<br \/>\n<a href=\"https:\/\/www.facebook.com\/dicodusport\/\" target=\"_blank\" rel=\"noopener noreferrer\"><img loading=\"lazy\" decoding=\"async\" class=\"alignnone wp-image-2909\" src=\"http:\/\/dicodusport.fr\/blog\/wp-content\/uploads\/2017\/07\/logo-facebook-150x150.png\" alt=\"\" width=\"40\" height=\"40\" \/><\/a><a href=\"https:\/\/twitter.com\/dicodusport\" target=\"_blank\" rel=\"noopener noreferrer\"><img loading=\"lazy\" decoding=\"async\" class=\"alignnone wp-image-2908\" src=\"http:\/\/dicodusport.fr\/blog\/wp-content\/uploads\/2017\/07\/logo-twitter-150x150.png\" alt=\"\" width=\"39\" height=\"39\" \/><\/a><\/em><\/strong><\/p>\n","protected":false},"excerpt":{"rendered":"<p>CYCLISME &#8211; Surprise ! Alors que tout allait dans le sens d&rsquo;une organisation des championnats de France \u00e0 Plumelec, la ville du Morbihan a finalement jet\u00e9 l&rsquo;\u00e9ponge selon les informations de Ouest-France.<\/p>\n","protected":false},"author":4,"featured_media":69009,"comment_status":"open","ping_status":"closed","sticky":false,"template":"","format":"standard","meta":{"_acf_changed":false,"_daextam_enable_autolinks":"","footnotes":""},"categories":[2307],"tags":[5327,574],"class_list":["post-69008","post","type-post","status-publish","format-standard","has-post-thumbnail","hentry","category-cyclisme","tag-championnats-de-france","tag-cyclisme"],"acf":[],"yoast_head":"<!-- This site is optimized with the Yoast SEO Premium plugin v26.7 (Yoast SEO v26.7) - https:\/\/yoast.com\/wordpress\/plugins\/seo\/ -->\n<title>Les championnats de France sur route n&#039;auront pas lieu \u00e0 Plumelec<\/title>\n<meta name=\"description\" content=\"CYCLISME - Surprise ! Alors que tout allait dans le sens d&#039;une organisation des championnats de France \u00e0 Plumelec, la ville du Morbihan a finalement jet\u00e9 l&#039;\u00e9ponge selon les informations de Ouest-France.\" \/>\n<meta name=\"robots\" content=\"index, follow, max-snippet:-1, max-image-preview:large, max-video-preview:-1\" \/>\n<link rel=\"canonical\" href=\"https:\/\/dicodusport.fr\/blog\/cyclisme-championnats-france-route-pas-lieu-plumelec\/\" \/>\n<meta property=\"og:locale\" content=\"fr_FR\" \/>\n<meta property=\"og:type\" content=\"article\" \/>\n<meta property=\"og:title\" content=\"Les championnats de France sur route n&#039;auront pas lieu \u00e0 Plumelec\" \/>\n<meta property=\"og:description\" content=\"CYCLISME - Surprise ! Alors que tout allait dans le sens d&#039;une organisation des championnats de France \u00e0 Plumelec, la ville du Morbihan a finalement jet\u00e9 l&#039;\u00e9ponge selon les informations de Ouest-France.\" \/>\n<meta property=\"og:url\" content=\"https:\/\/dicodusport.fr\/blog\/cyclisme-championnats-france-route-pas-lieu-plumelec\/\" \/>\n<meta property=\"og:site_name\" content=\"Dicodusport\" \/>\n<meta property=\"article:publisher\" content=\"https:\/\/www.facebook.com\/dicodusport\" \/>\n<meta property=\"article:author\" content=\"https:\/\/www.facebook.com\/florent.ostermann\" \/>\n<meta property=\"article:published_time\" content=\"2020-06-16T11:27:14+00:00\" \/>\n<meta property=\"article:modified_time\" content=\"2020-06-16T17:30:54+00:00\" \/>\n<meta property=\"og:image\" content=\"https:\/\/dicodusport.fr\/blog\/wp-content\/uploads\/2020\/06\/Les-championnats-de-France-sur-route-nauront-pas-lieu-\u00e0-Plumelec-.png\" \/>\n\t<meta property=\"og:image:width\" content=\"800\" \/>\n\t<meta property=\"og:image:height\" content=\"445\" \/>\n\t<meta property=\"og:image:type\" content=\"image\/png\" \/>\n<meta name=\"author\" content=\"Flo Ostermann\" \/>\n<meta name=\"twitter:card\" content=\"summary_large_image\" \/>\n<meta name=\"twitter:title\" content=\"Les championnats de France sur route n&#039;auront pas lieu \u00e0 Plumelec\" \/>\n<meta name=\"twitter:creator\" content=\"@https:\/\/twitter.com\/FlOstermann\" \/>\n<meta name=\"twitter:site\" content=\"@dicodusport\" \/>\n<script type=\"application\/ld+json\" class=\"yoast-schema-graph\">{\"@context\":\"https:\/\/schema.org\",\"@graph\":[{\"@type\":\"NewsArticle\",\"@id\":\"https:\/\/dicodusport.fr\/blog\/cyclisme-championnats-france-route-pas-lieu-plumelec\/#article\",\"isPartOf\":{\"@id\":\"https:\/\/dicodusport.fr\/blog\/cyclisme-championnats-france-route-pas-lieu-plumelec\/\"},\"author\":{\"name\":\"Flo Ostermann\",\"@id\":\"https:\/\/dicodusport.fr\/blog\/#\/schema\/person\/cb02af4c173ce4a653b55e9baf388d4a\"},\"headline\":\"Les championnats de France sur route n&rsquo;auront pas lieu \u00e0 Plumelec\",\"datePublished\":\"2020-06-16T11:27:14+00:00\",\"dateModified\":\"2020-06-16T17:30:54+00:00\",\"mainEntityOfPage\":{\"@id\":\"https:\/\/dicodusport.fr\/blog\/cyclisme-championnats-france-route-pas-lieu-plumelec\/\"},\"wordCount\":206,\"commentCount\":0,\"publisher\":{\"@id\":\"https:\/\/dicodusport.fr\/blog\/#organization\"},\"image\":{\"@id\":\"https:\/\/dicodusport.fr\/blog\/cyclisme-championnats-france-route-pas-lieu-plumelec\/#primaryimage\"},\"thumbnailUrl\":\"https:\/\/dicodusport.fr\/blog\/wp-content\/uploads\/2020\/06\/Les-championnats-de-France-sur-route-nauront-pas-lieu-\u00e0-Plumelec-.png\",\"keywords\":[\"Championnats de France\",\"Cyclisme\"],\"articleSection\":[\"Cyclisme\"],\"inLanguage\":\"fr-FR\",\"potentialAction\":[{\"@type\":\"CommentAction\",\"name\":\"Comment\",\"target\":[\"https:\/\/dicodusport.fr\/blog\/cyclisme-championnats-france-route-pas-lieu-plumelec\/#respond\"]}],\"copyrightYear\":\"2020\",\"copyrightHolder\":{\"@id\":\"https:\/\/dicodusport.fr\/blog\/#organization\"}},{\"@type\":\"WebPage\",\"@id\":\"https:\/\/dicodusport.fr\/blog\/cyclisme-championnats-france-route-pas-lieu-plumelec\/\",\"url\":\"https:\/\/dicodusport.fr\/blog\/cyclisme-championnats-france-route-pas-lieu-plumelec\/\",\"name\":\"Les championnats de France sur route n'auront pas lieu \u00e0 Plumelec\",\"isPartOf\":{\"@id\":\"https:\/\/dicodusport.fr\/blog\/#website\"},\"primaryImageOfPage\":{\"@id\":\"https:\/\/dicodusport.fr\/blog\/cyclisme-championnats-france-route-pas-lieu-plumelec\/#primaryimage\"},\"image\":{\"@id\":\"https:\/\/dicodusport.fr\/blog\/cyclisme-championnats-france-route-pas-lieu-plumelec\/#primaryimage\"},\"thumbnailUrl\":\"https:\/\/dicodusport.fr\/blog\/wp-content\/uploads\/2020\/06\/Les-championnats-de-France-sur-route-nauront-pas-lieu-\u00e0-Plumelec-.png\",\"datePublished\":\"2020-06-16T11:27:14+00:00\",\"dateModified\":\"2020-06-16T17:30:54+00:00\",\"description\":\"CYCLISME - Surprise ! Alors que tout allait dans le sens d'une organisation des championnats de France \u00e0 Plumelec, la ville du Morbihan a finalement jet\u00e9 l'\u00e9ponge selon les informations de Ouest-France.\",\"breadcrumb\":{\"@id\":\"https:\/\/dicodusport.fr\/blog\/cyclisme-championnats-france-route-pas-lieu-plumelec\/#breadcrumb\"},\"inLanguage\":\"fr-FR\",\"potentialAction\":[{\"@type\":\"ReadAction\",\"target\":[\"https:\/\/dicodusport.fr\/blog\/cyclisme-championnats-france-route-pas-lieu-plumelec\/\"]}]},{\"@type\":\"ImageObject\",\"inLanguage\":\"fr-FR\",\"@id\":\"https:\/\/dicodusport.fr\/blog\/cyclisme-championnats-france-route-pas-lieu-plumelec\/#primaryimage\",\"url\":\"https:\/\/dicodusport.fr\/blog\/wp-content\/uploads\/2020\/06\/Les-championnats-de-France-sur-route-nauront-pas-lieu-\u00e0-Plumelec-.png\",\"contentUrl\":\"https:\/\/dicodusport.fr\/blog\/wp-content\/uploads\/2020\/06\/Les-championnats-de-France-sur-route-nauront-pas-lieu-\u00e0-Plumelec-.png\",\"width\":800,\"height\":445,\"caption\":\"Les championnats de France sur route n'auront pas lieu \u00e0 Plumelec\"},{\"@type\":\"BreadcrumbList\",\"@id\":\"https:\/\/dicodusport.fr\/blog\/cyclisme-championnats-france-route-pas-lieu-plumelec\/#breadcrumb\",\"itemListElement\":[{\"@type\":\"ListItem\",\"position\":1,\"name\":\"Accueil\",\"item\":\"https:\/\/dicodusport.fr\/blog\/\"},{\"@type\":\"ListItem\",\"position\":2,\"name\":\"Les championnats de France sur route n&rsquo;auront pas lieu \u00e0 Plumelec\"}]},{\"@type\":\"WebSite\",\"@id\":\"https:\/\/dicodusport.fr\/blog\/#website\",\"url\":\"https:\/\/dicodusport.fr\/blog\/\",\"name\":\"Dicodusport\",\"description\":\"L&#039;encyclop\u00e9die de l&#039;actualit\u00e9 sportive\",\"publisher\":{\"@id\":\"https:\/\/dicodusport.fr\/blog\/#organization\"},\"potentialAction\":[{\"@type\":\"SearchAction\",\"target\":{\"@type\":\"EntryPoint\",\"urlTemplate\":\"https:\/\/dicodusport.fr\/blog\/?s={search_term_string}\"},\"query-input\":{\"@type\":\"PropertyValueSpecification\",\"valueRequired\":true,\"valueName\":\"search_term_string\"}}],\"inLanguage\":\"fr-FR\"},{\"@type\":\"NewsMediaOrganization\",\"@id\":\"https:\/\/dicodusport.fr\/blog\/#organization\",\"name\":\"Dicodusport\",\"url\":\"https:\/\/dicodusport.fr\/blog\/\",\"logo\":{\"@type\":\"ImageObject\",\"inLanguage\":\"fr-FR\",\"@id\":\"https:\/\/dicodusport.fr\/blog\/#\/schema\/logo\/image\/\",\"url\":\"https:\/\/dicodusport.fr\/blog\/wp-content\/uploads\/2020\/06\/cropped-LOGO-DICODUSPORT-2020-SANS-FOND-SANS-TEXTE.png\",\"contentUrl\":\"https:\/\/dicodusport.fr\/blog\/wp-content\/uploads\/2020\/06\/cropped-LOGO-DICODUSPORT-2020-SANS-FOND-SANS-TEXTE.png\",\"width\":512,\"height\":512,\"caption\":\"Dicodusport\"},\"image\":{\"@id\":\"https:\/\/dicodusport.fr\/blog\/#\/schema\/logo\/image\/\"},\"sameAs\":[\"https:\/\/www.facebook.com\/dicodusport\",\"https:\/\/x.com\/dicodusport\",\"https:\/\/www.instagram.com\/dicodusport\/\",\"https:\/\/www.youtube.com\/channel\/UC7V2KZ5sd3htJivAbA4ZG3w\"],\"description\":\"Dicodusport est l'encyclop\u00e9die de l'actualit\u00e9 sportive.\",\"email\":\"bonjour@dicodusport.fr\",\"legalName\":\"DICODUSPORT\",\"foundingDate\":\"2018-01-14\",\"vatID\":\"FR71834470973\",\"taxID\":\"83447097300043\",\"numberOfEmployees\":{\"@type\":\"QuantitativeValue\",\"minValue\":\"1\",\"maxValue\":\"10\"}},{\"@type\":\"Person\",\"@id\":\"https:\/\/dicodusport.fr\/blog\/#\/schema\/person\/cb02af4c173ce4a653b55e9baf388d4a\",\"name\":\"Flo Ostermann\",\"image\":{\"@type\":\"ImageObject\",\"inLanguage\":\"fr-FR\",\"@id\":\"https:\/\/dicodusport.fr\/blog\/#\/schema\/person\/image\/\",\"url\":\"https:\/\/dicodusport.fr\/blog\/wp-content\/uploads\/2021\/05\/Flo-Ostermann-150x150.jpg\",\"contentUrl\":\"https:\/\/dicodusport.fr\/blog\/wp-content\/uploads\/2021\/05\/Flo-Ostermann-150x150.jpg\",\"caption\":\"Flo Ostermann\"},\"description\":\"Journaliste\/R\u00e9dacteur depuis septembre 2015 - Mes premiers souvenirs dans le sport ? Les envol\u00e9es du Stade Toulousain et les duels Villeneuve-Schumacher et H\u00e4kkinen-Schumacher \u00e0 la fin des ann\u00e9es 90, la Coupe du monde de football en 1998, l\u2019exploit du XV de France face aux All Blacks en 1999, mais aussi Richard C\u0153ur de Lion qui vole sur les montagnes du Tour de France. Bien parti pour devenir professeur d\u2019EPS, les \u00e9v\u00e9nements de la vie (et la flemme d\u2019animer des s\u00e9ances de 3x500 m\u00e8tres toute ma vie) m\u2019ont conduit \u00e0 revoir mes plans. Me voil\u00e0 depuis fin 2017 sur Dicodusport, m\u00e9dia gr\u00e2ce (et pour) lequel je partage ma passion : le sport dans tous ses \u00e9tats. Le tout accompagn\u00e9 par les fous furieux et folles furieuses cit\u00e9s sur cette page !\",\"sameAs\":[\"https:\/\/www.facebook.com\/florent.ostermann\",\"https:\/\/x.com\/https:\/\/twitter.com\/FlOstermann\",\"admin\"],\"url\":\"https:\/\/dicodusport.fr\/blog\/author\/flo\/\"}]}<\/script>\n<!-- \/ Yoast SEO Premium plugin. -->","yoast_head_json":{"title":"Les championnats de France sur route n'auront pas lieu \u00e0 Plumelec","description":"CYCLISME - Surprise ! Alors que tout allait dans le sens d'une organisation des championnats de France \u00e0 Plumelec, la ville du Morbihan a finalement jet\u00e9 l'\u00e9ponge selon les informations de Ouest-France.","robots":{"index":"index","follow":"follow","max-snippet":"max-snippet:-1","max-image-preview":"max-image-preview:large","max-video-preview":"max-video-preview:-1"},"canonical":"https:\/\/dicodusport.fr\/blog\/cyclisme-championnats-france-route-pas-lieu-plumelec\/","og_locale":"fr_FR","og_type":"article","og_title":"Les championnats de France sur route n'auront pas lieu \u00e0 Plumelec","og_description":"CYCLISME - Surprise ! Alors que tout allait dans le sens d'une organisation des championnats de France \u00e0 Plumelec, la ville du Morbihan a finalement jet\u00e9 l'\u00e9ponge selon les informations de Ouest-France.","og_url":"https:\/\/dicodusport.fr\/blog\/cyclisme-championnats-france-route-pas-lieu-plumelec\/","og_site_name":"Dicodusport","article_publisher":"https:\/\/www.facebook.com\/dicodusport","article_author":"https:\/\/www.facebook.com\/florent.ostermann","article_published_time":"2020-06-16T11:27:14+00:00","article_modified_time":"2020-06-16T17:30:54+00:00","og_image":[{"width":800,"height":445,"url":"https:\/\/dicodusport.fr\/blog\/wp-content\/uploads\/2020\/06\/Les-championnats-de-France-sur-route-nauront-pas-lieu-\u00e0-Plumelec-.png","type":"image\/png"}],"author":"Flo Ostermann","twitter_card":"summary_large_image","twitter_title":"Les championnats de France sur route n'auront pas lieu \u00e0 Plumelec","twitter_creator":"@https:\/\/twitter.com\/FlOstermann","twitter_site":"@dicodusport","schema":{"@context":"https:\/\/schema.org","@graph":[{"@type":"NewsArticle","@id":"https:\/\/dicodusport.fr\/blog\/cyclisme-championnats-france-route-pas-lieu-plumelec\/#article","isPartOf":{"@id":"https:\/\/dicodusport.fr\/blog\/cyclisme-championnats-france-route-pas-lieu-plumelec\/"},"author":{"name":"Flo Ostermann","@id":"https:\/\/dicodusport.fr\/blog\/#\/schema\/person\/cb02af4c173ce4a653b55e9baf388d4a"},"headline":"Les championnats de France sur route n&rsquo;auront pas lieu \u00e0 Plumelec","datePublished":"2020-06-16T11:27:14+00:00","dateModified":"2020-06-16T17:30:54+00:00","mainEntityOfPage":{"@id":"https:\/\/dicodusport.fr\/blog\/cyclisme-championnats-france-route-pas-lieu-plumelec\/"},"wordCount":206,"commentCount":0,"publisher":{"@id":"https:\/\/dicodusport.fr\/blog\/#organization"},"image":{"@id":"https:\/\/dicodusport.fr\/blog\/cyclisme-championnats-france-route-pas-lieu-plumelec\/#primaryimage"},"thumbnailUrl":"https:\/\/dicodusport.fr\/blog\/wp-content\/uploads\/2020\/06\/Les-championnats-de-France-sur-route-nauront-pas-lieu-\u00e0-Plumelec-.png","keywords":["Championnats de France","Cyclisme"],"articleSection":["Cyclisme"],"inLanguage":"fr-FR","potentialAction":[{"@type":"CommentAction","name":"Comment","target":["https:\/\/dicodusport.fr\/blog\/cyclisme-championnats-france-route-pas-lieu-plumelec\/#respond"]}],"copyrightYear":"2020","copyrightHolder":{"@id":"https:\/\/dicodusport.fr\/blog\/#organization"}},{"@type":"WebPage","@id":"https:\/\/dicodusport.fr\/blog\/cyclisme-championnats-france-route-pas-lieu-plumelec\/","url":"https:\/\/dicodusport.fr\/blog\/cyclisme-championnats-france-route-pas-lieu-plumelec\/","name":"Les championnats de France sur route n'auront pas lieu \u00e0 Plumelec","isPartOf":{"@id":"https:\/\/dicodusport.fr\/blog\/#website"},"primaryImageOfPage":{"@id":"https:\/\/dicodusport.fr\/blog\/cyclisme-championnats-france-route-pas-lieu-plumelec\/#primaryimage"},"image":{"@id":"https:\/\/dicodusport.fr\/blog\/cyclisme-championnats-france-route-pas-lieu-plumelec\/#primaryimage"},"thumbnailUrl":"https:\/\/dicodusport.fr\/blog\/wp-content\/uploads\/2020\/06\/Les-championnats-de-France-sur-route-nauront-pas-lieu-\u00e0-Plumelec-.png","datePublished":"2020-06-16T11:27:14+00:00","dateModified":"2020-06-16T17:30:54+00:00","description":"CYCLISME - Surprise ! Alors que tout allait dans le sens d'une organisation des championnats de France \u00e0 Plumelec, la ville du Morbihan a finalement jet\u00e9 l'\u00e9ponge selon les informations de Ouest-France.","breadcrumb":{"@id":"https:\/\/dicodusport.fr\/blog\/cyclisme-championnats-france-route-pas-lieu-plumelec\/#breadcrumb"},"inLanguage":"fr-FR","potentialAction":[{"@type":"ReadAction","target":["https:\/\/dicodusport.fr\/blog\/cyclisme-championnats-france-route-pas-lieu-plumelec\/"]}]},{"@type":"ImageObject","inLanguage":"fr-FR","@id":"https:\/\/dicodusport.fr\/blog\/cyclisme-championnats-france-route-pas-lieu-plumelec\/#primaryimage","url":"https:\/\/dicodusport.fr\/blog\/wp-content\/uploads\/2020\/06\/Les-championnats-de-France-sur-route-nauront-pas-lieu-\u00e0-Plumelec-.png","contentUrl":"https:\/\/dicodusport.fr\/blog\/wp-content\/uploads\/2020\/06\/Les-championnats-de-France-sur-route-nauront-pas-lieu-\u00e0-Plumelec-.png","width":800,"height":445,"caption":"Les championnats de France sur route n'auront pas lieu \u00e0 Plumelec"},{"@type":"BreadcrumbList","@id":"https:\/\/dicodusport.fr\/blog\/cyclisme-championnats-france-route-pas-lieu-plumelec\/#breadcrumb","itemListElement":[{"@type":"ListItem","position":1,"name":"Accueil","item":"https:\/\/dicodusport.fr\/blog\/"},{"@type":"ListItem","position":2,"name":"Les championnats de France sur route n&rsquo;auront pas lieu \u00e0 Plumelec"}]},{"@type":"WebSite","@id":"https:\/\/dicodusport.fr\/blog\/#website","url":"https:\/\/dicodusport.fr\/blog\/","name":"Dicodusport","description":"L&#039;encyclop\u00e9die de l&#039;actualit\u00e9 sportive","publisher":{"@id":"https:\/\/dicodusport.fr\/blog\/#organization"},"potentialAction":[{"@type":"SearchAction","target":{"@type":"EntryPoint","urlTemplate":"https:\/\/dicodusport.fr\/blog\/?s={search_term_string}"},"query-input":{"@type":"PropertyValueSpecification","valueRequired":true,"valueName":"search_term_string"}}],"inLanguage":"fr-FR"},{"@type":"NewsMediaOrganization","@id":"https:\/\/dicodusport.fr\/blog\/#organization","name":"Dicodusport","url":"https:\/\/dicodusport.fr\/blog\/","logo":{"@type":"ImageObject","inLanguage":"fr-FR","@id":"https:\/\/dicodusport.fr\/blog\/#\/schema\/logo\/image\/","url":"https:\/\/dicodusport.fr\/blog\/wp-content\/uploads\/2020\/06\/cropped-LOGO-DICODUSPORT-2020-SANS-FOND-SANS-TEXTE.png","contentUrl":"https:\/\/dicodusport.fr\/blog\/wp-content\/uploads\/2020\/06\/cropped-LOGO-DICODUSPORT-2020-SANS-FOND-SANS-TEXTE.png","width":512,"height":512,"caption":"Dicodusport"},"image":{"@id":"https:\/\/dicodusport.fr\/blog\/#\/schema\/logo\/image\/"},"sameAs":["https:\/\/www.facebook.com\/dicodusport","https:\/\/x.com\/dicodusport","https:\/\/www.instagram.com\/dicodusport\/","https:\/\/www.youtube.com\/channel\/UC7V2KZ5sd3htJivAbA4ZG3w"],"description":"Dicodusport est l'encyclop\u00e9die de l'actualit\u00e9 sportive.","email":"bonjour@dicodusport.fr","legalName":"DICODUSPORT","foundingDate":"2018-01-14","vatID":"FR71834470973","taxID":"83447097300043","numberOfEmployees":{"@type":"QuantitativeValue","minValue":"1","maxValue":"10"}},{"@type":"Person","@id":"https:\/\/dicodusport.fr\/blog\/#\/schema\/person\/cb02af4c173ce4a653b55e9baf388d4a","name":"Flo Ostermann","image":{"@type":"ImageObject","inLanguage":"fr-FR","@id":"https:\/\/dicodusport.fr\/blog\/#\/schema\/person\/image\/","url":"https:\/\/dicodusport.fr\/blog\/wp-content\/uploads\/2021\/05\/Flo-Ostermann-150x150.jpg","contentUrl":"https:\/\/dicodusport.fr\/blog\/wp-content\/uploads\/2021\/05\/Flo-Ostermann-150x150.jpg","caption":"Flo Ostermann"},"description":"Journaliste\/R\u00e9dacteur depuis septembre 2015 - Mes premiers souvenirs dans le sport ? Les envol\u00e9es du Stade Toulousain et les duels Villeneuve-Schumacher et H\u00e4kkinen-Schumacher \u00e0 la fin des ann\u00e9es 90, la Coupe du monde de football en 1998, l\u2019exploit du XV de France face aux All Blacks en 1999, mais aussi Richard C\u0153ur de Lion qui vole sur les montagnes du Tour de France. Bien parti pour devenir professeur d\u2019EPS, les \u00e9v\u00e9nements de la vie (et la flemme d\u2019animer des s\u00e9ances de 3x500 m\u00e8tres toute ma vie) m\u2019ont conduit \u00e0 revoir mes plans. Me voil\u00e0 depuis fin 2017 sur Dicodusport, m\u00e9dia gr\u00e2ce (et pour) lequel je partage ma passion : le sport dans tous ses \u00e9tats. Le tout accompagn\u00e9 par les fous furieux et folles furieuses cit\u00e9s sur cette page !","sameAs":["https:\/\/www.facebook.com\/florent.ostermann","https:\/\/x.com\/https:\/\/twitter.com\/FlOstermann","admin"],"url":"https:\/\/dicodusport.fr\/blog\/author\/flo\/"}]}},"_links":{"self":[{"href":"https:\/\/dicodusport.fr\/blog\/wp-json\/wp\/v2\/posts\/69008","targetHints":{"allow":["GET"]}}],"collection":[{"href":"https:\/\/dicodusport.fr\/blog\/wp-json\/wp\/v2\/posts"}],"about":[{"href":"https:\/\/dicodusport.fr\/blog\/wp-json\/wp\/v2\/types\/post"}],"author":[{"embeddable":true,"href":"https:\/\/dicodusport.fr\/blog\/wp-json\/wp\/v2\/users\/4"}],"replies":[{"embeddable":true,"href":"https:\/\/dicodusport.fr\/blog\/wp-json\/wp\/v2\/comments?post=69008"}],"version-history":[{"count":0,"href":"https:\/\/dicodusport.fr\/blog\/wp-json\/wp\/v2\/posts\/69008\/revisions"}],"wp:featuredmedia":[{"embeddable":true,"href":"https:\/\/dicodusport.fr\/blog\/wp-json\/wp\/v2\/media\/69009"}],"wp:attachment":[{"href":"https:\/\/dicodusport.fr\/blog\/wp-json\/wp\/v2\/media?parent=69008"}],"wp:term":[{"taxonomy":"category","embeddable":true,"href":"https:\/\/dicodusport.fr\/blog\/wp-json\/wp\/v2\/categories?post=69008"},{"taxonomy":"post_tag","embeddable":true,"href":"https:\/\/dicodusport.fr\/blog\/wp-json\/wp\/v2\/tags?post=69008"}],"curies":[{"name":"wp","href":"https:\/\/api.w.org\/{rel}","templated":true}]}}