{"id":69019,"date":"2020-06-16T17:24:39","date_gmt":"2020-06-16T15:24:39","guid":{"rendered":"http:\/\/dicodusport.fr\/blog\/?p=69019&#038;preview=true&#038;preview_id=69019"},"modified":"2020-06-16T17:29:13","modified_gmt":"2020-06-16T15:29:13","slug":"jeremie-azou-veut-s-engager-pour-aviron-francais","status":"publish","type":"post","link":"https:\/\/dicodusport.fr\/blog\/jeremie-azou-veut-s-engager-pour-aviron-francais\/","title":{"rendered":"J\u00e9r\u00e9mie Azou veut s&rsquo;engager pour l&rsquo;aviron fran\u00e7ais"},"content":{"rendered":"<p style=\"text-align: justify;\"><em><strong>AVIRON &#8211; Dans une vid\u00e9o pour nos confr\u00e8res de <a href=\"https:\/\/www.magaviron.fr\/actualites\/aviron-2020-elections-ffa-azou\" target=\"_blank\" rel=\"noopener noreferrer\">Mag Aviron<\/a>, <a href=\"https:\/\/dicodusport.fr\/blog\/jeremie-azou-champion-ordinaire-jeux-olympiques-retraite-aviron-francais-2-2\/\" target=\"_blank\" rel=\"noopener noreferrer\">J\u00e9r\u00e9mie Azou<\/a> explique qu&rsquo;il va s&rsquo;engager pour l&rsquo;aviron fran\u00e7ais \u00e0 son retour en France.\u00a0<\/strong><\/em><\/p>\n<p style=\"text-align: justify;\">Retrait\u00e9 depuis 2017, <strong>J\u00e9r\u00e9mie Azou<\/strong> vit actuellement au Canada. Champion du monde en deux de couple poids-l\u00e9ger avec <strong>Stany Delayre<\/strong> en 2015, puis champion olympique en 2016 et de nouveau sur le toit du monde avec <strong>Pierre Houin<\/strong> l&rsquo;ann\u00e9e suivante, l&rsquo;Avignonnais avait pris du recul avec l&rsquo;aviron.<\/p>\n<p style=\"text-align: justify;\">Alors qu&rsquo;il devrait prochainement rentrer en France, il explique qu&rsquo;il a accept\u00e9 de rejoindre la liste de <strong>Christian Vandenberghe<\/strong>, qui devrait se pr\u00e9senter aux \u00e9lections f\u00e9d\u00e9rales pr\u00e9vues le 5 d\u00e9cembre prochain. Dans cette vid\u00e9o, <strong>J\u00e9r\u00e9mie Azou<\/strong> affirme qu&rsquo;il aimerait apporter son exp\u00e9rience, ainsi que sa vision des choses au sein de l&rsquo;aviron fran\u00e7ais.<\/p>\n<p><span class=\"Hulw8yspdG2Fvh9fzJSYBN4D6ViA0rOjoXc7kgmentT5qZUR\"><iframe loading=\"lazy\" title=\"#2 Embarquez avec J\u00e9r\u00e9mie Azou - Episode 4 - Son retour en France se pr\u00e9cise\" width=\"740\" height=\"416\" src=\"https:\/\/www.youtube.com\/embed\/QEVGiy5Vn_U?feature=oembed\" frameborder=\"0\" allow=\"accelerometer; autoplay; clipboard-write; encrypted-media; gyroscope; picture-in-picture\" allowfullscreen><\/iframe><\/span><\/p>\n<p><strong><em>Dicodusport<br \/>\n<a href=\"https:\/\/www.facebook.com\/dicodusport\/\" target=\"_blank\" rel=\"noopener noreferrer\"><img loading=\"lazy\" decoding=\"async\" class=\"alignnone wp-image-2909\" src=\"http:\/\/dicodusport.fr\/blog\/wp-content\/uploads\/2017\/07\/logo-facebook-150x150.png\" alt=\"\" width=\"40\" height=\"40\" \/><\/a><a href=\"https:\/\/twitter.com\/dicodusport\" target=\"_blank\" rel=\"noopener noreferrer\"><img loading=\"lazy\" decoding=\"async\" class=\"alignnone wp-image-2908\" src=\"http:\/\/dicodusport.fr\/blog\/wp-content\/uploads\/2017\/07\/logo-twitter-150x150.png\" alt=\"\" width=\"39\" height=\"39\" \/><\/a><\/em><\/strong><\/p>\n","protected":false},"excerpt":{"rendered":"<p>AVIRON &#8211; Dans une vid\u00e9o pour nos confr\u00e8res de Mag Aviron, J\u00e9r\u00e9mie Azou explique qu&rsquo;il va s&rsquo;engager pour l&rsquo;aviron fran\u00e7ais \u00e0 son retour en France.\u00a0<\/p>\n","protected":false},"author":1,"featured_media":69037,"comment_status":"open","ping_status":"closed","sticky":false,"template":"","format":"standard","meta":{"_acf_changed":false,"_daextam_enable_autolinks":"","footnotes":""},"categories":[2309],"tags":[739,738],"class_list":["post-69019","post","type-post","status-publish","format-standard","has-post-thumbnail","hentry","category-aviron","tag-aviron","tag-jeremie-azou"],"acf":[],"yoast_head":"<!-- This site is optimized with the Yoast SEO Premium plugin v26.7 (Yoast SEO v26.7) - https:\/\/yoast.com\/wordpress\/plugins\/seo\/ -->\n<title>J\u00e9r\u00e9mie Azou veut s&#039;engager pour l&#039;aviron fran\u00e7ais<\/title>\n<meta name=\"description\" content=\"AVIRON - Dans une vid\u00e9o pour nos confr\u00e8res de Mag Aviron, J\u00e9r\u00e9mie Azou explique qu&#039;il va s&#039;engager pour l&#039;aviron fran\u00e7ais \u00e0 son retour en France.\u00a0\" \/>\n<meta name=\"robots\" content=\"index, follow, max-snippet:-1, max-image-preview:large, max-video-preview:-1\" \/>\n<link rel=\"canonical\" href=\"https:\/\/dicodusport.fr\/blog\/jeremie-azou-veut-s-engager-pour-aviron-francais\/\" \/>\n<meta property=\"og:locale\" content=\"fr_FR\" \/>\n<meta property=\"og:type\" content=\"article\" \/>\n<meta property=\"og:title\" content=\"J\u00e9r\u00e9mie Azou veut s&#039;engager pour l&#039;aviron fran\u00e7ais\" \/>\n<meta property=\"og:description\" content=\"AVIRON - Dans une vid\u00e9o pour nos confr\u00e8res de Mag Aviron, J\u00e9r\u00e9mie Azou explique qu&#039;il va s&#039;engager pour l&#039;aviron fran\u00e7ais \u00e0 son retour en France.\u00a0\" \/>\n<meta property=\"og:url\" content=\"https:\/\/dicodusport.fr\/blog\/jeremie-azou-veut-s-engager-pour-aviron-francais\/\" \/>\n<meta property=\"og:site_name\" content=\"Dicodusport\" \/>\n<meta property=\"article:publisher\" content=\"https:\/\/www.facebook.com\/dicodusport\" \/>\n<meta property=\"article:author\" content=\"https:\/\/www.facebook.com\/dicodusport\" \/>\n<meta property=\"article:published_time\" content=\"2020-06-16T15:24:39+00:00\" \/>\n<meta property=\"article:modified_time\" content=\"2020-06-16T15:29:13+00:00\" \/>\n<meta property=\"og:image\" content=\"https:\/\/dicodusport.fr\/blog\/wp-content\/uploads\/2020\/06\/J\u00e9r\u00e9mie-Azou-veut-sengager-pour-laviron-fran\u00e7ais.png\" \/>\n\t<meta property=\"og:image:width\" content=\"800\" \/>\n\t<meta property=\"og:image:height\" content=\"445\" \/>\n\t<meta property=\"og:image:type\" content=\"image\/png\" \/>\n<meta name=\"author\" content=\"Nicolas Jacquemard\" \/>\n<meta name=\"twitter:card\" content=\"summary_large_image\" \/>\n<meta name=\"twitter:title\" content=\"J\u00e9r\u00e9mie Azou veut s&#039;engager pour l&#039;aviron fran\u00e7ais\" \/>\n<meta name=\"twitter:creator\" content=\"@https:\/\/twitter.com\/Nico_Jacquemard\" \/>\n<meta name=\"twitter:site\" content=\"@dicodusport\" \/>\n<script type=\"application\/ld+json\" class=\"yoast-schema-graph\">{\"@context\":\"https:\/\/schema.org\",\"@graph\":[{\"@type\":\"NewsArticle\",\"@id\":\"https:\/\/dicodusport.fr\/blog\/jeremie-azou-veut-s-engager-pour-aviron-francais\/#article\",\"isPartOf\":{\"@id\":\"https:\/\/dicodusport.fr\/blog\/jeremie-azou-veut-s-engager-pour-aviron-francais\/\"},\"author\":{\"name\":\"Nicolas Jacquemard\",\"@id\":\"https:\/\/dicodusport.fr\/blog\/#\/schema\/person\/55dcb50ad410894e431ed812bbb70191\"},\"headline\":\"J\u00e9r\u00e9mie Azou veut s&rsquo;engager pour l&rsquo;aviron fran\u00e7ais\",\"datePublished\":\"2020-06-16T15:24:39+00:00\",\"dateModified\":\"2020-06-16T15:29:13+00:00\",\"mainEntityOfPage\":{\"@id\":\"https:\/\/dicodusport.fr\/blog\/jeremie-azou-veut-s-engager-pour-aviron-francais\/\"},\"wordCount\":168,\"commentCount\":0,\"publisher\":{\"@id\":\"https:\/\/dicodusport.fr\/blog\/#organization\"},\"image\":{\"@id\":\"https:\/\/dicodusport.fr\/blog\/jeremie-azou-veut-s-engager-pour-aviron-francais\/#primaryimage\"},\"thumbnailUrl\":\"https:\/\/dicodusport.fr\/blog\/wp-content\/uploads\/2020\/06\/J\u00e9r\u00e9mie-Azou-veut-sengager-pour-laviron-fran\u00e7ais.png\",\"keywords\":[\"aviron\",\"j\u00e9r\u00e9mie azou\"],\"articleSection\":[\"Aviron\"],\"inLanguage\":\"fr-FR\",\"potentialAction\":[{\"@type\":\"CommentAction\",\"name\":\"Comment\",\"target\":[\"https:\/\/dicodusport.fr\/blog\/jeremie-azou-veut-s-engager-pour-aviron-francais\/#respond\"]}],\"copyrightYear\":\"2020\",\"copyrightHolder\":{\"@id\":\"https:\/\/dicodusport.fr\/blog\/#organization\"}},{\"@type\":\"WebPage\",\"@id\":\"https:\/\/dicodusport.fr\/blog\/jeremie-azou-veut-s-engager-pour-aviron-francais\/\",\"url\":\"https:\/\/dicodusport.fr\/blog\/jeremie-azou-veut-s-engager-pour-aviron-francais\/\",\"name\":\"J\u00e9r\u00e9mie Azou veut s'engager pour l'aviron fran\u00e7ais\",\"isPartOf\":{\"@id\":\"https:\/\/dicodusport.fr\/blog\/#website\"},\"primaryImageOfPage\":{\"@id\":\"https:\/\/dicodusport.fr\/blog\/jeremie-azou-veut-s-engager-pour-aviron-francais\/#primaryimage\"},\"image\":{\"@id\":\"https:\/\/dicodusport.fr\/blog\/jeremie-azou-veut-s-engager-pour-aviron-francais\/#primaryimage\"},\"thumbnailUrl\":\"https:\/\/dicodusport.fr\/blog\/wp-content\/uploads\/2020\/06\/J\u00e9r\u00e9mie-Azou-veut-sengager-pour-laviron-fran\u00e7ais.png\",\"datePublished\":\"2020-06-16T15:24:39+00:00\",\"dateModified\":\"2020-06-16T15:29:13+00:00\",\"description\":\"AVIRON - Dans une vid\u00e9o pour nos confr\u00e8res de Mag Aviron, J\u00e9r\u00e9mie Azou explique qu'il va s'engager pour l'aviron fran\u00e7ais \u00e0 son retour en France.\u00a0\",\"breadcrumb\":{\"@id\":\"https:\/\/dicodusport.fr\/blog\/jeremie-azou-veut-s-engager-pour-aviron-francais\/#breadcrumb\"},\"inLanguage\":\"fr-FR\",\"potentialAction\":[{\"@type\":\"ReadAction\",\"target\":[\"https:\/\/dicodusport.fr\/blog\/jeremie-azou-veut-s-engager-pour-aviron-francais\/\"]}]},{\"@type\":\"ImageObject\",\"inLanguage\":\"fr-FR\",\"@id\":\"https:\/\/dicodusport.fr\/blog\/jeremie-azou-veut-s-engager-pour-aviron-francais\/#primaryimage\",\"url\":\"https:\/\/dicodusport.fr\/blog\/wp-content\/uploads\/2020\/06\/J\u00e9r\u00e9mie-Azou-veut-sengager-pour-laviron-fran\u00e7ais.png\",\"contentUrl\":\"https:\/\/dicodusport.fr\/blog\/wp-content\/uploads\/2020\/06\/J\u00e9r\u00e9mie-Azou-veut-sengager-pour-laviron-fran\u00e7ais.png\",\"width\":800,\"height\":445,\"caption\":\"J\u00e9r\u00e9mie Azou veut s'engager pour l'aviron fran\u00e7ais\"},{\"@type\":\"BreadcrumbList\",\"@id\":\"https:\/\/dicodusport.fr\/blog\/jeremie-azou-veut-s-engager-pour-aviron-francais\/#breadcrumb\",\"itemListElement\":[{\"@type\":\"ListItem\",\"position\":1,\"name\":\"Accueil\",\"item\":\"https:\/\/dicodusport.fr\/blog\/\"},{\"@type\":\"ListItem\",\"position\":2,\"name\":\"J\u00e9r\u00e9mie Azou veut s&rsquo;engager pour l&rsquo;aviron fran\u00e7ais\"}]},{\"@type\":\"WebSite\",\"@id\":\"https:\/\/dicodusport.fr\/blog\/#website\",\"url\":\"https:\/\/dicodusport.fr\/blog\/\",\"name\":\"Dicodusport\",\"description\":\"L&#039;encyclop\u00e9die de l&#039;actualit\u00e9 sportive\",\"publisher\":{\"@id\":\"https:\/\/dicodusport.fr\/blog\/#organization\"},\"potentialAction\":[{\"@type\":\"SearchAction\",\"target\":{\"@type\":\"EntryPoint\",\"urlTemplate\":\"https:\/\/dicodusport.fr\/blog\/?s={search_term_string}\"},\"query-input\":{\"@type\":\"PropertyValueSpecification\",\"valueRequired\":true,\"valueName\":\"search_term_string\"}}],\"inLanguage\":\"fr-FR\"},{\"@type\":\"NewsMediaOrganization\",\"@id\":\"https:\/\/dicodusport.fr\/blog\/#organization\",\"name\":\"Dicodusport\",\"url\":\"https:\/\/dicodusport.fr\/blog\/\",\"logo\":{\"@type\":\"ImageObject\",\"inLanguage\":\"fr-FR\",\"@id\":\"https:\/\/dicodusport.fr\/blog\/#\/schema\/logo\/image\/\",\"url\":\"https:\/\/dicodusport.fr\/blog\/wp-content\/uploads\/2020\/06\/cropped-LOGO-DICODUSPORT-2020-SANS-FOND-SANS-TEXTE.png\",\"contentUrl\":\"https:\/\/dicodusport.fr\/blog\/wp-content\/uploads\/2020\/06\/cropped-LOGO-DICODUSPORT-2020-SANS-FOND-SANS-TEXTE.png\",\"width\":512,\"height\":512,\"caption\":\"Dicodusport\"},\"image\":{\"@id\":\"https:\/\/dicodusport.fr\/blog\/#\/schema\/logo\/image\/\"},\"sameAs\":[\"https:\/\/www.facebook.com\/dicodusport\",\"https:\/\/x.com\/dicodusport\",\"https:\/\/www.instagram.com\/dicodusport\/\",\"https:\/\/www.youtube.com\/channel\/UC7V2KZ5sd3htJivAbA4ZG3w\"],\"description\":\"Dicodusport est l'encyclop\u00e9die de l'actualit\u00e9 sportive.\",\"email\":\"bonjour@dicodusport.fr\",\"legalName\":\"DICODUSPORT\",\"foundingDate\":\"2018-01-14\",\"vatID\":\"FR71834470973\",\"taxID\":\"83447097300043\",\"numberOfEmployees\":{\"@type\":\"QuantitativeValue\",\"minValue\":\"1\",\"maxValue\":\"10\"}},{\"@type\":\"Person\",\"@id\":\"https:\/\/dicodusport.fr\/blog\/#\/schema\/person\/55dcb50ad410894e431ed812bbb70191\",\"name\":\"Nicolas Jacquemard\",\"image\":{\"@type\":\"ImageObject\",\"inLanguage\":\"fr-FR\",\"@id\":\"https:\/\/dicodusport.fr\/blog\/#\/schema\/person\/image\/\",\"url\":\"https:\/\/dicodusport.fr\/blog\/wp-content\/uploads\/2021\/05\/Nicolas-Jacquemard-150x150.jpeg\",\"contentUrl\":\"https:\/\/dicodusport.fr\/blog\/wp-content\/uploads\/2021\/05\/Nicolas-Jacquemard-150x150.jpeg\",\"caption\":\"Nicolas Jacquemard\"},\"description\":\"Passionn\u00e9 de sport et entrepreneur depuis mes 18 ans, la cr\u00e9ation de Dicodusport m'a sembl\u00e9 \u00e9vidente pour participer \u00e0 la m\u00e9diatisation d'un plus grand nombre de sports. Le chemin est long mais avec une \u00e9quipe des plus motiv\u00e9es et les Jeux Olympiques de Paris 2024 en point de mire, nous y arriverons ! Journaliste dans le monde du sport depuis plus de 5 ans, je traite aussi bien de football, de rugby, de biathlon que de cyclisme.\",\"sameAs\":[\"https:\/\/www.facebook.com\/dicodusport\",\"https:\/\/x.com\/https:\/\/twitter.com\/Nico_Jacquemard\"],\"url\":\"https:\/\/dicodusport.fr\/blog\/author\/dicodusport\/\"}]}<\/script>\n<!-- \/ Yoast SEO Premium plugin. -->","yoast_head_json":{"title":"J\u00e9r\u00e9mie Azou veut s'engager pour l'aviron fran\u00e7ais","description":"AVIRON - Dans une vid\u00e9o pour nos confr\u00e8res de Mag Aviron, J\u00e9r\u00e9mie Azou explique qu'il va s'engager pour l'aviron fran\u00e7ais \u00e0 son retour en France.\u00a0","robots":{"index":"index","follow":"follow","max-snippet":"max-snippet:-1","max-image-preview":"max-image-preview:large","max-video-preview":"max-video-preview:-1"},"canonical":"https:\/\/dicodusport.fr\/blog\/jeremie-azou-veut-s-engager-pour-aviron-francais\/","og_locale":"fr_FR","og_type":"article","og_title":"J\u00e9r\u00e9mie Azou veut s'engager pour l'aviron fran\u00e7ais","og_description":"AVIRON - Dans une vid\u00e9o pour nos confr\u00e8res de Mag Aviron, J\u00e9r\u00e9mie Azou explique qu'il va s'engager pour l'aviron fran\u00e7ais \u00e0 son retour en France.\u00a0","og_url":"https:\/\/dicodusport.fr\/blog\/jeremie-azou-veut-s-engager-pour-aviron-francais\/","og_site_name":"Dicodusport","article_publisher":"https:\/\/www.facebook.com\/dicodusport","article_author":"https:\/\/www.facebook.com\/dicodusport","article_published_time":"2020-06-16T15:24:39+00:00","article_modified_time":"2020-06-16T15:29:13+00:00","og_image":[{"width":800,"height":445,"url":"https:\/\/dicodusport.fr\/blog\/wp-content\/uploads\/2020\/06\/J\u00e9r\u00e9mie-Azou-veut-sengager-pour-laviron-fran\u00e7ais.png","type":"image\/png"}],"author":"Nicolas Jacquemard","twitter_card":"summary_large_image","twitter_title":"J\u00e9r\u00e9mie Azou veut s'engager pour l'aviron fran\u00e7ais","twitter_creator":"@https:\/\/twitter.com\/Nico_Jacquemard","twitter_site":"@dicodusport","schema":{"@context":"https:\/\/schema.org","@graph":[{"@type":"NewsArticle","@id":"https:\/\/dicodusport.fr\/blog\/jeremie-azou-veut-s-engager-pour-aviron-francais\/#article","isPartOf":{"@id":"https:\/\/dicodusport.fr\/blog\/jeremie-azou-veut-s-engager-pour-aviron-francais\/"},"author":{"name":"Nicolas Jacquemard","@id":"https:\/\/dicodusport.fr\/blog\/#\/schema\/person\/55dcb50ad410894e431ed812bbb70191"},"headline":"J\u00e9r\u00e9mie Azou veut s&rsquo;engager pour l&rsquo;aviron fran\u00e7ais","datePublished":"2020-06-16T15:24:39+00:00","dateModified":"2020-06-16T15:29:13+00:00","mainEntityOfPage":{"@id":"https:\/\/dicodusport.fr\/blog\/jeremie-azou-veut-s-engager-pour-aviron-francais\/"},"wordCount":168,"commentCount":0,"publisher":{"@id":"https:\/\/dicodusport.fr\/blog\/#organization"},"image":{"@id":"https:\/\/dicodusport.fr\/blog\/jeremie-azou-veut-s-engager-pour-aviron-francais\/#primaryimage"},"thumbnailUrl":"https:\/\/dicodusport.fr\/blog\/wp-content\/uploads\/2020\/06\/J\u00e9r\u00e9mie-Azou-veut-sengager-pour-laviron-fran\u00e7ais.png","keywords":["aviron","j\u00e9r\u00e9mie azou"],"articleSection":["Aviron"],"inLanguage":"fr-FR","potentialAction":[{"@type":"CommentAction","name":"Comment","target":["https:\/\/dicodusport.fr\/blog\/jeremie-azou-veut-s-engager-pour-aviron-francais\/#respond"]}],"copyrightYear":"2020","copyrightHolder":{"@id":"https:\/\/dicodusport.fr\/blog\/#organization"}},{"@type":"WebPage","@id":"https:\/\/dicodusport.fr\/blog\/jeremie-azou-veut-s-engager-pour-aviron-francais\/","url":"https:\/\/dicodusport.fr\/blog\/jeremie-azou-veut-s-engager-pour-aviron-francais\/","name":"J\u00e9r\u00e9mie Azou veut s'engager pour l'aviron fran\u00e7ais","isPartOf":{"@id":"https:\/\/dicodusport.fr\/blog\/#website"},"primaryImageOfPage":{"@id":"https:\/\/dicodusport.fr\/blog\/jeremie-azou-veut-s-engager-pour-aviron-francais\/#primaryimage"},"image":{"@id":"https:\/\/dicodusport.fr\/blog\/jeremie-azou-veut-s-engager-pour-aviron-francais\/#primaryimage"},"thumbnailUrl":"https:\/\/dicodusport.fr\/blog\/wp-content\/uploads\/2020\/06\/J\u00e9r\u00e9mie-Azou-veut-sengager-pour-laviron-fran\u00e7ais.png","datePublished":"2020-06-16T15:24:39+00:00","dateModified":"2020-06-16T15:29:13+00:00","description":"AVIRON - Dans une vid\u00e9o pour nos confr\u00e8res de Mag Aviron, J\u00e9r\u00e9mie Azou explique qu'il va s'engager pour l'aviron fran\u00e7ais \u00e0 son retour en France.\u00a0","breadcrumb":{"@id":"https:\/\/dicodusport.fr\/blog\/jeremie-azou-veut-s-engager-pour-aviron-francais\/#breadcrumb"},"inLanguage":"fr-FR","potentialAction":[{"@type":"ReadAction","target":["https:\/\/dicodusport.fr\/blog\/jeremie-azou-veut-s-engager-pour-aviron-francais\/"]}]},{"@type":"ImageObject","inLanguage":"fr-FR","@id":"https:\/\/dicodusport.fr\/blog\/jeremie-azou-veut-s-engager-pour-aviron-francais\/#primaryimage","url":"https:\/\/dicodusport.fr\/blog\/wp-content\/uploads\/2020\/06\/J\u00e9r\u00e9mie-Azou-veut-sengager-pour-laviron-fran\u00e7ais.png","contentUrl":"https:\/\/dicodusport.fr\/blog\/wp-content\/uploads\/2020\/06\/J\u00e9r\u00e9mie-Azou-veut-sengager-pour-laviron-fran\u00e7ais.png","width":800,"height":445,"caption":"J\u00e9r\u00e9mie Azou veut s'engager pour l'aviron fran\u00e7ais"},{"@type":"BreadcrumbList","@id":"https:\/\/dicodusport.fr\/blog\/jeremie-azou-veut-s-engager-pour-aviron-francais\/#breadcrumb","itemListElement":[{"@type":"ListItem","position":1,"name":"Accueil","item":"https:\/\/dicodusport.fr\/blog\/"},{"@type":"ListItem","position":2,"name":"J\u00e9r\u00e9mie Azou veut s&rsquo;engager pour l&rsquo;aviron fran\u00e7ais"}]},{"@type":"WebSite","@id":"https:\/\/dicodusport.fr\/blog\/#website","url":"https:\/\/dicodusport.fr\/blog\/","name":"Dicodusport","description":"L&#039;encyclop\u00e9die de l&#039;actualit\u00e9 sportive","publisher":{"@id":"https:\/\/dicodusport.fr\/blog\/#organization"},"potentialAction":[{"@type":"SearchAction","target":{"@type":"EntryPoint","urlTemplate":"https:\/\/dicodusport.fr\/blog\/?s={search_term_string}"},"query-input":{"@type":"PropertyValueSpecification","valueRequired":true,"valueName":"search_term_string"}}],"inLanguage":"fr-FR"},{"@type":"NewsMediaOrganization","@id":"https:\/\/dicodusport.fr\/blog\/#organization","name":"Dicodusport","url":"https:\/\/dicodusport.fr\/blog\/","logo":{"@type":"ImageObject","inLanguage":"fr-FR","@id":"https:\/\/dicodusport.fr\/blog\/#\/schema\/logo\/image\/","url":"https:\/\/dicodusport.fr\/blog\/wp-content\/uploads\/2020\/06\/cropped-LOGO-DICODUSPORT-2020-SANS-FOND-SANS-TEXTE.png","contentUrl":"https:\/\/dicodusport.fr\/blog\/wp-content\/uploads\/2020\/06\/cropped-LOGO-DICODUSPORT-2020-SANS-FOND-SANS-TEXTE.png","width":512,"height":512,"caption":"Dicodusport"},"image":{"@id":"https:\/\/dicodusport.fr\/blog\/#\/schema\/logo\/image\/"},"sameAs":["https:\/\/www.facebook.com\/dicodusport","https:\/\/x.com\/dicodusport","https:\/\/www.instagram.com\/dicodusport\/","https:\/\/www.youtube.com\/channel\/UC7V2KZ5sd3htJivAbA4ZG3w"],"description":"Dicodusport est l'encyclop\u00e9die de l'actualit\u00e9 sportive.","email":"bonjour@dicodusport.fr","legalName":"DICODUSPORT","foundingDate":"2018-01-14","vatID":"FR71834470973","taxID":"83447097300043","numberOfEmployees":{"@type":"QuantitativeValue","minValue":"1","maxValue":"10"}},{"@type":"Person","@id":"https:\/\/dicodusport.fr\/blog\/#\/schema\/person\/55dcb50ad410894e431ed812bbb70191","name":"Nicolas Jacquemard","image":{"@type":"ImageObject","inLanguage":"fr-FR","@id":"https:\/\/dicodusport.fr\/blog\/#\/schema\/person\/image\/","url":"https:\/\/dicodusport.fr\/blog\/wp-content\/uploads\/2021\/05\/Nicolas-Jacquemard-150x150.jpeg","contentUrl":"https:\/\/dicodusport.fr\/blog\/wp-content\/uploads\/2021\/05\/Nicolas-Jacquemard-150x150.jpeg","caption":"Nicolas Jacquemard"},"description":"Passionn\u00e9 de sport et entrepreneur depuis mes 18 ans, la cr\u00e9ation de Dicodusport m'a sembl\u00e9 \u00e9vidente pour participer \u00e0 la m\u00e9diatisation d'un plus grand nombre de sports. Le chemin est long mais avec une \u00e9quipe des plus motiv\u00e9es et les Jeux Olympiques de Paris 2024 en point de mire, nous y arriverons ! Journaliste dans le monde du sport depuis plus de 5 ans, je traite aussi bien de football, de rugby, de biathlon que de cyclisme.","sameAs":["https:\/\/www.facebook.com\/dicodusport","https:\/\/x.com\/https:\/\/twitter.com\/Nico_Jacquemard"],"url":"https:\/\/dicodusport.fr\/blog\/author\/dicodusport\/"}]}},"_links":{"self":[{"href":"https:\/\/dicodusport.fr\/blog\/wp-json\/wp\/v2\/posts\/69019","targetHints":{"allow":["GET"]}}],"collection":[{"href":"https:\/\/dicodusport.fr\/blog\/wp-json\/wp\/v2\/posts"}],"about":[{"href":"https:\/\/dicodusport.fr\/blog\/wp-json\/wp\/v2\/types\/post"}],"author":[{"embeddable":true,"href":"https:\/\/dicodusport.fr\/blog\/wp-json\/wp\/v2\/users\/1"}],"replies":[{"embeddable":true,"href":"https:\/\/dicodusport.fr\/blog\/wp-json\/wp\/v2\/comments?post=69019"}],"version-history":[{"count":0,"href":"https:\/\/dicodusport.fr\/blog\/wp-json\/wp\/v2\/posts\/69019\/revisions"}],"wp:featuredmedia":[{"embeddable":true,"href":"https:\/\/dicodusport.fr\/blog\/wp-json\/wp\/v2\/media\/69037"}],"wp:attachment":[{"href":"https:\/\/dicodusport.fr\/blog\/wp-json\/wp\/v2\/media?parent=69019"}],"wp:term":[{"taxonomy":"category","embeddable":true,"href":"https:\/\/dicodusport.fr\/blog\/wp-json\/wp\/v2\/categories?post=69019"},{"taxonomy":"post_tag","embeddable":true,"href":"https:\/\/dicodusport.fr\/blog\/wp-json\/wp\/v2\/tags?post=69019"}],"curies":[{"name":"wp","href":"https:\/\/api.w.org\/{rel}","templated":true}]}}