{"id":69071,"date":"2020-06-17T15:33:00","date_gmt":"2020-06-17T13:33:00","guid":{"rendered":"http:\/\/dicodusport.fr\/blog\/?p=69071"},"modified":"2020-06-17T23:35:44","modified_gmt":"2020-06-17T21:35:44","slug":"avant-un-mercato-agite-om-valide-ses-jeunes","status":"publish","type":"post","link":"https:\/\/dicodusport.fr\/blog\/avant-un-mercato-agite-om-valide-ses-jeunes\/","title":{"rendered":"Avant un mercato agit\u00e9, l\u2019OM valide ses jeunes"},"content":{"rendered":"<p style=\"text-align: justify;\"><em><strong>D\u00e9but juin, l\u2019<a href=\"https:\/\/dicodusport.fr\/blog\/tag\/olympique-de-marseille\/\" target=\"_blank\" rel=\"noopener noreferrer\">Olympique de Marseille<\/a> a pr\u00e9par\u00e9 l\u2019avenir en signant 6 nouveaux contrats professionnels qui int\u00e9greront le groupe de Villas-Boas d\u00e8s la pr\u00e9paration. Ils viendront garnir une \u00e9quipe encore incertaine et l\u00e9g\u00e8re dans l\u2019optique de la Ligue des Champions.<\/strong><\/em><\/p>\n<h2 style=\"text-align: justify;\">Un centre de formation r\u00e9compens\u00e9<\/h2>\n<p style=\"text-align: justify;\">Pas forc\u00e9ment r\u00e9put\u00e9 en France, le centre de formation de l\u2019<strong>Olympique de Marseille<\/strong> sort d\u2019une saison qualitative. Et voir 6 de ses pensionnaires promus dans le monde professionnel, est certainement la plus belle des reconnaissances pour les formateurs d\u2019un centre. Sous l\u2019impulsion du directeur du centre de formation, <strong>Nasser Larguet<\/strong>, l\u2019<strong>OM<\/strong> a chang\u00e9 sa m\u00e9thode de travail et sa vision sur ses jeunes pousses (pour raisons \u00e9conomiques ?). Le club souhaite se construire sur un mod\u00e8le s\u2019orientant vers la formation des jeunes. Avec pour objectif final, l\u2019\u00e9quipe premi\u00e8re. Toujours d\u00e9licat dans le contexte marseillais mais en d\u00e9veloppement.<\/p>\n<blockquote class=\"twitter-tweet\">\n<p dir=\"ltr\" lang=\"fr\">La formation au coeur de la strat\u00e9gie de l\u2019OM &#x26aa;&#xfe0f;&#x1f535;<\/p>\n<p>5&#xfe0f;&#x20e3; jeunes joueurs ont sign\u00e9 leur contrat professionnel aujourd\u2019hui &#x270d;&#xfe0f;<\/p>\n<p>\u2014 Olympique de Marseille (@OM_Officiel) <a href=\"https:\/\/twitter.com\/OM_Officiel\/status\/1271503784615829504?ref_src=twsrc%5Etfw\">June 12, 2020<\/a><\/p><\/blockquote>\n<p><script async src=\"https:\/\/platform.twitter.com\/widgets.js\" charset=\"utf-8\"><\/script><\/p>\n<p style=\"text-align: justify;\">Ils ont entre 16 et 20 ans et ils ont tap\u00e9 dans l\u2019\u0153il du board marseillais et de <strong>Villas-Boas.<\/strong> <strong>Nassim Ahmed<\/strong> (Milieu d\u00e9fensif \u2013 20 ans), <strong>Ugo Bertelli<\/strong> (Milieu \u2013 16 ans), <strong>Cheick Souar\u00e9<\/strong> (Milieu \u2013 17 ans), <strong>Jores Rahou<\/strong> (Attaquant \u2013 17 ans), <strong>Richecard Richard<\/strong> (D\u00e9fenseur \u2013 18 ans) et <strong>Aaron Kamardin<\/strong> (D\u00e9fenseur \u2013 18 ans). Ils seront les cadres du groupe qui \u00e9voluera en <strong>Youth League<\/strong> (Ligue des champions U19). Mais aussi aux c\u00f4t\u00e9s des <strong>Payet<\/strong>, <strong>Thauvin<\/strong>, <strong>Benedetto<\/strong> au moins \u00e0 l\u2019entra\u00eenement. L\u2019objectif est clair, suivre les pas des <strong>Lucas Perrin<\/strong> ou <strong>Marley Ak\u00e9<\/strong>, qui ont su cette saison prendre du temps de jeu avec l\u2019<strong>OM<\/strong> en <strong>Ligue 1<\/strong>.<\/p>\n<p style=\"text-align: justify;\">Encore mieux, l\u2019objectif serait de s\u2019imposer dans cet <strong>OM<\/strong> \u00e0 l\u2019image de <strong>Maxime Lopez<\/strong> ou <strong>Boubacar Kamara<\/strong>. Dans le contexte actuel des finances du club olympien, il est clair que les jeunes professionnels auront une carte \u00e0 jouer en encha\u00eenant les bonnes performances. Le r\u00eave de r\u00e9ussir \u00e0 l\u2019<strong>OM<\/strong> pour les jeunes marseillais est maintenant en cours.<\/p>\n<div id=\"attachment_69079\" style=\"width: 1010px\" class=\"wp-caption aligncenter\"><img loading=\"lazy\" decoding=\"async\" aria-describedby=\"caption-attachment-69079\" class=\"wp-image-69079 size-full\" src=\"http:\/\/dicodusport.fr\/blog\/wp-content\/uploads\/2020\/06\/Kamara-1.jpg\" alt=\"\" width=\"1000\" height=\"666\" srcset=\"https:\/\/dicodusport.fr\/blog\/wp-content\/uploads\/2020\/06\/Kamara-1.jpg 1000w, https:\/\/dicodusport.fr\/blog\/wp-content\/uploads\/2020\/06\/Kamara-1-300x200.jpg 300w, https:\/\/dicodusport.fr\/blog\/wp-content\/uploads\/2020\/06\/Kamara-1-768x511.jpg 768w\" sizes=\"auto, (max-width: 1000px) 100vw, 1000px\" \/><p id=\"caption-attachment-69079\" class=\"wp-caption-text\">Boubacar Kamara, l&rsquo;exemple \u00e0 suivre pour les minots &#8211; AFP<\/p><\/div>\n<hr \/>\n<ul>\n<li style=\"text-align: justify;\"><strong>\u00c0 lire aussi &#8211; <a href=\"https:\/\/dicodusport.fr\/blog\/votre-11-de-legende-olympique-marseille\/\" target=\"_blank\" rel=\"noopener noreferrer\">Votre 11 de l\u00e9gende de l\u2019Olympique de Marseille<\/a><\/strong><\/li>\n<\/ul>\n<hr \/>\n<h2 style=\"text-align: justify;\">Et c\u00f4t\u00e9 mercato ?<\/h2>\n<p style=\"text-align: justify;\">Pas grand chose pour l&rsquo;instant sur la Canebi\u00e8re. Sinon toujours cette volont\u00e9 du pr\u00e9sident <strong>Jacques-Henri Eyraud<\/strong> de vendre pour au moins 60 millions \u20ac. Si ses joueurs ont r\u00e9alis\u00e9 une bonne saison, la crise sanitaire ne va pas arranger les choses sur les finances des clubs. Entre la volont\u00e9 de jouer la <strong>Ligue des Champions<\/strong> sous les couleurs de l&rsquo;<strong>OM<\/strong> pour les joueurs et les souhaits de d\u00e9part du pr\u00e9sident envers ses joueurs, c&rsquo;est encore le flou \u00e0 <strong>Marseille<\/strong>. Seul <strong>Yohann Pel\u00e9<\/strong>, gardien rempla\u00e7ant, a sign\u00e9 r\u00e9cemment pour une nouvelle ann\u00e9e.<\/p>\n<p style=\"text-align: justify;\">Dans le sens des arriv\u00e9es, la rumeur la plus persistante se fait sur <strong>Mbaye Niang<\/strong>, l&rsquo;attaquant s\u00e9n\u00e9galais du <strong>Stade Rennais<\/strong>. Seul hic, le prix (environ 20 millions \u20ac) qui semble tr\u00e8s loin des finances de l&rsquo;<strong>OM<\/strong> aujourd&rsquo;hui.<\/p>\n<p><em><strong>Romain Delanis<br \/>\n<\/strong><\/em><em><strong><a href=\"https:\/\/twitter.com\/RDelanis\" target=\"_blank\" rel=\"noopener noreferrer\"><img loading=\"lazy\" decoding=\"async\" class=\"alignnone wp-image-2908\" src=\"http:\/\/dicodusport.fr\/blog\/wp-content\/uploads\/2017\/07\/logo-twitter-150x150.png\" alt=\"\" width=\"39\" height=\"39\" \/><\/a><\/strong><\/em><\/p>\n","protected":false},"excerpt":{"rendered":"<p>D\u00e9but juin, l\u2019Olympique de Marseille a pr\u00e9par\u00e9 l\u2019avenir en signant 6 nouveaux contrats professionnels qui int\u00e9greront le groupe de Villas-Boas d\u00e8s la pr\u00e9paration.<\/p>\n","protected":false},"author":14,"featured_media":69108,"comment_status":"open","ping_status":"closed","sticky":false,"template":"","format":"standard","meta":{"_acf_changed":false,"_daextam_enable_autolinks":"","footnotes":""},"categories":[2301],"tags":[75,1554,1555,2924,1889],"class_list":["post-69071","post","type-post","status-publish","format-standard","has-post-thumbnail","hentry","category-football","tag-football","tag-ligue-1","tag-mercato","tag-olympique-de-marseille","tag-om"],"acf":[],"yoast_head":"<!-- This site is optimized with the Yoast SEO Premium plugin v26.7 (Yoast SEO v26.7) - https:\/\/yoast.com\/wordpress\/plugins\/seo\/ -->\n<title>Avant un mercato agit\u00e9, l\u2019OM valide ses jeunes<\/title>\n<meta name=\"description\" content=\"D\u00e9but juin, l\u2019OM a pr\u00e9par\u00e9 l\u2019avenir en signant 6 nouveaux contrats professionnels qui int\u00e9greront le groupe de Villas-Boas d\u00e8s la pr\u00e9paration.\" \/>\n<meta name=\"robots\" content=\"index, follow, max-snippet:-1, max-image-preview:large, max-video-preview:-1\" \/>\n<link rel=\"canonical\" href=\"https:\/\/dicodusport.fr\/blog\/avant-un-mercato-agite-om-valide-ses-jeunes\/\" \/>\n<meta property=\"og:locale\" content=\"fr_FR\" \/>\n<meta property=\"og:type\" content=\"article\" \/>\n<meta property=\"og:title\" content=\"Avant un mercato agit\u00e9, l\u2019OM valide ses jeunes\" \/>\n<meta property=\"og:description\" content=\"D\u00e9but juin, l\u2019OM a pr\u00e9par\u00e9 l\u2019avenir en signant 6 nouveaux contrats professionnels qui int\u00e9greront le groupe de Villas-Boas d\u00e8s la pr\u00e9paration.\" \/>\n<meta property=\"og:url\" content=\"https:\/\/dicodusport.fr\/blog\/avant-un-mercato-agite-om-valide-ses-jeunes\/\" \/>\n<meta property=\"og:site_name\" content=\"Dicodusport\" \/>\n<meta property=\"article:publisher\" content=\"https:\/\/www.facebook.com\/dicodusport\" \/>\n<meta property=\"article:published_time\" content=\"2020-06-17T13:33:00+00:00\" \/>\n<meta property=\"article:modified_time\" content=\"2020-06-17T21:35:44+00:00\" \/>\n<meta property=\"og:image\" content=\"https:\/\/dicodusport.fr\/blog\/wp-content\/uploads\/2020\/06\/Avant-un-mercato-agit\u00e9-l\u2019OM-valide-ses-jeunes.png\" \/>\n\t<meta property=\"og:image:width\" content=\"800\" \/>\n\t<meta property=\"og:image:height\" content=\"445\" \/>\n\t<meta property=\"og:image:type\" content=\"image\/png\" \/>\n<meta name=\"author\" content=\"Romain Delanis\" \/>\n<meta name=\"twitter:card\" content=\"summary_large_image\" \/>\n<meta name=\"twitter:title\" content=\"Avant un mercato agit\u00e9, l\u2019OM valide ses jeunes\" \/>\n<meta name=\"twitter:creator\" content=\"@https:\/\/twitter.com\/RDelanis\" \/>\n<meta name=\"twitter:site\" content=\"@dicodusport\" \/>\n<script type=\"application\/ld+json\" class=\"yoast-schema-graph\">{\"@context\":\"https:\/\/schema.org\",\"@graph\":[{\"@type\":\"NewsArticle\",\"@id\":\"https:\/\/dicodusport.fr\/blog\/avant-un-mercato-agite-om-valide-ses-jeunes\/#article\",\"isPartOf\":{\"@id\":\"https:\/\/dicodusport.fr\/blog\/avant-un-mercato-agite-om-valide-ses-jeunes\/\"},\"author\":{\"name\":\"Romain Delanis\",\"@id\":\"https:\/\/dicodusport.fr\/blog\/#\/schema\/person\/8c78730a59f8a1e617f7a19026ebc14a\"},\"headline\":\"Avant un mercato agit\u00e9, l\u2019OM valide ses jeunes\",\"datePublished\":\"2020-06-17T13:33:00+00:00\",\"dateModified\":\"2020-06-17T21:35:44+00:00\",\"mainEntityOfPage\":{\"@id\":\"https:\/\/dicodusport.fr\/blog\/avant-un-mercato-agite-om-valide-ses-jeunes\/\"},\"wordCount\":554,\"commentCount\":0,\"publisher\":{\"@id\":\"https:\/\/dicodusport.fr\/blog\/#organization\"},\"image\":{\"@id\":\"https:\/\/dicodusport.fr\/blog\/avant-un-mercato-agite-om-valide-ses-jeunes\/#primaryimage\"},\"thumbnailUrl\":\"https:\/\/dicodusport.fr\/blog\/wp-content\/uploads\/2020\/06\/Avant-un-mercato-agit\u00e9-l\u2019OM-valide-ses-jeunes.png\",\"keywords\":[\"Football\",\"Ligue 1\",\"Mercato\",\"Olympique de Marseille\",\"OM\"],\"articleSection\":[\"Football\"],\"inLanguage\":\"fr-FR\",\"potentialAction\":[{\"@type\":\"CommentAction\",\"name\":\"Comment\",\"target\":[\"https:\/\/dicodusport.fr\/blog\/avant-un-mercato-agite-om-valide-ses-jeunes\/#respond\"]}],\"copyrightYear\":\"2020\",\"copyrightHolder\":{\"@id\":\"https:\/\/dicodusport.fr\/blog\/#organization\"}},{\"@type\":\"WebPage\",\"@id\":\"https:\/\/dicodusport.fr\/blog\/avant-un-mercato-agite-om-valide-ses-jeunes\/\",\"url\":\"https:\/\/dicodusport.fr\/blog\/avant-un-mercato-agite-om-valide-ses-jeunes\/\",\"name\":\"Avant un mercato agit\u00e9, l\u2019OM valide ses jeunes\",\"isPartOf\":{\"@id\":\"https:\/\/dicodusport.fr\/blog\/#website\"},\"primaryImageOfPage\":{\"@id\":\"https:\/\/dicodusport.fr\/blog\/avant-un-mercato-agite-om-valide-ses-jeunes\/#primaryimage\"},\"image\":{\"@id\":\"https:\/\/dicodusport.fr\/blog\/avant-un-mercato-agite-om-valide-ses-jeunes\/#primaryimage\"},\"thumbnailUrl\":\"https:\/\/dicodusport.fr\/blog\/wp-content\/uploads\/2020\/06\/Avant-un-mercato-agit\u00e9-l\u2019OM-valide-ses-jeunes.png\",\"datePublished\":\"2020-06-17T13:33:00+00:00\",\"dateModified\":\"2020-06-17T21:35:44+00:00\",\"description\":\"D\u00e9but juin, l\u2019OM a pr\u00e9par\u00e9 l\u2019avenir en signant 6 nouveaux contrats professionnels qui int\u00e9greront le groupe de Villas-Boas d\u00e8s la pr\u00e9paration.\",\"breadcrumb\":{\"@id\":\"https:\/\/dicodusport.fr\/blog\/avant-un-mercato-agite-om-valide-ses-jeunes\/#breadcrumb\"},\"inLanguage\":\"fr-FR\",\"potentialAction\":[{\"@type\":\"ReadAction\",\"target\":[\"https:\/\/dicodusport.fr\/blog\/avant-un-mercato-agite-om-valide-ses-jeunes\/\"]}]},{\"@type\":\"ImageObject\",\"inLanguage\":\"fr-FR\",\"@id\":\"https:\/\/dicodusport.fr\/blog\/avant-un-mercato-agite-om-valide-ses-jeunes\/#primaryimage\",\"url\":\"https:\/\/dicodusport.fr\/blog\/wp-content\/uploads\/2020\/06\/Avant-un-mercato-agit\u00e9-l\u2019OM-valide-ses-jeunes.png\",\"contentUrl\":\"https:\/\/dicodusport.fr\/blog\/wp-content\/uploads\/2020\/06\/Avant-un-mercato-agit\u00e9-l\u2019OM-valide-ses-jeunes.png\",\"width\":800,\"height\":445,\"caption\":\"Avant un mercato agit\u00e9, l\u2019OM valide ses jeunes\"},{\"@type\":\"BreadcrumbList\",\"@id\":\"https:\/\/dicodusport.fr\/blog\/avant-un-mercato-agite-om-valide-ses-jeunes\/#breadcrumb\",\"itemListElement\":[{\"@type\":\"ListItem\",\"position\":1,\"name\":\"Accueil\",\"item\":\"https:\/\/dicodusport.fr\/blog\/\"},{\"@type\":\"ListItem\",\"position\":2,\"name\":\"Avant un mercato agit\u00e9, l\u2019OM valide ses jeunes\"}]},{\"@type\":\"WebSite\",\"@id\":\"https:\/\/dicodusport.fr\/blog\/#website\",\"url\":\"https:\/\/dicodusport.fr\/blog\/\",\"name\":\"Dicodusport\",\"description\":\"L&#039;encyclop\u00e9die de l&#039;actualit\u00e9 sportive\",\"publisher\":{\"@id\":\"https:\/\/dicodusport.fr\/blog\/#organization\"},\"potentialAction\":[{\"@type\":\"SearchAction\",\"target\":{\"@type\":\"EntryPoint\",\"urlTemplate\":\"https:\/\/dicodusport.fr\/blog\/?s={search_term_string}\"},\"query-input\":{\"@type\":\"PropertyValueSpecification\",\"valueRequired\":true,\"valueName\":\"search_term_string\"}}],\"inLanguage\":\"fr-FR\"},{\"@type\":\"NewsMediaOrganization\",\"@id\":\"https:\/\/dicodusport.fr\/blog\/#organization\",\"name\":\"Dicodusport\",\"url\":\"https:\/\/dicodusport.fr\/blog\/\",\"logo\":{\"@type\":\"ImageObject\",\"inLanguage\":\"fr-FR\",\"@id\":\"https:\/\/dicodusport.fr\/blog\/#\/schema\/logo\/image\/\",\"url\":\"https:\/\/dicodusport.fr\/blog\/wp-content\/uploads\/2020\/06\/cropped-LOGO-DICODUSPORT-2020-SANS-FOND-SANS-TEXTE.png\",\"contentUrl\":\"https:\/\/dicodusport.fr\/blog\/wp-content\/uploads\/2020\/06\/cropped-LOGO-DICODUSPORT-2020-SANS-FOND-SANS-TEXTE.png\",\"width\":512,\"height\":512,\"caption\":\"Dicodusport\"},\"image\":{\"@id\":\"https:\/\/dicodusport.fr\/blog\/#\/schema\/logo\/image\/\"},\"sameAs\":[\"https:\/\/www.facebook.com\/dicodusport\",\"https:\/\/x.com\/dicodusport\",\"https:\/\/www.instagram.com\/dicodusport\/\",\"https:\/\/www.youtube.com\/channel\/UC7V2KZ5sd3htJivAbA4ZG3w\"],\"description\":\"Dicodusport est l'encyclop\u00e9die de l'actualit\u00e9 sportive.\",\"email\":\"bonjour@dicodusport.fr\",\"legalName\":\"DICODUSPORT\",\"foundingDate\":\"2018-01-14\",\"vatID\":\"FR71834470973\",\"taxID\":\"83447097300043\",\"numberOfEmployees\":{\"@type\":\"QuantitativeValue\",\"minValue\":\"1\",\"maxValue\":\"10\"}},{\"@type\":\"Person\",\"@id\":\"https:\/\/dicodusport.fr\/blog\/#\/schema\/person\/8c78730a59f8a1e617f7a19026ebc14a\",\"name\":\"Romain Delanis\",\"image\":{\"@type\":\"ImageObject\",\"inLanguage\":\"fr-FR\",\"@id\":\"https:\/\/dicodusport.fr\/blog\/#\/schema\/person\/image\/\",\"url\":\"https:\/\/dicodusport.fr\/blog\/wp-content\/uploads\/2021\/05\/Romain-Delanis-150x150.jpg\",\"contentUrl\":\"https:\/\/dicodusport.fr\/blog\/wp-content\/uploads\/2021\/05\/Romain-Delanis-150x150.jpg\",\"caption\":\"Romain Delanis\"},\"description\":\"Journaliste\/R\u00e9dacteur depuis novembre 2015 - Capable de passer un samedi apr\u00e8s-midi devant la Ligue 2 puis le biathlon sans oublier la finale de l\u2019ATP Rotterdam, j\u2019aime aussi mettre mon r\u00e9veil pour me faire un Pistons\/Bulls qui rappelle de bons souvenirs. Tout cela, j\u2019ai choisi il y a maintenant quelques temps de vous le raconter avec Dicodusport, pour vous faire vivre ma passion parfois inconsid\u00e9r\u00e9e pour le sport en g\u00e9n\u00e9ral (mais surtout le foot faut se l\u2019avouer).\",\"sameAs\":[\"https:\/\/x.com\/https:\/\/twitter.com\/RDelanis\"],\"url\":\"https:\/\/dicodusport.fr\/blog\/author\/romain\/\"}]}<\/script>\n<!-- \/ Yoast SEO Premium plugin. -->","yoast_head_json":{"title":"Avant un mercato agit\u00e9, l\u2019OM valide ses jeunes","description":"D\u00e9but juin, l\u2019OM a pr\u00e9par\u00e9 l\u2019avenir en signant 6 nouveaux contrats professionnels qui int\u00e9greront le groupe de Villas-Boas d\u00e8s la pr\u00e9paration.","robots":{"index":"index","follow":"follow","max-snippet":"max-snippet:-1","max-image-preview":"max-image-preview:large","max-video-preview":"max-video-preview:-1"},"canonical":"https:\/\/dicodusport.fr\/blog\/avant-un-mercato-agite-om-valide-ses-jeunes\/","og_locale":"fr_FR","og_type":"article","og_title":"Avant un mercato agit\u00e9, l\u2019OM valide ses jeunes","og_description":"D\u00e9but juin, l\u2019OM a pr\u00e9par\u00e9 l\u2019avenir en signant 6 nouveaux contrats professionnels qui int\u00e9greront le groupe de Villas-Boas d\u00e8s la pr\u00e9paration.","og_url":"https:\/\/dicodusport.fr\/blog\/avant-un-mercato-agite-om-valide-ses-jeunes\/","og_site_name":"Dicodusport","article_publisher":"https:\/\/www.facebook.com\/dicodusport","article_published_time":"2020-06-17T13:33:00+00:00","article_modified_time":"2020-06-17T21:35:44+00:00","og_image":[{"width":800,"height":445,"url":"https:\/\/dicodusport.fr\/blog\/wp-content\/uploads\/2020\/06\/Avant-un-mercato-agit\u00e9-l\u2019OM-valide-ses-jeunes.png","type":"image\/png"}],"author":"Romain Delanis","twitter_card":"summary_large_image","twitter_title":"Avant un mercato agit\u00e9, l\u2019OM valide ses jeunes","twitter_creator":"@https:\/\/twitter.com\/RDelanis","twitter_site":"@dicodusport","schema":{"@context":"https:\/\/schema.org","@graph":[{"@type":"NewsArticle","@id":"https:\/\/dicodusport.fr\/blog\/avant-un-mercato-agite-om-valide-ses-jeunes\/#article","isPartOf":{"@id":"https:\/\/dicodusport.fr\/blog\/avant-un-mercato-agite-om-valide-ses-jeunes\/"},"author":{"name":"Romain Delanis","@id":"https:\/\/dicodusport.fr\/blog\/#\/schema\/person\/8c78730a59f8a1e617f7a19026ebc14a"},"headline":"Avant un mercato agit\u00e9, l\u2019OM valide ses jeunes","datePublished":"2020-06-17T13:33:00+00:00","dateModified":"2020-06-17T21:35:44+00:00","mainEntityOfPage":{"@id":"https:\/\/dicodusport.fr\/blog\/avant-un-mercato-agite-om-valide-ses-jeunes\/"},"wordCount":554,"commentCount":0,"publisher":{"@id":"https:\/\/dicodusport.fr\/blog\/#organization"},"image":{"@id":"https:\/\/dicodusport.fr\/blog\/avant-un-mercato-agite-om-valide-ses-jeunes\/#primaryimage"},"thumbnailUrl":"https:\/\/dicodusport.fr\/blog\/wp-content\/uploads\/2020\/06\/Avant-un-mercato-agit\u00e9-l\u2019OM-valide-ses-jeunes.png","keywords":["Football","Ligue 1","Mercato","Olympique de Marseille","OM"],"articleSection":["Football"],"inLanguage":"fr-FR","potentialAction":[{"@type":"CommentAction","name":"Comment","target":["https:\/\/dicodusport.fr\/blog\/avant-un-mercato-agite-om-valide-ses-jeunes\/#respond"]}],"copyrightYear":"2020","copyrightHolder":{"@id":"https:\/\/dicodusport.fr\/blog\/#organization"}},{"@type":"WebPage","@id":"https:\/\/dicodusport.fr\/blog\/avant-un-mercato-agite-om-valide-ses-jeunes\/","url":"https:\/\/dicodusport.fr\/blog\/avant-un-mercato-agite-om-valide-ses-jeunes\/","name":"Avant un mercato agit\u00e9, l\u2019OM valide ses jeunes","isPartOf":{"@id":"https:\/\/dicodusport.fr\/blog\/#website"},"primaryImageOfPage":{"@id":"https:\/\/dicodusport.fr\/blog\/avant-un-mercato-agite-om-valide-ses-jeunes\/#primaryimage"},"image":{"@id":"https:\/\/dicodusport.fr\/blog\/avant-un-mercato-agite-om-valide-ses-jeunes\/#primaryimage"},"thumbnailUrl":"https:\/\/dicodusport.fr\/blog\/wp-content\/uploads\/2020\/06\/Avant-un-mercato-agit\u00e9-l\u2019OM-valide-ses-jeunes.png","datePublished":"2020-06-17T13:33:00+00:00","dateModified":"2020-06-17T21:35:44+00:00","description":"D\u00e9but juin, l\u2019OM a pr\u00e9par\u00e9 l\u2019avenir en signant 6 nouveaux contrats professionnels qui int\u00e9greront le groupe de Villas-Boas d\u00e8s la pr\u00e9paration.","breadcrumb":{"@id":"https:\/\/dicodusport.fr\/blog\/avant-un-mercato-agite-om-valide-ses-jeunes\/#breadcrumb"},"inLanguage":"fr-FR","potentialAction":[{"@type":"ReadAction","target":["https:\/\/dicodusport.fr\/blog\/avant-un-mercato-agite-om-valide-ses-jeunes\/"]}]},{"@type":"ImageObject","inLanguage":"fr-FR","@id":"https:\/\/dicodusport.fr\/blog\/avant-un-mercato-agite-om-valide-ses-jeunes\/#primaryimage","url":"https:\/\/dicodusport.fr\/blog\/wp-content\/uploads\/2020\/06\/Avant-un-mercato-agit\u00e9-l\u2019OM-valide-ses-jeunes.png","contentUrl":"https:\/\/dicodusport.fr\/blog\/wp-content\/uploads\/2020\/06\/Avant-un-mercato-agit\u00e9-l\u2019OM-valide-ses-jeunes.png","width":800,"height":445,"caption":"Avant un mercato agit\u00e9, l\u2019OM valide ses jeunes"},{"@type":"BreadcrumbList","@id":"https:\/\/dicodusport.fr\/blog\/avant-un-mercato-agite-om-valide-ses-jeunes\/#breadcrumb","itemListElement":[{"@type":"ListItem","position":1,"name":"Accueil","item":"https:\/\/dicodusport.fr\/blog\/"},{"@type":"ListItem","position":2,"name":"Avant un mercato agit\u00e9, l\u2019OM valide ses jeunes"}]},{"@type":"WebSite","@id":"https:\/\/dicodusport.fr\/blog\/#website","url":"https:\/\/dicodusport.fr\/blog\/","name":"Dicodusport","description":"L&#039;encyclop\u00e9die de l&#039;actualit\u00e9 sportive","publisher":{"@id":"https:\/\/dicodusport.fr\/blog\/#organization"},"potentialAction":[{"@type":"SearchAction","target":{"@type":"EntryPoint","urlTemplate":"https:\/\/dicodusport.fr\/blog\/?s={search_term_string}"},"query-input":{"@type":"PropertyValueSpecification","valueRequired":true,"valueName":"search_term_string"}}],"inLanguage":"fr-FR"},{"@type":"NewsMediaOrganization","@id":"https:\/\/dicodusport.fr\/blog\/#organization","name":"Dicodusport","url":"https:\/\/dicodusport.fr\/blog\/","logo":{"@type":"ImageObject","inLanguage":"fr-FR","@id":"https:\/\/dicodusport.fr\/blog\/#\/schema\/logo\/image\/","url":"https:\/\/dicodusport.fr\/blog\/wp-content\/uploads\/2020\/06\/cropped-LOGO-DICODUSPORT-2020-SANS-FOND-SANS-TEXTE.png","contentUrl":"https:\/\/dicodusport.fr\/blog\/wp-content\/uploads\/2020\/06\/cropped-LOGO-DICODUSPORT-2020-SANS-FOND-SANS-TEXTE.png","width":512,"height":512,"caption":"Dicodusport"},"image":{"@id":"https:\/\/dicodusport.fr\/blog\/#\/schema\/logo\/image\/"},"sameAs":["https:\/\/www.facebook.com\/dicodusport","https:\/\/x.com\/dicodusport","https:\/\/www.instagram.com\/dicodusport\/","https:\/\/www.youtube.com\/channel\/UC7V2KZ5sd3htJivAbA4ZG3w"],"description":"Dicodusport est l'encyclop\u00e9die de l'actualit\u00e9 sportive.","email":"bonjour@dicodusport.fr","legalName":"DICODUSPORT","foundingDate":"2018-01-14","vatID":"FR71834470973","taxID":"83447097300043","numberOfEmployees":{"@type":"QuantitativeValue","minValue":"1","maxValue":"10"}},{"@type":"Person","@id":"https:\/\/dicodusport.fr\/blog\/#\/schema\/person\/8c78730a59f8a1e617f7a19026ebc14a","name":"Romain Delanis","image":{"@type":"ImageObject","inLanguage":"fr-FR","@id":"https:\/\/dicodusport.fr\/blog\/#\/schema\/person\/image\/","url":"https:\/\/dicodusport.fr\/blog\/wp-content\/uploads\/2021\/05\/Romain-Delanis-150x150.jpg","contentUrl":"https:\/\/dicodusport.fr\/blog\/wp-content\/uploads\/2021\/05\/Romain-Delanis-150x150.jpg","caption":"Romain Delanis"},"description":"Journaliste\/R\u00e9dacteur depuis novembre 2015 - Capable de passer un samedi apr\u00e8s-midi devant la Ligue 2 puis le biathlon sans oublier la finale de l\u2019ATP Rotterdam, j\u2019aime aussi mettre mon r\u00e9veil pour me faire un Pistons\/Bulls qui rappelle de bons souvenirs. Tout cela, j\u2019ai choisi il y a maintenant quelques temps de vous le raconter avec Dicodusport, pour vous faire vivre ma passion parfois inconsid\u00e9r\u00e9e pour le sport en g\u00e9n\u00e9ral (mais surtout le foot faut se l\u2019avouer).","sameAs":["https:\/\/x.com\/https:\/\/twitter.com\/RDelanis"],"url":"https:\/\/dicodusport.fr\/blog\/author\/romain\/"}]}},"_links":{"self":[{"href":"https:\/\/dicodusport.fr\/blog\/wp-json\/wp\/v2\/posts\/69071","targetHints":{"allow":["GET"]}}],"collection":[{"href":"https:\/\/dicodusport.fr\/blog\/wp-json\/wp\/v2\/posts"}],"about":[{"href":"https:\/\/dicodusport.fr\/blog\/wp-json\/wp\/v2\/types\/post"}],"author":[{"embeddable":true,"href":"https:\/\/dicodusport.fr\/blog\/wp-json\/wp\/v2\/users\/14"}],"replies":[{"embeddable":true,"href":"https:\/\/dicodusport.fr\/blog\/wp-json\/wp\/v2\/comments?post=69071"}],"version-history":[{"count":0,"href":"https:\/\/dicodusport.fr\/blog\/wp-json\/wp\/v2\/posts\/69071\/revisions"}],"wp:featuredmedia":[{"embeddable":true,"href":"https:\/\/dicodusport.fr\/blog\/wp-json\/wp\/v2\/media\/69108"}],"wp:attachment":[{"href":"https:\/\/dicodusport.fr\/blog\/wp-json\/wp\/v2\/media?parent=69071"}],"wp:term":[{"taxonomy":"category","embeddable":true,"href":"https:\/\/dicodusport.fr\/blog\/wp-json\/wp\/v2\/categories?post=69071"},{"taxonomy":"post_tag","embeddable":true,"href":"https:\/\/dicodusport.fr\/blog\/wp-json\/wp\/v2\/tags?post=69071"}],"curies":[{"name":"wp","href":"https:\/\/api.w.org\/{rel}","templated":true}]}}