{"id":69289,"date":"2020-06-20T11:31:37","date_gmt":"2020-06-20T09:31:37","guid":{"rendered":"http:\/\/dicodusport.fr\/blog\/?p=69289&#038;preview=true&#038;preview_id=69289"},"modified":"2020-06-20T11:31:37","modified_gmt":"2020-06-20T09:31:37","slug":"feu-vert-pour-sports-collectifs-reouverture-des-stades-11-juillet","status":"publish","type":"post","link":"https:\/\/dicodusport.fr\/blog\/feu-vert-pour-sports-collectifs-reouverture-des-stades-11-juillet\/","title":{"rendered":"Feu vert pour les sports collectifs, r\u00e9ouverture des stades d\u00e8s le 11 juillet"},"content":{"rendered":"<p style=\"text-align: justify;\"><strong><em><a href=\"https:\/\/dicodusport.fr\/blog\/actualites\/coronavirus\/\" target=\"_blank\" rel=\"noopener noreferrer\">CORONAVIRUS<\/a> &#8211; Dans la nuit de vendredi \u00e0 samedi (!), le gouvernement a annonc\u00e9 la reprise des sports collectifs. Avec en prime, la r\u00e9ouverture des stades d\u00e8s le 11 juillet.<\/em><\/strong><\/p>\n<p style=\"text-align: justify;\">C&rsquo;est un nouveau pas vers la reprise des sports. Ce samedi, en pleine nuit, le gouvernement a annonc\u00e9 une nouvelle \u00e9tape dans <strong>le processus de remise en route des sports collectifs<\/strong>. La pratique de ces derniers est de nouveau autoris\u00e9e, tandis que les stades pourront rouvrir leurs portes d\u00e8s le 11 juillet, avec 5 000 personnes au maximum dans les tribunes.<\/p>\n<p style=\"text-align: justify;\">La pratique des sports de combat pourra finalement reprendre. Le gouvernement pr\u00e9cise \u00e9galement que <em>\u00ab l&rsquo;am\u00e9lioration de la situation sanitaire permet en effet de lever certaines interdictions \u00e0 condition que chacun maintienne une posture vigilante face \u00e0 l&rsquo;\u00e9pid\u00e9mie, a fortiori pendant la p\u00e9riode estivale. \u00bb<\/em> Un nouvel assouplissement pourrait intervenir d\u00e8s la mi-ao\u00fbt, apr\u00e8s un examen \u00e9pid\u00e9miologique courant juillet.<\/p>\n<blockquote class=\"twitter-tweet\">\n<p dir=\"ltr\" lang=\"fr\">Sport professionnel et de haut niveau<\/p>\n<p>&#x1f93c;&#x200d;&#x2640;&#xfe0f; \u00c0 partir du 22 juin : les sports collectifs et de combat pourront reprendre un entrainement classique avec contacts<\/p>\n<p>&#x1f3df;&#xfe0f; \u00c0 partir du 11 juillet : les stades pourront accueillir du public dans la limite de 5000 personnes <a href=\"https:\/\/t.co\/lPwEg34rPV\">pic.twitter.com\/lPwEg34rPV<\/a><\/p>\n<p>\u2014 Minist\u00e8re des Sports &#x1f3e0;&#x1f9d8;&#x200d;&#x2640;&#xfe0f; (@Sports_gouv) <a href=\"https:\/\/twitter.com\/Sports_gouv\/status\/1274261249673527296?ref_src=twsrc%5Etfw\">June 20, 2020<\/a><\/p><\/blockquote>\n<p><script async src=\"https:\/\/platform.twitter.com\/widgets.js\" charset=\"utf-8\"><\/script><\/p>\n<p><strong><em>Dicodusport<br \/>\n<a href=\"https:\/\/www.facebook.com\/dicodusport\/\" target=\"_blank\" rel=\"noopener noreferrer\"><img loading=\"lazy\" decoding=\"async\" class=\"alignnone wp-image-2909\" src=\"http:\/\/dicodusport.fr\/blog\/wp-content\/uploads\/2017\/07\/logo-facebook-150x150.png\" alt=\"\" width=\"40\" height=\"40\" \/><\/a><a href=\"https:\/\/twitter.com\/dicodusport\" target=\"_blank\" rel=\"noopener noreferrer\"><img loading=\"lazy\" decoding=\"async\" class=\"alignnone wp-image-2908\" src=\"http:\/\/dicodusport.fr\/blog\/wp-content\/uploads\/2017\/07\/logo-twitter-150x150.png\" alt=\"\" width=\"39\" height=\"39\" \/><\/a><\/em><\/strong><\/p>\n","protected":false},"excerpt":{"rendered":"<p>CORONAVIRUS &#8211; Dans la nuit de vendredi \u00e0 samedi (!), le gouvernement a annonc\u00e9 la reprise des sports collectifs. Avec en prime, la r\u00e9ouverture des stades d\u00e8s le 11 juillet.<\/p>\n","protected":false},"author":4,"featured_media":69290,"comment_status":"open","ping_status":"closed","sticky":false,"template":"","format":"standard","meta":{"_acf_changed":false,"_daextam_enable_autolinks":"","footnotes":""},"categories":[10646,2301,2303],"tags":[9827,75,13,1669],"class_list":["post-69289","post","type-post","status-publish","format-standard","has-post-thumbnail","hentry","category-coronavirus","category-football","category-rugby","tag-coronavirus","tag-football","tag-rugby","tag-sports-collectifs"],"acf":[],"yoast_head":"<!-- This site is optimized with the Yoast SEO Premium plugin v26.7 (Yoast SEO v26.7) - https:\/\/yoast.com\/wordpress\/plugins\/seo\/ -->\n<title>Feu vert pour les sports collectifs, r\u00e9ouverture des stades d\u00e8s le 11 juillet<\/title>\n<meta name=\"description\" content=\"CORONAVIRUS - Dans la nuit de vendredi \u00e0 samedi (!), le gouvernement a annonc\u00e9 la reprise des sports collectifs. Avec en prime, la r\u00e9ouverture des stades d\u00e8s le 11 juillet.\" \/>\n<meta name=\"robots\" content=\"index, follow, max-snippet:-1, max-image-preview:large, max-video-preview:-1\" \/>\n<link rel=\"canonical\" href=\"https:\/\/dicodusport.fr\/blog\/feu-vert-pour-sports-collectifs-reouverture-des-stades-11-juillet\/\" \/>\n<meta property=\"og:locale\" content=\"fr_FR\" \/>\n<meta property=\"og:type\" content=\"article\" \/>\n<meta property=\"og:title\" content=\"Feu vert pour les sports collectifs, r\u00e9ouverture des stades d\u00e8s le 11 juillet\" \/>\n<meta property=\"og:description\" content=\"CORONAVIRUS - Dans la nuit de vendredi \u00e0 samedi (!), le gouvernement a annonc\u00e9 la reprise des sports collectifs. Avec en prime, la r\u00e9ouverture des stades d\u00e8s le 11 juillet.\" \/>\n<meta property=\"og:url\" content=\"https:\/\/dicodusport.fr\/blog\/feu-vert-pour-sports-collectifs-reouverture-des-stades-11-juillet\/\" \/>\n<meta property=\"og:site_name\" content=\"Dicodusport\" \/>\n<meta property=\"article:publisher\" content=\"https:\/\/www.facebook.com\/dicodusport\" \/>\n<meta property=\"article:author\" content=\"https:\/\/www.facebook.com\/florent.ostermann\" \/>\n<meta property=\"article:published_time\" content=\"2020-06-20T09:31:37+00:00\" \/>\n<meta property=\"og:image\" content=\"https:\/\/dicodusport.fr\/blog\/wp-content\/uploads\/2020\/06\/Feu-vert-pour-les-sports-collectifs-r\u00e9ouverture-des-stades-d\u00e8s-le-11-juillet.png\" \/>\n\t<meta property=\"og:image:width\" content=\"800\" \/>\n\t<meta property=\"og:image:height\" content=\"445\" \/>\n\t<meta property=\"og:image:type\" content=\"image\/png\" \/>\n<meta name=\"author\" content=\"Flo Ostermann\" \/>\n<meta name=\"twitter:card\" content=\"summary_large_image\" \/>\n<meta name=\"twitter:title\" content=\"Feu vert pour les sports collectifs, r\u00e9ouverture des stades d\u00e8s le 11 juillet\" \/>\n<meta name=\"twitter:creator\" content=\"@https:\/\/twitter.com\/FlOstermann\" \/>\n<meta name=\"twitter:site\" content=\"@dicodusport\" \/>\n<script type=\"application\/ld+json\" class=\"yoast-schema-graph\">{\"@context\":\"https:\/\/schema.org\",\"@graph\":[{\"@type\":\"NewsArticle\",\"@id\":\"https:\/\/dicodusport.fr\/blog\/feu-vert-pour-sports-collectifs-reouverture-des-stades-11-juillet\/#article\",\"isPartOf\":{\"@id\":\"https:\/\/dicodusport.fr\/blog\/feu-vert-pour-sports-collectifs-reouverture-des-stades-11-juillet\/\"},\"author\":{\"name\":\"Flo Ostermann\",\"@id\":\"https:\/\/dicodusport.fr\/blog\/#\/schema\/person\/cb02af4c173ce4a653b55e9baf388d4a\"},\"headline\":\"Feu vert pour les sports collectifs, r\u00e9ouverture des stades d\u00e8s le 11 juillet\",\"datePublished\":\"2020-06-20T09:31:37+00:00\",\"mainEntityOfPage\":{\"@id\":\"https:\/\/dicodusport.fr\/blog\/feu-vert-pour-sports-collectifs-reouverture-des-stades-11-juillet\/\"},\"wordCount\":242,\"commentCount\":0,\"publisher\":{\"@id\":\"https:\/\/dicodusport.fr\/blog\/#organization\"},\"image\":{\"@id\":\"https:\/\/dicodusport.fr\/blog\/feu-vert-pour-sports-collectifs-reouverture-des-stades-11-juillet\/#primaryimage\"},\"thumbnailUrl\":\"https:\/\/dicodusport.fr\/blog\/wp-content\/uploads\/2020\/06\/Feu-vert-pour-les-sports-collectifs-r\u00e9ouverture-des-stades-d\u00e8s-le-11-juillet.png\",\"keywords\":[\"Coronavirus\",\"Football\",\"Rugby\",\"Sports collectifs\"],\"articleSection\":[\"Coronavirus\",\"Football\",\"Rugby\"],\"inLanguage\":\"fr-FR\",\"potentialAction\":[{\"@type\":\"CommentAction\",\"name\":\"Comment\",\"target\":[\"https:\/\/dicodusport.fr\/blog\/feu-vert-pour-sports-collectifs-reouverture-des-stades-11-juillet\/#respond\"]}],\"copyrightYear\":\"2020\",\"copyrightHolder\":{\"@id\":\"https:\/\/dicodusport.fr\/blog\/#organization\"}},{\"@type\":\"WebPage\",\"@id\":\"https:\/\/dicodusport.fr\/blog\/feu-vert-pour-sports-collectifs-reouverture-des-stades-11-juillet\/\",\"url\":\"https:\/\/dicodusport.fr\/blog\/feu-vert-pour-sports-collectifs-reouverture-des-stades-11-juillet\/\",\"name\":\"Feu vert pour les sports collectifs, r\u00e9ouverture des stades d\u00e8s le 11 juillet\",\"isPartOf\":{\"@id\":\"https:\/\/dicodusport.fr\/blog\/#website\"},\"primaryImageOfPage\":{\"@id\":\"https:\/\/dicodusport.fr\/blog\/feu-vert-pour-sports-collectifs-reouverture-des-stades-11-juillet\/#primaryimage\"},\"image\":{\"@id\":\"https:\/\/dicodusport.fr\/blog\/feu-vert-pour-sports-collectifs-reouverture-des-stades-11-juillet\/#primaryimage\"},\"thumbnailUrl\":\"https:\/\/dicodusport.fr\/blog\/wp-content\/uploads\/2020\/06\/Feu-vert-pour-les-sports-collectifs-r\u00e9ouverture-des-stades-d\u00e8s-le-11-juillet.png\",\"datePublished\":\"2020-06-20T09:31:37+00:00\",\"description\":\"CORONAVIRUS - Dans la nuit de vendredi \u00e0 samedi (!), le gouvernement a annonc\u00e9 la reprise des sports collectifs. Avec en prime, la r\u00e9ouverture des stades d\u00e8s le 11 juillet.\",\"breadcrumb\":{\"@id\":\"https:\/\/dicodusport.fr\/blog\/feu-vert-pour-sports-collectifs-reouverture-des-stades-11-juillet\/#breadcrumb\"},\"inLanguage\":\"fr-FR\",\"potentialAction\":[{\"@type\":\"ReadAction\",\"target\":[\"https:\/\/dicodusport.fr\/blog\/feu-vert-pour-sports-collectifs-reouverture-des-stades-11-juillet\/\"]}]},{\"@type\":\"ImageObject\",\"inLanguage\":\"fr-FR\",\"@id\":\"https:\/\/dicodusport.fr\/blog\/feu-vert-pour-sports-collectifs-reouverture-des-stades-11-juillet\/#primaryimage\",\"url\":\"https:\/\/dicodusport.fr\/blog\/wp-content\/uploads\/2020\/06\/Feu-vert-pour-les-sports-collectifs-r\u00e9ouverture-des-stades-d\u00e8s-le-11-juillet.png\",\"contentUrl\":\"https:\/\/dicodusport.fr\/blog\/wp-content\/uploads\/2020\/06\/Feu-vert-pour-les-sports-collectifs-r\u00e9ouverture-des-stades-d\u00e8s-le-11-juillet.png\",\"width\":800,\"height\":445,\"caption\":\"Feu vert pour les sports collectifs, r\u00e9ouverture des stades d\u00e8s le 11 juillet\"},{\"@type\":\"BreadcrumbList\",\"@id\":\"https:\/\/dicodusport.fr\/blog\/feu-vert-pour-sports-collectifs-reouverture-des-stades-11-juillet\/#breadcrumb\",\"itemListElement\":[{\"@type\":\"ListItem\",\"position\":1,\"name\":\"Accueil\",\"item\":\"https:\/\/dicodusport.fr\/blog\/\"},{\"@type\":\"ListItem\",\"position\":2,\"name\":\"Feu vert pour les sports collectifs, r\u00e9ouverture des stades d\u00e8s le 11 juillet\"}]},{\"@type\":\"WebSite\",\"@id\":\"https:\/\/dicodusport.fr\/blog\/#website\",\"url\":\"https:\/\/dicodusport.fr\/blog\/\",\"name\":\"Dicodusport\",\"description\":\"L&#039;encyclop\u00e9die de l&#039;actualit\u00e9 sportive\",\"publisher\":{\"@id\":\"https:\/\/dicodusport.fr\/blog\/#organization\"},\"potentialAction\":[{\"@type\":\"SearchAction\",\"target\":{\"@type\":\"EntryPoint\",\"urlTemplate\":\"https:\/\/dicodusport.fr\/blog\/?s={search_term_string}\"},\"query-input\":{\"@type\":\"PropertyValueSpecification\",\"valueRequired\":true,\"valueName\":\"search_term_string\"}}],\"inLanguage\":\"fr-FR\"},{\"@type\":\"NewsMediaOrganization\",\"@id\":\"https:\/\/dicodusport.fr\/blog\/#organization\",\"name\":\"Dicodusport\",\"url\":\"https:\/\/dicodusport.fr\/blog\/\",\"logo\":{\"@type\":\"ImageObject\",\"inLanguage\":\"fr-FR\",\"@id\":\"https:\/\/dicodusport.fr\/blog\/#\/schema\/logo\/image\/\",\"url\":\"https:\/\/dicodusport.fr\/blog\/wp-content\/uploads\/2020\/06\/cropped-LOGO-DICODUSPORT-2020-SANS-FOND-SANS-TEXTE.png\",\"contentUrl\":\"https:\/\/dicodusport.fr\/blog\/wp-content\/uploads\/2020\/06\/cropped-LOGO-DICODUSPORT-2020-SANS-FOND-SANS-TEXTE.png\",\"width\":512,\"height\":512,\"caption\":\"Dicodusport\"},\"image\":{\"@id\":\"https:\/\/dicodusport.fr\/blog\/#\/schema\/logo\/image\/\"},\"sameAs\":[\"https:\/\/www.facebook.com\/dicodusport\",\"https:\/\/x.com\/dicodusport\",\"https:\/\/www.instagram.com\/dicodusport\/\",\"https:\/\/www.youtube.com\/channel\/UC7V2KZ5sd3htJivAbA4ZG3w\"],\"description\":\"Dicodusport est l'encyclop\u00e9die de l'actualit\u00e9 sportive.\",\"email\":\"bonjour@dicodusport.fr\",\"legalName\":\"DICODUSPORT\",\"foundingDate\":\"2018-01-14\",\"vatID\":\"FR71834470973\",\"taxID\":\"83447097300043\",\"numberOfEmployees\":{\"@type\":\"QuantitativeValue\",\"minValue\":\"1\",\"maxValue\":\"10\"}},{\"@type\":\"Person\",\"@id\":\"https:\/\/dicodusport.fr\/blog\/#\/schema\/person\/cb02af4c173ce4a653b55e9baf388d4a\",\"name\":\"Flo Ostermann\",\"image\":{\"@type\":\"ImageObject\",\"inLanguage\":\"fr-FR\",\"@id\":\"https:\/\/dicodusport.fr\/blog\/#\/schema\/person\/image\/\",\"url\":\"https:\/\/dicodusport.fr\/blog\/wp-content\/uploads\/2021\/05\/Flo-Ostermann-150x150.jpg\",\"contentUrl\":\"https:\/\/dicodusport.fr\/blog\/wp-content\/uploads\/2021\/05\/Flo-Ostermann-150x150.jpg\",\"caption\":\"Flo Ostermann\"},\"description\":\"Journaliste\/R\u00e9dacteur depuis septembre 2015 - Mes premiers souvenirs dans le sport ? Les envol\u00e9es du Stade Toulousain et les duels Villeneuve-Schumacher et H\u00e4kkinen-Schumacher \u00e0 la fin des ann\u00e9es 90, la Coupe du monde de football en 1998, l\u2019exploit du XV de France face aux All Blacks en 1999, mais aussi Richard C\u0153ur de Lion qui vole sur les montagnes du Tour de France. Bien parti pour devenir professeur d\u2019EPS, les \u00e9v\u00e9nements de la vie (et la flemme d\u2019animer des s\u00e9ances de 3x500 m\u00e8tres toute ma vie) m\u2019ont conduit \u00e0 revoir mes plans. Me voil\u00e0 depuis fin 2017 sur Dicodusport, m\u00e9dia gr\u00e2ce (et pour) lequel je partage ma passion : le sport dans tous ses \u00e9tats. Le tout accompagn\u00e9 par les fous furieux et folles furieuses cit\u00e9s sur cette page !\",\"sameAs\":[\"https:\/\/www.facebook.com\/florent.ostermann\",\"https:\/\/x.com\/https:\/\/twitter.com\/FlOstermann\",\"admin\"],\"url\":\"https:\/\/dicodusport.fr\/blog\/author\/flo\/\"}]}<\/script>\n<!-- \/ Yoast SEO Premium plugin. -->","yoast_head_json":{"title":"Feu vert pour les sports collectifs, r\u00e9ouverture des stades d\u00e8s le 11 juillet","description":"CORONAVIRUS - Dans la nuit de vendredi \u00e0 samedi (!), le gouvernement a annonc\u00e9 la reprise des sports collectifs. Avec en prime, la r\u00e9ouverture des stades d\u00e8s le 11 juillet.","robots":{"index":"index","follow":"follow","max-snippet":"max-snippet:-1","max-image-preview":"max-image-preview:large","max-video-preview":"max-video-preview:-1"},"canonical":"https:\/\/dicodusport.fr\/blog\/feu-vert-pour-sports-collectifs-reouverture-des-stades-11-juillet\/","og_locale":"fr_FR","og_type":"article","og_title":"Feu vert pour les sports collectifs, r\u00e9ouverture des stades d\u00e8s le 11 juillet","og_description":"CORONAVIRUS - Dans la nuit de vendredi \u00e0 samedi (!), le gouvernement a annonc\u00e9 la reprise des sports collectifs. Avec en prime, la r\u00e9ouverture des stades d\u00e8s le 11 juillet.","og_url":"https:\/\/dicodusport.fr\/blog\/feu-vert-pour-sports-collectifs-reouverture-des-stades-11-juillet\/","og_site_name":"Dicodusport","article_publisher":"https:\/\/www.facebook.com\/dicodusport","article_author":"https:\/\/www.facebook.com\/florent.ostermann","article_published_time":"2020-06-20T09:31:37+00:00","og_image":[{"width":800,"height":445,"url":"https:\/\/dicodusport.fr\/blog\/wp-content\/uploads\/2020\/06\/Feu-vert-pour-les-sports-collectifs-r\u00e9ouverture-des-stades-d\u00e8s-le-11-juillet.png","type":"image\/png"}],"author":"Flo Ostermann","twitter_card":"summary_large_image","twitter_title":"Feu vert pour les sports collectifs, r\u00e9ouverture des stades d\u00e8s le 11 juillet","twitter_creator":"@https:\/\/twitter.com\/FlOstermann","twitter_site":"@dicodusport","schema":{"@context":"https:\/\/schema.org","@graph":[{"@type":"NewsArticle","@id":"https:\/\/dicodusport.fr\/blog\/feu-vert-pour-sports-collectifs-reouverture-des-stades-11-juillet\/#article","isPartOf":{"@id":"https:\/\/dicodusport.fr\/blog\/feu-vert-pour-sports-collectifs-reouverture-des-stades-11-juillet\/"},"author":{"name":"Flo Ostermann","@id":"https:\/\/dicodusport.fr\/blog\/#\/schema\/person\/cb02af4c173ce4a653b55e9baf388d4a"},"headline":"Feu vert pour les sports collectifs, r\u00e9ouverture des stades d\u00e8s le 11 juillet","datePublished":"2020-06-20T09:31:37+00:00","mainEntityOfPage":{"@id":"https:\/\/dicodusport.fr\/blog\/feu-vert-pour-sports-collectifs-reouverture-des-stades-11-juillet\/"},"wordCount":242,"commentCount":0,"publisher":{"@id":"https:\/\/dicodusport.fr\/blog\/#organization"},"image":{"@id":"https:\/\/dicodusport.fr\/blog\/feu-vert-pour-sports-collectifs-reouverture-des-stades-11-juillet\/#primaryimage"},"thumbnailUrl":"https:\/\/dicodusport.fr\/blog\/wp-content\/uploads\/2020\/06\/Feu-vert-pour-les-sports-collectifs-r\u00e9ouverture-des-stades-d\u00e8s-le-11-juillet.png","keywords":["Coronavirus","Football","Rugby","Sports collectifs"],"articleSection":["Coronavirus","Football","Rugby"],"inLanguage":"fr-FR","potentialAction":[{"@type":"CommentAction","name":"Comment","target":["https:\/\/dicodusport.fr\/blog\/feu-vert-pour-sports-collectifs-reouverture-des-stades-11-juillet\/#respond"]}],"copyrightYear":"2020","copyrightHolder":{"@id":"https:\/\/dicodusport.fr\/blog\/#organization"}},{"@type":"WebPage","@id":"https:\/\/dicodusport.fr\/blog\/feu-vert-pour-sports-collectifs-reouverture-des-stades-11-juillet\/","url":"https:\/\/dicodusport.fr\/blog\/feu-vert-pour-sports-collectifs-reouverture-des-stades-11-juillet\/","name":"Feu vert pour les sports collectifs, r\u00e9ouverture des stades d\u00e8s le 11 juillet","isPartOf":{"@id":"https:\/\/dicodusport.fr\/blog\/#website"},"primaryImageOfPage":{"@id":"https:\/\/dicodusport.fr\/blog\/feu-vert-pour-sports-collectifs-reouverture-des-stades-11-juillet\/#primaryimage"},"image":{"@id":"https:\/\/dicodusport.fr\/blog\/feu-vert-pour-sports-collectifs-reouverture-des-stades-11-juillet\/#primaryimage"},"thumbnailUrl":"https:\/\/dicodusport.fr\/blog\/wp-content\/uploads\/2020\/06\/Feu-vert-pour-les-sports-collectifs-r\u00e9ouverture-des-stades-d\u00e8s-le-11-juillet.png","datePublished":"2020-06-20T09:31:37+00:00","description":"CORONAVIRUS - Dans la nuit de vendredi \u00e0 samedi (!), le gouvernement a annonc\u00e9 la reprise des sports collectifs. Avec en prime, la r\u00e9ouverture des stades d\u00e8s le 11 juillet.","breadcrumb":{"@id":"https:\/\/dicodusport.fr\/blog\/feu-vert-pour-sports-collectifs-reouverture-des-stades-11-juillet\/#breadcrumb"},"inLanguage":"fr-FR","potentialAction":[{"@type":"ReadAction","target":["https:\/\/dicodusport.fr\/blog\/feu-vert-pour-sports-collectifs-reouverture-des-stades-11-juillet\/"]}]},{"@type":"ImageObject","inLanguage":"fr-FR","@id":"https:\/\/dicodusport.fr\/blog\/feu-vert-pour-sports-collectifs-reouverture-des-stades-11-juillet\/#primaryimage","url":"https:\/\/dicodusport.fr\/blog\/wp-content\/uploads\/2020\/06\/Feu-vert-pour-les-sports-collectifs-r\u00e9ouverture-des-stades-d\u00e8s-le-11-juillet.png","contentUrl":"https:\/\/dicodusport.fr\/blog\/wp-content\/uploads\/2020\/06\/Feu-vert-pour-les-sports-collectifs-r\u00e9ouverture-des-stades-d\u00e8s-le-11-juillet.png","width":800,"height":445,"caption":"Feu vert pour les sports collectifs, r\u00e9ouverture des stades d\u00e8s le 11 juillet"},{"@type":"BreadcrumbList","@id":"https:\/\/dicodusport.fr\/blog\/feu-vert-pour-sports-collectifs-reouverture-des-stades-11-juillet\/#breadcrumb","itemListElement":[{"@type":"ListItem","position":1,"name":"Accueil","item":"https:\/\/dicodusport.fr\/blog\/"},{"@type":"ListItem","position":2,"name":"Feu vert pour les sports collectifs, r\u00e9ouverture des stades d\u00e8s le 11 juillet"}]},{"@type":"WebSite","@id":"https:\/\/dicodusport.fr\/blog\/#website","url":"https:\/\/dicodusport.fr\/blog\/","name":"Dicodusport","description":"L&#039;encyclop\u00e9die de l&#039;actualit\u00e9 sportive","publisher":{"@id":"https:\/\/dicodusport.fr\/blog\/#organization"},"potentialAction":[{"@type":"SearchAction","target":{"@type":"EntryPoint","urlTemplate":"https:\/\/dicodusport.fr\/blog\/?s={search_term_string}"},"query-input":{"@type":"PropertyValueSpecification","valueRequired":true,"valueName":"search_term_string"}}],"inLanguage":"fr-FR"},{"@type":"NewsMediaOrganization","@id":"https:\/\/dicodusport.fr\/blog\/#organization","name":"Dicodusport","url":"https:\/\/dicodusport.fr\/blog\/","logo":{"@type":"ImageObject","inLanguage":"fr-FR","@id":"https:\/\/dicodusport.fr\/blog\/#\/schema\/logo\/image\/","url":"https:\/\/dicodusport.fr\/blog\/wp-content\/uploads\/2020\/06\/cropped-LOGO-DICODUSPORT-2020-SANS-FOND-SANS-TEXTE.png","contentUrl":"https:\/\/dicodusport.fr\/blog\/wp-content\/uploads\/2020\/06\/cropped-LOGO-DICODUSPORT-2020-SANS-FOND-SANS-TEXTE.png","width":512,"height":512,"caption":"Dicodusport"},"image":{"@id":"https:\/\/dicodusport.fr\/blog\/#\/schema\/logo\/image\/"},"sameAs":["https:\/\/www.facebook.com\/dicodusport","https:\/\/x.com\/dicodusport","https:\/\/www.instagram.com\/dicodusport\/","https:\/\/www.youtube.com\/channel\/UC7V2KZ5sd3htJivAbA4ZG3w"],"description":"Dicodusport est l'encyclop\u00e9die de l'actualit\u00e9 sportive.","email":"bonjour@dicodusport.fr","legalName":"DICODUSPORT","foundingDate":"2018-01-14","vatID":"FR71834470973","taxID":"83447097300043","numberOfEmployees":{"@type":"QuantitativeValue","minValue":"1","maxValue":"10"}},{"@type":"Person","@id":"https:\/\/dicodusport.fr\/blog\/#\/schema\/person\/cb02af4c173ce4a653b55e9baf388d4a","name":"Flo Ostermann","image":{"@type":"ImageObject","inLanguage":"fr-FR","@id":"https:\/\/dicodusport.fr\/blog\/#\/schema\/person\/image\/","url":"https:\/\/dicodusport.fr\/blog\/wp-content\/uploads\/2021\/05\/Flo-Ostermann-150x150.jpg","contentUrl":"https:\/\/dicodusport.fr\/blog\/wp-content\/uploads\/2021\/05\/Flo-Ostermann-150x150.jpg","caption":"Flo Ostermann"},"description":"Journaliste\/R\u00e9dacteur depuis septembre 2015 - Mes premiers souvenirs dans le sport ? Les envol\u00e9es du Stade Toulousain et les duels Villeneuve-Schumacher et H\u00e4kkinen-Schumacher \u00e0 la fin des ann\u00e9es 90, la Coupe du monde de football en 1998, l\u2019exploit du XV de France face aux All Blacks en 1999, mais aussi Richard C\u0153ur de Lion qui vole sur les montagnes du Tour de France. Bien parti pour devenir professeur d\u2019EPS, les \u00e9v\u00e9nements de la vie (et la flemme d\u2019animer des s\u00e9ances de 3x500 m\u00e8tres toute ma vie) m\u2019ont conduit \u00e0 revoir mes plans. Me voil\u00e0 depuis fin 2017 sur Dicodusport, m\u00e9dia gr\u00e2ce (et pour) lequel je partage ma passion : le sport dans tous ses \u00e9tats. Le tout accompagn\u00e9 par les fous furieux et folles furieuses cit\u00e9s sur cette page !","sameAs":["https:\/\/www.facebook.com\/florent.ostermann","https:\/\/x.com\/https:\/\/twitter.com\/FlOstermann","admin"],"url":"https:\/\/dicodusport.fr\/blog\/author\/flo\/"}]}},"_links":{"self":[{"href":"https:\/\/dicodusport.fr\/blog\/wp-json\/wp\/v2\/posts\/69289","targetHints":{"allow":["GET"]}}],"collection":[{"href":"https:\/\/dicodusport.fr\/blog\/wp-json\/wp\/v2\/posts"}],"about":[{"href":"https:\/\/dicodusport.fr\/blog\/wp-json\/wp\/v2\/types\/post"}],"author":[{"embeddable":true,"href":"https:\/\/dicodusport.fr\/blog\/wp-json\/wp\/v2\/users\/4"}],"replies":[{"embeddable":true,"href":"https:\/\/dicodusport.fr\/blog\/wp-json\/wp\/v2\/comments?post=69289"}],"version-history":[{"count":0,"href":"https:\/\/dicodusport.fr\/blog\/wp-json\/wp\/v2\/posts\/69289\/revisions"}],"wp:featuredmedia":[{"embeddable":true,"href":"https:\/\/dicodusport.fr\/blog\/wp-json\/wp\/v2\/media\/69290"}],"wp:attachment":[{"href":"https:\/\/dicodusport.fr\/blog\/wp-json\/wp\/v2\/media?parent=69289"}],"wp:term":[{"taxonomy":"category","embeddable":true,"href":"https:\/\/dicodusport.fr\/blog\/wp-json\/wp\/v2\/categories?post=69289"},{"taxonomy":"post_tag","embeddable":true,"href":"https:\/\/dicodusport.fr\/blog\/wp-json\/wp\/v2\/tags?post=69289"}],"curies":[{"name":"wp","href":"https:\/\/api.w.org\/{rel}","templated":true}]}}