{"id":69303,"date":"2020-06-20T14:56:14","date_gmt":"2020-06-20T12:56:14","guid":{"rendered":"http:\/\/dicodusport.fr\/blog\/?p=69303&#038;preview=true&#038;preview_id=69303"},"modified":"2021-07-07T08:03:24","modified_gmt":"2021-07-07T06:03:24","slug":"quiz-cyclisme-top-10-des-francais-sur-le-tour-de-france-2017","status":"publish","type":"post","link":"https:\/\/dicodusport.fr\/blog\/quiz-cyclisme-top-10-des-francais-sur-le-tour-de-france-2017\/","title":{"rendered":"Quiz cyclisme : le Top 10 des Fran\u00e7ais sur le Tour de France 2017"},"content":{"rendered":"<p style=\"text-align: justify;\"><strong><em><a href=\"https:\/\/dicodusport.fr\/blog\/tag\/quiz-cyclisme\/\" target=\"_blank\" rel=\"noopener noreferrer\">QUIZ CYCLISME<\/a> &#8211; Le Tour de France 2017 aura vu na\u00eetre le quatri\u00e8me sacre de Chris Froome. Saurez-vous retrouver les 10 premiers Fran\u00e7ais au classement g\u00e9n\u00e9ral ?<\/em><\/strong><\/p>\n<p><iframe id=\"spFrame5eee04f75440f\" style=\"width: 100%;\" src=\"https:\/\/www.sporcle.com\/framed\/?v=8&amp;pm&amp;gid=1dfd401d4c6d&amp;fid=5eee04f75440f&amp;width=700\" frameborder=\"0\" marginwidth=\"0\" marginheight=\"0\" scrolling=\"no\"><span style=\"display: block;\"><\/span><\/iframe><br \/>\n<script type=\"text\/javascript\" src=\"https:\/\/www.sporcle.com\/embed\/embed.js?v=5eee04f75440f\"><\/script><\/p>\n<ul>\n<li style=\"text-align: justify;\"><strong>\u00c0 faire aussi &#8211; <a href=\"https:\/\/dicodusport.fr\/blog\/quiz-cyclisme-top-10-des-francais-tour-de-france-2018\/\" target=\"_blank\" rel=\"noopener noreferrer\">Quiz cyclisme : le Top 10 des Fran\u00e7ais sur le Tour de France 2018<\/a><\/strong><\/li>\n<li style=\"text-align: justify;\"><strong>\u00c0 faire aussi &#8211;\u00a0<a href=\"https:\/\/dicodusport.fr\/blog\/quiz-cyclisme-top-10-francais-tour-de-france-2019\/\" target=\"_blank\" rel=\"noopener noreferrer\">Quiz cyclisme : le Top 10 des Fran\u00e7ais sur le Tour de France 2019<\/a><\/strong><\/li>\n<\/ul>\n<p><strong><em>Dicodusport<br \/>\n<a href=\"https:\/\/www.facebook.com\/dicodusport\/\" target=\"_blank\" rel=\"noopener noreferrer\"><img loading=\"lazy\" decoding=\"async\" class=\"alignnone wp-image-2909\" src=\"http:\/\/dicodusport.fr\/blog\/wp-content\/uploads\/2017\/07\/logo-facebook-150x150.png\" alt=\"\" width=\"40\" height=\"40\" \/><\/a><a href=\"https:\/\/twitter.com\/dicodusport\" target=\"_blank\" rel=\"noopener noreferrer\"><img loading=\"lazy\" decoding=\"async\" class=\"alignnone wp-image-2908\" src=\"http:\/\/dicodusport.fr\/blog\/wp-content\/uploads\/2017\/07\/logo-twitter-150x150.png\" alt=\"\" width=\"39\" height=\"39\" \/><\/a><\/em><\/strong><\/p>\n","protected":false},"excerpt":{"rendered":"<p>QUIZ CYCLISME &#8211; Le Tour de France 2017 aura vu na\u00eetre le quatri\u00e8me sacre de Chris Froome. Saurez-vous retrouver les 10 premiers Fran\u00e7ais au classement g\u00e9n\u00e9ral ?<\/p>\n","protected":false},"author":4,"featured_media":144922,"comment_status":"open","ping_status":"closed","sticky":false,"template":"","format":"standard","meta":{"_acf_changed":false,"_daextam_enable_autolinks":"","footnotes":""},"categories":[2307,3692],"tags":[5063],"class_list":["post-69303","post","type-post","status-publish","format-standard","has-post-thumbnail","hentry","category-cyclisme","category-quiz","tag-quiz-cyclisme"],"acf":[],"yoast_head":"<!-- This site is optimized with the Yoast SEO Premium plugin v26.7 (Yoast SEO v26.7) - https:\/\/yoast.com\/wordpress\/plugins\/seo\/ -->\n<title>Quiz cyclisme : le Top 10 des Fran\u00e7ais sur le Tour de France 2017<\/title>\n<meta name=\"description\" content=\"QUIZ CYCLISME - Le Tour de France 2017 aura vu na\u00eetre le 4\u00e8me sacre de Chris Froome. Saurez-vous retrouver les 10 premiers Fran\u00e7ais au classement g\u00e9n\u00e9ral ?\" \/>\n<meta name=\"robots\" content=\"index, follow, max-snippet:-1, max-image-preview:large, max-video-preview:-1\" \/>\n<link rel=\"canonical\" href=\"https:\/\/dicodusport.fr\/blog\/quiz-cyclisme-top-10-des-francais-sur-le-tour-de-france-2017\/\" \/>\n<meta property=\"og:locale\" content=\"fr_FR\" \/>\n<meta property=\"og:type\" content=\"article\" \/>\n<meta property=\"og:title\" content=\"Quiz cyclisme : le Top 10 des Fran\u00e7ais sur le Tour de France 2017\" \/>\n<meta property=\"og:description\" content=\"QUIZ CYCLISME - Le Tour de France 2017 aura vu na\u00eetre le 4\u00e8me sacre de Chris Froome. Saurez-vous retrouver les 10 premiers Fran\u00e7ais au classement g\u00e9n\u00e9ral ?\" \/>\n<meta property=\"og:url\" content=\"https:\/\/dicodusport.fr\/blog\/quiz-cyclisme-top-10-des-francais-sur-le-tour-de-france-2017\/\" \/>\n<meta property=\"og:site_name\" content=\"Dicodusport\" \/>\n<meta property=\"article:publisher\" content=\"https:\/\/www.facebook.com\/dicodusport\" \/>\n<meta property=\"article:author\" content=\"https:\/\/www.facebook.com\/florent.ostermann\" \/>\n<meta property=\"article:published_time\" content=\"2020-06-20T12:56:14+00:00\" \/>\n<meta property=\"article:modified_time\" content=\"2021-07-07T06:03:24+00:00\" \/>\n<meta property=\"og:image\" content=\"https:\/\/dicodusport.fr\/blog\/wp-content\/uploads\/2020\/06\/Romain-Bardet-Tour-de-France-2017.png\" \/>\n\t<meta property=\"og:image:width\" content=\"1200\" \/>\n\t<meta property=\"og:image:height\" content=\"670\" \/>\n\t<meta property=\"og:image:type\" content=\"image\/png\" \/>\n<meta name=\"author\" content=\"Flo Ostermann\" \/>\n<meta name=\"twitter:card\" content=\"summary_large_image\" \/>\n<meta name=\"twitter:title\" content=\"Quiz cyclisme : le Top 10 des Fran\u00e7ais sur le Tour de France 2017\" \/>\n<meta name=\"twitter:creator\" content=\"@https:\/\/twitter.com\/FlOstermann\" \/>\n<meta name=\"twitter:site\" content=\"@dicodusport\" \/>\n<script type=\"application\/ld+json\" class=\"yoast-schema-graph\">{\"@context\":\"https:\/\/schema.org\",\"@graph\":[{\"@type\":\"NewsArticle\",\"@id\":\"https:\/\/dicodusport.fr\/blog\/quiz-cyclisme-top-10-des-francais-sur-le-tour-de-france-2017\/#article\",\"isPartOf\":{\"@id\":\"https:\/\/dicodusport.fr\/blog\/quiz-cyclisme-top-10-des-francais-sur-le-tour-de-france-2017\/\"},\"author\":{\"name\":\"Flo Ostermann\",\"@id\":\"https:\/\/dicodusport.fr\/blog\/#\/schema\/person\/cb02af4c173ce4a653b55e9baf388d4a\"},\"headline\":\"Quiz cyclisme : le Top 10 des Fran\u00e7ais sur le Tour de France 2017\",\"datePublished\":\"2020-06-20T12:56:14+00:00\",\"dateModified\":\"2021-07-07T06:03:24+00:00\",\"mainEntityOfPage\":{\"@id\":\"https:\/\/dicodusport.fr\/blog\/quiz-cyclisme-top-10-des-francais-sur-le-tour-de-france-2017\/\"},\"wordCount\":72,\"commentCount\":0,\"publisher\":{\"@id\":\"https:\/\/dicodusport.fr\/blog\/#organization\"},\"image\":{\"@id\":\"https:\/\/dicodusport.fr\/blog\/quiz-cyclisme-top-10-des-francais-sur-le-tour-de-france-2017\/#primaryimage\"},\"thumbnailUrl\":\"https:\/\/dicodusport.fr\/blog\/wp-content\/uploads\/2020\/06\/Romain-Bardet-Tour-de-France-2017.png\",\"keywords\":[\"quiz cyclisme\"],\"articleSection\":[\"Cyclisme\",\"Quiz\"],\"inLanguage\":\"fr-FR\",\"potentialAction\":[{\"@type\":\"CommentAction\",\"name\":\"Comment\",\"target\":[\"https:\/\/dicodusport.fr\/blog\/quiz-cyclisme-top-10-des-francais-sur-le-tour-de-france-2017\/#respond\"]}],\"copyrightYear\":\"2020\",\"copyrightHolder\":{\"@id\":\"https:\/\/dicodusport.fr\/blog\/#organization\"}},{\"@type\":\"WebPage\",\"@id\":\"https:\/\/dicodusport.fr\/blog\/quiz-cyclisme-top-10-des-francais-sur-le-tour-de-france-2017\/\",\"url\":\"https:\/\/dicodusport.fr\/blog\/quiz-cyclisme-top-10-des-francais-sur-le-tour-de-france-2017\/\",\"name\":\"Quiz cyclisme : le Top 10 des Fran\u00e7ais sur le Tour de France 2017\",\"isPartOf\":{\"@id\":\"https:\/\/dicodusport.fr\/blog\/#website\"},\"primaryImageOfPage\":{\"@id\":\"https:\/\/dicodusport.fr\/blog\/quiz-cyclisme-top-10-des-francais-sur-le-tour-de-france-2017\/#primaryimage\"},\"image\":{\"@id\":\"https:\/\/dicodusport.fr\/blog\/quiz-cyclisme-top-10-des-francais-sur-le-tour-de-france-2017\/#primaryimage\"},\"thumbnailUrl\":\"https:\/\/dicodusport.fr\/blog\/wp-content\/uploads\/2020\/06\/Romain-Bardet-Tour-de-France-2017.png\",\"datePublished\":\"2020-06-20T12:56:14+00:00\",\"dateModified\":\"2021-07-07T06:03:24+00:00\",\"description\":\"QUIZ CYCLISME - Le Tour de France 2017 aura vu na\u00eetre le 4\u00e8me sacre de Chris Froome. Saurez-vous retrouver les 10 premiers Fran\u00e7ais au classement g\u00e9n\u00e9ral ?\",\"breadcrumb\":{\"@id\":\"https:\/\/dicodusport.fr\/blog\/quiz-cyclisme-top-10-des-francais-sur-le-tour-de-france-2017\/#breadcrumb\"},\"inLanguage\":\"fr-FR\",\"potentialAction\":[{\"@type\":\"ReadAction\",\"target\":[\"https:\/\/dicodusport.fr\/blog\/quiz-cyclisme-top-10-des-francais-sur-le-tour-de-france-2017\/\"]}]},{\"@type\":\"ImageObject\",\"inLanguage\":\"fr-FR\",\"@id\":\"https:\/\/dicodusport.fr\/blog\/quiz-cyclisme-top-10-des-francais-sur-le-tour-de-france-2017\/#primaryimage\",\"url\":\"https:\/\/dicodusport.fr\/blog\/wp-content\/uploads\/2020\/06\/Romain-Bardet-Tour-de-France-2017.png\",\"contentUrl\":\"https:\/\/dicodusport.fr\/blog\/wp-content\/uploads\/2020\/06\/Romain-Bardet-Tour-de-France-2017.png\",\"width\":1200,\"height\":670},{\"@type\":\"BreadcrumbList\",\"@id\":\"https:\/\/dicodusport.fr\/blog\/quiz-cyclisme-top-10-des-francais-sur-le-tour-de-france-2017\/#breadcrumb\",\"itemListElement\":[{\"@type\":\"ListItem\",\"position\":1,\"name\":\"Accueil\",\"item\":\"https:\/\/dicodusport.fr\/blog\/\"},{\"@type\":\"ListItem\",\"position\":2,\"name\":\"Quiz cyclisme : le Top 10 des Fran\u00e7ais sur le Tour de France 2017\"}]},{\"@type\":\"WebSite\",\"@id\":\"https:\/\/dicodusport.fr\/blog\/#website\",\"url\":\"https:\/\/dicodusport.fr\/blog\/\",\"name\":\"Dicodusport\",\"description\":\"L&#039;encyclop\u00e9die de l&#039;actualit\u00e9 sportive\",\"publisher\":{\"@id\":\"https:\/\/dicodusport.fr\/blog\/#organization\"},\"potentialAction\":[{\"@type\":\"SearchAction\",\"target\":{\"@type\":\"EntryPoint\",\"urlTemplate\":\"https:\/\/dicodusport.fr\/blog\/?s={search_term_string}\"},\"query-input\":{\"@type\":\"PropertyValueSpecification\",\"valueRequired\":true,\"valueName\":\"search_term_string\"}}],\"inLanguage\":\"fr-FR\"},{\"@type\":\"NewsMediaOrganization\",\"@id\":\"https:\/\/dicodusport.fr\/blog\/#organization\",\"name\":\"Dicodusport\",\"url\":\"https:\/\/dicodusport.fr\/blog\/\",\"logo\":{\"@type\":\"ImageObject\",\"inLanguage\":\"fr-FR\",\"@id\":\"https:\/\/dicodusport.fr\/blog\/#\/schema\/logo\/image\/\",\"url\":\"https:\/\/dicodusport.fr\/blog\/wp-content\/uploads\/2020\/06\/cropped-LOGO-DICODUSPORT-2020-SANS-FOND-SANS-TEXTE.png\",\"contentUrl\":\"https:\/\/dicodusport.fr\/blog\/wp-content\/uploads\/2020\/06\/cropped-LOGO-DICODUSPORT-2020-SANS-FOND-SANS-TEXTE.png\",\"width\":512,\"height\":512,\"caption\":\"Dicodusport\"},\"image\":{\"@id\":\"https:\/\/dicodusport.fr\/blog\/#\/schema\/logo\/image\/\"},\"sameAs\":[\"https:\/\/www.facebook.com\/dicodusport\",\"https:\/\/x.com\/dicodusport\",\"https:\/\/www.instagram.com\/dicodusport\/\",\"https:\/\/www.youtube.com\/channel\/UC7V2KZ5sd3htJivAbA4ZG3w\"],\"description\":\"Dicodusport est l'encyclop\u00e9die de l'actualit\u00e9 sportive.\",\"email\":\"bonjour@dicodusport.fr\",\"legalName\":\"DICODUSPORT\",\"foundingDate\":\"2018-01-14\",\"vatID\":\"FR71834470973\",\"taxID\":\"83447097300043\",\"numberOfEmployees\":{\"@type\":\"QuantitativeValue\",\"minValue\":\"1\",\"maxValue\":\"10\"}},{\"@type\":\"Person\",\"@id\":\"https:\/\/dicodusport.fr\/blog\/#\/schema\/person\/cb02af4c173ce4a653b55e9baf388d4a\",\"name\":\"Flo Ostermann\",\"image\":{\"@type\":\"ImageObject\",\"inLanguage\":\"fr-FR\",\"@id\":\"https:\/\/dicodusport.fr\/blog\/#\/schema\/person\/image\/\",\"url\":\"https:\/\/dicodusport.fr\/blog\/wp-content\/uploads\/2021\/05\/Flo-Ostermann-150x150.jpg\",\"contentUrl\":\"https:\/\/dicodusport.fr\/blog\/wp-content\/uploads\/2021\/05\/Flo-Ostermann-150x150.jpg\",\"caption\":\"Flo Ostermann\"},\"description\":\"Journaliste\/R\u00e9dacteur depuis septembre 2015 - Mes premiers souvenirs dans le sport ? Les envol\u00e9es du Stade Toulousain et les duels Villeneuve-Schumacher et H\u00e4kkinen-Schumacher \u00e0 la fin des ann\u00e9es 90, la Coupe du monde de football en 1998, l\u2019exploit du XV de France face aux All Blacks en 1999, mais aussi Richard C\u0153ur de Lion qui vole sur les montagnes du Tour de France. Bien parti pour devenir professeur d\u2019EPS, les \u00e9v\u00e9nements de la vie (et la flemme d\u2019animer des s\u00e9ances de 3x500 m\u00e8tres toute ma vie) m\u2019ont conduit \u00e0 revoir mes plans. Me voil\u00e0 depuis fin 2017 sur Dicodusport, m\u00e9dia gr\u00e2ce (et pour) lequel je partage ma passion : le sport dans tous ses \u00e9tats. Le tout accompagn\u00e9 par les fous furieux et folles furieuses cit\u00e9s sur cette page !\",\"sameAs\":[\"https:\/\/www.facebook.com\/florent.ostermann\",\"https:\/\/x.com\/https:\/\/twitter.com\/FlOstermann\",\"admin\"],\"url\":\"https:\/\/dicodusport.fr\/blog\/author\/flo\/\"}]}<\/script>\n<!-- \/ Yoast SEO Premium plugin. -->","yoast_head_json":{"title":"Quiz cyclisme : le Top 10 des Fran\u00e7ais sur le Tour de France 2017","description":"QUIZ CYCLISME - Le Tour de France 2017 aura vu na\u00eetre le 4\u00e8me sacre de Chris Froome. Saurez-vous retrouver les 10 premiers Fran\u00e7ais au classement g\u00e9n\u00e9ral ?","robots":{"index":"index","follow":"follow","max-snippet":"max-snippet:-1","max-image-preview":"max-image-preview:large","max-video-preview":"max-video-preview:-1"},"canonical":"https:\/\/dicodusport.fr\/blog\/quiz-cyclisme-top-10-des-francais-sur-le-tour-de-france-2017\/","og_locale":"fr_FR","og_type":"article","og_title":"Quiz cyclisme : le Top 10 des Fran\u00e7ais sur le Tour de France 2017","og_description":"QUIZ CYCLISME - Le Tour de France 2017 aura vu na\u00eetre le 4\u00e8me sacre de Chris Froome. Saurez-vous retrouver les 10 premiers Fran\u00e7ais au classement g\u00e9n\u00e9ral ?","og_url":"https:\/\/dicodusport.fr\/blog\/quiz-cyclisme-top-10-des-francais-sur-le-tour-de-france-2017\/","og_site_name":"Dicodusport","article_publisher":"https:\/\/www.facebook.com\/dicodusport","article_author":"https:\/\/www.facebook.com\/florent.ostermann","article_published_time":"2020-06-20T12:56:14+00:00","article_modified_time":"2021-07-07T06:03:24+00:00","og_image":[{"width":1200,"height":670,"url":"https:\/\/dicodusport.fr\/blog\/wp-content\/uploads\/2020\/06\/Romain-Bardet-Tour-de-France-2017.png","type":"image\/png"}],"author":"Flo Ostermann","twitter_card":"summary_large_image","twitter_title":"Quiz cyclisme : le Top 10 des Fran\u00e7ais sur le Tour de France 2017","twitter_creator":"@https:\/\/twitter.com\/FlOstermann","twitter_site":"@dicodusport","schema":{"@context":"https:\/\/schema.org","@graph":[{"@type":"NewsArticle","@id":"https:\/\/dicodusport.fr\/blog\/quiz-cyclisme-top-10-des-francais-sur-le-tour-de-france-2017\/#article","isPartOf":{"@id":"https:\/\/dicodusport.fr\/blog\/quiz-cyclisme-top-10-des-francais-sur-le-tour-de-france-2017\/"},"author":{"name":"Flo Ostermann","@id":"https:\/\/dicodusport.fr\/blog\/#\/schema\/person\/cb02af4c173ce4a653b55e9baf388d4a"},"headline":"Quiz cyclisme : le Top 10 des Fran\u00e7ais sur le Tour de France 2017","datePublished":"2020-06-20T12:56:14+00:00","dateModified":"2021-07-07T06:03:24+00:00","mainEntityOfPage":{"@id":"https:\/\/dicodusport.fr\/blog\/quiz-cyclisme-top-10-des-francais-sur-le-tour-de-france-2017\/"},"wordCount":72,"commentCount":0,"publisher":{"@id":"https:\/\/dicodusport.fr\/blog\/#organization"},"image":{"@id":"https:\/\/dicodusport.fr\/blog\/quiz-cyclisme-top-10-des-francais-sur-le-tour-de-france-2017\/#primaryimage"},"thumbnailUrl":"https:\/\/dicodusport.fr\/blog\/wp-content\/uploads\/2020\/06\/Romain-Bardet-Tour-de-France-2017.png","keywords":["quiz cyclisme"],"articleSection":["Cyclisme","Quiz"],"inLanguage":"fr-FR","potentialAction":[{"@type":"CommentAction","name":"Comment","target":["https:\/\/dicodusport.fr\/blog\/quiz-cyclisme-top-10-des-francais-sur-le-tour-de-france-2017\/#respond"]}],"copyrightYear":"2020","copyrightHolder":{"@id":"https:\/\/dicodusport.fr\/blog\/#organization"}},{"@type":"WebPage","@id":"https:\/\/dicodusport.fr\/blog\/quiz-cyclisme-top-10-des-francais-sur-le-tour-de-france-2017\/","url":"https:\/\/dicodusport.fr\/blog\/quiz-cyclisme-top-10-des-francais-sur-le-tour-de-france-2017\/","name":"Quiz cyclisme : le Top 10 des Fran\u00e7ais sur le Tour de France 2017","isPartOf":{"@id":"https:\/\/dicodusport.fr\/blog\/#website"},"primaryImageOfPage":{"@id":"https:\/\/dicodusport.fr\/blog\/quiz-cyclisme-top-10-des-francais-sur-le-tour-de-france-2017\/#primaryimage"},"image":{"@id":"https:\/\/dicodusport.fr\/blog\/quiz-cyclisme-top-10-des-francais-sur-le-tour-de-france-2017\/#primaryimage"},"thumbnailUrl":"https:\/\/dicodusport.fr\/blog\/wp-content\/uploads\/2020\/06\/Romain-Bardet-Tour-de-France-2017.png","datePublished":"2020-06-20T12:56:14+00:00","dateModified":"2021-07-07T06:03:24+00:00","description":"QUIZ CYCLISME - Le Tour de France 2017 aura vu na\u00eetre le 4\u00e8me sacre de Chris Froome. Saurez-vous retrouver les 10 premiers Fran\u00e7ais au classement g\u00e9n\u00e9ral ?","breadcrumb":{"@id":"https:\/\/dicodusport.fr\/blog\/quiz-cyclisme-top-10-des-francais-sur-le-tour-de-france-2017\/#breadcrumb"},"inLanguage":"fr-FR","potentialAction":[{"@type":"ReadAction","target":["https:\/\/dicodusport.fr\/blog\/quiz-cyclisme-top-10-des-francais-sur-le-tour-de-france-2017\/"]}]},{"@type":"ImageObject","inLanguage":"fr-FR","@id":"https:\/\/dicodusport.fr\/blog\/quiz-cyclisme-top-10-des-francais-sur-le-tour-de-france-2017\/#primaryimage","url":"https:\/\/dicodusport.fr\/blog\/wp-content\/uploads\/2020\/06\/Romain-Bardet-Tour-de-France-2017.png","contentUrl":"https:\/\/dicodusport.fr\/blog\/wp-content\/uploads\/2020\/06\/Romain-Bardet-Tour-de-France-2017.png","width":1200,"height":670},{"@type":"BreadcrumbList","@id":"https:\/\/dicodusport.fr\/blog\/quiz-cyclisme-top-10-des-francais-sur-le-tour-de-france-2017\/#breadcrumb","itemListElement":[{"@type":"ListItem","position":1,"name":"Accueil","item":"https:\/\/dicodusport.fr\/blog\/"},{"@type":"ListItem","position":2,"name":"Quiz cyclisme : le Top 10 des Fran\u00e7ais sur le Tour de France 2017"}]},{"@type":"WebSite","@id":"https:\/\/dicodusport.fr\/blog\/#website","url":"https:\/\/dicodusport.fr\/blog\/","name":"Dicodusport","description":"L&#039;encyclop\u00e9die de l&#039;actualit\u00e9 sportive","publisher":{"@id":"https:\/\/dicodusport.fr\/blog\/#organization"},"potentialAction":[{"@type":"SearchAction","target":{"@type":"EntryPoint","urlTemplate":"https:\/\/dicodusport.fr\/blog\/?s={search_term_string}"},"query-input":{"@type":"PropertyValueSpecification","valueRequired":true,"valueName":"search_term_string"}}],"inLanguage":"fr-FR"},{"@type":"NewsMediaOrganization","@id":"https:\/\/dicodusport.fr\/blog\/#organization","name":"Dicodusport","url":"https:\/\/dicodusport.fr\/blog\/","logo":{"@type":"ImageObject","inLanguage":"fr-FR","@id":"https:\/\/dicodusport.fr\/blog\/#\/schema\/logo\/image\/","url":"https:\/\/dicodusport.fr\/blog\/wp-content\/uploads\/2020\/06\/cropped-LOGO-DICODUSPORT-2020-SANS-FOND-SANS-TEXTE.png","contentUrl":"https:\/\/dicodusport.fr\/blog\/wp-content\/uploads\/2020\/06\/cropped-LOGO-DICODUSPORT-2020-SANS-FOND-SANS-TEXTE.png","width":512,"height":512,"caption":"Dicodusport"},"image":{"@id":"https:\/\/dicodusport.fr\/blog\/#\/schema\/logo\/image\/"},"sameAs":["https:\/\/www.facebook.com\/dicodusport","https:\/\/x.com\/dicodusport","https:\/\/www.instagram.com\/dicodusport\/","https:\/\/www.youtube.com\/channel\/UC7V2KZ5sd3htJivAbA4ZG3w"],"description":"Dicodusport est l'encyclop\u00e9die de l'actualit\u00e9 sportive.","email":"bonjour@dicodusport.fr","legalName":"DICODUSPORT","foundingDate":"2018-01-14","vatID":"FR71834470973","taxID":"83447097300043","numberOfEmployees":{"@type":"QuantitativeValue","minValue":"1","maxValue":"10"}},{"@type":"Person","@id":"https:\/\/dicodusport.fr\/blog\/#\/schema\/person\/cb02af4c173ce4a653b55e9baf388d4a","name":"Flo Ostermann","image":{"@type":"ImageObject","inLanguage":"fr-FR","@id":"https:\/\/dicodusport.fr\/blog\/#\/schema\/person\/image\/","url":"https:\/\/dicodusport.fr\/blog\/wp-content\/uploads\/2021\/05\/Flo-Ostermann-150x150.jpg","contentUrl":"https:\/\/dicodusport.fr\/blog\/wp-content\/uploads\/2021\/05\/Flo-Ostermann-150x150.jpg","caption":"Flo Ostermann"},"description":"Journaliste\/R\u00e9dacteur depuis septembre 2015 - Mes premiers souvenirs dans le sport ? Les envol\u00e9es du Stade Toulousain et les duels Villeneuve-Schumacher et H\u00e4kkinen-Schumacher \u00e0 la fin des ann\u00e9es 90, la Coupe du monde de football en 1998, l\u2019exploit du XV de France face aux All Blacks en 1999, mais aussi Richard C\u0153ur de Lion qui vole sur les montagnes du Tour de France. Bien parti pour devenir professeur d\u2019EPS, les \u00e9v\u00e9nements de la vie (et la flemme d\u2019animer des s\u00e9ances de 3x500 m\u00e8tres toute ma vie) m\u2019ont conduit \u00e0 revoir mes plans. Me voil\u00e0 depuis fin 2017 sur Dicodusport, m\u00e9dia gr\u00e2ce (et pour) lequel je partage ma passion : le sport dans tous ses \u00e9tats. Le tout accompagn\u00e9 par les fous furieux et folles furieuses cit\u00e9s sur cette page !","sameAs":["https:\/\/www.facebook.com\/florent.ostermann","https:\/\/x.com\/https:\/\/twitter.com\/FlOstermann","admin"],"url":"https:\/\/dicodusport.fr\/blog\/author\/flo\/"}]}},"_links":{"self":[{"href":"https:\/\/dicodusport.fr\/blog\/wp-json\/wp\/v2\/posts\/69303","targetHints":{"allow":["GET"]}}],"collection":[{"href":"https:\/\/dicodusport.fr\/blog\/wp-json\/wp\/v2\/posts"}],"about":[{"href":"https:\/\/dicodusport.fr\/blog\/wp-json\/wp\/v2\/types\/post"}],"author":[{"embeddable":true,"href":"https:\/\/dicodusport.fr\/blog\/wp-json\/wp\/v2\/users\/4"}],"replies":[{"embeddable":true,"href":"https:\/\/dicodusport.fr\/blog\/wp-json\/wp\/v2\/comments?post=69303"}],"version-history":[{"count":0,"href":"https:\/\/dicodusport.fr\/blog\/wp-json\/wp\/v2\/posts\/69303\/revisions"}],"wp:featuredmedia":[{"embeddable":true,"href":"https:\/\/dicodusport.fr\/blog\/wp-json\/wp\/v2\/media\/144922"}],"wp:attachment":[{"href":"https:\/\/dicodusport.fr\/blog\/wp-json\/wp\/v2\/media?parent=69303"}],"wp:term":[{"taxonomy":"category","embeddable":true,"href":"https:\/\/dicodusport.fr\/blog\/wp-json\/wp\/v2\/categories?post=69303"},{"taxonomy":"post_tag","embeddable":true,"href":"https:\/\/dicodusport.fr\/blog\/wp-json\/wp\/v2\/tags?post=69303"}],"curies":[{"name":"wp","href":"https:\/\/api.w.org\/{rel}","templated":true}]}}