{"id":69417,"date":"2020-06-22T09:26:51","date_gmt":"2020-06-22T07:26:51","guid":{"rendered":"http:\/\/dicodusport.fr\/blog\/?p=69417&#038;preview=true&#038;preview_id=69417"},"modified":"2020-06-22T09:31:55","modified_gmt":"2020-06-22T07:31:55","slug":"sur-quelle-chaine-nationale-sera-t-elle-diffusee","status":"publish","type":"post","link":"https:\/\/dicodusport.fr\/blog\/sur-quelle-chaine-nationale-sera-t-elle-diffusee\/","title":{"rendered":"Sur quelle cha\u00eene la Nationale sera-t-elle diffus\u00e9e ?"},"content":{"rendered":"<p style=\"text-align: justify;\"><strong><em>RUGBY &#8211; La saison prochaine, la Nationale va donc voir le jour. Un championnat qui doit faire la passerelle entre la F\u00e9d\u00e9rale 1 et le rugby professionnel. Question, sur quelle cha\u00eene cette comp\u00e9tition sera-t-elle retransmise ?<\/em><\/strong><\/p>\n<p style=\"text-align: justify;\">Selon les informations de <a href=\"https:\/\/www.midi-olympique.fr\/2020\/06\/21\/diffusion-quelle-place-pour-ce-nouveau-championnat-a-la-television,8942796.php\" target=\"_blank\" rel=\"noopener noreferrer\"><strong><em>Midi Olympique<\/em><\/strong><\/a>, une cha\u00eene de la TNT tiendrait la corde : <strong>La Cha\u00eene L&rsquo;\u00c9quipe<\/strong>. Diffuseur de la F\u00e9d\u00e9rale 1 le vendredi soir, cette derni\u00e8re pourrait en effet couvrir le nouveau championnat cr\u00e9\u00e9 par la <strong>LNR<\/strong> et la <strong>FFR<\/strong>. Le contrat entre la F\u00e9d\u00e9ration et la cha\u00eene TV courant jusqu&rsquo;en juin 2021 pour la F\u00e9d\u00e9rale 1, des discussions seraient en cours entre les deux parties pour proposer, \u00e0 la place des matchs de F1, les rencontres de la <strong>Nationale<\/strong>.<\/p>\n<p style=\"text-align: justify;\">Seul hic, l&rsquo;accord act\u00e9 entre la LNR et Canal + pour la diffusion d&rsquo;une affiche de <strong>Top 14<\/strong> en prime-time le&#8230; vendredi soir. Difficile d&rsquo;imaginer la programmation d&rsquo;un match de la <strong>Nationale<\/strong> sur cette case donc. Le cr\u00e9neau du lundi soir est d\u00e9sormais \u00e9voqu\u00e9. Mais l\u00e0 aussi, probl\u00e8me. Tous les joueurs concern\u00e9s par ce nouveau championnat ne sont pas professionnels et ont un m\u00e9tier \u00e0 c\u00f4t\u00e9. Toujours selon le <strong><em>Midol<\/em><\/strong>, des discussions vont \u00eatre entam\u00e9es avec les 14 clubs de la \u00ab <strong>Pro D3<\/strong> \u00bb.<\/p>\n<blockquote class=\"twitter-tweet\">\n<p dir=\"ltr\" lang=\"fr\">Des discussions devront donc \u00eatre engag\u00e9es avec les quatorze clubs concern\u00e9s et la FFR afin de trouver la meilleure exposition possible.<a href=\"https:\/\/t.co\/mpiVsU9P8B\">https:\/\/t.co\/mpiVsU9P8B<\/a><\/p>\n<p>\u2014 Midi Olympique (@midi_olympique) <a href=\"https:\/\/twitter.com\/midi_olympique\/status\/1274742234190135296?ref_src=twsrc%5Etfw\">June 21, 2020<\/a><\/p><\/blockquote>\n<p><script async src=\"https:\/\/platform.twitter.com\/widgets.js\" charset=\"utf-8\"><\/script><\/p>\n<ul>\n<li style=\"text-align: justify;\"><strong>\u00c0 lire aussi &#8211; <a href=\"https:\/\/dicodusport.fr\/blog\/pro-d3-les-14-equipes-du-championnat-national-connues\/\" target=\"_blank\" rel=\"noopener noreferrer\">Pro D3 : les 14 \u00e9quipes du championnat National connues<\/a>\u00a0<\/strong><\/li>\n<\/ul>\n<p><strong><em>Dicodusport<br \/>\n<a href=\"https:\/\/www.facebook.com\/dicodusport\/\" target=\"_blank\" rel=\"noopener noreferrer\"><img loading=\"lazy\" decoding=\"async\" class=\"alignnone wp-image-2909\" src=\"http:\/\/dicodusport.fr\/blog\/wp-content\/uploads\/2017\/07\/logo-facebook-150x150.png\" alt=\"\" width=\"40\" height=\"40\" \/><\/a><a href=\"https:\/\/twitter.com\/dicodusport\" target=\"_blank\" rel=\"noopener noreferrer\"><img loading=\"lazy\" decoding=\"async\" class=\"alignnone wp-image-2908\" src=\"http:\/\/dicodusport.fr\/blog\/wp-content\/uploads\/2017\/07\/logo-twitter-150x150.png\" alt=\"\" width=\"39\" height=\"39\" \/><\/a><\/em><\/strong><\/p>\n","protected":false},"excerpt":{"rendered":"<p>RUGBY &#8211; La saison prochaine, la Nationale va donc voir le jour. Un championnat qui doit faire la passerelle entre la F\u00e9d\u00e9rale 1 et le rugby professionnel. Question, sur quelle cha\u00eene cette comp\u00e9tition sera-t-elle retransmise ?<\/p>\n","protected":false},"author":4,"featured_media":69418,"comment_status":"open","ping_status":"closed","sticky":false,"template":"","format":"standard","meta":{"_acf_changed":false,"_daextam_enable_autolinks":"","footnotes":""},"categories":[9129],"tags":[4080],"class_list":["post-69417","post","type-post","status-publish","format-standard","has-post-thumbnail","hentry","category-rugby-a-xv","tag-la-chaine-lequipe"],"acf":[],"yoast_head":"<!-- This site is optimized with the Yoast SEO Premium plugin v26.7 (Yoast SEO v26.7) - https:\/\/yoast.com\/wordpress\/plugins\/seo\/ -->\n<title>Sur quelle cha\u00eene la Nationale sera-t-elle diffus\u00e9e ?<\/title>\n<meta name=\"description\" content=\"RUGBY - La saison prochaine, la Nationale va donc voir le jour. Question, sur quelle cha\u00eene cette comp\u00e9tition sera-t-elle retransmise ?\" \/>\n<meta name=\"robots\" content=\"index, follow, max-snippet:-1, max-image-preview:large, max-video-preview:-1\" \/>\n<link rel=\"canonical\" href=\"https:\/\/dicodusport.fr\/blog\/sur-quelle-chaine-nationale-sera-t-elle-diffusee\/\" \/>\n<meta property=\"og:locale\" content=\"fr_FR\" \/>\n<meta property=\"og:type\" content=\"article\" \/>\n<meta property=\"og:title\" content=\"Sur quelle cha\u00eene la Nationale sera-t-elle diffus\u00e9e ?\" \/>\n<meta property=\"og:description\" content=\"RUGBY - La saison prochaine, la Nationale va donc voir le jour. Question, sur quelle cha\u00eene cette comp\u00e9tition sera-t-elle retransmise ?\" \/>\n<meta property=\"og:url\" content=\"https:\/\/dicodusport.fr\/blog\/sur-quelle-chaine-nationale-sera-t-elle-diffusee\/\" \/>\n<meta property=\"og:site_name\" content=\"Dicodusport\" \/>\n<meta property=\"article:publisher\" content=\"https:\/\/www.facebook.com\/dicodusport\" \/>\n<meta property=\"article:author\" content=\"https:\/\/www.facebook.com\/florent.ostermann\" \/>\n<meta property=\"article:published_time\" content=\"2020-06-22T07:26:51+00:00\" \/>\n<meta property=\"article:modified_time\" content=\"2020-06-22T07:31:55+00:00\" \/>\n<meta property=\"og:image\" content=\"https:\/\/dicodusport.fr\/blog\/wp-content\/uploads\/2020\/06\/Sur-quelle-cha\u00eene-la-Nationale-sera-t-elle-diffus\u00e9e.png\" \/>\n\t<meta property=\"og:image:width\" content=\"800\" \/>\n\t<meta property=\"og:image:height\" content=\"445\" \/>\n\t<meta property=\"og:image:type\" content=\"image\/png\" \/>\n<meta name=\"author\" content=\"Flo Ostermann\" \/>\n<meta name=\"twitter:card\" content=\"summary_large_image\" \/>\n<meta name=\"twitter:title\" content=\"Sur quelle cha\u00eene la Nationale sera-t-elle diffus\u00e9e ?\" \/>\n<meta name=\"twitter:creator\" content=\"@https:\/\/twitter.com\/FlOstermann\" \/>\n<meta name=\"twitter:site\" content=\"@dicodusport\" \/>\n<script type=\"application\/ld+json\" class=\"yoast-schema-graph\">{\"@context\":\"https:\/\/schema.org\",\"@graph\":[{\"@type\":\"NewsArticle\",\"@id\":\"https:\/\/dicodusport.fr\/blog\/sur-quelle-chaine-nationale-sera-t-elle-diffusee\/#article\",\"isPartOf\":{\"@id\":\"https:\/\/dicodusport.fr\/blog\/sur-quelle-chaine-nationale-sera-t-elle-diffusee\/\"},\"author\":{\"name\":\"Flo Ostermann\",\"@id\":\"https:\/\/dicodusport.fr\/blog\/#\/schema\/person\/cb02af4c173ce4a653b55e9baf388d4a\"},\"headline\":\"Sur quelle cha\u00eene la Nationale sera-t-elle diffus\u00e9e ?\",\"datePublished\":\"2020-06-22T07:26:51+00:00\",\"dateModified\":\"2020-06-22T07:31:55+00:00\",\"mainEntityOfPage\":{\"@id\":\"https:\/\/dicodusport.fr\/blog\/sur-quelle-chaine-nationale-sera-t-elle-diffusee\/\"},\"wordCount\":272,\"commentCount\":0,\"publisher\":{\"@id\":\"https:\/\/dicodusport.fr\/blog\/#organization\"},\"image\":{\"@id\":\"https:\/\/dicodusport.fr\/blog\/sur-quelle-chaine-nationale-sera-t-elle-diffusee\/#primaryimage\"},\"thumbnailUrl\":\"https:\/\/dicodusport.fr\/blog\/wp-content\/uploads\/2020\/06\/Sur-quelle-cha\u00eene-la-Nationale-sera-t-elle-diffus\u00e9e.png\",\"keywords\":[\"La cha\u00eene L'\u00c9quipe\"],\"articleSection\":[\"Rugby \u00e0 XV\"],\"inLanguage\":\"fr-FR\",\"potentialAction\":[{\"@type\":\"CommentAction\",\"name\":\"Comment\",\"target\":[\"https:\/\/dicodusport.fr\/blog\/sur-quelle-chaine-nationale-sera-t-elle-diffusee\/#respond\"]}],\"copyrightYear\":\"2020\",\"copyrightHolder\":{\"@id\":\"https:\/\/dicodusport.fr\/blog\/#organization\"}},{\"@type\":\"WebPage\",\"@id\":\"https:\/\/dicodusport.fr\/blog\/sur-quelle-chaine-nationale-sera-t-elle-diffusee\/\",\"url\":\"https:\/\/dicodusport.fr\/blog\/sur-quelle-chaine-nationale-sera-t-elle-diffusee\/\",\"name\":\"Sur quelle cha\u00eene la Nationale sera-t-elle diffus\u00e9e ?\",\"isPartOf\":{\"@id\":\"https:\/\/dicodusport.fr\/blog\/#website\"},\"primaryImageOfPage\":{\"@id\":\"https:\/\/dicodusport.fr\/blog\/sur-quelle-chaine-nationale-sera-t-elle-diffusee\/#primaryimage\"},\"image\":{\"@id\":\"https:\/\/dicodusport.fr\/blog\/sur-quelle-chaine-nationale-sera-t-elle-diffusee\/#primaryimage\"},\"thumbnailUrl\":\"https:\/\/dicodusport.fr\/blog\/wp-content\/uploads\/2020\/06\/Sur-quelle-cha\u00eene-la-Nationale-sera-t-elle-diffus\u00e9e.png\",\"datePublished\":\"2020-06-22T07:26:51+00:00\",\"dateModified\":\"2020-06-22T07:31:55+00:00\",\"description\":\"RUGBY - La saison prochaine, la Nationale va donc voir le jour. Question, sur quelle cha\u00eene cette comp\u00e9tition sera-t-elle retransmise ?\",\"breadcrumb\":{\"@id\":\"https:\/\/dicodusport.fr\/blog\/sur-quelle-chaine-nationale-sera-t-elle-diffusee\/#breadcrumb\"},\"inLanguage\":\"fr-FR\",\"potentialAction\":[{\"@type\":\"ReadAction\",\"target\":[\"https:\/\/dicodusport.fr\/blog\/sur-quelle-chaine-nationale-sera-t-elle-diffusee\/\"]}]},{\"@type\":\"ImageObject\",\"inLanguage\":\"fr-FR\",\"@id\":\"https:\/\/dicodusport.fr\/blog\/sur-quelle-chaine-nationale-sera-t-elle-diffusee\/#primaryimage\",\"url\":\"https:\/\/dicodusport.fr\/blog\/wp-content\/uploads\/2020\/06\/Sur-quelle-cha\u00eene-la-Nationale-sera-t-elle-diffus\u00e9e.png\",\"contentUrl\":\"https:\/\/dicodusport.fr\/blog\/wp-content\/uploads\/2020\/06\/Sur-quelle-cha\u00eene-la-Nationale-sera-t-elle-diffus\u00e9e.png\",\"width\":800,\"height\":445,\"caption\":\"Sur quelle cha\u00eene la Nationale sera-t-elle diffus\u00e9e ?\"},{\"@type\":\"BreadcrumbList\",\"@id\":\"https:\/\/dicodusport.fr\/blog\/sur-quelle-chaine-nationale-sera-t-elle-diffusee\/#breadcrumb\",\"itemListElement\":[{\"@type\":\"ListItem\",\"position\":1,\"name\":\"Accueil\",\"item\":\"https:\/\/dicodusport.fr\/blog\/\"},{\"@type\":\"ListItem\",\"position\":2,\"name\":\"Sur quelle cha\u00eene la Nationale sera-t-elle diffus\u00e9e ?\"}]},{\"@type\":\"WebSite\",\"@id\":\"https:\/\/dicodusport.fr\/blog\/#website\",\"url\":\"https:\/\/dicodusport.fr\/blog\/\",\"name\":\"Dicodusport\",\"description\":\"L&#039;encyclop\u00e9die de l&#039;actualit\u00e9 sportive\",\"publisher\":{\"@id\":\"https:\/\/dicodusport.fr\/blog\/#organization\"},\"potentialAction\":[{\"@type\":\"SearchAction\",\"target\":{\"@type\":\"EntryPoint\",\"urlTemplate\":\"https:\/\/dicodusport.fr\/blog\/?s={search_term_string}\"},\"query-input\":{\"@type\":\"PropertyValueSpecification\",\"valueRequired\":true,\"valueName\":\"search_term_string\"}}],\"inLanguage\":\"fr-FR\"},{\"@type\":\"NewsMediaOrganization\",\"@id\":\"https:\/\/dicodusport.fr\/blog\/#organization\",\"name\":\"Dicodusport\",\"url\":\"https:\/\/dicodusport.fr\/blog\/\",\"logo\":{\"@type\":\"ImageObject\",\"inLanguage\":\"fr-FR\",\"@id\":\"https:\/\/dicodusport.fr\/blog\/#\/schema\/logo\/image\/\",\"url\":\"https:\/\/dicodusport.fr\/blog\/wp-content\/uploads\/2020\/06\/cropped-LOGO-DICODUSPORT-2020-SANS-FOND-SANS-TEXTE.png\",\"contentUrl\":\"https:\/\/dicodusport.fr\/blog\/wp-content\/uploads\/2020\/06\/cropped-LOGO-DICODUSPORT-2020-SANS-FOND-SANS-TEXTE.png\",\"width\":512,\"height\":512,\"caption\":\"Dicodusport\"},\"image\":{\"@id\":\"https:\/\/dicodusport.fr\/blog\/#\/schema\/logo\/image\/\"},\"sameAs\":[\"https:\/\/www.facebook.com\/dicodusport\",\"https:\/\/x.com\/dicodusport\",\"https:\/\/www.instagram.com\/dicodusport\/\",\"https:\/\/www.youtube.com\/channel\/UC7V2KZ5sd3htJivAbA4ZG3w\"],\"description\":\"Dicodusport est l'encyclop\u00e9die de l'actualit\u00e9 sportive.\",\"email\":\"bonjour@dicodusport.fr\",\"legalName\":\"DICODUSPORT\",\"foundingDate\":\"2018-01-14\",\"vatID\":\"FR71834470973\",\"taxID\":\"83447097300043\",\"numberOfEmployees\":{\"@type\":\"QuantitativeValue\",\"minValue\":\"1\",\"maxValue\":\"10\"}},{\"@type\":\"Person\",\"@id\":\"https:\/\/dicodusport.fr\/blog\/#\/schema\/person\/cb02af4c173ce4a653b55e9baf388d4a\",\"name\":\"Flo Ostermann\",\"image\":{\"@type\":\"ImageObject\",\"inLanguage\":\"fr-FR\",\"@id\":\"https:\/\/dicodusport.fr\/blog\/#\/schema\/person\/image\/\",\"url\":\"https:\/\/dicodusport.fr\/blog\/wp-content\/uploads\/2021\/05\/Flo-Ostermann-150x150.jpg\",\"contentUrl\":\"https:\/\/dicodusport.fr\/blog\/wp-content\/uploads\/2021\/05\/Flo-Ostermann-150x150.jpg\",\"caption\":\"Flo Ostermann\"},\"description\":\"Journaliste\/R\u00e9dacteur depuis septembre 2015 - Mes premiers souvenirs dans le sport ? Les envol\u00e9es du Stade Toulousain et les duels Villeneuve-Schumacher et H\u00e4kkinen-Schumacher \u00e0 la fin des ann\u00e9es 90, la Coupe du monde de football en 1998, l\u2019exploit du XV de France face aux All Blacks en 1999, mais aussi Richard C\u0153ur de Lion qui vole sur les montagnes du Tour de France. Bien parti pour devenir professeur d\u2019EPS, les \u00e9v\u00e9nements de la vie (et la flemme d\u2019animer des s\u00e9ances de 3x500 m\u00e8tres toute ma vie) m\u2019ont conduit \u00e0 revoir mes plans. Me voil\u00e0 depuis fin 2017 sur Dicodusport, m\u00e9dia gr\u00e2ce (et pour) lequel je partage ma passion : le sport dans tous ses \u00e9tats. Le tout accompagn\u00e9 par les fous furieux et folles furieuses cit\u00e9s sur cette page !\",\"sameAs\":[\"https:\/\/www.facebook.com\/florent.ostermann\",\"https:\/\/x.com\/https:\/\/twitter.com\/FlOstermann\",\"admin\"],\"url\":\"https:\/\/dicodusport.fr\/blog\/author\/flo\/\"}]}<\/script>\n<!-- \/ Yoast SEO Premium plugin. -->","yoast_head_json":{"title":"Sur quelle cha\u00eene la Nationale sera-t-elle diffus\u00e9e ?","description":"RUGBY - La saison prochaine, la Nationale va donc voir le jour. Question, sur quelle cha\u00eene cette comp\u00e9tition sera-t-elle retransmise ?","robots":{"index":"index","follow":"follow","max-snippet":"max-snippet:-1","max-image-preview":"max-image-preview:large","max-video-preview":"max-video-preview:-1"},"canonical":"https:\/\/dicodusport.fr\/blog\/sur-quelle-chaine-nationale-sera-t-elle-diffusee\/","og_locale":"fr_FR","og_type":"article","og_title":"Sur quelle cha\u00eene la Nationale sera-t-elle diffus\u00e9e ?","og_description":"RUGBY - La saison prochaine, la Nationale va donc voir le jour. Question, sur quelle cha\u00eene cette comp\u00e9tition sera-t-elle retransmise ?","og_url":"https:\/\/dicodusport.fr\/blog\/sur-quelle-chaine-nationale-sera-t-elle-diffusee\/","og_site_name":"Dicodusport","article_publisher":"https:\/\/www.facebook.com\/dicodusport","article_author":"https:\/\/www.facebook.com\/florent.ostermann","article_published_time":"2020-06-22T07:26:51+00:00","article_modified_time":"2020-06-22T07:31:55+00:00","og_image":[{"width":800,"height":445,"url":"https:\/\/dicodusport.fr\/blog\/wp-content\/uploads\/2020\/06\/Sur-quelle-cha\u00eene-la-Nationale-sera-t-elle-diffus\u00e9e.png","type":"image\/png"}],"author":"Flo Ostermann","twitter_card":"summary_large_image","twitter_title":"Sur quelle cha\u00eene la Nationale sera-t-elle diffus\u00e9e ?","twitter_creator":"@https:\/\/twitter.com\/FlOstermann","twitter_site":"@dicodusport","schema":{"@context":"https:\/\/schema.org","@graph":[{"@type":"NewsArticle","@id":"https:\/\/dicodusport.fr\/blog\/sur-quelle-chaine-nationale-sera-t-elle-diffusee\/#article","isPartOf":{"@id":"https:\/\/dicodusport.fr\/blog\/sur-quelle-chaine-nationale-sera-t-elle-diffusee\/"},"author":{"name":"Flo Ostermann","@id":"https:\/\/dicodusport.fr\/blog\/#\/schema\/person\/cb02af4c173ce4a653b55e9baf388d4a"},"headline":"Sur quelle cha\u00eene la Nationale sera-t-elle diffus\u00e9e ?","datePublished":"2020-06-22T07:26:51+00:00","dateModified":"2020-06-22T07:31:55+00:00","mainEntityOfPage":{"@id":"https:\/\/dicodusport.fr\/blog\/sur-quelle-chaine-nationale-sera-t-elle-diffusee\/"},"wordCount":272,"commentCount":0,"publisher":{"@id":"https:\/\/dicodusport.fr\/blog\/#organization"},"image":{"@id":"https:\/\/dicodusport.fr\/blog\/sur-quelle-chaine-nationale-sera-t-elle-diffusee\/#primaryimage"},"thumbnailUrl":"https:\/\/dicodusport.fr\/blog\/wp-content\/uploads\/2020\/06\/Sur-quelle-cha\u00eene-la-Nationale-sera-t-elle-diffus\u00e9e.png","keywords":["La cha\u00eene L'\u00c9quipe"],"articleSection":["Rugby \u00e0 XV"],"inLanguage":"fr-FR","potentialAction":[{"@type":"CommentAction","name":"Comment","target":["https:\/\/dicodusport.fr\/blog\/sur-quelle-chaine-nationale-sera-t-elle-diffusee\/#respond"]}],"copyrightYear":"2020","copyrightHolder":{"@id":"https:\/\/dicodusport.fr\/blog\/#organization"}},{"@type":"WebPage","@id":"https:\/\/dicodusport.fr\/blog\/sur-quelle-chaine-nationale-sera-t-elle-diffusee\/","url":"https:\/\/dicodusport.fr\/blog\/sur-quelle-chaine-nationale-sera-t-elle-diffusee\/","name":"Sur quelle cha\u00eene la Nationale sera-t-elle diffus\u00e9e ?","isPartOf":{"@id":"https:\/\/dicodusport.fr\/blog\/#website"},"primaryImageOfPage":{"@id":"https:\/\/dicodusport.fr\/blog\/sur-quelle-chaine-nationale-sera-t-elle-diffusee\/#primaryimage"},"image":{"@id":"https:\/\/dicodusport.fr\/blog\/sur-quelle-chaine-nationale-sera-t-elle-diffusee\/#primaryimage"},"thumbnailUrl":"https:\/\/dicodusport.fr\/blog\/wp-content\/uploads\/2020\/06\/Sur-quelle-cha\u00eene-la-Nationale-sera-t-elle-diffus\u00e9e.png","datePublished":"2020-06-22T07:26:51+00:00","dateModified":"2020-06-22T07:31:55+00:00","description":"RUGBY - La saison prochaine, la Nationale va donc voir le jour. Question, sur quelle cha\u00eene cette comp\u00e9tition sera-t-elle retransmise ?","breadcrumb":{"@id":"https:\/\/dicodusport.fr\/blog\/sur-quelle-chaine-nationale-sera-t-elle-diffusee\/#breadcrumb"},"inLanguage":"fr-FR","potentialAction":[{"@type":"ReadAction","target":["https:\/\/dicodusport.fr\/blog\/sur-quelle-chaine-nationale-sera-t-elle-diffusee\/"]}]},{"@type":"ImageObject","inLanguage":"fr-FR","@id":"https:\/\/dicodusport.fr\/blog\/sur-quelle-chaine-nationale-sera-t-elle-diffusee\/#primaryimage","url":"https:\/\/dicodusport.fr\/blog\/wp-content\/uploads\/2020\/06\/Sur-quelle-cha\u00eene-la-Nationale-sera-t-elle-diffus\u00e9e.png","contentUrl":"https:\/\/dicodusport.fr\/blog\/wp-content\/uploads\/2020\/06\/Sur-quelle-cha\u00eene-la-Nationale-sera-t-elle-diffus\u00e9e.png","width":800,"height":445,"caption":"Sur quelle cha\u00eene la Nationale sera-t-elle diffus\u00e9e ?"},{"@type":"BreadcrumbList","@id":"https:\/\/dicodusport.fr\/blog\/sur-quelle-chaine-nationale-sera-t-elle-diffusee\/#breadcrumb","itemListElement":[{"@type":"ListItem","position":1,"name":"Accueil","item":"https:\/\/dicodusport.fr\/blog\/"},{"@type":"ListItem","position":2,"name":"Sur quelle cha\u00eene la Nationale sera-t-elle diffus\u00e9e ?"}]},{"@type":"WebSite","@id":"https:\/\/dicodusport.fr\/blog\/#website","url":"https:\/\/dicodusport.fr\/blog\/","name":"Dicodusport","description":"L&#039;encyclop\u00e9die de l&#039;actualit\u00e9 sportive","publisher":{"@id":"https:\/\/dicodusport.fr\/blog\/#organization"},"potentialAction":[{"@type":"SearchAction","target":{"@type":"EntryPoint","urlTemplate":"https:\/\/dicodusport.fr\/blog\/?s={search_term_string}"},"query-input":{"@type":"PropertyValueSpecification","valueRequired":true,"valueName":"search_term_string"}}],"inLanguage":"fr-FR"},{"@type":"NewsMediaOrganization","@id":"https:\/\/dicodusport.fr\/blog\/#organization","name":"Dicodusport","url":"https:\/\/dicodusport.fr\/blog\/","logo":{"@type":"ImageObject","inLanguage":"fr-FR","@id":"https:\/\/dicodusport.fr\/blog\/#\/schema\/logo\/image\/","url":"https:\/\/dicodusport.fr\/blog\/wp-content\/uploads\/2020\/06\/cropped-LOGO-DICODUSPORT-2020-SANS-FOND-SANS-TEXTE.png","contentUrl":"https:\/\/dicodusport.fr\/blog\/wp-content\/uploads\/2020\/06\/cropped-LOGO-DICODUSPORT-2020-SANS-FOND-SANS-TEXTE.png","width":512,"height":512,"caption":"Dicodusport"},"image":{"@id":"https:\/\/dicodusport.fr\/blog\/#\/schema\/logo\/image\/"},"sameAs":["https:\/\/www.facebook.com\/dicodusport","https:\/\/x.com\/dicodusport","https:\/\/www.instagram.com\/dicodusport\/","https:\/\/www.youtube.com\/channel\/UC7V2KZ5sd3htJivAbA4ZG3w"],"description":"Dicodusport est l'encyclop\u00e9die de l'actualit\u00e9 sportive.","email":"bonjour@dicodusport.fr","legalName":"DICODUSPORT","foundingDate":"2018-01-14","vatID":"FR71834470973","taxID":"83447097300043","numberOfEmployees":{"@type":"QuantitativeValue","minValue":"1","maxValue":"10"}},{"@type":"Person","@id":"https:\/\/dicodusport.fr\/blog\/#\/schema\/person\/cb02af4c173ce4a653b55e9baf388d4a","name":"Flo Ostermann","image":{"@type":"ImageObject","inLanguage":"fr-FR","@id":"https:\/\/dicodusport.fr\/blog\/#\/schema\/person\/image\/","url":"https:\/\/dicodusport.fr\/blog\/wp-content\/uploads\/2021\/05\/Flo-Ostermann-150x150.jpg","contentUrl":"https:\/\/dicodusport.fr\/blog\/wp-content\/uploads\/2021\/05\/Flo-Ostermann-150x150.jpg","caption":"Flo Ostermann"},"description":"Journaliste\/R\u00e9dacteur depuis septembre 2015 - Mes premiers souvenirs dans le sport ? Les envol\u00e9es du Stade Toulousain et les duels Villeneuve-Schumacher et H\u00e4kkinen-Schumacher \u00e0 la fin des ann\u00e9es 90, la Coupe du monde de football en 1998, l\u2019exploit du XV de France face aux All Blacks en 1999, mais aussi Richard C\u0153ur de Lion qui vole sur les montagnes du Tour de France. Bien parti pour devenir professeur d\u2019EPS, les \u00e9v\u00e9nements de la vie (et la flemme d\u2019animer des s\u00e9ances de 3x500 m\u00e8tres toute ma vie) m\u2019ont conduit \u00e0 revoir mes plans. Me voil\u00e0 depuis fin 2017 sur Dicodusport, m\u00e9dia gr\u00e2ce (et pour) lequel je partage ma passion : le sport dans tous ses \u00e9tats. Le tout accompagn\u00e9 par les fous furieux et folles furieuses cit\u00e9s sur cette page !","sameAs":["https:\/\/www.facebook.com\/florent.ostermann","https:\/\/x.com\/https:\/\/twitter.com\/FlOstermann","admin"],"url":"https:\/\/dicodusport.fr\/blog\/author\/flo\/"}]}},"_links":{"self":[{"href":"https:\/\/dicodusport.fr\/blog\/wp-json\/wp\/v2\/posts\/69417","targetHints":{"allow":["GET"]}}],"collection":[{"href":"https:\/\/dicodusport.fr\/blog\/wp-json\/wp\/v2\/posts"}],"about":[{"href":"https:\/\/dicodusport.fr\/blog\/wp-json\/wp\/v2\/types\/post"}],"author":[{"embeddable":true,"href":"https:\/\/dicodusport.fr\/blog\/wp-json\/wp\/v2\/users\/4"}],"replies":[{"embeddable":true,"href":"https:\/\/dicodusport.fr\/blog\/wp-json\/wp\/v2\/comments?post=69417"}],"version-history":[{"count":0,"href":"https:\/\/dicodusport.fr\/blog\/wp-json\/wp\/v2\/posts\/69417\/revisions"}],"wp:featuredmedia":[{"embeddable":true,"href":"https:\/\/dicodusport.fr\/blog\/wp-json\/wp\/v2\/media\/69418"}],"wp:attachment":[{"href":"https:\/\/dicodusport.fr\/blog\/wp-json\/wp\/v2\/media?parent=69417"}],"wp:term":[{"taxonomy":"category","embeddable":true,"href":"https:\/\/dicodusport.fr\/blog\/wp-json\/wp\/v2\/categories?post=69417"},{"taxonomy":"post_tag","embeddable":true,"href":"https:\/\/dicodusport.fr\/blog\/wp-json\/wp\/v2\/tags?post=69417"}],"curies":[{"name":"wp","href":"https:\/\/api.w.org\/{rel}","templated":true}]}}