{"id":69686,"date":"2020-06-26T14:10:51","date_gmt":"2020-06-26T12:10:51","guid":{"rendered":"http:\/\/dicodusport.fr\/blog\/?p=69686&#038;preview=true&#038;preview_id=69686"},"modified":"2021-05-03T15:40:24","modified_gmt":"2021-05-03T13:40:24","slug":"cyclisme-francais-6-championnes-demain","status":"publish","type":"post","link":"https:\/\/dicodusport.fr\/blog\/cyclisme-francais-6-championnes-demain\/","title":{"rendered":"Cyclisme fran\u00e7ais : Les 6 championnes de demain"},"content":{"rendered":"<p style=\"text-align: justify;\"><b><i>CYCLISME &#8211; Certaines ont d\u00e9j\u00e0 marqu\u00e9 les esprits, d&rsquo;autres le feront tr\u00e8s prochainement. D\u00e9couvrez les 6 championnes tricolores de demain.<\/i><\/b><\/p>\n<p style=\"text-align: justify;\"><span style=\"font-size: 1.7rem;\"><strong>Marine Cabirou &#8211; 23 ans &#8211; VTT Descente<\/strong><\/span><\/p>\n<div id=\"attachment_69750\" style=\"width: 810px\" class=\"wp-caption aligncenter\"><a href=\"http:\/\/dicodusport.fr\/blog\/wp-content\/uploads\/2020\/06\/Marine-Cabirou-VTT-Descente.png\"><img loading=\"lazy\" decoding=\"async\" aria-describedby=\"caption-attachment-69750\" class=\"wp-image-69750 size-full\" src=\"http:\/\/dicodusport.fr\/blog\/wp-content\/uploads\/2020\/06\/Marine-Cabirou-VTT-Descente.png\" alt=\"\" width=\"800\" height=\"445\" srcset=\"https:\/\/dicodusport.fr\/blog\/wp-content\/uploads\/2020\/06\/Marine-Cabirou-VTT-Descente.png 800w, https:\/\/dicodusport.fr\/blog\/wp-content\/uploads\/2020\/06\/Marine-Cabirou-VTT-Descente-300x167.png 300w, https:\/\/dicodusport.fr\/blog\/wp-content\/uploads\/2020\/06\/Marine-Cabirou-VTT-Descente-768x427.png 768w\" sizes=\"auto, (max-width: 800px) 100vw, 800px\" \/><\/a><p id=\"caption-attachment-69750\" class=\"wp-caption-text\">Marine Cabirou &#8211; Sven Martin<\/p><\/div>\n<p style=\"text-align: justify;\">Apr\u00e8s avoir cass\u00e9 la baraque chez les juniors en 2015 (titre mondial et classement g\u00e9n\u00e9ral de la Coupe du monde), <strong>Marine Cabirou<\/strong> a explos\u00e9 en 2019 chez les \u00e9lites. Trois manches de Coupe du monde dans la besace et une deuxi\u00e8me place au classement g\u00e9n\u00e9ral. Sans compter sa m\u00e9daille de bronze aux Mondiaux de Mont-Saint-Anne. Derri\u00e8re <strong>Myriam Nicole<\/strong> (30 ans), la rel\u00e8ve est assur\u00e9e pour la descente f\u00e9minine.<\/p>\n<p style=\"text-align: center;\"><a href=\"http:\/\/dicodusport.fr\/blog\/cyclisme-francais-6-championnes-demain\/2\/#cinq\" class=\"su-button su-button-style-flat\" style=\"color:#FFFFFF;background-color:#0057ae;border-color:#00468c;border-radius:4px\" target=\"_self\"><span style=\"color:#FFFFFF;padding:0px 22px;font-size:17px;line-height:34px;border-color:#4d8ac7;border-radius:4px;text-shadow:none\"> <strong>Suivante<\/strong><\/span><\/a>\n<p><!--nextpage--><\/p>\n<p style=\"text-align: justify;\"><a id=\"cinq\"><\/a><span style=\"font-size: 1.7rem;\"><strong>Mathilde Gros &#8211; 20 ans &#8211; Piste<\/strong><\/span><\/p>\n<div id=\"attachment_69751\" style=\"width: 810px\" class=\"wp-caption aligncenter\"><a href=\"http:\/\/dicodusport.fr\/blog\/wp-content\/uploads\/2020\/06\/Mathilde-Gros-Cyclisme-sur-piste.png\"><img loading=\"lazy\" decoding=\"async\" aria-describedby=\"caption-attachment-69751\" class=\"wp-image-69751 size-full\" src=\"http:\/\/dicodusport.fr\/blog\/wp-content\/uploads\/2020\/06\/Mathilde-Gros-Cyclisme-sur-piste.png\" alt=\"\" width=\"800\" height=\"445\" srcset=\"https:\/\/dicodusport.fr\/blog\/wp-content\/uploads\/2020\/06\/Mathilde-Gros-Cyclisme-sur-piste.png 800w, https:\/\/dicodusport.fr\/blog\/wp-content\/uploads\/2020\/06\/Mathilde-Gros-Cyclisme-sur-piste-300x167.png 300w, https:\/\/dicodusport.fr\/blog\/wp-content\/uploads\/2020\/06\/Mathilde-Gros-Cyclisme-sur-piste-768x427.png 768w\" sizes=\"auto, (max-width: 800px) 100vw, 800px\" \/><\/a><p id=\"caption-attachment-69751\" class=\"wp-caption-text\">Mathilde Gros &#8211; Andy Buchanan \/ AFP<\/p><\/div>\n<p style=\"text-align: justify;\">Basketteuse il y a encore 6 ans, <a href=\"https:\/\/dicodusport.fr\/blog\/tag\/mathilde-gros\/\" target=\"_blank\" rel=\"noopener noreferrer\"><strong>Mathilde Gros<\/strong><\/a> est LE grand espoir du cyclisme sur piste fran\u00e7ais. Sextuple championne d&rsquo;Europe et triple m\u00e9daill\u00e9e d&rsquo;or mondiale chez les jeunes (juniors et espoirs), la cycliste originaire du Pas-de-Calais a confirm\u00e9 sur la sc\u00e8ne continentale en passant dans la cat\u00e9gorie \u00e9lite. Double championne d&rsquo;Europe en titre sur le keirin, elle dispose encore d&rsquo;une \u00e9norme marge de progression pour obtenir le Graal aux championnats du monde. Mais l&rsquo;avenir lui appartient, assur\u00e9ment.<\/p>\n<p style=\"text-align: center;\"><a href=\"http:\/\/dicodusport.fr\/blog\/cyclisme-francais-6-championnes-demain\/3\/#quatre\" class=\"su-button su-button-style-flat\" style=\"color:#FFFFFF;background-color:#0057ae;border-color:#00468c;border-radius:4px\" target=\"_self\"><span style=\"color:#FFFFFF;padding:0px 22px;font-size:17px;line-height:34px;border-color:#4d8ac7;border-radius:4px;text-shadow:none\"> <strong>Suivante<\/strong><\/span><\/a>\n<p><!--nextpage--><\/p>\n<p style=\"text-align: justify;\"><a id=\"quatre\"><\/a><span style=\"font-size: 1.7rem;\"><strong>Loana Lecomte &#8211; 20 ans &#8211; VTT Cross-country<\/strong><\/span><\/p>\n<div id=\"attachment_69752\" style=\"width: 810px\" class=\"wp-caption aligncenter\"><a href=\"http:\/\/dicodusport.fr\/blog\/wp-content\/uploads\/2020\/06\/Loana-Lecomte-VTT-Cross-country.png\"><img loading=\"lazy\" decoding=\"async\" aria-describedby=\"caption-attachment-69752\" class=\"wp-image-69752 size-full\" src=\"http:\/\/dicodusport.fr\/blog\/wp-content\/uploads\/2020\/06\/Loana-Lecomte-VTT-Cross-country.png\" alt=\"\" width=\"800\" height=\"445\" srcset=\"https:\/\/dicodusport.fr\/blog\/wp-content\/uploads\/2020\/06\/Loana-Lecomte-VTT-Cross-country.png 800w, https:\/\/dicodusport.fr\/blog\/wp-content\/uploads\/2020\/06\/Loana-Lecomte-VTT-Cross-country-300x167.png 300w, https:\/\/dicodusport.fr\/blog\/wp-content\/uploads\/2020\/06\/Loana-Lecomte-VTT-Cross-country-768x427.png 768w\" sizes=\"auto, (max-width: 800px) 100vw, 800px\" \/><\/a><p id=\"caption-attachment-69752\" class=\"wp-caption-text\">Loana Lecomte &#8211; Skoda We Love Cycling<\/p><\/div>\n<p style=\"text-align: justify;\"><a href=\"https:\/\/dicodusport.fr\/blog\/tag\/pauline-ferrand-prevot\/\" target=\"_blank\" rel=\"noopener noreferrer\"><strong>Pauline Ferrand-Pr\u00e9vot<\/strong><\/a> peut tranquillement envisager une retraite \u00e0 l&rsquo;issue des JO de Paris 2024, la rel\u00e8ve est d\u00e9j\u00e0 l\u00e0. \u00c0 20 ans, <strong>Loana Lecomte<\/strong> repr\u00e9sente l&rsquo;avenir du VTT cross-country tricolore chez les dames. La native d&rsquo;Annecy, m\u00e9daill\u00e9e de bronze aux Mondiaux et aux Europe espoirs en 2019, doit d\u00e9sormais emmagasiner de l&rsquo;exp\u00e9rience au plus haut niveau, afin de briller davantage. Mais les promesses sont d\u00e9j\u00e0 l\u00e0.<\/p>\n<p style=\"text-align: center;\"><a href=\"http:\/\/dicodusport.fr\/blog\/cyclisme-francais-6-championnes-demain\/4\/#trois\" class=\"su-button su-button-style-flat\" style=\"color:#FFFFFF;background-color:#0057ae;border-color:#00468c;border-radius:4px\" target=\"_self\"><span style=\"color:#FFFFFF;padding:0px 22px;font-size:17px;line-height:34px;border-color:#4d8ac7;border-radius:4px;text-shadow:none\"> <strong>Suivante<\/strong><\/span><\/a>\n<p><!--nextpage--><\/p>\n<p style=\"text-align: justify;\"><a id=\"trois\"><\/a><strong><span style=\"font-size: 1.7rem;\">Marie Le Net &#8211; 20 ans &#8211; Piste et Route<\/span><\/strong><\/p>\n<div id=\"attachment_69753\" style=\"width: 810px\" class=\"wp-caption aligncenter\"><a href=\"http:\/\/dicodusport.fr\/blog\/wp-content\/uploads\/2020\/06\/Marie-Le-Net-Cyclisme-sur-piste-et-sur-route.png\"><img loading=\"lazy\" decoding=\"async\" aria-describedby=\"caption-attachment-69753\" class=\"wp-image-69753 size-full\" src=\"http:\/\/dicodusport.fr\/blog\/wp-content\/uploads\/2020\/06\/Marie-Le-Net-Cyclisme-sur-piste-et-sur-route.png\" alt=\"\" width=\"800\" height=\"445\" srcset=\"https:\/\/dicodusport.fr\/blog\/wp-content\/uploads\/2020\/06\/Marie-Le-Net-Cyclisme-sur-piste-et-sur-route.png 800w, https:\/\/dicodusport.fr\/blog\/wp-content\/uploads\/2020\/06\/Marie-Le-Net-Cyclisme-sur-piste-et-sur-route-300x167.png 300w, https:\/\/dicodusport.fr\/blog\/wp-content\/uploads\/2020\/06\/Marie-Le-Net-Cyclisme-sur-piste-et-sur-route-768x427.png 768w\" sizes=\"auto, (max-width: 800px) 100vw, 800px\" \/><\/a><p id=\"caption-attachment-69753\" class=\"wp-caption-text\">Marie Le Net &#8211; FFC<\/p><\/div>\n<p style=\"text-align: justify;\">Attention, p\u00e9pite ! Pistarde et routi\u00e8re, <strong>Marie Le Net<\/strong> est un grand talent du cyclisme f\u00e9minin fran\u00e7ais. Championne du monde juniors sur l&rsquo;am\u00e9ricaine aux c\u00f4t\u00e9s de <strong>Victoire Berteau<\/strong> en 2018, la Bretonne a d\u00e9croch\u00e9<a href=\"https:\/\/dicodusport.fr\/blog\/cyclisme-sur-piste-championnats-du-monde-2020-clara-copponi-marie-le-net-argent-americaine\/\" target=\"_blank\" rel=\"noopener noreferrer\"> l&rsquo;argent dans la m\u00eame \u00e9preuve lors des Mondiaux de Berlin d\u00e9but 2020<\/a>, avec cette fois, <strong>Clara Copponi <\/strong>comme partenaire. Pensionnaire de la formation FDJ-Nouvelle Aquitaine-Futuroscope, Le Net s&rsquo;est \u00e9galement par\u00e9e d&rsquo;argent sur la course en ligne juniors des Mondiaux sur route d&rsquo;Innsbruck, en 2018. En 2019, son raid en solitaire lors des championnats de France aura \u00e9galement marqu\u00e9 les esprits. Le Net, c&rsquo;est demain !<\/p>\n<p style=\"text-align: center;\"><a href=\"http:\/\/dicodusport.fr\/blog\/cyclisme-francais-6-championnes-demain\/5\/#deux\" class=\"su-button su-button-style-flat\" style=\"color:#FFFFFF;background-color:#0057ae;border-color:#00468c;border-radius:4px\" target=\"_self\"><span style=\"color:#FFFFFF;padding:0px 22px;font-size:17px;line-height:34px;border-color:#4d8ac7;border-radius:4px;text-shadow:none\"> <strong>Suivante<\/strong><\/span><\/a>\n<p><!--nextpage--><\/p>\n<p style=\"text-align: justify;\"><a id=\"deux\"><\/a><span style=\"font-size: 1.7rem;\"><strong>Marion Norbert-Riberolle &#8211; 21 ans &#8211; Cyclo-cross<\/strong><\/span><\/p>\n<div id=\"attachment_69754\" style=\"width: 810px\" class=\"wp-caption aligncenter\"><a href=\"http:\/\/dicodusport.fr\/blog\/wp-content\/uploads\/2020\/06\/Marion-Norbert-Riberolle-Cyclo-cross.png\"><img loading=\"lazy\" decoding=\"async\" aria-describedby=\"caption-attachment-69754\" class=\"wp-image-69754 size-full\" src=\"http:\/\/dicodusport.fr\/blog\/wp-content\/uploads\/2020\/06\/Marion-Norbert-Riberolle-Cyclo-cross.png\" alt=\"\" width=\"800\" height=\"445\" srcset=\"https:\/\/dicodusport.fr\/blog\/wp-content\/uploads\/2020\/06\/Marion-Norbert-Riberolle-Cyclo-cross.png 800w, https:\/\/dicodusport.fr\/blog\/wp-content\/uploads\/2020\/06\/Marion-Norbert-Riberolle-Cyclo-cross-300x167.png 300w, https:\/\/dicodusport.fr\/blog\/wp-content\/uploads\/2020\/06\/Marion-Norbert-Riberolle-Cyclo-cross-768x427.png 768w\" sizes=\"auto, (max-width: 800px) 100vw, 800px\" \/><\/a><p id=\"caption-attachment-69754\" class=\"wp-caption-text\">Marion Norbert-Riberolle &#8211; Wouter Toelen \/ Tfoto<\/p><\/div>\n<p style=\"text-align: justify;\">Le futur du cyclo-cross f\u00e9minin tricolore, c&rsquo;est elle ! \u00c0 21 ans, <strong>Marion Norbert-Riberolle<\/strong> a tout pour devenir une grande. Lors de la saison 2019-2020, celle qui a commenc\u00e9 le v\u00e9lo sur un BMX a explos\u00e9 : championne de France espoirs et \u00e9lites, m\u00e9daill\u00e9e de bronze lors des championnats d&rsquo;Europe espoirs, mais surtout <a href=\"https:\/\/dicodusport.fr\/blog\/championnats-du-monde-2020-u23-marion-norbert-riberolle-sacree-dubendorf\/\" target=\"_blank\" rel=\"noopener noreferrer\">le titre mondial d\u00e9croch\u00e9 avec la mani\u00e8re \u00e0 D\u00fcbendorf (Suisse)<\/a>, toujours chez les espoirs. Quelques jours avant son sacre, Norbert-Riberolle avait crev\u00e9 l&rsquo;\u00e9cran, en faisant jeu \u00e9gal avec les cadors que sont <strong>Ceylin Alvarado<\/strong>\u00a0et\u00a0<strong>Annemarie Worst <\/strong>lors de la manche de Coupe du monde \u00e0 Nommay (France), avant de subir un incident m\u00e9canique. Bref, l&rsquo;avenir du CX est l\u00e0.<\/p>\n<p style=\"text-align: center;\"><a href=\"http:\/\/dicodusport.fr\/blog\/cyclisme-francais-6-championnes-demain\/6\/#un\" class=\"su-button su-button-style-flat\" style=\"color:#FFFFFF;background-color:#0057ae;border-color:#00468c;border-radius:4px\" target=\"_self\"><span style=\"color:#FFFFFF;padding:0px 22px;font-size:17px;line-height:34px;border-color:#4d8ac7;border-radius:4px;text-shadow:none\"> <strong>Suivante<\/strong><\/span><\/a>\n<p><!--nextpage--><\/p>\n<p><a id=\"un\"><\/a><strong><span style=\"font-size: 1.7rem;\">Jade Wiel &#8211; 20 ans &#8211; Route<\/span><\/strong><\/p>\n<p style=\"text-align: justify;\">Que dire de Jade Wiel ? Championne de France juniors du contre-la-montre en 2018, espoir premi\u00e8re ann\u00e9e en 2019,\u00a0la native d&rsquo;Aix-en-Provence a aussi marqu\u00e9 les esprits en cyclo-cross, en \u00e9tant double championne nationale, chez les juniors \u00e9galement. Surtout, la cycliste de la formation\u00a0<strong>FDJ \u2013 Nouvelle-Aquitaine \u2013 Futuroscope<\/strong>, alors \u00e2g\u00e9e de 19 ans, a grill\u00e9 la politesse \u00e0 toutes les favorites pour rafler le titre national sur route l&rsquo;an pass\u00e9, chez les \u00e9lites. En devenant par la m\u00eame occasion la plus jeune championne de France de l&rsquo;histoire chez les grandes.<\/p>\n<p style=\"text-align: center;\"><a href=\"http:\/\/dicodusport.fr\/blog\/cyclisme-francais-6-championnes-demain\/\" class=\"su-button su-button-style-flat\" style=\"color:#FFFFFF;background-color:#0057ae;border-color:#00468c;border-radius:4px\" target=\"_self\"><span style=\"color:#FFFFFF;padding:0px 22px;font-size:17px;line-height:34px;border-color:#4d8ac7;border-radius:4px;text-shadow:none\"> <strong>Revenir au d\u00e9but<\/strong><\/span><\/a>\n","protected":false},"excerpt":{"rendered":"<p>CYCLISME &#8211; Certaines ont d\u00e9j\u00e0 marqu\u00e9 les esprits, d&rsquo;autres le feront tr\u00e8s prochainement. D\u00e9couvrez les 6 championnes tricolores de demain.<\/p>\n","protected":false},"author":4,"featured_media":58793,"comment_status":"open","ping_status":"closed","sticky":false,"template":"","format":"standard","meta":{"_acf_changed":false,"_daextam_enable_autolinks":"","footnotes":""},"categories":[2307],"tags":[574,3118,10994,10057,10993,1721,24],"class_list":["post-69686","post","type-post","status-publish","format-standard","has-post-thumbnail","hentry","category-cyclisme","tag-cyclisme","tag-cyclisme-francais","tag-loana-lecomte","tag-marie-le-net","tag-marine-cabirou","tag-mathilde-gros","tag-sport"],"acf":[],"yoast_head":"<!-- This site is optimized with the Yoast SEO Premium plugin v26.7 (Yoast SEO v26.7) - https:\/\/yoast.com\/wordpress\/plugins\/seo\/ -->\n<title>Cyclisme fran\u00e7ais : Les 6 championnes de demain<\/title>\n<meta name=\"description\" content=\"CYCLISME - Certaines ont d\u00e9j\u00e0 marqu\u00e9 les esprits, d&#039;autres le feront tr\u00e8s prochainement. D\u00e9couvrez les 6 championnes tricolores de demain.\" \/>\n<meta name=\"robots\" content=\"index, follow, max-snippet:-1, max-image-preview:large, max-video-preview:-1\" \/>\n<link rel=\"canonical\" href=\"https:\/\/dicodusport.fr\/blog\/cyclisme-francais-6-championnes-demain\/\" \/>\n<link rel=\"next\" href=\"https:\/\/dicodusport.fr\/blog\/cyclisme-francais-6-championnes-demain\/2\/\" \/>\n<meta property=\"og:locale\" content=\"fr_FR\" \/>\n<meta property=\"og:type\" content=\"article\" \/>\n<meta property=\"og:title\" content=\"Cyclisme fran\u00e7ais : Les 6 championnes tricolores de demain\" \/>\n<meta property=\"og:description\" content=\"CYCLISME - Certaines ont d\u00e9j\u00e0 marqu\u00e9 les esprits, d&#039;autres le feront tr\u00e8s prochainement. D\u00e9couvrez les 6 championnes tricolores de demain.\" \/>\n<meta property=\"og:url\" content=\"https:\/\/dicodusport.fr\/blog\/cyclisme-francais-6-championnes-demain\/\" \/>\n<meta property=\"og:site_name\" content=\"Dicodusport\" \/>\n<meta property=\"article:publisher\" content=\"https:\/\/www.facebook.com\/dicodusport\" \/>\n<meta property=\"article:author\" content=\"https:\/\/www.facebook.com\/florent.ostermann\" \/>\n<meta property=\"article:published_time\" content=\"2020-06-26T12:10:51+00:00\" \/>\n<meta property=\"article:modified_time\" content=\"2021-05-03T13:40:24+00:00\" \/>\n<meta property=\"og:image\" content=\"https:\/\/dicodusport.fr\/blog\/wp-content\/uploads\/2020\/02\/Championnats-du-monde-2020-Dames-U23-Marion-Norbert-Riberolle-sacr\u00e9e-\u00e0-D\u00fcbendorf.png\" \/>\n\t<meta property=\"og:image:width\" content=\"800\" \/>\n\t<meta property=\"og:image:height\" content=\"445\" \/>\n\t<meta property=\"og:image:type\" content=\"image\/png\" \/>\n<meta name=\"author\" content=\"Flo Ostermann\" \/>\n<meta name=\"twitter:card\" content=\"summary_large_image\" \/>\n<meta name=\"twitter:title\" content=\"Cyclisme fran\u00e7ais : Les 6 championnes tricolores de demain\" \/>\n<meta name=\"twitter:creator\" content=\"@https:\/\/twitter.com\/FlOstermann\" \/>\n<meta name=\"twitter:site\" content=\"@dicodusport\" \/>\n<script type=\"application\/ld+json\" class=\"yoast-schema-graph\">{\"@context\":\"https:\/\/schema.org\",\"@graph\":[{\"@type\":\"NewsArticle\",\"@id\":\"https:\/\/dicodusport.fr\/blog\/cyclisme-francais-6-championnes-demain\/#article\",\"isPartOf\":{\"@id\":\"https:\/\/dicodusport.fr\/blog\/cyclisme-francais-6-championnes-demain\/\"},\"author\":{\"name\":\"Flo Ostermann\",\"@id\":\"https:\/\/dicodusport.fr\/blog\/#\/schema\/person\/cb02af4c173ce4a653b55e9baf388d4a\"},\"headline\":\"Cyclisme fran\u00e7ais : Les 6 championnes de demain\",\"datePublished\":\"2020-06-26T12:10:51+00:00\",\"dateModified\":\"2021-05-03T13:40:24+00:00\",\"mainEntityOfPage\":{\"@id\":\"https:\/\/dicodusport.fr\/blog\/cyclisme-francais-6-championnes-demain\/\"},\"wordCount\":809,\"commentCount\":0,\"publisher\":{\"@id\":\"https:\/\/dicodusport.fr\/blog\/#organization\"},\"image\":{\"@id\":\"https:\/\/dicodusport.fr\/blog\/cyclisme-francais-6-championnes-demain\/#primaryimage\"},\"thumbnailUrl\":\"https:\/\/dicodusport.fr\/blog\/wp-content\/uploads\/2020\/02\/Championnats-du-monde-2020-Dames-U23-Marion-Norbert-Riberolle-sacr\u00e9e-\u00e0-D\u00fcbendorf.png\",\"keywords\":[\"Cyclisme\",\"cyclisme fran\u00e7ais\",\"Loana Lecomte\",\"Marie Le Net\",\"Marine Cabirou\",\"Mathilde Gros\",\"sport\"],\"articleSection\":[\"Cyclisme\"],\"inLanguage\":\"fr-FR\",\"potentialAction\":[{\"@type\":\"CommentAction\",\"name\":\"Comment\",\"target\":[\"https:\/\/dicodusport.fr\/blog\/cyclisme-francais-6-championnes-demain\/#respond\"]}],\"copyrightYear\":\"2020\",\"copyrightHolder\":{\"@id\":\"https:\/\/dicodusport.fr\/blog\/#organization\"}},{\"@type\":\"WebPage\",\"@id\":\"https:\/\/dicodusport.fr\/blog\/cyclisme-francais-6-championnes-demain\/\",\"url\":\"https:\/\/dicodusport.fr\/blog\/cyclisme-francais-6-championnes-demain\/\",\"name\":\"Cyclisme fran\u00e7ais : Les 6 championnes de demain\",\"isPartOf\":{\"@id\":\"https:\/\/dicodusport.fr\/blog\/#website\"},\"primaryImageOfPage\":{\"@id\":\"https:\/\/dicodusport.fr\/blog\/cyclisme-francais-6-championnes-demain\/#primaryimage\"},\"image\":{\"@id\":\"https:\/\/dicodusport.fr\/blog\/cyclisme-francais-6-championnes-demain\/#primaryimage\"},\"thumbnailUrl\":\"https:\/\/dicodusport.fr\/blog\/wp-content\/uploads\/2020\/02\/Championnats-du-monde-2020-Dames-U23-Marion-Norbert-Riberolle-sacr\u00e9e-\u00e0-D\u00fcbendorf.png\",\"datePublished\":\"2020-06-26T12:10:51+00:00\",\"dateModified\":\"2021-05-03T13:40:24+00:00\",\"description\":\"CYCLISME - Certaines ont d\u00e9j\u00e0 marqu\u00e9 les esprits, d'autres le feront tr\u00e8s prochainement. D\u00e9couvrez les 6 championnes tricolores de demain.\",\"inLanguage\":\"fr-FR\",\"potentialAction\":[{\"@type\":\"ReadAction\",\"target\":[\"https:\/\/dicodusport.fr\/blog\/cyclisme-francais-6-championnes-demain\/\"]}]},{\"@type\":\"ImageObject\",\"inLanguage\":\"fr-FR\",\"@id\":\"https:\/\/dicodusport.fr\/blog\/cyclisme-francais-6-championnes-demain\/#primaryimage\",\"url\":\"https:\/\/dicodusport.fr\/blog\/wp-content\/uploads\/2020\/02\/Championnats-du-monde-2020-Dames-U23-Marion-Norbert-Riberolle-sacr\u00e9e-\u00e0-D\u00fcbendorf.png\",\"contentUrl\":\"https:\/\/dicodusport.fr\/blog\/wp-content\/uploads\/2020\/02\/Championnats-du-monde-2020-Dames-U23-Marion-Norbert-Riberolle-sacr\u00e9e-\u00e0-D\u00fcbendorf.png\",\"width\":800,\"height\":445,\"caption\":\"Championnats du monde 2020 (Dames U23) - Marion Norbert-Riberolle sacr\u00e9e \u00e0 D\u00fcbendorf\"},{\"@type\":\"WebSite\",\"@id\":\"https:\/\/dicodusport.fr\/blog\/#website\",\"url\":\"https:\/\/dicodusport.fr\/blog\/\",\"name\":\"Dicodusport\",\"description\":\"L&#039;encyclop\u00e9die de l&#039;actualit\u00e9 sportive\",\"publisher\":{\"@id\":\"https:\/\/dicodusport.fr\/blog\/#organization\"},\"potentialAction\":[{\"@type\":\"SearchAction\",\"target\":{\"@type\":\"EntryPoint\",\"urlTemplate\":\"https:\/\/dicodusport.fr\/blog\/?s={search_term_string}\"},\"query-input\":{\"@type\":\"PropertyValueSpecification\",\"valueRequired\":true,\"valueName\":\"search_term_string\"}}],\"inLanguage\":\"fr-FR\"},{\"@type\":\"NewsMediaOrganization\",\"@id\":\"https:\/\/dicodusport.fr\/blog\/#organization\",\"name\":\"Dicodusport\",\"url\":\"https:\/\/dicodusport.fr\/blog\/\",\"logo\":{\"@type\":\"ImageObject\",\"inLanguage\":\"fr-FR\",\"@id\":\"https:\/\/dicodusport.fr\/blog\/#\/schema\/logo\/image\/\",\"url\":\"https:\/\/dicodusport.fr\/blog\/wp-content\/uploads\/2020\/06\/cropped-LOGO-DICODUSPORT-2020-SANS-FOND-SANS-TEXTE.png\",\"contentUrl\":\"https:\/\/dicodusport.fr\/blog\/wp-content\/uploads\/2020\/06\/cropped-LOGO-DICODUSPORT-2020-SANS-FOND-SANS-TEXTE.png\",\"width\":512,\"height\":512,\"caption\":\"Dicodusport\"},\"image\":{\"@id\":\"https:\/\/dicodusport.fr\/blog\/#\/schema\/logo\/image\/\"},\"sameAs\":[\"https:\/\/www.facebook.com\/dicodusport\",\"https:\/\/x.com\/dicodusport\",\"https:\/\/www.instagram.com\/dicodusport\/\",\"https:\/\/www.youtube.com\/channel\/UC7V2KZ5sd3htJivAbA4ZG3w\"],\"description\":\"Dicodusport est l'encyclop\u00e9die de l'actualit\u00e9 sportive.\",\"email\":\"bonjour@dicodusport.fr\",\"legalName\":\"DICODUSPORT\",\"foundingDate\":\"2018-01-14\",\"vatID\":\"FR71834470973\",\"taxID\":\"83447097300043\",\"numberOfEmployees\":{\"@type\":\"QuantitativeValue\",\"minValue\":\"1\",\"maxValue\":\"10\"}},{\"@type\":\"Person\",\"@id\":\"https:\/\/dicodusport.fr\/blog\/#\/schema\/person\/cb02af4c173ce4a653b55e9baf388d4a\",\"name\":\"Flo Ostermann\",\"image\":{\"@type\":\"ImageObject\",\"inLanguage\":\"fr-FR\",\"@id\":\"https:\/\/dicodusport.fr\/blog\/#\/schema\/person\/image\/\",\"url\":\"https:\/\/dicodusport.fr\/blog\/wp-content\/uploads\/2021\/05\/Flo-Ostermann-150x150.jpg\",\"contentUrl\":\"https:\/\/dicodusport.fr\/blog\/wp-content\/uploads\/2021\/05\/Flo-Ostermann-150x150.jpg\",\"caption\":\"Flo Ostermann\"},\"description\":\"Journaliste\/R\u00e9dacteur depuis septembre 2015 - Mes premiers souvenirs dans le sport ? Les envol\u00e9es du Stade Toulousain et les duels Villeneuve-Schumacher et H\u00e4kkinen-Schumacher \u00e0 la fin des ann\u00e9es 90, la Coupe du monde de football en 1998, l\u2019exploit du XV de France face aux All Blacks en 1999, mais aussi Richard C\u0153ur de Lion qui vole sur les montagnes du Tour de France. Bien parti pour devenir professeur d\u2019EPS, les \u00e9v\u00e9nements de la vie (et la flemme d\u2019animer des s\u00e9ances de 3x500 m\u00e8tres toute ma vie) m\u2019ont conduit \u00e0 revoir mes plans. Me voil\u00e0 depuis fin 2017 sur Dicodusport, m\u00e9dia gr\u00e2ce (et pour) lequel je partage ma passion : le sport dans tous ses \u00e9tats. Le tout accompagn\u00e9 par les fous furieux et folles furieuses cit\u00e9s sur cette page !\",\"sameAs\":[\"https:\/\/www.facebook.com\/florent.ostermann\",\"https:\/\/x.com\/https:\/\/twitter.com\/FlOstermann\",\"admin\"],\"url\":\"https:\/\/dicodusport.fr\/blog\/author\/flo\/\"}]}<\/script>\n<!-- \/ Yoast SEO Premium plugin. -->","yoast_head_json":{"title":"Cyclisme fran\u00e7ais : Les 6 championnes de demain","description":"CYCLISME - Certaines ont d\u00e9j\u00e0 marqu\u00e9 les esprits, d'autres le feront tr\u00e8s prochainement. D\u00e9couvrez les 6 championnes tricolores de demain.","robots":{"index":"index","follow":"follow","max-snippet":"max-snippet:-1","max-image-preview":"max-image-preview:large","max-video-preview":"max-video-preview:-1"},"canonical":"https:\/\/dicodusport.fr\/blog\/cyclisme-francais-6-championnes-demain\/","next":"https:\/\/dicodusport.fr\/blog\/cyclisme-francais-6-championnes-demain\/2\/","og_locale":"fr_FR","og_type":"article","og_title":"Cyclisme fran\u00e7ais : Les 6 championnes tricolores de demain","og_description":"CYCLISME - Certaines ont d\u00e9j\u00e0 marqu\u00e9 les esprits, d'autres le feront tr\u00e8s prochainement. D\u00e9couvrez les 6 championnes tricolores de demain.","og_url":"https:\/\/dicodusport.fr\/blog\/cyclisme-francais-6-championnes-demain\/","og_site_name":"Dicodusport","article_publisher":"https:\/\/www.facebook.com\/dicodusport","article_author":"https:\/\/www.facebook.com\/florent.ostermann","article_published_time":"2020-06-26T12:10:51+00:00","article_modified_time":"2021-05-03T13:40:24+00:00","og_image":[{"width":800,"height":445,"url":"https:\/\/dicodusport.fr\/blog\/wp-content\/uploads\/2020\/02\/Championnats-du-monde-2020-Dames-U23-Marion-Norbert-Riberolle-sacr\u00e9e-\u00e0-D\u00fcbendorf.png","type":"image\/png"}],"author":"Flo Ostermann","twitter_card":"summary_large_image","twitter_title":"Cyclisme fran\u00e7ais : Les 6 championnes tricolores de demain","twitter_creator":"@https:\/\/twitter.com\/FlOstermann","twitter_site":"@dicodusport","schema":{"@context":"https:\/\/schema.org","@graph":[{"@type":"NewsArticle","@id":"https:\/\/dicodusport.fr\/blog\/cyclisme-francais-6-championnes-demain\/#article","isPartOf":{"@id":"https:\/\/dicodusport.fr\/blog\/cyclisme-francais-6-championnes-demain\/"},"author":{"name":"Flo Ostermann","@id":"https:\/\/dicodusport.fr\/blog\/#\/schema\/person\/cb02af4c173ce4a653b55e9baf388d4a"},"headline":"Cyclisme fran\u00e7ais : Les 6 championnes de demain","datePublished":"2020-06-26T12:10:51+00:00","dateModified":"2021-05-03T13:40:24+00:00","mainEntityOfPage":{"@id":"https:\/\/dicodusport.fr\/blog\/cyclisme-francais-6-championnes-demain\/"},"wordCount":809,"commentCount":0,"publisher":{"@id":"https:\/\/dicodusport.fr\/blog\/#organization"},"image":{"@id":"https:\/\/dicodusport.fr\/blog\/cyclisme-francais-6-championnes-demain\/#primaryimage"},"thumbnailUrl":"https:\/\/dicodusport.fr\/blog\/wp-content\/uploads\/2020\/02\/Championnats-du-monde-2020-Dames-U23-Marion-Norbert-Riberolle-sacr\u00e9e-\u00e0-D\u00fcbendorf.png","keywords":["Cyclisme","cyclisme fran\u00e7ais","Loana Lecomte","Marie Le Net","Marine Cabirou","Mathilde Gros","sport"],"articleSection":["Cyclisme"],"inLanguage":"fr-FR","potentialAction":[{"@type":"CommentAction","name":"Comment","target":["https:\/\/dicodusport.fr\/blog\/cyclisme-francais-6-championnes-demain\/#respond"]}],"copyrightYear":"2020","copyrightHolder":{"@id":"https:\/\/dicodusport.fr\/blog\/#organization"}},{"@type":"WebPage","@id":"https:\/\/dicodusport.fr\/blog\/cyclisme-francais-6-championnes-demain\/","url":"https:\/\/dicodusport.fr\/blog\/cyclisme-francais-6-championnes-demain\/","name":"Cyclisme fran\u00e7ais : Les 6 championnes de demain","isPartOf":{"@id":"https:\/\/dicodusport.fr\/blog\/#website"},"primaryImageOfPage":{"@id":"https:\/\/dicodusport.fr\/blog\/cyclisme-francais-6-championnes-demain\/#primaryimage"},"image":{"@id":"https:\/\/dicodusport.fr\/blog\/cyclisme-francais-6-championnes-demain\/#primaryimage"},"thumbnailUrl":"https:\/\/dicodusport.fr\/blog\/wp-content\/uploads\/2020\/02\/Championnats-du-monde-2020-Dames-U23-Marion-Norbert-Riberolle-sacr\u00e9e-\u00e0-D\u00fcbendorf.png","datePublished":"2020-06-26T12:10:51+00:00","dateModified":"2021-05-03T13:40:24+00:00","description":"CYCLISME - Certaines ont d\u00e9j\u00e0 marqu\u00e9 les esprits, d'autres le feront tr\u00e8s prochainement. D\u00e9couvrez les 6 championnes tricolores de demain.","inLanguage":"fr-FR","potentialAction":[{"@type":"ReadAction","target":["https:\/\/dicodusport.fr\/blog\/cyclisme-francais-6-championnes-demain\/"]}]},{"@type":"ImageObject","inLanguage":"fr-FR","@id":"https:\/\/dicodusport.fr\/blog\/cyclisme-francais-6-championnes-demain\/#primaryimage","url":"https:\/\/dicodusport.fr\/blog\/wp-content\/uploads\/2020\/02\/Championnats-du-monde-2020-Dames-U23-Marion-Norbert-Riberolle-sacr\u00e9e-\u00e0-D\u00fcbendorf.png","contentUrl":"https:\/\/dicodusport.fr\/blog\/wp-content\/uploads\/2020\/02\/Championnats-du-monde-2020-Dames-U23-Marion-Norbert-Riberolle-sacr\u00e9e-\u00e0-D\u00fcbendorf.png","width":800,"height":445,"caption":"Championnats du monde 2020 (Dames U23) - Marion Norbert-Riberolle sacr\u00e9e \u00e0 D\u00fcbendorf"},{"@type":"WebSite","@id":"https:\/\/dicodusport.fr\/blog\/#website","url":"https:\/\/dicodusport.fr\/blog\/","name":"Dicodusport","description":"L&#039;encyclop\u00e9die de l&#039;actualit\u00e9 sportive","publisher":{"@id":"https:\/\/dicodusport.fr\/blog\/#organization"},"potentialAction":[{"@type":"SearchAction","target":{"@type":"EntryPoint","urlTemplate":"https:\/\/dicodusport.fr\/blog\/?s={search_term_string}"},"query-input":{"@type":"PropertyValueSpecification","valueRequired":true,"valueName":"search_term_string"}}],"inLanguage":"fr-FR"},{"@type":"NewsMediaOrganization","@id":"https:\/\/dicodusport.fr\/blog\/#organization","name":"Dicodusport","url":"https:\/\/dicodusport.fr\/blog\/","logo":{"@type":"ImageObject","inLanguage":"fr-FR","@id":"https:\/\/dicodusport.fr\/blog\/#\/schema\/logo\/image\/","url":"https:\/\/dicodusport.fr\/blog\/wp-content\/uploads\/2020\/06\/cropped-LOGO-DICODUSPORT-2020-SANS-FOND-SANS-TEXTE.png","contentUrl":"https:\/\/dicodusport.fr\/blog\/wp-content\/uploads\/2020\/06\/cropped-LOGO-DICODUSPORT-2020-SANS-FOND-SANS-TEXTE.png","width":512,"height":512,"caption":"Dicodusport"},"image":{"@id":"https:\/\/dicodusport.fr\/blog\/#\/schema\/logo\/image\/"},"sameAs":["https:\/\/www.facebook.com\/dicodusport","https:\/\/x.com\/dicodusport","https:\/\/www.instagram.com\/dicodusport\/","https:\/\/www.youtube.com\/channel\/UC7V2KZ5sd3htJivAbA4ZG3w"],"description":"Dicodusport est l'encyclop\u00e9die de l'actualit\u00e9 sportive.","email":"bonjour@dicodusport.fr","legalName":"DICODUSPORT","foundingDate":"2018-01-14","vatID":"FR71834470973","taxID":"83447097300043","numberOfEmployees":{"@type":"QuantitativeValue","minValue":"1","maxValue":"10"}},{"@type":"Person","@id":"https:\/\/dicodusport.fr\/blog\/#\/schema\/person\/cb02af4c173ce4a653b55e9baf388d4a","name":"Flo Ostermann","image":{"@type":"ImageObject","inLanguage":"fr-FR","@id":"https:\/\/dicodusport.fr\/blog\/#\/schema\/person\/image\/","url":"https:\/\/dicodusport.fr\/blog\/wp-content\/uploads\/2021\/05\/Flo-Ostermann-150x150.jpg","contentUrl":"https:\/\/dicodusport.fr\/blog\/wp-content\/uploads\/2021\/05\/Flo-Ostermann-150x150.jpg","caption":"Flo Ostermann"},"description":"Journaliste\/R\u00e9dacteur depuis septembre 2015 - Mes premiers souvenirs dans le sport ? Les envol\u00e9es du Stade Toulousain et les duels Villeneuve-Schumacher et H\u00e4kkinen-Schumacher \u00e0 la fin des ann\u00e9es 90, la Coupe du monde de football en 1998, l\u2019exploit du XV de France face aux All Blacks en 1999, mais aussi Richard C\u0153ur de Lion qui vole sur les montagnes du Tour de France. Bien parti pour devenir professeur d\u2019EPS, les \u00e9v\u00e9nements de la vie (et la flemme d\u2019animer des s\u00e9ances de 3x500 m\u00e8tres toute ma vie) m\u2019ont conduit \u00e0 revoir mes plans. Me voil\u00e0 depuis fin 2017 sur Dicodusport, m\u00e9dia gr\u00e2ce (et pour) lequel je partage ma passion : le sport dans tous ses \u00e9tats. Le tout accompagn\u00e9 par les fous furieux et folles furieuses cit\u00e9s sur cette page !","sameAs":["https:\/\/www.facebook.com\/florent.ostermann","https:\/\/x.com\/https:\/\/twitter.com\/FlOstermann","admin"],"url":"https:\/\/dicodusport.fr\/blog\/author\/flo\/"}]}},"_links":{"self":[{"href":"https:\/\/dicodusport.fr\/blog\/wp-json\/wp\/v2\/posts\/69686","targetHints":{"allow":["GET"]}}],"collection":[{"href":"https:\/\/dicodusport.fr\/blog\/wp-json\/wp\/v2\/posts"}],"about":[{"href":"https:\/\/dicodusport.fr\/blog\/wp-json\/wp\/v2\/types\/post"}],"author":[{"embeddable":true,"href":"https:\/\/dicodusport.fr\/blog\/wp-json\/wp\/v2\/users\/4"}],"replies":[{"embeddable":true,"href":"https:\/\/dicodusport.fr\/blog\/wp-json\/wp\/v2\/comments?post=69686"}],"version-history":[{"count":0,"href":"https:\/\/dicodusport.fr\/blog\/wp-json\/wp\/v2\/posts\/69686\/revisions"}],"wp:featuredmedia":[{"embeddable":true,"href":"https:\/\/dicodusport.fr\/blog\/wp-json\/wp\/v2\/media\/58793"}],"wp:attachment":[{"href":"https:\/\/dicodusport.fr\/blog\/wp-json\/wp\/v2\/media?parent=69686"}],"wp:term":[{"taxonomy":"category","embeddable":true,"href":"https:\/\/dicodusport.fr\/blog\/wp-json\/wp\/v2\/categories?post=69686"},{"taxonomy":"post_tag","embeddable":true,"href":"https:\/\/dicodusport.fr\/blog\/wp-json\/wp\/v2\/tags?post=69686"}],"curies":[{"name":"wp","href":"https:\/\/api.w.org\/{rel}","templated":true}]}}