{"id":69713,"date":"2020-06-25T17:26:26","date_gmt":"2020-06-25T15:26:26","guid":{"rendered":"http:\/\/dicodusport.fr\/blog\/?p=69713&#038;preview=true&#038;preview_id=69713"},"modified":"2020-06-25T17:30:49","modified_gmt":"2020-06-25T15:30:49","slug":"vince-carter-annonce-sa-retraite-apres-une-immense-carriere","status":"publish","type":"post","link":"https:\/\/dicodusport.fr\/blog\/vince-carter-annonce-sa-retraite-apres-une-immense-carriere\/","title":{"rendered":"Vince Carter annonce sa retraite apr\u00e8s une immense carri\u00e8re"},"content":{"rendered":"<p style=\"text-align: justify;\"><strong><em>NBA &#8211; Apr\u00e8s 22 saisons, Vince Carter a d\u00e9cid\u00e9 de mettre un terme \u00e0 sa carri\u00e8re de joueur professionnel de basket. Un Monument de la NBA tire sa r\u00e9v\u00e9rence.<\/em><\/strong><\/p>\n<p style=\"text-align: justify;\">\u00c0 43 ans, <a href=\"https:\/\/dicodusport.fr\/blog\/vince-carter-homme-4-decennies\/\" target=\"_blank\" rel=\"noopener noreferrer\"><strong>Vince Carter<\/strong><\/a> va prendre du repos bien m\u00e9rit\u00e9. S&rsquo;il n&rsquo;a jamais d\u00e9croch\u00e9 le graal en <strong>NBA<\/strong>, il s&rsquo;en va avec un titre de champion olympique (2000). Dans la ligue nord-am\u00e9ricaine au sein de laquelle il a jou\u00e9 son premier match en 1998 avec les <strong>Raptors de Toronto<\/strong>, il a particip\u00e9 \u00e0 sept reprises au <strong>All-Star Game <\/strong>et remport\u00e9 le concours de dunk en 2000. <em>Air Canada<\/em> a \u00e9galement d\u00e9croch\u00e9 le titre de rookie de l&rsquo;ann\u00e9e en 1999. <strong>Carter<\/strong> totalise 1541 matchs en carri\u00e8re en NBA.<\/p>\n<p style=\"text-align: justify;\">S&rsquo;il est en premier lieu connu pour \u00eatre le plus grand dunker de la <strong>NBA<\/strong>, Carter est aussi un joueur qui aura marqu\u00e9 son \u00e9poque, ne laissant que de bons souvenirs partout o\u00f9 il est pass\u00e9. C&rsquo;est dans un podcast que <strong>Vince Carter<\/strong>, bourreau de <strong>Fred Weisz<\/strong> en 2000, a annonc\u00e9 <em>\u00ab qu&rsquo;il en avait termin\u00e9 avec sa carri\u00e8re de basketteur professionnel \u00bb<\/em>.<\/p>\n<blockquote class=\"twitter-tweet\">\n<p dir=\"ltr\" lang=\"fr\">\u00ab\u00a0AIR CANADA\u00a0\u00bb<a href=\"https:\/\/twitter.com\/mrvincecarter15?ref_src=twsrc%5Etfw\">@mrvincecarter15<\/a>, tout simplement merci&#8230; ! &#x1f64c;<\/p>\n<p>22 saisons NBA<br \/>\n8x All-Star<br \/>\n2000 Slam Dunk Contest Champ<br \/>\n2x All-NBA<br \/>\n1999 Rookie Of the Year<br \/>\n25.728 points en carri\u00e8re<a href=\"https:\/\/twitter.com\/hashtag\/H15TORY?src=hash&amp;ref_src=twsrc%5Etfw\">#H15TORY<\/a> <a href=\"https:\/\/t.co\/ntmQxbYrdu\">pic.twitter.com\/ntmQxbYrdu<\/a><\/p>\n<p>\u2014 NBA France (@NBAFRANCE) <a href=\"https:\/\/twitter.com\/NBAFRANCE\/status\/1276158177940250629?ref_src=twsrc%5Etfw\">June 25, 2020<\/a><\/p><\/blockquote>\n<p><script async src=\"https:\/\/platform.twitter.com\/widgets.js\" charset=\"utf-8\"><\/script><\/p>\n<p><strong><em>Dicodusport<br \/>\n<a href=\"https:\/\/www.facebook.com\/dicodusport\/\" target=\"_blank\" rel=\"noopener noreferrer\"><img loading=\"lazy\" decoding=\"async\" class=\"alignnone wp-image-2909\" src=\"http:\/\/dicodusport.fr\/blog\/wp-content\/uploads\/2017\/07\/logo-facebook-150x150.png\" alt=\"\" width=\"40\" height=\"40\" \/><\/a><a href=\"https:\/\/twitter.com\/dicodusport\" target=\"_blank\" rel=\"noopener noreferrer\"><img loading=\"lazy\" decoding=\"async\" class=\"alignnone wp-image-2908\" src=\"http:\/\/dicodusport.fr\/blog\/wp-content\/uploads\/2017\/07\/logo-twitter-150x150.png\" alt=\"\" width=\"39\" height=\"39\" \/><\/a><\/em><\/strong><\/p>\n","protected":false},"excerpt":{"rendered":"<p>NBA &#8211; Apr\u00e8s 22 saisons, Vince Carter a d\u00e9cid\u00e9 de mettre un terme \u00e0 sa carri\u00e8re de joueur professionnel de basket. Un Monument de la NBA tire sa r\u00e9v\u00e9rence.<\/p>\n","protected":false},"author":1,"featured_media":69718,"comment_status":"open","ping_status":"closed","sticky":false,"template":"","format":"standard","meta":{"_acf_changed":false,"_daextam_enable_autolinks":"","footnotes":""},"categories":[10533],"tags":[179],"class_list":["post-69713","post","type-post","status-publish","format-standard","has-post-thumbnail","hentry","category-nba","tag-nba"],"acf":[],"yoast_head":"<!-- This site is optimized with the Yoast SEO Premium plugin v26.7 (Yoast SEO v26.7) - https:\/\/yoast.com\/wordpress\/plugins\/seo\/ -->\n<title>Vince Carter annonce sa retraite apr\u00e8s une immense carri\u00e8re<\/title>\n<meta name=\"description\" content=\"NBA - Apr\u00e8s 22 saisons, Vince Carter a d\u00e9cid\u00e9 de mettre un terme \u00e0 sa carri\u00e8re de joueur professionnel de basket. Un Monument de la NBA tire sa r\u00e9v\u00e9rence.\" \/>\n<meta name=\"robots\" content=\"index, follow, max-snippet:-1, max-image-preview:large, max-video-preview:-1\" \/>\n<link rel=\"canonical\" href=\"https:\/\/dicodusport.fr\/blog\/vince-carter-annonce-sa-retraite-apres-une-immense-carriere\/\" \/>\n<meta property=\"og:locale\" content=\"fr_FR\" \/>\n<meta property=\"og:type\" content=\"article\" \/>\n<meta property=\"og:title\" content=\"Vince Carter annonce sa retraite apr\u00e8s une immense carri\u00e8re\" \/>\n<meta property=\"og:description\" content=\"NBA - Apr\u00e8s 22 saisons, Vince Carter a d\u00e9cid\u00e9 de mettre un terme \u00e0 sa carri\u00e8re de joueur professionnel de basket. Un Monument de la NBA tire sa r\u00e9v\u00e9rence.\" \/>\n<meta property=\"og:url\" content=\"https:\/\/dicodusport.fr\/blog\/vince-carter-annonce-sa-retraite-apres-une-immense-carriere\/\" \/>\n<meta property=\"og:site_name\" content=\"Dicodusport\" \/>\n<meta property=\"article:publisher\" content=\"https:\/\/www.facebook.com\/dicodusport\" \/>\n<meta property=\"article:author\" content=\"https:\/\/www.facebook.com\/dicodusport\" \/>\n<meta property=\"article:published_time\" content=\"2020-06-25T15:26:26+00:00\" \/>\n<meta property=\"article:modified_time\" content=\"2020-06-25T15:30:49+00:00\" \/>\n<meta property=\"og:image\" content=\"https:\/\/dicodusport.fr\/blog\/wp-content\/uploads\/2020\/06\/Vince-Carter-annonce-sa-retraite-apr\u00e8s-une-immense-carri\u00e8re.png\" \/>\n\t<meta property=\"og:image:width\" content=\"800\" \/>\n\t<meta property=\"og:image:height\" content=\"445\" \/>\n\t<meta property=\"og:image:type\" content=\"image\/png\" \/>\n<meta name=\"author\" content=\"Nicolas Jacquemard\" \/>\n<meta name=\"twitter:card\" content=\"summary_large_image\" \/>\n<meta name=\"twitter:title\" content=\"Vince Carter annonce sa retraite apr\u00e8s une immense carri\u00e8re\" \/>\n<meta name=\"twitter:creator\" content=\"@https:\/\/twitter.com\/Nico_Jacquemard\" \/>\n<meta name=\"twitter:site\" content=\"@dicodusport\" \/>\n<script type=\"application\/ld+json\" class=\"yoast-schema-graph\">{\"@context\":\"https:\/\/schema.org\",\"@graph\":[{\"@type\":\"NewsArticle\",\"@id\":\"https:\/\/dicodusport.fr\/blog\/vince-carter-annonce-sa-retraite-apres-une-immense-carriere\/#article\",\"isPartOf\":{\"@id\":\"https:\/\/dicodusport.fr\/blog\/vince-carter-annonce-sa-retraite-apres-une-immense-carriere\/\"},\"author\":{\"name\":\"Nicolas Jacquemard\",\"@id\":\"https:\/\/dicodusport.fr\/blog\/#\/schema\/person\/55dcb50ad410894e431ed812bbb70191\"},\"headline\":\"Vince Carter annonce sa retraite apr\u00e8s une immense carri\u00e8re\",\"datePublished\":\"2020-06-25T15:26:26+00:00\",\"dateModified\":\"2020-06-25T15:30:49+00:00\",\"mainEntityOfPage\":{\"@id\":\"https:\/\/dicodusport.fr\/blog\/vince-carter-annonce-sa-retraite-apres-une-immense-carriere\/\"},\"wordCount\":235,\"commentCount\":0,\"publisher\":{\"@id\":\"https:\/\/dicodusport.fr\/blog\/#organization\"},\"image\":{\"@id\":\"https:\/\/dicodusport.fr\/blog\/vince-carter-annonce-sa-retraite-apres-une-immense-carriere\/#primaryimage\"},\"thumbnailUrl\":\"https:\/\/dicodusport.fr\/blog\/wp-content\/uploads\/2020\/06\/Vince-Carter-annonce-sa-retraite-apr\u00e8s-une-immense-carri\u00e8re.png\",\"keywords\":[\"NBA\"],\"articleSection\":[\"NBA\"],\"inLanguage\":\"fr-FR\",\"potentialAction\":[{\"@type\":\"CommentAction\",\"name\":\"Comment\",\"target\":[\"https:\/\/dicodusport.fr\/blog\/vince-carter-annonce-sa-retraite-apres-une-immense-carriere\/#respond\"]}],\"copyrightYear\":\"2020\",\"copyrightHolder\":{\"@id\":\"https:\/\/dicodusport.fr\/blog\/#organization\"}},{\"@type\":\"WebPage\",\"@id\":\"https:\/\/dicodusport.fr\/blog\/vince-carter-annonce-sa-retraite-apres-une-immense-carriere\/\",\"url\":\"https:\/\/dicodusport.fr\/blog\/vince-carter-annonce-sa-retraite-apres-une-immense-carriere\/\",\"name\":\"Vince Carter annonce sa retraite apr\u00e8s une immense carri\u00e8re\",\"isPartOf\":{\"@id\":\"https:\/\/dicodusport.fr\/blog\/#website\"},\"primaryImageOfPage\":{\"@id\":\"https:\/\/dicodusport.fr\/blog\/vince-carter-annonce-sa-retraite-apres-une-immense-carriere\/#primaryimage\"},\"image\":{\"@id\":\"https:\/\/dicodusport.fr\/blog\/vince-carter-annonce-sa-retraite-apres-une-immense-carriere\/#primaryimage\"},\"thumbnailUrl\":\"https:\/\/dicodusport.fr\/blog\/wp-content\/uploads\/2020\/06\/Vince-Carter-annonce-sa-retraite-apr\u00e8s-une-immense-carri\u00e8re.png\",\"datePublished\":\"2020-06-25T15:26:26+00:00\",\"dateModified\":\"2020-06-25T15:30:49+00:00\",\"description\":\"NBA - Apr\u00e8s 22 saisons, Vince Carter a d\u00e9cid\u00e9 de mettre un terme \u00e0 sa carri\u00e8re de joueur professionnel de basket. Un Monument de la NBA tire sa r\u00e9v\u00e9rence.\",\"breadcrumb\":{\"@id\":\"https:\/\/dicodusport.fr\/blog\/vince-carter-annonce-sa-retraite-apres-une-immense-carriere\/#breadcrumb\"},\"inLanguage\":\"fr-FR\",\"potentialAction\":[{\"@type\":\"ReadAction\",\"target\":[\"https:\/\/dicodusport.fr\/blog\/vince-carter-annonce-sa-retraite-apres-une-immense-carriere\/\"]}]},{\"@type\":\"ImageObject\",\"inLanguage\":\"fr-FR\",\"@id\":\"https:\/\/dicodusport.fr\/blog\/vince-carter-annonce-sa-retraite-apres-une-immense-carriere\/#primaryimage\",\"url\":\"https:\/\/dicodusport.fr\/blog\/wp-content\/uploads\/2020\/06\/Vince-Carter-annonce-sa-retraite-apr\u00e8s-une-immense-carri\u00e8re.png\",\"contentUrl\":\"https:\/\/dicodusport.fr\/blog\/wp-content\/uploads\/2020\/06\/Vince-Carter-annonce-sa-retraite-apr\u00e8s-une-immense-carri\u00e8re.png\",\"width\":800,\"height\":445,\"caption\":\"Vince Carter annonce sa retraite apr\u00e8s une immense carri\u00e8re\"},{\"@type\":\"BreadcrumbList\",\"@id\":\"https:\/\/dicodusport.fr\/blog\/vince-carter-annonce-sa-retraite-apres-une-immense-carriere\/#breadcrumb\",\"itemListElement\":[{\"@type\":\"ListItem\",\"position\":1,\"name\":\"Accueil\",\"item\":\"https:\/\/dicodusport.fr\/blog\/\"},{\"@type\":\"ListItem\",\"position\":2,\"name\":\"Vince Carter annonce sa retraite apr\u00e8s une immense carri\u00e8re\"}]},{\"@type\":\"WebSite\",\"@id\":\"https:\/\/dicodusport.fr\/blog\/#website\",\"url\":\"https:\/\/dicodusport.fr\/blog\/\",\"name\":\"Dicodusport\",\"description\":\"L&#039;encyclop\u00e9die de l&#039;actualit\u00e9 sportive\",\"publisher\":{\"@id\":\"https:\/\/dicodusport.fr\/blog\/#organization\"},\"potentialAction\":[{\"@type\":\"SearchAction\",\"target\":{\"@type\":\"EntryPoint\",\"urlTemplate\":\"https:\/\/dicodusport.fr\/blog\/?s={search_term_string}\"},\"query-input\":{\"@type\":\"PropertyValueSpecification\",\"valueRequired\":true,\"valueName\":\"search_term_string\"}}],\"inLanguage\":\"fr-FR\"},{\"@type\":\"NewsMediaOrganization\",\"@id\":\"https:\/\/dicodusport.fr\/blog\/#organization\",\"name\":\"Dicodusport\",\"url\":\"https:\/\/dicodusport.fr\/blog\/\",\"logo\":{\"@type\":\"ImageObject\",\"inLanguage\":\"fr-FR\",\"@id\":\"https:\/\/dicodusport.fr\/blog\/#\/schema\/logo\/image\/\",\"url\":\"https:\/\/dicodusport.fr\/blog\/wp-content\/uploads\/2020\/06\/cropped-LOGO-DICODUSPORT-2020-SANS-FOND-SANS-TEXTE.png\",\"contentUrl\":\"https:\/\/dicodusport.fr\/blog\/wp-content\/uploads\/2020\/06\/cropped-LOGO-DICODUSPORT-2020-SANS-FOND-SANS-TEXTE.png\",\"width\":512,\"height\":512,\"caption\":\"Dicodusport\"},\"image\":{\"@id\":\"https:\/\/dicodusport.fr\/blog\/#\/schema\/logo\/image\/\"},\"sameAs\":[\"https:\/\/www.facebook.com\/dicodusport\",\"https:\/\/x.com\/dicodusport\",\"https:\/\/www.instagram.com\/dicodusport\/\",\"https:\/\/www.youtube.com\/channel\/UC7V2KZ5sd3htJivAbA4ZG3w\"],\"description\":\"Dicodusport est l'encyclop\u00e9die de l'actualit\u00e9 sportive.\",\"email\":\"bonjour@dicodusport.fr\",\"legalName\":\"DICODUSPORT\",\"foundingDate\":\"2018-01-14\",\"vatID\":\"FR71834470973\",\"taxID\":\"83447097300043\",\"numberOfEmployees\":{\"@type\":\"QuantitativeValue\",\"minValue\":\"1\",\"maxValue\":\"10\"}},{\"@type\":\"Person\",\"@id\":\"https:\/\/dicodusport.fr\/blog\/#\/schema\/person\/55dcb50ad410894e431ed812bbb70191\",\"name\":\"Nicolas Jacquemard\",\"image\":{\"@type\":\"ImageObject\",\"inLanguage\":\"fr-FR\",\"@id\":\"https:\/\/dicodusport.fr\/blog\/#\/schema\/person\/image\/\",\"url\":\"https:\/\/dicodusport.fr\/blog\/wp-content\/uploads\/2021\/05\/Nicolas-Jacquemard-150x150.jpeg\",\"contentUrl\":\"https:\/\/dicodusport.fr\/blog\/wp-content\/uploads\/2021\/05\/Nicolas-Jacquemard-150x150.jpeg\",\"caption\":\"Nicolas Jacquemard\"},\"description\":\"Passionn\u00e9 de sport et entrepreneur depuis mes 18 ans, la cr\u00e9ation de Dicodusport m'a sembl\u00e9 \u00e9vidente pour participer \u00e0 la m\u00e9diatisation d'un plus grand nombre de sports. Le chemin est long mais avec une \u00e9quipe des plus motiv\u00e9es et les Jeux Olympiques de Paris 2024 en point de mire, nous y arriverons ! Journaliste dans le monde du sport depuis plus de 5 ans, je traite aussi bien de football, de rugby, de biathlon que de cyclisme.\",\"sameAs\":[\"https:\/\/www.facebook.com\/dicodusport\",\"https:\/\/x.com\/https:\/\/twitter.com\/Nico_Jacquemard\"],\"url\":\"https:\/\/dicodusport.fr\/blog\/author\/dicodusport\/\"}]}<\/script>\n<!-- \/ Yoast SEO Premium plugin. -->","yoast_head_json":{"title":"Vince Carter annonce sa retraite apr\u00e8s une immense carri\u00e8re","description":"NBA - Apr\u00e8s 22 saisons, Vince Carter a d\u00e9cid\u00e9 de mettre un terme \u00e0 sa carri\u00e8re de joueur professionnel de basket. Un Monument de la NBA tire sa r\u00e9v\u00e9rence.","robots":{"index":"index","follow":"follow","max-snippet":"max-snippet:-1","max-image-preview":"max-image-preview:large","max-video-preview":"max-video-preview:-1"},"canonical":"https:\/\/dicodusport.fr\/blog\/vince-carter-annonce-sa-retraite-apres-une-immense-carriere\/","og_locale":"fr_FR","og_type":"article","og_title":"Vince Carter annonce sa retraite apr\u00e8s une immense carri\u00e8re","og_description":"NBA - Apr\u00e8s 22 saisons, Vince Carter a d\u00e9cid\u00e9 de mettre un terme \u00e0 sa carri\u00e8re de joueur professionnel de basket. Un Monument de la NBA tire sa r\u00e9v\u00e9rence.","og_url":"https:\/\/dicodusport.fr\/blog\/vince-carter-annonce-sa-retraite-apres-une-immense-carriere\/","og_site_name":"Dicodusport","article_publisher":"https:\/\/www.facebook.com\/dicodusport","article_author":"https:\/\/www.facebook.com\/dicodusport","article_published_time":"2020-06-25T15:26:26+00:00","article_modified_time":"2020-06-25T15:30:49+00:00","og_image":[{"width":800,"height":445,"url":"https:\/\/dicodusport.fr\/blog\/wp-content\/uploads\/2020\/06\/Vince-Carter-annonce-sa-retraite-apr\u00e8s-une-immense-carri\u00e8re.png","type":"image\/png"}],"author":"Nicolas Jacquemard","twitter_card":"summary_large_image","twitter_title":"Vince Carter annonce sa retraite apr\u00e8s une immense carri\u00e8re","twitter_creator":"@https:\/\/twitter.com\/Nico_Jacquemard","twitter_site":"@dicodusport","schema":{"@context":"https:\/\/schema.org","@graph":[{"@type":"NewsArticle","@id":"https:\/\/dicodusport.fr\/blog\/vince-carter-annonce-sa-retraite-apres-une-immense-carriere\/#article","isPartOf":{"@id":"https:\/\/dicodusport.fr\/blog\/vince-carter-annonce-sa-retraite-apres-une-immense-carriere\/"},"author":{"name":"Nicolas Jacquemard","@id":"https:\/\/dicodusport.fr\/blog\/#\/schema\/person\/55dcb50ad410894e431ed812bbb70191"},"headline":"Vince Carter annonce sa retraite apr\u00e8s une immense carri\u00e8re","datePublished":"2020-06-25T15:26:26+00:00","dateModified":"2020-06-25T15:30:49+00:00","mainEntityOfPage":{"@id":"https:\/\/dicodusport.fr\/blog\/vince-carter-annonce-sa-retraite-apres-une-immense-carriere\/"},"wordCount":235,"commentCount":0,"publisher":{"@id":"https:\/\/dicodusport.fr\/blog\/#organization"},"image":{"@id":"https:\/\/dicodusport.fr\/blog\/vince-carter-annonce-sa-retraite-apres-une-immense-carriere\/#primaryimage"},"thumbnailUrl":"https:\/\/dicodusport.fr\/blog\/wp-content\/uploads\/2020\/06\/Vince-Carter-annonce-sa-retraite-apr\u00e8s-une-immense-carri\u00e8re.png","keywords":["NBA"],"articleSection":["NBA"],"inLanguage":"fr-FR","potentialAction":[{"@type":"CommentAction","name":"Comment","target":["https:\/\/dicodusport.fr\/blog\/vince-carter-annonce-sa-retraite-apres-une-immense-carriere\/#respond"]}],"copyrightYear":"2020","copyrightHolder":{"@id":"https:\/\/dicodusport.fr\/blog\/#organization"}},{"@type":"WebPage","@id":"https:\/\/dicodusport.fr\/blog\/vince-carter-annonce-sa-retraite-apres-une-immense-carriere\/","url":"https:\/\/dicodusport.fr\/blog\/vince-carter-annonce-sa-retraite-apres-une-immense-carriere\/","name":"Vince Carter annonce sa retraite apr\u00e8s une immense carri\u00e8re","isPartOf":{"@id":"https:\/\/dicodusport.fr\/blog\/#website"},"primaryImageOfPage":{"@id":"https:\/\/dicodusport.fr\/blog\/vince-carter-annonce-sa-retraite-apres-une-immense-carriere\/#primaryimage"},"image":{"@id":"https:\/\/dicodusport.fr\/blog\/vince-carter-annonce-sa-retraite-apres-une-immense-carriere\/#primaryimage"},"thumbnailUrl":"https:\/\/dicodusport.fr\/blog\/wp-content\/uploads\/2020\/06\/Vince-Carter-annonce-sa-retraite-apr\u00e8s-une-immense-carri\u00e8re.png","datePublished":"2020-06-25T15:26:26+00:00","dateModified":"2020-06-25T15:30:49+00:00","description":"NBA - Apr\u00e8s 22 saisons, Vince Carter a d\u00e9cid\u00e9 de mettre un terme \u00e0 sa carri\u00e8re de joueur professionnel de basket. Un Monument de la NBA tire sa r\u00e9v\u00e9rence.","breadcrumb":{"@id":"https:\/\/dicodusport.fr\/blog\/vince-carter-annonce-sa-retraite-apres-une-immense-carriere\/#breadcrumb"},"inLanguage":"fr-FR","potentialAction":[{"@type":"ReadAction","target":["https:\/\/dicodusport.fr\/blog\/vince-carter-annonce-sa-retraite-apres-une-immense-carriere\/"]}]},{"@type":"ImageObject","inLanguage":"fr-FR","@id":"https:\/\/dicodusport.fr\/blog\/vince-carter-annonce-sa-retraite-apres-une-immense-carriere\/#primaryimage","url":"https:\/\/dicodusport.fr\/blog\/wp-content\/uploads\/2020\/06\/Vince-Carter-annonce-sa-retraite-apr\u00e8s-une-immense-carri\u00e8re.png","contentUrl":"https:\/\/dicodusport.fr\/blog\/wp-content\/uploads\/2020\/06\/Vince-Carter-annonce-sa-retraite-apr\u00e8s-une-immense-carri\u00e8re.png","width":800,"height":445,"caption":"Vince Carter annonce sa retraite apr\u00e8s une immense carri\u00e8re"},{"@type":"BreadcrumbList","@id":"https:\/\/dicodusport.fr\/blog\/vince-carter-annonce-sa-retraite-apres-une-immense-carriere\/#breadcrumb","itemListElement":[{"@type":"ListItem","position":1,"name":"Accueil","item":"https:\/\/dicodusport.fr\/blog\/"},{"@type":"ListItem","position":2,"name":"Vince Carter annonce sa retraite apr\u00e8s une immense carri\u00e8re"}]},{"@type":"WebSite","@id":"https:\/\/dicodusport.fr\/blog\/#website","url":"https:\/\/dicodusport.fr\/blog\/","name":"Dicodusport","description":"L&#039;encyclop\u00e9die de l&#039;actualit\u00e9 sportive","publisher":{"@id":"https:\/\/dicodusport.fr\/blog\/#organization"},"potentialAction":[{"@type":"SearchAction","target":{"@type":"EntryPoint","urlTemplate":"https:\/\/dicodusport.fr\/blog\/?s={search_term_string}"},"query-input":{"@type":"PropertyValueSpecification","valueRequired":true,"valueName":"search_term_string"}}],"inLanguage":"fr-FR"},{"@type":"NewsMediaOrganization","@id":"https:\/\/dicodusport.fr\/blog\/#organization","name":"Dicodusport","url":"https:\/\/dicodusport.fr\/blog\/","logo":{"@type":"ImageObject","inLanguage":"fr-FR","@id":"https:\/\/dicodusport.fr\/blog\/#\/schema\/logo\/image\/","url":"https:\/\/dicodusport.fr\/blog\/wp-content\/uploads\/2020\/06\/cropped-LOGO-DICODUSPORT-2020-SANS-FOND-SANS-TEXTE.png","contentUrl":"https:\/\/dicodusport.fr\/blog\/wp-content\/uploads\/2020\/06\/cropped-LOGO-DICODUSPORT-2020-SANS-FOND-SANS-TEXTE.png","width":512,"height":512,"caption":"Dicodusport"},"image":{"@id":"https:\/\/dicodusport.fr\/blog\/#\/schema\/logo\/image\/"},"sameAs":["https:\/\/www.facebook.com\/dicodusport","https:\/\/x.com\/dicodusport","https:\/\/www.instagram.com\/dicodusport\/","https:\/\/www.youtube.com\/channel\/UC7V2KZ5sd3htJivAbA4ZG3w"],"description":"Dicodusport est l'encyclop\u00e9die de l'actualit\u00e9 sportive.","email":"bonjour@dicodusport.fr","legalName":"DICODUSPORT","foundingDate":"2018-01-14","vatID":"FR71834470973","taxID":"83447097300043","numberOfEmployees":{"@type":"QuantitativeValue","minValue":"1","maxValue":"10"}},{"@type":"Person","@id":"https:\/\/dicodusport.fr\/blog\/#\/schema\/person\/55dcb50ad410894e431ed812bbb70191","name":"Nicolas Jacquemard","image":{"@type":"ImageObject","inLanguage":"fr-FR","@id":"https:\/\/dicodusport.fr\/blog\/#\/schema\/person\/image\/","url":"https:\/\/dicodusport.fr\/blog\/wp-content\/uploads\/2021\/05\/Nicolas-Jacquemard-150x150.jpeg","contentUrl":"https:\/\/dicodusport.fr\/blog\/wp-content\/uploads\/2021\/05\/Nicolas-Jacquemard-150x150.jpeg","caption":"Nicolas Jacquemard"},"description":"Passionn\u00e9 de sport et entrepreneur depuis mes 18 ans, la cr\u00e9ation de Dicodusport m'a sembl\u00e9 \u00e9vidente pour participer \u00e0 la m\u00e9diatisation d'un plus grand nombre de sports. Le chemin est long mais avec une \u00e9quipe des plus motiv\u00e9es et les Jeux Olympiques de Paris 2024 en point de mire, nous y arriverons ! Journaliste dans le monde du sport depuis plus de 5 ans, je traite aussi bien de football, de rugby, de biathlon que de cyclisme.","sameAs":["https:\/\/www.facebook.com\/dicodusport","https:\/\/x.com\/https:\/\/twitter.com\/Nico_Jacquemard"],"url":"https:\/\/dicodusport.fr\/blog\/author\/dicodusport\/"}]}},"_links":{"self":[{"href":"https:\/\/dicodusport.fr\/blog\/wp-json\/wp\/v2\/posts\/69713","targetHints":{"allow":["GET"]}}],"collection":[{"href":"https:\/\/dicodusport.fr\/blog\/wp-json\/wp\/v2\/posts"}],"about":[{"href":"https:\/\/dicodusport.fr\/blog\/wp-json\/wp\/v2\/types\/post"}],"author":[{"embeddable":true,"href":"https:\/\/dicodusport.fr\/blog\/wp-json\/wp\/v2\/users\/1"}],"replies":[{"embeddable":true,"href":"https:\/\/dicodusport.fr\/blog\/wp-json\/wp\/v2\/comments?post=69713"}],"version-history":[{"count":0,"href":"https:\/\/dicodusport.fr\/blog\/wp-json\/wp\/v2\/posts\/69713\/revisions"}],"wp:featuredmedia":[{"embeddable":true,"href":"https:\/\/dicodusport.fr\/blog\/wp-json\/wp\/v2\/media\/69718"}],"wp:attachment":[{"href":"https:\/\/dicodusport.fr\/blog\/wp-json\/wp\/v2\/media?parent=69713"}],"wp:term":[{"taxonomy":"category","embeddable":true,"href":"https:\/\/dicodusport.fr\/blog\/wp-json\/wp\/v2\/categories?post=69713"},{"taxonomy":"post_tag","embeddable":true,"href":"https:\/\/dicodusport.fr\/blog\/wp-json\/wp\/v2\/tags?post=69713"}],"curies":[{"name":"wp","href":"https:\/\/api.w.org\/{rel}","templated":true}]}}