{"id":69973,"date":"2020-06-28T15:25:43","date_gmt":"2020-06-28T13:25:43","guid":{"rendered":"http:\/\/dicodusport.fr\/blog\/?p=69973&#038;preview=true&#038;preview_id=69973"},"modified":"2020-06-28T15:47:37","modified_gmt":"2020-06-28T13:47:37","slug":"video-bijou-franck-ribery-face-a-la-lazio-rome","status":"publish","type":"post","link":"https:\/\/dicodusport.fr\/blog\/video-bijou-franck-ribery-face-a-la-lazio-rome\/","title":{"rendered":"[Vid\u00e9o] Le bijou de Franck Rib\u00e9ry face \u00e0 la Lazio Rome"},"content":{"rendered":"<p style=\"text-align: justify;\"><em><strong>\u00c0 37 ans, Franck Rib\u00e9ry est toujours tr\u00e8s en jambes. Il l&rsquo;a une nouvelle fois prouv\u00e9 face au deuxi\u00e8me de S\u00e9rie A, la Lazio Rome.<\/strong><\/em><\/p>\n<p style=\"text-align: justify;\">Somptueux. L&rsquo;ancien international fran\u00e7ais \u00e9limine trois joueurs avant de d\u00e9crocher une frappe limpide pour donner l&rsquo;avantage \u00e0 la Fiorentina face aux Romains. Son \u00e9quipe s&rsquo;inclinera finalement 2 buts \u00e0 1. Mais quelle sant\u00e9, ce <strong>Franck Rib\u00e9ry<\/strong> !<\/p>\n<blockquote class=\"twitter-tweet\">\n<p dir=\"ltr\" lang=\"fr\">Bonjour tout le monde !<\/p>\n<p>Franck Rib\u00e9ry, 37 ans. &#x2764;&#xfe0f;<a href=\"https:\/\/t.co\/WAGh7LnzoB\">pic.twitter.com\/WAGh7LnzoB<\/a><\/p>\n<p>\u2014 More Than Football (@MoreZanFootball) <a href=\"https:\/\/twitter.com\/MoreZanFootball\/status\/1277148682383773696?ref_src=twsrc%5Etfw\">June 28, 2020<\/a><\/p><\/blockquote>\n<p><script async src=\"https:\/\/platform.twitter.com\/widgets.js\" charset=\"utf-8\"><\/script><\/p>\n<p><strong><em>Dicodusport<br \/>\n<a href=\"https:\/\/www.facebook.com\/dicodusport\/\" target=\"_blank\" rel=\"noopener noreferrer\"><img loading=\"lazy\" decoding=\"async\" class=\"alignnone wp-image-2909\" src=\"http:\/\/dicodusport.fr\/blog\/wp-content\/uploads\/2017\/07\/logo-facebook-150x150.png\" alt=\"\" width=\"40\" height=\"40\" \/><\/a><a href=\"https:\/\/twitter.com\/dicodusport\" target=\"_blank\" rel=\"noopener noreferrer\"><img loading=\"lazy\" decoding=\"async\" class=\"alignnone wp-image-2908\" src=\"http:\/\/dicodusport.fr\/blog\/wp-content\/uploads\/2017\/07\/logo-twitter-150x150.png\" alt=\"\" width=\"39\" height=\"39\" \/><\/a><\/em><\/strong><\/p>\n","protected":false},"excerpt":{"rendered":"<p>\u00c0 37 ans, Franck Rib\u00e9ry est toujours tr\u00e8s en jambes. Il l&rsquo;a une nouvelle fois prouv\u00e9 face au deuxi\u00e8me de S\u00e9rie A, la Lazio Rome.<\/p>\n","protected":false},"author":1,"featured_media":69976,"comment_status":"open","ping_status":"closed","sticky":false,"template":"","format":"standard","meta":{"_acf_changed":false,"_daextam_enable_autolinks":"","footnotes":""},"categories":[2301],"tags":[10997,75,10335,8829],"class_list":["post-69973","post","type-post","status-publish","format-standard","has-post-thumbnail","hentry","category-football","tag-fiorentina","tag-football","tag-franck-ribery","tag-lazio-rome"],"acf":[],"yoast_head":"<!-- This site is optimized with the Yoast SEO Premium plugin v26.7 (Yoast SEO v26.7) - https:\/\/yoast.com\/wordpress\/plugins\/seo\/ -->\n<title>[Vid\u00e9o] Le bijou de Franck Rib\u00e9ry face \u00e0 la Lazio Rome<\/title>\n<meta name=\"description\" content=\"\u00c0 37 ans, Franck Rib\u00e9ry est toujours tr\u00e8s en jambes. Il l&#039;a une nouvelle fois prouv\u00e9 face au deuxi\u00e8me de S\u00e9rie A, la Lazio Rome.\" \/>\n<meta name=\"robots\" content=\"index, follow, max-snippet:-1, max-image-preview:large, max-video-preview:-1\" \/>\n<link rel=\"canonical\" href=\"https:\/\/dicodusport.fr\/blog\/video-bijou-franck-ribery-face-a-la-lazio-rome\/\" \/>\n<meta property=\"og:locale\" content=\"fr_FR\" \/>\n<meta property=\"og:type\" content=\"article\" \/>\n<meta property=\"og:title\" content=\"[Vid\u00e9o] Le bijou de Franck Rib\u00e9ry face \u00e0 la Lazio Rome\" \/>\n<meta property=\"og:description\" content=\"\u00c0 37 ans, Franck Rib\u00e9ry est toujours tr\u00e8s en jambes. Il l&#039;a une nouvelle fois prouv\u00e9 face au deuxi\u00e8me de S\u00e9rie A, la Lazio Rome.\" \/>\n<meta property=\"og:url\" content=\"https:\/\/dicodusport.fr\/blog\/video-bijou-franck-ribery-face-a-la-lazio-rome\/\" \/>\n<meta property=\"og:site_name\" content=\"Dicodusport\" \/>\n<meta property=\"article:publisher\" content=\"https:\/\/www.facebook.com\/dicodusport\" \/>\n<meta property=\"article:author\" content=\"https:\/\/www.facebook.com\/dicodusport\" \/>\n<meta property=\"article:published_time\" content=\"2020-06-28T13:25:43+00:00\" \/>\n<meta property=\"article:modified_time\" content=\"2020-06-28T13:47:37+00:00\" \/>\n<meta property=\"og:image\" content=\"https:\/\/dicodusport.fr\/blog\/wp-content\/uploads\/2020\/06\/Vid\u00e9o-Le-bijou-de-Franck-Rib\u00e9ry-face-\u00e0-la-Lazio-Rome.png\" \/>\n\t<meta property=\"og:image:width\" content=\"800\" \/>\n\t<meta property=\"og:image:height\" content=\"445\" \/>\n\t<meta property=\"og:image:type\" content=\"image\/png\" \/>\n<meta name=\"author\" content=\"Nicolas Jacquemard\" \/>\n<meta name=\"twitter:card\" content=\"summary_large_image\" \/>\n<meta name=\"twitter:title\" content=\"[Vid\u00e9o] Le bijou de Franck Rib\u00e9ry face \u00e0 la Lazio Rome\" \/>\n<meta name=\"twitter:creator\" content=\"@https:\/\/twitter.com\/Nico_Jacquemard\" \/>\n<meta name=\"twitter:site\" content=\"@dicodusport\" \/>\n<script type=\"application\/ld+json\" class=\"yoast-schema-graph\">{\"@context\":\"https:\/\/schema.org\",\"@graph\":[{\"@type\":\"NewsArticle\",\"@id\":\"https:\/\/dicodusport.fr\/blog\/video-bijou-franck-ribery-face-a-la-lazio-rome\/#article\",\"isPartOf\":{\"@id\":\"https:\/\/dicodusport.fr\/blog\/video-bijou-franck-ribery-face-a-la-lazio-rome\/\"},\"author\":{\"name\":\"Nicolas Jacquemard\",\"@id\":\"https:\/\/dicodusport.fr\/blog\/#\/schema\/person\/55dcb50ad410894e431ed812bbb70191\"},\"headline\":\"[Vid\u00e9o] Le bijou de Franck Rib\u00e9ry face \u00e0 la Lazio Rome\",\"datePublished\":\"2020-06-28T13:25:43+00:00\",\"dateModified\":\"2020-06-28T13:47:37+00:00\",\"mainEntityOfPage\":{\"@id\":\"https:\/\/dicodusport.fr\/blog\/video-bijou-franck-ribery-face-a-la-lazio-rome\/\"},\"wordCount\":100,\"commentCount\":0,\"publisher\":{\"@id\":\"https:\/\/dicodusport.fr\/blog\/#organization\"},\"image\":{\"@id\":\"https:\/\/dicodusport.fr\/blog\/video-bijou-franck-ribery-face-a-la-lazio-rome\/#primaryimage\"},\"thumbnailUrl\":\"https:\/\/dicodusport.fr\/blog\/wp-content\/uploads\/2020\/06\/Vid\u00e9o-Le-bijou-de-Franck-Rib\u00e9ry-face-\u00e0-la-Lazio-Rome.png\",\"keywords\":[\"Fiorentina\",\"Football\",\"Franck Rib\u00e9ry\",\"Lazio Rome\"],\"articleSection\":[\"Football\"],\"inLanguage\":\"fr-FR\",\"potentialAction\":[{\"@type\":\"CommentAction\",\"name\":\"Comment\",\"target\":[\"https:\/\/dicodusport.fr\/blog\/video-bijou-franck-ribery-face-a-la-lazio-rome\/#respond\"]}],\"copyrightYear\":\"2020\",\"copyrightHolder\":{\"@id\":\"https:\/\/dicodusport.fr\/blog\/#organization\"}},{\"@type\":\"WebPage\",\"@id\":\"https:\/\/dicodusport.fr\/blog\/video-bijou-franck-ribery-face-a-la-lazio-rome\/\",\"url\":\"https:\/\/dicodusport.fr\/blog\/video-bijou-franck-ribery-face-a-la-lazio-rome\/\",\"name\":\"[Vid\u00e9o] Le bijou de Franck Rib\u00e9ry face \u00e0 la Lazio Rome\",\"isPartOf\":{\"@id\":\"https:\/\/dicodusport.fr\/blog\/#website\"},\"primaryImageOfPage\":{\"@id\":\"https:\/\/dicodusport.fr\/blog\/video-bijou-franck-ribery-face-a-la-lazio-rome\/#primaryimage\"},\"image\":{\"@id\":\"https:\/\/dicodusport.fr\/blog\/video-bijou-franck-ribery-face-a-la-lazio-rome\/#primaryimage\"},\"thumbnailUrl\":\"https:\/\/dicodusport.fr\/blog\/wp-content\/uploads\/2020\/06\/Vid\u00e9o-Le-bijou-de-Franck-Rib\u00e9ry-face-\u00e0-la-Lazio-Rome.png\",\"datePublished\":\"2020-06-28T13:25:43+00:00\",\"dateModified\":\"2020-06-28T13:47:37+00:00\",\"description\":\"\u00c0 37 ans, Franck Rib\u00e9ry est toujours tr\u00e8s en jambes. Il l'a une nouvelle fois prouv\u00e9 face au deuxi\u00e8me de S\u00e9rie A, la Lazio Rome.\",\"breadcrumb\":{\"@id\":\"https:\/\/dicodusport.fr\/blog\/video-bijou-franck-ribery-face-a-la-lazio-rome\/#breadcrumb\"},\"inLanguage\":\"fr-FR\",\"potentialAction\":[{\"@type\":\"ReadAction\",\"target\":[\"https:\/\/dicodusport.fr\/blog\/video-bijou-franck-ribery-face-a-la-lazio-rome\/\"]}]},{\"@type\":\"ImageObject\",\"inLanguage\":\"fr-FR\",\"@id\":\"https:\/\/dicodusport.fr\/blog\/video-bijou-franck-ribery-face-a-la-lazio-rome\/#primaryimage\",\"url\":\"https:\/\/dicodusport.fr\/blog\/wp-content\/uploads\/2020\/06\/Vid\u00e9o-Le-bijou-de-Franck-Rib\u00e9ry-face-\u00e0-la-Lazio-Rome.png\",\"contentUrl\":\"https:\/\/dicodusport.fr\/blog\/wp-content\/uploads\/2020\/06\/Vid\u00e9o-Le-bijou-de-Franck-Rib\u00e9ry-face-\u00e0-la-Lazio-Rome.png\",\"width\":800,\"height\":445,\"caption\":\"[Vid\u00e9o] Le bijou de Franck Rib\u00e9ry face \u00e0 la Lazio Rome\"},{\"@type\":\"BreadcrumbList\",\"@id\":\"https:\/\/dicodusport.fr\/blog\/video-bijou-franck-ribery-face-a-la-lazio-rome\/#breadcrumb\",\"itemListElement\":[{\"@type\":\"ListItem\",\"position\":1,\"name\":\"Accueil\",\"item\":\"https:\/\/dicodusport.fr\/blog\/\"},{\"@type\":\"ListItem\",\"position\":2,\"name\":\"[Vid\u00e9o] Le bijou de Franck Rib\u00e9ry face \u00e0 la Lazio Rome\"}]},{\"@type\":\"WebSite\",\"@id\":\"https:\/\/dicodusport.fr\/blog\/#website\",\"url\":\"https:\/\/dicodusport.fr\/blog\/\",\"name\":\"Dicodusport\",\"description\":\"L&#039;encyclop\u00e9die de l&#039;actualit\u00e9 sportive\",\"publisher\":{\"@id\":\"https:\/\/dicodusport.fr\/blog\/#organization\"},\"potentialAction\":[{\"@type\":\"SearchAction\",\"target\":{\"@type\":\"EntryPoint\",\"urlTemplate\":\"https:\/\/dicodusport.fr\/blog\/?s={search_term_string}\"},\"query-input\":{\"@type\":\"PropertyValueSpecification\",\"valueRequired\":true,\"valueName\":\"search_term_string\"}}],\"inLanguage\":\"fr-FR\"},{\"@type\":\"NewsMediaOrganization\",\"@id\":\"https:\/\/dicodusport.fr\/blog\/#organization\",\"name\":\"Dicodusport\",\"url\":\"https:\/\/dicodusport.fr\/blog\/\",\"logo\":{\"@type\":\"ImageObject\",\"inLanguage\":\"fr-FR\",\"@id\":\"https:\/\/dicodusport.fr\/blog\/#\/schema\/logo\/image\/\",\"url\":\"https:\/\/dicodusport.fr\/blog\/wp-content\/uploads\/2020\/06\/cropped-LOGO-DICODUSPORT-2020-SANS-FOND-SANS-TEXTE.png\",\"contentUrl\":\"https:\/\/dicodusport.fr\/blog\/wp-content\/uploads\/2020\/06\/cropped-LOGO-DICODUSPORT-2020-SANS-FOND-SANS-TEXTE.png\",\"width\":512,\"height\":512,\"caption\":\"Dicodusport\"},\"image\":{\"@id\":\"https:\/\/dicodusport.fr\/blog\/#\/schema\/logo\/image\/\"},\"sameAs\":[\"https:\/\/www.facebook.com\/dicodusport\",\"https:\/\/x.com\/dicodusport\",\"https:\/\/www.instagram.com\/dicodusport\/\",\"https:\/\/www.youtube.com\/channel\/UC7V2KZ5sd3htJivAbA4ZG3w\"],\"description\":\"Dicodusport est l'encyclop\u00e9die de l'actualit\u00e9 sportive.\",\"email\":\"bonjour@dicodusport.fr\",\"legalName\":\"DICODUSPORT\",\"foundingDate\":\"2018-01-14\",\"vatID\":\"FR71834470973\",\"taxID\":\"83447097300043\",\"numberOfEmployees\":{\"@type\":\"QuantitativeValue\",\"minValue\":\"1\",\"maxValue\":\"10\"}},{\"@type\":\"Person\",\"@id\":\"https:\/\/dicodusport.fr\/blog\/#\/schema\/person\/55dcb50ad410894e431ed812bbb70191\",\"name\":\"Nicolas Jacquemard\",\"image\":{\"@type\":\"ImageObject\",\"inLanguage\":\"fr-FR\",\"@id\":\"https:\/\/dicodusport.fr\/blog\/#\/schema\/person\/image\/\",\"url\":\"https:\/\/dicodusport.fr\/blog\/wp-content\/uploads\/2021\/05\/Nicolas-Jacquemard-150x150.jpeg\",\"contentUrl\":\"https:\/\/dicodusport.fr\/blog\/wp-content\/uploads\/2021\/05\/Nicolas-Jacquemard-150x150.jpeg\",\"caption\":\"Nicolas Jacquemard\"},\"description\":\"Passionn\u00e9 de sport et entrepreneur depuis mes 18 ans, la cr\u00e9ation de Dicodusport m'a sembl\u00e9 \u00e9vidente pour participer \u00e0 la m\u00e9diatisation d'un plus grand nombre de sports. Le chemin est long mais avec une \u00e9quipe des plus motiv\u00e9es et les Jeux Olympiques de Paris 2024 en point de mire, nous y arriverons ! Journaliste dans le monde du sport depuis plus de 5 ans, je traite aussi bien de football, de rugby, de biathlon que de cyclisme.\",\"sameAs\":[\"https:\/\/www.facebook.com\/dicodusport\",\"https:\/\/x.com\/https:\/\/twitter.com\/Nico_Jacquemard\"],\"url\":\"https:\/\/dicodusport.fr\/blog\/author\/dicodusport\/\"}]}<\/script>\n<!-- \/ Yoast SEO Premium plugin. -->","yoast_head_json":{"title":"[Vid\u00e9o] Le bijou de Franck Rib\u00e9ry face \u00e0 la Lazio Rome","description":"\u00c0 37 ans, Franck Rib\u00e9ry est toujours tr\u00e8s en jambes. Il l'a une nouvelle fois prouv\u00e9 face au deuxi\u00e8me de S\u00e9rie A, la Lazio Rome.","robots":{"index":"index","follow":"follow","max-snippet":"max-snippet:-1","max-image-preview":"max-image-preview:large","max-video-preview":"max-video-preview:-1"},"canonical":"https:\/\/dicodusport.fr\/blog\/video-bijou-franck-ribery-face-a-la-lazio-rome\/","og_locale":"fr_FR","og_type":"article","og_title":"[Vid\u00e9o] Le bijou de Franck Rib\u00e9ry face \u00e0 la Lazio Rome","og_description":"\u00c0 37 ans, Franck Rib\u00e9ry est toujours tr\u00e8s en jambes. Il l'a une nouvelle fois prouv\u00e9 face au deuxi\u00e8me de S\u00e9rie A, la Lazio Rome.","og_url":"https:\/\/dicodusport.fr\/blog\/video-bijou-franck-ribery-face-a-la-lazio-rome\/","og_site_name":"Dicodusport","article_publisher":"https:\/\/www.facebook.com\/dicodusport","article_author":"https:\/\/www.facebook.com\/dicodusport","article_published_time":"2020-06-28T13:25:43+00:00","article_modified_time":"2020-06-28T13:47:37+00:00","og_image":[{"width":800,"height":445,"url":"https:\/\/dicodusport.fr\/blog\/wp-content\/uploads\/2020\/06\/Vid\u00e9o-Le-bijou-de-Franck-Rib\u00e9ry-face-\u00e0-la-Lazio-Rome.png","type":"image\/png"}],"author":"Nicolas Jacquemard","twitter_card":"summary_large_image","twitter_title":"[Vid\u00e9o] Le bijou de Franck Rib\u00e9ry face \u00e0 la Lazio Rome","twitter_creator":"@https:\/\/twitter.com\/Nico_Jacquemard","twitter_site":"@dicodusport","schema":{"@context":"https:\/\/schema.org","@graph":[{"@type":"NewsArticle","@id":"https:\/\/dicodusport.fr\/blog\/video-bijou-franck-ribery-face-a-la-lazio-rome\/#article","isPartOf":{"@id":"https:\/\/dicodusport.fr\/blog\/video-bijou-franck-ribery-face-a-la-lazio-rome\/"},"author":{"name":"Nicolas Jacquemard","@id":"https:\/\/dicodusport.fr\/blog\/#\/schema\/person\/55dcb50ad410894e431ed812bbb70191"},"headline":"[Vid\u00e9o] Le bijou de Franck Rib\u00e9ry face \u00e0 la Lazio Rome","datePublished":"2020-06-28T13:25:43+00:00","dateModified":"2020-06-28T13:47:37+00:00","mainEntityOfPage":{"@id":"https:\/\/dicodusport.fr\/blog\/video-bijou-franck-ribery-face-a-la-lazio-rome\/"},"wordCount":100,"commentCount":0,"publisher":{"@id":"https:\/\/dicodusport.fr\/blog\/#organization"},"image":{"@id":"https:\/\/dicodusport.fr\/blog\/video-bijou-franck-ribery-face-a-la-lazio-rome\/#primaryimage"},"thumbnailUrl":"https:\/\/dicodusport.fr\/blog\/wp-content\/uploads\/2020\/06\/Vid\u00e9o-Le-bijou-de-Franck-Rib\u00e9ry-face-\u00e0-la-Lazio-Rome.png","keywords":["Fiorentina","Football","Franck Rib\u00e9ry","Lazio Rome"],"articleSection":["Football"],"inLanguage":"fr-FR","potentialAction":[{"@type":"CommentAction","name":"Comment","target":["https:\/\/dicodusport.fr\/blog\/video-bijou-franck-ribery-face-a-la-lazio-rome\/#respond"]}],"copyrightYear":"2020","copyrightHolder":{"@id":"https:\/\/dicodusport.fr\/blog\/#organization"}},{"@type":"WebPage","@id":"https:\/\/dicodusport.fr\/blog\/video-bijou-franck-ribery-face-a-la-lazio-rome\/","url":"https:\/\/dicodusport.fr\/blog\/video-bijou-franck-ribery-face-a-la-lazio-rome\/","name":"[Vid\u00e9o] Le bijou de Franck Rib\u00e9ry face \u00e0 la Lazio Rome","isPartOf":{"@id":"https:\/\/dicodusport.fr\/blog\/#website"},"primaryImageOfPage":{"@id":"https:\/\/dicodusport.fr\/blog\/video-bijou-franck-ribery-face-a-la-lazio-rome\/#primaryimage"},"image":{"@id":"https:\/\/dicodusport.fr\/blog\/video-bijou-franck-ribery-face-a-la-lazio-rome\/#primaryimage"},"thumbnailUrl":"https:\/\/dicodusport.fr\/blog\/wp-content\/uploads\/2020\/06\/Vid\u00e9o-Le-bijou-de-Franck-Rib\u00e9ry-face-\u00e0-la-Lazio-Rome.png","datePublished":"2020-06-28T13:25:43+00:00","dateModified":"2020-06-28T13:47:37+00:00","description":"\u00c0 37 ans, Franck Rib\u00e9ry est toujours tr\u00e8s en jambes. Il l'a une nouvelle fois prouv\u00e9 face au deuxi\u00e8me de S\u00e9rie A, la Lazio Rome.","breadcrumb":{"@id":"https:\/\/dicodusport.fr\/blog\/video-bijou-franck-ribery-face-a-la-lazio-rome\/#breadcrumb"},"inLanguage":"fr-FR","potentialAction":[{"@type":"ReadAction","target":["https:\/\/dicodusport.fr\/blog\/video-bijou-franck-ribery-face-a-la-lazio-rome\/"]}]},{"@type":"ImageObject","inLanguage":"fr-FR","@id":"https:\/\/dicodusport.fr\/blog\/video-bijou-franck-ribery-face-a-la-lazio-rome\/#primaryimage","url":"https:\/\/dicodusport.fr\/blog\/wp-content\/uploads\/2020\/06\/Vid\u00e9o-Le-bijou-de-Franck-Rib\u00e9ry-face-\u00e0-la-Lazio-Rome.png","contentUrl":"https:\/\/dicodusport.fr\/blog\/wp-content\/uploads\/2020\/06\/Vid\u00e9o-Le-bijou-de-Franck-Rib\u00e9ry-face-\u00e0-la-Lazio-Rome.png","width":800,"height":445,"caption":"[Vid\u00e9o] Le bijou de Franck Rib\u00e9ry face \u00e0 la Lazio Rome"},{"@type":"BreadcrumbList","@id":"https:\/\/dicodusport.fr\/blog\/video-bijou-franck-ribery-face-a-la-lazio-rome\/#breadcrumb","itemListElement":[{"@type":"ListItem","position":1,"name":"Accueil","item":"https:\/\/dicodusport.fr\/blog\/"},{"@type":"ListItem","position":2,"name":"[Vid\u00e9o] Le bijou de Franck Rib\u00e9ry face \u00e0 la Lazio Rome"}]},{"@type":"WebSite","@id":"https:\/\/dicodusport.fr\/blog\/#website","url":"https:\/\/dicodusport.fr\/blog\/","name":"Dicodusport","description":"L&#039;encyclop\u00e9die de l&#039;actualit\u00e9 sportive","publisher":{"@id":"https:\/\/dicodusport.fr\/blog\/#organization"},"potentialAction":[{"@type":"SearchAction","target":{"@type":"EntryPoint","urlTemplate":"https:\/\/dicodusport.fr\/blog\/?s={search_term_string}"},"query-input":{"@type":"PropertyValueSpecification","valueRequired":true,"valueName":"search_term_string"}}],"inLanguage":"fr-FR"},{"@type":"NewsMediaOrganization","@id":"https:\/\/dicodusport.fr\/blog\/#organization","name":"Dicodusport","url":"https:\/\/dicodusport.fr\/blog\/","logo":{"@type":"ImageObject","inLanguage":"fr-FR","@id":"https:\/\/dicodusport.fr\/blog\/#\/schema\/logo\/image\/","url":"https:\/\/dicodusport.fr\/blog\/wp-content\/uploads\/2020\/06\/cropped-LOGO-DICODUSPORT-2020-SANS-FOND-SANS-TEXTE.png","contentUrl":"https:\/\/dicodusport.fr\/blog\/wp-content\/uploads\/2020\/06\/cropped-LOGO-DICODUSPORT-2020-SANS-FOND-SANS-TEXTE.png","width":512,"height":512,"caption":"Dicodusport"},"image":{"@id":"https:\/\/dicodusport.fr\/blog\/#\/schema\/logo\/image\/"},"sameAs":["https:\/\/www.facebook.com\/dicodusport","https:\/\/x.com\/dicodusport","https:\/\/www.instagram.com\/dicodusport\/","https:\/\/www.youtube.com\/channel\/UC7V2KZ5sd3htJivAbA4ZG3w"],"description":"Dicodusport est l'encyclop\u00e9die de l'actualit\u00e9 sportive.","email":"bonjour@dicodusport.fr","legalName":"DICODUSPORT","foundingDate":"2018-01-14","vatID":"FR71834470973","taxID":"83447097300043","numberOfEmployees":{"@type":"QuantitativeValue","minValue":"1","maxValue":"10"}},{"@type":"Person","@id":"https:\/\/dicodusport.fr\/blog\/#\/schema\/person\/55dcb50ad410894e431ed812bbb70191","name":"Nicolas Jacquemard","image":{"@type":"ImageObject","inLanguage":"fr-FR","@id":"https:\/\/dicodusport.fr\/blog\/#\/schema\/person\/image\/","url":"https:\/\/dicodusport.fr\/blog\/wp-content\/uploads\/2021\/05\/Nicolas-Jacquemard-150x150.jpeg","contentUrl":"https:\/\/dicodusport.fr\/blog\/wp-content\/uploads\/2021\/05\/Nicolas-Jacquemard-150x150.jpeg","caption":"Nicolas Jacquemard"},"description":"Passionn\u00e9 de sport et entrepreneur depuis mes 18 ans, la cr\u00e9ation de Dicodusport m'a sembl\u00e9 \u00e9vidente pour participer \u00e0 la m\u00e9diatisation d'un plus grand nombre de sports. Le chemin est long mais avec une \u00e9quipe des plus motiv\u00e9es et les Jeux Olympiques de Paris 2024 en point de mire, nous y arriverons ! Journaliste dans le monde du sport depuis plus de 5 ans, je traite aussi bien de football, de rugby, de biathlon que de cyclisme.","sameAs":["https:\/\/www.facebook.com\/dicodusport","https:\/\/x.com\/https:\/\/twitter.com\/Nico_Jacquemard"],"url":"https:\/\/dicodusport.fr\/blog\/author\/dicodusport\/"}]}},"_links":{"self":[{"href":"https:\/\/dicodusport.fr\/blog\/wp-json\/wp\/v2\/posts\/69973","targetHints":{"allow":["GET"]}}],"collection":[{"href":"https:\/\/dicodusport.fr\/blog\/wp-json\/wp\/v2\/posts"}],"about":[{"href":"https:\/\/dicodusport.fr\/blog\/wp-json\/wp\/v2\/types\/post"}],"author":[{"embeddable":true,"href":"https:\/\/dicodusport.fr\/blog\/wp-json\/wp\/v2\/users\/1"}],"replies":[{"embeddable":true,"href":"https:\/\/dicodusport.fr\/blog\/wp-json\/wp\/v2\/comments?post=69973"}],"version-history":[{"count":0,"href":"https:\/\/dicodusport.fr\/blog\/wp-json\/wp\/v2\/posts\/69973\/revisions"}],"wp:featuredmedia":[{"embeddable":true,"href":"https:\/\/dicodusport.fr\/blog\/wp-json\/wp\/v2\/media\/69976"}],"wp:attachment":[{"href":"https:\/\/dicodusport.fr\/blog\/wp-json\/wp\/v2\/media?parent=69973"}],"wp:term":[{"taxonomy":"category","embeddable":true,"href":"https:\/\/dicodusport.fr\/blog\/wp-json\/wp\/v2\/categories?post=69973"},{"taxonomy":"post_tag","embeddable":true,"href":"https:\/\/dicodusport.fr\/blog\/wp-json\/wp\/v2\/tags?post=69973"}],"curies":[{"name":"wp","href":"https:\/\/api.w.org\/{rel}","templated":true}]}}