{"id":69992,"date":"2020-06-28T18:49:40","date_gmt":"2020-06-28T16:49:40","guid":{"rendered":"http:\/\/dicodusport.fr\/blog\/?p=69992&#038;preview=true&#038;preview_id=69992"},"modified":"2021-07-27T08:43:57","modified_gmt":"2021-07-27T06:43:57","slug":"aviron-qualification-olympique-se-jouera-lucerne","status":"publish","type":"post","link":"https:\/\/dicodusport.fr\/blog\/aviron-qualification-olympique-se-jouera-lucerne\/","title":{"rendered":"Aviron : la qualification olympique se jouera \u00e0 Lucerne"},"content":{"rendered":"<p style=\"text-align: justify;\"><strong><em>AVIRON &#8211; La F\u00e9d\u00e9ration Internationale des Soci\u00e9t\u00e9s d&rsquo;Aviron (FISA) a d\u00e9cid\u00e9 que la qualification pour les JO de Tokyo se jouerait \u00e0 Lucerne (Suisse), des 16 au 18 mai 2021.<\/em><\/strong><\/p>\n<p style=\"text-align: justify;\">C&rsquo;\u00e9tait pr\u00e9vu de la m\u00eame fa\u00e7on en cas de JO en 2020. Mais la <strong>Covid-19<\/strong> est pass\u00e9e par l\u00e0, et la FISA a annonc\u00e9 le week-end lors duquel la qualification pour <strong>Tokyo 2021<\/strong> allait se jouer, \u00e0 savoir 16 au 18 mai, \u00e0 Lucerne (Suisse). Titr\u00e9 \u00e0 Rio en 2016, <a href=\"https:\/\/dicodusport.fr\/blog\/tag\/pierre-houin\/\" target=\"_blank\" rel=\"noopener noreferrer\"><strong>Pierre Houin<\/strong><\/a> tentera donc d&rsquo;aller d\u00e9crocher le pr\u00e9cieux s\u00e9same en deux de couple poids l\u00e9gers.<\/p>\n<p style=\"text-align: justify;\">Pour le moment, quatre bateaux tricolores sont qualifi\u00e9s : le deux sans barreur et le deux de couple masculins, le deux de couple toutes cat\u00e9gories et le deux de couple poids l\u00e9gers f\u00e9minin.<\/p>\n<p><strong><em>Dicodusport<br \/>\n<a href=\"https:\/\/www.facebook.com\/dicodusport\/\" target=\"_blank\" rel=\"noopener noreferrer\"><img loading=\"lazy\" decoding=\"async\" class=\"alignnone wp-image-2909\" src=\"http:\/\/dicodusport.fr\/blog\/wp-content\/uploads\/2017\/07\/logo-facebook-150x150.png\" alt=\"\" width=\"40\" height=\"40\" \/><\/a><a href=\"https:\/\/twitter.com\/dicodusport\" target=\"_blank\" rel=\"noopener noreferrer\"><img loading=\"lazy\" decoding=\"async\" class=\"alignnone wp-image-2908\" src=\"http:\/\/dicodusport.fr\/blog\/wp-content\/uploads\/2017\/07\/logo-twitter-150x150.png\" alt=\"\" width=\"39\" height=\"39\" \/><\/a><\/em><\/strong><\/p>\n","protected":false},"excerpt":{"rendered":"<p>AVIRON &#8211; La F\u00e9d\u00e9ration Internationale des Soci\u00e9t\u00e9s d&rsquo;Aviron (FISA) a d\u00e9cid\u00e9 que la qualification pour les JO de Tokyo se jouerait \u00e0 Lucerne (Suisse), des 16 au 18 mai 2021. C&rsquo;\u00e9tait pr\u00e9vu de la m\u00eame fa\u00e7on en cas de JO en 2020. Mais la Covid-19 est pass\u00e9e par l\u00e0, et la FISA a annonc\u00e9 le [&hellip;]<\/p>\n","protected":false},"author":4,"featured_media":150873,"comment_status":"open","ping_status":"closed","sticky":false,"template":"","format":"standard","meta":{"_acf_changed":false,"_daextam_enable_autolinks":"","footnotes":""},"categories":[2309],"tags":[739],"class_list":["post-69992","post","type-post","status-publish","format-standard","has-post-thumbnail","hentry","category-aviron","tag-aviron"],"acf":[],"yoast_head":"<!-- This site is optimized with the Yoast SEO Premium plugin v26.7 (Yoast SEO v26.7) - https:\/\/yoast.com\/wordpress\/plugins\/seo\/ -->\n<title>Aviron : la qualification olympique se jouera \u00e0 Lucerne<\/title>\n<meta name=\"description\" content=\"AVIRON - La F\u00e9d\u00e9ration Internationale des Soci\u00e9t\u00e9s d&#039;Aviron (FISA) a d\u00e9cid\u00e9 que la qualification pour les JO de Tokyo se jouerait \u00e0 Lucerne (Suisse), des 16 au 18 mai 2021.\" \/>\n<meta name=\"robots\" content=\"index, follow, max-snippet:-1, max-image-preview:large, max-video-preview:-1\" \/>\n<link rel=\"canonical\" href=\"https:\/\/dicodusport.fr\/blog\/aviron-qualification-olympique-se-jouera-lucerne\/\" \/>\n<meta property=\"og:locale\" content=\"fr_FR\" \/>\n<meta property=\"og:type\" content=\"article\" \/>\n<meta property=\"og:title\" content=\"Aviron : la qualification olympique se jouera \u00e0 Lucerne\" \/>\n<meta property=\"og:description\" content=\"AVIRON - La F\u00e9d\u00e9ration Internationale des Soci\u00e9t\u00e9s d&#039;Aviron (FISA) a d\u00e9cid\u00e9 que la qualification pour les JO de Tokyo se jouerait \u00e0 Lucerne (Suisse), des 16 au 18 mai 2021.\" \/>\n<meta property=\"og:url\" content=\"https:\/\/dicodusport.fr\/blog\/aviron-qualification-olympique-se-jouera-lucerne\/\" \/>\n<meta property=\"og:site_name\" content=\"Dicodusport\" \/>\n<meta property=\"article:publisher\" content=\"https:\/\/www.facebook.com\/dicodusport\" \/>\n<meta property=\"article:author\" content=\"https:\/\/www.facebook.com\/florent.ostermann\" \/>\n<meta property=\"article:published_time\" content=\"2020-06-28T16:49:40+00:00\" \/>\n<meta property=\"article:modified_time\" content=\"2021-07-27T06:43:57+00:00\" \/>\n<meta property=\"og:image\" content=\"https:\/\/dicodusport.fr\/blog\/wp-content\/uploads\/2020\/06\/La-qualification-olympique-se-jouera-a\u0300-Lucerne.png\" \/>\n\t<meta property=\"og:image:width\" content=\"800\" \/>\n\t<meta property=\"og:image:height\" content=\"445\" \/>\n\t<meta property=\"og:image:type\" content=\"image\/png\" \/>\n<meta name=\"author\" content=\"Flo Ostermann\" \/>\n<meta name=\"twitter:card\" content=\"summary_large_image\" \/>\n<meta name=\"twitter:title\" content=\"Aviron : la qualification olympique se jouera \u00e0 Lucerne\" \/>\n<meta name=\"twitter:creator\" content=\"@https:\/\/twitter.com\/FlOstermann\" \/>\n<meta name=\"twitter:site\" content=\"@dicodusport\" \/>\n<script type=\"application\/ld+json\" class=\"yoast-schema-graph\">{\"@context\":\"https:\/\/schema.org\",\"@graph\":[{\"@type\":\"NewsArticle\",\"@id\":\"https:\/\/dicodusport.fr\/blog\/aviron-qualification-olympique-se-jouera-lucerne\/#article\",\"isPartOf\":{\"@id\":\"https:\/\/dicodusport.fr\/blog\/aviron-qualification-olympique-se-jouera-lucerne\/\"},\"author\":{\"name\":\"Flo Ostermann\",\"@id\":\"https:\/\/dicodusport.fr\/blog\/#\/schema\/person\/cb02af4c173ce4a653b55e9baf388d4a\"},\"headline\":\"Aviron : la qualification olympique se jouera \u00e0 Lucerne\",\"datePublished\":\"2020-06-28T16:49:40+00:00\",\"dateModified\":\"2021-07-27T06:43:57+00:00\",\"mainEntityOfPage\":{\"@id\":\"https:\/\/dicodusport.fr\/blog\/aviron-qualification-olympique-se-jouera-lucerne\/\"},\"wordCount\":143,\"commentCount\":0,\"publisher\":{\"@id\":\"https:\/\/dicodusport.fr\/blog\/#organization\"},\"image\":{\"@id\":\"https:\/\/dicodusport.fr\/blog\/aviron-qualification-olympique-se-jouera-lucerne\/#primaryimage\"},\"thumbnailUrl\":\"https:\/\/dicodusport.fr\/blog\/wp-content\/uploads\/2020\/06\/La-qualification-olympique-se-jouera-a\u0300-Lucerne.png\",\"keywords\":[\"aviron\"],\"articleSection\":[\"Aviron\"],\"inLanguage\":\"fr-FR\",\"potentialAction\":[{\"@type\":\"CommentAction\",\"name\":\"Comment\",\"target\":[\"https:\/\/dicodusport.fr\/blog\/aviron-qualification-olympique-se-jouera-lucerne\/#respond\"]}],\"copyrightYear\":\"2020\",\"copyrightHolder\":{\"@id\":\"https:\/\/dicodusport.fr\/blog\/#organization\"}},{\"@type\":\"WebPage\",\"@id\":\"https:\/\/dicodusport.fr\/blog\/aviron-qualification-olympique-se-jouera-lucerne\/\",\"url\":\"https:\/\/dicodusport.fr\/blog\/aviron-qualification-olympique-se-jouera-lucerne\/\",\"name\":\"Aviron : la qualification olympique se jouera \u00e0 Lucerne\",\"isPartOf\":{\"@id\":\"https:\/\/dicodusport.fr\/blog\/#website\"},\"primaryImageOfPage\":{\"@id\":\"https:\/\/dicodusport.fr\/blog\/aviron-qualification-olympique-se-jouera-lucerne\/#primaryimage\"},\"image\":{\"@id\":\"https:\/\/dicodusport.fr\/blog\/aviron-qualification-olympique-se-jouera-lucerne\/#primaryimage\"},\"thumbnailUrl\":\"https:\/\/dicodusport.fr\/blog\/wp-content\/uploads\/2020\/06\/La-qualification-olympique-se-jouera-a\u0300-Lucerne.png\",\"datePublished\":\"2020-06-28T16:49:40+00:00\",\"dateModified\":\"2021-07-27T06:43:57+00:00\",\"description\":\"AVIRON - La F\u00e9d\u00e9ration Internationale des Soci\u00e9t\u00e9s d'Aviron (FISA) a d\u00e9cid\u00e9 que la qualification pour les JO de Tokyo se jouerait \u00e0 Lucerne (Suisse), des 16 au 18 mai 2021.\",\"breadcrumb\":{\"@id\":\"https:\/\/dicodusport.fr\/blog\/aviron-qualification-olympique-se-jouera-lucerne\/#breadcrumb\"},\"inLanguage\":\"fr-FR\",\"potentialAction\":[{\"@type\":\"ReadAction\",\"target\":[\"https:\/\/dicodusport.fr\/blog\/aviron-qualification-olympique-se-jouera-lucerne\/\"]}]},{\"@type\":\"ImageObject\",\"inLanguage\":\"fr-FR\",\"@id\":\"https:\/\/dicodusport.fr\/blog\/aviron-qualification-olympique-se-jouera-lucerne\/#primaryimage\",\"url\":\"https:\/\/dicodusport.fr\/blog\/wp-content\/uploads\/2020\/06\/La-qualification-olympique-se-jouera-a\u0300-Lucerne.png\",\"contentUrl\":\"https:\/\/dicodusport.fr\/blog\/wp-content\/uploads\/2020\/06\/La-qualification-olympique-se-jouera-a\u0300-Lucerne.png\",\"width\":800,\"height\":445},{\"@type\":\"BreadcrumbList\",\"@id\":\"https:\/\/dicodusport.fr\/blog\/aviron-qualification-olympique-se-jouera-lucerne\/#breadcrumb\",\"itemListElement\":[{\"@type\":\"ListItem\",\"position\":1,\"name\":\"Accueil\",\"item\":\"https:\/\/dicodusport.fr\/blog\/\"},{\"@type\":\"ListItem\",\"position\":2,\"name\":\"Aviron : la qualification olympique se jouera \u00e0 Lucerne\"}]},{\"@type\":\"WebSite\",\"@id\":\"https:\/\/dicodusport.fr\/blog\/#website\",\"url\":\"https:\/\/dicodusport.fr\/blog\/\",\"name\":\"Dicodusport\",\"description\":\"L&#039;encyclop\u00e9die de l&#039;actualit\u00e9 sportive\",\"publisher\":{\"@id\":\"https:\/\/dicodusport.fr\/blog\/#organization\"},\"potentialAction\":[{\"@type\":\"SearchAction\",\"target\":{\"@type\":\"EntryPoint\",\"urlTemplate\":\"https:\/\/dicodusport.fr\/blog\/?s={search_term_string}\"},\"query-input\":{\"@type\":\"PropertyValueSpecification\",\"valueRequired\":true,\"valueName\":\"search_term_string\"}}],\"inLanguage\":\"fr-FR\"},{\"@type\":\"NewsMediaOrganization\",\"@id\":\"https:\/\/dicodusport.fr\/blog\/#organization\",\"name\":\"Dicodusport\",\"url\":\"https:\/\/dicodusport.fr\/blog\/\",\"logo\":{\"@type\":\"ImageObject\",\"inLanguage\":\"fr-FR\",\"@id\":\"https:\/\/dicodusport.fr\/blog\/#\/schema\/logo\/image\/\",\"url\":\"https:\/\/dicodusport.fr\/blog\/wp-content\/uploads\/2020\/06\/cropped-LOGO-DICODUSPORT-2020-SANS-FOND-SANS-TEXTE.png\",\"contentUrl\":\"https:\/\/dicodusport.fr\/blog\/wp-content\/uploads\/2020\/06\/cropped-LOGO-DICODUSPORT-2020-SANS-FOND-SANS-TEXTE.png\",\"width\":512,\"height\":512,\"caption\":\"Dicodusport\"},\"image\":{\"@id\":\"https:\/\/dicodusport.fr\/blog\/#\/schema\/logo\/image\/\"},\"sameAs\":[\"https:\/\/www.facebook.com\/dicodusport\",\"https:\/\/x.com\/dicodusport\",\"https:\/\/www.instagram.com\/dicodusport\/\",\"https:\/\/www.youtube.com\/channel\/UC7V2KZ5sd3htJivAbA4ZG3w\"],\"description\":\"Dicodusport est l'encyclop\u00e9die de l'actualit\u00e9 sportive.\",\"email\":\"bonjour@dicodusport.fr\",\"legalName\":\"DICODUSPORT\",\"foundingDate\":\"2018-01-14\",\"vatID\":\"FR71834470973\",\"taxID\":\"83447097300043\",\"numberOfEmployees\":{\"@type\":\"QuantitativeValue\",\"minValue\":\"1\",\"maxValue\":\"10\"}},{\"@type\":\"Person\",\"@id\":\"https:\/\/dicodusport.fr\/blog\/#\/schema\/person\/cb02af4c173ce4a653b55e9baf388d4a\",\"name\":\"Flo Ostermann\",\"image\":{\"@type\":\"ImageObject\",\"inLanguage\":\"fr-FR\",\"@id\":\"https:\/\/dicodusport.fr\/blog\/#\/schema\/person\/image\/\",\"url\":\"https:\/\/dicodusport.fr\/blog\/wp-content\/uploads\/2021\/05\/Flo-Ostermann-150x150.jpg\",\"contentUrl\":\"https:\/\/dicodusport.fr\/blog\/wp-content\/uploads\/2021\/05\/Flo-Ostermann-150x150.jpg\",\"caption\":\"Flo Ostermann\"},\"description\":\"Journaliste\/R\u00e9dacteur depuis septembre 2015 - Mes premiers souvenirs dans le sport ? Les envol\u00e9es du Stade Toulousain et les duels Villeneuve-Schumacher et H\u00e4kkinen-Schumacher \u00e0 la fin des ann\u00e9es 90, la Coupe du monde de football en 1998, l\u2019exploit du XV de France face aux All Blacks en 1999, mais aussi Richard C\u0153ur de Lion qui vole sur les montagnes du Tour de France. Bien parti pour devenir professeur d\u2019EPS, les \u00e9v\u00e9nements de la vie (et la flemme d\u2019animer des s\u00e9ances de 3x500 m\u00e8tres toute ma vie) m\u2019ont conduit \u00e0 revoir mes plans. Me voil\u00e0 depuis fin 2017 sur Dicodusport, m\u00e9dia gr\u00e2ce (et pour) lequel je partage ma passion : le sport dans tous ses \u00e9tats. Le tout accompagn\u00e9 par les fous furieux et folles furieuses cit\u00e9s sur cette page !\",\"sameAs\":[\"https:\/\/www.facebook.com\/florent.ostermann\",\"https:\/\/x.com\/https:\/\/twitter.com\/FlOstermann\",\"admin\"],\"url\":\"https:\/\/dicodusport.fr\/blog\/author\/flo\/\"}]}<\/script>\n<!-- \/ Yoast SEO Premium plugin. -->","yoast_head_json":{"title":"Aviron : la qualification olympique se jouera \u00e0 Lucerne","description":"AVIRON - La F\u00e9d\u00e9ration Internationale des Soci\u00e9t\u00e9s d'Aviron (FISA) a d\u00e9cid\u00e9 que la qualification pour les JO de Tokyo se jouerait \u00e0 Lucerne (Suisse), des 16 au 18 mai 2021.","robots":{"index":"index","follow":"follow","max-snippet":"max-snippet:-1","max-image-preview":"max-image-preview:large","max-video-preview":"max-video-preview:-1"},"canonical":"https:\/\/dicodusport.fr\/blog\/aviron-qualification-olympique-se-jouera-lucerne\/","og_locale":"fr_FR","og_type":"article","og_title":"Aviron : la qualification olympique se jouera \u00e0 Lucerne","og_description":"AVIRON - La F\u00e9d\u00e9ration Internationale des Soci\u00e9t\u00e9s d'Aviron (FISA) a d\u00e9cid\u00e9 que la qualification pour les JO de Tokyo se jouerait \u00e0 Lucerne (Suisse), des 16 au 18 mai 2021.","og_url":"https:\/\/dicodusport.fr\/blog\/aviron-qualification-olympique-se-jouera-lucerne\/","og_site_name":"Dicodusport","article_publisher":"https:\/\/www.facebook.com\/dicodusport","article_author":"https:\/\/www.facebook.com\/florent.ostermann","article_published_time":"2020-06-28T16:49:40+00:00","article_modified_time":"2021-07-27T06:43:57+00:00","og_image":[{"width":800,"height":445,"url":"https:\/\/dicodusport.fr\/blog\/wp-content\/uploads\/2020\/06\/La-qualification-olympique-se-jouera-a\u0300-Lucerne.png","type":"image\/png"}],"author":"Flo Ostermann","twitter_card":"summary_large_image","twitter_title":"Aviron : la qualification olympique se jouera \u00e0 Lucerne","twitter_creator":"@https:\/\/twitter.com\/FlOstermann","twitter_site":"@dicodusport","schema":{"@context":"https:\/\/schema.org","@graph":[{"@type":"NewsArticle","@id":"https:\/\/dicodusport.fr\/blog\/aviron-qualification-olympique-se-jouera-lucerne\/#article","isPartOf":{"@id":"https:\/\/dicodusport.fr\/blog\/aviron-qualification-olympique-se-jouera-lucerne\/"},"author":{"name":"Flo Ostermann","@id":"https:\/\/dicodusport.fr\/blog\/#\/schema\/person\/cb02af4c173ce4a653b55e9baf388d4a"},"headline":"Aviron : la qualification olympique se jouera \u00e0 Lucerne","datePublished":"2020-06-28T16:49:40+00:00","dateModified":"2021-07-27T06:43:57+00:00","mainEntityOfPage":{"@id":"https:\/\/dicodusport.fr\/blog\/aviron-qualification-olympique-se-jouera-lucerne\/"},"wordCount":143,"commentCount":0,"publisher":{"@id":"https:\/\/dicodusport.fr\/blog\/#organization"},"image":{"@id":"https:\/\/dicodusport.fr\/blog\/aviron-qualification-olympique-se-jouera-lucerne\/#primaryimage"},"thumbnailUrl":"https:\/\/dicodusport.fr\/blog\/wp-content\/uploads\/2020\/06\/La-qualification-olympique-se-jouera-a\u0300-Lucerne.png","keywords":["aviron"],"articleSection":["Aviron"],"inLanguage":"fr-FR","potentialAction":[{"@type":"CommentAction","name":"Comment","target":["https:\/\/dicodusport.fr\/blog\/aviron-qualification-olympique-se-jouera-lucerne\/#respond"]}],"copyrightYear":"2020","copyrightHolder":{"@id":"https:\/\/dicodusport.fr\/blog\/#organization"}},{"@type":"WebPage","@id":"https:\/\/dicodusport.fr\/blog\/aviron-qualification-olympique-se-jouera-lucerne\/","url":"https:\/\/dicodusport.fr\/blog\/aviron-qualification-olympique-se-jouera-lucerne\/","name":"Aviron : la qualification olympique se jouera \u00e0 Lucerne","isPartOf":{"@id":"https:\/\/dicodusport.fr\/blog\/#website"},"primaryImageOfPage":{"@id":"https:\/\/dicodusport.fr\/blog\/aviron-qualification-olympique-se-jouera-lucerne\/#primaryimage"},"image":{"@id":"https:\/\/dicodusport.fr\/blog\/aviron-qualification-olympique-se-jouera-lucerne\/#primaryimage"},"thumbnailUrl":"https:\/\/dicodusport.fr\/blog\/wp-content\/uploads\/2020\/06\/La-qualification-olympique-se-jouera-a\u0300-Lucerne.png","datePublished":"2020-06-28T16:49:40+00:00","dateModified":"2021-07-27T06:43:57+00:00","description":"AVIRON - La F\u00e9d\u00e9ration Internationale des Soci\u00e9t\u00e9s d'Aviron (FISA) a d\u00e9cid\u00e9 que la qualification pour les JO de Tokyo se jouerait \u00e0 Lucerne (Suisse), des 16 au 18 mai 2021.","breadcrumb":{"@id":"https:\/\/dicodusport.fr\/blog\/aviron-qualification-olympique-se-jouera-lucerne\/#breadcrumb"},"inLanguage":"fr-FR","potentialAction":[{"@type":"ReadAction","target":["https:\/\/dicodusport.fr\/blog\/aviron-qualification-olympique-se-jouera-lucerne\/"]}]},{"@type":"ImageObject","inLanguage":"fr-FR","@id":"https:\/\/dicodusport.fr\/blog\/aviron-qualification-olympique-se-jouera-lucerne\/#primaryimage","url":"https:\/\/dicodusport.fr\/blog\/wp-content\/uploads\/2020\/06\/La-qualification-olympique-se-jouera-a\u0300-Lucerne.png","contentUrl":"https:\/\/dicodusport.fr\/blog\/wp-content\/uploads\/2020\/06\/La-qualification-olympique-se-jouera-a\u0300-Lucerne.png","width":800,"height":445},{"@type":"BreadcrumbList","@id":"https:\/\/dicodusport.fr\/blog\/aviron-qualification-olympique-se-jouera-lucerne\/#breadcrumb","itemListElement":[{"@type":"ListItem","position":1,"name":"Accueil","item":"https:\/\/dicodusport.fr\/blog\/"},{"@type":"ListItem","position":2,"name":"Aviron : la qualification olympique se jouera \u00e0 Lucerne"}]},{"@type":"WebSite","@id":"https:\/\/dicodusport.fr\/blog\/#website","url":"https:\/\/dicodusport.fr\/blog\/","name":"Dicodusport","description":"L&#039;encyclop\u00e9die de l&#039;actualit\u00e9 sportive","publisher":{"@id":"https:\/\/dicodusport.fr\/blog\/#organization"},"potentialAction":[{"@type":"SearchAction","target":{"@type":"EntryPoint","urlTemplate":"https:\/\/dicodusport.fr\/blog\/?s={search_term_string}"},"query-input":{"@type":"PropertyValueSpecification","valueRequired":true,"valueName":"search_term_string"}}],"inLanguage":"fr-FR"},{"@type":"NewsMediaOrganization","@id":"https:\/\/dicodusport.fr\/blog\/#organization","name":"Dicodusport","url":"https:\/\/dicodusport.fr\/blog\/","logo":{"@type":"ImageObject","inLanguage":"fr-FR","@id":"https:\/\/dicodusport.fr\/blog\/#\/schema\/logo\/image\/","url":"https:\/\/dicodusport.fr\/blog\/wp-content\/uploads\/2020\/06\/cropped-LOGO-DICODUSPORT-2020-SANS-FOND-SANS-TEXTE.png","contentUrl":"https:\/\/dicodusport.fr\/blog\/wp-content\/uploads\/2020\/06\/cropped-LOGO-DICODUSPORT-2020-SANS-FOND-SANS-TEXTE.png","width":512,"height":512,"caption":"Dicodusport"},"image":{"@id":"https:\/\/dicodusport.fr\/blog\/#\/schema\/logo\/image\/"},"sameAs":["https:\/\/www.facebook.com\/dicodusport","https:\/\/x.com\/dicodusport","https:\/\/www.instagram.com\/dicodusport\/","https:\/\/www.youtube.com\/channel\/UC7V2KZ5sd3htJivAbA4ZG3w"],"description":"Dicodusport est l'encyclop\u00e9die de l'actualit\u00e9 sportive.","email":"bonjour@dicodusport.fr","legalName":"DICODUSPORT","foundingDate":"2018-01-14","vatID":"FR71834470973","taxID":"83447097300043","numberOfEmployees":{"@type":"QuantitativeValue","minValue":"1","maxValue":"10"}},{"@type":"Person","@id":"https:\/\/dicodusport.fr\/blog\/#\/schema\/person\/cb02af4c173ce4a653b55e9baf388d4a","name":"Flo Ostermann","image":{"@type":"ImageObject","inLanguage":"fr-FR","@id":"https:\/\/dicodusport.fr\/blog\/#\/schema\/person\/image\/","url":"https:\/\/dicodusport.fr\/blog\/wp-content\/uploads\/2021\/05\/Flo-Ostermann-150x150.jpg","contentUrl":"https:\/\/dicodusport.fr\/blog\/wp-content\/uploads\/2021\/05\/Flo-Ostermann-150x150.jpg","caption":"Flo Ostermann"},"description":"Journaliste\/R\u00e9dacteur depuis septembre 2015 - Mes premiers souvenirs dans le sport ? Les envol\u00e9es du Stade Toulousain et les duels Villeneuve-Schumacher et H\u00e4kkinen-Schumacher \u00e0 la fin des ann\u00e9es 90, la Coupe du monde de football en 1998, l\u2019exploit du XV de France face aux All Blacks en 1999, mais aussi Richard C\u0153ur de Lion qui vole sur les montagnes du Tour de France. Bien parti pour devenir professeur d\u2019EPS, les \u00e9v\u00e9nements de la vie (et la flemme d\u2019animer des s\u00e9ances de 3x500 m\u00e8tres toute ma vie) m\u2019ont conduit \u00e0 revoir mes plans. Me voil\u00e0 depuis fin 2017 sur Dicodusport, m\u00e9dia gr\u00e2ce (et pour) lequel je partage ma passion : le sport dans tous ses \u00e9tats. Le tout accompagn\u00e9 par les fous furieux et folles furieuses cit\u00e9s sur cette page !","sameAs":["https:\/\/www.facebook.com\/florent.ostermann","https:\/\/x.com\/https:\/\/twitter.com\/FlOstermann","admin"],"url":"https:\/\/dicodusport.fr\/blog\/author\/flo\/"}]}},"_links":{"self":[{"href":"https:\/\/dicodusport.fr\/blog\/wp-json\/wp\/v2\/posts\/69992","targetHints":{"allow":["GET"]}}],"collection":[{"href":"https:\/\/dicodusport.fr\/blog\/wp-json\/wp\/v2\/posts"}],"about":[{"href":"https:\/\/dicodusport.fr\/blog\/wp-json\/wp\/v2\/types\/post"}],"author":[{"embeddable":true,"href":"https:\/\/dicodusport.fr\/blog\/wp-json\/wp\/v2\/users\/4"}],"replies":[{"embeddable":true,"href":"https:\/\/dicodusport.fr\/blog\/wp-json\/wp\/v2\/comments?post=69992"}],"version-history":[{"count":0,"href":"https:\/\/dicodusport.fr\/blog\/wp-json\/wp\/v2\/posts\/69992\/revisions"}],"wp:featuredmedia":[{"embeddable":true,"href":"https:\/\/dicodusport.fr\/blog\/wp-json\/wp\/v2\/media\/150873"}],"wp:attachment":[{"href":"https:\/\/dicodusport.fr\/blog\/wp-json\/wp\/v2\/media?parent=69992"}],"wp:term":[{"taxonomy":"category","embeddable":true,"href":"https:\/\/dicodusport.fr\/blog\/wp-json\/wp\/v2\/categories?post=69992"},{"taxonomy":"post_tag","embeddable":true,"href":"https:\/\/dicodusport.fr\/blog\/wp-json\/wp\/v2\/tags?post=69992"}],"curies":[{"name":"wp","href":"https:\/\/api.w.org\/{rel}","templated":true}]}}