{"id":69997,"date":"2020-06-28T19:12:23","date_gmt":"2020-06-28T17:12:23","guid":{"rendered":"http:\/\/dicodusport.fr\/blog\/?p=69997&#038;preview=true&#038;preview_id=69997"},"modified":"2021-10-18T16:44:04","modified_gmt":"2021-10-18T14:44:04","slug":"six-matchs-xv-de-france-cet-automne","status":"publish","type":"post","link":"https:\/\/dicodusport.fr\/blog\/six-matchs-xv-de-france-cet-automne\/","title":{"rendered":"Six matchs pour le XV de France cet automne !"},"content":{"rendered":"<p style=\"text-align: justify;\"><strong><em>RUGBY &#8211; Selon les informations de <a href=\"https:\/\/www.midi-olympique.fr\/2020\/06\/28\/une-competition-et-huit-matchs-en-novembre,8953758.php\" target=\"_blank\" rel=\"noopener noreferrer\">Midi Olympique<\/a>, le XV de France pourrait disputer six matchs cet automne durant une fen\u00eatre internationale \u00e9largie. Le programme s&rsquo;annonce intense.<\/em><\/strong><\/p>\n<p style=\"text-align: justify;\">C&rsquo;est ce mardi, \u00e0 Dublin, que la p\u00e9riode automnale r\u00e9serv\u00e9e aux matchs internationaux devrait \u00eatre ent\u00e9rin\u00e9e par le Conseil de <strong>World Rugby<\/strong>. Cette derni\u00e8re devrait s&rsquo;\u00e9taler du 12 octobre au 5 d\u00e9cembre, avec un programme XXL pour le <a href=\"https:\/\/dicodusport.fr\/blog\/tag\/xv-de-france\/\" target=\"_blank\" rel=\"noopener noreferrer\"><strong>XV de France<\/strong><\/a>. Au menu, un premier match le 24 octobre contre l&rsquo;\u00c9cosse ou le Pays de Galles. Soit une semaine avant la rencontre du <a href=\"http:\/\/dicodusport.fr\/blog\/tournoi-des-6-nations-2020-calendrier-resultats-classement\/\" target=\"_blank\" rel=\"noopener noreferrer\"><strong>6 Nations 2020<\/strong><\/a> face \u00e0 l&rsquo;Irlande, au Stade de France. (31 octobre). Suivrait alors un week-end off, avant, possible, un calendrier infernal.<\/p>\n<h2 style=\"text-align: justify;\">Le 6 Nations plus le Japon et les Fidji pour une comp\u00e9tition in\u00e9dite<\/h2>\n<p style=\"text-align: justify;\">Et c&rsquo;est l\u00e0 que cela devient excitant pour nous, certainement moins pour les joueurs. Afin de combler l&rsquo;absence des Nations du Sud, les <em>Six Nations<\/em> aurait act\u00e9 la tenue d&rsquo;une comp\u00e9tition rassemblant les six \u00e9quipes du <strong>6 Nations<\/strong>, plus le <strong>Japon<\/strong> et les <strong>Fidji<\/strong> pour une comp\u00e9tition unique. R\u00e9parties en deux poules de quatre nations, ces derni\u00e8res s&rsquo;affronteraient en match unique, les week-ends des 14, 21 et 28 novembre. Les deux premiers de chaque poule disputeraient ensuite une finale le 5 d\u00e9cembre, avec des matchs de classement pour les autres nations. Ainsi, chaque \u00e9quipe du Vieux-Continent pourrait recevoir trois fois, mais aussi se d\u00e9placer \u00e0 deux reprises. Un menu d\u00e9mentiel en somme.<\/p>\n<p style=\"text-align: justify;\">Cons\u00e9quence, le Top 14 devrait \u00eatre forc\u00e9ment impact\u00e9. Quatre \u00e0 six doublons sont \u00e9voqu\u00e9s, rien que cet automne. N\u00e9anmoins, les joueurs possiblement concern\u00e9s par une finale de Coupe d&rsquo;Europe (16\/10 pour la <strong>Challenge Cup<\/strong> et 17\/10 pour la <strong>Champions Cup<\/strong>), pourront, sauf surprise, pr\u00e9parer et disputer celle-ci.<\/p>\n<blockquote class=\"twitter-tweet\">\n<p dir=\"ltr\" lang=\"fr\">&#x1f6a8;INFO MIDI OLYMPIQUE &#x1f6a8;Si cette nouvelle comp\u00e9tition complexifie le calendrier de la prochaine saison, il rend terriblement excitant l\u2019automne des Bleus !<a href=\"https:\/\/t.co\/JFPfUTR6av\">https:\/\/t.co\/JFPfUTR6av<\/a><\/p>\n<p>\u2014 Midi Olympique (@midi_olympique) <a href=\"https:\/\/twitter.com\/midi_olympique\/status\/1277277992440532995?ref_src=twsrc%5Etfw\">June 28, 2020<\/a><\/p><\/blockquote>\n<p><script async src=\"https:\/\/platform.twitter.com\/widgets.js\" charset=\"utf-8\"><\/script><\/p>\n<p><strong><em>Dicodusport<br \/>\n<a href=\"https:\/\/www.facebook.com\/dicodusport\/\" target=\"_blank\" rel=\"noopener noreferrer\"><img loading=\"lazy\" decoding=\"async\" class=\"alignnone wp-image-2909\" src=\"http:\/\/dicodusport.fr\/blog\/wp-content\/uploads\/2017\/07\/logo-facebook-150x150.png\" alt=\"\" width=\"40\" height=\"40\" \/><\/a><a href=\"https:\/\/twitter.com\/dicodusport\" target=\"_blank\" rel=\"noopener noreferrer\"><img loading=\"lazy\" decoding=\"async\" class=\"alignnone wp-image-2908\" src=\"http:\/\/dicodusport.fr\/blog\/wp-content\/uploads\/2017\/07\/logo-twitter-150x150.png\" alt=\"\" width=\"39\" height=\"39\" \/><\/a><\/em><\/strong><\/p>\n","protected":false},"excerpt":{"rendered":"<p>RUGBY &#8211; Selon les informations de Midi Olympique, le XV de France pourrait disputer six matchs cet automne durant une fen\u00eatre internationale \u00e9largie. Le programme s&rsquo;annonce intense.<\/p>\n","protected":false},"author":4,"featured_media":69999,"comment_status":"open","ping_status":"closed","sticky":false,"template":"","format":"standard","meta":{"_acf_changed":false,"_daextam_enable_autolinks":"","footnotes":""},"categories":[9129,19951],"tags":[13,1638],"class_list":["post-69997","post","type-post","status-publish","format-standard","has-post-thumbnail","hentry","category-rugby-a-xv","category-xv-de-france","tag-rugby","tag-xv-de-france"],"acf":[],"yoast_head":"<!-- This site is optimized with the Yoast SEO Premium plugin v26.7 (Yoast SEO v26.7) - https:\/\/yoast.com\/wordpress\/plugins\/seo\/ -->\n<title>Six matchs pour le XV de France cet automne !<\/title>\n<meta name=\"description\" content=\"RUGBY - Selon les informations de Midi Olympique, le XV de France pourrait disputer six matchs cet automne durant une fen\u00eatre internationale \u00e9largie. Le programme s&#039;annonce intense.\" \/>\n<meta name=\"robots\" content=\"index, follow, max-snippet:-1, max-image-preview:large, max-video-preview:-1\" \/>\n<link rel=\"canonical\" href=\"https:\/\/dicodusport.fr\/blog\/six-matchs-xv-de-france-cet-automne\/\" \/>\n<meta property=\"og:locale\" content=\"fr_FR\" \/>\n<meta property=\"og:type\" content=\"article\" \/>\n<meta property=\"og:title\" content=\"Six matchs pour le XV de France cet automne !\" \/>\n<meta property=\"og:description\" content=\"RUGBY - Selon les informations de Midi Olympique, le XV de France pourrait disputer six matchs cet automne durant une fen\u00eatre internationale \u00e9largie. Le programme s&#039;annonce intense.\" \/>\n<meta property=\"og:url\" content=\"https:\/\/dicodusport.fr\/blog\/six-matchs-xv-de-france-cet-automne\/\" \/>\n<meta property=\"og:site_name\" content=\"Dicodusport\" \/>\n<meta property=\"article:publisher\" content=\"https:\/\/www.facebook.com\/dicodusport\" \/>\n<meta property=\"article:author\" content=\"https:\/\/www.facebook.com\/florent.ostermann\" \/>\n<meta property=\"article:published_time\" content=\"2020-06-28T17:12:23+00:00\" \/>\n<meta property=\"article:modified_time\" content=\"2021-10-18T14:44:04+00:00\" \/>\n<meta property=\"og:image\" content=\"https:\/\/dicodusport.fr\/blog\/wp-content\/uploads\/2020\/06\/Jalibert-Fickou-XV-de-France.png\" \/>\n\t<meta property=\"og:image:width\" content=\"800\" \/>\n\t<meta property=\"og:image:height\" content=\"445\" \/>\n\t<meta property=\"og:image:type\" content=\"image\/png\" \/>\n<meta name=\"author\" content=\"Flo Ostermann\" \/>\n<meta name=\"twitter:card\" content=\"summary_large_image\" \/>\n<meta name=\"twitter:title\" content=\"Six matchs pour le XV de France cet automne !\" \/>\n<meta name=\"twitter:creator\" content=\"@https:\/\/twitter.com\/FlOstermann\" \/>\n<meta name=\"twitter:site\" content=\"@dicodusport\" \/>\n<script type=\"application\/ld+json\" class=\"yoast-schema-graph\">{\"@context\":\"https:\/\/schema.org\",\"@graph\":[{\"@type\":\"NewsArticle\",\"@id\":\"https:\/\/dicodusport.fr\/blog\/six-matchs-xv-de-france-cet-automne\/#article\",\"isPartOf\":{\"@id\":\"https:\/\/dicodusport.fr\/blog\/six-matchs-xv-de-france-cet-automne\/\"},\"author\":{\"name\":\"Flo Ostermann\",\"@id\":\"https:\/\/dicodusport.fr\/blog\/#\/schema\/person\/cb02af4c173ce4a653b55e9baf388d4a\"},\"headline\":\"Six matchs pour le XV de France cet automne !\",\"datePublished\":\"2020-06-28T17:12:23+00:00\",\"dateModified\":\"2021-10-18T14:44:04+00:00\",\"mainEntityOfPage\":{\"@id\":\"https:\/\/dicodusport.fr\/blog\/six-matchs-xv-de-france-cet-automne\/\"},\"wordCount\":347,\"commentCount\":0,\"publisher\":{\"@id\":\"https:\/\/dicodusport.fr\/blog\/#organization\"},\"image\":{\"@id\":\"https:\/\/dicodusport.fr\/blog\/six-matchs-xv-de-france-cet-automne\/#primaryimage\"},\"thumbnailUrl\":\"https:\/\/dicodusport.fr\/blog\/wp-content\/uploads\/2020\/06\/Jalibert-Fickou-XV-de-France.png\",\"keywords\":[\"Rugby\",\"XV de France\"],\"articleSection\":[\"Rugby \u00e0 XV\",\"XV de France\"],\"inLanguage\":\"fr-FR\",\"potentialAction\":[{\"@type\":\"CommentAction\",\"name\":\"Comment\",\"target\":[\"https:\/\/dicodusport.fr\/blog\/six-matchs-xv-de-france-cet-automne\/#respond\"]}],\"copyrightYear\":\"2020\",\"copyrightHolder\":{\"@id\":\"https:\/\/dicodusport.fr\/blog\/#organization\"}},{\"@type\":\"WebPage\",\"@id\":\"https:\/\/dicodusport.fr\/blog\/six-matchs-xv-de-france-cet-automne\/\",\"url\":\"https:\/\/dicodusport.fr\/blog\/six-matchs-xv-de-france-cet-automne\/\",\"name\":\"Six matchs pour le XV de France cet automne !\",\"isPartOf\":{\"@id\":\"https:\/\/dicodusport.fr\/blog\/#website\"},\"primaryImageOfPage\":{\"@id\":\"https:\/\/dicodusport.fr\/blog\/six-matchs-xv-de-france-cet-automne\/#primaryimage\"},\"image\":{\"@id\":\"https:\/\/dicodusport.fr\/blog\/six-matchs-xv-de-france-cet-automne\/#primaryimage\"},\"thumbnailUrl\":\"https:\/\/dicodusport.fr\/blog\/wp-content\/uploads\/2020\/06\/Jalibert-Fickou-XV-de-France.png\",\"datePublished\":\"2020-06-28T17:12:23+00:00\",\"dateModified\":\"2021-10-18T14:44:04+00:00\",\"description\":\"RUGBY - Selon les informations de Midi Olympique, le XV de France pourrait disputer six matchs cet automne durant une fen\u00eatre internationale \u00e9largie. Le programme s'annonce intense.\",\"breadcrumb\":{\"@id\":\"https:\/\/dicodusport.fr\/blog\/six-matchs-xv-de-france-cet-automne\/#breadcrumb\"},\"inLanguage\":\"fr-FR\",\"potentialAction\":[{\"@type\":\"ReadAction\",\"target\":[\"https:\/\/dicodusport.fr\/blog\/six-matchs-xv-de-france-cet-automne\/\"]}]},{\"@type\":\"ImageObject\",\"inLanguage\":\"fr-FR\",\"@id\":\"https:\/\/dicodusport.fr\/blog\/six-matchs-xv-de-france-cet-automne\/#primaryimage\",\"url\":\"https:\/\/dicodusport.fr\/blog\/wp-content\/uploads\/2020\/06\/Jalibert-Fickou-XV-de-France.png\",\"contentUrl\":\"https:\/\/dicodusport.fr\/blog\/wp-content\/uploads\/2020\/06\/Jalibert-Fickou-XV-de-France.png\",\"width\":800,\"height\":445,\"caption\":\"Huit matchs pour le XV de France cet automne !\"},{\"@type\":\"BreadcrumbList\",\"@id\":\"https:\/\/dicodusport.fr\/blog\/six-matchs-xv-de-france-cet-automne\/#breadcrumb\",\"itemListElement\":[{\"@type\":\"ListItem\",\"position\":1,\"name\":\"Accueil\",\"item\":\"https:\/\/dicodusport.fr\/blog\/\"},{\"@type\":\"ListItem\",\"position\":2,\"name\":\"Six matchs pour le XV de France cet automne !\"}]},{\"@type\":\"WebSite\",\"@id\":\"https:\/\/dicodusport.fr\/blog\/#website\",\"url\":\"https:\/\/dicodusport.fr\/blog\/\",\"name\":\"Dicodusport\",\"description\":\"L&#039;encyclop\u00e9die de l&#039;actualit\u00e9 sportive\",\"publisher\":{\"@id\":\"https:\/\/dicodusport.fr\/blog\/#organization\"},\"potentialAction\":[{\"@type\":\"SearchAction\",\"target\":{\"@type\":\"EntryPoint\",\"urlTemplate\":\"https:\/\/dicodusport.fr\/blog\/?s={search_term_string}\"},\"query-input\":{\"@type\":\"PropertyValueSpecification\",\"valueRequired\":true,\"valueName\":\"search_term_string\"}}],\"inLanguage\":\"fr-FR\"},{\"@type\":\"NewsMediaOrganization\",\"@id\":\"https:\/\/dicodusport.fr\/blog\/#organization\",\"name\":\"Dicodusport\",\"url\":\"https:\/\/dicodusport.fr\/blog\/\",\"logo\":{\"@type\":\"ImageObject\",\"inLanguage\":\"fr-FR\",\"@id\":\"https:\/\/dicodusport.fr\/blog\/#\/schema\/logo\/image\/\",\"url\":\"https:\/\/dicodusport.fr\/blog\/wp-content\/uploads\/2020\/06\/cropped-LOGO-DICODUSPORT-2020-SANS-FOND-SANS-TEXTE.png\",\"contentUrl\":\"https:\/\/dicodusport.fr\/blog\/wp-content\/uploads\/2020\/06\/cropped-LOGO-DICODUSPORT-2020-SANS-FOND-SANS-TEXTE.png\",\"width\":512,\"height\":512,\"caption\":\"Dicodusport\"},\"image\":{\"@id\":\"https:\/\/dicodusport.fr\/blog\/#\/schema\/logo\/image\/\"},\"sameAs\":[\"https:\/\/www.facebook.com\/dicodusport\",\"https:\/\/x.com\/dicodusport\",\"https:\/\/www.instagram.com\/dicodusport\/\",\"https:\/\/www.youtube.com\/channel\/UC7V2KZ5sd3htJivAbA4ZG3w\"],\"description\":\"Dicodusport est l'encyclop\u00e9die de l'actualit\u00e9 sportive.\",\"email\":\"bonjour@dicodusport.fr\",\"legalName\":\"DICODUSPORT\",\"foundingDate\":\"2018-01-14\",\"vatID\":\"FR71834470973\",\"taxID\":\"83447097300043\",\"numberOfEmployees\":{\"@type\":\"QuantitativeValue\",\"minValue\":\"1\",\"maxValue\":\"10\"}},{\"@type\":\"Person\",\"@id\":\"https:\/\/dicodusport.fr\/blog\/#\/schema\/person\/cb02af4c173ce4a653b55e9baf388d4a\",\"name\":\"Flo Ostermann\",\"image\":{\"@type\":\"ImageObject\",\"inLanguage\":\"fr-FR\",\"@id\":\"https:\/\/dicodusport.fr\/blog\/#\/schema\/person\/image\/\",\"url\":\"https:\/\/dicodusport.fr\/blog\/wp-content\/uploads\/2021\/05\/Flo-Ostermann-150x150.jpg\",\"contentUrl\":\"https:\/\/dicodusport.fr\/blog\/wp-content\/uploads\/2021\/05\/Flo-Ostermann-150x150.jpg\",\"caption\":\"Flo Ostermann\"},\"description\":\"Journaliste\/R\u00e9dacteur depuis septembre 2015 - Mes premiers souvenirs dans le sport ? Les envol\u00e9es du Stade Toulousain et les duels Villeneuve-Schumacher et H\u00e4kkinen-Schumacher \u00e0 la fin des ann\u00e9es 90, la Coupe du monde de football en 1998, l\u2019exploit du XV de France face aux All Blacks en 1999, mais aussi Richard C\u0153ur de Lion qui vole sur les montagnes du Tour de France. Bien parti pour devenir professeur d\u2019EPS, les \u00e9v\u00e9nements de la vie (et la flemme d\u2019animer des s\u00e9ances de 3x500 m\u00e8tres toute ma vie) m\u2019ont conduit \u00e0 revoir mes plans. Me voil\u00e0 depuis fin 2017 sur Dicodusport, m\u00e9dia gr\u00e2ce (et pour) lequel je partage ma passion : le sport dans tous ses \u00e9tats. Le tout accompagn\u00e9 par les fous furieux et folles furieuses cit\u00e9s sur cette page !\",\"sameAs\":[\"https:\/\/www.facebook.com\/florent.ostermann\",\"https:\/\/x.com\/https:\/\/twitter.com\/FlOstermann\",\"admin\"],\"url\":\"https:\/\/dicodusport.fr\/blog\/author\/flo\/\"}]}<\/script>\n<!-- \/ Yoast SEO Premium plugin. -->","yoast_head_json":{"title":"Six matchs pour le XV de France cet automne !","description":"RUGBY - Selon les informations de Midi Olympique, le XV de France pourrait disputer six matchs cet automne durant une fen\u00eatre internationale \u00e9largie. Le programme s'annonce intense.","robots":{"index":"index","follow":"follow","max-snippet":"max-snippet:-1","max-image-preview":"max-image-preview:large","max-video-preview":"max-video-preview:-1"},"canonical":"https:\/\/dicodusport.fr\/blog\/six-matchs-xv-de-france-cet-automne\/","og_locale":"fr_FR","og_type":"article","og_title":"Six matchs pour le XV de France cet automne !","og_description":"RUGBY - Selon les informations de Midi Olympique, le XV de France pourrait disputer six matchs cet automne durant une fen\u00eatre internationale \u00e9largie. Le programme s'annonce intense.","og_url":"https:\/\/dicodusport.fr\/blog\/six-matchs-xv-de-france-cet-automne\/","og_site_name":"Dicodusport","article_publisher":"https:\/\/www.facebook.com\/dicodusport","article_author":"https:\/\/www.facebook.com\/florent.ostermann","article_published_time":"2020-06-28T17:12:23+00:00","article_modified_time":"2021-10-18T14:44:04+00:00","og_image":[{"width":800,"height":445,"url":"https:\/\/dicodusport.fr\/blog\/wp-content\/uploads\/2020\/06\/Jalibert-Fickou-XV-de-France.png","type":"image\/png"}],"author":"Flo Ostermann","twitter_card":"summary_large_image","twitter_title":"Six matchs pour le XV de France cet automne !","twitter_creator":"@https:\/\/twitter.com\/FlOstermann","twitter_site":"@dicodusport","schema":{"@context":"https:\/\/schema.org","@graph":[{"@type":"NewsArticle","@id":"https:\/\/dicodusport.fr\/blog\/six-matchs-xv-de-france-cet-automne\/#article","isPartOf":{"@id":"https:\/\/dicodusport.fr\/blog\/six-matchs-xv-de-france-cet-automne\/"},"author":{"name":"Flo Ostermann","@id":"https:\/\/dicodusport.fr\/blog\/#\/schema\/person\/cb02af4c173ce4a653b55e9baf388d4a"},"headline":"Six matchs pour le XV de France cet automne !","datePublished":"2020-06-28T17:12:23+00:00","dateModified":"2021-10-18T14:44:04+00:00","mainEntityOfPage":{"@id":"https:\/\/dicodusport.fr\/blog\/six-matchs-xv-de-france-cet-automne\/"},"wordCount":347,"commentCount":0,"publisher":{"@id":"https:\/\/dicodusport.fr\/blog\/#organization"},"image":{"@id":"https:\/\/dicodusport.fr\/blog\/six-matchs-xv-de-france-cet-automne\/#primaryimage"},"thumbnailUrl":"https:\/\/dicodusport.fr\/blog\/wp-content\/uploads\/2020\/06\/Jalibert-Fickou-XV-de-France.png","keywords":["Rugby","XV de France"],"articleSection":["Rugby \u00e0 XV","XV de France"],"inLanguage":"fr-FR","potentialAction":[{"@type":"CommentAction","name":"Comment","target":["https:\/\/dicodusport.fr\/blog\/six-matchs-xv-de-france-cet-automne\/#respond"]}],"copyrightYear":"2020","copyrightHolder":{"@id":"https:\/\/dicodusport.fr\/blog\/#organization"}},{"@type":"WebPage","@id":"https:\/\/dicodusport.fr\/blog\/six-matchs-xv-de-france-cet-automne\/","url":"https:\/\/dicodusport.fr\/blog\/six-matchs-xv-de-france-cet-automne\/","name":"Six matchs pour le XV de France cet automne !","isPartOf":{"@id":"https:\/\/dicodusport.fr\/blog\/#website"},"primaryImageOfPage":{"@id":"https:\/\/dicodusport.fr\/blog\/six-matchs-xv-de-france-cet-automne\/#primaryimage"},"image":{"@id":"https:\/\/dicodusport.fr\/blog\/six-matchs-xv-de-france-cet-automne\/#primaryimage"},"thumbnailUrl":"https:\/\/dicodusport.fr\/blog\/wp-content\/uploads\/2020\/06\/Jalibert-Fickou-XV-de-France.png","datePublished":"2020-06-28T17:12:23+00:00","dateModified":"2021-10-18T14:44:04+00:00","description":"RUGBY - Selon les informations de Midi Olympique, le XV de France pourrait disputer six matchs cet automne durant une fen\u00eatre internationale \u00e9largie. Le programme s'annonce intense.","breadcrumb":{"@id":"https:\/\/dicodusport.fr\/blog\/six-matchs-xv-de-france-cet-automne\/#breadcrumb"},"inLanguage":"fr-FR","potentialAction":[{"@type":"ReadAction","target":["https:\/\/dicodusport.fr\/blog\/six-matchs-xv-de-france-cet-automne\/"]}]},{"@type":"ImageObject","inLanguage":"fr-FR","@id":"https:\/\/dicodusport.fr\/blog\/six-matchs-xv-de-france-cet-automne\/#primaryimage","url":"https:\/\/dicodusport.fr\/blog\/wp-content\/uploads\/2020\/06\/Jalibert-Fickou-XV-de-France.png","contentUrl":"https:\/\/dicodusport.fr\/blog\/wp-content\/uploads\/2020\/06\/Jalibert-Fickou-XV-de-France.png","width":800,"height":445,"caption":"Huit matchs pour le XV de France cet automne !"},{"@type":"BreadcrumbList","@id":"https:\/\/dicodusport.fr\/blog\/six-matchs-xv-de-france-cet-automne\/#breadcrumb","itemListElement":[{"@type":"ListItem","position":1,"name":"Accueil","item":"https:\/\/dicodusport.fr\/blog\/"},{"@type":"ListItem","position":2,"name":"Six matchs pour le XV de France cet automne !"}]},{"@type":"WebSite","@id":"https:\/\/dicodusport.fr\/blog\/#website","url":"https:\/\/dicodusport.fr\/blog\/","name":"Dicodusport","description":"L&#039;encyclop\u00e9die de l&#039;actualit\u00e9 sportive","publisher":{"@id":"https:\/\/dicodusport.fr\/blog\/#organization"},"potentialAction":[{"@type":"SearchAction","target":{"@type":"EntryPoint","urlTemplate":"https:\/\/dicodusport.fr\/blog\/?s={search_term_string}"},"query-input":{"@type":"PropertyValueSpecification","valueRequired":true,"valueName":"search_term_string"}}],"inLanguage":"fr-FR"},{"@type":"NewsMediaOrganization","@id":"https:\/\/dicodusport.fr\/blog\/#organization","name":"Dicodusport","url":"https:\/\/dicodusport.fr\/blog\/","logo":{"@type":"ImageObject","inLanguage":"fr-FR","@id":"https:\/\/dicodusport.fr\/blog\/#\/schema\/logo\/image\/","url":"https:\/\/dicodusport.fr\/blog\/wp-content\/uploads\/2020\/06\/cropped-LOGO-DICODUSPORT-2020-SANS-FOND-SANS-TEXTE.png","contentUrl":"https:\/\/dicodusport.fr\/blog\/wp-content\/uploads\/2020\/06\/cropped-LOGO-DICODUSPORT-2020-SANS-FOND-SANS-TEXTE.png","width":512,"height":512,"caption":"Dicodusport"},"image":{"@id":"https:\/\/dicodusport.fr\/blog\/#\/schema\/logo\/image\/"},"sameAs":["https:\/\/www.facebook.com\/dicodusport","https:\/\/x.com\/dicodusport","https:\/\/www.instagram.com\/dicodusport\/","https:\/\/www.youtube.com\/channel\/UC7V2KZ5sd3htJivAbA4ZG3w"],"description":"Dicodusport est l'encyclop\u00e9die de l'actualit\u00e9 sportive.","email":"bonjour@dicodusport.fr","legalName":"DICODUSPORT","foundingDate":"2018-01-14","vatID":"FR71834470973","taxID":"83447097300043","numberOfEmployees":{"@type":"QuantitativeValue","minValue":"1","maxValue":"10"}},{"@type":"Person","@id":"https:\/\/dicodusport.fr\/blog\/#\/schema\/person\/cb02af4c173ce4a653b55e9baf388d4a","name":"Flo Ostermann","image":{"@type":"ImageObject","inLanguage":"fr-FR","@id":"https:\/\/dicodusport.fr\/blog\/#\/schema\/person\/image\/","url":"https:\/\/dicodusport.fr\/blog\/wp-content\/uploads\/2021\/05\/Flo-Ostermann-150x150.jpg","contentUrl":"https:\/\/dicodusport.fr\/blog\/wp-content\/uploads\/2021\/05\/Flo-Ostermann-150x150.jpg","caption":"Flo Ostermann"},"description":"Journaliste\/R\u00e9dacteur depuis septembre 2015 - Mes premiers souvenirs dans le sport ? Les envol\u00e9es du Stade Toulousain et les duels Villeneuve-Schumacher et H\u00e4kkinen-Schumacher \u00e0 la fin des ann\u00e9es 90, la Coupe du monde de football en 1998, l\u2019exploit du XV de France face aux All Blacks en 1999, mais aussi Richard C\u0153ur de Lion qui vole sur les montagnes du Tour de France. Bien parti pour devenir professeur d\u2019EPS, les \u00e9v\u00e9nements de la vie (et la flemme d\u2019animer des s\u00e9ances de 3x500 m\u00e8tres toute ma vie) m\u2019ont conduit \u00e0 revoir mes plans. Me voil\u00e0 depuis fin 2017 sur Dicodusport, m\u00e9dia gr\u00e2ce (et pour) lequel je partage ma passion : le sport dans tous ses \u00e9tats. Le tout accompagn\u00e9 par les fous furieux et folles furieuses cit\u00e9s sur cette page !","sameAs":["https:\/\/www.facebook.com\/florent.ostermann","https:\/\/x.com\/https:\/\/twitter.com\/FlOstermann","admin"],"url":"https:\/\/dicodusport.fr\/blog\/author\/flo\/"}]}},"_links":{"self":[{"href":"https:\/\/dicodusport.fr\/blog\/wp-json\/wp\/v2\/posts\/69997","targetHints":{"allow":["GET"]}}],"collection":[{"href":"https:\/\/dicodusport.fr\/blog\/wp-json\/wp\/v2\/posts"}],"about":[{"href":"https:\/\/dicodusport.fr\/blog\/wp-json\/wp\/v2\/types\/post"}],"author":[{"embeddable":true,"href":"https:\/\/dicodusport.fr\/blog\/wp-json\/wp\/v2\/users\/4"}],"replies":[{"embeddable":true,"href":"https:\/\/dicodusport.fr\/blog\/wp-json\/wp\/v2\/comments?post=69997"}],"version-history":[{"count":0,"href":"https:\/\/dicodusport.fr\/blog\/wp-json\/wp\/v2\/posts\/69997\/revisions"}],"wp:featuredmedia":[{"embeddable":true,"href":"https:\/\/dicodusport.fr\/blog\/wp-json\/wp\/v2\/media\/69999"}],"wp:attachment":[{"href":"https:\/\/dicodusport.fr\/blog\/wp-json\/wp\/v2\/media?parent=69997"}],"wp:term":[{"taxonomy":"category","embeddable":true,"href":"https:\/\/dicodusport.fr\/blog\/wp-json\/wp\/v2\/categories?post=69997"},{"taxonomy":"post_tag","embeddable":true,"href":"https:\/\/dicodusport.fr\/blog\/wp-json\/wp\/v2\/tags?post=69997"}],"curies":[{"name":"wp","href":"https:\/\/api.w.org\/{rel}","templated":true}]}}