{"id":700812,"date":"2026-09-04T10:00:28","date_gmt":"2026-09-04T08:00:28","guid":{"rendered":"https:\/\/dicodusport.fr\/blog\/?p=700812&#038;preview=true&#038;preview_id=700812"},"modified":"2026-09-03T14:31:31","modified_gmt":"2026-09-03T12:31:31","slug":"fares-ziam-doit-rebondir-axel-sola-sur-sa-lancee-qui-remportera-le-duel-100-francais-a-lufc-paris-5","status":"publish","type":"post","link":"https:\/\/dicodusport.fr\/blog\/fares-ziam-doit-rebondir-axel-sola-sur-sa-lancee-qui-remportera-le-duel-100-francais-a-lufc-paris-5\/","title":{"rendered":"Far\u00e8s Ziam doit rebondir, Axel Sola sur sa lanc\u00e9e : qui remportera le duel 100% fran\u00e7ais \u00e0 l\u2019UFC Paris 5 ?"},"content":{"rendered":"<p style=\"text-align: justify;\"><em><strong>UFC PARIS 2026 &#8211; Deuxi\u00e8me confrontation franco-fran\u00e7aise de l\u2019histoire de l\u2019UFC, ce co-main event entre Axel Sola et Far\u00e8s Ziam \u00e0 Paris s\u2019annonce d\u00e9j\u00e0 l\u00e9gendaire. Qui est le mieux arm\u00e9 \u00e0 l\u2019aube de ce combat ?<\/strong><\/em><\/p>\n<ul>\n<li style=\"text-align: justify;\"><strong>\u00c0 ce sujet \u2013 <a href=\"https:\/\/dicodusport.fr\/blog\/ufc-paris-2026-liste-des-combats-cartes-principale-et-preliminaire\/\">UFC Paris 2026 : Liste des combats Cartes principale et pr\u00e9liminaire<\/a><\/strong><\/li>\n<\/ul>\n<h2 style=\"text-align: justify;\">Far\u00e8s Ziam revanchard<\/h2>\n<p style=\"text-align: justify;\"><strong>Far\u00e8s Ziam<\/strong> (18-5) a une revanche \u00e0 prendre. Le Lyonnais a \u00e9t\u00e9 particuli\u00e8rement frustr\u00e9 d\u2019avoir laiss\u00e9 sa place dans le top 15 des poids l\u00e9gers au profit de <strong>Tom Nolan<\/strong>, en juin dernier. Un adversaire qui \u00e9tait pourtant \u00e0 la port\u00e9e du Tricolore. Il arrive d\u00e9sormais avec une mentalit\u00e9 plus guerri\u00e8re et clinique, port\u00e9 par les conseils de <strong>Trevor Wittman<\/strong> (qui a coach\u00e9 <strong>Gaethje<\/strong>, <strong>Usman<\/strong>, <strong>Sandhagen<\/strong>\u2026), afin de ne plus rater ses rendez-vous dans la cage.<\/p>\n<ul style=\"text-align: justify;\">\n<li><strong>\u00c0 ce sujet &#8211; <a href=\"https:\/\/dicodusport.fr\/blog\/fares-ziam-manque-son-rendez-vous-face-a-tom-nolan-a-lufc-fight-night-278\/\">Far\u00e8s Ziam manque son rendez-vous face \u00e0 Tom Nolan \u00e0 l\u2019UFC Fight Night 278<\/a><\/strong><\/li>\n<\/ul>\n<p style=\"text-align: justify;\">Parmi les combattants d\u2019\u00e9lite, le <strong><em>Smile Killer<\/em><\/strong> n\u2019a pas le nom le plus clinquant du <em>roster<\/em>, et il a l\u2019habitude de regarder derri\u00e8re lui. Ce sera encore le cas face \u00e0 son compatriote <strong>Axel Sola<\/strong> (12-1-1). Arriv\u00e9 dans l\u2019organisation il y a tout juste un an, en marge de l\u2019UFC Paris 4, l\u2019ancien champion de l\u2019ARES va d\u00e9j\u00e0 participer \u00e0 son quatri\u00e8me combat dans l\u2019octogone.<\/p>\n<h2 style=\"text-align: justify;\">Axel Sola potentiellement \u00e9mouss\u00e9<\/h2>\n<p style=\"text-align: justify;\">Combattant spectaculaire, la mentalit\u00e9 du prot\u00e9g\u00e9 d\u2019<strong>Aldric Cassata<\/strong> a tap\u00e9 dans l\u2019\u0153il de l\u2019UFC. L\u2019organisation appr\u00e9cie ces combattants qui assurent le spectacle et qu&rsquo;elle peut appeler n\u2019importe quand pour combattre n\u2019importe qui. En cela, <strong>Sola<\/strong> a d\u00e9j\u00e0 marqu\u00e9 des points aupr\u00e8s de <strong>Dana White<\/strong>. Mais le Ni\u00e7ois devra faire attention au surmenage.<\/p>\n<ul style=\"text-align: justify;\">\n<li><strong>\u00c0 ce sujet &#8211; <a href=\"https:\/\/dicodusport.fr\/blog\/axel-sola-frappe-fort-en-terminant-ismael-bonfim-des-le-premier-round-a-lufc-fight-night-282\/\">Axel Sola frappe fort en terminant Ismael Bonfim d\u00e8s le premier round \u00e0 l\u2019UFC Fight Night 282<\/a><\/strong><\/li>\n<\/ul>\n<p style=\"text-align: justify;\">42 jours seulement vont s\u00e9parer son dernier combat (face \u00e0 <strong>Bonfim<\/strong>) du prochain contre <strong>Ziam<\/strong>. La confrontation n\u2019avait certes pas dur\u00e9 longtemps, et il n\u2019avait subi aucun d\u00e9g\u00e2t. Toutefois, il ne faut pas n\u00e9gliger les exigences de la pr\u00e9paration pour le corps du combattant (notamment le <em>cutting<\/em>). Et encha\u00eener aussi rapidement a souvent un prix. Mais <strong>Sola<\/strong> voulait \u00eatre de l\u2019aventure \u00e0 Paris et ne pas g\u00e2cher une belle opportunit\u00e9 de prendre une nouvelle dimension chez les -70 kg.<\/p>\n<blockquote class=\"twitter-tweet\">\n<p dir=\"ltr\" lang=\"fr\">\ud83e\udd14 Axel Sola pas remis \u00e0 100% de son dernier combat avant l&rsquo;UFC Paris ?<\/p>\n<p>\ud83d\udc40 On en parle dans \u00ab\u00a0Le Sunday\u00a0\u00bb, tous les dimanches \u00e0 21h sur RMC Sport 1 et sur Twitch !<\/p>\n<p>\ud83d\udd17 Dispo juste ici : <a href=\"https:\/\/t.co\/7W800y2q0n\">https:\/\/t.co\/7W800y2q0n<\/a> <a href=\"https:\/\/t.co\/4pNfsbWw43\">pic.twitter.com\/4pNfsbWw43<\/a><\/p>\n<p>\u2014 RMC Sport Combat (@RMCSportCombat) <a href=\"https:\/\/x.com\/RMCSportCombat\/status\/2091636503570964817?ref_src=twsrc%5Etfw\">August 23, 2026<\/a><\/p><\/blockquote>\n<p style=\"text-align: justify;\"><script async src=\"https:\/\/platform.x.com\/widgets.js\" charset=\"utf-8\"><\/script><\/p>\n<h2 style=\"text-align: justify;\">Qui a le meilleur arsenal ?<\/h2>\n<p style=\"text-align: justify;\">Ce match-up est relativement \u00e9quilibr\u00e9, avec deux hommes au bagage technique assez proche. Ils sont polyvalents et n\u2019ont pas de r\u00e9el point faible apparent. <strong>Far\u00e8s Ziam<\/strong> devrait toutefois avoir l\u2019avantage en <em>striking<\/em>, avec sa vitesse d\u2019ex\u00e9cution et sa vari\u00e9t\u00e9. Il a su enrichir son kickboxing avec le MMA, en y int\u00e9grant de redoutables combinaisons de coudes et de genoux, notamment en <em>clinch<\/em>.<\/p>\n<ul style=\"text-align: justify;\">\n<li><strong>\u00c0 ce sujet &#8211; Salahdine Parnasse sera la t\u00eate d&rsquo;affiche de l\u2019UFC Paris 5 : le Fran\u00e7ais est-il en danger contre Dan Hooker ? (\u00e0 venir)<\/strong><\/li>\n<\/ul>\n<p style=\"text-align: justify;\">L\u2019ex-champion de l\u2019ARES FC a lui aussi de nombreux atouts. En plus d\u2019\u00eatre complet et intelligent dans la cage, il est \u00e9galement tr\u00e8s dur au mal. Le pensionnaire de la Boxing Squad n\u2019a jamais \u00e9t\u00e9 mis KO de toute sa carri\u00e8re. Il a montr\u00e9 contre <strong>Mason Jones<\/strong> qu\u2019il pouvait encaisser des coups \u00e0 r\u00e9p\u00e9tition. La question est alors de savoir s\u2019il pourra cette fois r\u00e9sister, avec un \u00e9tat de fatigue physique assez cons\u00e9quent, \u00e0 un <strong><em>Smile Killer<\/em><\/strong> encore plus motiv\u00e9 et lib\u00e9r\u00e9 que d\u2019habitude. Un adversaire qui repr\u00e9sente surtout un niveau d\u2019adversit\u00e9 que le Ni\u00e7ois n\u2019a encore jamais connu dans sa carri\u00e8re.<\/p>\n<p style=\"text-align: justify;\">Aller chercher le sol pour emp\u00eacher son compatriote de trouver son rythme en <em>striking<\/em> semble \u00eatre l\u2019option la plus int\u00e9ressante pour <strong>Axel Sola<\/strong>. Il devra peut-\u00eatre contenir sa fougue habituelle, malgr\u00e9 l\u2019ambiance \u00e9lectrique de l\u2019UFC Paris, pour ne pas entrer dans une guerre avec <strong>Far\u00e8s Ziam<\/strong>. Un <strong>Ziam<\/strong> plus frais, plus exp\u00e9riment\u00e9 et d\u00e9vastateur debout. Avec ces arguments, l\u2019ancien top 15 part favori dans cette opposition.<\/p>\n<ul>\n<li style=\"text-align: justify;\"><strong>\u00c0 ce sujet \u2013\u00a0<a href=\"https:\/\/dicodusport.fr\/blog\/combattants-francais-a-lufc-la-liste-complete-depuis-la-creation-de-lorganisation\/\">Combattants fran\u00e7ais \u00e0 l\u2019UFC : la liste compl\u00e8te depuis la cr\u00e9ation de l\u2019organisation<\/a><\/strong><\/li>\n<\/ul>\n<div id=\"gtx-trans\" style=\"position: absolute; left: -14px; top: 40.9091px;\">\n<div class=\"gtx-trans-icon\" style=\"text-align: justify;\"><\/div>\n<\/div>\n","protected":false},"excerpt":{"rendered":"<p>Far\u00e8s Ziam affronte Axel Sola lors du co-main event de l\u2019UFC Paris 2026. Forme, exp\u00e9rience, striking et fatigue : qui poss\u00e8de l\u2019avantage avant le choc ?<\/p>\n","protected":false},"author":86,"featured_media":701260,"comment_status":"open","ping_status":"closed","sticky":false,"template":"","format":"standard","meta":{"_acf_changed":false,"_daextam_enable_autolinks":"1","footnotes":"","_members_access_role":[],"_members_access_error":""},"categories":[10666],"tags":[32415,47440,16878,1222,1224,26177],"class_list":["post-700812","post","type-post","status-publish","format-standard","has-post-thumbnail","hentry","category-mma","tag-actu","tag-axel-sola","tag-breve","tag-mma","tag-ufc","tag-ufc-paris"],"acf":[],"yoast_head":"<!-- This site is optimized with the Yoast SEO Premium plugin v28.3 (Yoast SEO v28.3) - https:\/\/yoast.com\/product\/yoast-seo-premium-wordpress\/ -->\n<title>Far\u00e8s Ziam doit rebondir, Axel Sola sur sa lanc\u00e9e : qui remportera le duel 100% fran\u00e7ais \u00e0 l\u2019UFC Paris 5 ?<\/title>\n<meta name=\"description\" content=\"Far\u00e8s Ziam affronte Axel Sola lors du co-main event de l\u2019UFC Paris 2026. Forme, exp\u00e9rience, striking et fatigue : qui poss\u00e8de l\u2019avantage avant le choc ?\" \/>\n<meta name=\"robots\" content=\"index, follow, max-snippet:-1, max-image-preview:large, max-video-preview:-1\" \/>\n<link rel=\"canonical\" href=\"https:\/\/dicodusport.fr\/blog\/fares-ziam-doit-rebondir-axel-sola-sur-sa-lancee-qui-remportera-le-duel-100-francais-a-lufc-paris-5\/\" \/>\n<meta property=\"og:locale\" content=\"fr_FR\" \/>\n<meta property=\"og:type\" content=\"article\" \/>\n<meta property=\"og:title\" content=\"Far\u00e8s Ziam doit rebondir, Axel Sola sur sa lanc\u00e9e : qui remportera le duel 100% fran\u00e7ais \u00e0 l\u2019UFC Paris 5 ?\" \/>\n<meta property=\"og:description\" content=\"Far\u00e8s Ziam affronte Axel Sola lors du co-main event de l\u2019UFC Paris 2026. Forme, exp\u00e9rience, striking et fatigue : qui poss\u00e8de l\u2019avantage avant le choc ?\" \/>\n<meta property=\"og:url\" content=\"https:\/\/dicodusport.fr\/blog\/fares-ziam-doit-rebondir-axel-sola-sur-sa-lancee-qui-remportera-le-duel-100-francais-a-lufc-paris-5\/\" \/>\n<meta property=\"og:site_name\" content=\"Dicodusport\" \/>\n<meta property=\"article:publisher\" content=\"https:\/\/www.facebook.com\/dicodusport\" \/>\n<meta property=\"article:published_time\" content=\"2026-09-04T08:00:28+00:00\" \/>\n<meta property=\"og:image\" content=\"https:\/\/dicodusport.fr\/blog\/wp-content\/uploads\/2026\/09\/Fares-Ziam-doit-rebondir-Axel-Sola-sur-sa-lancee-qui-remportera-le-duel-100-pour-cent-francais-a-lUFC-Paris-5-.png\" \/>\n\t<meta property=\"og:image:width\" content=\"1200\" \/>\n\t<meta property=\"og:image:height\" content=\"674\" \/>\n\t<meta property=\"og:image:type\" content=\"image\/png\" \/>\n<meta name=\"author\" content=\"Nicolas Parant\" \/>\n<meta name=\"twitter:card\" content=\"summary_large_image\" \/>\n<meta name=\"twitter:title\" content=\"Far\u00e8s Ziam doit rebondir, Axel Sola sur sa lanc\u00e9e : qui remportera le duel 100% fran\u00e7ais \u00e0 l\u2019UFC Paris 5 ?\" \/>\n<meta name=\"twitter:creator\" content=\"@dicodusport\" \/>\n<meta name=\"twitter:site\" content=\"@dicodusport\" \/>\n<script type=\"application\/ld+json\" class=\"yoast-schema-graph\">{\"@context\":\"https:\\\/\\\/schema.org\",\"@graph\":[{\"@type\":\"NewsArticle\",\"@id\":\"https:\\\/\\\/dicodusport.fr\\\/blog\\\/fares-ziam-doit-rebondir-axel-sola-sur-sa-lancee-qui-remportera-le-duel-100-francais-a-lufc-paris-5\\\/#article\",\"isPartOf\":{\"@id\":\"https:\\\/\\\/dicodusport.fr\\\/blog\\\/fares-ziam-doit-rebondir-axel-sola-sur-sa-lancee-qui-remportera-le-duel-100-francais-a-lufc-paris-5\\\/\"},\"author\":{\"name\":\"Nicolas Parant\",\"@id\":\"https:\\\/\\\/dicodusport.fr\\\/blog\\\/#\\\/schema\\\/person\\\/816f1c1bae6e11b6ef5b39687639be63\"},\"headline\":\"Far\u00e8s Ziam doit rebondir, Axel Sola sur sa lanc\u00e9e : qui remportera le duel 100% fran\u00e7ais \u00e0 l\u2019UFC Paris 5 ?\",\"datePublished\":\"2026-09-04T08:00:28+00:00\",\"mainEntityOfPage\":{\"@id\":\"https:\\\/\\\/dicodusport.fr\\\/blog\\\/fares-ziam-doit-rebondir-axel-sola-sur-sa-lancee-qui-remportera-le-duel-100-francais-a-lufc-paris-5\\\/\"},\"wordCount\":780,\"commentCount\":0,\"publisher\":{\"@id\":\"https:\\\/\\\/dicodusport.fr\\\/blog\\\/#organization\"},\"image\":{\"@id\":\"https:\\\/\\\/dicodusport.fr\\\/blog\\\/fares-ziam-doit-rebondir-axel-sola-sur-sa-lancee-qui-remportera-le-duel-100-francais-a-lufc-paris-5\\\/#primaryimage\"},\"thumbnailUrl\":\"https:\\\/\\\/dicodusport.fr\\\/blog\\\/wp-content\\\/uploads\\\/2026\\\/09\\\/Fares-Ziam-doit-rebondir-Axel-Sola-sur-sa-lancee-qui-remportera-le-duel-100-pour-cent-francais-a-lUFC-Paris-5-.png\",\"keywords\":[\"actu\",\"Axel Sola\",\"br\u00e8ve\",\"MMA\",\"UFC\",\"UFC Paris\"],\"articleSection\":[\"MMA\"],\"inLanguage\":\"fr-FR\",\"potentialAction\":[{\"@type\":\"CommentAction\",\"name\":\"Comment\",\"target\":[\"https:\\\/\\\/dicodusport.fr\\\/blog\\\/fares-ziam-doit-rebondir-axel-sola-sur-sa-lancee-qui-remportera-le-duel-100-francais-a-lufc-paris-5\\\/#respond\"]}],\"copyrightYear\":\"2026\",\"copyrightHolder\":{\"@id\":\"https:\\\/\\\/dicodusport.fr\\\/blog\\\/#organization\"}},{\"@type\":\"WebPage\",\"@id\":\"https:\\\/\\\/dicodusport.fr\\\/blog\\\/fares-ziam-doit-rebondir-axel-sola-sur-sa-lancee-qui-remportera-le-duel-100-francais-a-lufc-paris-5\\\/\",\"url\":\"https:\\\/\\\/dicodusport.fr\\\/blog\\\/fares-ziam-doit-rebondir-axel-sola-sur-sa-lancee-qui-remportera-le-duel-100-francais-a-lufc-paris-5\\\/\",\"name\":\"Far\u00e8s Ziam doit rebondir, Axel Sola sur sa lanc\u00e9e : qui remportera le duel 100% fran\u00e7ais \u00e0 l\u2019UFC Paris 5 ?\",\"isPartOf\":{\"@id\":\"https:\\\/\\\/dicodusport.fr\\\/blog\\\/#website\"},\"primaryImageOfPage\":{\"@id\":\"https:\\\/\\\/dicodusport.fr\\\/blog\\\/fares-ziam-doit-rebondir-axel-sola-sur-sa-lancee-qui-remportera-le-duel-100-francais-a-lufc-paris-5\\\/#primaryimage\"},\"image\":{\"@id\":\"https:\\\/\\\/dicodusport.fr\\\/blog\\\/fares-ziam-doit-rebondir-axel-sola-sur-sa-lancee-qui-remportera-le-duel-100-francais-a-lufc-paris-5\\\/#primaryimage\"},\"thumbnailUrl\":\"https:\\\/\\\/dicodusport.fr\\\/blog\\\/wp-content\\\/uploads\\\/2026\\\/09\\\/Fares-Ziam-doit-rebondir-Axel-Sola-sur-sa-lancee-qui-remportera-le-duel-100-pour-cent-francais-a-lUFC-Paris-5-.png\",\"datePublished\":\"2026-09-04T08:00:28+00:00\",\"description\":\"Far\u00e8s Ziam affronte Axel Sola lors du co-main event de l\u2019UFC Paris 2026. Forme, exp\u00e9rience, striking et fatigue : qui poss\u00e8de l\u2019avantage avant le choc ?\",\"breadcrumb\":{\"@id\":\"https:\\\/\\\/dicodusport.fr\\\/blog\\\/fares-ziam-doit-rebondir-axel-sola-sur-sa-lancee-qui-remportera-le-duel-100-francais-a-lufc-paris-5\\\/#breadcrumb\"},\"inLanguage\":\"fr-FR\",\"potentialAction\":[{\"@type\":\"ReadAction\",\"target\":[\"https:\\\/\\\/dicodusport.fr\\\/blog\\\/fares-ziam-doit-rebondir-axel-sola-sur-sa-lancee-qui-remportera-le-duel-100-francais-a-lufc-paris-5\\\/\"]}]},{\"@type\":\"ImageObject\",\"inLanguage\":\"fr-FR\",\"@id\":\"https:\\\/\\\/dicodusport.fr\\\/blog\\\/fares-ziam-doit-rebondir-axel-sola-sur-sa-lancee-qui-remportera-le-duel-100-francais-a-lufc-paris-5\\\/#primaryimage\",\"url\":\"https:\\\/\\\/dicodusport.fr\\\/blog\\\/wp-content\\\/uploads\\\/2026\\\/09\\\/Fares-Ziam-doit-rebondir-Axel-Sola-sur-sa-lancee-qui-remportera-le-duel-100-pour-cent-francais-a-lUFC-Paris-5-.png\",\"contentUrl\":\"https:\\\/\\\/dicodusport.fr\\\/blog\\\/wp-content\\\/uploads\\\/2026\\\/09\\\/Fares-Ziam-doit-rebondir-Axel-Sola-sur-sa-lancee-qui-remportera-le-duel-100-pour-cent-francais-a-lUFC-Paris-5-.png\",\"width\":1200,\"height\":674,\"caption\":\"Far\u00e8s Ziam doit rebondir, Axel Sola sur sa lanc\u00e9e qui remportera le duel 100 pour cent fran\u00e7ais \u00e0 l\u2019UFC Paris 5\"},{\"@type\":\"BreadcrumbList\",\"@id\":\"https:\\\/\\\/dicodusport.fr\\\/blog\\\/fares-ziam-doit-rebondir-axel-sola-sur-sa-lancee-qui-remportera-le-duel-100-francais-a-lufc-paris-5\\\/#breadcrumb\",\"itemListElement\":[{\"@type\":\"ListItem\",\"position\":1,\"name\":\"Accueil\",\"item\":\"https:\\\/\\\/dicodusport.fr\\\/blog\\\/\"},{\"@type\":\"ListItem\",\"position\":2,\"name\":\"Far\u00e8s Ziam doit rebondir, Axel Sola sur sa lanc\u00e9e : qui remportera le duel 100% fran\u00e7ais \u00e0 l\u2019UFC Paris 5 ?\"}]},{\"@type\":\"WebSite\",\"@id\":\"https:\\\/\\\/dicodusport.fr\\\/blog\\\/#website\",\"url\":\"https:\\\/\\\/dicodusport.fr\\\/blog\\\/\",\"name\":\"Dicodusport\",\"description\":\"L&#039;encyclop\u00e9die de l&#039;actualit\u00e9 sportive\",\"publisher\":{\"@id\":\"https:\\\/\\\/dicodusport.fr\\\/blog\\\/#organization\"},\"potentialAction\":[{\"@type\":\"SearchAction\",\"target\":{\"@type\":\"EntryPoint\",\"urlTemplate\":\"https:\\\/\\\/dicodusport.fr\\\/blog\\\/?s={search_term_string}\"},\"query-input\":{\"@type\":\"PropertyValueSpecification\",\"valueRequired\":true,\"valueName\":\"search_term_string\"}}],\"inLanguage\":\"fr-FR\"},{\"@type\":\"NewsMediaOrganization\",\"@id\":\"https:\\\/\\\/dicodusport.fr\\\/blog\\\/#organization\",\"name\":\"Dicodusport\",\"url\":\"https:\\\/\\\/dicodusport.fr\\\/blog\\\/\",\"logo\":{\"@type\":\"ImageObject\",\"inLanguage\":\"fr-FR\",\"@id\":\"https:\\\/\\\/dicodusport.fr\\\/blog\\\/#\\\/schema\\\/logo\\\/image\\\/\",\"url\":\"https:\\\/\\\/dicodusport.fr\\\/blog\\\/wp-content\\\/uploads\\\/2020\\\/06\\\/cropped-LOGO-DICODUSPORT-2020-SANS-FOND-SANS-TEXTE.png\",\"contentUrl\":\"https:\\\/\\\/dicodusport.fr\\\/blog\\\/wp-content\\\/uploads\\\/2020\\\/06\\\/cropped-LOGO-DICODUSPORT-2020-SANS-FOND-SANS-TEXTE.png\",\"width\":512,\"height\":512,\"caption\":\"Dicodusport\"},\"image\":{\"@id\":\"https:\\\/\\\/dicodusport.fr\\\/blog\\\/#\\\/schema\\\/logo\\\/image\\\/\"},\"sameAs\":[\"https:\\\/\\\/www.facebook.com\\\/dicodusport\",\"https:\\\/\\\/x.com\\\/dicodusport\",\"https:\\\/\\\/www.instagram.com\\\/dicodusport\\\/\",\"https:\\\/\\\/www.youtube.com\\\/channel\\\/UC7V2KZ5sd3htJivAbA4ZG3w\"],\"description\":\"Dicodusport est l'encyclop\u00e9die de l'actualit\u00e9 sportive.\",\"email\":\"bonjour@dicodusport.fr\",\"legalName\":\"DICODUSPORT\",\"foundingDate\":\"2018-01-14\",\"vatID\":\"FR71834470973\",\"taxID\":\"83447097300043\",\"numberOfEmployees\":{\"@type\":\"QuantitativeValue\",\"minValue\":\"1\",\"maxValue\":\"10\"}},{\"@type\":\"Person\",\"@id\":\"https:\\\/\\\/dicodusport.fr\\\/blog\\\/#\\\/schema\\\/person\\\/816f1c1bae6e11b6ef5b39687639be63\",\"name\":\"Nicolas Parant\",\"image\":{\"@type\":\"ImageObject\",\"inLanguage\":\"fr-FR\",\"@id\":\"https:\\\/\\\/dicodusport.fr\\\/blog\\\/wp-content\\\/uploads\\\/2023\\\/04\\\/1B6E3319-7CA3-49A2-A3FB-D53C46115743-150x150.jpeg\",\"url\":\"https:\\\/\\\/dicodusport.fr\\\/blog\\\/wp-content\\\/uploads\\\/2023\\\/04\\\/1B6E3319-7CA3-49A2-A3FB-D53C46115743-150x150.jpeg\",\"contentUrl\":\"https:\\\/\\\/dicodusport.fr\\\/blog\\\/wp-content\\\/uploads\\\/2023\\\/04\\\/1B6E3319-7CA3-49A2-A3FB-D53C46115743-150x150.jpeg\",\"caption\":\"Nicolas Parant\"},\"description\":\"Passionn\u00e9 de sport et d\u2019\u00e9criture, r\u00e9diger des articles a \u00e9t\u00e9 une v\u00e9ritable r\u00e9v\u00e9lation quand j\u2019ai pris la plume num\u00e9rique pour la premi\u00e8re fois en 2021. Admiratif des exploits de Nadal \u00e0 Roland Garros et du charisme de Zlatan Ibrahimovi\u0107 \u00e0 son arriv\u00e9e dans la capitale, je m\u2019efforce de transmettre au mieux les \u00e9motions des athl\u00e8tes de la nouvelle g\u00e9n\u00e9ration. \u00c0 Dicodusport depuis 2023, je commente principalement les batailles qui se d\u00e9roulent dans l\u2019octogone de l\u2019UFC ou sur les pelouses de football et de rugby.\",\"url\":\"https:\\\/\\\/dicodusport.fr\\\/blog\\\/author\\\/nicolas-parant\\\/\"}]}<\/script>\n<!-- \/ Yoast SEO Premium plugin. -->","yoast_head_json":{"title":"Far\u00e8s Ziam doit rebondir, Axel Sola sur sa lanc\u00e9e : qui remportera le duel 100% fran\u00e7ais \u00e0 l\u2019UFC Paris 5 ?","description":"Far\u00e8s Ziam affronte Axel Sola lors du co-main event de l\u2019UFC Paris 2026. Forme, exp\u00e9rience, striking et fatigue : qui poss\u00e8de l\u2019avantage avant le choc ?","robots":{"index":"index","follow":"follow","max-snippet":"max-snippet:-1","max-image-preview":"max-image-preview:large","max-video-preview":"max-video-preview:-1"},"canonical":"https:\/\/dicodusport.fr\/blog\/fares-ziam-doit-rebondir-axel-sola-sur-sa-lancee-qui-remportera-le-duel-100-francais-a-lufc-paris-5\/","og_locale":"fr_FR","og_type":"article","og_title":"Far\u00e8s Ziam doit rebondir, Axel Sola sur sa lanc\u00e9e : qui remportera le duel 100% fran\u00e7ais \u00e0 l\u2019UFC Paris 5 ?","og_description":"Far\u00e8s Ziam affronte Axel Sola lors du co-main event de l\u2019UFC Paris 2026. Forme, exp\u00e9rience, striking et fatigue : qui poss\u00e8de l\u2019avantage avant le choc ?","og_url":"https:\/\/dicodusport.fr\/blog\/fares-ziam-doit-rebondir-axel-sola-sur-sa-lancee-qui-remportera-le-duel-100-francais-a-lufc-paris-5\/","og_site_name":"Dicodusport","article_publisher":"https:\/\/www.facebook.com\/dicodusport","article_published_time":"2026-09-04T08:00:28+00:00","og_image":[{"width":1200,"height":674,"url":"https:\/\/dicodusport.fr\/blog\/wp-content\/uploads\/2026\/09\/Fares-Ziam-doit-rebondir-Axel-Sola-sur-sa-lancee-qui-remportera-le-duel-100-pour-cent-francais-a-lUFC-Paris-5-.png","type":"image\/png"}],"author":"Nicolas Parant","twitter_card":"summary_large_image","twitter_title":"Far\u00e8s Ziam doit rebondir, Axel Sola sur sa lanc\u00e9e : qui remportera le duel 100% fran\u00e7ais \u00e0 l\u2019UFC Paris 5 ?","twitter_creator":"@dicodusport","twitter_site":"@dicodusport","schema":{"@context":"https:\/\/schema.org","@graph":[{"@type":"NewsArticle","@id":"https:\/\/dicodusport.fr\/blog\/fares-ziam-doit-rebondir-axel-sola-sur-sa-lancee-qui-remportera-le-duel-100-francais-a-lufc-paris-5\/#article","isPartOf":{"@id":"https:\/\/dicodusport.fr\/blog\/fares-ziam-doit-rebondir-axel-sola-sur-sa-lancee-qui-remportera-le-duel-100-francais-a-lufc-paris-5\/"},"author":{"name":"Nicolas Parant","@id":"https:\/\/dicodusport.fr\/blog\/#\/schema\/person\/816f1c1bae6e11b6ef5b39687639be63"},"headline":"Far\u00e8s Ziam doit rebondir, Axel Sola sur sa lanc\u00e9e : qui remportera le duel 100% fran\u00e7ais \u00e0 l\u2019UFC Paris 5 ?","datePublished":"2026-09-04T08:00:28+00:00","mainEntityOfPage":{"@id":"https:\/\/dicodusport.fr\/blog\/fares-ziam-doit-rebondir-axel-sola-sur-sa-lancee-qui-remportera-le-duel-100-francais-a-lufc-paris-5\/"},"wordCount":780,"commentCount":0,"publisher":{"@id":"https:\/\/dicodusport.fr\/blog\/#organization"},"image":{"@id":"https:\/\/dicodusport.fr\/blog\/fares-ziam-doit-rebondir-axel-sola-sur-sa-lancee-qui-remportera-le-duel-100-francais-a-lufc-paris-5\/#primaryimage"},"thumbnailUrl":"https:\/\/dicodusport.fr\/blog\/wp-content\/uploads\/2026\/09\/Fares-Ziam-doit-rebondir-Axel-Sola-sur-sa-lancee-qui-remportera-le-duel-100-pour-cent-francais-a-lUFC-Paris-5-.png","keywords":["actu","Axel Sola","br\u00e8ve","MMA","UFC","UFC Paris"],"articleSection":["MMA"],"inLanguage":"fr-FR","potentialAction":[{"@type":"CommentAction","name":"Comment","target":["https:\/\/dicodusport.fr\/blog\/fares-ziam-doit-rebondir-axel-sola-sur-sa-lancee-qui-remportera-le-duel-100-francais-a-lufc-paris-5\/#respond"]}],"copyrightYear":"2026","copyrightHolder":{"@id":"https:\/\/dicodusport.fr\/blog\/#organization"}},{"@type":"WebPage","@id":"https:\/\/dicodusport.fr\/blog\/fares-ziam-doit-rebondir-axel-sola-sur-sa-lancee-qui-remportera-le-duel-100-francais-a-lufc-paris-5\/","url":"https:\/\/dicodusport.fr\/blog\/fares-ziam-doit-rebondir-axel-sola-sur-sa-lancee-qui-remportera-le-duel-100-francais-a-lufc-paris-5\/","name":"Far\u00e8s Ziam doit rebondir, Axel Sola sur sa lanc\u00e9e : qui remportera le duel 100% fran\u00e7ais \u00e0 l\u2019UFC Paris 5 ?","isPartOf":{"@id":"https:\/\/dicodusport.fr\/blog\/#website"},"primaryImageOfPage":{"@id":"https:\/\/dicodusport.fr\/blog\/fares-ziam-doit-rebondir-axel-sola-sur-sa-lancee-qui-remportera-le-duel-100-francais-a-lufc-paris-5\/#primaryimage"},"image":{"@id":"https:\/\/dicodusport.fr\/blog\/fares-ziam-doit-rebondir-axel-sola-sur-sa-lancee-qui-remportera-le-duel-100-francais-a-lufc-paris-5\/#primaryimage"},"thumbnailUrl":"https:\/\/dicodusport.fr\/blog\/wp-content\/uploads\/2026\/09\/Fares-Ziam-doit-rebondir-Axel-Sola-sur-sa-lancee-qui-remportera-le-duel-100-pour-cent-francais-a-lUFC-Paris-5-.png","datePublished":"2026-09-04T08:00:28+00:00","description":"Far\u00e8s Ziam affronte Axel Sola lors du co-main event de l\u2019UFC Paris 2026. Forme, exp\u00e9rience, striking et fatigue : qui poss\u00e8de l\u2019avantage avant le choc ?","breadcrumb":{"@id":"https:\/\/dicodusport.fr\/blog\/fares-ziam-doit-rebondir-axel-sola-sur-sa-lancee-qui-remportera-le-duel-100-francais-a-lufc-paris-5\/#breadcrumb"},"inLanguage":"fr-FR","potentialAction":[{"@type":"ReadAction","target":["https:\/\/dicodusport.fr\/blog\/fares-ziam-doit-rebondir-axel-sola-sur-sa-lancee-qui-remportera-le-duel-100-francais-a-lufc-paris-5\/"]}]},{"@type":"ImageObject","inLanguage":"fr-FR","@id":"https:\/\/dicodusport.fr\/blog\/fares-ziam-doit-rebondir-axel-sola-sur-sa-lancee-qui-remportera-le-duel-100-francais-a-lufc-paris-5\/#primaryimage","url":"https:\/\/dicodusport.fr\/blog\/wp-content\/uploads\/2026\/09\/Fares-Ziam-doit-rebondir-Axel-Sola-sur-sa-lancee-qui-remportera-le-duel-100-pour-cent-francais-a-lUFC-Paris-5-.png","contentUrl":"https:\/\/dicodusport.fr\/blog\/wp-content\/uploads\/2026\/09\/Fares-Ziam-doit-rebondir-Axel-Sola-sur-sa-lancee-qui-remportera-le-duel-100-pour-cent-francais-a-lUFC-Paris-5-.png","width":1200,"height":674,"caption":"Far\u00e8s Ziam doit rebondir, Axel Sola sur sa lanc\u00e9e qui remportera le duel 100 pour cent fran\u00e7ais \u00e0 l\u2019UFC Paris 5"},{"@type":"BreadcrumbList","@id":"https:\/\/dicodusport.fr\/blog\/fares-ziam-doit-rebondir-axel-sola-sur-sa-lancee-qui-remportera-le-duel-100-francais-a-lufc-paris-5\/#breadcrumb","itemListElement":[{"@type":"ListItem","position":1,"name":"Accueil","item":"https:\/\/dicodusport.fr\/blog\/"},{"@type":"ListItem","position":2,"name":"Far\u00e8s Ziam doit rebondir, Axel Sola sur sa lanc\u00e9e : qui remportera le duel 100% fran\u00e7ais \u00e0 l\u2019UFC Paris 5 ?"}]},{"@type":"WebSite","@id":"https:\/\/dicodusport.fr\/blog\/#website","url":"https:\/\/dicodusport.fr\/blog\/","name":"Dicodusport","description":"L&#039;encyclop\u00e9die de l&#039;actualit\u00e9 sportive","publisher":{"@id":"https:\/\/dicodusport.fr\/blog\/#organization"},"potentialAction":[{"@type":"SearchAction","target":{"@type":"EntryPoint","urlTemplate":"https:\/\/dicodusport.fr\/blog\/?s={search_term_string}"},"query-input":{"@type":"PropertyValueSpecification","valueRequired":true,"valueName":"search_term_string"}}],"inLanguage":"fr-FR"},{"@type":"NewsMediaOrganization","@id":"https:\/\/dicodusport.fr\/blog\/#organization","name":"Dicodusport","url":"https:\/\/dicodusport.fr\/blog\/","logo":{"@type":"ImageObject","inLanguage":"fr-FR","@id":"https:\/\/dicodusport.fr\/blog\/#\/schema\/logo\/image\/","url":"https:\/\/dicodusport.fr\/blog\/wp-content\/uploads\/2020\/06\/cropped-LOGO-DICODUSPORT-2020-SANS-FOND-SANS-TEXTE.png","contentUrl":"https:\/\/dicodusport.fr\/blog\/wp-content\/uploads\/2020\/06\/cropped-LOGO-DICODUSPORT-2020-SANS-FOND-SANS-TEXTE.png","width":512,"height":512,"caption":"Dicodusport"},"image":{"@id":"https:\/\/dicodusport.fr\/blog\/#\/schema\/logo\/image\/"},"sameAs":["https:\/\/www.facebook.com\/dicodusport","https:\/\/x.com\/dicodusport","https:\/\/www.instagram.com\/dicodusport\/","https:\/\/www.youtube.com\/channel\/UC7V2KZ5sd3htJivAbA4ZG3w"],"description":"Dicodusport est l'encyclop\u00e9die de l'actualit\u00e9 sportive.","email":"bonjour@dicodusport.fr","legalName":"DICODUSPORT","foundingDate":"2018-01-14","vatID":"FR71834470973","taxID":"83447097300043","numberOfEmployees":{"@type":"QuantitativeValue","minValue":"1","maxValue":"10"}},{"@type":"Person","@id":"https:\/\/dicodusport.fr\/blog\/#\/schema\/person\/816f1c1bae6e11b6ef5b39687639be63","name":"Nicolas Parant","image":{"@type":"ImageObject","inLanguage":"fr-FR","@id":"https:\/\/dicodusport.fr\/blog\/wp-content\/uploads\/2023\/04\/1B6E3319-7CA3-49A2-A3FB-D53C46115743-150x150.jpeg","url":"https:\/\/dicodusport.fr\/blog\/wp-content\/uploads\/2023\/04\/1B6E3319-7CA3-49A2-A3FB-D53C46115743-150x150.jpeg","contentUrl":"https:\/\/dicodusport.fr\/blog\/wp-content\/uploads\/2023\/04\/1B6E3319-7CA3-49A2-A3FB-D53C46115743-150x150.jpeg","caption":"Nicolas Parant"},"description":"Passionn\u00e9 de sport et d\u2019\u00e9criture, r\u00e9diger des articles a \u00e9t\u00e9 une v\u00e9ritable r\u00e9v\u00e9lation quand j\u2019ai pris la plume num\u00e9rique pour la premi\u00e8re fois en 2021. Admiratif des exploits de Nadal \u00e0 Roland Garros et du charisme de Zlatan Ibrahimovi\u0107 \u00e0 son arriv\u00e9e dans la capitale, je m\u2019efforce de transmettre au mieux les \u00e9motions des athl\u00e8tes de la nouvelle g\u00e9n\u00e9ration. \u00c0 Dicodusport depuis 2023, je commente principalement les batailles qui se d\u00e9roulent dans l\u2019octogone de l\u2019UFC ou sur les pelouses de football et de rugby.","url":"https:\/\/dicodusport.fr\/blog\/author\/nicolas-parant\/"}]}},"_links":{"self":[{"href":"https:\/\/dicodusport.fr\/blog\/wp-json\/wp\/v2\/posts\/700812","targetHints":{"allow":["GET"]}}],"collection":[{"href":"https:\/\/dicodusport.fr\/blog\/wp-json\/wp\/v2\/posts"}],"about":[{"href":"https:\/\/dicodusport.fr\/blog\/wp-json\/wp\/v2\/types\/post"}],"author":[{"embeddable":true,"href":"https:\/\/dicodusport.fr\/blog\/wp-json\/wp\/v2\/users\/86"}],"replies":[{"embeddable":true,"href":"https:\/\/dicodusport.fr\/blog\/wp-json\/wp\/v2\/comments?post=700812"}],"version-history":[{"count":5,"href":"https:\/\/dicodusport.fr\/blog\/wp-json\/wp\/v2\/posts\/700812\/revisions"}],"predecessor-version":[{"id":701261,"href":"https:\/\/dicodusport.fr\/blog\/wp-json\/wp\/v2\/posts\/700812\/revisions\/701261"}],"wp:featuredmedia":[{"embeddable":true,"href":"https:\/\/dicodusport.fr\/blog\/wp-json\/wp\/v2\/media\/701260"}],"wp:attachment":[{"href":"https:\/\/dicodusport.fr\/blog\/wp-json\/wp\/v2\/media?parent=700812"}],"wp:term":[{"taxonomy":"category","embeddable":true,"href":"https:\/\/dicodusport.fr\/blog\/wp-json\/wp\/v2\/categories?post=700812"},{"taxonomy":"post_tag","embeddable":true,"href":"https:\/\/dicodusport.fr\/blog\/wp-json\/wp\/v2\/tags?post=700812"}],"curies":[{"name":"wp","href":"https:\/\/api.w.org\/{rel}","templated":true}]}}