{"id":700814,"date":"2026-09-04T09:00:50","date_gmt":"2026-09-04T07:00:50","guid":{"rendered":"https:\/\/dicodusport.fr\/blog\/?p=700814&#038;preview=true&#038;preview_id=700814"},"modified":"2026-09-03T14:22:42","modified_gmt":"2026-09-03T12:22:42","slug":"pour-ses-debuts-a-lufc-salahdine-parnasse-a-t-il-vraiment-de-quoi-craindre-dan-hooker","status":"publish","type":"post","link":"https:\/\/dicodusport.fr\/blog\/pour-ses-debuts-a-lufc-salahdine-parnasse-a-t-il-vraiment-de-quoi-craindre-dan-hooker\/","title":{"rendered":"Pour ses d\u00e9buts \u00e0 l\u2019UFC, Salahdine Parnasse a-t-il vraiment de quoi craindre Dan Hooker ?"},"content":{"rendered":"<p style=\"text-align: justify;\"><em><strong>UFC PARIS 2026 &#8211; Apr\u00e8s avoir r\u00e9gn\u00e9 sur le KSW, Salahdine Parnasse s\u2019appr\u00eate \u00e0 faire ses premiers pas \u00e0 l\u2019UFC chez les poids l\u00e9gers. Ce sera \u00e0 Paris, en main event, contre un top 15. Mais faut-il s\u2019inqui\u00e9ter pour le Fran\u00e7ais contre Dan Hooker ?<\/strong><\/em><\/p>\n<ul>\n<li style=\"text-align: justify;\"><strong>\u00c0 ce sujet \u2013 <a href=\"https:\/\/dicodusport.fr\/blog\/ufc-paris-2026-liste-des-combats-cartes-principale-et-preliminaire\/\">UFC Paris 2026 : Liste des combats Cartes principale et pr\u00e9liminaire<\/a><\/strong><\/li>\n<\/ul>\n<p style=\"text-align: justify;\"><strong>Salahdine Parnasse<\/strong> (23-2) d\u00e9barque \u00e0 l\u2019UFC par la grande porte, puisqu\u2019il entre dans le cercle restreint des combattants ayant d\u00e9but\u00e9 directement en main event. Double champion de la plus grosse organisation europ\u00e9enne, le Fran\u00e7ais de 28 ans s\u2019attaque d\u00e9sormais \u00e0 la r\u00e9f\u00e9rence mondiale de la discipline. Samedi soir, il sera le favori des <em>bookmakers<\/em> contre <strong>Dan Hooker<\/strong>, mais il faudra \u00e9videmment se m\u00e9fier du v\u00e9t\u00e9ran n\u00e9o-z\u00e9landais, m\u00eame s\u2019il semble sur le d\u00e9clin.<\/p>\n<blockquote class=\"twitter-tweet\">\n<p dir=\"ltr\" lang=\"fr\">La stat est folle&#8230; Salahdine Parnasse \ud83c\uddeb\ud83c\uddf7\ud83c\uddf2\ud83c\udde6 rejoint un cercle tr\u00e8s ferm\u00e9 \ud83e\udd2f<\/p>\n<p>Il affrontera Dan Hooker \ud83c\uddf3\ud83c\uddff en main event de l&rsquo;UFC Paris le 5 septembre prochain \ud83d\ude24<\/p>\n<p>\ud83d\udcfa \u00c0 suivre sur RMC Sport. <a href=\"https:\/\/t.co\/OFcUdHvKTO\">pic.twitter.com\/OFcUdHvKTO<\/a><\/p>\n<p>\u2014 RMC Sport Combat (@RMCSportCombat) <a href=\"https:\/\/x.com\/RMCSportCombat\/status\/2092614643189534748?ref_src=twsrc%5Etfw\">August 26, 2026<\/a><\/p><\/blockquote>\n<p style=\"text-align: justify;\"><script async src=\"https:\/\/platform.x.com\/widgets.js\" charset=\"utf-8\"><\/script><\/p>\n<h2 style=\"text-align: justify;\">Les points cl\u00e9s de cette opposition de styles<\/h2>\n<p style=\"text-align: justify;\">Les qualit\u00e9s principales de <strong>Salahdine Parnasse<\/strong> sont sa polyvalence, son fight IQ et surtout son cardio hors du commun. Que ce soit debout ou au sol, en 3 ou en 5 rounds, le combattant de la Atch Academy est capable de tenir un rythme effr\u00e9n\u00e9 dans l\u2019octogone. Il est aussi tr\u00e8s explosif, et sa rapidit\u00e9 \u00e0 encha\u00eener les <em>in and out<\/em> lui permet de toucher \u00e0 r\u00e9p\u00e9tition et de donner le tempo. Jusqu\u2019\u00e0 ce qu\u2019il change de niveau \u00e0 la moindre ouverture pour amener le combat au sol.<\/p>\n<p style=\"text-align: justify;\">Pur produit du MMA, <strong>Parnasse<\/strong> peut tout faire et le faire, tr\u00e8s souvent, mieux que les autres. Surtout si ce sont les poings qui parlent. D\u2019autant que <strong>Dan Hooker<\/strong> n\u2019a pas forc\u00e9ment une arme pr\u00e9cise qu\u2019il ma\u00eetrise \u00e0 la perfection pour inqui\u00e9ter l\u2019ex-double champion du KSW.<\/p>\n<ul style=\"text-align: justify;\">\n<li style=\"text-align: justify;\"><strong>\u00c0 ce sujet &#8211; Far\u00e8s Ziam doit rebondir, Axel Sola sur sa lanc\u00e9e : qui remportera le duel 100 % fran\u00e7ais \u00e0 l\u2019UFC Paris 5 ? (\u00e0 venir)<\/strong><\/li>\n<\/ul>\n<p style=\"text-align: justify;\">\u00c0 contrario, l\u2019Oc\u00e9anien est m\u00eame plut\u00f4t limit\u00e9 en lutte, m\u00eame s\u2019il peut g\u00eaner avec ses guillotines. Et c\u2019est ici que le <strong><em>Mbapp\u00e9 du MMA<\/em><\/strong> pourra appuyer si besoin pour faire la diff\u00e9rence. Face aux sp\u00e9cialistes du <em>grappling<\/em> (<strong>Tsarukyan<\/strong>, <strong>Makhachev<\/strong>), <em>The Hangman<\/em> a souvent eu beaucoup de mal par le pass\u00e9. Et m\u00eame encore r\u00e9cemment contre <strong>Beno\u00eet Saint-Denis<\/strong>.<\/p>\n<ul style=\"text-align: justify;\">\n<li style=\"text-align: justify;\"><strong>\u00c0 ce sujet &#8211; <a href=\"https:\/\/dicodusport.fr\/blog\/benoit-saint-denis-en-demonstration-contre-hooker-a-lufc-325-volkanovski-defend-de-nouveau-sa-ceinture-face-a-lopes\/\">Beno\u00eet Saint Denis en d\u00e9monstration contre Hooker \u00e0 l\u2019UFC 325<\/a><\/strong><\/li>\n<\/ul>\n<p style=\"text-align: justify;\">Le natif d\u2019Auckland dispose toutefois de plusieurs arguments \u00e0 faire valoir. Il y a d\u2019abord son exp\u00e9rience des grands rendez-vous. Membre du top 15 depuis 2019, il a disput\u00e9 24 combats dans l\u2019organisation (14V-10D) et a d\u00e9fi\u00e9 les plus grands de la cat\u00e9gorie. C\u2019est \u00e9galement un guerrier dans l\u2019\u00e2me, qui n\u2019a pas peur de prendre des coups et de prendre part \u00e0 des batailles violentes. <strong>Hooker<\/strong> poss\u00e8de \u00e9galement de longs segments, ce qui peut lui permettre de tenir la distance. Mais on a d\u00e9j\u00e0 vu contre <strong>Tsarukyan<\/strong> qu\u2019il pouvait prendre la foudre face \u00e0 un adversaire pourtant bien plus petit que lui.<\/p>\n<h2 style=\"text-align: justify;\">Bilan : un large avantage Parnasse<\/h2>\n<p style=\"text-align: justify;\">Alors, faut-il s\u2019inqui\u00e9ter pour le Tricolore ? Pas outre mesure. Le prot\u00e9g\u00e9 d&rsquo;<strong>Atch<\/strong> devrait prendre assez facilement le dessus sur son opposant dans ce <em>main event<\/em>. Sa vitesse dans les encha\u00eenements face \u00e0 un <strong>Dan Hooker<\/strong> plut\u00f4t lent, \u00e0 36 ans, devrait parler d&rsquo;elle-m\u00eame. Un <strong>Hooker<\/strong> moins complet que <strong>Parnasse<\/strong> et surtout bien moins affam\u00e9 qu\u2019un nouveau venu dans l\u2019organisation reine du MMA.<\/p>\n<p style=\"text-align: justify;\">Si le Tricolore commence \u00e0 sortir le grand jeu, avec une boxe anglaise des grands soirs et des changements de niveau bien sentis, le N\u00e9o-Z\u00e9landais va passer un tr\u00e8s mauvais quart d\u2019heure\u2026 si le combat ne se termine pas avant. Le Francilien sort justement de six victoires cons\u00e9cutives par TKO. Une s\u00e9rie incroyable qu\u2019il esp\u00e8re poursuivre pour son arriv\u00e9e dans l\u2019organisation de <strong>Dana White<\/strong> !<\/p>\n<div id=\"gtx-trans\" style=\"position: absolute; left: -14px; top: 40.9091px; text-align: justify;\">\n<div class=\"gtx-trans-icon\"><\/div>\n<\/div>\n<blockquote class=\"twitter-tweet\">\n<p dir=\"ltr\" lang=\"fr\">Salahdine Parnasse est tr\u00e8s largement favori face \u00e0 Dan Hooker. \ud83e\udd2f\ud83d\udcc8<\/p>\n<p>Les deux hommes s\u2019affronteront dans 5 jours en main event de l\u2019<a href=\"https:\/\/x.com\/hashtag\/UFCParis?src=hash&amp;ref_src=twsrc%5Etfw\">#UFCParis<\/a>. \ud83d\udc40\ud83c\uddeb\ud83c\uddf7 <a href=\"https:\/\/t.co\/VTSQjOQeYY\">pic.twitter.com\/VTSQjOQeYY<\/a><\/p>\n<p>\u2014 La Sueur (@LaSueur_off) <a href=\"https:\/\/x.com\/LaSueur_off\/status\/2094382805123781035?ref_src=twsrc%5Etfw\">August 31, 2026<\/a><\/p><\/blockquote>\n<p style=\"text-align: justify;\"><script async src=\"https:\/\/platform.x.com\/widgets.js\" charset=\"utf-8\"><\/script><\/p>\n<ul>\n<li style=\"text-align: justify;\"><strong>\u00c0 ce sujet \u2013\u00a0<a href=\"https:\/\/dicodusport.fr\/blog\/combattants-francais-a-lufc-la-liste-complete-depuis-la-creation-de-lorganisation\/\">Combattants fran\u00e7ais \u00e0 l\u2019UFC : la liste compl\u00e8te depuis la cr\u00e9ation de l\u2019organisation<\/a><\/strong><\/li>\n<\/ul>\n","protected":false},"excerpt":{"rendered":"<p>Salahdine Parnasse affronte Dan Hooker pour ses d\u00e9buts \u00e0 l\u2019UFC Paris 2026. Forces, faiblesses et cl\u00e9s du combat : le Fran\u00e7ais part avec un net avantage.<\/p>\n","protected":false},"author":86,"featured_media":701257,"comment_status":"open","ping_status":"closed","sticky":false,"template":"","format":"standard","meta":{"_acf_changed":false,"_daextam_enable_autolinks":"1","footnotes":"","_members_access_role":[],"_members_access_error":""},"categories":[10666],"tags":[32415,16878,1222,31807,1224,26177],"class_list":["post-700814","post","type-post","status-publish","format-standard","has-post-thumbnail","hentry","category-mma","tag-actu","tag-breve","tag-mma","tag-salahdine-parnasse","tag-ufc","tag-ufc-paris"],"acf":[],"yoast_head":"<!-- This site is optimized with the Yoast SEO Premium plugin v28.3 (Yoast SEO v28.3) - https:\/\/yoast.com\/product\/yoast-seo-premium-wordpress\/ -->\n<title>Pour ses d\u00e9buts \u00e0 l\u2019UFC, Salahdine Parnasse a-t-il vraiment de quoi craindre Dan Hooker ?<\/title>\n<meta name=\"description\" content=\"Salahdine Parnasse affronte Dan Hooker pour ses d\u00e9buts \u00e0 l\u2019UFC Paris 2026. Forces, faiblesses et cl\u00e9s du combat : le Fran\u00e7ais part avec un net avantage.\" \/>\n<meta name=\"robots\" content=\"index, follow, max-snippet:-1, max-image-preview:large, max-video-preview:-1\" \/>\n<link rel=\"canonical\" href=\"https:\/\/dicodusport.fr\/blog\/pour-ses-debuts-a-lufc-salahdine-parnasse-a-t-il-vraiment-de-quoi-craindre-dan-hooker\/\" \/>\n<meta property=\"og:locale\" content=\"fr_FR\" \/>\n<meta property=\"og:type\" content=\"article\" \/>\n<meta property=\"og:title\" content=\"Pour ses d\u00e9buts \u00e0 l\u2019UFC, Salahdine Parnasse a-t-il vraiment de quoi craindre Dan Hooker ?\" \/>\n<meta property=\"og:description\" content=\"Salahdine Parnasse affronte Dan Hooker pour ses d\u00e9buts \u00e0 l\u2019UFC Paris 2026. Forces, faiblesses et cl\u00e9s du combat : le Fran\u00e7ais part avec un net avantage.\" \/>\n<meta property=\"og:url\" content=\"https:\/\/dicodusport.fr\/blog\/pour-ses-debuts-a-lufc-salahdine-parnasse-a-t-il-vraiment-de-quoi-craindre-dan-hooker\/\" \/>\n<meta property=\"og:site_name\" content=\"Dicodusport\" \/>\n<meta property=\"article:publisher\" content=\"https:\/\/www.facebook.com\/dicodusport\" \/>\n<meta property=\"article:published_time\" content=\"2026-09-04T07:00:50+00:00\" \/>\n<meta property=\"og:image\" content=\"https:\/\/dicodusport.fr\/blog\/wp-content\/uploads\/2026\/09\/Pour-ses-debuts-a-lUFC-Salahdine-Parnasse-a-t-il-vraiment-de-quoi-craindre-Dan-Hooker-.png\" \/>\n\t<meta property=\"og:image:width\" content=\"1200\" \/>\n\t<meta property=\"og:image:height\" content=\"674\" \/>\n\t<meta property=\"og:image:type\" content=\"image\/png\" \/>\n<meta name=\"author\" content=\"Nicolas Parant\" \/>\n<meta name=\"twitter:card\" content=\"summary_large_image\" \/>\n<meta name=\"twitter:title\" content=\"Pour ses d\u00e9buts \u00e0 l\u2019UFC, Salahdine Parnasse a-t-il vraiment de quoi craindre Dan Hooker ?\" \/>\n<meta name=\"twitter:creator\" content=\"@dicodusport\" \/>\n<meta name=\"twitter:site\" content=\"@dicodusport\" \/>\n<script type=\"application\/ld+json\" class=\"yoast-schema-graph\">{\"@context\":\"https:\\\/\\\/schema.org\",\"@graph\":[{\"@type\":\"NewsArticle\",\"@id\":\"https:\\\/\\\/dicodusport.fr\\\/blog\\\/pour-ses-debuts-a-lufc-salahdine-parnasse-a-t-il-vraiment-de-quoi-craindre-dan-hooker\\\/#article\",\"isPartOf\":{\"@id\":\"https:\\\/\\\/dicodusport.fr\\\/blog\\\/pour-ses-debuts-a-lufc-salahdine-parnasse-a-t-il-vraiment-de-quoi-craindre-dan-hooker\\\/\"},\"author\":{\"name\":\"Nicolas Parant\",\"@id\":\"https:\\\/\\\/dicodusport.fr\\\/blog\\\/#\\\/schema\\\/person\\\/816f1c1bae6e11b6ef5b39687639be63\"},\"headline\":\"Pour ses d\u00e9buts \u00e0 l\u2019UFC, Salahdine Parnasse a-t-il vraiment de quoi craindre Dan Hooker ?\",\"datePublished\":\"2026-09-04T07:00:50+00:00\",\"mainEntityOfPage\":{\"@id\":\"https:\\\/\\\/dicodusport.fr\\\/blog\\\/pour-ses-debuts-a-lufc-salahdine-parnasse-a-t-il-vraiment-de-quoi-craindre-dan-hooker\\\/\"},\"wordCount\":768,\"commentCount\":0,\"publisher\":{\"@id\":\"https:\\\/\\\/dicodusport.fr\\\/blog\\\/#organization\"},\"image\":{\"@id\":\"https:\\\/\\\/dicodusport.fr\\\/blog\\\/pour-ses-debuts-a-lufc-salahdine-parnasse-a-t-il-vraiment-de-quoi-craindre-dan-hooker\\\/#primaryimage\"},\"thumbnailUrl\":\"https:\\\/\\\/dicodusport.fr\\\/blog\\\/wp-content\\\/uploads\\\/2026\\\/09\\\/Pour-ses-debuts-a-lUFC-Salahdine-Parnasse-a-t-il-vraiment-de-quoi-craindre-Dan-Hooker-.png\",\"keywords\":[\"actu\",\"br\u00e8ve\",\"MMA\",\"Salahdine Parnasse\",\"UFC\",\"UFC Paris\"],\"articleSection\":[\"MMA\"],\"inLanguage\":\"fr-FR\",\"potentialAction\":[{\"@type\":\"CommentAction\",\"name\":\"Comment\",\"target\":[\"https:\\\/\\\/dicodusport.fr\\\/blog\\\/pour-ses-debuts-a-lufc-salahdine-parnasse-a-t-il-vraiment-de-quoi-craindre-dan-hooker\\\/#respond\"]}],\"copyrightYear\":\"2026\",\"copyrightHolder\":{\"@id\":\"https:\\\/\\\/dicodusport.fr\\\/blog\\\/#organization\"}},{\"@type\":\"WebPage\",\"@id\":\"https:\\\/\\\/dicodusport.fr\\\/blog\\\/pour-ses-debuts-a-lufc-salahdine-parnasse-a-t-il-vraiment-de-quoi-craindre-dan-hooker\\\/\",\"url\":\"https:\\\/\\\/dicodusport.fr\\\/blog\\\/pour-ses-debuts-a-lufc-salahdine-parnasse-a-t-il-vraiment-de-quoi-craindre-dan-hooker\\\/\",\"name\":\"Pour ses d\u00e9buts \u00e0 l\u2019UFC, Salahdine Parnasse a-t-il vraiment de quoi craindre Dan Hooker ?\",\"isPartOf\":{\"@id\":\"https:\\\/\\\/dicodusport.fr\\\/blog\\\/#website\"},\"primaryImageOfPage\":{\"@id\":\"https:\\\/\\\/dicodusport.fr\\\/blog\\\/pour-ses-debuts-a-lufc-salahdine-parnasse-a-t-il-vraiment-de-quoi-craindre-dan-hooker\\\/#primaryimage\"},\"image\":{\"@id\":\"https:\\\/\\\/dicodusport.fr\\\/blog\\\/pour-ses-debuts-a-lufc-salahdine-parnasse-a-t-il-vraiment-de-quoi-craindre-dan-hooker\\\/#primaryimage\"},\"thumbnailUrl\":\"https:\\\/\\\/dicodusport.fr\\\/blog\\\/wp-content\\\/uploads\\\/2026\\\/09\\\/Pour-ses-debuts-a-lUFC-Salahdine-Parnasse-a-t-il-vraiment-de-quoi-craindre-Dan-Hooker-.png\",\"datePublished\":\"2026-09-04T07:00:50+00:00\",\"description\":\"Salahdine Parnasse affronte Dan Hooker pour ses d\u00e9buts \u00e0 l\u2019UFC Paris 2026. Forces, faiblesses et cl\u00e9s du combat : le Fran\u00e7ais part avec un net avantage.\",\"breadcrumb\":{\"@id\":\"https:\\\/\\\/dicodusport.fr\\\/blog\\\/pour-ses-debuts-a-lufc-salahdine-parnasse-a-t-il-vraiment-de-quoi-craindre-dan-hooker\\\/#breadcrumb\"},\"inLanguage\":\"fr-FR\",\"potentialAction\":[{\"@type\":\"ReadAction\",\"target\":[\"https:\\\/\\\/dicodusport.fr\\\/blog\\\/pour-ses-debuts-a-lufc-salahdine-parnasse-a-t-il-vraiment-de-quoi-craindre-dan-hooker\\\/\"]}]},{\"@type\":\"ImageObject\",\"inLanguage\":\"fr-FR\",\"@id\":\"https:\\\/\\\/dicodusport.fr\\\/blog\\\/pour-ses-debuts-a-lufc-salahdine-parnasse-a-t-il-vraiment-de-quoi-craindre-dan-hooker\\\/#primaryimage\",\"url\":\"https:\\\/\\\/dicodusport.fr\\\/blog\\\/wp-content\\\/uploads\\\/2026\\\/09\\\/Pour-ses-debuts-a-lUFC-Salahdine-Parnasse-a-t-il-vraiment-de-quoi-craindre-Dan-Hooker-.png\",\"contentUrl\":\"https:\\\/\\\/dicodusport.fr\\\/blog\\\/wp-content\\\/uploads\\\/2026\\\/09\\\/Pour-ses-debuts-a-lUFC-Salahdine-Parnasse-a-t-il-vraiment-de-quoi-craindre-Dan-Hooker-.png\",\"width\":1200,\"height\":674,\"caption\":\"Pour ses d\u00e9buts \u00e0 l\u2019UFC, Salahdine Parnasse a-t-il vraiment de quoi craindre Dan Hooker\"},{\"@type\":\"BreadcrumbList\",\"@id\":\"https:\\\/\\\/dicodusport.fr\\\/blog\\\/pour-ses-debuts-a-lufc-salahdine-parnasse-a-t-il-vraiment-de-quoi-craindre-dan-hooker\\\/#breadcrumb\",\"itemListElement\":[{\"@type\":\"ListItem\",\"position\":1,\"name\":\"Accueil\",\"item\":\"https:\\\/\\\/dicodusport.fr\\\/blog\\\/\"},{\"@type\":\"ListItem\",\"position\":2,\"name\":\"Pour ses d\u00e9buts \u00e0 l\u2019UFC, Salahdine Parnasse a-t-il vraiment de quoi craindre Dan Hooker ?\"}]},{\"@type\":\"WebSite\",\"@id\":\"https:\\\/\\\/dicodusport.fr\\\/blog\\\/#website\",\"url\":\"https:\\\/\\\/dicodusport.fr\\\/blog\\\/\",\"name\":\"Dicodusport\",\"description\":\"L&#039;encyclop\u00e9die de l&#039;actualit\u00e9 sportive\",\"publisher\":{\"@id\":\"https:\\\/\\\/dicodusport.fr\\\/blog\\\/#organization\"},\"potentialAction\":[{\"@type\":\"SearchAction\",\"target\":{\"@type\":\"EntryPoint\",\"urlTemplate\":\"https:\\\/\\\/dicodusport.fr\\\/blog\\\/?s={search_term_string}\"},\"query-input\":{\"@type\":\"PropertyValueSpecification\",\"valueRequired\":true,\"valueName\":\"search_term_string\"}}],\"inLanguage\":\"fr-FR\"},{\"@type\":\"NewsMediaOrganization\",\"@id\":\"https:\\\/\\\/dicodusport.fr\\\/blog\\\/#organization\",\"name\":\"Dicodusport\",\"url\":\"https:\\\/\\\/dicodusport.fr\\\/blog\\\/\",\"logo\":{\"@type\":\"ImageObject\",\"inLanguage\":\"fr-FR\",\"@id\":\"https:\\\/\\\/dicodusport.fr\\\/blog\\\/#\\\/schema\\\/logo\\\/image\\\/\",\"url\":\"https:\\\/\\\/dicodusport.fr\\\/blog\\\/wp-content\\\/uploads\\\/2020\\\/06\\\/cropped-LOGO-DICODUSPORT-2020-SANS-FOND-SANS-TEXTE.png\",\"contentUrl\":\"https:\\\/\\\/dicodusport.fr\\\/blog\\\/wp-content\\\/uploads\\\/2020\\\/06\\\/cropped-LOGO-DICODUSPORT-2020-SANS-FOND-SANS-TEXTE.png\",\"width\":512,\"height\":512,\"caption\":\"Dicodusport\"},\"image\":{\"@id\":\"https:\\\/\\\/dicodusport.fr\\\/blog\\\/#\\\/schema\\\/logo\\\/image\\\/\"},\"sameAs\":[\"https:\\\/\\\/www.facebook.com\\\/dicodusport\",\"https:\\\/\\\/x.com\\\/dicodusport\",\"https:\\\/\\\/www.instagram.com\\\/dicodusport\\\/\",\"https:\\\/\\\/www.youtube.com\\\/channel\\\/UC7V2KZ5sd3htJivAbA4ZG3w\"],\"description\":\"Dicodusport est l'encyclop\u00e9die de l'actualit\u00e9 sportive.\",\"email\":\"bonjour@dicodusport.fr\",\"legalName\":\"DICODUSPORT\",\"foundingDate\":\"2018-01-14\",\"vatID\":\"FR71834470973\",\"taxID\":\"83447097300043\",\"numberOfEmployees\":{\"@type\":\"QuantitativeValue\",\"minValue\":\"1\",\"maxValue\":\"10\"}},{\"@type\":\"Person\",\"@id\":\"https:\\\/\\\/dicodusport.fr\\\/blog\\\/#\\\/schema\\\/person\\\/816f1c1bae6e11b6ef5b39687639be63\",\"name\":\"Nicolas Parant\",\"image\":{\"@type\":\"ImageObject\",\"inLanguage\":\"fr-FR\",\"@id\":\"https:\\\/\\\/dicodusport.fr\\\/blog\\\/wp-content\\\/uploads\\\/2023\\\/04\\\/1B6E3319-7CA3-49A2-A3FB-D53C46115743-150x150.jpeg\",\"url\":\"https:\\\/\\\/dicodusport.fr\\\/blog\\\/wp-content\\\/uploads\\\/2023\\\/04\\\/1B6E3319-7CA3-49A2-A3FB-D53C46115743-150x150.jpeg\",\"contentUrl\":\"https:\\\/\\\/dicodusport.fr\\\/blog\\\/wp-content\\\/uploads\\\/2023\\\/04\\\/1B6E3319-7CA3-49A2-A3FB-D53C46115743-150x150.jpeg\",\"caption\":\"Nicolas Parant\"},\"description\":\"Passionn\u00e9 de sport et d\u2019\u00e9criture, r\u00e9diger des articles a \u00e9t\u00e9 une v\u00e9ritable r\u00e9v\u00e9lation quand j\u2019ai pris la plume num\u00e9rique pour la premi\u00e8re fois en 2021. Admiratif des exploits de Nadal \u00e0 Roland Garros et du charisme de Zlatan Ibrahimovi\u0107 \u00e0 son arriv\u00e9e dans la capitale, je m\u2019efforce de transmettre au mieux les \u00e9motions des athl\u00e8tes de la nouvelle g\u00e9n\u00e9ration. \u00c0 Dicodusport depuis 2023, je commente principalement les batailles qui se d\u00e9roulent dans l\u2019octogone de l\u2019UFC ou sur les pelouses de football et de rugby.\",\"url\":\"https:\\\/\\\/dicodusport.fr\\\/blog\\\/author\\\/nicolas-parant\\\/\"}]}<\/script>\n<!-- \/ Yoast SEO Premium plugin. -->","yoast_head_json":{"title":"Pour ses d\u00e9buts \u00e0 l\u2019UFC, Salahdine Parnasse a-t-il vraiment de quoi craindre Dan Hooker ?","description":"Salahdine Parnasse affronte Dan Hooker pour ses d\u00e9buts \u00e0 l\u2019UFC Paris 2026. Forces, faiblesses et cl\u00e9s du combat : le Fran\u00e7ais part avec un net avantage.","robots":{"index":"index","follow":"follow","max-snippet":"max-snippet:-1","max-image-preview":"max-image-preview:large","max-video-preview":"max-video-preview:-1"},"canonical":"https:\/\/dicodusport.fr\/blog\/pour-ses-debuts-a-lufc-salahdine-parnasse-a-t-il-vraiment-de-quoi-craindre-dan-hooker\/","og_locale":"fr_FR","og_type":"article","og_title":"Pour ses d\u00e9buts \u00e0 l\u2019UFC, Salahdine Parnasse a-t-il vraiment de quoi craindre Dan Hooker ?","og_description":"Salahdine Parnasse affronte Dan Hooker pour ses d\u00e9buts \u00e0 l\u2019UFC Paris 2026. Forces, faiblesses et cl\u00e9s du combat : le Fran\u00e7ais part avec un net avantage.","og_url":"https:\/\/dicodusport.fr\/blog\/pour-ses-debuts-a-lufc-salahdine-parnasse-a-t-il-vraiment-de-quoi-craindre-dan-hooker\/","og_site_name":"Dicodusport","article_publisher":"https:\/\/www.facebook.com\/dicodusport","article_published_time":"2026-09-04T07:00:50+00:00","og_image":[{"width":1200,"height":674,"url":"https:\/\/dicodusport.fr\/blog\/wp-content\/uploads\/2026\/09\/Pour-ses-debuts-a-lUFC-Salahdine-Parnasse-a-t-il-vraiment-de-quoi-craindre-Dan-Hooker-.png","type":"image\/png"}],"author":"Nicolas Parant","twitter_card":"summary_large_image","twitter_title":"Pour ses d\u00e9buts \u00e0 l\u2019UFC, Salahdine Parnasse a-t-il vraiment de quoi craindre Dan Hooker ?","twitter_creator":"@dicodusport","twitter_site":"@dicodusport","schema":{"@context":"https:\/\/schema.org","@graph":[{"@type":"NewsArticle","@id":"https:\/\/dicodusport.fr\/blog\/pour-ses-debuts-a-lufc-salahdine-parnasse-a-t-il-vraiment-de-quoi-craindre-dan-hooker\/#article","isPartOf":{"@id":"https:\/\/dicodusport.fr\/blog\/pour-ses-debuts-a-lufc-salahdine-parnasse-a-t-il-vraiment-de-quoi-craindre-dan-hooker\/"},"author":{"name":"Nicolas Parant","@id":"https:\/\/dicodusport.fr\/blog\/#\/schema\/person\/816f1c1bae6e11b6ef5b39687639be63"},"headline":"Pour ses d\u00e9buts \u00e0 l\u2019UFC, Salahdine Parnasse a-t-il vraiment de quoi craindre Dan Hooker ?","datePublished":"2026-09-04T07:00:50+00:00","mainEntityOfPage":{"@id":"https:\/\/dicodusport.fr\/blog\/pour-ses-debuts-a-lufc-salahdine-parnasse-a-t-il-vraiment-de-quoi-craindre-dan-hooker\/"},"wordCount":768,"commentCount":0,"publisher":{"@id":"https:\/\/dicodusport.fr\/blog\/#organization"},"image":{"@id":"https:\/\/dicodusport.fr\/blog\/pour-ses-debuts-a-lufc-salahdine-parnasse-a-t-il-vraiment-de-quoi-craindre-dan-hooker\/#primaryimage"},"thumbnailUrl":"https:\/\/dicodusport.fr\/blog\/wp-content\/uploads\/2026\/09\/Pour-ses-debuts-a-lUFC-Salahdine-Parnasse-a-t-il-vraiment-de-quoi-craindre-Dan-Hooker-.png","keywords":["actu","br\u00e8ve","MMA","Salahdine Parnasse","UFC","UFC Paris"],"articleSection":["MMA"],"inLanguage":"fr-FR","potentialAction":[{"@type":"CommentAction","name":"Comment","target":["https:\/\/dicodusport.fr\/blog\/pour-ses-debuts-a-lufc-salahdine-parnasse-a-t-il-vraiment-de-quoi-craindre-dan-hooker\/#respond"]}],"copyrightYear":"2026","copyrightHolder":{"@id":"https:\/\/dicodusport.fr\/blog\/#organization"}},{"@type":"WebPage","@id":"https:\/\/dicodusport.fr\/blog\/pour-ses-debuts-a-lufc-salahdine-parnasse-a-t-il-vraiment-de-quoi-craindre-dan-hooker\/","url":"https:\/\/dicodusport.fr\/blog\/pour-ses-debuts-a-lufc-salahdine-parnasse-a-t-il-vraiment-de-quoi-craindre-dan-hooker\/","name":"Pour ses d\u00e9buts \u00e0 l\u2019UFC, Salahdine Parnasse a-t-il vraiment de quoi craindre Dan Hooker ?","isPartOf":{"@id":"https:\/\/dicodusport.fr\/blog\/#website"},"primaryImageOfPage":{"@id":"https:\/\/dicodusport.fr\/blog\/pour-ses-debuts-a-lufc-salahdine-parnasse-a-t-il-vraiment-de-quoi-craindre-dan-hooker\/#primaryimage"},"image":{"@id":"https:\/\/dicodusport.fr\/blog\/pour-ses-debuts-a-lufc-salahdine-parnasse-a-t-il-vraiment-de-quoi-craindre-dan-hooker\/#primaryimage"},"thumbnailUrl":"https:\/\/dicodusport.fr\/blog\/wp-content\/uploads\/2026\/09\/Pour-ses-debuts-a-lUFC-Salahdine-Parnasse-a-t-il-vraiment-de-quoi-craindre-Dan-Hooker-.png","datePublished":"2026-09-04T07:00:50+00:00","description":"Salahdine Parnasse affronte Dan Hooker pour ses d\u00e9buts \u00e0 l\u2019UFC Paris 2026. Forces, faiblesses et cl\u00e9s du combat : le Fran\u00e7ais part avec un net avantage.","breadcrumb":{"@id":"https:\/\/dicodusport.fr\/blog\/pour-ses-debuts-a-lufc-salahdine-parnasse-a-t-il-vraiment-de-quoi-craindre-dan-hooker\/#breadcrumb"},"inLanguage":"fr-FR","potentialAction":[{"@type":"ReadAction","target":["https:\/\/dicodusport.fr\/blog\/pour-ses-debuts-a-lufc-salahdine-parnasse-a-t-il-vraiment-de-quoi-craindre-dan-hooker\/"]}]},{"@type":"ImageObject","inLanguage":"fr-FR","@id":"https:\/\/dicodusport.fr\/blog\/pour-ses-debuts-a-lufc-salahdine-parnasse-a-t-il-vraiment-de-quoi-craindre-dan-hooker\/#primaryimage","url":"https:\/\/dicodusport.fr\/blog\/wp-content\/uploads\/2026\/09\/Pour-ses-debuts-a-lUFC-Salahdine-Parnasse-a-t-il-vraiment-de-quoi-craindre-Dan-Hooker-.png","contentUrl":"https:\/\/dicodusport.fr\/blog\/wp-content\/uploads\/2026\/09\/Pour-ses-debuts-a-lUFC-Salahdine-Parnasse-a-t-il-vraiment-de-quoi-craindre-Dan-Hooker-.png","width":1200,"height":674,"caption":"Pour ses d\u00e9buts \u00e0 l\u2019UFC, Salahdine Parnasse a-t-il vraiment de quoi craindre Dan Hooker"},{"@type":"BreadcrumbList","@id":"https:\/\/dicodusport.fr\/blog\/pour-ses-debuts-a-lufc-salahdine-parnasse-a-t-il-vraiment-de-quoi-craindre-dan-hooker\/#breadcrumb","itemListElement":[{"@type":"ListItem","position":1,"name":"Accueil","item":"https:\/\/dicodusport.fr\/blog\/"},{"@type":"ListItem","position":2,"name":"Pour ses d\u00e9buts \u00e0 l\u2019UFC, Salahdine Parnasse a-t-il vraiment de quoi craindre Dan Hooker ?"}]},{"@type":"WebSite","@id":"https:\/\/dicodusport.fr\/blog\/#website","url":"https:\/\/dicodusport.fr\/blog\/","name":"Dicodusport","description":"L&#039;encyclop\u00e9die de l&#039;actualit\u00e9 sportive","publisher":{"@id":"https:\/\/dicodusport.fr\/blog\/#organization"},"potentialAction":[{"@type":"SearchAction","target":{"@type":"EntryPoint","urlTemplate":"https:\/\/dicodusport.fr\/blog\/?s={search_term_string}"},"query-input":{"@type":"PropertyValueSpecification","valueRequired":true,"valueName":"search_term_string"}}],"inLanguage":"fr-FR"},{"@type":"NewsMediaOrganization","@id":"https:\/\/dicodusport.fr\/blog\/#organization","name":"Dicodusport","url":"https:\/\/dicodusport.fr\/blog\/","logo":{"@type":"ImageObject","inLanguage":"fr-FR","@id":"https:\/\/dicodusport.fr\/blog\/#\/schema\/logo\/image\/","url":"https:\/\/dicodusport.fr\/blog\/wp-content\/uploads\/2020\/06\/cropped-LOGO-DICODUSPORT-2020-SANS-FOND-SANS-TEXTE.png","contentUrl":"https:\/\/dicodusport.fr\/blog\/wp-content\/uploads\/2020\/06\/cropped-LOGO-DICODUSPORT-2020-SANS-FOND-SANS-TEXTE.png","width":512,"height":512,"caption":"Dicodusport"},"image":{"@id":"https:\/\/dicodusport.fr\/blog\/#\/schema\/logo\/image\/"},"sameAs":["https:\/\/www.facebook.com\/dicodusport","https:\/\/x.com\/dicodusport","https:\/\/www.instagram.com\/dicodusport\/","https:\/\/www.youtube.com\/channel\/UC7V2KZ5sd3htJivAbA4ZG3w"],"description":"Dicodusport est l'encyclop\u00e9die de l'actualit\u00e9 sportive.","email":"bonjour@dicodusport.fr","legalName":"DICODUSPORT","foundingDate":"2018-01-14","vatID":"FR71834470973","taxID":"83447097300043","numberOfEmployees":{"@type":"QuantitativeValue","minValue":"1","maxValue":"10"}},{"@type":"Person","@id":"https:\/\/dicodusport.fr\/blog\/#\/schema\/person\/816f1c1bae6e11b6ef5b39687639be63","name":"Nicolas Parant","image":{"@type":"ImageObject","inLanguage":"fr-FR","@id":"https:\/\/dicodusport.fr\/blog\/wp-content\/uploads\/2023\/04\/1B6E3319-7CA3-49A2-A3FB-D53C46115743-150x150.jpeg","url":"https:\/\/dicodusport.fr\/blog\/wp-content\/uploads\/2023\/04\/1B6E3319-7CA3-49A2-A3FB-D53C46115743-150x150.jpeg","contentUrl":"https:\/\/dicodusport.fr\/blog\/wp-content\/uploads\/2023\/04\/1B6E3319-7CA3-49A2-A3FB-D53C46115743-150x150.jpeg","caption":"Nicolas Parant"},"description":"Passionn\u00e9 de sport et d\u2019\u00e9criture, r\u00e9diger des articles a \u00e9t\u00e9 une v\u00e9ritable r\u00e9v\u00e9lation quand j\u2019ai pris la plume num\u00e9rique pour la premi\u00e8re fois en 2021. Admiratif des exploits de Nadal \u00e0 Roland Garros et du charisme de Zlatan Ibrahimovi\u0107 \u00e0 son arriv\u00e9e dans la capitale, je m\u2019efforce de transmettre au mieux les \u00e9motions des athl\u00e8tes de la nouvelle g\u00e9n\u00e9ration. \u00c0 Dicodusport depuis 2023, je commente principalement les batailles qui se d\u00e9roulent dans l\u2019octogone de l\u2019UFC ou sur les pelouses de football et de rugby.","url":"https:\/\/dicodusport.fr\/blog\/author\/nicolas-parant\/"}]}},"_links":{"self":[{"href":"https:\/\/dicodusport.fr\/blog\/wp-json\/wp\/v2\/posts\/700814","targetHints":{"allow":["GET"]}}],"collection":[{"href":"https:\/\/dicodusport.fr\/blog\/wp-json\/wp\/v2\/posts"}],"about":[{"href":"https:\/\/dicodusport.fr\/blog\/wp-json\/wp\/v2\/types\/post"}],"author":[{"embeddable":true,"href":"https:\/\/dicodusport.fr\/blog\/wp-json\/wp\/v2\/users\/86"}],"replies":[{"embeddable":true,"href":"https:\/\/dicodusport.fr\/blog\/wp-json\/wp\/v2\/comments?post=700814"}],"version-history":[{"count":5,"href":"https:\/\/dicodusport.fr\/blog\/wp-json\/wp\/v2\/posts\/700814\/revisions"}],"predecessor-version":[{"id":701258,"href":"https:\/\/dicodusport.fr\/blog\/wp-json\/wp\/v2\/posts\/700814\/revisions\/701258"}],"wp:featuredmedia":[{"embeddable":true,"href":"https:\/\/dicodusport.fr\/blog\/wp-json\/wp\/v2\/media\/701257"}],"wp:attachment":[{"href":"https:\/\/dicodusport.fr\/blog\/wp-json\/wp\/v2\/media?parent=700814"}],"wp:term":[{"taxonomy":"category","embeddable":true,"href":"https:\/\/dicodusport.fr\/blog\/wp-json\/wp\/v2\/categories?post=700814"},{"taxonomy":"post_tag","embeddable":true,"href":"https:\/\/dicodusport.fr\/blog\/wp-json\/wp\/v2\/tags?post=700814"}],"curies":[{"name":"wp","href":"https:\/\/api.w.org\/{rel}","templated":true}]}}