{"id":701021,"date":"2026-09-03T15:59:39","date_gmt":"2026-09-03T13:59:39","guid":{"rendered":"https:\/\/dicodusport.fr\/blog\/?p=701021&#038;preview=true&#038;preview_id=701021"},"modified":"2026-09-03T15:59:55","modified_gmt":"2026-09-03T13:59:55","slug":"le-classement-general-du-tour-de-grande-bretagne-2026-mis-a-jour","status":"publish","type":"post","link":"https:\/\/dicodusport.fr\/blog\/le-classement-general-du-tour-de-grande-bretagne-2026-mis-a-jour\/","title":{"rendered":"Le classement g\u00e9n\u00e9ral du Tour de Grande-Bretagne 2026 mis \u00e0 jour"},"content":{"rendered":"<p style=\"text-align: justify;\"><em><strong>Tour de Grande-Bretagne 2026 : retrouvez le classement g\u00e9n\u00e9ral mis \u00e0 jour apr\u00e8s chaque \u00e9tape, les \u00e9carts et les principaux favoris \u00e0 la victoire finale.<\/strong><\/em><\/p>\n<ul>\n<li style=\"text-align: justify;\"><strong>\u00c0 ce sujet \u2013\u00a0<a href=\"https:\/\/dicodusport.fr\/blog\/le-parcours-detaille-et-les-favoris-du-tour-de-grande-bretagne-2026\/\">Le parcours d\u00e9taill\u00e9 et les favoris du Tour de Grande-Bretagne 2026<\/a><\/strong><\/li>\n<li style=\"text-align: justify;\"><strong>\u00c0 ce sujet \u2013\u00a0<a href=\"https:\/\/dicodusport.fr\/blog\/a-quelle-heure-et-sur-quelle-chaine-tv-regarder-le-tour-de-grande-bretagne-2026-en-direct\/\">\u00c0 quelle heure et sur quelle cha\u00eene TV regarder le Tour de Grande-Bretagne 2026 en direct ?<\/a><\/strong><\/li>\n<\/ul>\n<h2 style=\"text-align: justify;\">Tour de Grande-Bretagne 2026 : cinq jours pour faire la diff\u00e9rence au classement g\u00e9n\u00e9ral<\/h2>\n<p style=\"text-align: justify;\">Le <strong>Tour de Grande-Bretagne 2026<\/strong> se dispute du 2 au 6 septembre, avec cinq \u00e9tapes au programme et un parcours suffisamment vari\u00e9 pour laisser le suspense s\u2019installer jusqu\u2019au bout. Apr\u00e8s la victoire de Romain Gr\u00e9goire en 2025, plusieurs profils peuvent esp\u00e9rer lui succ\u00e9der cette ann\u00e9e.<\/p>\n<p style=\"text-align: justify;\">Les premi\u00e8res journ\u00e9es devraient surtout sourire aux coureurs rapides, avec notamment <strong>Olav Kooij<\/strong> et <strong>Tim Merlier<\/strong> parmi les hommes attendus. Mais pour les candidats au <strong>classement g\u00e9n\u00e9ral du Tour de Grande-Bretagne 2026<\/strong>, l\u2019essentiel sera d\u2019\u00e9viter les cassures, les chutes et les secondes perdues avant un week-end beaucoup plus d\u00e9cisif.<\/p>\n<p style=\"text-align: justify;\">La quatri\u00e8me \u00e9tape, trac\u00e9e dans les <strong>Yorkshire Dales<\/strong>, pourrait bien servir de juge de paix. Les difficult\u00e9s s\u2019y encha\u00eeneront et offriront un vrai terrain d\u2019attaque aux puncheurs et aux grimpeurs. La derni\u00e8re journ\u00e9e, dans les Scottish Borders, gardera elle aussi suffisamment de relief pour permettre de nouveaux \u00e9carts.<\/p>\n<p style=\"text-align: justify;\">Dans ce contexte, des coureurs comme <strong>Beno\u00eet Cosnefroy, Filippo Ganna, Jasper Stuyven, Florian Vermeersch, Matteo Trentin<\/strong> ou encore <strong>Yannis Voisard<\/strong> auront de s\u00e9rieux arguments \u00e0 faire valoir. Sur une course de seulement cinq jours, chaque seconde comptera et le classement g\u00e9n\u00e9ral pourrait \u00e9voluer jusqu\u2019aux derniers kilom\u00e8tres.<\/p>\n<ul>\n<li style=\"text-align: justify;\"><strong>\u00c0 ce sujet \u2013 <a href=\"https:\/\/dicodusport.fr\/blog\/actualites\/cyclisme\/\">L\u2019actualit\u00e9 du cyclisme<\/a><\/strong><\/li>\n<\/ul>\n<h2 style=\"text-align: justify;\">Classement g\u00e9n\u00e9ral du Tour de Grande-Bretagne 2026 actualis\u00e9 apr\u00e8s la 2e \u00e9tape<\/h2>\n<div class=\"su-table su-table-alternate\">\n<table style=\"width: 800px;border-collapse: collapse\" border=\"1\">\n<tbody>\n<tr style=\"height: 24px\">\n<td style=\"border-color: #ebebeb;height: 24px;text-align: center;width: 80px;vertical-align: middle\">\ud83c\udfc6<\/td>\n<td style=\"border-color: #ebebeb;height: 24px;text-align: center;width: 500px;vertical-align: middle\"><span style=\"font-size: 0.9em\"><strong>COUREURS<\/strong><\/span><\/td>\n<td style=\"border-color: #ebebeb;height: 24px;text-align: center;width: 220px;vertical-align: middle\"><span style=\"font-size: 0.9em\"><strong>TEMPS \/ \u00c9CART<\/strong><\/span><\/td>\n<\/tr>\n<tr style=\"height: 24px\">\n<td style=\"border-color: #ebebeb;height: 24px;text-align: center;width: 80px;vertical-align: middle\"><strong><span class=\"su-label su-label-type-warning\">1.<\/span><\/strong><\/td>\n<td style=\"border-color: #ebebeb;text-align: center;width: 500px;vertical-align: middle\"><span style=\"font-size: 0.9em\"><strong>\ud83c\uddec\ud83c\udde7 LEWIS ASKEY<\/strong><br \/>\n<span style=\"font-size: 0.8em\">NSN CYCLING TEAM<\/span><\/span><\/td>\n<td style=\"border-color: #ebebeb;text-align: center;width: 220px;vertical-align: middle\"><strong><span style=\"font-size: 0.9em\">7h56m25s<\/span><\/strong><\/td>\n<\/tr>\n<tr>\n<td style=\"border-color: #ebebeb;text-align: center;width: 80px;vertical-align: middle\"><span style=\"font-size: 0.9em\">2.<\/span><\/td>\n<td style=\"border-color: #ebebeb;text-align: center;width: 500px;vertical-align: middle\"><span style=\"font-size: 0.9em\"><strong>\ud83c\udde7\ud83c\uddea TIM WELLENS<\/strong><br \/>\n<span style=\"font-size: 0.8em\">UAE TEAM EMIRATES &#8211; XRG<\/span><\/span><\/td>\n<td style=\"border-color: #ebebeb;text-align: center;width: 220px;vertical-align: middle\"><span style=\"font-size: 0.9em\"><strong>\u00e0 12s<\/strong><\/span><\/td>\n<\/tr>\n<tr>\n<td style=\"border-color: #ebebeb;text-align: center;width: 80px;vertical-align: middle\"><span style=\"font-size: 0.9em\">3.<\/span><\/td>\n<td style=\"border-color: #ebebeb;text-align: center;width: 500px;vertical-align: middle\"><span style=\"font-size: 0.9em\"><strong>\ud83c\uddee\ud83c\uddf9 MATTEO TRENTIN<\/strong><br \/>\n<span style=\"font-size: 0.8em\">TUDOR PRO CYCLING TEAM<\/span><\/span><\/td>\n<td style=\"border-color: #ebebeb;text-align: center;width: 220px;vertical-align: middle\"><span style=\"font-size: 0.9em\"><strong>\u00e0 19s<\/strong><\/span><\/td>\n<\/tr>\n<tr>\n<td style=\"border-color: #ebebeb;text-align: center;width: 80px;vertical-align: middle\"><span style=\"font-size: 0.9em\">4.<\/span><\/td>\n<td style=\"border-color: #ebebeb;text-align: center;width: 500px;vertical-align: middle\"><span style=\"font-size: 0.9em\"><strong>\ud83c\uddf3\ud83c\uddf1 DAAN HOOLE<\/strong><br \/>\n<span style=\"font-size: 0.8em\">DECATHLON CMA CGM TEAM<\/span><\/span><\/td>\n<td style=\"border-color: #ebebeb;text-align: center;width: 220px;vertical-align: middle\"><span style=\"font-size: 0.9em\"><strong>\u00e0 21s<\/strong><\/span><\/td>\n<\/tr>\n<tr>\n<td style=\"border-color: #ebebeb;text-align: center;width: 80px;vertical-align: middle\"><span style=\"font-size: 0.9em\">5.<\/span><\/td>\n<td style=\"border-color: #ebebeb;text-align: center;width: 500px;vertical-align: middle\"><span style=\"font-size: 0.9em\"><strong>\ud83c\udde7\ud83c\uddea JASPER STUYVEN<\/strong><br \/>\n<span style=\"font-size: 0.8em\">SOUDAL QUICK-STEP<\/span><\/span><\/td>\n<td style=\"border-color: #ebebeb;text-align: center;width: 220px;vertical-align: middle\"><span style=\"font-size: 0.9em\"><strong>\u00e0 21s<\/strong><\/span><\/td>\n<\/tr>\n<tr>\n<td style=\"border-color: #ebebeb;text-align: center;width: 80px;vertical-align: middle\"><span style=\"font-size: 0.9em\">6.<\/span><\/td>\n<td style=\"border-color: #ebebeb;text-align: center;width: 500px;vertical-align: middle\"><span style=\"font-size: 0.9em\"><strong>\ud83c\udde7\ud83c\uddea FLORIAN VERMEERSCH<\/strong><br \/>\n<span style=\"font-size: 0.8em\">UAE TEAM EMIRATES &#8211; XRG<\/span><\/span><\/td>\n<td style=\"border-color: #ebebeb;text-align: center;width: 220px;vertical-align: middle\"><span style=\"font-size: 0.9em\"><strong>\u00e0 25s<\/strong><\/span><\/td>\n<\/tr>\n<tr>\n<td style=\"border-color: #ebebeb;text-align: center;width: 80px;vertical-align: middle\"><span style=\"font-size: 0.9em\">7.<\/span><\/td>\n<td style=\"border-color: #ebebeb;text-align: center;width: 500px;vertical-align: middle\"><span style=\"font-size: 0.9em\"><strong>\ud83c\uddf3\ud83c\uddf1 RICK PLUIMERS<\/strong><br \/>\n<span style=\"font-size: 0.8em\">TUDOR PRO CYCLING TEAM<\/span><\/span><\/td>\n<td style=\"border-color: #ebebeb;text-align: center;width: 220px;vertical-align: middle\"><span style=\"font-size: 0.9em\"><strong>\u00e0 33s<\/strong><\/span><\/td>\n<\/tr>\n<tr>\n<td style=\"border-color: #ebebeb;text-align: center;width: 80px;vertical-align: middle\"><span style=\"font-size: 0.9em\">8.<\/span><\/td>\n<td style=\"border-color: #ebebeb;text-align: center;width: 500px;vertical-align: middle\"><span style=\"font-size: 0.9em\"><strong>\ud83c\uddec\ud83c\udde7 ELLIOT ROWE<\/strong><br \/>\n<span style=\"font-size: 0.8em\">GREAT BRITAIN<\/span><\/span><\/td>\n<td style=\"border-color: #ebebeb;text-align: center;width: 220px;vertical-align: middle\"><span style=\"font-size: 0.9em\"><strong>\u00e0 33s<\/strong><\/span><\/td>\n<\/tr>\n<tr>\n<td style=\"border-color: #ebebeb;text-align: center;width: 80px;vertical-align: middle\"><span style=\"font-size: 0.9em\">9.<\/span><\/td>\n<td style=\"border-color: #ebebeb;text-align: center;width: 500px;vertical-align: middle\"><span style=\"font-size: 0.9em\"><strong>\ud83c\uddf3\ud83c\uddff PAUL WRIGHT<\/strong><br \/>\n<span style=\"font-size: 0.8em\">MODERN ADVENTURE PRO CYCLING<\/span><\/span><\/td>\n<td style=\"border-color: #ebebeb;text-align: center;width: 220px;vertical-align: middle\"><span style=\"font-size: 0.9em\"><strong>\u00e0 40s<\/strong><\/span><\/td>\n<\/tr>\n<tr>\n<td style=\"border-color: #ebebeb;text-align: center;width: 80px;vertical-align: middle\"><span style=\"font-size: 0.9em\">10.<\/span><\/td>\n<td style=\"border-color: #ebebeb;text-align: center;width: 500px;vertical-align: middle\"><span style=\"font-size: 0.9em\"><strong>\ud83c\uddee\ud83c\uddf9 FILIPPO GANNA<\/strong><br \/>\n<span style=\"font-size: 0.8em\">NETCOMPANY INEOS<\/span><\/span><\/td>\n<td style=\"border-color: #ebebeb;text-align: center;width: 220px;vertical-align: middle\"><span style=\"font-size: 0.9em\"><strong>\u00e0 1m53s<\/strong><\/span><\/td>\n<\/tr>\n<\/tbody>\n<\/table>\n<\/div>\n<ul style=\"text-align: justify;\">\n<li style=\"text-align: justify;\"><strong>Pour compl\u00e9ter &#8211; <a href=\"https:\/\/www.procyclingstats.com\/race\/tour-of-britain\/2026\/stage-2-gc\">Le classement g\u00e9n\u00e9ral complet du Tour de Grande-Bretagne 2026<\/a><\/strong><\/li>\n<\/ul>\n<h3 style=\"text-align: justify;\">\u00c0 lire aussi<\/h3>\n<ul>\n<li style=\"text-align: justify;\"><strong><a href=\"https:\/\/dicodusport.fr\/blog\/mercato-cyclisme-2026-2027-le-tableau-des-transferts-mis-a-jour\/\">Mercato Cyclisme 2026-2027 \u2013 Le tableau des transferts mis \u00e0 jour<\/a><\/strong><\/li>\n<li style=\"text-align: justify;\"><a href=\"https:\/\/dicodusport.fr\/blog\/classement-uci-hommes-le-classement-mondial-mis-a-jour\/\"><strong>Classement UCI hommes : le classement mondial mis \u00e0 jour<\/strong><\/a><\/li>\n<li style=\"text-align: justify;\"><strong><a href=\"https:\/\/dicodusport.fr\/blog\/classement-uci-par-equipes-2026-2028-le-ranking-mis-a-jour\/\">Classement UCI par \u00e9quipes 2026-2028 : le ranking mis \u00e0 jour<\/a><\/strong><\/li>\n<\/ul>\n","protected":false},"excerpt":{"rendered":"<p>Tour de Grande-Bretagne 2026 : retrouvez le classement g\u00e9n\u00e9ral mis \u00e0 jour apr\u00e8s chaque \u00e9tape, les \u00e9carts et les principaux favoris \u00e0 la victoire finale.<\/p>\n","protected":false},"author":4,"featured_media":701024,"comment_status":"open","ping_status":"closed","sticky":false,"template":"","format":"standard","meta":{"_acf_changed":false,"_daextam_enable_autolinks":"1","footnotes":"","_members_access_role":[],"_members_access_error":""},"categories":[46994],"tags":[32415,16878,574,11197,5909],"class_list":["post-701021","post","type-post","status-publish","format-standard","has-post-thumbnail","hentry","category-cyclisme-sur-route","tag-actu","tag-breve","tag-cyclisme","tag-cyclisme-sur-route","tag-tour-de-grande-bretagne"],"acf":[],"yoast_head":"<!-- This site is optimized with the Yoast SEO Premium plugin v28.3 (Yoast SEO v28.3) - https:\/\/yoast.com\/product\/yoast-seo-premium-wordpress\/ -->\n<title>Le classement g\u00e9n\u00e9ral du Tour de Grande-Bretagne 2026 mis \u00e0 jour<\/title>\n<meta name=\"description\" content=\"Tour de Grande-Bretagne 2026 : retrouvez le classement g\u00e9n\u00e9ral mis \u00e0 jour apr\u00e8s chaque \u00e9tape, les \u00e9carts et les principaux favoris \u00e0 la victoire finale.\" \/>\n<meta name=\"robots\" content=\"index, follow, max-snippet:-1, max-image-preview:large, max-video-preview:-1\" \/>\n<link rel=\"canonical\" href=\"https:\/\/dicodusport.fr\/blog\/le-classement-general-du-tour-de-grande-bretagne-2026-mis-a-jour\/\" \/>\n<meta property=\"og:locale\" content=\"fr_FR\" \/>\n<meta property=\"og:type\" content=\"article\" \/>\n<meta property=\"og:title\" content=\"Le classement g\u00e9n\u00e9ral du Tour de Grande-Bretagne 2026 mis \u00e0 jour\" \/>\n<meta property=\"og:description\" content=\"Tour de Grande-Bretagne 2026 : retrouvez le classement g\u00e9n\u00e9ral mis \u00e0 jour apr\u00e8s chaque \u00e9tape, les \u00e9carts et les principaux favoris \u00e0 la victoire finale.\" \/>\n<meta property=\"og:url\" content=\"https:\/\/dicodusport.fr\/blog\/le-classement-general-du-tour-de-grande-bretagne-2026-mis-a-jour\/\" \/>\n<meta property=\"og:site_name\" content=\"Dicodusport\" \/>\n<meta property=\"article:publisher\" content=\"https:\/\/www.facebook.com\/dicodusport\" \/>\n<meta property=\"article:author\" content=\"https:\/\/www.facebook.com\/florent.ostermann\" \/>\n<meta property=\"article:published_time\" content=\"2026-09-03T13:59:39+00:00\" \/>\n<meta property=\"article:modified_time\" content=\"2026-09-03T13:59:55+00:00\" \/>\n<meta property=\"og:image\" content=\"https:\/\/dicodusport.fr\/blog\/wp-content\/uploads\/2026\/09\/Le-classement-general-du-Tour-de-Grande-Bretagne-2026-mis-a-jour.png\" \/>\n\t<meta property=\"og:image:width\" content=\"1200\" \/>\n\t<meta property=\"og:image:height\" content=\"674\" \/>\n\t<meta property=\"og:image:type\" content=\"image\/png\" \/>\n<meta name=\"author\" content=\"Flo Ostermann\" \/>\n<meta name=\"twitter:card\" content=\"summary_large_image\" \/>\n<meta name=\"twitter:creator\" content=\"@https:\/\/twitter.com\/FlOstermann\" \/>\n<meta name=\"twitter:site\" content=\"@dicodusport\" \/>\n<script type=\"application\/ld+json\" class=\"yoast-schema-graph\">{\"@context\":\"https:\\\/\\\/schema.org\",\"@graph\":[{\"@type\":\"NewsArticle\",\"@id\":\"https:\\\/\\\/dicodusport.fr\\\/blog\\\/le-classement-general-du-tour-de-grande-bretagne-2026-mis-a-jour\\\/#article\",\"isPartOf\":{\"@id\":\"https:\\\/\\\/dicodusport.fr\\\/blog\\\/le-classement-general-du-tour-de-grande-bretagne-2026-mis-a-jour\\\/\"},\"author\":{\"name\":\"Flo Ostermann\",\"@id\":\"https:\\\/\\\/dicodusport.fr\\\/blog\\\/#\\\/schema\\\/person\\\/cb02af4c173ce4a653b55e9baf388d4a\"},\"headline\":\"Le classement g\u00e9n\u00e9ral du Tour de Grande-Bretagne 2026 mis \u00e0 jour\",\"datePublished\":\"2026-09-03T13:59:39+00:00\",\"dateModified\":\"2026-09-03T13:59:55+00:00\",\"mainEntityOfPage\":{\"@id\":\"https:\\\/\\\/dicodusport.fr\\\/blog\\\/le-classement-general-du-tour-de-grande-bretagne-2026-mis-a-jour\\\/\"},\"wordCount\":433,\"commentCount\":0,\"publisher\":{\"@id\":\"https:\\\/\\\/dicodusport.fr\\\/blog\\\/#organization\"},\"image\":{\"@id\":\"https:\\\/\\\/dicodusport.fr\\\/blog\\\/le-classement-general-du-tour-de-grande-bretagne-2026-mis-a-jour\\\/#primaryimage\"},\"thumbnailUrl\":\"https:\\\/\\\/dicodusport.fr\\\/blog\\\/wp-content\\\/uploads\\\/2026\\\/09\\\/Le-classement-general-du-Tour-de-Grande-Bretagne-2026-mis-a-jour.png\",\"keywords\":[\"actu\",\"br\u00e8ve\",\"Cyclisme\",\"Cyclisme sur route\",\"Tour de Grande-Bretagne\"],\"articleSection\":[\"Cyclisme sur route\"],\"inLanguage\":\"fr-FR\",\"potentialAction\":[{\"@type\":\"CommentAction\",\"name\":\"Comment\",\"target\":[\"https:\\\/\\\/dicodusport.fr\\\/blog\\\/le-classement-general-du-tour-de-grande-bretagne-2026-mis-a-jour\\\/#respond\"]}],\"copyrightYear\":\"2026\",\"copyrightHolder\":{\"@id\":\"https:\\\/\\\/dicodusport.fr\\\/blog\\\/#organization\"}},{\"@type\":\"WebPage\",\"@id\":\"https:\\\/\\\/dicodusport.fr\\\/blog\\\/le-classement-general-du-tour-de-grande-bretagne-2026-mis-a-jour\\\/\",\"url\":\"https:\\\/\\\/dicodusport.fr\\\/blog\\\/le-classement-general-du-tour-de-grande-bretagne-2026-mis-a-jour\\\/\",\"name\":\"Le classement g\u00e9n\u00e9ral du Tour de Grande-Bretagne 2026 mis \u00e0 jour\",\"isPartOf\":{\"@id\":\"https:\\\/\\\/dicodusport.fr\\\/blog\\\/#website\"},\"primaryImageOfPage\":{\"@id\":\"https:\\\/\\\/dicodusport.fr\\\/blog\\\/le-classement-general-du-tour-de-grande-bretagne-2026-mis-a-jour\\\/#primaryimage\"},\"image\":{\"@id\":\"https:\\\/\\\/dicodusport.fr\\\/blog\\\/le-classement-general-du-tour-de-grande-bretagne-2026-mis-a-jour\\\/#primaryimage\"},\"thumbnailUrl\":\"https:\\\/\\\/dicodusport.fr\\\/blog\\\/wp-content\\\/uploads\\\/2026\\\/09\\\/Le-classement-general-du-Tour-de-Grande-Bretagne-2026-mis-a-jour.png\",\"datePublished\":\"2026-09-03T13:59:39+00:00\",\"dateModified\":\"2026-09-03T13:59:55+00:00\",\"description\":\"Tour de Grande-Bretagne 2026 : retrouvez le classement g\u00e9n\u00e9ral mis \u00e0 jour apr\u00e8s chaque \u00e9tape, les \u00e9carts et les principaux favoris \u00e0 la victoire finale.\",\"breadcrumb\":{\"@id\":\"https:\\\/\\\/dicodusport.fr\\\/blog\\\/le-classement-general-du-tour-de-grande-bretagne-2026-mis-a-jour\\\/#breadcrumb\"},\"inLanguage\":\"fr-FR\",\"potentialAction\":[{\"@type\":\"ReadAction\",\"target\":[\"https:\\\/\\\/dicodusport.fr\\\/blog\\\/le-classement-general-du-tour-de-grande-bretagne-2026-mis-a-jour\\\/\"]}]},{\"@type\":\"ImageObject\",\"inLanguage\":\"fr-FR\",\"@id\":\"https:\\\/\\\/dicodusport.fr\\\/blog\\\/le-classement-general-du-tour-de-grande-bretagne-2026-mis-a-jour\\\/#primaryimage\",\"url\":\"https:\\\/\\\/dicodusport.fr\\\/blog\\\/wp-content\\\/uploads\\\/2026\\\/09\\\/Le-classement-general-du-Tour-de-Grande-Bretagne-2026-mis-a-jour.png\",\"contentUrl\":\"https:\\\/\\\/dicodusport.fr\\\/blog\\\/wp-content\\\/uploads\\\/2026\\\/09\\\/Le-classement-general-du-Tour-de-Grande-Bretagne-2026-mis-a-jour.png\",\"width\":1200,\"height\":674,\"caption\":\"Le classement g\u00e9n\u00e9ral du Tour de Grande-Bretagne 2026 mis \u00e0 jour\"},{\"@type\":\"BreadcrumbList\",\"@id\":\"https:\\\/\\\/dicodusport.fr\\\/blog\\\/le-classement-general-du-tour-de-grande-bretagne-2026-mis-a-jour\\\/#breadcrumb\",\"itemListElement\":[{\"@type\":\"ListItem\",\"position\":1,\"name\":\"Accueil\",\"item\":\"https:\\\/\\\/dicodusport.fr\\\/blog\\\/\"},{\"@type\":\"ListItem\",\"position\":2,\"name\":\"Le classement g\u00e9n\u00e9ral du Tour de Grande-Bretagne 2026 mis \u00e0 jour\"}]},{\"@type\":\"WebSite\",\"@id\":\"https:\\\/\\\/dicodusport.fr\\\/blog\\\/#website\",\"url\":\"https:\\\/\\\/dicodusport.fr\\\/blog\\\/\",\"name\":\"Dicodusport\",\"description\":\"L&#039;encyclop\u00e9die de l&#039;actualit\u00e9 sportive\",\"publisher\":{\"@id\":\"https:\\\/\\\/dicodusport.fr\\\/blog\\\/#organization\"},\"potentialAction\":[{\"@type\":\"SearchAction\",\"target\":{\"@type\":\"EntryPoint\",\"urlTemplate\":\"https:\\\/\\\/dicodusport.fr\\\/blog\\\/?s={search_term_string}\"},\"query-input\":{\"@type\":\"PropertyValueSpecification\",\"valueRequired\":true,\"valueName\":\"search_term_string\"}}],\"inLanguage\":\"fr-FR\"},{\"@type\":\"NewsMediaOrganization\",\"@id\":\"https:\\\/\\\/dicodusport.fr\\\/blog\\\/#organization\",\"name\":\"Dicodusport\",\"url\":\"https:\\\/\\\/dicodusport.fr\\\/blog\\\/\",\"logo\":{\"@type\":\"ImageObject\",\"inLanguage\":\"fr-FR\",\"@id\":\"https:\\\/\\\/dicodusport.fr\\\/blog\\\/#\\\/schema\\\/logo\\\/image\\\/\",\"url\":\"https:\\\/\\\/dicodusport.fr\\\/blog\\\/wp-content\\\/uploads\\\/2020\\\/06\\\/cropped-LOGO-DICODUSPORT-2020-SANS-FOND-SANS-TEXTE.png\",\"contentUrl\":\"https:\\\/\\\/dicodusport.fr\\\/blog\\\/wp-content\\\/uploads\\\/2020\\\/06\\\/cropped-LOGO-DICODUSPORT-2020-SANS-FOND-SANS-TEXTE.png\",\"width\":512,\"height\":512,\"caption\":\"Dicodusport\"},\"image\":{\"@id\":\"https:\\\/\\\/dicodusport.fr\\\/blog\\\/#\\\/schema\\\/logo\\\/image\\\/\"},\"sameAs\":[\"https:\\\/\\\/www.facebook.com\\\/dicodusport\",\"https:\\\/\\\/x.com\\\/dicodusport\",\"https:\\\/\\\/www.instagram.com\\\/dicodusport\\\/\",\"https:\\\/\\\/www.youtube.com\\\/channel\\\/UC7V2KZ5sd3htJivAbA4ZG3w\"],\"description\":\"Dicodusport est l'encyclop\u00e9die de l'actualit\u00e9 sportive.\",\"email\":\"bonjour@dicodusport.fr\",\"legalName\":\"DICODUSPORT\",\"foundingDate\":\"2018-01-14\",\"vatID\":\"FR71834470973\",\"taxID\":\"83447097300043\",\"numberOfEmployees\":{\"@type\":\"QuantitativeValue\",\"minValue\":\"1\",\"maxValue\":\"10\"}},{\"@type\":\"Person\",\"@id\":\"https:\\\/\\\/dicodusport.fr\\\/blog\\\/#\\\/schema\\\/person\\\/cb02af4c173ce4a653b55e9baf388d4a\",\"name\":\"Flo Ostermann\",\"image\":{\"@type\":\"ImageObject\",\"inLanguage\":\"fr-FR\",\"@id\":\"https:\\\/\\\/dicodusport.fr\\\/blog\\\/wp-content\\\/uploads\\\/2021\\\/05\\\/Flo-Ostermann-150x150.jpg\",\"url\":\"https:\\\/\\\/dicodusport.fr\\\/blog\\\/wp-content\\\/uploads\\\/2021\\\/05\\\/Flo-Ostermann-150x150.jpg\",\"contentUrl\":\"https:\\\/\\\/dicodusport.fr\\\/blog\\\/wp-content\\\/uploads\\\/2021\\\/05\\\/Flo-Ostermann-150x150.jpg\",\"caption\":\"Flo Ostermann\"},\"description\":\"Journaliste\\\/R\u00e9dacteur depuis septembre 2015 - Mes premiers souvenirs dans le sport ? Les envol\u00e9es du Stade Toulousain et les duels Villeneuve-Schumacher et H\u00e4kkinen-Schumacher \u00e0 la fin des ann\u00e9es 90, la Coupe du monde de football en 1998, l\u2019exploit du XV de France face aux All Blacks en 1999, mais aussi Richard C\u0153ur de Lion qui vole sur les montagnes du Tour de France. Bien parti pour devenir professeur d\u2019EPS, les \u00e9v\u00e9nements de la vie (et la flemme d\u2019animer des s\u00e9ances de 3x500 m\u00e8tres toute ma vie) m\u2019ont conduit \u00e0 revoir mes plans. Me voil\u00e0 depuis fin 2017 sur Dicodusport, m\u00e9dia gr\u00e2ce (et pour) lequel je partage ma passion : le sport dans tous ses \u00e9tats. Le tout accompagn\u00e9 par les fous furieux et folles furieuses cit\u00e9s sur cette page !\",\"sameAs\":[\"https:\\\/\\\/www.facebook.com\\\/florent.ostermann\",\"https:\\\/\\\/x.com\\\/https:\\\/\\\/twitter.com\\\/FlOstermann\",\"admin\"],\"url\":\"https:\\\/\\\/dicodusport.fr\\\/blog\\\/author\\\/flo\\\/\"}]}<\/script>\n<!-- \/ Yoast SEO Premium plugin. -->","yoast_head_json":{"title":"Le classement g\u00e9n\u00e9ral du Tour de Grande-Bretagne 2026 mis \u00e0 jour","description":"Tour de Grande-Bretagne 2026 : retrouvez le classement g\u00e9n\u00e9ral mis \u00e0 jour apr\u00e8s chaque \u00e9tape, les \u00e9carts et les principaux favoris \u00e0 la victoire finale.","robots":{"index":"index","follow":"follow","max-snippet":"max-snippet:-1","max-image-preview":"max-image-preview:large","max-video-preview":"max-video-preview:-1"},"canonical":"https:\/\/dicodusport.fr\/blog\/le-classement-general-du-tour-de-grande-bretagne-2026-mis-a-jour\/","og_locale":"fr_FR","og_type":"article","og_title":"Le classement g\u00e9n\u00e9ral du Tour de Grande-Bretagne 2026 mis \u00e0 jour","og_description":"Tour de Grande-Bretagne 2026 : retrouvez le classement g\u00e9n\u00e9ral mis \u00e0 jour apr\u00e8s chaque \u00e9tape, les \u00e9carts et les principaux favoris \u00e0 la victoire finale.","og_url":"https:\/\/dicodusport.fr\/blog\/le-classement-general-du-tour-de-grande-bretagne-2026-mis-a-jour\/","og_site_name":"Dicodusport","article_publisher":"https:\/\/www.facebook.com\/dicodusport","article_author":"https:\/\/www.facebook.com\/florent.ostermann","article_published_time":"2026-09-03T13:59:39+00:00","article_modified_time":"2026-09-03T13:59:55+00:00","og_image":[{"width":1200,"height":674,"url":"https:\/\/dicodusport.fr\/blog\/wp-content\/uploads\/2026\/09\/Le-classement-general-du-Tour-de-Grande-Bretagne-2026-mis-a-jour.png","type":"image\/png"}],"author":"Flo Ostermann","twitter_card":"summary_large_image","twitter_creator":"@https:\/\/twitter.com\/FlOstermann","twitter_site":"@dicodusport","schema":{"@context":"https:\/\/schema.org","@graph":[{"@type":"NewsArticle","@id":"https:\/\/dicodusport.fr\/blog\/le-classement-general-du-tour-de-grande-bretagne-2026-mis-a-jour\/#article","isPartOf":{"@id":"https:\/\/dicodusport.fr\/blog\/le-classement-general-du-tour-de-grande-bretagne-2026-mis-a-jour\/"},"author":{"name":"Flo Ostermann","@id":"https:\/\/dicodusport.fr\/blog\/#\/schema\/person\/cb02af4c173ce4a653b55e9baf388d4a"},"headline":"Le classement g\u00e9n\u00e9ral du Tour de Grande-Bretagne 2026 mis \u00e0 jour","datePublished":"2026-09-03T13:59:39+00:00","dateModified":"2026-09-03T13:59:55+00:00","mainEntityOfPage":{"@id":"https:\/\/dicodusport.fr\/blog\/le-classement-general-du-tour-de-grande-bretagne-2026-mis-a-jour\/"},"wordCount":433,"commentCount":0,"publisher":{"@id":"https:\/\/dicodusport.fr\/blog\/#organization"},"image":{"@id":"https:\/\/dicodusport.fr\/blog\/le-classement-general-du-tour-de-grande-bretagne-2026-mis-a-jour\/#primaryimage"},"thumbnailUrl":"https:\/\/dicodusport.fr\/blog\/wp-content\/uploads\/2026\/09\/Le-classement-general-du-Tour-de-Grande-Bretagne-2026-mis-a-jour.png","keywords":["actu","br\u00e8ve","Cyclisme","Cyclisme sur route","Tour de Grande-Bretagne"],"articleSection":["Cyclisme sur route"],"inLanguage":"fr-FR","potentialAction":[{"@type":"CommentAction","name":"Comment","target":["https:\/\/dicodusport.fr\/blog\/le-classement-general-du-tour-de-grande-bretagne-2026-mis-a-jour\/#respond"]}],"copyrightYear":"2026","copyrightHolder":{"@id":"https:\/\/dicodusport.fr\/blog\/#organization"}},{"@type":"WebPage","@id":"https:\/\/dicodusport.fr\/blog\/le-classement-general-du-tour-de-grande-bretagne-2026-mis-a-jour\/","url":"https:\/\/dicodusport.fr\/blog\/le-classement-general-du-tour-de-grande-bretagne-2026-mis-a-jour\/","name":"Le classement g\u00e9n\u00e9ral du Tour de Grande-Bretagne 2026 mis \u00e0 jour","isPartOf":{"@id":"https:\/\/dicodusport.fr\/blog\/#website"},"primaryImageOfPage":{"@id":"https:\/\/dicodusport.fr\/blog\/le-classement-general-du-tour-de-grande-bretagne-2026-mis-a-jour\/#primaryimage"},"image":{"@id":"https:\/\/dicodusport.fr\/blog\/le-classement-general-du-tour-de-grande-bretagne-2026-mis-a-jour\/#primaryimage"},"thumbnailUrl":"https:\/\/dicodusport.fr\/blog\/wp-content\/uploads\/2026\/09\/Le-classement-general-du-Tour-de-Grande-Bretagne-2026-mis-a-jour.png","datePublished":"2026-09-03T13:59:39+00:00","dateModified":"2026-09-03T13:59:55+00:00","description":"Tour de Grande-Bretagne 2026 : retrouvez le classement g\u00e9n\u00e9ral mis \u00e0 jour apr\u00e8s chaque \u00e9tape, les \u00e9carts et les principaux favoris \u00e0 la victoire finale.","breadcrumb":{"@id":"https:\/\/dicodusport.fr\/blog\/le-classement-general-du-tour-de-grande-bretagne-2026-mis-a-jour\/#breadcrumb"},"inLanguage":"fr-FR","potentialAction":[{"@type":"ReadAction","target":["https:\/\/dicodusport.fr\/blog\/le-classement-general-du-tour-de-grande-bretagne-2026-mis-a-jour\/"]}]},{"@type":"ImageObject","inLanguage":"fr-FR","@id":"https:\/\/dicodusport.fr\/blog\/le-classement-general-du-tour-de-grande-bretagne-2026-mis-a-jour\/#primaryimage","url":"https:\/\/dicodusport.fr\/blog\/wp-content\/uploads\/2026\/09\/Le-classement-general-du-Tour-de-Grande-Bretagne-2026-mis-a-jour.png","contentUrl":"https:\/\/dicodusport.fr\/blog\/wp-content\/uploads\/2026\/09\/Le-classement-general-du-Tour-de-Grande-Bretagne-2026-mis-a-jour.png","width":1200,"height":674,"caption":"Le classement g\u00e9n\u00e9ral du Tour de Grande-Bretagne 2026 mis \u00e0 jour"},{"@type":"BreadcrumbList","@id":"https:\/\/dicodusport.fr\/blog\/le-classement-general-du-tour-de-grande-bretagne-2026-mis-a-jour\/#breadcrumb","itemListElement":[{"@type":"ListItem","position":1,"name":"Accueil","item":"https:\/\/dicodusport.fr\/blog\/"},{"@type":"ListItem","position":2,"name":"Le classement g\u00e9n\u00e9ral du Tour de Grande-Bretagne 2026 mis \u00e0 jour"}]},{"@type":"WebSite","@id":"https:\/\/dicodusport.fr\/blog\/#website","url":"https:\/\/dicodusport.fr\/blog\/","name":"Dicodusport","description":"L&#039;encyclop\u00e9die de l&#039;actualit\u00e9 sportive","publisher":{"@id":"https:\/\/dicodusport.fr\/blog\/#organization"},"potentialAction":[{"@type":"SearchAction","target":{"@type":"EntryPoint","urlTemplate":"https:\/\/dicodusport.fr\/blog\/?s={search_term_string}"},"query-input":{"@type":"PropertyValueSpecification","valueRequired":true,"valueName":"search_term_string"}}],"inLanguage":"fr-FR"},{"@type":"NewsMediaOrganization","@id":"https:\/\/dicodusport.fr\/blog\/#organization","name":"Dicodusport","url":"https:\/\/dicodusport.fr\/blog\/","logo":{"@type":"ImageObject","inLanguage":"fr-FR","@id":"https:\/\/dicodusport.fr\/blog\/#\/schema\/logo\/image\/","url":"https:\/\/dicodusport.fr\/blog\/wp-content\/uploads\/2020\/06\/cropped-LOGO-DICODUSPORT-2020-SANS-FOND-SANS-TEXTE.png","contentUrl":"https:\/\/dicodusport.fr\/blog\/wp-content\/uploads\/2020\/06\/cropped-LOGO-DICODUSPORT-2020-SANS-FOND-SANS-TEXTE.png","width":512,"height":512,"caption":"Dicodusport"},"image":{"@id":"https:\/\/dicodusport.fr\/blog\/#\/schema\/logo\/image\/"},"sameAs":["https:\/\/www.facebook.com\/dicodusport","https:\/\/x.com\/dicodusport","https:\/\/www.instagram.com\/dicodusport\/","https:\/\/www.youtube.com\/channel\/UC7V2KZ5sd3htJivAbA4ZG3w"],"description":"Dicodusport est l'encyclop\u00e9die de l'actualit\u00e9 sportive.","email":"bonjour@dicodusport.fr","legalName":"DICODUSPORT","foundingDate":"2018-01-14","vatID":"FR71834470973","taxID":"83447097300043","numberOfEmployees":{"@type":"QuantitativeValue","minValue":"1","maxValue":"10"}},{"@type":"Person","@id":"https:\/\/dicodusport.fr\/blog\/#\/schema\/person\/cb02af4c173ce4a653b55e9baf388d4a","name":"Flo Ostermann","image":{"@type":"ImageObject","inLanguage":"fr-FR","@id":"https:\/\/dicodusport.fr\/blog\/wp-content\/uploads\/2021\/05\/Flo-Ostermann-150x150.jpg","url":"https:\/\/dicodusport.fr\/blog\/wp-content\/uploads\/2021\/05\/Flo-Ostermann-150x150.jpg","contentUrl":"https:\/\/dicodusport.fr\/blog\/wp-content\/uploads\/2021\/05\/Flo-Ostermann-150x150.jpg","caption":"Flo Ostermann"},"description":"Journaliste\/R\u00e9dacteur depuis septembre 2015 - Mes premiers souvenirs dans le sport ? Les envol\u00e9es du Stade Toulousain et les duels Villeneuve-Schumacher et H\u00e4kkinen-Schumacher \u00e0 la fin des ann\u00e9es 90, la Coupe du monde de football en 1998, l\u2019exploit du XV de France face aux All Blacks en 1999, mais aussi Richard C\u0153ur de Lion qui vole sur les montagnes du Tour de France. Bien parti pour devenir professeur d\u2019EPS, les \u00e9v\u00e9nements de la vie (et la flemme d\u2019animer des s\u00e9ances de 3x500 m\u00e8tres toute ma vie) m\u2019ont conduit \u00e0 revoir mes plans. Me voil\u00e0 depuis fin 2017 sur Dicodusport, m\u00e9dia gr\u00e2ce (et pour) lequel je partage ma passion : le sport dans tous ses \u00e9tats. Le tout accompagn\u00e9 par les fous furieux et folles furieuses cit\u00e9s sur cette page !","sameAs":["https:\/\/www.facebook.com\/florent.ostermann","https:\/\/x.com\/https:\/\/twitter.com\/FlOstermann","admin"],"url":"https:\/\/dicodusport.fr\/blog\/author\/flo\/"}]}},"_links":{"self":[{"href":"https:\/\/dicodusport.fr\/blog\/wp-json\/wp\/v2\/posts\/701021","targetHints":{"allow":["GET"]}}],"collection":[{"href":"https:\/\/dicodusport.fr\/blog\/wp-json\/wp\/v2\/posts"}],"about":[{"href":"https:\/\/dicodusport.fr\/blog\/wp-json\/wp\/v2\/types\/post"}],"author":[{"embeddable":true,"href":"https:\/\/dicodusport.fr\/blog\/wp-json\/wp\/v2\/users\/4"}],"replies":[{"embeddable":true,"href":"https:\/\/dicodusport.fr\/blog\/wp-json\/wp\/v2\/comments?post=701021"}],"version-history":[{"count":4,"href":"https:\/\/dicodusport.fr\/blog\/wp-json\/wp\/v2\/posts\/701021\/revisions"}],"predecessor-version":[{"id":701306,"href":"https:\/\/dicodusport.fr\/blog\/wp-json\/wp\/v2\/posts\/701021\/revisions\/701306"}],"wp:featuredmedia":[{"embeddable":true,"href":"https:\/\/dicodusport.fr\/blog\/wp-json\/wp\/v2\/media\/701024"}],"wp:attachment":[{"href":"https:\/\/dicodusport.fr\/blog\/wp-json\/wp\/v2\/media?parent=701021"}],"wp:term":[{"taxonomy":"category","embeddable":true,"href":"https:\/\/dicodusport.fr\/blog\/wp-json\/wp\/v2\/categories?post=701021"},{"taxonomy":"post_tag","embeddable":true,"href":"https:\/\/dicodusport.fr\/blog\/wp-json\/wp\/v2\/tags?post=701021"}],"curies":[{"name":"wp","href":"https:\/\/api.w.org\/{rel}","templated":true}]}}