{"id":701244,"date":"2026-09-03T15:55:25","date_gmt":"2026-09-03T13:55:25","guid":{"rendered":"https:\/\/dicodusport.fr\/blog\/?p=701244&#038;preview=true&#038;preview_id=701244"},"modified":"2026-09-03T16:15:18","modified_gmt":"2026-09-03T14:15:18","slug":"mathias-vacek-double-la-mise-sur-une-2e-etape-du-zlm-tour-2026-tres-animee","status":"publish","type":"post","link":"https:\/\/dicodusport.fr\/blog\/mathias-vacek-double-la-mise-sur-une-2e-etape-du-zlm-tour-2026-tres-animee\/","title":{"rendered":"Mathias Vacek double la mise sur une 2e \u00e9tape du ZLM Tour 2026 tr\u00e8s anim\u00e9e"},"content":{"rendered":"<p style=\"text-align: justify;\"><strong><em>ZLM TOUR 2026 &#8211; Dans les rues d\u2019Heinkenszand, Mathias Vacek a r\u00e9gl\u00e9 Tim van Dijke au sprint pour d\u00e9crocher une deuxi\u00e8me victoire en deux jours, au terme d\u2019une \u00e9tape marqu\u00e9e par de nombreuses bordures.<\/em><\/strong><\/p>\n<p style=\"font-weight: 400; text-align: justify;\">Les coureurs \u00e9taient pr\u00e9venus. Dans cette province totalement plate de <strong>Z\u00e9lande<\/strong>, la principale difficult\u00e9 pour eux n\u2019\u00e9tait pas le d\u00e9nivel\u00e9 mais le fort vent lat\u00e9ral balayant les routes du littoral. Des conditions propices \u00e0 des coups de bordure qui ne se sont pas fait attendre, dessinant le sc\u00e9nario d\u2019une deuxi\u00e8me \u00e9tape boulevers\u00e9e par les agissements d\u2019\u00c9ole.<\/p>\n<h2 style=\"font-weight: 400; text-align: justify;\"><strong>La Lidl-Trek joue avec le vent<\/strong><\/h2>\n<p style=\"font-weight: 400; text-align: justify;\">Le premier coup de bordure de la journ\u00e9e intervenait seulement une dizaine de kilom\u00e8tres apr\u00e8s le d\u00e9part donn\u00e9 depuis <strong>Westkapelle<\/strong>. Le peloton, nerveux et lanc\u00e9 \u00e0 plus de 50 km\/h, se retrouvait d\u00e9j\u00e0 scind\u00e9 en plusieurs morceaux. Une mise en route si explosive qu\u2019aucune \u00e9chapp\u00e9e ne parvenait \u00e0 prendre le large. Si une l\u00e9g\u00e8re accalmie permettait au peloton de se reformer, ce dernier se morcelait \u00e0 nouveau sous l\u2019effet du vent et des acc\u00e9l\u00e9rations en t\u00eate de course, et ainsi de suite jusqu\u2019au coup de bordure fatidique.<\/p>\n<ul style=\"text-align: justify;\">\n<li><strong>\u00c0 ce sujet \u2013\u00a0<a href=\"https:\/\/dicodusport.fr\/blog\/le-classement-general-du-zlm-tour-2026-mis-a-jour\/\">Le classement g\u00e9n\u00e9ral du ZLM Tour 2026 mis \u00e0 jour<\/a><\/strong><\/li>\n<\/ul>\n<p style=\"text-align: justify;\"><span style=\"font-weight: 400;\">Une man\u0153uvre initi\u00e9e par la formation <strong>Lidl-Trek<\/strong> \u00e0 118 kilom\u00e8tres de l\u2019arriv\u00e9e. Leader du <strong>ZLM Tour<\/strong> gr\u00e2ce \u00e0 sa victoire sur le contre-la-montre inaugural disput\u00e9 la veille, <strong>Mathias Vacek<\/strong> (Lidl-Trek) et ses hommes acc\u00e9l\u00e9raient brutalement en t\u00eate de course, faisant exploser le peloton en plusieurs morceaux. Un groupe de treize coureurs s\u2019y d\u00e9tachait et prenait le large gr\u00e2ce au travail des formations <strong>Lidl-Trek<\/strong> et <\/span><b>Red Bull-Bora-Hansgrohe<\/b>, en surnombre avec quatre coureurs chacune. <strong style=\"font-weight: 400;\">Anthony Turgis<\/strong> (Total\u00c9nergies) \u00e9tait l\u2019unique repr\u00e9sentant tricolore \u00e0 figurer parmi ces treize hommes.<\/p>\n<p style=\"font-weight: 400; text-align: justify;\">Derri\u00e8re, un groupe de 18 coureurs, emmen\u00e9 par une formation <strong>Visma Lease a Bike<\/strong> pi\u00e9g\u00e9e, menait la chasse. Malgr\u00e9 les efforts des \u00ab\u00a0jaunes et noirs\u00a0\u00bb, l\u2019\u00e9cart grandissait et d\u00e9passait les deux minutes \u00e0 l\u2019entr\u00e9e du circuit final. Le peloton, lui, accusait d\u00e9j\u00e0 plus de six minutes de retard.<\/p>\n<h2 style=\"font-weight: 400; text-align: justify;\"><strong>Mathias Vacek r\u00e9cidive <\/strong><\/h2>\n<p style=\"font-weight: 400; text-align: justify;\">D\u2019un groupe de treize coureurs, ils n\u2019\u00e9taient finalement plus que deux \u00e0 se disputer la victoire d\u2019\u00e9tape. Apr\u00e8s d\u2019incessantes attaques dans les 25 derniers kilom\u00e8tres qui us\u00e8rent les organismes, <strong>Mathias Vacek<\/strong> et <strong>Tim van Dijke<\/strong> (Red Bull-Bora-Hansgrohe) trouvaient les ressources n\u00e9cessaires pour sortir pour de bon \u00e0 11 kilom\u00e8tres de l\u2019arriv\u00e9e. Malgr\u00e9 le travail de <strong>Tobias M\u00fcller<\/strong> (Unibet Rose Rockets) en t\u00eate du groupe de poursuivants, les deux coureurs collaboraient et comptaient une vingtaine de secondes d\u2019avance sous la flamme rouge. Un \u00e9cart suffisant pour se livrer \u00e0 une guerre des nerfs dans le dernier kilom\u00e8tre.<\/p>\n<ul style=\"text-align: justify;\">\n<li><strong>\u00c0 ce sujet \u2013 <a href=\"https:\/\/dicodusport.fr\/blog\/le-classement-et-les-resultats-de-la-2e-etape-du-zlm-tour-2026-remportee-par-mathias-vacek\/\">Le classement et les r\u00e9sultats de la 2e \u00e9tape du ZLM Tour 2026, remport\u00e9e par Mathias Vacek<\/a><\/strong><\/li>\n<\/ul>\n<p style=\"font-weight: 400; text-align: justify;\">Maillot jaune de leader du classement g\u00e9n\u00e9ral sur les \u00e9paules, <strong>Mathias Vacek<\/strong> prenait ses responsabilit\u00e9s et lan\u00e7ait le sprint. Malgr\u00e9 le retour de <strong>Tim van Dijke<\/strong>, le champion de <strong>R\u00e9publique Tch\u00e8que <\/strong>conservait l\u2019avantage sur la ligne d\u2019arriv\u00e9e pour remporter un deuxi\u00e8me succ\u00e8s d\u2019\u00e9tape en deux jours, et creuser un peu plus l\u2019\u00e9cart au classement g\u00e9n\u00e9ral. Co\u00e9quipier de <strong>Tim van Dijke<\/strong>, <strong>Danny van Poppel<\/strong> compl\u00e8te le podium de cette deuxi\u00e8me \u00e9tape.<\/p>\n<blockquote class=\"twitter-tweet\">\n<p dir=\"ltr\" lang=\"fr\">Mathias Vacek (Lidl-Trek) l&#8217;emporte devant Tim van Dijke (Red Bull-Bora-hansgrohe) sur la 2e \u00e9tape du <a href=\"https:\/\/x.com\/hashtag\/ZLMTour?src=hash&amp;ref_src=twsrc%5Etfw\">#ZLMTour<\/a> ! Le Tch\u00e8que encha\u00eene (24 ans) apr\u00e8s son succ\u00e8s sur le chrono hier. Apr\u00e8s une journ\u00e9e marqu\u00e9e par des bordures, le duo s&rsquo;est form\u00e9 \u00e0 11km de l&rsquo;arriv\u00e9e. <a href=\"https:\/\/t.co\/AzDxn9jwcT\">pic.twitter.com\/AzDxn9jwcT<\/a><\/p>\n<p>\u2014 Le Gruppetto (@LeGruppetto) <a href=\"https:\/\/x.com\/LeGruppetto\/status\/2095509902890332466?ref_src=twsrc%5Etfw\">September 3, 2026<\/a><\/p><\/blockquote>\n<p style=\"text-align: justify;\"><script async src=\"https:\/\/platform.x.com\/widgets.js\" charset=\"utf-8\"><\/script><\/p>\n<h3 style=\"text-align: justify;\">\u00c0 lire aussi<\/h3>\n<ul style=\"text-align: justify;\">\n<li><strong><a href=\"https:\/\/dicodusport.fr\/blog\/mercato-cyclisme-2026-2027-le-tableau-des-transferts-mis-a-jour\/\">Mercato Cyclisme 2026-2027 \u2013 Le tableau des transferts mis \u00e0 jour<\/a><\/strong><\/li>\n<li><a href=\"https:\/\/dicodusport.fr\/blog\/classement-uci-hommes-le-classement-mondial-mis-a-jour\/\"><strong>Classement UCI hommes : le classement mondial mis \u00e0 jour<\/strong><\/a><\/li>\n<li><strong><a href=\"https:\/\/dicodusport.fr\/blog\/classement-uci-par-equipes-2026-2028-le-ranking-mis-a-jour\/\">Classement UCI par \u00e9quipes 2026-2028 : le ranking mis \u00e0 jour<\/a><\/strong><\/li>\n<\/ul>\n<div id=\"gtx-trans\" style=\"position: absolute; left: -14px; top: 40.9091px;\">\n<div class=\"gtx-trans-icon\" style=\"text-align: justify;\"><\/div>\n<\/div>\n","protected":false},"excerpt":{"rendered":"<p>ZLM TOUR 2026 &#8211; Dans les rues d\u2019Heinkenszand, Mathias Vacek a r\u00e9gl\u00e9 Tim Van Dijke au sprint pour d\u00e9crocher une deuxi\u00e8me victoire en deux jours, au terme d\u2019une \u00e9tape marqu\u00e9e par de nombreuses bordures.<\/p>\n","protected":false},"author":107,"featured_media":701300,"comment_status":"open","ping_status":"closed","sticky":false,"template":"","format":"standard","meta":{"_acf_changed":false,"_daextam_enable_autolinks":"1","footnotes":"","_members_access_role":[],"_members_access_error":""},"categories":[46994],"tags":[32415,16878,574,11197,24042],"class_list":["post-701244","post","type-post","status-publish","format-standard","has-post-thumbnail","hentry","category-cyclisme-sur-route","tag-actu","tag-breve","tag-cyclisme","tag-cyclisme-sur-route","tag-zlm-tour"],"acf":[],"yoast_head":"<!-- This site is optimized with the Yoast SEO Premium plugin v28.3 (Yoast SEO v28.3) - https:\/\/yoast.com\/product\/yoast-seo-premium-wordpress\/ -->\n<title>Mathias Vacek double la mise sur une 2e \u00e9tape du ZLM Tour 2026 tr\u00e8s anim\u00e9e<\/title>\n<meta name=\"description\" content=\"ZLM TOUR 2026 - Mathias Vacek a r\u00e9gl\u00e9 Tim Van Dijke au sprint pour d\u00e9crocher une deuxi\u00e8me victoire en deux jours.\" \/>\n<meta name=\"robots\" content=\"index, follow, max-snippet:-1, max-image-preview:large, max-video-preview:-1\" \/>\n<link rel=\"canonical\" href=\"https:\/\/dicodusport.fr\/blog\/mathias-vacek-double-la-mise-sur-une-2e-etape-du-zlm-tour-2026-tres-animee\/\" \/>\n<meta property=\"og:locale\" content=\"fr_FR\" \/>\n<meta property=\"og:type\" content=\"article\" \/>\n<meta property=\"og:title\" content=\"Mathias Vacek double la mise sur une 2e \u00e9tape du ZLM Tour 2026 tr\u00e8s anim\u00e9e\" \/>\n<meta property=\"og:description\" content=\"ZLM TOUR 2026 - Mathias Vacek a r\u00e9gl\u00e9 Tim Van Dijke au sprint pour d\u00e9crocher une deuxi\u00e8me victoire en deux jours.\" \/>\n<meta property=\"og:url\" content=\"https:\/\/dicodusport.fr\/blog\/mathias-vacek-double-la-mise-sur-une-2e-etape-du-zlm-tour-2026-tres-animee\/\" \/>\n<meta property=\"og:site_name\" content=\"Dicodusport\" \/>\n<meta property=\"article:publisher\" content=\"https:\/\/www.facebook.com\/dicodusport\" \/>\n<meta property=\"article:published_time\" content=\"2026-09-03T13:55:25+00:00\" \/>\n<meta property=\"article:modified_time\" content=\"2026-09-03T14:15:18+00:00\" \/>\n<meta property=\"og:image\" content=\"https:\/\/dicodusport.fr\/blog\/wp-content\/uploads\/2026\/09\/Mathias-Vacek-double-la-mise-sur-une-2e-etape-du-ZLM-Tour-2026-tres-animee.png\" \/>\n\t<meta property=\"og:image:width\" content=\"1200\" \/>\n\t<meta property=\"og:image:height\" content=\"674\" \/>\n\t<meta property=\"og:image:type\" content=\"image\/png\" \/>\n<meta name=\"author\" content=\"Th\u00e9o Gripon Auer\" \/>\n<meta name=\"twitter:card\" content=\"summary_large_image\" \/>\n<meta name=\"twitter:title\" content=\"Mathias Vacek double la mise sur une 2e \u00e9tape du ZLM Tour 2026 tr\u00e8s anim\u00e9e\" \/>\n<meta name=\"twitter:creator\" content=\"@dicodusport\" \/>\n<meta name=\"twitter:site\" content=\"@dicodusport\" \/>\n<script type=\"application\/ld+json\" class=\"yoast-schema-graph\">{\"@context\":\"https:\\\/\\\/schema.org\",\"@graph\":[{\"@type\":\"NewsArticle\",\"@id\":\"https:\\\/\\\/dicodusport.fr\\\/blog\\\/mathias-vacek-double-la-mise-sur-une-2e-etape-du-zlm-tour-2026-tres-animee\\\/#article\",\"isPartOf\":{\"@id\":\"https:\\\/\\\/dicodusport.fr\\\/blog\\\/mathias-vacek-double-la-mise-sur-une-2e-etape-du-zlm-tour-2026-tres-animee\\\/\"},\"author\":{\"name\":\"Th\u00e9o Gripon Auer\",\"@id\":\"https:\\\/\\\/dicodusport.fr\\\/blog\\\/#\\\/schema\\\/person\\\/c0d35c220c4e79773da9e19a595ab67c\"},\"headline\":\"Mathias Vacek double la mise sur une 2e \u00e9tape du ZLM Tour 2026 tr\u00e8s anim\u00e9e\",\"datePublished\":\"2026-09-03T13:55:25+00:00\",\"dateModified\":\"2026-09-03T14:15:18+00:00\",\"mainEntityOfPage\":{\"@id\":\"https:\\\/\\\/dicodusport.fr\\\/blog\\\/mathias-vacek-double-la-mise-sur-une-2e-etape-du-zlm-tour-2026-tres-animee\\\/\"},\"wordCount\":693,\"commentCount\":0,\"publisher\":{\"@id\":\"https:\\\/\\\/dicodusport.fr\\\/blog\\\/#organization\"},\"image\":{\"@id\":\"https:\\\/\\\/dicodusport.fr\\\/blog\\\/mathias-vacek-double-la-mise-sur-une-2e-etape-du-zlm-tour-2026-tres-animee\\\/#primaryimage\"},\"thumbnailUrl\":\"https:\\\/\\\/dicodusport.fr\\\/blog\\\/wp-content\\\/uploads\\\/2026\\\/09\\\/Mathias-Vacek-double-la-mise-sur-une-2e-etape-du-ZLM-Tour-2026-tres-animee.png\",\"keywords\":[\"actu\",\"br\u00e8ve\",\"Cyclisme\",\"Cyclisme sur route\",\"ZLM tour\"],\"articleSection\":[\"Cyclisme sur route\"],\"inLanguage\":\"fr-FR\",\"potentialAction\":[{\"@type\":\"CommentAction\",\"name\":\"Comment\",\"target\":[\"https:\\\/\\\/dicodusport.fr\\\/blog\\\/mathias-vacek-double-la-mise-sur-une-2e-etape-du-zlm-tour-2026-tres-animee\\\/#respond\"]}],\"copyrightYear\":\"2026\",\"copyrightHolder\":{\"@id\":\"https:\\\/\\\/dicodusport.fr\\\/blog\\\/#organization\"}},{\"@type\":\"WebPage\",\"@id\":\"https:\\\/\\\/dicodusport.fr\\\/blog\\\/mathias-vacek-double-la-mise-sur-une-2e-etape-du-zlm-tour-2026-tres-animee\\\/\",\"url\":\"https:\\\/\\\/dicodusport.fr\\\/blog\\\/mathias-vacek-double-la-mise-sur-une-2e-etape-du-zlm-tour-2026-tres-animee\\\/\",\"name\":\"Mathias Vacek double la mise sur une 2e \u00e9tape du ZLM Tour 2026 tr\u00e8s anim\u00e9e\",\"isPartOf\":{\"@id\":\"https:\\\/\\\/dicodusport.fr\\\/blog\\\/#website\"},\"primaryImageOfPage\":{\"@id\":\"https:\\\/\\\/dicodusport.fr\\\/blog\\\/mathias-vacek-double-la-mise-sur-une-2e-etape-du-zlm-tour-2026-tres-animee\\\/#primaryimage\"},\"image\":{\"@id\":\"https:\\\/\\\/dicodusport.fr\\\/blog\\\/mathias-vacek-double-la-mise-sur-une-2e-etape-du-zlm-tour-2026-tres-animee\\\/#primaryimage\"},\"thumbnailUrl\":\"https:\\\/\\\/dicodusport.fr\\\/blog\\\/wp-content\\\/uploads\\\/2026\\\/09\\\/Mathias-Vacek-double-la-mise-sur-une-2e-etape-du-ZLM-Tour-2026-tres-animee.png\",\"datePublished\":\"2026-09-03T13:55:25+00:00\",\"dateModified\":\"2026-09-03T14:15:18+00:00\",\"description\":\"ZLM TOUR 2026 - Mathias Vacek a r\u00e9gl\u00e9 Tim Van Dijke au sprint pour d\u00e9crocher une deuxi\u00e8me victoire en deux jours.\",\"breadcrumb\":{\"@id\":\"https:\\\/\\\/dicodusport.fr\\\/blog\\\/mathias-vacek-double-la-mise-sur-une-2e-etape-du-zlm-tour-2026-tres-animee\\\/#breadcrumb\"},\"inLanguage\":\"fr-FR\",\"potentialAction\":[{\"@type\":\"ReadAction\",\"target\":[\"https:\\\/\\\/dicodusport.fr\\\/blog\\\/mathias-vacek-double-la-mise-sur-une-2e-etape-du-zlm-tour-2026-tres-animee\\\/\"]}]},{\"@type\":\"ImageObject\",\"inLanguage\":\"fr-FR\",\"@id\":\"https:\\\/\\\/dicodusport.fr\\\/blog\\\/mathias-vacek-double-la-mise-sur-une-2e-etape-du-zlm-tour-2026-tres-animee\\\/#primaryimage\",\"url\":\"https:\\\/\\\/dicodusport.fr\\\/blog\\\/wp-content\\\/uploads\\\/2026\\\/09\\\/Mathias-Vacek-double-la-mise-sur-une-2e-etape-du-ZLM-Tour-2026-tres-animee.png\",\"contentUrl\":\"https:\\\/\\\/dicodusport.fr\\\/blog\\\/wp-content\\\/uploads\\\/2026\\\/09\\\/Mathias-Vacek-double-la-mise-sur-une-2e-etape-du-ZLM-Tour-2026-tres-animee.png\",\"width\":1200,\"height\":674,\"caption\":\"Mathias Vacek double la mise sur une 2e \u00e9tape du ZLM Tour 2026 tr\u00e8s anim\u00e9e\"},{\"@type\":\"BreadcrumbList\",\"@id\":\"https:\\\/\\\/dicodusport.fr\\\/blog\\\/mathias-vacek-double-la-mise-sur-une-2e-etape-du-zlm-tour-2026-tres-animee\\\/#breadcrumb\",\"itemListElement\":[{\"@type\":\"ListItem\",\"position\":1,\"name\":\"Accueil\",\"item\":\"https:\\\/\\\/dicodusport.fr\\\/blog\\\/\"},{\"@type\":\"ListItem\",\"position\":2,\"name\":\"Mathias Vacek double la mise sur une 2e \u00e9tape du ZLM Tour 2026 tr\u00e8s anim\u00e9e\"}]},{\"@type\":\"WebSite\",\"@id\":\"https:\\\/\\\/dicodusport.fr\\\/blog\\\/#website\",\"url\":\"https:\\\/\\\/dicodusport.fr\\\/blog\\\/\",\"name\":\"Dicodusport\",\"description\":\"L&#039;encyclop\u00e9die de l&#039;actualit\u00e9 sportive\",\"publisher\":{\"@id\":\"https:\\\/\\\/dicodusport.fr\\\/blog\\\/#organization\"},\"potentialAction\":[{\"@type\":\"SearchAction\",\"target\":{\"@type\":\"EntryPoint\",\"urlTemplate\":\"https:\\\/\\\/dicodusport.fr\\\/blog\\\/?s={search_term_string}\"},\"query-input\":{\"@type\":\"PropertyValueSpecification\",\"valueRequired\":true,\"valueName\":\"search_term_string\"}}],\"inLanguage\":\"fr-FR\"},{\"@type\":\"NewsMediaOrganization\",\"@id\":\"https:\\\/\\\/dicodusport.fr\\\/blog\\\/#organization\",\"name\":\"Dicodusport\",\"url\":\"https:\\\/\\\/dicodusport.fr\\\/blog\\\/\",\"logo\":{\"@type\":\"ImageObject\",\"inLanguage\":\"fr-FR\",\"@id\":\"https:\\\/\\\/dicodusport.fr\\\/blog\\\/#\\\/schema\\\/logo\\\/image\\\/\",\"url\":\"https:\\\/\\\/dicodusport.fr\\\/blog\\\/wp-content\\\/uploads\\\/2020\\\/06\\\/cropped-LOGO-DICODUSPORT-2020-SANS-FOND-SANS-TEXTE.png\",\"contentUrl\":\"https:\\\/\\\/dicodusport.fr\\\/blog\\\/wp-content\\\/uploads\\\/2020\\\/06\\\/cropped-LOGO-DICODUSPORT-2020-SANS-FOND-SANS-TEXTE.png\",\"width\":512,\"height\":512,\"caption\":\"Dicodusport\"},\"image\":{\"@id\":\"https:\\\/\\\/dicodusport.fr\\\/blog\\\/#\\\/schema\\\/logo\\\/image\\\/\"},\"sameAs\":[\"https:\\\/\\\/www.facebook.com\\\/dicodusport\",\"https:\\\/\\\/x.com\\\/dicodusport\",\"https:\\\/\\\/www.instagram.com\\\/dicodusport\\\/\",\"https:\\\/\\\/www.youtube.com\\\/channel\\\/UC7V2KZ5sd3htJivAbA4ZG3w\"],\"description\":\"Dicodusport est l'encyclop\u00e9die de l'actualit\u00e9 sportive.\",\"email\":\"bonjour@dicodusport.fr\",\"legalName\":\"DICODUSPORT\",\"foundingDate\":\"2018-01-14\",\"vatID\":\"FR71834470973\",\"taxID\":\"83447097300043\",\"numberOfEmployees\":{\"@type\":\"QuantitativeValue\",\"minValue\":\"1\",\"maxValue\":\"10\"}},{\"@type\":\"Person\",\"@id\":\"https:\\\/\\\/dicodusport.fr\\\/blog\\\/#\\\/schema\\\/person\\\/c0d35c220c4e79773da9e19a595ab67c\",\"name\":\"Th\u00e9o Gripon Auer\",\"image\":{\"@type\":\"ImageObject\",\"inLanguage\":\"fr-FR\",\"@id\":\"https:\\\/\\\/dicodusport.fr\\\/blog\\\/wp-content\\\/uploads\\\/2025\\\/02\\\/Maillot-Dicodusport-Theo-150x150.png\",\"url\":\"https:\\\/\\\/dicodusport.fr\\\/blog\\\/wp-content\\\/uploads\\\/2025\\\/02\\\/Maillot-Dicodusport-Theo-150x150.png\",\"contentUrl\":\"https:\\\/\\\/dicodusport.fr\\\/blog\\\/wp-content\\\/uploads\\\/2025\\\/02\\\/Maillot-Dicodusport-Theo-150x150.png\",\"caption\":\"Th\u00e9o Gripon Auer\"},\"description\":\"Partag\u00e9 entre la passion du sport et celle de l\u2019\u00e9criture, je f\u00e9d\u00e8re les deux au service de Dicodusport. Un poil frustr\u00e9 de ne pas avoir r\u00e9ussi \u00e0 devenir sportif pro, alors que je ne me suis jamais fait les crois\u00e9s, je partage tout de m\u00eame un point commun avec Tadej Pogacar, Cristiano Ronaldo et John McEnroe : celui de n\u2019avoir jamais \u00e9t\u00e9 champion olympique.\",\"url\":\"https:\\\/\\\/dicodusport.fr\\\/blog\\\/author\\\/theo-gripon-auer\\\/\"}]}<\/script>\n<!-- \/ Yoast SEO Premium plugin. -->","yoast_head_json":{"title":"Mathias Vacek double la mise sur une 2e \u00e9tape du ZLM Tour 2026 tr\u00e8s anim\u00e9e","description":"ZLM TOUR 2026 - Mathias Vacek a r\u00e9gl\u00e9 Tim Van Dijke au sprint pour d\u00e9crocher une deuxi\u00e8me victoire en deux jours.","robots":{"index":"index","follow":"follow","max-snippet":"max-snippet:-1","max-image-preview":"max-image-preview:large","max-video-preview":"max-video-preview:-1"},"canonical":"https:\/\/dicodusport.fr\/blog\/mathias-vacek-double-la-mise-sur-une-2e-etape-du-zlm-tour-2026-tres-animee\/","og_locale":"fr_FR","og_type":"article","og_title":"Mathias Vacek double la mise sur une 2e \u00e9tape du ZLM Tour 2026 tr\u00e8s anim\u00e9e","og_description":"ZLM TOUR 2026 - Mathias Vacek a r\u00e9gl\u00e9 Tim Van Dijke au sprint pour d\u00e9crocher une deuxi\u00e8me victoire en deux jours.","og_url":"https:\/\/dicodusport.fr\/blog\/mathias-vacek-double-la-mise-sur-une-2e-etape-du-zlm-tour-2026-tres-animee\/","og_site_name":"Dicodusport","article_publisher":"https:\/\/www.facebook.com\/dicodusport","article_published_time":"2026-09-03T13:55:25+00:00","article_modified_time":"2026-09-03T14:15:18+00:00","og_image":[{"width":1200,"height":674,"url":"https:\/\/dicodusport.fr\/blog\/wp-content\/uploads\/2026\/09\/Mathias-Vacek-double-la-mise-sur-une-2e-etape-du-ZLM-Tour-2026-tres-animee.png","type":"image\/png"}],"author":"Th\u00e9o Gripon Auer","twitter_card":"summary_large_image","twitter_title":"Mathias Vacek double la mise sur une 2e \u00e9tape du ZLM Tour 2026 tr\u00e8s anim\u00e9e","twitter_creator":"@dicodusport","twitter_site":"@dicodusport","schema":{"@context":"https:\/\/schema.org","@graph":[{"@type":"NewsArticle","@id":"https:\/\/dicodusport.fr\/blog\/mathias-vacek-double-la-mise-sur-une-2e-etape-du-zlm-tour-2026-tres-animee\/#article","isPartOf":{"@id":"https:\/\/dicodusport.fr\/blog\/mathias-vacek-double-la-mise-sur-une-2e-etape-du-zlm-tour-2026-tres-animee\/"},"author":{"name":"Th\u00e9o Gripon Auer","@id":"https:\/\/dicodusport.fr\/blog\/#\/schema\/person\/c0d35c220c4e79773da9e19a595ab67c"},"headline":"Mathias Vacek double la mise sur une 2e \u00e9tape du ZLM Tour 2026 tr\u00e8s anim\u00e9e","datePublished":"2026-09-03T13:55:25+00:00","dateModified":"2026-09-03T14:15:18+00:00","mainEntityOfPage":{"@id":"https:\/\/dicodusport.fr\/blog\/mathias-vacek-double-la-mise-sur-une-2e-etape-du-zlm-tour-2026-tres-animee\/"},"wordCount":693,"commentCount":0,"publisher":{"@id":"https:\/\/dicodusport.fr\/blog\/#organization"},"image":{"@id":"https:\/\/dicodusport.fr\/blog\/mathias-vacek-double-la-mise-sur-une-2e-etape-du-zlm-tour-2026-tres-animee\/#primaryimage"},"thumbnailUrl":"https:\/\/dicodusport.fr\/blog\/wp-content\/uploads\/2026\/09\/Mathias-Vacek-double-la-mise-sur-une-2e-etape-du-ZLM-Tour-2026-tres-animee.png","keywords":["actu","br\u00e8ve","Cyclisme","Cyclisme sur route","ZLM tour"],"articleSection":["Cyclisme sur route"],"inLanguage":"fr-FR","potentialAction":[{"@type":"CommentAction","name":"Comment","target":["https:\/\/dicodusport.fr\/blog\/mathias-vacek-double-la-mise-sur-une-2e-etape-du-zlm-tour-2026-tres-animee\/#respond"]}],"copyrightYear":"2026","copyrightHolder":{"@id":"https:\/\/dicodusport.fr\/blog\/#organization"}},{"@type":"WebPage","@id":"https:\/\/dicodusport.fr\/blog\/mathias-vacek-double-la-mise-sur-une-2e-etape-du-zlm-tour-2026-tres-animee\/","url":"https:\/\/dicodusport.fr\/blog\/mathias-vacek-double-la-mise-sur-une-2e-etape-du-zlm-tour-2026-tres-animee\/","name":"Mathias Vacek double la mise sur une 2e \u00e9tape du ZLM Tour 2026 tr\u00e8s anim\u00e9e","isPartOf":{"@id":"https:\/\/dicodusport.fr\/blog\/#website"},"primaryImageOfPage":{"@id":"https:\/\/dicodusport.fr\/blog\/mathias-vacek-double-la-mise-sur-une-2e-etape-du-zlm-tour-2026-tres-animee\/#primaryimage"},"image":{"@id":"https:\/\/dicodusport.fr\/blog\/mathias-vacek-double-la-mise-sur-une-2e-etape-du-zlm-tour-2026-tres-animee\/#primaryimage"},"thumbnailUrl":"https:\/\/dicodusport.fr\/blog\/wp-content\/uploads\/2026\/09\/Mathias-Vacek-double-la-mise-sur-une-2e-etape-du-ZLM-Tour-2026-tres-animee.png","datePublished":"2026-09-03T13:55:25+00:00","dateModified":"2026-09-03T14:15:18+00:00","description":"ZLM TOUR 2026 - Mathias Vacek a r\u00e9gl\u00e9 Tim Van Dijke au sprint pour d\u00e9crocher une deuxi\u00e8me victoire en deux jours.","breadcrumb":{"@id":"https:\/\/dicodusport.fr\/blog\/mathias-vacek-double-la-mise-sur-une-2e-etape-du-zlm-tour-2026-tres-animee\/#breadcrumb"},"inLanguage":"fr-FR","potentialAction":[{"@type":"ReadAction","target":["https:\/\/dicodusport.fr\/blog\/mathias-vacek-double-la-mise-sur-une-2e-etape-du-zlm-tour-2026-tres-animee\/"]}]},{"@type":"ImageObject","inLanguage":"fr-FR","@id":"https:\/\/dicodusport.fr\/blog\/mathias-vacek-double-la-mise-sur-une-2e-etape-du-zlm-tour-2026-tres-animee\/#primaryimage","url":"https:\/\/dicodusport.fr\/blog\/wp-content\/uploads\/2026\/09\/Mathias-Vacek-double-la-mise-sur-une-2e-etape-du-ZLM-Tour-2026-tres-animee.png","contentUrl":"https:\/\/dicodusport.fr\/blog\/wp-content\/uploads\/2026\/09\/Mathias-Vacek-double-la-mise-sur-une-2e-etape-du-ZLM-Tour-2026-tres-animee.png","width":1200,"height":674,"caption":"Mathias Vacek double la mise sur une 2e \u00e9tape du ZLM Tour 2026 tr\u00e8s anim\u00e9e"},{"@type":"BreadcrumbList","@id":"https:\/\/dicodusport.fr\/blog\/mathias-vacek-double-la-mise-sur-une-2e-etape-du-zlm-tour-2026-tres-animee\/#breadcrumb","itemListElement":[{"@type":"ListItem","position":1,"name":"Accueil","item":"https:\/\/dicodusport.fr\/blog\/"},{"@type":"ListItem","position":2,"name":"Mathias Vacek double la mise sur une 2e \u00e9tape du ZLM Tour 2026 tr\u00e8s anim\u00e9e"}]},{"@type":"WebSite","@id":"https:\/\/dicodusport.fr\/blog\/#website","url":"https:\/\/dicodusport.fr\/blog\/","name":"Dicodusport","description":"L&#039;encyclop\u00e9die de l&#039;actualit\u00e9 sportive","publisher":{"@id":"https:\/\/dicodusport.fr\/blog\/#organization"},"potentialAction":[{"@type":"SearchAction","target":{"@type":"EntryPoint","urlTemplate":"https:\/\/dicodusport.fr\/blog\/?s={search_term_string}"},"query-input":{"@type":"PropertyValueSpecification","valueRequired":true,"valueName":"search_term_string"}}],"inLanguage":"fr-FR"},{"@type":"NewsMediaOrganization","@id":"https:\/\/dicodusport.fr\/blog\/#organization","name":"Dicodusport","url":"https:\/\/dicodusport.fr\/blog\/","logo":{"@type":"ImageObject","inLanguage":"fr-FR","@id":"https:\/\/dicodusport.fr\/blog\/#\/schema\/logo\/image\/","url":"https:\/\/dicodusport.fr\/blog\/wp-content\/uploads\/2020\/06\/cropped-LOGO-DICODUSPORT-2020-SANS-FOND-SANS-TEXTE.png","contentUrl":"https:\/\/dicodusport.fr\/blog\/wp-content\/uploads\/2020\/06\/cropped-LOGO-DICODUSPORT-2020-SANS-FOND-SANS-TEXTE.png","width":512,"height":512,"caption":"Dicodusport"},"image":{"@id":"https:\/\/dicodusport.fr\/blog\/#\/schema\/logo\/image\/"},"sameAs":["https:\/\/www.facebook.com\/dicodusport","https:\/\/x.com\/dicodusport","https:\/\/www.instagram.com\/dicodusport\/","https:\/\/www.youtube.com\/channel\/UC7V2KZ5sd3htJivAbA4ZG3w"],"description":"Dicodusport est l'encyclop\u00e9die de l'actualit\u00e9 sportive.","email":"bonjour@dicodusport.fr","legalName":"DICODUSPORT","foundingDate":"2018-01-14","vatID":"FR71834470973","taxID":"83447097300043","numberOfEmployees":{"@type":"QuantitativeValue","minValue":"1","maxValue":"10"}},{"@type":"Person","@id":"https:\/\/dicodusport.fr\/blog\/#\/schema\/person\/c0d35c220c4e79773da9e19a595ab67c","name":"Th\u00e9o Gripon Auer","image":{"@type":"ImageObject","inLanguage":"fr-FR","@id":"https:\/\/dicodusport.fr\/blog\/wp-content\/uploads\/2025\/02\/Maillot-Dicodusport-Theo-150x150.png","url":"https:\/\/dicodusport.fr\/blog\/wp-content\/uploads\/2025\/02\/Maillot-Dicodusport-Theo-150x150.png","contentUrl":"https:\/\/dicodusport.fr\/blog\/wp-content\/uploads\/2025\/02\/Maillot-Dicodusport-Theo-150x150.png","caption":"Th\u00e9o Gripon Auer"},"description":"Partag\u00e9 entre la passion du sport et celle de l\u2019\u00e9criture, je f\u00e9d\u00e8re les deux au service de Dicodusport. Un poil frustr\u00e9 de ne pas avoir r\u00e9ussi \u00e0 devenir sportif pro, alors que je ne me suis jamais fait les crois\u00e9s, je partage tout de m\u00eame un point commun avec Tadej Pogacar, Cristiano Ronaldo et John McEnroe : celui de n\u2019avoir jamais \u00e9t\u00e9 champion olympique.","url":"https:\/\/dicodusport.fr\/blog\/author\/theo-gripon-auer\/"}]}},"_links":{"self":[{"href":"https:\/\/dicodusport.fr\/blog\/wp-json\/wp\/v2\/posts\/701244","targetHints":{"allow":["GET"]}}],"collection":[{"href":"https:\/\/dicodusport.fr\/blog\/wp-json\/wp\/v2\/posts"}],"about":[{"href":"https:\/\/dicodusport.fr\/blog\/wp-json\/wp\/v2\/types\/post"}],"author":[{"embeddable":true,"href":"https:\/\/dicodusport.fr\/blog\/wp-json\/wp\/v2\/users\/107"}],"replies":[{"embeddable":true,"href":"https:\/\/dicodusport.fr\/blog\/wp-json\/wp\/v2\/comments?post=701244"}],"version-history":[{"count":5,"href":"https:\/\/dicodusport.fr\/blog\/wp-json\/wp\/v2\/posts\/701244\/revisions"}],"predecessor-version":[{"id":701315,"href":"https:\/\/dicodusport.fr\/blog\/wp-json\/wp\/v2\/posts\/701244\/revisions\/701315"}],"wp:featuredmedia":[{"embeddable":true,"href":"https:\/\/dicodusport.fr\/blog\/wp-json\/wp\/v2\/media\/701300"}],"wp:attachment":[{"href":"https:\/\/dicodusport.fr\/blog\/wp-json\/wp\/v2\/media?parent=701244"}],"wp:term":[{"taxonomy":"category","embeddable":true,"href":"https:\/\/dicodusport.fr\/blog\/wp-json\/wp\/v2\/categories?post=701244"},{"taxonomy":"post_tag","embeddable":true,"href":"https:\/\/dicodusport.fr\/blog\/wp-json\/wp\/v2\/tags?post=701244"}],"curies":[{"name":"wp","href":"https:\/\/api.w.org\/{rel}","templated":true}]}}