{"id":701262,"date":"2026-09-03T15:52:25","date_gmt":"2026-09-03T13:52:25","guid":{"rendered":"https:\/\/dicodusport.fr\/blog\/?p=701262&#038;preview=true&#038;preview_id=701262"},"modified":"2026-09-03T16:31:46","modified_gmt":"2026-09-03T14:31:46","slug":"le-classement-et-les-resultats-de-la-2e-etape-du-zlm-tour-2026-remportee-par-mathias-vacek","status":"publish","type":"post","link":"https:\/\/dicodusport.fr\/blog\/le-classement-et-les-resultats-de-la-2e-etape-du-zlm-tour-2026-remportee-par-mathias-vacek\/","title":{"rendered":"Le classement et les r\u00e9sultats de la 2e \u00e9tape du ZLM Tour 2026, remport\u00e9e par Mathias Vacek"},"content":{"rendered":"<p style=\"text-align: justify;\"><em><strong>ZLM TOUR 2026 \u2013 Retrouvez les r\u00e9sultats complets et le classement de la 2e \u00e9tape du ZLM Tour 2026, disput\u00e9e ce jeudi 3 septembre entre Westkapelle et Heinkenszand (193.8 km).<\/strong><\/em><\/p>\n<ul style=\"text-align: justify;\">\n<li style=\"text-align: justify;\"><strong>\u00c0 ce sujet \u2013 <a href=\"https:\/\/dicodusport.fr\/blog\/le-classement-general-du-zlm-tour-2026-mis-a-jour\/\">Le classement g\u00e9n\u00e9ral du ZLM Tour 2026 mis \u00e0 jour<\/a><\/strong><\/li>\n<\/ul>\n<h2 style=\"text-align: justify;\">Place aux sprinteurs apr\u00e8s le num\u00e9ro de Mathias Vacek<\/h2>\n<p style=\"text-align: justify;\">Apr\u00e8s le contre-la-montre inaugural, le <strong>ZLM Tour 2026<\/strong> changeait compl\u00e8tement de d\u00e9cor pour sa 2e \u00e9tape. Les coureurs avaient 193,6 kilom\u00e8tres \u00e0 parcourir entre Westkapelle et Heinkenszand, sur les routes plates et expos\u00e9es de Z\u00e9lande. Pas de difficult\u00e9 r\u00e9pertori\u00e9e \u00e0 l\u2019horizon : sauf coup de bordure ou sc\u00e9nario mouvement\u00e9, tout semblait r\u00e9uni pour assister au premier sprint massif de cette \u00e9dition.<\/p>\n<p style=\"text-align: justify;\">La veille, <a href=\"https:\/\/dicodusport.fr\/blog\/mathias-vacek-domine-le-contre-la-montre-inaugural-du-zlm-tour-2026-la-lidl-trek-en-force\/\"><strong>Mathias Vacek<\/strong> avait d\u00e9j\u00e0 marqu\u00e9 les esprits<\/a>. Impressionnant sur le chrono de Kapelle, le Tch\u00e8que avait pris les commandes du classement g\u00e9n\u00e9ral en devan\u00e7ant Niklas Larsen de 19 secondes. Lidl-Trek avait m\u00eame r\u00e9alis\u00e9 une v\u00e9ritable d\u00e9monstration collective en pla\u00e7ant quatre coureurs dans le top 5. Avec peu de terrain pour faire des diff\u00e9rences par la suite, Vacek abordait cette deuxi\u00e8me journ\u00e9e dans une position particuli\u00e8rement confortable.<\/p>\n<ul style=\"text-align: justify;\">\n<li style=\"text-align: justify;\"><strong>\u00c0 ce sujet \u2013 <a href=\"https:\/\/dicodusport.fr\/blog\/actualites\/cyclisme\/\">L\u2019actualit\u00e9 du cyclisme<\/a><\/strong><\/li>\n<\/ul>\n<h2 style=\"text-align: justify;\">Mathias Vacek tout-puissant<\/h2>\n<p style=\"text-align: justify;\">Par\u00e9 du maillot de leader et d&rsquo;une \u00e9quipe en forme, <strong>Mathias Vacek<\/strong> devait d\u00e9fendre son bien sur cette deuxi\u00e8me \u00e9tape. Mais il a fait mieux que cela : la Lidl-Trek a sem\u00e9 la terreur dans le peloton d\u00e8s la premi\u00e8re partie d&rsquo;\u00e9tape, provoquant une \u00e9chapp\u00e9e de 13 coureurs dans laquelle la formation allemande en pla\u00e7ait quatre, dont le leader.<\/p>\n<p style=\"text-align: justify;\">Puis, le Tch\u00e8que a pris les devants, seulement accompagn\u00e9 de <strong>Tim Van Dijke<\/strong>, qu&rsquo;il a fini par r\u00e9gler dans un sprint \u00e0 deux. Une deuxi\u00e8me victoire en deux jours, un maillot de leader renforc\u00e9 : <strong>Mathias Vacek<\/strong> r\u00e8gne pour l&rsquo;instants sur ce ZLM Tour, et sera encore le favori demain.<\/p>\n<h2 style=\"text-align: justify;\">Classement et r\u00e9sultats de la 2e \u00e9tape du ZLM Tour 2026<\/h2>\n<p style=\"text-align: justify;\"><span style=\"font-size: 14px;\"><em><strong>Classement officiel mis \u00e0 jour \u00e0 l&rsquo;issue de l&rsquo;\u00e9tape.<\/strong><\/em><\/span><\/p>\n<p style=\"text-align: justify;\"><div class=\"su-table su-table-alternate\">\n<table style=\"width: 800px;border-collapse: collapse\" border=\"1\">\n<tbody>\n<tr style=\"height: 24px\">\n<td style=\"border-color: #ebebeb;height: 24px;text-align: center;width: 80px;vertical-align: middle\">\ud83c\udfc6<\/td>\n<td style=\"border-color: #ebebeb;height: 24px;text-align: center;width: 500px;vertical-align: middle\"><span style=\"font-size: 0.9em\"><strong>COUREURS<\/strong><\/span><\/td>\n<td style=\"border-color: #ebebeb;height: 24px;text-align: center;width: 220px;vertical-align: middle\"><span style=\"font-size: 0.9em\"><strong>TEMPS \/ \u00c9CART<\/strong><\/span><\/td>\n<\/tr>\n<tr style=\"height: 24px\">\n<td style=\"border-color: #ebebeb;height: 24px;text-align: center;width: 80px;vertical-align: middle\"><strong><span class=\"su-label su-label-type-warning\">1.<\/span><\/strong><\/td>\n<td style=\"border-color: #ebebeb;text-align: center;width: 500px;vertical-align: middle\"><span style=\"font-size: 0.9em\"><strong>\ud83c\udde8\ud83c\uddff MATHIAS VACEK<\/strong><br \/>\n<span style=\"font-size: 0.8em\">LIDL &#8211; TREK<\/span><\/span><\/td>\n<td style=\"border-color: #ebebeb;text-align: center;width: 220px;vertical-align: middle\"><strong><span style=\"font-size: 0.9em\">3h57m20s<\/span><\/strong><\/td>\n<\/tr>\n<tr>\n<td style=\"border-color: #ebebeb;text-align: center;width: 80px;vertical-align: middle\"><span style=\"font-size: 0.9em\">2.<\/span><\/td>\n<td style=\"border-color: #ebebeb;text-align: center;width: 500px;vertical-align: middle\"><span style=\"font-size: 0.9em\"><strong>\ud83c\uddf3\ud83c\uddf1 TIM VAN DIJKE<\/strong><br \/>\n<span style=\"font-size: 0.8em\">RED BULL &#8211; BORA &#8211; HANSGROHE<\/span><\/span><\/td>\n<td style=\"border-color: #ebebeb;text-align: center;width: 220px;vertical-align: middle\"><span style=\"font-size: 0.9em\"><strong>\u00e0 0s<\/strong><\/span><\/td>\n<\/tr>\n<tr>\n<td style=\"border-color: #ebebeb;text-align: center;width: 80px;vertical-align: middle\"><span style=\"font-size: 0.9em\">3.<\/span><\/td>\n<td style=\"border-color: #ebebeb;text-align: center;width: 500px;vertical-align: middle\"><span style=\"font-size: 0.9em\"><strong>\ud83c\uddf3\ud83c\uddf1 DANNY VAN POPPEL<\/strong><br \/>\n<span style=\"font-size: 0.8em\">RED BULL &#8211; BORA &#8211; HANSGROHE<\/span><\/span><\/td>\n<td style=\"border-color: #ebebeb;text-align: center;width: 220px;vertical-align: middle\"><span style=\"font-size: 0.9em\"><strong>\u00e0 9s<\/strong><\/span><\/td>\n<\/tr>\n<tr>\n<td style=\"border-color: #ebebeb;text-align: center;width: 80px;vertical-align: middle\"><span style=\"font-size: 0.9em\">4.<\/span><\/td>\n<td style=\"border-color: #ebebeb;text-align: center;width: 500px;vertical-align: middle\"><span style=\"font-size: 0.9em\"><strong>\ud83c\uddf3\ud83c\uddf1 DAVID DEKKER<\/strong><br \/>\n<span style=\"font-size: 0.8em\">BEAT CC P\/B SAXO<\/span><\/span><\/td>\n<td style=\"border-color: #ebebeb;text-align: center;width: 220px;vertical-align: middle\"><span style=\"font-size: 0.9em\"><strong>\u00e0 9s<\/strong><\/span><\/td>\n<\/tr>\n<tr>\n<td style=\"border-color: #ebebeb;text-align: center;width: 80px;vertical-align: middle\"><span style=\"font-size: 0.9em\">5.<\/span><\/td>\n<td style=\"border-color: #ebebeb;text-align: center;width: 500px;vertical-align: middle\"><span style=\"font-size: 0.9em\"><strong>\ud83c\uddeb\ud83c\uddf7 ANTHONY TURGIS<\/strong><br \/>\n<span style=\"font-size: 0.8em\">TOTALENERGIES<\/span><\/span><\/td>\n<td style=\"border-color: #ebebeb;text-align: center;width: 220px;vertical-align: middle\"><span style=\"font-size: 0.9em\"><strong>\u00e0 10s<\/strong><\/span><\/td>\n<\/tr>\n<tr>\n<td style=\"border-color: #ebebeb;text-align: center;width: 80px;vertical-align: middle\"><span style=\"font-size: 0.9em\">6.<\/span><\/td>\n<td style=\"border-color: #ebebeb;text-align: center;width: 500px;vertical-align: middle\"><span style=\"font-size: 0.9em\"><strong>\ud83c\udde9\ud83c\uddea MAX WALSCHEID<\/strong><br \/>\n<span style=\"font-size: 0.8em\">LIDL &#8211; TREK<\/span><\/span><\/td>\n<td style=\"border-color: #ebebeb;text-align: center;width: 220px;vertical-align: middle\"><span style=\"font-size: 0.9em\"><strong>\u00e0 10s<\/strong><\/span><\/td>\n<\/tr>\n<tr>\n<td style=\"border-color: #ebebeb;text-align: center;width: 80px;vertical-align: middle\"><span style=\"font-size: 0.9em\">7.<\/span><\/td>\n<td style=\"border-color: #ebebeb;text-align: center;width: 500px;vertical-align: middle\"><span style=\"font-size: 0.9em\"><strong>\ud83c\uddf3\ud83c\uddf1 WESSEL MOURIS<\/strong><br \/>\n<span style=\"font-size: 0.8em\">UNIBET ROSE ROCKETS<\/span><\/span><\/td>\n<td style=\"border-color: #ebebeb;text-align: center;width: 220px;vertical-align: middle\"><span style=\"font-size: 0.9em\"><strong>\u00e0 10s<\/strong><\/span><\/td>\n<\/tr>\n<tr>\n<td style=\"border-color: #ebebeb;text-align: center;width: 80px;vertical-align: middle\"><span style=\"font-size: 0.9em\">8.<\/span><\/td>\n<td style=\"border-color: #ebebeb;text-align: center;width: 500px;vertical-align: middle\"><span style=\"font-size: 0.9em\"><strong>\ud83c\uddf3\ud83c\uddf1 AXEL VAN DER TUUK<\/strong><br \/>\n<span style=\"font-size: 0.8em\">EUSKALTEL &#8211; EUSKADI<\/span><\/span><\/td>\n<td style=\"border-color: #ebebeb;text-align: center;width: 220px;vertical-align: middle\"><span style=\"font-size: 0.9em\"><strong>\u00e0 11s<\/strong><\/span><\/td>\n<\/tr>\n<tr>\n<td style=\"border-color: #ebebeb;text-align: center;width: 80px;vertical-align: middle\"><span style=\"font-size: 0.9em\">9.<\/span><\/td>\n<td style=\"border-color: #ebebeb;text-align: center;width: 500px;vertical-align: middle\"><span style=\"font-size: 0.9em\"><strong>\ud83c\udde7\ud83c\uddea EDWARD THEUNS<\/strong><br \/>\n<span style=\"font-size: 0.8em\">LIDL &#8211; TREK<\/span><\/span><\/td>\n<td style=\"border-color: #ebebeb;text-align: center;width: 220px;vertical-align: middle\"><span style=\"font-size: 0.9em\"><strong>\u00e0 12s<\/strong><\/span><\/td>\n<\/tr>\n<tr>\n<td style=\"border-color: #ebebeb;text-align: center;width: 80px;vertical-align: middle\"><span style=\"font-size: 0.9em\">10.<\/span><\/td>\n<td style=\"border-color: #ebebeb;text-align: center;width: 500px;vertical-align: middle\"><span style=\"font-size: 0.9em\"><strong>\ud83c\uddf3\ud83c\uddf1 MICK VAN DIJKE<\/strong><br \/>\n<span style=\"font-size: 0.8em\">RED BULL &#8211; BORA &#8211; HANSGROHE<\/span><\/span><\/td>\n<td style=\"border-color: #ebebeb;text-align: center;width: 220px;vertical-align: middle\"><span style=\"font-size: 0.9em\"><strong>\u00e0 12s<\/strong><\/span><\/td>\n<\/tr>\n<\/tbody>\n<\/table>\n<p style=\"text-align: justify\"><\/div>\n<ul style=\"text-align: justify;\">\n<li style=\"text-align: justify;\"><strong>Pour compl\u00e9ter &#8211; <a href=\"https:\/\/www.procyclingstats.com\/race\/zlm-tour\/2026\/stage-2\/result\">Le classement complet de la 2e \u00e9tape du ZLM Tour 2026<\/a><\/strong><\/li>\n<\/ul>\n<h3 style=\"text-align: justify;\">\u00c0 lire aussi<\/h3>\n<ul>\n<li style=\"text-align: justify;\"><strong><a href=\"https:\/\/dicodusport.fr\/blog\/mercato-cyclisme-2026-2027-le-tableau-des-transferts-mis-a-jour\/\">Mercato Cyclisme 2026-2027 \u2013 Le tableau des transferts mis \u00e0 jour<\/a><\/strong><\/li>\n<li style=\"text-align: justify;\"><a href=\"https:\/\/dicodusport.fr\/blog\/classement-uci-hommes-le-classement-mondial-mis-a-jour\/\"><strong>Classement UCI hommes : le classement mondial mis \u00e0 jour<\/strong><\/a><\/li>\n<li style=\"text-align: justify;\"><strong><a href=\"https:\/\/dicodusport.fr\/blog\/classement-uci-par-equipes-2026-2028-le-ranking-mis-a-jour\/\">Classement UCI par \u00e9quipes 2026-2028 : le ranking mis \u00e0 jour<\/a><\/strong><\/li>\n<\/ul>\n","protected":false},"excerpt":{"rendered":"<p>ZLM TOUR 2026 \u2013 Retrouvez les r\u00e9sultats complets et le classement de la 2e \u00e9tape du ZLM Tour 2026, disput\u00e9e ce jeudi 3 septembre entre Westkapelle et Heinkenszand (193.8 km).<\/p>\n","protected":false},"author":4,"featured_media":701296,"comment_status":"open","ping_status":"closed","sticky":false,"template":"","format":"standard","meta":{"_acf_changed":false,"_daextam_enable_autolinks":"1","footnotes":"","_members_access_role":[],"_members_access_error":""},"categories":[46994],"tags":[32415,16878,574,11197,24042],"class_list":["post-701262","post","type-post","status-publish","format-standard","has-post-thumbnail","hentry","category-cyclisme-sur-route","tag-actu","tag-breve","tag-cyclisme","tag-cyclisme-sur-route","tag-zlm-tour"],"acf":[],"yoast_head":"<!-- This site is optimized with the Yoast SEO Premium plugin v28.3 (Yoast SEO v28.3) - https:\/\/yoast.com\/product\/yoast-seo-premium-wordpress\/ -->\n<title>Le classement et les r\u00e9sultats de la 2e \u00e9tape du ZLM Tour 2026, remport\u00e9e par Mathias Vacek<\/title>\n<meta name=\"description\" content=\"ZLM TOUR 2026 \u2013 Retrouvez les r\u00e9sultats complets et le classement de la 2e \u00e9tape du ZLM Tour 2026, disput\u00e9e ce jeudi 3 septembre entre Westkapelle et Heinkenszand (193.8 km).\" \/>\n<meta name=\"robots\" content=\"index, follow, max-snippet:-1, max-image-preview:large, max-video-preview:-1\" \/>\n<link rel=\"canonical\" href=\"https:\/\/dicodusport.fr\/blog\/le-classement-et-les-resultats-de-la-2e-etape-du-zlm-tour-2026-remportee-par-mathias-vacek\/\" \/>\n<meta property=\"og:locale\" content=\"fr_FR\" \/>\n<meta property=\"og:type\" content=\"article\" \/>\n<meta property=\"og:title\" content=\"Le classement et les r\u00e9sultats de la 2e \u00e9tape du ZLM Tour 2026, remport\u00e9e par Mathias Vacek\" \/>\n<meta property=\"og:description\" content=\"ZLM TOUR 2026 \u2013 Retrouvez les r\u00e9sultats complets et le classement de la 2e \u00e9tape du ZLM Tour 2026, disput\u00e9e ce jeudi 3 septembre entre Westkapelle et Heinkenszand (193.8 km).\" \/>\n<meta property=\"og:url\" content=\"https:\/\/dicodusport.fr\/blog\/le-classement-et-les-resultats-de-la-2e-etape-du-zlm-tour-2026-remportee-par-mathias-vacek\/\" \/>\n<meta property=\"og:site_name\" content=\"Dicodusport\" \/>\n<meta property=\"article:publisher\" content=\"https:\/\/www.facebook.com\/dicodusport\" \/>\n<meta property=\"article:author\" content=\"https:\/\/www.facebook.com\/florent.ostermann\" \/>\n<meta property=\"article:published_time\" content=\"2026-09-03T13:52:25+00:00\" \/>\n<meta property=\"article:modified_time\" content=\"2026-09-03T14:31:46+00:00\" \/>\n<meta property=\"og:image\" content=\"https:\/\/dicodusport.fr\/blog\/wp-content\/uploads\/2026\/09\/Le-classement-et-les-resultats-de-la-2e-etape-du-ZLM-Tour-2026-remportee-par-Mathias-Vacek.png\" \/>\n\t<meta property=\"og:image:width\" content=\"1200\" \/>\n\t<meta property=\"og:image:height\" content=\"674\" \/>\n\t<meta property=\"og:image:type\" content=\"image\/png\" \/>\n<meta name=\"author\" content=\"Flo Ostermann\" \/>\n<meta name=\"twitter:card\" content=\"summary_large_image\" \/>\n<meta name=\"twitter:creator\" content=\"@https:\/\/twitter.com\/FlOstermann\" \/>\n<meta name=\"twitter:site\" content=\"@dicodusport\" \/>\n<script type=\"application\/ld+json\" class=\"yoast-schema-graph\">{\"@context\":\"https:\\\/\\\/schema.org\",\"@graph\":[{\"@type\":\"NewsArticle\",\"@id\":\"https:\\\/\\\/dicodusport.fr\\\/blog\\\/le-classement-et-les-resultats-de-la-2e-etape-du-zlm-tour-2026-remportee-par-mathias-vacek\\\/#article\",\"isPartOf\":{\"@id\":\"https:\\\/\\\/dicodusport.fr\\\/blog\\\/le-classement-et-les-resultats-de-la-2e-etape-du-zlm-tour-2026-remportee-par-mathias-vacek\\\/\"},\"author\":{\"name\":\"Flo Ostermann\",\"@id\":\"https:\\\/\\\/dicodusport.fr\\\/blog\\\/#\\\/schema\\\/person\\\/cb02af4c173ce4a653b55e9baf388d4a\"},\"headline\":\"Le classement et les r\u00e9sultats de la 2e \u00e9tape du ZLM Tour 2026, remport\u00e9e par Mathias Vacek\",\"datePublished\":\"2026-09-03T13:52:25+00:00\",\"dateModified\":\"2026-09-03T14:31:46+00:00\",\"mainEntityOfPage\":{\"@id\":\"https:\\\/\\\/dicodusport.fr\\\/blog\\\/le-classement-et-les-resultats-de-la-2e-etape-du-zlm-tour-2026-remportee-par-mathias-vacek\\\/\"},\"wordCount\":494,\"commentCount\":0,\"publisher\":{\"@id\":\"https:\\\/\\\/dicodusport.fr\\\/blog\\\/#organization\"},\"image\":{\"@id\":\"https:\\\/\\\/dicodusport.fr\\\/blog\\\/le-classement-et-les-resultats-de-la-2e-etape-du-zlm-tour-2026-remportee-par-mathias-vacek\\\/#primaryimage\"},\"thumbnailUrl\":\"https:\\\/\\\/dicodusport.fr\\\/blog\\\/wp-content\\\/uploads\\\/2026\\\/09\\\/Le-classement-et-les-resultats-de-la-2e-etape-du-ZLM-Tour-2026-remportee-par-Mathias-Vacek.png\",\"keywords\":[\"actu\",\"br\u00e8ve\",\"Cyclisme\",\"Cyclisme sur route\",\"ZLM tour\"],\"articleSection\":[\"Cyclisme sur route\"],\"inLanguage\":\"fr-FR\",\"potentialAction\":[{\"@type\":\"CommentAction\",\"name\":\"Comment\",\"target\":[\"https:\\\/\\\/dicodusport.fr\\\/blog\\\/le-classement-et-les-resultats-de-la-2e-etape-du-zlm-tour-2026-remportee-par-mathias-vacek\\\/#respond\"]}],\"copyrightYear\":\"2026\",\"copyrightHolder\":{\"@id\":\"https:\\\/\\\/dicodusport.fr\\\/blog\\\/#organization\"}},{\"@type\":\"WebPage\",\"@id\":\"https:\\\/\\\/dicodusport.fr\\\/blog\\\/le-classement-et-les-resultats-de-la-2e-etape-du-zlm-tour-2026-remportee-par-mathias-vacek\\\/\",\"url\":\"https:\\\/\\\/dicodusport.fr\\\/blog\\\/le-classement-et-les-resultats-de-la-2e-etape-du-zlm-tour-2026-remportee-par-mathias-vacek\\\/\",\"name\":\"Le classement et les r\u00e9sultats de la 2e \u00e9tape du ZLM Tour 2026, remport\u00e9e par Mathias Vacek\",\"isPartOf\":{\"@id\":\"https:\\\/\\\/dicodusport.fr\\\/blog\\\/#website\"},\"primaryImageOfPage\":{\"@id\":\"https:\\\/\\\/dicodusport.fr\\\/blog\\\/le-classement-et-les-resultats-de-la-2e-etape-du-zlm-tour-2026-remportee-par-mathias-vacek\\\/#primaryimage\"},\"image\":{\"@id\":\"https:\\\/\\\/dicodusport.fr\\\/blog\\\/le-classement-et-les-resultats-de-la-2e-etape-du-zlm-tour-2026-remportee-par-mathias-vacek\\\/#primaryimage\"},\"thumbnailUrl\":\"https:\\\/\\\/dicodusport.fr\\\/blog\\\/wp-content\\\/uploads\\\/2026\\\/09\\\/Le-classement-et-les-resultats-de-la-2e-etape-du-ZLM-Tour-2026-remportee-par-Mathias-Vacek.png\",\"datePublished\":\"2026-09-03T13:52:25+00:00\",\"dateModified\":\"2026-09-03T14:31:46+00:00\",\"description\":\"ZLM TOUR 2026 \u2013 Retrouvez les r\u00e9sultats complets et le classement de la 2e \u00e9tape du ZLM Tour 2026, disput\u00e9e ce jeudi 3 septembre entre Westkapelle et Heinkenszand (193.8 km).\",\"breadcrumb\":{\"@id\":\"https:\\\/\\\/dicodusport.fr\\\/blog\\\/le-classement-et-les-resultats-de-la-2e-etape-du-zlm-tour-2026-remportee-par-mathias-vacek\\\/#breadcrumb\"},\"inLanguage\":\"fr-FR\",\"potentialAction\":[{\"@type\":\"ReadAction\",\"target\":[\"https:\\\/\\\/dicodusport.fr\\\/blog\\\/le-classement-et-les-resultats-de-la-2e-etape-du-zlm-tour-2026-remportee-par-mathias-vacek\\\/\"]}]},{\"@type\":\"ImageObject\",\"inLanguage\":\"fr-FR\",\"@id\":\"https:\\\/\\\/dicodusport.fr\\\/blog\\\/le-classement-et-les-resultats-de-la-2e-etape-du-zlm-tour-2026-remportee-par-mathias-vacek\\\/#primaryimage\",\"url\":\"https:\\\/\\\/dicodusport.fr\\\/blog\\\/wp-content\\\/uploads\\\/2026\\\/09\\\/Le-classement-et-les-resultats-de-la-2e-etape-du-ZLM-Tour-2026-remportee-par-Mathias-Vacek.png\",\"contentUrl\":\"https:\\\/\\\/dicodusport.fr\\\/blog\\\/wp-content\\\/uploads\\\/2026\\\/09\\\/Le-classement-et-les-resultats-de-la-2e-etape-du-ZLM-Tour-2026-remportee-par-Mathias-Vacek.png\",\"width\":1200,\"height\":674,\"caption\":\"Le classement et les r\u00e9sultats de la 2e \u00e9tape du ZLM Tour 2026, remport\u00e9e par Mathias Vacek\"},{\"@type\":\"BreadcrumbList\",\"@id\":\"https:\\\/\\\/dicodusport.fr\\\/blog\\\/le-classement-et-les-resultats-de-la-2e-etape-du-zlm-tour-2026-remportee-par-mathias-vacek\\\/#breadcrumb\",\"itemListElement\":[{\"@type\":\"ListItem\",\"position\":1,\"name\":\"Accueil\",\"item\":\"https:\\\/\\\/dicodusport.fr\\\/blog\\\/\"},{\"@type\":\"ListItem\",\"position\":2,\"name\":\"Le classement et les r\u00e9sultats de la 2e \u00e9tape du ZLM Tour 2026, remport\u00e9e par Mathias Vacek\"}]},{\"@type\":\"WebSite\",\"@id\":\"https:\\\/\\\/dicodusport.fr\\\/blog\\\/#website\",\"url\":\"https:\\\/\\\/dicodusport.fr\\\/blog\\\/\",\"name\":\"Dicodusport\",\"description\":\"L&#039;encyclop\u00e9die de l&#039;actualit\u00e9 sportive\",\"publisher\":{\"@id\":\"https:\\\/\\\/dicodusport.fr\\\/blog\\\/#organization\"},\"potentialAction\":[{\"@type\":\"SearchAction\",\"target\":{\"@type\":\"EntryPoint\",\"urlTemplate\":\"https:\\\/\\\/dicodusport.fr\\\/blog\\\/?s={search_term_string}\"},\"query-input\":{\"@type\":\"PropertyValueSpecification\",\"valueRequired\":true,\"valueName\":\"search_term_string\"}}],\"inLanguage\":\"fr-FR\"},{\"@type\":\"NewsMediaOrganization\",\"@id\":\"https:\\\/\\\/dicodusport.fr\\\/blog\\\/#organization\",\"name\":\"Dicodusport\",\"url\":\"https:\\\/\\\/dicodusport.fr\\\/blog\\\/\",\"logo\":{\"@type\":\"ImageObject\",\"inLanguage\":\"fr-FR\",\"@id\":\"https:\\\/\\\/dicodusport.fr\\\/blog\\\/#\\\/schema\\\/logo\\\/image\\\/\",\"url\":\"https:\\\/\\\/dicodusport.fr\\\/blog\\\/wp-content\\\/uploads\\\/2020\\\/06\\\/cropped-LOGO-DICODUSPORT-2020-SANS-FOND-SANS-TEXTE.png\",\"contentUrl\":\"https:\\\/\\\/dicodusport.fr\\\/blog\\\/wp-content\\\/uploads\\\/2020\\\/06\\\/cropped-LOGO-DICODUSPORT-2020-SANS-FOND-SANS-TEXTE.png\",\"width\":512,\"height\":512,\"caption\":\"Dicodusport\"},\"image\":{\"@id\":\"https:\\\/\\\/dicodusport.fr\\\/blog\\\/#\\\/schema\\\/logo\\\/image\\\/\"},\"sameAs\":[\"https:\\\/\\\/www.facebook.com\\\/dicodusport\",\"https:\\\/\\\/x.com\\\/dicodusport\",\"https:\\\/\\\/www.instagram.com\\\/dicodusport\\\/\",\"https:\\\/\\\/www.youtube.com\\\/channel\\\/UC7V2KZ5sd3htJivAbA4ZG3w\"],\"description\":\"Dicodusport est l'encyclop\u00e9die de l'actualit\u00e9 sportive.\",\"email\":\"bonjour@dicodusport.fr\",\"legalName\":\"DICODUSPORT\",\"foundingDate\":\"2018-01-14\",\"vatID\":\"FR71834470973\",\"taxID\":\"83447097300043\",\"numberOfEmployees\":{\"@type\":\"QuantitativeValue\",\"minValue\":\"1\",\"maxValue\":\"10\"}},{\"@type\":\"Person\",\"@id\":\"https:\\\/\\\/dicodusport.fr\\\/blog\\\/#\\\/schema\\\/person\\\/cb02af4c173ce4a653b55e9baf388d4a\",\"name\":\"Flo Ostermann\",\"image\":{\"@type\":\"ImageObject\",\"inLanguage\":\"fr-FR\",\"@id\":\"https:\\\/\\\/dicodusport.fr\\\/blog\\\/wp-content\\\/uploads\\\/2021\\\/05\\\/Flo-Ostermann-150x150.jpg\",\"url\":\"https:\\\/\\\/dicodusport.fr\\\/blog\\\/wp-content\\\/uploads\\\/2021\\\/05\\\/Flo-Ostermann-150x150.jpg\",\"contentUrl\":\"https:\\\/\\\/dicodusport.fr\\\/blog\\\/wp-content\\\/uploads\\\/2021\\\/05\\\/Flo-Ostermann-150x150.jpg\",\"caption\":\"Flo Ostermann\"},\"description\":\"Journaliste\\\/R\u00e9dacteur depuis septembre 2015 - Mes premiers souvenirs dans le sport ? Les envol\u00e9es du Stade Toulousain et les duels Villeneuve-Schumacher et H\u00e4kkinen-Schumacher \u00e0 la fin des ann\u00e9es 90, la Coupe du monde de football en 1998, l\u2019exploit du XV de France face aux All Blacks en 1999, mais aussi Richard C\u0153ur de Lion qui vole sur les montagnes du Tour de France. Bien parti pour devenir professeur d\u2019EPS, les \u00e9v\u00e9nements de la vie (et la flemme d\u2019animer des s\u00e9ances de 3x500 m\u00e8tres toute ma vie) m\u2019ont conduit \u00e0 revoir mes plans. Me voil\u00e0 depuis fin 2017 sur Dicodusport, m\u00e9dia gr\u00e2ce (et pour) lequel je partage ma passion : le sport dans tous ses \u00e9tats. Le tout accompagn\u00e9 par les fous furieux et folles furieuses cit\u00e9s sur cette page !\",\"sameAs\":[\"https:\\\/\\\/www.facebook.com\\\/florent.ostermann\",\"https:\\\/\\\/x.com\\\/https:\\\/\\\/twitter.com\\\/FlOstermann\",\"admin\"],\"url\":\"https:\\\/\\\/dicodusport.fr\\\/blog\\\/author\\\/flo\\\/\"}]}<\/script>\n<!-- \/ Yoast SEO Premium plugin. -->","yoast_head_json":{"title":"Le classement et les r\u00e9sultats de la 2e \u00e9tape du ZLM Tour 2026, remport\u00e9e par Mathias Vacek","description":"ZLM TOUR 2026 \u2013 Retrouvez les r\u00e9sultats complets et le classement de la 2e \u00e9tape du ZLM Tour 2026, disput\u00e9e ce jeudi 3 septembre entre Westkapelle et Heinkenszand (193.8 km).","robots":{"index":"index","follow":"follow","max-snippet":"max-snippet:-1","max-image-preview":"max-image-preview:large","max-video-preview":"max-video-preview:-1"},"canonical":"https:\/\/dicodusport.fr\/blog\/le-classement-et-les-resultats-de-la-2e-etape-du-zlm-tour-2026-remportee-par-mathias-vacek\/","og_locale":"fr_FR","og_type":"article","og_title":"Le classement et les r\u00e9sultats de la 2e \u00e9tape du ZLM Tour 2026, remport\u00e9e par Mathias Vacek","og_description":"ZLM TOUR 2026 \u2013 Retrouvez les r\u00e9sultats complets et le classement de la 2e \u00e9tape du ZLM Tour 2026, disput\u00e9e ce jeudi 3 septembre entre Westkapelle et Heinkenszand (193.8 km).","og_url":"https:\/\/dicodusport.fr\/blog\/le-classement-et-les-resultats-de-la-2e-etape-du-zlm-tour-2026-remportee-par-mathias-vacek\/","og_site_name":"Dicodusport","article_publisher":"https:\/\/www.facebook.com\/dicodusport","article_author":"https:\/\/www.facebook.com\/florent.ostermann","article_published_time":"2026-09-03T13:52:25+00:00","article_modified_time":"2026-09-03T14:31:46+00:00","og_image":[{"width":1200,"height":674,"url":"https:\/\/dicodusport.fr\/blog\/wp-content\/uploads\/2026\/09\/Le-classement-et-les-resultats-de-la-2e-etape-du-ZLM-Tour-2026-remportee-par-Mathias-Vacek.png","type":"image\/png"}],"author":"Flo Ostermann","twitter_card":"summary_large_image","twitter_creator":"@https:\/\/twitter.com\/FlOstermann","twitter_site":"@dicodusport","schema":{"@context":"https:\/\/schema.org","@graph":[{"@type":"NewsArticle","@id":"https:\/\/dicodusport.fr\/blog\/le-classement-et-les-resultats-de-la-2e-etape-du-zlm-tour-2026-remportee-par-mathias-vacek\/#article","isPartOf":{"@id":"https:\/\/dicodusport.fr\/blog\/le-classement-et-les-resultats-de-la-2e-etape-du-zlm-tour-2026-remportee-par-mathias-vacek\/"},"author":{"name":"Flo Ostermann","@id":"https:\/\/dicodusport.fr\/blog\/#\/schema\/person\/cb02af4c173ce4a653b55e9baf388d4a"},"headline":"Le classement et les r\u00e9sultats de la 2e \u00e9tape du ZLM Tour 2026, remport\u00e9e par Mathias Vacek","datePublished":"2026-09-03T13:52:25+00:00","dateModified":"2026-09-03T14:31:46+00:00","mainEntityOfPage":{"@id":"https:\/\/dicodusport.fr\/blog\/le-classement-et-les-resultats-de-la-2e-etape-du-zlm-tour-2026-remportee-par-mathias-vacek\/"},"wordCount":494,"commentCount":0,"publisher":{"@id":"https:\/\/dicodusport.fr\/blog\/#organization"},"image":{"@id":"https:\/\/dicodusport.fr\/blog\/le-classement-et-les-resultats-de-la-2e-etape-du-zlm-tour-2026-remportee-par-mathias-vacek\/#primaryimage"},"thumbnailUrl":"https:\/\/dicodusport.fr\/blog\/wp-content\/uploads\/2026\/09\/Le-classement-et-les-resultats-de-la-2e-etape-du-ZLM-Tour-2026-remportee-par-Mathias-Vacek.png","keywords":["actu","br\u00e8ve","Cyclisme","Cyclisme sur route","ZLM tour"],"articleSection":["Cyclisme sur route"],"inLanguage":"fr-FR","potentialAction":[{"@type":"CommentAction","name":"Comment","target":["https:\/\/dicodusport.fr\/blog\/le-classement-et-les-resultats-de-la-2e-etape-du-zlm-tour-2026-remportee-par-mathias-vacek\/#respond"]}],"copyrightYear":"2026","copyrightHolder":{"@id":"https:\/\/dicodusport.fr\/blog\/#organization"}},{"@type":"WebPage","@id":"https:\/\/dicodusport.fr\/blog\/le-classement-et-les-resultats-de-la-2e-etape-du-zlm-tour-2026-remportee-par-mathias-vacek\/","url":"https:\/\/dicodusport.fr\/blog\/le-classement-et-les-resultats-de-la-2e-etape-du-zlm-tour-2026-remportee-par-mathias-vacek\/","name":"Le classement et les r\u00e9sultats de la 2e \u00e9tape du ZLM Tour 2026, remport\u00e9e par Mathias Vacek","isPartOf":{"@id":"https:\/\/dicodusport.fr\/blog\/#website"},"primaryImageOfPage":{"@id":"https:\/\/dicodusport.fr\/blog\/le-classement-et-les-resultats-de-la-2e-etape-du-zlm-tour-2026-remportee-par-mathias-vacek\/#primaryimage"},"image":{"@id":"https:\/\/dicodusport.fr\/blog\/le-classement-et-les-resultats-de-la-2e-etape-du-zlm-tour-2026-remportee-par-mathias-vacek\/#primaryimage"},"thumbnailUrl":"https:\/\/dicodusport.fr\/blog\/wp-content\/uploads\/2026\/09\/Le-classement-et-les-resultats-de-la-2e-etape-du-ZLM-Tour-2026-remportee-par-Mathias-Vacek.png","datePublished":"2026-09-03T13:52:25+00:00","dateModified":"2026-09-03T14:31:46+00:00","description":"ZLM TOUR 2026 \u2013 Retrouvez les r\u00e9sultats complets et le classement de la 2e \u00e9tape du ZLM Tour 2026, disput\u00e9e ce jeudi 3 septembre entre Westkapelle et Heinkenszand (193.8 km).","breadcrumb":{"@id":"https:\/\/dicodusport.fr\/blog\/le-classement-et-les-resultats-de-la-2e-etape-du-zlm-tour-2026-remportee-par-mathias-vacek\/#breadcrumb"},"inLanguage":"fr-FR","potentialAction":[{"@type":"ReadAction","target":["https:\/\/dicodusport.fr\/blog\/le-classement-et-les-resultats-de-la-2e-etape-du-zlm-tour-2026-remportee-par-mathias-vacek\/"]}]},{"@type":"ImageObject","inLanguage":"fr-FR","@id":"https:\/\/dicodusport.fr\/blog\/le-classement-et-les-resultats-de-la-2e-etape-du-zlm-tour-2026-remportee-par-mathias-vacek\/#primaryimage","url":"https:\/\/dicodusport.fr\/blog\/wp-content\/uploads\/2026\/09\/Le-classement-et-les-resultats-de-la-2e-etape-du-ZLM-Tour-2026-remportee-par-Mathias-Vacek.png","contentUrl":"https:\/\/dicodusport.fr\/blog\/wp-content\/uploads\/2026\/09\/Le-classement-et-les-resultats-de-la-2e-etape-du-ZLM-Tour-2026-remportee-par-Mathias-Vacek.png","width":1200,"height":674,"caption":"Le classement et les r\u00e9sultats de la 2e \u00e9tape du ZLM Tour 2026, remport\u00e9e par Mathias Vacek"},{"@type":"BreadcrumbList","@id":"https:\/\/dicodusport.fr\/blog\/le-classement-et-les-resultats-de-la-2e-etape-du-zlm-tour-2026-remportee-par-mathias-vacek\/#breadcrumb","itemListElement":[{"@type":"ListItem","position":1,"name":"Accueil","item":"https:\/\/dicodusport.fr\/blog\/"},{"@type":"ListItem","position":2,"name":"Le classement et les r\u00e9sultats de la 2e \u00e9tape du ZLM Tour 2026, remport\u00e9e par Mathias Vacek"}]},{"@type":"WebSite","@id":"https:\/\/dicodusport.fr\/blog\/#website","url":"https:\/\/dicodusport.fr\/blog\/","name":"Dicodusport","description":"L&#039;encyclop\u00e9die de l&#039;actualit\u00e9 sportive","publisher":{"@id":"https:\/\/dicodusport.fr\/blog\/#organization"},"potentialAction":[{"@type":"SearchAction","target":{"@type":"EntryPoint","urlTemplate":"https:\/\/dicodusport.fr\/blog\/?s={search_term_string}"},"query-input":{"@type":"PropertyValueSpecification","valueRequired":true,"valueName":"search_term_string"}}],"inLanguage":"fr-FR"},{"@type":"NewsMediaOrganization","@id":"https:\/\/dicodusport.fr\/blog\/#organization","name":"Dicodusport","url":"https:\/\/dicodusport.fr\/blog\/","logo":{"@type":"ImageObject","inLanguage":"fr-FR","@id":"https:\/\/dicodusport.fr\/blog\/#\/schema\/logo\/image\/","url":"https:\/\/dicodusport.fr\/blog\/wp-content\/uploads\/2020\/06\/cropped-LOGO-DICODUSPORT-2020-SANS-FOND-SANS-TEXTE.png","contentUrl":"https:\/\/dicodusport.fr\/blog\/wp-content\/uploads\/2020\/06\/cropped-LOGO-DICODUSPORT-2020-SANS-FOND-SANS-TEXTE.png","width":512,"height":512,"caption":"Dicodusport"},"image":{"@id":"https:\/\/dicodusport.fr\/blog\/#\/schema\/logo\/image\/"},"sameAs":["https:\/\/www.facebook.com\/dicodusport","https:\/\/x.com\/dicodusport","https:\/\/www.instagram.com\/dicodusport\/","https:\/\/www.youtube.com\/channel\/UC7V2KZ5sd3htJivAbA4ZG3w"],"description":"Dicodusport est l'encyclop\u00e9die de l'actualit\u00e9 sportive.","email":"bonjour@dicodusport.fr","legalName":"DICODUSPORT","foundingDate":"2018-01-14","vatID":"FR71834470973","taxID":"83447097300043","numberOfEmployees":{"@type":"QuantitativeValue","minValue":"1","maxValue":"10"}},{"@type":"Person","@id":"https:\/\/dicodusport.fr\/blog\/#\/schema\/person\/cb02af4c173ce4a653b55e9baf388d4a","name":"Flo Ostermann","image":{"@type":"ImageObject","inLanguage":"fr-FR","@id":"https:\/\/dicodusport.fr\/blog\/wp-content\/uploads\/2021\/05\/Flo-Ostermann-150x150.jpg","url":"https:\/\/dicodusport.fr\/blog\/wp-content\/uploads\/2021\/05\/Flo-Ostermann-150x150.jpg","contentUrl":"https:\/\/dicodusport.fr\/blog\/wp-content\/uploads\/2021\/05\/Flo-Ostermann-150x150.jpg","caption":"Flo Ostermann"},"description":"Journaliste\/R\u00e9dacteur depuis septembre 2015 - Mes premiers souvenirs dans le sport ? Les envol\u00e9es du Stade Toulousain et les duels Villeneuve-Schumacher et H\u00e4kkinen-Schumacher \u00e0 la fin des ann\u00e9es 90, la Coupe du monde de football en 1998, l\u2019exploit du XV de France face aux All Blacks en 1999, mais aussi Richard C\u0153ur de Lion qui vole sur les montagnes du Tour de France. Bien parti pour devenir professeur d\u2019EPS, les \u00e9v\u00e9nements de la vie (et la flemme d\u2019animer des s\u00e9ances de 3x500 m\u00e8tres toute ma vie) m\u2019ont conduit \u00e0 revoir mes plans. Me voil\u00e0 depuis fin 2017 sur Dicodusport, m\u00e9dia gr\u00e2ce (et pour) lequel je partage ma passion : le sport dans tous ses \u00e9tats. Le tout accompagn\u00e9 par les fous furieux et folles furieuses cit\u00e9s sur cette page !","sameAs":["https:\/\/www.facebook.com\/florent.ostermann","https:\/\/x.com\/https:\/\/twitter.com\/FlOstermann","admin"],"url":"https:\/\/dicodusport.fr\/blog\/author\/flo\/"}]}},"_links":{"self":[{"href":"https:\/\/dicodusport.fr\/blog\/wp-json\/wp\/v2\/posts\/701262","targetHints":{"allow":["GET"]}}],"collection":[{"href":"https:\/\/dicodusport.fr\/blog\/wp-json\/wp\/v2\/posts"}],"about":[{"href":"https:\/\/dicodusport.fr\/blog\/wp-json\/wp\/v2\/types\/post"}],"author":[{"embeddable":true,"href":"https:\/\/dicodusport.fr\/blog\/wp-json\/wp\/v2\/users\/4"}],"replies":[{"embeddable":true,"href":"https:\/\/dicodusport.fr\/blog\/wp-json\/wp\/v2\/comments?post=701262"}],"version-history":[{"count":5,"href":"https:\/\/dicodusport.fr\/blog\/wp-json\/wp\/v2\/posts\/701262\/revisions"}],"predecessor-version":[{"id":701322,"href":"https:\/\/dicodusport.fr\/blog\/wp-json\/wp\/v2\/posts\/701262\/revisions\/701322"}],"wp:featuredmedia":[{"embeddable":true,"href":"https:\/\/dicodusport.fr\/blog\/wp-json\/wp\/v2\/media\/701296"}],"wp:attachment":[{"href":"https:\/\/dicodusport.fr\/blog\/wp-json\/wp\/v2\/media?parent=701262"}],"wp:term":[{"taxonomy":"category","embeddable":true,"href":"https:\/\/dicodusport.fr\/blog\/wp-json\/wp\/v2\/categories?post=701262"},{"taxonomy":"post_tag","embeddable":true,"href":"https:\/\/dicodusport.fr\/blog\/wp-json\/wp\/v2\/tags?post=701262"}],"curies":[{"name":"wp","href":"https:\/\/api.w.org\/{rel}","templated":true}]}}