{"id":701272,"date":"2026-09-03T15:39:06","date_gmt":"2026-09-03T13:39:06","guid":{"rendered":"https:\/\/dicodusport.fr\/blog\/?p=701272&#038;preview=true&#038;preview_id=701272"},"modified":"2026-09-03T16:09:24","modified_gmt":"2026-09-03T14:09:24","slug":"tim-merlier-imperial-au-sprint-sur-la-2e-etape-du-tour-de-grande-bretagne-2026","status":"publish","type":"post","link":"https:\/\/dicodusport.fr\/blog\/tim-merlier-imperial-au-sprint-sur-la-2e-etape-du-tour-de-grande-bretagne-2026\/","title":{"rendered":"Tim Merlier imp\u00e9rial au sprint sur la 2e \u00e9tape du Tour de Grande-Bretagne 2026"},"content":{"rendered":"<p style=\"text-align: justify;\"><strong><em>TOUR DE GRANDE-BRETAGNE 2026 &#8211; Tim Merlier (Soudal Quick-Step) a remport\u00e9 ais\u00e9ment au sprint la deuxi\u00e8me \u00e9tape \u00e0 Skegness.\u00a0<\/em><\/strong><\/p>\n<ul style=\"text-align: justify;\">\n<li style=\"text-align: justify;\"><strong>\u00c0 ce sujet &#8211; <a href=\"https:\/\/dicodusport.fr\/blog\/le-parcours-detaille-et-les-favoris-du-tour-de-grande-bretagne-2026\/\">Le parcours d\u00e9taill\u00e9 et les favoris du Tour de Grande-Bretagne 2026<\/a><\/strong><\/li>\n<\/ul>\n<p style=\"text-align: justify;\">Au lendemain de la prise de pouvoir de Lewis Askey \u00e0 <strong>Lincoln,\u00a0<\/strong>la deuxi\u00e8me \u00e9tape a propos\u00e9 un itin\u00e9raire presque plat entre Boston et Skegness. Cependant, les longues portions \u00e0 d\u00e9couvert \u00e9taient propices au vent et aux bordures.<\/p>\n<ul style=\"text-align: justify;\">\n<li><strong>\u00c0 lire aussi &#8211; <a href=\"https:\/\/dicodusport.fr\/blog\/le-classement-et-les-resultats-de-la-2e-etape-du-tour-de-grande-bretagne-2026-remportee-par-tim-merlier\/\">Le classement et les r\u00e9sultats de la 2\u00e8me \u00e9tape du Tour de Grande-Bretagne<\/a><\/strong><\/li>\n<\/ul>\n<p style=\"text-align: justify;\">D&rsquo;abord, ils \u00e9taient quatre \u00e0 animer les deux premiers de la course : <strong>Lucas B\u00e9n\u00e9teau<\/strong> (St Michel &#8211; Preference Home &#8211; Auber93), le champion de Finlande <strong>Axel K\u00e4llberg<\/strong> (Lucky Sport Cycling Team), <strong>J\u00e1nos Pelik\u00e1n<\/strong> (Team United Shipping) et <strong>Jonah Killy<\/strong> (Tarteletto &#8211; Isorex). L&rsquo;\u00e9cart est mont\u00e9 \u00e0 plus de deux minutes au maximum, alors <strong>J\u00e1nos Pelik\u00e1n<\/strong> est pass\u00e9 en t\u00eate des deux ascensions du jour.<\/p>\n<h2 style=\"text-align: justify;\">Intouchable Tim Merlier<\/h2>\n<p style=\"text-align: justify;\">Puis, le quatuor de t\u00eate a vu revenir \u00e0 grande vitesse le peloton, \u00e0 moins de 60 kilom\u00e8tres de l&rsquo;arriv\u00e9e. En effet, des bordures se sont produites au sein du peloton tandis que le deuxi\u00e8me du classement g\u00e9n\u00e9ral, <strong>Filippo Ganna\u00a0<\/strong>(Netcompany INEOS) a \u00e9t\u00e9 victime d&rsquo;un ennui m\u00e9canique. Malgr\u00e9 le soutien de ses \u00e9quipiers, le rouleur italien n\u2019est jamais revenu sur le premier groupe, compos\u00e9 d\u2019une trentaine de coureurs avec tous ses rivaux au classement g\u00e9n\u00e9ral. Au final, <strong>Ganna\u00a0<\/strong>a perdu d\u2019une minute 40.<\/p>\n<p style=\"text-align: justify;\">Lors du second sprint de bonifications, <strong>Matteo Trentin\u00a0<\/strong>(Tudor Pro Cycling) a pris trois secondes devant\u00a0<strong>Jasper Stuyven\u00a0<\/strong>(Soudal Quick-Step) et\u00a0<strong>Lewis Askey\u00a0<\/strong>(NSN Cycling Team). Avec cette seconde de bonification, le vainqueur de la premi\u00e8re \u00e9tape a accentu\u00e9 l\u00e9g\u00e8rement son avance sur son dauphin\u00a0<strong>Tim Wellens\u00a0<\/strong>(UAE Team Emirates XRG) qui avait 12 secondes de retard sur le puncheur britannique.<\/p>\n<ul style=\"text-align: justify;\">\n<li><strong>\u00c0 ce sujet \u2013\u00a0<a href=\"https:\/\/dicodusport.fr\/blog\/a-quelle-heure-et-sur-quelle-chaine-tv-regarder-le-tour-de-grande-bretagne-2026-en-direct\/\">\u00c0 quelle heure et sur quelle cha\u00eene TV regarder le Tour de Grande-Bretagne 2026 en direct ?<\/a><\/strong><\/li>\n<\/ul>\n<p style=\"text-align: justify;\">Par la suite,\u00a0<strong>Florian Vermeersch\u00a0<\/strong>(UAE Team Emirates XRG) a anim\u00e9 le final en sortant seul, mais il a \u00e9t\u00e9 repris par un premier groupe emmen\u00e9 par les \u00e9quipes Decathlon CMA CGM et Soudal Quick-Step.<\/p>\n<blockquote class=\"twitter-tweet\">\n<p dir=\"ltr\" lang=\"fr\">Tim Merlier sans concurrence !<\/p>\n<p>Le Belge s&rsquo;impose largement au sprint sur la deuxi\u00e8me \u00e9tape du Tour de Grande-Bretagne, devant Olav Kooij et Sam Bennett ! <a href=\"https:\/\/x.com\/hashtag\/lequipeVELO?src=hash&amp;ref_src=twsrc%5Etfw\">#lequipeVELO<\/a> <a href=\"https:\/\/t.co\/2h8PQJ22zW\">pic.twitter.com\/2h8PQJ22zW<\/a><\/p>\n<p>\u2014 la chaine L&rsquo;\u00c9quipe (@lachainelequipe) <a href=\"https:\/\/x.com\/lachainelequipe\/status\/2095506390223569152?ref_src=twsrc%5Etfw\">September 3, 2026<\/a><\/p><\/blockquote>\n<p style=\"text-align: justify;\"><script async src=\"https:\/\/platform.x.com\/widgets.js\" charset=\"utf-8\"><\/script><\/p>\n<p style=\"text-align: justify;\">Finalement,\u00a0<strong>Tim Merlier\u00a0<\/strong>(Soudal Quick-Step) a parfaitement termin\u00e9 le travail de ses \u00e9quipiers en dominant le sprint final en lan\u00e7ant son sprint \u00e0 250 m\u00e8tres de la ligne d&rsquo;arriv\u00e9e, le long des barri\u00e8res, afin de signer son dixi\u00e8me succ\u00e8s de la saison.\u00a0<strong>Olav Kooij\u00a0<\/strong>(Decathlon CMA CGM) a fini largement derri\u00e8re \u00e0 la deuxi\u00e8me place devant\u00a0<strong>Sam Bennett\u00a0<\/strong>(Pinarello-Q36.5 Pro Cycling).<\/p>\n<ul style=\"text-align: justify;\">\n<li><strong>\u00c0 lire aussi &#8211; <a href=\"https:\/\/dicodusport.fr\/blog\/le-classement-general-du-tour-de-grande-bretagne-2026-mis-a-jour\/\">Le classement g\u00e9n\u00e9ral du Tour de Grande-Bretagne<\/a><\/strong><\/li>\n<\/ul>\n<div id=\"gtx-trans\" style=\"position: absolute; left: -14px; top: 40.9091px;\">\n<div class=\"gtx-trans-icon\" style=\"text-align: justify;\"><\/div>\n<\/div>\n","protected":false},"excerpt":{"rendered":"<p>TOUR DE GRANDE-BRETAGNE 2026 &#8211; Tim Merlier (Soudal Quick-Step) a remport\u00e9 ais\u00e9ment au sprint la deuxi\u00e8me \u00e9tape \u00e0 Skegness.\u00a0<\/p>\n","protected":false},"author":48,"featured_media":701312,"comment_status":"open","ping_status":"closed","sticky":false,"template":"","format":"standard","meta":{"_acf_changed":false,"_daextam_enable_autolinks":"1","footnotes":"","_members_access_role":[],"_members_access_error":""},"categories":[46994],"tags":[32415,16878,574,11197,5909],"class_list":["post-701272","post","type-post","status-publish","format-standard","has-post-thumbnail","hentry","category-cyclisme-sur-route","tag-actu","tag-breve","tag-cyclisme","tag-cyclisme-sur-route","tag-tour-de-grande-bretagne"],"acf":[],"yoast_head":"<!-- This site is optimized with the Yoast SEO Premium plugin v28.3 (Yoast SEO v28.3) - https:\/\/yoast.com\/product\/yoast-seo-premium-wordpress\/ -->\n<title>Tim Merlier imp\u00e9rial au sprint sur la 2e \u00e9tape du Tour de Grande-Bretagne 2026<\/title>\n<meta name=\"description\" content=\"TOUR DE GRANDE-BRETAGNE 2026 - Tim Merlier (Soudal Quick-Step) a remport\u00e9 ais\u00e9ment au sprint la deuxi\u00e8me \u00e9tape \u00e0 Skegness.\u00a0\" \/>\n<meta name=\"robots\" content=\"index, follow, max-snippet:-1, max-image-preview:large, max-video-preview:-1\" \/>\n<link rel=\"canonical\" href=\"https:\/\/dicodusport.fr\/blog\/tim-merlier-imperial-au-sprint-sur-la-2e-etape-du-tour-de-grande-bretagne-2026\/\" \/>\n<meta property=\"og:locale\" content=\"fr_FR\" \/>\n<meta property=\"og:type\" content=\"article\" \/>\n<meta property=\"og:title\" content=\"Tim Merlier imp\u00e9rial au sprint sur la 2e \u00e9tape du Tour de Grande-Bretagne 2026\" \/>\n<meta property=\"og:description\" content=\"TOUR DE GRANDE-BRETAGNE 2026 - Tim Merlier (Soudal Quick-Step) a remport\u00e9 ais\u00e9ment au sprint la deuxi\u00e8me \u00e9tape \u00e0 Skegness.\u00a0\" \/>\n<meta property=\"og:url\" content=\"https:\/\/dicodusport.fr\/blog\/tim-merlier-imperial-au-sprint-sur-la-2e-etape-du-tour-de-grande-bretagne-2026\/\" \/>\n<meta property=\"og:site_name\" content=\"Dicodusport\" \/>\n<meta property=\"article:publisher\" content=\"https:\/\/www.facebook.com\/dicodusport\" \/>\n<meta property=\"article:author\" content=\"https:\/\/www.facebook.com\/groups\/LesRoisDuPeloton\" \/>\n<meta property=\"article:published_time\" content=\"2026-09-03T13:39:06+00:00\" \/>\n<meta property=\"article:modified_time\" content=\"2026-09-03T14:09:24+00:00\" \/>\n<meta property=\"og:image\" content=\"https:\/\/dicodusport.fr\/blog\/wp-content\/uploads\/2026\/09\/Tim-Merlier-imperial-au-sprint-sur-la-2e-etape-du-Tour-de-Grande-Bretagne-2026-1.png\" \/>\n\t<meta property=\"og:image:width\" content=\"1200\" \/>\n\t<meta property=\"og:image:height\" content=\"674\" \/>\n\t<meta property=\"og:image:type\" content=\"image\/png\" \/>\n<meta name=\"author\" content=\"Emilien Descampiaux\" \/>\n<meta name=\"twitter:card\" content=\"summary_large_image\" \/>\n<meta name=\"twitter:title\" content=\"Tim Merlier imp\u00e9rial au sprint sur la 2e \u00e9tape du Tour de Grande-Bretagne 2026\" \/>\n<meta name=\"twitter:creator\" content=\"@https:\/\/twitter.com\/LRoisDuPeloton\" \/>\n<meta name=\"twitter:site\" content=\"@dicodusport\" \/>\n<script type=\"application\/ld+json\" class=\"yoast-schema-graph\">{\"@context\":\"https:\\\/\\\/schema.org\",\"@graph\":[{\"@type\":\"NewsArticle\",\"@id\":\"https:\\\/\\\/dicodusport.fr\\\/blog\\\/tim-merlier-imperial-au-sprint-sur-la-2e-etape-du-tour-de-grande-bretagne-2026\\\/#article\",\"isPartOf\":{\"@id\":\"https:\\\/\\\/dicodusport.fr\\\/blog\\\/tim-merlier-imperial-au-sprint-sur-la-2e-etape-du-tour-de-grande-bretagne-2026\\\/\"},\"author\":{\"name\":\"Emilien Descampiaux\",\"@id\":\"https:\\\/\\\/dicodusport.fr\\\/blog\\\/#\\\/schema\\\/person\\\/6db4bae06b171592211be385b32876a7\"},\"headline\":\"Tim Merlier imp\u00e9rial au sprint sur la 2e \u00e9tape du Tour de Grande-Bretagne 2026\",\"datePublished\":\"2026-09-03T13:39:06+00:00\",\"dateModified\":\"2026-09-03T14:09:24+00:00\",\"mainEntityOfPage\":{\"@id\":\"https:\\\/\\\/dicodusport.fr\\\/blog\\\/tim-merlier-imperial-au-sprint-sur-la-2e-etape-du-tour-de-grande-bretagne-2026\\\/\"},\"wordCount\":505,\"commentCount\":0,\"publisher\":{\"@id\":\"https:\\\/\\\/dicodusport.fr\\\/blog\\\/#organization\"},\"image\":{\"@id\":\"https:\\\/\\\/dicodusport.fr\\\/blog\\\/tim-merlier-imperial-au-sprint-sur-la-2e-etape-du-tour-de-grande-bretagne-2026\\\/#primaryimage\"},\"thumbnailUrl\":\"https:\\\/\\\/dicodusport.fr\\\/blog\\\/wp-content\\\/uploads\\\/2026\\\/09\\\/Tim-Merlier-imperial-au-sprint-sur-la-2e-etape-du-Tour-de-Grande-Bretagne-2026-1.png\",\"keywords\":[\"actu\",\"br\u00e8ve\",\"Cyclisme\",\"Cyclisme sur route\",\"Tour de Grande-Bretagne\"],\"articleSection\":[\"Cyclisme sur route\"],\"inLanguage\":\"fr-FR\",\"potentialAction\":[{\"@type\":\"CommentAction\",\"name\":\"Comment\",\"target\":[\"https:\\\/\\\/dicodusport.fr\\\/blog\\\/tim-merlier-imperial-au-sprint-sur-la-2e-etape-du-tour-de-grande-bretagne-2026\\\/#respond\"]}],\"copyrightYear\":\"2026\",\"copyrightHolder\":{\"@id\":\"https:\\\/\\\/dicodusport.fr\\\/blog\\\/#organization\"}},{\"@type\":\"WebPage\",\"@id\":\"https:\\\/\\\/dicodusport.fr\\\/blog\\\/tim-merlier-imperial-au-sprint-sur-la-2e-etape-du-tour-de-grande-bretagne-2026\\\/\",\"url\":\"https:\\\/\\\/dicodusport.fr\\\/blog\\\/tim-merlier-imperial-au-sprint-sur-la-2e-etape-du-tour-de-grande-bretagne-2026\\\/\",\"name\":\"Tim Merlier imp\u00e9rial au sprint sur la 2e \u00e9tape du Tour de Grande-Bretagne 2026\",\"isPartOf\":{\"@id\":\"https:\\\/\\\/dicodusport.fr\\\/blog\\\/#website\"},\"primaryImageOfPage\":{\"@id\":\"https:\\\/\\\/dicodusport.fr\\\/blog\\\/tim-merlier-imperial-au-sprint-sur-la-2e-etape-du-tour-de-grande-bretagne-2026\\\/#primaryimage\"},\"image\":{\"@id\":\"https:\\\/\\\/dicodusport.fr\\\/blog\\\/tim-merlier-imperial-au-sprint-sur-la-2e-etape-du-tour-de-grande-bretagne-2026\\\/#primaryimage\"},\"thumbnailUrl\":\"https:\\\/\\\/dicodusport.fr\\\/blog\\\/wp-content\\\/uploads\\\/2026\\\/09\\\/Tim-Merlier-imperial-au-sprint-sur-la-2e-etape-du-Tour-de-Grande-Bretagne-2026-1.png\",\"datePublished\":\"2026-09-03T13:39:06+00:00\",\"dateModified\":\"2026-09-03T14:09:24+00:00\",\"description\":\"TOUR DE GRANDE-BRETAGNE 2026 - Tim Merlier (Soudal Quick-Step) a remport\u00e9 ais\u00e9ment au sprint la deuxi\u00e8me \u00e9tape \u00e0 Skegness.\u00a0\",\"breadcrumb\":{\"@id\":\"https:\\\/\\\/dicodusport.fr\\\/blog\\\/tim-merlier-imperial-au-sprint-sur-la-2e-etape-du-tour-de-grande-bretagne-2026\\\/#breadcrumb\"},\"inLanguage\":\"fr-FR\",\"potentialAction\":[{\"@type\":\"ReadAction\",\"target\":[\"https:\\\/\\\/dicodusport.fr\\\/blog\\\/tim-merlier-imperial-au-sprint-sur-la-2e-etape-du-tour-de-grande-bretagne-2026\\\/\"]}]},{\"@type\":\"ImageObject\",\"inLanguage\":\"fr-FR\",\"@id\":\"https:\\\/\\\/dicodusport.fr\\\/blog\\\/tim-merlier-imperial-au-sprint-sur-la-2e-etape-du-tour-de-grande-bretagne-2026\\\/#primaryimage\",\"url\":\"https:\\\/\\\/dicodusport.fr\\\/blog\\\/wp-content\\\/uploads\\\/2026\\\/09\\\/Tim-Merlier-imperial-au-sprint-sur-la-2e-etape-du-Tour-de-Grande-Bretagne-2026-1.png\",\"contentUrl\":\"https:\\\/\\\/dicodusport.fr\\\/blog\\\/wp-content\\\/uploads\\\/2026\\\/09\\\/Tim-Merlier-imperial-au-sprint-sur-la-2e-etape-du-Tour-de-Grande-Bretagne-2026-1.png\",\"width\":1200,\"height\":674,\"caption\":\"Tim Merlier imp\u00e9rial au sprint sur la 2e \u00e9tape du Tour de Grande-Bretagne 2026\"},{\"@type\":\"BreadcrumbList\",\"@id\":\"https:\\\/\\\/dicodusport.fr\\\/blog\\\/tim-merlier-imperial-au-sprint-sur-la-2e-etape-du-tour-de-grande-bretagne-2026\\\/#breadcrumb\",\"itemListElement\":[{\"@type\":\"ListItem\",\"position\":1,\"name\":\"Accueil\",\"item\":\"https:\\\/\\\/dicodusport.fr\\\/blog\\\/\"},{\"@type\":\"ListItem\",\"position\":2,\"name\":\"Tim Merlier imp\u00e9rial au sprint sur la 2e \u00e9tape du Tour de Grande-Bretagne 2026\"}]},{\"@type\":\"WebSite\",\"@id\":\"https:\\\/\\\/dicodusport.fr\\\/blog\\\/#website\",\"url\":\"https:\\\/\\\/dicodusport.fr\\\/blog\\\/\",\"name\":\"Dicodusport\",\"description\":\"L&#039;encyclop\u00e9die de l&#039;actualit\u00e9 sportive\",\"publisher\":{\"@id\":\"https:\\\/\\\/dicodusport.fr\\\/blog\\\/#organization\"},\"potentialAction\":[{\"@type\":\"SearchAction\",\"target\":{\"@type\":\"EntryPoint\",\"urlTemplate\":\"https:\\\/\\\/dicodusport.fr\\\/blog\\\/?s={search_term_string}\"},\"query-input\":{\"@type\":\"PropertyValueSpecification\",\"valueRequired\":true,\"valueName\":\"search_term_string\"}}],\"inLanguage\":\"fr-FR\"},{\"@type\":\"NewsMediaOrganization\",\"@id\":\"https:\\\/\\\/dicodusport.fr\\\/blog\\\/#organization\",\"name\":\"Dicodusport\",\"url\":\"https:\\\/\\\/dicodusport.fr\\\/blog\\\/\",\"logo\":{\"@type\":\"ImageObject\",\"inLanguage\":\"fr-FR\",\"@id\":\"https:\\\/\\\/dicodusport.fr\\\/blog\\\/#\\\/schema\\\/logo\\\/image\\\/\",\"url\":\"https:\\\/\\\/dicodusport.fr\\\/blog\\\/wp-content\\\/uploads\\\/2020\\\/06\\\/cropped-LOGO-DICODUSPORT-2020-SANS-FOND-SANS-TEXTE.png\",\"contentUrl\":\"https:\\\/\\\/dicodusport.fr\\\/blog\\\/wp-content\\\/uploads\\\/2020\\\/06\\\/cropped-LOGO-DICODUSPORT-2020-SANS-FOND-SANS-TEXTE.png\",\"width\":512,\"height\":512,\"caption\":\"Dicodusport\"},\"image\":{\"@id\":\"https:\\\/\\\/dicodusport.fr\\\/blog\\\/#\\\/schema\\\/logo\\\/image\\\/\"},\"sameAs\":[\"https:\\\/\\\/www.facebook.com\\\/dicodusport\",\"https:\\\/\\\/x.com\\\/dicodusport\",\"https:\\\/\\\/www.instagram.com\\\/dicodusport\\\/\",\"https:\\\/\\\/www.youtube.com\\\/channel\\\/UC7V2KZ5sd3htJivAbA4ZG3w\"],\"description\":\"Dicodusport est l'encyclop\u00e9die de l'actualit\u00e9 sportive.\",\"email\":\"bonjour@dicodusport.fr\",\"legalName\":\"DICODUSPORT\",\"foundingDate\":\"2018-01-14\",\"vatID\":\"FR71834470973\",\"taxID\":\"83447097300043\",\"numberOfEmployees\":{\"@type\":\"QuantitativeValue\",\"minValue\":\"1\",\"maxValue\":\"10\"}},{\"@type\":\"Person\",\"@id\":\"https:\\\/\\\/dicodusport.fr\\\/blog\\\/#\\\/schema\\\/person\\\/6db4bae06b171592211be385b32876a7\",\"name\":\"Emilien Descampiaux\",\"image\":{\"@type\":\"ImageObject\",\"inLanguage\":\"fr-FR\",\"@id\":\"https:\\\/\\\/dicodusport.fr\\\/blog\\\/wp-content\\\/uploads\\\/2021\\\/05\\\/Emilien-Descampiaux-150x150.jpg\",\"url\":\"https:\\\/\\\/dicodusport.fr\\\/blog\\\/wp-content\\\/uploads\\\/2021\\\/05\\\/Emilien-Descampiaux-150x150.jpg\",\"contentUrl\":\"https:\\\/\\\/dicodusport.fr\\\/blog\\\/wp-content\\\/uploads\\\/2021\\\/05\\\/Emilien-Descampiaux-150x150.jpg\",\"caption\":\"Emilien Descampiaux\"},\"description\":\"Journaliste\\\/r\u00e9dacteur depuis 2014 - Fan de la classe de Frank Vandenbroucke, je vis cyclisme (et de ses paysages) depuis plus de 20 ans. Je suis tr\u00e8s impliqu\u00e9 sur mes diff\u00e9rents r\u00e9seaux sociaux pour partager ma passion sur le monde et l'Histoire de la bicyclette avec ma voix sur les images en noir et blanc du succ\u00e8s de Rik Van Steenbergen lors du Ronde sur le V\u00e9lodrome de Gand.\",\"sameAs\":[\"https:\\\/\\\/www.facebook.com\\\/groups\\\/LesRoisDuPeloton\",\"https:\\\/\\\/x.com\\\/https:\\\/\\\/twitter.com\\\/LRoisDuPeloton\"],\"url\":\"https:\\\/\\\/dicodusport.fr\\\/blog\\\/author\\\/emiliend\\\/\"}]}<\/script>\n<!-- \/ Yoast SEO Premium plugin. -->","yoast_head_json":{"title":"Tim Merlier imp\u00e9rial au sprint sur la 2e \u00e9tape du Tour de Grande-Bretagne 2026","description":"TOUR DE GRANDE-BRETAGNE 2026 - Tim Merlier (Soudal Quick-Step) a remport\u00e9 ais\u00e9ment au sprint la deuxi\u00e8me \u00e9tape \u00e0 Skegness.\u00a0","robots":{"index":"index","follow":"follow","max-snippet":"max-snippet:-1","max-image-preview":"max-image-preview:large","max-video-preview":"max-video-preview:-1"},"canonical":"https:\/\/dicodusport.fr\/blog\/tim-merlier-imperial-au-sprint-sur-la-2e-etape-du-tour-de-grande-bretagne-2026\/","og_locale":"fr_FR","og_type":"article","og_title":"Tim Merlier imp\u00e9rial au sprint sur la 2e \u00e9tape du Tour de Grande-Bretagne 2026","og_description":"TOUR DE GRANDE-BRETAGNE 2026 - Tim Merlier (Soudal Quick-Step) a remport\u00e9 ais\u00e9ment au sprint la deuxi\u00e8me \u00e9tape \u00e0 Skegness.\u00a0","og_url":"https:\/\/dicodusport.fr\/blog\/tim-merlier-imperial-au-sprint-sur-la-2e-etape-du-tour-de-grande-bretagne-2026\/","og_site_name":"Dicodusport","article_publisher":"https:\/\/www.facebook.com\/dicodusport","article_author":"https:\/\/www.facebook.com\/groups\/LesRoisDuPeloton","article_published_time":"2026-09-03T13:39:06+00:00","article_modified_time":"2026-09-03T14:09:24+00:00","og_image":[{"width":1200,"height":674,"url":"https:\/\/dicodusport.fr\/blog\/wp-content\/uploads\/2026\/09\/Tim-Merlier-imperial-au-sprint-sur-la-2e-etape-du-Tour-de-Grande-Bretagne-2026-1.png","type":"image\/png"}],"author":"Emilien Descampiaux","twitter_card":"summary_large_image","twitter_title":"Tim Merlier imp\u00e9rial au sprint sur la 2e \u00e9tape du Tour de Grande-Bretagne 2026","twitter_creator":"@https:\/\/twitter.com\/LRoisDuPeloton","twitter_site":"@dicodusport","schema":{"@context":"https:\/\/schema.org","@graph":[{"@type":"NewsArticle","@id":"https:\/\/dicodusport.fr\/blog\/tim-merlier-imperial-au-sprint-sur-la-2e-etape-du-tour-de-grande-bretagne-2026\/#article","isPartOf":{"@id":"https:\/\/dicodusport.fr\/blog\/tim-merlier-imperial-au-sprint-sur-la-2e-etape-du-tour-de-grande-bretagne-2026\/"},"author":{"name":"Emilien Descampiaux","@id":"https:\/\/dicodusport.fr\/blog\/#\/schema\/person\/6db4bae06b171592211be385b32876a7"},"headline":"Tim Merlier imp\u00e9rial au sprint sur la 2e \u00e9tape du Tour de Grande-Bretagne 2026","datePublished":"2026-09-03T13:39:06+00:00","dateModified":"2026-09-03T14:09:24+00:00","mainEntityOfPage":{"@id":"https:\/\/dicodusport.fr\/blog\/tim-merlier-imperial-au-sprint-sur-la-2e-etape-du-tour-de-grande-bretagne-2026\/"},"wordCount":505,"commentCount":0,"publisher":{"@id":"https:\/\/dicodusport.fr\/blog\/#organization"},"image":{"@id":"https:\/\/dicodusport.fr\/blog\/tim-merlier-imperial-au-sprint-sur-la-2e-etape-du-tour-de-grande-bretagne-2026\/#primaryimage"},"thumbnailUrl":"https:\/\/dicodusport.fr\/blog\/wp-content\/uploads\/2026\/09\/Tim-Merlier-imperial-au-sprint-sur-la-2e-etape-du-Tour-de-Grande-Bretagne-2026-1.png","keywords":["actu","br\u00e8ve","Cyclisme","Cyclisme sur route","Tour de Grande-Bretagne"],"articleSection":["Cyclisme sur route"],"inLanguage":"fr-FR","potentialAction":[{"@type":"CommentAction","name":"Comment","target":["https:\/\/dicodusport.fr\/blog\/tim-merlier-imperial-au-sprint-sur-la-2e-etape-du-tour-de-grande-bretagne-2026\/#respond"]}],"copyrightYear":"2026","copyrightHolder":{"@id":"https:\/\/dicodusport.fr\/blog\/#organization"}},{"@type":"WebPage","@id":"https:\/\/dicodusport.fr\/blog\/tim-merlier-imperial-au-sprint-sur-la-2e-etape-du-tour-de-grande-bretagne-2026\/","url":"https:\/\/dicodusport.fr\/blog\/tim-merlier-imperial-au-sprint-sur-la-2e-etape-du-tour-de-grande-bretagne-2026\/","name":"Tim Merlier imp\u00e9rial au sprint sur la 2e \u00e9tape du Tour de Grande-Bretagne 2026","isPartOf":{"@id":"https:\/\/dicodusport.fr\/blog\/#website"},"primaryImageOfPage":{"@id":"https:\/\/dicodusport.fr\/blog\/tim-merlier-imperial-au-sprint-sur-la-2e-etape-du-tour-de-grande-bretagne-2026\/#primaryimage"},"image":{"@id":"https:\/\/dicodusport.fr\/blog\/tim-merlier-imperial-au-sprint-sur-la-2e-etape-du-tour-de-grande-bretagne-2026\/#primaryimage"},"thumbnailUrl":"https:\/\/dicodusport.fr\/blog\/wp-content\/uploads\/2026\/09\/Tim-Merlier-imperial-au-sprint-sur-la-2e-etape-du-Tour-de-Grande-Bretagne-2026-1.png","datePublished":"2026-09-03T13:39:06+00:00","dateModified":"2026-09-03T14:09:24+00:00","description":"TOUR DE GRANDE-BRETAGNE 2026 - Tim Merlier (Soudal Quick-Step) a remport\u00e9 ais\u00e9ment au sprint la deuxi\u00e8me \u00e9tape \u00e0 Skegness.\u00a0","breadcrumb":{"@id":"https:\/\/dicodusport.fr\/blog\/tim-merlier-imperial-au-sprint-sur-la-2e-etape-du-tour-de-grande-bretagne-2026\/#breadcrumb"},"inLanguage":"fr-FR","potentialAction":[{"@type":"ReadAction","target":["https:\/\/dicodusport.fr\/blog\/tim-merlier-imperial-au-sprint-sur-la-2e-etape-du-tour-de-grande-bretagne-2026\/"]}]},{"@type":"ImageObject","inLanguage":"fr-FR","@id":"https:\/\/dicodusport.fr\/blog\/tim-merlier-imperial-au-sprint-sur-la-2e-etape-du-tour-de-grande-bretagne-2026\/#primaryimage","url":"https:\/\/dicodusport.fr\/blog\/wp-content\/uploads\/2026\/09\/Tim-Merlier-imperial-au-sprint-sur-la-2e-etape-du-Tour-de-Grande-Bretagne-2026-1.png","contentUrl":"https:\/\/dicodusport.fr\/blog\/wp-content\/uploads\/2026\/09\/Tim-Merlier-imperial-au-sprint-sur-la-2e-etape-du-Tour-de-Grande-Bretagne-2026-1.png","width":1200,"height":674,"caption":"Tim Merlier imp\u00e9rial au sprint sur la 2e \u00e9tape du Tour de Grande-Bretagne 2026"},{"@type":"BreadcrumbList","@id":"https:\/\/dicodusport.fr\/blog\/tim-merlier-imperial-au-sprint-sur-la-2e-etape-du-tour-de-grande-bretagne-2026\/#breadcrumb","itemListElement":[{"@type":"ListItem","position":1,"name":"Accueil","item":"https:\/\/dicodusport.fr\/blog\/"},{"@type":"ListItem","position":2,"name":"Tim Merlier imp\u00e9rial au sprint sur la 2e \u00e9tape du Tour de Grande-Bretagne 2026"}]},{"@type":"WebSite","@id":"https:\/\/dicodusport.fr\/blog\/#website","url":"https:\/\/dicodusport.fr\/blog\/","name":"Dicodusport","description":"L&#039;encyclop\u00e9die de l&#039;actualit\u00e9 sportive","publisher":{"@id":"https:\/\/dicodusport.fr\/blog\/#organization"},"potentialAction":[{"@type":"SearchAction","target":{"@type":"EntryPoint","urlTemplate":"https:\/\/dicodusport.fr\/blog\/?s={search_term_string}"},"query-input":{"@type":"PropertyValueSpecification","valueRequired":true,"valueName":"search_term_string"}}],"inLanguage":"fr-FR"},{"@type":"NewsMediaOrganization","@id":"https:\/\/dicodusport.fr\/blog\/#organization","name":"Dicodusport","url":"https:\/\/dicodusport.fr\/blog\/","logo":{"@type":"ImageObject","inLanguage":"fr-FR","@id":"https:\/\/dicodusport.fr\/blog\/#\/schema\/logo\/image\/","url":"https:\/\/dicodusport.fr\/blog\/wp-content\/uploads\/2020\/06\/cropped-LOGO-DICODUSPORT-2020-SANS-FOND-SANS-TEXTE.png","contentUrl":"https:\/\/dicodusport.fr\/blog\/wp-content\/uploads\/2020\/06\/cropped-LOGO-DICODUSPORT-2020-SANS-FOND-SANS-TEXTE.png","width":512,"height":512,"caption":"Dicodusport"},"image":{"@id":"https:\/\/dicodusport.fr\/blog\/#\/schema\/logo\/image\/"},"sameAs":["https:\/\/www.facebook.com\/dicodusport","https:\/\/x.com\/dicodusport","https:\/\/www.instagram.com\/dicodusport\/","https:\/\/www.youtube.com\/channel\/UC7V2KZ5sd3htJivAbA4ZG3w"],"description":"Dicodusport est l'encyclop\u00e9die de l'actualit\u00e9 sportive.","email":"bonjour@dicodusport.fr","legalName":"DICODUSPORT","foundingDate":"2018-01-14","vatID":"FR71834470973","taxID":"83447097300043","numberOfEmployees":{"@type":"QuantitativeValue","minValue":"1","maxValue":"10"}},{"@type":"Person","@id":"https:\/\/dicodusport.fr\/blog\/#\/schema\/person\/6db4bae06b171592211be385b32876a7","name":"Emilien Descampiaux","image":{"@type":"ImageObject","inLanguage":"fr-FR","@id":"https:\/\/dicodusport.fr\/blog\/wp-content\/uploads\/2021\/05\/Emilien-Descampiaux-150x150.jpg","url":"https:\/\/dicodusport.fr\/blog\/wp-content\/uploads\/2021\/05\/Emilien-Descampiaux-150x150.jpg","contentUrl":"https:\/\/dicodusport.fr\/blog\/wp-content\/uploads\/2021\/05\/Emilien-Descampiaux-150x150.jpg","caption":"Emilien Descampiaux"},"description":"Journaliste\/r\u00e9dacteur depuis 2014 - Fan de la classe de Frank Vandenbroucke, je vis cyclisme (et de ses paysages) depuis plus de 20 ans. Je suis tr\u00e8s impliqu\u00e9 sur mes diff\u00e9rents r\u00e9seaux sociaux pour partager ma passion sur le monde et l'Histoire de la bicyclette avec ma voix sur les images en noir et blanc du succ\u00e8s de Rik Van Steenbergen lors du Ronde sur le V\u00e9lodrome de Gand.","sameAs":["https:\/\/www.facebook.com\/groups\/LesRoisDuPeloton","https:\/\/x.com\/https:\/\/twitter.com\/LRoisDuPeloton"],"url":"https:\/\/dicodusport.fr\/blog\/author\/emiliend\/"}]}},"_links":{"self":[{"href":"https:\/\/dicodusport.fr\/blog\/wp-json\/wp\/v2\/posts\/701272","targetHints":{"allow":["GET"]}}],"collection":[{"href":"https:\/\/dicodusport.fr\/blog\/wp-json\/wp\/v2\/posts"}],"about":[{"href":"https:\/\/dicodusport.fr\/blog\/wp-json\/wp\/v2\/types\/post"}],"author":[{"embeddable":true,"href":"https:\/\/dicodusport.fr\/blog\/wp-json\/wp\/v2\/users\/48"}],"replies":[{"embeddable":true,"href":"https:\/\/dicodusport.fr\/blog\/wp-json\/wp\/v2\/comments?post=701272"}],"version-history":[{"count":5,"href":"https:\/\/dicodusport.fr\/blog\/wp-json\/wp\/v2\/posts\/701272\/revisions"}],"predecessor-version":[{"id":701313,"href":"https:\/\/dicodusport.fr\/blog\/wp-json\/wp\/v2\/posts\/701272\/revisions\/701313"}],"wp:featuredmedia":[{"embeddable":true,"href":"https:\/\/dicodusport.fr\/blog\/wp-json\/wp\/v2\/media\/701312"}],"wp:attachment":[{"href":"https:\/\/dicodusport.fr\/blog\/wp-json\/wp\/v2\/media?parent=701272"}],"wp:term":[{"taxonomy":"category","embeddable":true,"href":"https:\/\/dicodusport.fr\/blog\/wp-json\/wp\/v2\/categories?post=701272"},{"taxonomy":"post_tag","embeddable":true,"href":"https:\/\/dicodusport.fr\/blog\/wp-json\/wp\/v2\/tags?post=701272"}],"curies":[{"name":"wp","href":"https:\/\/api.w.org\/{rel}","templated":true}]}}